{"id":42412,"date":"2025-10-24T14:33:56","date_gmt":"2025-10-24T12:33:56","guid":{"rendered":"https:\/\/www.italpassion.fr\/?p=42412"},"modified":"2025-10-24T14:20:43","modified_gmt":"2025-10-24T12:20:43","slug":"coureurs-charles-leclerc-en-antonio-giovinazzi-testen-de-1050pk-ferrari-849-op-het-circuit-het-geluid-is-echt-cool","status":"publish","type":"post","link":"https:\/\/www.italpassion.fr\/nl\/ferrari\/les-pilotes-charles-leclerc-et-antonio-giovinazzi-testent-la-ferrari-849-de-1050-ch-sur-circuit-le-son-est-tres-cool\/","title":{"rendered":"Coureurs Charles Leclerc en Antonio Giovinazzi testen de 1050 pk Ferrari 849 op het circuit: \"Het geluid is erg gaaf"},"content":{"rendered":"<figure class=\"wp-block-image size-full\"><img loading=\"lazy\" decoding=\"async\" width=\"960\" height=\"640\" src=\"https:\/\/www.italpassion.fr\/wp-content\/uploads\/2025\/10\/charles-leclerc-849.jpg\" alt=\"\" class=\"wp-image-42467\" srcset=\"https:\/\/www.italpassion.fr\/wp-content\/uploads\/2025\/10\/charles-leclerc-849.jpg 960w, https:\/\/www.italpassion.fr\/wp-content\/uploads\/2025\/10\/charles-leclerc-849-420x280.jpg 420w, https:\/\/www.italpassion.fr\/wp-content\/uploads\/2025\/10\/charles-leclerc-849-768x512.jpg 768w, https:\/\/www.italpassion.fr\/wp-content\/uploads\/2025\/10\/charles-leclerc-849-18x12.jpg 18w\" sizes=\"auto, (max-width: 960px) 100vw, 960px\" \/><\/figure>\n\n\n\n<p>Tussen twee Grand Prix, <a href=\"https:\/\/www.italpassion.fr\/nl\/tag\/charles-leclerc\/\">Charles Leclerc<\/a> kon de roep van de V8-motor niet weerstaan. De Monegaskische bestuurder van de <a href=\"https:\/\/www.italpassion.fr\/nl\/tag\/scuderia-ferrari\/\">Scuderia Ferrari<\/a> keerde terug naar het priv\u00e9circuit van Fiorano om samen met Antonio Giovinazzi te testen,<a href=\"https:\/\/www.italpassion.fr\/nl\/ferrari\/ferrari-onthult-de-nieuwe-849-testarossa-met-een-1050-pk-sterke-v8-de-oorlog-met-lamborghini-is-verklaard\/\"> de nieuwe Ferrari 849 Testarossa<\/a>de hybride supercar met 1050 pk die de SF90 Stradale opvolgt.<\/p>\n\n\n\n<p>Gehuld in een camouflagekleuren die geheim werden gehouden tot de onthulling bijna 2 maanden geleden, liet de 849 Testarossa zijn twin-turbo motor brullen in een mix van adrenaline en regen! De twee coureurs zaten om beurten achter het stuur, vergezeld door Raffaele De Simone, die toezicht hield op de tests en cruciale feedback verzamelde voor de laatste ontwikkelingsstadia.<\/p>\n\n\n\n<figure class=\"wp-block-image size-full\"><img loading=\"lazy\" decoding=\"async\" width=\"960\" height=\"640\" src=\"https:\/\/www.italpassion.fr\/wp-content\/uploads\/2025\/10\/charles-leclerc-849-2.jpg\" alt=\"\" class=\"wp-image-42469\" srcset=\"https:\/\/www.italpassion.fr\/wp-content\/uploads\/2025\/10\/charles-leclerc-849-2.jpg 960w, https:\/\/www.italpassion.fr\/wp-content\/uploads\/2025\/10\/charles-leclerc-849-2-420x280.jpg 420w, https:\/\/www.italpassion.fr\/wp-content\/uploads\/2025\/10\/charles-leclerc-849-2-768x512.jpg 768w, https:\/\/www.italpassion.fr\/wp-content\/uploads\/2025\/10\/charles-leclerc-849-2-18x12.jpg 18w\" sizes=\"auto, (max-width: 960px) 100vw, 960px\" \/><\/figure>\n\n\n\n<h2 class=\"wp-block-heading\">De terugkeer van een legendarische naam<\/h2>\n\n\n\n<p>De 849 Testarossa, die begin september werd onthuld, laat een legendarische naam herleven, deze keer geassocieerd met een oplaadbare hybrideauto die samen 1.050 pk produceert. Het hart van het beest is een volledig herwerkte 830 pk sterke twin-turbo V8, ondersteund door drie elektromotoren voor een gecombineerd vermogen dat superieur is aan dat van de SF90 Stradale, en tot 415 kg aerodynamische ondersteuning bij 250 km\/u.<\/p>\n\n\n\n<p>De auto is ge\u00efnspireerd op raceprototypes uit de jaren 1970, zoals de 512 S en 512 M, en combineert retrodesign en technologie. Zijn silhouet, gedomineerd door een achtervleugel met dubbele staart, illustreert Maranello's zoektocht naar aerodynamische effici\u00ebntie en zijn nieuwe stilistische identiteit.<\/p>\n\n\n\n<h2 class=\"wp-block-heading\">Leclerc: \"Het gevoel met het gaspedaal is ongelooflijk\".<\/h2>\n\n\n\n<figure class=\"wp-block-image size-full\"><img loading=\"lazy\" decoding=\"async\" width=\"960\" height=\"640\" src=\"https:\/\/www.italpassion.fr\/wp-content\/uploads\/2025\/10\/charles-leclerc-849-1.jpg\" alt=\"\" class=\"wp-image-42466\" srcset=\"https:\/\/www.italpassion.fr\/wp-content\/uploads\/2025\/10\/charles-leclerc-849-1.jpg 960w, https:\/\/www.italpassion.fr\/wp-content\/uploads\/2025\/10\/charles-leclerc-849-1-420x280.jpg 420w, https:\/\/www.italpassion.fr\/wp-content\/uploads\/2025\/10\/charles-leclerc-849-1-768x512.jpg 768w, https:\/\/www.italpassion.fr\/wp-content\/uploads\/2025\/10\/charles-leclerc-849-1-18x12.jpg 18w\" sizes=\"auto, (max-width: 960px) 100vw, 960px\" \/><\/figure>\n\n\n\n<p>In wisselvallig weer ging Leclerc als eerste van start. Vanaf zijn eerste rondjes was hij enthousiast:<\/p>\n\n\n\n<blockquote class=\"wp-block-quote is-layout-flow wp-block-quote-is-layout-flow\"><svg aria-hidden=\"true\" focusable=\"false\" class=\"icon icon-quote\" width=\"48\" height=\"48\"><use xlink:href=\"#icon-quote\"><\/use><\/svg>\n<p>\"Ik vind het gevoel van de gashendel veel prettiger. Je kunt het vermogen altijd voelen, maar het verrast je nooit,\" vertrouwde hij me toe.<\/p>\n<\/blockquote>\n\n\n\n<p>Een zin die veel zegt over de technische evolutie van de auto: meer vermogen, maar met totale controle. De Simone heeft het bevestigd:<\/p>\n\n\n\n<blockquote class=\"wp-block-quote is-layout-flow wp-block-quote-is-layout-flow\"><svg aria-hidden=\"true\" focusable=\"false\" class=\"icon icon-quote\" width=\"48\" height=\"48\"><use xlink:href=\"#icon-quote\"><\/use><\/svg>\n<p>\"We zijn zes maanden bezig geweest met het herwerken van het koppel en de gasrespons. Het doel was om meer motorprestaties te krijgen met behoud van dezelfde reactietijd.\"<\/p>\n<\/blockquote>\n\n\n\n<h2 class=\"wp-block-heading\">Giovinazzi: \"1050 pk en toch echte stabiliteit\".<\/h2>\n\n\n\n<figure class=\"wp-block-image size-full\"><img loading=\"lazy\" decoding=\"async\" width=\"960\" height=\"640\" src=\"https:\/\/www.italpassion.fr\/wp-content\/uploads\/2025\/10\/giovinazzi-849-2.jpg\" alt=\"\" class=\"wp-image-42470\" srcset=\"https:\/\/www.italpassion.fr\/wp-content\/uploads\/2025\/10\/giovinazzi-849-2.jpg 960w, https:\/\/www.italpassion.fr\/wp-content\/uploads\/2025\/10\/giovinazzi-849-2-420x280.jpg 420w, https:\/\/www.italpassion.fr\/wp-content\/uploads\/2025\/10\/giovinazzi-849-2-768x512.jpg 768w, https:\/\/www.italpassion.fr\/wp-content\/uploads\/2025\/10\/giovinazzi-849-2-18x12.jpg 18w\" sizes=\"auto, (max-width: 960px) 100vw, 960px\" \/><\/figure>\n\n\n\n<p>Antonio Giovinazzi, winnaar van de 24 uur van Le Mans met Ferrari, gaf ook een positieve beoordeling:<\/p>\n\n\n\n<blockquote class=\"wp-block-quote is-layout-flow wp-block-quote-is-layout-flow\"><svg aria-hidden=\"true\" focusable=\"false\" class=\"icon icon-quote\" width=\"48\" height=\"48\"><use xlink:href=\"#icon-quote\"><\/use><\/svg>\n<p>\"De auto is erg stabiel, zelfs met al dat vermogen. Als je gas geeft, voel je het vermogen, maar je hebt nog steeds vertrouwen.<\/p>\n<\/blockquote>\n\n\n\n<p>Ondanks de wisselende omstandigheden, afwisselend verstikkende hitte en regen, toonde de 849 een voorbeeldig rijgedrag.<\/p>\n\n\n\n<h2 class=\"wp-block-heading\">Het geluid van een moderne Ferrari<\/h2>\n\n\n\n<figure class=\"wp-block-image size-full\"><img loading=\"lazy\" decoding=\"async\" width=\"960\" height=\"640\" src=\"https:\/\/www.italpassion.fr\/wp-content\/uploads\/2025\/10\/antonio-giovinazzi-849.jpg\" alt=\"\" class=\"wp-image-42468\" srcset=\"https:\/\/www.italpassion.fr\/wp-content\/uploads\/2025\/10\/antonio-giovinazzi-849.jpg 960w, https:\/\/www.italpassion.fr\/wp-content\/uploads\/2025\/10\/antonio-giovinazzi-849-420x280.jpg 420w, https:\/\/www.italpassion.fr\/wp-content\/uploads\/2025\/10\/antonio-giovinazzi-849-768x512.jpg 768w, https:\/\/www.italpassion.fr\/wp-content\/uploads\/2025\/10\/antonio-giovinazzi-849-18x12.jpg 18w\" sizes=\"auto, (max-width: 960px) 100vw, 960px\" \/><\/figure>\n\n\n\n<p>Hybride hypercars worden vaak bekritiseerd omdat ze te stil zouden zijn, maar de 849 Testarossa valt niet in die categorie. Zoals Antonio Giovinazzi het samenvatte met een glimlach:<\/p>\n\n\n\n<blockquote class=\"wp-block-quote is-layout-flow wp-block-quote-is-layout-flow\"><svg aria-hidden=\"true\" focusable=\"false\" class=\"icon icon-quote\" width=\"48\" height=\"48\"><use xlink:href=\"#icon-quote\"><\/use><\/svg>\n<p>\"Het geluid is erg gaaf.\"<\/p>\n<\/blockquote>\n\n\n\n<p>Een compliment dat puristen zal geruststellen: de Ferrari V8 behoudt zijn rauwe, metalige stem, een onafscheidelijke handtekening van het steigerende paard.<\/p>\n\n\n\n<h2 class=\"wp-block-heading\">Een nieuw tijdperk voor Ferrari's voor de weg<\/h2>\n\n\n\n<p>De Ferrari 849 Testarossa markeert een beslissende stap in de technologische transitie van het merk. Hij is krachtiger dan de SF90, bijna net zo radicaal als de F80 en belichaamt het perfecte compromis. En als twee coureurs van het merk, Charles Leclerc en Antonio Giovinazzi, opgetogen zijn, kun je van \u00e9\u00e9n ding zeker zijn: de opvolger van de SF90 is verzekerd.<\/p>\n\n\n\n<figure class=\"wp-block-embed is-type-video is-provider-youtube wp-block-embed-youtube wp-embed-aspect-16-9 wp-has-aspect-ratio\"><div class=\"wp-block-embed__wrapper\">\n<iframe loading=\"lazy\" title=\"Leclerc &amp; Giovinazzi maken hun eerste rit met de Ferrari 849 Testarossa\" width=\"1200\" height=\"675\" src=\"https:\/\/www.youtube-nocookie.com\/embed\/kwWZ66VdXQE?feature=oembed\" frameborder=\"0\" allow=\"accelerometer; autoplay; clipboard-write; encrypted-media; gyroscope; picture-in-picture; web-share\" referrerpolicy=\"strict-origin-when-cross-origin\" allowfullscreen><\/iframe>\n<\/div><\/figure>","protected":false},"excerpt":{"rendered":"","protected":false},"author":1,"featured_media":42467,"comment_status":"open","ping_status":"open","sticky":false,"template":"","format":"standard","meta":{"_acf_changed":false,"_sitemap_exclude":false,"_sitemap_priority":"","_sitemap_frequency":"","footnotes":""},"categories":[23],"tags":[608,346,567],"class_list":["post-42412","post","type-post","status-publish","format-standard","has-post-thumbnail","hentry","category-ferrari","tag-antonio-giovinazzi","tag-charles-leclerc","tag-ferrari-849-testarossa","generate-columns","tablet-grid-50","mobile-grid-100","grid-parent","grid-33"],"acf":[],"yoast_head":"<!-- This site is optimized with the Yoast SEO plugin v25.8 - https:\/\/yoast.com\/wordpress\/plugins\/seo\/ -->\n<title>Les pilotes Charles Leclerc et Antonio Giovinazzi testent la Ferrari 849 de 1050 ch sur circuit : &quot;le son est tr\u00e8s cool&quot; - ItalPassion<\/title>\n<meta name=\"description\" content=\"Entre deux Grands Prix, Charles Leclerc n\u2019a pas r\u00e9sist\u00e9 \u00e0 l\u2019appel du moteur V8. Le pilote mon\u00e9gasque de la Scuderia Ferrari a retrouv\u00e9 le circuit priv\u00e9 de\" \/>\n<meta name=\"robots\" content=\"index, follow, max-snippet:-1, max-image-preview:large, max-video-preview:-1\" \/>\n<link rel=\"canonical\" href=\"https:\/\/www.italpassion.fr\/nl\/ferrari\/coureurs-charles-leclerc-en-antonio-giovinazzi-testen-de-1050pk-ferrari-849-op-het-circuit-het-geluid-is-echt-cool\/\" \/>\n<meta property=\"og:locale\" content=\"nl_NL\" \/>\n<meta property=\"og:type\" content=\"article\" \/>\n<meta property=\"og:title\" content=\"Les pilotes Charles Leclerc et Antonio Giovinazzi testent la Ferrari 849 de 1050 ch sur circuit : &quot;le son est tr\u00e8s cool&quot; - ItalPassion\" \/>\n<meta property=\"og:description\" content=\"Entre deux Grands Prix, Charles Leclerc n\u2019a pas r\u00e9sist\u00e9 \u00e0 l\u2019appel du moteur V8. Le pilote mon\u00e9gasque de la Scuderia Ferrari a retrouv\u00e9 le circuit priv\u00e9 de\" \/>\n<meta property=\"og:url\" content=\"https:\/\/www.italpassion.fr\/nl\/ferrari\/coureurs-charles-leclerc-en-antonio-giovinazzi-testen-de-1050pk-ferrari-849-op-het-circuit-het-geluid-is-echt-cool\/\" \/>\n<meta property=\"og:site_name\" content=\"ItalPassion\" \/>\n<meta property=\"article:publisher\" content=\"https:\/\/www.facebook.com\/italpassion\" \/>\n<meta property=\"article:published_time\" content=\"2025-10-24T12:33:56+00:00\" \/>\n<meta property=\"og:image\" content=\"https:\/\/www.italpassion.fr\/wp-content\/uploads\/2025\/10\/charles-leclerc-849.jpg\" \/>\n\t<meta property=\"og:image:width\" content=\"960\" \/>\n\t<meta property=\"og:image:height\" content=\"640\" \/>\n\t<meta property=\"og:image:type\" content=\"image\/jpeg\" \/>\n<meta name=\"author\" content=\"Alexandre Filluzeau\" \/>\n<meta name=\"twitter:card\" content=\"summary_large_image\" \/>\n<meta name=\"twitter:creator\" content=\"@italpassion\" \/>\n<meta name=\"twitter:site\" content=\"@italpassion\" \/>\n<script type=\"application\/ld+json\" class=\"yoast-schema-graph\">{\"@context\":\"https:\/\/schema.org\",\"@graph\":[{\"@type\":\"NewsArticle\",\"@id\":\"https:\/\/www.italpassion.fr\/nl\/ferrari\/les-pilotes-charles-leclerc-et-antonio-giovinazzi-testent-la-ferrari-849-de-1050-ch-sur-circuit-le-son-est-tres-cool\/#article\",\"isPartOf\":{\"@id\":\"https:\/\/www.italpassion.fr\/nl\/ferrari\/les-pilotes-charles-leclerc-et-antonio-giovinazzi-testent-la-ferrari-849-de-1050-ch-sur-circuit-le-son-est-tres-cool\/\"},\"author\":{\"name\":\"Alexandre Filluzeau\",\"@id\":\"https:\/\/www.italpassion.fr\/nl\/#\/schema\/person\/36f747b2a759ca202d847e85a9434ca0\"},\"headline\":\"Les pilotes Charles Leclerc et Antonio Giovinazzi testent la Ferrari 849 de 1050 ch sur circuit : \u00ab\u00a0le son est tr\u00e8s cool\u00a0\u00bb\",\"datePublished\":\"2025-10-24T12:33:56+00:00\",\"mainEntityOfPage\":{\"@id\":\"https:\/\/www.italpassion.fr\/nl\/ferrari\/les-pilotes-charles-leclerc-et-antonio-giovinazzi-testent-la-ferrari-849-de-1050-ch-sur-circuit-le-son-est-tres-cool\/\"},\"wordCount\":600,\"commentCount\":0,\"publisher\":{\"@id\":\"https:\/\/www.italpassion.fr\/nl\/#organization\"},\"image\":{\"@id\":\"https:\/\/www.italpassion.fr\/nl\/ferrari\/les-pilotes-charles-leclerc-et-antonio-giovinazzi-testent-la-ferrari-849-de-1050-ch-sur-circuit-le-son-est-tres-cool\/#primaryimage\"},\"thumbnailUrl\":\"https:\/\/www.italpassion.fr\/wp-content\/uploads\/2025\/10\/charles-leclerc-849.jpg\",\"keywords\":[\"Antonio Giovinazzi\",\"Charles Leclerc\",\"Ferrari 849 Testarossa\"],\"articleSection\":[\"Ferrari\"],\"inLanguage\":\"nl-NL\",\"potentialAction\":[{\"@type\":\"CommentAction\",\"name\":\"Comment\",\"target\":[\"https:\/\/www.italpassion.fr\/nl\/ferrari\/les-pilotes-charles-leclerc-et-antonio-giovinazzi-testent-la-ferrari-849-de-1050-ch-sur-circuit-le-son-est-tres-cool\/#respond\"]}]},{\"@type\":\"WebPage\",\"@id\":\"https:\/\/www.italpassion.fr\/nl\/ferrari\/les-pilotes-charles-leclerc-et-antonio-giovinazzi-testent-la-ferrari-849-de-1050-ch-sur-circuit-le-son-est-tres-cool\/\",\"url\":\"https:\/\/www.italpassion.fr\/nl\/ferrari\/les-pilotes-charles-leclerc-et-antonio-giovinazzi-testent-la-ferrari-849-de-1050-ch-sur-circuit-le-son-est-tres-cool\/\",\"name\":\"Les pilotes Charles Leclerc et Antonio Giovinazzi testent la Ferrari 849 de 1050 ch sur circuit : \\\"le son est tr\u00e8s cool\\\" - ItalPassion\",\"isPartOf\":{\"@id\":\"https:\/\/www.italpassion.fr\/nl\/#website\"},\"primaryImageOfPage\":{\"@id\":\"https:\/\/www.italpassion.fr\/nl\/ferrari\/les-pilotes-charles-leclerc-et-antonio-giovinazzi-testent-la-ferrari-849-de-1050-ch-sur-circuit-le-son-est-tres-cool\/#primaryimage\"},\"image\":{\"@id\":\"https:\/\/www.italpassion.fr\/nl\/ferrari\/les-pilotes-charles-leclerc-et-antonio-giovinazzi-testent-la-ferrari-849-de-1050-ch-sur-circuit-le-son-est-tres-cool\/#primaryimage\"},\"thumbnailUrl\":\"https:\/\/www.italpassion.fr\/wp-content\/uploads\/2025\/10\/charles-leclerc-849.jpg\",\"datePublished\":\"2025-10-24T12:33:56+00:00\",\"description\":\"Entre deux Grands Prix, Charles Leclerc n\u2019a pas r\u00e9sist\u00e9 \u00e0 l\u2019appel du moteur V8. Le pilote mon\u00e9gasque de la Scuderia Ferrari a retrouv\u00e9 le circuit priv\u00e9 de\",\"breadcrumb\":{\"@id\":\"https:\/\/www.italpassion.fr\/nl\/ferrari\/les-pilotes-charles-leclerc-et-antonio-giovinazzi-testent-la-ferrari-849-de-1050-ch-sur-circuit-le-son-est-tres-cool\/#breadcrumb\"},\"inLanguage\":\"nl-NL\",\"potentialAction\":[{\"@type\":\"ReadAction\",\"target\":[\"https:\/\/www.italpassion.fr\/nl\/ferrari\/les-pilotes-charles-leclerc-et-antonio-giovinazzi-testent-la-ferrari-849-de-1050-ch-sur-circuit-le-son-est-tres-cool\/\"]}]},{\"@type\":\"ImageObject\",\"inLanguage\":\"nl-NL\",\"@id\":\"https:\/\/www.italpassion.fr\/nl\/ferrari\/les-pilotes-charles-leclerc-et-antonio-giovinazzi-testent-la-ferrari-849-de-1050-ch-sur-circuit-le-son-est-tres-cool\/#primaryimage\",\"url\":\"https:\/\/www.italpassion.fr\/wp-content\/uploads\/2025\/10\/charles-leclerc-849.jpg\",\"contentUrl\":\"https:\/\/www.italpassion.fr\/wp-content\/uploads\/2025\/10\/charles-leclerc-849.jpg\",\"width\":960,\"height\":640},{\"@type\":\"BreadcrumbList\",\"@id\":\"https:\/\/www.italpassion.fr\/nl\/ferrari\/les-pilotes-charles-leclerc-et-antonio-giovinazzi-testent-la-ferrari-849-de-1050-ch-sur-circuit-le-son-est-tres-cool\/#breadcrumb\",\"itemListElement\":[{\"@type\":\"ListItem\",\"position\":1,\"name\":\"Accueil\",\"item\":\"https:\/\/www.italpassion.fr\/nl\/\"},{\"@type\":\"ListItem\",\"position\":2,\"name\":\"Les pilotes Charles Leclerc et Antonio Giovinazzi testent la Ferrari 849 de 1050 ch sur circuit : \u00ab\u00a0le son est tr\u00e8s cool\u00a0\u00bb\"}]},{\"@type\":\"WebSite\",\"@id\":\"https:\/\/www.italpassion.fr\/nl\/#website\",\"url\":\"https:\/\/www.italpassion.fr\/nl\/\",\"name\":\"ItalPassion\",\"description\":\"Les Passionn\u00e9s d&#039;Automobiles Italiennes\",\"publisher\":{\"@id\":\"https:\/\/www.italpassion.fr\/nl\/#organization\"},\"potentialAction\":[{\"@type\":\"SearchAction\",\"target\":{\"@type\":\"EntryPoint\",\"urlTemplate\":\"https:\/\/www.italpassion.fr\/nl\/?s={search_term_string}\"},\"query-input\":{\"@type\":\"PropertyValueSpecification\",\"valueRequired\":true,\"valueName\":\"search_term_string\"}}],\"inLanguage\":\"nl-NL\"},{\"@type\":\"Organization\",\"@id\":\"https:\/\/www.italpassion.fr\/nl\/#organization\",\"name\":\"Italpassion\",\"url\":\"https:\/\/www.italpassion.fr\/nl\/\",\"logo\":{\"@type\":\"ImageObject\",\"inLanguage\":\"nl-NL\",\"@id\":\"https:\/\/www.italpassion.fr\/nl\/#\/schema\/logo\/image\/\",\"url\":\"https:\/\/www.italpassion.fr\/wp-content\/uploads\/2023\/07\/italpassion-yoast.jpg\",\"contentUrl\":\"https:\/\/www.italpassion.fr\/wp-content\/uploads\/2023\/07\/italpassion-yoast.jpg\",\"width\":696,\"height\":696,\"caption\":\"Italpassion\"},\"image\":{\"@id\":\"https:\/\/www.italpassion.fr\/nl\/#\/schema\/logo\/image\/\"},\"sameAs\":[\"https:\/\/www.facebook.com\/italpassion\",\"https:\/\/x.com\/italpassion\",\"https:\/\/www.instagram.com\/italpassionfr\/\",\"https:\/\/www.youtube.com\/channel\/UCleq-ByQaA42OjhopwevRjQ\",\"https:\/\/www.facebook.com\/italpassion.en\/\",\"https:\/\/www.facebook.com\/italpassion.it\/\",\"https:\/\/www.facebook.com\/italpassion.de\/\",\"https:\/\/www.facebook.com\/italpassion.ja\/\"]},{\"@type\":\"Person\",\"@id\":\"https:\/\/www.italpassion.fr\/nl\/#\/schema\/person\/36f747b2a759ca202d847e85a9434ca0\",\"name\":\"Alexandre Filluzeau\",\"image\":{\"@type\":\"ImageObject\",\"inLanguage\":\"nl-NL\",\"@id\":\"https:\/\/www.italpassion.fr\/nl\/#\/schema\/person\/image\/\",\"url\":\"https:\/\/www.italpassion.fr\/wp-content\/uploads\/2025\/04\/avatar-alexandre-160x160.jpg\",\"contentUrl\":\"https:\/\/www.italpassion.fr\/wp-content\/uploads\/2025\/04\/avatar-alexandre-160x160.jpg\",\"caption\":\"Alexandre Filluzeau\"},\"description\":\"Fondateur du site ItalPassion, passionn\u00e9 de voitures italiennes et de l'Italie en g\u00e9n\u00e9ral. J'apporte un regard critique et technique aux actualit\u00e9s des marques italiennes quand cela est possible. Propri\u00e9taire d'une Maserati GranTurismo, Alfa Romeo MiTo, Lancia Fulvia et Ducati 695. Ex-propri\u00e9taire d'une Alfa Romeo Giulia.\",\"sameAs\":[\"https:\/\/www.italpassion.fr\/\"],\"url\":\"https:\/\/www.italpassion.fr\/nl\/author\/alexandre\/\"}]}<\/script>\n<!-- \/ Yoast SEO plugin. -->","yoast_head_json":{"title":"Coureurs Charles Leclerc en Antonio Giovinazzi testen de 1050 pk Ferrari 849 op het circuit: \"Het geluid is erg gaaf\" - ItalPassion","description":"Tussen Grands Prix door kon Charles Leclerc de roep van de V8-motor niet weerstaan. De Monegaskische coureur van de Scuderia Ferrari is teruggekeerd naar het priv\u00e9circuit op","robots":{"index":"index","follow":"follow","max-snippet":"max-snippet:-1","max-image-preview":"max-image-preview:large","max-video-preview":"max-video-preview:-1"},"canonical":"https:\/\/www.italpassion.fr\/nl\/ferrari\/coureurs-charles-leclerc-en-antonio-giovinazzi-testen-de-1050pk-ferrari-849-op-het-circuit-het-geluid-is-echt-cool\/","og_locale":"nl_NL","og_type":"article","og_title":"Les pilotes Charles Leclerc et Antonio Giovinazzi testent la Ferrari 849 de 1050 ch sur circuit : \"le son est tr\u00e8s cool\" - ItalPassion","og_description":"Entre deux Grands Prix, Charles Leclerc n\u2019a pas r\u00e9sist\u00e9 \u00e0 l\u2019appel du moteur V8. Le pilote mon\u00e9gasque de la Scuderia Ferrari a retrouv\u00e9 le circuit priv\u00e9 de","og_url":"https:\/\/www.italpassion.fr\/nl\/ferrari\/coureurs-charles-leclerc-en-antonio-giovinazzi-testen-de-1050pk-ferrari-849-op-het-circuit-het-geluid-is-echt-cool\/","og_site_name":"ItalPassion","article_publisher":"https:\/\/www.facebook.com\/italpassion","article_published_time":"2025-10-24T12:33:56+00:00","og_image":[{"width":960,"height":640,"url":"https:\/\/www.italpassion.fr\/wp-content\/uploads\/2025\/10\/charles-leclerc-849.jpg","type":"image\/jpeg"}],"author":"Alexandre Filluzeau","twitter_card":"summary_large_image","twitter_creator":"@italpassion","twitter_site":"@italpassion","schema":{"@context":"https:\/\/schema.org","@graph":[{"@type":"NewsArticle","@id":"https:\/\/www.italpassion.fr\/nl\/ferrari\/les-pilotes-charles-leclerc-et-antonio-giovinazzi-testent-la-ferrari-849-de-1050-ch-sur-circuit-le-son-est-tres-cool\/#article","isPartOf":{"@id":"https:\/\/www.italpassion.fr\/nl\/ferrari\/les-pilotes-charles-leclerc-et-antonio-giovinazzi-testent-la-ferrari-849-de-1050-ch-sur-circuit-le-son-est-tres-cool\/"},"author":{"name":"Alexandre Filluzeau","@id":"https:\/\/www.italpassion.fr\/nl\/#\/schema\/person\/36f747b2a759ca202d847e85a9434ca0"},"headline":"Les pilotes Charles Leclerc et Antonio Giovinazzi testent la Ferrari 849 de 1050 ch sur circuit : \u00ab\u00a0le son est tr\u00e8s cool\u00a0\u00bb","datePublished":"2025-10-24T12:33:56+00:00","mainEntityOfPage":{"@id":"https:\/\/www.italpassion.fr\/nl\/ferrari\/les-pilotes-charles-leclerc-et-antonio-giovinazzi-testent-la-ferrari-849-de-1050-ch-sur-circuit-le-son-est-tres-cool\/"},"wordCount":600,"commentCount":0,"publisher":{"@id":"https:\/\/www.italpassion.fr\/nl\/#organization"},"image":{"@id":"https:\/\/www.italpassion.fr\/nl\/ferrari\/les-pilotes-charles-leclerc-et-antonio-giovinazzi-testent-la-ferrari-849-de-1050-ch-sur-circuit-le-son-est-tres-cool\/#primaryimage"},"thumbnailUrl":"https:\/\/www.italpassion.fr\/wp-content\/uploads\/2025\/10\/charles-leclerc-849.jpg","keywords":["Antonio Giovinazzi","Charles Leclerc","Ferrari 849 Testarossa"],"articleSection":["Ferrari"],"inLanguage":"nl-NL","potentialAction":[{"@type":"CommentAction","name":"Comment","target":["https:\/\/www.italpassion.fr\/nl\/ferrari\/les-pilotes-charles-leclerc-et-antonio-giovinazzi-testent-la-ferrari-849-de-1050-ch-sur-circuit-le-son-est-tres-cool\/#respond"]}]},{"@type":"WebPage","@id":"https:\/\/www.italpassion.fr\/nl\/ferrari\/les-pilotes-charles-leclerc-et-antonio-giovinazzi-testent-la-ferrari-849-de-1050-ch-sur-circuit-le-son-est-tres-cool\/","url":"https:\/\/www.italpassion.fr\/nl\/ferrari\/les-pilotes-charles-leclerc-et-antonio-giovinazzi-testent-la-ferrari-849-de-1050-ch-sur-circuit-le-son-est-tres-cool\/","name":"Coureurs Charles Leclerc en Antonio Giovinazzi testen de 1050 pk Ferrari 849 op het circuit: \"Het geluid is erg gaaf\" - ItalPassion","isPartOf":{"@id":"https:\/\/www.italpassion.fr\/nl\/#website"},"primaryImageOfPage":{"@id":"https:\/\/www.italpassion.fr\/nl\/ferrari\/les-pilotes-charles-leclerc-et-antonio-giovinazzi-testent-la-ferrari-849-de-1050-ch-sur-circuit-le-son-est-tres-cool\/#primaryimage"},"image":{"@id":"https:\/\/www.italpassion.fr\/nl\/ferrari\/les-pilotes-charles-leclerc-et-antonio-giovinazzi-testent-la-ferrari-849-de-1050-ch-sur-circuit-le-son-est-tres-cool\/#primaryimage"},"thumbnailUrl":"https:\/\/www.italpassion.fr\/wp-content\/uploads\/2025\/10\/charles-leclerc-849.jpg","datePublished":"2025-10-24T12:33:56+00:00","description":"Tussen Grands Prix door kon Charles Leclerc de roep van de V8-motor niet weerstaan. De Monegaskische coureur van de Scuderia Ferrari is teruggekeerd naar het priv\u00e9circuit op","breadcrumb":{"@id":"https:\/\/www.italpassion.fr\/nl\/ferrari\/les-pilotes-charles-leclerc-et-antonio-giovinazzi-testent-la-ferrari-849-de-1050-ch-sur-circuit-le-son-est-tres-cool\/#breadcrumb"},"inLanguage":"nl-NL","potentialAction":[{"@type":"ReadAction","target":["https:\/\/www.italpassion.fr\/nl\/ferrari\/les-pilotes-charles-leclerc-et-antonio-giovinazzi-testent-la-ferrari-849-de-1050-ch-sur-circuit-le-son-est-tres-cool\/"]}]},{"@type":"ImageObject","inLanguage":"nl-NL","@id":"https:\/\/www.italpassion.fr\/nl\/ferrari\/les-pilotes-charles-leclerc-et-antonio-giovinazzi-testent-la-ferrari-849-de-1050-ch-sur-circuit-le-son-est-tres-cool\/#primaryimage","url":"https:\/\/www.italpassion.fr\/wp-content\/uploads\/2025\/10\/charles-leclerc-849.jpg","contentUrl":"https:\/\/www.italpassion.fr\/wp-content\/uploads\/2025\/10\/charles-leclerc-849.jpg","width":960,"height":640},{"@type":"BreadcrumbList","@id":"https:\/\/www.italpassion.fr\/nl\/ferrari\/les-pilotes-charles-leclerc-et-antonio-giovinazzi-testent-la-ferrari-849-de-1050-ch-sur-circuit-le-son-est-tres-cool\/#breadcrumb","itemListElement":[{"@type":"ListItem","position":1,"name":"Accueil","item":"https:\/\/www.italpassion.fr\/nl\/"},{"@type":"ListItem","position":2,"name":"Les pilotes Charles Leclerc et Antonio Giovinazzi testent la Ferrari 849 de 1050 ch sur circuit : \u00ab\u00a0le son est tr\u00e8s cool\u00a0\u00bb"}]},{"@type":"WebSite","@id":"https:\/\/www.italpassion.fr\/nl\/#website","url":"https:\/\/www.italpassion.fr\/nl\/","name":"ItalPassion","description":"Italiaanse autoliefhebbers","publisher":{"@id":"https:\/\/www.italpassion.fr\/nl\/#organization"},"potentialAction":[{"@type":"SearchAction","target":{"@type":"EntryPoint","urlTemplate":"https:\/\/www.italpassion.fr\/nl\/?s={search_term_string}"},"query-input":{"@type":"PropertyValueSpecification","valueRequired":true,"valueName":"search_term_string"}}],"inLanguage":"nl-NL"},{"@type":"Organization","@id":"https:\/\/www.italpassion.fr\/nl\/#organization","name":"Italpassion","url":"https:\/\/www.italpassion.fr\/nl\/","logo":{"@type":"ImageObject","inLanguage":"nl-NL","@id":"https:\/\/www.italpassion.fr\/nl\/#\/schema\/logo\/image\/","url":"https:\/\/www.italpassion.fr\/wp-content\/uploads\/2023\/07\/italpassion-yoast.jpg","contentUrl":"https:\/\/www.italpassion.fr\/wp-content\/uploads\/2023\/07\/italpassion-yoast.jpg","width":696,"height":696,"caption":"Italpassion"},"image":{"@id":"https:\/\/www.italpassion.fr\/nl\/#\/schema\/logo\/image\/"},"sameAs":["https:\/\/www.facebook.com\/italpassion","https:\/\/x.com\/italpassion","https:\/\/www.instagram.com\/italpassionfr\/","https:\/\/www.youtube.com\/channel\/UCleq-ByQaA42OjhopwevRjQ","https:\/\/www.facebook.com\/italpassion.en\/","https:\/\/www.facebook.com\/italpassion.it\/","https:\/\/www.facebook.com\/italpassion.de\/","https:\/\/www.facebook.com\/italpassion.ja\/"]},{"@type":"Person","@id":"https:\/\/www.italpassion.fr\/nl\/#\/schema\/person\/36f747b2a759ca202d847e85a9434ca0","name":"Alexandre Filluzeau","image":{"@type":"ImageObject","inLanguage":"nl-NL","@id":"https:\/\/www.italpassion.fr\/nl\/#\/schema\/person\/image\/","url":"https:\/\/www.italpassion.fr\/wp-content\/uploads\/2025\/04\/avatar-alexandre-160x160.jpg","contentUrl":"https:\/\/www.italpassion.fr\/wp-content\/uploads\/2025\/04\/avatar-alexandre-160x160.jpg","caption":"Alexandre Filluzeau"},"description":"Oprichter van de website ItalPassion, gepassioneerd door Italiaanse auto's en Itali\u00eb in het algemeen. Waar mogelijk breng ik een kritisch en technisch oog naar nieuws over Italiaanse merken. Eigenaar van een Maserati GranTurismo, Alfa Romeo MiTo, Lancia Fulvia en Ducati 695. Ex-eigenaar van een Alfa Romeo Giulia.","sameAs":["https:\/\/www.italpassion.fr\/"],"url":"https:\/\/www.italpassion.fr\/nl\/author\/alexandre\/"}]}},"_links":{"self":[{"href":"https:\/\/www.italpassion.fr\/nl\/wp-json\/wp\/v2\/posts\/42412","targetHints":{"allow":["GET"]}}],"collection":[{"href":"https:\/\/www.italpassion.fr\/nl\/wp-json\/wp\/v2\/posts"}],"about":[{"href":"https:\/\/www.italpassion.fr\/nl\/wp-json\/wp\/v2\/types\/post"}],"author":[{"embeddable":true,"href":"https:\/\/www.italpassion.fr\/nl\/wp-json\/wp\/v2\/users\/1"}],"replies":[{"embeddable":true,"href":"https:\/\/www.italpassion.fr\/nl\/wp-json\/wp\/v2\/comments?post=42412"}],"version-history":[{"count":3,"href":"https:\/\/www.italpassion.fr\/nl\/wp-json\/wp\/v2\/posts\/42412\/revisions"}],"predecessor-version":[{"id":42471,"href":"https:\/\/www.italpassion.fr\/nl\/wp-json\/wp\/v2\/posts\/42412\/revisions\/42471"}],"wp:featuredmedia":[{"embeddable":true,"href":"https:\/\/www.italpassion.fr\/nl\/wp-json\/wp\/v2\/media\/42467"}],"wp:attachment":[{"href":"https:\/\/www.italpassion.fr\/nl\/wp-json\/wp\/v2\/media?parent=42412"}],"wp:term":[{"taxonomy":"category","embeddable":true,"href":"https:\/\/www.italpassion.fr\/nl\/wp-json\/wp\/v2\/categories?post=42412"},{"taxonomy":"post_tag","embeddable":true,"href":"https:\/\/www.italpassion.fr\/nl\/wp-json\/wp\/v2\/tags?post=42412"}],"curies":[{"name":"wp","href":"https:\/\/api.w.org\/{rel}","templated":true}]}}