{"id":42408,"date":"2025-10-24T07:33:40","date_gmt":"2025-10-24T05:33:40","guid":{"rendered":"https:\/\/www.italpassion.fr\/?p=42408"},"modified":"2025-10-23T17:28:36","modified_gmt":"2025-10-23T15:28:36","slug":"de-ceo-van-dalfa-romeo-zinspeelt-tegelijkertijd-op-de-evolutie-van-het-gamma-van-het-merk-en-van-maserati","status":"publish","type":"post","link":"https:\/\/www.italpassion.fr\/nl\/alfa-romeo\/le-ceo-dalfa-romeo-donne-des-indices-sur-levolution-de-la-gamme-de-la-marque-et-maserati-en-meme-temps\/","title":{"rendered":"De CEO van Alfa Romeo geeft aanwijzingen over de evolutie van het merkgamma (en Maserati tegelijkertijd)"},"content":{"rendered":"<figure class=\"wp-block-image size-large\"><img loading=\"lazy\" decoding=\"async\" width=\"1024\" height=\"683\" src=\"https:\/\/www.italpassion.fr\/wp-content\/uploads\/2024\/10\/ficili-alfa-romeo-1024x683.jpg\" alt=\"\" class=\"wp-image-34861\" srcset=\"https:\/\/www.italpassion.fr\/wp-content\/uploads\/2024\/10\/ficili-alfa-romeo-1024x683.jpg 1024w, https:\/\/www.italpassion.fr\/wp-content\/uploads\/2024\/10\/ficili-alfa-romeo-300x200.jpg 300w, https:\/\/www.italpassion.fr\/wp-content\/uploads\/2024\/10\/ficili-alfa-romeo-768x512.jpg 768w, https:\/\/www.italpassion.fr\/wp-content\/uploads\/2024\/10\/ficili-alfa-romeo-18x12.jpg 18w, https:\/\/www.italpassion.fr\/wp-content\/uploads\/2024\/10\/ficili-alfa-romeo-561x374.jpg 561w, https:\/\/www.italpassion.fr\/wp-content\/uploads\/2024\/10\/ficili-alfa-romeo-1122x748.jpg 1122w, https:\/\/www.italpassion.fr\/wp-content\/uploads\/2024\/10\/ficili-alfa-romeo-265x177.jpg 265w, https:\/\/www.italpassion.fr\/wp-content\/uploads\/2024\/10\/ficili-alfa-romeo-531x354.jpg 531w, https:\/\/www.italpassion.fr\/wp-content\/uploads\/2024\/10\/ficili-alfa-romeo-364x243.jpg 364w, https:\/\/www.italpassion.fr\/wp-content\/uploads\/2024\/10\/ficili-alfa-romeo-728x485.jpg 728w, https:\/\/www.italpassion.fr\/wp-content\/uploads\/2024\/10\/ficili-alfa-romeo-608x405.jpg 608w, https:\/\/www.italpassion.fr\/wp-content\/uploads\/2024\/10\/ficili-alfa-romeo-758x505.jpg 758w, https:\/\/www.italpassion.fr\/wp-content\/uploads\/2024\/10\/ficili-alfa-romeo-1152x768.jpg 1152w, https:\/\/www.italpassion.fr\/wp-content\/uploads\/2024\/10\/ficili-alfa-romeo-600x400.jpg 600w, https:\/\/www.italpassion.fr\/wp-content\/uploads\/2024\/10\/ficili-alfa-romeo.jpg 1200w\" sizes=\"auto, (max-width: 1024px) 100vw, 1024px\" \/><\/figure>\n\n\n\n<p>Een paar jaar geleden werd de<a href=\"https:\/\/www.italpassion.fr\/nl\/alfa-romeo\/\">Alfa Romeo<\/a> was duidelijk. Onder leiding van Jean-Philippe Imparato zou het Italiaanse merk vanaf 2027 volledig overstappen op elektrische voertuigen, met een nieuwe generatie elektrische Giulia en Stelvio 100 %, gevolgd door een grote SUV die boven de huidige Stelvio zou worden gepositioneerd. Maar dat was voordat.<\/p>\n\n\n\n<p>Sinds de komst van de nieuwe CEO Antonio Filosa in juni 2025 zijn er dingen veranderd. En terwijl <a href=\"https:\/\/www.italpassion.fr\/nl\/stellantis\/\">Stellantis<\/a> blijft focussen op elektrificatie, lijkt Alfa Romeo, net als Maserati, zijn prioriteiten te herdefini\u00ebren en een meer pragmatische benadering te kiezen.<\/p>\n\n\n\n<h2 class=\"wp-block-heading\">Een omgekeerd productplan (en flexibeler dan verwacht)<\/h2>\n\n\n\n<p>Ten eerste is de lancering van de nieuwe Giulia en Stelvio uitgesteld tot 2027, terwijl ze oorspronkelijk in 2025 en 2026 zouden worden onthuld in de vorm van de 100 % electric. De reden hiervoor? Om hybride aandrijflijnen in te bouwen, die beter geschikt zijn voor de huidige vraag en voor bepaalde strategische markten zoals Noord-Amerika.<\/p>\n\n\n\n<p>Deze verschuiving in het tijdschema heeft een kans voor reflectie gecre\u00eberd. Alfa Romeo's beleidsmakers kunnen hun plannen heroverwegen, hun prioriteiten verfijnen en naar alle waarschijnlijkheid flexibiliteit introduceren in een gamma dat eigenlijk puur elektrisch zou zijn. En het was tegen deze achtergrond dat de huidige CEO Santo Ficili een paar hints liet vallen over de toekomstige richting.<\/p>\n\n\n\n<h2 class=\"wp-block-heading\">\"De Giulia en Stelvio worden de grootste Alfa Romeo ooit\".<\/h2>\n\n\n\n<p>Deze zin, gemeld door Automotive News en herhaald door verschillende gespecialiseerde media, verandert alles. Het betekent verschillende dingen. Ten eerste dat de Giulia en Stelvio qua afmetingen het 'vlaggenschip' van het merk blijven. De toekomstige Stelvio zal iets groter zijn dan de huidige en de volgende Giulia, die zijn platform zal delen, zou dezelfde trend kunnen volgen.<\/p>\n\n\n\n<p>Bovenal maakt deze uitspraak een definitief einde aan Alfa Romeo's ambities voor een grote SUV of een grote E-segment sedan. Het project voor een grotere SUV op basis van het STLA Large-platform, dat ten tijde van Imparato werd geopperd, lijkt te zijn opgegeven. \"Grote auto's zijn niet het terrein van Alfa Romeo\", zegt Ficili.<\/p>\n\n\n\n<h2 class=\"wp-block-heading\">Een \"Alfa Romeo verrassing\" in de pijplijn<\/h2>\n\n\n\n<p>Tussen de Tonale en de toekomstige Stelvio wordt nog gewacht op een ander model, dat momenteel de codenaam A4U draagt. <a href=\"https:\/\/www.italpassion.fr\/nl\/alfa-romeo\/een-nieuwe-alfa-romeo-voor-2026-en-het-is-noch-de-giulia-noch-de-stelvio\/\">Deze verrassende Alfa Romeo<\/a>die in de tweede helft van 2026 op de markt moet komen, zal qua afmetingen en prijs tussen de Tonale en de huidige Stelvio in liggen.<\/p>\n\n\n\n<p>Met dit model kan Alfa Romeo zijn aanwezigheid in het C\/D-segment, een van de meest dynamische in Europa, versterken. Een logische aanpak, zeker nu het merk zijn volumes moet consolideren alvorens nieuwe gebieden aan te boren.<\/p>\n\n\n\n<h2 class=\"wp-block-heading\">Maserati, grote begunstigde van Alfa Romeo's herori\u00ebntatie <\/h2>\n\n\n\n<p>Door te verklaren dat \"grote auto's niet het territorium van Alfa Romeo zijn\", laat Santo Ficili ook een strategische ruimte open voor Maserati. Terwijl Alfa Romeo zich concentreert op het compacte en middensegment, kan Maserati zich volledig richten op de bovenkant van het spectrum. De Quattroporte zou zijn rol als grote Italiaanse sedan behouden en de toekomstige Levante zou een luxe SUV zijn, die de premium expertise van de groep in het E-segment belichaamt.<\/p>\n\n\n\n<p>Met andere woorden, Alfa Romeo en Maserati zullen niet langer op elkaars tenen trappen en eindelijk duidelijkheid scheppen over hun positionering:<\/p>\n\n\n\n<ul class=\"wp-block-list\">\n<li>Alfa Romeo voor sportieve, dynamische en premium auto's.<\/li>\n\n\n\n<li>Maserati voor luxe, prestaties en prestige.<\/li>\n<\/ul>\n\n\n\n<h2 class=\"wp-block-heading\">In afwachting van het nieuwe industri\u00eble plan van Stellantis<\/h2>\n\n\n\n<p>Het laatste woord is aan de nieuwe CEO, Antonio Filosa, die aan het eind van de eerste helft van 2026 zal komen, <a href=\"https:\/\/www.italpassion.fr\/nl\/stellantis\/stellantis-stelt-de-presentatie-van-zijn-nieuwe-industriele-plan-uit\/\">zijn bedrijfsplan<\/a> die het Dare Forward 2030 van Carlos Tavares zal opvolgen. Op dat moment zullen we officieel weten wat de toekomst in petto heeft voor alle merken van de Groep, inclusief Alfa Romeo.<\/p>","protected":false},"excerpt":{"rendered":"","protected":false},"author":1,"featured_media":34861,"comment_status":"open","ping_status":"open","sticky":false,"template":"","format":"standard","meta":{"_acf_changed":false,"_sitemap_exclude":false,"_sitemap_priority":"","_sitemap_frequency":"","footnotes":""},"categories":[22],"tags":[433],"class_list":["post-42408","post","type-post","status-publish","format-standard","has-post-thumbnail","hentry","category-alfa-romeo","tag-santo-ficili","generate-columns","tablet-grid-50","mobile-grid-100","grid-parent","grid-33"],"acf":[],"yoast_head":"<!-- This site is optimized with the Yoast SEO plugin v25.8 - https:\/\/yoast.com\/wordpress\/plugins\/seo\/ -->\n<title>Le CEO d&#039;Alfa Romeo donne des indices sur l&#039;\u00e9volution de la gamme de la marque (et Maserati en m\u00eame temps) - ItalPassion<\/title>\n<meta name=\"description\" content=\"Il y a quelques ann\u00e9es, le plan produit d\u2019Alfa Romeo \u00e9tait clair. Sous la direction de Jean-Philippe Imparato, la marque italienne devait basculer\" \/>\n<meta name=\"robots\" content=\"index, follow, max-snippet:-1, max-image-preview:large, max-video-preview:-1\" \/>\n<link rel=\"canonical\" href=\"https:\/\/www.italpassion.fr\/nl\/alfa-romeo\/de-ceo-van-dalfa-romeo-zinspeelt-tegelijkertijd-op-de-evolutie-van-het-gamma-van-het-merk-en-van-maserati\/\" \/>\n<meta property=\"og:locale\" content=\"nl_NL\" \/>\n<meta property=\"og:type\" content=\"article\" \/>\n<meta property=\"og:title\" content=\"Le CEO d&#039;Alfa Romeo donne des indices sur l&#039;\u00e9volution de la gamme de la marque (et Maserati en m\u00eame temps) - ItalPassion\" \/>\n<meta property=\"og:description\" content=\"Il y a quelques ann\u00e9es, le plan produit d\u2019Alfa Romeo \u00e9tait clair. Sous la direction de Jean-Philippe Imparato, la marque italienne devait basculer\" \/>\n<meta property=\"og:url\" content=\"https:\/\/www.italpassion.fr\/nl\/alfa-romeo\/de-ceo-van-dalfa-romeo-zinspeelt-tegelijkertijd-op-de-evolutie-van-het-gamma-van-het-merk-en-van-maserati\/\" \/>\n<meta property=\"og:site_name\" content=\"ItalPassion\" \/>\n<meta property=\"article:publisher\" content=\"https:\/\/www.facebook.com\/italpassion\" \/>\n<meta property=\"article:published_time\" content=\"2025-10-24T05:33:40+00:00\" \/>\n<meta property=\"og:image\" content=\"https:\/\/www.italpassion.fr\/wp-content\/uploads\/2024\/10\/ficili-alfa-romeo.jpg\" \/>\n\t<meta property=\"og:image:width\" content=\"1200\" \/>\n\t<meta property=\"og:image:height\" content=\"800\" \/>\n\t<meta property=\"og:image:type\" content=\"image\/jpeg\" \/>\n<meta name=\"author\" content=\"Alexandre Filluzeau\" \/>\n<meta name=\"twitter:card\" content=\"summary_large_image\" \/>\n<meta name=\"twitter:creator\" content=\"@italpassion\" \/>\n<meta name=\"twitter:site\" content=\"@italpassion\" \/>\n<script type=\"application\/ld+json\" class=\"yoast-schema-graph\">{\"@context\":\"https:\/\/schema.org\",\"@graph\":[{\"@type\":\"NewsArticle\",\"@id\":\"https:\/\/www.italpassion.fr\/nl\/alfa-romeo\/le-ceo-dalfa-romeo-donne-des-indices-sur-levolution-de-la-gamme-de-la-marque-et-maserati-en-meme-temps\/#article\",\"isPartOf\":{\"@id\":\"https:\/\/www.italpassion.fr\/nl\/alfa-romeo\/le-ceo-dalfa-romeo-donne-des-indices-sur-levolution-de-la-gamme-de-la-marque-et-maserati-en-meme-temps\/\"},\"author\":{\"name\":\"Alexandre Filluzeau\",\"@id\":\"https:\/\/www.italpassion.fr\/nl\/#\/schema\/person\/36f747b2a759ca202d847e85a9434ca0\"},\"headline\":\"Le CEO d&rsquo;Alfa Romeo donne des indices sur l&rsquo;\u00e9volution de la gamme de la marque (et Maserati en m\u00eame temps)\",\"datePublished\":\"2025-10-24T05:33:40+00:00\",\"mainEntityOfPage\":{\"@id\":\"https:\/\/www.italpassion.fr\/nl\/alfa-romeo\/le-ceo-dalfa-romeo-donne-des-indices-sur-levolution-de-la-gamme-de-la-marque-et-maserati-en-meme-temps\/\"},\"wordCount\":702,\"commentCount\":20,\"publisher\":{\"@id\":\"https:\/\/www.italpassion.fr\/nl\/#organization\"},\"image\":{\"@id\":\"https:\/\/www.italpassion.fr\/nl\/alfa-romeo\/le-ceo-dalfa-romeo-donne-des-indices-sur-levolution-de-la-gamme-de-la-marque-et-maserati-en-meme-temps\/#primaryimage\"},\"thumbnailUrl\":\"https:\/\/www.italpassion.fr\/wp-content\/uploads\/2024\/10\/ficili-alfa-romeo.jpg\",\"keywords\":[\"Santo Ficili\"],\"articleSection\":[\"Alfa Romeo\"],\"inLanguage\":\"nl-NL\",\"potentialAction\":[{\"@type\":\"CommentAction\",\"name\":\"Comment\",\"target\":[\"https:\/\/www.italpassion.fr\/nl\/alfa-romeo\/le-ceo-dalfa-romeo-donne-des-indices-sur-levolution-de-la-gamme-de-la-marque-et-maserati-en-meme-temps\/#respond\"]}]},{\"@type\":\"WebPage\",\"@id\":\"https:\/\/www.italpassion.fr\/nl\/alfa-romeo\/le-ceo-dalfa-romeo-donne-des-indices-sur-levolution-de-la-gamme-de-la-marque-et-maserati-en-meme-temps\/\",\"url\":\"https:\/\/www.italpassion.fr\/nl\/alfa-romeo\/le-ceo-dalfa-romeo-donne-des-indices-sur-levolution-de-la-gamme-de-la-marque-et-maserati-en-meme-temps\/\",\"name\":\"Le CEO d'Alfa Romeo donne des indices sur l'\u00e9volution de la gamme de la marque (et Maserati en m\u00eame temps) - ItalPassion\",\"isPartOf\":{\"@id\":\"https:\/\/www.italpassion.fr\/nl\/#website\"},\"primaryImageOfPage\":{\"@id\":\"https:\/\/www.italpassion.fr\/nl\/alfa-romeo\/le-ceo-dalfa-romeo-donne-des-indices-sur-levolution-de-la-gamme-de-la-marque-et-maserati-en-meme-temps\/#primaryimage\"},\"image\":{\"@id\":\"https:\/\/www.italpassion.fr\/nl\/alfa-romeo\/le-ceo-dalfa-romeo-donne-des-indices-sur-levolution-de-la-gamme-de-la-marque-et-maserati-en-meme-temps\/#primaryimage\"},\"thumbnailUrl\":\"https:\/\/www.italpassion.fr\/wp-content\/uploads\/2024\/10\/ficili-alfa-romeo.jpg\",\"datePublished\":\"2025-10-24T05:33:40+00:00\",\"description\":\"Il y a quelques ann\u00e9es, le plan produit d\u2019Alfa Romeo \u00e9tait clair. Sous la direction de Jean-Philippe Imparato, la marque italienne devait basculer\",\"breadcrumb\":{\"@id\":\"https:\/\/www.italpassion.fr\/nl\/alfa-romeo\/le-ceo-dalfa-romeo-donne-des-indices-sur-levolution-de-la-gamme-de-la-marque-et-maserati-en-meme-temps\/#breadcrumb\"},\"inLanguage\":\"nl-NL\",\"potentialAction\":[{\"@type\":\"ReadAction\",\"target\":[\"https:\/\/www.italpassion.fr\/nl\/alfa-romeo\/le-ceo-dalfa-romeo-donne-des-indices-sur-levolution-de-la-gamme-de-la-marque-et-maserati-en-meme-temps\/\"]}]},{\"@type\":\"ImageObject\",\"inLanguage\":\"nl-NL\",\"@id\":\"https:\/\/www.italpassion.fr\/nl\/alfa-romeo\/le-ceo-dalfa-romeo-donne-des-indices-sur-levolution-de-la-gamme-de-la-marque-et-maserati-en-meme-temps\/#primaryimage\",\"url\":\"https:\/\/www.italpassion.fr\/wp-content\/uploads\/2024\/10\/ficili-alfa-romeo.jpg\",\"contentUrl\":\"https:\/\/www.italpassion.fr\/wp-content\/uploads\/2024\/10\/ficili-alfa-romeo.jpg\",\"width\":1200,\"height\":800},{\"@type\":\"BreadcrumbList\",\"@id\":\"https:\/\/www.italpassion.fr\/nl\/alfa-romeo\/le-ceo-dalfa-romeo-donne-des-indices-sur-levolution-de-la-gamme-de-la-marque-et-maserati-en-meme-temps\/#breadcrumb\",\"itemListElement\":[{\"@type\":\"ListItem\",\"position\":1,\"name\":\"Accueil\",\"item\":\"https:\/\/www.italpassion.fr\/nl\/\"},{\"@type\":\"ListItem\",\"position\":2,\"name\":\"Le CEO d&rsquo;Alfa Romeo donne des indices sur l&rsquo;\u00e9volution de la gamme de la marque (et Maserati en m\u00eame temps)\"}]},{\"@type\":\"WebSite\",\"@id\":\"https:\/\/www.italpassion.fr\/nl\/#website\",\"url\":\"https:\/\/www.italpassion.fr\/nl\/\",\"name\":\"ItalPassion\",\"description\":\"Les Passionn\u00e9s d&#039;Automobiles Italiennes\",\"publisher\":{\"@id\":\"https:\/\/www.italpassion.fr\/nl\/#organization\"},\"potentialAction\":[{\"@type\":\"SearchAction\",\"target\":{\"@type\":\"EntryPoint\",\"urlTemplate\":\"https:\/\/www.italpassion.fr\/nl\/?s={search_term_string}\"},\"query-input\":{\"@type\":\"PropertyValueSpecification\",\"valueRequired\":true,\"valueName\":\"search_term_string\"}}],\"inLanguage\":\"nl-NL\"},{\"@type\":\"Organization\",\"@id\":\"https:\/\/www.italpassion.fr\/nl\/#organization\",\"name\":\"Italpassion\",\"url\":\"https:\/\/www.italpassion.fr\/nl\/\",\"logo\":{\"@type\":\"ImageObject\",\"inLanguage\":\"nl-NL\",\"@id\":\"https:\/\/www.italpassion.fr\/nl\/#\/schema\/logo\/image\/\",\"url\":\"https:\/\/www.italpassion.fr\/wp-content\/uploads\/2023\/07\/italpassion-yoast.jpg\",\"contentUrl\":\"https:\/\/www.italpassion.fr\/wp-content\/uploads\/2023\/07\/italpassion-yoast.jpg\",\"width\":696,\"height\":696,\"caption\":\"Italpassion\"},\"image\":{\"@id\":\"https:\/\/www.italpassion.fr\/nl\/#\/schema\/logo\/image\/\"},\"sameAs\":[\"https:\/\/www.facebook.com\/italpassion\",\"https:\/\/x.com\/italpassion\",\"https:\/\/www.instagram.com\/italpassionfr\/\",\"https:\/\/www.youtube.com\/channel\/UCleq-ByQaA42OjhopwevRjQ\",\"https:\/\/www.facebook.com\/italpassion.en\/\",\"https:\/\/www.facebook.com\/italpassion.it\/\",\"https:\/\/www.facebook.com\/italpassion.de\/\",\"https:\/\/www.facebook.com\/italpassion.ja\/\"]},{\"@type\":\"Person\",\"@id\":\"https:\/\/www.italpassion.fr\/nl\/#\/schema\/person\/36f747b2a759ca202d847e85a9434ca0\",\"name\":\"Alexandre Filluzeau\",\"image\":{\"@type\":\"ImageObject\",\"inLanguage\":\"nl-NL\",\"@id\":\"https:\/\/www.italpassion.fr\/nl\/#\/schema\/person\/image\/\",\"url\":\"https:\/\/www.italpassion.fr\/wp-content\/uploads\/2025\/04\/avatar-alexandre-160x160.jpg\",\"contentUrl\":\"https:\/\/www.italpassion.fr\/wp-content\/uploads\/2025\/04\/avatar-alexandre-160x160.jpg\",\"caption\":\"Alexandre Filluzeau\"},\"description\":\"Fondateur du site ItalPassion, passionn\u00e9 de voitures italiennes et de l'Italie en g\u00e9n\u00e9ral. J'apporte un regard critique et technique aux actualit\u00e9s des marques italiennes quand cela est possible. Propri\u00e9taire d'une Maserati GranTurismo, Alfa Romeo MiTo, Lancia Fulvia et Ducati 695. Ex-propri\u00e9taire d'une Alfa Romeo Giulia.\",\"sameAs\":[\"https:\/\/www.italpassion.fr\/\"],\"url\":\"https:\/\/www.italpassion.fr\/nl\/author\/alexandre\/\"}]}<\/script>\n<!-- \/ Yoast SEO plugin. -->","yoast_head_json":{"title":"Alfa Romeo CEO geeft aanwijzingen over de evolutie van het merkgamma (en Maserati tegelijkertijd) - ItalPassion","description":"Een paar jaar geleden was het productplan van Alfa Romeo duidelijk. Onder leiding van Jean-Philippe Imparato zou het Italiaanse merk overstappen op een","robots":{"index":"index","follow":"follow","max-snippet":"max-snippet:-1","max-image-preview":"max-image-preview:large","max-video-preview":"max-video-preview:-1"},"canonical":"https:\/\/www.italpassion.fr\/nl\/alfa-romeo\/de-ceo-van-dalfa-romeo-zinspeelt-tegelijkertijd-op-de-evolutie-van-het-gamma-van-het-merk-en-van-maserati\/","og_locale":"nl_NL","og_type":"article","og_title":"Le CEO d'Alfa Romeo donne des indices sur l'\u00e9volution de la gamme de la marque (et Maserati en m\u00eame temps) - ItalPassion","og_description":"Il y a quelques ann\u00e9es, le plan produit d\u2019Alfa Romeo \u00e9tait clair. Sous la direction de Jean-Philippe Imparato, la marque italienne devait basculer","og_url":"https:\/\/www.italpassion.fr\/nl\/alfa-romeo\/de-ceo-van-dalfa-romeo-zinspeelt-tegelijkertijd-op-de-evolutie-van-het-gamma-van-het-merk-en-van-maserati\/","og_site_name":"ItalPassion","article_publisher":"https:\/\/www.facebook.com\/italpassion","article_published_time":"2025-10-24T05:33:40+00:00","og_image":[{"width":1200,"height":800,"url":"https:\/\/www.italpassion.fr\/wp-content\/uploads\/2024\/10\/ficili-alfa-romeo.jpg","type":"image\/jpeg"}],"author":"Alexandre Filluzeau","twitter_card":"summary_large_image","twitter_creator":"@italpassion","twitter_site":"@italpassion","schema":{"@context":"https:\/\/schema.org","@graph":[{"@type":"NewsArticle","@id":"https:\/\/www.italpassion.fr\/nl\/alfa-romeo\/le-ceo-dalfa-romeo-donne-des-indices-sur-levolution-de-la-gamme-de-la-marque-et-maserati-en-meme-temps\/#article","isPartOf":{"@id":"https:\/\/www.italpassion.fr\/nl\/alfa-romeo\/le-ceo-dalfa-romeo-donne-des-indices-sur-levolution-de-la-gamme-de-la-marque-et-maserati-en-meme-temps\/"},"author":{"name":"Alexandre Filluzeau","@id":"https:\/\/www.italpassion.fr\/nl\/#\/schema\/person\/36f747b2a759ca202d847e85a9434ca0"},"headline":"Le CEO d&rsquo;Alfa Romeo donne des indices sur l&rsquo;\u00e9volution de la gamme de la marque (et Maserati en m\u00eame temps)","datePublished":"2025-10-24T05:33:40+00:00","mainEntityOfPage":{"@id":"https:\/\/www.italpassion.fr\/nl\/alfa-romeo\/le-ceo-dalfa-romeo-donne-des-indices-sur-levolution-de-la-gamme-de-la-marque-et-maserati-en-meme-temps\/"},"wordCount":702,"commentCount":20,"publisher":{"@id":"https:\/\/www.italpassion.fr\/nl\/#organization"},"image":{"@id":"https:\/\/www.italpassion.fr\/nl\/alfa-romeo\/le-ceo-dalfa-romeo-donne-des-indices-sur-levolution-de-la-gamme-de-la-marque-et-maserati-en-meme-temps\/#primaryimage"},"thumbnailUrl":"https:\/\/www.italpassion.fr\/wp-content\/uploads\/2024\/10\/ficili-alfa-romeo.jpg","keywords":["Santo Ficili"],"articleSection":["Alfa Romeo"],"inLanguage":"nl-NL","potentialAction":[{"@type":"CommentAction","name":"Comment","target":["https:\/\/www.italpassion.fr\/nl\/alfa-romeo\/le-ceo-dalfa-romeo-donne-des-indices-sur-levolution-de-la-gamme-de-la-marque-et-maserati-en-meme-temps\/#respond"]}]},{"@type":"WebPage","@id":"https:\/\/www.italpassion.fr\/nl\/alfa-romeo\/le-ceo-dalfa-romeo-donne-des-indices-sur-levolution-de-la-gamme-de-la-marque-et-maserati-en-meme-temps\/","url":"https:\/\/www.italpassion.fr\/nl\/alfa-romeo\/le-ceo-dalfa-romeo-donne-des-indices-sur-levolution-de-la-gamme-de-la-marque-et-maserati-en-meme-temps\/","name":"Alfa Romeo CEO geeft aanwijzingen over de evolutie van het merkgamma (en Maserati tegelijkertijd) - ItalPassion","isPartOf":{"@id":"https:\/\/www.italpassion.fr\/nl\/#website"},"primaryImageOfPage":{"@id":"https:\/\/www.italpassion.fr\/nl\/alfa-romeo\/le-ceo-dalfa-romeo-donne-des-indices-sur-levolution-de-la-gamme-de-la-marque-et-maserati-en-meme-temps\/#primaryimage"},"image":{"@id":"https:\/\/www.italpassion.fr\/nl\/alfa-romeo\/le-ceo-dalfa-romeo-donne-des-indices-sur-levolution-de-la-gamme-de-la-marque-et-maserati-en-meme-temps\/#primaryimage"},"thumbnailUrl":"https:\/\/www.italpassion.fr\/wp-content\/uploads\/2024\/10\/ficili-alfa-romeo.jpg","datePublished":"2025-10-24T05:33:40+00:00","description":"Een paar jaar geleden was het productplan van Alfa Romeo duidelijk. Onder leiding van Jean-Philippe Imparato zou het Italiaanse merk overstappen op een","breadcrumb":{"@id":"https:\/\/www.italpassion.fr\/nl\/alfa-romeo\/le-ceo-dalfa-romeo-donne-des-indices-sur-levolution-de-la-gamme-de-la-marque-et-maserati-en-meme-temps\/#breadcrumb"},"inLanguage":"nl-NL","potentialAction":[{"@type":"ReadAction","target":["https:\/\/www.italpassion.fr\/nl\/alfa-romeo\/le-ceo-dalfa-romeo-donne-des-indices-sur-levolution-de-la-gamme-de-la-marque-et-maserati-en-meme-temps\/"]}]},{"@type":"ImageObject","inLanguage":"nl-NL","@id":"https:\/\/www.italpassion.fr\/nl\/alfa-romeo\/le-ceo-dalfa-romeo-donne-des-indices-sur-levolution-de-la-gamme-de-la-marque-et-maserati-en-meme-temps\/#primaryimage","url":"https:\/\/www.italpassion.fr\/wp-content\/uploads\/2024\/10\/ficili-alfa-romeo.jpg","contentUrl":"https:\/\/www.italpassion.fr\/wp-content\/uploads\/2024\/10\/ficili-alfa-romeo.jpg","width":1200,"height":800},{"@type":"BreadcrumbList","@id":"https:\/\/www.italpassion.fr\/nl\/alfa-romeo\/le-ceo-dalfa-romeo-donne-des-indices-sur-levolution-de-la-gamme-de-la-marque-et-maserati-en-meme-temps\/#breadcrumb","itemListElement":[{"@type":"ListItem","position":1,"name":"Accueil","item":"https:\/\/www.italpassion.fr\/nl\/"},{"@type":"ListItem","position":2,"name":"Le CEO d&rsquo;Alfa Romeo donne des indices sur l&rsquo;\u00e9volution de la gamme de la marque (et Maserati en m\u00eame temps)"}]},{"@type":"WebSite","@id":"https:\/\/www.italpassion.fr\/nl\/#website","url":"https:\/\/www.italpassion.fr\/nl\/","name":"ItalPassion","description":"Italiaanse autoliefhebbers","publisher":{"@id":"https:\/\/www.italpassion.fr\/nl\/#organization"},"potentialAction":[{"@type":"SearchAction","target":{"@type":"EntryPoint","urlTemplate":"https:\/\/www.italpassion.fr\/nl\/?s={search_term_string}"},"query-input":{"@type":"PropertyValueSpecification","valueRequired":true,"valueName":"search_term_string"}}],"inLanguage":"nl-NL"},{"@type":"Organization","@id":"https:\/\/www.italpassion.fr\/nl\/#organization","name":"Italpassion","url":"https:\/\/www.italpassion.fr\/nl\/","logo":{"@type":"ImageObject","inLanguage":"nl-NL","@id":"https:\/\/www.italpassion.fr\/nl\/#\/schema\/logo\/image\/","url":"https:\/\/www.italpassion.fr\/wp-content\/uploads\/2023\/07\/italpassion-yoast.jpg","contentUrl":"https:\/\/www.italpassion.fr\/wp-content\/uploads\/2023\/07\/italpassion-yoast.jpg","width":696,"height":696,"caption":"Italpassion"},"image":{"@id":"https:\/\/www.italpassion.fr\/nl\/#\/schema\/logo\/image\/"},"sameAs":["https:\/\/www.facebook.com\/italpassion","https:\/\/x.com\/italpassion","https:\/\/www.instagram.com\/italpassionfr\/","https:\/\/www.youtube.com\/channel\/UCleq-ByQaA42OjhopwevRjQ","https:\/\/www.facebook.com\/italpassion.en\/","https:\/\/www.facebook.com\/italpassion.it\/","https:\/\/www.facebook.com\/italpassion.de\/","https:\/\/www.facebook.com\/italpassion.ja\/"]},{"@type":"Person","@id":"https:\/\/www.italpassion.fr\/nl\/#\/schema\/person\/36f747b2a759ca202d847e85a9434ca0","name":"Alexandre Filluzeau","image":{"@type":"ImageObject","inLanguage":"nl-NL","@id":"https:\/\/www.italpassion.fr\/nl\/#\/schema\/person\/image\/","url":"https:\/\/www.italpassion.fr\/wp-content\/uploads\/2025\/04\/avatar-alexandre-160x160.jpg","contentUrl":"https:\/\/www.italpassion.fr\/wp-content\/uploads\/2025\/04\/avatar-alexandre-160x160.jpg","caption":"Alexandre Filluzeau"},"description":"Oprichter van de website ItalPassion, gepassioneerd door Italiaanse auto's en Itali\u00eb in het algemeen. Waar mogelijk breng ik een kritisch en technisch oog naar nieuws over Italiaanse merken. Eigenaar van een Maserati GranTurismo, Alfa Romeo MiTo, Lancia Fulvia en Ducati 695. Ex-eigenaar van een Alfa Romeo Giulia.","sameAs":["https:\/\/www.italpassion.fr\/"],"url":"https:\/\/www.italpassion.fr\/nl\/author\/alexandre\/"}]}},"_links":{"self":[{"href":"https:\/\/www.italpassion.fr\/nl\/wp-json\/wp\/v2\/posts\/42408","targetHints":{"allow":["GET"]}}],"collection":[{"href":"https:\/\/www.italpassion.fr\/nl\/wp-json\/wp\/v2\/posts"}],"about":[{"href":"https:\/\/www.italpassion.fr\/nl\/wp-json\/wp\/v2\/types\/post"}],"author":[{"embeddable":true,"href":"https:\/\/www.italpassion.fr\/nl\/wp-json\/wp\/v2\/users\/1"}],"replies":[{"embeddable":true,"href":"https:\/\/www.italpassion.fr\/nl\/wp-json\/wp\/v2\/comments?post=42408"}],"version-history":[{"count":3,"href":"https:\/\/www.italpassion.fr\/nl\/wp-json\/wp\/v2\/posts\/42408\/revisions"}],"predecessor-version":[{"id":42452,"href":"https:\/\/www.italpassion.fr\/nl\/wp-json\/wp\/v2\/posts\/42408\/revisions\/42452"}],"wp:featuredmedia":[{"embeddable":true,"href":"https:\/\/www.italpassion.fr\/nl\/wp-json\/wp\/v2\/media\/34861"}],"wp:attachment":[{"href":"https:\/\/www.italpassion.fr\/nl\/wp-json\/wp\/v2\/media?parent=42408"}],"wp:term":[{"taxonomy":"category","embeddable":true,"href":"https:\/\/www.italpassion.fr\/nl\/wp-json\/wp\/v2\/categories?post=42408"},{"taxonomy":"post_tag","embeddable":true,"href":"https:\/\/www.italpassion.fr\/nl\/wp-json\/wp\/v2\/tags?post=42408"}],"curies":[{"name":"wp","href":"https:\/\/api.w.org\/{rel}","templated":true}]}}