{"id":42364,"date":"2025-10-21T17:14:36","date_gmt":"2025-10-21T15:14:36","guid":{"rendered":"https:\/\/www.italpassion.fr\/?p=42364"},"modified":"2025-10-21T17:14:36","modified_gmt":"2025-10-21T15:14:36","slug":"lancia-doet-mee-aan-wrc2-maar-heeft-moeite-autos-te-verkopen","status":"publish","type":"post","link":"https:\/\/www.italpassion.fr\/nl\/lancia\/lancia-sengage-en-wrc2-mais-peine-a-vendre-ses-voitures\/","title":{"rendered":"Lancia doet mee aan WRC2... maar heeft moeite om auto's te verkopen"},"content":{"rendered":"<figure class=\"wp-block-image size-full\"><img loading=\"lazy\" decoding=\"async\" width=\"1200\" height=\"800\" src=\"https:\/\/www.italpassion.fr\/wp-content\/uploads\/2025\/06\/lancia-ypsilon-Vernice-Arancio-Lava-con-tetto-nero.jpg\" alt=\"\" class=\"wp-image-39503\" srcset=\"https:\/\/www.italpassion.fr\/wp-content\/uploads\/2025\/06\/lancia-ypsilon-Vernice-Arancio-Lava-con-tetto-nero.jpg 1200w, https:\/\/www.italpassion.fr\/wp-content\/uploads\/2025\/06\/lancia-ypsilon-Vernice-Arancio-Lava-con-tetto-nero-420x280.jpg 420w, https:\/\/www.italpassion.fr\/wp-content\/uploads\/2025\/06\/lancia-ypsilon-Vernice-Arancio-Lava-con-tetto-nero-768x512.jpg 768w, https:\/\/www.italpassion.fr\/wp-content\/uploads\/2025\/06\/lancia-ypsilon-Vernice-Arancio-Lava-con-tetto-nero-18x12.jpg 18w\" sizes=\"auto, (max-width: 1200px) 100vw, 1200px\" \/><\/figure>\n\n\n\n<p>Overwegende dat <a href=\"https:\/\/www.italpassion.fr\/nl\/lancia\/\">Lancia<\/a> heeft zojuist bevestigd <a href=\"https:\/\/www.italpassion.fr\/nl\/lancia\/lancia-bevestigt-zijn-terugkeer-naar-het-wrc2-wereldkampioenschap-en-kan-binnenkort-voor-de-overwinning-spelen\/\">zijn verbintenis voor het WRC2-seizoen 2026<\/a>De commerci\u00eble situatie van het merk blijft echter veel fragieler. Als het erin slaagt om de symbolische grens van 10.000 geregistreerde auto's in heel 2025 te doorbreken, is dat al een klein wonder.<\/p>\n\n\n\n<h2 class=\"wp-block-heading\">Stagnerende of zelfs dalende cijfers<\/h2>\n\n\n\n<p>Na een goede start van het jaar blijven de inschrijvingen van Lancia de moeilijkheden weerspiegelen van een merk dat eerder overleeft dan herstelt. In Itali\u00eb, de belangrijkste markt, blijft de curve op en neer gaan. In september werden er slechts 712 exemplaren verkocht, ver verwijderd van de piek van 1.110 die in maart werd bereikt. Als gevolg daarvan werden er in de eerste negen maanden van 2025 7.325 auto's geregistreerd in Itali\u00eb.<\/p>\n\n\n\n<p>De Lancia Ypsilon, nog steeds het enige model in de catalogus, staat niet eens meer in de top 50 van de Italiaanse markt. Met 7.324 cumulatieve registraties staat hij op de 47e plaats, achter de Audi A1 (7.453) en ver achter de Suzuki Swift (8.690). Het is een krachtig symbool: de Italiaanse stadsauto, ooit de koning van de nationale verkoop, zakt weg ten opzichte van concurrenten die recenter zijn, maar commercieel beter ondersteund worden.<\/p>\n\n\n\n<figure class=\"wp-block-image size-full\"><img loading=\"lazy\" decoding=\"async\" width=\"1089\" height=\"583\" src=\"https:\/\/www.italpassion.fr\/wp-content\/uploads\/2025\/10\/lancia-vente-italie.jpg\" alt=\"\" class=\"wp-image-42366\" srcset=\"https:\/\/www.italpassion.fr\/wp-content\/uploads\/2025\/10\/lancia-vente-italie.jpg 1089w, https:\/\/www.italpassion.fr\/wp-content\/uploads\/2025\/10\/lancia-vente-italie-420x225.jpg 420w, https:\/\/www.italpassion.fr\/wp-content\/uploads\/2025\/10\/lancia-vente-italie-768x411.jpg 768w, https:\/\/www.italpassion.fr\/wp-content\/uploads\/2025\/10\/lancia-vente-italie-18x10.jpg 18w\" sizes=\"auto, (max-width: 1089px) 100vw, 1089px\" \/><\/figure>\n\n\n\n<h2 class=\"wp-block-heading\">Internationaal blijft het merk onzichtbaar<\/h2>\n\n\n\n<p>Buiten Itali\u00eb verbetert de situatie niet. In Frankrijk bleef de verkoop op een zeer bescheiden niveau, met 61 registraties in september, in lijn met het lage gemiddelde voor het jaar, voor een totaal van 571 eenheden sinds januari.<\/p>\n\n\n\n<p>In Spanje, waar de Ypsilon wordt geassembleerd, is het contrast opvallend: slechts 20 verkochte auto's in september, tegenover 459 sinds het begin van het jaar. In Belgi\u00eb bleef het gemiddelde stabiel op 18 eenheden in september, voor een totaal van 161 auto's. In Nederland is de markt vrijwel onbestaande: slechts 3 verkopen in de maand, 107 in negen maanden. En in Duitsland is het merk simpelweg nog steeds niet op de markt.<\/p>\n\n\n\n<p>Van de 8.623 Lancia's die sinds het begin van het jaar in Europa zijn geregistreerd, zijn er bijna 85 % geregistreerd in Itali\u00eb. De conclusie is duidelijk: zonder de thuismarkt zou het merk al van de radar zijn verdwenen. Lancia blijft een lokaal merk ondanks de aanvankelijke wens om weer Europees te worden.<\/p>\n\n\n\n<figure class=\"wp-block-table\"><table class=\"has-fixed-layout\"><thead><tr><th>Land<\/th><th>Januari - september 2025<\/th><\/tr><\/thead><tbody><tr><td>Itali\u00eb<\/td><td>7325<\/td><\/tr><tr><td>Frankrijk<\/td><td>571<\/td><\/tr><tr><td>Duitsland<\/td><td>0<\/td><\/tr><tr><td>Spanje<\/td><td>459<\/td><\/tr><tr><td>Belgi\u00eb<\/td><td>161<\/td><\/tr><tr><td>Nederland<\/td><td>107<\/td><\/tr><\/tbody><\/table><figcaption class=\"wp-element-caption\">Citeer Italpassion voor de cijfers<\/figcaption><\/figure>\n\n\n\n<h2 class=\"wp-block-heading\">10.000 verkopen: een bijna symbolisch doel<\/h2>\n\n\n\n<p>Het behalen van 10.000 registraties tegen 2025 lijkt nu haalbaar, maar vooral anekdotisch. Toegegeven, voor een merk dat slechts \u00e9\u00e9n model aanbiedt, zonder de minste zichtbare reclamecampagne, zou je dit cijfer bijna als een succes kunnen beschouwen. Maar in werkelijkheid illustreert het vooral de extreme kwetsbaarheid van een merk dat worstelt om te bestaan tegenover zijn neven, de Peugeot 208 en de Opel Corsa, binnen dezelfde groep.<\/p>\n\n\n\n<h2 class=\"wp-block-heading\">Hoop op een opleving in 2026<\/h2>\n\n\n\n<p>De uitdaging ligt nu in de komst van de toekomstige Lancia Gamma, gepland voor 2026. Deze grotere, ambitieuzere SUV, gericht op Europa, kan het Italiaanse merk eindelijk nieuw leven inblazen. Maar Stellantis zal nog steeds echt moeten investeren in de communicatie en positionering van het merk. Zonder zichtbaarheid blijft zelfs het beste design onzichtbaar.<\/p>","protected":false},"excerpt":{"rendered":"","protected":false},"author":1,"featured_media":39503,"comment_status":"open","ping_status":"open","sticky":false,"template":"","format":"standard","meta":{"_acf_changed":false,"_sitemap_exclude":false,"_sitemap_priority":"","_sitemap_frequency":"","footnotes":""},"categories":[26],"tags":[],"class_list":["post-42364","post","type-post","status-publish","format-standard","has-post-thumbnail","hentry","category-lancia","generate-columns","tablet-grid-50","mobile-grid-100","grid-parent","grid-33"],"acf":[],"yoast_head":"<!-- This site is optimized with the Yoast SEO plugin v25.8 - https:\/\/yoast.com\/wordpress\/plugins\/seo\/ -->\n<title>Lancia s\u2019engage en WRC2\u2026 mais peine \u00e0 vendre ses voitures - ItalPassion<\/title>\n<meta name=\"description\" content=\"Alors que Lancia vient tout juste de confirmer son engagement en WRC2 pour la saison 2026, la situation commerciale de la marque reste, elle, nettement\" \/>\n<meta name=\"robots\" content=\"index, follow, max-snippet:-1, max-image-preview:large, max-video-preview:-1\" \/>\n<link rel=\"canonical\" href=\"https:\/\/www.italpassion.fr\/nl\/lancia\/lancia-doet-mee-aan-wrc2-maar-heeft-moeite-autos-te-verkopen\/\" \/>\n<meta property=\"og:locale\" content=\"nl_NL\" \/>\n<meta property=\"og:type\" content=\"article\" \/>\n<meta property=\"og:title\" content=\"Lancia s\u2019engage en WRC2\u2026 mais peine \u00e0 vendre ses voitures - ItalPassion\" \/>\n<meta property=\"og:description\" content=\"Alors que Lancia vient tout juste de confirmer son engagement en WRC2 pour la saison 2026, la situation commerciale de la marque reste, elle, nettement\" \/>\n<meta property=\"og:url\" content=\"https:\/\/www.italpassion.fr\/nl\/lancia\/lancia-doet-mee-aan-wrc2-maar-heeft-moeite-autos-te-verkopen\/\" \/>\n<meta property=\"og:site_name\" content=\"ItalPassion\" \/>\n<meta property=\"article:publisher\" content=\"https:\/\/www.facebook.com\/italpassion\" \/>\n<meta property=\"article:published_time\" content=\"2025-10-21T15:14:36+00:00\" \/>\n<meta property=\"og:image\" content=\"https:\/\/www.italpassion.fr\/wp-content\/uploads\/2025\/06\/lancia-ypsilon-Vernice-Arancio-Lava-con-tetto-nero.jpg\" \/>\n\t<meta property=\"og:image:width\" content=\"1200\" \/>\n\t<meta property=\"og:image:height\" content=\"800\" \/>\n\t<meta property=\"og:image:type\" content=\"image\/jpeg\" \/>\n<meta name=\"author\" content=\"Alexandre Filluzeau\" \/>\n<meta name=\"twitter:card\" content=\"summary_large_image\" \/>\n<meta name=\"twitter:creator\" content=\"@italpassion\" \/>\n<meta name=\"twitter:site\" content=\"@italpassion\" \/>\n<script type=\"application\/ld+json\" class=\"yoast-schema-graph\">{\"@context\":\"https:\/\/schema.org\",\"@graph\":[{\"@type\":\"NewsArticle\",\"@id\":\"https:\/\/www.italpassion.fr\/nl\/lancia\/lancia-sengage-en-wrc2-mais-peine-a-vendre-ses-voitures\/#article\",\"isPartOf\":{\"@id\":\"https:\/\/www.italpassion.fr\/nl\/lancia\/lancia-sengage-en-wrc2-mais-peine-a-vendre-ses-voitures\/\"},\"author\":{\"name\":\"Alexandre Filluzeau\",\"@id\":\"https:\/\/www.italpassion.fr\/nl\/#\/schema\/person\/36f747b2a759ca202d847e85a9434ca0\"},\"headline\":\"Lancia s\u2019engage en WRC2\u2026 mais peine \u00e0 vendre ses voitures\",\"datePublished\":\"2025-10-21T15:14:36+00:00\",\"mainEntityOfPage\":{\"@id\":\"https:\/\/www.italpassion.fr\/nl\/lancia\/lancia-sengage-en-wrc2-mais-peine-a-vendre-ses-voitures\/\"},\"wordCount\":535,\"commentCount\":26,\"publisher\":{\"@id\":\"https:\/\/www.italpassion.fr\/nl\/#organization\"},\"image\":{\"@id\":\"https:\/\/www.italpassion.fr\/nl\/lancia\/lancia-sengage-en-wrc2-mais-peine-a-vendre-ses-voitures\/#primaryimage\"},\"thumbnailUrl\":\"https:\/\/www.italpassion.fr\/wp-content\/uploads\/2025\/06\/lancia-ypsilon-Vernice-Arancio-Lava-con-tetto-nero.jpg\",\"articleSection\":[\"Lancia\"],\"inLanguage\":\"nl-NL\",\"potentialAction\":[{\"@type\":\"CommentAction\",\"name\":\"Comment\",\"target\":[\"https:\/\/www.italpassion.fr\/nl\/lancia\/lancia-sengage-en-wrc2-mais-peine-a-vendre-ses-voitures\/#respond\"]}]},{\"@type\":\"WebPage\",\"@id\":\"https:\/\/www.italpassion.fr\/nl\/lancia\/lancia-sengage-en-wrc2-mais-peine-a-vendre-ses-voitures\/\",\"url\":\"https:\/\/www.italpassion.fr\/nl\/lancia\/lancia-sengage-en-wrc2-mais-peine-a-vendre-ses-voitures\/\",\"name\":\"Lancia s\u2019engage en WRC2\u2026 mais peine \u00e0 vendre ses voitures - ItalPassion\",\"isPartOf\":{\"@id\":\"https:\/\/www.italpassion.fr\/nl\/#website\"},\"primaryImageOfPage\":{\"@id\":\"https:\/\/www.italpassion.fr\/nl\/lancia\/lancia-sengage-en-wrc2-mais-peine-a-vendre-ses-voitures\/#primaryimage\"},\"image\":{\"@id\":\"https:\/\/www.italpassion.fr\/nl\/lancia\/lancia-sengage-en-wrc2-mais-peine-a-vendre-ses-voitures\/#primaryimage\"},\"thumbnailUrl\":\"https:\/\/www.italpassion.fr\/wp-content\/uploads\/2025\/06\/lancia-ypsilon-Vernice-Arancio-Lava-con-tetto-nero.jpg\",\"datePublished\":\"2025-10-21T15:14:36+00:00\",\"description\":\"Alors que Lancia vient tout juste de confirmer son engagement en WRC2 pour la saison 2026, la situation commerciale de la marque reste, elle, nettement\",\"breadcrumb\":{\"@id\":\"https:\/\/www.italpassion.fr\/nl\/lancia\/lancia-sengage-en-wrc2-mais-peine-a-vendre-ses-voitures\/#breadcrumb\"},\"inLanguage\":\"nl-NL\",\"potentialAction\":[{\"@type\":\"ReadAction\",\"target\":[\"https:\/\/www.italpassion.fr\/nl\/lancia\/lancia-sengage-en-wrc2-mais-peine-a-vendre-ses-voitures\/\"]}]},{\"@type\":\"ImageObject\",\"inLanguage\":\"nl-NL\",\"@id\":\"https:\/\/www.italpassion.fr\/nl\/lancia\/lancia-sengage-en-wrc2-mais-peine-a-vendre-ses-voitures\/#primaryimage\",\"url\":\"https:\/\/www.italpassion.fr\/wp-content\/uploads\/2025\/06\/lancia-ypsilon-Vernice-Arancio-Lava-con-tetto-nero.jpg\",\"contentUrl\":\"https:\/\/www.italpassion.fr\/wp-content\/uploads\/2025\/06\/lancia-ypsilon-Vernice-Arancio-Lava-con-tetto-nero.jpg\",\"width\":1200,\"height\":800},{\"@type\":\"BreadcrumbList\",\"@id\":\"https:\/\/www.italpassion.fr\/nl\/lancia\/lancia-sengage-en-wrc2-mais-peine-a-vendre-ses-voitures\/#breadcrumb\",\"itemListElement\":[{\"@type\":\"ListItem\",\"position\":1,\"name\":\"Accueil\",\"item\":\"https:\/\/www.italpassion.fr\/nl\/\"},{\"@type\":\"ListItem\",\"position\":2,\"name\":\"Lancia s\u2019engage en WRC2\u2026 mais peine \u00e0 vendre ses voitures\"}]},{\"@type\":\"WebSite\",\"@id\":\"https:\/\/www.italpassion.fr\/nl\/#website\",\"url\":\"https:\/\/www.italpassion.fr\/nl\/\",\"name\":\"ItalPassion\",\"description\":\"Les Passionn\u00e9s d&#039;Automobiles Italiennes\",\"publisher\":{\"@id\":\"https:\/\/www.italpassion.fr\/nl\/#organization\"},\"potentialAction\":[{\"@type\":\"SearchAction\",\"target\":{\"@type\":\"EntryPoint\",\"urlTemplate\":\"https:\/\/www.italpassion.fr\/nl\/?s={search_term_string}\"},\"query-input\":{\"@type\":\"PropertyValueSpecification\",\"valueRequired\":true,\"valueName\":\"search_term_string\"}}],\"inLanguage\":\"nl-NL\"},{\"@type\":\"Organization\",\"@id\":\"https:\/\/www.italpassion.fr\/nl\/#organization\",\"name\":\"Italpassion\",\"url\":\"https:\/\/www.italpassion.fr\/nl\/\",\"logo\":{\"@type\":\"ImageObject\",\"inLanguage\":\"nl-NL\",\"@id\":\"https:\/\/www.italpassion.fr\/nl\/#\/schema\/logo\/image\/\",\"url\":\"https:\/\/www.italpassion.fr\/wp-content\/uploads\/2023\/07\/italpassion-yoast.jpg\",\"contentUrl\":\"https:\/\/www.italpassion.fr\/wp-content\/uploads\/2023\/07\/italpassion-yoast.jpg\",\"width\":696,\"height\":696,\"caption\":\"Italpassion\"},\"image\":{\"@id\":\"https:\/\/www.italpassion.fr\/nl\/#\/schema\/logo\/image\/\"},\"sameAs\":[\"https:\/\/www.facebook.com\/italpassion\",\"https:\/\/x.com\/italpassion\",\"https:\/\/www.instagram.com\/italpassionfr\/\",\"https:\/\/www.youtube.com\/channel\/UCleq-ByQaA42OjhopwevRjQ\",\"https:\/\/www.facebook.com\/italpassion.en\/\",\"https:\/\/www.facebook.com\/italpassion.it\/\",\"https:\/\/www.facebook.com\/italpassion.de\/\",\"https:\/\/www.facebook.com\/italpassion.ja\/\"]},{\"@type\":\"Person\",\"@id\":\"https:\/\/www.italpassion.fr\/nl\/#\/schema\/person\/36f747b2a759ca202d847e85a9434ca0\",\"name\":\"Alexandre Filluzeau\",\"image\":{\"@type\":\"ImageObject\",\"inLanguage\":\"nl-NL\",\"@id\":\"https:\/\/www.italpassion.fr\/nl\/#\/schema\/person\/image\/\",\"url\":\"https:\/\/www.italpassion.fr\/wp-content\/uploads\/2025\/04\/avatar-alexandre-160x160.jpg\",\"contentUrl\":\"https:\/\/www.italpassion.fr\/wp-content\/uploads\/2025\/04\/avatar-alexandre-160x160.jpg\",\"caption\":\"Alexandre Filluzeau\"},\"description\":\"Fondateur du site ItalPassion, passionn\u00e9 de voitures italiennes et de l'Italie en g\u00e9n\u00e9ral. J'apporte un regard critique et technique aux actualit\u00e9s des marques italiennes quand cela est possible. Propri\u00e9taire d'une Maserati GranTurismo, Alfa Romeo MiTo, Lancia Fulvia et Ducati 695. Ex-propri\u00e9taire d'une Alfa Romeo Giulia.\",\"sameAs\":[\"https:\/\/www.italpassion.fr\/\"],\"url\":\"https:\/\/www.italpassion.fr\/nl\/author\/alexandre\/\"}]}<\/script>\n<!-- \/ Yoast SEO plugin. -->","yoast_head_json":{"title":"Lancia doet mee aan WRC2... maar heeft moeite om auto's te verkopen - ItalPassion","description":"Hoewel Lancia onlangs zijn verbintenis met het WRC2 heeft bevestigd voor het seizoen 2026, blijft de commerci\u00eble situatie van het merk verre van bevredigend.","robots":{"index":"index","follow":"follow","max-snippet":"max-snippet:-1","max-image-preview":"max-image-preview:large","max-video-preview":"max-video-preview:-1"},"canonical":"https:\/\/www.italpassion.fr\/nl\/lancia\/lancia-doet-mee-aan-wrc2-maar-heeft-moeite-autos-te-verkopen\/","og_locale":"nl_NL","og_type":"article","og_title":"Lancia s\u2019engage en WRC2\u2026 mais peine \u00e0 vendre ses voitures - ItalPassion","og_description":"Alors que Lancia vient tout juste de confirmer son engagement en WRC2 pour la saison 2026, la situation commerciale de la marque reste, elle, nettement","og_url":"https:\/\/www.italpassion.fr\/nl\/lancia\/lancia-doet-mee-aan-wrc2-maar-heeft-moeite-autos-te-verkopen\/","og_site_name":"ItalPassion","article_publisher":"https:\/\/www.facebook.com\/italpassion","article_published_time":"2025-10-21T15:14:36+00:00","og_image":[{"width":1200,"height":800,"url":"https:\/\/www.italpassion.fr\/wp-content\/uploads\/2025\/06\/lancia-ypsilon-Vernice-Arancio-Lava-con-tetto-nero.jpg","type":"image\/jpeg"}],"author":"Alexandre Filluzeau","twitter_card":"summary_large_image","twitter_creator":"@italpassion","twitter_site":"@italpassion","schema":{"@context":"https:\/\/schema.org","@graph":[{"@type":"NewsArticle","@id":"https:\/\/www.italpassion.fr\/nl\/lancia\/lancia-sengage-en-wrc2-mais-peine-a-vendre-ses-voitures\/#article","isPartOf":{"@id":"https:\/\/www.italpassion.fr\/nl\/lancia\/lancia-sengage-en-wrc2-mais-peine-a-vendre-ses-voitures\/"},"author":{"name":"Alexandre Filluzeau","@id":"https:\/\/www.italpassion.fr\/nl\/#\/schema\/person\/36f747b2a759ca202d847e85a9434ca0"},"headline":"Lancia s\u2019engage en WRC2\u2026 mais peine \u00e0 vendre ses voitures","datePublished":"2025-10-21T15:14:36+00:00","mainEntityOfPage":{"@id":"https:\/\/www.italpassion.fr\/nl\/lancia\/lancia-sengage-en-wrc2-mais-peine-a-vendre-ses-voitures\/"},"wordCount":535,"commentCount":26,"publisher":{"@id":"https:\/\/www.italpassion.fr\/nl\/#organization"},"image":{"@id":"https:\/\/www.italpassion.fr\/nl\/lancia\/lancia-sengage-en-wrc2-mais-peine-a-vendre-ses-voitures\/#primaryimage"},"thumbnailUrl":"https:\/\/www.italpassion.fr\/wp-content\/uploads\/2025\/06\/lancia-ypsilon-Vernice-Arancio-Lava-con-tetto-nero.jpg","articleSection":["Lancia"],"inLanguage":"nl-NL","potentialAction":[{"@type":"CommentAction","name":"Comment","target":["https:\/\/www.italpassion.fr\/nl\/lancia\/lancia-sengage-en-wrc2-mais-peine-a-vendre-ses-voitures\/#respond"]}]},{"@type":"WebPage","@id":"https:\/\/www.italpassion.fr\/nl\/lancia\/lancia-sengage-en-wrc2-mais-peine-a-vendre-ses-voitures\/","url":"https:\/\/www.italpassion.fr\/nl\/lancia\/lancia-sengage-en-wrc2-mais-peine-a-vendre-ses-voitures\/","name":"Lancia doet mee aan WRC2... maar heeft moeite om auto's te verkopen - ItalPassion","isPartOf":{"@id":"https:\/\/www.italpassion.fr\/nl\/#website"},"primaryImageOfPage":{"@id":"https:\/\/www.italpassion.fr\/nl\/lancia\/lancia-sengage-en-wrc2-mais-peine-a-vendre-ses-voitures\/#primaryimage"},"image":{"@id":"https:\/\/www.italpassion.fr\/nl\/lancia\/lancia-sengage-en-wrc2-mais-peine-a-vendre-ses-voitures\/#primaryimage"},"thumbnailUrl":"https:\/\/www.italpassion.fr\/wp-content\/uploads\/2025\/06\/lancia-ypsilon-Vernice-Arancio-Lava-con-tetto-nero.jpg","datePublished":"2025-10-21T15:14:36+00:00","description":"Hoewel Lancia onlangs zijn verbintenis met het WRC2 heeft bevestigd voor het seizoen 2026, blijft de commerci\u00eble situatie van het merk verre van bevredigend.","breadcrumb":{"@id":"https:\/\/www.italpassion.fr\/nl\/lancia\/lancia-sengage-en-wrc2-mais-peine-a-vendre-ses-voitures\/#breadcrumb"},"inLanguage":"nl-NL","potentialAction":[{"@type":"ReadAction","target":["https:\/\/www.italpassion.fr\/nl\/lancia\/lancia-sengage-en-wrc2-mais-peine-a-vendre-ses-voitures\/"]}]},{"@type":"ImageObject","inLanguage":"nl-NL","@id":"https:\/\/www.italpassion.fr\/nl\/lancia\/lancia-sengage-en-wrc2-mais-peine-a-vendre-ses-voitures\/#primaryimage","url":"https:\/\/www.italpassion.fr\/wp-content\/uploads\/2025\/06\/lancia-ypsilon-Vernice-Arancio-Lava-con-tetto-nero.jpg","contentUrl":"https:\/\/www.italpassion.fr\/wp-content\/uploads\/2025\/06\/lancia-ypsilon-Vernice-Arancio-Lava-con-tetto-nero.jpg","width":1200,"height":800},{"@type":"BreadcrumbList","@id":"https:\/\/www.italpassion.fr\/nl\/lancia\/lancia-sengage-en-wrc2-mais-peine-a-vendre-ses-voitures\/#breadcrumb","itemListElement":[{"@type":"ListItem","position":1,"name":"Accueil","item":"https:\/\/www.italpassion.fr\/nl\/"},{"@type":"ListItem","position":2,"name":"Lancia s\u2019engage en WRC2\u2026 mais peine \u00e0 vendre ses voitures"}]},{"@type":"WebSite","@id":"https:\/\/www.italpassion.fr\/nl\/#website","url":"https:\/\/www.italpassion.fr\/nl\/","name":"ItalPassion","description":"Italiaanse autoliefhebbers","publisher":{"@id":"https:\/\/www.italpassion.fr\/nl\/#organization"},"potentialAction":[{"@type":"SearchAction","target":{"@type":"EntryPoint","urlTemplate":"https:\/\/www.italpassion.fr\/nl\/?s={search_term_string}"},"query-input":{"@type":"PropertyValueSpecification","valueRequired":true,"valueName":"search_term_string"}}],"inLanguage":"nl-NL"},{"@type":"Organization","@id":"https:\/\/www.italpassion.fr\/nl\/#organization","name":"Italpassion","url":"https:\/\/www.italpassion.fr\/nl\/","logo":{"@type":"ImageObject","inLanguage":"nl-NL","@id":"https:\/\/www.italpassion.fr\/nl\/#\/schema\/logo\/image\/","url":"https:\/\/www.italpassion.fr\/wp-content\/uploads\/2023\/07\/italpassion-yoast.jpg","contentUrl":"https:\/\/www.italpassion.fr\/wp-content\/uploads\/2023\/07\/italpassion-yoast.jpg","width":696,"height":696,"caption":"Italpassion"},"image":{"@id":"https:\/\/www.italpassion.fr\/nl\/#\/schema\/logo\/image\/"},"sameAs":["https:\/\/www.facebook.com\/italpassion","https:\/\/x.com\/italpassion","https:\/\/www.instagram.com\/italpassionfr\/","https:\/\/www.youtube.com\/channel\/UCleq-ByQaA42OjhopwevRjQ","https:\/\/www.facebook.com\/italpassion.en\/","https:\/\/www.facebook.com\/italpassion.it\/","https:\/\/www.facebook.com\/italpassion.de\/","https:\/\/www.facebook.com\/italpassion.ja\/"]},{"@type":"Person","@id":"https:\/\/www.italpassion.fr\/nl\/#\/schema\/person\/36f747b2a759ca202d847e85a9434ca0","name":"Alexandre Filluzeau","image":{"@type":"ImageObject","inLanguage":"nl-NL","@id":"https:\/\/www.italpassion.fr\/nl\/#\/schema\/person\/image\/","url":"https:\/\/www.italpassion.fr\/wp-content\/uploads\/2025\/04\/avatar-alexandre-160x160.jpg","contentUrl":"https:\/\/www.italpassion.fr\/wp-content\/uploads\/2025\/04\/avatar-alexandre-160x160.jpg","caption":"Alexandre Filluzeau"},"description":"Oprichter van de website ItalPassion, gepassioneerd door Italiaanse auto's en Itali\u00eb in het algemeen. Waar mogelijk breng ik een kritisch en technisch oog naar nieuws over Italiaanse merken. Eigenaar van een Maserati GranTurismo, Alfa Romeo MiTo, Lancia Fulvia en Ducati 695. Ex-eigenaar van een Alfa Romeo Giulia.","sameAs":["https:\/\/www.italpassion.fr\/"],"url":"https:\/\/www.italpassion.fr\/nl\/author\/alexandre\/"}]}},"_links":{"self":[{"href":"https:\/\/www.italpassion.fr\/nl\/wp-json\/wp\/v2\/posts\/42364","targetHints":{"allow":["GET"]}}],"collection":[{"href":"https:\/\/www.italpassion.fr\/nl\/wp-json\/wp\/v2\/posts"}],"about":[{"href":"https:\/\/www.italpassion.fr\/nl\/wp-json\/wp\/v2\/types\/post"}],"author":[{"embeddable":true,"href":"https:\/\/www.italpassion.fr\/nl\/wp-json\/wp\/v2\/users\/1"}],"replies":[{"embeddable":true,"href":"https:\/\/www.italpassion.fr\/nl\/wp-json\/wp\/v2\/comments?post=42364"}],"version-history":[{"count":1,"href":"https:\/\/www.italpassion.fr\/nl\/wp-json\/wp\/v2\/posts\/42364\/revisions"}],"predecessor-version":[{"id":42367,"href":"https:\/\/www.italpassion.fr\/nl\/wp-json\/wp\/v2\/posts\/42364\/revisions\/42367"}],"wp:featuredmedia":[{"embeddable":true,"href":"https:\/\/www.italpassion.fr\/nl\/wp-json\/wp\/v2\/media\/39503"}],"wp:attachment":[{"href":"https:\/\/www.italpassion.fr\/nl\/wp-json\/wp\/v2\/media?parent=42364"}],"wp:term":[{"taxonomy":"category","embeddable":true,"href":"https:\/\/www.italpassion.fr\/nl\/wp-json\/wp\/v2\/categories?post=42364"},{"taxonomy":"post_tag","embeddable":true,"href":"https:\/\/www.italpassion.fr\/nl\/wp-json\/wp\/v2\/tags?post=42364"}],"curies":[{"name":"wp","href":"https:\/\/api.w.org\/{rel}","templated":true}]}}