{"id":42321,"date":"2025-10-21T09:37:43","date_gmt":"2025-10-21T07:37:43","guid":{"rendered":"https:\/\/www.italpassion.fr\/?p=42321"},"modified":"2025-10-21T09:37:43","modified_gmt":"2025-10-21T07:37:43","slug":"de-nieuwe-ceo-van-stellantis-bezoekt-italiaanse-vakbonden-en-spreekt-met-brussel-we-moeten-de-europese-regelgeving-herzien","status":"publish","type":"post","link":"https:\/\/www.italpassion.fr\/nl\/stellantis\/le-nouveau-ceo-de-stellantis-rend-visite-aux-syndicats-italiens-et-sadresse-a-bruxelles-nous-devons-revoir-la-reglementation-europeenne\/","title":{"rendered":"De nieuwe CEO van Stellantis bezoekt Italiaanse vakbonden en richt zich tot Brussel: \"We moeten de Europese regelgeving herzien!"},"content":{"rendered":"<figure class=\"wp-block-image size-full\"><img loading=\"lazy\" decoding=\"async\" width=\"1200\" height=\"800\" src=\"https:\/\/www.italpassion.fr\/wp-content\/uploads\/2025\/10\/antonio-filosa-10.jpg\" alt=\"\" class=\"wp-image-42322\" srcset=\"https:\/\/www.italpassion.fr\/wp-content\/uploads\/2025\/10\/antonio-filosa-10.jpg 1200w, https:\/\/www.italpassion.fr\/wp-content\/uploads\/2025\/10\/antonio-filosa-10-420x280.jpg 420w, https:\/\/www.italpassion.fr\/wp-content\/uploads\/2025\/10\/antonio-filosa-10-768x512.jpg 768w, https:\/\/www.italpassion.fr\/wp-content\/uploads\/2025\/10\/antonio-filosa-10-18x12.jpg 18w\" sizes=\"auto, (max-width: 1200px) 100vw, 1200px\" \/><\/figure>\n\n\n\n<p>Maandag 20 oktober 2025 blijft een symbolische datum voor de werknemers van Mirafiori. Voor het eerst sinds zijn benoeming zal de nieuwe CEO van <a href=\"https:\/\/www.italpassion.fr\/nl\/stellantis\/\">Stellantis<\/a>Antonio Filosa, reisde naar Turijn om de Italiaanse vakbonden te ontmoeten. Het was een langverwacht bezoek, waar al jaren om werd gevraagd, zelfs onder Carlos Tavares.<\/p>\n\n\n\n<h2 class=\"wp-block-heading\">Een langverwacht bezoek aan Mirafiori<\/h2>\n\n\n\n<p>Terwijl Stellantis onlangs een kolossale investering van 13 miljard dollar in de Verenigde Staten bevestigde, bleef de situatie in Itali\u00eb gekenmerkt door twijfel. De vakbonden vroegen om een concreet gebaar om de binnenlandse productie, die al enkele jaren achteruitgaat, nieuw leven in te blazen.<\/p>\n\n\n\n<p>Filosa kwam niet met lege handen: hij kondigde 400 nieuwe banen aan in de Mirafiori-fabriek om de productie van de nieuwe Fiat 500 hybride, die in november van start gaat, te ondersteunen. Dankzij deze beslissing kan de fabriek in Turijn in februari 2026 een nieuwe productiefase ingaan en uiteindelijk 150.000 auto's per jaar produceren.<\/p>\n\n\n\n<blockquote class=\"wp-block-quote is-layout-flow wp-block-quote-is-layout-flow\"><svg aria-hidden=\"true\" focusable=\"false\" class=\"icon icon-quote\" width=\"48\" height=\"48\"><use xlink:href=\"#icon-quote\"><\/use><\/svg>\n<p>\"Het is nog niet genoeg, maar het is alles wat we kunnen doen gezien de context\", gaf hij toe, maar hij verwelkomde niettemin \"een belangrijke stap voor de werkgelegenheid in Itali\u00eb\".<\/p>\n<\/blockquote>\n\n\n\n<p>Dit is de eerste keer in bijna dertig jaar dat Mirafiori een vergelijkbare wervingsgolf heeft gezien sinds het einde van de jaren negentig.<\/p>\n\n\n\n<h2 class=\"wp-block-heading\">Een politieke boodschap aan Brussel<\/h2>\n\n\n\n<p>Maar naast deze symbolische aankondiging lag de kern van Filosa's boodschap ergens anders: het Europese regelgevingskader moet veranderen.<\/p>\n\n\n\n<blockquote class=\"wp-block-quote is-layout-flow wp-block-quote-is-layout-flow\"><svg aria-hidden=\"true\" focusable=\"false\" class=\"icon icon-quote\" width=\"48\" height=\"48\"><use xlink:href=\"#icon-quote\"><\/use><\/svg>\n<p>\"We moeten de Europese regelgeving herzien, die geen rekening houdt met de realiteit van de markt en de industri\u00eble context\", aldus de Stellantis-baas, die de Italiaanse vakbonden opriep om deze benadering bij de Europese instellingen te steunen.<\/p>\n<\/blockquote>\n\n\n\n<p>Volgens hem zijn doelstellingen voor koolstofneutraliteit en een verbod op de verkoop van verbrandingsmotoren tegen 2035 gewoonweg \"onrealistisch\". Hij pleit voor een meer pragmatische aanpak, gebaseerd op technologische neutraliteit: \"We moeten onze klanten laten kiezen uit het volledige gamma voertuigen dat ze willen, elektrisch, hybride of met verbrandingsmotor. Dat is de enige manier om de productie weer op gang te krijgen.<\/p>\n\n\n\n<h2 class=\"wp-block-heading\">Fabrieken nog onzeker<\/h2>\n\n\n\n<p>Terwijl Mirafiori een opleving ziet komen met de 500 hybride, wachten andere sites nog steeds.<\/p>\n\n\n\n<ul class=\"wp-block-list\">\n<li>Cassino, waar de toekomstige Alfa Romeo Stelvio en Giulia moeten worden geproduceerd op het STLA Large-platform, wacht nog steeds op de daadwerkelijke lancering van het programma, dat is uitgesteld tot 2027 om ook hybride versies te kunnen produceren.<\/li>\n\n\n\n<li>Bij Termoli blijft de situatie het meest kritiek: de Gigafactory voor batterijen staat nog steeds in de wacht en er is geen nieuwe duidelijke toewijzing aangekondigd.<\/li>\n\n\n\n<li>Tot slot bereidt Stellantis in Melfi de productie voor van de nieuwe hybride Jeep Compass, gevolgd door de DS7 en Lancia Gamma vanaf 2026.<\/li>\n<\/ul>\n\n\n\n<p>In het licht van deze onzekerheden verwelkomen de vakbonden het gebaar voor Mirafiori, terwijl ze vragen om een versterking van \"Piano Italia\" en concrete toezeggingen voor de andere fabrieken.<\/p>\n\n\n\n<h2 class=\"wp-block-heading\">Een eerste contact, maar veel vragen<\/h2>\n\n\n\n<p>Voor Filosa was deze bijeenkomst vooral een symbolisch eerste contact met de Italiaanse vertegenwoordigers. Hij probeerde hen gerust te stellen: \"Itali\u00eb blijft centraal staan in onze strategische visie\". Maar hij onderstreepte ook de beperkingen van het Europese model en vergeleek de situatie met die in de Verenigde Staten, waar Stellantis dankzij een gunstiger kader 13 miljard dollar kon investeren en 5000 banen kon cre\u00ebren.<\/p>\n\n\n\n<p>De vakbonden, verdeeld tussen voorzichtigheid en hoop, erkenden een verandering in toon: \"De lancering van hybride modellen is een goed begin\", merkte Uilm op. De lancering van hybride modellen is een goed begin\", zei Uilm. \"Maar we staan pas aan het begin van een moeilijke reis, die evenzeer van Stellantis als van het Europese beleid zal afhangen.\"<\/p>\n\n\n\n<h2 class=\"wp-block-heading\">Strijd om regelgeving<\/h2>\n\n\n\n<p>Door de presentatie van haar nieuwe <a href=\"https:\/\/www.italpassion.fr\/nl\/stellantis\/stellantis-stelt-de-presentatie-van-zijn-nieuwe-industriele-plan-uit\/\">industrieel plan tegen het einde van de eerste helft van 2026<\/a>Antonio Filosa legt de basis voor een politiek en industrieel offensief. Stellantis wil nu het Europese debat be\u00efnvloeden om een versoepeling van de milieuregels te verkrijgen, erkenning van technologische neutraliteit en steun voor het segment van de kleine auto's, dat van vitaal belang is voor de Italiaanse industrie.<\/p>\n\n\n\n<p>E\u00e9n ding is zeker: na jaren van spanningen tussen de Italiaanse fabrieken en het management van de groep, is de dialoog eindelijk heropend. Maar het duurzame herstel van de productie zal nu evenzeer afhangen van beslissingen die in Brussel worden genomen als in Turijn.<\/p>","protected":false},"excerpt":{"rendered":"","protected":false},"author":1,"featured_media":42322,"comment_status":"open","ping_status":"open","sticky":false,"template":"","format":"standard","meta":{"_acf_changed":false,"_sitemap_exclude":false,"_sitemap_priority":"","_sitemap_frequency":"","footnotes":""},"categories":[29],"tags":[565],"class_list":["post-42321","post","type-post","status-publish","format-standard","has-post-thumbnail","hentry","category-stellantis","tag-antonio-filosa","generate-columns","tablet-grid-50","mobile-grid-100","grid-parent","grid-33"],"acf":[],"yoast_head":"<!-- This site is optimized with the Yoast SEO plugin v25.8 - https:\/\/yoast.com\/wordpress\/plugins\/seo\/ -->\n<title>Le nouveau CEO de Stellantis rend visite aux syndicats italiens et s&#039;adresse \u00e0 Bruxelles : &quot;Nous devons revoir\u00a0la r\u00e9glementation europ\u00e9enne !&quot; - ItalPassion<\/title>\n<meta name=\"description\" content=\"Lundi 20 octobre 2025 restera comme une date symbolique pour les ouvriers de Mirafiori. Pour la premi\u00e8re fois depuis sa nomination, le nouveau CEO de\" \/>\n<meta name=\"robots\" content=\"index, follow, max-snippet:-1, max-image-preview:large, max-video-preview:-1\" \/>\n<link rel=\"canonical\" href=\"https:\/\/www.italpassion.fr\/nl\/stellantis\/de-nieuwe-ceo-van-stellantis-bezoekt-italiaanse-vakbonden-en-spreekt-met-brussel-we-moeten-de-europese-regelgeving-herzien\/\" \/>\n<meta property=\"og:locale\" content=\"nl_NL\" \/>\n<meta property=\"og:type\" content=\"article\" \/>\n<meta property=\"og:title\" content=\"Le nouveau CEO de Stellantis rend visite aux syndicats italiens et s&#039;adresse \u00e0 Bruxelles : &quot;Nous devons revoir\u00a0la r\u00e9glementation europ\u00e9enne !&quot; - ItalPassion\" \/>\n<meta property=\"og:description\" content=\"Lundi 20 octobre 2025 restera comme une date symbolique pour les ouvriers de Mirafiori. Pour la premi\u00e8re fois depuis sa nomination, le nouveau CEO de\" \/>\n<meta property=\"og:url\" content=\"https:\/\/www.italpassion.fr\/nl\/stellantis\/de-nieuwe-ceo-van-stellantis-bezoekt-italiaanse-vakbonden-en-spreekt-met-brussel-we-moeten-de-europese-regelgeving-herzien\/\" \/>\n<meta property=\"og:site_name\" content=\"ItalPassion\" \/>\n<meta property=\"article:publisher\" content=\"https:\/\/www.facebook.com\/italpassion\" \/>\n<meta property=\"article:published_time\" content=\"2025-10-21T07:37:43+00:00\" \/>\n<meta property=\"og:image\" content=\"https:\/\/www.italpassion.fr\/wp-content\/uploads\/2025\/10\/antonio-filosa-10.jpg\" \/>\n\t<meta property=\"og:image:width\" content=\"1200\" \/>\n\t<meta property=\"og:image:height\" content=\"800\" \/>\n\t<meta property=\"og:image:type\" content=\"image\/jpeg\" \/>\n<meta name=\"author\" content=\"Alexandre Filluzeau\" \/>\n<meta name=\"twitter:card\" content=\"summary_large_image\" \/>\n<meta name=\"twitter:creator\" content=\"@italpassion\" \/>\n<meta name=\"twitter:site\" content=\"@italpassion\" \/>\n<script type=\"application\/ld+json\" class=\"yoast-schema-graph\">{\"@context\":\"https:\/\/schema.org\",\"@graph\":[{\"@type\":\"NewsArticle\",\"@id\":\"https:\/\/www.italpassion.fr\/nl\/stellantis\/le-nouveau-ceo-de-stellantis-rend-visite-aux-syndicats-italiens-et-sadresse-a-bruxelles-nous-devons-revoir-la-reglementation-europeenne\/#article\",\"isPartOf\":{\"@id\":\"https:\/\/www.italpassion.fr\/nl\/stellantis\/le-nouveau-ceo-de-stellantis-rend-visite-aux-syndicats-italiens-et-sadresse-a-bruxelles-nous-devons-revoir-la-reglementation-europeenne\/\"},\"author\":{\"name\":\"Alexandre Filluzeau\",\"@id\":\"https:\/\/www.italpassion.fr\/nl\/#\/schema\/person\/36f747b2a759ca202d847e85a9434ca0\"},\"headline\":\"Le nouveau CEO de Stellantis rend visite aux syndicats italiens et s&rsquo;adresse \u00e0 Bruxelles : \u00ab\u00a0Nous devons revoir\u00a0la r\u00e9glementation europ\u00e9enne !\u00a0\u00bb\",\"datePublished\":\"2025-10-21T07:37:43+00:00\",\"mainEntityOfPage\":{\"@id\":\"https:\/\/www.italpassion.fr\/nl\/stellantis\/le-nouveau-ceo-de-stellantis-rend-visite-aux-syndicats-italiens-et-sadresse-a-bruxelles-nous-devons-revoir-la-reglementation-europeenne\/\"},\"wordCount\":756,\"commentCount\":13,\"publisher\":{\"@id\":\"https:\/\/www.italpassion.fr\/nl\/#organization\"},\"image\":{\"@id\":\"https:\/\/www.italpassion.fr\/nl\/stellantis\/le-nouveau-ceo-de-stellantis-rend-visite-aux-syndicats-italiens-et-sadresse-a-bruxelles-nous-devons-revoir-la-reglementation-europeenne\/#primaryimage\"},\"thumbnailUrl\":\"https:\/\/www.italpassion.fr\/wp-content\/uploads\/2025\/10\/antonio-filosa-10.jpg\",\"keywords\":[\"Antonio Filosa\"],\"articleSection\":[\"Stellantis\"],\"inLanguage\":\"nl-NL\",\"potentialAction\":[{\"@type\":\"CommentAction\",\"name\":\"Comment\",\"target\":[\"https:\/\/www.italpassion.fr\/nl\/stellantis\/le-nouveau-ceo-de-stellantis-rend-visite-aux-syndicats-italiens-et-sadresse-a-bruxelles-nous-devons-revoir-la-reglementation-europeenne\/#respond\"]}]},{\"@type\":\"WebPage\",\"@id\":\"https:\/\/www.italpassion.fr\/nl\/stellantis\/le-nouveau-ceo-de-stellantis-rend-visite-aux-syndicats-italiens-et-sadresse-a-bruxelles-nous-devons-revoir-la-reglementation-europeenne\/\",\"url\":\"https:\/\/www.italpassion.fr\/nl\/stellantis\/le-nouveau-ceo-de-stellantis-rend-visite-aux-syndicats-italiens-et-sadresse-a-bruxelles-nous-devons-revoir-la-reglementation-europeenne\/\",\"name\":\"Le nouveau CEO de Stellantis rend visite aux syndicats italiens et s'adresse \u00e0 Bruxelles : \\\"Nous devons revoir\u00a0la r\u00e9glementation europ\u00e9enne !\\\" - ItalPassion\",\"isPartOf\":{\"@id\":\"https:\/\/www.italpassion.fr\/nl\/#website\"},\"primaryImageOfPage\":{\"@id\":\"https:\/\/www.italpassion.fr\/nl\/stellantis\/le-nouveau-ceo-de-stellantis-rend-visite-aux-syndicats-italiens-et-sadresse-a-bruxelles-nous-devons-revoir-la-reglementation-europeenne\/#primaryimage\"},\"image\":{\"@id\":\"https:\/\/www.italpassion.fr\/nl\/stellantis\/le-nouveau-ceo-de-stellantis-rend-visite-aux-syndicats-italiens-et-sadresse-a-bruxelles-nous-devons-revoir-la-reglementation-europeenne\/#primaryimage\"},\"thumbnailUrl\":\"https:\/\/www.italpassion.fr\/wp-content\/uploads\/2025\/10\/antonio-filosa-10.jpg\",\"datePublished\":\"2025-10-21T07:37:43+00:00\",\"description\":\"Lundi 20 octobre 2025 restera comme une date symbolique pour les ouvriers de Mirafiori. Pour la premi\u00e8re fois depuis sa nomination, le nouveau CEO de\",\"breadcrumb\":{\"@id\":\"https:\/\/www.italpassion.fr\/nl\/stellantis\/le-nouveau-ceo-de-stellantis-rend-visite-aux-syndicats-italiens-et-sadresse-a-bruxelles-nous-devons-revoir-la-reglementation-europeenne\/#breadcrumb\"},\"inLanguage\":\"nl-NL\",\"potentialAction\":[{\"@type\":\"ReadAction\",\"target\":[\"https:\/\/www.italpassion.fr\/nl\/stellantis\/le-nouveau-ceo-de-stellantis-rend-visite-aux-syndicats-italiens-et-sadresse-a-bruxelles-nous-devons-revoir-la-reglementation-europeenne\/\"]}]},{\"@type\":\"ImageObject\",\"inLanguage\":\"nl-NL\",\"@id\":\"https:\/\/www.italpassion.fr\/nl\/stellantis\/le-nouveau-ceo-de-stellantis-rend-visite-aux-syndicats-italiens-et-sadresse-a-bruxelles-nous-devons-revoir-la-reglementation-europeenne\/#primaryimage\",\"url\":\"https:\/\/www.italpassion.fr\/wp-content\/uploads\/2025\/10\/antonio-filosa-10.jpg\",\"contentUrl\":\"https:\/\/www.italpassion.fr\/wp-content\/uploads\/2025\/10\/antonio-filosa-10.jpg\",\"width\":1200,\"height\":800},{\"@type\":\"BreadcrumbList\",\"@id\":\"https:\/\/www.italpassion.fr\/nl\/stellantis\/le-nouveau-ceo-de-stellantis-rend-visite-aux-syndicats-italiens-et-sadresse-a-bruxelles-nous-devons-revoir-la-reglementation-europeenne\/#breadcrumb\",\"itemListElement\":[{\"@type\":\"ListItem\",\"position\":1,\"name\":\"Accueil\",\"item\":\"https:\/\/www.italpassion.fr\/nl\/\"},{\"@type\":\"ListItem\",\"position\":2,\"name\":\"Le nouveau CEO de Stellantis rend visite aux syndicats italiens et s&rsquo;adresse \u00e0 Bruxelles : \u00ab\u00a0Nous devons revoir\u00a0la r\u00e9glementation europ\u00e9enne !\u00a0\u00bb\"}]},{\"@type\":\"WebSite\",\"@id\":\"https:\/\/www.italpassion.fr\/nl\/#website\",\"url\":\"https:\/\/www.italpassion.fr\/nl\/\",\"name\":\"ItalPassion\",\"description\":\"Les Passionn\u00e9s d&#039;Automobiles Italiennes\",\"publisher\":{\"@id\":\"https:\/\/www.italpassion.fr\/nl\/#organization\"},\"potentialAction\":[{\"@type\":\"SearchAction\",\"target\":{\"@type\":\"EntryPoint\",\"urlTemplate\":\"https:\/\/www.italpassion.fr\/nl\/?s={search_term_string}\"},\"query-input\":{\"@type\":\"PropertyValueSpecification\",\"valueRequired\":true,\"valueName\":\"search_term_string\"}}],\"inLanguage\":\"nl-NL\"},{\"@type\":\"Organization\",\"@id\":\"https:\/\/www.italpassion.fr\/nl\/#organization\",\"name\":\"Italpassion\",\"url\":\"https:\/\/www.italpassion.fr\/nl\/\",\"logo\":{\"@type\":\"ImageObject\",\"inLanguage\":\"nl-NL\",\"@id\":\"https:\/\/www.italpassion.fr\/nl\/#\/schema\/logo\/image\/\",\"url\":\"https:\/\/www.italpassion.fr\/wp-content\/uploads\/2023\/07\/italpassion-yoast.jpg\",\"contentUrl\":\"https:\/\/www.italpassion.fr\/wp-content\/uploads\/2023\/07\/italpassion-yoast.jpg\",\"width\":696,\"height\":696,\"caption\":\"Italpassion\"},\"image\":{\"@id\":\"https:\/\/www.italpassion.fr\/nl\/#\/schema\/logo\/image\/\"},\"sameAs\":[\"https:\/\/www.facebook.com\/italpassion\",\"https:\/\/x.com\/italpassion\",\"https:\/\/www.instagram.com\/italpassionfr\/\",\"https:\/\/www.youtube.com\/channel\/UCleq-ByQaA42OjhopwevRjQ\",\"https:\/\/www.facebook.com\/italpassion.en\/\",\"https:\/\/www.facebook.com\/italpassion.it\/\",\"https:\/\/www.facebook.com\/italpassion.de\/\",\"https:\/\/www.facebook.com\/italpassion.ja\/\"]},{\"@type\":\"Person\",\"@id\":\"https:\/\/www.italpassion.fr\/nl\/#\/schema\/person\/36f747b2a759ca202d847e85a9434ca0\",\"name\":\"Alexandre Filluzeau\",\"image\":{\"@type\":\"ImageObject\",\"inLanguage\":\"nl-NL\",\"@id\":\"https:\/\/www.italpassion.fr\/nl\/#\/schema\/person\/image\/\",\"url\":\"https:\/\/www.italpassion.fr\/wp-content\/uploads\/2025\/04\/avatar-alexandre-160x160.jpg\",\"contentUrl\":\"https:\/\/www.italpassion.fr\/wp-content\/uploads\/2025\/04\/avatar-alexandre-160x160.jpg\",\"caption\":\"Alexandre Filluzeau\"},\"description\":\"Fondateur du site ItalPassion, passionn\u00e9 de voitures italiennes et de l'Italie en g\u00e9n\u00e9ral. J'apporte un regard critique et technique aux actualit\u00e9s des marques italiennes quand cela est possible. Propri\u00e9taire d'une Maserati GranTurismo, Alfa Romeo MiTo, Lancia Fulvia et Ducati 695. Ex-propri\u00e9taire d'une Alfa Romeo Giulia.\",\"sameAs\":[\"https:\/\/www.italpassion.fr\/\"],\"url\":\"https:\/\/www.italpassion.fr\/nl\/author\/alexandre\/\"}]}<\/script>\n<!-- \/ Yoast SEO plugin. -->","yoast_head_json":{"title":"De nieuwe CEO van Stellantis bezoekt Italiaanse vakbonden en richt zich tot Brussel: \"We moeten de Europese regelgeving herzien!\" - Italiaanse passie","description":"Maandag 20 oktober 2025 blijft een symbolische datum voor de werknemers van Mirafiori. Voor het eerst sinds zijn benoeming zal de nieuwe CEO van","robots":{"index":"index","follow":"follow","max-snippet":"max-snippet:-1","max-image-preview":"max-image-preview:large","max-video-preview":"max-video-preview:-1"},"canonical":"https:\/\/www.italpassion.fr\/nl\/stellantis\/de-nieuwe-ceo-van-stellantis-bezoekt-italiaanse-vakbonden-en-spreekt-met-brussel-we-moeten-de-europese-regelgeving-herzien\/","og_locale":"nl_NL","og_type":"article","og_title":"Le nouveau CEO de Stellantis rend visite aux syndicats italiens et s'adresse \u00e0 Bruxelles : \"Nous devons revoir\u00a0la r\u00e9glementation europ\u00e9enne !\" - ItalPassion","og_description":"Lundi 20 octobre 2025 restera comme une date symbolique pour les ouvriers de Mirafiori. Pour la premi\u00e8re fois depuis sa nomination, le nouveau CEO de","og_url":"https:\/\/www.italpassion.fr\/nl\/stellantis\/de-nieuwe-ceo-van-stellantis-bezoekt-italiaanse-vakbonden-en-spreekt-met-brussel-we-moeten-de-europese-regelgeving-herzien\/","og_site_name":"ItalPassion","article_publisher":"https:\/\/www.facebook.com\/italpassion","article_published_time":"2025-10-21T07:37:43+00:00","og_image":[{"width":1200,"height":800,"url":"https:\/\/www.italpassion.fr\/wp-content\/uploads\/2025\/10\/antonio-filosa-10.jpg","type":"image\/jpeg"}],"author":"Alexandre Filluzeau","twitter_card":"summary_large_image","twitter_creator":"@italpassion","twitter_site":"@italpassion","schema":{"@context":"https:\/\/schema.org","@graph":[{"@type":"NewsArticle","@id":"https:\/\/www.italpassion.fr\/nl\/stellantis\/le-nouveau-ceo-de-stellantis-rend-visite-aux-syndicats-italiens-et-sadresse-a-bruxelles-nous-devons-revoir-la-reglementation-europeenne\/#article","isPartOf":{"@id":"https:\/\/www.italpassion.fr\/nl\/stellantis\/le-nouveau-ceo-de-stellantis-rend-visite-aux-syndicats-italiens-et-sadresse-a-bruxelles-nous-devons-revoir-la-reglementation-europeenne\/"},"author":{"name":"Alexandre Filluzeau","@id":"https:\/\/www.italpassion.fr\/nl\/#\/schema\/person\/36f747b2a759ca202d847e85a9434ca0"},"headline":"Le nouveau CEO de Stellantis rend visite aux syndicats italiens et s&rsquo;adresse \u00e0 Bruxelles : \u00ab\u00a0Nous devons revoir\u00a0la r\u00e9glementation europ\u00e9enne !\u00a0\u00bb","datePublished":"2025-10-21T07:37:43+00:00","mainEntityOfPage":{"@id":"https:\/\/www.italpassion.fr\/nl\/stellantis\/le-nouveau-ceo-de-stellantis-rend-visite-aux-syndicats-italiens-et-sadresse-a-bruxelles-nous-devons-revoir-la-reglementation-europeenne\/"},"wordCount":756,"commentCount":13,"publisher":{"@id":"https:\/\/www.italpassion.fr\/nl\/#organization"},"image":{"@id":"https:\/\/www.italpassion.fr\/nl\/stellantis\/le-nouveau-ceo-de-stellantis-rend-visite-aux-syndicats-italiens-et-sadresse-a-bruxelles-nous-devons-revoir-la-reglementation-europeenne\/#primaryimage"},"thumbnailUrl":"https:\/\/www.italpassion.fr\/wp-content\/uploads\/2025\/10\/antonio-filosa-10.jpg","keywords":["Antonio Filosa"],"articleSection":["Stellantis"],"inLanguage":"nl-NL","potentialAction":[{"@type":"CommentAction","name":"Comment","target":["https:\/\/www.italpassion.fr\/nl\/stellantis\/le-nouveau-ceo-de-stellantis-rend-visite-aux-syndicats-italiens-et-sadresse-a-bruxelles-nous-devons-revoir-la-reglementation-europeenne\/#respond"]}]},{"@type":"WebPage","@id":"https:\/\/www.italpassion.fr\/nl\/stellantis\/le-nouveau-ceo-de-stellantis-rend-visite-aux-syndicats-italiens-et-sadresse-a-bruxelles-nous-devons-revoir-la-reglementation-europeenne\/","url":"https:\/\/www.italpassion.fr\/nl\/stellantis\/le-nouveau-ceo-de-stellantis-rend-visite-aux-syndicats-italiens-et-sadresse-a-bruxelles-nous-devons-revoir-la-reglementation-europeenne\/","name":"De nieuwe CEO van Stellantis bezoekt Italiaanse vakbonden en richt zich tot Brussel: \"We moeten de Europese regelgeving herzien!\" - Italiaanse passie","isPartOf":{"@id":"https:\/\/www.italpassion.fr\/nl\/#website"},"primaryImageOfPage":{"@id":"https:\/\/www.italpassion.fr\/nl\/stellantis\/le-nouveau-ceo-de-stellantis-rend-visite-aux-syndicats-italiens-et-sadresse-a-bruxelles-nous-devons-revoir-la-reglementation-europeenne\/#primaryimage"},"image":{"@id":"https:\/\/www.italpassion.fr\/nl\/stellantis\/le-nouveau-ceo-de-stellantis-rend-visite-aux-syndicats-italiens-et-sadresse-a-bruxelles-nous-devons-revoir-la-reglementation-europeenne\/#primaryimage"},"thumbnailUrl":"https:\/\/www.italpassion.fr\/wp-content\/uploads\/2025\/10\/antonio-filosa-10.jpg","datePublished":"2025-10-21T07:37:43+00:00","description":"Maandag 20 oktober 2025 blijft een symbolische datum voor de werknemers van Mirafiori. Voor het eerst sinds zijn benoeming zal de nieuwe CEO van","breadcrumb":{"@id":"https:\/\/www.italpassion.fr\/nl\/stellantis\/le-nouveau-ceo-de-stellantis-rend-visite-aux-syndicats-italiens-et-sadresse-a-bruxelles-nous-devons-revoir-la-reglementation-europeenne\/#breadcrumb"},"inLanguage":"nl-NL","potentialAction":[{"@type":"ReadAction","target":["https:\/\/www.italpassion.fr\/nl\/stellantis\/le-nouveau-ceo-de-stellantis-rend-visite-aux-syndicats-italiens-et-sadresse-a-bruxelles-nous-devons-revoir-la-reglementation-europeenne\/"]}]},{"@type":"ImageObject","inLanguage":"nl-NL","@id":"https:\/\/www.italpassion.fr\/nl\/stellantis\/le-nouveau-ceo-de-stellantis-rend-visite-aux-syndicats-italiens-et-sadresse-a-bruxelles-nous-devons-revoir-la-reglementation-europeenne\/#primaryimage","url":"https:\/\/www.italpassion.fr\/wp-content\/uploads\/2025\/10\/antonio-filosa-10.jpg","contentUrl":"https:\/\/www.italpassion.fr\/wp-content\/uploads\/2025\/10\/antonio-filosa-10.jpg","width":1200,"height":800},{"@type":"BreadcrumbList","@id":"https:\/\/www.italpassion.fr\/nl\/stellantis\/le-nouveau-ceo-de-stellantis-rend-visite-aux-syndicats-italiens-et-sadresse-a-bruxelles-nous-devons-revoir-la-reglementation-europeenne\/#breadcrumb","itemListElement":[{"@type":"ListItem","position":1,"name":"Accueil","item":"https:\/\/www.italpassion.fr\/nl\/"},{"@type":"ListItem","position":2,"name":"Le nouveau CEO de Stellantis rend visite aux syndicats italiens et s&rsquo;adresse \u00e0 Bruxelles : \u00ab\u00a0Nous devons revoir\u00a0la r\u00e9glementation europ\u00e9enne !\u00a0\u00bb"}]},{"@type":"WebSite","@id":"https:\/\/www.italpassion.fr\/nl\/#website","url":"https:\/\/www.italpassion.fr\/nl\/","name":"ItalPassion","description":"Italiaanse autoliefhebbers","publisher":{"@id":"https:\/\/www.italpassion.fr\/nl\/#organization"},"potentialAction":[{"@type":"SearchAction","target":{"@type":"EntryPoint","urlTemplate":"https:\/\/www.italpassion.fr\/nl\/?s={search_term_string}"},"query-input":{"@type":"PropertyValueSpecification","valueRequired":true,"valueName":"search_term_string"}}],"inLanguage":"nl-NL"},{"@type":"Organization","@id":"https:\/\/www.italpassion.fr\/nl\/#organization","name":"Italpassion","url":"https:\/\/www.italpassion.fr\/nl\/","logo":{"@type":"ImageObject","inLanguage":"nl-NL","@id":"https:\/\/www.italpassion.fr\/nl\/#\/schema\/logo\/image\/","url":"https:\/\/www.italpassion.fr\/wp-content\/uploads\/2023\/07\/italpassion-yoast.jpg","contentUrl":"https:\/\/www.italpassion.fr\/wp-content\/uploads\/2023\/07\/italpassion-yoast.jpg","width":696,"height":696,"caption":"Italpassion"},"image":{"@id":"https:\/\/www.italpassion.fr\/nl\/#\/schema\/logo\/image\/"},"sameAs":["https:\/\/www.facebook.com\/italpassion","https:\/\/x.com\/italpassion","https:\/\/www.instagram.com\/italpassionfr\/","https:\/\/www.youtube.com\/channel\/UCleq-ByQaA42OjhopwevRjQ","https:\/\/www.facebook.com\/italpassion.en\/","https:\/\/www.facebook.com\/italpassion.it\/","https:\/\/www.facebook.com\/italpassion.de\/","https:\/\/www.facebook.com\/italpassion.ja\/"]},{"@type":"Person","@id":"https:\/\/www.italpassion.fr\/nl\/#\/schema\/person\/36f747b2a759ca202d847e85a9434ca0","name":"Alexandre Filluzeau","image":{"@type":"ImageObject","inLanguage":"nl-NL","@id":"https:\/\/www.italpassion.fr\/nl\/#\/schema\/person\/image\/","url":"https:\/\/www.italpassion.fr\/wp-content\/uploads\/2025\/04\/avatar-alexandre-160x160.jpg","contentUrl":"https:\/\/www.italpassion.fr\/wp-content\/uploads\/2025\/04\/avatar-alexandre-160x160.jpg","caption":"Alexandre Filluzeau"},"description":"Oprichter van de website ItalPassion, gepassioneerd door Italiaanse auto's en Itali\u00eb in het algemeen. Waar mogelijk breng ik een kritisch en technisch oog naar nieuws over Italiaanse merken. Eigenaar van een Maserati GranTurismo, Alfa Romeo MiTo, Lancia Fulvia en Ducati 695. Ex-eigenaar van een Alfa Romeo Giulia.","sameAs":["https:\/\/www.italpassion.fr\/"],"url":"https:\/\/www.italpassion.fr\/nl\/author\/alexandre\/"}]}},"_links":{"self":[{"href":"https:\/\/www.italpassion.fr\/nl\/wp-json\/wp\/v2\/posts\/42321","targetHints":{"allow":["GET"]}}],"collection":[{"href":"https:\/\/www.italpassion.fr\/nl\/wp-json\/wp\/v2\/posts"}],"about":[{"href":"https:\/\/www.italpassion.fr\/nl\/wp-json\/wp\/v2\/types\/post"}],"author":[{"embeddable":true,"href":"https:\/\/www.italpassion.fr\/nl\/wp-json\/wp\/v2\/users\/1"}],"replies":[{"embeddable":true,"href":"https:\/\/www.italpassion.fr\/nl\/wp-json\/wp\/v2\/comments?post=42321"}],"version-history":[{"count":1,"href":"https:\/\/www.italpassion.fr\/nl\/wp-json\/wp\/v2\/posts\/42321\/revisions"}],"predecessor-version":[{"id":42323,"href":"https:\/\/www.italpassion.fr\/nl\/wp-json\/wp\/v2\/posts\/42321\/revisions\/42323"}],"wp:featuredmedia":[{"embeddable":true,"href":"https:\/\/www.italpassion.fr\/nl\/wp-json\/wp\/v2\/media\/42322"}],"wp:attachment":[{"href":"https:\/\/www.italpassion.fr\/nl\/wp-json\/wp\/v2\/media?parent=42321"}],"wp:term":[{"taxonomy":"category","embeddable":true,"href":"https:\/\/www.italpassion.fr\/nl\/wp-json\/wp\/v2\/categories?post=42321"},{"taxonomy":"post_tag","embeddable":true,"href":"https:\/\/www.italpassion.fr\/nl\/wp-json\/wp\/v2\/tags?post=42321"}],"curies":[{"name":"wp","href":"https:\/\/api.w.org\/{rel}","templated":true}]}}