{"id":41275,"date":"2025-09-15T11:05:45","date_gmt":"2025-09-15T09:05:45","guid":{"rendered":"https:\/\/www.italpassion.fr\/?p=41275"},"modified":"2025-09-15T11:05:45","modified_gmt":"2025-09-15T09:05:45","slug":"de-nieuwe-ferrari-849-heette-bijna-geen-testarossa","status":"publish","type":"post","link":"https:\/\/www.italpassion.fr\/nl\/ferrari\/la-nouvelle-ferrari-849-a-failli-ne-pas-sappeler-testarossa\/","title":{"rendered":"De nieuwe Ferrari 849 heette bijna geen Testarossa"},"content":{"rendered":"<figure class=\"wp-block-image size-full\"><img loading=\"lazy\" decoding=\"async\" width=\"1200\" height=\"800\" src=\"https:\/\/www.italpassion.fr\/wp-content\/uploads\/2025\/09\/ferrari-849-testarossa-M.jpg\" alt=\"\" class=\"wp-image-41246\" srcset=\"https:\/\/www.italpassion.fr\/wp-content\/uploads\/2025\/09\/ferrari-849-testarossa-M.jpg 1200w, https:\/\/www.italpassion.fr\/wp-content\/uploads\/2025\/09\/ferrari-849-testarossa-M-420x280.jpg 420w, https:\/\/www.italpassion.fr\/wp-content\/uploads\/2025\/09\/ferrari-849-testarossa-M-768x512.jpg 768w, https:\/\/www.italpassion.fr\/wp-content\/uploads\/2025\/09\/ferrari-849-testarossa-M-18x12.jpg 18w\" sizes=\"auto, (max-width: 1200px) 100vw, 1200px\" \/><\/figure>\n\n\n\n<p>Toen hij op 9 september 2025 werd onthuld, sloeg de Ferrari 849 Testarossa meteen aan. Niet alleen vanwege zijn technische specificaties - een 1.050 pk sterke twin-turbo V8 hybride - maar ook vanwege zijn naam. Vier lettergrepen met een rijke geschiedenis: Testarossa. Een erfgoed dat zo zwaar is dat het had kunnen ontsnappen... <a href=\"https:\/\/www.italpassion.fr\/nl\/ferrari\/\">Ferrari<\/a>. Deze supercar droeg immers bijna nooit zijn legendarische naam.<\/p>\n\n\n\n<h2 class=\"wp-block-heading\">Een naam die nauw verbonden is met Ferrari<\/h2>\n\n\n\n<p>Sinds 1957 met de 250 Testa Rossa, en daarna vooral met de berlinetta uit 1984, is 'Testarossa' onlosmakelijk verbonden met het steigerende paard. In het Italiaans betekent het 'rode kop', een verwijzing naar de cilinderkopdeksels die in deze kleur zijn geschilderd. Als symbool van een tijdperk, een stijl en een twaalfcilindermotor heeft de Testarossa zijn stempel gedrukt op de collectieve verbeelding tot het punt waarop alleen de naam al Ferrari oproept, zelfs voor niet-ingewijden.<\/p>\n\n\n\n<h2 class=\"wp-block-heading\">Maar Ferrari verloor bijna alles<\/h2>\n\n\n\n<p>En toch werden in 2015 de rechten van het merk Maranello op 'Testarossa' geschrapt door het Europees Bureau voor Intellectueel Eigendom. Het argument? De afwezigheid van \"echt gebruik\" van de naam gedurende meer dan vijf jaar. De aanklacht was ingediend door een Duitse zakenman, Kurt Hesse, die actief is in speelgoed en miniatuurauto's. Volgens de wet had Ferrari geen reden om de naam te houden als er geen model was geproduceerd dat de naam droeg. Een aardbeving: de naam 'Testarossa' werd wettelijk vrij.<\/p>\n\n\n\n<p>Ferrari vocht natuurlijk terug. Na een lange juridische strijd werd de beslissing uiteindelijk in 2025 vernietigd door het Europese Gerecht van Eerste Aanleg. De fabrikant kreeg zijn rechten terug. Maar in Maranello wisten we dat we de toekomst veilig moesten stellen.<\/p>\n\n\n\n<h2 class=\"wp-block-heading\">De IJslandse truc: de \"849 Testarossa\" storting<\/h2>\n\n\n\n<p>Een paar weken voor de lancering van de auto, <a href=\"https:\/\/www.italpassion.fr\/nl\/ferrari\/ferrari-zou-een-nieuwe-testarossa-kunnen-lanceren-met-een-v12-die-nog-krachtiger-is-dan-de-12cilindri\/\">Ferrari registreert een nieuw handelsmerk: \"849 Testarossa\".<\/a>. Vreemd genoeg is deze registratie niet geregistreerd in Gen\u00e8ve of Madrid, maar... in IJsland. Een juridische subtiliteit. Dit land, gelegen op zowel de Europese als de Noord-Amerikaanse tektonische plaat, biedt een manier om rechten te versterken over twee geografische gebieden. Dankzij deze juridische gok is de naam beschermd tot 2035 in zowel Europa als Amerika.<\/p>\n\n\n\n<p>Deze beweging verklaart waarom we al in juli 2025 het nieuws kregen toen we deze mysterieuze merkregistratie ontdekten. Sommigen stelden zich een 849 pk sterke V12 voor, een directe verwijzing naar het getal. Uiteindelijk wordt de 849 Testarossa aangedreven door een hybride V8 met dubbele turbo, ondersteund door drie elektromotoren voor een totaal van 1.050 pk.<\/p>\n\n\n\n<h2 class=\"wp-block-heading\">Wat als het iets anders had geheten?<\/h2>\n\n\n\n<p>Stel je even voor dat Ferrari de juridische strijd had verloren. De supercar die we nu kennen als de 849 Testarossa had dan een andere naam moeten krijgen: 849 GTB en 849 GTS? 849 Superfast? Maar de vraag kan ook andersom gesteld worden: heeft Ferrari haar auto uiteindelijk niet gewoon Testarossa genoemd om het merk juridisch te beschermen?<\/p>","protected":false},"excerpt":{"rendered":"","protected":false},"author":1,"featured_media":41246,"comment_status":"open","ping_status":"open","sticky":false,"template":"","format":"standard","meta":{"_acf_changed":false,"_sitemap_exclude":false,"_sitemap_priority":"","_sitemap_frequency":"","footnotes":""},"categories":[23],"tags":[567],"class_list":["post-41275","post","type-post","status-publish","format-standard","has-post-thumbnail","hentry","category-ferrari","tag-ferrari-849-testarossa","generate-columns","tablet-grid-50","mobile-grid-100","grid-parent","grid-33"],"acf":[],"yoast_head":"<!-- This site is optimized with the Yoast SEO plugin v25.8 - https:\/\/yoast.com\/wordpress\/plugins\/seo\/ -->\n<title>La nouvelle Ferrari 849 a failli ne pas s&#039;appeler Testarossa - ItalPassion<\/title>\n<meta name=\"description\" content=\"Lorsqu\u2019elle a \u00e9t\u00e9 d\u00e9voil\u00e9e le 9 septembre 2025, la Ferrari 849 Testarossa a imm\u00e9diatement frapp\u00e9 les esprits. Non seulement par sa fiche technique, un V8\" \/>\n<meta name=\"robots\" content=\"index, follow, max-snippet:-1, max-image-preview:large, max-video-preview:-1\" \/>\n<link rel=\"canonical\" href=\"https:\/\/www.italpassion.fr\/nl\/ferrari\/de-nieuwe-ferrari-849-heette-bijna-geen-testarossa\/\" \/>\n<meta property=\"og:locale\" content=\"nl_NL\" \/>\n<meta property=\"og:type\" content=\"article\" \/>\n<meta property=\"og:title\" content=\"La nouvelle Ferrari 849 a failli ne pas s&#039;appeler Testarossa - ItalPassion\" \/>\n<meta property=\"og:description\" content=\"Lorsqu\u2019elle a \u00e9t\u00e9 d\u00e9voil\u00e9e le 9 septembre 2025, la Ferrari 849 Testarossa a imm\u00e9diatement frapp\u00e9 les esprits. Non seulement par sa fiche technique, un V8\" \/>\n<meta property=\"og:url\" content=\"https:\/\/www.italpassion.fr\/nl\/ferrari\/de-nieuwe-ferrari-849-heette-bijna-geen-testarossa\/\" \/>\n<meta property=\"og:site_name\" content=\"ItalPassion\" \/>\n<meta property=\"article:publisher\" content=\"https:\/\/www.facebook.com\/italpassion\" \/>\n<meta property=\"article:published_time\" content=\"2025-09-15T09:05:45+00:00\" \/>\n<meta property=\"og:image\" content=\"https:\/\/www.italpassion.fr\/wp-content\/uploads\/2025\/09\/ferrari-849-testarossa-M.jpg\" \/>\n\t<meta property=\"og:image:width\" content=\"1200\" \/>\n\t<meta property=\"og:image:height\" content=\"800\" \/>\n\t<meta property=\"og:image:type\" content=\"image\/jpeg\" \/>\n<meta name=\"author\" content=\"Alexandre Filluzeau\" \/>\n<meta name=\"twitter:card\" content=\"summary_large_image\" \/>\n<meta name=\"twitter:creator\" content=\"@italpassion\" \/>\n<meta name=\"twitter:site\" content=\"@italpassion\" \/>\n<script type=\"application\/ld+json\" class=\"yoast-schema-graph\">{\"@context\":\"https:\/\/schema.org\",\"@graph\":[{\"@type\":\"NewsArticle\",\"@id\":\"https:\/\/www.italpassion.fr\/nl\/ferrari\/la-nouvelle-ferrari-849-a-failli-ne-pas-sappeler-testarossa\/#article\",\"isPartOf\":{\"@id\":\"https:\/\/www.italpassion.fr\/nl\/ferrari\/la-nouvelle-ferrari-849-a-failli-ne-pas-sappeler-testarossa\/\"},\"author\":{\"name\":\"Alexandre Filluzeau\",\"@id\":\"https:\/\/www.italpassion.fr\/nl\/#\/schema\/person\/36f747b2a759ca202d847e85a9434ca0\"},\"headline\":\"La nouvelle Ferrari 849 a failli ne pas s&rsquo;appeler Testarossa\",\"datePublished\":\"2025-09-15T09:05:45+00:00\",\"mainEntityOfPage\":{\"@id\":\"https:\/\/www.italpassion.fr\/nl\/ferrari\/la-nouvelle-ferrari-849-a-failli-ne-pas-sappeler-testarossa\/\"},\"wordCount\":511,\"commentCount\":4,\"publisher\":{\"@id\":\"https:\/\/www.italpassion.fr\/nl\/#organization\"},\"image\":{\"@id\":\"https:\/\/www.italpassion.fr\/nl\/ferrari\/la-nouvelle-ferrari-849-a-failli-ne-pas-sappeler-testarossa\/#primaryimage\"},\"thumbnailUrl\":\"https:\/\/www.italpassion.fr\/wp-content\/uploads\/2025\/09\/ferrari-849-testarossa-M.jpg\",\"keywords\":[\"Ferrari 849 Testarossa\"],\"articleSection\":[\"Ferrari\"],\"inLanguage\":\"nl-NL\",\"potentialAction\":[{\"@type\":\"CommentAction\",\"name\":\"Comment\",\"target\":[\"https:\/\/www.italpassion.fr\/nl\/ferrari\/la-nouvelle-ferrari-849-a-failli-ne-pas-sappeler-testarossa\/#respond\"]}]},{\"@type\":\"WebPage\",\"@id\":\"https:\/\/www.italpassion.fr\/nl\/ferrari\/la-nouvelle-ferrari-849-a-failli-ne-pas-sappeler-testarossa\/\",\"url\":\"https:\/\/www.italpassion.fr\/nl\/ferrari\/la-nouvelle-ferrari-849-a-failli-ne-pas-sappeler-testarossa\/\",\"name\":\"La nouvelle Ferrari 849 a failli ne pas s'appeler Testarossa - ItalPassion\",\"isPartOf\":{\"@id\":\"https:\/\/www.italpassion.fr\/nl\/#website\"},\"primaryImageOfPage\":{\"@id\":\"https:\/\/www.italpassion.fr\/nl\/ferrari\/la-nouvelle-ferrari-849-a-failli-ne-pas-sappeler-testarossa\/#primaryimage\"},\"image\":{\"@id\":\"https:\/\/www.italpassion.fr\/nl\/ferrari\/la-nouvelle-ferrari-849-a-failli-ne-pas-sappeler-testarossa\/#primaryimage\"},\"thumbnailUrl\":\"https:\/\/www.italpassion.fr\/wp-content\/uploads\/2025\/09\/ferrari-849-testarossa-M.jpg\",\"datePublished\":\"2025-09-15T09:05:45+00:00\",\"description\":\"Lorsqu\u2019elle a \u00e9t\u00e9 d\u00e9voil\u00e9e le 9 septembre 2025, la Ferrari 849 Testarossa a imm\u00e9diatement frapp\u00e9 les esprits. Non seulement par sa fiche technique, un V8\",\"breadcrumb\":{\"@id\":\"https:\/\/www.italpassion.fr\/nl\/ferrari\/la-nouvelle-ferrari-849-a-failli-ne-pas-sappeler-testarossa\/#breadcrumb\"},\"inLanguage\":\"nl-NL\",\"potentialAction\":[{\"@type\":\"ReadAction\",\"target\":[\"https:\/\/www.italpassion.fr\/nl\/ferrari\/la-nouvelle-ferrari-849-a-failli-ne-pas-sappeler-testarossa\/\"]}]},{\"@type\":\"ImageObject\",\"inLanguage\":\"nl-NL\",\"@id\":\"https:\/\/www.italpassion.fr\/nl\/ferrari\/la-nouvelle-ferrari-849-a-failli-ne-pas-sappeler-testarossa\/#primaryimage\",\"url\":\"https:\/\/www.italpassion.fr\/wp-content\/uploads\/2025\/09\/ferrari-849-testarossa-M.jpg\",\"contentUrl\":\"https:\/\/www.italpassion.fr\/wp-content\/uploads\/2025\/09\/ferrari-849-testarossa-M.jpg\",\"width\":1200,\"height\":800},{\"@type\":\"BreadcrumbList\",\"@id\":\"https:\/\/www.italpassion.fr\/nl\/ferrari\/la-nouvelle-ferrari-849-a-failli-ne-pas-sappeler-testarossa\/#breadcrumb\",\"itemListElement\":[{\"@type\":\"ListItem\",\"position\":1,\"name\":\"Accueil\",\"item\":\"https:\/\/www.italpassion.fr\/nl\/\"},{\"@type\":\"ListItem\",\"position\":2,\"name\":\"La nouvelle Ferrari 849 a failli ne pas s&rsquo;appeler Testarossa\"}]},{\"@type\":\"WebSite\",\"@id\":\"https:\/\/www.italpassion.fr\/nl\/#website\",\"url\":\"https:\/\/www.italpassion.fr\/nl\/\",\"name\":\"ItalPassion\",\"description\":\"Les Passionn\u00e9s d&#039;Automobiles Italiennes\",\"publisher\":{\"@id\":\"https:\/\/www.italpassion.fr\/nl\/#organization\"},\"potentialAction\":[{\"@type\":\"SearchAction\",\"target\":{\"@type\":\"EntryPoint\",\"urlTemplate\":\"https:\/\/www.italpassion.fr\/nl\/?s={search_term_string}\"},\"query-input\":{\"@type\":\"PropertyValueSpecification\",\"valueRequired\":true,\"valueName\":\"search_term_string\"}}],\"inLanguage\":\"nl-NL\"},{\"@type\":\"Organization\",\"@id\":\"https:\/\/www.italpassion.fr\/nl\/#organization\",\"name\":\"Italpassion\",\"url\":\"https:\/\/www.italpassion.fr\/nl\/\",\"logo\":{\"@type\":\"ImageObject\",\"inLanguage\":\"nl-NL\",\"@id\":\"https:\/\/www.italpassion.fr\/nl\/#\/schema\/logo\/image\/\",\"url\":\"https:\/\/www.italpassion.fr\/wp-content\/uploads\/2023\/07\/italpassion-yoast.jpg\",\"contentUrl\":\"https:\/\/www.italpassion.fr\/wp-content\/uploads\/2023\/07\/italpassion-yoast.jpg\",\"width\":696,\"height\":696,\"caption\":\"Italpassion\"},\"image\":{\"@id\":\"https:\/\/www.italpassion.fr\/nl\/#\/schema\/logo\/image\/\"},\"sameAs\":[\"https:\/\/www.facebook.com\/italpassion\",\"https:\/\/x.com\/italpassion\",\"https:\/\/www.instagram.com\/italpassionfr\/\",\"https:\/\/www.youtube.com\/channel\/UCleq-ByQaA42OjhopwevRjQ\",\"https:\/\/www.facebook.com\/italpassion.en\/\",\"https:\/\/www.facebook.com\/italpassion.it\/\",\"https:\/\/www.facebook.com\/italpassion.de\/\",\"https:\/\/www.facebook.com\/italpassion.ja\/\"]},{\"@type\":\"Person\",\"@id\":\"https:\/\/www.italpassion.fr\/nl\/#\/schema\/person\/36f747b2a759ca202d847e85a9434ca0\",\"name\":\"Alexandre Filluzeau\",\"image\":{\"@type\":\"ImageObject\",\"inLanguage\":\"nl-NL\",\"@id\":\"https:\/\/www.italpassion.fr\/nl\/#\/schema\/person\/image\/\",\"url\":\"https:\/\/www.italpassion.fr\/wp-content\/uploads\/2025\/04\/avatar-alexandre-160x160.jpg\",\"contentUrl\":\"https:\/\/www.italpassion.fr\/wp-content\/uploads\/2025\/04\/avatar-alexandre-160x160.jpg\",\"caption\":\"Alexandre Filluzeau\"},\"description\":\"Fondateur du site ItalPassion, passionn\u00e9 de voitures italiennes et de l'Italie en g\u00e9n\u00e9ral. J'apporte un regard critique et technique aux actualit\u00e9s des marques italiennes quand cela est possible. Propri\u00e9taire d'une Maserati GranTurismo, Alfa Romeo MiTo, Lancia Fulvia et Ducati 695. Ex-propri\u00e9taire d'une Alfa Romeo Giulia.\",\"sameAs\":[\"https:\/\/www.italpassion.fr\/\"],\"url\":\"https:\/\/www.italpassion.fr\/nl\/author\/alexandre\/\"}]}<\/script>\n<!-- \/ Yoast SEO plugin. -->","yoast_head_json":{"title":"De nieuwe Ferrari 849 heette bijna geen Testarossa - ItalPassion","description":"Toen hij op 9 september 2025 werd onthuld, sloeg de Ferrari 849 Testarossa meteen aan. Niet alleen vanwege zijn technische specificaties, een V8","robots":{"index":"index","follow":"follow","max-snippet":"max-snippet:-1","max-image-preview":"max-image-preview:large","max-video-preview":"max-video-preview:-1"},"canonical":"https:\/\/www.italpassion.fr\/nl\/ferrari\/de-nieuwe-ferrari-849-heette-bijna-geen-testarossa\/","og_locale":"nl_NL","og_type":"article","og_title":"La nouvelle Ferrari 849 a failli ne pas s'appeler Testarossa - ItalPassion","og_description":"Lorsqu\u2019elle a \u00e9t\u00e9 d\u00e9voil\u00e9e le 9 septembre 2025, la Ferrari 849 Testarossa a imm\u00e9diatement frapp\u00e9 les esprits. Non seulement par sa fiche technique, un V8","og_url":"https:\/\/www.italpassion.fr\/nl\/ferrari\/de-nieuwe-ferrari-849-heette-bijna-geen-testarossa\/","og_site_name":"ItalPassion","article_publisher":"https:\/\/www.facebook.com\/italpassion","article_published_time":"2025-09-15T09:05:45+00:00","og_image":[{"width":1200,"height":800,"url":"https:\/\/www.italpassion.fr\/wp-content\/uploads\/2025\/09\/ferrari-849-testarossa-M.jpg","type":"image\/jpeg"}],"author":"Alexandre Filluzeau","twitter_card":"summary_large_image","twitter_creator":"@italpassion","twitter_site":"@italpassion","schema":{"@context":"https:\/\/schema.org","@graph":[{"@type":"NewsArticle","@id":"https:\/\/www.italpassion.fr\/nl\/ferrari\/la-nouvelle-ferrari-849-a-failli-ne-pas-sappeler-testarossa\/#article","isPartOf":{"@id":"https:\/\/www.italpassion.fr\/nl\/ferrari\/la-nouvelle-ferrari-849-a-failli-ne-pas-sappeler-testarossa\/"},"author":{"name":"Alexandre Filluzeau","@id":"https:\/\/www.italpassion.fr\/nl\/#\/schema\/person\/36f747b2a759ca202d847e85a9434ca0"},"headline":"La nouvelle Ferrari 849 a failli ne pas s&rsquo;appeler Testarossa","datePublished":"2025-09-15T09:05:45+00:00","mainEntityOfPage":{"@id":"https:\/\/www.italpassion.fr\/nl\/ferrari\/la-nouvelle-ferrari-849-a-failli-ne-pas-sappeler-testarossa\/"},"wordCount":511,"commentCount":4,"publisher":{"@id":"https:\/\/www.italpassion.fr\/nl\/#organization"},"image":{"@id":"https:\/\/www.italpassion.fr\/nl\/ferrari\/la-nouvelle-ferrari-849-a-failli-ne-pas-sappeler-testarossa\/#primaryimage"},"thumbnailUrl":"https:\/\/www.italpassion.fr\/wp-content\/uploads\/2025\/09\/ferrari-849-testarossa-M.jpg","keywords":["Ferrari 849 Testarossa"],"articleSection":["Ferrari"],"inLanguage":"nl-NL","potentialAction":[{"@type":"CommentAction","name":"Comment","target":["https:\/\/www.italpassion.fr\/nl\/ferrari\/la-nouvelle-ferrari-849-a-failli-ne-pas-sappeler-testarossa\/#respond"]}]},{"@type":"WebPage","@id":"https:\/\/www.italpassion.fr\/nl\/ferrari\/la-nouvelle-ferrari-849-a-failli-ne-pas-sappeler-testarossa\/","url":"https:\/\/www.italpassion.fr\/nl\/ferrari\/la-nouvelle-ferrari-849-a-failli-ne-pas-sappeler-testarossa\/","name":"De nieuwe Ferrari 849 heette bijna geen Testarossa - ItalPassion","isPartOf":{"@id":"https:\/\/www.italpassion.fr\/nl\/#website"},"primaryImageOfPage":{"@id":"https:\/\/www.italpassion.fr\/nl\/ferrari\/la-nouvelle-ferrari-849-a-failli-ne-pas-sappeler-testarossa\/#primaryimage"},"image":{"@id":"https:\/\/www.italpassion.fr\/nl\/ferrari\/la-nouvelle-ferrari-849-a-failli-ne-pas-sappeler-testarossa\/#primaryimage"},"thumbnailUrl":"https:\/\/www.italpassion.fr\/wp-content\/uploads\/2025\/09\/ferrari-849-testarossa-M.jpg","datePublished":"2025-09-15T09:05:45+00:00","description":"Toen hij op 9 september 2025 werd onthuld, sloeg de Ferrari 849 Testarossa meteen aan. Niet alleen vanwege zijn technische specificaties, een V8","breadcrumb":{"@id":"https:\/\/www.italpassion.fr\/nl\/ferrari\/la-nouvelle-ferrari-849-a-failli-ne-pas-sappeler-testarossa\/#breadcrumb"},"inLanguage":"nl-NL","potentialAction":[{"@type":"ReadAction","target":["https:\/\/www.italpassion.fr\/nl\/ferrari\/la-nouvelle-ferrari-849-a-failli-ne-pas-sappeler-testarossa\/"]}]},{"@type":"ImageObject","inLanguage":"nl-NL","@id":"https:\/\/www.italpassion.fr\/nl\/ferrari\/la-nouvelle-ferrari-849-a-failli-ne-pas-sappeler-testarossa\/#primaryimage","url":"https:\/\/www.italpassion.fr\/wp-content\/uploads\/2025\/09\/ferrari-849-testarossa-M.jpg","contentUrl":"https:\/\/www.italpassion.fr\/wp-content\/uploads\/2025\/09\/ferrari-849-testarossa-M.jpg","width":1200,"height":800},{"@type":"BreadcrumbList","@id":"https:\/\/www.italpassion.fr\/nl\/ferrari\/la-nouvelle-ferrari-849-a-failli-ne-pas-sappeler-testarossa\/#breadcrumb","itemListElement":[{"@type":"ListItem","position":1,"name":"Accueil","item":"https:\/\/www.italpassion.fr\/nl\/"},{"@type":"ListItem","position":2,"name":"La nouvelle Ferrari 849 a failli ne pas s&rsquo;appeler Testarossa"}]},{"@type":"WebSite","@id":"https:\/\/www.italpassion.fr\/nl\/#website","url":"https:\/\/www.italpassion.fr\/nl\/","name":"ItalPassion","description":"Italiaanse autoliefhebbers","publisher":{"@id":"https:\/\/www.italpassion.fr\/nl\/#organization"},"potentialAction":[{"@type":"SearchAction","target":{"@type":"EntryPoint","urlTemplate":"https:\/\/www.italpassion.fr\/nl\/?s={search_term_string}"},"query-input":{"@type":"PropertyValueSpecification","valueRequired":true,"valueName":"search_term_string"}}],"inLanguage":"nl-NL"},{"@type":"Organization","@id":"https:\/\/www.italpassion.fr\/nl\/#organization","name":"Italpassion","url":"https:\/\/www.italpassion.fr\/nl\/","logo":{"@type":"ImageObject","inLanguage":"nl-NL","@id":"https:\/\/www.italpassion.fr\/nl\/#\/schema\/logo\/image\/","url":"https:\/\/www.italpassion.fr\/wp-content\/uploads\/2023\/07\/italpassion-yoast.jpg","contentUrl":"https:\/\/www.italpassion.fr\/wp-content\/uploads\/2023\/07\/italpassion-yoast.jpg","width":696,"height":696,"caption":"Italpassion"},"image":{"@id":"https:\/\/www.italpassion.fr\/nl\/#\/schema\/logo\/image\/"},"sameAs":["https:\/\/www.facebook.com\/italpassion","https:\/\/x.com\/italpassion","https:\/\/www.instagram.com\/italpassionfr\/","https:\/\/www.youtube.com\/channel\/UCleq-ByQaA42OjhopwevRjQ","https:\/\/www.facebook.com\/italpassion.en\/","https:\/\/www.facebook.com\/italpassion.it\/","https:\/\/www.facebook.com\/italpassion.de\/","https:\/\/www.facebook.com\/italpassion.ja\/"]},{"@type":"Person","@id":"https:\/\/www.italpassion.fr\/nl\/#\/schema\/person\/36f747b2a759ca202d847e85a9434ca0","name":"Alexandre Filluzeau","image":{"@type":"ImageObject","inLanguage":"nl-NL","@id":"https:\/\/www.italpassion.fr\/nl\/#\/schema\/person\/image\/","url":"https:\/\/www.italpassion.fr\/wp-content\/uploads\/2025\/04\/avatar-alexandre-160x160.jpg","contentUrl":"https:\/\/www.italpassion.fr\/wp-content\/uploads\/2025\/04\/avatar-alexandre-160x160.jpg","caption":"Alexandre Filluzeau"},"description":"Oprichter van de website ItalPassion, gepassioneerd door Italiaanse auto's en Itali\u00eb in het algemeen. Waar mogelijk breng ik een kritisch en technisch oog naar nieuws over Italiaanse merken. Eigenaar van een Maserati GranTurismo, Alfa Romeo MiTo, Lancia Fulvia en Ducati 695. Ex-eigenaar van een Alfa Romeo Giulia.","sameAs":["https:\/\/www.italpassion.fr\/"],"url":"https:\/\/www.italpassion.fr\/nl\/author\/alexandre\/"}]}},"_links":{"self":[{"href":"https:\/\/www.italpassion.fr\/nl\/wp-json\/wp\/v2\/posts\/41275","targetHints":{"allow":["GET"]}}],"collection":[{"href":"https:\/\/www.italpassion.fr\/nl\/wp-json\/wp\/v2\/posts"}],"about":[{"href":"https:\/\/www.italpassion.fr\/nl\/wp-json\/wp\/v2\/types\/post"}],"author":[{"embeddable":true,"href":"https:\/\/www.italpassion.fr\/nl\/wp-json\/wp\/v2\/users\/1"}],"replies":[{"embeddable":true,"href":"https:\/\/www.italpassion.fr\/nl\/wp-json\/wp\/v2\/comments?post=41275"}],"version-history":[{"count":3,"href":"https:\/\/www.italpassion.fr\/nl\/wp-json\/wp\/v2\/posts\/41275\/revisions"}],"predecessor-version":[{"id":41290,"href":"https:\/\/www.italpassion.fr\/nl\/wp-json\/wp\/v2\/posts\/41275\/revisions\/41290"}],"wp:featuredmedia":[{"embeddable":true,"href":"https:\/\/www.italpassion.fr\/nl\/wp-json\/wp\/v2\/media\/41246"}],"wp:attachment":[{"href":"https:\/\/www.italpassion.fr\/nl\/wp-json\/wp\/v2\/media?parent=41275"}],"wp:term":[{"taxonomy":"category","embeddable":true,"href":"https:\/\/www.italpassion.fr\/nl\/wp-json\/wp\/v2\/categories?post=41275"},{"taxonomy":"post_tag","embeddable":true,"href":"https:\/\/www.italpassion.fr\/nl\/wp-json\/wp\/v2\/tags?post=41275"}],"curies":[{"name":"wp","href":"https:\/\/api.w.org\/{rel}","templated":true}]}}