{"id":41226,"date":"2025-09-12T09:52:41","date_gmt":"2025-09-12T07:52:41","guid":{"rendered":"https:\/\/www.italpassion.fr\/?p=41226"},"modified":"2025-09-12T09:52:41","modified_gmt":"2025-09-12T07:52:41","slug":"waarom-het-e-autoproject-van-de-europese-unie-stellantis-en-vooral-fiat-ten-goede-kan-komen","status":"publish","type":"post","link":"https:\/\/www.italpassion.fr\/nl\/stellantis\/pourquoi-projet-e-car-de-lunion-europeenne-pourrait-profiter-a-stellantis-et-surtout-a-fiat\/","title":{"rendered":"Waarom het E-Car project van de Europese Unie voordelig kan zijn voor Stellantis, en Fiat in het bijzonder"},"content":{"rendered":"<figure class=\"wp-block-image size-full\"><img loading=\"lazy\" decoding=\"async\" width=\"1200\" height=\"800\" src=\"https:\/\/www.italpassion.fr\/wp-content\/uploads\/2025\/09\/fiat-500-jaune.jpg\" alt=\"\" class=\"wp-image-41227\" srcset=\"https:\/\/www.italpassion.fr\/wp-content\/uploads\/2025\/09\/fiat-500-jaune.jpg 1200w, https:\/\/www.italpassion.fr\/wp-content\/uploads\/2025\/09\/fiat-500-jaune-420x280.jpg 420w, https:\/\/www.italpassion.fr\/wp-content\/uploads\/2025\/09\/fiat-500-jaune-768x512.jpg 768w, https:\/\/www.italpassion.fr\/wp-content\/uploads\/2025\/09\/fiat-500-jaune-18x12.jpg 18w\" sizes=\"auto, (max-width: 1200px) 100vw, 1200px\" \/><\/figure>\n\n\n\n<p>De afgelopen dagen is de ene aankondiging na de andere gedaan met betrekking tot de Europese auto-industrie. Antonio Filosa, de nieuwe CEO van <a href=\"https:\/\/www.italpassion.fr\/nl\/stellantis\/\">Stellantis<\/a>Jean-Philippe Imparato, directeur van Stellantis Europe, sprak op het Autosalon van M\u00fcnchen en Ursula von der Leyen, voorzitter van de Europese Commissie, onthulde een nieuwe wetgevende richting. Achter deze uitspraken zit een rode draad: het E-Car project van de Europese Unie, bedoeld om kleine, betaalbare auto's nieuw leven in te blazen, zou wel eens een zegen voor Stellantis kunnen worden. En vooral voor <a href=\"https:\/\/www.italpassion.fr\/nl\/fiat\/\">Fiat<\/a>het meest legitieme merk op dit gebied.<\/p>\n\n\n\n<h2 class=\"wp-block-heading\">Europa in autodaling<\/h2>\n\n\n\n<p>Antonio Filosa trok een grimmige conclusie: Europa is de enige grote regio ter wereld waar de autoverkopen zo snel zijn gedaald. \"We zijn van 19 naar 15 miljoen auto's gegaan, met een verlies van ongeveer 3 miljoen voertuigen\", zei hij. Het segment van de compacte auto's, van oudsher erg populair in Europa, is bijzonder hard getroffen door deze daling.<\/p>\n\n\n\n<h2 class=\"wp-block-heading\">Ursula von der Leyen luidt de revival in<\/h2>\n\n\n\n<p>Ursula von der Leyen is zich bewust van de noodzaak om het autoaanbod aan te passen aan de werkelijke vraag van Europeanen en onthulde een belangrijk initiatief: \"We moeten investeren in compacte en betaalbare voertuigen, zowel voor de Europese markt als om te voldoen aan de sterke wereldwijde vraag. Daarom zullen we voorstellen om samen met de industrie te werken aan een nieuw initiatief met de titel Betaalbare kleine auto's. Minder bureaucratie, minder regels.<\/p>\n\n\n\n<p>Kortom, Brussel maakt de weg vrij voor flexibelere regelgeving om de productie van kleine, goedkope, elektrische auto's te stimuleren. Dit is precies wat Fiat nodig heeft om zich voor te bereiden op de toekomst.<\/p>\n\n\n\n<h2 class=\"wp-block-heading\">Jean-Philippe Imparato legt cijfers op tafel<\/h2>\n\n\n\n<p>Jean-Philippe Imparato ging nog een stap verder en wees op het feit dat het A-segment vrijwel verdwenen is: \"In 2019 waren er 49 modellen die minder dan \u20ac15.000 kostten. Vandaag is er nog maar \u00e9\u00e9n over. Door terug te keren naar homologatievoorwaarden die vergelijkbaar zijn met 2018 en door het vermogen en de snelheid te beperken, is het volgens hem mogelijk om auto's van 3,50 tot 3,70 meter te produceren die voor ongeveer 15.000 euro worden verkocht. Precies de geest van het Europese E-Car project.<\/p>\n\n\n\n<h2 class=\"wp-block-heading\">Waarom het E-Car project ideaal is voor Fiat<\/h2>\n\n\n\n<p>Het project beschrijft twee categorie\u00ebn kleine elektrische auto's:<\/p>\n\n\n\n<ul class=\"wp-block-list\">\n<li>M0: vermogen beperkt tot 54 pk, verboden op snelwegen, minder veiligheid.<\/li>\n\n\n\n<li>M1 ASEV: komt dichter in de buurt van de huidige auto's, met comfort en toestemming om gebruik te maken van snelle rijstroken, maar blijft compact (max. 3,80 m, 1 ton inclusief batterij).<\/li>\n<\/ul>\n\n\n\n<p>Het is precies deze tweede categorie die ruimte zou kunnen bieden aan <a href=\"https:\/\/www.italpassion.fr\/nl\/fiat\/toekomstige-fiat-500-2030-en-panda-2030-platformwijziging\/\">de toekomstige Fiat 500 en Fiat Panda verwacht rond 2030<\/a>. Deze modellen moeten gebaseerd zijn op een specifiek platform, en niet op de STLA Small die gebruikt wordt door andere Stellantis voertuigen, een bewijs van het strategisch belang van het project voor Turijn.<\/p>\n\n\n\n<p>Sinds de oprichting van Stellantis is het A-segment het vergeten segment. De elektrische Fiat 500 heeft geprobeerd deze rol in te vullen, maar met beperkt succes vanwege een prijs die als te hoog wordt beschouwd en het geleidelijke einde van de Europese subsidies. De Fiat Panda blijft massaal belangstelling trekken in Itali\u00eb, maar moet tegen 2030 worden vervangen.<\/p>\n\n\n\n<p>Als het E-Car project slaagt, zou Fiat zijn historische rol als kampioen van kleine, populaire auto's kunnen hernemen. Sterker nog, dit momentum zou andere merken in de Stellantis Groep kunnen inspireren om terug te keren naar het A-segment, zoals Citro\u00ebn met de C1 of Peugeot met een 108.<\/p>\n\n\n\n<p>De boodschap is duidelijk: de Europese Unie, Stellantis en Fiat zitten eindelijk op \u00e9\u00e9n lijn. Enerzijds wil Brussel compacte, toegankelijke en elektrische auto's. Anderzijds kan Stellantis profiteren van het E-Car project om de verkoop van zijn toekomstige Fiat 500 en Fiat Panda te stimuleren.<\/p>","protected":false},"excerpt":{"rendered":"","protected":false},"author":1,"featured_media":41227,"comment_status":"open","ping_status":"open","sticky":false,"template":"","format":"standard","meta":{"_acf_changed":false,"_sitemap_exclude":false,"_sitemap_priority":"","_sitemap_frequency":"","footnotes":""},"categories":[24,29],"tags":[],"class_list":["post-41226","post","type-post","status-publish","format-standard","has-post-thumbnail","hentry","category-fiat","category-stellantis","generate-columns","tablet-grid-50","mobile-grid-100","grid-parent","grid-33"],"acf":[],"yoast_head":"<!-- This site is optimized with the Yoast SEO plugin v25.8 - https:\/\/yoast.com\/wordpress\/plugins\/seo\/ -->\n<title>Pourquoi projet E-Car de l&#039;Union europ\u00e9enne pourrait profiter \u00e0 Stellantis, et surtout \u00e0 Fiat - ItalPassion<\/title>\n<meta name=\"description\" content=\"Depuis quelques jours, les annonces s\u2019encha\u00eenent autour de l\u2019automobile europ\u00e9enne. Antonio Filosa, le nouveau CEO de Stellantis, multiplie les prises de\" \/>\n<meta name=\"robots\" content=\"index, follow, max-snippet:-1, max-image-preview:large, max-video-preview:-1\" \/>\n<link rel=\"canonical\" href=\"https:\/\/www.italpassion.fr\/nl\/stellantis\/waarom-het-e-autoproject-van-de-europese-unie-stellantis-en-vooral-fiat-ten-goede-kan-komen\/\" \/>\n<meta property=\"og:locale\" content=\"nl_NL\" \/>\n<meta property=\"og:type\" content=\"article\" \/>\n<meta property=\"og:title\" content=\"Pourquoi projet E-Car de l&#039;Union europ\u00e9enne pourrait profiter \u00e0 Stellantis, et surtout \u00e0 Fiat - ItalPassion\" \/>\n<meta property=\"og:description\" content=\"Depuis quelques jours, les annonces s\u2019encha\u00eenent autour de l\u2019automobile europ\u00e9enne. Antonio Filosa, le nouveau CEO de Stellantis, multiplie les prises de\" \/>\n<meta property=\"og:url\" content=\"https:\/\/www.italpassion.fr\/nl\/stellantis\/waarom-het-e-autoproject-van-de-europese-unie-stellantis-en-vooral-fiat-ten-goede-kan-komen\/\" \/>\n<meta property=\"og:site_name\" content=\"ItalPassion\" \/>\n<meta property=\"article:publisher\" content=\"https:\/\/www.facebook.com\/italpassion\" \/>\n<meta property=\"article:published_time\" content=\"2025-09-12T07:52:41+00:00\" \/>\n<meta property=\"og:image\" content=\"https:\/\/www.italpassion.fr\/wp-content\/uploads\/2025\/09\/fiat-500-jaune.jpg\" \/>\n\t<meta property=\"og:image:width\" content=\"1200\" \/>\n\t<meta property=\"og:image:height\" content=\"800\" \/>\n\t<meta property=\"og:image:type\" content=\"image\/jpeg\" \/>\n<meta name=\"author\" content=\"Alexandre Filluzeau\" \/>\n<meta name=\"twitter:card\" content=\"summary_large_image\" \/>\n<meta name=\"twitter:creator\" content=\"@italpassion\" \/>\n<meta name=\"twitter:site\" content=\"@italpassion\" \/>\n<script type=\"application\/ld+json\" class=\"yoast-schema-graph\">{\"@context\":\"https:\/\/schema.org\",\"@graph\":[{\"@type\":\"NewsArticle\",\"@id\":\"https:\/\/www.italpassion.fr\/nl\/stellantis\/pourquoi-projet-e-car-de-lunion-europeenne-pourrait-profiter-a-stellantis-et-surtout-a-fiat\/#article\",\"isPartOf\":{\"@id\":\"https:\/\/www.italpassion.fr\/nl\/stellantis\/pourquoi-projet-e-car-de-lunion-europeenne-pourrait-profiter-a-stellantis-et-surtout-a-fiat\/\"},\"author\":{\"name\":\"Alexandre Filluzeau\",\"@id\":\"https:\/\/www.italpassion.fr\/nl\/#\/schema\/person\/36f747b2a759ca202d847e85a9434ca0\"},\"headline\":\"Pourquoi projet E-Car de l&rsquo;Union europ\u00e9enne pourrait profiter \u00e0 Stellantis, et surtout \u00e0 Fiat\",\"datePublished\":\"2025-09-12T07:52:41+00:00\",\"mainEntityOfPage\":{\"@id\":\"https:\/\/www.italpassion.fr\/nl\/stellantis\/pourquoi-projet-e-car-de-lunion-europeenne-pourrait-profiter-a-stellantis-et-surtout-a-fiat\/\"},\"wordCount\":651,\"commentCount\":15,\"publisher\":{\"@id\":\"https:\/\/www.italpassion.fr\/nl\/#organization\"},\"image\":{\"@id\":\"https:\/\/www.italpassion.fr\/nl\/stellantis\/pourquoi-projet-e-car-de-lunion-europeenne-pourrait-profiter-a-stellantis-et-surtout-a-fiat\/#primaryimage\"},\"thumbnailUrl\":\"https:\/\/www.italpassion.fr\/wp-content\/uploads\/2025\/09\/fiat-500-jaune.jpg\",\"articleSection\":[\"Fiat\",\"Stellantis\"],\"inLanguage\":\"nl-NL\",\"potentialAction\":[{\"@type\":\"CommentAction\",\"name\":\"Comment\",\"target\":[\"https:\/\/www.italpassion.fr\/nl\/stellantis\/pourquoi-projet-e-car-de-lunion-europeenne-pourrait-profiter-a-stellantis-et-surtout-a-fiat\/#respond\"]}]},{\"@type\":\"WebPage\",\"@id\":\"https:\/\/www.italpassion.fr\/nl\/stellantis\/pourquoi-projet-e-car-de-lunion-europeenne-pourrait-profiter-a-stellantis-et-surtout-a-fiat\/\",\"url\":\"https:\/\/www.italpassion.fr\/nl\/stellantis\/pourquoi-projet-e-car-de-lunion-europeenne-pourrait-profiter-a-stellantis-et-surtout-a-fiat\/\",\"name\":\"Pourquoi projet E-Car de l'Union europ\u00e9enne pourrait profiter \u00e0 Stellantis, et surtout \u00e0 Fiat - ItalPassion\",\"isPartOf\":{\"@id\":\"https:\/\/www.italpassion.fr\/nl\/#website\"},\"primaryImageOfPage\":{\"@id\":\"https:\/\/www.italpassion.fr\/nl\/stellantis\/pourquoi-projet-e-car-de-lunion-europeenne-pourrait-profiter-a-stellantis-et-surtout-a-fiat\/#primaryimage\"},\"image\":{\"@id\":\"https:\/\/www.italpassion.fr\/nl\/stellantis\/pourquoi-projet-e-car-de-lunion-europeenne-pourrait-profiter-a-stellantis-et-surtout-a-fiat\/#primaryimage\"},\"thumbnailUrl\":\"https:\/\/www.italpassion.fr\/wp-content\/uploads\/2025\/09\/fiat-500-jaune.jpg\",\"datePublished\":\"2025-09-12T07:52:41+00:00\",\"description\":\"Depuis quelques jours, les annonces s\u2019encha\u00eenent autour de l\u2019automobile europ\u00e9enne. Antonio Filosa, le nouveau CEO de Stellantis, multiplie les prises de\",\"breadcrumb\":{\"@id\":\"https:\/\/www.italpassion.fr\/nl\/stellantis\/pourquoi-projet-e-car-de-lunion-europeenne-pourrait-profiter-a-stellantis-et-surtout-a-fiat\/#breadcrumb\"},\"inLanguage\":\"nl-NL\",\"potentialAction\":[{\"@type\":\"ReadAction\",\"target\":[\"https:\/\/www.italpassion.fr\/nl\/stellantis\/pourquoi-projet-e-car-de-lunion-europeenne-pourrait-profiter-a-stellantis-et-surtout-a-fiat\/\"]}]},{\"@type\":\"ImageObject\",\"inLanguage\":\"nl-NL\",\"@id\":\"https:\/\/www.italpassion.fr\/nl\/stellantis\/pourquoi-projet-e-car-de-lunion-europeenne-pourrait-profiter-a-stellantis-et-surtout-a-fiat\/#primaryimage\",\"url\":\"https:\/\/www.italpassion.fr\/wp-content\/uploads\/2025\/09\/fiat-500-jaune.jpg\",\"contentUrl\":\"https:\/\/www.italpassion.fr\/wp-content\/uploads\/2025\/09\/fiat-500-jaune.jpg\",\"width\":1200,\"height\":800},{\"@type\":\"BreadcrumbList\",\"@id\":\"https:\/\/www.italpassion.fr\/nl\/stellantis\/pourquoi-projet-e-car-de-lunion-europeenne-pourrait-profiter-a-stellantis-et-surtout-a-fiat\/#breadcrumb\",\"itemListElement\":[{\"@type\":\"ListItem\",\"position\":1,\"name\":\"Accueil\",\"item\":\"https:\/\/www.italpassion.fr\/nl\/\"},{\"@type\":\"ListItem\",\"position\":2,\"name\":\"Pourquoi projet E-Car de l&rsquo;Union europ\u00e9enne pourrait profiter \u00e0 Stellantis, et surtout \u00e0 Fiat\"}]},{\"@type\":\"WebSite\",\"@id\":\"https:\/\/www.italpassion.fr\/nl\/#website\",\"url\":\"https:\/\/www.italpassion.fr\/nl\/\",\"name\":\"ItalPassion\",\"description\":\"Les Passionn\u00e9s d&#039;Automobiles Italiennes\",\"publisher\":{\"@id\":\"https:\/\/www.italpassion.fr\/nl\/#organization\"},\"potentialAction\":[{\"@type\":\"SearchAction\",\"target\":{\"@type\":\"EntryPoint\",\"urlTemplate\":\"https:\/\/www.italpassion.fr\/nl\/?s={search_term_string}\"},\"query-input\":{\"@type\":\"PropertyValueSpecification\",\"valueRequired\":true,\"valueName\":\"search_term_string\"}}],\"inLanguage\":\"nl-NL\"},{\"@type\":\"Organization\",\"@id\":\"https:\/\/www.italpassion.fr\/nl\/#organization\",\"name\":\"Italpassion\",\"url\":\"https:\/\/www.italpassion.fr\/nl\/\",\"logo\":{\"@type\":\"ImageObject\",\"inLanguage\":\"nl-NL\",\"@id\":\"https:\/\/www.italpassion.fr\/nl\/#\/schema\/logo\/image\/\",\"url\":\"https:\/\/www.italpassion.fr\/wp-content\/uploads\/2023\/07\/italpassion-yoast.jpg\",\"contentUrl\":\"https:\/\/www.italpassion.fr\/wp-content\/uploads\/2023\/07\/italpassion-yoast.jpg\",\"width\":696,\"height\":696,\"caption\":\"Italpassion\"},\"image\":{\"@id\":\"https:\/\/www.italpassion.fr\/nl\/#\/schema\/logo\/image\/\"},\"sameAs\":[\"https:\/\/www.facebook.com\/italpassion\",\"https:\/\/x.com\/italpassion\",\"https:\/\/www.instagram.com\/italpassionfr\/\",\"https:\/\/www.youtube.com\/channel\/UCleq-ByQaA42OjhopwevRjQ\",\"https:\/\/www.facebook.com\/italpassion.en\/\",\"https:\/\/www.facebook.com\/italpassion.it\/\",\"https:\/\/www.facebook.com\/italpassion.de\/\",\"https:\/\/www.facebook.com\/italpassion.ja\/\"]},{\"@type\":\"Person\",\"@id\":\"https:\/\/www.italpassion.fr\/nl\/#\/schema\/person\/36f747b2a759ca202d847e85a9434ca0\",\"name\":\"Alexandre Filluzeau\",\"image\":{\"@type\":\"ImageObject\",\"inLanguage\":\"nl-NL\",\"@id\":\"https:\/\/www.italpassion.fr\/nl\/#\/schema\/person\/image\/\",\"url\":\"https:\/\/www.italpassion.fr\/wp-content\/uploads\/2025\/04\/avatar-alexandre-160x160.jpg\",\"contentUrl\":\"https:\/\/www.italpassion.fr\/wp-content\/uploads\/2025\/04\/avatar-alexandre-160x160.jpg\",\"caption\":\"Alexandre Filluzeau\"},\"description\":\"Fondateur du site ItalPassion, passionn\u00e9 de voitures italiennes et de l'Italie en g\u00e9n\u00e9ral. J'apporte un regard critique et technique aux actualit\u00e9s des marques italiennes quand cela est possible. Propri\u00e9taire d'une Maserati GranTurismo, Alfa Romeo MiTo, Lancia Fulvia et Ducati 695. Ex-propri\u00e9taire d'une Alfa Romeo Giulia.\",\"sameAs\":[\"https:\/\/www.italpassion.fr\/\"],\"url\":\"https:\/\/www.italpassion.fr\/nl\/author\/alexandre\/\"}]}<\/script>\n<!-- \/ Yoast SEO plugin. -->","yoast_head_json":{"title":"Waarom het E-Car project van de EU voordelig kan zijn voor Stellantis, en Fiat in het bijzonder - ItalPassion","description":"De afgelopen dagen volgde de ene aankondiging na de andere over de Europese auto-industrie. Antonio Filosa, de nieuwe CEO van Stellantis, voert zijn persberichten op.","robots":{"index":"index","follow":"follow","max-snippet":"max-snippet:-1","max-image-preview":"max-image-preview:large","max-video-preview":"max-video-preview:-1"},"canonical":"https:\/\/www.italpassion.fr\/nl\/stellantis\/waarom-het-e-autoproject-van-de-europese-unie-stellantis-en-vooral-fiat-ten-goede-kan-komen\/","og_locale":"nl_NL","og_type":"article","og_title":"Pourquoi projet E-Car de l'Union europ\u00e9enne pourrait profiter \u00e0 Stellantis, et surtout \u00e0 Fiat - ItalPassion","og_description":"Depuis quelques jours, les annonces s\u2019encha\u00eenent autour de l\u2019automobile europ\u00e9enne. Antonio Filosa, le nouveau CEO de Stellantis, multiplie les prises de","og_url":"https:\/\/www.italpassion.fr\/nl\/stellantis\/waarom-het-e-autoproject-van-de-europese-unie-stellantis-en-vooral-fiat-ten-goede-kan-komen\/","og_site_name":"ItalPassion","article_publisher":"https:\/\/www.facebook.com\/italpassion","article_published_time":"2025-09-12T07:52:41+00:00","og_image":[{"width":1200,"height":800,"url":"https:\/\/www.italpassion.fr\/wp-content\/uploads\/2025\/09\/fiat-500-jaune.jpg","type":"image\/jpeg"}],"author":"Alexandre Filluzeau","twitter_card":"summary_large_image","twitter_creator":"@italpassion","twitter_site":"@italpassion","schema":{"@context":"https:\/\/schema.org","@graph":[{"@type":"NewsArticle","@id":"https:\/\/www.italpassion.fr\/nl\/stellantis\/pourquoi-projet-e-car-de-lunion-europeenne-pourrait-profiter-a-stellantis-et-surtout-a-fiat\/#article","isPartOf":{"@id":"https:\/\/www.italpassion.fr\/nl\/stellantis\/pourquoi-projet-e-car-de-lunion-europeenne-pourrait-profiter-a-stellantis-et-surtout-a-fiat\/"},"author":{"name":"Alexandre Filluzeau","@id":"https:\/\/www.italpassion.fr\/nl\/#\/schema\/person\/36f747b2a759ca202d847e85a9434ca0"},"headline":"Pourquoi projet E-Car de l&rsquo;Union europ\u00e9enne pourrait profiter \u00e0 Stellantis, et surtout \u00e0 Fiat","datePublished":"2025-09-12T07:52:41+00:00","mainEntityOfPage":{"@id":"https:\/\/www.italpassion.fr\/nl\/stellantis\/pourquoi-projet-e-car-de-lunion-europeenne-pourrait-profiter-a-stellantis-et-surtout-a-fiat\/"},"wordCount":651,"commentCount":15,"publisher":{"@id":"https:\/\/www.italpassion.fr\/nl\/#organization"},"image":{"@id":"https:\/\/www.italpassion.fr\/nl\/stellantis\/pourquoi-projet-e-car-de-lunion-europeenne-pourrait-profiter-a-stellantis-et-surtout-a-fiat\/#primaryimage"},"thumbnailUrl":"https:\/\/www.italpassion.fr\/wp-content\/uploads\/2025\/09\/fiat-500-jaune.jpg","articleSection":["Fiat","Stellantis"],"inLanguage":"nl-NL","potentialAction":[{"@type":"CommentAction","name":"Comment","target":["https:\/\/www.italpassion.fr\/nl\/stellantis\/pourquoi-projet-e-car-de-lunion-europeenne-pourrait-profiter-a-stellantis-et-surtout-a-fiat\/#respond"]}]},{"@type":"WebPage","@id":"https:\/\/www.italpassion.fr\/nl\/stellantis\/pourquoi-projet-e-car-de-lunion-europeenne-pourrait-profiter-a-stellantis-et-surtout-a-fiat\/","url":"https:\/\/www.italpassion.fr\/nl\/stellantis\/pourquoi-projet-e-car-de-lunion-europeenne-pourrait-profiter-a-stellantis-et-surtout-a-fiat\/","name":"Waarom het E-Car project van de EU voordelig kan zijn voor Stellantis, en Fiat in het bijzonder - ItalPassion","isPartOf":{"@id":"https:\/\/www.italpassion.fr\/nl\/#website"},"primaryImageOfPage":{"@id":"https:\/\/www.italpassion.fr\/nl\/stellantis\/pourquoi-projet-e-car-de-lunion-europeenne-pourrait-profiter-a-stellantis-et-surtout-a-fiat\/#primaryimage"},"image":{"@id":"https:\/\/www.italpassion.fr\/nl\/stellantis\/pourquoi-projet-e-car-de-lunion-europeenne-pourrait-profiter-a-stellantis-et-surtout-a-fiat\/#primaryimage"},"thumbnailUrl":"https:\/\/www.italpassion.fr\/wp-content\/uploads\/2025\/09\/fiat-500-jaune.jpg","datePublished":"2025-09-12T07:52:41+00:00","description":"De afgelopen dagen volgde de ene aankondiging na de andere over de Europese auto-industrie. Antonio Filosa, de nieuwe CEO van Stellantis, voert zijn persberichten op.","breadcrumb":{"@id":"https:\/\/www.italpassion.fr\/nl\/stellantis\/pourquoi-projet-e-car-de-lunion-europeenne-pourrait-profiter-a-stellantis-et-surtout-a-fiat\/#breadcrumb"},"inLanguage":"nl-NL","potentialAction":[{"@type":"ReadAction","target":["https:\/\/www.italpassion.fr\/nl\/stellantis\/pourquoi-projet-e-car-de-lunion-europeenne-pourrait-profiter-a-stellantis-et-surtout-a-fiat\/"]}]},{"@type":"ImageObject","inLanguage":"nl-NL","@id":"https:\/\/www.italpassion.fr\/nl\/stellantis\/pourquoi-projet-e-car-de-lunion-europeenne-pourrait-profiter-a-stellantis-et-surtout-a-fiat\/#primaryimage","url":"https:\/\/www.italpassion.fr\/wp-content\/uploads\/2025\/09\/fiat-500-jaune.jpg","contentUrl":"https:\/\/www.italpassion.fr\/wp-content\/uploads\/2025\/09\/fiat-500-jaune.jpg","width":1200,"height":800},{"@type":"BreadcrumbList","@id":"https:\/\/www.italpassion.fr\/nl\/stellantis\/pourquoi-projet-e-car-de-lunion-europeenne-pourrait-profiter-a-stellantis-et-surtout-a-fiat\/#breadcrumb","itemListElement":[{"@type":"ListItem","position":1,"name":"Accueil","item":"https:\/\/www.italpassion.fr\/nl\/"},{"@type":"ListItem","position":2,"name":"Pourquoi projet E-Car de l&rsquo;Union europ\u00e9enne pourrait profiter \u00e0 Stellantis, et surtout \u00e0 Fiat"}]},{"@type":"WebSite","@id":"https:\/\/www.italpassion.fr\/nl\/#website","url":"https:\/\/www.italpassion.fr\/nl\/","name":"ItalPassion","description":"Italiaanse autoliefhebbers","publisher":{"@id":"https:\/\/www.italpassion.fr\/nl\/#organization"},"potentialAction":[{"@type":"SearchAction","target":{"@type":"EntryPoint","urlTemplate":"https:\/\/www.italpassion.fr\/nl\/?s={search_term_string}"},"query-input":{"@type":"PropertyValueSpecification","valueRequired":true,"valueName":"search_term_string"}}],"inLanguage":"nl-NL"},{"@type":"Organization","@id":"https:\/\/www.italpassion.fr\/nl\/#organization","name":"Italpassion","url":"https:\/\/www.italpassion.fr\/nl\/","logo":{"@type":"ImageObject","inLanguage":"nl-NL","@id":"https:\/\/www.italpassion.fr\/nl\/#\/schema\/logo\/image\/","url":"https:\/\/www.italpassion.fr\/wp-content\/uploads\/2023\/07\/italpassion-yoast.jpg","contentUrl":"https:\/\/www.italpassion.fr\/wp-content\/uploads\/2023\/07\/italpassion-yoast.jpg","width":696,"height":696,"caption":"Italpassion"},"image":{"@id":"https:\/\/www.italpassion.fr\/nl\/#\/schema\/logo\/image\/"},"sameAs":["https:\/\/www.facebook.com\/italpassion","https:\/\/x.com\/italpassion","https:\/\/www.instagram.com\/italpassionfr\/","https:\/\/www.youtube.com\/channel\/UCleq-ByQaA42OjhopwevRjQ","https:\/\/www.facebook.com\/italpassion.en\/","https:\/\/www.facebook.com\/italpassion.it\/","https:\/\/www.facebook.com\/italpassion.de\/","https:\/\/www.facebook.com\/italpassion.ja\/"]},{"@type":"Person","@id":"https:\/\/www.italpassion.fr\/nl\/#\/schema\/person\/36f747b2a759ca202d847e85a9434ca0","name":"Alexandre Filluzeau","image":{"@type":"ImageObject","inLanguage":"nl-NL","@id":"https:\/\/www.italpassion.fr\/nl\/#\/schema\/person\/image\/","url":"https:\/\/www.italpassion.fr\/wp-content\/uploads\/2025\/04\/avatar-alexandre-160x160.jpg","contentUrl":"https:\/\/www.italpassion.fr\/wp-content\/uploads\/2025\/04\/avatar-alexandre-160x160.jpg","caption":"Alexandre Filluzeau"},"description":"Oprichter van de website ItalPassion, gepassioneerd door Italiaanse auto's en Itali\u00eb in het algemeen. Waar mogelijk breng ik een kritisch en technisch oog naar nieuws over Italiaanse merken. Eigenaar van een Maserati GranTurismo, Alfa Romeo MiTo, Lancia Fulvia en Ducati 695. Ex-eigenaar van een Alfa Romeo Giulia.","sameAs":["https:\/\/www.italpassion.fr\/"],"url":"https:\/\/www.italpassion.fr\/nl\/author\/alexandre\/"}]}},"_links":{"self":[{"href":"https:\/\/www.italpassion.fr\/nl\/wp-json\/wp\/v2\/posts\/41226","targetHints":{"allow":["GET"]}}],"collection":[{"href":"https:\/\/www.italpassion.fr\/nl\/wp-json\/wp\/v2\/posts"}],"about":[{"href":"https:\/\/www.italpassion.fr\/nl\/wp-json\/wp\/v2\/types\/post"}],"author":[{"embeddable":true,"href":"https:\/\/www.italpassion.fr\/nl\/wp-json\/wp\/v2\/users\/1"}],"replies":[{"embeddable":true,"href":"https:\/\/www.italpassion.fr\/nl\/wp-json\/wp\/v2\/comments?post=41226"}],"version-history":[{"count":1,"href":"https:\/\/www.italpassion.fr\/nl\/wp-json\/wp\/v2\/posts\/41226\/revisions"}],"predecessor-version":[{"id":41228,"href":"https:\/\/www.italpassion.fr\/nl\/wp-json\/wp\/v2\/posts\/41226\/revisions\/41228"}],"wp:featuredmedia":[{"embeddable":true,"href":"https:\/\/www.italpassion.fr\/nl\/wp-json\/wp\/v2\/media\/41227"}],"wp:attachment":[{"href":"https:\/\/www.italpassion.fr\/nl\/wp-json\/wp\/v2\/media?parent=41226"}],"wp:term":[{"taxonomy":"category","embeddable":true,"href":"https:\/\/www.italpassion.fr\/nl\/wp-json\/wp\/v2\/categories?post=41226"},{"taxonomy":"post_tag","embeddable":true,"href":"https:\/\/www.italpassion.fr\/nl\/wp-json\/wp\/v2\/tags?post=41226"}],"curies":[{"name":"wp","href":"https:\/\/api.w.org\/{rel}","templated":true}]}}