{"id":41186,"date":"2025-09-10T11:53:20","date_gmt":"2025-09-10T09:53:20","guid":{"rendered":"https:\/\/www.italpassion.fr\/?p=41186"},"modified":"2025-09-10T11:53:20","modified_gmt":"2025-09-10T09:53:20","slug":"f1-audi-werft-sleutelman-aan-die-verantwoordelijk-is-voor-ferrari-2026-motor","status":"publish","type":"post","link":"https:\/\/www.italpassion.fr\/nl\/competition\/formule-1\/f1-audi-recrute-un-homme-cle-responsable-du-moteur-ferrari-2026\/","title":{"rendered":"F1: Audi neemt belangrijke man aan die verantwoordelijk is voor motor Ferrari 2026!"},"content":{"rendered":"<figure class=\"wp-block-image size-large\"><img loading=\"lazy\" decoding=\"async\" width=\"1024\" height=\"683\" src=\"https:\/\/www.italpassion.fr\/wp-content\/uploads\/2025\/02\/Scuderia-Ferrari-065-1024x683.jpg\" alt=\"\" class=\"wp-image-36611\" srcset=\"https:\/\/www.italpassion.fr\/wp-content\/uploads\/2025\/02\/Scuderia-Ferrari-065-1024x683.jpg 1024w, https:\/\/www.italpassion.fr\/wp-content\/uploads\/2025\/02\/Scuderia-Ferrari-065-300x200.jpg 300w, https:\/\/www.italpassion.fr\/wp-content\/uploads\/2025\/02\/Scuderia-Ferrari-065-768x512.jpg 768w, https:\/\/www.italpassion.fr\/wp-content\/uploads\/2025\/02\/Scuderia-Ferrari-065-18x12.jpg 18w, https:\/\/www.italpassion.fr\/wp-content\/uploads\/2025\/02\/Scuderia-Ferrari-065-561x374.jpg 561w, https:\/\/www.italpassion.fr\/wp-content\/uploads\/2025\/02\/Scuderia-Ferrari-065-1122x748.jpg 1122w, https:\/\/www.italpassion.fr\/wp-content\/uploads\/2025\/02\/Scuderia-Ferrari-065-265x177.jpg 265w, https:\/\/www.italpassion.fr\/wp-content\/uploads\/2025\/02\/Scuderia-Ferrari-065-531x354.jpg 531w, https:\/\/www.italpassion.fr\/wp-content\/uploads\/2025\/02\/Scuderia-Ferrari-065-364x243.jpg 364w, https:\/\/www.italpassion.fr\/wp-content\/uploads\/2025\/02\/Scuderia-Ferrari-065-728x485.jpg 728w, https:\/\/www.italpassion.fr\/wp-content\/uploads\/2025\/02\/Scuderia-Ferrari-065-608x405.jpg 608w, https:\/\/www.italpassion.fr\/wp-content\/uploads\/2025\/02\/Scuderia-Ferrari-065-758x505.jpg 758w, https:\/\/www.italpassion.fr\/wp-content\/uploads\/2025\/02\/Scuderia-Ferrari-065-1152x768.jpg 1152w, https:\/\/www.italpassion.fr\/wp-content\/uploads\/2025\/02\/Scuderia-Ferrari-065.jpg 1200w\" sizes=\"auto, (max-width: 1024px) 100vw, 1024px\" \/><figcaption class=\"wp-element-caption\">SF-21 Scuderia Ferrari 065\/6 motor<\/figcaption><\/figure>\n\n\n\n<p>Het is een transfer die de geschiedenis van de <a href=\"https:\/\/www.italpassion.fr\/nl\/wedstrijd\/formule-1\/\">Formule 1<\/a> modern. Volgens exclusieve informatie van het gespecialiseerde mediakanaal Autoracer heeft Audi zojuist een grote coup gedaan door Wolf Zimmermann aan te werven, de Duitse ingenieur die tot nu toe de ontwikkeling van de toekomstige Ferrari-motor stuurde die gepland staat voor 2026. Deze aankondiging bevestigt de grote manoeuvres achter de schermen in de aanloop naar het nieuwe technische reglement.<\/p>\n\n\n\n<h2 class=\"wp-block-heading\">Wolf Zimmermann, elf jaar bij Ferrari en een sleutelrol voor 2026<\/h2>\n\n\n\n<p>Zimmermann kwam meer dan tien jaar geleden naar Maranello en werd in 2023 aangesteld om het project van de volgende generatie power unit (motor) te leiden, dat in 2026 het begin zou markeren van een ingrijpend herzien hybride tijdperk. Ferrari rekende op zijn expertise om een team te leiden dat bezig was met een herstructurering, op een moment dat Fr\u00e9d\u00e9ric Vasseur net een reeks grote organisatorische veranderingen had doorgevoerd.<\/p>\n\n\n\n<p>Het vertrek van Zimmermann, dat officieel is vastgelegd als een scheiding in onderling overleg met Ferrari, vindt plaats zodra de ontwikkeling van de eerste motor is afgerond. De <a href=\"https:\/\/www.italpassion.fr\/nl\/tag\/scuderia-ferrari\/\">Scuderia<\/a> heeft ervoor gekozen om de voortzetting van het project en de toekomst van zijn motorafdeling toe te vertrouwen aan Enrico Gualtieri, nu de centrale figuur in het motorproject.<\/p>\n\n\n\n<h2 class=\"wp-block-heading\">Ferrari reorganiseert, Audi werft aan<\/h2>\n\n\n\n<p>Deze reorganisatie kwam niet alleen. Ferrari heeft het einde van het Renault-programma aangegrepen om een aantal motorfabrikanten uit Viry-Ch\u00e2tillon aan te werven, die intern vertrek hebben gecompenseerd en de expertise in Maranello hebben versterkt. Het is een manier om de knowhow te consolideren op een moment dat de concurrentie zijn wapens al klaarmaakt voor 2026.<\/p>\n\n\n\n<p>Ondertussen is Audi, dat zich voorbereidt op zijn offici\u00eble entree in de Formule 1, druk bezig met het opbouwen van een eersteklas technisch team. Het Duitse merk trok al de aandacht dankzij de schaduw van Mattia Binotto en bevestigt zijn ambitie met de komst van Zimmermann. Maar dat is niet alles: de Duitse fabrikant heeft het naar verluidt ook gemunt op Lars Schmidt, voormalig hoofdingenieur en verantwoordelijk voor de endothermische ontwikkeling bij Ferrari.<\/p>\n\n\n\n<p>Audi heeft geen geheim gemaakt van zijn strategie om mensen aan te nemen die gewerkt hebben bij Ferrari, de historische F1 referentie en motorpionier. De interesse in Enrico Gualtieri is daar het bewijs van, ook al heeft hij ervoor gekozen om trouw te blijven aan Maranello.<\/p>\n\n\n\n<p>Zimmermann brengt een unieke ervaring mee naar Audi, omdat hij het Ferrari 2026-motorproject vanaf het begin heeft geleid.<\/p>","protected":false},"excerpt":{"rendered":"","protected":false},"author":1,"featured_media":36611,"comment_status":"open","ping_status":"open","sticky":false,"template":"","format":"standard","meta":{"_acf_changed":false,"_sitemap_exclude":false,"_sitemap_priority":"","_sitemap_frequency":"","footnotes":""},"categories":[328,323],"tags":[370],"class_list":["post-41186","post","type-post","status-publish","format-standard","has-post-thumbnail","hentry","category-formule-1","category-competition","tag-scuderia-ferrari","generate-columns","tablet-grid-50","mobile-grid-100","grid-parent","grid-33"],"acf":[],"yoast_head":"<!-- This site is optimized with the Yoast SEO plugin v25.8 - https:\/\/yoast.com\/wordpress\/plugins\/seo\/ -->\n<title>F1 : Audi recrute un homme cl\u00e9 responsable du moteur Ferrari 2026 ! - ItalPassion<\/title>\n<meta name=\"description\" content=\"Moteur Scuderia Ferrari 065\/6 de la SF-21 C\u2019est un transfert qui pourrait marquer l\u2019histoire de la Formule 1 moderne. Selon les informations exclusives du\" \/>\n<meta name=\"robots\" content=\"index, follow, max-snippet:-1, max-image-preview:large, max-video-preview:-1\" \/>\n<link rel=\"canonical\" href=\"https:\/\/www.italpassion.fr\/nl\/wedstrijd\/formule-1\/f1-audi-werft-sleutelman-aan-die-verantwoordelijk-is-voor-ferrari-2026-motor\/\" \/>\n<meta property=\"og:locale\" content=\"nl_NL\" \/>\n<meta property=\"og:type\" content=\"article\" \/>\n<meta property=\"og:title\" content=\"F1 : Audi recrute un homme cl\u00e9 responsable du moteur Ferrari 2026 ! - ItalPassion\" \/>\n<meta property=\"og:description\" content=\"Moteur Scuderia Ferrari 065\/6 de la SF-21 C\u2019est un transfert qui pourrait marquer l\u2019histoire de la Formule 1 moderne. Selon les informations exclusives du\" \/>\n<meta property=\"og:url\" content=\"https:\/\/www.italpassion.fr\/nl\/wedstrijd\/formule-1\/f1-audi-werft-sleutelman-aan-die-verantwoordelijk-is-voor-ferrari-2026-motor\/\" \/>\n<meta property=\"og:site_name\" content=\"ItalPassion\" \/>\n<meta property=\"article:publisher\" content=\"https:\/\/www.facebook.com\/italpassion\" \/>\n<meta property=\"article:published_time\" content=\"2025-09-10T09:53:20+00:00\" \/>\n<meta property=\"og:image\" content=\"https:\/\/www.italpassion.fr\/wp-content\/uploads\/2025\/02\/Scuderia-Ferrari-065.jpg\" \/>\n\t<meta property=\"og:image:width\" content=\"1200\" \/>\n\t<meta property=\"og:image:height\" content=\"800\" \/>\n\t<meta property=\"og:image:type\" content=\"image\/jpeg\" \/>\n<meta name=\"author\" content=\"Alexandre Filluzeau\" \/>\n<meta name=\"twitter:card\" content=\"summary_large_image\" \/>\n<meta name=\"twitter:creator\" content=\"@italpassion\" \/>\n<meta name=\"twitter:site\" content=\"@italpassion\" \/>\n<script type=\"application\/ld+json\" class=\"yoast-schema-graph\">{\"@context\":\"https:\/\/schema.org\",\"@graph\":[{\"@type\":\"NewsArticle\",\"@id\":\"https:\/\/www.italpassion.fr\/nl\/competition\/formule-1\/f1-audi-recrute-un-homme-cle-responsable-du-moteur-ferrari-2026\/#article\",\"isPartOf\":{\"@id\":\"https:\/\/www.italpassion.fr\/nl\/competition\/formule-1\/f1-audi-recrute-un-homme-cle-responsable-du-moteur-ferrari-2026\/\"},\"author\":{\"name\":\"Alexandre Filluzeau\",\"@id\":\"https:\/\/www.italpassion.fr\/nl\/#\/schema\/person\/36f747b2a759ca202d847e85a9434ca0\"},\"headline\":\"F1 : Audi recrute un homme cl\u00e9 responsable du moteur Ferrari 2026 !\",\"datePublished\":\"2025-09-10T09:53:20+00:00\",\"mainEntityOfPage\":{\"@id\":\"https:\/\/www.italpassion.fr\/nl\/competition\/formule-1\/f1-audi-recrute-un-homme-cle-responsable-du-moteur-ferrari-2026\/\"},\"wordCount\":431,\"commentCount\":1,\"publisher\":{\"@id\":\"https:\/\/www.italpassion.fr\/nl\/#organization\"},\"image\":{\"@id\":\"https:\/\/www.italpassion.fr\/nl\/competition\/formule-1\/f1-audi-recrute-un-homme-cle-responsable-du-moteur-ferrari-2026\/#primaryimage\"},\"thumbnailUrl\":\"https:\/\/www.italpassion.fr\/wp-content\/uploads\/2025\/02\/Scuderia-Ferrari-065.jpg\",\"keywords\":[\"Scuderia Ferrari\"],\"articleSection\":[\"Formule 1\",\"Sport Auto\"],\"inLanguage\":\"nl-NL\",\"potentialAction\":[{\"@type\":\"CommentAction\",\"name\":\"Comment\",\"target\":[\"https:\/\/www.italpassion.fr\/nl\/competition\/formule-1\/f1-audi-recrute-un-homme-cle-responsable-du-moteur-ferrari-2026\/#respond\"]}]},{\"@type\":\"WebPage\",\"@id\":\"https:\/\/www.italpassion.fr\/nl\/competition\/formule-1\/f1-audi-recrute-un-homme-cle-responsable-du-moteur-ferrari-2026\/\",\"url\":\"https:\/\/www.italpassion.fr\/nl\/competition\/formule-1\/f1-audi-recrute-un-homme-cle-responsable-du-moteur-ferrari-2026\/\",\"name\":\"F1 : Audi recrute un homme cl\u00e9 responsable du moteur Ferrari 2026 ! - ItalPassion\",\"isPartOf\":{\"@id\":\"https:\/\/www.italpassion.fr\/nl\/#website\"},\"primaryImageOfPage\":{\"@id\":\"https:\/\/www.italpassion.fr\/nl\/competition\/formule-1\/f1-audi-recrute-un-homme-cle-responsable-du-moteur-ferrari-2026\/#primaryimage\"},\"image\":{\"@id\":\"https:\/\/www.italpassion.fr\/nl\/competition\/formule-1\/f1-audi-recrute-un-homme-cle-responsable-du-moteur-ferrari-2026\/#primaryimage\"},\"thumbnailUrl\":\"https:\/\/www.italpassion.fr\/wp-content\/uploads\/2025\/02\/Scuderia-Ferrari-065.jpg\",\"datePublished\":\"2025-09-10T09:53:20+00:00\",\"description\":\"Moteur Scuderia Ferrari 065\/6 de la SF-21 C\u2019est un transfert qui pourrait marquer l\u2019histoire de la Formule 1 moderne. Selon les informations exclusives du\",\"breadcrumb\":{\"@id\":\"https:\/\/www.italpassion.fr\/nl\/competition\/formule-1\/f1-audi-recrute-un-homme-cle-responsable-du-moteur-ferrari-2026\/#breadcrumb\"},\"inLanguage\":\"nl-NL\",\"potentialAction\":[{\"@type\":\"ReadAction\",\"target\":[\"https:\/\/www.italpassion.fr\/nl\/competition\/formule-1\/f1-audi-recrute-un-homme-cle-responsable-du-moteur-ferrari-2026\/\"]}]},{\"@type\":\"ImageObject\",\"inLanguage\":\"nl-NL\",\"@id\":\"https:\/\/www.italpassion.fr\/nl\/competition\/formule-1\/f1-audi-recrute-un-homme-cle-responsable-du-moteur-ferrari-2026\/#primaryimage\",\"url\":\"https:\/\/www.italpassion.fr\/wp-content\/uploads\/2025\/02\/Scuderia-Ferrari-065.jpg\",\"contentUrl\":\"https:\/\/www.italpassion.fr\/wp-content\/uploads\/2025\/02\/Scuderia-Ferrari-065.jpg\",\"width\":1200,\"height\":800},{\"@type\":\"BreadcrumbList\",\"@id\":\"https:\/\/www.italpassion.fr\/nl\/competition\/formule-1\/f1-audi-recrute-un-homme-cle-responsable-du-moteur-ferrari-2026\/#breadcrumb\",\"itemListElement\":[{\"@type\":\"ListItem\",\"position\":1,\"name\":\"Accueil\",\"item\":\"https:\/\/www.italpassion.fr\/nl\/\"},{\"@type\":\"ListItem\",\"position\":2,\"name\":\"F1 : Audi recrute un homme cl\u00e9 responsable du moteur Ferrari 2026 !\"}]},{\"@type\":\"WebSite\",\"@id\":\"https:\/\/www.italpassion.fr\/nl\/#website\",\"url\":\"https:\/\/www.italpassion.fr\/nl\/\",\"name\":\"ItalPassion\",\"description\":\"Les Passionn\u00e9s d&#039;Automobiles Italiennes\",\"publisher\":{\"@id\":\"https:\/\/www.italpassion.fr\/nl\/#organization\"},\"potentialAction\":[{\"@type\":\"SearchAction\",\"target\":{\"@type\":\"EntryPoint\",\"urlTemplate\":\"https:\/\/www.italpassion.fr\/nl\/?s={search_term_string}\"},\"query-input\":{\"@type\":\"PropertyValueSpecification\",\"valueRequired\":true,\"valueName\":\"search_term_string\"}}],\"inLanguage\":\"nl-NL\"},{\"@type\":\"Organization\",\"@id\":\"https:\/\/www.italpassion.fr\/nl\/#organization\",\"name\":\"Italpassion\",\"url\":\"https:\/\/www.italpassion.fr\/nl\/\",\"logo\":{\"@type\":\"ImageObject\",\"inLanguage\":\"nl-NL\",\"@id\":\"https:\/\/www.italpassion.fr\/nl\/#\/schema\/logo\/image\/\",\"url\":\"https:\/\/www.italpassion.fr\/wp-content\/uploads\/2023\/07\/italpassion-yoast.jpg\",\"contentUrl\":\"https:\/\/www.italpassion.fr\/wp-content\/uploads\/2023\/07\/italpassion-yoast.jpg\",\"width\":696,\"height\":696,\"caption\":\"Italpassion\"},\"image\":{\"@id\":\"https:\/\/www.italpassion.fr\/nl\/#\/schema\/logo\/image\/\"},\"sameAs\":[\"https:\/\/www.facebook.com\/italpassion\",\"https:\/\/x.com\/italpassion\",\"https:\/\/www.instagram.com\/italpassionfr\/\",\"https:\/\/www.youtube.com\/channel\/UCleq-ByQaA42OjhopwevRjQ\",\"https:\/\/www.facebook.com\/italpassion.en\/\",\"https:\/\/www.facebook.com\/italpassion.it\/\",\"https:\/\/www.facebook.com\/italpassion.de\/\",\"https:\/\/www.facebook.com\/italpassion.ja\/\"]},{\"@type\":\"Person\",\"@id\":\"https:\/\/www.italpassion.fr\/nl\/#\/schema\/person\/36f747b2a759ca202d847e85a9434ca0\",\"name\":\"Alexandre Filluzeau\",\"image\":{\"@type\":\"ImageObject\",\"inLanguage\":\"nl-NL\",\"@id\":\"https:\/\/www.italpassion.fr\/nl\/#\/schema\/person\/image\/\",\"url\":\"https:\/\/www.italpassion.fr\/wp-content\/uploads\/2025\/04\/avatar-alexandre-160x160.jpg\",\"contentUrl\":\"https:\/\/www.italpassion.fr\/wp-content\/uploads\/2025\/04\/avatar-alexandre-160x160.jpg\",\"caption\":\"Alexandre Filluzeau\"},\"description\":\"Fondateur du site ItalPassion, passionn\u00e9 de voitures italiennes et de l'Italie en g\u00e9n\u00e9ral. J'apporte un regard critique et technique aux actualit\u00e9s des marques italiennes quand cela est possible. Propri\u00e9taire d'une Maserati GranTurismo, Alfa Romeo MiTo, Lancia Fulvia et Ducati 695. Ex-propri\u00e9taire d'une Alfa Romeo Giulia.\",\"sameAs\":[\"https:\/\/www.italpassion.fr\/\"],\"url\":\"https:\/\/www.italpassion.fr\/nl\/author\/alexandre\/\"}]}<\/script>\n<!-- \/ Yoast SEO plugin. -->","yoast_head_json":{"title":"F1: Audi neemt man aan die verantwoordelijk is voor motor Ferrari 2026! - Italiaanse passie","description":"SF-21 Scuderia Ferrari 065\/6 motor Het is een transfer die de geschiedenis van de moderne Formule 1 zou kunnen ingaan. Volgens exclusieve informatie van","robots":{"index":"index","follow":"follow","max-snippet":"max-snippet:-1","max-image-preview":"max-image-preview:large","max-video-preview":"max-video-preview:-1"},"canonical":"https:\/\/www.italpassion.fr\/nl\/wedstrijd\/formule-1\/f1-audi-werft-sleutelman-aan-die-verantwoordelijk-is-voor-ferrari-2026-motor\/","og_locale":"nl_NL","og_type":"article","og_title":"F1 : Audi recrute un homme cl\u00e9 responsable du moteur Ferrari 2026 ! - ItalPassion","og_description":"Moteur Scuderia Ferrari 065\/6 de la SF-21 C\u2019est un transfert qui pourrait marquer l\u2019histoire de la Formule 1 moderne. Selon les informations exclusives du","og_url":"https:\/\/www.italpassion.fr\/nl\/wedstrijd\/formule-1\/f1-audi-werft-sleutelman-aan-die-verantwoordelijk-is-voor-ferrari-2026-motor\/","og_site_name":"ItalPassion","article_publisher":"https:\/\/www.facebook.com\/italpassion","article_published_time":"2025-09-10T09:53:20+00:00","og_image":[{"width":1200,"height":800,"url":"https:\/\/www.italpassion.fr\/wp-content\/uploads\/2025\/02\/Scuderia-Ferrari-065.jpg","type":"image\/jpeg"}],"author":"Alexandre Filluzeau","twitter_card":"summary_large_image","twitter_creator":"@italpassion","twitter_site":"@italpassion","schema":{"@context":"https:\/\/schema.org","@graph":[{"@type":"NewsArticle","@id":"https:\/\/www.italpassion.fr\/nl\/competition\/formule-1\/f1-audi-recrute-un-homme-cle-responsable-du-moteur-ferrari-2026\/#article","isPartOf":{"@id":"https:\/\/www.italpassion.fr\/nl\/competition\/formule-1\/f1-audi-recrute-un-homme-cle-responsable-du-moteur-ferrari-2026\/"},"author":{"name":"Alexandre Filluzeau","@id":"https:\/\/www.italpassion.fr\/nl\/#\/schema\/person\/36f747b2a759ca202d847e85a9434ca0"},"headline":"F1 : Audi recrute un homme cl\u00e9 responsable du moteur Ferrari 2026 !","datePublished":"2025-09-10T09:53:20+00:00","mainEntityOfPage":{"@id":"https:\/\/www.italpassion.fr\/nl\/competition\/formule-1\/f1-audi-recrute-un-homme-cle-responsable-du-moteur-ferrari-2026\/"},"wordCount":431,"commentCount":1,"publisher":{"@id":"https:\/\/www.italpassion.fr\/nl\/#organization"},"image":{"@id":"https:\/\/www.italpassion.fr\/nl\/competition\/formule-1\/f1-audi-recrute-un-homme-cle-responsable-du-moteur-ferrari-2026\/#primaryimage"},"thumbnailUrl":"https:\/\/www.italpassion.fr\/wp-content\/uploads\/2025\/02\/Scuderia-Ferrari-065.jpg","keywords":["Scuderia Ferrari"],"articleSection":["Formule 1","Sport Auto"],"inLanguage":"nl-NL","potentialAction":[{"@type":"CommentAction","name":"Comment","target":["https:\/\/www.italpassion.fr\/nl\/competition\/formule-1\/f1-audi-recrute-un-homme-cle-responsable-du-moteur-ferrari-2026\/#respond"]}]},{"@type":"WebPage","@id":"https:\/\/www.italpassion.fr\/nl\/competition\/formule-1\/f1-audi-recrute-un-homme-cle-responsable-du-moteur-ferrari-2026\/","url":"https:\/\/www.italpassion.fr\/nl\/competition\/formule-1\/f1-audi-recrute-un-homme-cle-responsable-du-moteur-ferrari-2026\/","name":"F1: Audi neemt man aan die verantwoordelijk is voor motor Ferrari 2026! - Italiaanse passie","isPartOf":{"@id":"https:\/\/www.italpassion.fr\/nl\/#website"},"primaryImageOfPage":{"@id":"https:\/\/www.italpassion.fr\/nl\/competition\/formule-1\/f1-audi-recrute-un-homme-cle-responsable-du-moteur-ferrari-2026\/#primaryimage"},"image":{"@id":"https:\/\/www.italpassion.fr\/nl\/competition\/formule-1\/f1-audi-recrute-un-homme-cle-responsable-du-moteur-ferrari-2026\/#primaryimage"},"thumbnailUrl":"https:\/\/www.italpassion.fr\/wp-content\/uploads\/2025\/02\/Scuderia-Ferrari-065.jpg","datePublished":"2025-09-10T09:53:20+00:00","description":"SF-21 Scuderia Ferrari 065\/6 motor Het is een transfer die de geschiedenis van de moderne Formule 1 zou kunnen ingaan. Volgens exclusieve informatie van","breadcrumb":{"@id":"https:\/\/www.italpassion.fr\/nl\/competition\/formule-1\/f1-audi-recrute-un-homme-cle-responsable-du-moteur-ferrari-2026\/#breadcrumb"},"inLanguage":"nl-NL","potentialAction":[{"@type":"ReadAction","target":["https:\/\/www.italpassion.fr\/nl\/competition\/formule-1\/f1-audi-recrute-un-homme-cle-responsable-du-moteur-ferrari-2026\/"]}]},{"@type":"ImageObject","inLanguage":"nl-NL","@id":"https:\/\/www.italpassion.fr\/nl\/competition\/formule-1\/f1-audi-recrute-un-homme-cle-responsable-du-moteur-ferrari-2026\/#primaryimage","url":"https:\/\/www.italpassion.fr\/wp-content\/uploads\/2025\/02\/Scuderia-Ferrari-065.jpg","contentUrl":"https:\/\/www.italpassion.fr\/wp-content\/uploads\/2025\/02\/Scuderia-Ferrari-065.jpg","width":1200,"height":800},{"@type":"BreadcrumbList","@id":"https:\/\/www.italpassion.fr\/nl\/competition\/formule-1\/f1-audi-recrute-un-homme-cle-responsable-du-moteur-ferrari-2026\/#breadcrumb","itemListElement":[{"@type":"ListItem","position":1,"name":"Accueil","item":"https:\/\/www.italpassion.fr\/nl\/"},{"@type":"ListItem","position":2,"name":"F1 : Audi recrute un homme cl\u00e9 responsable du moteur Ferrari 2026 !"}]},{"@type":"WebSite","@id":"https:\/\/www.italpassion.fr\/nl\/#website","url":"https:\/\/www.italpassion.fr\/nl\/","name":"ItalPassion","description":"Italiaanse autoliefhebbers","publisher":{"@id":"https:\/\/www.italpassion.fr\/nl\/#organization"},"potentialAction":[{"@type":"SearchAction","target":{"@type":"EntryPoint","urlTemplate":"https:\/\/www.italpassion.fr\/nl\/?s={search_term_string}"},"query-input":{"@type":"PropertyValueSpecification","valueRequired":true,"valueName":"search_term_string"}}],"inLanguage":"nl-NL"},{"@type":"Organization","@id":"https:\/\/www.italpassion.fr\/nl\/#organization","name":"Italpassion","url":"https:\/\/www.italpassion.fr\/nl\/","logo":{"@type":"ImageObject","inLanguage":"nl-NL","@id":"https:\/\/www.italpassion.fr\/nl\/#\/schema\/logo\/image\/","url":"https:\/\/www.italpassion.fr\/wp-content\/uploads\/2023\/07\/italpassion-yoast.jpg","contentUrl":"https:\/\/www.italpassion.fr\/wp-content\/uploads\/2023\/07\/italpassion-yoast.jpg","width":696,"height":696,"caption":"Italpassion"},"image":{"@id":"https:\/\/www.italpassion.fr\/nl\/#\/schema\/logo\/image\/"},"sameAs":["https:\/\/www.facebook.com\/italpassion","https:\/\/x.com\/italpassion","https:\/\/www.instagram.com\/italpassionfr\/","https:\/\/www.youtube.com\/channel\/UCleq-ByQaA42OjhopwevRjQ","https:\/\/www.facebook.com\/italpassion.en\/","https:\/\/www.facebook.com\/italpassion.it\/","https:\/\/www.facebook.com\/italpassion.de\/","https:\/\/www.facebook.com\/italpassion.ja\/"]},{"@type":"Person","@id":"https:\/\/www.italpassion.fr\/nl\/#\/schema\/person\/36f747b2a759ca202d847e85a9434ca0","name":"Alexandre Filluzeau","image":{"@type":"ImageObject","inLanguage":"nl-NL","@id":"https:\/\/www.italpassion.fr\/nl\/#\/schema\/person\/image\/","url":"https:\/\/www.italpassion.fr\/wp-content\/uploads\/2025\/04\/avatar-alexandre-160x160.jpg","contentUrl":"https:\/\/www.italpassion.fr\/wp-content\/uploads\/2025\/04\/avatar-alexandre-160x160.jpg","caption":"Alexandre Filluzeau"},"description":"Oprichter van de website ItalPassion, gepassioneerd door Italiaanse auto's en Itali\u00eb in het algemeen. Waar mogelijk breng ik een kritisch en technisch oog naar nieuws over Italiaanse merken. Eigenaar van een Maserati GranTurismo, Alfa Romeo MiTo, Lancia Fulvia en Ducati 695. Ex-eigenaar van een Alfa Romeo Giulia.","sameAs":["https:\/\/www.italpassion.fr\/"],"url":"https:\/\/www.italpassion.fr\/nl\/author\/alexandre\/"}]}},"_links":{"self":[{"href":"https:\/\/www.italpassion.fr\/nl\/wp-json\/wp\/v2\/posts\/41186","targetHints":{"allow":["GET"]}}],"collection":[{"href":"https:\/\/www.italpassion.fr\/nl\/wp-json\/wp\/v2\/posts"}],"about":[{"href":"https:\/\/www.italpassion.fr\/nl\/wp-json\/wp\/v2\/types\/post"}],"author":[{"embeddable":true,"href":"https:\/\/www.italpassion.fr\/nl\/wp-json\/wp\/v2\/users\/1"}],"replies":[{"embeddable":true,"href":"https:\/\/www.italpassion.fr\/nl\/wp-json\/wp\/v2\/comments?post=41186"}],"version-history":[{"count":1,"href":"https:\/\/www.italpassion.fr\/nl\/wp-json\/wp\/v2\/posts\/41186\/revisions"}],"predecessor-version":[{"id":41188,"href":"https:\/\/www.italpassion.fr\/nl\/wp-json\/wp\/v2\/posts\/41186\/revisions\/41188"}],"wp:featuredmedia":[{"embeddable":true,"href":"https:\/\/www.italpassion.fr\/nl\/wp-json\/wp\/v2\/media\/36611"}],"wp:attachment":[{"href":"https:\/\/www.italpassion.fr\/nl\/wp-json\/wp\/v2\/media?parent=41186"}],"wp:term":[{"taxonomy":"category","embeddable":true,"href":"https:\/\/www.italpassion.fr\/nl\/wp-json\/wp\/v2\/categories?post=41186"},{"taxonomy":"post_tag","embeddable":true,"href":"https:\/\/www.italpassion.fr\/nl\/wp-json\/wp\/v2\/tags?post=41186"}],"curies":[{"name":"wp","href":"https:\/\/api.w.org\/{rel}","templated":true}]}}