{"id":41013,"date":"2025-09-02T17:27:07","date_gmt":"2025-09-02T15:27:07","guid":{"rendered":"https:\/\/www.italpassion.fr\/?p=41013"},"modified":"2025-09-02T17:27:07","modified_gmt":"2025-09-02T15:27:07","slug":"max-verstappen-bij-scuderia-ferrari-informele-gesprekken-hebben-plaatsgevonden","status":"publish","type":"post","link":"https:\/\/www.italpassion.fr\/nl\/competition\/formule-1\/max-verstappen-chez-la-scuderia-ferrari-des-discussions-informelles-ont-eu-lieu\/","title":{"rendered":"Max Verstappen bij Scuderia Ferrari? Informele gesprekken\" hebben plaatsgevonden"},"content":{"rendered":"<figure class=\"wp-block-image size-full\"><img loading=\"lazy\" decoding=\"async\" width=\"1200\" height=\"800\" src=\"https:\/\/www.italpassion.fr\/wp-content\/uploads\/2025\/09\/verstappen-hamilton.jpg\" alt=\"\" class=\"wp-image-41015\" srcset=\"https:\/\/www.italpassion.fr\/wp-content\/uploads\/2025\/09\/verstappen-hamilton.jpg 1200w, https:\/\/www.italpassion.fr\/wp-content\/uploads\/2025\/09\/verstappen-hamilton-420x280.jpg 420w, https:\/\/www.italpassion.fr\/wp-content\/uploads\/2025\/09\/verstappen-hamilton-768x512.jpg 768w, https:\/\/www.italpassion.fr\/wp-content\/uploads\/2025\/09\/verstappen-hamilton-18x12.jpg 18w\" sizes=\"auto, (max-width: 1200px) 100vw, 1200px\" \/><\/figure>\n\n\n\n<p>Geruchten over een toenadering tussen Max Verstappen en Ferrari zijn weer opgedoken. Reeds genoemd <a href=\"https:\/\/www.italpassion.fr\/nl\/wedstrijd\/formule-1\/ferrari-f1-max-verstappen-zou-in-de-verleiding-kunnen-komen-om-zich-bij-de-scuderia-aan-te-sluiten\/\">in april 2025<\/a>De kwestie dook afgelopen weekend weer op in Zandvoort, nadat Jos Verstappen, de vader en adviseur van de drievoudig wereldkampioen, vertelde dat hij geen fan was van het team.<\/p>\n\n\n\n<h2 class=\"wp-block-heading\">Ferrari in het vizier van Verstappen<\/h2>\n\n\n\n<p>Hoewel Verstappen nog tot 2026 onder contract staat bij Red Bull, gaf hij onlangs toe dat zijn toekomst vanaf 2027 \"nog moet worden bepaald\". Tot nu toe leek Mercedes de meest geloofwaardige optie in het geval van een vertrek, maar Ferrari lijkt nu een serieuze mogelijkheid.<\/p>\n\n\n\n<p>Jos Verstappen heeft bevestigd dat hij \"informele gesprekken\" heeft gevoerd met leden van het management van de Scuderia, misschien zelfs met John Elkann of Piero Ferrari. Voorlopig niets concreets, maar genoeg om de speculatie weer aan te wakkeren.<\/p>\n\n\n\n<h2 class=\"wp-block-heading\">Contract hoofdpijn<\/h2>\n\n\n\n<p>Het probleem voor <a href=\"https:\/\/www.italpassion.fr\/nl\/tag\/scuderia-ferrari\/\">Scuderia Ferrari<\/a> is eenvoudig: de twee coureurs zijn al een gevestigde waarde. Charles Leclerc verlengde zijn langetermijncontract in maart 2025. Zonder offici\u00eble termijn loopt zijn contract waarschijnlijk tot minstens 2027, zo niet 2029. Lewis Hamilton is in 2025 net aangekomen met een \"meerjarig\" contract, waarvan velen denken dat het tot eind 2027 loopt.<\/p>\n\n\n\n<p>Tegen deze achtergrond is het moeilijk voor te stellen dat Verstappen in 2027 aankomt zonder een verrassend vertrek van Hamilton. Deze mogelijkheid is niet helemaal uitgesloten als de resultaten in 2026 net zo teleurstellend zijn als die in 2025, maar het blijft zeer speculatief.<\/p>\n\n\n\n<h2 class=\"wp-block-heading\">2028, het echte venster?<\/h2>\n\n\n\n<p>Een realistischer scenario is vanaf 2028, wanneer de twee Ferrari-bays beschikbaar komen. Verstappen zou dan de kans krijgen om zich bij de Scuderia aan te sluiten in een vernieuwd project, mits zijn interesse in F1 tegen die tijd niet afneemt.<\/p>\n\n\n\n<p>De Nederlander heeft zijn afkeer van het 'circus' van de discipline nooit onder stoelen of banken gestoken en is al ge\u00efnteresseerd in andere horizonten, zoals GT3-enduranceracen. Er wordt zelfs gezegd dat hij al begonnen is met racen op de legendarische Nordschleife.<\/p>\n\n\n\n<p>Voorlopig lijken deze gesprekken meer op een temperatuurcheck dan op een concreet project. Maar ze getuigen wel van \u00e9\u00e9n realiteit: Verstappen en zijn entourage kijken al verder dan Red Bull.<br>Of het nu een manier is om druk uit te oefenen op zijn huidige team, om een plan B te verkennen in het geval van een mislukking in 2026, of een oprechte interesse in Ferrari, dit gerucht illustreert hoezeer de toekomst van de Nederlandse kampioen de kaarten op de transfermarkt zou kunnen herschudden.<\/p>","protected":false},"excerpt":{"rendered":"","protected":false},"author":1,"featured_media":41015,"comment_status":"open","ping_status":"open","sticky":false,"template":"","format":"standard","meta":{"_acf_changed":false,"_sitemap_exclude":false,"_sitemap_priority":"","_sitemap_frequency":"","footnotes":""},"categories":[328,323],"tags":[558,370],"class_list":["post-41013","post","type-post","status-publish","format-standard","has-post-thumbnail","hentry","category-formule-1","category-competition","tag-max-verstappen","tag-scuderia-ferrari","generate-columns","tablet-grid-50","mobile-grid-100","grid-parent","grid-33"],"acf":[],"yoast_head":"<!-- This site is optimized with the Yoast SEO plugin v25.8 - https:\/\/yoast.com\/wordpress\/plugins\/seo\/ -->\n<title>Max Verstappen chez la Scuderia Ferrari ? \u00ab Des discussions informelles \u00bb ont eu lieu - ItalPassion<\/title>\n<meta name=\"description\" content=\"La rumeur d\u2019un rapprochement entre Max Verstappen et Ferrari refait surface. D\u00e9j\u00e0 \u00e9voqu\u00e9e en avril 2025, elle a ressurgi le week-end dernier \u00e0 Zandvoort,\" \/>\n<meta name=\"robots\" content=\"index, follow, max-snippet:-1, max-image-preview:large, max-video-preview:-1\" \/>\n<link rel=\"canonical\" href=\"https:\/\/www.italpassion.fr\/nl\/wedstrijd\/formule-1\/max-verstappen-bij-scuderia-ferrari-informele-gesprekken-hebben-plaatsgevonden\/\" \/>\n<meta property=\"og:locale\" content=\"nl_NL\" \/>\n<meta property=\"og:type\" content=\"article\" \/>\n<meta property=\"og:title\" content=\"Max Verstappen chez la Scuderia Ferrari ? \u00ab Des discussions informelles \u00bb ont eu lieu - ItalPassion\" \/>\n<meta property=\"og:description\" content=\"La rumeur d\u2019un rapprochement entre Max Verstappen et Ferrari refait surface. D\u00e9j\u00e0 \u00e9voqu\u00e9e en avril 2025, elle a ressurgi le week-end dernier \u00e0 Zandvoort,\" \/>\n<meta property=\"og:url\" content=\"https:\/\/www.italpassion.fr\/nl\/wedstrijd\/formule-1\/max-verstappen-bij-scuderia-ferrari-informele-gesprekken-hebben-plaatsgevonden\/\" \/>\n<meta property=\"og:site_name\" content=\"ItalPassion\" \/>\n<meta property=\"article:publisher\" content=\"https:\/\/www.facebook.com\/italpassion\" \/>\n<meta property=\"article:published_time\" content=\"2025-09-02T15:27:07+00:00\" \/>\n<meta property=\"og:image\" content=\"https:\/\/www.italpassion.fr\/wp-content\/uploads\/2025\/09\/verstappen-hamilton.jpg\" \/>\n\t<meta property=\"og:image:width\" content=\"1200\" \/>\n\t<meta property=\"og:image:height\" content=\"800\" \/>\n\t<meta property=\"og:image:type\" content=\"image\/jpeg\" \/>\n<meta name=\"author\" content=\"Alexandre Filluzeau\" \/>\n<meta name=\"twitter:card\" content=\"summary_large_image\" \/>\n<meta name=\"twitter:creator\" content=\"@italpassion\" \/>\n<meta name=\"twitter:site\" content=\"@italpassion\" \/>\n<script type=\"application\/ld+json\" class=\"yoast-schema-graph\">{\"@context\":\"https:\/\/schema.org\",\"@graph\":[{\"@type\":\"NewsArticle\",\"@id\":\"https:\/\/www.italpassion.fr\/nl\/competition\/formule-1\/max-verstappen-chez-la-scuderia-ferrari-des-discussions-informelles-ont-eu-lieu\/#article\",\"isPartOf\":{\"@id\":\"https:\/\/www.italpassion.fr\/nl\/competition\/formule-1\/max-verstappen-chez-la-scuderia-ferrari-des-discussions-informelles-ont-eu-lieu\/\"},\"author\":{\"name\":\"Alexandre Filluzeau\",\"@id\":\"https:\/\/www.italpassion.fr\/nl\/#\/schema\/person\/36f747b2a759ca202d847e85a9434ca0\"},\"headline\":\"Max Verstappen chez la Scuderia Ferrari ? \u00ab Des discussions informelles \u00bb ont eu lieu\",\"datePublished\":\"2025-09-02T15:27:07+00:00\",\"mainEntityOfPage\":{\"@id\":\"https:\/\/www.italpassion.fr\/nl\/competition\/formule-1\/max-verstappen-chez-la-scuderia-ferrari-des-discussions-informelles-ont-eu-lieu\/\"},\"wordCount\":449,\"commentCount\":3,\"publisher\":{\"@id\":\"https:\/\/www.italpassion.fr\/nl\/#organization\"},\"image\":{\"@id\":\"https:\/\/www.italpassion.fr\/nl\/competition\/formule-1\/max-verstappen-chez-la-scuderia-ferrari-des-discussions-informelles-ont-eu-lieu\/#primaryimage\"},\"thumbnailUrl\":\"https:\/\/www.italpassion.fr\/wp-content\/uploads\/2025\/09\/verstappen-hamilton.jpg\",\"keywords\":[\"Max Verstappen\",\"Scuderia Ferrari\"],\"articleSection\":[\"Formule 1\",\"Sport Auto\"],\"inLanguage\":\"nl-NL\",\"potentialAction\":[{\"@type\":\"CommentAction\",\"name\":\"Comment\",\"target\":[\"https:\/\/www.italpassion.fr\/nl\/competition\/formule-1\/max-verstappen-chez-la-scuderia-ferrari-des-discussions-informelles-ont-eu-lieu\/#respond\"]}]},{\"@type\":\"WebPage\",\"@id\":\"https:\/\/www.italpassion.fr\/nl\/competition\/formule-1\/max-verstappen-chez-la-scuderia-ferrari-des-discussions-informelles-ont-eu-lieu\/\",\"url\":\"https:\/\/www.italpassion.fr\/nl\/competition\/formule-1\/max-verstappen-chez-la-scuderia-ferrari-des-discussions-informelles-ont-eu-lieu\/\",\"name\":\"Max Verstappen chez la Scuderia Ferrari ? \u00ab Des discussions informelles \u00bb ont eu lieu - ItalPassion\",\"isPartOf\":{\"@id\":\"https:\/\/www.italpassion.fr\/nl\/#website\"},\"primaryImageOfPage\":{\"@id\":\"https:\/\/www.italpassion.fr\/nl\/competition\/formule-1\/max-verstappen-chez-la-scuderia-ferrari-des-discussions-informelles-ont-eu-lieu\/#primaryimage\"},\"image\":{\"@id\":\"https:\/\/www.italpassion.fr\/nl\/competition\/formule-1\/max-verstappen-chez-la-scuderia-ferrari-des-discussions-informelles-ont-eu-lieu\/#primaryimage\"},\"thumbnailUrl\":\"https:\/\/www.italpassion.fr\/wp-content\/uploads\/2025\/09\/verstappen-hamilton.jpg\",\"datePublished\":\"2025-09-02T15:27:07+00:00\",\"description\":\"La rumeur d\u2019un rapprochement entre Max Verstappen et Ferrari refait surface. D\u00e9j\u00e0 \u00e9voqu\u00e9e en avril 2025, elle a ressurgi le week-end dernier \u00e0 Zandvoort,\",\"breadcrumb\":{\"@id\":\"https:\/\/www.italpassion.fr\/nl\/competition\/formule-1\/max-verstappen-chez-la-scuderia-ferrari-des-discussions-informelles-ont-eu-lieu\/#breadcrumb\"},\"inLanguage\":\"nl-NL\",\"potentialAction\":[{\"@type\":\"ReadAction\",\"target\":[\"https:\/\/www.italpassion.fr\/nl\/competition\/formule-1\/max-verstappen-chez-la-scuderia-ferrari-des-discussions-informelles-ont-eu-lieu\/\"]}]},{\"@type\":\"ImageObject\",\"inLanguage\":\"nl-NL\",\"@id\":\"https:\/\/www.italpassion.fr\/nl\/competition\/formule-1\/max-verstappen-chez-la-scuderia-ferrari-des-discussions-informelles-ont-eu-lieu\/#primaryimage\",\"url\":\"https:\/\/www.italpassion.fr\/wp-content\/uploads\/2025\/09\/verstappen-hamilton.jpg\",\"contentUrl\":\"https:\/\/www.italpassion.fr\/wp-content\/uploads\/2025\/09\/verstappen-hamilton.jpg\",\"width\":1200,\"height\":800},{\"@type\":\"BreadcrumbList\",\"@id\":\"https:\/\/www.italpassion.fr\/nl\/competition\/formule-1\/max-verstappen-chez-la-scuderia-ferrari-des-discussions-informelles-ont-eu-lieu\/#breadcrumb\",\"itemListElement\":[{\"@type\":\"ListItem\",\"position\":1,\"name\":\"Accueil\",\"item\":\"https:\/\/www.italpassion.fr\/nl\/\"},{\"@type\":\"ListItem\",\"position\":2,\"name\":\"Max Verstappen chez la Scuderia Ferrari ? \u00ab Des discussions informelles \u00bb ont eu lieu\"}]},{\"@type\":\"WebSite\",\"@id\":\"https:\/\/www.italpassion.fr\/nl\/#website\",\"url\":\"https:\/\/www.italpassion.fr\/nl\/\",\"name\":\"ItalPassion\",\"description\":\"Les Passionn\u00e9s d&#039;Automobiles Italiennes\",\"publisher\":{\"@id\":\"https:\/\/www.italpassion.fr\/nl\/#organization\"},\"potentialAction\":[{\"@type\":\"SearchAction\",\"target\":{\"@type\":\"EntryPoint\",\"urlTemplate\":\"https:\/\/www.italpassion.fr\/nl\/?s={search_term_string}\"},\"query-input\":{\"@type\":\"PropertyValueSpecification\",\"valueRequired\":true,\"valueName\":\"search_term_string\"}}],\"inLanguage\":\"nl-NL\"},{\"@type\":\"Organization\",\"@id\":\"https:\/\/www.italpassion.fr\/nl\/#organization\",\"name\":\"Italpassion\",\"url\":\"https:\/\/www.italpassion.fr\/nl\/\",\"logo\":{\"@type\":\"ImageObject\",\"inLanguage\":\"nl-NL\",\"@id\":\"https:\/\/www.italpassion.fr\/nl\/#\/schema\/logo\/image\/\",\"url\":\"https:\/\/www.italpassion.fr\/wp-content\/uploads\/2023\/07\/italpassion-yoast.jpg\",\"contentUrl\":\"https:\/\/www.italpassion.fr\/wp-content\/uploads\/2023\/07\/italpassion-yoast.jpg\",\"width\":696,\"height\":696,\"caption\":\"Italpassion\"},\"image\":{\"@id\":\"https:\/\/www.italpassion.fr\/nl\/#\/schema\/logo\/image\/\"},\"sameAs\":[\"https:\/\/www.facebook.com\/italpassion\",\"https:\/\/x.com\/italpassion\",\"https:\/\/www.instagram.com\/italpassionfr\/\",\"https:\/\/www.youtube.com\/channel\/UCleq-ByQaA42OjhopwevRjQ\",\"https:\/\/www.facebook.com\/italpassion.en\/\",\"https:\/\/www.facebook.com\/italpassion.it\/\",\"https:\/\/www.facebook.com\/italpassion.de\/\",\"https:\/\/www.facebook.com\/italpassion.ja\/\"]},{\"@type\":\"Person\",\"@id\":\"https:\/\/www.italpassion.fr\/nl\/#\/schema\/person\/36f747b2a759ca202d847e85a9434ca0\",\"name\":\"Alexandre Filluzeau\",\"image\":{\"@type\":\"ImageObject\",\"inLanguage\":\"nl-NL\",\"@id\":\"https:\/\/www.italpassion.fr\/nl\/#\/schema\/person\/image\/\",\"url\":\"https:\/\/www.italpassion.fr\/wp-content\/uploads\/2025\/04\/avatar-alexandre-160x160.jpg\",\"contentUrl\":\"https:\/\/www.italpassion.fr\/wp-content\/uploads\/2025\/04\/avatar-alexandre-160x160.jpg\",\"caption\":\"Alexandre Filluzeau\"},\"description\":\"Fondateur du site ItalPassion, passionn\u00e9 de voitures italiennes et de l'Italie en g\u00e9n\u00e9ral. J'apporte un regard critique et technique aux actualit\u00e9s des marques italiennes quand cela est possible. Propri\u00e9taire d'une Maserati GranTurismo, Alfa Romeo MiTo, Lancia Fulvia et Ducati 695. Ex-propri\u00e9taire d'une Alfa Romeo Giulia.\",\"sameAs\":[\"https:\/\/www.italpassion.fr\/\"],\"url\":\"https:\/\/www.italpassion.fr\/nl\/author\/alexandre\/\"}]}<\/script>\n<!-- \/ Yoast SEO plugin. -->","yoast_head_json":{"title":"Max Verstappen bij Scuderia Ferrari? Informele gesprekken\" hebben plaatsgevonden - ItalPassion","description":"Het gerucht over een samenwerking tussen Max Verstappen en Ferrari is weer opgedoken. In april 2025 werd er al over gesproken, maar afgelopen weekend in Zandvoort dook het weer op,","robots":{"index":"index","follow":"follow","max-snippet":"max-snippet:-1","max-image-preview":"max-image-preview:large","max-video-preview":"max-video-preview:-1"},"canonical":"https:\/\/www.italpassion.fr\/nl\/wedstrijd\/formule-1\/max-verstappen-bij-scuderia-ferrari-informele-gesprekken-hebben-plaatsgevonden\/","og_locale":"nl_NL","og_type":"article","og_title":"Max Verstappen chez la Scuderia Ferrari ? \u00ab Des discussions informelles \u00bb ont eu lieu - ItalPassion","og_description":"La rumeur d\u2019un rapprochement entre Max Verstappen et Ferrari refait surface. D\u00e9j\u00e0 \u00e9voqu\u00e9e en avril 2025, elle a ressurgi le week-end dernier \u00e0 Zandvoort,","og_url":"https:\/\/www.italpassion.fr\/nl\/wedstrijd\/formule-1\/max-verstappen-bij-scuderia-ferrari-informele-gesprekken-hebben-plaatsgevonden\/","og_site_name":"ItalPassion","article_publisher":"https:\/\/www.facebook.com\/italpassion","article_published_time":"2025-09-02T15:27:07+00:00","og_image":[{"width":1200,"height":800,"url":"https:\/\/www.italpassion.fr\/wp-content\/uploads\/2025\/09\/verstappen-hamilton.jpg","type":"image\/jpeg"}],"author":"Alexandre Filluzeau","twitter_card":"summary_large_image","twitter_creator":"@italpassion","twitter_site":"@italpassion","schema":{"@context":"https:\/\/schema.org","@graph":[{"@type":"NewsArticle","@id":"https:\/\/www.italpassion.fr\/nl\/competition\/formule-1\/max-verstappen-chez-la-scuderia-ferrari-des-discussions-informelles-ont-eu-lieu\/#article","isPartOf":{"@id":"https:\/\/www.italpassion.fr\/nl\/competition\/formule-1\/max-verstappen-chez-la-scuderia-ferrari-des-discussions-informelles-ont-eu-lieu\/"},"author":{"name":"Alexandre Filluzeau","@id":"https:\/\/www.italpassion.fr\/nl\/#\/schema\/person\/36f747b2a759ca202d847e85a9434ca0"},"headline":"Max Verstappen chez la Scuderia Ferrari ? \u00ab Des discussions informelles \u00bb ont eu lieu","datePublished":"2025-09-02T15:27:07+00:00","mainEntityOfPage":{"@id":"https:\/\/www.italpassion.fr\/nl\/competition\/formule-1\/max-verstappen-chez-la-scuderia-ferrari-des-discussions-informelles-ont-eu-lieu\/"},"wordCount":449,"commentCount":3,"publisher":{"@id":"https:\/\/www.italpassion.fr\/nl\/#organization"},"image":{"@id":"https:\/\/www.italpassion.fr\/nl\/competition\/formule-1\/max-verstappen-chez-la-scuderia-ferrari-des-discussions-informelles-ont-eu-lieu\/#primaryimage"},"thumbnailUrl":"https:\/\/www.italpassion.fr\/wp-content\/uploads\/2025\/09\/verstappen-hamilton.jpg","keywords":["Max Verstappen","Scuderia Ferrari"],"articleSection":["Formule 1","Sport Auto"],"inLanguage":"nl-NL","potentialAction":[{"@type":"CommentAction","name":"Comment","target":["https:\/\/www.italpassion.fr\/nl\/competition\/formule-1\/max-verstappen-chez-la-scuderia-ferrari-des-discussions-informelles-ont-eu-lieu\/#respond"]}]},{"@type":"WebPage","@id":"https:\/\/www.italpassion.fr\/nl\/competition\/formule-1\/max-verstappen-chez-la-scuderia-ferrari-des-discussions-informelles-ont-eu-lieu\/","url":"https:\/\/www.italpassion.fr\/nl\/competition\/formule-1\/max-verstappen-chez-la-scuderia-ferrari-des-discussions-informelles-ont-eu-lieu\/","name":"Max Verstappen bij Scuderia Ferrari? Informele gesprekken\" hebben plaatsgevonden - ItalPassion","isPartOf":{"@id":"https:\/\/www.italpassion.fr\/nl\/#website"},"primaryImageOfPage":{"@id":"https:\/\/www.italpassion.fr\/nl\/competition\/formule-1\/max-verstappen-chez-la-scuderia-ferrari-des-discussions-informelles-ont-eu-lieu\/#primaryimage"},"image":{"@id":"https:\/\/www.italpassion.fr\/nl\/competition\/formule-1\/max-verstappen-chez-la-scuderia-ferrari-des-discussions-informelles-ont-eu-lieu\/#primaryimage"},"thumbnailUrl":"https:\/\/www.italpassion.fr\/wp-content\/uploads\/2025\/09\/verstappen-hamilton.jpg","datePublished":"2025-09-02T15:27:07+00:00","description":"Het gerucht over een samenwerking tussen Max Verstappen en Ferrari is weer opgedoken. In april 2025 werd er al over gesproken, maar afgelopen weekend in Zandvoort dook het weer op,","breadcrumb":{"@id":"https:\/\/www.italpassion.fr\/nl\/competition\/formule-1\/max-verstappen-chez-la-scuderia-ferrari-des-discussions-informelles-ont-eu-lieu\/#breadcrumb"},"inLanguage":"nl-NL","potentialAction":[{"@type":"ReadAction","target":["https:\/\/www.italpassion.fr\/nl\/competition\/formule-1\/max-verstappen-chez-la-scuderia-ferrari-des-discussions-informelles-ont-eu-lieu\/"]}]},{"@type":"ImageObject","inLanguage":"nl-NL","@id":"https:\/\/www.italpassion.fr\/nl\/competition\/formule-1\/max-verstappen-chez-la-scuderia-ferrari-des-discussions-informelles-ont-eu-lieu\/#primaryimage","url":"https:\/\/www.italpassion.fr\/wp-content\/uploads\/2025\/09\/verstappen-hamilton.jpg","contentUrl":"https:\/\/www.italpassion.fr\/wp-content\/uploads\/2025\/09\/verstappen-hamilton.jpg","width":1200,"height":800},{"@type":"BreadcrumbList","@id":"https:\/\/www.italpassion.fr\/nl\/competition\/formule-1\/max-verstappen-chez-la-scuderia-ferrari-des-discussions-informelles-ont-eu-lieu\/#breadcrumb","itemListElement":[{"@type":"ListItem","position":1,"name":"Accueil","item":"https:\/\/www.italpassion.fr\/nl\/"},{"@type":"ListItem","position":2,"name":"Max Verstappen chez la Scuderia Ferrari ? \u00ab Des discussions informelles \u00bb ont eu lieu"}]},{"@type":"WebSite","@id":"https:\/\/www.italpassion.fr\/nl\/#website","url":"https:\/\/www.italpassion.fr\/nl\/","name":"ItalPassion","description":"Italiaanse autoliefhebbers","publisher":{"@id":"https:\/\/www.italpassion.fr\/nl\/#organization"},"potentialAction":[{"@type":"SearchAction","target":{"@type":"EntryPoint","urlTemplate":"https:\/\/www.italpassion.fr\/nl\/?s={search_term_string}"},"query-input":{"@type":"PropertyValueSpecification","valueRequired":true,"valueName":"search_term_string"}}],"inLanguage":"nl-NL"},{"@type":"Organization","@id":"https:\/\/www.italpassion.fr\/nl\/#organization","name":"Italpassion","url":"https:\/\/www.italpassion.fr\/nl\/","logo":{"@type":"ImageObject","inLanguage":"nl-NL","@id":"https:\/\/www.italpassion.fr\/nl\/#\/schema\/logo\/image\/","url":"https:\/\/www.italpassion.fr\/wp-content\/uploads\/2023\/07\/italpassion-yoast.jpg","contentUrl":"https:\/\/www.italpassion.fr\/wp-content\/uploads\/2023\/07\/italpassion-yoast.jpg","width":696,"height":696,"caption":"Italpassion"},"image":{"@id":"https:\/\/www.italpassion.fr\/nl\/#\/schema\/logo\/image\/"},"sameAs":["https:\/\/www.facebook.com\/italpassion","https:\/\/x.com\/italpassion","https:\/\/www.instagram.com\/italpassionfr\/","https:\/\/www.youtube.com\/channel\/UCleq-ByQaA42OjhopwevRjQ","https:\/\/www.facebook.com\/italpassion.en\/","https:\/\/www.facebook.com\/italpassion.it\/","https:\/\/www.facebook.com\/italpassion.de\/","https:\/\/www.facebook.com\/italpassion.ja\/"]},{"@type":"Person","@id":"https:\/\/www.italpassion.fr\/nl\/#\/schema\/person\/36f747b2a759ca202d847e85a9434ca0","name":"Alexandre Filluzeau","image":{"@type":"ImageObject","inLanguage":"nl-NL","@id":"https:\/\/www.italpassion.fr\/nl\/#\/schema\/person\/image\/","url":"https:\/\/www.italpassion.fr\/wp-content\/uploads\/2025\/04\/avatar-alexandre-160x160.jpg","contentUrl":"https:\/\/www.italpassion.fr\/wp-content\/uploads\/2025\/04\/avatar-alexandre-160x160.jpg","caption":"Alexandre Filluzeau"},"description":"Oprichter van de website ItalPassion, gepassioneerd door Italiaanse auto's en Itali\u00eb in het algemeen. Waar mogelijk breng ik een kritisch en technisch oog naar nieuws over Italiaanse merken. Eigenaar van een Maserati GranTurismo, Alfa Romeo MiTo, Lancia Fulvia en Ducati 695. Ex-eigenaar van een Alfa Romeo Giulia.","sameAs":["https:\/\/www.italpassion.fr\/"],"url":"https:\/\/www.italpassion.fr\/nl\/author\/alexandre\/"}]}},"_links":{"self":[{"href":"https:\/\/www.italpassion.fr\/nl\/wp-json\/wp\/v2\/posts\/41013","targetHints":{"allow":["GET"]}}],"collection":[{"href":"https:\/\/www.italpassion.fr\/nl\/wp-json\/wp\/v2\/posts"}],"about":[{"href":"https:\/\/www.italpassion.fr\/nl\/wp-json\/wp\/v2\/types\/post"}],"author":[{"embeddable":true,"href":"https:\/\/www.italpassion.fr\/nl\/wp-json\/wp\/v2\/users\/1"}],"replies":[{"embeddable":true,"href":"https:\/\/www.italpassion.fr\/nl\/wp-json\/wp\/v2\/comments?post=41013"}],"version-history":[{"count":2,"href":"https:\/\/www.italpassion.fr\/nl\/wp-json\/wp\/v2\/posts\/41013\/revisions"}],"predecessor-version":[{"id":41016,"href":"https:\/\/www.italpassion.fr\/nl\/wp-json\/wp\/v2\/posts\/41013\/revisions\/41016"}],"wp:featuredmedia":[{"embeddable":true,"href":"https:\/\/www.italpassion.fr\/nl\/wp-json\/wp\/v2\/media\/41015"}],"wp:attachment":[{"href":"https:\/\/www.italpassion.fr\/nl\/wp-json\/wp\/v2\/media?parent=41013"}],"wp:term":[{"taxonomy":"category","embeddable":true,"href":"https:\/\/www.italpassion.fr\/nl\/wp-json\/wp\/v2\/categories?post=41013"},{"taxonomy":"post_tag","embeddable":true,"href":"https:\/\/www.italpassion.fr\/nl\/wp-json\/wp\/v2\/tags?post=41013"}],"curies":[{"name":"wp","href":"https:\/\/api.w.org\/{rel}","templated":true}]}}