{"id":40536,"date":"2025-08-15T08:19:03","date_gmt":"2025-08-15T06:19:03","guid":{"rendered":"https:\/\/www.italpassion.fr\/?p=40536"},"modified":"2025-08-14T17:32:42","modified_gmt":"2025-08-14T15:32:42","slug":"sonus-faber-en-lamborghini-onthullen-limited-edition-cremonese-ex3me-luidsprekers-voor-de-prijs-van-een-luxe-auto","status":"publish","type":"post","link":"https:\/\/www.italpassion.fr\/nl\/lamborghini\/sonus-faber-et-lamborghini-devoilent-des-enceintes-cremonese-ex3me-en-edition-limitee-et-au-prix-dune-voiture-de-luxe\/","title":{"rendered":"Sonus Faber en Lamborghini onthullen limited edition 'Cremonese Ex3me' luidsprekers... voor de prijs van een luxe auto!"},"content":{"rendered":"<figure class=\"wp-block-image size-full\"><img loading=\"lazy\" decoding=\"async\" width=\"1200\" height=\"800\" src=\"https:\/\/www.italpassion.fr\/wp-content\/uploads\/2025\/08\/lamborghini-sonus-faber-2.jpg\" alt=\"\" class=\"wp-image-40537\" srcset=\"https:\/\/www.italpassion.fr\/wp-content\/uploads\/2025\/08\/lamborghini-sonus-faber-2.jpg 1200w, https:\/\/www.italpassion.fr\/wp-content\/uploads\/2025\/08\/lamborghini-sonus-faber-2-420x280.jpg 420w, https:\/\/www.italpassion.fr\/wp-content\/uploads\/2025\/08\/lamborghini-sonus-faber-2-768x512.jpg 768w, https:\/\/www.italpassion.fr\/wp-content\/uploads\/2025\/08\/lamborghini-sonus-faber-2-18x12.jpg 18w\" sizes=\"auto, (max-width: 1200px) 100vw, 1200px\" \/><\/figure>\n\n\n\n<p>Itali\u00eb weet hoe je moet opwinden! Op de weg, met het gebrul van een Lamborghini V12. Thuis, met Sonus faber luidsprekers. Deze keer hebben de twee Italiaanse iconen hun expertise gecombineerd om iets te cre\u00ebren dat even exclusief als begeerlijk is: \"Cremonese Ex3me - Automobili Lamborghini Edition\", een paar luidsprekers met een verwoestend design... en de prijs van een sportwagen.<\/p>\n\n\n\n<h2 class=\"wp-block-heading\">Het huwelijk van geluid en snelheid<\/h2>\n\n\n\n<p>Sonus faber staat al sinds de jaren 1980 bekend om zijn handgemaakte luidsprekers, die worden gewaardeerd door de meest veeleisende hifi-liefhebbers, en heeft al samengewerkt met Lamborghini, met name aan de Revuelto supercar. Maar hier gaat het niet langer om het uitrusten van een passagiersruimte: het doel is om je woonkamer te veranderen in een concertzaal... met een vleugje Lamborghini.<\/p>\n\n\n\n<figure class=\"wp-block-image size-full\"><img loading=\"lazy\" decoding=\"async\" width=\"1200\" height=\"800\" src=\"https:\/\/www.italpassion.fr\/wp-content\/uploads\/2025\/08\/lamborgini-sonus-faber.jpg\" alt=\"\" class=\"wp-image-40538\" srcset=\"https:\/\/www.italpassion.fr\/wp-content\/uploads\/2025\/08\/lamborgini-sonus-faber.jpg 1200w, https:\/\/www.italpassion.fr\/wp-content\/uploads\/2025\/08\/lamborgini-sonus-faber-420x280.jpg 420w, https:\/\/www.italpassion.fr\/wp-content\/uploads\/2025\/08\/lamborgini-sonus-faber-768x512.jpg 768w, https:\/\/www.italpassion.fr\/wp-content\/uploads\/2025\/08\/lamborgini-sonus-faber-18x12.jpg 18w\" sizes=\"auto, (max-width: 1200px) 100vw, 1200px\" \/><\/figure>\n\n\n\n<p>Deze speciale editie is beperkt tot 50 genummerde paren en is gebaseerd op de technische basis van het Ex3me-model, herzien en verbeterd voor deze gelegenheid. Het ontwerp doet denken aan een supercar, met een hoekige vijfhoekige kast, Corsa-Tex\u00ae by Dinamica afwerking, inzetstukken van koolstofvezel en het emblematische Lamborghini-wapen.<\/p>\n\n\n\n<h2 class=\"wp-block-heading\">Een concentraat van audiofiele technologie<\/h2>\n\n\n\n<p>Onder de strakke lijnen verbergt elke luidspreker een uitzonderlijk akoestisch arsenaal:<\/p>\n\n\n\n<ul class=\"wp-block-list\">\n<li>Beryllium membraantweeter<\/li>\n\n\n\n<li>180 mm middentoner<\/li>\n\n\n\n<li>Twee 180 mm woofers<\/li>\n\n\n\n<li>Met koolstofvezel versterkte zij-infrawoofers<\/li>\n\n\n\n<li>Nieuw Paracross Topology-filter, verfijnd door Sonus faber-technici voor een optimale weergave<\/li>\n<\/ul>\n\n\n\n<p>Het resultaat is een geluid van chirurgische precisie, waarin elk instrument zijn plaats vindt met een bijna levensechte helderheid.<\/p>\n\n\n\n<h2 class=\"wp-block-heading\">Vijf kleuren, allemaal van het Lamborghini-palet<\/h2>\n\n\n\n<p>Kopers kunnen hun audiosysteem aanpassen aan hun garage of aan hun persoonlijke smaak dankzij vijf legendarische kleuren:<\/p>\n\n\n\n<ul class=\"wp-block-list\">\n<li>Giallo Countach (geel)<\/li>\n\n\n\n<li>Arancio Egon (oranje)<\/li>\n\n\n\n<li>Blu Marinus Matte (mat blauw)<\/li>\n\n\n\n<li>Verde Mercurius (groen)<\/li>\n\n\n\n<li>Nero Nemesis Mat (matzwart)<\/li>\n<\/ul>\n\n\n\n<h2 class=\"wp-block-heading\">Een primeur in Monterey... en een prijs die hoofden doet omdraaien<\/h2>\n\n\n\n<p>De 'Cremonese Ex3me - Automobili Lamborghini Edition' wordt onthuld als wereldpremi\u00e8re tijdens de Monterey Car Week in de Lamborghini-villa in Pebble Beach, Californi\u00eb. En hoewel de offici\u00eble prijs nog niet bekend is gemaakt, liggen de schattingen rond de 130.000 dollar per paar.<\/p>\n\n\n\n<p>Zoals Christian Mastro, Marketing Director van Automobili Lamborghini, het samenvat:<\/p>\n\n\n\n<blockquote class=\"wp-block-quote is-layout-flow wp-block-quote-is-layout-flow\"><svg aria-hidden=\"true\" focusable=\"false\" class=\"icon icon-quote\" width=\"48\" height=\"48\"><use xlink:href=\"#icon-quote\"><\/use><\/svg>\n<p>\"Deze samenwerking is het perfecte huwelijk tussen twee Italiaanse iconen. Het resultaat is een compromisloze akoestische ervaring die ons cultureel erfgoed en onze niet aflatende zoektocht naar perfectie weerspiegelt.<\/p>\n<\/blockquote>\n\n\n\n<p>Met hun racy ontwerp en sonische prestaties zijn deze luidsprekers een eerbetoon aan Made in Italy. Het valt nog te bezien of ze je hart sneller doen kloppen dan het geluid van een startende V12-motor.<\/p>\n\n\n\n<figure class=\"wp-block-embed is-type-video is-provider-youtube wp-block-embed-youtube wp-embed-aspect-16-9 wp-has-aspect-ratio\"><div class=\"wp-block-embed__wrapper\">\n<iframe loading=\"lazy\" title=\"Lamborghini X Sonus Faber\" width=\"1200\" height=\"675\" src=\"https:\/\/www.youtube-nocookie.com\/embed\/KQ7bbpTzi6U?feature=oembed\" frameborder=\"0\" allow=\"accelerometer; autoplay; clipboard-write; encrypted-media; gyroscope; picture-in-picture; web-share\" referrerpolicy=\"strict-origin-when-cross-origin\" allowfullscreen><\/iframe>\n<\/div><\/figure>","protected":false},"excerpt":{"rendered":"","protected":false},"author":1,"featured_media":40537,"comment_status":"open","ping_status":"open","sticky":false,"template":"","format":"standard","meta":{"_acf_changed":false,"_sitemap_exclude":false,"_sitemap_priority":"","_sitemap_frequency":"","footnotes":""},"categories":[25],"tags":[536],"class_list":["post-40536","post","type-post","status-publish","format-standard","has-post-thumbnail","hentry","category-lamborghini","tag-sonus-faber","generate-columns","tablet-grid-50","mobile-grid-100","grid-parent","grid-33"],"acf":[],"yoast_head":"<!-- This site is optimized with the Yoast SEO plugin v25.8 - https:\/\/yoast.com\/wordpress\/plugins\/seo\/ -->\n<title>Sonus Faber et Lamborghini d\u00e9voilent des enceintes &quot;Cremonese Ex3me&quot; en \u00e9dition limit\u00e9e... et au prix d&#039;une voiture de luxe ! - ItalPassion<\/title>\n<meta name=\"description\" content=\"L\u2019Italie sait faire vibrer ! Sur la route, avec les rugissements d\u2019un V12 Lamborghini. \u00c0 la maison, avec les enceintes Sonus faber. Cette fois, les deux\" \/>\n<meta name=\"robots\" content=\"index, follow, max-snippet:-1, max-image-preview:large, max-video-preview:-1\" \/>\n<link rel=\"canonical\" href=\"https:\/\/www.italpassion.fr\/nl\/lamborghini\/sonus-faber-en-lamborghini-onthullen-limited-edition-cremonese-ex3me-luidsprekers-voor-de-prijs-van-een-luxe-auto\/\" \/>\n<meta property=\"og:locale\" content=\"nl_NL\" \/>\n<meta property=\"og:type\" content=\"article\" \/>\n<meta property=\"og:title\" content=\"Sonus Faber et Lamborghini d\u00e9voilent des enceintes &quot;Cremonese Ex3me&quot; en \u00e9dition limit\u00e9e... et au prix d&#039;une voiture de luxe ! - ItalPassion\" \/>\n<meta property=\"og:description\" content=\"L\u2019Italie sait faire vibrer ! Sur la route, avec les rugissements d\u2019un V12 Lamborghini. \u00c0 la maison, avec les enceintes Sonus faber. Cette fois, les deux\" \/>\n<meta property=\"og:url\" content=\"https:\/\/www.italpassion.fr\/nl\/lamborghini\/sonus-faber-en-lamborghini-onthullen-limited-edition-cremonese-ex3me-luidsprekers-voor-de-prijs-van-een-luxe-auto\/\" \/>\n<meta property=\"og:site_name\" content=\"ItalPassion\" \/>\n<meta property=\"article:publisher\" content=\"https:\/\/www.facebook.com\/italpassion\" \/>\n<meta property=\"article:published_time\" content=\"2025-08-15T06:19:03+00:00\" \/>\n<meta property=\"og:image\" content=\"https:\/\/www.italpassion.fr\/wp-content\/uploads\/2025\/08\/lamborghini-sonus-faber-2.jpg\" \/>\n\t<meta property=\"og:image:width\" content=\"1200\" \/>\n\t<meta property=\"og:image:height\" content=\"800\" \/>\n\t<meta property=\"og:image:type\" content=\"image\/jpeg\" \/>\n<meta name=\"author\" content=\"Alexandre Filluzeau\" \/>\n<meta name=\"twitter:card\" content=\"summary_large_image\" \/>\n<meta name=\"twitter:creator\" content=\"@italpassion\" \/>\n<meta name=\"twitter:site\" content=\"@italpassion\" \/>\n<script type=\"application\/ld+json\" class=\"yoast-schema-graph\">{\"@context\":\"https:\/\/schema.org\",\"@graph\":[{\"@type\":\"NewsArticle\",\"@id\":\"https:\/\/www.italpassion.fr\/nl\/lamborghini\/sonus-faber-et-lamborghini-devoilent-des-enceintes-cremonese-ex3me-en-edition-limitee-et-au-prix-dune-voiture-de-luxe\/#article\",\"isPartOf\":{\"@id\":\"https:\/\/www.italpassion.fr\/nl\/lamborghini\/sonus-faber-et-lamborghini-devoilent-des-enceintes-cremonese-ex3me-en-edition-limitee-et-au-prix-dune-voiture-de-luxe\/\"},\"author\":{\"name\":\"Alexandre Filluzeau\",\"@id\":\"https:\/\/www.italpassion.fr\/nl\/#\/schema\/person\/36f747b2a759ca202d847e85a9434ca0\"},\"headline\":\"Sonus Faber et Lamborghini d\u00e9voilent des enceintes \u00ab\u00a0Cremonese Ex3me\u00a0\u00bb en \u00e9dition limit\u00e9e&#8230; et au prix d&rsquo;une voiture de luxe !\",\"datePublished\":\"2025-08-15T06:19:03+00:00\",\"mainEntityOfPage\":{\"@id\":\"https:\/\/www.italpassion.fr\/nl\/lamborghini\/sonus-faber-et-lamborghini-devoilent-des-enceintes-cremonese-ex3me-en-edition-limitee-et-au-prix-dune-voiture-de-luxe\/\"},\"wordCount\":481,\"commentCount\":0,\"publisher\":{\"@id\":\"https:\/\/www.italpassion.fr\/nl\/#organization\"},\"image\":{\"@id\":\"https:\/\/www.italpassion.fr\/nl\/lamborghini\/sonus-faber-et-lamborghini-devoilent-des-enceintes-cremonese-ex3me-en-edition-limitee-et-au-prix-dune-voiture-de-luxe\/#primaryimage\"},\"thumbnailUrl\":\"https:\/\/www.italpassion.fr\/wp-content\/uploads\/2025\/08\/lamborghini-sonus-faber-2.jpg\",\"keywords\":[\"Sonus Faber\"],\"articleSection\":[\"Lamborghini\"],\"inLanguage\":\"nl-NL\",\"potentialAction\":[{\"@type\":\"CommentAction\",\"name\":\"Comment\",\"target\":[\"https:\/\/www.italpassion.fr\/nl\/lamborghini\/sonus-faber-et-lamborghini-devoilent-des-enceintes-cremonese-ex3me-en-edition-limitee-et-au-prix-dune-voiture-de-luxe\/#respond\"]}]},{\"@type\":\"WebPage\",\"@id\":\"https:\/\/www.italpassion.fr\/nl\/lamborghini\/sonus-faber-et-lamborghini-devoilent-des-enceintes-cremonese-ex3me-en-edition-limitee-et-au-prix-dune-voiture-de-luxe\/\",\"url\":\"https:\/\/www.italpassion.fr\/nl\/lamborghini\/sonus-faber-et-lamborghini-devoilent-des-enceintes-cremonese-ex3me-en-edition-limitee-et-au-prix-dune-voiture-de-luxe\/\",\"name\":\"Sonus Faber et Lamborghini d\u00e9voilent des enceintes \\\"Cremonese Ex3me\\\" en \u00e9dition limit\u00e9e... et au prix d'une voiture de luxe ! - ItalPassion\",\"isPartOf\":{\"@id\":\"https:\/\/www.italpassion.fr\/nl\/#website\"},\"primaryImageOfPage\":{\"@id\":\"https:\/\/www.italpassion.fr\/nl\/lamborghini\/sonus-faber-et-lamborghini-devoilent-des-enceintes-cremonese-ex3me-en-edition-limitee-et-au-prix-dune-voiture-de-luxe\/#primaryimage\"},\"image\":{\"@id\":\"https:\/\/www.italpassion.fr\/nl\/lamborghini\/sonus-faber-et-lamborghini-devoilent-des-enceintes-cremonese-ex3me-en-edition-limitee-et-au-prix-dune-voiture-de-luxe\/#primaryimage\"},\"thumbnailUrl\":\"https:\/\/www.italpassion.fr\/wp-content\/uploads\/2025\/08\/lamborghini-sonus-faber-2.jpg\",\"datePublished\":\"2025-08-15T06:19:03+00:00\",\"description\":\"L\u2019Italie sait faire vibrer ! Sur la route, avec les rugissements d\u2019un V12 Lamborghini. \u00c0 la maison, avec les enceintes Sonus faber. Cette fois, les deux\",\"breadcrumb\":{\"@id\":\"https:\/\/www.italpassion.fr\/nl\/lamborghini\/sonus-faber-et-lamborghini-devoilent-des-enceintes-cremonese-ex3me-en-edition-limitee-et-au-prix-dune-voiture-de-luxe\/#breadcrumb\"},\"inLanguage\":\"nl-NL\",\"potentialAction\":[{\"@type\":\"ReadAction\",\"target\":[\"https:\/\/www.italpassion.fr\/nl\/lamborghini\/sonus-faber-et-lamborghini-devoilent-des-enceintes-cremonese-ex3me-en-edition-limitee-et-au-prix-dune-voiture-de-luxe\/\"]}]},{\"@type\":\"ImageObject\",\"inLanguage\":\"nl-NL\",\"@id\":\"https:\/\/www.italpassion.fr\/nl\/lamborghini\/sonus-faber-et-lamborghini-devoilent-des-enceintes-cremonese-ex3me-en-edition-limitee-et-au-prix-dune-voiture-de-luxe\/#primaryimage\",\"url\":\"https:\/\/www.italpassion.fr\/wp-content\/uploads\/2025\/08\/lamborghini-sonus-faber-2.jpg\",\"contentUrl\":\"https:\/\/www.italpassion.fr\/wp-content\/uploads\/2025\/08\/lamborghini-sonus-faber-2.jpg\",\"width\":1200,\"height\":800},{\"@type\":\"BreadcrumbList\",\"@id\":\"https:\/\/www.italpassion.fr\/nl\/lamborghini\/sonus-faber-et-lamborghini-devoilent-des-enceintes-cremonese-ex3me-en-edition-limitee-et-au-prix-dune-voiture-de-luxe\/#breadcrumb\",\"itemListElement\":[{\"@type\":\"ListItem\",\"position\":1,\"name\":\"Accueil\",\"item\":\"https:\/\/www.italpassion.fr\/nl\/\"},{\"@type\":\"ListItem\",\"position\":2,\"name\":\"Sonus Faber et Lamborghini d\u00e9voilent des enceintes \u00ab\u00a0Cremonese Ex3me\u00a0\u00bb en \u00e9dition limit\u00e9e&#8230; et au prix d&rsquo;une voiture de luxe !\"}]},{\"@type\":\"WebSite\",\"@id\":\"https:\/\/www.italpassion.fr\/nl\/#website\",\"url\":\"https:\/\/www.italpassion.fr\/nl\/\",\"name\":\"ItalPassion\",\"description\":\"Les Passionn\u00e9s d&#039;Automobiles Italiennes\",\"publisher\":{\"@id\":\"https:\/\/www.italpassion.fr\/nl\/#organization\"},\"potentialAction\":[{\"@type\":\"SearchAction\",\"target\":{\"@type\":\"EntryPoint\",\"urlTemplate\":\"https:\/\/www.italpassion.fr\/nl\/?s={search_term_string}\"},\"query-input\":{\"@type\":\"PropertyValueSpecification\",\"valueRequired\":true,\"valueName\":\"search_term_string\"}}],\"inLanguage\":\"nl-NL\"},{\"@type\":\"Organization\",\"@id\":\"https:\/\/www.italpassion.fr\/nl\/#organization\",\"name\":\"Italpassion\",\"url\":\"https:\/\/www.italpassion.fr\/nl\/\",\"logo\":{\"@type\":\"ImageObject\",\"inLanguage\":\"nl-NL\",\"@id\":\"https:\/\/www.italpassion.fr\/nl\/#\/schema\/logo\/image\/\",\"url\":\"https:\/\/www.italpassion.fr\/wp-content\/uploads\/2023\/07\/italpassion-yoast.jpg\",\"contentUrl\":\"https:\/\/www.italpassion.fr\/wp-content\/uploads\/2023\/07\/italpassion-yoast.jpg\",\"width\":696,\"height\":696,\"caption\":\"Italpassion\"},\"image\":{\"@id\":\"https:\/\/www.italpassion.fr\/nl\/#\/schema\/logo\/image\/\"},\"sameAs\":[\"https:\/\/www.facebook.com\/italpassion\",\"https:\/\/x.com\/italpassion\",\"https:\/\/www.instagram.com\/italpassionfr\/\",\"https:\/\/www.youtube.com\/channel\/UCleq-ByQaA42OjhopwevRjQ\",\"https:\/\/www.facebook.com\/italpassion.en\/\",\"https:\/\/www.facebook.com\/italpassion.it\/\",\"https:\/\/www.facebook.com\/italpassion.de\/\",\"https:\/\/www.facebook.com\/italpassion.ja\/\"]},{\"@type\":\"Person\",\"@id\":\"https:\/\/www.italpassion.fr\/nl\/#\/schema\/person\/36f747b2a759ca202d847e85a9434ca0\",\"name\":\"Alexandre Filluzeau\",\"image\":{\"@type\":\"ImageObject\",\"inLanguage\":\"nl-NL\",\"@id\":\"https:\/\/www.italpassion.fr\/nl\/#\/schema\/person\/image\/\",\"url\":\"https:\/\/www.italpassion.fr\/wp-content\/uploads\/2025\/04\/avatar-alexandre-160x160.jpg\",\"contentUrl\":\"https:\/\/www.italpassion.fr\/wp-content\/uploads\/2025\/04\/avatar-alexandre-160x160.jpg\",\"caption\":\"Alexandre Filluzeau\"},\"description\":\"Fondateur du site ItalPassion, passionn\u00e9 de voitures italiennes et de l'Italie en g\u00e9n\u00e9ral. J'apporte un regard critique et technique aux actualit\u00e9s des marques italiennes quand cela est possible. Propri\u00e9taire d'une Maserati GranTurismo, Alfa Romeo MiTo, Lancia Fulvia et Ducati 695. Ex-propri\u00e9taire d'une Alfa Romeo Giulia.\",\"sameAs\":[\"https:\/\/www.italpassion.fr\/\"],\"url\":\"https:\/\/www.italpassion.fr\/nl\/author\/alexandre\/\"}]}<\/script>\n<!-- \/ Yoast SEO plugin. -->","yoast_head_json":{"title":"Sonus Faber en Lamborghini onthullen limited edition \"Cremonese Ex3me\" luidsprekers... voor de prijs van een luxe auto! - Italiaanse passie","description":"Itali\u00eb weet hoe je moet opwinden! Op de weg, met het gebrul van een Lamborghini V12. Thuis, met Sonus faber luidsprekers. Deze keer zijn beide","robots":{"index":"index","follow":"follow","max-snippet":"max-snippet:-1","max-image-preview":"max-image-preview:large","max-video-preview":"max-video-preview:-1"},"canonical":"https:\/\/www.italpassion.fr\/nl\/lamborghini\/sonus-faber-en-lamborghini-onthullen-limited-edition-cremonese-ex3me-luidsprekers-voor-de-prijs-van-een-luxe-auto\/","og_locale":"nl_NL","og_type":"article","og_title":"Sonus Faber et Lamborghini d\u00e9voilent des enceintes \"Cremonese Ex3me\" en \u00e9dition limit\u00e9e... et au prix d'une voiture de luxe ! - ItalPassion","og_description":"L\u2019Italie sait faire vibrer ! Sur la route, avec les rugissements d\u2019un V12 Lamborghini. \u00c0 la maison, avec les enceintes Sonus faber. Cette fois, les deux","og_url":"https:\/\/www.italpassion.fr\/nl\/lamborghini\/sonus-faber-en-lamborghini-onthullen-limited-edition-cremonese-ex3me-luidsprekers-voor-de-prijs-van-een-luxe-auto\/","og_site_name":"ItalPassion","article_publisher":"https:\/\/www.facebook.com\/italpassion","article_published_time":"2025-08-15T06:19:03+00:00","og_image":[{"width":1200,"height":800,"url":"https:\/\/www.italpassion.fr\/wp-content\/uploads\/2025\/08\/lamborghini-sonus-faber-2.jpg","type":"image\/jpeg"}],"author":"Alexandre Filluzeau","twitter_card":"summary_large_image","twitter_creator":"@italpassion","twitter_site":"@italpassion","schema":{"@context":"https:\/\/schema.org","@graph":[{"@type":"NewsArticle","@id":"https:\/\/www.italpassion.fr\/nl\/lamborghini\/sonus-faber-et-lamborghini-devoilent-des-enceintes-cremonese-ex3me-en-edition-limitee-et-au-prix-dune-voiture-de-luxe\/#article","isPartOf":{"@id":"https:\/\/www.italpassion.fr\/nl\/lamborghini\/sonus-faber-et-lamborghini-devoilent-des-enceintes-cremonese-ex3me-en-edition-limitee-et-au-prix-dune-voiture-de-luxe\/"},"author":{"name":"Alexandre Filluzeau","@id":"https:\/\/www.italpassion.fr\/nl\/#\/schema\/person\/36f747b2a759ca202d847e85a9434ca0"},"headline":"Sonus Faber et Lamborghini d\u00e9voilent des enceintes \u00ab\u00a0Cremonese Ex3me\u00a0\u00bb en \u00e9dition limit\u00e9e&#8230; et au prix d&rsquo;une voiture de luxe !","datePublished":"2025-08-15T06:19:03+00:00","mainEntityOfPage":{"@id":"https:\/\/www.italpassion.fr\/nl\/lamborghini\/sonus-faber-et-lamborghini-devoilent-des-enceintes-cremonese-ex3me-en-edition-limitee-et-au-prix-dune-voiture-de-luxe\/"},"wordCount":481,"commentCount":0,"publisher":{"@id":"https:\/\/www.italpassion.fr\/nl\/#organization"},"image":{"@id":"https:\/\/www.italpassion.fr\/nl\/lamborghini\/sonus-faber-et-lamborghini-devoilent-des-enceintes-cremonese-ex3me-en-edition-limitee-et-au-prix-dune-voiture-de-luxe\/#primaryimage"},"thumbnailUrl":"https:\/\/www.italpassion.fr\/wp-content\/uploads\/2025\/08\/lamborghini-sonus-faber-2.jpg","keywords":["Sonus Faber"],"articleSection":["Lamborghini"],"inLanguage":"nl-NL","potentialAction":[{"@type":"CommentAction","name":"Comment","target":["https:\/\/www.italpassion.fr\/nl\/lamborghini\/sonus-faber-et-lamborghini-devoilent-des-enceintes-cremonese-ex3me-en-edition-limitee-et-au-prix-dune-voiture-de-luxe\/#respond"]}]},{"@type":"WebPage","@id":"https:\/\/www.italpassion.fr\/nl\/lamborghini\/sonus-faber-et-lamborghini-devoilent-des-enceintes-cremonese-ex3me-en-edition-limitee-et-au-prix-dune-voiture-de-luxe\/","url":"https:\/\/www.italpassion.fr\/nl\/lamborghini\/sonus-faber-et-lamborghini-devoilent-des-enceintes-cremonese-ex3me-en-edition-limitee-et-au-prix-dune-voiture-de-luxe\/","name":"Sonus Faber en Lamborghini onthullen limited edition \"Cremonese Ex3me\" luidsprekers... voor de prijs van een luxe auto! - Italiaanse passie","isPartOf":{"@id":"https:\/\/www.italpassion.fr\/nl\/#website"},"primaryImageOfPage":{"@id":"https:\/\/www.italpassion.fr\/nl\/lamborghini\/sonus-faber-et-lamborghini-devoilent-des-enceintes-cremonese-ex3me-en-edition-limitee-et-au-prix-dune-voiture-de-luxe\/#primaryimage"},"image":{"@id":"https:\/\/www.italpassion.fr\/nl\/lamborghini\/sonus-faber-et-lamborghini-devoilent-des-enceintes-cremonese-ex3me-en-edition-limitee-et-au-prix-dune-voiture-de-luxe\/#primaryimage"},"thumbnailUrl":"https:\/\/www.italpassion.fr\/wp-content\/uploads\/2025\/08\/lamborghini-sonus-faber-2.jpg","datePublished":"2025-08-15T06:19:03+00:00","description":"Itali\u00eb weet hoe je moet opwinden! Op de weg, met het gebrul van een Lamborghini V12. Thuis, met Sonus faber luidsprekers. Deze keer zijn beide","breadcrumb":{"@id":"https:\/\/www.italpassion.fr\/nl\/lamborghini\/sonus-faber-et-lamborghini-devoilent-des-enceintes-cremonese-ex3me-en-edition-limitee-et-au-prix-dune-voiture-de-luxe\/#breadcrumb"},"inLanguage":"nl-NL","potentialAction":[{"@type":"ReadAction","target":["https:\/\/www.italpassion.fr\/nl\/lamborghini\/sonus-faber-et-lamborghini-devoilent-des-enceintes-cremonese-ex3me-en-edition-limitee-et-au-prix-dune-voiture-de-luxe\/"]}]},{"@type":"ImageObject","inLanguage":"nl-NL","@id":"https:\/\/www.italpassion.fr\/nl\/lamborghini\/sonus-faber-et-lamborghini-devoilent-des-enceintes-cremonese-ex3me-en-edition-limitee-et-au-prix-dune-voiture-de-luxe\/#primaryimage","url":"https:\/\/www.italpassion.fr\/wp-content\/uploads\/2025\/08\/lamborghini-sonus-faber-2.jpg","contentUrl":"https:\/\/www.italpassion.fr\/wp-content\/uploads\/2025\/08\/lamborghini-sonus-faber-2.jpg","width":1200,"height":800},{"@type":"BreadcrumbList","@id":"https:\/\/www.italpassion.fr\/nl\/lamborghini\/sonus-faber-et-lamborghini-devoilent-des-enceintes-cremonese-ex3me-en-edition-limitee-et-au-prix-dune-voiture-de-luxe\/#breadcrumb","itemListElement":[{"@type":"ListItem","position":1,"name":"Accueil","item":"https:\/\/www.italpassion.fr\/nl\/"},{"@type":"ListItem","position":2,"name":"Sonus Faber et Lamborghini d\u00e9voilent des enceintes \u00ab\u00a0Cremonese Ex3me\u00a0\u00bb en \u00e9dition limit\u00e9e&#8230; et au prix d&rsquo;une voiture de luxe !"}]},{"@type":"WebSite","@id":"https:\/\/www.italpassion.fr\/nl\/#website","url":"https:\/\/www.italpassion.fr\/nl\/","name":"ItalPassion","description":"Italiaanse autoliefhebbers","publisher":{"@id":"https:\/\/www.italpassion.fr\/nl\/#organization"},"potentialAction":[{"@type":"SearchAction","target":{"@type":"EntryPoint","urlTemplate":"https:\/\/www.italpassion.fr\/nl\/?s={search_term_string}"},"query-input":{"@type":"PropertyValueSpecification","valueRequired":true,"valueName":"search_term_string"}}],"inLanguage":"nl-NL"},{"@type":"Organization","@id":"https:\/\/www.italpassion.fr\/nl\/#organization","name":"Italpassion","url":"https:\/\/www.italpassion.fr\/nl\/","logo":{"@type":"ImageObject","inLanguage":"nl-NL","@id":"https:\/\/www.italpassion.fr\/nl\/#\/schema\/logo\/image\/","url":"https:\/\/www.italpassion.fr\/wp-content\/uploads\/2023\/07\/italpassion-yoast.jpg","contentUrl":"https:\/\/www.italpassion.fr\/wp-content\/uploads\/2023\/07\/italpassion-yoast.jpg","width":696,"height":696,"caption":"Italpassion"},"image":{"@id":"https:\/\/www.italpassion.fr\/nl\/#\/schema\/logo\/image\/"},"sameAs":["https:\/\/www.facebook.com\/italpassion","https:\/\/x.com\/italpassion","https:\/\/www.instagram.com\/italpassionfr\/","https:\/\/www.youtube.com\/channel\/UCleq-ByQaA42OjhopwevRjQ","https:\/\/www.facebook.com\/italpassion.en\/","https:\/\/www.facebook.com\/italpassion.it\/","https:\/\/www.facebook.com\/italpassion.de\/","https:\/\/www.facebook.com\/italpassion.ja\/"]},{"@type":"Person","@id":"https:\/\/www.italpassion.fr\/nl\/#\/schema\/person\/36f747b2a759ca202d847e85a9434ca0","name":"Alexandre Filluzeau","image":{"@type":"ImageObject","inLanguage":"nl-NL","@id":"https:\/\/www.italpassion.fr\/nl\/#\/schema\/person\/image\/","url":"https:\/\/www.italpassion.fr\/wp-content\/uploads\/2025\/04\/avatar-alexandre-160x160.jpg","contentUrl":"https:\/\/www.italpassion.fr\/wp-content\/uploads\/2025\/04\/avatar-alexandre-160x160.jpg","caption":"Alexandre Filluzeau"},"description":"Oprichter van de website ItalPassion, gepassioneerd door Italiaanse auto's en Itali\u00eb in het algemeen. Waar mogelijk breng ik een kritisch en technisch oog naar nieuws over Italiaanse merken. Eigenaar van een Maserati GranTurismo, Alfa Romeo MiTo, Lancia Fulvia en Ducati 695. Ex-eigenaar van een Alfa Romeo Giulia.","sameAs":["https:\/\/www.italpassion.fr\/"],"url":"https:\/\/www.italpassion.fr\/nl\/author\/alexandre\/"}]}},"_links":{"self":[{"href":"https:\/\/www.italpassion.fr\/nl\/wp-json\/wp\/v2\/posts\/40536","targetHints":{"allow":["GET"]}}],"collection":[{"href":"https:\/\/www.italpassion.fr\/nl\/wp-json\/wp\/v2\/posts"}],"about":[{"href":"https:\/\/www.italpassion.fr\/nl\/wp-json\/wp\/v2\/types\/post"}],"author":[{"embeddable":true,"href":"https:\/\/www.italpassion.fr\/nl\/wp-json\/wp\/v2\/users\/1"}],"replies":[{"embeddable":true,"href":"https:\/\/www.italpassion.fr\/nl\/wp-json\/wp\/v2\/comments?post=40536"}],"version-history":[{"count":2,"href":"https:\/\/www.italpassion.fr\/nl\/wp-json\/wp\/v2\/posts\/40536\/revisions"}],"predecessor-version":[{"id":40554,"href":"https:\/\/www.italpassion.fr\/nl\/wp-json\/wp\/v2\/posts\/40536\/revisions\/40554"}],"wp:featuredmedia":[{"embeddable":true,"href":"https:\/\/www.italpassion.fr\/nl\/wp-json\/wp\/v2\/media\/40537"}],"wp:attachment":[{"href":"https:\/\/www.italpassion.fr\/nl\/wp-json\/wp\/v2\/media?parent=40536"}],"wp:term":[{"taxonomy":"category","embeddable":true,"href":"https:\/\/www.italpassion.fr\/nl\/wp-json\/wp\/v2\/categories?post=40536"},{"taxonomy":"post_tag","embeddable":true,"href":"https:\/\/www.italpassion.fr\/nl\/wp-json\/wp\/v2\/tags?post=40536"}],"curies":[{"name":"wp","href":"https:\/\/api.w.org\/{rel}","templated":true}]}}