{"id":40318,"date":"2025-08-06T12:07:37","date_gmt":"2025-08-06T10:07:37","guid":{"rendered":"https:\/\/www.italpassion.fr\/?p=40318"},"modified":"2025-08-06T10:56:16","modified_gmt":"2025-08-06T08:56:16","slug":"de-eerste-gepersonaliseerde-lamborghini-temerario-is-geleverd-aan-een-eliteklant","status":"publish","type":"post","link":"https:\/\/www.italpassion.fr\/nl\/lamborghini\/la-premiere-lamborghini-temerario-personnalisee-a-ete-livree-a-un-client-elite\/","title":{"rendered":"De eerste gepersonaliseerde Lamborghini Temerario is afgeleverd aan een 'Elite'-klant"},"content":{"rendered":"<figure class=\"wp-block-image size-full\"><img loading=\"lazy\" decoding=\"async\" width=\"1200\" height=\"800\" src=\"https:\/\/www.italpassion.fr\/wp-content\/uploads\/2025\/08\/lamborghini-temerario-sardaine.jpg\" alt=\"\" class=\"wp-image-40348\" srcset=\"https:\/\/www.italpassion.fr\/wp-content\/uploads\/2025\/08\/lamborghini-temerario-sardaine.jpg 1200w, https:\/\/www.italpassion.fr\/wp-content\/uploads\/2025\/08\/lamborghini-temerario-sardaine-420x280.jpg 420w, https:\/\/www.italpassion.fr\/wp-content\/uploads\/2025\/08\/lamborghini-temerario-sardaine-768x512.jpg 768w, https:\/\/www.italpassion.fr\/wp-content\/uploads\/2025\/08\/lamborghini-temerario-sardaine-18x12.jpg 18w\" sizes=\"auto, (max-width: 1200px) 100vw, 1200px\" \/><\/figure>\n\n\n\n<p>Op het hoogtepunt van de zomer, in de ultra-elegante omgeving van Porto Cervo op Sardini\u00eb, <a href=\"https:\/\/www.italpassion.fr\/nl\/lamborghini\/\">Lamborghini<\/a> heeft de eerste gepersonaliseerde Temerario in zijn Ad Personam-programma onthuld. Dit unieke model, ontworpen voor een klant die wordt omschreven als 'Elite', belichaamt zowel de discrete luxe van de Middellandse Zee als de rauwe prestaties die typisch zijn voor het stierenmerk.<\/p>\n\n\n\n<h2 class=\"wp-block-heading\">Eenmalige hommage aan Sardini\u00eb<\/h2>\n\n\n\n<p>Deze \"Temerario Porto Cervo\" werd gepresenteerd tijdens een priv\u00e9-evenement op de terrassen van Casa Fiorichiari, in de exclusieve club Twiga, en is een waar stukje haute couture op autogebied. Ge\u00efnspireerd door het Sardijnse landschap.<\/p>\n\n\n\n<figure class=\"wp-block-image size-full\"><img loading=\"lazy\" decoding=\"async\" width=\"1200\" height=\"800\" src=\"https:\/\/www.italpassion.fr\/wp-content\/uploads\/2025\/08\/lamborghini-temerario-sardaigne-1.jpg\" alt=\"\" class=\"wp-image-40349\" srcset=\"https:\/\/www.italpassion.fr\/wp-content\/uploads\/2025\/08\/lamborghini-temerario-sardaigne-1.jpg 1200w, https:\/\/www.italpassion.fr\/wp-content\/uploads\/2025\/08\/lamborghini-temerario-sardaigne-1-420x280.jpg 420w, https:\/\/www.italpassion.fr\/wp-content\/uploads\/2025\/08\/lamborghini-temerario-sardaigne-1-768x512.jpg 768w, https:\/\/www.italpassion.fr\/wp-content\/uploads\/2025\/08\/lamborghini-temerario-sardaigne-1-18x12.jpg 18w\" sizes=\"auto, (max-width: 1200px) 100vw, 1200px\" \/><\/figure>\n\n\n\n<p>De exterieurkleur Grigio Serget, een grijs met blauwachtige accenten die zichtbaar zijn in fel zonlicht, roept zowel het turquoise water als de heldere lucht van het eiland op. De kleur wordt geaccentueerd door elementen in glanzend Nero Noctis, Blu Royal biezen die doorlopen tot in de achterspoiler en glanzend zwarte koolstofvezel onderdelen. Zelfs de Velador velgen, in glanzend zwart, contrasteren met blauwe remklauwen, die het kleurenthema van het model weerspiegelen.<\/p>\n\n\n\n<figure class=\"wp-block-image size-full\"><img loading=\"lazy\" decoding=\"async\" width=\"1200\" height=\"800\" src=\"https:\/\/www.italpassion.fr\/wp-content\/uploads\/2025\/08\/lamborghini-temerario-sardaigne-2.jpg\" alt=\"\" class=\"wp-image-40350\" srcset=\"https:\/\/www.italpassion.fr\/wp-content\/uploads\/2025\/08\/lamborghini-temerario-sardaigne-2.jpg 1200w, https:\/\/www.italpassion.fr\/wp-content\/uploads\/2025\/08\/lamborghini-temerario-sardaigne-2-420x280.jpg 420w, https:\/\/www.italpassion.fr\/wp-content\/uploads\/2025\/08\/lamborghini-temerario-sardaigne-2-768x512.jpg 768w, https:\/\/www.italpassion.fr\/wp-content\/uploads\/2025\/08\/lamborghini-temerario-sardaigne-2-18x12.jpg 18w\" sizes=\"auto, (max-width: 1200px) 100vw, 1200px\" \/><\/figure>\n\n\n\n<h2 class=\"wp-block-heading\">Interieurs op maat<\/h2>\n\n\n\n<p>Het interieur is ook niet onbelangrijk. Het combineert edele materialen zoals leder Grigio Octans, Corsa Tex fiber en lederen inzetstukken Blu Nethuns op de stoelen, portieren en stiksels. De naam 'Temerario', vergezeld van de Italiaanse vlag, is geborduurd op de achterkant van de cabine, terwijl een profiel van de auto zichtbaar is op de deurpanelen. Er zijn twee speciale platen aan boord: op de ene staan de woorden Ad Personam, op de andere het evenement Porto Cervo 2025, dat voor aflevering is vervangen door een gepersonaliseerde plaat met de naam van de eigenaar.<\/p>\n\n\n\n<figure class=\"wp-block-image size-full\"><img loading=\"lazy\" decoding=\"async\" width=\"1200\" height=\"800\" src=\"https:\/\/www.italpassion.fr\/wp-content\/uploads\/2025\/08\/lamborghini-temerario-sardaigne-4.jpg\" alt=\"\" class=\"wp-image-40351\" srcset=\"https:\/\/www.italpassion.fr\/wp-content\/uploads\/2025\/08\/lamborghini-temerario-sardaigne-4.jpg 1200w, https:\/\/www.italpassion.fr\/wp-content\/uploads\/2025\/08\/lamborghini-temerario-sardaigne-4-420x280.jpg 420w, https:\/\/www.italpassion.fr\/wp-content\/uploads\/2025\/08\/lamborghini-temerario-sardaigne-4-768x512.jpg 768w, https:\/\/www.italpassion.fr\/wp-content\/uploads\/2025\/08\/lamborghini-temerario-sardaigne-4-18x12.jpg 18w\" sizes=\"auto, (max-width: 1200px) 100vw, 1200px\" \/><\/figure>\n\n\n\n<figure class=\"wp-block-image size-full\"><img loading=\"lazy\" decoding=\"async\" width=\"1200\" height=\"800\" src=\"https:\/\/www.italpassion.fr\/wp-content\/uploads\/2025\/08\/lamborghini-temerario-sardaigne-5.jpg\" alt=\"\" class=\"wp-image-40352\" srcset=\"https:\/\/www.italpassion.fr\/wp-content\/uploads\/2025\/08\/lamborghini-temerario-sardaigne-5.jpg 1200w, https:\/\/www.italpassion.fr\/wp-content\/uploads\/2025\/08\/lamborghini-temerario-sardaigne-5-420x280.jpg 420w, https:\/\/www.italpassion.fr\/wp-content\/uploads\/2025\/08\/lamborghini-temerario-sardaigne-5-768x512.jpg 768w, https:\/\/www.italpassion.fr\/wp-content\/uploads\/2025\/08\/lamborghini-temerario-sardaigne-5-18x12.jpg 18w\" sizes=\"auto, (max-width: 1200px) 100vw, 1200px\" \/><\/figure>\n\n\n\n<h2 class=\"wp-block-heading\">Ongewijzigde mechanica<\/h2>\n\n\n\n<p>Onder dit exclusieve exterieur blijft de aandrijflijn ongewijzigd: de 4,0-liter twin-turbo V8 in combinatie met een elektromotor levert een gecombineerd vermogen van 920 pk. Daarmee behoort de Temerario tot de krachtigste hybride supercars op de markt.<\/p>\n\n\n\n<h2 class=\"wp-block-heading\">Een mysterieuze maar niet onbekende klant?<\/h2>\n\n\n\n<p>Lamborghini heeft de identiteit van de eigenaar niet bekendgemaakt, maar alles wijst erop dat het dezelfde sponsor zal zijn als bij een eerdere Revuelto one-off, eveneens ge\u00efnspireerd op Sardini\u00eb. Dezelfde inspiratie, hetzelfde zwarte en blauwe kleurenpalet en hetzelfde extreme personalisatieniveau. Een reeks toevalligheden die doet vermoeden dat er een gepassioneerde en loyale verzamelaar achter deze twee unieke creaties zit.<\/p>\n\n\n\n<p>Met deze eerste gepersonaliseerde Temerario demonstreert Lamborghini de kracht van het Ad Personam-programma en hoe elke klant zijn supercar kan omtoveren tot een rollend kunstobject.<\/p>\n\n\n\n<blockquote class=\"wp-block-quote is-layout-flow wp-block-quote-is-layout-flow\"><svg aria-hidden=\"true\" focusable=\"false\" class=\"icon icon-quote\" width=\"48\" height=\"48\"><use xlink:href=\"#icon-quote\"><\/use><\/svg>\n<p>Zoals Lamborghini CEO Stephan Winkelmann het samenvat:<br><em>\"Met het Ad Personam-programma kan elke klant een echte Lamborghini bezitten en tegelijkertijd zijn persoonlijkheid laten gelden.<\/em><\/p>\n<\/blockquote>\n\n\n\n<figure class=\"wp-block-image size-full\"><img loading=\"lazy\" decoding=\"async\" width=\"1200\" height=\"800\" src=\"https:\/\/www.italpassion.fr\/wp-content\/uploads\/2025\/08\/lamborghini-temerario-sardaigne-7.jpg\" alt=\"\" class=\"wp-image-40353\" srcset=\"https:\/\/www.italpassion.fr\/wp-content\/uploads\/2025\/08\/lamborghini-temerario-sardaigne-7.jpg 1200w, https:\/\/www.italpassion.fr\/wp-content\/uploads\/2025\/08\/lamborghini-temerario-sardaigne-7-420x280.jpg 420w, https:\/\/www.italpassion.fr\/wp-content\/uploads\/2025\/08\/lamborghini-temerario-sardaigne-7-768x512.jpg 768w, https:\/\/www.italpassion.fr\/wp-content\/uploads\/2025\/08\/lamborghini-temerario-sardaigne-7-18x12.jpg 18w\" sizes=\"auto, (max-width: 1200px) 100vw, 1200px\" \/><\/figure>","protected":false},"excerpt":{"rendered":"","protected":false},"author":1,"featured_media":40348,"comment_status":"open","ping_status":"open","sticky":false,"template":"","format":"standard","meta":{"_acf_changed":false,"_sitemap_exclude":false,"_sitemap_priority":"","_sitemap_frequency":"","footnotes":""},"categories":[25],"tags":[374],"class_list":["post-40318","post","type-post","status-publish","format-standard","has-post-thumbnail","hentry","category-lamborghini","tag-lamborghini-temerario","generate-columns","tablet-grid-50","mobile-grid-100","grid-parent","grid-33"],"acf":[],"yoast_head":"<!-- This site is optimized with the Yoast SEO plugin v25.8 - https:\/\/yoast.com\/wordpress\/plugins\/seo\/ -->\n<title>La premi\u00e8re Lamborghini Temerario personnalis\u00e9e a \u00e9t\u00e9 livr\u00e9e \u00e0 un client &quot;Elite&quot; - ItalPassion<\/title>\n<meta name=\"description\" content=\"En plein c\u0153ur de l\u2019\u00e9t\u00e9, dans le cadre ultra-s\u00e9lect de Porto Cervo en Sardaigne, Lamborghini a r\u00e9v\u00e9l\u00e9 la premi\u00e8re Temerario personnalis\u00e9e de son programme\" \/>\n<meta name=\"robots\" content=\"index, follow, max-snippet:-1, max-image-preview:large, max-video-preview:-1\" \/>\n<link rel=\"canonical\" href=\"https:\/\/www.italpassion.fr\/nl\/lamborghini\/de-eerste-gepersonaliseerde-lamborghini-temerario-is-geleverd-aan-een-eliteklant\/\" \/>\n<meta property=\"og:locale\" content=\"nl_NL\" \/>\n<meta property=\"og:type\" content=\"article\" \/>\n<meta property=\"og:title\" content=\"La premi\u00e8re Lamborghini Temerario personnalis\u00e9e a \u00e9t\u00e9 livr\u00e9e \u00e0 un client &quot;Elite&quot; - ItalPassion\" \/>\n<meta property=\"og:description\" content=\"En plein c\u0153ur de l\u2019\u00e9t\u00e9, dans le cadre ultra-s\u00e9lect de Porto Cervo en Sardaigne, Lamborghini a r\u00e9v\u00e9l\u00e9 la premi\u00e8re Temerario personnalis\u00e9e de son programme\" \/>\n<meta property=\"og:url\" content=\"https:\/\/www.italpassion.fr\/nl\/lamborghini\/de-eerste-gepersonaliseerde-lamborghini-temerario-is-geleverd-aan-een-eliteklant\/\" \/>\n<meta property=\"og:site_name\" content=\"ItalPassion\" \/>\n<meta property=\"article:publisher\" content=\"https:\/\/www.facebook.com\/italpassion\" \/>\n<meta property=\"article:published_time\" content=\"2025-08-06T10:07:37+00:00\" \/>\n<meta property=\"og:image\" content=\"https:\/\/www.italpassion.fr\/wp-content\/uploads\/2025\/08\/lamborghini-temerario-sardaine.jpg\" \/>\n\t<meta property=\"og:image:width\" content=\"1200\" \/>\n\t<meta property=\"og:image:height\" content=\"800\" \/>\n\t<meta property=\"og:image:type\" content=\"image\/jpeg\" \/>\n<meta name=\"author\" content=\"Alexandre Filluzeau\" \/>\n<meta name=\"twitter:card\" content=\"summary_large_image\" \/>\n<meta name=\"twitter:creator\" content=\"@italpassion\" \/>\n<meta name=\"twitter:site\" content=\"@italpassion\" \/>\n<script type=\"application\/ld+json\" class=\"yoast-schema-graph\">{\"@context\":\"https:\/\/schema.org\",\"@graph\":[{\"@type\":\"NewsArticle\",\"@id\":\"https:\/\/www.italpassion.fr\/nl\/lamborghini\/la-premiere-lamborghini-temerario-personnalisee-a-ete-livree-a-un-client-elite\/#article\",\"isPartOf\":{\"@id\":\"https:\/\/www.italpassion.fr\/nl\/lamborghini\/la-premiere-lamborghini-temerario-personnalisee-a-ete-livree-a-un-client-elite\/\"},\"author\":{\"name\":\"Alexandre Filluzeau\",\"@id\":\"https:\/\/www.italpassion.fr\/nl\/#\/schema\/person\/36f747b2a759ca202d847e85a9434ca0\"},\"headline\":\"La premi\u00e8re Lamborghini Temerario personnalis\u00e9e a \u00e9t\u00e9 livr\u00e9e \u00e0 un client \u00ab\u00a0Elite\u00a0\u00bb\",\"datePublished\":\"2025-08-06T10:07:37+00:00\",\"mainEntityOfPage\":{\"@id\":\"https:\/\/www.italpassion.fr\/nl\/lamborghini\/la-premiere-lamborghini-temerario-personnalisee-a-ete-livree-a-un-client-elite\/\"},\"wordCount\":518,\"commentCount\":0,\"publisher\":{\"@id\":\"https:\/\/www.italpassion.fr\/nl\/#organization\"},\"image\":{\"@id\":\"https:\/\/www.italpassion.fr\/nl\/lamborghini\/la-premiere-lamborghini-temerario-personnalisee-a-ete-livree-a-un-client-elite\/#primaryimage\"},\"thumbnailUrl\":\"https:\/\/www.italpassion.fr\/wp-content\/uploads\/2025\/08\/lamborghini-temerario-sardaine.jpg\",\"keywords\":[\"Lamborghini Temerario\"],\"articleSection\":[\"Lamborghini\"],\"inLanguage\":\"nl-NL\",\"potentialAction\":[{\"@type\":\"CommentAction\",\"name\":\"Comment\",\"target\":[\"https:\/\/www.italpassion.fr\/nl\/lamborghini\/la-premiere-lamborghini-temerario-personnalisee-a-ete-livree-a-un-client-elite\/#respond\"]}]},{\"@type\":\"WebPage\",\"@id\":\"https:\/\/www.italpassion.fr\/nl\/lamborghini\/la-premiere-lamborghini-temerario-personnalisee-a-ete-livree-a-un-client-elite\/\",\"url\":\"https:\/\/www.italpassion.fr\/nl\/lamborghini\/la-premiere-lamborghini-temerario-personnalisee-a-ete-livree-a-un-client-elite\/\",\"name\":\"La premi\u00e8re Lamborghini Temerario personnalis\u00e9e a \u00e9t\u00e9 livr\u00e9e \u00e0 un client \\\"Elite\\\" - ItalPassion\",\"isPartOf\":{\"@id\":\"https:\/\/www.italpassion.fr\/nl\/#website\"},\"primaryImageOfPage\":{\"@id\":\"https:\/\/www.italpassion.fr\/nl\/lamborghini\/la-premiere-lamborghini-temerario-personnalisee-a-ete-livree-a-un-client-elite\/#primaryimage\"},\"image\":{\"@id\":\"https:\/\/www.italpassion.fr\/nl\/lamborghini\/la-premiere-lamborghini-temerario-personnalisee-a-ete-livree-a-un-client-elite\/#primaryimage\"},\"thumbnailUrl\":\"https:\/\/www.italpassion.fr\/wp-content\/uploads\/2025\/08\/lamborghini-temerario-sardaine.jpg\",\"datePublished\":\"2025-08-06T10:07:37+00:00\",\"description\":\"En plein c\u0153ur de l\u2019\u00e9t\u00e9, dans le cadre ultra-s\u00e9lect de Porto Cervo en Sardaigne, Lamborghini a r\u00e9v\u00e9l\u00e9 la premi\u00e8re Temerario personnalis\u00e9e de son programme\",\"breadcrumb\":{\"@id\":\"https:\/\/www.italpassion.fr\/nl\/lamborghini\/la-premiere-lamborghini-temerario-personnalisee-a-ete-livree-a-un-client-elite\/#breadcrumb\"},\"inLanguage\":\"nl-NL\",\"potentialAction\":[{\"@type\":\"ReadAction\",\"target\":[\"https:\/\/www.italpassion.fr\/nl\/lamborghini\/la-premiere-lamborghini-temerario-personnalisee-a-ete-livree-a-un-client-elite\/\"]}]},{\"@type\":\"ImageObject\",\"inLanguage\":\"nl-NL\",\"@id\":\"https:\/\/www.italpassion.fr\/nl\/lamborghini\/la-premiere-lamborghini-temerario-personnalisee-a-ete-livree-a-un-client-elite\/#primaryimage\",\"url\":\"https:\/\/www.italpassion.fr\/wp-content\/uploads\/2025\/08\/lamborghini-temerario-sardaine.jpg\",\"contentUrl\":\"https:\/\/www.italpassion.fr\/wp-content\/uploads\/2025\/08\/lamborghini-temerario-sardaine.jpg\",\"width\":1200,\"height\":800},{\"@type\":\"BreadcrumbList\",\"@id\":\"https:\/\/www.italpassion.fr\/nl\/lamborghini\/la-premiere-lamborghini-temerario-personnalisee-a-ete-livree-a-un-client-elite\/#breadcrumb\",\"itemListElement\":[{\"@type\":\"ListItem\",\"position\":1,\"name\":\"Accueil\",\"item\":\"https:\/\/www.italpassion.fr\/nl\/\"},{\"@type\":\"ListItem\",\"position\":2,\"name\":\"La premi\u00e8re Lamborghini Temerario personnalis\u00e9e a \u00e9t\u00e9 livr\u00e9e \u00e0 un client \u00ab\u00a0Elite\u00a0\u00bb\"}]},{\"@type\":\"WebSite\",\"@id\":\"https:\/\/www.italpassion.fr\/nl\/#website\",\"url\":\"https:\/\/www.italpassion.fr\/nl\/\",\"name\":\"ItalPassion\",\"description\":\"Les Passionn\u00e9s d&#039;Automobiles Italiennes\",\"publisher\":{\"@id\":\"https:\/\/www.italpassion.fr\/nl\/#organization\"},\"potentialAction\":[{\"@type\":\"SearchAction\",\"target\":{\"@type\":\"EntryPoint\",\"urlTemplate\":\"https:\/\/www.italpassion.fr\/nl\/?s={search_term_string}\"},\"query-input\":{\"@type\":\"PropertyValueSpecification\",\"valueRequired\":true,\"valueName\":\"search_term_string\"}}],\"inLanguage\":\"nl-NL\"},{\"@type\":\"Organization\",\"@id\":\"https:\/\/www.italpassion.fr\/nl\/#organization\",\"name\":\"Italpassion\",\"url\":\"https:\/\/www.italpassion.fr\/nl\/\",\"logo\":{\"@type\":\"ImageObject\",\"inLanguage\":\"nl-NL\",\"@id\":\"https:\/\/www.italpassion.fr\/nl\/#\/schema\/logo\/image\/\",\"url\":\"https:\/\/www.italpassion.fr\/wp-content\/uploads\/2023\/07\/italpassion-yoast.jpg\",\"contentUrl\":\"https:\/\/www.italpassion.fr\/wp-content\/uploads\/2023\/07\/italpassion-yoast.jpg\",\"width\":696,\"height\":696,\"caption\":\"Italpassion\"},\"image\":{\"@id\":\"https:\/\/www.italpassion.fr\/nl\/#\/schema\/logo\/image\/\"},\"sameAs\":[\"https:\/\/www.facebook.com\/italpassion\",\"https:\/\/x.com\/italpassion\",\"https:\/\/www.instagram.com\/italpassionfr\/\",\"https:\/\/www.youtube.com\/channel\/UCleq-ByQaA42OjhopwevRjQ\",\"https:\/\/www.facebook.com\/italpassion.en\/\",\"https:\/\/www.facebook.com\/italpassion.it\/\",\"https:\/\/www.facebook.com\/italpassion.de\/\",\"https:\/\/www.facebook.com\/italpassion.ja\/\"]},{\"@type\":\"Person\",\"@id\":\"https:\/\/www.italpassion.fr\/nl\/#\/schema\/person\/36f747b2a759ca202d847e85a9434ca0\",\"name\":\"Alexandre Filluzeau\",\"image\":{\"@type\":\"ImageObject\",\"inLanguage\":\"nl-NL\",\"@id\":\"https:\/\/www.italpassion.fr\/nl\/#\/schema\/person\/image\/\",\"url\":\"https:\/\/www.italpassion.fr\/wp-content\/uploads\/2025\/04\/avatar-alexandre-160x160.jpg\",\"contentUrl\":\"https:\/\/www.italpassion.fr\/wp-content\/uploads\/2025\/04\/avatar-alexandre-160x160.jpg\",\"caption\":\"Alexandre Filluzeau\"},\"description\":\"Fondateur du site ItalPassion, passionn\u00e9 de voitures italiennes et de l'Italie en g\u00e9n\u00e9ral. J'apporte un regard critique et technique aux actualit\u00e9s des marques italiennes quand cela est possible. Propri\u00e9taire d'une Maserati GranTurismo, Alfa Romeo MiTo, Lancia Fulvia et Ducati 695. Ex-propri\u00e9taire d'une Alfa Romeo Giulia.\",\"sameAs\":[\"https:\/\/www.italpassion.fr\/\"],\"url\":\"https:\/\/www.italpassion.fr\/nl\/author\/alexandre\/\"}]}<\/script>\n<!-- \/ Yoast SEO plugin. -->","yoast_head_json":{"title":"De eerste Lamborghini Temerario op maat is afgeleverd aan een \"Elite\"-klant - ItalPassion","description":"Op het hoogtepunt van de zomer, in de ultra-elegante omgeving van Porto Cervo op Sardini\u00eb, onthulde Lamborghini de eerste gepersonaliseerde Temerario in zijn programma van","robots":{"index":"index","follow":"follow","max-snippet":"max-snippet:-1","max-image-preview":"max-image-preview:large","max-video-preview":"max-video-preview:-1"},"canonical":"https:\/\/www.italpassion.fr\/nl\/lamborghini\/de-eerste-gepersonaliseerde-lamborghini-temerario-is-geleverd-aan-een-eliteklant\/","og_locale":"nl_NL","og_type":"article","og_title":"La premi\u00e8re Lamborghini Temerario personnalis\u00e9e a \u00e9t\u00e9 livr\u00e9e \u00e0 un client \"Elite\" - ItalPassion","og_description":"En plein c\u0153ur de l\u2019\u00e9t\u00e9, dans le cadre ultra-s\u00e9lect de Porto Cervo en Sardaigne, Lamborghini a r\u00e9v\u00e9l\u00e9 la premi\u00e8re Temerario personnalis\u00e9e de son programme","og_url":"https:\/\/www.italpassion.fr\/nl\/lamborghini\/de-eerste-gepersonaliseerde-lamborghini-temerario-is-geleverd-aan-een-eliteklant\/","og_site_name":"ItalPassion","article_publisher":"https:\/\/www.facebook.com\/italpassion","article_published_time":"2025-08-06T10:07:37+00:00","og_image":[{"width":1200,"height":800,"url":"https:\/\/www.italpassion.fr\/wp-content\/uploads\/2025\/08\/lamborghini-temerario-sardaine.jpg","type":"image\/jpeg"}],"author":"Alexandre Filluzeau","twitter_card":"summary_large_image","twitter_creator":"@italpassion","twitter_site":"@italpassion","schema":{"@context":"https:\/\/schema.org","@graph":[{"@type":"NewsArticle","@id":"https:\/\/www.italpassion.fr\/nl\/lamborghini\/la-premiere-lamborghini-temerario-personnalisee-a-ete-livree-a-un-client-elite\/#article","isPartOf":{"@id":"https:\/\/www.italpassion.fr\/nl\/lamborghini\/la-premiere-lamborghini-temerario-personnalisee-a-ete-livree-a-un-client-elite\/"},"author":{"name":"Alexandre Filluzeau","@id":"https:\/\/www.italpassion.fr\/nl\/#\/schema\/person\/36f747b2a759ca202d847e85a9434ca0"},"headline":"La premi\u00e8re Lamborghini Temerario personnalis\u00e9e a \u00e9t\u00e9 livr\u00e9e \u00e0 un client \u00ab\u00a0Elite\u00a0\u00bb","datePublished":"2025-08-06T10:07:37+00:00","mainEntityOfPage":{"@id":"https:\/\/www.italpassion.fr\/nl\/lamborghini\/la-premiere-lamborghini-temerario-personnalisee-a-ete-livree-a-un-client-elite\/"},"wordCount":518,"commentCount":0,"publisher":{"@id":"https:\/\/www.italpassion.fr\/nl\/#organization"},"image":{"@id":"https:\/\/www.italpassion.fr\/nl\/lamborghini\/la-premiere-lamborghini-temerario-personnalisee-a-ete-livree-a-un-client-elite\/#primaryimage"},"thumbnailUrl":"https:\/\/www.italpassion.fr\/wp-content\/uploads\/2025\/08\/lamborghini-temerario-sardaine.jpg","keywords":["Lamborghini Temerario"],"articleSection":["Lamborghini"],"inLanguage":"nl-NL","potentialAction":[{"@type":"CommentAction","name":"Comment","target":["https:\/\/www.italpassion.fr\/nl\/lamborghini\/la-premiere-lamborghini-temerario-personnalisee-a-ete-livree-a-un-client-elite\/#respond"]}]},{"@type":"WebPage","@id":"https:\/\/www.italpassion.fr\/nl\/lamborghini\/la-premiere-lamborghini-temerario-personnalisee-a-ete-livree-a-un-client-elite\/","url":"https:\/\/www.italpassion.fr\/nl\/lamborghini\/la-premiere-lamborghini-temerario-personnalisee-a-ete-livree-a-un-client-elite\/","name":"De eerste Lamborghini Temerario op maat is afgeleverd aan een \"Elite\"-klant - ItalPassion","isPartOf":{"@id":"https:\/\/www.italpassion.fr\/nl\/#website"},"primaryImageOfPage":{"@id":"https:\/\/www.italpassion.fr\/nl\/lamborghini\/la-premiere-lamborghini-temerario-personnalisee-a-ete-livree-a-un-client-elite\/#primaryimage"},"image":{"@id":"https:\/\/www.italpassion.fr\/nl\/lamborghini\/la-premiere-lamborghini-temerario-personnalisee-a-ete-livree-a-un-client-elite\/#primaryimage"},"thumbnailUrl":"https:\/\/www.italpassion.fr\/wp-content\/uploads\/2025\/08\/lamborghini-temerario-sardaine.jpg","datePublished":"2025-08-06T10:07:37+00:00","description":"Op het hoogtepunt van de zomer, in de ultra-elegante omgeving van Porto Cervo op Sardini\u00eb, onthulde Lamborghini de eerste gepersonaliseerde Temerario in zijn programma van","breadcrumb":{"@id":"https:\/\/www.italpassion.fr\/nl\/lamborghini\/la-premiere-lamborghini-temerario-personnalisee-a-ete-livree-a-un-client-elite\/#breadcrumb"},"inLanguage":"nl-NL","potentialAction":[{"@type":"ReadAction","target":["https:\/\/www.italpassion.fr\/nl\/lamborghini\/la-premiere-lamborghini-temerario-personnalisee-a-ete-livree-a-un-client-elite\/"]}]},{"@type":"ImageObject","inLanguage":"nl-NL","@id":"https:\/\/www.italpassion.fr\/nl\/lamborghini\/la-premiere-lamborghini-temerario-personnalisee-a-ete-livree-a-un-client-elite\/#primaryimage","url":"https:\/\/www.italpassion.fr\/wp-content\/uploads\/2025\/08\/lamborghini-temerario-sardaine.jpg","contentUrl":"https:\/\/www.italpassion.fr\/wp-content\/uploads\/2025\/08\/lamborghini-temerario-sardaine.jpg","width":1200,"height":800},{"@type":"BreadcrumbList","@id":"https:\/\/www.italpassion.fr\/nl\/lamborghini\/la-premiere-lamborghini-temerario-personnalisee-a-ete-livree-a-un-client-elite\/#breadcrumb","itemListElement":[{"@type":"ListItem","position":1,"name":"Accueil","item":"https:\/\/www.italpassion.fr\/nl\/"},{"@type":"ListItem","position":2,"name":"La premi\u00e8re Lamborghini Temerario personnalis\u00e9e a \u00e9t\u00e9 livr\u00e9e \u00e0 un client \u00ab\u00a0Elite\u00a0\u00bb"}]},{"@type":"WebSite","@id":"https:\/\/www.italpassion.fr\/nl\/#website","url":"https:\/\/www.italpassion.fr\/nl\/","name":"ItalPassion","description":"Italiaanse autoliefhebbers","publisher":{"@id":"https:\/\/www.italpassion.fr\/nl\/#organization"},"potentialAction":[{"@type":"SearchAction","target":{"@type":"EntryPoint","urlTemplate":"https:\/\/www.italpassion.fr\/nl\/?s={search_term_string}"},"query-input":{"@type":"PropertyValueSpecification","valueRequired":true,"valueName":"search_term_string"}}],"inLanguage":"nl-NL"},{"@type":"Organization","@id":"https:\/\/www.italpassion.fr\/nl\/#organization","name":"Italpassion","url":"https:\/\/www.italpassion.fr\/nl\/","logo":{"@type":"ImageObject","inLanguage":"nl-NL","@id":"https:\/\/www.italpassion.fr\/nl\/#\/schema\/logo\/image\/","url":"https:\/\/www.italpassion.fr\/wp-content\/uploads\/2023\/07\/italpassion-yoast.jpg","contentUrl":"https:\/\/www.italpassion.fr\/wp-content\/uploads\/2023\/07\/italpassion-yoast.jpg","width":696,"height":696,"caption":"Italpassion"},"image":{"@id":"https:\/\/www.italpassion.fr\/nl\/#\/schema\/logo\/image\/"},"sameAs":["https:\/\/www.facebook.com\/italpassion","https:\/\/x.com\/italpassion","https:\/\/www.instagram.com\/italpassionfr\/","https:\/\/www.youtube.com\/channel\/UCleq-ByQaA42OjhopwevRjQ","https:\/\/www.facebook.com\/italpassion.en\/","https:\/\/www.facebook.com\/italpassion.it\/","https:\/\/www.facebook.com\/italpassion.de\/","https:\/\/www.facebook.com\/italpassion.ja\/"]},{"@type":"Person","@id":"https:\/\/www.italpassion.fr\/nl\/#\/schema\/person\/36f747b2a759ca202d847e85a9434ca0","name":"Alexandre Filluzeau","image":{"@type":"ImageObject","inLanguage":"nl-NL","@id":"https:\/\/www.italpassion.fr\/nl\/#\/schema\/person\/image\/","url":"https:\/\/www.italpassion.fr\/wp-content\/uploads\/2025\/04\/avatar-alexandre-160x160.jpg","contentUrl":"https:\/\/www.italpassion.fr\/wp-content\/uploads\/2025\/04\/avatar-alexandre-160x160.jpg","caption":"Alexandre Filluzeau"},"description":"Oprichter van de website ItalPassion, gepassioneerd door Italiaanse auto's en Itali\u00eb in het algemeen. Waar mogelijk breng ik een kritisch en technisch oog naar nieuws over Italiaanse merken. Eigenaar van een Maserati GranTurismo, Alfa Romeo MiTo, Lancia Fulvia en Ducati 695. Ex-eigenaar van een Alfa Romeo Giulia.","sameAs":["https:\/\/www.italpassion.fr\/"],"url":"https:\/\/www.italpassion.fr\/nl\/author\/alexandre\/"}]}},"_links":{"self":[{"href":"https:\/\/www.italpassion.fr\/nl\/wp-json\/wp\/v2\/posts\/40318","targetHints":{"allow":["GET"]}}],"collection":[{"href":"https:\/\/www.italpassion.fr\/nl\/wp-json\/wp\/v2\/posts"}],"about":[{"href":"https:\/\/www.italpassion.fr\/nl\/wp-json\/wp\/v2\/types\/post"}],"author":[{"embeddable":true,"href":"https:\/\/www.italpassion.fr\/nl\/wp-json\/wp\/v2\/users\/1"}],"replies":[{"embeddable":true,"href":"https:\/\/www.italpassion.fr\/nl\/wp-json\/wp\/v2\/comments?post=40318"}],"version-history":[{"count":3,"href":"https:\/\/www.italpassion.fr\/nl\/wp-json\/wp\/v2\/posts\/40318\/revisions"}],"predecessor-version":[{"id":40354,"href":"https:\/\/www.italpassion.fr\/nl\/wp-json\/wp\/v2\/posts\/40318\/revisions\/40354"}],"wp:featuredmedia":[{"embeddable":true,"href":"https:\/\/www.italpassion.fr\/nl\/wp-json\/wp\/v2\/media\/40348"}],"wp:attachment":[{"href":"https:\/\/www.italpassion.fr\/nl\/wp-json\/wp\/v2\/media?parent=40318"}],"wp:term":[{"taxonomy":"category","embeddable":true,"href":"https:\/\/www.italpassion.fr\/nl\/wp-json\/wp\/v2\/categories?post=40318"},{"taxonomy":"post_tag","embeddable":true,"href":"https:\/\/www.italpassion.fr\/nl\/wp-json\/wp\/v2\/tags?post=40318"}],"curies":[{"name":"wp","href":"https:\/\/api.w.org\/{rel}","templated":true}]}}