{"id":40044,"date":"2025-07-24T10:35:19","date_gmt":"2025-07-24T08:35:19","guid":{"rendered":"https:\/\/www.italpassion.fr\/?p=40044"},"modified":"2025-07-24T10:35:19","modified_gmt":"2025-07-24T08:35:19","slug":"cijfers-maserati-over-de-eerste-helft-van-2025-wanneer-heeft-het-merk-de-bodem-bereikt","status":"publish","type":"post","link":"https:\/\/www.italpassion.fr\/nl\/maserati\/chiffres-maserati-du-premier-semestre-2025-quand-est-ce-que-la-marque-aura-touche-le-fond\/","title":{"rendered":"Maserati-cijfers voor de eerste helft van 2025: wanneer heeft het merk de bodem bereikt?"},"content":{"rendered":"<figure class=\"wp-block-image size-large\"><img loading=\"lazy\" decoding=\"async\" width=\"1024\" height=\"683\" src=\"https:\/\/www.italpassion.fr\/wp-content\/uploads\/2025\/03\/maserati-mc20-modene-1024x683.jpg\" alt=\"\" class=\"wp-image-37189\" srcset=\"https:\/\/www.italpassion.fr\/wp-content\/uploads\/2025\/03\/maserati-mc20-modene-1024x683.jpg 1024w, https:\/\/www.italpassion.fr\/wp-content\/uploads\/2025\/03\/maserati-mc20-modene-300x200.jpg 300w, https:\/\/www.italpassion.fr\/wp-content\/uploads\/2025\/03\/maserati-mc20-modene-768x512.jpg 768w, https:\/\/www.italpassion.fr\/wp-content\/uploads\/2025\/03\/maserati-mc20-modene-18x12.jpg 18w, https:\/\/www.italpassion.fr\/wp-content\/uploads\/2025\/03\/maserati-mc20-modene-561x374.jpg 561w, https:\/\/www.italpassion.fr\/wp-content\/uploads\/2025\/03\/maserati-mc20-modene-1122x748.jpg 1122w, https:\/\/www.italpassion.fr\/wp-content\/uploads\/2025\/03\/maserati-mc20-modene-265x177.jpg 265w, https:\/\/www.italpassion.fr\/wp-content\/uploads\/2025\/03\/maserati-mc20-modene-531x354.jpg 531w, https:\/\/www.italpassion.fr\/wp-content\/uploads\/2025\/03\/maserati-mc20-modene-364x243.jpg 364w, https:\/\/www.italpassion.fr\/wp-content\/uploads\/2025\/03\/maserati-mc20-modene-728x485.jpg 728w, https:\/\/www.italpassion.fr\/wp-content\/uploads\/2025\/03\/maserati-mc20-modene-608x405.jpg 608w, https:\/\/www.italpassion.fr\/wp-content\/uploads\/2025\/03\/maserati-mc20-modene-758x505.jpg 758w, https:\/\/www.italpassion.fr\/wp-content\/uploads\/2025\/03\/maserati-mc20-modene-1152x768.jpg 1152w, https:\/\/www.italpassion.fr\/wp-content\/uploads\/2025\/03\/maserati-mc20-modene.jpg 1200w\" sizes=\"auto, (max-width: 1024px) 100vw, 1024px\" \/><\/figure>\n\n\n\n<p>Sinds de tweede helft van 2023, <a href=\"https:\/\/www.italpassion.fr\/nl\/maserati\/\">Maserati<\/a> glijdt langzaam maar zeker af naar de onderkant van de wereldranglijst voor registraties van luxemerken. Na <a href=\"https:\/\/www.italpassion.fr\/nl\/maserati\/maserati-cijfers-voor-2024-de-senfonce-merk-in-het-rood-wanneer-zal-de-electroshock-gebeuren\/\">2024 al in het rood<\/a>Helaas bevestigt het Italiaanse merk de trend in 2025, met een rampzalige eerste helft: -32 % aan registraties in de top 10 belangrijkste landen, na een daling van -31 % in 2024. <strong>In twee jaar tijd zijn de volumes gehalveerd.<\/strong><\/p>\n\n\n\n<h2 class=\"wp-block-heading\">Een scherpe daling in bijna alle landen<\/h2>\n\n\n\n<p><strong>Alle onderstaande cijfers zijn teruggevorderd door Italpassion en vereisen uren werk. Bedankt voor uw offerte.<\/strong><\/p>\n\n\n\n<p>De Amerikaanse markt, van oudsher de grootste van het merk, daalde scherp tot 1.830 eenheden, vergeleken met 2.921 over dezelfde periode vorig jaar, een daling van 37 %. Itali\u00eb, de geboorteplaats van Maserati, was geen uitzondering, met een verkoopdaling van 30 %, terwijl het Verenigd Koninkrijk inzakte tot 38 %. De enige opmerkelijke uitzonderingen waren Duitsland, dat licht steeg tot +12 %, en Frankrijk, dat een bescheiden vooruitgang boekte (+7 %, maar met slechts... 48 registraties in zes maanden).<\/p>\n\n\n\n<p>Zwitserland is een duidelijk voorbeeld: een daling met 50 %, net als Japan (-36 %), Spanje (-15 %) en Australi\u00eb (-25 %). Zelfs Turkije, dat in 2024 nog een kleine groeimarkt was, daalt met -8 %. In de eerste helft noteerde Maserati 4.328 registraties, tegenover 6.324 in 2024 en 9.194 in 2023.<\/p>\n\n\n\n<figure class=\"wp-block-table\"><table class=\"has-fixed-layout\"><thead><tr><th>Land<\/th><th>H1 2023<\/th><th>H1 2024<\/th><th>H1 2025<\/th><th>Verander n-1<\/th><\/tr><\/thead><tbody><tr><td>Verenigde Staten<\/td><td>3811<\/td><td>2921<\/td><td>1830<\/td><td>-37%<\/td><\/tr><tr><td>Itali\u00eb<\/td><td>2223<\/td><td>1445<\/td><td>1017<\/td><td>-30%<\/td><\/tr><tr><td>Japan<\/td><td>667<\/td><td>659<\/td><td>424<\/td><td>-36%<\/td><\/tr><tr><td>Duitsland<\/td><td>696<\/td><td>300<\/td><td>336<\/td><td>12%<\/td><\/tr><tr><td>Verenigd Koninkrijk<\/td><td>544<\/td><td>277<\/td><td>171<\/td><td>-38%<\/td><\/tr><tr><td>Zwitserland<\/td><td>312<\/td><td>181<\/td><td>91<\/td><td>-50%<\/td><\/tr><tr><td>Australi\u00eb<\/td><td>319<\/td><td>200<\/td><td>151<\/td><td>-25%<\/td><\/tr><tr><td>Kalkoen<\/td><td>307<\/td><td>131<\/td><td>120<\/td><td>-8%<\/td><\/tr><tr><td>Spanje<\/td><td>245<\/td><td>165<\/td><td>140<\/td><td>-15%<\/td><\/tr><tr><td>Frankrijk<\/td><td>70<\/td><td>45<\/td><td>48<\/td><td>7%<\/td><\/tr><tr><td><\/td><td>9194<\/td><td>6324<\/td><td>4328<\/td><td>-32%<\/td><\/tr><\/tbody><\/table><\/figure>\n\n\n\n<h2 class=\"wp-block-heading\">Maar goede producten...<\/h2>\n\n\n\n<p>De paradox is dat het merk een aantal zeer interessante modellen biedt, vooral voor sportwagenliefhebbers:<\/p>\n\n\n\n<ul class=\"wp-block-list\">\n<li>De GT2 Stradale, de straatversie van de GT2 racewagen.<\/li>\n\n\n\n<li>De MCXtrema, een extreme hypercar die niet is goedgekeurd voor de weg en is voorbehouden aan een handjevol verzamelaars.<\/li>\n\n\n\n<li>De MCPURA, een exclusieve supercar geproduceerd in Modena, is een van de laatste zonder hybride motor.<\/li>\n<\/ul>\n\n\n\n<p>Maar deze modellen zijn zeldzaam, duur en veranderen niets aan de algemene commerci\u00eble situatie van Maserati.<\/p>\n\n\n\n<h2 class=\"wp-block-heading\">Een inconsistent en slecht gepositioneerd assortiment<\/h2>\n\n\n\n<p>De echte problemen komen van het consumentenassortiment:<\/p>\n\n\n\n<ul class=\"wp-block-list\">\n<li>De Folgore 100 % elektrische serie is een mislukking.<\/li>\n\n\n\n<li>De Grecale SUV, die een steunpilaar van het volume zou worden, wordt nog steeds niet aangeboden met een V6 hybride motor.<\/li>\n\n\n\n<li>De nieuwe Granturismo en Grancabrio, hoewel technisch succesvol, werden gelanceerd tegen veel te hoge prijzen. <a href=\"https:\/\/www.italpassion.fr\/nl\/maserati\/maserati-begint-de-prijzen-van-bepaalde-modellen-in-het-2025-gamma-te-verlagen\/\">Prijsverlagingen volgden<\/a>Maar de schade was al aangericht.<\/li>\n\n\n\n<li>Het verdwijnen van de Ghibli, Quattroporte en Levante zonder vervanging heeft ook een gapend gat achtergelaten in het Maserati-gamma.<\/li>\n<\/ul>\n\n\n\n<h2 class=\"wp-block-heading\">Een vage toekomst... of een toekomst die eindelijk in de maak is?<\/h2>\n\n\n\n<p>Gezien deze zorgwekkende situatie roept het stilzwijgen van Maserati de afgelopen maanden vragen op. Sinds eind 2024 is ons een herstelplan beloofd. Eerst zou dat in februari 2025 zijn. Het werd uitgesteld tot eind juni. Nu is het eind juli... en er is nog steeds geen offici\u00eble aankondiging.<\/p>\n\n\n\n<p>Volgens onze informatie is er intern echter een productplan gepresenteerd aan enkele werknemers van het merk. Het zou het gamma moeten reorganiseren rond modellen die meer in lijn liggen met de marktverwachtingen en hybride aandrijflijnen integreren.<\/p>\n\n\n\n<p>De productie van de Granturismo en Grancabrio verhuist tegen eind 2025 naar Modena, waar ze de lijn delen met de MCPURA. Dit is een manier om de kosten te rationaliseren en de traditionele Italiaanse productie een nieuwe betekenis te geven.<\/p>\n\n\n\n<h2 class=\"wp-block-heading\">Kan Maserati terugslaan?<\/h2>\n\n\n\n<p>Er is alle reden om aan te nemen dat Maserati het dieptepunt nog niet heeft bereikt... maar dat het wel gevaarlijk dichtbij komt. In twee jaar tijd is de verkoop echt ingestort. De strategische fouten van Stellantis eisen hun tol: een elektrisch gamma zonder markt, een slecht aangedreven SUV, verlaten sedans, te dure sportwagens, enz. En het gebrek aan communicatie helpt niet om liefhebbers of investeerders gerust te stellen.<\/p>","protected":false},"excerpt":{"rendered":"","protected":false},"author":1,"featured_media":37189,"comment_status":"open","ping_status":"open","sticky":false,"template":"","format":"standard","meta":{"_acf_changed":false,"_sitemap_exclude":false,"_sitemap_priority":"","_sitemap_frequency":"","footnotes":""},"categories":[27],"tags":[],"class_list":["post-40044","post","type-post","status-publish","format-standard","has-post-thumbnail","hentry","category-maserati","generate-columns","tablet-grid-50","mobile-grid-100","grid-parent","grid-33"],"acf":[],"yoast_head":"<!-- This site is optimized with the Yoast SEO plugin v25.8 - https:\/\/yoast.com\/wordpress\/plugins\/seo\/ -->\n<title>Chiffres Maserati du premier semestre 2025 : quand est-ce que la marque aura touch\u00e9 le fond ? - ItalPassion<\/title>\n<meta name=\"description\" content=\"Depuis la deuxi\u00e8me moiti\u00e9 de l\u2019ann\u00e9e 2023, Maserati glisse lentement, mais s\u00fbrement vers le fond du classement mondial des immatriculations des marques de\" \/>\n<meta name=\"robots\" content=\"index, follow, max-snippet:-1, max-image-preview:large, max-video-preview:-1\" \/>\n<link rel=\"canonical\" href=\"https:\/\/www.italpassion.fr\/nl\/maserati\/cijfers-maserati-over-de-eerste-helft-van-2025-wanneer-heeft-het-merk-de-bodem-bereikt\/\" \/>\n<meta property=\"og:locale\" content=\"nl_NL\" \/>\n<meta property=\"og:type\" content=\"article\" \/>\n<meta property=\"og:title\" content=\"Chiffres Maserati du premier semestre 2025 : quand est-ce que la marque aura touch\u00e9 le fond ? - ItalPassion\" \/>\n<meta property=\"og:description\" content=\"Depuis la deuxi\u00e8me moiti\u00e9 de l\u2019ann\u00e9e 2023, Maserati glisse lentement, mais s\u00fbrement vers le fond du classement mondial des immatriculations des marques de\" \/>\n<meta property=\"og:url\" content=\"https:\/\/www.italpassion.fr\/nl\/maserati\/cijfers-maserati-over-de-eerste-helft-van-2025-wanneer-heeft-het-merk-de-bodem-bereikt\/\" \/>\n<meta property=\"og:site_name\" content=\"ItalPassion\" \/>\n<meta property=\"article:publisher\" content=\"https:\/\/www.facebook.com\/italpassion\" \/>\n<meta property=\"article:published_time\" content=\"2025-07-24T08:35:19+00:00\" \/>\n<meta property=\"og:image\" content=\"https:\/\/www.italpassion.fr\/wp-content\/uploads\/2025\/03\/maserati-mc20-modene.jpg\" \/>\n\t<meta property=\"og:image:width\" content=\"1200\" \/>\n\t<meta property=\"og:image:height\" content=\"800\" \/>\n\t<meta property=\"og:image:type\" content=\"image\/jpeg\" \/>\n<meta name=\"author\" content=\"Alexandre Filluzeau\" \/>\n<meta name=\"twitter:card\" content=\"summary_large_image\" \/>\n<meta name=\"twitter:creator\" content=\"@italpassion\" \/>\n<meta name=\"twitter:site\" content=\"@italpassion\" \/>\n<script type=\"application\/ld+json\" class=\"yoast-schema-graph\">{\"@context\":\"https:\/\/schema.org\",\"@graph\":[{\"@type\":\"NewsArticle\",\"@id\":\"https:\/\/www.italpassion.fr\/nl\/maserati\/chiffres-maserati-du-premier-semestre-2025-quand-est-ce-que-la-marque-aura-touche-le-fond\/#article\",\"isPartOf\":{\"@id\":\"https:\/\/www.italpassion.fr\/nl\/maserati\/chiffres-maserati-du-premier-semestre-2025-quand-est-ce-que-la-marque-aura-touche-le-fond\/\"},\"author\":{\"name\":\"Alexandre Filluzeau\",\"@id\":\"https:\/\/www.italpassion.fr\/nl\/#\/schema\/person\/36f747b2a759ca202d847e85a9434ca0\"},\"headline\":\"Chiffres Maserati du premier semestre 2025 : quand est-ce que la marque aura touch\u00e9 le fond ?\",\"datePublished\":\"2025-07-24T08:35:19+00:00\",\"mainEntityOfPage\":{\"@id\":\"https:\/\/www.italpassion.fr\/nl\/maserati\/chiffres-maserati-du-premier-semestre-2025-quand-est-ce-que-la-marque-aura-touche-le-fond\/\"},\"wordCount\":672,\"commentCount\":18,\"publisher\":{\"@id\":\"https:\/\/www.italpassion.fr\/nl\/#organization\"},\"image\":{\"@id\":\"https:\/\/www.italpassion.fr\/nl\/maserati\/chiffres-maserati-du-premier-semestre-2025-quand-est-ce-que-la-marque-aura-touche-le-fond\/#primaryimage\"},\"thumbnailUrl\":\"https:\/\/www.italpassion.fr\/wp-content\/uploads\/2025\/03\/maserati-mc20-modene.jpg\",\"articleSection\":[\"Maserati\"],\"inLanguage\":\"nl-NL\",\"potentialAction\":[{\"@type\":\"CommentAction\",\"name\":\"Comment\",\"target\":[\"https:\/\/www.italpassion.fr\/nl\/maserati\/chiffres-maserati-du-premier-semestre-2025-quand-est-ce-que-la-marque-aura-touche-le-fond\/#respond\"]}]},{\"@type\":\"WebPage\",\"@id\":\"https:\/\/www.italpassion.fr\/nl\/maserati\/chiffres-maserati-du-premier-semestre-2025-quand-est-ce-que-la-marque-aura-touche-le-fond\/\",\"url\":\"https:\/\/www.italpassion.fr\/nl\/maserati\/chiffres-maserati-du-premier-semestre-2025-quand-est-ce-que-la-marque-aura-touche-le-fond\/\",\"name\":\"Chiffres Maserati du premier semestre 2025 : quand est-ce que la marque aura touch\u00e9 le fond ? - ItalPassion\",\"isPartOf\":{\"@id\":\"https:\/\/www.italpassion.fr\/nl\/#website\"},\"primaryImageOfPage\":{\"@id\":\"https:\/\/www.italpassion.fr\/nl\/maserati\/chiffres-maserati-du-premier-semestre-2025-quand-est-ce-que-la-marque-aura-touche-le-fond\/#primaryimage\"},\"image\":{\"@id\":\"https:\/\/www.italpassion.fr\/nl\/maserati\/chiffres-maserati-du-premier-semestre-2025-quand-est-ce-que-la-marque-aura-touche-le-fond\/#primaryimage\"},\"thumbnailUrl\":\"https:\/\/www.italpassion.fr\/wp-content\/uploads\/2025\/03\/maserati-mc20-modene.jpg\",\"datePublished\":\"2025-07-24T08:35:19+00:00\",\"description\":\"Depuis la deuxi\u00e8me moiti\u00e9 de l\u2019ann\u00e9e 2023, Maserati glisse lentement, mais s\u00fbrement vers le fond du classement mondial des immatriculations des marques de\",\"breadcrumb\":{\"@id\":\"https:\/\/www.italpassion.fr\/nl\/maserati\/chiffres-maserati-du-premier-semestre-2025-quand-est-ce-que-la-marque-aura-touche-le-fond\/#breadcrumb\"},\"inLanguage\":\"nl-NL\",\"potentialAction\":[{\"@type\":\"ReadAction\",\"target\":[\"https:\/\/www.italpassion.fr\/nl\/maserati\/chiffres-maserati-du-premier-semestre-2025-quand-est-ce-que-la-marque-aura-touche-le-fond\/\"]}]},{\"@type\":\"ImageObject\",\"inLanguage\":\"nl-NL\",\"@id\":\"https:\/\/www.italpassion.fr\/nl\/maserati\/chiffres-maserati-du-premier-semestre-2025-quand-est-ce-que-la-marque-aura-touche-le-fond\/#primaryimage\",\"url\":\"https:\/\/www.italpassion.fr\/wp-content\/uploads\/2025\/03\/maserati-mc20-modene.jpg\",\"contentUrl\":\"https:\/\/www.italpassion.fr\/wp-content\/uploads\/2025\/03\/maserati-mc20-modene.jpg\",\"width\":1200,\"height\":800},{\"@type\":\"BreadcrumbList\",\"@id\":\"https:\/\/www.italpassion.fr\/nl\/maserati\/chiffres-maserati-du-premier-semestre-2025-quand-est-ce-que-la-marque-aura-touche-le-fond\/#breadcrumb\",\"itemListElement\":[{\"@type\":\"ListItem\",\"position\":1,\"name\":\"Accueil\",\"item\":\"https:\/\/www.italpassion.fr\/nl\/\"},{\"@type\":\"ListItem\",\"position\":2,\"name\":\"Chiffres Maserati du premier semestre 2025 : quand est-ce que la marque aura touch\u00e9 le fond ?\"}]},{\"@type\":\"WebSite\",\"@id\":\"https:\/\/www.italpassion.fr\/nl\/#website\",\"url\":\"https:\/\/www.italpassion.fr\/nl\/\",\"name\":\"ItalPassion\",\"description\":\"Les Passionn\u00e9s d&#039;Automobiles Italiennes\",\"publisher\":{\"@id\":\"https:\/\/www.italpassion.fr\/nl\/#organization\"},\"potentialAction\":[{\"@type\":\"SearchAction\",\"target\":{\"@type\":\"EntryPoint\",\"urlTemplate\":\"https:\/\/www.italpassion.fr\/nl\/?s={search_term_string}\"},\"query-input\":{\"@type\":\"PropertyValueSpecification\",\"valueRequired\":true,\"valueName\":\"search_term_string\"}}],\"inLanguage\":\"nl-NL\"},{\"@type\":\"Organization\",\"@id\":\"https:\/\/www.italpassion.fr\/nl\/#organization\",\"name\":\"Italpassion\",\"url\":\"https:\/\/www.italpassion.fr\/nl\/\",\"logo\":{\"@type\":\"ImageObject\",\"inLanguage\":\"nl-NL\",\"@id\":\"https:\/\/www.italpassion.fr\/nl\/#\/schema\/logo\/image\/\",\"url\":\"https:\/\/www.italpassion.fr\/wp-content\/uploads\/2023\/07\/italpassion-yoast.jpg\",\"contentUrl\":\"https:\/\/www.italpassion.fr\/wp-content\/uploads\/2023\/07\/italpassion-yoast.jpg\",\"width\":696,\"height\":696,\"caption\":\"Italpassion\"},\"image\":{\"@id\":\"https:\/\/www.italpassion.fr\/nl\/#\/schema\/logo\/image\/\"},\"sameAs\":[\"https:\/\/www.facebook.com\/italpassion\",\"https:\/\/x.com\/italpassion\",\"https:\/\/www.instagram.com\/italpassionfr\/\",\"https:\/\/www.youtube.com\/channel\/UCleq-ByQaA42OjhopwevRjQ\",\"https:\/\/www.facebook.com\/italpassion.en\/\",\"https:\/\/www.facebook.com\/italpassion.it\/\",\"https:\/\/www.facebook.com\/italpassion.de\/\",\"https:\/\/www.facebook.com\/italpassion.ja\/\"]},{\"@type\":\"Person\",\"@id\":\"https:\/\/www.italpassion.fr\/nl\/#\/schema\/person\/36f747b2a759ca202d847e85a9434ca0\",\"name\":\"Alexandre Filluzeau\",\"image\":{\"@type\":\"ImageObject\",\"inLanguage\":\"nl-NL\",\"@id\":\"https:\/\/www.italpassion.fr\/nl\/#\/schema\/person\/image\/\",\"url\":\"https:\/\/www.italpassion.fr\/wp-content\/uploads\/2025\/04\/avatar-alexandre-160x160.jpg\",\"contentUrl\":\"https:\/\/www.italpassion.fr\/wp-content\/uploads\/2025\/04\/avatar-alexandre-160x160.jpg\",\"caption\":\"Alexandre Filluzeau\"},\"description\":\"Fondateur du site ItalPassion, passionn\u00e9 de voitures italiennes et de l'Italie en g\u00e9n\u00e9ral. J'apporte un regard critique et technique aux actualit\u00e9s des marques italiennes quand cela est possible. Propri\u00e9taire d'une Maserati GranTurismo, Alfa Romeo MiTo, Lancia Fulvia et Ducati 695. Ex-propri\u00e9taire d'une Alfa Romeo Giulia.\",\"sameAs\":[\"https:\/\/www.italpassion.fr\/\"],\"url\":\"https:\/\/www.italpassion.fr\/nl\/author\/alexandre\/\"}]}<\/script>\n<!-- \/ Yoast SEO plugin. -->","yoast_head_json":{"title":"Maserati-cijfers over de eerste helft van 2025: wanneer heeft het merk de bodem bereikt? - Passie","description":"Sinds de tweede helft van 2023 glijdt Maserati langzaam maar zeker af naar de onderkant van de wereldranglijst voor registraties van automerken.","robots":{"index":"index","follow":"follow","max-snippet":"max-snippet:-1","max-image-preview":"max-image-preview:large","max-video-preview":"max-video-preview:-1"},"canonical":"https:\/\/www.italpassion.fr\/nl\/maserati\/cijfers-maserati-over-de-eerste-helft-van-2025-wanneer-heeft-het-merk-de-bodem-bereikt\/","og_locale":"nl_NL","og_type":"article","og_title":"Chiffres Maserati du premier semestre 2025 : quand est-ce que la marque aura touch\u00e9 le fond ? - ItalPassion","og_description":"Depuis la deuxi\u00e8me moiti\u00e9 de l\u2019ann\u00e9e 2023, Maserati glisse lentement, mais s\u00fbrement vers le fond du classement mondial des immatriculations des marques de","og_url":"https:\/\/www.italpassion.fr\/nl\/maserati\/cijfers-maserati-over-de-eerste-helft-van-2025-wanneer-heeft-het-merk-de-bodem-bereikt\/","og_site_name":"ItalPassion","article_publisher":"https:\/\/www.facebook.com\/italpassion","article_published_time":"2025-07-24T08:35:19+00:00","og_image":[{"width":1200,"height":800,"url":"https:\/\/www.italpassion.fr\/wp-content\/uploads\/2025\/03\/maserati-mc20-modene.jpg","type":"image\/jpeg"}],"author":"Alexandre Filluzeau","twitter_card":"summary_large_image","twitter_creator":"@italpassion","twitter_site":"@italpassion","schema":{"@context":"https:\/\/schema.org","@graph":[{"@type":"NewsArticle","@id":"https:\/\/www.italpassion.fr\/nl\/maserati\/chiffres-maserati-du-premier-semestre-2025-quand-est-ce-que-la-marque-aura-touche-le-fond\/#article","isPartOf":{"@id":"https:\/\/www.italpassion.fr\/nl\/maserati\/chiffres-maserati-du-premier-semestre-2025-quand-est-ce-que-la-marque-aura-touche-le-fond\/"},"author":{"name":"Alexandre Filluzeau","@id":"https:\/\/www.italpassion.fr\/nl\/#\/schema\/person\/36f747b2a759ca202d847e85a9434ca0"},"headline":"Chiffres Maserati du premier semestre 2025 : quand est-ce que la marque aura touch\u00e9 le fond ?","datePublished":"2025-07-24T08:35:19+00:00","mainEntityOfPage":{"@id":"https:\/\/www.italpassion.fr\/nl\/maserati\/chiffres-maserati-du-premier-semestre-2025-quand-est-ce-que-la-marque-aura-touche-le-fond\/"},"wordCount":672,"commentCount":18,"publisher":{"@id":"https:\/\/www.italpassion.fr\/nl\/#organization"},"image":{"@id":"https:\/\/www.italpassion.fr\/nl\/maserati\/chiffres-maserati-du-premier-semestre-2025-quand-est-ce-que-la-marque-aura-touche-le-fond\/#primaryimage"},"thumbnailUrl":"https:\/\/www.italpassion.fr\/wp-content\/uploads\/2025\/03\/maserati-mc20-modene.jpg","articleSection":["Maserati"],"inLanguage":"nl-NL","potentialAction":[{"@type":"CommentAction","name":"Comment","target":["https:\/\/www.italpassion.fr\/nl\/maserati\/chiffres-maserati-du-premier-semestre-2025-quand-est-ce-que-la-marque-aura-touche-le-fond\/#respond"]}]},{"@type":"WebPage","@id":"https:\/\/www.italpassion.fr\/nl\/maserati\/chiffres-maserati-du-premier-semestre-2025-quand-est-ce-que-la-marque-aura-touche-le-fond\/","url":"https:\/\/www.italpassion.fr\/nl\/maserati\/chiffres-maserati-du-premier-semestre-2025-quand-est-ce-que-la-marque-aura-touche-le-fond\/","name":"Maserati-cijfers over de eerste helft van 2025: wanneer heeft het merk de bodem bereikt? - Passie","isPartOf":{"@id":"https:\/\/www.italpassion.fr\/nl\/#website"},"primaryImageOfPage":{"@id":"https:\/\/www.italpassion.fr\/nl\/maserati\/chiffres-maserati-du-premier-semestre-2025-quand-est-ce-que-la-marque-aura-touche-le-fond\/#primaryimage"},"image":{"@id":"https:\/\/www.italpassion.fr\/nl\/maserati\/chiffres-maserati-du-premier-semestre-2025-quand-est-ce-que-la-marque-aura-touche-le-fond\/#primaryimage"},"thumbnailUrl":"https:\/\/www.italpassion.fr\/wp-content\/uploads\/2025\/03\/maserati-mc20-modene.jpg","datePublished":"2025-07-24T08:35:19+00:00","description":"Sinds de tweede helft van 2023 glijdt Maserati langzaam maar zeker af naar de onderkant van de wereldranglijst voor registraties van automerken.","breadcrumb":{"@id":"https:\/\/www.italpassion.fr\/nl\/maserati\/chiffres-maserati-du-premier-semestre-2025-quand-est-ce-que-la-marque-aura-touche-le-fond\/#breadcrumb"},"inLanguage":"nl-NL","potentialAction":[{"@type":"ReadAction","target":["https:\/\/www.italpassion.fr\/nl\/maserati\/chiffres-maserati-du-premier-semestre-2025-quand-est-ce-que-la-marque-aura-touche-le-fond\/"]}]},{"@type":"ImageObject","inLanguage":"nl-NL","@id":"https:\/\/www.italpassion.fr\/nl\/maserati\/chiffres-maserati-du-premier-semestre-2025-quand-est-ce-que-la-marque-aura-touche-le-fond\/#primaryimage","url":"https:\/\/www.italpassion.fr\/wp-content\/uploads\/2025\/03\/maserati-mc20-modene.jpg","contentUrl":"https:\/\/www.italpassion.fr\/wp-content\/uploads\/2025\/03\/maserati-mc20-modene.jpg","width":1200,"height":800},{"@type":"BreadcrumbList","@id":"https:\/\/www.italpassion.fr\/nl\/maserati\/chiffres-maserati-du-premier-semestre-2025-quand-est-ce-que-la-marque-aura-touche-le-fond\/#breadcrumb","itemListElement":[{"@type":"ListItem","position":1,"name":"Accueil","item":"https:\/\/www.italpassion.fr\/nl\/"},{"@type":"ListItem","position":2,"name":"Chiffres Maserati du premier semestre 2025 : quand est-ce que la marque aura touch\u00e9 le fond ?"}]},{"@type":"WebSite","@id":"https:\/\/www.italpassion.fr\/nl\/#website","url":"https:\/\/www.italpassion.fr\/nl\/","name":"ItalPassion","description":"Italiaanse autoliefhebbers","publisher":{"@id":"https:\/\/www.italpassion.fr\/nl\/#organization"},"potentialAction":[{"@type":"SearchAction","target":{"@type":"EntryPoint","urlTemplate":"https:\/\/www.italpassion.fr\/nl\/?s={search_term_string}"},"query-input":{"@type":"PropertyValueSpecification","valueRequired":true,"valueName":"search_term_string"}}],"inLanguage":"nl-NL"},{"@type":"Organization","@id":"https:\/\/www.italpassion.fr\/nl\/#organization","name":"Italpassion","url":"https:\/\/www.italpassion.fr\/nl\/","logo":{"@type":"ImageObject","inLanguage":"nl-NL","@id":"https:\/\/www.italpassion.fr\/nl\/#\/schema\/logo\/image\/","url":"https:\/\/www.italpassion.fr\/wp-content\/uploads\/2023\/07\/italpassion-yoast.jpg","contentUrl":"https:\/\/www.italpassion.fr\/wp-content\/uploads\/2023\/07\/italpassion-yoast.jpg","width":696,"height":696,"caption":"Italpassion"},"image":{"@id":"https:\/\/www.italpassion.fr\/nl\/#\/schema\/logo\/image\/"},"sameAs":["https:\/\/www.facebook.com\/italpassion","https:\/\/x.com\/italpassion","https:\/\/www.instagram.com\/italpassionfr\/","https:\/\/www.youtube.com\/channel\/UCleq-ByQaA42OjhopwevRjQ","https:\/\/www.facebook.com\/italpassion.en\/","https:\/\/www.facebook.com\/italpassion.it\/","https:\/\/www.facebook.com\/italpassion.de\/","https:\/\/www.facebook.com\/italpassion.ja\/"]},{"@type":"Person","@id":"https:\/\/www.italpassion.fr\/nl\/#\/schema\/person\/36f747b2a759ca202d847e85a9434ca0","name":"Alexandre Filluzeau","image":{"@type":"ImageObject","inLanguage":"nl-NL","@id":"https:\/\/www.italpassion.fr\/nl\/#\/schema\/person\/image\/","url":"https:\/\/www.italpassion.fr\/wp-content\/uploads\/2025\/04\/avatar-alexandre-160x160.jpg","contentUrl":"https:\/\/www.italpassion.fr\/wp-content\/uploads\/2025\/04\/avatar-alexandre-160x160.jpg","caption":"Alexandre Filluzeau"},"description":"Oprichter van de website ItalPassion, gepassioneerd door Italiaanse auto's en Itali\u00eb in het algemeen. Waar mogelijk breng ik een kritisch en technisch oog naar nieuws over Italiaanse merken. Eigenaar van een Maserati GranTurismo, Alfa Romeo MiTo, Lancia Fulvia en Ducati 695. Ex-eigenaar van een Alfa Romeo Giulia.","sameAs":["https:\/\/www.italpassion.fr\/"],"url":"https:\/\/www.italpassion.fr\/nl\/author\/alexandre\/"}]}},"_links":{"self":[{"href":"https:\/\/www.italpassion.fr\/nl\/wp-json\/wp\/v2\/posts\/40044","targetHints":{"allow":["GET"]}}],"collection":[{"href":"https:\/\/www.italpassion.fr\/nl\/wp-json\/wp\/v2\/posts"}],"about":[{"href":"https:\/\/www.italpassion.fr\/nl\/wp-json\/wp\/v2\/types\/post"}],"author":[{"embeddable":true,"href":"https:\/\/www.italpassion.fr\/nl\/wp-json\/wp\/v2\/users\/1"}],"replies":[{"embeddable":true,"href":"https:\/\/www.italpassion.fr\/nl\/wp-json\/wp\/v2\/comments?post=40044"}],"version-history":[{"count":1,"href":"https:\/\/www.italpassion.fr\/nl\/wp-json\/wp\/v2\/posts\/40044\/revisions"}],"predecessor-version":[{"id":40045,"href":"https:\/\/www.italpassion.fr\/nl\/wp-json\/wp\/v2\/posts\/40044\/revisions\/40045"}],"wp:featuredmedia":[{"embeddable":true,"href":"https:\/\/www.italpassion.fr\/nl\/wp-json\/wp\/v2\/media\/37189"}],"wp:attachment":[{"href":"https:\/\/www.italpassion.fr\/nl\/wp-json\/wp\/v2\/media?parent=40044"}],"wp:term":[{"taxonomy":"category","embeddable":true,"href":"https:\/\/www.italpassion.fr\/nl\/wp-json\/wp\/v2\/categories?post=40044"},{"taxonomy":"post_tag","embeddable":true,"href":"https:\/\/www.italpassion.fr\/nl\/wp-json\/wp\/v2\/tags?post=40044"}],"curies":[{"name":"wp","href":"https:\/\/api.w.org\/{rel}","templated":true}]}}