{"id":40032,"date":"2025-07-23T15:07:29","date_gmt":"2025-07-23T13:07:29","guid":{"rendered":"https:\/\/www.italpassion.fr\/?p=40032"},"modified":"2025-07-23T15:07:29","modified_gmt":"2025-07-23T13:07:29","slug":"ferrari-f1-de-sf-25-getransformeerd-in-spa-leclerc-en-hamilton-zullen-iets-nieuws-hebben-om-te-testen","status":"publish","type":"post","link":"https:\/\/www.italpassion.fr\/nl\/competition\/formule-1\/ferrari-f1-la-sf-25-transformee-a-spa-leclerc-et-hamilton-auront-une-nouveaute-a-tester\/","title":{"rendered":"Ferrari F1: de SF-25 getransformeerd in Spa? Leclerc en Hamilton krijgen iets nieuws om te testen"},"content":{"rendered":"<figure class=\"wp-block-image size-full\"><img loading=\"lazy\" decoding=\"async\" width=\"1200\" height=\"800\" src=\"https:\/\/www.italpassion.fr\/wp-content\/uploads\/2025\/07\/ferrari-sf25-belgique.jpg\" alt=\"\" class=\"wp-image-40033\" srcset=\"https:\/\/www.italpassion.fr\/wp-content\/uploads\/2025\/07\/ferrari-sf25-belgique.jpg 1200w, https:\/\/www.italpassion.fr\/wp-content\/uploads\/2025\/07\/ferrari-sf25-belgique-420x280.jpg 420w, https:\/\/www.italpassion.fr\/wp-content\/uploads\/2025\/07\/ferrari-sf25-belgique-768x512.jpg 768w, https:\/\/www.italpassion.fr\/wp-content\/uploads\/2025\/07\/ferrari-sf25-belgique-18x12.jpg 18w\" sizes=\"auto, (max-width: 1200px) 100vw, 1200px\" \/><\/figure>\n\n\n\n<p><strong>De Grand Prix <a href=\"https:\/\/www.italpassion.fr\/nl\/wedstrijd\/formule-1\/\">F1<\/a> van Belgi\u00eb 2025 het echte keerpunt van het seizoen voor de <a href=\"https:\/\/www.italpassion.fr\/nl\/tag\/scuderia-ferrari\/\">Scuderia Ferrari<\/a> ?<\/strong> Na een matte eerste helft van het kampioenschap komt de Scuderia naar Spa-Francorchamps met een cruciale nieuwe voorziening, die discreet werd getest in Mugello en nu wordt ingezet in echte omstandigheden. Charles Leclerc en Lewis Hamilton zullen de primeur hebben op een van de meest veeleisende circuits op de kalender.<\/p>\n\n\n\n<h2 class=\"wp-block-heading\">Een ontwikkeling van maanden<\/h2>\n\n\n\n<p>In maart hebben de ingenieurs in Maranello <a href=\"https:\/\/www.italpassion.fr\/nl\/wedstrijd\/formule-1\/ferrari-f1-sf-25-probleem-goed-geidentificeerd-nieuwe-technisch-directeur-onder-druk-om-het-op-te-lossen\/\">had een hardnekkige achilleshiel van de SF-25 ge\u00efdentificeerd<\/a> Aerodynamische instabiliteit door een te gevoelige platte bodem, versterkt door een achterwielophanging die niet erg effectief is in het regelen van de rijhoogte.<\/p>\n\n\n\n<p>Na <a href=\"https:\/\/www.italpassion.fr\/nl\/wedstrijd\/formule-1\/ferrari-f1-nieuwe-details-over-de-evolutie-van-de-scuderia-tijdens-de-grand-prix-van-oostenrijk\/\">een nieuw ontwerp met platte bodem, ge\u00efntroduceerd tijdens de GP van Oostenrijk<\/a>Ferrari heeft zich geconcentreerd op een ander groot project: het reviseren van de achterwielophanging. <a href=\"https:\/\/www.italpassion.fr\/nl\/wedstrijd\/formule-1\/ferrari-test-eindelijk-de-nieuwe-evolutie-die-het-potentieel-van-de-sf-25-moet-ontsluiten\/\">Op 17 juli werd een test uitgevoerd in Mugello.<\/a>Dit was de tweede toegestane filmdag dit seizoen. Leclerc reed 's ochtends korte runs, terwijl Hamilton 's middags langere stints reed. Een interne validatie voor de reality check in Spa.<\/p>\n\n\n\n<h2 class=\"wp-block-heading\">Wat we weten over deze ontwikkeling<\/h2>\n\n\n\n<p>Officieel houdt Ferrari zich op de achtergrond. Maar de foto's en technische informatie die zijn doorgesijpeld, laten een belangrijke wijziging zien: een verlaagd en geavanceerd bevestigingspunt van de bovenste draagarm, dat de kinematica van de ophanging ingrijpend verandert. Het doel is duidelijk: pitch- en divevariaties beperken, het aerodynamische platform stabiliseren en de nieuwe vlakke bodem volledig benutten.<\/p>\n\n\n\n<p>Deze geometrie, die ge\u00efnspireerd is op oplossingen van Mercedes en McLaren, moet de SF-25 in staat stellen om meer downforce te bieden bij lage snelheden en tegelijkertijd de slijtage op de vlakke bodem te verminderen. Het zou ook gepaard kunnen gaan met nieuwe, krachtigere dempers om de verticale bewegingen van de auto beter onder controle te houden.<\/p>\n\n\n\n<h2 class=\"wp-block-heading\">Een veeleisend circuit voor een beslissende test<\/h2>\n\n\n\n<p>Spa-Francorchamps is niet willekeurig gekozen. Met zijn 7 kilometer aan snelle bochten, hard remmen en veranderingen in helling is het een echte graadmeter. Het circuit is onlangs opnieuw geasfalteerd en de grindbakken zijn terug: elke fout wordt cash betaald. En het wispelturige weer kan ook het water vertroebelen... en het testen nog korter maken.<\/p>\n\n\n\n<p>De uitdaging is des te groter omdat dit weekend het Sprint-formaat wordt gevolgd. Ferrari heeft slechts \u00e9\u00e9n vrije training (vrijdag om 12.30 uur) om de instellingen van deze nieuwe architectuur te valideren. Daarna volgen de Sprint-kwalificatie, de Sprint-race, de kwalificatie en ten slotte de Grand Prix op zondag om 15.00 uur.<\/p>\n\n\n\n<h2 class=\"wp-block-heading\">Laatste cartridge voor de omschakeling naar 2026?<\/h2>\n\n\n\n<p>Achter de schermen motiveert Fr\u00e9d\u00e9ric Vasseur zijn troepen: \"Elk detail telt, en in Spa kan het allemaal neerkomen op \u00e9\u00e9n enkele sessie. We concentreren ons alleen op onszelf. De ambitie is duidelijk: deze ontwikkeling gebruiken als hefboom om dichter bij McLaren te komen... en om afstand te nemen van Mercedes voordat de middelen worden herbestemd voor het project van 2026.<\/p>\n\n\n\n<p>De ophanging die dit weekend wordt getest, kan daarom meer symboliseren dan alleen een technische aanpassing: het kan voor de zomerstop bewijzen dat Scuderia Ferrari in staat is om te reageren en van de ervaring te leren om een betere start te maken in 2026.<\/p>\n\n\n\n<p><strong>2025 Belgische GP-kalender :<\/strong><\/p>\n\n\n\n<ul class=\"wp-block-list\">\n<li><strong>Vrijdag 25 juli<\/strong> Vrije training 1 (12:30), Sprint-kwalificatie (16:30)<\/li>\n\n\n\n<li><strong>Zaterdag 26 juli<\/strong> Sprintrace (12u00), Kwalificatie (16u00)<\/li>\n\n\n\n<li><strong>Zondag 27 juli<\/strong> Race om 15.00 uur<\/li>\n<\/ul>","protected":false},"excerpt":{"rendered":"","protected":false},"author":1,"featured_media":40033,"comment_status":"open","ping_status":"open","sticky":false,"template":"","format":"standard","meta":{"_acf_changed":false,"_sitemap_exclude":false,"_sitemap_priority":"","_sitemap_frequency":"","footnotes":""},"categories":[328,323],"tags":[370,418],"class_list":["post-40032","post","type-post","status-publish","format-standard","has-post-thumbnail","hentry","category-formule-1","category-competition","tag-scuderia-ferrari","tag-sf-25","generate-columns","tablet-grid-50","mobile-grid-100","grid-parent","grid-33"],"acf":[],"yoast_head":"<!-- This site is optimized with the Yoast SEO plugin v25.8 - https:\/\/yoast.com\/wordpress\/plugins\/seo\/ -->\n<title>Ferrari F1 : la SF-25 transform\u00e9e \u00e0 Spa ? Leclerc et Hamilton auront une nouveaut\u00e9 \u00e0 tester - ItalPassion<\/title>\n<meta name=\"description\" content=\"Le Grand Prix F1 de Belgique 2025 marque-t-il le vrai tournant de la saison pour la Scuderia Ferrari ? Apr\u00e8s une premi\u00e8re moiti\u00e9 de championnat en\" \/>\n<meta name=\"robots\" content=\"index, follow, max-snippet:-1, max-image-preview:large, max-video-preview:-1\" \/>\n<link rel=\"canonical\" href=\"https:\/\/www.italpassion.fr\/nl\/wedstrijd\/formule-1\/ferrari-f1-de-sf-25-getransformeerd-in-spa-leclerc-en-hamilton-zullen-iets-nieuws-hebben-om-te-testen\/\" \/>\n<meta property=\"og:locale\" content=\"nl_NL\" \/>\n<meta property=\"og:type\" content=\"article\" \/>\n<meta property=\"og:title\" content=\"Ferrari F1 : la SF-25 transform\u00e9e \u00e0 Spa ? Leclerc et Hamilton auront une nouveaut\u00e9 \u00e0 tester - ItalPassion\" \/>\n<meta property=\"og:description\" content=\"Le Grand Prix F1 de Belgique 2025 marque-t-il le vrai tournant de la saison pour la Scuderia Ferrari ? Apr\u00e8s une premi\u00e8re moiti\u00e9 de championnat en\" \/>\n<meta property=\"og:url\" content=\"https:\/\/www.italpassion.fr\/nl\/wedstrijd\/formule-1\/ferrari-f1-de-sf-25-getransformeerd-in-spa-leclerc-en-hamilton-zullen-iets-nieuws-hebben-om-te-testen\/\" \/>\n<meta property=\"og:site_name\" content=\"ItalPassion\" \/>\n<meta property=\"article:publisher\" content=\"https:\/\/www.facebook.com\/italpassion\" \/>\n<meta property=\"article:published_time\" content=\"2025-07-23T13:07:29+00:00\" \/>\n<meta property=\"og:image\" content=\"https:\/\/www.italpassion.fr\/wp-content\/uploads\/2025\/07\/ferrari-sf25-belgique.jpg\" \/>\n\t<meta property=\"og:image:width\" content=\"1200\" \/>\n\t<meta property=\"og:image:height\" content=\"800\" \/>\n\t<meta property=\"og:image:type\" content=\"image\/jpeg\" \/>\n<meta name=\"author\" content=\"Alexandre Filluzeau\" \/>\n<meta name=\"twitter:card\" content=\"summary_large_image\" \/>\n<meta name=\"twitter:creator\" content=\"@italpassion\" \/>\n<meta name=\"twitter:site\" content=\"@italpassion\" \/>\n<script type=\"application\/ld+json\" class=\"yoast-schema-graph\">{\"@context\":\"https:\/\/schema.org\",\"@graph\":[{\"@type\":\"NewsArticle\",\"@id\":\"https:\/\/www.italpassion.fr\/nl\/competition\/formule-1\/ferrari-f1-la-sf-25-transformee-a-spa-leclerc-et-hamilton-auront-une-nouveaute-a-tester\/#article\",\"isPartOf\":{\"@id\":\"https:\/\/www.italpassion.fr\/nl\/competition\/formule-1\/ferrari-f1-la-sf-25-transformee-a-spa-leclerc-et-hamilton-auront-une-nouveaute-a-tester\/\"},\"author\":{\"name\":\"Alexandre Filluzeau\",\"@id\":\"https:\/\/www.italpassion.fr\/nl\/#\/schema\/person\/36f747b2a759ca202d847e85a9434ca0\"},\"headline\":\"Ferrari F1 : la SF-25 transform\u00e9e \u00e0 Spa ? Leclerc et Hamilton auront une nouveaut\u00e9 \u00e0 tester\",\"datePublished\":\"2025-07-23T13:07:29+00:00\",\"mainEntityOfPage\":{\"@id\":\"https:\/\/www.italpassion.fr\/nl\/competition\/formule-1\/ferrari-f1-la-sf-25-transformee-a-spa-leclerc-et-hamilton-auront-une-nouveaute-a-tester\/\"},\"wordCount\":609,\"commentCount\":0,\"publisher\":{\"@id\":\"https:\/\/www.italpassion.fr\/nl\/#organization\"},\"image\":{\"@id\":\"https:\/\/www.italpassion.fr\/nl\/competition\/formule-1\/ferrari-f1-la-sf-25-transformee-a-spa-leclerc-et-hamilton-auront-une-nouveaute-a-tester\/#primaryimage\"},\"thumbnailUrl\":\"https:\/\/www.italpassion.fr\/wp-content\/uploads\/2025\/07\/ferrari-sf25-belgique.jpg\",\"keywords\":[\"Scuderia Ferrari\",\"SF-25\"],\"articleSection\":[\"Formule 1\",\"Sport Auto\"],\"inLanguage\":\"nl-NL\",\"potentialAction\":[{\"@type\":\"CommentAction\",\"name\":\"Comment\",\"target\":[\"https:\/\/www.italpassion.fr\/nl\/competition\/formule-1\/ferrari-f1-la-sf-25-transformee-a-spa-leclerc-et-hamilton-auront-une-nouveaute-a-tester\/#respond\"]}]},{\"@type\":\"WebPage\",\"@id\":\"https:\/\/www.italpassion.fr\/nl\/competition\/formule-1\/ferrari-f1-la-sf-25-transformee-a-spa-leclerc-et-hamilton-auront-une-nouveaute-a-tester\/\",\"url\":\"https:\/\/www.italpassion.fr\/nl\/competition\/formule-1\/ferrari-f1-la-sf-25-transformee-a-spa-leclerc-et-hamilton-auront-une-nouveaute-a-tester\/\",\"name\":\"Ferrari F1 : la SF-25 transform\u00e9e \u00e0 Spa ? Leclerc et Hamilton auront une nouveaut\u00e9 \u00e0 tester - ItalPassion\",\"isPartOf\":{\"@id\":\"https:\/\/www.italpassion.fr\/nl\/#website\"},\"primaryImageOfPage\":{\"@id\":\"https:\/\/www.italpassion.fr\/nl\/competition\/formule-1\/ferrari-f1-la-sf-25-transformee-a-spa-leclerc-et-hamilton-auront-une-nouveaute-a-tester\/#primaryimage\"},\"image\":{\"@id\":\"https:\/\/www.italpassion.fr\/nl\/competition\/formule-1\/ferrari-f1-la-sf-25-transformee-a-spa-leclerc-et-hamilton-auront-une-nouveaute-a-tester\/#primaryimage\"},\"thumbnailUrl\":\"https:\/\/www.italpassion.fr\/wp-content\/uploads\/2025\/07\/ferrari-sf25-belgique.jpg\",\"datePublished\":\"2025-07-23T13:07:29+00:00\",\"description\":\"Le Grand Prix F1 de Belgique 2025 marque-t-il le vrai tournant de la saison pour la Scuderia Ferrari ? Apr\u00e8s une premi\u00e8re moiti\u00e9 de championnat en\",\"breadcrumb\":{\"@id\":\"https:\/\/www.italpassion.fr\/nl\/competition\/formule-1\/ferrari-f1-la-sf-25-transformee-a-spa-leclerc-et-hamilton-auront-une-nouveaute-a-tester\/#breadcrumb\"},\"inLanguage\":\"nl-NL\",\"potentialAction\":[{\"@type\":\"ReadAction\",\"target\":[\"https:\/\/www.italpassion.fr\/nl\/competition\/formule-1\/ferrari-f1-la-sf-25-transformee-a-spa-leclerc-et-hamilton-auront-une-nouveaute-a-tester\/\"]}]},{\"@type\":\"ImageObject\",\"inLanguage\":\"nl-NL\",\"@id\":\"https:\/\/www.italpassion.fr\/nl\/competition\/formule-1\/ferrari-f1-la-sf-25-transformee-a-spa-leclerc-et-hamilton-auront-une-nouveaute-a-tester\/#primaryimage\",\"url\":\"https:\/\/www.italpassion.fr\/wp-content\/uploads\/2025\/07\/ferrari-sf25-belgique.jpg\",\"contentUrl\":\"https:\/\/www.italpassion.fr\/wp-content\/uploads\/2025\/07\/ferrari-sf25-belgique.jpg\",\"width\":1200,\"height\":800},{\"@type\":\"BreadcrumbList\",\"@id\":\"https:\/\/www.italpassion.fr\/nl\/competition\/formule-1\/ferrari-f1-la-sf-25-transformee-a-spa-leclerc-et-hamilton-auront-une-nouveaute-a-tester\/#breadcrumb\",\"itemListElement\":[{\"@type\":\"ListItem\",\"position\":1,\"name\":\"Accueil\",\"item\":\"https:\/\/www.italpassion.fr\/nl\/\"},{\"@type\":\"ListItem\",\"position\":2,\"name\":\"Ferrari F1 : la SF-25 transform\u00e9e \u00e0 Spa ? Leclerc et Hamilton auront une nouveaut\u00e9 \u00e0 tester\"}]},{\"@type\":\"WebSite\",\"@id\":\"https:\/\/www.italpassion.fr\/nl\/#website\",\"url\":\"https:\/\/www.italpassion.fr\/nl\/\",\"name\":\"ItalPassion\",\"description\":\"Les Passionn\u00e9s d&#039;Automobiles Italiennes\",\"publisher\":{\"@id\":\"https:\/\/www.italpassion.fr\/nl\/#organization\"},\"potentialAction\":[{\"@type\":\"SearchAction\",\"target\":{\"@type\":\"EntryPoint\",\"urlTemplate\":\"https:\/\/www.italpassion.fr\/nl\/?s={search_term_string}\"},\"query-input\":{\"@type\":\"PropertyValueSpecification\",\"valueRequired\":true,\"valueName\":\"search_term_string\"}}],\"inLanguage\":\"nl-NL\"},{\"@type\":\"Organization\",\"@id\":\"https:\/\/www.italpassion.fr\/nl\/#organization\",\"name\":\"Italpassion\",\"url\":\"https:\/\/www.italpassion.fr\/nl\/\",\"logo\":{\"@type\":\"ImageObject\",\"inLanguage\":\"nl-NL\",\"@id\":\"https:\/\/www.italpassion.fr\/nl\/#\/schema\/logo\/image\/\",\"url\":\"https:\/\/www.italpassion.fr\/wp-content\/uploads\/2023\/07\/italpassion-yoast.jpg\",\"contentUrl\":\"https:\/\/www.italpassion.fr\/wp-content\/uploads\/2023\/07\/italpassion-yoast.jpg\",\"width\":696,\"height\":696,\"caption\":\"Italpassion\"},\"image\":{\"@id\":\"https:\/\/www.italpassion.fr\/nl\/#\/schema\/logo\/image\/\"},\"sameAs\":[\"https:\/\/www.facebook.com\/italpassion\",\"https:\/\/x.com\/italpassion\",\"https:\/\/www.instagram.com\/italpassionfr\/\",\"https:\/\/www.youtube.com\/channel\/UCleq-ByQaA42OjhopwevRjQ\",\"https:\/\/www.facebook.com\/italpassion.en\/\",\"https:\/\/www.facebook.com\/italpassion.it\/\",\"https:\/\/www.facebook.com\/italpassion.de\/\",\"https:\/\/www.facebook.com\/italpassion.ja\/\"]},{\"@type\":\"Person\",\"@id\":\"https:\/\/www.italpassion.fr\/nl\/#\/schema\/person\/36f747b2a759ca202d847e85a9434ca0\",\"name\":\"Alexandre Filluzeau\",\"image\":{\"@type\":\"ImageObject\",\"inLanguage\":\"nl-NL\",\"@id\":\"https:\/\/www.italpassion.fr\/nl\/#\/schema\/person\/image\/\",\"url\":\"https:\/\/www.italpassion.fr\/wp-content\/uploads\/2025\/04\/avatar-alexandre-160x160.jpg\",\"contentUrl\":\"https:\/\/www.italpassion.fr\/wp-content\/uploads\/2025\/04\/avatar-alexandre-160x160.jpg\",\"caption\":\"Alexandre Filluzeau\"},\"description\":\"Fondateur du site ItalPassion, passionn\u00e9 de voitures italiennes et de l'Italie en g\u00e9n\u00e9ral. J'apporte un regard critique et technique aux actualit\u00e9s des marques italiennes quand cela est possible. Propri\u00e9taire d'une Maserati GranTurismo, Alfa Romeo MiTo, Lancia Fulvia et Ducati 695. Ex-propri\u00e9taire d'une Alfa Romeo Giulia.\",\"sameAs\":[\"https:\/\/www.italpassion.fr\/\"],\"url\":\"https:\/\/www.italpassion.fr\/nl\/author\/alexandre\/\"}]}<\/script>\n<!-- \/ Yoast SEO plugin. -->","yoast_head_json":{"title":"Ferrari F1: de SF-25 getransformeerd op Spa? Leclerc en Hamilton krijgen iets nieuws om te testen - ItalPassion","description":"Wordt de Grand Prix van Belgi\u00eb F1 van 2025 het echte keerpunt van het seizoen voor Scuderia Ferrari? Na een eerste helft van het kampioenschap in","robots":{"index":"index","follow":"follow","max-snippet":"max-snippet:-1","max-image-preview":"max-image-preview:large","max-video-preview":"max-video-preview:-1"},"canonical":"https:\/\/www.italpassion.fr\/nl\/wedstrijd\/formule-1\/ferrari-f1-de-sf-25-getransformeerd-in-spa-leclerc-en-hamilton-zullen-iets-nieuws-hebben-om-te-testen\/","og_locale":"nl_NL","og_type":"article","og_title":"Ferrari F1 : la SF-25 transform\u00e9e \u00e0 Spa ? Leclerc et Hamilton auront une nouveaut\u00e9 \u00e0 tester - ItalPassion","og_description":"Le Grand Prix F1 de Belgique 2025 marque-t-il le vrai tournant de la saison pour la Scuderia Ferrari ? Apr\u00e8s une premi\u00e8re moiti\u00e9 de championnat en","og_url":"https:\/\/www.italpassion.fr\/nl\/wedstrijd\/formule-1\/ferrari-f1-de-sf-25-getransformeerd-in-spa-leclerc-en-hamilton-zullen-iets-nieuws-hebben-om-te-testen\/","og_site_name":"ItalPassion","article_publisher":"https:\/\/www.facebook.com\/italpassion","article_published_time":"2025-07-23T13:07:29+00:00","og_image":[{"width":1200,"height":800,"url":"https:\/\/www.italpassion.fr\/wp-content\/uploads\/2025\/07\/ferrari-sf25-belgique.jpg","type":"image\/jpeg"}],"author":"Alexandre Filluzeau","twitter_card":"summary_large_image","twitter_creator":"@italpassion","twitter_site":"@italpassion","schema":{"@context":"https:\/\/schema.org","@graph":[{"@type":"NewsArticle","@id":"https:\/\/www.italpassion.fr\/nl\/competition\/formule-1\/ferrari-f1-la-sf-25-transformee-a-spa-leclerc-et-hamilton-auront-une-nouveaute-a-tester\/#article","isPartOf":{"@id":"https:\/\/www.italpassion.fr\/nl\/competition\/formule-1\/ferrari-f1-la-sf-25-transformee-a-spa-leclerc-et-hamilton-auront-une-nouveaute-a-tester\/"},"author":{"name":"Alexandre Filluzeau","@id":"https:\/\/www.italpassion.fr\/nl\/#\/schema\/person\/36f747b2a759ca202d847e85a9434ca0"},"headline":"Ferrari F1 : la SF-25 transform\u00e9e \u00e0 Spa ? Leclerc et Hamilton auront une nouveaut\u00e9 \u00e0 tester","datePublished":"2025-07-23T13:07:29+00:00","mainEntityOfPage":{"@id":"https:\/\/www.italpassion.fr\/nl\/competition\/formule-1\/ferrari-f1-la-sf-25-transformee-a-spa-leclerc-et-hamilton-auront-une-nouveaute-a-tester\/"},"wordCount":609,"commentCount":0,"publisher":{"@id":"https:\/\/www.italpassion.fr\/nl\/#organization"},"image":{"@id":"https:\/\/www.italpassion.fr\/nl\/competition\/formule-1\/ferrari-f1-la-sf-25-transformee-a-spa-leclerc-et-hamilton-auront-une-nouveaute-a-tester\/#primaryimage"},"thumbnailUrl":"https:\/\/www.italpassion.fr\/wp-content\/uploads\/2025\/07\/ferrari-sf25-belgique.jpg","keywords":["Scuderia Ferrari","SF-25"],"articleSection":["Formule 1","Sport Auto"],"inLanguage":"nl-NL","potentialAction":[{"@type":"CommentAction","name":"Comment","target":["https:\/\/www.italpassion.fr\/nl\/competition\/formule-1\/ferrari-f1-la-sf-25-transformee-a-spa-leclerc-et-hamilton-auront-une-nouveaute-a-tester\/#respond"]}]},{"@type":"WebPage","@id":"https:\/\/www.italpassion.fr\/nl\/competition\/formule-1\/ferrari-f1-la-sf-25-transformee-a-spa-leclerc-et-hamilton-auront-une-nouveaute-a-tester\/","url":"https:\/\/www.italpassion.fr\/nl\/competition\/formule-1\/ferrari-f1-la-sf-25-transformee-a-spa-leclerc-et-hamilton-auront-une-nouveaute-a-tester\/","name":"Ferrari F1: de SF-25 getransformeerd op Spa? Leclerc en Hamilton krijgen iets nieuws om te testen - ItalPassion","isPartOf":{"@id":"https:\/\/www.italpassion.fr\/nl\/#website"},"primaryImageOfPage":{"@id":"https:\/\/www.italpassion.fr\/nl\/competition\/formule-1\/ferrari-f1-la-sf-25-transformee-a-spa-leclerc-et-hamilton-auront-une-nouveaute-a-tester\/#primaryimage"},"image":{"@id":"https:\/\/www.italpassion.fr\/nl\/competition\/formule-1\/ferrari-f1-la-sf-25-transformee-a-spa-leclerc-et-hamilton-auront-une-nouveaute-a-tester\/#primaryimage"},"thumbnailUrl":"https:\/\/www.italpassion.fr\/wp-content\/uploads\/2025\/07\/ferrari-sf25-belgique.jpg","datePublished":"2025-07-23T13:07:29+00:00","description":"Wordt de Grand Prix van Belgi\u00eb F1 van 2025 het echte keerpunt van het seizoen voor Scuderia Ferrari? Na een eerste helft van het kampioenschap in","breadcrumb":{"@id":"https:\/\/www.italpassion.fr\/nl\/competition\/formule-1\/ferrari-f1-la-sf-25-transformee-a-spa-leclerc-et-hamilton-auront-une-nouveaute-a-tester\/#breadcrumb"},"inLanguage":"nl-NL","potentialAction":[{"@type":"ReadAction","target":["https:\/\/www.italpassion.fr\/nl\/competition\/formule-1\/ferrari-f1-la-sf-25-transformee-a-spa-leclerc-et-hamilton-auront-une-nouveaute-a-tester\/"]}]},{"@type":"ImageObject","inLanguage":"nl-NL","@id":"https:\/\/www.italpassion.fr\/nl\/competition\/formule-1\/ferrari-f1-la-sf-25-transformee-a-spa-leclerc-et-hamilton-auront-une-nouveaute-a-tester\/#primaryimage","url":"https:\/\/www.italpassion.fr\/wp-content\/uploads\/2025\/07\/ferrari-sf25-belgique.jpg","contentUrl":"https:\/\/www.italpassion.fr\/wp-content\/uploads\/2025\/07\/ferrari-sf25-belgique.jpg","width":1200,"height":800},{"@type":"BreadcrumbList","@id":"https:\/\/www.italpassion.fr\/nl\/competition\/formule-1\/ferrari-f1-la-sf-25-transformee-a-spa-leclerc-et-hamilton-auront-une-nouveaute-a-tester\/#breadcrumb","itemListElement":[{"@type":"ListItem","position":1,"name":"Accueil","item":"https:\/\/www.italpassion.fr\/nl\/"},{"@type":"ListItem","position":2,"name":"Ferrari F1 : la SF-25 transform\u00e9e \u00e0 Spa ? Leclerc et Hamilton auront une nouveaut\u00e9 \u00e0 tester"}]},{"@type":"WebSite","@id":"https:\/\/www.italpassion.fr\/nl\/#website","url":"https:\/\/www.italpassion.fr\/nl\/","name":"ItalPassion","description":"Italiaanse autoliefhebbers","publisher":{"@id":"https:\/\/www.italpassion.fr\/nl\/#organization"},"potentialAction":[{"@type":"SearchAction","target":{"@type":"EntryPoint","urlTemplate":"https:\/\/www.italpassion.fr\/nl\/?s={search_term_string}"},"query-input":{"@type":"PropertyValueSpecification","valueRequired":true,"valueName":"search_term_string"}}],"inLanguage":"nl-NL"},{"@type":"Organization","@id":"https:\/\/www.italpassion.fr\/nl\/#organization","name":"Italpassion","url":"https:\/\/www.italpassion.fr\/nl\/","logo":{"@type":"ImageObject","inLanguage":"nl-NL","@id":"https:\/\/www.italpassion.fr\/nl\/#\/schema\/logo\/image\/","url":"https:\/\/www.italpassion.fr\/wp-content\/uploads\/2023\/07\/italpassion-yoast.jpg","contentUrl":"https:\/\/www.italpassion.fr\/wp-content\/uploads\/2023\/07\/italpassion-yoast.jpg","width":696,"height":696,"caption":"Italpassion"},"image":{"@id":"https:\/\/www.italpassion.fr\/nl\/#\/schema\/logo\/image\/"},"sameAs":["https:\/\/www.facebook.com\/italpassion","https:\/\/x.com\/italpassion","https:\/\/www.instagram.com\/italpassionfr\/","https:\/\/www.youtube.com\/channel\/UCleq-ByQaA42OjhopwevRjQ","https:\/\/www.facebook.com\/italpassion.en\/","https:\/\/www.facebook.com\/italpassion.it\/","https:\/\/www.facebook.com\/italpassion.de\/","https:\/\/www.facebook.com\/italpassion.ja\/"]},{"@type":"Person","@id":"https:\/\/www.italpassion.fr\/nl\/#\/schema\/person\/36f747b2a759ca202d847e85a9434ca0","name":"Alexandre Filluzeau","image":{"@type":"ImageObject","inLanguage":"nl-NL","@id":"https:\/\/www.italpassion.fr\/nl\/#\/schema\/person\/image\/","url":"https:\/\/www.italpassion.fr\/wp-content\/uploads\/2025\/04\/avatar-alexandre-160x160.jpg","contentUrl":"https:\/\/www.italpassion.fr\/wp-content\/uploads\/2025\/04\/avatar-alexandre-160x160.jpg","caption":"Alexandre Filluzeau"},"description":"Oprichter van de website ItalPassion, gepassioneerd door Italiaanse auto's en Itali\u00eb in het algemeen. Waar mogelijk breng ik een kritisch en technisch oog naar nieuws over Italiaanse merken. Eigenaar van een Maserati GranTurismo, Alfa Romeo MiTo, Lancia Fulvia en Ducati 695. Ex-eigenaar van een Alfa Romeo Giulia.","sameAs":["https:\/\/www.italpassion.fr\/"],"url":"https:\/\/www.italpassion.fr\/nl\/author\/alexandre\/"}]}},"_links":{"self":[{"href":"https:\/\/www.italpassion.fr\/nl\/wp-json\/wp\/v2\/posts\/40032","targetHints":{"allow":["GET"]}}],"collection":[{"href":"https:\/\/www.italpassion.fr\/nl\/wp-json\/wp\/v2\/posts"}],"about":[{"href":"https:\/\/www.italpassion.fr\/nl\/wp-json\/wp\/v2\/types\/post"}],"author":[{"embeddable":true,"href":"https:\/\/www.italpassion.fr\/nl\/wp-json\/wp\/v2\/users\/1"}],"replies":[{"embeddable":true,"href":"https:\/\/www.italpassion.fr\/nl\/wp-json\/wp\/v2\/comments?post=40032"}],"version-history":[{"count":1,"href":"https:\/\/www.italpassion.fr\/nl\/wp-json\/wp\/v2\/posts\/40032\/revisions"}],"predecessor-version":[{"id":40034,"href":"https:\/\/www.italpassion.fr\/nl\/wp-json\/wp\/v2\/posts\/40032\/revisions\/40034"}],"wp:featuredmedia":[{"embeddable":true,"href":"https:\/\/www.italpassion.fr\/nl\/wp-json\/wp\/v2\/media\/40033"}],"wp:attachment":[{"href":"https:\/\/www.italpassion.fr\/nl\/wp-json\/wp\/v2\/media?parent=40032"}],"wp:term":[{"taxonomy":"category","embeddable":true,"href":"https:\/\/www.italpassion.fr\/nl\/wp-json\/wp\/v2\/categories?post=40032"},{"taxonomy":"post_tag","embeddable":true,"href":"https:\/\/www.italpassion.fr\/nl\/wp-json\/wp\/v2\/tags?post=40032"}],"curies":[{"name":"wp","href":"https:\/\/api.w.org\/{rel}","templated":true}]}}