{"id":39177,"date":"2025-07-19T09:39:46","date_gmt":"2025-07-19T07:39:46","guid":{"rendered":"https:\/\/www.italpassion.fr\/?p=39177"},"modified":"2025-07-01T10:42:57","modified_gmt":"2025-07-01T08:42:57","slug":"toen-de-voormalige-president-van-ferrari-de-348-een-waardeloze-auto-noemde","status":"publish","type":"post","link":"https:\/\/www.italpassion.fr\/nl\/ferrari\/quand-lancien-president-de-ferrari-a-declare-la-348-une-voiture-de-merde\/","title":{"rendered":"Toen de voormalige president van Ferrari zei: \"de 348 is een kloteauto\"!"},"content":{"rendered":"<figure class=\"wp-block-image size-full\"><img loading=\"lazy\" decoding=\"async\" width=\"1200\" height=\"800\" src=\"https:\/\/www.italpassion.fr\/wp-content\/uploads\/2025\/06\/ferrari-348.jpg\" alt=\"\" class=\"wp-image-39535\" srcset=\"https:\/\/www.italpassion.fr\/wp-content\/uploads\/2025\/06\/ferrari-348.jpg 1200w, https:\/\/www.italpassion.fr\/wp-content\/uploads\/2025\/06\/ferrari-348-420x280.jpg 420w, https:\/\/www.italpassion.fr\/wp-content\/uploads\/2025\/06\/ferrari-348-768x512.jpg 768w, https:\/\/www.italpassion.fr\/wp-content\/uploads\/2025\/06\/ferrari-348-18x12.jpg 18w\" sizes=\"auto, (max-width: 1200px) 100vw, 1200px\" \/><\/figure>\n\n\n\n<p>Alle fans van <a href=\"https:\/\/www.italpassion.fr\/nl\/ferrari\/\">Ferrari<\/a> kent de 348. Maar niet iedereen weet dat hij een nogal smakelijke anekdote met zich meedraagt, verteld door Luca di Montezemolo zelf, voormalig president van het merk Prancing Horse.<\/p>\n\n\n\n<p>Het was 1991, net na het wereldkampioenschap voetbal in Itali\u00eb. Montezemolo, blij met het succes van het evenement, besloot zichzelf te trakteren op een gloednieuwe gele Ferrari 348. Maar op een dag, toen hij met zijn auto in Rome reed, werd hij vernederd: hij stopte voor een stoplicht en werd letterlijk de eerste 30-40 meter voorbijgereden door... een zwarte Golf GTi. Het meest pikante commentaar kwam van de bestuurder van de Volkswagen: \"H\u00e9 Montezemolo, deze is veel beter!<\/p>\n\n\n\n<p>Jaren later, bij de presentatie van de sublieme 458 Italia in 2009, vertelde hij het verhaal aan de pers: \"Ik zal het nooit vergeten! Daarna belegde ik een vergadering zonder het iemand bij Ferrari te vertellen. Ze lieten me trots een dia zien waarop de 348 werd aangeprezen als 'beste in zijn klasse' op het gebied van acceleratie. Ik liet ze uitpraten en zei toen: \"Jongens, pech gehad, ik ben eigenlijk een klant van deze waardeloze auto. Hij maakt een hoop lawaai, maar hij gaat nergens heen!<\/p>\n\n\n\n<figure class=\"wp-block-image size-full\"><img loading=\"lazy\" decoding=\"async\" width=\"1200\" height=\"800\" src=\"https:\/\/www.italpassion.fr\/wp-content\/uploads\/2025\/06\/ferrari-348-2.jpg\" alt=\"\" class=\"wp-image-39536\" srcset=\"https:\/\/www.italpassion.fr\/wp-content\/uploads\/2025\/06\/ferrari-348-2.jpg 1200w, https:\/\/www.italpassion.fr\/wp-content\/uploads\/2025\/06\/ferrari-348-2-420x280.jpg 420w, https:\/\/www.italpassion.fr\/wp-content\/uploads\/2025\/06\/ferrari-348-2-768x512.jpg 768w, https:\/\/www.italpassion.fr\/wp-content\/uploads\/2025\/06\/ferrari-348-2-18x12.jpg 18w\" sizes=\"auto, (max-width: 1200px) 100vw, 1200px\" \/><\/figure>\n\n\n\n<p>Om het nog erger te maken, nodigde Montezemolo zelfs Niki Lauda uit om de 348 te testen. Het oordeel van de Oostenrijkse legende? Precies hetzelfde: een prachtige coup\u00e9, maar verschrikkelijk traag voor een Ferrari.<\/p>\n\n\n\n<p>Natuurlijk waren er puristen die het verhaal betwistten: op papier accelereerde de 348 van 0 naar 100 km\/u in 5,6 seconden, vergeleken met 8,3 seconden voor de Golf GTi uit die tijd. Tenzij je een geprepareerde Golf tegenkwam, is het moeilijk te geloven dat hij op het hele rechte stuk kon concurreren. Maar dat doet er niet toe: het belangrijkste is dat deze zin een cultzin is geworden en dat hij op zichzelf al symbool staat voor de hoge standaarden die Montezemolo bij zijn aantreden bij Ferrari wilde herstellen.<\/p>\n\n\n\n<p>Toch blijft de Ferrari 348 een cruciale auto: de laatste Ferrari die werd gebouwd in het Enzo tijdperk, waarvan er bijna 9.000 werden geproduceerd tussen 1989 en 1994, voordat hij werd vervangen door de veel scherpere 355.<\/p>\n\n\n\n<figure class=\"wp-block-image size-full\"><img loading=\"lazy\" decoding=\"async\" width=\"1200\" height=\"800\" src=\"https:\/\/www.italpassion.fr\/wp-content\/uploads\/2025\/06\/ferrari-348-3.jpg\" alt=\"\" class=\"wp-image-39537\" srcset=\"https:\/\/www.italpassion.fr\/wp-content\/uploads\/2025\/06\/ferrari-348-3.jpg 1200w, https:\/\/www.italpassion.fr\/wp-content\/uploads\/2025\/06\/ferrari-348-3-420x280.jpg 420w, https:\/\/www.italpassion.fr\/wp-content\/uploads\/2025\/06\/ferrari-348-3-768x512.jpg 768w, https:\/\/www.italpassion.fr\/wp-content\/uploads\/2025\/06\/ferrari-348-3-18x12.jpg 18w\" sizes=\"auto, (max-width: 1200px) 100vw, 1200px\" \/><\/figure>","protected":false},"excerpt":{"rendered":"","protected":false},"author":1,"featured_media":39535,"comment_status":"open","ping_status":"open","sticky":false,"template":"","format":"standard","meta":{"_acf_changed":false,"_sitemap_exclude":false,"_sitemap_priority":"","_sitemap_frequency":"","footnotes":""},"categories":[23],"tags":[443],"class_list":["post-39177","post","type-post","status-publish","format-standard","has-post-thumbnail","hentry","category-ferrari","tag-ferrari-348","generate-columns","tablet-grid-50","mobile-grid-100","grid-parent","grid-33"],"acf":[],"yoast_head":"<!-- This site is optimized with the Yoast SEO plugin v25.8 - https:\/\/yoast.com\/wordpress\/plugins\/seo\/ -->\n<title>Quand l&#039;ancien pr\u00e9sident de Ferrari \u00e0 d\u00e9clar\u00e9 : &quot;la 348, une voiture de merde&quot; ! - ItalPassion<\/title>\n<meta name=\"description\" content=\"Tout passionn\u00e9 de Ferrari conna\u00eet la 348. Mais tout le monde ne sait pas qu\u2019elle tra\u00eene derri\u00e8re elle une anecdote plut\u00f4t savoureuse, racont\u00e9e par Luca di\" \/>\n<meta name=\"robots\" content=\"index, follow, max-snippet:-1, max-image-preview:large, max-video-preview:-1\" \/>\n<link rel=\"canonical\" href=\"https:\/\/www.italpassion.fr\/nl\/ferrari\/toen-de-voormalige-president-van-ferrari-de-348-een-waardeloze-auto-noemde\/\" \/>\n<meta property=\"og:locale\" content=\"nl_NL\" \/>\n<meta property=\"og:type\" content=\"article\" \/>\n<meta property=\"og:title\" content=\"Quand l&#039;ancien pr\u00e9sident de Ferrari \u00e0 d\u00e9clar\u00e9 : &quot;la 348, une voiture de merde&quot; ! - ItalPassion\" \/>\n<meta property=\"og:description\" content=\"Tout passionn\u00e9 de Ferrari conna\u00eet la 348. Mais tout le monde ne sait pas qu\u2019elle tra\u00eene derri\u00e8re elle une anecdote plut\u00f4t savoureuse, racont\u00e9e par Luca di\" \/>\n<meta property=\"og:url\" content=\"https:\/\/www.italpassion.fr\/nl\/ferrari\/toen-de-voormalige-president-van-ferrari-de-348-een-waardeloze-auto-noemde\/\" \/>\n<meta property=\"og:site_name\" content=\"ItalPassion\" \/>\n<meta property=\"article:publisher\" content=\"https:\/\/www.facebook.com\/italpassion\" \/>\n<meta property=\"article:published_time\" content=\"2025-07-19T07:39:46+00:00\" \/>\n<meta property=\"og:image\" content=\"https:\/\/www.italpassion.fr\/wp-content\/uploads\/2025\/06\/ferrari-348.jpg\" \/>\n\t<meta property=\"og:image:width\" content=\"1200\" \/>\n\t<meta property=\"og:image:height\" content=\"800\" \/>\n\t<meta property=\"og:image:type\" content=\"image\/jpeg\" \/>\n<meta name=\"author\" content=\"Alexandre Filluzeau\" \/>\n<meta name=\"twitter:card\" content=\"summary_large_image\" \/>\n<meta name=\"twitter:creator\" content=\"@italpassion\" \/>\n<meta name=\"twitter:site\" content=\"@italpassion\" \/>\n<script type=\"application\/ld+json\" class=\"yoast-schema-graph\">{\"@context\":\"https:\/\/schema.org\",\"@graph\":[{\"@type\":\"NewsArticle\",\"@id\":\"https:\/\/www.italpassion.fr\/nl\/ferrari\/quand-lancien-president-de-ferrari-a-declare-la-348-une-voiture-de-merde\/#article\",\"isPartOf\":{\"@id\":\"https:\/\/www.italpassion.fr\/nl\/ferrari\/quand-lancien-president-de-ferrari-a-declare-la-348-une-voiture-de-merde\/\"},\"author\":{\"name\":\"Alexandre Filluzeau\",\"@id\":\"https:\/\/www.italpassion.fr\/nl\/#\/schema\/person\/36f747b2a759ca202d847e85a9434ca0\"},\"headline\":\"Quand l&rsquo;ancien pr\u00e9sident de Ferrari \u00e0 d\u00e9clar\u00e9 : \u00ab\u00a0la 348, une voiture de merde\u00a0\u00bb !\",\"datePublished\":\"2025-07-19T07:39:46+00:00\",\"mainEntityOfPage\":{\"@id\":\"https:\/\/www.italpassion.fr\/nl\/ferrari\/quand-lancien-president-de-ferrari-a-declare-la-348-une-voiture-de-merde\/\"},\"wordCount\":387,\"commentCount\":2,\"publisher\":{\"@id\":\"https:\/\/www.italpassion.fr\/nl\/#organization\"},\"image\":{\"@id\":\"https:\/\/www.italpassion.fr\/nl\/ferrari\/quand-lancien-president-de-ferrari-a-declare-la-348-une-voiture-de-merde\/#primaryimage\"},\"thumbnailUrl\":\"https:\/\/www.italpassion.fr\/wp-content\/uploads\/2025\/06\/ferrari-348.jpg\",\"keywords\":[\"Ferrari 348\"],\"articleSection\":[\"Ferrari\"],\"inLanguage\":\"nl-NL\",\"potentialAction\":[{\"@type\":\"CommentAction\",\"name\":\"Comment\",\"target\":[\"https:\/\/www.italpassion.fr\/nl\/ferrari\/quand-lancien-president-de-ferrari-a-declare-la-348-une-voiture-de-merde\/#respond\"]}]},{\"@type\":\"WebPage\",\"@id\":\"https:\/\/www.italpassion.fr\/nl\/ferrari\/quand-lancien-president-de-ferrari-a-declare-la-348-une-voiture-de-merde\/\",\"url\":\"https:\/\/www.italpassion.fr\/nl\/ferrari\/quand-lancien-president-de-ferrari-a-declare-la-348-une-voiture-de-merde\/\",\"name\":\"Quand l'ancien pr\u00e9sident de Ferrari \u00e0 d\u00e9clar\u00e9 : \\\"la 348, une voiture de merde\\\" ! - ItalPassion\",\"isPartOf\":{\"@id\":\"https:\/\/www.italpassion.fr\/nl\/#website\"},\"primaryImageOfPage\":{\"@id\":\"https:\/\/www.italpassion.fr\/nl\/ferrari\/quand-lancien-president-de-ferrari-a-declare-la-348-une-voiture-de-merde\/#primaryimage\"},\"image\":{\"@id\":\"https:\/\/www.italpassion.fr\/nl\/ferrari\/quand-lancien-president-de-ferrari-a-declare-la-348-une-voiture-de-merde\/#primaryimage\"},\"thumbnailUrl\":\"https:\/\/www.italpassion.fr\/wp-content\/uploads\/2025\/06\/ferrari-348.jpg\",\"datePublished\":\"2025-07-19T07:39:46+00:00\",\"description\":\"Tout passionn\u00e9 de Ferrari conna\u00eet la 348. Mais tout le monde ne sait pas qu\u2019elle tra\u00eene derri\u00e8re elle une anecdote plut\u00f4t savoureuse, racont\u00e9e par Luca di\",\"breadcrumb\":{\"@id\":\"https:\/\/www.italpassion.fr\/nl\/ferrari\/quand-lancien-president-de-ferrari-a-declare-la-348-une-voiture-de-merde\/#breadcrumb\"},\"inLanguage\":\"nl-NL\",\"potentialAction\":[{\"@type\":\"ReadAction\",\"target\":[\"https:\/\/www.italpassion.fr\/nl\/ferrari\/quand-lancien-president-de-ferrari-a-declare-la-348-une-voiture-de-merde\/\"]}]},{\"@type\":\"ImageObject\",\"inLanguage\":\"nl-NL\",\"@id\":\"https:\/\/www.italpassion.fr\/nl\/ferrari\/quand-lancien-president-de-ferrari-a-declare-la-348-une-voiture-de-merde\/#primaryimage\",\"url\":\"https:\/\/www.italpassion.fr\/wp-content\/uploads\/2025\/06\/ferrari-348.jpg\",\"contentUrl\":\"https:\/\/www.italpassion.fr\/wp-content\/uploads\/2025\/06\/ferrari-348.jpg\",\"width\":1200,\"height\":800},{\"@type\":\"BreadcrumbList\",\"@id\":\"https:\/\/www.italpassion.fr\/nl\/ferrari\/quand-lancien-president-de-ferrari-a-declare-la-348-une-voiture-de-merde\/#breadcrumb\",\"itemListElement\":[{\"@type\":\"ListItem\",\"position\":1,\"name\":\"Accueil\",\"item\":\"https:\/\/www.italpassion.fr\/nl\/\"},{\"@type\":\"ListItem\",\"position\":2,\"name\":\"Quand l&rsquo;ancien pr\u00e9sident de Ferrari \u00e0 d\u00e9clar\u00e9 : \u00ab\u00a0la 348, une voiture de merde\u00a0\u00bb !\"}]},{\"@type\":\"WebSite\",\"@id\":\"https:\/\/www.italpassion.fr\/nl\/#website\",\"url\":\"https:\/\/www.italpassion.fr\/nl\/\",\"name\":\"ItalPassion\",\"description\":\"Les Passionn\u00e9s d&#039;Automobiles Italiennes\",\"publisher\":{\"@id\":\"https:\/\/www.italpassion.fr\/nl\/#organization\"},\"potentialAction\":[{\"@type\":\"SearchAction\",\"target\":{\"@type\":\"EntryPoint\",\"urlTemplate\":\"https:\/\/www.italpassion.fr\/nl\/?s={search_term_string}\"},\"query-input\":{\"@type\":\"PropertyValueSpecification\",\"valueRequired\":true,\"valueName\":\"search_term_string\"}}],\"inLanguage\":\"nl-NL\"},{\"@type\":\"Organization\",\"@id\":\"https:\/\/www.italpassion.fr\/nl\/#organization\",\"name\":\"Italpassion\",\"url\":\"https:\/\/www.italpassion.fr\/nl\/\",\"logo\":{\"@type\":\"ImageObject\",\"inLanguage\":\"nl-NL\",\"@id\":\"https:\/\/www.italpassion.fr\/nl\/#\/schema\/logo\/image\/\",\"url\":\"https:\/\/www.italpassion.fr\/wp-content\/uploads\/2023\/07\/italpassion-yoast.jpg\",\"contentUrl\":\"https:\/\/www.italpassion.fr\/wp-content\/uploads\/2023\/07\/italpassion-yoast.jpg\",\"width\":696,\"height\":696,\"caption\":\"Italpassion\"},\"image\":{\"@id\":\"https:\/\/www.italpassion.fr\/nl\/#\/schema\/logo\/image\/\"},\"sameAs\":[\"https:\/\/www.facebook.com\/italpassion\",\"https:\/\/x.com\/italpassion\",\"https:\/\/www.instagram.com\/italpassionfr\/\",\"https:\/\/www.youtube.com\/channel\/UCleq-ByQaA42OjhopwevRjQ\",\"https:\/\/www.facebook.com\/italpassion.en\/\",\"https:\/\/www.facebook.com\/italpassion.it\/\",\"https:\/\/www.facebook.com\/italpassion.de\/\",\"https:\/\/www.facebook.com\/italpassion.ja\/\"]},{\"@type\":\"Person\",\"@id\":\"https:\/\/www.italpassion.fr\/nl\/#\/schema\/person\/36f747b2a759ca202d847e85a9434ca0\",\"name\":\"Alexandre Filluzeau\",\"image\":{\"@type\":\"ImageObject\",\"inLanguage\":\"nl-NL\",\"@id\":\"https:\/\/www.italpassion.fr\/nl\/#\/schema\/person\/image\/\",\"url\":\"https:\/\/www.italpassion.fr\/wp-content\/uploads\/2025\/04\/avatar-alexandre-160x160.jpg\",\"contentUrl\":\"https:\/\/www.italpassion.fr\/wp-content\/uploads\/2025\/04\/avatar-alexandre-160x160.jpg\",\"caption\":\"Alexandre Filluzeau\"},\"description\":\"Fondateur du site ItalPassion, passionn\u00e9 de voitures italiennes et de l'Italie en g\u00e9n\u00e9ral. J'apporte un regard critique et technique aux actualit\u00e9s des marques italiennes quand cela est possible. Propri\u00e9taire d'une Maserati GranTurismo, Alfa Romeo MiTo, Lancia Fulvia et Ducati 695. Ex-propri\u00e9taire d'une Alfa Romeo Giulia.\",\"sameAs\":[\"https:\/\/www.italpassion.fr\/\"],\"url\":\"https:\/\/www.italpassion.fr\/nl\/author\/alexandre\/\"}]}<\/script>\n<!-- \/ Yoast SEO plugin. -->","yoast_head_json":{"title":"Toen de voormalige president van Ferrari zei: \"de 348 is een kloteauto\"! - ItalPassion","description":"Elke Ferrari-liefhebber kent de 348. Maar niet iedereen weet dat er een nogal smakelijke anekdote achter schuilgaat, verteld door Luca di","robots":{"index":"index","follow":"follow","max-snippet":"max-snippet:-1","max-image-preview":"max-image-preview:large","max-video-preview":"max-video-preview:-1"},"canonical":"https:\/\/www.italpassion.fr\/nl\/ferrari\/toen-de-voormalige-president-van-ferrari-de-348-een-waardeloze-auto-noemde\/","og_locale":"nl_NL","og_type":"article","og_title":"Quand l'ancien pr\u00e9sident de Ferrari \u00e0 d\u00e9clar\u00e9 : \"la 348, une voiture de merde\" ! - ItalPassion","og_description":"Tout passionn\u00e9 de Ferrari conna\u00eet la 348. Mais tout le monde ne sait pas qu\u2019elle tra\u00eene derri\u00e8re elle une anecdote plut\u00f4t savoureuse, racont\u00e9e par Luca di","og_url":"https:\/\/www.italpassion.fr\/nl\/ferrari\/toen-de-voormalige-president-van-ferrari-de-348-een-waardeloze-auto-noemde\/","og_site_name":"ItalPassion","article_publisher":"https:\/\/www.facebook.com\/italpassion","article_published_time":"2025-07-19T07:39:46+00:00","og_image":[{"width":1200,"height":800,"url":"https:\/\/www.italpassion.fr\/wp-content\/uploads\/2025\/06\/ferrari-348.jpg","type":"image\/jpeg"}],"author":"Alexandre Filluzeau","twitter_card":"summary_large_image","twitter_creator":"@italpassion","twitter_site":"@italpassion","schema":{"@context":"https:\/\/schema.org","@graph":[{"@type":"NewsArticle","@id":"https:\/\/www.italpassion.fr\/nl\/ferrari\/quand-lancien-president-de-ferrari-a-declare-la-348-une-voiture-de-merde\/#article","isPartOf":{"@id":"https:\/\/www.italpassion.fr\/nl\/ferrari\/quand-lancien-president-de-ferrari-a-declare-la-348-une-voiture-de-merde\/"},"author":{"name":"Alexandre Filluzeau","@id":"https:\/\/www.italpassion.fr\/nl\/#\/schema\/person\/36f747b2a759ca202d847e85a9434ca0"},"headline":"Quand l&rsquo;ancien pr\u00e9sident de Ferrari \u00e0 d\u00e9clar\u00e9 : \u00ab\u00a0la 348, une voiture de merde\u00a0\u00bb !","datePublished":"2025-07-19T07:39:46+00:00","mainEntityOfPage":{"@id":"https:\/\/www.italpassion.fr\/nl\/ferrari\/quand-lancien-president-de-ferrari-a-declare-la-348-une-voiture-de-merde\/"},"wordCount":387,"commentCount":2,"publisher":{"@id":"https:\/\/www.italpassion.fr\/nl\/#organization"},"image":{"@id":"https:\/\/www.italpassion.fr\/nl\/ferrari\/quand-lancien-president-de-ferrari-a-declare-la-348-une-voiture-de-merde\/#primaryimage"},"thumbnailUrl":"https:\/\/www.italpassion.fr\/wp-content\/uploads\/2025\/06\/ferrari-348.jpg","keywords":["Ferrari 348"],"articleSection":["Ferrari"],"inLanguage":"nl-NL","potentialAction":[{"@type":"CommentAction","name":"Comment","target":["https:\/\/www.italpassion.fr\/nl\/ferrari\/quand-lancien-president-de-ferrari-a-declare-la-348-une-voiture-de-merde\/#respond"]}]},{"@type":"WebPage","@id":"https:\/\/www.italpassion.fr\/nl\/ferrari\/quand-lancien-president-de-ferrari-a-declare-la-348-une-voiture-de-merde\/","url":"https:\/\/www.italpassion.fr\/nl\/ferrari\/quand-lancien-president-de-ferrari-a-declare-la-348-une-voiture-de-merde\/","name":"Toen de voormalige president van Ferrari zei: \"de 348 is een kloteauto\"! - ItalPassion","isPartOf":{"@id":"https:\/\/www.italpassion.fr\/nl\/#website"},"primaryImageOfPage":{"@id":"https:\/\/www.italpassion.fr\/nl\/ferrari\/quand-lancien-president-de-ferrari-a-declare-la-348-une-voiture-de-merde\/#primaryimage"},"image":{"@id":"https:\/\/www.italpassion.fr\/nl\/ferrari\/quand-lancien-president-de-ferrari-a-declare-la-348-une-voiture-de-merde\/#primaryimage"},"thumbnailUrl":"https:\/\/www.italpassion.fr\/wp-content\/uploads\/2025\/06\/ferrari-348.jpg","datePublished":"2025-07-19T07:39:46+00:00","description":"Elke Ferrari-liefhebber kent de 348. Maar niet iedereen weet dat er een nogal smakelijke anekdote achter schuilgaat, verteld door Luca di","breadcrumb":{"@id":"https:\/\/www.italpassion.fr\/nl\/ferrari\/quand-lancien-president-de-ferrari-a-declare-la-348-une-voiture-de-merde\/#breadcrumb"},"inLanguage":"nl-NL","potentialAction":[{"@type":"ReadAction","target":["https:\/\/www.italpassion.fr\/nl\/ferrari\/quand-lancien-president-de-ferrari-a-declare-la-348-une-voiture-de-merde\/"]}]},{"@type":"ImageObject","inLanguage":"nl-NL","@id":"https:\/\/www.italpassion.fr\/nl\/ferrari\/quand-lancien-president-de-ferrari-a-declare-la-348-une-voiture-de-merde\/#primaryimage","url":"https:\/\/www.italpassion.fr\/wp-content\/uploads\/2025\/06\/ferrari-348.jpg","contentUrl":"https:\/\/www.italpassion.fr\/wp-content\/uploads\/2025\/06\/ferrari-348.jpg","width":1200,"height":800},{"@type":"BreadcrumbList","@id":"https:\/\/www.italpassion.fr\/nl\/ferrari\/quand-lancien-president-de-ferrari-a-declare-la-348-une-voiture-de-merde\/#breadcrumb","itemListElement":[{"@type":"ListItem","position":1,"name":"Accueil","item":"https:\/\/www.italpassion.fr\/nl\/"},{"@type":"ListItem","position":2,"name":"Quand l&rsquo;ancien pr\u00e9sident de Ferrari \u00e0 d\u00e9clar\u00e9 : \u00ab\u00a0la 348, une voiture de merde\u00a0\u00bb !"}]},{"@type":"WebSite","@id":"https:\/\/www.italpassion.fr\/nl\/#website","url":"https:\/\/www.italpassion.fr\/nl\/","name":"ItalPassion","description":"Italiaanse autoliefhebbers","publisher":{"@id":"https:\/\/www.italpassion.fr\/nl\/#organization"},"potentialAction":[{"@type":"SearchAction","target":{"@type":"EntryPoint","urlTemplate":"https:\/\/www.italpassion.fr\/nl\/?s={search_term_string}"},"query-input":{"@type":"PropertyValueSpecification","valueRequired":true,"valueName":"search_term_string"}}],"inLanguage":"nl-NL"},{"@type":"Organization","@id":"https:\/\/www.italpassion.fr\/nl\/#organization","name":"Italpassion","url":"https:\/\/www.italpassion.fr\/nl\/","logo":{"@type":"ImageObject","inLanguage":"nl-NL","@id":"https:\/\/www.italpassion.fr\/nl\/#\/schema\/logo\/image\/","url":"https:\/\/www.italpassion.fr\/wp-content\/uploads\/2023\/07\/italpassion-yoast.jpg","contentUrl":"https:\/\/www.italpassion.fr\/wp-content\/uploads\/2023\/07\/italpassion-yoast.jpg","width":696,"height":696,"caption":"Italpassion"},"image":{"@id":"https:\/\/www.italpassion.fr\/nl\/#\/schema\/logo\/image\/"},"sameAs":["https:\/\/www.facebook.com\/italpassion","https:\/\/x.com\/italpassion","https:\/\/www.instagram.com\/italpassionfr\/","https:\/\/www.youtube.com\/channel\/UCleq-ByQaA42OjhopwevRjQ","https:\/\/www.facebook.com\/italpassion.en\/","https:\/\/www.facebook.com\/italpassion.it\/","https:\/\/www.facebook.com\/italpassion.de\/","https:\/\/www.facebook.com\/italpassion.ja\/"]},{"@type":"Person","@id":"https:\/\/www.italpassion.fr\/nl\/#\/schema\/person\/36f747b2a759ca202d847e85a9434ca0","name":"Alexandre Filluzeau","image":{"@type":"ImageObject","inLanguage":"nl-NL","@id":"https:\/\/www.italpassion.fr\/nl\/#\/schema\/person\/image\/","url":"https:\/\/www.italpassion.fr\/wp-content\/uploads\/2025\/04\/avatar-alexandre-160x160.jpg","contentUrl":"https:\/\/www.italpassion.fr\/wp-content\/uploads\/2025\/04\/avatar-alexandre-160x160.jpg","caption":"Alexandre Filluzeau"},"description":"Oprichter van de website ItalPassion, gepassioneerd door Italiaanse auto's en Itali\u00eb in het algemeen. Waar mogelijk breng ik een kritisch en technisch oog naar nieuws over Italiaanse merken. Eigenaar van een Maserati GranTurismo, Alfa Romeo MiTo, Lancia Fulvia en Ducati 695. Ex-eigenaar van een Alfa Romeo Giulia.","sameAs":["https:\/\/www.italpassion.fr\/"],"url":"https:\/\/www.italpassion.fr\/nl\/author\/alexandre\/"}]}},"_links":{"self":[{"href":"https:\/\/www.italpassion.fr\/nl\/wp-json\/wp\/v2\/posts\/39177","targetHints":{"allow":["GET"]}}],"collection":[{"href":"https:\/\/www.italpassion.fr\/nl\/wp-json\/wp\/v2\/posts"}],"about":[{"href":"https:\/\/www.italpassion.fr\/nl\/wp-json\/wp\/v2\/types\/post"}],"author":[{"embeddable":true,"href":"https:\/\/www.italpassion.fr\/nl\/wp-json\/wp\/v2\/users\/1"}],"replies":[{"embeddable":true,"href":"https:\/\/www.italpassion.fr\/nl\/wp-json\/wp\/v2\/comments?post=39177"}],"version-history":[{"count":3,"href":"https:\/\/www.italpassion.fr\/nl\/wp-json\/wp\/v2\/posts\/39177\/revisions"}],"predecessor-version":[{"id":39917,"href":"https:\/\/www.italpassion.fr\/nl\/wp-json\/wp\/v2\/posts\/39177\/revisions\/39917"}],"wp:featuredmedia":[{"embeddable":true,"href":"https:\/\/www.italpassion.fr\/nl\/wp-json\/wp\/v2\/media\/39535"}],"wp:attachment":[{"href":"https:\/\/www.italpassion.fr\/nl\/wp-json\/wp\/v2\/media?parent=39177"}],"wp:term":[{"taxonomy":"category","embeddable":true,"href":"https:\/\/www.italpassion.fr\/nl\/wp-json\/wp\/v2\/categories?post=39177"},{"taxonomy":"post_tag","embeddable":true,"href":"https:\/\/www.italpassion.fr\/nl\/wp-json\/wp\/v2\/tags?post=39177"}],"curies":[{"name":"wp","href":"https:\/\/api.w.org\/{rel}","templated":true}]}}