{"id":38778,"date":"2025-05-29T14:25:23","date_gmt":"2025-05-29T12:25:23","guid":{"rendered":"https:\/\/www.italpassion.fr\/?p=38778"},"modified":"2025-05-29T14:25:23","modified_gmt":"2025-05-29T12:25:23","slug":"hij-parkeert-zijn-lamborghini-op-een-gehandicaptenparkeerplaats-en-wordt-bekritiseerd-en-beledigd","status":"publish","type":"post","link":"https:\/\/www.italpassion.fr\/nl\/lamborghini\/il-gare-sa-lamborghini-sur-une-place-handicape-se-fait-critiquer-insulter-et-pourtant\/","title":{"rendered":"Hij parkeert zijn Lamborghini in een gehandicaptenparkeerplaats, krijgt kritiek en beledigingen, en toch..."},"content":{"rendered":"<p><strong>Op sociale netwerken kan de verontwaardiging overweldigend zijn. En soms... totaal oneerlijk. <\/strong>Dit is precies wat er een paar dagen geleden gebeurde toen een man gewelddadig werd bekritiseerd voor het parkeren van zijn <a href=\"https:\/\/www.italpassion.fr\/nl\/lamborghini\/\">Lamborghini<\/a> in een ruimte die gereserveerd is voor gehandicapten. Binnen een paar seconden veroordeeld en beledigd, zette hij de zaken recht.<\/p>\n\n\n\n<h2 class=\"wp-block-heading\">Een supercar in een blauw vierkant en de verontwaardiging explodeert<\/h2>\n\n\n\n<figure class=\"wp-block-image size-full\"><img loading=\"lazy\" decoding=\"async\" width=\"1200\" height=\"800\" src=\"https:\/\/www.italpassion.fr\/wp-content\/uploads\/2025\/05\/lamborghini-handicap.jpg\" alt=\"\" class=\"wp-image-38779\" srcset=\"https:\/\/www.italpassion.fr\/wp-content\/uploads\/2025\/05\/lamborghini-handicap.jpg 1200w, https:\/\/www.italpassion.fr\/wp-content\/uploads\/2025\/05\/lamborghini-handicap-420x280.jpg 420w, https:\/\/www.italpassion.fr\/wp-content\/uploads\/2025\/05\/lamborghini-handicap-768x512.jpg 768w, https:\/\/www.italpassion.fr\/wp-content\/uploads\/2025\/05\/lamborghini-handicap-18x12.jpg 18w\" sizes=\"auto, (max-width: 1200px) 100vw, 1200px\" \/><\/figure>\n\n\n\n<p>Het tafereel werd vastgelegd op een foto en vervolgens wijd verspreid op Facebook, Instagram en Reddit : <em>een Lamborghini Hurac\u00e1n die trots op een gehandicaptenparkeerplaats staat.<\/em> Dat was alles wat nodig was om een lawine van reacties te veroorzaken.<\/p>\n\n\n\n<p>\"Weer zo'n rijke vent die denkt dat hij overal mee weg kan komen\", \"Echt waar? Wat een ego\u00efsme!\", \"Hij zou een recordboete moeten krijgen\"... Internetgebruikers waren snel met hun veroordeling en stelden zich een arrogante, zorgeloze, zelfs minachtende eigenaar voor. Maar zoals zo vaak is de waarheid complexer dan de schijn.<\/p>\n\n\n\n<h2 class=\"wp-block-heading\">Het antwoord van de eigenaar: een schot dat iedereen doet stoppen<\/h2>\n\n\n\n<p>Toen de controverse groeide, besloot de eigenaar van de supercar te reageren. En dat deed hij met een foto die een einde maakte aan het debat. Hij ligt naast zijn Lamborghini en toont niet alleen een gehandicaptenparkeerkaart... maar ook zijn prothesebeen. Onder de foto staat een ijzingwekkend ironisch bijschrift: <strong>\"Een foto voor al mijn fans.\"<\/strong><\/p>\n\n\n\n<figure class=\"wp-block-image size-full\"><img loading=\"lazy\" decoding=\"async\" width=\"1200\" height=\"900\" src=\"https:\/\/www.italpassion.fr\/wp-content\/uploads\/2025\/05\/lamborghini-handicap-2.jpg\" alt=\"\" class=\"wp-image-38780\" srcset=\"https:\/\/www.italpassion.fr\/wp-content\/uploads\/2025\/05\/lamborghini-handicap-2.jpg 1200w, https:\/\/www.italpassion.fr\/wp-content\/uploads\/2025\/05\/lamborghini-handicap-2-420x315.jpg 420w, https:\/\/www.italpassion.fr\/wp-content\/uploads\/2025\/05\/lamborghini-handicap-2-768x576.jpg 768w, https:\/\/www.italpassion.fr\/wp-content\/uploads\/2025\/05\/lamborghini-handicap-2-16x12.jpg 16w\" sizes=\"auto, (max-width: 1200px) 100vw, 1200px\" \/><\/figure>\n\n\n\n<p>De publicatie zette de publieke opinie op zijn kop. Niet alleen had deze man het volste recht om daar te parkeren, maar hij had ook een bredere ruimte gekozen zodat hij onder geschikte omstandigheden uit zijn auto kon stappen.<\/p>\n\n\n\n<h2 class=\"wp-block-heading\">Een nuttige herinnering: oordeel nooit te snel<\/h2>\n\n\n\n<p>Dit nieuwsbericht, dat even viraal als leerzaam is, laat zien hoe bedrieglijk uiterlijk kan zijn, vooral als het om luxe auto's gaat. Een Lamborghini bezitten betekent niet dat je geen handicap hebt. En zelfs als de creditcard niet direct zichtbaar was op het dashboard, rechtvaardigde dat nog niet de stortvloed aan haat die werd ontvangen.<\/p>\n\n\n\n<p>Bedenk ook dat bij zeer lage auto's met schuine voorruiten, zoals supercars, de kaarten kunnen wegglijden en van buitenaf onzichtbaar worden.<\/p>\n\n\n\n<p><strong>De moraal van het verhaal?<\/strong> Voordat je een oordeel velt over de netwerken, kun je het beste wachten tot je alle feiten hebt. Want soms schuilt er achter de schijn van opzichtige luxe een veel menselijkere werkelijkheid.<\/p>\n\n\n\n<iframe loading=\"lazy\" src=\"https:\/\/www.facebook.com\/plugins\/post.php?href=https%3A%2F%2Fwww.facebook.com%2Fspottedtorquay%2Fposts%2Fpfbid02Cgtc7VE3A4ZYpyf14aZLCRofcHTvFkqP1FFqhVN6QaXQWBC9TELAoXmYX41ovqw4l&#038;show_text=true&#038;width=500\" width=\"500\" height=\"466\" style=\"border:none;overflow:hidden\" scrolling=\"no\" frameborder=\"0\" allowfullscreen=\"true\" allow=\"autoplay; clipboard-write; encrypted-media; picture-in-picture; web-share\"><\/iframe>","protected":false},"excerpt":{"rendered":"","protected":false},"author":1,"featured_media":38779,"comment_status":"open","ping_status":"open","sticky":false,"template":"","format":"standard","meta":{"_acf_changed":false,"_sitemap_exclude":false,"_sitemap_priority":"","_sitemap_frequency":"","footnotes":""},"categories":[25],"tags":[375],"class_list":["post-38778","post","type-post","status-publish","format-standard","has-post-thumbnail","hentry","category-lamborghini","tag-lamborghini-huracan","generate-columns","tablet-grid-50","mobile-grid-100","grid-parent","grid-33"],"acf":[],"yoast_head":"<!-- This site is optimized with the Yoast SEO plugin v25.8 - https:\/\/yoast.com\/wordpress\/plugins\/seo\/ -->\n<title>Il gare sa Lamborghini sur une place handicap\u00e9, se fait critiquer, insulter, et pourtant... - ItalPassion<\/title>\n<meta name=\"description\" content=\"Sur les r\u00e9seaux sociaux, l\u2019indignation peut \u00eatre foudroyante. Et parfois\u2026 totalement injuste. C\u2019est exactement ce qui s\u2019est produit il y a quelques jours\" \/>\n<meta name=\"robots\" content=\"index, follow, max-snippet:-1, max-image-preview:large, max-video-preview:-1\" \/>\n<link rel=\"canonical\" href=\"https:\/\/www.italpassion.fr\/nl\/lamborghini\/hij-parkeert-zijn-lamborghini-op-een-gehandicaptenparkeerplaats-en-wordt-bekritiseerd-en-beledigd\/\" \/>\n<meta property=\"og:locale\" content=\"nl_NL\" \/>\n<meta property=\"og:type\" content=\"article\" \/>\n<meta property=\"og:title\" content=\"Il gare sa Lamborghini sur une place handicap\u00e9, se fait critiquer, insulter, et pourtant... - ItalPassion\" \/>\n<meta property=\"og:description\" content=\"Sur les r\u00e9seaux sociaux, l\u2019indignation peut \u00eatre foudroyante. Et parfois\u2026 totalement injuste. C\u2019est exactement ce qui s\u2019est produit il y a quelques jours\" \/>\n<meta property=\"og:url\" content=\"https:\/\/www.italpassion.fr\/nl\/lamborghini\/hij-parkeert-zijn-lamborghini-op-een-gehandicaptenparkeerplaats-en-wordt-bekritiseerd-en-beledigd\/\" \/>\n<meta property=\"og:site_name\" content=\"ItalPassion\" \/>\n<meta property=\"article:publisher\" content=\"https:\/\/www.facebook.com\/italpassion\" \/>\n<meta property=\"article:published_time\" content=\"2025-05-29T12:25:23+00:00\" \/>\n<meta property=\"og:image\" content=\"https:\/\/www.italpassion.fr\/wp-content\/uploads\/2025\/05\/lamborghini-handicap.jpg\" \/>\n\t<meta property=\"og:image:width\" content=\"1200\" \/>\n\t<meta property=\"og:image:height\" content=\"800\" \/>\n\t<meta property=\"og:image:type\" content=\"image\/jpeg\" \/>\n<meta name=\"author\" content=\"Alexandre Filluzeau\" \/>\n<meta name=\"twitter:card\" content=\"summary_large_image\" \/>\n<meta name=\"twitter:creator\" content=\"@italpassion\" \/>\n<meta name=\"twitter:site\" content=\"@italpassion\" \/>\n<script type=\"application\/ld+json\" class=\"yoast-schema-graph\">{\"@context\":\"https:\/\/schema.org\",\"@graph\":[{\"@type\":\"NewsArticle\",\"@id\":\"https:\/\/www.italpassion.fr\/nl\/lamborghini\/il-gare-sa-lamborghini-sur-une-place-handicape-se-fait-critiquer-insulter-et-pourtant\/#article\",\"isPartOf\":{\"@id\":\"https:\/\/www.italpassion.fr\/nl\/lamborghini\/il-gare-sa-lamborghini-sur-une-place-handicape-se-fait-critiquer-insulter-et-pourtant\/\"},\"author\":{\"name\":\"Alexandre Filluzeau\",\"@id\":\"https:\/\/www.italpassion.fr\/nl\/#\/schema\/person\/36f747b2a759ca202d847e85a9434ca0\"},\"headline\":\"Il gare sa Lamborghini sur une place handicap\u00e9, se fait critiquer, insulter, et pourtant&#8230;\",\"datePublished\":\"2025-05-29T12:25:23+00:00\",\"mainEntityOfPage\":{\"@id\":\"https:\/\/www.italpassion.fr\/nl\/lamborghini\/il-gare-sa-lamborghini-sur-une-place-handicape-se-fait-critiquer-insulter-et-pourtant\/\"},\"wordCount\":459,\"commentCount\":5,\"publisher\":{\"@id\":\"https:\/\/www.italpassion.fr\/nl\/#organization\"},\"image\":{\"@id\":\"https:\/\/www.italpassion.fr\/nl\/lamborghini\/il-gare-sa-lamborghini-sur-une-place-handicape-se-fait-critiquer-insulter-et-pourtant\/#primaryimage\"},\"thumbnailUrl\":\"https:\/\/www.italpassion.fr\/wp-content\/uploads\/2025\/05\/lamborghini-handicap.jpg\",\"keywords\":[\"Lamborghini Huracan\"],\"articleSection\":[\"Lamborghini\"],\"inLanguage\":\"nl-NL\",\"potentialAction\":[{\"@type\":\"CommentAction\",\"name\":\"Comment\",\"target\":[\"https:\/\/www.italpassion.fr\/nl\/lamborghini\/il-gare-sa-lamborghini-sur-une-place-handicape-se-fait-critiquer-insulter-et-pourtant\/#respond\"]}]},{\"@type\":\"WebPage\",\"@id\":\"https:\/\/www.italpassion.fr\/nl\/lamborghini\/il-gare-sa-lamborghini-sur-une-place-handicape-se-fait-critiquer-insulter-et-pourtant\/\",\"url\":\"https:\/\/www.italpassion.fr\/nl\/lamborghini\/il-gare-sa-lamborghini-sur-une-place-handicape-se-fait-critiquer-insulter-et-pourtant\/\",\"name\":\"Il gare sa Lamborghini sur une place handicap\u00e9, se fait critiquer, insulter, et pourtant... - ItalPassion\",\"isPartOf\":{\"@id\":\"https:\/\/www.italpassion.fr\/nl\/#website\"},\"primaryImageOfPage\":{\"@id\":\"https:\/\/www.italpassion.fr\/nl\/lamborghini\/il-gare-sa-lamborghini-sur-une-place-handicape-se-fait-critiquer-insulter-et-pourtant\/#primaryimage\"},\"image\":{\"@id\":\"https:\/\/www.italpassion.fr\/nl\/lamborghini\/il-gare-sa-lamborghini-sur-une-place-handicape-se-fait-critiquer-insulter-et-pourtant\/#primaryimage\"},\"thumbnailUrl\":\"https:\/\/www.italpassion.fr\/wp-content\/uploads\/2025\/05\/lamborghini-handicap.jpg\",\"datePublished\":\"2025-05-29T12:25:23+00:00\",\"description\":\"Sur les r\u00e9seaux sociaux, l\u2019indignation peut \u00eatre foudroyante. Et parfois\u2026 totalement injuste. C\u2019est exactement ce qui s\u2019est produit il y a quelques jours\",\"breadcrumb\":{\"@id\":\"https:\/\/www.italpassion.fr\/nl\/lamborghini\/il-gare-sa-lamborghini-sur-une-place-handicape-se-fait-critiquer-insulter-et-pourtant\/#breadcrumb\"},\"inLanguage\":\"nl-NL\",\"potentialAction\":[{\"@type\":\"ReadAction\",\"target\":[\"https:\/\/www.italpassion.fr\/nl\/lamborghini\/il-gare-sa-lamborghini-sur-une-place-handicape-se-fait-critiquer-insulter-et-pourtant\/\"]}]},{\"@type\":\"ImageObject\",\"inLanguage\":\"nl-NL\",\"@id\":\"https:\/\/www.italpassion.fr\/nl\/lamborghini\/il-gare-sa-lamborghini-sur-une-place-handicape-se-fait-critiquer-insulter-et-pourtant\/#primaryimage\",\"url\":\"https:\/\/www.italpassion.fr\/wp-content\/uploads\/2025\/05\/lamborghini-handicap.jpg\",\"contentUrl\":\"https:\/\/www.italpassion.fr\/wp-content\/uploads\/2025\/05\/lamborghini-handicap.jpg\",\"width\":1200,\"height\":800},{\"@type\":\"BreadcrumbList\",\"@id\":\"https:\/\/www.italpassion.fr\/nl\/lamborghini\/il-gare-sa-lamborghini-sur-une-place-handicape-se-fait-critiquer-insulter-et-pourtant\/#breadcrumb\",\"itemListElement\":[{\"@type\":\"ListItem\",\"position\":1,\"name\":\"Accueil\",\"item\":\"https:\/\/www.italpassion.fr\/nl\/\"},{\"@type\":\"ListItem\",\"position\":2,\"name\":\"Il gare sa Lamborghini sur une place handicap\u00e9, se fait critiquer, insulter, et pourtant&#8230;\"}]},{\"@type\":\"WebSite\",\"@id\":\"https:\/\/www.italpassion.fr\/nl\/#website\",\"url\":\"https:\/\/www.italpassion.fr\/nl\/\",\"name\":\"ItalPassion\",\"description\":\"Les Passionn\u00e9s d&#039;Automobiles Italiennes\",\"publisher\":{\"@id\":\"https:\/\/www.italpassion.fr\/nl\/#organization\"},\"potentialAction\":[{\"@type\":\"SearchAction\",\"target\":{\"@type\":\"EntryPoint\",\"urlTemplate\":\"https:\/\/www.italpassion.fr\/nl\/?s={search_term_string}\"},\"query-input\":{\"@type\":\"PropertyValueSpecification\",\"valueRequired\":true,\"valueName\":\"search_term_string\"}}],\"inLanguage\":\"nl-NL\"},{\"@type\":\"Organization\",\"@id\":\"https:\/\/www.italpassion.fr\/nl\/#organization\",\"name\":\"Italpassion\",\"url\":\"https:\/\/www.italpassion.fr\/nl\/\",\"logo\":{\"@type\":\"ImageObject\",\"inLanguage\":\"nl-NL\",\"@id\":\"https:\/\/www.italpassion.fr\/nl\/#\/schema\/logo\/image\/\",\"url\":\"https:\/\/www.italpassion.fr\/wp-content\/uploads\/2023\/07\/italpassion-yoast.jpg\",\"contentUrl\":\"https:\/\/www.italpassion.fr\/wp-content\/uploads\/2023\/07\/italpassion-yoast.jpg\",\"width\":696,\"height\":696,\"caption\":\"Italpassion\"},\"image\":{\"@id\":\"https:\/\/www.italpassion.fr\/nl\/#\/schema\/logo\/image\/\"},\"sameAs\":[\"https:\/\/www.facebook.com\/italpassion\",\"https:\/\/x.com\/italpassion\",\"https:\/\/www.instagram.com\/italpassionfr\/\",\"https:\/\/www.youtube.com\/channel\/UCleq-ByQaA42OjhopwevRjQ\",\"https:\/\/www.facebook.com\/italpassion.en\/\",\"https:\/\/www.facebook.com\/italpassion.it\/\",\"https:\/\/www.facebook.com\/italpassion.de\/\",\"https:\/\/www.facebook.com\/italpassion.ja\/\"]},{\"@type\":\"Person\",\"@id\":\"https:\/\/www.italpassion.fr\/nl\/#\/schema\/person\/36f747b2a759ca202d847e85a9434ca0\",\"name\":\"Alexandre Filluzeau\",\"image\":{\"@type\":\"ImageObject\",\"inLanguage\":\"nl-NL\",\"@id\":\"https:\/\/www.italpassion.fr\/nl\/#\/schema\/person\/image\/\",\"url\":\"https:\/\/www.italpassion.fr\/wp-content\/uploads\/2025\/04\/avatar-alexandre-160x160.jpg\",\"contentUrl\":\"https:\/\/www.italpassion.fr\/wp-content\/uploads\/2025\/04\/avatar-alexandre-160x160.jpg\",\"caption\":\"Alexandre Filluzeau\"},\"description\":\"Fondateur du site ItalPassion, passionn\u00e9 de voitures italiennes et de l'Italie en g\u00e9n\u00e9ral. J'apporte un regard critique et technique aux actualit\u00e9s des marques italiennes quand cela est possible. Propri\u00e9taire d'une Maserati GranTurismo, Alfa Romeo MiTo, Lancia Fulvia et Ducati 695. Ex-propri\u00e9taire d'une Alfa Romeo Giulia.\",\"sameAs\":[\"https:\/\/www.italpassion.fr\/\"],\"url\":\"https:\/\/www.italpassion.fr\/nl\/author\/alexandre\/\"}]}<\/script>\n<!-- \/ Yoast SEO plugin. -->","yoast_head_json":{"title":"Hij parkeerde zijn Lamborghini in een gehandicaptenparkeerplaats, kreeg kritiek en werd beledigd, en toch... - ItalPassion","description":"Op sociale netwerken kan de verontwaardiging overweldigend zijn. En soms... totaal oneerlijk. Dat is precies wat er een paar dagen geleden gebeurde","robots":{"index":"index","follow":"follow","max-snippet":"max-snippet:-1","max-image-preview":"max-image-preview:large","max-video-preview":"max-video-preview:-1"},"canonical":"https:\/\/www.italpassion.fr\/nl\/lamborghini\/hij-parkeert-zijn-lamborghini-op-een-gehandicaptenparkeerplaats-en-wordt-bekritiseerd-en-beledigd\/","og_locale":"nl_NL","og_type":"article","og_title":"Il gare sa Lamborghini sur une place handicap\u00e9, se fait critiquer, insulter, et pourtant... - ItalPassion","og_description":"Sur les r\u00e9seaux sociaux, l\u2019indignation peut \u00eatre foudroyante. Et parfois\u2026 totalement injuste. C\u2019est exactement ce qui s\u2019est produit il y a quelques jours","og_url":"https:\/\/www.italpassion.fr\/nl\/lamborghini\/hij-parkeert-zijn-lamborghini-op-een-gehandicaptenparkeerplaats-en-wordt-bekritiseerd-en-beledigd\/","og_site_name":"ItalPassion","article_publisher":"https:\/\/www.facebook.com\/italpassion","article_published_time":"2025-05-29T12:25:23+00:00","og_image":[{"width":1200,"height":800,"url":"https:\/\/www.italpassion.fr\/wp-content\/uploads\/2025\/05\/lamborghini-handicap.jpg","type":"image\/jpeg"}],"author":"Alexandre Filluzeau","twitter_card":"summary_large_image","twitter_creator":"@italpassion","twitter_site":"@italpassion","schema":{"@context":"https:\/\/schema.org","@graph":[{"@type":"NewsArticle","@id":"https:\/\/www.italpassion.fr\/nl\/lamborghini\/il-gare-sa-lamborghini-sur-une-place-handicape-se-fait-critiquer-insulter-et-pourtant\/#article","isPartOf":{"@id":"https:\/\/www.italpassion.fr\/nl\/lamborghini\/il-gare-sa-lamborghini-sur-une-place-handicape-se-fait-critiquer-insulter-et-pourtant\/"},"author":{"name":"Alexandre Filluzeau","@id":"https:\/\/www.italpassion.fr\/nl\/#\/schema\/person\/36f747b2a759ca202d847e85a9434ca0"},"headline":"Il gare sa Lamborghini sur une place handicap\u00e9, se fait critiquer, insulter, et pourtant&#8230;","datePublished":"2025-05-29T12:25:23+00:00","mainEntityOfPage":{"@id":"https:\/\/www.italpassion.fr\/nl\/lamborghini\/il-gare-sa-lamborghini-sur-une-place-handicape-se-fait-critiquer-insulter-et-pourtant\/"},"wordCount":459,"commentCount":5,"publisher":{"@id":"https:\/\/www.italpassion.fr\/nl\/#organization"},"image":{"@id":"https:\/\/www.italpassion.fr\/nl\/lamborghini\/il-gare-sa-lamborghini-sur-une-place-handicape-se-fait-critiquer-insulter-et-pourtant\/#primaryimage"},"thumbnailUrl":"https:\/\/www.italpassion.fr\/wp-content\/uploads\/2025\/05\/lamborghini-handicap.jpg","keywords":["Lamborghini Huracan"],"articleSection":["Lamborghini"],"inLanguage":"nl-NL","potentialAction":[{"@type":"CommentAction","name":"Comment","target":["https:\/\/www.italpassion.fr\/nl\/lamborghini\/il-gare-sa-lamborghini-sur-une-place-handicape-se-fait-critiquer-insulter-et-pourtant\/#respond"]}]},{"@type":"WebPage","@id":"https:\/\/www.italpassion.fr\/nl\/lamborghini\/il-gare-sa-lamborghini-sur-une-place-handicape-se-fait-critiquer-insulter-et-pourtant\/","url":"https:\/\/www.italpassion.fr\/nl\/lamborghini\/il-gare-sa-lamborghini-sur-une-place-handicape-se-fait-critiquer-insulter-et-pourtant\/","name":"Hij parkeerde zijn Lamborghini in een gehandicaptenparkeerplaats, kreeg kritiek en werd beledigd, en toch... - ItalPassion","isPartOf":{"@id":"https:\/\/www.italpassion.fr\/nl\/#website"},"primaryImageOfPage":{"@id":"https:\/\/www.italpassion.fr\/nl\/lamborghini\/il-gare-sa-lamborghini-sur-une-place-handicape-se-fait-critiquer-insulter-et-pourtant\/#primaryimage"},"image":{"@id":"https:\/\/www.italpassion.fr\/nl\/lamborghini\/il-gare-sa-lamborghini-sur-une-place-handicape-se-fait-critiquer-insulter-et-pourtant\/#primaryimage"},"thumbnailUrl":"https:\/\/www.italpassion.fr\/wp-content\/uploads\/2025\/05\/lamborghini-handicap.jpg","datePublished":"2025-05-29T12:25:23+00:00","description":"Op sociale netwerken kan de verontwaardiging overweldigend zijn. En soms... totaal oneerlijk. Dat is precies wat er een paar dagen geleden gebeurde","breadcrumb":{"@id":"https:\/\/www.italpassion.fr\/nl\/lamborghini\/il-gare-sa-lamborghini-sur-une-place-handicape-se-fait-critiquer-insulter-et-pourtant\/#breadcrumb"},"inLanguage":"nl-NL","potentialAction":[{"@type":"ReadAction","target":["https:\/\/www.italpassion.fr\/nl\/lamborghini\/il-gare-sa-lamborghini-sur-une-place-handicape-se-fait-critiquer-insulter-et-pourtant\/"]}]},{"@type":"ImageObject","inLanguage":"nl-NL","@id":"https:\/\/www.italpassion.fr\/nl\/lamborghini\/il-gare-sa-lamborghini-sur-une-place-handicape-se-fait-critiquer-insulter-et-pourtant\/#primaryimage","url":"https:\/\/www.italpassion.fr\/wp-content\/uploads\/2025\/05\/lamborghini-handicap.jpg","contentUrl":"https:\/\/www.italpassion.fr\/wp-content\/uploads\/2025\/05\/lamborghini-handicap.jpg","width":1200,"height":800},{"@type":"BreadcrumbList","@id":"https:\/\/www.italpassion.fr\/nl\/lamborghini\/il-gare-sa-lamborghini-sur-une-place-handicape-se-fait-critiquer-insulter-et-pourtant\/#breadcrumb","itemListElement":[{"@type":"ListItem","position":1,"name":"Accueil","item":"https:\/\/www.italpassion.fr\/nl\/"},{"@type":"ListItem","position":2,"name":"Il gare sa Lamborghini sur une place handicap\u00e9, se fait critiquer, insulter, et pourtant&#8230;"}]},{"@type":"WebSite","@id":"https:\/\/www.italpassion.fr\/nl\/#website","url":"https:\/\/www.italpassion.fr\/nl\/","name":"ItalPassion","description":"Italiaanse autoliefhebbers","publisher":{"@id":"https:\/\/www.italpassion.fr\/nl\/#organization"},"potentialAction":[{"@type":"SearchAction","target":{"@type":"EntryPoint","urlTemplate":"https:\/\/www.italpassion.fr\/nl\/?s={search_term_string}"},"query-input":{"@type":"PropertyValueSpecification","valueRequired":true,"valueName":"search_term_string"}}],"inLanguage":"nl-NL"},{"@type":"Organization","@id":"https:\/\/www.italpassion.fr\/nl\/#organization","name":"Italpassion","url":"https:\/\/www.italpassion.fr\/nl\/","logo":{"@type":"ImageObject","inLanguage":"nl-NL","@id":"https:\/\/www.italpassion.fr\/nl\/#\/schema\/logo\/image\/","url":"https:\/\/www.italpassion.fr\/wp-content\/uploads\/2023\/07\/italpassion-yoast.jpg","contentUrl":"https:\/\/www.italpassion.fr\/wp-content\/uploads\/2023\/07\/italpassion-yoast.jpg","width":696,"height":696,"caption":"Italpassion"},"image":{"@id":"https:\/\/www.italpassion.fr\/nl\/#\/schema\/logo\/image\/"},"sameAs":["https:\/\/www.facebook.com\/italpassion","https:\/\/x.com\/italpassion","https:\/\/www.instagram.com\/italpassionfr\/","https:\/\/www.youtube.com\/channel\/UCleq-ByQaA42OjhopwevRjQ","https:\/\/www.facebook.com\/italpassion.en\/","https:\/\/www.facebook.com\/italpassion.it\/","https:\/\/www.facebook.com\/italpassion.de\/","https:\/\/www.facebook.com\/italpassion.ja\/"]},{"@type":"Person","@id":"https:\/\/www.italpassion.fr\/nl\/#\/schema\/person\/36f747b2a759ca202d847e85a9434ca0","name":"Alexandre Filluzeau","image":{"@type":"ImageObject","inLanguage":"nl-NL","@id":"https:\/\/www.italpassion.fr\/nl\/#\/schema\/person\/image\/","url":"https:\/\/www.italpassion.fr\/wp-content\/uploads\/2025\/04\/avatar-alexandre-160x160.jpg","contentUrl":"https:\/\/www.italpassion.fr\/wp-content\/uploads\/2025\/04\/avatar-alexandre-160x160.jpg","caption":"Alexandre Filluzeau"},"description":"Oprichter van de website ItalPassion, gepassioneerd door Italiaanse auto's en Itali\u00eb in het algemeen. Waar mogelijk breng ik een kritisch en technisch oog naar nieuws over Italiaanse merken. Eigenaar van een Maserati GranTurismo, Alfa Romeo MiTo, Lancia Fulvia en Ducati 695. Ex-eigenaar van een Alfa Romeo Giulia.","sameAs":["https:\/\/www.italpassion.fr\/"],"url":"https:\/\/www.italpassion.fr\/nl\/author\/alexandre\/"}]}},"_links":{"self":[{"href":"https:\/\/www.italpassion.fr\/nl\/wp-json\/wp\/v2\/posts\/38778","targetHints":{"allow":["GET"]}}],"collection":[{"href":"https:\/\/www.italpassion.fr\/nl\/wp-json\/wp\/v2\/posts"}],"about":[{"href":"https:\/\/www.italpassion.fr\/nl\/wp-json\/wp\/v2\/types\/post"}],"author":[{"embeddable":true,"href":"https:\/\/www.italpassion.fr\/nl\/wp-json\/wp\/v2\/users\/1"}],"replies":[{"embeddable":true,"href":"https:\/\/www.italpassion.fr\/nl\/wp-json\/wp\/v2\/comments?post=38778"}],"version-history":[{"count":1,"href":"https:\/\/www.italpassion.fr\/nl\/wp-json\/wp\/v2\/posts\/38778\/revisions"}],"predecessor-version":[{"id":38781,"href":"https:\/\/www.italpassion.fr\/nl\/wp-json\/wp\/v2\/posts\/38778\/revisions\/38781"}],"wp:featuredmedia":[{"embeddable":true,"href":"https:\/\/www.italpassion.fr\/nl\/wp-json\/wp\/v2\/media\/38779"}],"wp:attachment":[{"href":"https:\/\/www.italpassion.fr\/nl\/wp-json\/wp\/v2\/media?parent=38778"}],"wp:term":[{"taxonomy":"category","embeddable":true,"href":"https:\/\/www.italpassion.fr\/nl\/wp-json\/wp\/v2\/categories?post=38778"},{"taxonomy":"post_tag","embeddable":true,"href":"https:\/\/www.italpassion.fr\/nl\/wp-json\/wp\/v2\/tags?post=38778"}],"curies":[{"name":"wp","href":"https:\/\/api.w.org\/{rel}","templated":true}]}}