{"id":38708,"date":"2025-05-27T10:02:15","date_gmt":"2025-05-27T08:02:15","guid":{"rendered":"https:\/\/www.italpassion.fr\/?p=38708"},"modified":"2025-05-27T10:02:15","modified_gmt":"2025-05-27T08:02:15","slug":"alfa-romeo-ceo-bevestigt-benzine-en-elektrische-quadrifoglios","status":"publish","type":"post","link":"https:\/\/www.italpassion.fr\/nl\/alfa-romeo\/alfa-romeo-le-ceo-a-confirme-des-quadrifoglio-a-essence-et-electrique\/","title":{"rendered":"Alfa Romeo: CEO bevestigt benzine en elektrische Quadrifoglio"},"content":{"rendered":"<figure class=\"wp-block-image size-full\"><img loading=\"lazy\" decoding=\"async\" width=\"1200\" height=\"800\" src=\"https:\/\/www.italpassion.fr\/wp-content\/uploads\/2025\/05\/alfa-romeo-quadrifoglio-2025.jpg\" alt=\"\" class=\"wp-image-38711\" srcset=\"https:\/\/www.italpassion.fr\/wp-content\/uploads\/2025\/05\/alfa-romeo-quadrifoglio-2025.jpg 1200w, https:\/\/www.italpassion.fr\/wp-content\/uploads\/2025\/05\/alfa-romeo-quadrifoglio-2025-420x280.jpg 420w, https:\/\/www.italpassion.fr\/wp-content\/uploads\/2025\/05\/alfa-romeo-quadrifoglio-2025-768x512.jpg 768w, https:\/\/www.italpassion.fr\/wp-content\/uploads\/2025\/05\/alfa-romeo-quadrifoglio-2025-18x12.jpg 18w\" sizes=\"auto, (max-width: 1200px) 100vw, 1200px\" \/><\/figure>\n\n\n\n<p>Het was op het prestigieuze evenement FuoriConcorso 2025, dat op 24 en 25 mei werd gehouden aan de oevers van het Comomeer naast het Villa d'Este Concours d'Elegance, <strong>dat Santo Ficili, CEO van Alfa Romeo, een tipje van de sluier oplichtte over de toekomst van de Quadrifoglio versies. <\/strong>En als we afgaan op zijn uitspraken, staan liefhebbers van prestaties een aantal elektrische verrassingen te wachten... en ook thermische.<\/p>\n\n\n\n<p>Onder de tentoongestelde juwelen bevond zich de zeer exclusieve Alfa Romeo 33 Stradale, naast andere emblematische modellen van het merk. Maar het was vooral Ficili's interview met de pers, in het bijzonder Motor1, dat opviel. Toen hem werd gevraagd naar de toekomst van de Quadrifoglio, zei hij ronduit:<\/p>\n\n\n\n<blockquote class=\"wp-block-quote is-layout-flow wp-block-quote-is-layout-flow\"><svg aria-hidden=\"true\" focusable=\"false\" class=\"icon icon-quote\" width=\"48\" height=\"48\"><use xlink:href=\"#icon-quote\"><\/use><\/svg>\n<p>\"We gaan jullie verrassen met zowel elektrische als verbrandingsmotoren.<\/p>\n<\/blockquote>\n\n\n\n<p>Dit is een veelzeggend antwoord, aangezien Alfa Romeo aanvankelijk een elektrische 100 % had aangekondigd voor 2027. Het hoofd van Alfa Romeo vertelde de 'alvolante' media dat het merk bezig was met het herdefini\u00ebren van het tijdschema voor de verbrandingsmotor:<\/p>\n\n\n\n<blockquote class=\"wp-block-quote is-layout-flow wp-block-quote-is-layout-flow\"><svg aria-hidden=\"true\" focusable=\"false\" class=\"icon icon-quote\" width=\"48\" height=\"48\"><use xlink:href=\"#icon-quote\"><\/use><\/svg>\n<p>\"Zoals u weet, waren we de richting uitgegaan van alleen elektrische auto's, maar in plaats daarvan moeten we ook verbrandingsmotoren ontwikkelen, waarvoor we een tijdschema aan het opstellen zijn.\"<br>Over de vraag of er in 2026 weer thermische energie zal worden gebruikt, bleef Ficili ontwijkend:<br>\"We laten het je snel weten.\"<\/p>\n<\/blockquote>\n\n\n\n<h2 class=\"wp-block-heading\">In de richting van een dubbel Quadrifoglio aanbod?<\/h2>\n\n\n\n<p>Betekent dit dat Alfa Romeo een dubbele Quadrifoglio versie voorbereidt voor zijn toekomstige modellen: een hybride versie met verbrandingsmotor (misschien voor de nieuwe generatie Giulia en Stelvio), en een 100 % elektrische versie (zoals die wordt verwacht voor de 33 Stradale)? <strong>Of dat \"verbranding en elektrisch\" gewoon duidt op een plug-in hybride versie.<\/strong><\/p>\n\n\n\n<p>Het mysterie blijft, maar \u00e9\u00e9n ding is zeker: de verbrandingsmotor staat nog steeds op de kaart. Santo Ficili heeft niet bevestigd welk motorblok zal worden gebruikt, maar twee kandidaten lijken in het oog te springen:<\/p>\n\n\n\n<ul class=\"wp-block-list\">\n<li>de <strong>GME 3.0L 6 cilinders<\/strong>wordt in de Verenigde Staten al gebruikt op modellen van Dodge, Ram en Jeep;<\/li>\n\n\n\n<li>de <strong>Nettuno 3.0L V6<\/strong>  van Maserati, met name gemonteerd op de MC20 (en afgeleid van de Alfa Romeo 2.9L V6).<\/li>\n<\/ul>\n\n\n\n<p>In alle gevallen is hybridisatie te verwachten. En net op tijd: we onthulden dat <a href=\"https:\/\/www.italpassion.fr\/nl\/stellantis\/stellantis-lanceert-nieuwe-hybride-verbrandingsmotoren-voor-zijn-topmodellen\/\">Stellantis werkt samen met ZF om een hybride transmissie te integreren<\/a> op het STLA Large-platform, dat als basis zal dienen voor toekomstige topmodellen van Alfa Romeo, Dodge en Jeep.<\/p>\n\n\n\n<h2 class=\"wp-block-heading\">ZF-technologie ter ondersteuning<\/h2>\n\n\n\n<p>ZF heeft de 8HP Gen 4 automatische versnellingsbak ontwikkeld, waarvan de productie is gestart in Duitsland en binnenkort ook in de Verenigde Staten zal worden geproduceerd. Deze transmissie bevat een krachtige elektromotor in de behuizing van de versnellingsbak en levert tot 160 kW (218 pk) en 450 Nm koppel, prestaties die een EV waardig zijn. Nog beter:<\/p>\n\n\n\n<blockquote class=\"wp-block-quote is-layout-flow wp-block-quote-is-layout-flow\"><svg aria-hidden=\"true\" focusable=\"false\" class=\"icon icon-quote\" width=\"48\" height=\"48\"><use xlink:href=\"#icon-quote\"><\/use><\/svg>\n<p>\"Afhankelijk van de fabrikant en de gebruikte batterij is een actieradius van meer dan 120 km voor de elektrische 100 % mogelijk\".<\/p>\n<\/blockquote>\n\n\n\n<p>Met andere woorden, met deze technologie zou Alfa Romeo een krachtige Quadrifoglio plug-in hybride kunnen aanbieden, met behoud van het geluid, het karakter en het gevoel van een verbrandingsmotor. Het beste van beide werelden?<\/p>\n\n\n\n<figure class=\"wp-block-image size-full\"><img loading=\"lazy\" decoding=\"async\" width=\"960\" height=\"540\" src=\"https:\/\/www.italpassion.fr\/wp-content\/uploads\/2025\/05\/zf-8h-gen4.jpg\" alt=\"\" class=\"wp-image-38710\" srcset=\"https:\/\/www.italpassion.fr\/wp-content\/uploads\/2025\/05\/zf-8h-gen4.jpg 960w, https:\/\/www.italpassion.fr\/wp-content\/uploads\/2025\/05\/zf-8h-gen4-420x236.jpg 420w, https:\/\/www.italpassion.fr\/wp-content\/uploads\/2025\/05\/zf-8h-gen4-768x432.jpg 768w, https:\/\/www.italpassion.fr\/wp-content\/uploads\/2025\/05\/zf-8h-gen4-18x10.jpg 18w\" sizes=\"auto, (max-width: 960px) 100vw, 960px\" \/><\/figure>","protected":false},"excerpt":{"rendered":"","protected":false},"author":1,"featured_media":38711,"comment_status":"open","ping_status":"open","sticky":false,"template":"","format":"standard","meta":{"_acf_changed":false,"_sitemap_exclude":false,"_sitemap_priority":"","_sitemap_frequency":"","footnotes":""},"categories":[22],"tags":[],"class_list":["post-38708","post","type-post","status-publish","format-standard","has-post-thumbnail","hentry","category-alfa-romeo","generate-columns","tablet-grid-50","mobile-grid-100","grid-parent","grid-33"],"acf":[],"yoast_head":"<!-- This site is optimized with the Yoast SEO plugin v25.8 - https:\/\/yoast.com\/wordpress\/plugins\/seo\/ -->\n<title>Alfa Romeo : le CEO a confirm\u00e9 des Quadrifoglio \u00e0 essence et \u00e9lectrique - ItalPassion<\/title>\n<meta name=\"description\" content=\"C\u2019est \u00e0 l\u2019occasion du prestigieux \u00e9v\u00e9nement FuoriConcorso 2025, qui se tenait les 24 et 25 mai sur les rives du lac de C\u00f4me en marge du Concours\" \/>\n<meta name=\"robots\" content=\"index, follow, max-snippet:-1, max-image-preview:large, max-video-preview:-1\" \/>\n<link rel=\"canonical\" href=\"https:\/\/www.italpassion.fr\/nl\/alfa-romeo\/alfa-romeo-ceo-bevestigt-benzine-en-elektrische-quadrifoglios\/\" \/>\n<meta property=\"og:locale\" content=\"nl_NL\" \/>\n<meta property=\"og:type\" content=\"article\" \/>\n<meta property=\"og:title\" content=\"Alfa Romeo : le CEO a confirm\u00e9 des Quadrifoglio \u00e0 essence et \u00e9lectrique - ItalPassion\" \/>\n<meta property=\"og:description\" content=\"C\u2019est \u00e0 l\u2019occasion du prestigieux \u00e9v\u00e9nement FuoriConcorso 2025, qui se tenait les 24 et 25 mai sur les rives du lac de C\u00f4me en marge du Concours\" \/>\n<meta property=\"og:url\" content=\"https:\/\/www.italpassion.fr\/nl\/alfa-romeo\/alfa-romeo-ceo-bevestigt-benzine-en-elektrische-quadrifoglios\/\" \/>\n<meta property=\"og:site_name\" content=\"ItalPassion\" \/>\n<meta property=\"article:publisher\" content=\"https:\/\/www.facebook.com\/italpassion\" \/>\n<meta property=\"article:published_time\" content=\"2025-05-27T08:02:15+00:00\" \/>\n<meta property=\"og:image\" content=\"https:\/\/www.italpassion.fr\/wp-content\/uploads\/2025\/05\/alfa-romeo-quadrifoglio-2025.jpg\" \/>\n\t<meta property=\"og:image:width\" content=\"1200\" \/>\n\t<meta property=\"og:image:height\" content=\"800\" \/>\n\t<meta property=\"og:image:type\" content=\"image\/jpeg\" \/>\n<meta name=\"author\" content=\"Alexandre Filluzeau\" \/>\n<meta name=\"twitter:card\" content=\"summary_large_image\" \/>\n<meta name=\"twitter:creator\" content=\"@italpassion\" \/>\n<meta name=\"twitter:site\" content=\"@italpassion\" \/>\n<script type=\"application\/ld+json\" class=\"yoast-schema-graph\">{\"@context\":\"https:\/\/schema.org\",\"@graph\":[{\"@type\":\"NewsArticle\",\"@id\":\"https:\/\/www.italpassion.fr\/nl\/alfa-romeo\/alfa-romeo-le-ceo-a-confirme-des-quadrifoglio-a-essence-et-electrique\/#article\",\"isPartOf\":{\"@id\":\"https:\/\/www.italpassion.fr\/nl\/alfa-romeo\/alfa-romeo-le-ceo-a-confirme-des-quadrifoglio-a-essence-et-electrique\/\"},\"author\":{\"name\":\"Alexandre Filluzeau\",\"@id\":\"https:\/\/www.italpassion.fr\/nl\/#\/schema\/person\/36f747b2a759ca202d847e85a9434ca0\"},\"headline\":\"Alfa Romeo : le CEO a confirm\u00e9 des Quadrifoglio \u00e0 essence et \u00e9lectrique\",\"datePublished\":\"2025-05-27T08:02:15+00:00\",\"mainEntityOfPage\":{\"@id\":\"https:\/\/www.italpassion.fr\/nl\/alfa-romeo\/alfa-romeo-le-ceo-a-confirme-des-quadrifoglio-a-essence-et-electrique\/\"},\"wordCount\":557,\"commentCount\":6,\"publisher\":{\"@id\":\"https:\/\/www.italpassion.fr\/nl\/#organization\"},\"image\":{\"@id\":\"https:\/\/www.italpassion.fr\/nl\/alfa-romeo\/alfa-romeo-le-ceo-a-confirme-des-quadrifoglio-a-essence-et-electrique\/#primaryimage\"},\"thumbnailUrl\":\"https:\/\/www.italpassion.fr\/wp-content\/uploads\/2025\/05\/alfa-romeo-quadrifoglio-2025.jpg\",\"articleSection\":[\"Alfa Romeo\"],\"inLanguage\":\"nl-NL\",\"potentialAction\":[{\"@type\":\"CommentAction\",\"name\":\"Comment\",\"target\":[\"https:\/\/www.italpassion.fr\/nl\/alfa-romeo\/alfa-romeo-le-ceo-a-confirme-des-quadrifoglio-a-essence-et-electrique\/#respond\"]}]},{\"@type\":\"WebPage\",\"@id\":\"https:\/\/www.italpassion.fr\/nl\/alfa-romeo\/alfa-romeo-le-ceo-a-confirme-des-quadrifoglio-a-essence-et-electrique\/\",\"url\":\"https:\/\/www.italpassion.fr\/nl\/alfa-romeo\/alfa-romeo-le-ceo-a-confirme-des-quadrifoglio-a-essence-et-electrique\/\",\"name\":\"Alfa Romeo : le CEO a confirm\u00e9 des Quadrifoglio \u00e0 essence et \u00e9lectrique - ItalPassion\",\"isPartOf\":{\"@id\":\"https:\/\/www.italpassion.fr\/nl\/#website\"},\"primaryImageOfPage\":{\"@id\":\"https:\/\/www.italpassion.fr\/nl\/alfa-romeo\/alfa-romeo-le-ceo-a-confirme-des-quadrifoglio-a-essence-et-electrique\/#primaryimage\"},\"image\":{\"@id\":\"https:\/\/www.italpassion.fr\/nl\/alfa-romeo\/alfa-romeo-le-ceo-a-confirme-des-quadrifoglio-a-essence-et-electrique\/#primaryimage\"},\"thumbnailUrl\":\"https:\/\/www.italpassion.fr\/wp-content\/uploads\/2025\/05\/alfa-romeo-quadrifoglio-2025.jpg\",\"datePublished\":\"2025-05-27T08:02:15+00:00\",\"description\":\"C\u2019est \u00e0 l\u2019occasion du prestigieux \u00e9v\u00e9nement FuoriConcorso 2025, qui se tenait les 24 et 25 mai sur les rives du lac de C\u00f4me en marge du Concours\",\"breadcrumb\":{\"@id\":\"https:\/\/www.italpassion.fr\/nl\/alfa-romeo\/alfa-romeo-le-ceo-a-confirme-des-quadrifoglio-a-essence-et-electrique\/#breadcrumb\"},\"inLanguage\":\"nl-NL\",\"potentialAction\":[{\"@type\":\"ReadAction\",\"target\":[\"https:\/\/www.italpassion.fr\/nl\/alfa-romeo\/alfa-romeo-le-ceo-a-confirme-des-quadrifoglio-a-essence-et-electrique\/\"]}]},{\"@type\":\"ImageObject\",\"inLanguage\":\"nl-NL\",\"@id\":\"https:\/\/www.italpassion.fr\/nl\/alfa-romeo\/alfa-romeo-le-ceo-a-confirme-des-quadrifoglio-a-essence-et-electrique\/#primaryimage\",\"url\":\"https:\/\/www.italpassion.fr\/wp-content\/uploads\/2025\/05\/alfa-romeo-quadrifoglio-2025.jpg\",\"contentUrl\":\"https:\/\/www.italpassion.fr\/wp-content\/uploads\/2025\/05\/alfa-romeo-quadrifoglio-2025.jpg\",\"width\":1200,\"height\":800},{\"@type\":\"BreadcrumbList\",\"@id\":\"https:\/\/www.italpassion.fr\/nl\/alfa-romeo\/alfa-romeo-le-ceo-a-confirme-des-quadrifoglio-a-essence-et-electrique\/#breadcrumb\",\"itemListElement\":[{\"@type\":\"ListItem\",\"position\":1,\"name\":\"Accueil\",\"item\":\"https:\/\/www.italpassion.fr\/nl\/\"},{\"@type\":\"ListItem\",\"position\":2,\"name\":\"Alfa Romeo : le CEO a confirm\u00e9 des Quadrifoglio \u00e0 essence et \u00e9lectrique\"}]},{\"@type\":\"WebSite\",\"@id\":\"https:\/\/www.italpassion.fr\/nl\/#website\",\"url\":\"https:\/\/www.italpassion.fr\/nl\/\",\"name\":\"ItalPassion\",\"description\":\"Les Passionn\u00e9s d&#039;Automobiles Italiennes\",\"publisher\":{\"@id\":\"https:\/\/www.italpassion.fr\/nl\/#organization\"},\"potentialAction\":[{\"@type\":\"SearchAction\",\"target\":{\"@type\":\"EntryPoint\",\"urlTemplate\":\"https:\/\/www.italpassion.fr\/nl\/?s={search_term_string}\"},\"query-input\":{\"@type\":\"PropertyValueSpecification\",\"valueRequired\":true,\"valueName\":\"search_term_string\"}}],\"inLanguage\":\"nl-NL\"},{\"@type\":\"Organization\",\"@id\":\"https:\/\/www.italpassion.fr\/nl\/#organization\",\"name\":\"Italpassion\",\"url\":\"https:\/\/www.italpassion.fr\/nl\/\",\"logo\":{\"@type\":\"ImageObject\",\"inLanguage\":\"nl-NL\",\"@id\":\"https:\/\/www.italpassion.fr\/nl\/#\/schema\/logo\/image\/\",\"url\":\"https:\/\/www.italpassion.fr\/wp-content\/uploads\/2023\/07\/italpassion-yoast.jpg\",\"contentUrl\":\"https:\/\/www.italpassion.fr\/wp-content\/uploads\/2023\/07\/italpassion-yoast.jpg\",\"width\":696,\"height\":696,\"caption\":\"Italpassion\"},\"image\":{\"@id\":\"https:\/\/www.italpassion.fr\/nl\/#\/schema\/logo\/image\/\"},\"sameAs\":[\"https:\/\/www.facebook.com\/italpassion\",\"https:\/\/x.com\/italpassion\",\"https:\/\/www.instagram.com\/italpassionfr\/\",\"https:\/\/www.youtube.com\/channel\/UCleq-ByQaA42OjhopwevRjQ\",\"https:\/\/www.facebook.com\/italpassion.en\/\",\"https:\/\/www.facebook.com\/italpassion.it\/\",\"https:\/\/www.facebook.com\/italpassion.de\/\",\"https:\/\/www.facebook.com\/italpassion.ja\/\"]},{\"@type\":\"Person\",\"@id\":\"https:\/\/www.italpassion.fr\/nl\/#\/schema\/person\/36f747b2a759ca202d847e85a9434ca0\",\"name\":\"Alexandre Filluzeau\",\"image\":{\"@type\":\"ImageObject\",\"inLanguage\":\"nl-NL\",\"@id\":\"https:\/\/www.italpassion.fr\/nl\/#\/schema\/person\/image\/\",\"url\":\"https:\/\/www.italpassion.fr\/wp-content\/uploads\/2025\/04\/avatar-alexandre-160x160.jpg\",\"contentUrl\":\"https:\/\/www.italpassion.fr\/wp-content\/uploads\/2025\/04\/avatar-alexandre-160x160.jpg\",\"caption\":\"Alexandre Filluzeau\"},\"description\":\"Fondateur du site ItalPassion, passionn\u00e9 de voitures italiennes et de l'Italie en g\u00e9n\u00e9ral. J'apporte un regard critique et technique aux actualit\u00e9s des marques italiennes quand cela est possible. Propri\u00e9taire d'une Maserati GranTurismo, Alfa Romeo MiTo, Lancia Fulvia et Ducati 695. Ex-propri\u00e9taire d'une Alfa Romeo Giulia.\",\"sameAs\":[\"https:\/\/www.italpassion.fr\/\"],\"url\":\"https:\/\/www.italpassion.fr\/nl\/author\/alexandre\/\"}]}<\/script>\n<!-- \/ Yoast SEO plugin. -->","yoast_head_json":{"title":"Alfa Romeo: CEO bevestigt benzine en elektrische Quadrifoglio - ItalPassion","description":"Het was op het prestigieuze evenement FuoriConcorso 2025, dat op 24 en 25 mei werd gehouden aan de oevers van het Comomeer naast het Concours","robots":{"index":"index","follow":"follow","max-snippet":"max-snippet:-1","max-image-preview":"max-image-preview:large","max-video-preview":"max-video-preview:-1"},"canonical":"https:\/\/www.italpassion.fr\/nl\/alfa-romeo\/alfa-romeo-ceo-bevestigt-benzine-en-elektrische-quadrifoglios\/","og_locale":"nl_NL","og_type":"article","og_title":"Alfa Romeo : le CEO a confirm\u00e9 des Quadrifoglio \u00e0 essence et \u00e9lectrique - ItalPassion","og_description":"C\u2019est \u00e0 l\u2019occasion du prestigieux \u00e9v\u00e9nement FuoriConcorso 2025, qui se tenait les 24 et 25 mai sur les rives du lac de C\u00f4me en marge du Concours","og_url":"https:\/\/www.italpassion.fr\/nl\/alfa-romeo\/alfa-romeo-ceo-bevestigt-benzine-en-elektrische-quadrifoglios\/","og_site_name":"ItalPassion","article_publisher":"https:\/\/www.facebook.com\/italpassion","article_published_time":"2025-05-27T08:02:15+00:00","og_image":[{"width":1200,"height":800,"url":"https:\/\/www.italpassion.fr\/wp-content\/uploads\/2025\/05\/alfa-romeo-quadrifoglio-2025.jpg","type":"image\/jpeg"}],"author":"Alexandre Filluzeau","twitter_card":"summary_large_image","twitter_creator":"@italpassion","twitter_site":"@italpassion","schema":{"@context":"https:\/\/schema.org","@graph":[{"@type":"NewsArticle","@id":"https:\/\/www.italpassion.fr\/nl\/alfa-romeo\/alfa-romeo-le-ceo-a-confirme-des-quadrifoglio-a-essence-et-electrique\/#article","isPartOf":{"@id":"https:\/\/www.italpassion.fr\/nl\/alfa-romeo\/alfa-romeo-le-ceo-a-confirme-des-quadrifoglio-a-essence-et-electrique\/"},"author":{"name":"Alexandre Filluzeau","@id":"https:\/\/www.italpassion.fr\/nl\/#\/schema\/person\/36f747b2a759ca202d847e85a9434ca0"},"headline":"Alfa Romeo : le CEO a confirm\u00e9 des Quadrifoglio \u00e0 essence et \u00e9lectrique","datePublished":"2025-05-27T08:02:15+00:00","mainEntityOfPage":{"@id":"https:\/\/www.italpassion.fr\/nl\/alfa-romeo\/alfa-romeo-le-ceo-a-confirme-des-quadrifoglio-a-essence-et-electrique\/"},"wordCount":557,"commentCount":6,"publisher":{"@id":"https:\/\/www.italpassion.fr\/nl\/#organization"},"image":{"@id":"https:\/\/www.italpassion.fr\/nl\/alfa-romeo\/alfa-romeo-le-ceo-a-confirme-des-quadrifoglio-a-essence-et-electrique\/#primaryimage"},"thumbnailUrl":"https:\/\/www.italpassion.fr\/wp-content\/uploads\/2025\/05\/alfa-romeo-quadrifoglio-2025.jpg","articleSection":["Alfa Romeo"],"inLanguage":"nl-NL","potentialAction":[{"@type":"CommentAction","name":"Comment","target":["https:\/\/www.italpassion.fr\/nl\/alfa-romeo\/alfa-romeo-le-ceo-a-confirme-des-quadrifoglio-a-essence-et-electrique\/#respond"]}]},{"@type":"WebPage","@id":"https:\/\/www.italpassion.fr\/nl\/alfa-romeo\/alfa-romeo-le-ceo-a-confirme-des-quadrifoglio-a-essence-et-electrique\/","url":"https:\/\/www.italpassion.fr\/nl\/alfa-romeo\/alfa-romeo-le-ceo-a-confirme-des-quadrifoglio-a-essence-et-electrique\/","name":"Alfa Romeo: CEO bevestigt benzine en elektrische Quadrifoglio - ItalPassion","isPartOf":{"@id":"https:\/\/www.italpassion.fr\/nl\/#website"},"primaryImageOfPage":{"@id":"https:\/\/www.italpassion.fr\/nl\/alfa-romeo\/alfa-romeo-le-ceo-a-confirme-des-quadrifoglio-a-essence-et-electrique\/#primaryimage"},"image":{"@id":"https:\/\/www.italpassion.fr\/nl\/alfa-romeo\/alfa-romeo-le-ceo-a-confirme-des-quadrifoglio-a-essence-et-electrique\/#primaryimage"},"thumbnailUrl":"https:\/\/www.italpassion.fr\/wp-content\/uploads\/2025\/05\/alfa-romeo-quadrifoglio-2025.jpg","datePublished":"2025-05-27T08:02:15+00:00","description":"Het was op het prestigieuze evenement FuoriConcorso 2025, dat op 24 en 25 mei werd gehouden aan de oevers van het Comomeer naast het Concours","breadcrumb":{"@id":"https:\/\/www.italpassion.fr\/nl\/alfa-romeo\/alfa-romeo-le-ceo-a-confirme-des-quadrifoglio-a-essence-et-electrique\/#breadcrumb"},"inLanguage":"nl-NL","potentialAction":[{"@type":"ReadAction","target":["https:\/\/www.italpassion.fr\/nl\/alfa-romeo\/alfa-romeo-le-ceo-a-confirme-des-quadrifoglio-a-essence-et-electrique\/"]}]},{"@type":"ImageObject","inLanguage":"nl-NL","@id":"https:\/\/www.italpassion.fr\/nl\/alfa-romeo\/alfa-romeo-le-ceo-a-confirme-des-quadrifoglio-a-essence-et-electrique\/#primaryimage","url":"https:\/\/www.italpassion.fr\/wp-content\/uploads\/2025\/05\/alfa-romeo-quadrifoglio-2025.jpg","contentUrl":"https:\/\/www.italpassion.fr\/wp-content\/uploads\/2025\/05\/alfa-romeo-quadrifoglio-2025.jpg","width":1200,"height":800},{"@type":"BreadcrumbList","@id":"https:\/\/www.italpassion.fr\/nl\/alfa-romeo\/alfa-romeo-le-ceo-a-confirme-des-quadrifoglio-a-essence-et-electrique\/#breadcrumb","itemListElement":[{"@type":"ListItem","position":1,"name":"Accueil","item":"https:\/\/www.italpassion.fr\/nl\/"},{"@type":"ListItem","position":2,"name":"Alfa Romeo : le CEO a confirm\u00e9 des Quadrifoglio \u00e0 essence et \u00e9lectrique"}]},{"@type":"WebSite","@id":"https:\/\/www.italpassion.fr\/nl\/#website","url":"https:\/\/www.italpassion.fr\/nl\/","name":"ItalPassion","description":"Italiaanse autoliefhebbers","publisher":{"@id":"https:\/\/www.italpassion.fr\/nl\/#organization"},"potentialAction":[{"@type":"SearchAction","target":{"@type":"EntryPoint","urlTemplate":"https:\/\/www.italpassion.fr\/nl\/?s={search_term_string}"},"query-input":{"@type":"PropertyValueSpecification","valueRequired":true,"valueName":"search_term_string"}}],"inLanguage":"nl-NL"},{"@type":"Organization","@id":"https:\/\/www.italpassion.fr\/nl\/#organization","name":"Italpassion","url":"https:\/\/www.italpassion.fr\/nl\/","logo":{"@type":"ImageObject","inLanguage":"nl-NL","@id":"https:\/\/www.italpassion.fr\/nl\/#\/schema\/logo\/image\/","url":"https:\/\/www.italpassion.fr\/wp-content\/uploads\/2023\/07\/italpassion-yoast.jpg","contentUrl":"https:\/\/www.italpassion.fr\/wp-content\/uploads\/2023\/07\/italpassion-yoast.jpg","width":696,"height":696,"caption":"Italpassion"},"image":{"@id":"https:\/\/www.italpassion.fr\/nl\/#\/schema\/logo\/image\/"},"sameAs":["https:\/\/www.facebook.com\/italpassion","https:\/\/x.com\/italpassion","https:\/\/www.instagram.com\/italpassionfr\/","https:\/\/www.youtube.com\/channel\/UCleq-ByQaA42OjhopwevRjQ","https:\/\/www.facebook.com\/italpassion.en\/","https:\/\/www.facebook.com\/italpassion.it\/","https:\/\/www.facebook.com\/italpassion.de\/","https:\/\/www.facebook.com\/italpassion.ja\/"]},{"@type":"Person","@id":"https:\/\/www.italpassion.fr\/nl\/#\/schema\/person\/36f747b2a759ca202d847e85a9434ca0","name":"Alexandre Filluzeau","image":{"@type":"ImageObject","inLanguage":"nl-NL","@id":"https:\/\/www.italpassion.fr\/nl\/#\/schema\/person\/image\/","url":"https:\/\/www.italpassion.fr\/wp-content\/uploads\/2025\/04\/avatar-alexandre-160x160.jpg","contentUrl":"https:\/\/www.italpassion.fr\/wp-content\/uploads\/2025\/04\/avatar-alexandre-160x160.jpg","caption":"Alexandre Filluzeau"},"description":"Oprichter van de website ItalPassion, gepassioneerd door Italiaanse auto's en Itali\u00eb in het algemeen. Waar mogelijk breng ik een kritisch en technisch oog naar nieuws over Italiaanse merken. Eigenaar van een Maserati GranTurismo, Alfa Romeo MiTo, Lancia Fulvia en Ducati 695. Ex-eigenaar van een Alfa Romeo Giulia.","sameAs":["https:\/\/www.italpassion.fr\/"],"url":"https:\/\/www.italpassion.fr\/nl\/author\/alexandre\/"}]}},"_links":{"self":[{"href":"https:\/\/www.italpassion.fr\/nl\/wp-json\/wp\/v2\/posts\/38708","targetHints":{"allow":["GET"]}}],"collection":[{"href":"https:\/\/www.italpassion.fr\/nl\/wp-json\/wp\/v2\/posts"}],"about":[{"href":"https:\/\/www.italpassion.fr\/nl\/wp-json\/wp\/v2\/types\/post"}],"author":[{"embeddable":true,"href":"https:\/\/www.italpassion.fr\/nl\/wp-json\/wp\/v2\/users\/1"}],"replies":[{"embeddable":true,"href":"https:\/\/www.italpassion.fr\/nl\/wp-json\/wp\/v2\/comments?post=38708"}],"version-history":[{"count":2,"href":"https:\/\/www.italpassion.fr\/nl\/wp-json\/wp\/v2\/posts\/38708\/revisions"}],"predecessor-version":[{"id":38712,"href":"https:\/\/www.italpassion.fr\/nl\/wp-json\/wp\/v2\/posts\/38708\/revisions\/38712"}],"wp:featuredmedia":[{"embeddable":true,"href":"https:\/\/www.italpassion.fr\/nl\/wp-json\/wp\/v2\/media\/38711"}],"wp:attachment":[{"href":"https:\/\/www.italpassion.fr\/nl\/wp-json\/wp\/v2\/media?parent=38708"}],"wp:term":[{"taxonomy":"category","embeddable":true,"href":"https:\/\/www.italpassion.fr\/nl\/wp-json\/wp\/v2\/categories?post=38708"},{"taxonomy":"post_tag","embeddable":true,"href":"https:\/\/www.italpassion.fr\/nl\/wp-json\/wp\/v2\/tags?post=38708"}],"curies":[{"name":"wp","href":"https:\/\/api.w.org\/{rel}","templated":true}]}}