{"id":38664,"date":"2025-05-23T16:09:03","date_gmt":"2025-05-23T14:09:03","guid":{"rendered":"https:\/\/www.italpassion.fr\/?p=38664"},"modified":"2025-05-23T16:09:03","modified_gmt":"2025-05-23T14:09:03","slug":"ferrari-f1-charles-leclerc-bevestigt-dat-de-scuderia-verschillende-nieuwe-producten-voorbereidt","status":"publish","type":"post","link":"https:\/\/www.italpassion.fr\/nl\/competition\/formule-1\/ferrari-f1-charles-leclerc-confirme-que-la-scuderia-prepare-plusieurs-nouveautes\/","title":{"rendered":"Ferrari F1: Charles Leclerc bevestigt dat de Scuderia verschillende nieuwe ontwikkelingen voorbereidt"},"content":{"rendered":"<figure class=\"wp-block-image size-full\"><img loading=\"lazy\" decoding=\"async\" width=\"1200\" height=\"800\" src=\"https:\/\/www.italpassion.fr\/wp-content\/uploads\/2025\/05\/charles-leclerc-monaco-2025.jpg\" alt=\"\" class=\"wp-image-38667\" srcset=\"https:\/\/www.italpassion.fr\/wp-content\/uploads\/2025\/05\/charles-leclerc-monaco-2025.jpg 1200w, https:\/\/www.italpassion.fr\/wp-content\/uploads\/2025\/05\/charles-leclerc-monaco-2025-420x280.jpg 420w, https:\/\/www.italpassion.fr\/wp-content\/uploads\/2025\/05\/charles-leclerc-monaco-2025-768x512.jpg 768w, https:\/\/www.italpassion.fr\/wp-content\/uploads\/2025\/05\/charles-leclerc-monaco-2025-18x12.jpg 18w\" sizes=\"auto, (max-width: 1200px) 100vw, 1200px\" \/><\/figure>\n\n\n\n<p><strong>Terwijl de Grand Prix <a href=\"https:\/\/www.italpassion.fr\/nl\/wedstrijd\/formule-1\/\">F1<\/a> van Monaco nadert, <a href=\"https:\/\/www.italpassion.fr\/nl\/tag\/charles-leclerc\/\">Charles Leclerc<\/a> sprak over Ferrari's huidige problemen en de hoop voor de volgende technische ontwikkelingen.<\/strong> Zonder details te onthullen, bevestigt de Monegaskische coureur dat de <a href=\"https:\/\/www.italpassion.fr\/nl\/tag\/scuderia-ferrari\/\">Scuderia<\/a> werkt actief aan een aantal nieuwe functies om het seizoen een kickstart te geven.<\/p>\n\n\n\n<h2 class=\"wp-block-heading\">Monaco, tussen lage verwachtingen en kansen<\/h2>\n\n\n\n<p>Het was een ongewoon voorzichtige Charles Leclerc die sprak aan de zijlijn van het weekend in Monaco. Ondanks zijn uitstekende herinneringen op eigen bodem, waaronder een overwinning in 2024, heeft de Ferrari-coureur erg lage verwachtingen: \"We weten waarom we lijden in de langzame bochten, maar ik kan het niet zeggen\", zei hij, helder over de limieten van de SF-25 op dit type circuit.<\/p>\n\n\n\n<p>Het circuit van Monaco, dat bijna uitsluitend uit langzame bochten bestaat, werkt niet in het voordeel van de Italiaanse eenzitter, die het al moeilijk had in Imola. Leclerc heeft echter nog steeds een sprankje hoop: \"Hier kan de coureur het verschil maken. Als de anderen genoegen nemen met Q3, kan ik misschien iets speciaals proberen.<\/p>\n\n\n\n<p>Een andere factor om op te letten is de introductie dit jaar van een verplichte dubbele pitstop. Deze strategische innovatie kan de race opschudden en kansen cre\u00ebren voor de teams die de kopgroep achtervolgen.<\/p>\n\n\n\n<h2 class=\"wp-block-heading\">Op weg naar Barcelona<\/h2>\n\n\n\n<p><strong>Maar het is vooral de volgende Grand Prix, in Barcelona, die de Scuderia heeft aangewezen als een potentieel keerpunt in het seizoen. <\/strong>De introductie van de nieuwe technische richtlijn over vinflexibiliteit zou het dek kunnen herschikken en Ferrari wil er klaar voor zijn. Leclerc is ervan overtuigd: \"We willen nu niet opgeven. Vorig jaar veranderde McLaren alles met updates. We hopen dat het nu onze beurt is.<\/p>\n\n\n\n<p>De kwestie voor de Scuderia blijft de balans tussen de ontwikkeling van de SF-25 en de voorbereiding van de 2026 eenzitter. Leclerc geeft toe dat het moment nadert waarop Fr\u00e9d\u00e9ric Vasseur moet beslissen of hij dit seizoen doorgaat met pushen of overschakelt naar het 2026-project. Voorlopig blijft het team zich richten op 2025.<\/p>\n\n\n\n<h2 class=\"wp-block-heading\">Nieuwe producten op komst<\/h2>\n\n\n\n<p>Op de vraag wat er mis is met de SF-25 is Leclerc eerlijk: \"Ik zou het graag willen weten! Hij geeft echter toe dat er een aantal verbeteringen in de pijplijn zitten, zonder de aard of de timing ervan te kunnen onthullen: \"De timing verandert voortdurend, omdat het team er alles aan doet om alles zo snel mogelijk af te krijgen.<\/p>\n\n\n\n<p>Het belangrijkste doel van deze nieuwe functies? Om de rondetijden te verbeteren, het echte zwakke punt van Ferrari op dit moment, zoals blijkt uit de vroege eliminaties in Q2 op Imola. \"In de race hebben we tempo, maar als we als achtste of negende starten, kunnen we niet terugkomen in het veld\", herinnert de Monegask zich.<\/p>\n\n\n\n<h2 class=\"wp-block-heading\">2026: Charles bezorgd over toekomstige regelgeving<\/h2>\n\n\n\n<p><strong>Tot slot uitte Charles Leclerc zijn twijfels over de nieuwe regels voor 2026. <\/strong>Hij maakt zich zorgen over het gedrag van de toekomstige eenzitters, die volgens hem voorlopig niet erg prettig zijn om mee te rijden: \"De motoren zijn vreemd en de auto's zullen waarschijnlijk onprettig zijn. We zullen zien op de baan, maar op dit moment vind ik het niks.<\/p>\n\n\n\n<p><\/p>","protected":false},"excerpt":{"rendered":"","protected":false},"author":1,"featured_media":38667,"comment_status":"open","ping_status":"open","sticky":false,"template":"","format":"standard","meta":{"_acf_changed":false,"_sitemap_exclude":false,"_sitemap_priority":"","_sitemap_frequency":"","footnotes":""},"categories":[328,323],"tags":[346],"class_list":["post-38664","post","type-post","status-publish","format-standard","has-post-thumbnail","hentry","category-formule-1","category-competition","tag-charles-leclerc","generate-columns","tablet-grid-50","mobile-grid-100","grid-parent","grid-33"],"acf":[],"yoast_head":"<!-- This site is optimized with the Yoast SEO plugin v25.8 - https:\/\/yoast.com\/wordpress\/plugins\/seo\/ -->\n<title>Ferrari F1 : Charles Leclerc confirme que la Scuderia pr\u00e9pare plusieurs nouvelles \u00e9volutions - ItalPassion<\/title>\n<meta name=\"description\" content=\"Alors que le Grand Prix F1 de Monaco approche, Charles Leclerc a pris la parole pour \u00e9voquer les difficult\u00e9s actuelles de Ferrari et les espoirs li\u00e9s aux\" \/>\n<meta name=\"robots\" content=\"index, follow, max-snippet:-1, max-image-preview:large, max-video-preview:-1\" \/>\n<link rel=\"canonical\" href=\"https:\/\/www.italpassion.fr\/nl\/wedstrijd\/formule-1\/ferrari-f1-charles-leclerc-bevestigt-dat-de-scuderia-verschillende-nieuwe-producten-voorbereidt\/\" \/>\n<meta property=\"og:locale\" content=\"nl_NL\" \/>\n<meta property=\"og:type\" content=\"article\" \/>\n<meta property=\"og:title\" content=\"Ferrari F1 : Charles Leclerc confirme que la Scuderia pr\u00e9pare plusieurs nouvelles \u00e9volutions - ItalPassion\" \/>\n<meta property=\"og:description\" content=\"Alors que le Grand Prix F1 de Monaco approche, Charles Leclerc a pris la parole pour \u00e9voquer les difficult\u00e9s actuelles de Ferrari et les espoirs li\u00e9s aux\" \/>\n<meta property=\"og:url\" content=\"https:\/\/www.italpassion.fr\/nl\/wedstrijd\/formule-1\/ferrari-f1-charles-leclerc-bevestigt-dat-de-scuderia-verschillende-nieuwe-producten-voorbereidt\/\" \/>\n<meta property=\"og:site_name\" content=\"ItalPassion\" \/>\n<meta property=\"article:publisher\" content=\"https:\/\/www.facebook.com\/italpassion\" \/>\n<meta property=\"article:published_time\" content=\"2025-05-23T14:09:03+00:00\" \/>\n<meta property=\"og:image\" content=\"https:\/\/www.italpassion.fr\/wp-content\/uploads\/2025\/05\/charles-leclerc-monaco-2025.jpg\" \/>\n\t<meta property=\"og:image:width\" content=\"1200\" \/>\n\t<meta property=\"og:image:height\" content=\"800\" \/>\n\t<meta property=\"og:image:type\" content=\"image\/jpeg\" \/>\n<meta name=\"author\" content=\"Alexandre Filluzeau\" \/>\n<meta name=\"twitter:card\" content=\"summary_large_image\" \/>\n<meta name=\"twitter:creator\" content=\"@italpassion\" \/>\n<meta name=\"twitter:site\" content=\"@italpassion\" \/>\n<script type=\"application\/ld+json\" class=\"yoast-schema-graph\">{\"@context\":\"https:\/\/schema.org\",\"@graph\":[{\"@type\":\"NewsArticle\",\"@id\":\"https:\/\/www.italpassion.fr\/nl\/competition\/formule-1\/ferrari-f1-charles-leclerc-confirme-que-la-scuderia-prepare-plusieurs-nouveautes\/#article\",\"isPartOf\":{\"@id\":\"https:\/\/www.italpassion.fr\/nl\/competition\/formule-1\/ferrari-f1-charles-leclerc-confirme-que-la-scuderia-prepare-plusieurs-nouveautes\/\"},\"author\":{\"name\":\"Alexandre Filluzeau\",\"@id\":\"https:\/\/www.italpassion.fr\/nl\/#\/schema\/person\/36f747b2a759ca202d847e85a9434ca0\"},\"headline\":\"Ferrari F1 : Charles Leclerc confirme que la Scuderia pr\u00e9pare plusieurs nouvelles \u00e9volutions\",\"datePublished\":\"2025-05-23T14:09:03+00:00\",\"mainEntityOfPage\":{\"@id\":\"https:\/\/www.italpassion.fr\/nl\/competition\/formule-1\/ferrari-f1-charles-leclerc-confirme-que-la-scuderia-prepare-plusieurs-nouveautes\/\"},\"wordCount\":562,\"commentCount\":1,\"publisher\":{\"@id\":\"https:\/\/www.italpassion.fr\/nl\/#organization\"},\"image\":{\"@id\":\"https:\/\/www.italpassion.fr\/nl\/competition\/formule-1\/ferrari-f1-charles-leclerc-confirme-que-la-scuderia-prepare-plusieurs-nouveautes\/#primaryimage\"},\"thumbnailUrl\":\"https:\/\/www.italpassion.fr\/wp-content\/uploads\/2025\/05\/charles-leclerc-monaco-2025.jpg\",\"keywords\":[\"Charles Leclerc\"],\"articleSection\":[\"Formule 1\",\"Sport Auto\"],\"inLanguage\":\"nl-NL\",\"potentialAction\":[{\"@type\":\"CommentAction\",\"name\":\"Comment\",\"target\":[\"https:\/\/www.italpassion.fr\/nl\/competition\/formule-1\/ferrari-f1-charles-leclerc-confirme-que-la-scuderia-prepare-plusieurs-nouveautes\/#respond\"]}]},{\"@type\":\"WebPage\",\"@id\":\"https:\/\/www.italpassion.fr\/nl\/competition\/formule-1\/ferrari-f1-charles-leclerc-confirme-que-la-scuderia-prepare-plusieurs-nouveautes\/\",\"url\":\"https:\/\/www.italpassion.fr\/nl\/competition\/formule-1\/ferrari-f1-charles-leclerc-confirme-que-la-scuderia-prepare-plusieurs-nouveautes\/\",\"name\":\"Ferrari F1 : Charles Leclerc confirme que la Scuderia pr\u00e9pare plusieurs nouvelles \u00e9volutions - ItalPassion\",\"isPartOf\":{\"@id\":\"https:\/\/www.italpassion.fr\/nl\/#website\"},\"primaryImageOfPage\":{\"@id\":\"https:\/\/www.italpassion.fr\/nl\/competition\/formule-1\/ferrari-f1-charles-leclerc-confirme-que-la-scuderia-prepare-plusieurs-nouveautes\/#primaryimage\"},\"image\":{\"@id\":\"https:\/\/www.italpassion.fr\/nl\/competition\/formule-1\/ferrari-f1-charles-leclerc-confirme-que-la-scuderia-prepare-plusieurs-nouveautes\/#primaryimage\"},\"thumbnailUrl\":\"https:\/\/www.italpassion.fr\/wp-content\/uploads\/2025\/05\/charles-leclerc-monaco-2025.jpg\",\"datePublished\":\"2025-05-23T14:09:03+00:00\",\"description\":\"Alors que le Grand Prix F1 de Monaco approche, Charles Leclerc a pris la parole pour \u00e9voquer les difficult\u00e9s actuelles de Ferrari et les espoirs li\u00e9s aux\",\"breadcrumb\":{\"@id\":\"https:\/\/www.italpassion.fr\/nl\/competition\/formule-1\/ferrari-f1-charles-leclerc-confirme-que-la-scuderia-prepare-plusieurs-nouveautes\/#breadcrumb\"},\"inLanguage\":\"nl-NL\",\"potentialAction\":[{\"@type\":\"ReadAction\",\"target\":[\"https:\/\/www.italpassion.fr\/nl\/competition\/formule-1\/ferrari-f1-charles-leclerc-confirme-que-la-scuderia-prepare-plusieurs-nouveautes\/\"]}]},{\"@type\":\"ImageObject\",\"inLanguage\":\"nl-NL\",\"@id\":\"https:\/\/www.italpassion.fr\/nl\/competition\/formule-1\/ferrari-f1-charles-leclerc-confirme-que-la-scuderia-prepare-plusieurs-nouveautes\/#primaryimage\",\"url\":\"https:\/\/www.italpassion.fr\/wp-content\/uploads\/2025\/05\/charles-leclerc-monaco-2025.jpg\",\"contentUrl\":\"https:\/\/www.italpassion.fr\/wp-content\/uploads\/2025\/05\/charles-leclerc-monaco-2025.jpg\",\"width\":1200,\"height\":800},{\"@type\":\"BreadcrumbList\",\"@id\":\"https:\/\/www.italpassion.fr\/nl\/competition\/formule-1\/ferrari-f1-charles-leclerc-confirme-que-la-scuderia-prepare-plusieurs-nouveautes\/#breadcrumb\",\"itemListElement\":[{\"@type\":\"ListItem\",\"position\":1,\"name\":\"Accueil\",\"item\":\"https:\/\/www.italpassion.fr\/nl\/\"},{\"@type\":\"ListItem\",\"position\":2,\"name\":\"Ferrari F1 : Charles Leclerc confirme que la Scuderia pr\u00e9pare plusieurs nouvelles \u00e9volutions\"}]},{\"@type\":\"WebSite\",\"@id\":\"https:\/\/www.italpassion.fr\/nl\/#website\",\"url\":\"https:\/\/www.italpassion.fr\/nl\/\",\"name\":\"ItalPassion\",\"description\":\"Les Passionn\u00e9s d&#039;Automobiles Italiennes\",\"publisher\":{\"@id\":\"https:\/\/www.italpassion.fr\/nl\/#organization\"},\"potentialAction\":[{\"@type\":\"SearchAction\",\"target\":{\"@type\":\"EntryPoint\",\"urlTemplate\":\"https:\/\/www.italpassion.fr\/nl\/?s={search_term_string}\"},\"query-input\":{\"@type\":\"PropertyValueSpecification\",\"valueRequired\":true,\"valueName\":\"search_term_string\"}}],\"inLanguage\":\"nl-NL\"},{\"@type\":\"Organization\",\"@id\":\"https:\/\/www.italpassion.fr\/nl\/#organization\",\"name\":\"Italpassion\",\"url\":\"https:\/\/www.italpassion.fr\/nl\/\",\"logo\":{\"@type\":\"ImageObject\",\"inLanguage\":\"nl-NL\",\"@id\":\"https:\/\/www.italpassion.fr\/nl\/#\/schema\/logo\/image\/\",\"url\":\"https:\/\/www.italpassion.fr\/wp-content\/uploads\/2023\/07\/italpassion-yoast.jpg\",\"contentUrl\":\"https:\/\/www.italpassion.fr\/wp-content\/uploads\/2023\/07\/italpassion-yoast.jpg\",\"width\":696,\"height\":696,\"caption\":\"Italpassion\"},\"image\":{\"@id\":\"https:\/\/www.italpassion.fr\/nl\/#\/schema\/logo\/image\/\"},\"sameAs\":[\"https:\/\/www.facebook.com\/italpassion\",\"https:\/\/x.com\/italpassion\",\"https:\/\/www.instagram.com\/italpassionfr\/\",\"https:\/\/www.youtube.com\/channel\/UCleq-ByQaA42OjhopwevRjQ\",\"https:\/\/www.facebook.com\/italpassion.en\/\",\"https:\/\/www.facebook.com\/italpassion.it\/\",\"https:\/\/www.facebook.com\/italpassion.de\/\",\"https:\/\/www.facebook.com\/italpassion.ja\/\"]},{\"@type\":\"Person\",\"@id\":\"https:\/\/www.italpassion.fr\/nl\/#\/schema\/person\/36f747b2a759ca202d847e85a9434ca0\",\"name\":\"Alexandre Filluzeau\",\"image\":{\"@type\":\"ImageObject\",\"inLanguage\":\"nl-NL\",\"@id\":\"https:\/\/www.italpassion.fr\/nl\/#\/schema\/person\/image\/\",\"url\":\"https:\/\/www.italpassion.fr\/wp-content\/uploads\/2025\/04\/avatar-alexandre-160x160.jpg\",\"contentUrl\":\"https:\/\/www.italpassion.fr\/wp-content\/uploads\/2025\/04\/avatar-alexandre-160x160.jpg\",\"caption\":\"Alexandre Filluzeau\"},\"description\":\"Fondateur du site ItalPassion, passionn\u00e9 de voitures italiennes et de l'Italie en g\u00e9n\u00e9ral. J'apporte un regard critique et technique aux actualit\u00e9s des marques italiennes quand cela est possible. Propri\u00e9taire d'une Maserati GranTurismo, Alfa Romeo MiTo, Lancia Fulvia et Ducati 695. Ex-propri\u00e9taire d'une Alfa Romeo Giulia.\",\"sameAs\":[\"https:\/\/www.italpassion.fr\/\"],\"url\":\"https:\/\/www.italpassion.fr\/nl\/author\/alexandre\/\"}]}<\/script>\n<!-- \/ Yoast SEO plugin. -->","yoast_head_json":{"title":"Ferrari F1: Charles Leclerc bevestigt dat de Scuderia verschillende nieuwe ontwikkelingen voorbereidt - ItalPassion","description":"Met de F1 Grand Prix van Monaco voor de deur sprak Charles Leclerc over de huidige problemen van Ferrari en de hoop die verbonden is aan de","robots":{"index":"index","follow":"follow","max-snippet":"max-snippet:-1","max-image-preview":"max-image-preview:large","max-video-preview":"max-video-preview:-1"},"canonical":"https:\/\/www.italpassion.fr\/nl\/wedstrijd\/formule-1\/ferrari-f1-charles-leclerc-bevestigt-dat-de-scuderia-verschillende-nieuwe-producten-voorbereidt\/","og_locale":"nl_NL","og_type":"article","og_title":"Ferrari F1 : Charles Leclerc confirme que la Scuderia pr\u00e9pare plusieurs nouvelles \u00e9volutions - ItalPassion","og_description":"Alors que le Grand Prix F1 de Monaco approche, Charles Leclerc a pris la parole pour \u00e9voquer les difficult\u00e9s actuelles de Ferrari et les espoirs li\u00e9s aux","og_url":"https:\/\/www.italpassion.fr\/nl\/wedstrijd\/formule-1\/ferrari-f1-charles-leclerc-bevestigt-dat-de-scuderia-verschillende-nieuwe-producten-voorbereidt\/","og_site_name":"ItalPassion","article_publisher":"https:\/\/www.facebook.com\/italpassion","article_published_time":"2025-05-23T14:09:03+00:00","og_image":[{"width":1200,"height":800,"url":"https:\/\/www.italpassion.fr\/wp-content\/uploads\/2025\/05\/charles-leclerc-monaco-2025.jpg","type":"image\/jpeg"}],"author":"Alexandre Filluzeau","twitter_card":"summary_large_image","twitter_creator":"@italpassion","twitter_site":"@italpassion","schema":{"@context":"https:\/\/schema.org","@graph":[{"@type":"NewsArticle","@id":"https:\/\/www.italpassion.fr\/nl\/competition\/formule-1\/ferrari-f1-charles-leclerc-confirme-que-la-scuderia-prepare-plusieurs-nouveautes\/#article","isPartOf":{"@id":"https:\/\/www.italpassion.fr\/nl\/competition\/formule-1\/ferrari-f1-charles-leclerc-confirme-que-la-scuderia-prepare-plusieurs-nouveautes\/"},"author":{"name":"Alexandre Filluzeau","@id":"https:\/\/www.italpassion.fr\/nl\/#\/schema\/person\/36f747b2a759ca202d847e85a9434ca0"},"headline":"Ferrari F1 : Charles Leclerc confirme que la Scuderia pr\u00e9pare plusieurs nouvelles \u00e9volutions","datePublished":"2025-05-23T14:09:03+00:00","mainEntityOfPage":{"@id":"https:\/\/www.italpassion.fr\/nl\/competition\/formule-1\/ferrari-f1-charles-leclerc-confirme-que-la-scuderia-prepare-plusieurs-nouveautes\/"},"wordCount":562,"commentCount":1,"publisher":{"@id":"https:\/\/www.italpassion.fr\/nl\/#organization"},"image":{"@id":"https:\/\/www.italpassion.fr\/nl\/competition\/formule-1\/ferrari-f1-charles-leclerc-confirme-que-la-scuderia-prepare-plusieurs-nouveautes\/#primaryimage"},"thumbnailUrl":"https:\/\/www.italpassion.fr\/wp-content\/uploads\/2025\/05\/charles-leclerc-monaco-2025.jpg","keywords":["Charles Leclerc"],"articleSection":["Formule 1","Sport Auto"],"inLanguage":"nl-NL","potentialAction":[{"@type":"CommentAction","name":"Comment","target":["https:\/\/www.italpassion.fr\/nl\/competition\/formule-1\/ferrari-f1-charles-leclerc-confirme-que-la-scuderia-prepare-plusieurs-nouveautes\/#respond"]}]},{"@type":"WebPage","@id":"https:\/\/www.italpassion.fr\/nl\/competition\/formule-1\/ferrari-f1-charles-leclerc-confirme-que-la-scuderia-prepare-plusieurs-nouveautes\/","url":"https:\/\/www.italpassion.fr\/nl\/competition\/formule-1\/ferrari-f1-charles-leclerc-confirme-que-la-scuderia-prepare-plusieurs-nouveautes\/","name":"Ferrari F1: Charles Leclerc bevestigt dat de Scuderia verschillende nieuwe ontwikkelingen voorbereidt - ItalPassion","isPartOf":{"@id":"https:\/\/www.italpassion.fr\/nl\/#website"},"primaryImageOfPage":{"@id":"https:\/\/www.italpassion.fr\/nl\/competition\/formule-1\/ferrari-f1-charles-leclerc-confirme-que-la-scuderia-prepare-plusieurs-nouveautes\/#primaryimage"},"image":{"@id":"https:\/\/www.italpassion.fr\/nl\/competition\/formule-1\/ferrari-f1-charles-leclerc-confirme-que-la-scuderia-prepare-plusieurs-nouveautes\/#primaryimage"},"thumbnailUrl":"https:\/\/www.italpassion.fr\/wp-content\/uploads\/2025\/05\/charles-leclerc-monaco-2025.jpg","datePublished":"2025-05-23T14:09:03+00:00","description":"Met de F1 Grand Prix van Monaco voor de deur sprak Charles Leclerc over de huidige problemen van Ferrari en de hoop die verbonden is aan de","breadcrumb":{"@id":"https:\/\/www.italpassion.fr\/nl\/competition\/formule-1\/ferrari-f1-charles-leclerc-confirme-que-la-scuderia-prepare-plusieurs-nouveautes\/#breadcrumb"},"inLanguage":"nl-NL","potentialAction":[{"@type":"ReadAction","target":["https:\/\/www.italpassion.fr\/nl\/competition\/formule-1\/ferrari-f1-charles-leclerc-confirme-que-la-scuderia-prepare-plusieurs-nouveautes\/"]}]},{"@type":"ImageObject","inLanguage":"nl-NL","@id":"https:\/\/www.italpassion.fr\/nl\/competition\/formule-1\/ferrari-f1-charles-leclerc-confirme-que-la-scuderia-prepare-plusieurs-nouveautes\/#primaryimage","url":"https:\/\/www.italpassion.fr\/wp-content\/uploads\/2025\/05\/charles-leclerc-monaco-2025.jpg","contentUrl":"https:\/\/www.italpassion.fr\/wp-content\/uploads\/2025\/05\/charles-leclerc-monaco-2025.jpg","width":1200,"height":800},{"@type":"BreadcrumbList","@id":"https:\/\/www.italpassion.fr\/nl\/competition\/formule-1\/ferrari-f1-charles-leclerc-confirme-que-la-scuderia-prepare-plusieurs-nouveautes\/#breadcrumb","itemListElement":[{"@type":"ListItem","position":1,"name":"Accueil","item":"https:\/\/www.italpassion.fr\/nl\/"},{"@type":"ListItem","position":2,"name":"Ferrari F1 : Charles Leclerc confirme que la Scuderia pr\u00e9pare plusieurs nouvelles \u00e9volutions"}]},{"@type":"WebSite","@id":"https:\/\/www.italpassion.fr\/nl\/#website","url":"https:\/\/www.italpassion.fr\/nl\/","name":"ItalPassion","description":"Italiaanse autoliefhebbers","publisher":{"@id":"https:\/\/www.italpassion.fr\/nl\/#organization"},"potentialAction":[{"@type":"SearchAction","target":{"@type":"EntryPoint","urlTemplate":"https:\/\/www.italpassion.fr\/nl\/?s={search_term_string}"},"query-input":{"@type":"PropertyValueSpecification","valueRequired":true,"valueName":"search_term_string"}}],"inLanguage":"nl-NL"},{"@type":"Organization","@id":"https:\/\/www.italpassion.fr\/nl\/#organization","name":"Italpassion","url":"https:\/\/www.italpassion.fr\/nl\/","logo":{"@type":"ImageObject","inLanguage":"nl-NL","@id":"https:\/\/www.italpassion.fr\/nl\/#\/schema\/logo\/image\/","url":"https:\/\/www.italpassion.fr\/wp-content\/uploads\/2023\/07\/italpassion-yoast.jpg","contentUrl":"https:\/\/www.italpassion.fr\/wp-content\/uploads\/2023\/07\/italpassion-yoast.jpg","width":696,"height":696,"caption":"Italpassion"},"image":{"@id":"https:\/\/www.italpassion.fr\/nl\/#\/schema\/logo\/image\/"},"sameAs":["https:\/\/www.facebook.com\/italpassion","https:\/\/x.com\/italpassion","https:\/\/www.instagram.com\/italpassionfr\/","https:\/\/www.youtube.com\/channel\/UCleq-ByQaA42OjhopwevRjQ","https:\/\/www.facebook.com\/italpassion.en\/","https:\/\/www.facebook.com\/italpassion.it\/","https:\/\/www.facebook.com\/italpassion.de\/","https:\/\/www.facebook.com\/italpassion.ja\/"]},{"@type":"Person","@id":"https:\/\/www.italpassion.fr\/nl\/#\/schema\/person\/36f747b2a759ca202d847e85a9434ca0","name":"Alexandre Filluzeau","image":{"@type":"ImageObject","inLanguage":"nl-NL","@id":"https:\/\/www.italpassion.fr\/nl\/#\/schema\/person\/image\/","url":"https:\/\/www.italpassion.fr\/wp-content\/uploads\/2025\/04\/avatar-alexandre-160x160.jpg","contentUrl":"https:\/\/www.italpassion.fr\/wp-content\/uploads\/2025\/04\/avatar-alexandre-160x160.jpg","caption":"Alexandre Filluzeau"},"description":"Oprichter van de website ItalPassion, gepassioneerd door Italiaanse auto's en Itali\u00eb in het algemeen. Waar mogelijk breng ik een kritisch en technisch oog naar nieuws over Italiaanse merken. Eigenaar van een Maserati GranTurismo, Alfa Romeo MiTo, Lancia Fulvia en Ducati 695. Ex-eigenaar van een Alfa Romeo Giulia.","sameAs":["https:\/\/www.italpassion.fr\/"],"url":"https:\/\/www.italpassion.fr\/nl\/author\/alexandre\/"}]}},"_links":{"self":[{"href":"https:\/\/www.italpassion.fr\/nl\/wp-json\/wp\/v2\/posts\/38664","targetHints":{"allow":["GET"]}}],"collection":[{"href":"https:\/\/www.italpassion.fr\/nl\/wp-json\/wp\/v2\/posts"}],"about":[{"href":"https:\/\/www.italpassion.fr\/nl\/wp-json\/wp\/v2\/types\/post"}],"author":[{"embeddable":true,"href":"https:\/\/www.italpassion.fr\/nl\/wp-json\/wp\/v2\/users\/1"}],"replies":[{"embeddable":true,"href":"https:\/\/www.italpassion.fr\/nl\/wp-json\/wp\/v2\/comments?post=38664"}],"version-history":[{"count":3,"href":"https:\/\/www.italpassion.fr\/nl\/wp-json\/wp\/v2\/posts\/38664\/revisions"}],"predecessor-version":[{"id":38669,"href":"https:\/\/www.italpassion.fr\/nl\/wp-json\/wp\/v2\/posts\/38664\/revisions\/38669"}],"wp:featuredmedia":[{"embeddable":true,"href":"https:\/\/www.italpassion.fr\/nl\/wp-json\/wp\/v2\/media\/38667"}],"wp:attachment":[{"href":"https:\/\/www.italpassion.fr\/nl\/wp-json\/wp\/v2\/media?parent=38664"}],"wp:term":[{"taxonomy":"category","embeddable":true,"href":"https:\/\/www.italpassion.fr\/nl\/wp-json\/wp\/v2\/categories?post=38664"},{"taxonomy":"post_tag","embeddable":true,"href":"https:\/\/www.italpassion.fr\/nl\/wp-json\/wp\/v2\/tags?post=38664"}],"curies":[{"name":"wp","href":"https:\/\/api.w.org\/{rel}","templated":true}]}}