{"id":38563,"date":"2025-05-21T12:02:11","date_gmt":"2025-05-21T10:02:11","guid":{"rendered":"https:\/\/www.italpassion.fr\/?p=38563"},"modified":"2025-05-21T12:02:11","modified_gmt":"2025-05-21T10:02:11","slug":"f1-en-als-ferrari-carlos-sainz-terugroept-is-dit-wat-hij-zei","status":"publish","type":"post","link":"https:\/\/www.italpassion.fr\/nl\/competition\/formule-1\/f1-et-si-ferrari-rappelait-carlos-sainz-voici-ce-quil-a-repondu\/","title":{"rendered":"F1: Wat als Ferrari Carlos Sainz zou terugroepen? Dit is wat hij te zeggen had"},"content":{"rendered":"<figure class=\"wp-block-image size-full\"><img loading=\"lazy\" decoding=\"async\" width=\"1200\" height=\"800\" src=\"https:\/\/www.italpassion.fr\/wp-content\/uploads\/2025\/04\/carlos-sainz-williams.jpg\" alt=\"\" class=\"wp-image-37914\" srcset=\"https:\/\/www.italpassion.fr\/wp-content\/uploads\/2025\/04\/carlos-sainz-williams.jpg 1200w, https:\/\/www.italpassion.fr\/wp-content\/uploads\/2025\/04\/carlos-sainz-williams-420x280.jpg 420w, https:\/\/www.italpassion.fr\/wp-content\/uploads\/2025\/04\/carlos-sainz-williams-768x512.jpg 768w, https:\/\/www.italpassion.fr\/wp-content\/uploads\/2025\/04\/carlos-sainz-williams-18x12.jpg 18w\" sizes=\"auto, (max-width: 1200px) 100vw, 1200px\" \/><\/figure>\n\n\n\n<p>Carlos Sainz is niet langer een coureur van de <a href=\"https:\/\/www.italpassion.fr\/nl\/tag\/scuderia-ferrari\/\">Scuderia Ferrari<\/a>Maar zijn schaduw hangt nog steeds boven Maranello. De Spanjaard werd overgeplaatst naar Williams na de aankondiging van Lewis Hamiltons komst naar 2025 en was een verrassing sinds het begin van het seizoen in <a href=\"https:\/\/www.italpassion.fr\/nl\/wedstrijd\/formule-1\/\">Formule 1<\/a>...zodat hij spijt krijgt van zijn vertrek? En vooral, wat zou hij ervan vinden om terug te keren naar Maranello als Ferrari ooit zou besluiten om hem terug te roepen? Zijn antwoord was verrassend.<\/p>\n\n\n\n<h2 class=\"wp-block-heading\">Een verbluffende start van het seizoen met Williams<\/h2>\n\n\n\n<p>Tijdens de Grand Prix van Miami 2025 drukte Carlos Sainz zijn stempel door zijn Williams zowel in de kwalificatie als in de race voor te laten gaan op de twee Ferrari's. Een prestatie die hij zelf omschreef als onverwacht:<\/p>\n\n\n\n<blockquote class=\"wp-block-quote is-layout-flow wp-block-quote-is-layout-flow\"><svg aria-hidden=\"true\" focusable=\"false\" class=\"icon icon-quote\" width=\"48\" height=\"48\"><use xlink:href=\"#icon-quote\"><\/use><\/svg>\n<p>\"Ik had nooit gedacht dat ik na zes races de Ferrari's zou kunnen verslaan in de kwalificatie en in de race op hetzelfde niveau zou zitten als zij.\"<\/p>\n<\/blockquote>\n\n\n\n<p>Deze verrassing werd een paar weken later bevestigd op Imola, waar Sainz de rode auto's opnieuw versloeg in de kwalificatie.<\/p>\n\n\n\n<blockquote class=\"wp-block-quote is-layout-flow wp-block-quote-is-layout-flow\"><svg aria-hidden=\"true\" focusable=\"false\" class=\"icon icon-quote\" width=\"48\" height=\"48\"><use xlink:href=\"#icon-quote\"><\/use><\/svg>\n<p>\"Ik had dit niet verwacht aan het begin van het seizoen,\" zei hij met een stralende glimlach.<br>\"Het klopt dat ik veel vertrouwen had in het Williams-project gezien de cijfers die ze me voorlegden, maar om voor de tweede race op rij voor te liggen op de Ferrari's? Als je me dat voor het begin van het jaar had verteld, had ik het Williams-contract nog eerder getekend.<\/p>\n<\/blockquote>\n\n\n\n<p>Dit scenario leek een paar maanden geleden nog onwaarschijnlijk. Ferrari verlaten voor Williams leek een stap terug... en nu vindt Sainz zichzelf terug als spelbreker voor zijn voormalige team.<\/p>\n\n\n\n<h2 class=\"wp-block-heading\">Ferrari in crisis, Williams in de lift?<\/h2>\n\n\n\n<p>Toegegeven, de prestatie van Miami blijft een uitzondering in dit stadium van het seizoen. Maar het onthult de huidige problemen van de SF-25. Sainz van zijn kant gelooft nog steeds dat Ferrari de zaken zal omdraaien:<\/p>\n\n\n\n<blockquote class=\"wp-block-quote is-layout-flow wp-block-quote-is-layout-flow\"><svg aria-hidden=\"true\" focusable=\"false\" class=\"icon icon-quote\" width=\"48\" height=\"48\"><use xlink:href=\"#icon-quote\"><\/use><\/svg>\n<p>\"Ferrari zal uiteindelijk haar problemen oplossen,\" verzekert hij ons.<\/p>\n<\/blockquote>\n\n\n\n<p>Maar de Spanjaard kijkt nu verder vooruit. In een interview met Corriere dello Sport vertrouwde hij ons toe:<\/p>\n\n\n\n<blockquote class=\"wp-block-quote is-layout-flow wp-block-quote-is-layout-flow\"><svg aria-hidden=\"true\" focusable=\"false\" class=\"icon icon-quote\" width=\"48\" height=\"48\"><use xlink:href=\"#icon-quote\"><\/use><\/svg>\n<p>\"Als Ferrari belt, antwoord je, maar ik wil me iets anders voorstellen: de wedergeboorte van het roemrijke Williams uit het verleden, en dat ik de coureur ben die ze weer naar de top brengt. Op dit moment motiveert niets me meer.\"<\/p>\n<\/blockquote>\n\n\n\n<p>Sainz sluit de deur niet voor een terugkeer naar het Italiaanse team.<\/p>\n\n\n\n<blockquote class=\"wp-block-quote is-layout-flow wp-block-quote-is-layout-flow\"><svg aria-hidden=\"true\" focusable=\"false\" class=\"icon icon-quote\" width=\"48\" height=\"48\"><use xlink:href=\"#icon-quote\"><\/use><\/svg>\n<p>\"Als ik in de toekomst word teruggeroepen, kom ik terug.\"<\/p>\n<\/blockquote>\n\n\n\n<p>Maar het doel van de Spaanse coureur lijkt nu duidelijk: <strong>om een winnend project te bouwen bij Williams, op de lange termijn, vooral met de komst van de nieuwe motoren in 2026.<\/strong> Het is een situatie die doet denken aan de spectaculaire opleving van het Britse team in 2014.<\/p>\n\n\n\n<blockquote class=\"wp-block-quote is-layout-flow wp-block-quote-is-layout-flow\"><svg aria-hidden=\"true\" focusable=\"false\" class=\"icon icon-quote\" width=\"48\" height=\"48\"><use xlink:href=\"#icon-quote\"><\/use><\/svg>\n<p>\"Wereldkampioen worden is de enige reden dat ik in de F1 race. Over drie of vier jaar zou het mogelijk kunnen zijn.<\/p>\n<\/blockquote>","protected":false},"excerpt":{"rendered":"","protected":false},"author":1,"featured_media":37914,"comment_status":"open","ping_status":"open","sticky":false,"template":"","format":"standard","meta":{"_acf_changed":false,"_sitemap_exclude":false,"_sitemap_priority":"","_sitemap_frequency":"","footnotes":""},"categories":[328,323],"tags":[370],"class_list":["post-38563","post","type-post","status-publish","format-standard","has-post-thumbnail","hentry","category-formule-1","category-competition","tag-scuderia-ferrari","generate-columns","tablet-grid-50","mobile-grid-100","grid-parent","grid-33"],"acf":[],"yoast_head":"<!-- This site is optimized with the Yoast SEO plugin v25.8 - https:\/\/yoast.com\/wordpress\/plugins\/seo\/ -->\n<title>F1 : et si Ferrari rappelait Carlos Sainz ? Voici ce qu\u2019il a r\u00e9pondu - ItalPassion<\/title>\n<meta name=\"description\" content=\"Carlos Sainz n\u2019est plus un pilote de la Scuderia Ferrari, mais son ombre plane toujours sur Maranello. Transf\u00e9r\u00e9 chez Williams apr\u00e8s l\u2019annonce de\" \/>\n<meta name=\"robots\" content=\"index, follow, max-snippet:-1, max-image-preview:large, max-video-preview:-1\" \/>\n<link rel=\"canonical\" href=\"https:\/\/www.italpassion.fr\/nl\/wedstrijd\/formule-1\/f1-en-als-ferrari-carlos-sainz-terugroept-is-dit-wat-hij-zei\/\" \/>\n<meta property=\"og:locale\" content=\"nl_NL\" \/>\n<meta property=\"og:type\" content=\"article\" \/>\n<meta property=\"og:title\" content=\"F1 : et si Ferrari rappelait Carlos Sainz ? Voici ce qu\u2019il a r\u00e9pondu - ItalPassion\" \/>\n<meta property=\"og:description\" content=\"Carlos Sainz n\u2019est plus un pilote de la Scuderia Ferrari, mais son ombre plane toujours sur Maranello. Transf\u00e9r\u00e9 chez Williams apr\u00e8s l\u2019annonce de\" \/>\n<meta property=\"og:url\" content=\"https:\/\/www.italpassion.fr\/nl\/wedstrijd\/formule-1\/f1-en-als-ferrari-carlos-sainz-terugroept-is-dit-wat-hij-zei\/\" \/>\n<meta property=\"og:site_name\" content=\"ItalPassion\" \/>\n<meta property=\"article:publisher\" content=\"https:\/\/www.facebook.com\/italpassion\" \/>\n<meta property=\"article:published_time\" content=\"2025-05-21T10:02:11+00:00\" \/>\n<meta property=\"og:image\" content=\"https:\/\/www.italpassion.fr\/wp-content\/uploads\/2025\/04\/carlos-sainz-williams.jpg\" \/>\n\t<meta property=\"og:image:width\" content=\"1200\" \/>\n\t<meta property=\"og:image:height\" content=\"800\" \/>\n\t<meta property=\"og:image:type\" content=\"image\/jpeg\" \/>\n<meta name=\"author\" content=\"Alexandre Filluzeau\" \/>\n<meta name=\"twitter:card\" content=\"summary_large_image\" \/>\n<meta name=\"twitter:creator\" content=\"@italpassion\" \/>\n<meta name=\"twitter:site\" content=\"@italpassion\" \/>\n<script type=\"application\/ld+json\" class=\"yoast-schema-graph\">{\"@context\":\"https:\/\/schema.org\",\"@graph\":[{\"@type\":\"NewsArticle\",\"@id\":\"https:\/\/www.italpassion.fr\/nl\/competition\/formule-1\/f1-et-si-ferrari-rappelait-carlos-sainz-voici-ce-quil-a-repondu\/#article\",\"isPartOf\":{\"@id\":\"https:\/\/www.italpassion.fr\/nl\/competition\/formule-1\/f1-et-si-ferrari-rappelait-carlos-sainz-voici-ce-quil-a-repondu\/\"},\"author\":{\"name\":\"Alexandre Filluzeau\",\"@id\":\"https:\/\/www.italpassion.fr\/nl\/#\/schema\/person\/36f747b2a759ca202d847e85a9434ca0\"},\"headline\":\"F1 : et si Ferrari rappelait Carlos Sainz ? Voici ce qu\u2019il a r\u00e9pondu\",\"datePublished\":\"2025-05-21T10:02:11+00:00\",\"mainEntityOfPage\":{\"@id\":\"https:\/\/www.italpassion.fr\/nl\/competition\/formule-1\/f1-et-si-ferrari-rappelait-carlos-sainz-voici-ce-quil-a-repondu\/\"},\"wordCount\":497,\"commentCount\":0,\"publisher\":{\"@id\":\"https:\/\/www.italpassion.fr\/nl\/#organization\"},\"image\":{\"@id\":\"https:\/\/www.italpassion.fr\/nl\/competition\/formule-1\/f1-et-si-ferrari-rappelait-carlos-sainz-voici-ce-quil-a-repondu\/#primaryimage\"},\"thumbnailUrl\":\"https:\/\/www.italpassion.fr\/wp-content\/uploads\/2025\/04\/carlos-sainz-williams.jpg\",\"keywords\":[\"Scuderia Ferrari\"],\"articleSection\":[\"Formule 1\",\"Sport Auto\"],\"inLanguage\":\"nl-NL\",\"potentialAction\":[{\"@type\":\"CommentAction\",\"name\":\"Comment\",\"target\":[\"https:\/\/www.italpassion.fr\/nl\/competition\/formule-1\/f1-et-si-ferrari-rappelait-carlos-sainz-voici-ce-quil-a-repondu\/#respond\"]}]},{\"@type\":\"WebPage\",\"@id\":\"https:\/\/www.italpassion.fr\/nl\/competition\/formule-1\/f1-et-si-ferrari-rappelait-carlos-sainz-voici-ce-quil-a-repondu\/\",\"url\":\"https:\/\/www.italpassion.fr\/nl\/competition\/formule-1\/f1-et-si-ferrari-rappelait-carlos-sainz-voici-ce-quil-a-repondu\/\",\"name\":\"F1 : et si Ferrari rappelait Carlos Sainz ? Voici ce qu\u2019il a r\u00e9pondu - ItalPassion\",\"isPartOf\":{\"@id\":\"https:\/\/www.italpassion.fr\/nl\/#website\"},\"primaryImageOfPage\":{\"@id\":\"https:\/\/www.italpassion.fr\/nl\/competition\/formule-1\/f1-et-si-ferrari-rappelait-carlos-sainz-voici-ce-quil-a-repondu\/#primaryimage\"},\"image\":{\"@id\":\"https:\/\/www.italpassion.fr\/nl\/competition\/formule-1\/f1-et-si-ferrari-rappelait-carlos-sainz-voici-ce-quil-a-repondu\/#primaryimage\"},\"thumbnailUrl\":\"https:\/\/www.italpassion.fr\/wp-content\/uploads\/2025\/04\/carlos-sainz-williams.jpg\",\"datePublished\":\"2025-05-21T10:02:11+00:00\",\"description\":\"Carlos Sainz n\u2019est plus un pilote de la Scuderia Ferrari, mais son ombre plane toujours sur Maranello. Transf\u00e9r\u00e9 chez Williams apr\u00e8s l\u2019annonce de\",\"breadcrumb\":{\"@id\":\"https:\/\/www.italpassion.fr\/nl\/competition\/formule-1\/f1-et-si-ferrari-rappelait-carlos-sainz-voici-ce-quil-a-repondu\/#breadcrumb\"},\"inLanguage\":\"nl-NL\",\"potentialAction\":[{\"@type\":\"ReadAction\",\"target\":[\"https:\/\/www.italpassion.fr\/nl\/competition\/formule-1\/f1-et-si-ferrari-rappelait-carlos-sainz-voici-ce-quil-a-repondu\/\"]}]},{\"@type\":\"ImageObject\",\"inLanguage\":\"nl-NL\",\"@id\":\"https:\/\/www.italpassion.fr\/nl\/competition\/formule-1\/f1-et-si-ferrari-rappelait-carlos-sainz-voici-ce-quil-a-repondu\/#primaryimage\",\"url\":\"https:\/\/www.italpassion.fr\/wp-content\/uploads\/2025\/04\/carlos-sainz-williams.jpg\",\"contentUrl\":\"https:\/\/www.italpassion.fr\/wp-content\/uploads\/2025\/04\/carlos-sainz-williams.jpg\",\"width\":1200,\"height\":800},{\"@type\":\"BreadcrumbList\",\"@id\":\"https:\/\/www.italpassion.fr\/nl\/competition\/formule-1\/f1-et-si-ferrari-rappelait-carlos-sainz-voici-ce-quil-a-repondu\/#breadcrumb\",\"itemListElement\":[{\"@type\":\"ListItem\",\"position\":1,\"name\":\"Accueil\",\"item\":\"https:\/\/www.italpassion.fr\/nl\/\"},{\"@type\":\"ListItem\",\"position\":2,\"name\":\"F1 : et si Ferrari rappelait Carlos Sainz ? Voici ce qu\u2019il a r\u00e9pondu\"}]},{\"@type\":\"WebSite\",\"@id\":\"https:\/\/www.italpassion.fr\/nl\/#website\",\"url\":\"https:\/\/www.italpassion.fr\/nl\/\",\"name\":\"ItalPassion\",\"description\":\"Les Passionn\u00e9s d&#039;Automobiles Italiennes\",\"publisher\":{\"@id\":\"https:\/\/www.italpassion.fr\/nl\/#organization\"},\"potentialAction\":[{\"@type\":\"SearchAction\",\"target\":{\"@type\":\"EntryPoint\",\"urlTemplate\":\"https:\/\/www.italpassion.fr\/nl\/?s={search_term_string}\"},\"query-input\":{\"@type\":\"PropertyValueSpecification\",\"valueRequired\":true,\"valueName\":\"search_term_string\"}}],\"inLanguage\":\"nl-NL\"},{\"@type\":\"Organization\",\"@id\":\"https:\/\/www.italpassion.fr\/nl\/#organization\",\"name\":\"Italpassion\",\"url\":\"https:\/\/www.italpassion.fr\/nl\/\",\"logo\":{\"@type\":\"ImageObject\",\"inLanguage\":\"nl-NL\",\"@id\":\"https:\/\/www.italpassion.fr\/nl\/#\/schema\/logo\/image\/\",\"url\":\"https:\/\/www.italpassion.fr\/wp-content\/uploads\/2023\/07\/italpassion-yoast.jpg\",\"contentUrl\":\"https:\/\/www.italpassion.fr\/wp-content\/uploads\/2023\/07\/italpassion-yoast.jpg\",\"width\":696,\"height\":696,\"caption\":\"Italpassion\"},\"image\":{\"@id\":\"https:\/\/www.italpassion.fr\/nl\/#\/schema\/logo\/image\/\"},\"sameAs\":[\"https:\/\/www.facebook.com\/italpassion\",\"https:\/\/x.com\/italpassion\",\"https:\/\/www.instagram.com\/italpassionfr\/\",\"https:\/\/www.youtube.com\/channel\/UCleq-ByQaA42OjhopwevRjQ\",\"https:\/\/www.facebook.com\/italpassion.en\/\",\"https:\/\/www.facebook.com\/italpassion.it\/\",\"https:\/\/www.facebook.com\/italpassion.de\/\",\"https:\/\/www.facebook.com\/italpassion.ja\/\"]},{\"@type\":\"Person\",\"@id\":\"https:\/\/www.italpassion.fr\/nl\/#\/schema\/person\/36f747b2a759ca202d847e85a9434ca0\",\"name\":\"Alexandre Filluzeau\",\"image\":{\"@type\":\"ImageObject\",\"inLanguage\":\"nl-NL\",\"@id\":\"https:\/\/www.italpassion.fr\/nl\/#\/schema\/person\/image\/\",\"url\":\"https:\/\/www.italpassion.fr\/wp-content\/uploads\/2025\/04\/avatar-alexandre-160x160.jpg\",\"contentUrl\":\"https:\/\/www.italpassion.fr\/wp-content\/uploads\/2025\/04\/avatar-alexandre-160x160.jpg\",\"caption\":\"Alexandre Filluzeau\"},\"description\":\"Fondateur du site ItalPassion, passionn\u00e9 de voitures italiennes et de l'Italie en g\u00e9n\u00e9ral. J'apporte un regard critique et technique aux actualit\u00e9s des marques italiennes quand cela est possible. Propri\u00e9taire d'une Maserati GranTurismo, Alfa Romeo MiTo, Lancia Fulvia et Ducati 695. Ex-propri\u00e9taire d'une Alfa Romeo Giulia.\",\"sameAs\":[\"https:\/\/www.italpassion.fr\/\"],\"url\":\"https:\/\/www.italpassion.fr\/nl\/author\/alexandre\/\"}]}<\/script>\n<!-- \/ Yoast SEO plugin. -->","yoast_head_json":{"title":"F1: wat als Ferrari Carlos Sainz zou terugroepen? Dit is wat hij te zeggen had - ItalPassion","description":"Carlos Sainz is niet langer een coureur van Scuderia Ferrari, maar zijn schaduw hangt nog steeds boven Maranello. Overgeplaatst naar Williams na de aankondiging van","robots":{"index":"index","follow":"follow","max-snippet":"max-snippet:-1","max-image-preview":"max-image-preview:large","max-video-preview":"max-video-preview:-1"},"canonical":"https:\/\/www.italpassion.fr\/nl\/wedstrijd\/formule-1\/f1-en-als-ferrari-carlos-sainz-terugroept-is-dit-wat-hij-zei\/","og_locale":"nl_NL","og_type":"article","og_title":"F1 : et si Ferrari rappelait Carlos Sainz ? Voici ce qu\u2019il a r\u00e9pondu - ItalPassion","og_description":"Carlos Sainz n\u2019est plus un pilote de la Scuderia Ferrari, mais son ombre plane toujours sur Maranello. Transf\u00e9r\u00e9 chez Williams apr\u00e8s l\u2019annonce de","og_url":"https:\/\/www.italpassion.fr\/nl\/wedstrijd\/formule-1\/f1-en-als-ferrari-carlos-sainz-terugroept-is-dit-wat-hij-zei\/","og_site_name":"ItalPassion","article_publisher":"https:\/\/www.facebook.com\/italpassion","article_published_time":"2025-05-21T10:02:11+00:00","og_image":[{"width":1200,"height":800,"url":"https:\/\/www.italpassion.fr\/wp-content\/uploads\/2025\/04\/carlos-sainz-williams.jpg","type":"image\/jpeg"}],"author":"Alexandre Filluzeau","twitter_card":"summary_large_image","twitter_creator":"@italpassion","twitter_site":"@italpassion","schema":{"@context":"https:\/\/schema.org","@graph":[{"@type":"NewsArticle","@id":"https:\/\/www.italpassion.fr\/nl\/competition\/formule-1\/f1-et-si-ferrari-rappelait-carlos-sainz-voici-ce-quil-a-repondu\/#article","isPartOf":{"@id":"https:\/\/www.italpassion.fr\/nl\/competition\/formule-1\/f1-et-si-ferrari-rappelait-carlos-sainz-voici-ce-quil-a-repondu\/"},"author":{"name":"Alexandre Filluzeau","@id":"https:\/\/www.italpassion.fr\/nl\/#\/schema\/person\/36f747b2a759ca202d847e85a9434ca0"},"headline":"F1 : et si Ferrari rappelait Carlos Sainz ? Voici ce qu\u2019il a r\u00e9pondu","datePublished":"2025-05-21T10:02:11+00:00","mainEntityOfPage":{"@id":"https:\/\/www.italpassion.fr\/nl\/competition\/formule-1\/f1-et-si-ferrari-rappelait-carlos-sainz-voici-ce-quil-a-repondu\/"},"wordCount":497,"commentCount":0,"publisher":{"@id":"https:\/\/www.italpassion.fr\/nl\/#organization"},"image":{"@id":"https:\/\/www.italpassion.fr\/nl\/competition\/formule-1\/f1-et-si-ferrari-rappelait-carlos-sainz-voici-ce-quil-a-repondu\/#primaryimage"},"thumbnailUrl":"https:\/\/www.italpassion.fr\/wp-content\/uploads\/2025\/04\/carlos-sainz-williams.jpg","keywords":["Scuderia Ferrari"],"articleSection":["Formule 1","Sport Auto"],"inLanguage":"nl-NL","potentialAction":[{"@type":"CommentAction","name":"Comment","target":["https:\/\/www.italpassion.fr\/nl\/competition\/formule-1\/f1-et-si-ferrari-rappelait-carlos-sainz-voici-ce-quil-a-repondu\/#respond"]}]},{"@type":"WebPage","@id":"https:\/\/www.italpassion.fr\/nl\/competition\/formule-1\/f1-et-si-ferrari-rappelait-carlos-sainz-voici-ce-quil-a-repondu\/","url":"https:\/\/www.italpassion.fr\/nl\/competition\/formule-1\/f1-et-si-ferrari-rappelait-carlos-sainz-voici-ce-quil-a-repondu\/","name":"F1: wat als Ferrari Carlos Sainz zou terugroepen? Dit is wat hij te zeggen had - ItalPassion","isPartOf":{"@id":"https:\/\/www.italpassion.fr\/nl\/#website"},"primaryImageOfPage":{"@id":"https:\/\/www.italpassion.fr\/nl\/competition\/formule-1\/f1-et-si-ferrari-rappelait-carlos-sainz-voici-ce-quil-a-repondu\/#primaryimage"},"image":{"@id":"https:\/\/www.italpassion.fr\/nl\/competition\/formule-1\/f1-et-si-ferrari-rappelait-carlos-sainz-voici-ce-quil-a-repondu\/#primaryimage"},"thumbnailUrl":"https:\/\/www.italpassion.fr\/wp-content\/uploads\/2025\/04\/carlos-sainz-williams.jpg","datePublished":"2025-05-21T10:02:11+00:00","description":"Carlos Sainz is niet langer een coureur van Scuderia Ferrari, maar zijn schaduw hangt nog steeds boven Maranello. Overgeplaatst naar Williams na de aankondiging van","breadcrumb":{"@id":"https:\/\/www.italpassion.fr\/nl\/competition\/formule-1\/f1-et-si-ferrari-rappelait-carlos-sainz-voici-ce-quil-a-repondu\/#breadcrumb"},"inLanguage":"nl-NL","potentialAction":[{"@type":"ReadAction","target":["https:\/\/www.italpassion.fr\/nl\/competition\/formule-1\/f1-et-si-ferrari-rappelait-carlos-sainz-voici-ce-quil-a-repondu\/"]}]},{"@type":"ImageObject","inLanguage":"nl-NL","@id":"https:\/\/www.italpassion.fr\/nl\/competition\/formule-1\/f1-et-si-ferrari-rappelait-carlos-sainz-voici-ce-quil-a-repondu\/#primaryimage","url":"https:\/\/www.italpassion.fr\/wp-content\/uploads\/2025\/04\/carlos-sainz-williams.jpg","contentUrl":"https:\/\/www.italpassion.fr\/wp-content\/uploads\/2025\/04\/carlos-sainz-williams.jpg","width":1200,"height":800},{"@type":"BreadcrumbList","@id":"https:\/\/www.italpassion.fr\/nl\/competition\/formule-1\/f1-et-si-ferrari-rappelait-carlos-sainz-voici-ce-quil-a-repondu\/#breadcrumb","itemListElement":[{"@type":"ListItem","position":1,"name":"Accueil","item":"https:\/\/www.italpassion.fr\/nl\/"},{"@type":"ListItem","position":2,"name":"F1 : et si Ferrari rappelait Carlos Sainz ? Voici ce qu\u2019il a r\u00e9pondu"}]},{"@type":"WebSite","@id":"https:\/\/www.italpassion.fr\/nl\/#website","url":"https:\/\/www.italpassion.fr\/nl\/","name":"ItalPassion","description":"Italiaanse autoliefhebbers","publisher":{"@id":"https:\/\/www.italpassion.fr\/nl\/#organization"},"potentialAction":[{"@type":"SearchAction","target":{"@type":"EntryPoint","urlTemplate":"https:\/\/www.italpassion.fr\/nl\/?s={search_term_string}"},"query-input":{"@type":"PropertyValueSpecification","valueRequired":true,"valueName":"search_term_string"}}],"inLanguage":"nl-NL"},{"@type":"Organization","@id":"https:\/\/www.italpassion.fr\/nl\/#organization","name":"Italpassion","url":"https:\/\/www.italpassion.fr\/nl\/","logo":{"@type":"ImageObject","inLanguage":"nl-NL","@id":"https:\/\/www.italpassion.fr\/nl\/#\/schema\/logo\/image\/","url":"https:\/\/www.italpassion.fr\/wp-content\/uploads\/2023\/07\/italpassion-yoast.jpg","contentUrl":"https:\/\/www.italpassion.fr\/wp-content\/uploads\/2023\/07\/italpassion-yoast.jpg","width":696,"height":696,"caption":"Italpassion"},"image":{"@id":"https:\/\/www.italpassion.fr\/nl\/#\/schema\/logo\/image\/"},"sameAs":["https:\/\/www.facebook.com\/italpassion","https:\/\/x.com\/italpassion","https:\/\/www.instagram.com\/italpassionfr\/","https:\/\/www.youtube.com\/channel\/UCleq-ByQaA42OjhopwevRjQ","https:\/\/www.facebook.com\/italpassion.en\/","https:\/\/www.facebook.com\/italpassion.it\/","https:\/\/www.facebook.com\/italpassion.de\/","https:\/\/www.facebook.com\/italpassion.ja\/"]},{"@type":"Person","@id":"https:\/\/www.italpassion.fr\/nl\/#\/schema\/person\/36f747b2a759ca202d847e85a9434ca0","name":"Alexandre Filluzeau","image":{"@type":"ImageObject","inLanguage":"nl-NL","@id":"https:\/\/www.italpassion.fr\/nl\/#\/schema\/person\/image\/","url":"https:\/\/www.italpassion.fr\/wp-content\/uploads\/2025\/04\/avatar-alexandre-160x160.jpg","contentUrl":"https:\/\/www.italpassion.fr\/wp-content\/uploads\/2025\/04\/avatar-alexandre-160x160.jpg","caption":"Alexandre Filluzeau"},"description":"Oprichter van de website ItalPassion, gepassioneerd door Italiaanse auto's en Itali\u00eb in het algemeen. Waar mogelijk breng ik een kritisch en technisch oog naar nieuws over Italiaanse merken. Eigenaar van een Maserati GranTurismo, Alfa Romeo MiTo, Lancia Fulvia en Ducati 695. Ex-eigenaar van een Alfa Romeo Giulia.","sameAs":["https:\/\/www.italpassion.fr\/"],"url":"https:\/\/www.italpassion.fr\/nl\/author\/alexandre\/"}]}},"_links":{"self":[{"href":"https:\/\/www.italpassion.fr\/nl\/wp-json\/wp\/v2\/posts\/38563","targetHints":{"allow":["GET"]}}],"collection":[{"href":"https:\/\/www.italpassion.fr\/nl\/wp-json\/wp\/v2\/posts"}],"about":[{"href":"https:\/\/www.italpassion.fr\/nl\/wp-json\/wp\/v2\/types\/post"}],"author":[{"embeddable":true,"href":"https:\/\/www.italpassion.fr\/nl\/wp-json\/wp\/v2\/users\/1"}],"replies":[{"embeddable":true,"href":"https:\/\/www.italpassion.fr\/nl\/wp-json\/wp\/v2\/comments?post=38563"}],"version-history":[{"count":2,"href":"https:\/\/www.italpassion.fr\/nl\/wp-json\/wp\/v2\/posts\/38563\/revisions"}],"predecessor-version":[{"id":38622,"href":"https:\/\/www.italpassion.fr\/nl\/wp-json\/wp\/v2\/posts\/38563\/revisions\/38622"}],"wp:featuredmedia":[{"embeddable":true,"href":"https:\/\/www.italpassion.fr\/nl\/wp-json\/wp\/v2\/media\/37914"}],"wp:attachment":[{"href":"https:\/\/www.italpassion.fr\/nl\/wp-json\/wp\/v2\/media?parent=38563"}],"wp:term":[{"taxonomy":"category","embeddable":true,"href":"https:\/\/www.italpassion.fr\/nl\/wp-json\/wp\/v2\/categories?post=38563"},{"taxonomy":"post_tag","embeddable":true,"href":"https:\/\/www.italpassion.fr\/nl\/wp-json\/wp\/v2\/tags?post=38563"}],"curies":[{"name":"wp","href":"https:\/\/api.w.org\/{rel}","templated":true}]}}