{"id":38452,"date":"2025-05-14T16:47:21","date_gmt":"2025-05-14T14:47:21","guid":{"rendered":"https:\/\/www.italpassion.fr\/?p=38452"},"modified":"2025-05-14T16:47:21","modified_gmt":"2025-05-14T14:47:21","slug":"ferrari-f1-geen-devolutie-op-imola-maar-scuderia-zal-proberen-de-sterke-punten-van-mclaren-te-kopieren","status":"publish","type":"post","link":"https:\/\/www.italpassion.fr\/nl\/competition\/formule-1\/ferrari-f1-pas-devolution-a-imola-mais-la-scuderia-va-essayer-de-copier-le-point-fort-de-la-mclaren\/","title":{"rendered":"Ferrari F1: geen veranderingen in Imola, maar de Scuderia zal proberen het sterke punt van McLaren te kopi\u00ebren..."},"content":{"rendered":"<figure class=\"wp-block-image size-full\"><img loading=\"lazy\" decoding=\"async\" width=\"1200\" height=\"800\" src=\"https:\/\/www.italpassion.fr\/wp-content\/uploads\/2025\/05\/sf25-imola.jpg\" alt=\"\" class=\"wp-image-38453\" srcset=\"https:\/\/www.italpassion.fr\/wp-content\/uploads\/2025\/05\/sf25-imola.jpg 1200w, https:\/\/www.italpassion.fr\/wp-content\/uploads\/2025\/05\/sf25-imola-420x280.jpg 420w, https:\/\/www.italpassion.fr\/wp-content\/uploads\/2025\/05\/sf25-imola-768x512.jpg 768w, https:\/\/www.italpassion.fr\/wp-content\/uploads\/2025\/05\/sf25-imola-18x12.jpg 18w\" sizes=\"auto, (max-width: 1200px) 100vw, 1200px\" \/><\/figure>\n\n\n\n<p><strong>Terwijl de Grand Prix van <a href=\"https:\/\/www.italpassion.fr\/nl\/wedstrijd\/formule-1\/\">F1<\/a> van Emilia-Romagna nadert, de <a href=\"https:\/\/www.italpassion.fr\/nl\/tag\/scuderia-ferrari\/\">Scuderia Ferrari<\/a> bereidt zich voor op een cruciaal thuisweekend... zonder echte vooruitgang zichtbaar op zijn SF-25.<\/strong> Een frustrerende conclusie voor de tifosi, vooral omdat het Italiaanse team nog steeds niet in staat lijkt om het potentieel van zijn eenzitter te ontsluiten, ondanks de belofte in de simulator. Achter de schermen zou een onopvallende test echter een technisch keerpunt kunnen betekenen: Ferrari gaat experimenteren met een nieuw remsysteem voor de achterkant, direct ge\u00efnspireerd door de formidabele effici\u00ebntie van McLaren op dit gebied.<\/p>\n\n\n\n<h2 class=\"wp-block-heading\">Geen grote veranderingen op Imola, SF-25B blijft wachten<\/h2>\n\n\n\n<p>In tegenstelling tot 2024, toen de SF-24 profiteerde van een groot pakket op Imola, <strong>Er zijn dit jaar geen grote veranderingen gepland voor de SF-25. <\/strong>Het oorspronkelijke plan is gehandhaafd: een echte technische revisie, met als middelpunt een nieuwe achterwielophanging, <a href=\"https:\/\/www.italpassion.fr\/nl\/wedstrijd\/formule-1\/ferrari-f1-hier-is-wanneer-de-scuderia-gaat-om-de-oplossing-die-het-probleem-met-de-sf25-waarschijnlijk-te-laat-zal-corrigeren-brengen\/\">zal niet aankomen voor Silverstone<\/a>halverwege het seizoen. In de tussentijd proberen een paar kleine corrigerende maatregelen, zoals de nieuwe platte bodem die gepland staat voor Barcelona, de schade te beperken. Kortom, Ferrari blijft qua prestaties achterlopen op zijn rivalen.<\/p>\n\n\n\n<p><strong>De situatie is des te frustrerender omdat de aerodynamische simulaties veelbelovende resultaten laten zien.<\/strong> Maar de vlakke vloer werd niet volledig benut door een mechanisch defecte achterkant. Lewis Hamilton nam geen blad voor de mond tijdens de debriefing na Miami. De auto werd onstabiel, onvoorspelbaar en niet in staat geacht om zijn prestaties op lange termijn te handhaven. Een SF-25 die niet strookte met de ambities die hij had uitgesproken.<\/p>\n\n\n\n<h2 class=\"wp-block-heading\">Ferrari wil het geheim van McLaren begrijpen<\/h2>\n\n\n\n<p>Maar hoewel Imola misschien nog niet de langverwachte revolutie markeert, zou het wel het toneel kunnen zijn van een strategisch keerpunt. Volgens AutoRacer.it, <strong>Ferrari test een experimenteel remsysteem achteraan met herontworpen interne kanalen. <\/strong>Officieel zijn deze aanpassingen bedoeld voor koeling. Onofficieel zijn ze vooral bedoeld om te reproduceren wat McLaren als geen ander beheerst: het thermisch beheer van de achterbanden.<\/p>\n\n\n\n<blockquote class=\"twitter-tweet\" data-media-max-width=\"560\"><p lang=\"en\" dir=\"ltr\">Een serie dia's ter illustratie van de <a href=\"https:\/\/twitter.com\/hashtag\/McLaren?src=hash&amp;ref_src=twsrc%5Etfw\">#McLaren<\/a> Het remsysteem achteraan van de MCL39, waar vloeistofdynamica wordt gebruikt voor zowel koeling als aerodynamica. Een scheiding van interne stromen met meerdere functies, waaronder het controleren van oververhitting van de banden door de binnenkant van de velg te koelen. <a href=\"https:\/\/t.co\/otCLo8ov6z\">pic.twitter.com\/otCLo8ov6z<\/a><\/p>- Rosario Giuliana (@RosarioGiuliana) <a href=\"https:\/\/twitter.com\/RosarioGiuliana\/status\/1921863759905030624?ref_src=twsrc%5Etfw\">12 mei 2025<\/a><\/blockquote> <script async src=\"https:\/\/platform.twitter.com\/widgets.js\" charset=\"utf-8\"><\/script>\n\n\n\n<p>Bovenstaand diagram (tekening: Rosario Giuliana) onthult het geheim van de MCL39. Dankzij een slimme opstelling van de luchtstromen in de remschoepen,<strong> McLaren slaagt erin om niet alleen de temperatuur van de remmen (schijven, remklauwen) maar ook die van de velg zelf zeer nauwkeurig te regelen. <\/strong>Dit beperkt oververhitting van de banden, een cruciale factor in het behouden van raceprestaties en consistentie. Het is deze aanpak die Ferrari probeert te evenaren op Imola, met een gerichte test van het achterremsysteem.<\/p>\n\n\n\n<h2 class=\"wp-block-heading\">Een eerste stap naar een nieuwe impuls<\/h2>\n\n\n\n<p><strong>Deze eenmalige test zal nauwlettend in de gaten worden gehouden door Lo\u00efc Serra, technisch directeur van Ferrari, die dit weekend zijn rentree maakt in de paddock. <\/strong>Het lijkt misschien een kleine ontwikkeling, maar de potenti\u00eble impact is groot. Het succesvol stabiliseren van de temperatuur van de achterbanden kan de algehele prestaties van de auto verbeteren, met name in kritieke fases zoals herstarts en het einde van stints. Het is ook een kans voor het team om een oplossing in echte omstandigheden te valideren, voordat er een besluit wordt genomen over een bredere integratie.<\/p>","protected":false},"excerpt":{"rendered":"","protected":false},"author":1,"featured_media":38453,"comment_status":"open","ping_status":"open","sticky":false,"template":"","format":"standard","meta":{"_acf_changed":false,"_sitemap_exclude":false,"_sitemap_priority":"","_sitemap_frequency":"","footnotes":""},"categories":[328,323],"tags":[370],"class_list":["post-38452","post","type-post","status-publish","format-standard","has-post-thumbnail","hentry","category-formule-1","category-competition","tag-scuderia-ferrari","generate-columns","tablet-grid-50","mobile-grid-100","grid-parent","grid-33"],"acf":[],"yoast_head":"<!-- This site is optimized with the Yoast SEO plugin v25.8 - https:\/\/yoast.com\/wordpress\/plugins\/seo\/ -->\n<title>Ferrari F1 : pas d&#039;\u00e9volution \u00e0 Imola, mais la Scuderia va essayer de copier le point fort de la McLaren... - ItalPassion<\/title>\n<meta name=\"description\" content=\"Alors que le Grand Prix de F1 d\u2019\u00c9milie-Romagne approche, la Scuderia Ferrari se pr\u00e9pare \u00e0 un week-end \u00e0 domicile crucial\u2026 sans r\u00e9elle \u00e9volution visible\" \/>\n<meta name=\"robots\" content=\"index, follow, max-snippet:-1, max-image-preview:large, max-video-preview:-1\" \/>\n<link rel=\"canonical\" href=\"https:\/\/www.italpassion.fr\/nl\/wedstrijd\/formule-1\/ferrari-f1-geen-devolutie-op-imola-maar-scuderia-zal-proberen-de-sterke-punten-van-mclaren-te-kopieren\/\" \/>\n<meta property=\"og:locale\" content=\"nl_NL\" \/>\n<meta property=\"og:type\" content=\"article\" \/>\n<meta property=\"og:title\" content=\"Ferrari F1 : pas d&#039;\u00e9volution \u00e0 Imola, mais la Scuderia va essayer de copier le point fort de la McLaren... - ItalPassion\" \/>\n<meta property=\"og:description\" content=\"Alors que le Grand Prix de F1 d\u2019\u00c9milie-Romagne approche, la Scuderia Ferrari se pr\u00e9pare \u00e0 un week-end \u00e0 domicile crucial\u2026 sans r\u00e9elle \u00e9volution visible\" \/>\n<meta property=\"og:url\" content=\"https:\/\/www.italpassion.fr\/nl\/wedstrijd\/formule-1\/ferrari-f1-geen-devolutie-op-imola-maar-scuderia-zal-proberen-de-sterke-punten-van-mclaren-te-kopieren\/\" \/>\n<meta property=\"og:site_name\" content=\"ItalPassion\" \/>\n<meta property=\"article:publisher\" content=\"https:\/\/www.facebook.com\/italpassion\" \/>\n<meta property=\"article:published_time\" content=\"2025-05-14T14:47:21+00:00\" \/>\n<meta property=\"og:image\" content=\"https:\/\/www.italpassion.fr\/wp-content\/uploads\/2025\/05\/sf25-imola.jpg\" \/>\n\t<meta property=\"og:image:width\" content=\"1200\" \/>\n\t<meta property=\"og:image:height\" content=\"800\" \/>\n\t<meta property=\"og:image:type\" content=\"image\/jpeg\" \/>\n<meta name=\"author\" content=\"Alexandre Filluzeau\" \/>\n<meta name=\"twitter:card\" content=\"summary_large_image\" \/>\n<meta name=\"twitter:creator\" content=\"@italpassion\" \/>\n<meta name=\"twitter:site\" content=\"@italpassion\" \/>\n<script type=\"application\/ld+json\" class=\"yoast-schema-graph\">{\"@context\":\"https:\/\/schema.org\",\"@graph\":[{\"@type\":\"NewsArticle\",\"@id\":\"https:\/\/www.italpassion.fr\/nl\/competition\/formule-1\/ferrari-f1-pas-devolution-a-imola-mais-la-scuderia-va-essayer-de-copier-le-point-fort-de-la-mclaren\/#article\",\"isPartOf\":{\"@id\":\"https:\/\/www.italpassion.fr\/nl\/competition\/formule-1\/ferrari-f1-pas-devolution-a-imola-mais-la-scuderia-va-essayer-de-copier-le-point-fort-de-la-mclaren\/\"},\"author\":{\"name\":\"Alexandre Filluzeau\",\"@id\":\"https:\/\/www.italpassion.fr\/nl\/#\/schema\/person\/36f747b2a759ca202d847e85a9434ca0\"},\"headline\":\"Ferrari F1 : pas d&rsquo;\u00e9volution \u00e0 Imola, mais la Scuderia va essayer de copier le point fort de la McLaren&#8230;\",\"datePublished\":\"2025-05-14T14:47:21+00:00\",\"mainEntityOfPage\":{\"@id\":\"https:\/\/www.italpassion.fr\/nl\/competition\/formule-1\/ferrari-f1-pas-devolution-a-imola-mais-la-scuderia-va-essayer-de-copier-le-point-fort-de-la-mclaren\/\"},\"wordCount\":621,\"commentCount\":0,\"publisher\":{\"@id\":\"https:\/\/www.italpassion.fr\/nl\/#organization\"},\"image\":{\"@id\":\"https:\/\/www.italpassion.fr\/nl\/competition\/formule-1\/ferrari-f1-pas-devolution-a-imola-mais-la-scuderia-va-essayer-de-copier-le-point-fort-de-la-mclaren\/#primaryimage\"},\"thumbnailUrl\":\"https:\/\/www.italpassion.fr\/wp-content\/uploads\/2025\/05\/sf25-imola.jpg\",\"keywords\":[\"Scuderia Ferrari\"],\"articleSection\":[\"Formule 1\",\"Sport Auto\"],\"inLanguage\":\"nl-NL\",\"potentialAction\":[{\"@type\":\"CommentAction\",\"name\":\"Comment\",\"target\":[\"https:\/\/www.italpassion.fr\/nl\/competition\/formule-1\/ferrari-f1-pas-devolution-a-imola-mais-la-scuderia-va-essayer-de-copier-le-point-fort-de-la-mclaren\/#respond\"]}]},{\"@type\":\"WebPage\",\"@id\":\"https:\/\/www.italpassion.fr\/nl\/competition\/formule-1\/ferrari-f1-pas-devolution-a-imola-mais-la-scuderia-va-essayer-de-copier-le-point-fort-de-la-mclaren\/\",\"url\":\"https:\/\/www.italpassion.fr\/nl\/competition\/formule-1\/ferrari-f1-pas-devolution-a-imola-mais-la-scuderia-va-essayer-de-copier-le-point-fort-de-la-mclaren\/\",\"name\":\"Ferrari F1 : pas d'\u00e9volution \u00e0 Imola, mais la Scuderia va essayer de copier le point fort de la McLaren... - ItalPassion\",\"isPartOf\":{\"@id\":\"https:\/\/www.italpassion.fr\/nl\/#website\"},\"primaryImageOfPage\":{\"@id\":\"https:\/\/www.italpassion.fr\/nl\/competition\/formule-1\/ferrari-f1-pas-devolution-a-imola-mais-la-scuderia-va-essayer-de-copier-le-point-fort-de-la-mclaren\/#primaryimage\"},\"image\":{\"@id\":\"https:\/\/www.italpassion.fr\/nl\/competition\/formule-1\/ferrari-f1-pas-devolution-a-imola-mais-la-scuderia-va-essayer-de-copier-le-point-fort-de-la-mclaren\/#primaryimage\"},\"thumbnailUrl\":\"https:\/\/www.italpassion.fr\/wp-content\/uploads\/2025\/05\/sf25-imola.jpg\",\"datePublished\":\"2025-05-14T14:47:21+00:00\",\"description\":\"Alors que le Grand Prix de F1 d\u2019\u00c9milie-Romagne approche, la Scuderia Ferrari se pr\u00e9pare \u00e0 un week-end \u00e0 domicile crucial\u2026 sans r\u00e9elle \u00e9volution visible\",\"breadcrumb\":{\"@id\":\"https:\/\/www.italpassion.fr\/nl\/competition\/formule-1\/ferrari-f1-pas-devolution-a-imola-mais-la-scuderia-va-essayer-de-copier-le-point-fort-de-la-mclaren\/#breadcrumb\"},\"inLanguage\":\"nl-NL\",\"potentialAction\":[{\"@type\":\"ReadAction\",\"target\":[\"https:\/\/www.italpassion.fr\/nl\/competition\/formule-1\/ferrari-f1-pas-devolution-a-imola-mais-la-scuderia-va-essayer-de-copier-le-point-fort-de-la-mclaren\/\"]}]},{\"@type\":\"ImageObject\",\"inLanguage\":\"nl-NL\",\"@id\":\"https:\/\/www.italpassion.fr\/nl\/competition\/formule-1\/ferrari-f1-pas-devolution-a-imola-mais-la-scuderia-va-essayer-de-copier-le-point-fort-de-la-mclaren\/#primaryimage\",\"url\":\"https:\/\/www.italpassion.fr\/wp-content\/uploads\/2025\/05\/sf25-imola.jpg\",\"contentUrl\":\"https:\/\/www.italpassion.fr\/wp-content\/uploads\/2025\/05\/sf25-imola.jpg\",\"width\":1200,\"height\":800},{\"@type\":\"BreadcrumbList\",\"@id\":\"https:\/\/www.italpassion.fr\/nl\/competition\/formule-1\/ferrari-f1-pas-devolution-a-imola-mais-la-scuderia-va-essayer-de-copier-le-point-fort-de-la-mclaren\/#breadcrumb\",\"itemListElement\":[{\"@type\":\"ListItem\",\"position\":1,\"name\":\"Accueil\",\"item\":\"https:\/\/www.italpassion.fr\/nl\/\"},{\"@type\":\"ListItem\",\"position\":2,\"name\":\"Ferrari F1 : pas d&rsquo;\u00e9volution \u00e0 Imola, mais la Scuderia va essayer de copier le point fort de la McLaren&#8230;\"}]},{\"@type\":\"WebSite\",\"@id\":\"https:\/\/www.italpassion.fr\/nl\/#website\",\"url\":\"https:\/\/www.italpassion.fr\/nl\/\",\"name\":\"ItalPassion\",\"description\":\"Les Passionn\u00e9s d&#039;Automobiles Italiennes\",\"publisher\":{\"@id\":\"https:\/\/www.italpassion.fr\/nl\/#organization\"},\"potentialAction\":[{\"@type\":\"SearchAction\",\"target\":{\"@type\":\"EntryPoint\",\"urlTemplate\":\"https:\/\/www.italpassion.fr\/nl\/?s={search_term_string}\"},\"query-input\":{\"@type\":\"PropertyValueSpecification\",\"valueRequired\":true,\"valueName\":\"search_term_string\"}}],\"inLanguage\":\"nl-NL\"},{\"@type\":\"Organization\",\"@id\":\"https:\/\/www.italpassion.fr\/nl\/#organization\",\"name\":\"Italpassion\",\"url\":\"https:\/\/www.italpassion.fr\/nl\/\",\"logo\":{\"@type\":\"ImageObject\",\"inLanguage\":\"nl-NL\",\"@id\":\"https:\/\/www.italpassion.fr\/nl\/#\/schema\/logo\/image\/\",\"url\":\"https:\/\/www.italpassion.fr\/wp-content\/uploads\/2023\/07\/italpassion-yoast.jpg\",\"contentUrl\":\"https:\/\/www.italpassion.fr\/wp-content\/uploads\/2023\/07\/italpassion-yoast.jpg\",\"width\":696,\"height\":696,\"caption\":\"Italpassion\"},\"image\":{\"@id\":\"https:\/\/www.italpassion.fr\/nl\/#\/schema\/logo\/image\/\"},\"sameAs\":[\"https:\/\/www.facebook.com\/italpassion\",\"https:\/\/x.com\/italpassion\",\"https:\/\/www.instagram.com\/italpassionfr\/\",\"https:\/\/www.youtube.com\/channel\/UCleq-ByQaA42OjhopwevRjQ\",\"https:\/\/www.facebook.com\/italpassion.en\/\",\"https:\/\/www.facebook.com\/italpassion.it\/\",\"https:\/\/www.facebook.com\/italpassion.de\/\",\"https:\/\/www.facebook.com\/italpassion.ja\/\"]},{\"@type\":\"Person\",\"@id\":\"https:\/\/www.italpassion.fr\/nl\/#\/schema\/person\/36f747b2a759ca202d847e85a9434ca0\",\"name\":\"Alexandre Filluzeau\",\"image\":{\"@type\":\"ImageObject\",\"inLanguage\":\"nl-NL\",\"@id\":\"https:\/\/www.italpassion.fr\/nl\/#\/schema\/person\/image\/\",\"url\":\"https:\/\/www.italpassion.fr\/wp-content\/uploads\/2025\/04\/avatar-alexandre-160x160.jpg\",\"contentUrl\":\"https:\/\/www.italpassion.fr\/wp-content\/uploads\/2025\/04\/avatar-alexandre-160x160.jpg\",\"caption\":\"Alexandre Filluzeau\"},\"description\":\"Fondateur du site ItalPassion, passionn\u00e9 de voitures italiennes et de l'Italie en g\u00e9n\u00e9ral. J'apporte un regard critique et technique aux actualit\u00e9s des marques italiennes quand cela est possible. Propri\u00e9taire d'une Maserati GranTurismo, Alfa Romeo MiTo, Lancia Fulvia et Ducati 695. Ex-propri\u00e9taire d'une Alfa Romeo Giulia.\",\"sameAs\":[\"https:\/\/www.italpassion.fr\/\"],\"url\":\"https:\/\/www.italpassion.fr\/nl\/author\/alexandre\/\"}]}<\/script>\n<!-- \/ Yoast SEO plugin. -->","yoast_head_json":{"title":"Ferrari F1: geen veranderingen in Imola, maar de Scuderia zal proberen McLaren's sterke punt te kopi\u00ebren... - Itali\u00eb Passie","description":"Terwijl de F1 Grand Prix van Emilia-Romagna nadert, bereidt Scuderia Ferrari zich voor op een cruciaal thuisweekend... zonder echte veranderingen in zicht.","robots":{"index":"index","follow":"follow","max-snippet":"max-snippet:-1","max-image-preview":"max-image-preview:large","max-video-preview":"max-video-preview:-1"},"canonical":"https:\/\/www.italpassion.fr\/nl\/wedstrijd\/formule-1\/ferrari-f1-geen-devolutie-op-imola-maar-scuderia-zal-proberen-de-sterke-punten-van-mclaren-te-kopieren\/","og_locale":"nl_NL","og_type":"article","og_title":"Ferrari F1 : pas d'\u00e9volution \u00e0 Imola, mais la Scuderia va essayer de copier le point fort de la McLaren... - ItalPassion","og_description":"Alors que le Grand Prix de F1 d\u2019\u00c9milie-Romagne approche, la Scuderia Ferrari se pr\u00e9pare \u00e0 un week-end \u00e0 domicile crucial\u2026 sans r\u00e9elle \u00e9volution visible","og_url":"https:\/\/www.italpassion.fr\/nl\/wedstrijd\/formule-1\/ferrari-f1-geen-devolutie-op-imola-maar-scuderia-zal-proberen-de-sterke-punten-van-mclaren-te-kopieren\/","og_site_name":"ItalPassion","article_publisher":"https:\/\/www.facebook.com\/italpassion","article_published_time":"2025-05-14T14:47:21+00:00","og_image":[{"width":1200,"height":800,"url":"https:\/\/www.italpassion.fr\/wp-content\/uploads\/2025\/05\/sf25-imola.jpg","type":"image\/jpeg"}],"author":"Alexandre Filluzeau","twitter_card":"summary_large_image","twitter_creator":"@italpassion","twitter_site":"@italpassion","schema":{"@context":"https:\/\/schema.org","@graph":[{"@type":"NewsArticle","@id":"https:\/\/www.italpassion.fr\/nl\/competition\/formule-1\/ferrari-f1-pas-devolution-a-imola-mais-la-scuderia-va-essayer-de-copier-le-point-fort-de-la-mclaren\/#article","isPartOf":{"@id":"https:\/\/www.italpassion.fr\/nl\/competition\/formule-1\/ferrari-f1-pas-devolution-a-imola-mais-la-scuderia-va-essayer-de-copier-le-point-fort-de-la-mclaren\/"},"author":{"name":"Alexandre Filluzeau","@id":"https:\/\/www.italpassion.fr\/nl\/#\/schema\/person\/36f747b2a759ca202d847e85a9434ca0"},"headline":"Ferrari F1 : pas d&rsquo;\u00e9volution \u00e0 Imola, mais la Scuderia va essayer de copier le point fort de la McLaren&#8230;","datePublished":"2025-05-14T14:47:21+00:00","mainEntityOfPage":{"@id":"https:\/\/www.italpassion.fr\/nl\/competition\/formule-1\/ferrari-f1-pas-devolution-a-imola-mais-la-scuderia-va-essayer-de-copier-le-point-fort-de-la-mclaren\/"},"wordCount":621,"commentCount":0,"publisher":{"@id":"https:\/\/www.italpassion.fr\/nl\/#organization"},"image":{"@id":"https:\/\/www.italpassion.fr\/nl\/competition\/formule-1\/ferrari-f1-pas-devolution-a-imola-mais-la-scuderia-va-essayer-de-copier-le-point-fort-de-la-mclaren\/#primaryimage"},"thumbnailUrl":"https:\/\/www.italpassion.fr\/wp-content\/uploads\/2025\/05\/sf25-imola.jpg","keywords":["Scuderia Ferrari"],"articleSection":["Formule 1","Sport Auto"],"inLanguage":"nl-NL","potentialAction":[{"@type":"CommentAction","name":"Comment","target":["https:\/\/www.italpassion.fr\/nl\/competition\/formule-1\/ferrari-f1-pas-devolution-a-imola-mais-la-scuderia-va-essayer-de-copier-le-point-fort-de-la-mclaren\/#respond"]}]},{"@type":"WebPage","@id":"https:\/\/www.italpassion.fr\/nl\/competition\/formule-1\/ferrari-f1-pas-devolution-a-imola-mais-la-scuderia-va-essayer-de-copier-le-point-fort-de-la-mclaren\/","url":"https:\/\/www.italpassion.fr\/nl\/competition\/formule-1\/ferrari-f1-pas-devolution-a-imola-mais-la-scuderia-va-essayer-de-copier-le-point-fort-de-la-mclaren\/","name":"Ferrari F1: geen veranderingen in Imola, maar de Scuderia zal proberen McLaren's sterke punt te kopi\u00ebren... - Itali\u00eb Passie","isPartOf":{"@id":"https:\/\/www.italpassion.fr\/nl\/#website"},"primaryImageOfPage":{"@id":"https:\/\/www.italpassion.fr\/nl\/competition\/formule-1\/ferrari-f1-pas-devolution-a-imola-mais-la-scuderia-va-essayer-de-copier-le-point-fort-de-la-mclaren\/#primaryimage"},"image":{"@id":"https:\/\/www.italpassion.fr\/nl\/competition\/formule-1\/ferrari-f1-pas-devolution-a-imola-mais-la-scuderia-va-essayer-de-copier-le-point-fort-de-la-mclaren\/#primaryimage"},"thumbnailUrl":"https:\/\/www.italpassion.fr\/wp-content\/uploads\/2025\/05\/sf25-imola.jpg","datePublished":"2025-05-14T14:47:21+00:00","description":"Terwijl de F1 Grand Prix van Emilia-Romagna nadert, bereidt Scuderia Ferrari zich voor op een cruciaal thuisweekend... zonder echte veranderingen in zicht.","breadcrumb":{"@id":"https:\/\/www.italpassion.fr\/nl\/competition\/formule-1\/ferrari-f1-pas-devolution-a-imola-mais-la-scuderia-va-essayer-de-copier-le-point-fort-de-la-mclaren\/#breadcrumb"},"inLanguage":"nl-NL","potentialAction":[{"@type":"ReadAction","target":["https:\/\/www.italpassion.fr\/nl\/competition\/formule-1\/ferrari-f1-pas-devolution-a-imola-mais-la-scuderia-va-essayer-de-copier-le-point-fort-de-la-mclaren\/"]}]},{"@type":"ImageObject","inLanguage":"nl-NL","@id":"https:\/\/www.italpassion.fr\/nl\/competition\/formule-1\/ferrari-f1-pas-devolution-a-imola-mais-la-scuderia-va-essayer-de-copier-le-point-fort-de-la-mclaren\/#primaryimage","url":"https:\/\/www.italpassion.fr\/wp-content\/uploads\/2025\/05\/sf25-imola.jpg","contentUrl":"https:\/\/www.italpassion.fr\/wp-content\/uploads\/2025\/05\/sf25-imola.jpg","width":1200,"height":800},{"@type":"BreadcrumbList","@id":"https:\/\/www.italpassion.fr\/nl\/competition\/formule-1\/ferrari-f1-pas-devolution-a-imola-mais-la-scuderia-va-essayer-de-copier-le-point-fort-de-la-mclaren\/#breadcrumb","itemListElement":[{"@type":"ListItem","position":1,"name":"Accueil","item":"https:\/\/www.italpassion.fr\/nl\/"},{"@type":"ListItem","position":2,"name":"Ferrari F1 : pas d&rsquo;\u00e9volution \u00e0 Imola, mais la Scuderia va essayer de copier le point fort de la McLaren&#8230;"}]},{"@type":"WebSite","@id":"https:\/\/www.italpassion.fr\/nl\/#website","url":"https:\/\/www.italpassion.fr\/nl\/","name":"ItalPassion","description":"Italiaanse autoliefhebbers","publisher":{"@id":"https:\/\/www.italpassion.fr\/nl\/#organization"},"potentialAction":[{"@type":"SearchAction","target":{"@type":"EntryPoint","urlTemplate":"https:\/\/www.italpassion.fr\/nl\/?s={search_term_string}"},"query-input":{"@type":"PropertyValueSpecification","valueRequired":true,"valueName":"search_term_string"}}],"inLanguage":"nl-NL"},{"@type":"Organization","@id":"https:\/\/www.italpassion.fr\/nl\/#organization","name":"Italpassion","url":"https:\/\/www.italpassion.fr\/nl\/","logo":{"@type":"ImageObject","inLanguage":"nl-NL","@id":"https:\/\/www.italpassion.fr\/nl\/#\/schema\/logo\/image\/","url":"https:\/\/www.italpassion.fr\/wp-content\/uploads\/2023\/07\/italpassion-yoast.jpg","contentUrl":"https:\/\/www.italpassion.fr\/wp-content\/uploads\/2023\/07\/italpassion-yoast.jpg","width":696,"height":696,"caption":"Italpassion"},"image":{"@id":"https:\/\/www.italpassion.fr\/nl\/#\/schema\/logo\/image\/"},"sameAs":["https:\/\/www.facebook.com\/italpassion","https:\/\/x.com\/italpassion","https:\/\/www.instagram.com\/italpassionfr\/","https:\/\/www.youtube.com\/channel\/UCleq-ByQaA42OjhopwevRjQ","https:\/\/www.facebook.com\/italpassion.en\/","https:\/\/www.facebook.com\/italpassion.it\/","https:\/\/www.facebook.com\/italpassion.de\/","https:\/\/www.facebook.com\/italpassion.ja\/"]},{"@type":"Person","@id":"https:\/\/www.italpassion.fr\/nl\/#\/schema\/person\/36f747b2a759ca202d847e85a9434ca0","name":"Alexandre Filluzeau","image":{"@type":"ImageObject","inLanguage":"nl-NL","@id":"https:\/\/www.italpassion.fr\/nl\/#\/schema\/person\/image\/","url":"https:\/\/www.italpassion.fr\/wp-content\/uploads\/2025\/04\/avatar-alexandre-160x160.jpg","contentUrl":"https:\/\/www.italpassion.fr\/wp-content\/uploads\/2025\/04\/avatar-alexandre-160x160.jpg","caption":"Alexandre Filluzeau"},"description":"Oprichter van de website ItalPassion, gepassioneerd door Italiaanse auto's en Itali\u00eb in het algemeen. Waar mogelijk breng ik een kritisch en technisch oog naar nieuws over Italiaanse merken. Eigenaar van een Maserati GranTurismo, Alfa Romeo MiTo, Lancia Fulvia en Ducati 695. Ex-eigenaar van een Alfa Romeo Giulia.","sameAs":["https:\/\/www.italpassion.fr\/"],"url":"https:\/\/www.italpassion.fr\/nl\/author\/alexandre\/"}]}},"_links":{"self":[{"href":"https:\/\/www.italpassion.fr\/nl\/wp-json\/wp\/v2\/posts\/38452","targetHints":{"allow":["GET"]}}],"collection":[{"href":"https:\/\/www.italpassion.fr\/nl\/wp-json\/wp\/v2\/posts"}],"about":[{"href":"https:\/\/www.italpassion.fr\/nl\/wp-json\/wp\/v2\/types\/post"}],"author":[{"embeddable":true,"href":"https:\/\/www.italpassion.fr\/nl\/wp-json\/wp\/v2\/users\/1"}],"replies":[{"embeddable":true,"href":"https:\/\/www.italpassion.fr\/nl\/wp-json\/wp\/v2\/comments?post=38452"}],"version-history":[{"count":1,"href":"https:\/\/www.italpassion.fr\/nl\/wp-json\/wp\/v2\/posts\/38452\/revisions"}],"predecessor-version":[{"id":38454,"href":"https:\/\/www.italpassion.fr\/nl\/wp-json\/wp\/v2\/posts\/38452\/revisions\/38454"}],"wp:featuredmedia":[{"embeddable":true,"href":"https:\/\/www.italpassion.fr\/nl\/wp-json\/wp\/v2\/media\/38453"}],"wp:attachment":[{"href":"https:\/\/www.italpassion.fr\/nl\/wp-json\/wp\/v2\/media?parent=38452"}],"wp:term":[{"taxonomy":"category","embeddable":true,"href":"https:\/\/www.italpassion.fr\/nl\/wp-json\/wp\/v2\/categories?post=38452"},{"taxonomy":"post_tag","embeddable":true,"href":"https:\/\/www.italpassion.fr\/nl\/wp-json\/wp\/v2\/tags?post=38452"}],"curies":[{"name":"wp","href":"https:\/\/api.w.org\/{rel}","templated":true}]}}