{"id":38365,"date":"2025-05-09T16:05:29","date_gmt":"2025-05-09T14:05:29","guid":{"rendered":"https:\/\/www.italpassion.fr\/?p=38365"},"modified":"2025-05-09T15:56:46","modified_gmt":"2025-05-09T13:56:46","slug":"ferrari-f1-hier-is-wanneer-de-scuderia-gaat-om-de-oplossing-die-het-probleem-met-de-sf25-waarschijnlijk-te-laat-zal-corrigeren-brengen","status":"publish","type":"post","link":"https:\/\/www.italpassion.fr\/nl\/competition\/formule-1\/ferrari-f1-voici-quand-la-scuderia-va-apporter-levolution-qui-corrigera-le-probleme-de-la-sf25-probablement-trop-tard\/","title":{"rendered":"Ferrari F1: dit is wanneer de Scuderia met de evolutie komt die het SF25-probleem zal verhelpen (waarschijnlijk te laat)"},"content":{"rendered":"<figure class=\"wp-block-image size-full\"><img loading=\"lazy\" decoding=\"async\" width=\"1200\" height=\"800\" src=\"https:\/\/www.italpassion.fr\/wp-content\/uploads\/2025\/05\/ferrari-sf25-0.jpg\" alt=\"\" class=\"wp-image-38367\" srcset=\"https:\/\/www.italpassion.fr\/wp-content\/uploads\/2025\/05\/ferrari-sf25-0.jpg 1200w, https:\/\/www.italpassion.fr\/wp-content\/uploads\/2025\/05\/ferrari-sf25-0-420x280.jpg 420w, https:\/\/www.italpassion.fr\/wp-content\/uploads\/2025\/05\/ferrari-sf25-0-768x512.jpg 768w, https:\/\/www.italpassion.fr\/wp-content\/uploads\/2025\/05\/ferrari-sf25-0-18x12.jpg 18w\" sizes=\"auto, (max-width: 1200px) 100vw, 1200px\" \/><\/figure>\n\n\n\n<p><strong>Als je het nog niet wist, de <a href=\"https:\/\/www.italpassion.fr\/nl\/tag\/scuderia-ferrari\/\">Scuderia Ferrari<\/a> bevindt zich in een kritieke situatie. <\/strong>Na een chaotische start van het seizoen heeft de SF25, ondanks het feit dat hij een goed potentieel liet zien in de simulator, moeite om te presteren op het circuit. En terwijl het team zich concentreert op aerodynamische aanpassingen, lijkt het probleem dieper te gaan dan dat. De echte oorzaak van deze aanhoudende instabiliteit: <strong>defecte achterwielophanging. <\/strong>Er zit een grote verandering in de pijplijn, maar zoals de laatste informatie aangeeft, moeten we waarschijnlijk wachten tot Silverstone, halverwege het seizoen, om de correctie te zien. Tegen die tijd is het gat met de koplopers waarschijnlijk nog groter geworden.<\/p>\n\n\n\n<h2 class=\"wp-block-heading\">De SF25: een fundamenteel instabiele auto<\/h2>\n\n\n\n<p>Sinds de Grand Prix van Melbourne is het probleem ge\u00efdentificeerd: <strong>De SF25 heeft last van een defecte achterwielophanging. <\/strong>Deze fout kwam naar voren in de allereerste races van het seizoen. Hoewel de aerodynamica centraal stond in de discussies, met name het beheer van de flexibele vleugels, was het de achterwielophanging die de balans van de auto echt verstoorde. De resultaten op het circuit waren onbetwistbaar: de SF25 werd instabiel in elke bocht, een instabiliteit die zich, afhankelijk van de instellingen, uitte in overmatige slijtage op de vlakke vloer, zoals het geval was in Shanghai.<\/p>\n\n\n\n<p>Ondanks een aantal aanpassingen slaagden de ingenieurs van Ferrari er niet in om het maximale uit de SF25 te halen. Volgens informatie van bronnen dicht bij het team, doorgegeven door het mediakanaal AutoRacer, maakten ineffici\u00ebnte mechanische instellingen en slecht rijhoogtebeheer het moeilijk om de auto onder controle te houden.<\/p>\n\n\n\n<h2 class=\"wp-block-heading\">Een langverwachte ontwikkeling<\/h2>\n\n\n\n<p>Zoals een paar dagen geleden werd onthuld, <a href=\"https:\/\/www.italpassion.fr\/nl\/wedstrijd\/formule-1\/ferrari-f1-de-sf25-werkt-niet-het-probleem-is-geidentificeerd-moeilijk-te-corrigeren-en-te-wachten-op-een-evolutie\/\">Ferrari werkt aan een nieuwe achterwielophanging<\/a>. Maar de introductie van een dergelijke ontwikkeling is verre van eenvoudig. De ingenieurs moeten eerst het ontwerp valideren op een simulator en vervolgens de onderdelen produceren en testen op het circuit. De nieuwe achterwielophanging zou in Silverstone moeten arriveren voor de 12e Grand Prix van het seizoen, die gepland staat voor juli.<\/p>\n\n\n\n<p>Het is een lastige timing, vooral omdat de concurrentie de kans heeft gehad om een aanzienlijk gat te slaan voor de komst van deze ontwikkeling. Andere aanwijzingen suggereren dat de nieuwe ophanging eerder zou kunnen komen, maar dat blijft onzeker. Volgens AutoRacer wordt de ontwikkeling volgende week getest in de windtunnel.<\/p>\n\n\n\n<p>In afwachting van Silverstone voert Ferrari een paar verbeteringen door op Imola en Barcelona. Deze toevoegingen zullen echter klein zijn. De nieuwe basis voor Imola en een paar onderdelen voor Barcelona zullen de fundamentele problemen van de SF25 niet oplossen. <a href=\"https:\/\/www.italpassion.fr\/nl\/wedstrijd\/formule-1\/ferrari-f1-fred-vasseur-geeft-team-ultimatum-voor-herinitialisatie-in-maranello\/\">In Barcelona is een \"reset\" gepland<\/a>Maar een belangrijke verandering is alleen mogelijk op Silverstone.<\/p>\n\n\n\n<h2 class=\"wp-block-heading\">Gevolgen voor het seizoen<\/h2>\n\n\n\n<p><strong>Als de grote verandering inderdaad gepland staat voor Silverstone, <\/strong>Ferrari zal een grote achterstand hebben opgelopen voordat het echt kan beginnen met het rechtzetten van de tekortkomingen van zijn SF25. De tijd dringt en de verloren punten zullen niet makkelijk in te halen zijn. Het gat tussen Ferrari en koploper McLaren zal waarschijnlijk groter worden.<\/p>\n\n\n\n<p>Het probleem met de SF25 kan dus gevolgen hebben tot het einde van het seizoen 2025. De vraag is nu of de Scuderia Ferrari niet alleen haar technische achterstand kan inlopen, maar ook haar positie in het kampioenschap. Naarmate de tijd verstrijkt, nemen de titelambities af en, <a href=\"https:\/\/www.italpassion.fr\/nl\/wedstrijd\/formule-1\/ferrari-f1-deze-cijfers-bewijzen-dat-zelfs-met-veranderingen-het-kampioenschap-van-2025-buiten-bereik-is\/\">volgens de laatste cijfers<\/a>Het wordt duidelijk dat deze ontwikkeling te laat komt om dit jaar een kanshebber voor het kampioenschap te zijn.<\/p>","protected":false},"excerpt":{"rendered":"","protected":false},"author":1,"featured_media":38367,"comment_status":"open","ping_status":"open","sticky":false,"template":"","format":"standard","meta":{"_acf_changed":false,"_sitemap_exclude":false,"_sitemap_priority":"","_sitemap_frequency":"","footnotes":""},"categories":[328,323],"tags":[370],"class_list":["post-38365","post","type-post","status-publish","format-standard","has-post-thumbnail","hentry","category-formule-1","category-competition","tag-scuderia-ferrari","generate-columns","tablet-grid-50","mobile-grid-100","grid-parent","grid-33"],"acf":[],"yoast_head":"<!-- This site is optimized with the Yoast SEO plugin v25.8 - https:\/\/yoast.com\/wordpress\/plugins\/seo\/ -->\n<title>Ferrari F1 : voici quand la Scuderia va apporter l&#039;\u00e9volution qui corrigera le probl\u00e8me de la SF25 (probablement trop tard) - ItalPassion<\/title>\n<meta name=\"description\" content=\"Si vous ne le saviez pas d\u00e9j\u00e0, la Scuderia Ferrari se trouve dans une situation critique. Apr\u00e8s un d\u00e9but de saison chaotique, la SF25, bien qu&#039;ayant\" \/>\n<meta name=\"robots\" content=\"index, follow, max-snippet:-1, max-image-preview:large, max-video-preview:-1\" \/>\n<link rel=\"canonical\" href=\"https:\/\/www.italpassion.fr\/nl\/wedstrijd\/formule-1\/ferrari-f1-hier-is-wanneer-de-scuderia-gaat-om-de-oplossing-die-het-probleem-met-de-sf25-waarschijnlijk-te-laat-zal-corrigeren-brengen\/\" \/>\n<meta property=\"og:locale\" content=\"nl_NL\" \/>\n<meta property=\"og:type\" content=\"article\" \/>\n<meta property=\"og:title\" content=\"Ferrari F1 : voici quand la Scuderia va apporter l&#039;\u00e9volution qui corrigera le probl\u00e8me de la SF25 (probablement trop tard) - ItalPassion\" \/>\n<meta property=\"og:description\" content=\"Si vous ne le saviez pas d\u00e9j\u00e0, la Scuderia Ferrari se trouve dans une situation critique. Apr\u00e8s un d\u00e9but de saison chaotique, la SF25, bien qu&#039;ayant\" \/>\n<meta property=\"og:url\" content=\"https:\/\/www.italpassion.fr\/nl\/wedstrijd\/formule-1\/ferrari-f1-hier-is-wanneer-de-scuderia-gaat-om-de-oplossing-die-het-probleem-met-de-sf25-waarschijnlijk-te-laat-zal-corrigeren-brengen\/\" \/>\n<meta property=\"og:site_name\" content=\"ItalPassion\" \/>\n<meta property=\"article:publisher\" content=\"https:\/\/www.facebook.com\/italpassion\" \/>\n<meta property=\"article:published_time\" content=\"2025-05-09T14:05:29+00:00\" \/>\n<meta property=\"og:image\" content=\"https:\/\/www.italpassion.fr\/wp-content\/uploads\/2025\/05\/ferrari-sf25-0.jpg\" \/>\n\t<meta property=\"og:image:width\" content=\"1200\" \/>\n\t<meta property=\"og:image:height\" content=\"800\" \/>\n\t<meta property=\"og:image:type\" content=\"image\/jpeg\" \/>\n<meta name=\"author\" content=\"Alexandre Filluzeau\" \/>\n<meta name=\"twitter:card\" content=\"summary_large_image\" \/>\n<meta name=\"twitter:creator\" content=\"@italpassion\" \/>\n<meta name=\"twitter:site\" content=\"@italpassion\" \/>\n<script type=\"application\/ld+json\" class=\"yoast-schema-graph\">{\"@context\":\"https:\/\/schema.org\",\"@graph\":[{\"@type\":\"NewsArticle\",\"@id\":\"https:\/\/www.italpassion.fr\/nl\/competition\/formule-1\/ferrari-f1-voici-quand-la-scuderia-va-apporter-levolution-qui-corrigera-le-probleme-de-la-sf25-probablement-trop-tard\/#article\",\"isPartOf\":{\"@id\":\"https:\/\/www.italpassion.fr\/nl\/competition\/formule-1\/ferrari-f1-voici-quand-la-scuderia-va-apporter-levolution-qui-corrigera-le-probleme-de-la-sf25-probablement-trop-tard\/\"},\"author\":{\"name\":\"Alexandre Filluzeau\",\"@id\":\"https:\/\/www.italpassion.fr\/nl\/#\/schema\/person\/36f747b2a759ca202d847e85a9434ca0\"},\"headline\":\"Ferrari F1 : voici quand la Scuderia va apporter l&rsquo;\u00e9volution qui corrigera le probl\u00e8me de la SF25 (probablement trop tard)\",\"datePublished\":\"2025-05-09T14:05:29+00:00\",\"mainEntityOfPage\":{\"@id\":\"https:\/\/www.italpassion.fr\/nl\/competition\/formule-1\/ferrari-f1-voici-quand-la-scuderia-va-apporter-levolution-qui-corrigera-le-probleme-de-la-sf25-probablement-trop-tard\/\"},\"wordCount\":640,\"commentCount\":1,\"publisher\":{\"@id\":\"https:\/\/www.italpassion.fr\/nl\/#organization\"},\"image\":{\"@id\":\"https:\/\/www.italpassion.fr\/nl\/competition\/formule-1\/ferrari-f1-voici-quand-la-scuderia-va-apporter-levolution-qui-corrigera-le-probleme-de-la-sf25-probablement-trop-tard\/#primaryimage\"},\"thumbnailUrl\":\"https:\/\/www.italpassion.fr\/wp-content\/uploads\/2025\/05\/ferrari-sf25-0.jpg\",\"keywords\":[\"Scuderia Ferrari\"],\"articleSection\":[\"Formule 1\",\"Sport Auto\"],\"inLanguage\":\"nl-NL\",\"potentialAction\":[{\"@type\":\"CommentAction\",\"name\":\"Comment\",\"target\":[\"https:\/\/www.italpassion.fr\/nl\/competition\/formule-1\/ferrari-f1-voici-quand-la-scuderia-va-apporter-levolution-qui-corrigera-le-probleme-de-la-sf25-probablement-trop-tard\/#respond\"]}]},{\"@type\":\"WebPage\",\"@id\":\"https:\/\/www.italpassion.fr\/nl\/competition\/formule-1\/ferrari-f1-voici-quand-la-scuderia-va-apporter-levolution-qui-corrigera-le-probleme-de-la-sf25-probablement-trop-tard\/\",\"url\":\"https:\/\/www.italpassion.fr\/nl\/competition\/formule-1\/ferrari-f1-voici-quand-la-scuderia-va-apporter-levolution-qui-corrigera-le-probleme-de-la-sf25-probablement-trop-tard\/\",\"name\":\"Ferrari F1 : voici quand la Scuderia va apporter l'\u00e9volution qui corrigera le probl\u00e8me de la SF25 (probablement trop tard) - ItalPassion\",\"isPartOf\":{\"@id\":\"https:\/\/www.italpassion.fr\/nl\/#website\"},\"primaryImageOfPage\":{\"@id\":\"https:\/\/www.italpassion.fr\/nl\/competition\/formule-1\/ferrari-f1-voici-quand-la-scuderia-va-apporter-levolution-qui-corrigera-le-probleme-de-la-sf25-probablement-trop-tard\/#primaryimage\"},\"image\":{\"@id\":\"https:\/\/www.italpassion.fr\/nl\/competition\/formule-1\/ferrari-f1-voici-quand-la-scuderia-va-apporter-levolution-qui-corrigera-le-probleme-de-la-sf25-probablement-trop-tard\/#primaryimage\"},\"thumbnailUrl\":\"https:\/\/www.italpassion.fr\/wp-content\/uploads\/2025\/05\/ferrari-sf25-0.jpg\",\"datePublished\":\"2025-05-09T14:05:29+00:00\",\"description\":\"Si vous ne le saviez pas d\u00e9j\u00e0, la Scuderia Ferrari se trouve dans une situation critique. Apr\u00e8s un d\u00e9but de saison chaotique, la SF25, bien qu'ayant\",\"breadcrumb\":{\"@id\":\"https:\/\/www.italpassion.fr\/nl\/competition\/formule-1\/ferrari-f1-voici-quand-la-scuderia-va-apporter-levolution-qui-corrigera-le-probleme-de-la-sf25-probablement-trop-tard\/#breadcrumb\"},\"inLanguage\":\"nl-NL\",\"potentialAction\":[{\"@type\":\"ReadAction\",\"target\":[\"https:\/\/www.italpassion.fr\/nl\/competition\/formule-1\/ferrari-f1-voici-quand-la-scuderia-va-apporter-levolution-qui-corrigera-le-probleme-de-la-sf25-probablement-trop-tard\/\"]}]},{\"@type\":\"ImageObject\",\"inLanguage\":\"nl-NL\",\"@id\":\"https:\/\/www.italpassion.fr\/nl\/competition\/formule-1\/ferrari-f1-voici-quand-la-scuderia-va-apporter-levolution-qui-corrigera-le-probleme-de-la-sf25-probablement-trop-tard\/#primaryimage\",\"url\":\"https:\/\/www.italpassion.fr\/wp-content\/uploads\/2025\/05\/ferrari-sf25-0.jpg\",\"contentUrl\":\"https:\/\/www.italpassion.fr\/wp-content\/uploads\/2025\/05\/ferrari-sf25-0.jpg\",\"width\":1200,\"height\":800},{\"@type\":\"BreadcrumbList\",\"@id\":\"https:\/\/www.italpassion.fr\/nl\/competition\/formule-1\/ferrari-f1-voici-quand-la-scuderia-va-apporter-levolution-qui-corrigera-le-probleme-de-la-sf25-probablement-trop-tard\/#breadcrumb\",\"itemListElement\":[{\"@type\":\"ListItem\",\"position\":1,\"name\":\"Accueil\",\"item\":\"https:\/\/www.italpassion.fr\/nl\/\"},{\"@type\":\"ListItem\",\"position\":2,\"name\":\"Ferrari F1 : voici quand la Scuderia va apporter l&rsquo;\u00e9volution qui corrigera le probl\u00e8me de la SF25 (probablement trop tard)\"}]},{\"@type\":\"WebSite\",\"@id\":\"https:\/\/www.italpassion.fr\/nl\/#website\",\"url\":\"https:\/\/www.italpassion.fr\/nl\/\",\"name\":\"ItalPassion\",\"description\":\"Les Passionn\u00e9s d&#039;Automobiles Italiennes\",\"publisher\":{\"@id\":\"https:\/\/www.italpassion.fr\/nl\/#organization\"},\"potentialAction\":[{\"@type\":\"SearchAction\",\"target\":{\"@type\":\"EntryPoint\",\"urlTemplate\":\"https:\/\/www.italpassion.fr\/nl\/?s={search_term_string}\"},\"query-input\":{\"@type\":\"PropertyValueSpecification\",\"valueRequired\":true,\"valueName\":\"search_term_string\"}}],\"inLanguage\":\"nl-NL\"},{\"@type\":\"Organization\",\"@id\":\"https:\/\/www.italpassion.fr\/nl\/#organization\",\"name\":\"Italpassion\",\"url\":\"https:\/\/www.italpassion.fr\/nl\/\",\"logo\":{\"@type\":\"ImageObject\",\"inLanguage\":\"nl-NL\",\"@id\":\"https:\/\/www.italpassion.fr\/nl\/#\/schema\/logo\/image\/\",\"url\":\"https:\/\/www.italpassion.fr\/wp-content\/uploads\/2023\/07\/italpassion-yoast.jpg\",\"contentUrl\":\"https:\/\/www.italpassion.fr\/wp-content\/uploads\/2023\/07\/italpassion-yoast.jpg\",\"width\":696,\"height\":696,\"caption\":\"Italpassion\"},\"image\":{\"@id\":\"https:\/\/www.italpassion.fr\/nl\/#\/schema\/logo\/image\/\"},\"sameAs\":[\"https:\/\/www.facebook.com\/italpassion\",\"https:\/\/x.com\/italpassion\",\"https:\/\/www.instagram.com\/italpassionfr\/\",\"https:\/\/www.youtube.com\/channel\/UCleq-ByQaA42OjhopwevRjQ\",\"https:\/\/www.facebook.com\/italpassion.en\/\",\"https:\/\/www.facebook.com\/italpassion.it\/\",\"https:\/\/www.facebook.com\/italpassion.de\/\",\"https:\/\/www.facebook.com\/italpassion.ja\/\"]},{\"@type\":\"Person\",\"@id\":\"https:\/\/www.italpassion.fr\/nl\/#\/schema\/person\/36f747b2a759ca202d847e85a9434ca0\",\"name\":\"Alexandre Filluzeau\",\"image\":{\"@type\":\"ImageObject\",\"inLanguage\":\"nl-NL\",\"@id\":\"https:\/\/www.italpassion.fr\/nl\/#\/schema\/person\/image\/\",\"url\":\"https:\/\/www.italpassion.fr\/wp-content\/uploads\/2025\/04\/avatar-alexandre-160x160.jpg\",\"contentUrl\":\"https:\/\/www.italpassion.fr\/wp-content\/uploads\/2025\/04\/avatar-alexandre-160x160.jpg\",\"caption\":\"Alexandre Filluzeau\"},\"description\":\"Fondateur du site ItalPassion, passionn\u00e9 de voitures italiennes et de l'Italie en g\u00e9n\u00e9ral. J'apporte un regard critique et technique aux actualit\u00e9s des marques italiennes quand cela est possible. Propri\u00e9taire d'une Maserati GranTurismo, Alfa Romeo MiTo, Lancia Fulvia et Ducati 695. Ex-propri\u00e9taire d'une Alfa Romeo Giulia.\",\"sameAs\":[\"https:\/\/www.italpassion.fr\/\"],\"url\":\"https:\/\/www.italpassion.fr\/nl\/author\/alexandre\/\"}]}<\/script>\n<!-- \/ Yoast SEO plugin. -->","yoast_head_json":{"title":"Ferrari F1: dit is wanneer de Scuderia met de evolutie komt die het probleem van de SF25 zal verhelpen (waarschijnlijk te laat) - ItalPassion","description":"Als je het nog niet wist, Scuderia Ferrari bevindt zich in een kritieke situatie. Na een chaotische start van het seizoen heeft de SF25, ondanks de","robots":{"index":"index","follow":"follow","max-snippet":"max-snippet:-1","max-image-preview":"max-image-preview:large","max-video-preview":"max-video-preview:-1"},"canonical":"https:\/\/www.italpassion.fr\/nl\/wedstrijd\/formule-1\/ferrari-f1-hier-is-wanneer-de-scuderia-gaat-om-de-oplossing-die-het-probleem-met-de-sf25-waarschijnlijk-te-laat-zal-corrigeren-brengen\/","og_locale":"nl_NL","og_type":"article","og_title":"Ferrari F1 : voici quand la Scuderia va apporter l'\u00e9volution qui corrigera le probl\u00e8me de la SF25 (probablement trop tard) - ItalPassion","og_description":"Si vous ne le saviez pas d\u00e9j\u00e0, la Scuderia Ferrari se trouve dans une situation critique. Apr\u00e8s un d\u00e9but de saison chaotique, la SF25, bien qu'ayant","og_url":"https:\/\/www.italpassion.fr\/nl\/wedstrijd\/formule-1\/ferrari-f1-hier-is-wanneer-de-scuderia-gaat-om-de-oplossing-die-het-probleem-met-de-sf25-waarschijnlijk-te-laat-zal-corrigeren-brengen\/","og_site_name":"ItalPassion","article_publisher":"https:\/\/www.facebook.com\/italpassion","article_published_time":"2025-05-09T14:05:29+00:00","og_image":[{"width":1200,"height":800,"url":"https:\/\/www.italpassion.fr\/wp-content\/uploads\/2025\/05\/ferrari-sf25-0.jpg","type":"image\/jpeg"}],"author":"Alexandre Filluzeau","twitter_card":"summary_large_image","twitter_creator":"@italpassion","twitter_site":"@italpassion","schema":{"@context":"https:\/\/schema.org","@graph":[{"@type":"NewsArticle","@id":"https:\/\/www.italpassion.fr\/nl\/competition\/formule-1\/ferrari-f1-voici-quand-la-scuderia-va-apporter-levolution-qui-corrigera-le-probleme-de-la-sf25-probablement-trop-tard\/#article","isPartOf":{"@id":"https:\/\/www.italpassion.fr\/nl\/competition\/formule-1\/ferrari-f1-voici-quand-la-scuderia-va-apporter-levolution-qui-corrigera-le-probleme-de-la-sf25-probablement-trop-tard\/"},"author":{"name":"Alexandre Filluzeau","@id":"https:\/\/www.italpassion.fr\/nl\/#\/schema\/person\/36f747b2a759ca202d847e85a9434ca0"},"headline":"Ferrari F1 : voici quand la Scuderia va apporter l&rsquo;\u00e9volution qui corrigera le probl\u00e8me de la SF25 (probablement trop tard)","datePublished":"2025-05-09T14:05:29+00:00","mainEntityOfPage":{"@id":"https:\/\/www.italpassion.fr\/nl\/competition\/formule-1\/ferrari-f1-voici-quand-la-scuderia-va-apporter-levolution-qui-corrigera-le-probleme-de-la-sf25-probablement-trop-tard\/"},"wordCount":640,"commentCount":1,"publisher":{"@id":"https:\/\/www.italpassion.fr\/nl\/#organization"},"image":{"@id":"https:\/\/www.italpassion.fr\/nl\/competition\/formule-1\/ferrari-f1-voici-quand-la-scuderia-va-apporter-levolution-qui-corrigera-le-probleme-de-la-sf25-probablement-trop-tard\/#primaryimage"},"thumbnailUrl":"https:\/\/www.italpassion.fr\/wp-content\/uploads\/2025\/05\/ferrari-sf25-0.jpg","keywords":["Scuderia Ferrari"],"articleSection":["Formule 1","Sport Auto"],"inLanguage":"nl-NL","potentialAction":[{"@type":"CommentAction","name":"Comment","target":["https:\/\/www.italpassion.fr\/nl\/competition\/formule-1\/ferrari-f1-voici-quand-la-scuderia-va-apporter-levolution-qui-corrigera-le-probleme-de-la-sf25-probablement-trop-tard\/#respond"]}]},{"@type":"WebPage","@id":"https:\/\/www.italpassion.fr\/nl\/competition\/formule-1\/ferrari-f1-voici-quand-la-scuderia-va-apporter-levolution-qui-corrigera-le-probleme-de-la-sf25-probablement-trop-tard\/","url":"https:\/\/www.italpassion.fr\/nl\/competition\/formule-1\/ferrari-f1-voici-quand-la-scuderia-va-apporter-levolution-qui-corrigera-le-probleme-de-la-sf25-probablement-trop-tard\/","name":"Ferrari F1: dit is wanneer de Scuderia met de evolutie komt die het probleem van de SF25 zal verhelpen (waarschijnlijk te laat) - ItalPassion","isPartOf":{"@id":"https:\/\/www.italpassion.fr\/nl\/#website"},"primaryImageOfPage":{"@id":"https:\/\/www.italpassion.fr\/nl\/competition\/formule-1\/ferrari-f1-voici-quand-la-scuderia-va-apporter-levolution-qui-corrigera-le-probleme-de-la-sf25-probablement-trop-tard\/#primaryimage"},"image":{"@id":"https:\/\/www.italpassion.fr\/nl\/competition\/formule-1\/ferrari-f1-voici-quand-la-scuderia-va-apporter-levolution-qui-corrigera-le-probleme-de-la-sf25-probablement-trop-tard\/#primaryimage"},"thumbnailUrl":"https:\/\/www.italpassion.fr\/wp-content\/uploads\/2025\/05\/ferrari-sf25-0.jpg","datePublished":"2025-05-09T14:05:29+00:00","description":"Als je het nog niet wist, Scuderia Ferrari bevindt zich in een kritieke situatie. Na een chaotische start van het seizoen heeft de SF25, ondanks de","breadcrumb":{"@id":"https:\/\/www.italpassion.fr\/nl\/competition\/formule-1\/ferrari-f1-voici-quand-la-scuderia-va-apporter-levolution-qui-corrigera-le-probleme-de-la-sf25-probablement-trop-tard\/#breadcrumb"},"inLanguage":"nl-NL","potentialAction":[{"@type":"ReadAction","target":["https:\/\/www.italpassion.fr\/nl\/competition\/formule-1\/ferrari-f1-voici-quand-la-scuderia-va-apporter-levolution-qui-corrigera-le-probleme-de-la-sf25-probablement-trop-tard\/"]}]},{"@type":"ImageObject","inLanguage":"nl-NL","@id":"https:\/\/www.italpassion.fr\/nl\/competition\/formule-1\/ferrari-f1-voici-quand-la-scuderia-va-apporter-levolution-qui-corrigera-le-probleme-de-la-sf25-probablement-trop-tard\/#primaryimage","url":"https:\/\/www.italpassion.fr\/wp-content\/uploads\/2025\/05\/ferrari-sf25-0.jpg","contentUrl":"https:\/\/www.italpassion.fr\/wp-content\/uploads\/2025\/05\/ferrari-sf25-0.jpg","width":1200,"height":800},{"@type":"BreadcrumbList","@id":"https:\/\/www.italpassion.fr\/nl\/competition\/formule-1\/ferrari-f1-voici-quand-la-scuderia-va-apporter-levolution-qui-corrigera-le-probleme-de-la-sf25-probablement-trop-tard\/#breadcrumb","itemListElement":[{"@type":"ListItem","position":1,"name":"Accueil","item":"https:\/\/www.italpassion.fr\/nl\/"},{"@type":"ListItem","position":2,"name":"Ferrari F1 : voici quand la Scuderia va apporter l&rsquo;\u00e9volution qui corrigera le probl\u00e8me de la SF25 (probablement trop tard)"}]},{"@type":"WebSite","@id":"https:\/\/www.italpassion.fr\/nl\/#website","url":"https:\/\/www.italpassion.fr\/nl\/","name":"ItalPassion","description":"Italiaanse autoliefhebbers","publisher":{"@id":"https:\/\/www.italpassion.fr\/nl\/#organization"},"potentialAction":[{"@type":"SearchAction","target":{"@type":"EntryPoint","urlTemplate":"https:\/\/www.italpassion.fr\/nl\/?s={search_term_string}"},"query-input":{"@type":"PropertyValueSpecification","valueRequired":true,"valueName":"search_term_string"}}],"inLanguage":"nl-NL"},{"@type":"Organization","@id":"https:\/\/www.italpassion.fr\/nl\/#organization","name":"Italpassion","url":"https:\/\/www.italpassion.fr\/nl\/","logo":{"@type":"ImageObject","inLanguage":"nl-NL","@id":"https:\/\/www.italpassion.fr\/nl\/#\/schema\/logo\/image\/","url":"https:\/\/www.italpassion.fr\/wp-content\/uploads\/2023\/07\/italpassion-yoast.jpg","contentUrl":"https:\/\/www.italpassion.fr\/wp-content\/uploads\/2023\/07\/italpassion-yoast.jpg","width":696,"height":696,"caption":"Italpassion"},"image":{"@id":"https:\/\/www.italpassion.fr\/nl\/#\/schema\/logo\/image\/"},"sameAs":["https:\/\/www.facebook.com\/italpassion","https:\/\/x.com\/italpassion","https:\/\/www.instagram.com\/italpassionfr\/","https:\/\/www.youtube.com\/channel\/UCleq-ByQaA42OjhopwevRjQ","https:\/\/www.facebook.com\/italpassion.en\/","https:\/\/www.facebook.com\/italpassion.it\/","https:\/\/www.facebook.com\/italpassion.de\/","https:\/\/www.facebook.com\/italpassion.ja\/"]},{"@type":"Person","@id":"https:\/\/www.italpassion.fr\/nl\/#\/schema\/person\/36f747b2a759ca202d847e85a9434ca0","name":"Alexandre Filluzeau","image":{"@type":"ImageObject","inLanguage":"nl-NL","@id":"https:\/\/www.italpassion.fr\/nl\/#\/schema\/person\/image\/","url":"https:\/\/www.italpassion.fr\/wp-content\/uploads\/2025\/04\/avatar-alexandre-160x160.jpg","contentUrl":"https:\/\/www.italpassion.fr\/wp-content\/uploads\/2025\/04\/avatar-alexandre-160x160.jpg","caption":"Alexandre Filluzeau"},"description":"Oprichter van de website ItalPassion, gepassioneerd door Italiaanse auto's en Itali\u00eb in het algemeen. Waar mogelijk breng ik een kritisch en technisch oog naar nieuws over Italiaanse merken. Eigenaar van een Maserati GranTurismo, Alfa Romeo MiTo, Lancia Fulvia en Ducati 695. Ex-eigenaar van een Alfa Romeo Giulia.","sameAs":["https:\/\/www.italpassion.fr\/"],"url":"https:\/\/www.italpassion.fr\/nl\/author\/alexandre\/"}]}},"_links":{"self":[{"href":"https:\/\/www.italpassion.fr\/nl\/wp-json\/wp\/v2\/posts\/38365","targetHints":{"allow":["GET"]}}],"collection":[{"href":"https:\/\/www.italpassion.fr\/nl\/wp-json\/wp\/v2\/posts"}],"about":[{"href":"https:\/\/www.italpassion.fr\/nl\/wp-json\/wp\/v2\/types\/post"}],"author":[{"embeddable":true,"href":"https:\/\/www.italpassion.fr\/nl\/wp-json\/wp\/v2\/users\/1"}],"replies":[{"embeddable":true,"href":"https:\/\/www.italpassion.fr\/nl\/wp-json\/wp\/v2\/comments?post=38365"}],"version-history":[{"count":2,"href":"https:\/\/www.italpassion.fr\/nl\/wp-json\/wp\/v2\/posts\/38365\/revisions"}],"predecessor-version":[{"id":38368,"href":"https:\/\/www.italpassion.fr\/nl\/wp-json\/wp\/v2\/posts\/38365\/revisions\/38368"}],"wp:featuredmedia":[{"embeddable":true,"href":"https:\/\/www.italpassion.fr\/nl\/wp-json\/wp\/v2\/media\/38367"}],"wp:attachment":[{"href":"https:\/\/www.italpassion.fr\/nl\/wp-json\/wp\/v2\/media?parent=38365"}],"wp:term":[{"taxonomy":"category","embeddable":true,"href":"https:\/\/www.italpassion.fr\/nl\/wp-json\/wp\/v2\/categories?post=38365"},{"taxonomy":"post_tag","embeddable":true,"href":"https:\/\/www.italpassion.fr\/nl\/wp-json\/wp\/v2\/tags?post=38365"}],"curies":[{"name":"wp","href":"https:\/\/api.w.org\/{rel}","templated":true}]}}