{"id":38073,"date":"2025-04-23T13:04:20","date_gmt":"2025-04-23T11:04:20","guid":{"rendered":"https:\/\/www.italpassion.fr\/?p=38073"},"modified":"2025-04-23T13:04:20","modified_gmt":"2025-04-23T11:04:20","slug":"ferrari-f1-charles-leclerc-overtuigd-dat-deze-nieuwe-evolutie-het-team-terug-aan-de-leiding-zal-brengen","status":"publish","type":"post","link":"https:\/\/www.italpassion.fr\/nl\/competition\/formule-1\/ferrari-f1-charles-leclerc-persuade-que-cette-nouvelle-evolution-remettra-lequipe-devant\/","title":{"rendered":"Ferrari F1: Charles Leclerc overtuigd dat deze nieuwe ontwikkeling het team terug aan kop zal brengen"},"content":{"rendered":"<figure class=\"wp-block-image size-full\"><img loading=\"lazy\" decoding=\"async\" width=\"1200\" height=\"800\" src=\"https:\/\/www.italpassion.fr\/wp-content\/uploads\/2025\/04\/charles-leclerc-jeddah.jpg\" alt=\"\" class=\"wp-image-38075\" srcset=\"https:\/\/www.italpassion.fr\/wp-content\/uploads\/2025\/04\/charles-leclerc-jeddah.jpg 1200w, https:\/\/www.italpassion.fr\/wp-content\/uploads\/2025\/04\/charles-leclerc-jeddah-420x280.jpg 420w, https:\/\/www.italpassion.fr\/wp-content\/uploads\/2025\/04\/charles-leclerc-jeddah-768x512.jpg 768w, https:\/\/www.italpassion.fr\/wp-content\/uploads\/2025\/04\/charles-leclerc-jeddah-18x12.jpg 18w\" sizes=\"auto, (max-width: 1200px) 100vw, 1200px\" \/><\/figure>\n\n\n\n<p>Na een sterke start van het seizoen 2025 <a href=\"https:\/\/www.italpassion.fr\/nl\/wedstrijd\/formule-1\/\">Formule 1<\/a> met slechts \u00e9\u00e9n podiumplaats in vijf Grands Prix, <a href=\"https:\/\/www.italpassion.fr\/nl\/tag\/charles-leclerc\/\">Charles Leclerc<\/a> blijft ervan overtuigd dat Ferrari nog niet haar laatste woord heeft gezegd.<strong> Voor de Monegaskische zouden de geplande ontwikkelingen voor de SF-25 in Barcelona alles wel eens kunnen veranderen.<\/strong><\/p>\n\n\n\n<h2 class=\"wp-block-heading\">\"We hebben gewoon een betere auto nodig\".<\/h2>\n\n\n\n<p>Als derde in Jeddah erkende Charles Leclerc in niet mis te verstane bewoordingen dat de <a href=\"https:\/\/www.italpassion.fr\/nl\/tag\/scuderia-ferrari\/\">Scuderia<\/a> nog niet op het niveau van de besten was. \"We zitten achter McLaren en Red Bull, dat is zeker, en ik denk ook achter Mercedes,\" zei hij na de race. Een heldere beoordeling, maar niet een van berusting.<\/p>\n\n\n\n<p>Ondanks het gat in de constructeursstand, 78 punten voor Ferrari tegen 188 voor McLaren, ziet Leclerc de komende veranderingen als een echte kans. In Barcelona, <strong>De SF-25 krijgt een nieuwe voorvleugel, die de coureur beschrijft als een potentieel keerpunt in het seizoen. <\/strong>\"Ik hoop dat het een beetje in ons voordeel zal werken,\" zegt hij met een vleugje voorzichtig optimisme.<\/p>\n\n\n\n<h2 class=\"wp-block-heading\">Een perfecte race... voor de 3e plaats<\/h2>\n\n\n\n<p>In Jeddah, <a href=\"https:\/\/www.italpassion.fr\/nl\/wedstrijd\/formule-1\/ferrari-f1-eindelijk-op-het-podium-maar-is-het-al-te-laat-voor-het-kampioenschap-van-2025\/\">Ferrari leverde een van haar beste prestaties van het jaar<\/a>. \"Eerlijk gezegd hebben we de perfecte race gereden\", zei Leclerc. \"Elke ronde was heel, heel goed. Er waren geen fouten. De strategie was perfect.<\/p>\n\n\n\n<p>De Monegaskische coureur prees ook graag de effici\u00ebntie van zijn monteurs, door erop te wijzen dat <strong>De Scuderia domineert de pitstopstrijd sinds het begin van het seizoen.<\/strong> Een gebied waarop Ferrari beter presteert dan de concurrentie, wat bewijst dat het team niet tekortschiet in prestaties op elk niveau.<\/p>\n\n\n\n<h2 class=\"wp-block-heading\">Leclerc, meer op zijn gemak dan ooit<\/h2>\n\n\n\n<p>Als de auto nog steeds snelheid mist in vergelijking met McLaren of Red Bull, <strong>Leclerc benadrukt \u00e9\u00e9n cruciaal punt: het rijcomfort is nog nooit zo hoog geweest.<\/strong> \"Ik ga de laatste twee of drie weekenden in de richting waar ik het over had en ik heb het gevoel dat ik nog nooit zo comfortabel met de auto ben geweest als nu.\"<\/p>\n\n\n\n<p>Dit persoonlijke gevoel, in combinatie met de komst van nieuwe onderdelen, geeft hoop op een hernieuwde concurrentiekracht. Leclerc gelooft dat Barcelona de echte start van Ferrari's seizoen kan zijn.<\/p>\n\n\n\n<h2 class=\"wp-block-heading\">Barcelona of het begin van een opleving?<\/h2>\n\n\n\n<p>Het gat van 110 punten op McLaren dichten lijkt nu onwaarschijnlijk. Maar het seizoen is nog lang. De Grand Prix van Spanje is de negende van de vierentwintig geplande rondes. Hoewel het moeilijk is om je voor te stellen dat Ferrari het kampioenschap wint zonder een bijna perfecte reeks, blijft de rol van outsider open, vooral omdat Mercedes worstelt om consistentie te vinden en Red Bull niet onoverwinnelijk is.<\/p>\n\n\n\n<p>Kan Ferrari echt een comeback maken? Leclerc twijfelt niet. \"We halen het maximale uit de auto. We hebben alleen een betere auto nodig.<\/p>","protected":false},"excerpt":{"rendered":"","protected":false},"author":1,"featured_media":38075,"comment_status":"open","ping_status":"open","sticky":false,"template":"","format":"standard","meta":{"_acf_changed":false,"_sitemap_exclude":false,"_sitemap_priority":"","_sitemap_frequency":"","footnotes":""},"categories":[328,323],"tags":[346,370],"class_list":["post-38073","post","type-post","status-publish","format-standard","has-post-thumbnail","hentry","category-formule-1","category-competition","tag-charles-leclerc","tag-scuderia-ferrari","generate-columns","tablet-grid-50","mobile-grid-100","grid-parent","grid-33"],"acf":[],"yoast_head":"<!-- This site is optimized with the Yoast SEO plugin v25.8 - https:\/\/yoast.com\/wordpress\/plugins\/seo\/ -->\n<title>Ferrari F1 : Charles Leclerc persuad\u00e9 que cette nouvelle \u00e9volution remettra l&#039;\u00e9quipe devant - ItalPassion<\/title>\n<meta name=\"description\" content=\"Apr\u00e8s un d\u00e9but de saison 2025 de Formule 1 en demi-teinte, marqu\u00e9 par une seule apparition sur le podium en cinq Grands Prix, Charles Leclerc reste\" \/>\n<meta name=\"robots\" content=\"index, follow, max-snippet:-1, max-image-preview:large, max-video-preview:-1\" \/>\n<link rel=\"canonical\" href=\"https:\/\/www.italpassion.fr\/nl\/wedstrijd\/formule-1\/ferrari-f1-charles-leclerc-overtuigd-dat-deze-nieuwe-evolutie-het-team-terug-aan-de-leiding-zal-brengen\/\" \/>\n<meta property=\"og:locale\" content=\"nl_NL\" \/>\n<meta property=\"og:type\" content=\"article\" \/>\n<meta property=\"og:title\" content=\"Ferrari F1 : Charles Leclerc persuad\u00e9 que cette nouvelle \u00e9volution remettra l&#039;\u00e9quipe devant - ItalPassion\" \/>\n<meta property=\"og:description\" content=\"Apr\u00e8s un d\u00e9but de saison 2025 de Formule 1 en demi-teinte, marqu\u00e9 par une seule apparition sur le podium en cinq Grands Prix, Charles Leclerc reste\" \/>\n<meta property=\"og:url\" content=\"https:\/\/www.italpassion.fr\/nl\/wedstrijd\/formule-1\/ferrari-f1-charles-leclerc-overtuigd-dat-deze-nieuwe-evolutie-het-team-terug-aan-de-leiding-zal-brengen\/\" \/>\n<meta property=\"og:site_name\" content=\"ItalPassion\" \/>\n<meta property=\"article:publisher\" content=\"https:\/\/www.facebook.com\/italpassion\" \/>\n<meta property=\"article:published_time\" content=\"2025-04-23T11:04:20+00:00\" \/>\n<meta property=\"og:image\" content=\"https:\/\/www.italpassion.fr\/wp-content\/uploads\/2025\/04\/charles-leclerc-jeddah.jpg\" \/>\n\t<meta property=\"og:image:width\" content=\"1200\" \/>\n\t<meta property=\"og:image:height\" content=\"800\" \/>\n\t<meta property=\"og:image:type\" content=\"image\/jpeg\" \/>\n<meta name=\"author\" content=\"Alexandre Filluzeau\" \/>\n<meta name=\"twitter:card\" content=\"summary_large_image\" \/>\n<meta name=\"twitter:creator\" content=\"@italpassion\" \/>\n<meta name=\"twitter:site\" content=\"@italpassion\" \/>\n<script type=\"application\/ld+json\" class=\"yoast-schema-graph\">{\"@context\":\"https:\/\/schema.org\",\"@graph\":[{\"@type\":\"NewsArticle\",\"@id\":\"https:\/\/www.italpassion.fr\/nl\/competition\/formule-1\/ferrari-f1-charles-leclerc-persuade-que-cette-nouvelle-evolution-remettra-lequipe-devant\/#article\",\"isPartOf\":{\"@id\":\"https:\/\/www.italpassion.fr\/nl\/competition\/formule-1\/ferrari-f1-charles-leclerc-persuade-que-cette-nouvelle-evolution-remettra-lequipe-devant\/\"},\"author\":{\"name\":\"Alexandre Filluzeau\",\"@id\":\"https:\/\/www.italpassion.fr\/nl\/#\/schema\/person\/36f747b2a759ca202d847e85a9434ca0\"},\"headline\":\"Ferrari F1 : Charles Leclerc persuad\u00e9 que cette nouvelle \u00e9volution remettra l&rsquo;\u00e9quipe devant\",\"datePublished\":\"2025-04-23T11:04:20+00:00\",\"mainEntityOfPage\":{\"@id\":\"https:\/\/www.italpassion.fr\/nl\/competition\/formule-1\/ferrari-f1-charles-leclerc-persuade-que-cette-nouvelle-evolution-remettra-lequipe-devant\/\"},\"wordCount\":501,\"commentCount\":0,\"publisher\":{\"@id\":\"https:\/\/www.italpassion.fr\/nl\/#organization\"},\"image\":{\"@id\":\"https:\/\/www.italpassion.fr\/nl\/competition\/formule-1\/ferrari-f1-charles-leclerc-persuade-que-cette-nouvelle-evolution-remettra-lequipe-devant\/#primaryimage\"},\"thumbnailUrl\":\"https:\/\/www.italpassion.fr\/wp-content\/uploads\/2025\/04\/charles-leclerc-jeddah.jpg\",\"keywords\":[\"Charles Leclerc\",\"Scuderia Ferrari\"],\"articleSection\":[\"Formule 1\",\"Sport Auto\"],\"inLanguage\":\"nl-NL\",\"potentialAction\":[{\"@type\":\"CommentAction\",\"name\":\"Comment\",\"target\":[\"https:\/\/www.italpassion.fr\/nl\/competition\/formule-1\/ferrari-f1-charles-leclerc-persuade-que-cette-nouvelle-evolution-remettra-lequipe-devant\/#respond\"]}]},{\"@type\":\"WebPage\",\"@id\":\"https:\/\/www.italpassion.fr\/nl\/competition\/formule-1\/ferrari-f1-charles-leclerc-persuade-que-cette-nouvelle-evolution-remettra-lequipe-devant\/\",\"url\":\"https:\/\/www.italpassion.fr\/nl\/competition\/formule-1\/ferrari-f1-charles-leclerc-persuade-que-cette-nouvelle-evolution-remettra-lequipe-devant\/\",\"name\":\"Ferrari F1 : Charles Leclerc persuad\u00e9 que cette nouvelle \u00e9volution remettra l'\u00e9quipe devant - ItalPassion\",\"isPartOf\":{\"@id\":\"https:\/\/www.italpassion.fr\/nl\/#website\"},\"primaryImageOfPage\":{\"@id\":\"https:\/\/www.italpassion.fr\/nl\/competition\/formule-1\/ferrari-f1-charles-leclerc-persuade-que-cette-nouvelle-evolution-remettra-lequipe-devant\/#primaryimage\"},\"image\":{\"@id\":\"https:\/\/www.italpassion.fr\/nl\/competition\/formule-1\/ferrari-f1-charles-leclerc-persuade-que-cette-nouvelle-evolution-remettra-lequipe-devant\/#primaryimage\"},\"thumbnailUrl\":\"https:\/\/www.italpassion.fr\/wp-content\/uploads\/2025\/04\/charles-leclerc-jeddah.jpg\",\"datePublished\":\"2025-04-23T11:04:20+00:00\",\"description\":\"Apr\u00e8s un d\u00e9but de saison 2025 de Formule 1 en demi-teinte, marqu\u00e9 par une seule apparition sur le podium en cinq Grands Prix, Charles Leclerc reste\",\"breadcrumb\":{\"@id\":\"https:\/\/www.italpassion.fr\/nl\/competition\/formule-1\/ferrari-f1-charles-leclerc-persuade-que-cette-nouvelle-evolution-remettra-lequipe-devant\/#breadcrumb\"},\"inLanguage\":\"nl-NL\",\"potentialAction\":[{\"@type\":\"ReadAction\",\"target\":[\"https:\/\/www.italpassion.fr\/nl\/competition\/formule-1\/ferrari-f1-charles-leclerc-persuade-que-cette-nouvelle-evolution-remettra-lequipe-devant\/\"]}]},{\"@type\":\"ImageObject\",\"inLanguage\":\"nl-NL\",\"@id\":\"https:\/\/www.italpassion.fr\/nl\/competition\/formule-1\/ferrari-f1-charles-leclerc-persuade-que-cette-nouvelle-evolution-remettra-lequipe-devant\/#primaryimage\",\"url\":\"https:\/\/www.italpassion.fr\/wp-content\/uploads\/2025\/04\/charles-leclerc-jeddah.jpg\",\"contentUrl\":\"https:\/\/www.italpassion.fr\/wp-content\/uploads\/2025\/04\/charles-leclerc-jeddah.jpg\",\"width\":1200,\"height\":800},{\"@type\":\"BreadcrumbList\",\"@id\":\"https:\/\/www.italpassion.fr\/nl\/competition\/formule-1\/ferrari-f1-charles-leclerc-persuade-que-cette-nouvelle-evolution-remettra-lequipe-devant\/#breadcrumb\",\"itemListElement\":[{\"@type\":\"ListItem\",\"position\":1,\"name\":\"Accueil\",\"item\":\"https:\/\/www.italpassion.fr\/nl\/\"},{\"@type\":\"ListItem\",\"position\":2,\"name\":\"Ferrari F1 : Charles Leclerc persuad\u00e9 que cette nouvelle \u00e9volution remettra l&rsquo;\u00e9quipe devant\"}]},{\"@type\":\"WebSite\",\"@id\":\"https:\/\/www.italpassion.fr\/nl\/#website\",\"url\":\"https:\/\/www.italpassion.fr\/nl\/\",\"name\":\"ItalPassion\",\"description\":\"Les Passionn\u00e9s d&#039;Automobiles Italiennes\",\"publisher\":{\"@id\":\"https:\/\/www.italpassion.fr\/nl\/#organization\"},\"potentialAction\":[{\"@type\":\"SearchAction\",\"target\":{\"@type\":\"EntryPoint\",\"urlTemplate\":\"https:\/\/www.italpassion.fr\/nl\/?s={search_term_string}\"},\"query-input\":{\"@type\":\"PropertyValueSpecification\",\"valueRequired\":true,\"valueName\":\"search_term_string\"}}],\"inLanguage\":\"nl-NL\"},{\"@type\":\"Organization\",\"@id\":\"https:\/\/www.italpassion.fr\/nl\/#organization\",\"name\":\"Italpassion\",\"url\":\"https:\/\/www.italpassion.fr\/nl\/\",\"logo\":{\"@type\":\"ImageObject\",\"inLanguage\":\"nl-NL\",\"@id\":\"https:\/\/www.italpassion.fr\/nl\/#\/schema\/logo\/image\/\",\"url\":\"https:\/\/www.italpassion.fr\/wp-content\/uploads\/2023\/07\/italpassion-yoast.jpg\",\"contentUrl\":\"https:\/\/www.italpassion.fr\/wp-content\/uploads\/2023\/07\/italpassion-yoast.jpg\",\"width\":696,\"height\":696,\"caption\":\"Italpassion\"},\"image\":{\"@id\":\"https:\/\/www.italpassion.fr\/nl\/#\/schema\/logo\/image\/\"},\"sameAs\":[\"https:\/\/www.facebook.com\/italpassion\",\"https:\/\/x.com\/italpassion\",\"https:\/\/www.instagram.com\/italpassionfr\/\",\"https:\/\/www.youtube.com\/channel\/UCleq-ByQaA42OjhopwevRjQ\",\"https:\/\/www.facebook.com\/italpassion.en\/\",\"https:\/\/www.facebook.com\/italpassion.it\/\",\"https:\/\/www.facebook.com\/italpassion.de\/\",\"https:\/\/www.facebook.com\/italpassion.ja\/\"]},{\"@type\":\"Person\",\"@id\":\"https:\/\/www.italpassion.fr\/nl\/#\/schema\/person\/36f747b2a759ca202d847e85a9434ca0\",\"name\":\"Alexandre Filluzeau\",\"image\":{\"@type\":\"ImageObject\",\"inLanguage\":\"nl-NL\",\"@id\":\"https:\/\/www.italpassion.fr\/nl\/#\/schema\/person\/image\/\",\"url\":\"https:\/\/www.italpassion.fr\/wp-content\/uploads\/2025\/04\/avatar-alexandre-160x160.jpg\",\"contentUrl\":\"https:\/\/www.italpassion.fr\/wp-content\/uploads\/2025\/04\/avatar-alexandre-160x160.jpg\",\"caption\":\"Alexandre Filluzeau\"},\"description\":\"Fondateur du site ItalPassion, passionn\u00e9 de voitures italiennes et de l'Italie en g\u00e9n\u00e9ral. J'apporte un regard critique et technique aux actualit\u00e9s des marques italiennes quand cela est possible. Propri\u00e9taire d'une Maserati GranTurismo, Alfa Romeo MiTo, Lancia Fulvia et Ducati 695. Ex-propri\u00e9taire d'une Alfa Romeo Giulia.\",\"sameAs\":[\"https:\/\/www.italpassion.fr\/\"],\"url\":\"https:\/\/www.italpassion.fr\/nl\/author\/alexandre\/\"}]}<\/script>\n<!-- \/ Yoast SEO plugin. -->","yoast_head_json":{"title":"Ferrari F1: Charles Leclerc overtuigd dat deze nieuwe ontwikkeling het team terug aan kop zal brengen - ItalPassion","description":"Na een matige start van het Formule 1-seizoen 2025, gekenmerkt door slechts \u00e9\u00e9n podiumplaats in vijf Grands Prix, blijft Charles Leclerc in de racestoel zitten.","robots":{"index":"index","follow":"follow","max-snippet":"max-snippet:-1","max-image-preview":"max-image-preview:large","max-video-preview":"max-video-preview:-1"},"canonical":"https:\/\/www.italpassion.fr\/nl\/wedstrijd\/formule-1\/ferrari-f1-charles-leclerc-overtuigd-dat-deze-nieuwe-evolutie-het-team-terug-aan-de-leiding-zal-brengen\/","og_locale":"nl_NL","og_type":"article","og_title":"Ferrari F1 : Charles Leclerc persuad\u00e9 que cette nouvelle \u00e9volution remettra l'\u00e9quipe devant - ItalPassion","og_description":"Apr\u00e8s un d\u00e9but de saison 2025 de Formule 1 en demi-teinte, marqu\u00e9 par une seule apparition sur le podium en cinq Grands Prix, Charles Leclerc reste","og_url":"https:\/\/www.italpassion.fr\/nl\/wedstrijd\/formule-1\/ferrari-f1-charles-leclerc-overtuigd-dat-deze-nieuwe-evolutie-het-team-terug-aan-de-leiding-zal-brengen\/","og_site_name":"ItalPassion","article_publisher":"https:\/\/www.facebook.com\/italpassion","article_published_time":"2025-04-23T11:04:20+00:00","og_image":[{"width":1200,"height":800,"url":"https:\/\/www.italpassion.fr\/wp-content\/uploads\/2025\/04\/charles-leclerc-jeddah.jpg","type":"image\/jpeg"}],"author":"Alexandre Filluzeau","twitter_card":"summary_large_image","twitter_creator":"@italpassion","twitter_site":"@italpassion","schema":{"@context":"https:\/\/schema.org","@graph":[{"@type":"NewsArticle","@id":"https:\/\/www.italpassion.fr\/nl\/competition\/formule-1\/ferrari-f1-charles-leclerc-persuade-que-cette-nouvelle-evolution-remettra-lequipe-devant\/#article","isPartOf":{"@id":"https:\/\/www.italpassion.fr\/nl\/competition\/formule-1\/ferrari-f1-charles-leclerc-persuade-que-cette-nouvelle-evolution-remettra-lequipe-devant\/"},"author":{"name":"Alexandre Filluzeau","@id":"https:\/\/www.italpassion.fr\/nl\/#\/schema\/person\/36f747b2a759ca202d847e85a9434ca0"},"headline":"Ferrari F1 : Charles Leclerc persuad\u00e9 que cette nouvelle \u00e9volution remettra l&rsquo;\u00e9quipe devant","datePublished":"2025-04-23T11:04:20+00:00","mainEntityOfPage":{"@id":"https:\/\/www.italpassion.fr\/nl\/competition\/formule-1\/ferrari-f1-charles-leclerc-persuade-que-cette-nouvelle-evolution-remettra-lequipe-devant\/"},"wordCount":501,"commentCount":0,"publisher":{"@id":"https:\/\/www.italpassion.fr\/nl\/#organization"},"image":{"@id":"https:\/\/www.italpassion.fr\/nl\/competition\/formule-1\/ferrari-f1-charles-leclerc-persuade-que-cette-nouvelle-evolution-remettra-lequipe-devant\/#primaryimage"},"thumbnailUrl":"https:\/\/www.italpassion.fr\/wp-content\/uploads\/2025\/04\/charles-leclerc-jeddah.jpg","keywords":["Charles Leclerc","Scuderia Ferrari"],"articleSection":["Formule 1","Sport Auto"],"inLanguage":"nl-NL","potentialAction":[{"@type":"CommentAction","name":"Comment","target":["https:\/\/www.italpassion.fr\/nl\/competition\/formule-1\/ferrari-f1-charles-leclerc-persuade-que-cette-nouvelle-evolution-remettra-lequipe-devant\/#respond"]}]},{"@type":"WebPage","@id":"https:\/\/www.italpassion.fr\/nl\/competition\/formule-1\/ferrari-f1-charles-leclerc-persuade-que-cette-nouvelle-evolution-remettra-lequipe-devant\/","url":"https:\/\/www.italpassion.fr\/nl\/competition\/formule-1\/ferrari-f1-charles-leclerc-persuade-que-cette-nouvelle-evolution-remettra-lequipe-devant\/","name":"Ferrari F1: Charles Leclerc overtuigd dat deze nieuwe ontwikkeling het team terug aan kop zal brengen - ItalPassion","isPartOf":{"@id":"https:\/\/www.italpassion.fr\/nl\/#website"},"primaryImageOfPage":{"@id":"https:\/\/www.italpassion.fr\/nl\/competition\/formule-1\/ferrari-f1-charles-leclerc-persuade-que-cette-nouvelle-evolution-remettra-lequipe-devant\/#primaryimage"},"image":{"@id":"https:\/\/www.italpassion.fr\/nl\/competition\/formule-1\/ferrari-f1-charles-leclerc-persuade-que-cette-nouvelle-evolution-remettra-lequipe-devant\/#primaryimage"},"thumbnailUrl":"https:\/\/www.italpassion.fr\/wp-content\/uploads\/2025\/04\/charles-leclerc-jeddah.jpg","datePublished":"2025-04-23T11:04:20+00:00","description":"Na een matige start van het Formule 1-seizoen 2025, gekenmerkt door slechts \u00e9\u00e9n podiumplaats in vijf Grands Prix, blijft Charles Leclerc in de racestoel zitten.","breadcrumb":{"@id":"https:\/\/www.italpassion.fr\/nl\/competition\/formule-1\/ferrari-f1-charles-leclerc-persuade-que-cette-nouvelle-evolution-remettra-lequipe-devant\/#breadcrumb"},"inLanguage":"nl-NL","potentialAction":[{"@type":"ReadAction","target":["https:\/\/www.italpassion.fr\/nl\/competition\/formule-1\/ferrari-f1-charles-leclerc-persuade-que-cette-nouvelle-evolution-remettra-lequipe-devant\/"]}]},{"@type":"ImageObject","inLanguage":"nl-NL","@id":"https:\/\/www.italpassion.fr\/nl\/competition\/formule-1\/ferrari-f1-charles-leclerc-persuade-que-cette-nouvelle-evolution-remettra-lequipe-devant\/#primaryimage","url":"https:\/\/www.italpassion.fr\/wp-content\/uploads\/2025\/04\/charles-leclerc-jeddah.jpg","contentUrl":"https:\/\/www.italpassion.fr\/wp-content\/uploads\/2025\/04\/charles-leclerc-jeddah.jpg","width":1200,"height":800},{"@type":"BreadcrumbList","@id":"https:\/\/www.italpassion.fr\/nl\/competition\/formule-1\/ferrari-f1-charles-leclerc-persuade-que-cette-nouvelle-evolution-remettra-lequipe-devant\/#breadcrumb","itemListElement":[{"@type":"ListItem","position":1,"name":"Accueil","item":"https:\/\/www.italpassion.fr\/nl\/"},{"@type":"ListItem","position":2,"name":"Ferrari F1 : Charles Leclerc persuad\u00e9 que cette nouvelle \u00e9volution remettra l&rsquo;\u00e9quipe devant"}]},{"@type":"WebSite","@id":"https:\/\/www.italpassion.fr\/nl\/#website","url":"https:\/\/www.italpassion.fr\/nl\/","name":"ItalPassion","description":"Italiaanse autoliefhebbers","publisher":{"@id":"https:\/\/www.italpassion.fr\/nl\/#organization"},"potentialAction":[{"@type":"SearchAction","target":{"@type":"EntryPoint","urlTemplate":"https:\/\/www.italpassion.fr\/nl\/?s={search_term_string}"},"query-input":{"@type":"PropertyValueSpecification","valueRequired":true,"valueName":"search_term_string"}}],"inLanguage":"nl-NL"},{"@type":"Organization","@id":"https:\/\/www.italpassion.fr\/nl\/#organization","name":"Italpassion","url":"https:\/\/www.italpassion.fr\/nl\/","logo":{"@type":"ImageObject","inLanguage":"nl-NL","@id":"https:\/\/www.italpassion.fr\/nl\/#\/schema\/logo\/image\/","url":"https:\/\/www.italpassion.fr\/wp-content\/uploads\/2023\/07\/italpassion-yoast.jpg","contentUrl":"https:\/\/www.italpassion.fr\/wp-content\/uploads\/2023\/07\/italpassion-yoast.jpg","width":696,"height":696,"caption":"Italpassion"},"image":{"@id":"https:\/\/www.italpassion.fr\/nl\/#\/schema\/logo\/image\/"},"sameAs":["https:\/\/www.facebook.com\/italpassion","https:\/\/x.com\/italpassion","https:\/\/www.instagram.com\/italpassionfr\/","https:\/\/www.youtube.com\/channel\/UCleq-ByQaA42OjhopwevRjQ","https:\/\/www.facebook.com\/italpassion.en\/","https:\/\/www.facebook.com\/italpassion.it\/","https:\/\/www.facebook.com\/italpassion.de\/","https:\/\/www.facebook.com\/italpassion.ja\/"]},{"@type":"Person","@id":"https:\/\/www.italpassion.fr\/nl\/#\/schema\/person\/36f747b2a759ca202d847e85a9434ca0","name":"Alexandre Filluzeau","image":{"@type":"ImageObject","inLanguage":"nl-NL","@id":"https:\/\/www.italpassion.fr\/nl\/#\/schema\/person\/image\/","url":"https:\/\/www.italpassion.fr\/wp-content\/uploads\/2025\/04\/avatar-alexandre-160x160.jpg","contentUrl":"https:\/\/www.italpassion.fr\/wp-content\/uploads\/2025\/04\/avatar-alexandre-160x160.jpg","caption":"Alexandre Filluzeau"},"description":"Oprichter van de website ItalPassion, gepassioneerd door Italiaanse auto's en Itali\u00eb in het algemeen. Waar mogelijk breng ik een kritisch en technisch oog naar nieuws over Italiaanse merken. Eigenaar van een Maserati GranTurismo, Alfa Romeo MiTo, Lancia Fulvia en Ducati 695. Ex-eigenaar van een Alfa Romeo Giulia.","sameAs":["https:\/\/www.italpassion.fr\/"],"url":"https:\/\/www.italpassion.fr\/nl\/author\/alexandre\/"}]}},"_links":{"self":[{"href":"https:\/\/www.italpassion.fr\/nl\/wp-json\/wp\/v2\/posts\/38073","targetHints":{"allow":["GET"]}}],"collection":[{"href":"https:\/\/www.italpassion.fr\/nl\/wp-json\/wp\/v2\/posts"}],"about":[{"href":"https:\/\/www.italpassion.fr\/nl\/wp-json\/wp\/v2\/types\/post"}],"author":[{"embeddable":true,"href":"https:\/\/www.italpassion.fr\/nl\/wp-json\/wp\/v2\/users\/1"}],"replies":[{"embeddable":true,"href":"https:\/\/www.italpassion.fr\/nl\/wp-json\/wp\/v2\/comments?post=38073"}],"version-history":[{"count":1,"href":"https:\/\/www.italpassion.fr\/nl\/wp-json\/wp\/v2\/posts\/38073\/revisions"}],"predecessor-version":[{"id":38076,"href":"https:\/\/www.italpassion.fr\/nl\/wp-json\/wp\/v2\/posts\/38073\/revisions\/38076"}],"wp:featuredmedia":[{"embeddable":true,"href":"https:\/\/www.italpassion.fr\/nl\/wp-json\/wp\/v2\/media\/38075"}],"wp:attachment":[{"href":"https:\/\/www.italpassion.fr\/nl\/wp-json\/wp\/v2\/media?parent=38073"}],"wp:term":[{"taxonomy":"category","embeddable":true,"href":"https:\/\/www.italpassion.fr\/nl\/wp-json\/wp\/v2\/categories?post=38073"},{"taxonomy":"post_tag","embeddable":true,"href":"https:\/\/www.italpassion.fr\/nl\/wp-json\/wp\/v2\/tags?post=38073"}],"curies":[{"name":"wp","href":"https:\/\/api.w.org\/{rel}","templated":true}]}}