{"id":37983,"date":"2025-04-16T12:32:35","date_gmt":"2025-04-16T10:32:35","guid":{"rendered":"https:\/\/www.italpassion.fr\/?p=37983"},"modified":"2025-04-16T12:32:35","modified_gmt":"2025-04-16T10:32:35","slug":"een-van-de-kandidaten-om-stellantis-te-leiden-is-een-voormalige-ceo-van-de-volkswagengroep","status":"publish","type":"post","link":"https:\/\/www.italpassion.fr\/nl\/stellantis\/un-ex-ceo-du-groupe-volkswagen-parmi-les-candidats-a-la-tete-de-stellantis\/","title":{"rendered":"Een ex-CEO van de Volkswagen Group onder de kandidaten om Stellantis te leiden?"},"content":{"rendered":"<figure class=\"wp-block-image size-full\"><img loading=\"lazy\" decoding=\"async\" width=\"1200\" height=\"800\" src=\"https:\/\/www.italpassion.fr\/wp-content\/uploads\/2025\/04\/wayne-griffiths.jpg\" alt=\"\" class=\"wp-image-37984\" srcset=\"https:\/\/www.italpassion.fr\/wp-content\/uploads\/2025\/04\/wayne-griffiths.jpg 1200w, https:\/\/www.italpassion.fr\/wp-content\/uploads\/2025\/04\/wayne-griffiths-420x280.jpg 420w, https:\/\/www.italpassion.fr\/wp-content\/uploads\/2025\/04\/wayne-griffiths-768x512.jpg 768w, https:\/\/www.italpassion.fr\/wp-content\/uploads\/2025\/04\/wayne-griffiths-18x12.jpg 18w\" sizes=\"auto, (max-width: 1200px) 100vw, 1200px\" \/><\/figure>\n\n\n\n<p><strong>Sinds de <a href=\"https:\/\/www.italpassion.fr\/nl\/stellantis\/donderslag-bij-heldere-hemel-bij-stellantis-ceo-carlos-tavares-neemt-ontslag\/\">Onverwacht aftreden van Carlos Tavares eind 2024<\/a>, <a href=\"https:\/\/www.italpassion.fr\/nl\/stellantis\/\">Stellantis<\/a> is op zoek naar zijn toekomstige CEO. <\/strong>Terwijl de Groep een benoeming had aangekondigd voor de eerste helft van 2025, is het nu half april... en er is nog steeds geen offici\u00eble naam opgedoken. Maar er wordt druk gespeculeerd.<\/p>\n\n\n\n<h2 class=\"wp-block-heading\">Een shortlist van vijf namen<\/h2>\n\n\n\n<p>Volgens de laatste indiscreties heeft Stellantis zijn lijst met kandidaten teruggebracht tot vijf kandidaten: twee interne profielen en drie externe kandidaten.<\/p>\n\n\n\n<p>Binnenin is Antonio Filosa, de huidige CEO van Stellantis Noord-Amerika, de favoriet. Naast hem wordt Maxime Picat, ex-CEO van Stellantis Europe en nu directeur Inkoop van de Groep, ook overwogen. Beide mannen zijn goed bekend bij de Groep en hebben veel ervaring, maar ze moeten het opnemen tegen externe concurrenten met... intrigerende profielen. Volgens onze informatie stond Jean-Philippe Imparato, CEO van Stellantis Europe, ook op de lijst, maar hij weigerde.<\/p>\n\n\n\n<h2 class=\"wp-block-heading\">Wayne Griffiths, een geloofwaardige buitenstaander<\/h2>\n\n\n\n<p><strong>Onder de externe kandidaten begint \u00e9\u00e9n naam geloofwaardig te worden: Wayne Griffiths, ex-CEO van Seat en Cupra. <\/strong>Officieel verlaat hij zijn functie op 31 maart 2025, \"op eigen verzoek\", om nieuwe uitdagingen aan te gaan. Deze timing zal zeker vragen oproepen, vooral omdat er nog geen bestemming is aangekondigd.<\/p>\n\n\n\n<blockquote class=\"wp-block-quote is-layout-flow wp-block-quote-is-layout-flow\"><svg aria-hidden=\"true\" focusable=\"false\" class=\"icon icon-quote\" width=\"48\" height=\"48\"><use xlink:href=\"#icon-quote\"><\/use><\/svg>\n<p>Gisteren heb ik na 37 jaar besloten om de Volkswagen Group te verlaten.<\/p>\n\n\n\n<p>Ik kwam op 21-jarige leeftijd bij AUDI AG en vertrok gisteren als CEO van SEAT S.A. en CUPRA.<\/p>\n\n\n\n<p>Het is een ongelooflijke reis geweest, met te veel hoogtepunten om op te noemen. Maar het belangrijkste voor mij zijn de fantastische mensen die ik heb ontmoet en met wie ik heb samengewerkt, en ik wil jullie allemaal bedanken voor jullie vriendschap en loyaliteit.<\/p>\n\n\n\n<p>Ik wilde je alleen laten weten dat ik gelukkig ben en in betere vorm dan ooit, en ik kan niet wachten om te zien waar mijn lot me brengt.<\/p>\n\n\n\n<p>Zoals mijn held David Bowie ooit zei: \"Ik weet niet waar ik vanaf hier naartoe ga, maar ik beloof je dat ik me niet zal vervelen\".<\/p>\n<\/blockquote>\n\n\n\n<p>Griffiths is een puur product van de Volkswagen-groep. Hij begon in 1989 bij Audi en wisselde Seat af met het merk met de ringen. Hij werd in 2019 benoemd tot CEO van Cupra en in 2020 tot CEO van Seat en heeft beide merken nieuw leven ingeblazen. Onder zijn leiding, <strong>Cupra is uitgegroeid tot een van de snelst groeiende merken in Europa,<\/strong> met modellen zoals de Born en Terramar.<\/p>\n\n\n\n<p>Hij heeft ook met succes turbulente tijden doorstaan, met name de opkomst van de Chinese concurrentie en de recente onzekerheden rond de douane in de Verenigde Staten. Zijn strategische visie, internationale profiel en ervaring in merkontwikkeling zouden een grote en multiculturele groep als Stellantis kunnen aanspreken.<\/p>\n\n\n\n<h2 class=\"wp-block-heading\">Een race tegen de klok<\/h2>\n\n\n\n<p>Op dit moment bevindt Stellantis zich midden in een grote transformatie: de opkomst van elektrische energie verloopt moeizamer dan verwacht, de merken worden gerationaliseerd, het bedrijf past zich aan aan de Noord-Amerikaanse markt en de concurrentie uit China, die allemaal een duidelijk en stabiel leiderschap vereisen.<\/p>\n\n\n\n<p>Als de komst van Wayne Griffiths wordt bevestigd, zou dat een sterk signaal zijn. Het valt nog te bezien of de voormalige Cupra-baas deel zal uitmaken van de offici\u00eble aankondiging... die niet lang meer op zich zal laten wachten.<\/p>","protected":false},"excerpt":{"rendered":"","protected":false},"author":1,"featured_media":37984,"comment_status":"open","ping_status":"open","sticky":false,"template":"","format":"standard","meta":{"_acf_changed":false,"_sitemap_exclude":false,"_sitemap_priority":"","_sitemap_frequency":"","footnotes":""},"categories":[29],"tags":[],"class_list":["post-37983","post","type-post","status-publish","format-standard","has-post-thumbnail","hentry","category-stellantis","generate-columns","tablet-grid-50","mobile-grid-100","grid-parent","grid-33"],"acf":[],"yoast_head":"<!-- This site is optimized with the Yoast SEO plugin v25.8 - https:\/\/yoast.com\/wordpress\/plugins\/seo\/ -->\n<title>Un ex-CEO du groupe Volkswagen parmi les candidats \u00e0 la t\u00eate de Stellantis ? - ItalPassion<\/title>\n<meta name=\"description\" content=\"Depuis la d\u00e9mission surprise de Carlos Tavares fin 2024, Stellantis est \u00e0 la recherche de son futur CEO. Alors que le groupe avait annonc\u00e9 une nomination\" \/>\n<meta name=\"robots\" content=\"index, follow, max-snippet:-1, max-image-preview:large, max-video-preview:-1\" \/>\n<link rel=\"canonical\" href=\"https:\/\/www.italpassion.fr\/nl\/stellantis\/een-van-de-kandidaten-om-stellantis-te-leiden-is-een-voormalige-ceo-van-de-volkswagengroep\/\" \/>\n<meta property=\"og:locale\" content=\"nl_NL\" \/>\n<meta property=\"og:type\" content=\"article\" \/>\n<meta property=\"og:title\" content=\"Un ex-CEO du groupe Volkswagen parmi les candidats \u00e0 la t\u00eate de Stellantis ? - ItalPassion\" \/>\n<meta property=\"og:description\" content=\"Depuis la d\u00e9mission surprise de Carlos Tavares fin 2024, Stellantis est \u00e0 la recherche de son futur CEO. Alors que le groupe avait annonc\u00e9 une nomination\" \/>\n<meta property=\"og:url\" content=\"https:\/\/www.italpassion.fr\/nl\/stellantis\/een-van-de-kandidaten-om-stellantis-te-leiden-is-een-voormalige-ceo-van-de-volkswagengroep\/\" \/>\n<meta property=\"og:site_name\" content=\"ItalPassion\" \/>\n<meta property=\"article:publisher\" content=\"https:\/\/www.facebook.com\/italpassion\" \/>\n<meta property=\"article:published_time\" content=\"2025-04-16T10:32:35+00:00\" \/>\n<meta property=\"og:image\" content=\"https:\/\/www.italpassion.fr\/wp-content\/uploads\/2025\/04\/wayne-griffiths.jpg\" \/>\n\t<meta property=\"og:image:width\" content=\"1200\" \/>\n\t<meta property=\"og:image:height\" content=\"800\" \/>\n\t<meta property=\"og:image:type\" content=\"image\/jpeg\" \/>\n<meta name=\"author\" content=\"Alexandre Filluzeau\" \/>\n<meta name=\"twitter:card\" content=\"summary_large_image\" \/>\n<meta name=\"twitter:creator\" content=\"@italpassion\" \/>\n<meta name=\"twitter:site\" content=\"@italpassion\" \/>\n<script type=\"application\/ld+json\" class=\"yoast-schema-graph\">{\"@context\":\"https:\/\/schema.org\",\"@graph\":[{\"@type\":\"NewsArticle\",\"@id\":\"https:\/\/www.italpassion.fr\/nl\/stellantis\/un-ex-ceo-du-groupe-volkswagen-parmi-les-candidats-a-la-tete-de-stellantis\/#article\",\"isPartOf\":{\"@id\":\"https:\/\/www.italpassion.fr\/nl\/stellantis\/un-ex-ceo-du-groupe-volkswagen-parmi-les-candidats-a-la-tete-de-stellantis\/\"},\"author\":{\"name\":\"Alexandre Filluzeau\",\"@id\":\"https:\/\/www.italpassion.fr\/nl\/#\/schema\/person\/36f747b2a759ca202d847e85a9434ca0\"},\"headline\":\"Un ex-CEO du groupe Volkswagen parmi les candidats \u00e0 la t\u00eate de Stellantis ?\",\"datePublished\":\"2025-04-16T10:32:35+00:00\",\"mainEntityOfPage\":{\"@id\":\"https:\/\/www.italpassion.fr\/nl\/stellantis\/un-ex-ceo-du-groupe-volkswagen-parmi-les-candidats-a-la-tete-de-stellantis\/\"},\"wordCount\":591,\"commentCount\":0,\"publisher\":{\"@id\":\"https:\/\/www.italpassion.fr\/nl\/#organization\"},\"image\":{\"@id\":\"https:\/\/www.italpassion.fr\/nl\/stellantis\/un-ex-ceo-du-groupe-volkswagen-parmi-les-candidats-a-la-tete-de-stellantis\/#primaryimage\"},\"thumbnailUrl\":\"https:\/\/www.italpassion.fr\/wp-content\/uploads\/2025\/04\/wayne-griffiths.jpg\",\"articleSection\":[\"Stellantis\"],\"inLanguage\":\"nl-NL\",\"potentialAction\":[{\"@type\":\"CommentAction\",\"name\":\"Comment\",\"target\":[\"https:\/\/www.italpassion.fr\/nl\/stellantis\/un-ex-ceo-du-groupe-volkswagen-parmi-les-candidats-a-la-tete-de-stellantis\/#respond\"]}]},{\"@type\":\"WebPage\",\"@id\":\"https:\/\/www.italpassion.fr\/nl\/stellantis\/un-ex-ceo-du-groupe-volkswagen-parmi-les-candidats-a-la-tete-de-stellantis\/\",\"url\":\"https:\/\/www.italpassion.fr\/nl\/stellantis\/un-ex-ceo-du-groupe-volkswagen-parmi-les-candidats-a-la-tete-de-stellantis\/\",\"name\":\"Un ex-CEO du groupe Volkswagen parmi les candidats \u00e0 la t\u00eate de Stellantis ? - ItalPassion\",\"isPartOf\":{\"@id\":\"https:\/\/www.italpassion.fr\/nl\/#website\"},\"primaryImageOfPage\":{\"@id\":\"https:\/\/www.italpassion.fr\/nl\/stellantis\/un-ex-ceo-du-groupe-volkswagen-parmi-les-candidats-a-la-tete-de-stellantis\/#primaryimage\"},\"image\":{\"@id\":\"https:\/\/www.italpassion.fr\/nl\/stellantis\/un-ex-ceo-du-groupe-volkswagen-parmi-les-candidats-a-la-tete-de-stellantis\/#primaryimage\"},\"thumbnailUrl\":\"https:\/\/www.italpassion.fr\/wp-content\/uploads\/2025\/04\/wayne-griffiths.jpg\",\"datePublished\":\"2025-04-16T10:32:35+00:00\",\"description\":\"Depuis la d\u00e9mission surprise de Carlos Tavares fin 2024, Stellantis est \u00e0 la recherche de son futur CEO. Alors que le groupe avait annonc\u00e9 une nomination\",\"breadcrumb\":{\"@id\":\"https:\/\/www.italpassion.fr\/nl\/stellantis\/un-ex-ceo-du-groupe-volkswagen-parmi-les-candidats-a-la-tete-de-stellantis\/#breadcrumb\"},\"inLanguage\":\"nl-NL\",\"potentialAction\":[{\"@type\":\"ReadAction\",\"target\":[\"https:\/\/www.italpassion.fr\/nl\/stellantis\/un-ex-ceo-du-groupe-volkswagen-parmi-les-candidats-a-la-tete-de-stellantis\/\"]}]},{\"@type\":\"ImageObject\",\"inLanguage\":\"nl-NL\",\"@id\":\"https:\/\/www.italpassion.fr\/nl\/stellantis\/un-ex-ceo-du-groupe-volkswagen-parmi-les-candidats-a-la-tete-de-stellantis\/#primaryimage\",\"url\":\"https:\/\/www.italpassion.fr\/wp-content\/uploads\/2025\/04\/wayne-griffiths.jpg\",\"contentUrl\":\"https:\/\/www.italpassion.fr\/wp-content\/uploads\/2025\/04\/wayne-griffiths.jpg\",\"width\":1200,\"height\":800},{\"@type\":\"BreadcrumbList\",\"@id\":\"https:\/\/www.italpassion.fr\/nl\/stellantis\/un-ex-ceo-du-groupe-volkswagen-parmi-les-candidats-a-la-tete-de-stellantis\/#breadcrumb\",\"itemListElement\":[{\"@type\":\"ListItem\",\"position\":1,\"name\":\"Accueil\",\"item\":\"https:\/\/www.italpassion.fr\/nl\/\"},{\"@type\":\"ListItem\",\"position\":2,\"name\":\"Un ex-CEO du groupe Volkswagen parmi les candidats \u00e0 la t\u00eate de Stellantis ?\"}]},{\"@type\":\"WebSite\",\"@id\":\"https:\/\/www.italpassion.fr\/nl\/#website\",\"url\":\"https:\/\/www.italpassion.fr\/nl\/\",\"name\":\"ItalPassion\",\"description\":\"Les Passionn\u00e9s d&#039;Automobiles Italiennes\",\"publisher\":{\"@id\":\"https:\/\/www.italpassion.fr\/nl\/#organization\"},\"potentialAction\":[{\"@type\":\"SearchAction\",\"target\":{\"@type\":\"EntryPoint\",\"urlTemplate\":\"https:\/\/www.italpassion.fr\/nl\/?s={search_term_string}\"},\"query-input\":{\"@type\":\"PropertyValueSpecification\",\"valueRequired\":true,\"valueName\":\"search_term_string\"}}],\"inLanguage\":\"nl-NL\"},{\"@type\":\"Organization\",\"@id\":\"https:\/\/www.italpassion.fr\/nl\/#organization\",\"name\":\"Italpassion\",\"url\":\"https:\/\/www.italpassion.fr\/nl\/\",\"logo\":{\"@type\":\"ImageObject\",\"inLanguage\":\"nl-NL\",\"@id\":\"https:\/\/www.italpassion.fr\/nl\/#\/schema\/logo\/image\/\",\"url\":\"https:\/\/www.italpassion.fr\/wp-content\/uploads\/2023\/07\/italpassion-yoast.jpg\",\"contentUrl\":\"https:\/\/www.italpassion.fr\/wp-content\/uploads\/2023\/07\/italpassion-yoast.jpg\",\"width\":696,\"height\":696,\"caption\":\"Italpassion\"},\"image\":{\"@id\":\"https:\/\/www.italpassion.fr\/nl\/#\/schema\/logo\/image\/\"},\"sameAs\":[\"https:\/\/www.facebook.com\/italpassion\",\"https:\/\/x.com\/italpassion\",\"https:\/\/www.instagram.com\/italpassionfr\/\",\"https:\/\/www.youtube.com\/channel\/UCleq-ByQaA42OjhopwevRjQ\",\"https:\/\/www.facebook.com\/italpassion.en\/\",\"https:\/\/www.facebook.com\/italpassion.it\/\",\"https:\/\/www.facebook.com\/italpassion.de\/\",\"https:\/\/www.facebook.com\/italpassion.ja\/\"]},{\"@type\":\"Person\",\"@id\":\"https:\/\/www.italpassion.fr\/nl\/#\/schema\/person\/36f747b2a759ca202d847e85a9434ca0\",\"name\":\"Alexandre Filluzeau\",\"image\":{\"@type\":\"ImageObject\",\"inLanguage\":\"nl-NL\",\"@id\":\"https:\/\/www.italpassion.fr\/nl\/#\/schema\/person\/image\/\",\"url\":\"https:\/\/www.italpassion.fr\/wp-content\/uploads\/2025\/04\/avatar-alexandre-160x160.jpg\",\"contentUrl\":\"https:\/\/www.italpassion.fr\/wp-content\/uploads\/2025\/04\/avatar-alexandre-160x160.jpg\",\"caption\":\"Alexandre Filluzeau\"},\"description\":\"Fondateur du site ItalPassion, passionn\u00e9 de voitures italiennes et de l'Italie en g\u00e9n\u00e9ral. J'apporte un regard critique et technique aux actualit\u00e9s des marques italiennes quand cela est possible. Propri\u00e9taire d'une Maserati GranTurismo, Alfa Romeo MiTo, Lancia Fulvia et Ducati 695. Ex-propri\u00e9taire d'une Alfa Romeo Giulia.\",\"sameAs\":[\"https:\/\/www.italpassion.fr\/\"],\"url\":\"https:\/\/www.italpassion.fr\/nl\/author\/alexandre\/\"}]}<\/script>\n<!-- \/ Yoast SEO plugin. -->","yoast_head_json":{"title":"Een ex-CEO van de Volkswagen groep onder de kandidaten om Stellantis te leiden? - Itali\u00eb Passie","description":"Sinds het verrassende ontslag van Carlos Tavares eind 2024 is Stellantis op zoek naar zijn toekomstige CEO. Terwijl de groep een benoeming had aangekondigd","robots":{"index":"index","follow":"follow","max-snippet":"max-snippet:-1","max-image-preview":"max-image-preview:large","max-video-preview":"max-video-preview:-1"},"canonical":"https:\/\/www.italpassion.fr\/nl\/stellantis\/een-van-de-kandidaten-om-stellantis-te-leiden-is-een-voormalige-ceo-van-de-volkswagengroep\/","og_locale":"nl_NL","og_type":"article","og_title":"Un ex-CEO du groupe Volkswagen parmi les candidats \u00e0 la t\u00eate de Stellantis ? - ItalPassion","og_description":"Depuis la d\u00e9mission surprise de Carlos Tavares fin 2024, Stellantis est \u00e0 la recherche de son futur CEO. Alors que le groupe avait annonc\u00e9 une nomination","og_url":"https:\/\/www.italpassion.fr\/nl\/stellantis\/een-van-de-kandidaten-om-stellantis-te-leiden-is-een-voormalige-ceo-van-de-volkswagengroep\/","og_site_name":"ItalPassion","article_publisher":"https:\/\/www.facebook.com\/italpassion","article_published_time":"2025-04-16T10:32:35+00:00","og_image":[{"width":1200,"height":800,"url":"https:\/\/www.italpassion.fr\/wp-content\/uploads\/2025\/04\/wayne-griffiths.jpg","type":"image\/jpeg"}],"author":"Alexandre Filluzeau","twitter_card":"summary_large_image","twitter_creator":"@italpassion","twitter_site":"@italpassion","schema":{"@context":"https:\/\/schema.org","@graph":[{"@type":"NewsArticle","@id":"https:\/\/www.italpassion.fr\/nl\/stellantis\/un-ex-ceo-du-groupe-volkswagen-parmi-les-candidats-a-la-tete-de-stellantis\/#article","isPartOf":{"@id":"https:\/\/www.italpassion.fr\/nl\/stellantis\/un-ex-ceo-du-groupe-volkswagen-parmi-les-candidats-a-la-tete-de-stellantis\/"},"author":{"name":"Alexandre Filluzeau","@id":"https:\/\/www.italpassion.fr\/nl\/#\/schema\/person\/36f747b2a759ca202d847e85a9434ca0"},"headline":"Un ex-CEO du groupe Volkswagen parmi les candidats \u00e0 la t\u00eate de Stellantis ?","datePublished":"2025-04-16T10:32:35+00:00","mainEntityOfPage":{"@id":"https:\/\/www.italpassion.fr\/nl\/stellantis\/un-ex-ceo-du-groupe-volkswagen-parmi-les-candidats-a-la-tete-de-stellantis\/"},"wordCount":591,"commentCount":0,"publisher":{"@id":"https:\/\/www.italpassion.fr\/nl\/#organization"},"image":{"@id":"https:\/\/www.italpassion.fr\/nl\/stellantis\/un-ex-ceo-du-groupe-volkswagen-parmi-les-candidats-a-la-tete-de-stellantis\/#primaryimage"},"thumbnailUrl":"https:\/\/www.italpassion.fr\/wp-content\/uploads\/2025\/04\/wayne-griffiths.jpg","articleSection":["Stellantis"],"inLanguage":"nl-NL","potentialAction":[{"@type":"CommentAction","name":"Comment","target":["https:\/\/www.italpassion.fr\/nl\/stellantis\/un-ex-ceo-du-groupe-volkswagen-parmi-les-candidats-a-la-tete-de-stellantis\/#respond"]}]},{"@type":"WebPage","@id":"https:\/\/www.italpassion.fr\/nl\/stellantis\/un-ex-ceo-du-groupe-volkswagen-parmi-les-candidats-a-la-tete-de-stellantis\/","url":"https:\/\/www.italpassion.fr\/nl\/stellantis\/un-ex-ceo-du-groupe-volkswagen-parmi-les-candidats-a-la-tete-de-stellantis\/","name":"Een ex-CEO van de Volkswagen groep onder de kandidaten om Stellantis te leiden? - Itali\u00eb Passie","isPartOf":{"@id":"https:\/\/www.italpassion.fr\/nl\/#website"},"primaryImageOfPage":{"@id":"https:\/\/www.italpassion.fr\/nl\/stellantis\/un-ex-ceo-du-groupe-volkswagen-parmi-les-candidats-a-la-tete-de-stellantis\/#primaryimage"},"image":{"@id":"https:\/\/www.italpassion.fr\/nl\/stellantis\/un-ex-ceo-du-groupe-volkswagen-parmi-les-candidats-a-la-tete-de-stellantis\/#primaryimage"},"thumbnailUrl":"https:\/\/www.italpassion.fr\/wp-content\/uploads\/2025\/04\/wayne-griffiths.jpg","datePublished":"2025-04-16T10:32:35+00:00","description":"Sinds het verrassende ontslag van Carlos Tavares eind 2024 is Stellantis op zoek naar zijn toekomstige CEO. Terwijl de groep een benoeming had aangekondigd","breadcrumb":{"@id":"https:\/\/www.italpassion.fr\/nl\/stellantis\/un-ex-ceo-du-groupe-volkswagen-parmi-les-candidats-a-la-tete-de-stellantis\/#breadcrumb"},"inLanguage":"nl-NL","potentialAction":[{"@type":"ReadAction","target":["https:\/\/www.italpassion.fr\/nl\/stellantis\/un-ex-ceo-du-groupe-volkswagen-parmi-les-candidats-a-la-tete-de-stellantis\/"]}]},{"@type":"ImageObject","inLanguage":"nl-NL","@id":"https:\/\/www.italpassion.fr\/nl\/stellantis\/un-ex-ceo-du-groupe-volkswagen-parmi-les-candidats-a-la-tete-de-stellantis\/#primaryimage","url":"https:\/\/www.italpassion.fr\/wp-content\/uploads\/2025\/04\/wayne-griffiths.jpg","contentUrl":"https:\/\/www.italpassion.fr\/wp-content\/uploads\/2025\/04\/wayne-griffiths.jpg","width":1200,"height":800},{"@type":"BreadcrumbList","@id":"https:\/\/www.italpassion.fr\/nl\/stellantis\/un-ex-ceo-du-groupe-volkswagen-parmi-les-candidats-a-la-tete-de-stellantis\/#breadcrumb","itemListElement":[{"@type":"ListItem","position":1,"name":"Accueil","item":"https:\/\/www.italpassion.fr\/nl\/"},{"@type":"ListItem","position":2,"name":"Un ex-CEO du groupe Volkswagen parmi les candidats \u00e0 la t\u00eate de Stellantis ?"}]},{"@type":"WebSite","@id":"https:\/\/www.italpassion.fr\/nl\/#website","url":"https:\/\/www.italpassion.fr\/nl\/","name":"ItalPassion","description":"Italiaanse autoliefhebbers","publisher":{"@id":"https:\/\/www.italpassion.fr\/nl\/#organization"},"potentialAction":[{"@type":"SearchAction","target":{"@type":"EntryPoint","urlTemplate":"https:\/\/www.italpassion.fr\/nl\/?s={search_term_string}"},"query-input":{"@type":"PropertyValueSpecification","valueRequired":true,"valueName":"search_term_string"}}],"inLanguage":"nl-NL"},{"@type":"Organization","@id":"https:\/\/www.italpassion.fr\/nl\/#organization","name":"Italpassion","url":"https:\/\/www.italpassion.fr\/nl\/","logo":{"@type":"ImageObject","inLanguage":"nl-NL","@id":"https:\/\/www.italpassion.fr\/nl\/#\/schema\/logo\/image\/","url":"https:\/\/www.italpassion.fr\/wp-content\/uploads\/2023\/07\/italpassion-yoast.jpg","contentUrl":"https:\/\/www.italpassion.fr\/wp-content\/uploads\/2023\/07\/italpassion-yoast.jpg","width":696,"height":696,"caption":"Italpassion"},"image":{"@id":"https:\/\/www.italpassion.fr\/nl\/#\/schema\/logo\/image\/"},"sameAs":["https:\/\/www.facebook.com\/italpassion","https:\/\/x.com\/italpassion","https:\/\/www.instagram.com\/italpassionfr\/","https:\/\/www.youtube.com\/channel\/UCleq-ByQaA42OjhopwevRjQ","https:\/\/www.facebook.com\/italpassion.en\/","https:\/\/www.facebook.com\/italpassion.it\/","https:\/\/www.facebook.com\/italpassion.de\/","https:\/\/www.facebook.com\/italpassion.ja\/"]},{"@type":"Person","@id":"https:\/\/www.italpassion.fr\/nl\/#\/schema\/person\/36f747b2a759ca202d847e85a9434ca0","name":"Alexandre Filluzeau","image":{"@type":"ImageObject","inLanguage":"nl-NL","@id":"https:\/\/www.italpassion.fr\/nl\/#\/schema\/person\/image\/","url":"https:\/\/www.italpassion.fr\/wp-content\/uploads\/2025\/04\/avatar-alexandre-160x160.jpg","contentUrl":"https:\/\/www.italpassion.fr\/wp-content\/uploads\/2025\/04\/avatar-alexandre-160x160.jpg","caption":"Alexandre Filluzeau"},"description":"Oprichter van de website ItalPassion, gepassioneerd door Italiaanse auto's en Itali\u00eb in het algemeen. Waar mogelijk breng ik een kritisch en technisch oog naar nieuws over Italiaanse merken. Eigenaar van een Maserati GranTurismo, Alfa Romeo MiTo, Lancia Fulvia en Ducati 695. Ex-eigenaar van een Alfa Romeo Giulia.","sameAs":["https:\/\/www.italpassion.fr\/"],"url":"https:\/\/www.italpassion.fr\/nl\/author\/alexandre\/"}]}},"_links":{"self":[{"href":"https:\/\/www.italpassion.fr\/nl\/wp-json\/wp\/v2\/posts\/37983","targetHints":{"allow":["GET"]}}],"collection":[{"href":"https:\/\/www.italpassion.fr\/nl\/wp-json\/wp\/v2\/posts"}],"about":[{"href":"https:\/\/www.italpassion.fr\/nl\/wp-json\/wp\/v2\/types\/post"}],"author":[{"embeddable":true,"href":"https:\/\/www.italpassion.fr\/nl\/wp-json\/wp\/v2\/users\/1"}],"replies":[{"embeddable":true,"href":"https:\/\/www.italpassion.fr\/nl\/wp-json\/wp\/v2\/comments?post=37983"}],"version-history":[{"count":1,"href":"https:\/\/www.italpassion.fr\/nl\/wp-json\/wp\/v2\/posts\/37983\/revisions"}],"predecessor-version":[{"id":37985,"href":"https:\/\/www.italpassion.fr\/nl\/wp-json\/wp\/v2\/posts\/37983\/revisions\/37985"}],"wp:featuredmedia":[{"embeddable":true,"href":"https:\/\/www.italpassion.fr\/nl\/wp-json\/wp\/v2\/media\/37984"}],"wp:attachment":[{"href":"https:\/\/www.italpassion.fr\/nl\/wp-json\/wp\/v2\/media?parent=37983"}],"wp:term":[{"taxonomy":"category","embeddable":true,"href":"https:\/\/www.italpassion.fr\/nl\/wp-json\/wp\/v2\/categories?post=37983"},{"taxonomy":"post_tag","embeddable":true,"href":"https:\/\/www.italpassion.fr\/nl\/wp-json\/wp\/v2\/tags?post=37983"}],"curies":[{"name":"wp","href":"https:\/\/api.w.org\/{rel}","templated":true}]}}