{"id":37868,"date":"2025-04-11T11:25:29","date_gmt":"2025-04-11T09:25:29","guid":{"rendered":"https:\/\/www.italpassion.fr\/?p=37868"},"modified":"2025-04-11T11:25:09","modified_gmt":"2025-04-11T09:25:09","slug":"ferrari-f1-wat-leclerc-en-hamilton-vinden-van-de-grote-upgrade-van-de-f25","status":"publish","type":"post","link":"https:\/\/www.italpassion.fr\/nl\/competition\/formule-1\/ferrari-f1-ce-que-leclerc-et-hamilton-pensent-de-la-grosse-evolution-de-la-sf-25\/","title":{"rendered":"Ferrari F1: wat Leclerc en Hamilton vinden van de grote upgrade van de SF-25"},"content":{"rendered":"<figure class=\"wp-block-image size-full\"><img loading=\"lazy\" decoding=\"async\" width=\"1200\" height=\"800\" src=\"https:\/\/www.italpassion.fr\/wp-content\/uploads\/2025\/04\/lewis-leclerc-bahrien-2025.jpg\" alt=\"\" class=\"wp-image-37871\" srcset=\"https:\/\/www.italpassion.fr\/wp-content\/uploads\/2025\/04\/lewis-leclerc-bahrien-2025.jpg 1200w, https:\/\/www.italpassion.fr\/wp-content\/uploads\/2025\/04\/lewis-leclerc-bahrien-2025-420x280.jpg 420w, https:\/\/www.italpassion.fr\/wp-content\/uploads\/2025\/04\/lewis-leclerc-bahrien-2025-768x512.jpg 768w, https:\/\/www.italpassion.fr\/wp-content\/uploads\/2025\/04\/lewis-leclerc-bahrien-2025-18x12.jpg 18w\" sizes=\"auto, (max-width: 1200px) 100vw, 1200px\" \/><\/figure>\n\n\n\n<p><strong><a href=\"https:\/\/www.italpassion.fr\/nl\/ferrari\/\">Ferrari<\/a> begint de Grand Prix van Bahrein met de eerste grote evolutie van zijn SF-25, <\/strong>een duidelijke poging om het seizoen van 2025 nieuw leven in te blazen na een matige start van het kampioenschap. De uitspraken van Charles Leclerc en Lewis Hamilton, de twee coureurs van de <a href=\"https:\/\/www.italpassion.fr\/nl\/tag\/scuderia-ferrari\/\">Scuderia<\/a>verrast door<strong> hun gematigde, zelfs gereserveerde toon, ondanks de introductie van een substantieel technisch pakket.<\/strong><\/p>\n\n\n\n<h2 class=\"wp-block-heading\">Leclerc en Hamilton helder... zelfs voorzichtig<\/h2>\n\n\n\n<p>We spraken met de Belgische journalist Ga\u00ebtan Vigneron, <a href=\"https:\/\/www.italpassion.fr\/nl\/tag\/charles-leclerc\/\">Charles Leclerc<\/a> maakte geen geheim van zijn twijfels:<br><strong>\"We hebben een paar nieuwe onderdelen op de auto, dus ik hoop dat dat ons zal helpen om het gat met de McLarens en Max te dichten. Daarna heb ik er geen vertrouwen in dat het ons in staat zal stellen om op hun niveau te komen, maar het zal ons wel helpen om wat meer druk op ze uit te oefenen in de race. We zijn nog niet tevreden met waar we staan. We werken er hard aan om dingen te veranderen. Ik ben er zeker van dat het snel vruchten zal afwerpen.<\/strong><\/p>\n\n\n\n<blockquote class=\"twitter-tweet\" data-media-max-width=\"560\"><p lang=\"fr\" dir=\"ltr\">Een meer co\u00f6peratieve Charles Leclerc heeft het hier over de ontwikkelingen... nog niet genoeg om McLaren en Max echt zorgen te baren, maar het zal binnenkort zijn vruchten afwerpen...<a href=\"https:\/\/twitter.com\/hashtag\/BahrainGP?src=hash&amp;ref_src=twsrc%5Etfw\">#BahrainGP<\/a> <a href=\"https:\/\/twitter.com\/hashtag\/F1?src=hash&amp;ref_src=twsrc%5Etfw\">#F1<\/a> <a href=\"https:\/\/twitter.com\/hashtag\/rtbfsport?src=hash&amp;ref_src=twsrc%5Etfw\">#rtbfsport<\/a> <a href=\"https:\/\/t.co\/1ZL4OT6lWI\">pic.twitter.com\/1ZL4OT6lWI<\/a><\/p>- VIGNERON GAETAN (@VIGNERONGAETAN) <a href=\"https:\/\/twitter.com\/VIGNERONGAETAN\/status\/1910432460153799046?ref_src=twsrc%5Etfw\">10 april 2025<\/a><\/blockquote> <script async src=\"https:\/\/platform.twitter.com\/widgets.js\" charset=\"utf-8\"><\/script>\n\n\n\n<p>Dezelfde terughoudendheid van <a href=\"https:\/\/www.italpassion.fr\/nl\/tag\/lewis-hamilton\/\">Lewis Hamilton<\/a>die genoegen nam met een laconiek antwoord:<br><strong>\"Verwacht helemaal niets, kijk gewoon en geniet. We werken zo hard als we kunnen, dat is wat ik kan zeggen.\"<\/strong><\/p>\n\n\n\n<blockquote class=\"twitter-tweet\" data-media-max-width=\"560\"><p lang=\"fr\" dir=\"ltr\">Lewis zegt niet veel...wat kan ik zeggen tegen de fans die iets verwachten van Ferrari...niets....<a href=\"https:\/\/twitter.com\/hashtag\/BahrainGP?src=hash&amp;ref_src=twsrc%5Etfw\">#BahrainGP<\/a> <a href=\"https:\/\/twitter.com\/hashtag\/F1?src=hash&amp;ref_src=twsrc%5Etfw\">#F1<\/a> <a href=\"https:\/\/twitter.com\/hashtag\/rtbfsport?src=hash&amp;ref_src=twsrc%5Etfw\">#rtbfsport<\/a> <a href=\"https:\/\/t.co\/Q9Ydbw3wI1\">pic.twitter.com\/Q9Ydbw3wI1<\/a><\/p>- VIGNERON GAETAN (@VIGNERONGAETAN) <a href=\"https:\/\/twitter.com\/VIGNERONGAETAN\/status\/1910431044064465280?ref_src=twsrc%5Etfw\">10 april 2025<\/a><\/blockquote> <script async src=\"https:\/\/platform.twitter.com\/widgets.js\" charset=\"utf-8\"><\/script>\n\n\n\n<p><strong>Dit staat in contrast met de omvang van de technische innovaties bij de eenzitter.<\/strong> Een paradox die veel zegt over de voorzichtigheid die bij Ferrari heerst.<\/p>\n\n\n\n<h2 class=\"wp-block-heading\">SF-25: het eerste grote upgradepakket<\/h2>\n\n\n\n<p><strong>In Bahrein introduceerde Ferrari zijn eerste grote ontwikkelingspakket van het seizoen.<\/strong> Na een veelbelovende winter en een bemoedigend einde van het seizoen 2024 waren de verwachtingen voor de SF-25 hooggespannen. Sinds de start van het kampioenschap van 2025 heeft de rode auto echter moeite om gelijke tred te houden met McLaren en Max Verstappen.<\/p>\n\n\n\n<p>De nieuwe achtergrond, het middelpunt van deze evolutie, is volledig opnieuw ontworpen. Hoogtepunten zijn onder andere:<\/p>\n\n\n\n<ul class=\"wp-block-list\">\n<li>Een verandering aan de middenvin, die nu hoger is.<\/li>\n\n\n\n<li>Een nieuw zijvloerontwerp met drie wervelgeneratoren in plaats van de vorige twee.<\/li>\n\n\n\n<li>Een volledig opnieuw ontworpen verstuiver.<\/li>\n\n\n\n<li>De toevoeging van een nieuw aerodynamisch aanhangsel bij de uitlaat.<\/li>\n\n\n\n<li>Een nieuwe koelinlaat voor de achterrem.<\/li>\n<\/ul>\n\n\n\n<p>Volgens de ingenieurs moeten deze aanpassingen de ondersteuning en <strong>de geschatte achterstand van 3-4 tienden per ronde ten opzichte van McLaren verkleinen. <\/strong>Op papier is dit een grote stap voorwaarts, maar het moet op de rails worden gevalideerd.<\/p>\n\n\n\n<h2 class=\"wp-block-heading\">Gegevens, geduld en verdere ontwikkeling<\/h2>\n\n\n\n<p>De SF-25 van Lewis Hamilton werd al tijdens de vrije training van vrijdag uitgerust met de nieuwe basis, terwijl Charles Leclerc zijn zitje voor de eerste sessie aan Dino Beganovic gaf, in een versie van de auto die nog standaard was. Het doel was om gegevens te vergelijken, input te valideren en het ontwikkelingsplan aan te passen.<\/p>\n\n\n\n<p>De resultaten in Bahrein zullen daarom cruciaal zijn voor de toekomst. Ingenieurs Lo\u00efc Serra en Diego Tondi werken al aan een tweede evolutiepakket, dat pas zal worden bevestigd na een volledige analyse van de gegevens die dit weekend zijn verzameld.<\/p>","protected":false},"excerpt":{"rendered":"","protected":false},"author":1,"featured_media":37871,"comment_status":"open","ping_status":"open","sticky":false,"template":"","format":"standard","meta":{"_acf_changed":false,"_sitemap_exclude":false,"_sitemap_priority":"","_sitemap_frequency":"","footnotes":""},"categories":[328,323],"tags":[346,397,370],"class_list":["post-37868","post","type-post","status-publish","format-standard","has-post-thumbnail","hentry","category-formule-1","category-competition","tag-charles-leclerc","tag-lewis-hamilton","tag-scuderia-ferrari","generate-columns","tablet-grid-50","mobile-grid-100","grid-parent","grid-33"],"acf":[],"yoast_head":"<!-- This site is optimized with the Yoast SEO plugin v25.8 - https:\/\/yoast.com\/wordpress\/plugins\/seo\/ -->\n<title>Ferrari F1 : ce que Leclerc et Hamilton pensent de la grosse \u00e9volution de la SF-25 - ItalPassion<\/title>\n<meta name=\"description\" content=\"Ferrari entame le Grand Prix de Bahre\u00efn avec une premi\u00e8re \u00e9volution majeure de sa SF-25, marquant une tentative claire de relancer sa saison 2025 apr\u00e8s un\" \/>\n<meta name=\"robots\" content=\"index, follow, max-snippet:-1, max-image-preview:large, max-video-preview:-1\" \/>\n<link rel=\"canonical\" href=\"https:\/\/www.italpassion.fr\/nl\/wedstrijd\/formule-1\/ferrari-f1-wat-leclerc-en-hamilton-vinden-van-de-grote-upgrade-van-de-f25\/\" \/>\n<meta property=\"og:locale\" content=\"nl_NL\" \/>\n<meta property=\"og:type\" content=\"article\" \/>\n<meta property=\"og:title\" content=\"Ferrari F1 : ce que Leclerc et Hamilton pensent de la grosse \u00e9volution de la SF-25 - ItalPassion\" \/>\n<meta property=\"og:description\" content=\"Ferrari entame le Grand Prix de Bahre\u00efn avec une premi\u00e8re \u00e9volution majeure de sa SF-25, marquant une tentative claire de relancer sa saison 2025 apr\u00e8s un\" \/>\n<meta property=\"og:url\" content=\"https:\/\/www.italpassion.fr\/nl\/wedstrijd\/formule-1\/ferrari-f1-wat-leclerc-en-hamilton-vinden-van-de-grote-upgrade-van-de-f25\/\" \/>\n<meta property=\"og:site_name\" content=\"ItalPassion\" \/>\n<meta property=\"article:publisher\" content=\"https:\/\/www.facebook.com\/italpassion\" \/>\n<meta property=\"article:published_time\" content=\"2025-04-11T09:25:29+00:00\" \/>\n<meta property=\"og:image\" content=\"https:\/\/www.italpassion.fr\/wp-content\/uploads\/2025\/04\/lewis-leclerc-bahrien-2025.jpg\" \/>\n\t<meta property=\"og:image:width\" content=\"1200\" \/>\n\t<meta property=\"og:image:height\" content=\"800\" \/>\n\t<meta property=\"og:image:type\" content=\"image\/jpeg\" \/>\n<meta name=\"author\" content=\"Alexandre Filluzeau\" \/>\n<meta name=\"twitter:card\" content=\"summary_large_image\" \/>\n<meta name=\"twitter:creator\" content=\"@italpassion\" \/>\n<meta name=\"twitter:site\" content=\"@italpassion\" \/>\n<script type=\"application\/ld+json\" class=\"yoast-schema-graph\">{\"@context\":\"https:\/\/schema.org\",\"@graph\":[{\"@type\":\"NewsArticle\",\"@id\":\"https:\/\/www.italpassion.fr\/nl\/competition\/formule-1\/ferrari-f1-ce-que-leclerc-et-hamilton-pensent-de-la-grosse-evolution-de-la-sf-25\/#article\",\"isPartOf\":{\"@id\":\"https:\/\/www.italpassion.fr\/nl\/competition\/formule-1\/ferrari-f1-ce-que-leclerc-et-hamilton-pensent-de-la-grosse-evolution-de-la-sf-25\/\"},\"author\":{\"name\":\"Alexandre Filluzeau\",\"@id\":\"https:\/\/www.italpassion.fr\/nl\/#\/schema\/person\/36f747b2a759ca202d847e85a9434ca0\"},\"headline\":\"Ferrari F1 : ce que Leclerc et Hamilton pensent de la grosse \u00e9volution de la SF-25\",\"datePublished\":\"2025-04-11T09:25:29+00:00\",\"mainEntityOfPage\":{\"@id\":\"https:\/\/www.italpassion.fr\/nl\/competition\/formule-1\/ferrari-f1-ce-que-leclerc-et-hamilton-pensent-de-la-grosse-evolution-de-la-sf-25\/\"},\"wordCount\":618,\"commentCount\":0,\"publisher\":{\"@id\":\"https:\/\/www.italpassion.fr\/nl\/#organization\"},\"image\":{\"@id\":\"https:\/\/www.italpassion.fr\/nl\/competition\/formule-1\/ferrari-f1-ce-que-leclerc-et-hamilton-pensent-de-la-grosse-evolution-de-la-sf-25\/#primaryimage\"},\"thumbnailUrl\":\"https:\/\/www.italpassion.fr\/wp-content\/uploads\/2025\/04\/lewis-leclerc-bahrien-2025.jpg\",\"keywords\":[\"Charles Leclerc\",\"Lewis Hamilton\",\"Scuderia Ferrari\"],\"articleSection\":[\"Formule 1\",\"Sport Auto\"],\"inLanguage\":\"nl-NL\",\"potentialAction\":[{\"@type\":\"CommentAction\",\"name\":\"Comment\",\"target\":[\"https:\/\/www.italpassion.fr\/nl\/competition\/formule-1\/ferrari-f1-ce-que-leclerc-et-hamilton-pensent-de-la-grosse-evolution-de-la-sf-25\/#respond\"]}]},{\"@type\":\"WebPage\",\"@id\":\"https:\/\/www.italpassion.fr\/nl\/competition\/formule-1\/ferrari-f1-ce-que-leclerc-et-hamilton-pensent-de-la-grosse-evolution-de-la-sf-25\/\",\"url\":\"https:\/\/www.italpassion.fr\/nl\/competition\/formule-1\/ferrari-f1-ce-que-leclerc-et-hamilton-pensent-de-la-grosse-evolution-de-la-sf-25\/\",\"name\":\"Ferrari F1 : ce que Leclerc et Hamilton pensent de la grosse \u00e9volution de la SF-25 - ItalPassion\",\"isPartOf\":{\"@id\":\"https:\/\/www.italpassion.fr\/nl\/#website\"},\"primaryImageOfPage\":{\"@id\":\"https:\/\/www.italpassion.fr\/nl\/competition\/formule-1\/ferrari-f1-ce-que-leclerc-et-hamilton-pensent-de-la-grosse-evolution-de-la-sf-25\/#primaryimage\"},\"image\":{\"@id\":\"https:\/\/www.italpassion.fr\/nl\/competition\/formule-1\/ferrari-f1-ce-que-leclerc-et-hamilton-pensent-de-la-grosse-evolution-de-la-sf-25\/#primaryimage\"},\"thumbnailUrl\":\"https:\/\/www.italpassion.fr\/wp-content\/uploads\/2025\/04\/lewis-leclerc-bahrien-2025.jpg\",\"datePublished\":\"2025-04-11T09:25:29+00:00\",\"description\":\"Ferrari entame le Grand Prix de Bahre\u00efn avec une premi\u00e8re \u00e9volution majeure de sa SF-25, marquant une tentative claire de relancer sa saison 2025 apr\u00e8s un\",\"breadcrumb\":{\"@id\":\"https:\/\/www.italpassion.fr\/nl\/competition\/formule-1\/ferrari-f1-ce-que-leclerc-et-hamilton-pensent-de-la-grosse-evolution-de-la-sf-25\/#breadcrumb\"},\"inLanguage\":\"nl-NL\",\"potentialAction\":[{\"@type\":\"ReadAction\",\"target\":[\"https:\/\/www.italpassion.fr\/nl\/competition\/formule-1\/ferrari-f1-ce-que-leclerc-et-hamilton-pensent-de-la-grosse-evolution-de-la-sf-25\/\"]}]},{\"@type\":\"ImageObject\",\"inLanguage\":\"nl-NL\",\"@id\":\"https:\/\/www.italpassion.fr\/nl\/competition\/formule-1\/ferrari-f1-ce-que-leclerc-et-hamilton-pensent-de-la-grosse-evolution-de-la-sf-25\/#primaryimage\",\"url\":\"https:\/\/www.italpassion.fr\/wp-content\/uploads\/2025\/04\/lewis-leclerc-bahrien-2025.jpg\",\"contentUrl\":\"https:\/\/www.italpassion.fr\/wp-content\/uploads\/2025\/04\/lewis-leclerc-bahrien-2025.jpg\",\"width\":1200,\"height\":800},{\"@type\":\"BreadcrumbList\",\"@id\":\"https:\/\/www.italpassion.fr\/nl\/competition\/formule-1\/ferrari-f1-ce-que-leclerc-et-hamilton-pensent-de-la-grosse-evolution-de-la-sf-25\/#breadcrumb\",\"itemListElement\":[{\"@type\":\"ListItem\",\"position\":1,\"name\":\"Accueil\",\"item\":\"https:\/\/www.italpassion.fr\/nl\/\"},{\"@type\":\"ListItem\",\"position\":2,\"name\":\"Ferrari F1 : ce que Leclerc et Hamilton pensent de la grosse \u00e9volution de la SF-25\"}]},{\"@type\":\"WebSite\",\"@id\":\"https:\/\/www.italpassion.fr\/nl\/#website\",\"url\":\"https:\/\/www.italpassion.fr\/nl\/\",\"name\":\"ItalPassion\",\"description\":\"Les Passionn\u00e9s d&#039;Automobiles Italiennes\",\"publisher\":{\"@id\":\"https:\/\/www.italpassion.fr\/nl\/#organization\"},\"potentialAction\":[{\"@type\":\"SearchAction\",\"target\":{\"@type\":\"EntryPoint\",\"urlTemplate\":\"https:\/\/www.italpassion.fr\/nl\/?s={search_term_string}\"},\"query-input\":{\"@type\":\"PropertyValueSpecification\",\"valueRequired\":true,\"valueName\":\"search_term_string\"}}],\"inLanguage\":\"nl-NL\"},{\"@type\":\"Organization\",\"@id\":\"https:\/\/www.italpassion.fr\/nl\/#organization\",\"name\":\"Italpassion\",\"url\":\"https:\/\/www.italpassion.fr\/nl\/\",\"logo\":{\"@type\":\"ImageObject\",\"inLanguage\":\"nl-NL\",\"@id\":\"https:\/\/www.italpassion.fr\/nl\/#\/schema\/logo\/image\/\",\"url\":\"https:\/\/www.italpassion.fr\/wp-content\/uploads\/2023\/07\/italpassion-yoast.jpg\",\"contentUrl\":\"https:\/\/www.italpassion.fr\/wp-content\/uploads\/2023\/07\/italpassion-yoast.jpg\",\"width\":696,\"height\":696,\"caption\":\"Italpassion\"},\"image\":{\"@id\":\"https:\/\/www.italpassion.fr\/nl\/#\/schema\/logo\/image\/\"},\"sameAs\":[\"https:\/\/www.facebook.com\/italpassion\",\"https:\/\/x.com\/italpassion\",\"https:\/\/www.instagram.com\/italpassionfr\/\",\"https:\/\/www.youtube.com\/channel\/UCleq-ByQaA42OjhopwevRjQ\",\"https:\/\/www.facebook.com\/italpassion.en\/\",\"https:\/\/www.facebook.com\/italpassion.it\/\",\"https:\/\/www.facebook.com\/italpassion.de\/\",\"https:\/\/www.facebook.com\/italpassion.ja\/\"]},{\"@type\":\"Person\",\"@id\":\"https:\/\/www.italpassion.fr\/nl\/#\/schema\/person\/36f747b2a759ca202d847e85a9434ca0\",\"name\":\"Alexandre Filluzeau\",\"image\":{\"@type\":\"ImageObject\",\"inLanguage\":\"nl-NL\",\"@id\":\"https:\/\/www.italpassion.fr\/nl\/#\/schema\/person\/image\/\",\"url\":\"https:\/\/www.italpassion.fr\/wp-content\/uploads\/2025\/04\/avatar-alexandre-160x160.jpg\",\"contentUrl\":\"https:\/\/www.italpassion.fr\/wp-content\/uploads\/2025\/04\/avatar-alexandre-160x160.jpg\",\"caption\":\"Alexandre Filluzeau\"},\"description\":\"Fondateur du site ItalPassion, passionn\u00e9 de voitures italiennes et de l'Italie en g\u00e9n\u00e9ral. J'apporte un regard critique et technique aux actualit\u00e9s des marques italiennes quand cela est possible. Propri\u00e9taire d'une Maserati GranTurismo, Alfa Romeo MiTo, Lancia Fulvia et Ducati 695. Ex-propri\u00e9taire d'une Alfa Romeo Giulia.\",\"sameAs\":[\"https:\/\/www.italpassion.fr\/\"],\"url\":\"https:\/\/www.italpassion.fr\/nl\/author\/alexandre\/\"}]}<\/script>\n<!-- \/ Yoast SEO plugin. -->","yoast_head_json":{"title":"Ferrari F1: wat Leclerc en Hamilton vinden van de grote verandering van de SF-25 - ItalPassion","description":"Ferrari begint de Grand Prix van Bahrein met de eerste grote evolutie van haar SF-25. Dit is een duidelijke poging om het seizoen van 2025 nieuw leven in te blazen na een","robots":{"index":"index","follow":"follow","max-snippet":"max-snippet:-1","max-image-preview":"max-image-preview:large","max-video-preview":"max-video-preview:-1"},"canonical":"https:\/\/www.italpassion.fr\/nl\/wedstrijd\/formule-1\/ferrari-f1-wat-leclerc-en-hamilton-vinden-van-de-grote-upgrade-van-de-f25\/","og_locale":"nl_NL","og_type":"article","og_title":"Ferrari F1 : ce que Leclerc et Hamilton pensent de la grosse \u00e9volution de la SF-25 - ItalPassion","og_description":"Ferrari entame le Grand Prix de Bahre\u00efn avec une premi\u00e8re \u00e9volution majeure de sa SF-25, marquant une tentative claire de relancer sa saison 2025 apr\u00e8s un","og_url":"https:\/\/www.italpassion.fr\/nl\/wedstrijd\/formule-1\/ferrari-f1-wat-leclerc-en-hamilton-vinden-van-de-grote-upgrade-van-de-f25\/","og_site_name":"ItalPassion","article_publisher":"https:\/\/www.facebook.com\/italpassion","article_published_time":"2025-04-11T09:25:29+00:00","og_image":[{"width":1200,"height":800,"url":"https:\/\/www.italpassion.fr\/wp-content\/uploads\/2025\/04\/lewis-leclerc-bahrien-2025.jpg","type":"image\/jpeg"}],"author":"Alexandre Filluzeau","twitter_card":"summary_large_image","twitter_creator":"@italpassion","twitter_site":"@italpassion","schema":{"@context":"https:\/\/schema.org","@graph":[{"@type":"NewsArticle","@id":"https:\/\/www.italpassion.fr\/nl\/competition\/formule-1\/ferrari-f1-ce-que-leclerc-et-hamilton-pensent-de-la-grosse-evolution-de-la-sf-25\/#article","isPartOf":{"@id":"https:\/\/www.italpassion.fr\/nl\/competition\/formule-1\/ferrari-f1-ce-que-leclerc-et-hamilton-pensent-de-la-grosse-evolution-de-la-sf-25\/"},"author":{"name":"Alexandre Filluzeau","@id":"https:\/\/www.italpassion.fr\/nl\/#\/schema\/person\/36f747b2a759ca202d847e85a9434ca0"},"headline":"Ferrari F1 : ce que Leclerc et Hamilton pensent de la grosse \u00e9volution de la SF-25","datePublished":"2025-04-11T09:25:29+00:00","mainEntityOfPage":{"@id":"https:\/\/www.italpassion.fr\/nl\/competition\/formule-1\/ferrari-f1-ce-que-leclerc-et-hamilton-pensent-de-la-grosse-evolution-de-la-sf-25\/"},"wordCount":618,"commentCount":0,"publisher":{"@id":"https:\/\/www.italpassion.fr\/nl\/#organization"},"image":{"@id":"https:\/\/www.italpassion.fr\/nl\/competition\/formule-1\/ferrari-f1-ce-que-leclerc-et-hamilton-pensent-de-la-grosse-evolution-de-la-sf-25\/#primaryimage"},"thumbnailUrl":"https:\/\/www.italpassion.fr\/wp-content\/uploads\/2025\/04\/lewis-leclerc-bahrien-2025.jpg","keywords":["Charles Leclerc","Lewis Hamilton","Scuderia Ferrari"],"articleSection":["Formule 1","Sport Auto"],"inLanguage":"nl-NL","potentialAction":[{"@type":"CommentAction","name":"Comment","target":["https:\/\/www.italpassion.fr\/nl\/competition\/formule-1\/ferrari-f1-ce-que-leclerc-et-hamilton-pensent-de-la-grosse-evolution-de-la-sf-25\/#respond"]}]},{"@type":"WebPage","@id":"https:\/\/www.italpassion.fr\/nl\/competition\/formule-1\/ferrari-f1-ce-que-leclerc-et-hamilton-pensent-de-la-grosse-evolution-de-la-sf-25\/","url":"https:\/\/www.italpassion.fr\/nl\/competition\/formule-1\/ferrari-f1-ce-que-leclerc-et-hamilton-pensent-de-la-grosse-evolution-de-la-sf-25\/","name":"Ferrari F1: wat Leclerc en Hamilton vinden van de grote verandering van de SF-25 - ItalPassion","isPartOf":{"@id":"https:\/\/www.italpassion.fr\/nl\/#website"},"primaryImageOfPage":{"@id":"https:\/\/www.italpassion.fr\/nl\/competition\/formule-1\/ferrari-f1-ce-que-leclerc-et-hamilton-pensent-de-la-grosse-evolution-de-la-sf-25\/#primaryimage"},"image":{"@id":"https:\/\/www.italpassion.fr\/nl\/competition\/formule-1\/ferrari-f1-ce-que-leclerc-et-hamilton-pensent-de-la-grosse-evolution-de-la-sf-25\/#primaryimage"},"thumbnailUrl":"https:\/\/www.italpassion.fr\/wp-content\/uploads\/2025\/04\/lewis-leclerc-bahrien-2025.jpg","datePublished":"2025-04-11T09:25:29+00:00","description":"Ferrari begint de Grand Prix van Bahrein met de eerste grote evolutie van haar SF-25. Dit is een duidelijke poging om het seizoen van 2025 nieuw leven in te blazen na een","breadcrumb":{"@id":"https:\/\/www.italpassion.fr\/nl\/competition\/formule-1\/ferrari-f1-ce-que-leclerc-et-hamilton-pensent-de-la-grosse-evolution-de-la-sf-25\/#breadcrumb"},"inLanguage":"nl-NL","potentialAction":[{"@type":"ReadAction","target":["https:\/\/www.italpassion.fr\/nl\/competition\/formule-1\/ferrari-f1-ce-que-leclerc-et-hamilton-pensent-de-la-grosse-evolution-de-la-sf-25\/"]}]},{"@type":"ImageObject","inLanguage":"nl-NL","@id":"https:\/\/www.italpassion.fr\/nl\/competition\/formule-1\/ferrari-f1-ce-que-leclerc-et-hamilton-pensent-de-la-grosse-evolution-de-la-sf-25\/#primaryimage","url":"https:\/\/www.italpassion.fr\/wp-content\/uploads\/2025\/04\/lewis-leclerc-bahrien-2025.jpg","contentUrl":"https:\/\/www.italpassion.fr\/wp-content\/uploads\/2025\/04\/lewis-leclerc-bahrien-2025.jpg","width":1200,"height":800},{"@type":"BreadcrumbList","@id":"https:\/\/www.italpassion.fr\/nl\/competition\/formule-1\/ferrari-f1-ce-que-leclerc-et-hamilton-pensent-de-la-grosse-evolution-de-la-sf-25\/#breadcrumb","itemListElement":[{"@type":"ListItem","position":1,"name":"Accueil","item":"https:\/\/www.italpassion.fr\/nl\/"},{"@type":"ListItem","position":2,"name":"Ferrari F1 : ce que Leclerc et Hamilton pensent de la grosse \u00e9volution de la SF-25"}]},{"@type":"WebSite","@id":"https:\/\/www.italpassion.fr\/nl\/#website","url":"https:\/\/www.italpassion.fr\/nl\/","name":"ItalPassion","description":"Italiaanse autoliefhebbers","publisher":{"@id":"https:\/\/www.italpassion.fr\/nl\/#organization"},"potentialAction":[{"@type":"SearchAction","target":{"@type":"EntryPoint","urlTemplate":"https:\/\/www.italpassion.fr\/nl\/?s={search_term_string}"},"query-input":{"@type":"PropertyValueSpecification","valueRequired":true,"valueName":"search_term_string"}}],"inLanguage":"nl-NL"},{"@type":"Organization","@id":"https:\/\/www.italpassion.fr\/nl\/#organization","name":"Italpassion","url":"https:\/\/www.italpassion.fr\/nl\/","logo":{"@type":"ImageObject","inLanguage":"nl-NL","@id":"https:\/\/www.italpassion.fr\/nl\/#\/schema\/logo\/image\/","url":"https:\/\/www.italpassion.fr\/wp-content\/uploads\/2023\/07\/italpassion-yoast.jpg","contentUrl":"https:\/\/www.italpassion.fr\/wp-content\/uploads\/2023\/07\/italpassion-yoast.jpg","width":696,"height":696,"caption":"Italpassion"},"image":{"@id":"https:\/\/www.italpassion.fr\/nl\/#\/schema\/logo\/image\/"},"sameAs":["https:\/\/www.facebook.com\/italpassion","https:\/\/x.com\/italpassion","https:\/\/www.instagram.com\/italpassionfr\/","https:\/\/www.youtube.com\/channel\/UCleq-ByQaA42OjhopwevRjQ","https:\/\/www.facebook.com\/italpassion.en\/","https:\/\/www.facebook.com\/italpassion.it\/","https:\/\/www.facebook.com\/italpassion.de\/","https:\/\/www.facebook.com\/italpassion.ja\/"]},{"@type":"Person","@id":"https:\/\/www.italpassion.fr\/nl\/#\/schema\/person\/36f747b2a759ca202d847e85a9434ca0","name":"Alexandre Filluzeau","image":{"@type":"ImageObject","inLanguage":"nl-NL","@id":"https:\/\/www.italpassion.fr\/nl\/#\/schema\/person\/image\/","url":"https:\/\/www.italpassion.fr\/wp-content\/uploads\/2025\/04\/avatar-alexandre-160x160.jpg","contentUrl":"https:\/\/www.italpassion.fr\/wp-content\/uploads\/2025\/04\/avatar-alexandre-160x160.jpg","caption":"Alexandre Filluzeau"},"description":"Oprichter van de website ItalPassion, gepassioneerd door Italiaanse auto's en Itali\u00eb in het algemeen. Waar mogelijk breng ik een kritisch en technisch oog naar nieuws over Italiaanse merken. Eigenaar van een Maserati GranTurismo, Alfa Romeo MiTo, Lancia Fulvia en Ducati 695. Ex-eigenaar van een Alfa Romeo Giulia.","sameAs":["https:\/\/www.italpassion.fr\/"],"url":"https:\/\/www.italpassion.fr\/nl\/author\/alexandre\/"}]}},"_links":{"self":[{"href":"https:\/\/www.italpassion.fr\/nl\/wp-json\/wp\/v2\/posts\/37868","targetHints":{"allow":["GET"]}}],"collection":[{"href":"https:\/\/www.italpassion.fr\/nl\/wp-json\/wp\/v2\/posts"}],"about":[{"href":"https:\/\/www.italpassion.fr\/nl\/wp-json\/wp\/v2\/types\/post"}],"author":[{"embeddable":true,"href":"https:\/\/www.italpassion.fr\/nl\/wp-json\/wp\/v2\/users\/1"}],"replies":[{"embeddable":true,"href":"https:\/\/www.italpassion.fr\/nl\/wp-json\/wp\/v2\/comments?post=37868"}],"version-history":[{"count":1,"href":"https:\/\/www.italpassion.fr\/nl\/wp-json\/wp\/v2\/posts\/37868\/revisions"}],"predecessor-version":[{"id":37872,"href":"https:\/\/www.italpassion.fr\/nl\/wp-json\/wp\/v2\/posts\/37868\/revisions\/37872"}],"wp:featuredmedia":[{"embeddable":true,"href":"https:\/\/www.italpassion.fr\/nl\/wp-json\/wp\/v2\/media\/37871"}],"wp:attachment":[{"href":"https:\/\/www.italpassion.fr\/nl\/wp-json\/wp\/v2\/media?parent=37868"}],"wp:term":[{"taxonomy":"category","embeddable":true,"href":"https:\/\/www.italpassion.fr\/nl\/wp-json\/wp\/v2\/categories?post=37868"},{"taxonomy":"post_tag","embeddable":true,"href":"https:\/\/www.italpassion.fr\/nl\/wp-json\/wp\/v2\/tags?post=37868"}],"curies":[{"name":"wp","href":"https:\/\/api.w.org\/{rel}","templated":true}]}}