{"id":37292,"date":"2025-03-18T17:10:13","date_gmt":"2025-03-18T16:10:13","guid":{"rendered":"https:\/\/www.italpassion.fr\/?p=37292"},"modified":"2025-03-18T17:10:15","modified_gmt":"2025-03-18T16:10:15","slug":"f1-fia-herziet-achtervleugels-bij-grand-prix-van-china-ferrari-bezorgd","status":"publish","type":"post","link":"https:\/\/www.italpassion.fr\/nl\/competition\/formule-1\/f1-la-fia-sevira-sur-les-ailerons-arriere-des-le-grand-prix-de-chine-ferrari-concerne\/","title":{"rendered":"F1: FIA pakt achtervleugels aan tijdens Grand Prix van China, Ferrari bezorgd?"},"content":{"rendered":"<figure class=\"wp-block-image size-large\"><img loading=\"lazy\" decoding=\"async\" width=\"1024\" height=\"683\" src=\"https:\/\/www.italpassion.fr\/wp-content\/uploads\/2025\/02\/sf25-6-1024x683.jpg\" alt=\"\" class=\"wp-image-36757\" srcset=\"https:\/\/www.italpassion.fr\/wp-content\/uploads\/2025\/02\/sf25-6-1024x683.jpg 1024w, https:\/\/www.italpassion.fr\/wp-content\/uploads\/2025\/02\/sf25-6-300x200.jpg 300w, https:\/\/www.italpassion.fr\/wp-content\/uploads\/2025\/02\/sf25-6-768x512.jpg 768w, https:\/\/www.italpassion.fr\/wp-content\/uploads\/2025\/02\/sf25-6-18x12.jpg 18w, https:\/\/www.italpassion.fr\/wp-content\/uploads\/2025\/02\/sf25-6-561x374.jpg 561w, https:\/\/www.italpassion.fr\/wp-content\/uploads\/2025\/02\/sf25-6-1122x748.jpg 1122w, https:\/\/www.italpassion.fr\/wp-content\/uploads\/2025\/02\/sf25-6-265x177.jpg 265w, https:\/\/www.italpassion.fr\/wp-content\/uploads\/2025\/02\/sf25-6-531x354.jpg 531w, https:\/\/www.italpassion.fr\/wp-content\/uploads\/2025\/02\/sf25-6-364x243.jpg 364w, https:\/\/www.italpassion.fr\/wp-content\/uploads\/2025\/02\/sf25-6-728x485.jpg 728w, https:\/\/www.italpassion.fr\/wp-content\/uploads\/2025\/02\/sf25-6-608x405.jpg 608w, https:\/\/www.italpassion.fr\/wp-content\/uploads\/2025\/02\/sf25-6-758x505.jpg 758w, https:\/\/www.italpassion.fr\/wp-content\/uploads\/2025\/02\/sf25-6-1152x768.jpg 1152w, https:\/\/www.italpassion.fr\/wp-content\/uploads\/2025\/02\/sf25-6.jpg 1200w\" sizes=\"auto, (max-width: 1024px) 100vw, 1024px\" \/><\/figure>\n\n\n\n<p>Het seizoen 2025 van <a href=\"https:\/\/www.italpassion.fr\/nl\/wedstrijd\/formule-1\/\">Formule 1<\/a> wordt al gekenmerkt door technische spanningen tussen de teams en een nieuwe ontwikkeling zou de hi\u00ebrarchie van de teams wel eens op zijn kop kunnen zetten. <strong>De FIA heeft aangekondigd dat er vanaf de Grand Prix van China van dit weekend strengere tests worden toegepast op de flexibiliteit van achtervleugels, <\/strong>een beslissing die vooral gevolgen kan hebben voor bepaalde teams zoals McLaren. Maar hoe zit het met de <a href=\"https:\/\/www.italpassion.fr\/nl\/tag\/scuderia-ferrari\/\">Scuderia Ferrari<\/a> ?<\/p>\n\n\n\n<h2 class=\"wp-block-heading\">Een strengere test om het mini-DRS-effect tegen te gaan<\/h2>\n\n\n\n<p><strong>De aankondiging van de FIA volgt op de analyse van gegevens die zijn verzameld tijdens de Grand Prix van Australi\u00eb in Melbourne, waar de flexibiliteit van de achtervleugels veel aandacht kreeg.<\/strong> Dit fenomeen, bekend als 'mini-DRS', stelt bepaalde teams in staat om de vervorming van de vleugel te benutten om de luchtweerstand te verminderen en de snelheid op rechte stukken te verhogen, een belangrijk strategisch voordeel.<\/p>\n\n\n\n<p><strong>Om dit controversi\u00eble gebruik aan banden te leggen, heeft de FIA de tests voor de flexibiliteit van de achtervleugel opgevoerd.<\/strong> De test die tijdens de Grand Prix van China werd uitgevoerd, bestaat uit het uitoefenen van een verticale belasting van 75 kg op elke rand van het hoofdvlak van de achtervleugel. Momenteel mag de spoiler onder deze belasting niet meer dan 2 mm bewegen. Met de nieuwe richtlijn wordt deze limiet echter teruggebracht tot slechts 0,5 mm, met een tolerantie van 0,25 mm die alleen is toegestaan voor de race in Sjanghai. Vanaf Suzuka wordt deze tolerantie volledig afgeschaft.<\/p>\n\n\n\n<h2 class=\"wp-block-heading\">McLaren in het vizier, maar Ferrari blijft kalm<\/h2>\n\n\n\n<p><strong>Van de teams die waarschijnlijk worden be\u00efnvloed door de nieuwe regels, is McLaren in het vizier van de FIA.<\/strong> Het Britse team werd bekritiseerd voor het gebruik van 'mini-DRS' tijdens de tests in Bahrein en Melbourne en bleef voor tandengeknars bij Red Bull zorgen. Maar hoe zit het met Ferrari?<\/p>\n\n\n\n<p>Volgens informatie van de Italiaanse website F1inGenerale, <strong>Ferrari lijkt geen last te hebben van deze nieuwe regelgeving. <\/strong>De achtervleugel van de SF-25, de eenzitter van de Scuderia voor het seizoen 2025, voldoet nu al aan de technische specificaties die zijn bijgewerkt door de FIA. Met andere woorden, Ferrari zal waarschijnlijk niet worden gestraft door deze strengere flexibiliteitstests, wat uitstekend nieuws is voor het team uit Maranello.<\/p>\n\n\n\n<p>Nu de kwestie van de achtervleugel uit de weg is, kan Ferrari zich eindelijk richten op het verbeteren van de algehele prestaties van de auto en de concurrentiepositie ten opzichte van de concurrentie. De Scuderia lijkt daarom klaar om de Grand Prix van China aan te pakken zonder bang te hoeven zijn dat ze wordt verstoord door de nieuwe richtlijn van de FIA.<\/p>","protected":false},"excerpt":{"rendered":"","protected":false},"author":1,"featured_media":36757,"comment_status":"open","ping_status":"open","sticky":false,"template":"","format":"standard","meta":{"_acf_changed":false,"_sitemap_exclude":false,"_sitemap_priority":"","_sitemap_frequency":"","footnotes":""},"categories":[328,323],"tags":[370],"class_list":["post-37292","post","type-post","status-publish","format-standard","has-post-thumbnail","hentry","category-formule-1","category-competition","tag-scuderia-ferrari","generate-columns","tablet-grid-50","mobile-grid-100","grid-parent","grid-33"],"acf":[],"yoast_head":"<!-- This site is optimized with the Yoast SEO plugin v25.8 - https:\/\/yoast.com\/wordpress\/plugins\/seo\/ -->\n<title>F1 : la FIA s\u00e9vira sur les ailerons arri\u00e8re d\u00e8s le Grand Prix de Chine, Ferrari concern\u00e9 ? - ItalPassion<\/title>\n<meta name=\"description\" content=\"La saison 2025 de Formule 1 est d\u00e9j\u00e0 marqu\u00e9e par des tensions techniques entre les \u00e9curies, et un nouveau d\u00e9veloppement pourrait bien chambouler la\" \/>\n<meta name=\"robots\" content=\"index, follow, max-snippet:-1, max-image-preview:large, max-video-preview:-1\" \/>\n<link rel=\"canonical\" href=\"https:\/\/www.italpassion.fr\/nl\/wedstrijd\/formule-1\/f1-fia-herziet-achtervleugels-bij-grand-prix-van-china-ferrari-bezorgd\/\" \/>\n<meta property=\"og:locale\" content=\"nl_NL\" \/>\n<meta property=\"og:type\" content=\"article\" \/>\n<meta property=\"og:title\" content=\"F1 : la FIA s\u00e9vira sur les ailerons arri\u00e8re d\u00e8s le Grand Prix de Chine, Ferrari concern\u00e9 ? - ItalPassion\" \/>\n<meta property=\"og:description\" content=\"La saison 2025 de Formule 1 est d\u00e9j\u00e0 marqu\u00e9e par des tensions techniques entre les \u00e9curies, et un nouveau d\u00e9veloppement pourrait bien chambouler la\" \/>\n<meta property=\"og:url\" content=\"https:\/\/www.italpassion.fr\/nl\/wedstrijd\/formule-1\/f1-fia-herziet-achtervleugels-bij-grand-prix-van-china-ferrari-bezorgd\/\" \/>\n<meta property=\"og:site_name\" content=\"ItalPassion\" \/>\n<meta property=\"article:publisher\" content=\"https:\/\/www.facebook.com\/italpassion\" \/>\n<meta property=\"article:published_time\" content=\"2025-03-18T16:10:13+00:00\" \/>\n<meta property=\"article:modified_time\" content=\"2025-03-18T16:10:15+00:00\" \/>\n<meta property=\"og:image\" content=\"https:\/\/www.italpassion.fr\/wp-content\/uploads\/2025\/02\/sf25-6.jpg\" \/>\n\t<meta property=\"og:image:width\" content=\"1200\" \/>\n\t<meta property=\"og:image:height\" content=\"800\" \/>\n\t<meta property=\"og:image:type\" content=\"image\/jpeg\" \/>\n<meta name=\"author\" content=\"Alexandre Filluzeau\" \/>\n<meta name=\"twitter:card\" content=\"summary_large_image\" \/>\n<meta name=\"twitter:creator\" content=\"@italpassion\" \/>\n<meta name=\"twitter:site\" content=\"@italpassion\" \/>\n<script type=\"application\/ld+json\" class=\"yoast-schema-graph\">{\"@context\":\"https:\/\/schema.org\",\"@graph\":[{\"@type\":\"NewsArticle\",\"@id\":\"https:\/\/www.italpassion.fr\/nl\/competition\/formule-1\/f1-la-fia-sevira-sur-les-ailerons-arriere-des-le-grand-prix-de-chine-ferrari-concerne\/#article\",\"isPartOf\":{\"@id\":\"https:\/\/www.italpassion.fr\/nl\/competition\/formule-1\/f1-la-fia-sevira-sur-les-ailerons-arriere-des-le-grand-prix-de-chine-ferrari-concerne\/\"},\"author\":{\"name\":\"Alexandre Filluzeau\",\"@id\":\"https:\/\/www.italpassion.fr\/nl\/#\/schema\/person\/36f747b2a759ca202d847e85a9434ca0\"},\"headline\":\"F1 : la FIA s\u00e9vira sur les ailerons arri\u00e8re d\u00e8s le Grand Prix de Chine, Ferrari concern\u00e9 ?\",\"datePublished\":\"2025-03-18T16:10:13+00:00\",\"dateModified\":\"2025-03-18T16:10:15+00:00\",\"mainEntityOfPage\":{\"@id\":\"https:\/\/www.italpassion.fr\/nl\/competition\/formule-1\/f1-la-fia-sevira-sur-les-ailerons-arriere-des-le-grand-prix-de-chine-ferrari-concerne\/\"},\"wordCount\":477,\"commentCount\":0,\"publisher\":{\"@id\":\"https:\/\/www.italpassion.fr\/nl\/#organization\"},\"image\":{\"@id\":\"https:\/\/www.italpassion.fr\/nl\/competition\/formule-1\/f1-la-fia-sevira-sur-les-ailerons-arriere-des-le-grand-prix-de-chine-ferrari-concerne\/#primaryimage\"},\"thumbnailUrl\":\"https:\/\/www.italpassion.fr\/wp-content\/uploads\/2025\/02\/sf25-6.jpg\",\"keywords\":[\"Scuderia Ferrari\"],\"articleSection\":[\"Formule 1\",\"Sport Auto\"],\"inLanguage\":\"nl-NL\",\"potentialAction\":[{\"@type\":\"CommentAction\",\"name\":\"Comment\",\"target\":[\"https:\/\/www.italpassion.fr\/nl\/competition\/formule-1\/f1-la-fia-sevira-sur-les-ailerons-arriere-des-le-grand-prix-de-chine-ferrari-concerne\/#respond\"]}]},{\"@type\":\"WebPage\",\"@id\":\"https:\/\/www.italpassion.fr\/nl\/competition\/formule-1\/f1-la-fia-sevira-sur-les-ailerons-arriere-des-le-grand-prix-de-chine-ferrari-concerne\/\",\"url\":\"https:\/\/www.italpassion.fr\/nl\/competition\/formule-1\/f1-la-fia-sevira-sur-les-ailerons-arriere-des-le-grand-prix-de-chine-ferrari-concerne\/\",\"name\":\"F1 : la FIA s\u00e9vira sur les ailerons arri\u00e8re d\u00e8s le Grand Prix de Chine, Ferrari concern\u00e9 ? - ItalPassion\",\"isPartOf\":{\"@id\":\"https:\/\/www.italpassion.fr\/nl\/#website\"},\"primaryImageOfPage\":{\"@id\":\"https:\/\/www.italpassion.fr\/nl\/competition\/formule-1\/f1-la-fia-sevira-sur-les-ailerons-arriere-des-le-grand-prix-de-chine-ferrari-concerne\/#primaryimage\"},\"image\":{\"@id\":\"https:\/\/www.italpassion.fr\/nl\/competition\/formule-1\/f1-la-fia-sevira-sur-les-ailerons-arriere-des-le-grand-prix-de-chine-ferrari-concerne\/#primaryimage\"},\"thumbnailUrl\":\"https:\/\/www.italpassion.fr\/wp-content\/uploads\/2025\/02\/sf25-6.jpg\",\"datePublished\":\"2025-03-18T16:10:13+00:00\",\"dateModified\":\"2025-03-18T16:10:15+00:00\",\"description\":\"La saison 2025 de Formule 1 est d\u00e9j\u00e0 marqu\u00e9e par des tensions techniques entre les \u00e9curies, et un nouveau d\u00e9veloppement pourrait bien chambouler la\",\"breadcrumb\":{\"@id\":\"https:\/\/www.italpassion.fr\/nl\/competition\/formule-1\/f1-la-fia-sevira-sur-les-ailerons-arriere-des-le-grand-prix-de-chine-ferrari-concerne\/#breadcrumb\"},\"inLanguage\":\"nl-NL\",\"potentialAction\":[{\"@type\":\"ReadAction\",\"target\":[\"https:\/\/www.italpassion.fr\/nl\/competition\/formule-1\/f1-la-fia-sevira-sur-les-ailerons-arriere-des-le-grand-prix-de-chine-ferrari-concerne\/\"]}]},{\"@type\":\"ImageObject\",\"inLanguage\":\"nl-NL\",\"@id\":\"https:\/\/www.italpassion.fr\/nl\/competition\/formule-1\/f1-la-fia-sevira-sur-les-ailerons-arriere-des-le-grand-prix-de-chine-ferrari-concerne\/#primaryimage\",\"url\":\"https:\/\/www.italpassion.fr\/wp-content\/uploads\/2025\/02\/sf25-6.jpg\",\"contentUrl\":\"https:\/\/www.italpassion.fr\/wp-content\/uploads\/2025\/02\/sf25-6.jpg\",\"width\":1200,\"height\":800},{\"@type\":\"BreadcrumbList\",\"@id\":\"https:\/\/www.italpassion.fr\/nl\/competition\/formule-1\/f1-la-fia-sevira-sur-les-ailerons-arriere-des-le-grand-prix-de-chine-ferrari-concerne\/#breadcrumb\",\"itemListElement\":[{\"@type\":\"ListItem\",\"position\":1,\"name\":\"Accueil\",\"item\":\"https:\/\/www.italpassion.fr\/nl\/\"},{\"@type\":\"ListItem\",\"position\":2,\"name\":\"F1 : la FIA s\u00e9vira sur les ailerons arri\u00e8re d\u00e8s le Grand Prix de Chine, Ferrari concern\u00e9 ?\"}]},{\"@type\":\"WebSite\",\"@id\":\"https:\/\/www.italpassion.fr\/nl\/#website\",\"url\":\"https:\/\/www.italpassion.fr\/nl\/\",\"name\":\"ItalPassion\",\"description\":\"Les Passionn\u00e9s d&#039;Automobiles Italiennes\",\"publisher\":{\"@id\":\"https:\/\/www.italpassion.fr\/nl\/#organization\"},\"potentialAction\":[{\"@type\":\"SearchAction\",\"target\":{\"@type\":\"EntryPoint\",\"urlTemplate\":\"https:\/\/www.italpassion.fr\/nl\/?s={search_term_string}\"},\"query-input\":{\"@type\":\"PropertyValueSpecification\",\"valueRequired\":true,\"valueName\":\"search_term_string\"}}],\"inLanguage\":\"nl-NL\"},{\"@type\":\"Organization\",\"@id\":\"https:\/\/www.italpassion.fr\/nl\/#organization\",\"name\":\"Italpassion\",\"url\":\"https:\/\/www.italpassion.fr\/nl\/\",\"logo\":{\"@type\":\"ImageObject\",\"inLanguage\":\"nl-NL\",\"@id\":\"https:\/\/www.italpassion.fr\/nl\/#\/schema\/logo\/image\/\",\"url\":\"https:\/\/www.italpassion.fr\/wp-content\/uploads\/2023\/07\/italpassion-yoast.jpg\",\"contentUrl\":\"https:\/\/www.italpassion.fr\/wp-content\/uploads\/2023\/07\/italpassion-yoast.jpg\",\"width\":696,\"height\":696,\"caption\":\"Italpassion\"},\"image\":{\"@id\":\"https:\/\/www.italpassion.fr\/nl\/#\/schema\/logo\/image\/\"},\"sameAs\":[\"https:\/\/www.facebook.com\/italpassion\",\"https:\/\/x.com\/italpassion\",\"https:\/\/www.instagram.com\/italpassionfr\/\",\"https:\/\/www.youtube.com\/channel\/UCleq-ByQaA42OjhopwevRjQ\",\"https:\/\/www.facebook.com\/italpassion.en\/\",\"https:\/\/www.facebook.com\/italpassion.it\/\",\"https:\/\/www.facebook.com\/italpassion.de\/\",\"https:\/\/www.facebook.com\/italpassion.ja\/\"]},{\"@type\":\"Person\",\"@id\":\"https:\/\/www.italpassion.fr\/nl\/#\/schema\/person\/36f747b2a759ca202d847e85a9434ca0\",\"name\":\"Alexandre Filluzeau\",\"image\":{\"@type\":\"ImageObject\",\"inLanguage\":\"nl-NL\",\"@id\":\"https:\/\/www.italpassion.fr\/nl\/#\/schema\/person\/image\/\",\"url\":\"https:\/\/www.italpassion.fr\/wp-content\/uploads\/2025\/04\/avatar-alexandre-160x160.jpg\",\"contentUrl\":\"https:\/\/www.italpassion.fr\/wp-content\/uploads\/2025\/04\/avatar-alexandre-160x160.jpg\",\"caption\":\"Alexandre Filluzeau\"},\"description\":\"Fondateur du site ItalPassion, passionn\u00e9 de voitures italiennes et de l'Italie en g\u00e9n\u00e9ral. J'apporte un regard critique et technique aux actualit\u00e9s des marques italiennes quand cela est possible. Propri\u00e9taire d'une Maserati GranTurismo, Alfa Romeo MiTo, Lancia Fulvia et Ducati 695. Ex-propri\u00e9taire d'une Alfa Romeo Giulia.\",\"sameAs\":[\"https:\/\/www.italpassion.fr\/\"],\"url\":\"https:\/\/www.italpassion.fr\/nl\/author\/alexandre\/\"}]}<\/script>\n<!-- \/ Yoast SEO plugin. -->","yoast_head_json":{"title":"F1: FIA pakt achtervleugels aan tijdens Grand Prix van China, Ferrari bezorgd? - Itali\u00eb Passie","description":"Het Formule 1-seizoen 2025 wordt al gekenmerkt door technische spanningen tussen de teams en een nieuwe ontwikkeling zou het seizoen wel eens op zijn kop kunnen zetten.","robots":{"index":"index","follow":"follow","max-snippet":"max-snippet:-1","max-image-preview":"max-image-preview:large","max-video-preview":"max-video-preview:-1"},"canonical":"https:\/\/www.italpassion.fr\/nl\/wedstrijd\/formule-1\/f1-fia-herziet-achtervleugels-bij-grand-prix-van-china-ferrari-bezorgd\/","og_locale":"nl_NL","og_type":"article","og_title":"F1 : la FIA s\u00e9vira sur les ailerons arri\u00e8re d\u00e8s le Grand Prix de Chine, Ferrari concern\u00e9 ? - ItalPassion","og_description":"La saison 2025 de Formule 1 est d\u00e9j\u00e0 marqu\u00e9e par des tensions techniques entre les \u00e9curies, et un nouveau d\u00e9veloppement pourrait bien chambouler la","og_url":"https:\/\/www.italpassion.fr\/nl\/wedstrijd\/formule-1\/f1-fia-herziet-achtervleugels-bij-grand-prix-van-china-ferrari-bezorgd\/","og_site_name":"ItalPassion","article_publisher":"https:\/\/www.facebook.com\/italpassion","article_published_time":"2025-03-18T16:10:13+00:00","article_modified_time":"2025-03-18T16:10:15+00:00","og_image":[{"width":1200,"height":800,"url":"https:\/\/www.italpassion.fr\/wp-content\/uploads\/2025\/02\/sf25-6.jpg","type":"image\/jpeg"}],"author":"Alexandre Filluzeau","twitter_card":"summary_large_image","twitter_creator":"@italpassion","twitter_site":"@italpassion","schema":{"@context":"https:\/\/schema.org","@graph":[{"@type":"NewsArticle","@id":"https:\/\/www.italpassion.fr\/nl\/competition\/formule-1\/f1-la-fia-sevira-sur-les-ailerons-arriere-des-le-grand-prix-de-chine-ferrari-concerne\/#article","isPartOf":{"@id":"https:\/\/www.italpassion.fr\/nl\/competition\/formule-1\/f1-la-fia-sevira-sur-les-ailerons-arriere-des-le-grand-prix-de-chine-ferrari-concerne\/"},"author":{"name":"Alexandre Filluzeau","@id":"https:\/\/www.italpassion.fr\/nl\/#\/schema\/person\/36f747b2a759ca202d847e85a9434ca0"},"headline":"F1 : la FIA s\u00e9vira sur les ailerons arri\u00e8re d\u00e8s le Grand Prix de Chine, Ferrari concern\u00e9 ?","datePublished":"2025-03-18T16:10:13+00:00","dateModified":"2025-03-18T16:10:15+00:00","mainEntityOfPage":{"@id":"https:\/\/www.italpassion.fr\/nl\/competition\/formule-1\/f1-la-fia-sevira-sur-les-ailerons-arriere-des-le-grand-prix-de-chine-ferrari-concerne\/"},"wordCount":477,"commentCount":0,"publisher":{"@id":"https:\/\/www.italpassion.fr\/nl\/#organization"},"image":{"@id":"https:\/\/www.italpassion.fr\/nl\/competition\/formule-1\/f1-la-fia-sevira-sur-les-ailerons-arriere-des-le-grand-prix-de-chine-ferrari-concerne\/#primaryimage"},"thumbnailUrl":"https:\/\/www.italpassion.fr\/wp-content\/uploads\/2025\/02\/sf25-6.jpg","keywords":["Scuderia Ferrari"],"articleSection":["Formule 1","Sport Auto"],"inLanguage":"nl-NL","potentialAction":[{"@type":"CommentAction","name":"Comment","target":["https:\/\/www.italpassion.fr\/nl\/competition\/formule-1\/f1-la-fia-sevira-sur-les-ailerons-arriere-des-le-grand-prix-de-chine-ferrari-concerne\/#respond"]}]},{"@type":"WebPage","@id":"https:\/\/www.italpassion.fr\/nl\/competition\/formule-1\/f1-la-fia-sevira-sur-les-ailerons-arriere-des-le-grand-prix-de-chine-ferrari-concerne\/","url":"https:\/\/www.italpassion.fr\/nl\/competition\/formule-1\/f1-la-fia-sevira-sur-les-ailerons-arriere-des-le-grand-prix-de-chine-ferrari-concerne\/","name":"F1: FIA pakt achtervleugels aan tijdens Grand Prix van China, Ferrari bezorgd? - Itali\u00eb Passie","isPartOf":{"@id":"https:\/\/www.italpassion.fr\/nl\/#website"},"primaryImageOfPage":{"@id":"https:\/\/www.italpassion.fr\/nl\/competition\/formule-1\/f1-la-fia-sevira-sur-les-ailerons-arriere-des-le-grand-prix-de-chine-ferrari-concerne\/#primaryimage"},"image":{"@id":"https:\/\/www.italpassion.fr\/nl\/competition\/formule-1\/f1-la-fia-sevira-sur-les-ailerons-arriere-des-le-grand-prix-de-chine-ferrari-concerne\/#primaryimage"},"thumbnailUrl":"https:\/\/www.italpassion.fr\/wp-content\/uploads\/2025\/02\/sf25-6.jpg","datePublished":"2025-03-18T16:10:13+00:00","dateModified":"2025-03-18T16:10:15+00:00","description":"Het Formule 1-seizoen 2025 wordt al gekenmerkt door technische spanningen tussen de teams en een nieuwe ontwikkeling zou het seizoen wel eens op zijn kop kunnen zetten.","breadcrumb":{"@id":"https:\/\/www.italpassion.fr\/nl\/competition\/formule-1\/f1-la-fia-sevira-sur-les-ailerons-arriere-des-le-grand-prix-de-chine-ferrari-concerne\/#breadcrumb"},"inLanguage":"nl-NL","potentialAction":[{"@type":"ReadAction","target":["https:\/\/www.italpassion.fr\/nl\/competition\/formule-1\/f1-la-fia-sevira-sur-les-ailerons-arriere-des-le-grand-prix-de-chine-ferrari-concerne\/"]}]},{"@type":"ImageObject","inLanguage":"nl-NL","@id":"https:\/\/www.italpassion.fr\/nl\/competition\/formule-1\/f1-la-fia-sevira-sur-les-ailerons-arriere-des-le-grand-prix-de-chine-ferrari-concerne\/#primaryimage","url":"https:\/\/www.italpassion.fr\/wp-content\/uploads\/2025\/02\/sf25-6.jpg","contentUrl":"https:\/\/www.italpassion.fr\/wp-content\/uploads\/2025\/02\/sf25-6.jpg","width":1200,"height":800},{"@type":"BreadcrumbList","@id":"https:\/\/www.italpassion.fr\/nl\/competition\/formule-1\/f1-la-fia-sevira-sur-les-ailerons-arriere-des-le-grand-prix-de-chine-ferrari-concerne\/#breadcrumb","itemListElement":[{"@type":"ListItem","position":1,"name":"Accueil","item":"https:\/\/www.italpassion.fr\/nl\/"},{"@type":"ListItem","position":2,"name":"F1 : la FIA s\u00e9vira sur les ailerons arri\u00e8re d\u00e8s le Grand Prix de Chine, Ferrari concern\u00e9 ?"}]},{"@type":"WebSite","@id":"https:\/\/www.italpassion.fr\/nl\/#website","url":"https:\/\/www.italpassion.fr\/nl\/","name":"ItalPassion","description":"Italiaanse autoliefhebbers","publisher":{"@id":"https:\/\/www.italpassion.fr\/nl\/#organization"},"potentialAction":[{"@type":"SearchAction","target":{"@type":"EntryPoint","urlTemplate":"https:\/\/www.italpassion.fr\/nl\/?s={search_term_string}"},"query-input":{"@type":"PropertyValueSpecification","valueRequired":true,"valueName":"search_term_string"}}],"inLanguage":"nl-NL"},{"@type":"Organization","@id":"https:\/\/www.italpassion.fr\/nl\/#organization","name":"Italpassion","url":"https:\/\/www.italpassion.fr\/nl\/","logo":{"@type":"ImageObject","inLanguage":"nl-NL","@id":"https:\/\/www.italpassion.fr\/nl\/#\/schema\/logo\/image\/","url":"https:\/\/www.italpassion.fr\/wp-content\/uploads\/2023\/07\/italpassion-yoast.jpg","contentUrl":"https:\/\/www.italpassion.fr\/wp-content\/uploads\/2023\/07\/italpassion-yoast.jpg","width":696,"height":696,"caption":"Italpassion"},"image":{"@id":"https:\/\/www.italpassion.fr\/nl\/#\/schema\/logo\/image\/"},"sameAs":["https:\/\/www.facebook.com\/italpassion","https:\/\/x.com\/italpassion","https:\/\/www.instagram.com\/italpassionfr\/","https:\/\/www.youtube.com\/channel\/UCleq-ByQaA42OjhopwevRjQ","https:\/\/www.facebook.com\/italpassion.en\/","https:\/\/www.facebook.com\/italpassion.it\/","https:\/\/www.facebook.com\/italpassion.de\/","https:\/\/www.facebook.com\/italpassion.ja\/"]},{"@type":"Person","@id":"https:\/\/www.italpassion.fr\/nl\/#\/schema\/person\/36f747b2a759ca202d847e85a9434ca0","name":"Alexandre Filluzeau","image":{"@type":"ImageObject","inLanguage":"nl-NL","@id":"https:\/\/www.italpassion.fr\/nl\/#\/schema\/person\/image\/","url":"https:\/\/www.italpassion.fr\/wp-content\/uploads\/2025\/04\/avatar-alexandre-160x160.jpg","contentUrl":"https:\/\/www.italpassion.fr\/wp-content\/uploads\/2025\/04\/avatar-alexandre-160x160.jpg","caption":"Alexandre Filluzeau"},"description":"Oprichter van de website ItalPassion, gepassioneerd door Italiaanse auto's en Itali\u00eb in het algemeen. Waar mogelijk breng ik een kritisch en technisch oog naar nieuws over Italiaanse merken. Eigenaar van een Maserati GranTurismo, Alfa Romeo MiTo, Lancia Fulvia en Ducati 695. Ex-eigenaar van een Alfa Romeo Giulia.","sameAs":["https:\/\/www.italpassion.fr\/"],"url":"https:\/\/www.italpassion.fr\/nl\/author\/alexandre\/"}]}},"_links":{"self":[{"href":"https:\/\/www.italpassion.fr\/nl\/wp-json\/wp\/v2\/posts\/37292","targetHints":{"allow":["GET"]}}],"collection":[{"href":"https:\/\/www.italpassion.fr\/nl\/wp-json\/wp\/v2\/posts"}],"about":[{"href":"https:\/\/www.italpassion.fr\/nl\/wp-json\/wp\/v2\/types\/post"}],"author":[{"embeddable":true,"href":"https:\/\/www.italpassion.fr\/nl\/wp-json\/wp\/v2\/users\/1"}],"replies":[{"embeddable":true,"href":"https:\/\/www.italpassion.fr\/nl\/wp-json\/wp\/v2\/comments?post=37292"}],"version-history":[{"count":2,"href":"https:\/\/www.italpassion.fr\/nl\/wp-json\/wp\/v2\/posts\/37292\/revisions"}],"predecessor-version":[{"id":37309,"href":"https:\/\/www.italpassion.fr\/nl\/wp-json\/wp\/v2\/posts\/37292\/revisions\/37309"}],"wp:featuredmedia":[{"embeddable":true,"href":"https:\/\/www.italpassion.fr\/nl\/wp-json\/wp\/v2\/media\/36757"}],"wp:attachment":[{"href":"https:\/\/www.italpassion.fr\/nl\/wp-json\/wp\/v2\/media?parent=37292"}],"wp:term":[{"taxonomy":"category","embeddable":true,"href":"https:\/\/www.italpassion.fr\/nl\/wp-json\/wp\/v2\/categories?post=37292"},{"taxonomy":"post_tag","embeddable":true,"href":"https:\/\/www.italpassion.fr\/nl\/wp-json\/wp\/v2\/tags?post=37292"}],"curies":[{"name":"wp","href":"https:\/\/api.w.org\/{rel}","templated":true}]}}