{"id":37239,"date":"2025-03-16T15:26:16","date_gmt":"2025-03-16T14:26:16","guid":{"rendered":"https:\/\/www.italpassion.fr\/?p=37239"},"modified":"2025-03-16T15:28:58","modified_gmt":"2025-03-16T14:28:58","slug":"f1-lewis-hamilton-schokt-charles-leclerc-neemt-reacties-ferrari-coureurs-op-australian-grand-prix-aan","status":"publish","type":"post","link":"https:\/\/www.italpassion.fr\/nl\/competition\/formule-1\/f1-lewis-hamilton-choque-charles-leclerc-assume-les-reactions-des-pilotes-ferrari-au-grand-prix-daustralie\/","title":{"rendered":"F1: Lewis Hamilton geschokt, Charles Leclerc neemt verantwoordelijkheid, de reacties van de Ferrari-coureurs op de Grand Prix van Australi\u00eb"},"content":{"rendered":"<figure class=\"wp-block-image size-large\"><img loading=\"lazy\" decoding=\"async\" width=\"1024\" height=\"683\" src=\"https:\/\/www.italpassion.fr\/wp-content\/uploads\/2025\/03\/charles-leclerc-hamilton-1-1024x683.jpg\" alt=\"\" class=\"wp-image-37240\" srcset=\"https:\/\/www.italpassion.fr\/wp-content\/uploads\/2025\/03\/charles-leclerc-hamilton-1-1024x683.jpg 1024w, https:\/\/www.italpassion.fr\/wp-content\/uploads\/2025\/03\/charles-leclerc-hamilton-1-300x200.jpg 300w, https:\/\/www.italpassion.fr\/wp-content\/uploads\/2025\/03\/charles-leclerc-hamilton-1-768x512.jpg 768w, https:\/\/www.italpassion.fr\/wp-content\/uploads\/2025\/03\/charles-leclerc-hamilton-1-18x12.jpg 18w, https:\/\/www.italpassion.fr\/wp-content\/uploads\/2025\/03\/charles-leclerc-hamilton-1-561x374.jpg 561w, https:\/\/www.italpassion.fr\/wp-content\/uploads\/2025\/03\/charles-leclerc-hamilton-1-1122x748.jpg 1122w, https:\/\/www.italpassion.fr\/wp-content\/uploads\/2025\/03\/charles-leclerc-hamilton-1-265x177.jpg 265w, https:\/\/www.italpassion.fr\/wp-content\/uploads\/2025\/03\/charles-leclerc-hamilton-1-531x354.jpg 531w, https:\/\/www.italpassion.fr\/wp-content\/uploads\/2025\/03\/charles-leclerc-hamilton-1-364x243.jpg 364w, https:\/\/www.italpassion.fr\/wp-content\/uploads\/2025\/03\/charles-leclerc-hamilton-1-728x485.jpg 728w, https:\/\/www.italpassion.fr\/wp-content\/uploads\/2025\/03\/charles-leclerc-hamilton-1-608x405.jpg 608w, https:\/\/www.italpassion.fr\/wp-content\/uploads\/2025\/03\/charles-leclerc-hamilton-1-758x505.jpg 758w, https:\/\/www.italpassion.fr\/wp-content\/uploads\/2025\/03\/charles-leclerc-hamilton-1-1152x768.jpg 1152w, https:\/\/www.italpassion.fr\/wp-content\/uploads\/2025\/03\/charles-leclerc-hamilton-1.jpg 1200w\" sizes=\"auto, (max-width: 1024px) 100vw, 1024px\" \/><figcaption class=\"wp-element-caption\">Foto Ferrari<\/figcaption><\/figure>\n\n\n\n<p><strong>Het seizoen 2025 van <a href=\"https:\/\/www.italpassion.fr\/nl\/wedstrijd\/formule-1\/\">Formule 1<\/a> begon met een bijzonder bewogen Grand Prix van Australi\u00eb, gekenmerkt door grillig weer en talloze wendingen. <\/strong>Voor de <a href=\"https:\/\/www.italpassion.fr\/nl\/tag\/scuderia-ferrari\/\">Scuderia Ferrari<\/a>Het uiteindelijke resultaat (5 punten, dankzij respectievelijk de 8e en 10e plaats) bleef ver achter bij de verwachtingen. Lewis Hamilton was zichtbaar gefrustreerd door de omstandigheden en Charles Leclerc nam de verantwoordelijkheid voor zijn fouten. Hier zijn de reacties van de twee coureurs na de race.<\/p>\n\n\n\n<h2 class=\"wp-block-heading\">Hamilton: een moeilijke start bij Ferrari<\/h2>\n\n\n\n<p>Hij is net bij het Italiaanse team na een lange carri\u00e8re bij Mercedes, <a href=\"https:\/\/www.italpassion.fr\/nl\/tag\/lewis-hamilton\/\">Lewis Hamilton<\/a> hoopte op een ander scenario voor zijn allereerste Grand Prix in het teken van het Steigerende Paard. Helaas belemmerden de zware regenbuien in Australi\u00eb, de aanpassing aan een nieuwe eenzitter en het gebrek aan communicatie over de strategie zijn vooruitgang.<\/p>\n\n\n\n<blockquote class=\"wp-block-quote is-layout-flow wp-block-quote-is-layout-flow\"><svg aria-hidden=\"true\" focusable=\"false\" class=\"icon icon-quote\" width=\"48\" height=\"48\"><use xlink:href=\"#icon-quote\"><\/use><\/svg>\n<p><em><em>\"<\/em>Het was echt zwaar. Een van de moeilijkste races die ik had kunnen verwachten. Om mezelf in deze omstandigheden te vinden met deze auto, met een nieuwe krachtbron, met nieuwe technici en een stuur met compleet andere functies, het was verschrikkelijk. Ik had beter verwacht. Op een gegeven moment vochten we voor het podium, maar door de regen werd alles erger.<em><em>\"<\/em><\/em><\/em><\/p>\n<\/blockquote>\n\n\n\n<p>Afgezien van de regen, die in de laatste sector heviger werd, was Hamiltons belangrijkste klacht het gebrek aan informatie over het ideale moment om terug te schakelen naar intermediate banden:<\/p>\n\n\n\n<blockquote class=\"wp-block-quote is-layout-flow wp-block-quote-is-layout-flow\"><svg aria-hidden=\"true\" focusable=\"false\" class=\"icon icon-quote\" width=\"48\" height=\"48\"><use xlink:href=\"#icon-quote\"><\/use><\/svg>\n<p><em>\"Het begon harder te regenen, vooral in de laatste sector, maar de rest van het circuit leek droog. Ik wist dat sommige mensen de pits al voorbij waren, maar ik wist niet dat het op andere delen van het circuit zo hard was gaan regenen. Niemand had me dat verteld. Het was een beetje een gemiste kans.\"<\/em><\/p>\n<\/blockquote>\n\n\n\n<p>De zevenvoudig wereldkampioen besluit echter met een minder alarmerende noot, <strong>Hij is van mening dat Ferrari \"niet zo ver weg is\" van de concurrentie en dat de volgende ontmoeting in China een kans biedt om meer lessen te leren.<\/strong><\/p>\n\n\n\n<h2 class=\"wp-block-heading\">Leclerc: een dure fout, maar geen excuses<\/h2>\n\n\n\n<p>Van zijn kant, <a href=\"https:\/\/www.italpassion.fr\/nl\/tag\/charles-leclerc\/\">Charles Leclerc<\/a> had een beter resultaat verwacht op een circuit waar hij in het verleden vaak heeft geschitterd. Ondanks een solide start die hem snel naar de vijfde plaats bracht, kwam de Monegask aan het eind van de race in de regen terecht. Hij werd het slachtoffer van een spin in bocht 11 terwijl hij op slicks reed, verloor een aantal cruciale plaatsen en eindigde als achtste. Lucide verschool zich niet achter de strategie of de omstandigheden:<\/p>\n\n\n\n<blockquote class=\"wp-block-quote is-layout-flow wp-block-quote-is-layout-flow\"><svg aria-hidden=\"true\" focusable=\"false\" class=\"icon icon-quote\" width=\"48\" height=\"48\"><use xlink:href=\"#icon-quote\"><\/use><\/svg>\n<p><em>\"Vandaag ging het niet goed, maar voordat ik het over de fouten van het team heb, moet ik het eerst over mijn eigen fout hebben, die het grootste was. Ik verloor de auto bij het uitkomen van bocht 11 en verloor 4 tot 5 posities. Uiteindelijk had ik derde of vierde kunnen worden. Dan hadden we de race anders besproken.<\/em><\/p>\n<\/blockquote>\n\n\n\n<p><strong>Desondanks gelooft Leclerc dat de SF-25 potentieel heeft,<\/strong> vooral op het gebied van topsnelheid, en kijkt liever snel vooruit naar de volgende race. Hij blijft zich ervan bewust dat de Grand Prix van China, die over een paar dagen staat gepland, niet de meest gunstige is voor Ferrari, maar hij zegt dat hij bereid is om hard te werken om te voorkomen dat het gat met de leiders groter wordt.<\/p>","protected":false},"excerpt":{"rendered":"","protected":false},"author":1,"featured_media":37240,"comment_status":"open","ping_status":"open","sticky":false,"template":"","format":"standard","meta":{"_acf_changed":false,"_sitemap_exclude":false,"_sitemap_priority":"","_sitemap_frequency":"","footnotes":""},"categories":[328,323],"tags":[346,397,370],"class_list":["post-37239","post","type-post","status-publish","format-standard","has-post-thumbnail","hentry","category-formule-1","category-competition","tag-charles-leclerc","tag-lewis-hamilton","tag-scuderia-ferrari","generate-columns","tablet-grid-50","mobile-grid-100","grid-parent","grid-33"],"acf":[],"yoast_head":"<!-- This site is optimized with the Yoast SEO plugin v25.8 - https:\/\/yoast.com\/wordpress\/plugins\/seo\/ -->\n<title>F1 : Lewis Hamilton choqu\u00e9, Charles Leclerc assume, les r\u00e9actions des pilotes Ferrari au Grand Prix d&#039;Australie - ItalPassion<\/title>\n<meta name=\"description\" content=\"Photo Ferrari La saison 2025 de Formule 1 a d\u00e9but\u00e9 sur un Grand Prix d\u2019Australie particuli\u00e8rement mouvement\u00e9, marqu\u00e9 par une m\u00e9t\u00e9o capricieuse et de\" \/>\n<meta name=\"robots\" content=\"index, follow, max-snippet:-1, max-image-preview:large, max-video-preview:-1\" \/>\n<link rel=\"canonical\" href=\"https:\/\/www.italpassion.fr\/nl\/wedstrijd\/formule-1\/f1-lewis-hamilton-schokt-charles-leclerc-neemt-reacties-ferrari-coureurs-op-australian-grand-prix-aan\/\" \/>\n<meta property=\"og:locale\" content=\"nl_NL\" \/>\n<meta property=\"og:type\" content=\"article\" \/>\n<meta property=\"og:title\" content=\"F1 : Lewis Hamilton choqu\u00e9, Charles Leclerc assume, les r\u00e9actions des pilotes Ferrari au Grand Prix d&#039;Australie - ItalPassion\" \/>\n<meta property=\"og:description\" content=\"Photo Ferrari La saison 2025 de Formule 1 a d\u00e9but\u00e9 sur un Grand Prix d\u2019Australie particuli\u00e8rement mouvement\u00e9, marqu\u00e9 par une m\u00e9t\u00e9o capricieuse et de\" \/>\n<meta property=\"og:url\" content=\"https:\/\/www.italpassion.fr\/nl\/wedstrijd\/formule-1\/f1-lewis-hamilton-schokt-charles-leclerc-neemt-reacties-ferrari-coureurs-op-australian-grand-prix-aan\/\" \/>\n<meta property=\"og:site_name\" content=\"ItalPassion\" \/>\n<meta property=\"article:publisher\" content=\"https:\/\/www.facebook.com\/italpassion\" \/>\n<meta property=\"article:published_time\" content=\"2025-03-16T14:26:16+00:00\" \/>\n<meta property=\"article:modified_time\" content=\"2025-03-16T14:28:58+00:00\" \/>\n<meta property=\"og:image\" content=\"https:\/\/www.italpassion.fr\/wp-content\/uploads\/2025\/03\/charles-leclerc-hamilton-1.jpg\" \/>\n\t<meta property=\"og:image:width\" content=\"1200\" \/>\n\t<meta property=\"og:image:height\" content=\"800\" \/>\n\t<meta property=\"og:image:type\" content=\"image\/jpeg\" \/>\n<meta name=\"author\" content=\"Alexandre Filluzeau\" \/>\n<meta name=\"twitter:card\" content=\"summary_large_image\" \/>\n<meta name=\"twitter:creator\" content=\"@italpassion\" \/>\n<meta name=\"twitter:site\" content=\"@italpassion\" \/>\n<script type=\"application\/ld+json\" class=\"yoast-schema-graph\">{\"@context\":\"https:\/\/schema.org\",\"@graph\":[{\"@type\":\"NewsArticle\",\"@id\":\"https:\/\/www.italpassion.fr\/nl\/competition\/formule-1\/f1-lewis-hamilton-choque-charles-leclerc-assume-les-reactions-des-pilotes-ferrari-au-grand-prix-daustralie\/#article\",\"isPartOf\":{\"@id\":\"https:\/\/www.italpassion.fr\/nl\/competition\/formule-1\/f1-lewis-hamilton-choque-charles-leclerc-assume-les-reactions-des-pilotes-ferrari-au-grand-prix-daustralie\/\"},\"author\":{\"name\":\"Alexandre Filluzeau\",\"@id\":\"https:\/\/www.italpassion.fr\/nl\/#\/schema\/person\/36f747b2a759ca202d847e85a9434ca0\"},\"headline\":\"F1 : Lewis Hamilton choqu\u00e9, Charles Leclerc assume, les r\u00e9actions des pilotes Ferrari au Grand Prix d&rsquo;Australie\",\"datePublished\":\"2025-03-16T14:26:16+00:00\",\"dateModified\":\"2025-03-16T14:28:58+00:00\",\"mainEntityOfPage\":{\"@id\":\"https:\/\/www.italpassion.fr\/nl\/competition\/formule-1\/f1-lewis-hamilton-choque-charles-leclerc-assume-les-reactions-des-pilotes-ferrari-au-grand-prix-daustralie\/\"},\"wordCount\":623,\"commentCount\":2,\"publisher\":{\"@id\":\"https:\/\/www.italpassion.fr\/nl\/#organization\"},\"image\":{\"@id\":\"https:\/\/www.italpassion.fr\/nl\/competition\/formule-1\/f1-lewis-hamilton-choque-charles-leclerc-assume-les-reactions-des-pilotes-ferrari-au-grand-prix-daustralie\/#primaryimage\"},\"thumbnailUrl\":\"https:\/\/www.italpassion.fr\/wp-content\/uploads\/2025\/03\/charles-leclerc-hamilton-1.jpg\",\"keywords\":[\"Charles Leclerc\",\"Lewis Hamilton\",\"Scuderia Ferrari\"],\"articleSection\":[\"Formule 1\",\"Sport Auto\"],\"inLanguage\":\"nl-NL\",\"potentialAction\":[{\"@type\":\"CommentAction\",\"name\":\"Comment\",\"target\":[\"https:\/\/www.italpassion.fr\/nl\/competition\/formule-1\/f1-lewis-hamilton-choque-charles-leclerc-assume-les-reactions-des-pilotes-ferrari-au-grand-prix-daustralie\/#respond\"]}]},{\"@type\":\"WebPage\",\"@id\":\"https:\/\/www.italpassion.fr\/nl\/competition\/formule-1\/f1-lewis-hamilton-choque-charles-leclerc-assume-les-reactions-des-pilotes-ferrari-au-grand-prix-daustralie\/\",\"url\":\"https:\/\/www.italpassion.fr\/nl\/competition\/formule-1\/f1-lewis-hamilton-choque-charles-leclerc-assume-les-reactions-des-pilotes-ferrari-au-grand-prix-daustralie\/\",\"name\":\"F1 : Lewis Hamilton choqu\u00e9, Charles Leclerc assume, les r\u00e9actions des pilotes Ferrari au Grand Prix d'Australie - ItalPassion\",\"isPartOf\":{\"@id\":\"https:\/\/www.italpassion.fr\/nl\/#website\"},\"primaryImageOfPage\":{\"@id\":\"https:\/\/www.italpassion.fr\/nl\/competition\/formule-1\/f1-lewis-hamilton-choque-charles-leclerc-assume-les-reactions-des-pilotes-ferrari-au-grand-prix-daustralie\/#primaryimage\"},\"image\":{\"@id\":\"https:\/\/www.italpassion.fr\/nl\/competition\/formule-1\/f1-lewis-hamilton-choque-charles-leclerc-assume-les-reactions-des-pilotes-ferrari-au-grand-prix-daustralie\/#primaryimage\"},\"thumbnailUrl\":\"https:\/\/www.italpassion.fr\/wp-content\/uploads\/2025\/03\/charles-leclerc-hamilton-1.jpg\",\"datePublished\":\"2025-03-16T14:26:16+00:00\",\"dateModified\":\"2025-03-16T14:28:58+00:00\",\"description\":\"Photo Ferrari La saison 2025 de Formule 1 a d\u00e9but\u00e9 sur un Grand Prix d\u2019Australie particuli\u00e8rement mouvement\u00e9, marqu\u00e9 par une m\u00e9t\u00e9o capricieuse et de\",\"breadcrumb\":{\"@id\":\"https:\/\/www.italpassion.fr\/nl\/competition\/formule-1\/f1-lewis-hamilton-choque-charles-leclerc-assume-les-reactions-des-pilotes-ferrari-au-grand-prix-daustralie\/#breadcrumb\"},\"inLanguage\":\"nl-NL\",\"potentialAction\":[{\"@type\":\"ReadAction\",\"target\":[\"https:\/\/www.italpassion.fr\/nl\/competition\/formule-1\/f1-lewis-hamilton-choque-charles-leclerc-assume-les-reactions-des-pilotes-ferrari-au-grand-prix-daustralie\/\"]}]},{\"@type\":\"ImageObject\",\"inLanguage\":\"nl-NL\",\"@id\":\"https:\/\/www.italpassion.fr\/nl\/competition\/formule-1\/f1-lewis-hamilton-choque-charles-leclerc-assume-les-reactions-des-pilotes-ferrari-au-grand-prix-daustralie\/#primaryimage\",\"url\":\"https:\/\/www.italpassion.fr\/wp-content\/uploads\/2025\/03\/charles-leclerc-hamilton-1.jpg\",\"contentUrl\":\"https:\/\/www.italpassion.fr\/wp-content\/uploads\/2025\/03\/charles-leclerc-hamilton-1.jpg\",\"width\":1200,\"height\":800},{\"@type\":\"BreadcrumbList\",\"@id\":\"https:\/\/www.italpassion.fr\/nl\/competition\/formule-1\/f1-lewis-hamilton-choque-charles-leclerc-assume-les-reactions-des-pilotes-ferrari-au-grand-prix-daustralie\/#breadcrumb\",\"itemListElement\":[{\"@type\":\"ListItem\",\"position\":1,\"name\":\"Accueil\",\"item\":\"https:\/\/www.italpassion.fr\/nl\/\"},{\"@type\":\"ListItem\",\"position\":2,\"name\":\"F1 : Lewis Hamilton choqu\u00e9, Charles Leclerc assume, les r\u00e9actions des pilotes Ferrari au Grand Prix d&rsquo;Australie\"}]},{\"@type\":\"WebSite\",\"@id\":\"https:\/\/www.italpassion.fr\/nl\/#website\",\"url\":\"https:\/\/www.italpassion.fr\/nl\/\",\"name\":\"ItalPassion\",\"description\":\"Les Passionn\u00e9s d&#039;Automobiles Italiennes\",\"publisher\":{\"@id\":\"https:\/\/www.italpassion.fr\/nl\/#organization\"},\"potentialAction\":[{\"@type\":\"SearchAction\",\"target\":{\"@type\":\"EntryPoint\",\"urlTemplate\":\"https:\/\/www.italpassion.fr\/nl\/?s={search_term_string}\"},\"query-input\":{\"@type\":\"PropertyValueSpecification\",\"valueRequired\":true,\"valueName\":\"search_term_string\"}}],\"inLanguage\":\"nl-NL\"},{\"@type\":\"Organization\",\"@id\":\"https:\/\/www.italpassion.fr\/nl\/#organization\",\"name\":\"Italpassion\",\"url\":\"https:\/\/www.italpassion.fr\/nl\/\",\"logo\":{\"@type\":\"ImageObject\",\"inLanguage\":\"nl-NL\",\"@id\":\"https:\/\/www.italpassion.fr\/nl\/#\/schema\/logo\/image\/\",\"url\":\"https:\/\/www.italpassion.fr\/wp-content\/uploads\/2023\/07\/italpassion-yoast.jpg\",\"contentUrl\":\"https:\/\/www.italpassion.fr\/wp-content\/uploads\/2023\/07\/italpassion-yoast.jpg\",\"width\":696,\"height\":696,\"caption\":\"Italpassion\"},\"image\":{\"@id\":\"https:\/\/www.italpassion.fr\/nl\/#\/schema\/logo\/image\/\"},\"sameAs\":[\"https:\/\/www.facebook.com\/italpassion\",\"https:\/\/x.com\/italpassion\",\"https:\/\/www.instagram.com\/italpassionfr\/\",\"https:\/\/www.youtube.com\/channel\/UCleq-ByQaA42OjhopwevRjQ\",\"https:\/\/www.facebook.com\/italpassion.en\/\",\"https:\/\/www.facebook.com\/italpassion.it\/\",\"https:\/\/www.facebook.com\/italpassion.de\/\",\"https:\/\/www.facebook.com\/italpassion.ja\/\"]},{\"@type\":\"Person\",\"@id\":\"https:\/\/www.italpassion.fr\/nl\/#\/schema\/person\/36f747b2a759ca202d847e85a9434ca0\",\"name\":\"Alexandre Filluzeau\",\"image\":{\"@type\":\"ImageObject\",\"inLanguage\":\"nl-NL\",\"@id\":\"https:\/\/www.italpassion.fr\/nl\/#\/schema\/person\/image\/\",\"url\":\"https:\/\/www.italpassion.fr\/wp-content\/uploads\/2025\/04\/avatar-alexandre-160x160.jpg\",\"contentUrl\":\"https:\/\/www.italpassion.fr\/wp-content\/uploads\/2025\/04\/avatar-alexandre-160x160.jpg\",\"caption\":\"Alexandre Filluzeau\"},\"description\":\"Fondateur du site ItalPassion, passionn\u00e9 de voitures italiennes et de l'Italie en g\u00e9n\u00e9ral. J'apporte un regard critique et technique aux actualit\u00e9s des marques italiennes quand cela est possible. Propri\u00e9taire d'une Maserati GranTurismo, Alfa Romeo MiTo, Lancia Fulvia et Ducati 695. Ex-propri\u00e9taire d'une Alfa Romeo Giulia.\",\"sameAs\":[\"https:\/\/www.italpassion.fr\/\"],\"url\":\"https:\/\/www.italpassion.fr\/nl\/author\/alexandre\/\"}]}<\/script>\n<!-- \/ Yoast SEO plugin. -->","yoast_head_json":{"title":"F1: Lewis Hamilton geschokt, Charles Leclerc neemt verantwoordelijkheid, de reacties van de Ferrari-coureurs op de Grand Prix van Australi\u00eb - ItalPassion","description":"Foto Ferrari Het Formule 1-seizoen 2025 ging van start met een bijzonder bewogen Grand Prix van Australi\u00eb, gekenmerkt door grillige weersomstandigheden en een aantal","robots":{"index":"index","follow":"follow","max-snippet":"max-snippet:-1","max-image-preview":"max-image-preview:large","max-video-preview":"max-video-preview:-1"},"canonical":"https:\/\/www.italpassion.fr\/nl\/wedstrijd\/formule-1\/f1-lewis-hamilton-schokt-charles-leclerc-neemt-reacties-ferrari-coureurs-op-australian-grand-prix-aan\/","og_locale":"nl_NL","og_type":"article","og_title":"F1 : Lewis Hamilton choqu\u00e9, Charles Leclerc assume, les r\u00e9actions des pilotes Ferrari au Grand Prix d'Australie - ItalPassion","og_description":"Photo Ferrari La saison 2025 de Formule 1 a d\u00e9but\u00e9 sur un Grand Prix d\u2019Australie particuli\u00e8rement mouvement\u00e9, marqu\u00e9 par une m\u00e9t\u00e9o capricieuse et de","og_url":"https:\/\/www.italpassion.fr\/nl\/wedstrijd\/formule-1\/f1-lewis-hamilton-schokt-charles-leclerc-neemt-reacties-ferrari-coureurs-op-australian-grand-prix-aan\/","og_site_name":"ItalPassion","article_publisher":"https:\/\/www.facebook.com\/italpassion","article_published_time":"2025-03-16T14:26:16+00:00","article_modified_time":"2025-03-16T14:28:58+00:00","og_image":[{"width":1200,"height":800,"url":"https:\/\/www.italpassion.fr\/wp-content\/uploads\/2025\/03\/charles-leclerc-hamilton-1.jpg","type":"image\/jpeg"}],"author":"Alexandre Filluzeau","twitter_card":"summary_large_image","twitter_creator":"@italpassion","twitter_site":"@italpassion","schema":{"@context":"https:\/\/schema.org","@graph":[{"@type":"NewsArticle","@id":"https:\/\/www.italpassion.fr\/nl\/competition\/formule-1\/f1-lewis-hamilton-choque-charles-leclerc-assume-les-reactions-des-pilotes-ferrari-au-grand-prix-daustralie\/#article","isPartOf":{"@id":"https:\/\/www.italpassion.fr\/nl\/competition\/formule-1\/f1-lewis-hamilton-choque-charles-leclerc-assume-les-reactions-des-pilotes-ferrari-au-grand-prix-daustralie\/"},"author":{"name":"Alexandre Filluzeau","@id":"https:\/\/www.italpassion.fr\/nl\/#\/schema\/person\/36f747b2a759ca202d847e85a9434ca0"},"headline":"F1 : Lewis Hamilton choqu\u00e9, Charles Leclerc assume, les r\u00e9actions des pilotes Ferrari au Grand Prix d&rsquo;Australie","datePublished":"2025-03-16T14:26:16+00:00","dateModified":"2025-03-16T14:28:58+00:00","mainEntityOfPage":{"@id":"https:\/\/www.italpassion.fr\/nl\/competition\/formule-1\/f1-lewis-hamilton-choque-charles-leclerc-assume-les-reactions-des-pilotes-ferrari-au-grand-prix-daustralie\/"},"wordCount":623,"commentCount":2,"publisher":{"@id":"https:\/\/www.italpassion.fr\/nl\/#organization"},"image":{"@id":"https:\/\/www.italpassion.fr\/nl\/competition\/formule-1\/f1-lewis-hamilton-choque-charles-leclerc-assume-les-reactions-des-pilotes-ferrari-au-grand-prix-daustralie\/#primaryimage"},"thumbnailUrl":"https:\/\/www.italpassion.fr\/wp-content\/uploads\/2025\/03\/charles-leclerc-hamilton-1.jpg","keywords":["Charles Leclerc","Lewis Hamilton","Scuderia Ferrari"],"articleSection":["Formule 1","Sport Auto"],"inLanguage":"nl-NL","potentialAction":[{"@type":"CommentAction","name":"Comment","target":["https:\/\/www.italpassion.fr\/nl\/competition\/formule-1\/f1-lewis-hamilton-choque-charles-leclerc-assume-les-reactions-des-pilotes-ferrari-au-grand-prix-daustralie\/#respond"]}]},{"@type":"WebPage","@id":"https:\/\/www.italpassion.fr\/nl\/competition\/formule-1\/f1-lewis-hamilton-choque-charles-leclerc-assume-les-reactions-des-pilotes-ferrari-au-grand-prix-daustralie\/","url":"https:\/\/www.italpassion.fr\/nl\/competition\/formule-1\/f1-lewis-hamilton-choque-charles-leclerc-assume-les-reactions-des-pilotes-ferrari-au-grand-prix-daustralie\/","name":"F1: Lewis Hamilton geschokt, Charles Leclerc neemt verantwoordelijkheid, de reacties van de Ferrari-coureurs op de Grand Prix van Australi\u00eb - ItalPassion","isPartOf":{"@id":"https:\/\/www.italpassion.fr\/nl\/#website"},"primaryImageOfPage":{"@id":"https:\/\/www.italpassion.fr\/nl\/competition\/formule-1\/f1-lewis-hamilton-choque-charles-leclerc-assume-les-reactions-des-pilotes-ferrari-au-grand-prix-daustralie\/#primaryimage"},"image":{"@id":"https:\/\/www.italpassion.fr\/nl\/competition\/formule-1\/f1-lewis-hamilton-choque-charles-leclerc-assume-les-reactions-des-pilotes-ferrari-au-grand-prix-daustralie\/#primaryimage"},"thumbnailUrl":"https:\/\/www.italpassion.fr\/wp-content\/uploads\/2025\/03\/charles-leclerc-hamilton-1.jpg","datePublished":"2025-03-16T14:26:16+00:00","dateModified":"2025-03-16T14:28:58+00:00","description":"Foto Ferrari Het Formule 1-seizoen 2025 ging van start met een bijzonder bewogen Grand Prix van Australi\u00eb, gekenmerkt door grillige weersomstandigheden en een aantal","breadcrumb":{"@id":"https:\/\/www.italpassion.fr\/nl\/competition\/formule-1\/f1-lewis-hamilton-choque-charles-leclerc-assume-les-reactions-des-pilotes-ferrari-au-grand-prix-daustralie\/#breadcrumb"},"inLanguage":"nl-NL","potentialAction":[{"@type":"ReadAction","target":["https:\/\/www.italpassion.fr\/nl\/competition\/formule-1\/f1-lewis-hamilton-choque-charles-leclerc-assume-les-reactions-des-pilotes-ferrari-au-grand-prix-daustralie\/"]}]},{"@type":"ImageObject","inLanguage":"nl-NL","@id":"https:\/\/www.italpassion.fr\/nl\/competition\/formule-1\/f1-lewis-hamilton-choque-charles-leclerc-assume-les-reactions-des-pilotes-ferrari-au-grand-prix-daustralie\/#primaryimage","url":"https:\/\/www.italpassion.fr\/wp-content\/uploads\/2025\/03\/charles-leclerc-hamilton-1.jpg","contentUrl":"https:\/\/www.italpassion.fr\/wp-content\/uploads\/2025\/03\/charles-leclerc-hamilton-1.jpg","width":1200,"height":800},{"@type":"BreadcrumbList","@id":"https:\/\/www.italpassion.fr\/nl\/competition\/formule-1\/f1-lewis-hamilton-choque-charles-leclerc-assume-les-reactions-des-pilotes-ferrari-au-grand-prix-daustralie\/#breadcrumb","itemListElement":[{"@type":"ListItem","position":1,"name":"Accueil","item":"https:\/\/www.italpassion.fr\/nl\/"},{"@type":"ListItem","position":2,"name":"F1 : Lewis Hamilton choqu\u00e9, Charles Leclerc assume, les r\u00e9actions des pilotes Ferrari au Grand Prix d&rsquo;Australie"}]},{"@type":"WebSite","@id":"https:\/\/www.italpassion.fr\/nl\/#website","url":"https:\/\/www.italpassion.fr\/nl\/","name":"ItalPassion","description":"Italiaanse autoliefhebbers","publisher":{"@id":"https:\/\/www.italpassion.fr\/nl\/#organization"},"potentialAction":[{"@type":"SearchAction","target":{"@type":"EntryPoint","urlTemplate":"https:\/\/www.italpassion.fr\/nl\/?s={search_term_string}"},"query-input":{"@type":"PropertyValueSpecification","valueRequired":true,"valueName":"search_term_string"}}],"inLanguage":"nl-NL"},{"@type":"Organization","@id":"https:\/\/www.italpassion.fr\/nl\/#organization","name":"Italpassion","url":"https:\/\/www.italpassion.fr\/nl\/","logo":{"@type":"ImageObject","inLanguage":"nl-NL","@id":"https:\/\/www.italpassion.fr\/nl\/#\/schema\/logo\/image\/","url":"https:\/\/www.italpassion.fr\/wp-content\/uploads\/2023\/07\/italpassion-yoast.jpg","contentUrl":"https:\/\/www.italpassion.fr\/wp-content\/uploads\/2023\/07\/italpassion-yoast.jpg","width":696,"height":696,"caption":"Italpassion"},"image":{"@id":"https:\/\/www.italpassion.fr\/nl\/#\/schema\/logo\/image\/"},"sameAs":["https:\/\/www.facebook.com\/italpassion","https:\/\/x.com\/italpassion","https:\/\/www.instagram.com\/italpassionfr\/","https:\/\/www.youtube.com\/channel\/UCleq-ByQaA42OjhopwevRjQ","https:\/\/www.facebook.com\/italpassion.en\/","https:\/\/www.facebook.com\/italpassion.it\/","https:\/\/www.facebook.com\/italpassion.de\/","https:\/\/www.facebook.com\/italpassion.ja\/"]},{"@type":"Person","@id":"https:\/\/www.italpassion.fr\/nl\/#\/schema\/person\/36f747b2a759ca202d847e85a9434ca0","name":"Alexandre Filluzeau","image":{"@type":"ImageObject","inLanguage":"nl-NL","@id":"https:\/\/www.italpassion.fr\/nl\/#\/schema\/person\/image\/","url":"https:\/\/www.italpassion.fr\/wp-content\/uploads\/2025\/04\/avatar-alexandre-160x160.jpg","contentUrl":"https:\/\/www.italpassion.fr\/wp-content\/uploads\/2025\/04\/avatar-alexandre-160x160.jpg","caption":"Alexandre Filluzeau"},"description":"Oprichter van de website ItalPassion, gepassioneerd door Italiaanse auto's en Itali\u00eb in het algemeen. Waar mogelijk breng ik een kritisch en technisch oog naar nieuws over Italiaanse merken. Eigenaar van een Maserati GranTurismo, Alfa Romeo MiTo, Lancia Fulvia en Ducati 695. Ex-eigenaar van een Alfa Romeo Giulia.","sameAs":["https:\/\/www.italpassion.fr\/"],"url":"https:\/\/www.italpassion.fr\/nl\/author\/alexandre\/"}]}},"_links":{"self":[{"href":"https:\/\/www.italpassion.fr\/nl\/wp-json\/wp\/v2\/posts\/37239","targetHints":{"allow":["GET"]}}],"collection":[{"href":"https:\/\/www.italpassion.fr\/nl\/wp-json\/wp\/v2\/posts"}],"about":[{"href":"https:\/\/www.italpassion.fr\/nl\/wp-json\/wp\/v2\/types\/post"}],"author":[{"embeddable":true,"href":"https:\/\/www.italpassion.fr\/nl\/wp-json\/wp\/v2\/users\/1"}],"replies":[{"embeddable":true,"href":"https:\/\/www.italpassion.fr\/nl\/wp-json\/wp\/v2\/comments?post=37239"}],"version-history":[{"count":2,"href":"https:\/\/www.italpassion.fr\/nl\/wp-json\/wp\/v2\/posts\/37239\/revisions"}],"predecessor-version":[{"id":37243,"href":"https:\/\/www.italpassion.fr\/nl\/wp-json\/wp\/v2\/posts\/37239\/revisions\/37243"}],"wp:featuredmedia":[{"embeddable":true,"href":"https:\/\/www.italpassion.fr\/nl\/wp-json\/wp\/v2\/media\/37240"}],"wp:attachment":[{"href":"https:\/\/www.italpassion.fr\/nl\/wp-json\/wp\/v2\/media?parent=37239"}],"wp:term":[{"taxonomy":"category","embeddable":true,"href":"https:\/\/www.italpassion.fr\/nl\/wp-json\/wp\/v2\/categories?post=37239"},{"taxonomy":"post_tag","embeddable":true,"href":"https:\/\/www.italpassion.fr\/nl\/wp-json\/wp\/v2\/tags?post=37239"}],"curies":[{"name":"wp","href":"https:\/\/api.w.org\/{rel}","templated":true}]}}