{"id":37224,"date":"2025-03-15T15:23:42","date_gmt":"2025-03-15T14:23:42","guid":{"rendered":"https:\/\/www.italpassion.fr\/?p=37224"},"modified":"2025-03-15T15:23:44","modified_gmt":"2025-03-15T14:23:44","slug":"f1-kwalificatie-ferrari-vs-mclaren-wat-telemetriegegevens-onthullen-over-de-sf-25","status":"publish","type":"post","link":"https:\/\/www.italpassion.fr\/nl\/competition\/formule-1\/f1-qualification-ferrari-vs-mclaren-ce-que-les-donnees-de-telemetrie-revelent-sur-la-sf-25\/","title":{"rendered":"F1: kwalificatie Ferrari vs McLaren, wat de telemetriegegevens onthullen over de SF-25"},"content":{"rendered":"<figure class=\"wp-block-image size-large\"><img loading=\"lazy\" decoding=\"async\" width=\"1024\" height=\"683\" src=\"https:\/\/www.italpassion.fr\/wp-content\/uploads\/2025\/03\/telemetrie-ferrari-1024x683.jpg\" alt=\"\" class=\"wp-image-37226\" srcset=\"https:\/\/www.italpassion.fr\/wp-content\/uploads\/2025\/03\/telemetrie-ferrari-1024x683.jpg 1024w, https:\/\/www.italpassion.fr\/wp-content\/uploads\/2025\/03\/telemetrie-ferrari-300x200.jpg 300w, https:\/\/www.italpassion.fr\/wp-content\/uploads\/2025\/03\/telemetrie-ferrari-768x512.jpg 768w, https:\/\/www.italpassion.fr\/wp-content\/uploads\/2025\/03\/telemetrie-ferrari-18x12.jpg 18w, https:\/\/www.italpassion.fr\/wp-content\/uploads\/2025\/03\/telemetrie-ferrari-561x374.jpg 561w, https:\/\/www.italpassion.fr\/wp-content\/uploads\/2025\/03\/telemetrie-ferrari-1122x748.jpg 1122w, https:\/\/www.italpassion.fr\/wp-content\/uploads\/2025\/03\/telemetrie-ferrari-265x177.jpg 265w, https:\/\/www.italpassion.fr\/wp-content\/uploads\/2025\/03\/telemetrie-ferrari-531x354.jpg 531w, https:\/\/www.italpassion.fr\/wp-content\/uploads\/2025\/03\/telemetrie-ferrari-364x243.jpg 364w, https:\/\/www.italpassion.fr\/wp-content\/uploads\/2025\/03\/telemetrie-ferrari-728x485.jpg 728w, https:\/\/www.italpassion.fr\/wp-content\/uploads\/2025\/03\/telemetrie-ferrari-608x405.jpg 608w, https:\/\/www.italpassion.fr\/wp-content\/uploads\/2025\/03\/telemetrie-ferrari-758x505.jpg 758w, https:\/\/www.italpassion.fr\/wp-content\/uploads\/2025\/03\/telemetrie-ferrari-1152x768.jpg 1152w, https:\/\/www.italpassion.fr\/wp-content\/uploads\/2025\/03\/telemetrie-ferrari.jpg 1200w\" sizes=\"auto, (max-width: 1024px) 100vw, 1024px\" \/><\/figure>\n\n\n\n<p>Het seizoen van <a href=\"https:\/\/www.italpassion.fr\/nl\/wedstrijd\/formule-1\/\">Formule 1<\/a> Met de Grand Prix van Australi\u00eb voor de deur zijn alle ogen al gericht op de strijd tussen Ferrari en McLaren. Bezoek <a href=\"https:\/\/www.italpassion.fr\/nl\/wedstrijd\/formule-1\/f1-ferrari-sf-25-vs-mclaren-mcl39-data-onthult-welke-auto-sneller-is\/\">De vrije training liet een spannend duel zien tussen Ferrari's SF-25<\/a> en de oranje eenzitter. <strong>Echter, in kwalificaties,<a href=\"https:\/\/www.italpassion.fr\/nl\/wedstrijd\/formule-1\/\"> McLaren versloeg Ferrari met bijna zeven tienden<\/a>. <\/strong>Hoe kan deze tegenslag worden verklaard? Een nauwgezette analyse van de telemetrie werpt licht op de situatie en onthult waarom de SF-25 tot stilstand kwam.<\/p>\n\n\n\n<h2 class=\"wp-block-heading\">Verlies van prestaties door last-minute wijzigingen?<\/h2>\n\n\n\n<p>Oplettende waarnemers hadden de opmerkingen van Charles Leclerc al opgemerkt:<strong> moest het team uit Maranello kort voor de kwalificatiesessie een wijziging aan de SF-25 doorvoeren.<\/strong> Deze technische beslissing heeft ons blijkbaar pure prestaties gekost. Maar waar en hoe is dit verlies terug te zien op de baan?<\/p>\n\n\n\n<figure class=\"wp-block-image size-large\"><img loading=\"lazy\" decoding=\"async\" width=\"1024\" height=\"576\" src=\"https:\/\/www.italpassion.fr\/wp-content\/uploads\/2025\/03\/telemetrie-ferrari-mclaren-1024x576.jpeg\" alt=\"\" class=\"wp-image-37225\" srcset=\"https:\/\/www.italpassion.fr\/wp-content\/uploads\/2025\/03\/telemetrie-ferrari-mclaren-1024x576.jpeg 1024w, https:\/\/www.italpassion.fr\/wp-content\/uploads\/2025\/03\/telemetrie-ferrari-mclaren-300x169.jpeg 300w, https:\/\/www.italpassion.fr\/wp-content\/uploads\/2025\/03\/telemetrie-ferrari-mclaren-768x432.jpeg 768w, https:\/\/www.italpassion.fr\/wp-content\/uploads\/2025\/03\/telemetrie-ferrari-mclaren-18x10.jpeg 18w, https:\/\/www.italpassion.fr\/wp-content\/uploads\/2025\/03\/telemetrie-ferrari-mclaren-192x108.jpeg 192w, https:\/\/www.italpassion.fr\/wp-content\/uploads\/2025\/03\/telemetrie-ferrari-mclaren-384x216.jpeg 384w, https:\/\/www.italpassion.fr\/wp-content\/uploads\/2025\/03\/telemetrie-ferrari-mclaren-364x205.jpeg 364w, https:\/\/www.italpassion.fr\/wp-content\/uploads\/2025\/03\/telemetrie-ferrari-mclaren-728x409.jpeg 728w, https:\/\/www.italpassion.fr\/wp-content\/uploads\/2025\/03\/telemetrie-ferrari-mclaren-561x316.jpeg 561w, https:\/\/www.italpassion.fr\/wp-content\/uploads\/2025\/03\/telemetrie-ferrari-mclaren-1122x631.jpeg 1122w, https:\/\/www.italpassion.fr\/wp-content\/uploads\/2025\/03\/telemetrie-ferrari-mclaren-265x149.jpeg 265w, https:\/\/www.italpassion.fr\/wp-content\/uploads\/2025\/03\/telemetrie-ferrari-mclaren-531x299.jpeg 531w, https:\/\/www.italpassion.fr\/wp-content\/uploads\/2025\/03\/telemetrie-ferrari-mclaren-608x342.jpeg 608w, https:\/\/www.italpassion.fr\/wp-content\/uploads\/2025\/03\/telemetrie-ferrari-mclaren-758x426.jpeg 758w, https:\/\/www.italpassion.fr\/wp-content\/uploads\/2025\/03\/telemetrie-ferrari-mclaren-1152x648.jpeg 1152w, https:\/\/www.italpassion.fr\/wp-content\/uploads\/2025\/03\/telemetrie-ferrari-mclaren.jpeg 1280w\" sizes=\"auto, (max-width: 1024px) 100vw, 1024px\" \/><figcaption class=\"wp-element-caption\">Bron F1ingenerale<\/figcaption><\/figure>\n\n\n\n<p>Op het eerste gezicht zou je kunnen denken dat <a href=\"https:\/\/www.italpassion.fr\/nl\/tag\/scuderia-ferrari\/\">Scuderia Ferrari<\/a> gebrek aan vermogen of a\u00ebrodynamische effici\u00ebntie in een rechte lijn. Toch laat de telemetrie precies het tegenovergestelde zien. Op de eerste twee rechte stukken van het circuit haalde Leclerc zelfs een topsnelheid die iets hoger lag dan die van Lando Norris (tot 2 km\/u meer). Ook tijdens de remfases duwde de Monegaskische coureur zijn remzones verder naar achteren, wat laat zien dat hij probeerde tijd goed te maken bij het ingaan van de bocht.<\/p>\n\n\n\n<p><strong>In de bochten bleek de McLaren echter duidelijk superieur.<\/strong> Telemetrie onthulde hogere minimumsnelheden en betere tractie voor de Papaya eenzitter. De SF-25 heeft te weinig grip in het midden van bochten, een tekortkoming die nog wordt verergerd door de slechte balans. Daarom koos Leclerc voor een meer V-vormige baan, waarbij hij laat remde om te proberen de lagere bochtensnelheid te compenseren. Deze strategie was niet nodig in de vrije training, toen de Ferrari profiteerde van betere aerodynamische ondersteuning en een stabielere balans.<\/p>\n\n\n\n<p>Bij het opnieuw accelereren herhaalde het patroon zich: de bocht van McLaren 'klom' sneller, wat de superieure tractie weerspiegelde. Ferrari slaagde erin om het gat aan het einde van het rechte stuk iets te dichten, maar het voordeel van McLaren aan het einde van de bocht bleef doorslaggevend.<\/p>\n\n\n\n<h2 class=\"wp-block-heading\">Een aerodynamisch tekort om te overwinnen<\/h2>\n\n\n\n<p>Ondanks het bevredigende motorvermogen en de bewezen effici\u00ebntie op rechte stukken,<strong> De SF-25 heeft te kampen met een gebrek aan downforce en stabiliteit, wat ten koste gaat van zijn bochtensnelheid en tractie bij het uitkomen van bochten. <\/strong>De aanpassingen aan de Ferrari v\u00f3\u00f3r de kwalificatie accentueerden deze problemen, waardoor McLaren in Melbourne duidelijk in het voordeel was. Het valt nog te bezien of het team uit Maranello deze zwakke punten snel kan verhelpen en weer competitief kan worden, passend bij de ambities voor de rest van het kampioenschap.<\/p>","protected":false},"excerpt":{"rendered":"","protected":false},"author":1,"featured_media":37226,"comment_status":"open","ping_status":"open","sticky":false,"template":"","format":"standard","meta":{"_acf_changed":false,"_sitemap_exclude":false,"_sitemap_priority":"","_sitemap_frequency":"","footnotes":""},"categories":[328,323],"tags":[370],"class_list":["post-37224","post","type-post","status-publish","format-standard","has-post-thumbnail","hentry","category-formule-1","category-competition","tag-scuderia-ferrari","generate-columns","tablet-grid-50","mobile-grid-100","grid-parent","grid-33"],"acf":[],"yoast_head":"<!-- This site is optimized with the Yoast SEO plugin v25.8 - https:\/\/yoast.com\/wordpress\/plugins\/seo\/ -->\n<title>F1 : qualification Ferrari vs McLaren, ce que les donn\u00e9es de t\u00e9l\u00e9m\u00e9trie r\u00e9v\u00e8lent sur la SF-25 - ItalPassion<\/title>\n<meta name=\"description\" content=\"La saison de Formule 1 d\u00e9bute \u00e0 peine, \u00e0 l\u2019occasion du Grand Prix d\u2019Australie, et tous les regards sont sont d\u00e9j\u00e0 tourn\u00e9s sur la lutte entre Ferrari et\" \/>\n<meta name=\"robots\" content=\"index, follow, max-snippet:-1, max-image-preview:large, max-video-preview:-1\" \/>\n<link rel=\"canonical\" href=\"https:\/\/www.italpassion.fr\/nl\/wedstrijd\/formule-1\/f1-kwalificatie-ferrari-vs-mclaren-wat-telemetriegegevens-onthullen-over-de-sf-25\/\" \/>\n<meta property=\"og:locale\" content=\"nl_NL\" \/>\n<meta property=\"og:type\" content=\"article\" \/>\n<meta property=\"og:title\" content=\"F1 : qualification Ferrari vs McLaren, ce que les donn\u00e9es de t\u00e9l\u00e9m\u00e9trie r\u00e9v\u00e8lent sur la SF-25 - ItalPassion\" \/>\n<meta property=\"og:description\" content=\"La saison de Formule 1 d\u00e9bute \u00e0 peine, \u00e0 l\u2019occasion du Grand Prix d\u2019Australie, et tous les regards sont sont d\u00e9j\u00e0 tourn\u00e9s sur la lutte entre Ferrari et\" \/>\n<meta property=\"og:url\" content=\"https:\/\/www.italpassion.fr\/nl\/wedstrijd\/formule-1\/f1-kwalificatie-ferrari-vs-mclaren-wat-telemetriegegevens-onthullen-over-de-sf-25\/\" \/>\n<meta property=\"og:site_name\" content=\"ItalPassion\" \/>\n<meta property=\"article:publisher\" content=\"https:\/\/www.facebook.com\/italpassion\" \/>\n<meta property=\"article:published_time\" content=\"2025-03-15T14:23:42+00:00\" \/>\n<meta property=\"article:modified_time\" content=\"2025-03-15T14:23:44+00:00\" \/>\n<meta property=\"og:image\" content=\"https:\/\/www.italpassion.fr\/wp-content\/uploads\/2025\/03\/telemetrie-ferrari.jpg\" \/>\n\t<meta property=\"og:image:width\" content=\"1200\" \/>\n\t<meta property=\"og:image:height\" content=\"800\" \/>\n\t<meta property=\"og:image:type\" content=\"image\/jpeg\" \/>\n<meta name=\"author\" content=\"Alexandre Filluzeau\" \/>\n<meta name=\"twitter:card\" content=\"summary_large_image\" \/>\n<meta name=\"twitter:creator\" content=\"@italpassion\" \/>\n<meta name=\"twitter:site\" content=\"@italpassion\" \/>\n<script type=\"application\/ld+json\" class=\"yoast-schema-graph\">{\"@context\":\"https:\/\/schema.org\",\"@graph\":[{\"@type\":\"NewsArticle\",\"@id\":\"https:\/\/www.italpassion.fr\/nl\/competition\/formule-1\/f1-qualification-ferrari-vs-mclaren-ce-que-les-donnees-de-telemetrie-revelent-sur-la-sf-25\/#article\",\"isPartOf\":{\"@id\":\"https:\/\/www.italpassion.fr\/nl\/competition\/formule-1\/f1-qualification-ferrari-vs-mclaren-ce-que-les-donnees-de-telemetrie-revelent-sur-la-sf-25\/\"},\"author\":{\"name\":\"Alexandre Filluzeau\",\"@id\":\"https:\/\/www.italpassion.fr\/nl\/#\/schema\/person\/36f747b2a759ca202d847e85a9434ca0\"},\"headline\":\"F1 : qualification Ferrari vs McLaren, ce que les donn\u00e9es de t\u00e9l\u00e9m\u00e9trie r\u00e9v\u00e8lent sur la SF-25\",\"datePublished\":\"2025-03-15T14:23:42+00:00\",\"dateModified\":\"2025-03-15T14:23:44+00:00\",\"mainEntityOfPage\":{\"@id\":\"https:\/\/www.italpassion.fr\/nl\/competition\/formule-1\/f1-qualification-ferrari-vs-mclaren-ce-que-les-donnees-de-telemetrie-revelent-sur-la-sf-25\/\"},\"wordCount\":524,\"commentCount\":0,\"publisher\":{\"@id\":\"https:\/\/www.italpassion.fr\/nl\/#organization\"},\"image\":{\"@id\":\"https:\/\/www.italpassion.fr\/nl\/competition\/formule-1\/f1-qualification-ferrari-vs-mclaren-ce-que-les-donnees-de-telemetrie-revelent-sur-la-sf-25\/#primaryimage\"},\"thumbnailUrl\":\"https:\/\/www.italpassion.fr\/wp-content\/uploads\/2025\/03\/telemetrie-ferrari.jpg\",\"keywords\":[\"Scuderia Ferrari\"],\"articleSection\":[\"Formule 1\",\"Sport Auto\"],\"inLanguage\":\"nl-NL\",\"potentialAction\":[{\"@type\":\"CommentAction\",\"name\":\"Comment\",\"target\":[\"https:\/\/www.italpassion.fr\/nl\/competition\/formule-1\/f1-qualification-ferrari-vs-mclaren-ce-que-les-donnees-de-telemetrie-revelent-sur-la-sf-25\/#respond\"]}]},{\"@type\":\"WebPage\",\"@id\":\"https:\/\/www.italpassion.fr\/nl\/competition\/formule-1\/f1-qualification-ferrari-vs-mclaren-ce-que-les-donnees-de-telemetrie-revelent-sur-la-sf-25\/\",\"url\":\"https:\/\/www.italpassion.fr\/nl\/competition\/formule-1\/f1-qualification-ferrari-vs-mclaren-ce-que-les-donnees-de-telemetrie-revelent-sur-la-sf-25\/\",\"name\":\"F1 : qualification Ferrari vs McLaren, ce que les donn\u00e9es de t\u00e9l\u00e9m\u00e9trie r\u00e9v\u00e8lent sur la SF-25 - ItalPassion\",\"isPartOf\":{\"@id\":\"https:\/\/www.italpassion.fr\/nl\/#website\"},\"primaryImageOfPage\":{\"@id\":\"https:\/\/www.italpassion.fr\/nl\/competition\/formule-1\/f1-qualification-ferrari-vs-mclaren-ce-que-les-donnees-de-telemetrie-revelent-sur-la-sf-25\/#primaryimage\"},\"image\":{\"@id\":\"https:\/\/www.italpassion.fr\/nl\/competition\/formule-1\/f1-qualification-ferrari-vs-mclaren-ce-que-les-donnees-de-telemetrie-revelent-sur-la-sf-25\/#primaryimage\"},\"thumbnailUrl\":\"https:\/\/www.italpassion.fr\/wp-content\/uploads\/2025\/03\/telemetrie-ferrari.jpg\",\"datePublished\":\"2025-03-15T14:23:42+00:00\",\"dateModified\":\"2025-03-15T14:23:44+00:00\",\"description\":\"La saison de Formule 1 d\u00e9bute \u00e0 peine, \u00e0 l\u2019occasion du Grand Prix d\u2019Australie, et tous les regards sont sont d\u00e9j\u00e0 tourn\u00e9s sur la lutte entre Ferrari et\",\"breadcrumb\":{\"@id\":\"https:\/\/www.italpassion.fr\/nl\/competition\/formule-1\/f1-qualification-ferrari-vs-mclaren-ce-que-les-donnees-de-telemetrie-revelent-sur-la-sf-25\/#breadcrumb\"},\"inLanguage\":\"nl-NL\",\"potentialAction\":[{\"@type\":\"ReadAction\",\"target\":[\"https:\/\/www.italpassion.fr\/nl\/competition\/formule-1\/f1-qualification-ferrari-vs-mclaren-ce-que-les-donnees-de-telemetrie-revelent-sur-la-sf-25\/\"]}]},{\"@type\":\"ImageObject\",\"inLanguage\":\"nl-NL\",\"@id\":\"https:\/\/www.italpassion.fr\/nl\/competition\/formule-1\/f1-qualification-ferrari-vs-mclaren-ce-que-les-donnees-de-telemetrie-revelent-sur-la-sf-25\/#primaryimage\",\"url\":\"https:\/\/www.italpassion.fr\/wp-content\/uploads\/2025\/03\/telemetrie-ferrari.jpg\",\"contentUrl\":\"https:\/\/www.italpassion.fr\/wp-content\/uploads\/2025\/03\/telemetrie-ferrari.jpg\",\"width\":1200,\"height\":800},{\"@type\":\"BreadcrumbList\",\"@id\":\"https:\/\/www.italpassion.fr\/nl\/competition\/formule-1\/f1-qualification-ferrari-vs-mclaren-ce-que-les-donnees-de-telemetrie-revelent-sur-la-sf-25\/#breadcrumb\",\"itemListElement\":[{\"@type\":\"ListItem\",\"position\":1,\"name\":\"Accueil\",\"item\":\"https:\/\/www.italpassion.fr\/nl\/\"},{\"@type\":\"ListItem\",\"position\":2,\"name\":\"F1 : qualification Ferrari vs McLaren, ce que les donn\u00e9es de t\u00e9l\u00e9m\u00e9trie r\u00e9v\u00e8lent sur la SF-25\"}]},{\"@type\":\"WebSite\",\"@id\":\"https:\/\/www.italpassion.fr\/nl\/#website\",\"url\":\"https:\/\/www.italpassion.fr\/nl\/\",\"name\":\"ItalPassion\",\"description\":\"Les Passionn\u00e9s d&#039;Automobiles Italiennes\",\"publisher\":{\"@id\":\"https:\/\/www.italpassion.fr\/nl\/#organization\"},\"potentialAction\":[{\"@type\":\"SearchAction\",\"target\":{\"@type\":\"EntryPoint\",\"urlTemplate\":\"https:\/\/www.italpassion.fr\/nl\/?s={search_term_string}\"},\"query-input\":{\"@type\":\"PropertyValueSpecification\",\"valueRequired\":true,\"valueName\":\"search_term_string\"}}],\"inLanguage\":\"nl-NL\"},{\"@type\":\"Organization\",\"@id\":\"https:\/\/www.italpassion.fr\/nl\/#organization\",\"name\":\"Italpassion\",\"url\":\"https:\/\/www.italpassion.fr\/nl\/\",\"logo\":{\"@type\":\"ImageObject\",\"inLanguage\":\"nl-NL\",\"@id\":\"https:\/\/www.italpassion.fr\/nl\/#\/schema\/logo\/image\/\",\"url\":\"https:\/\/www.italpassion.fr\/wp-content\/uploads\/2023\/07\/italpassion-yoast.jpg\",\"contentUrl\":\"https:\/\/www.italpassion.fr\/wp-content\/uploads\/2023\/07\/italpassion-yoast.jpg\",\"width\":696,\"height\":696,\"caption\":\"Italpassion\"},\"image\":{\"@id\":\"https:\/\/www.italpassion.fr\/nl\/#\/schema\/logo\/image\/\"},\"sameAs\":[\"https:\/\/www.facebook.com\/italpassion\",\"https:\/\/x.com\/italpassion\",\"https:\/\/www.instagram.com\/italpassionfr\/\",\"https:\/\/www.youtube.com\/channel\/UCleq-ByQaA42OjhopwevRjQ\",\"https:\/\/www.facebook.com\/italpassion.en\/\",\"https:\/\/www.facebook.com\/italpassion.it\/\",\"https:\/\/www.facebook.com\/italpassion.de\/\",\"https:\/\/www.facebook.com\/italpassion.ja\/\"]},{\"@type\":\"Person\",\"@id\":\"https:\/\/www.italpassion.fr\/nl\/#\/schema\/person\/36f747b2a759ca202d847e85a9434ca0\",\"name\":\"Alexandre Filluzeau\",\"image\":{\"@type\":\"ImageObject\",\"inLanguage\":\"nl-NL\",\"@id\":\"https:\/\/www.italpassion.fr\/nl\/#\/schema\/person\/image\/\",\"url\":\"https:\/\/www.italpassion.fr\/wp-content\/uploads\/2025\/04\/avatar-alexandre-160x160.jpg\",\"contentUrl\":\"https:\/\/www.italpassion.fr\/wp-content\/uploads\/2025\/04\/avatar-alexandre-160x160.jpg\",\"caption\":\"Alexandre Filluzeau\"},\"description\":\"Fondateur du site ItalPassion, passionn\u00e9 de voitures italiennes et de l'Italie en g\u00e9n\u00e9ral. J'apporte un regard critique et technique aux actualit\u00e9s des marques italiennes quand cela est possible. Propri\u00e9taire d'une Maserati GranTurismo, Alfa Romeo MiTo, Lancia Fulvia et Ducati 695. Ex-propri\u00e9taire d'une Alfa Romeo Giulia.\",\"sameAs\":[\"https:\/\/www.italpassion.fr\/\"],\"url\":\"https:\/\/www.italpassion.fr\/nl\/author\/alexandre\/\"}]}<\/script>\n<!-- \/ Yoast SEO plugin. -->","yoast_head_json":{"title":"F1: kwalificatie Ferrari vs McLaren, wat telemetriegegevens onthullen over de SF-25 - ItalPassion","description":"Het Formule 1-seizoen is nog maar net begonnen, met de Grand Prix van Australi\u00eb, en alle ogen zijn al gericht op de strijd tussen Ferrari en","robots":{"index":"index","follow":"follow","max-snippet":"max-snippet:-1","max-image-preview":"max-image-preview:large","max-video-preview":"max-video-preview:-1"},"canonical":"https:\/\/www.italpassion.fr\/nl\/wedstrijd\/formule-1\/f1-kwalificatie-ferrari-vs-mclaren-wat-telemetriegegevens-onthullen-over-de-sf-25\/","og_locale":"nl_NL","og_type":"article","og_title":"F1 : qualification Ferrari vs McLaren, ce que les donn\u00e9es de t\u00e9l\u00e9m\u00e9trie r\u00e9v\u00e8lent sur la SF-25 - ItalPassion","og_description":"La saison de Formule 1 d\u00e9bute \u00e0 peine, \u00e0 l\u2019occasion du Grand Prix d\u2019Australie, et tous les regards sont sont d\u00e9j\u00e0 tourn\u00e9s sur la lutte entre Ferrari et","og_url":"https:\/\/www.italpassion.fr\/nl\/wedstrijd\/formule-1\/f1-kwalificatie-ferrari-vs-mclaren-wat-telemetriegegevens-onthullen-over-de-sf-25\/","og_site_name":"ItalPassion","article_publisher":"https:\/\/www.facebook.com\/italpassion","article_published_time":"2025-03-15T14:23:42+00:00","article_modified_time":"2025-03-15T14:23:44+00:00","og_image":[{"width":1200,"height":800,"url":"https:\/\/www.italpassion.fr\/wp-content\/uploads\/2025\/03\/telemetrie-ferrari.jpg","type":"image\/jpeg"}],"author":"Alexandre Filluzeau","twitter_card":"summary_large_image","twitter_creator":"@italpassion","twitter_site":"@italpassion","schema":{"@context":"https:\/\/schema.org","@graph":[{"@type":"NewsArticle","@id":"https:\/\/www.italpassion.fr\/nl\/competition\/formule-1\/f1-qualification-ferrari-vs-mclaren-ce-que-les-donnees-de-telemetrie-revelent-sur-la-sf-25\/#article","isPartOf":{"@id":"https:\/\/www.italpassion.fr\/nl\/competition\/formule-1\/f1-qualification-ferrari-vs-mclaren-ce-que-les-donnees-de-telemetrie-revelent-sur-la-sf-25\/"},"author":{"name":"Alexandre Filluzeau","@id":"https:\/\/www.italpassion.fr\/nl\/#\/schema\/person\/36f747b2a759ca202d847e85a9434ca0"},"headline":"F1 : qualification Ferrari vs McLaren, ce que les donn\u00e9es de t\u00e9l\u00e9m\u00e9trie r\u00e9v\u00e8lent sur la SF-25","datePublished":"2025-03-15T14:23:42+00:00","dateModified":"2025-03-15T14:23:44+00:00","mainEntityOfPage":{"@id":"https:\/\/www.italpassion.fr\/nl\/competition\/formule-1\/f1-qualification-ferrari-vs-mclaren-ce-que-les-donnees-de-telemetrie-revelent-sur-la-sf-25\/"},"wordCount":524,"commentCount":0,"publisher":{"@id":"https:\/\/www.italpassion.fr\/nl\/#organization"},"image":{"@id":"https:\/\/www.italpassion.fr\/nl\/competition\/formule-1\/f1-qualification-ferrari-vs-mclaren-ce-que-les-donnees-de-telemetrie-revelent-sur-la-sf-25\/#primaryimage"},"thumbnailUrl":"https:\/\/www.italpassion.fr\/wp-content\/uploads\/2025\/03\/telemetrie-ferrari.jpg","keywords":["Scuderia Ferrari"],"articleSection":["Formule 1","Sport Auto"],"inLanguage":"nl-NL","potentialAction":[{"@type":"CommentAction","name":"Comment","target":["https:\/\/www.italpassion.fr\/nl\/competition\/formule-1\/f1-qualification-ferrari-vs-mclaren-ce-que-les-donnees-de-telemetrie-revelent-sur-la-sf-25\/#respond"]}]},{"@type":"WebPage","@id":"https:\/\/www.italpassion.fr\/nl\/competition\/formule-1\/f1-qualification-ferrari-vs-mclaren-ce-que-les-donnees-de-telemetrie-revelent-sur-la-sf-25\/","url":"https:\/\/www.italpassion.fr\/nl\/competition\/formule-1\/f1-qualification-ferrari-vs-mclaren-ce-que-les-donnees-de-telemetrie-revelent-sur-la-sf-25\/","name":"F1: kwalificatie Ferrari vs McLaren, wat telemetriegegevens onthullen over de SF-25 - ItalPassion","isPartOf":{"@id":"https:\/\/www.italpassion.fr\/nl\/#website"},"primaryImageOfPage":{"@id":"https:\/\/www.italpassion.fr\/nl\/competition\/formule-1\/f1-qualification-ferrari-vs-mclaren-ce-que-les-donnees-de-telemetrie-revelent-sur-la-sf-25\/#primaryimage"},"image":{"@id":"https:\/\/www.italpassion.fr\/nl\/competition\/formule-1\/f1-qualification-ferrari-vs-mclaren-ce-que-les-donnees-de-telemetrie-revelent-sur-la-sf-25\/#primaryimage"},"thumbnailUrl":"https:\/\/www.italpassion.fr\/wp-content\/uploads\/2025\/03\/telemetrie-ferrari.jpg","datePublished":"2025-03-15T14:23:42+00:00","dateModified":"2025-03-15T14:23:44+00:00","description":"Het Formule 1-seizoen is nog maar net begonnen, met de Grand Prix van Australi\u00eb, en alle ogen zijn al gericht op de strijd tussen Ferrari en","breadcrumb":{"@id":"https:\/\/www.italpassion.fr\/nl\/competition\/formule-1\/f1-qualification-ferrari-vs-mclaren-ce-que-les-donnees-de-telemetrie-revelent-sur-la-sf-25\/#breadcrumb"},"inLanguage":"nl-NL","potentialAction":[{"@type":"ReadAction","target":["https:\/\/www.italpassion.fr\/nl\/competition\/formule-1\/f1-qualification-ferrari-vs-mclaren-ce-que-les-donnees-de-telemetrie-revelent-sur-la-sf-25\/"]}]},{"@type":"ImageObject","inLanguage":"nl-NL","@id":"https:\/\/www.italpassion.fr\/nl\/competition\/formule-1\/f1-qualification-ferrari-vs-mclaren-ce-que-les-donnees-de-telemetrie-revelent-sur-la-sf-25\/#primaryimage","url":"https:\/\/www.italpassion.fr\/wp-content\/uploads\/2025\/03\/telemetrie-ferrari.jpg","contentUrl":"https:\/\/www.italpassion.fr\/wp-content\/uploads\/2025\/03\/telemetrie-ferrari.jpg","width":1200,"height":800},{"@type":"BreadcrumbList","@id":"https:\/\/www.italpassion.fr\/nl\/competition\/formule-1\/f1-qualification-ferrari-vs-mclaren-ce-que-les-donnees-de-telemetrie-revelent-sur-la-sf-25\/#breadcrumb","itemListElement":[{"@type":"ListItem","position":1,"name":"Accueil","item":"https:\/\/www.italpassion.fr\/nl\/"},{"@type":"ListItem","position":2,"name":"F1 : qualification Ferrari vs McLaren, ce que les donn\u00e9es de t\u00e9l\u00e9m\u00e9trie r\u00e9v\u00e8lent sur la SF-25"}]},{"@type":"WebSite","@id":"https:\/\/www.italpassion.fr\/nl\/#website","url":"https:\/\/www.italpassion.fr\/nl\/","name":"ItalPassion","description":"Italiaanse autoliefhebbers","publisher":{"@id":"https:\/\/www.italpassion.fr\/nl\/#organization"},"potentialAction":[{"@type":"SearchAction","target":{"@type":"EntryPoint","urlTemplate":"https:\/\/www.italpassion.fr\/nl\/?s={search_term_string}"},"query-input":{"@type":"PropertyValueSpecification","valueRequired":true,"valueName":"search_term_string"}}],"inLanguage":"nl-NL"},{"@type":"Organization","@id":"https:\/\/www.italpassion.fr\/nl\/#organization","name":"Italpassion","url":"https:\/\/www.italpassion.fr\/nl\/","logo":{"@type":"ImageObject","inLanguage":"nl-NL","@id":"https:\/\/www.italpassion.fr\/nl\/#\/schema\/logo\/image\/","url":"https:\/\/www.italpassion.fr\/wp-content\/uploads\/2023\/07\/italpassion-yoast.jpg","contentUrl":"https:\/\/www.italpassion.fr\/wp-content\/uploads\/2023\/07\/italpassion-yoast.jpg","width":696,"height":696,"caption":"Italpassion"},"image":{"@id":"https:\/\/www.italpassion.fr\/nl\/#\/schema\/logo\/image\/"},"sameAs":["https:\/\/www.facebook.com\/italpassion","https:\/\/x.com\/italpassion","https:\/\/www.instagram.com\/italpassionfr\/","https:\/\/www.youtube.com\/channel\/UCleq-ByQaA42OjhopwevRjQ","https:\/\/www.facebook.com\/italpassion.en\/","https:\/\/www.facebook.com\/italpassion.it\/","https:\/\/www.facebook.com\/italpassion.de\/","https:\/\/www.facebook.com\/italpassion.ja\/"]},{"@type":"Person","@id":"https:\/\/www.italpassion.fr\/nl\/#\/schema\/person\/36f747b2a759ca202d847e85a9434ca0","name":"Alexandre Filluzeau","image":{"@type":"ImageObject","inLanguage":"nl-NL","@id":"https:\/\/www.italpassion.fr\/nl\/#\/schema\/person\/image\/","url":"https:\/\/www.italpassion.fr\/wp-content\/uploads\/2025\/04\/avatar-alexandre-160x160.jpg","contentUrl":"https:\/\/www.italpassion.fr\/wp-content\/uploads\/2025\/04\/avatar-alexandre-160x160.jpg","caption":"Alexandre Filluzeau"},"description":"Oprichter van de website ItalPassion, gepassioneerd door Italiaanse auto's en Itali\u00eb in het algemeen. Waar mogelijk breng ik een kritisch en technisch oog naar nieuws over Italiaanse merken. Eigenaar van een Maserati GranTurismo, Alfa Romeo MiTo, Lancia Fulvia en Ducati 695. Ex-eigenaar van een Alfa Romeo Giulia.","sameAs":["https:\/\/www.italpassion.fr\/"],"url":"https:\/\/www.italpassion.fr\/nl\/author\/alexandre\/"}]}},"_links":{"self":[{"href":"https:\/\/www.italpassion.fr\/nl\/wp-json\/wp\/v2\/posts\/37224","targetHints":{"allow":["GET"]}}],"collection":[{"href":"https:\/\/www.italpassion.fr\/nl\/wp-json\/wp\/v2\/posts"}],"about":[{"href":"https:\/\/www.italpassion.fr\/nl\/wp-json\/wp\/v2\/types\/post"}],"author":[{"embeddable":true,"href":"https:\/\/www.italpassion.fr\/nl\/wp-json\/wp\/v2\/users\/1"}],"replies":[{"embeddable":true,"href":"https:\/\/www.italpassion.fr\/nl\/wp-json\/wp\/v2\/comments?post=37224"}],"version-history":[{"count":1,"href":"https:\/\/www.italpassion.fr\/nl\/wp-json\/wp\/v2\/posts\/37224\/revisions"}],"predecessor-version":[{"id":37227,"href":"https:\/\/www.italpassion.fr\/nl\/wp-json\/wp\/v2\/posts\/37224\/revisions\/37227"}],"wp:featuredmedia":[{"embeddable":true,"href":"https:\/\/www.italpassion.fr\/nl\/wp-json\/wp\/v2\/media\/37226"}],"wp:attachment":[{"href":"https:\/\/www.italpassion.fr\/nl\/wp-json\/wp\/v2\/media?parent=37224"}],"wp:term":[{"taxonomy":"category","embeddable":true,"href":"https:\/\/www.italpassion.fr\/nl\/wp-json\/wp\/v2\/categories?post=37224"},{"taxonomy":"post_tag","embeddable":true,"href":"https:\/\/www.italpassion.fr\/nl\/wp-json\/wp\/v2\/tags?post=37224"}],"curies":[{"name":"wp","href":"https:\/\/api.w.org\/{rel}","templated":true}]}}