{"id":37220,"date":"2025-03-15T14:44:04","date_gmt":"2025-03-15T13:44:04","guid":{"rendered":"https:\/\/www.italpassion.fr\/?p=37220"},"modified":"2025-03-15T14:44:06","modified_gmt":"2025-03-15T13:44:06","slug":"f1-fred-charles-en-lewis-verklaren-ferraris-teleurstellende-kwalificatie","status":"publish","type":"post","link":"https:\/\/www.italpassion.fr\/nl\/competition\/formule-1\/f1-fred-charles-et-lewis-expliquent-la-qualification-decevante-de-ferrari\/","title":{"rendered":"F1: Fred, Charles en Lewis verklaren Ferrari's teleurstellende kwalificatie"},"content":{"rendered":"<figure class=\"wp-block-image size-large\"><img loading=\"lazy\" decoding=\"async\" width=\"1024\" height=\"683\" src=\"https:\/\/www.italpassion.fr\/wp-content\/uploads\/2025\/03\/scuderia-ferrari-australie-1024x683.jpg\" alt=\"\" class=\"wp-image-37221\" srcset=\"https:\/\/www.italpassion.fr\/wp-content\/uploads\/2025\/03\/scuderia-ferrari-australie-1024x683.jpg 1024w, https:\/\/www.italpassion.fr\/wp-content\/uploads\/2025\/03\/scuderia-ferrari-australie-300x200.jpg 300w, https:\/\/www.italpassion.fr\/wp-content\/uploads\/2025\/03\/scuderia-ferrari-australie-768x512.jpg 768w, https:\/\/www.italpassion.fr\/wp-content\/uploads\/2025\/03\/scuderia-ferrari-australie-18x12.jpg 18w, https:\/\/www.italpassion.fr\/wp-content\/uploads\/2025\/03\/scuderia-ferrari-australie-561x374.jpg 561w, https:\/\/www.italpassion.fr\/wp-content\/uploads\/2025\/03\/scuderia-ferrari-australie-1122x748.jpg 1122w, https:\/\/www.italpassion.fr\/wp-content\/uploads\/2025\/03\/scuderia-ferrari-australie-265x177.jpg 265w, https:\/\/www.italpassion.fr\/wp-content\/uploads\/2025\/03\/scuderia-ferrari-australie-531x354.jpg 531w, https:\/\/www.italpassion.fr\/wp-content\/uploads\/2025\/03\/scuderia-ferrari-australie-364x243.jpg 364w, https:\/\/www.italpassion.fr\/wp-content\/uploads\/2025\/03\/scuderia-ferrari-australie-728x485.jpg 728w, https:\/\/www.italpassion.fr\/wp-content\/uploads\/2025\/03\/scuderia-ferrari-australie-608x405.jpg 608w, https:\/\/www.italpassion.fr\/wp-content\/uploads\/2025\/03\/scuderia-ferrari-australie-758x505.jpg 758w, https:\/\/www.italpassion.fr\/wp-content\/uploads\/2025\/03\/scuderia-ferrari-australie-1152x768.jpg 1152w, https:\/\/www.italpassion.fr\/wp-content\/uploads\/2025\/03\/scuderia-ferrari-australie.jpg 1200w\" sizes=\"auto, (max-width: 1024px) 100vw, 1024px\" \/><figcaption class=\"wp-element-caption\">Foto Ferrari<\/figcaption><\/figure>\n\n\n\n<p><strong>De start van het seizoen 2025 van <a href=\"https:\/\/www.italpassion.fr\/nl\/wedstrijd\/formule-1\/\">Formule 1<\/a>op het circuit van Melbourne, werd met spanning afgewacht door de <a href=\"https:\/\/www.italpassion.fr\/nl\/tag\/scuderia-ferrari\/\">Scuderia Ferrari<\/a> en zijn coureurs Charles Leclerc en Lewis Hamilton.<\/strong> Na bemoedigende wintertests en <a href=\"https:\/\/www.italpassion.fr\/nl\/wedstrijd\/formule-1\/f1-ferrari-sf-25-vs-mclaren-mcl39-data-onthult-welke-auto-sneller-is\/\">een positieve eerste dag van de vrije training<\/a>Het Italiaanse team hoopte mee te kunnen doen in de strijd om poleposition. <strong>De SF-25 slaagde er in de kwalificatie echter niet in om te presteren, <\/strong>Hierdoor eindigde McLaren met een een-tweetje en werd Ferrari verbannen naar de vierde startrij. Fred Vasseur, Charles Leclerc en Lewis Hamilton keken terug op dit teleurstellende resultaat en probeerden de achterliggende redenen te verklaren.<\/p>\n\n\n\n<h2 class=\"wp-block-heading\">Fred Vasseur: \"Het seizoen wordt niet beslist door \u00e9\u00e9n kwalificatie\".<\/h2>\n\n\n\n<p><strong>De Scuderia Team Principal, <a href=\"https:\/\/www.italpassion.fr\/nl\/tag\/frederic-vasseur\/\">Fr\u00e9d\u00e9ric Vasseur<\/a>Hij maakte geen geheim van zijn teleurstelling na de kwalificatie.<\/strong> Ferrari had bijna zeven tienden achterstand op McLaren, een achterstand die volgens hem het potentieel van de SF-25 niet volledig weerspiegelt:<\/p>\n\n\n\n<blockquote class=\"wp-block-quote is-layout-flow wp-block-quote-is-layout-flow\"><svg aria-hidden=\"true\" focusable=\"false\" class=\"icon icon-quote\" width=\"48\" height=\"48\"><use xlink:href=\"#icon-quote\"><\/use><\/svg>\n<p>\" <em>In Q1 en Q2 zaten we dicht bij McLaren. Onze tijden waren niet spectaculair, maar we waren in de strijd. Daarna verloren we wat snelheid in Q3 en dat was jammer.<\/em> \"<\/p>\n<\/blockquote>\n\n\n\n<p>De Fransman herinnert ons er echter aan dat het seizoen nog maar net begonnen is en dat er nog niets verloren is:<\/p>\n\n\n\n<blockquote class=\"wp-block-quote is-layout-flow wp-block-quote-is-layout-flow\"><svg aria-hidden=\"true\" focusable=\"false\" class=\"icon icon-quote\" width=\"48\" height=\"48\"><use xlink:href=\"#icon-quote\"><\/use><\/svg>\n<p>\" <em>Het seizoen is nog niet voorbij; het is nog maar een kwalificatiesessie. Er is geen gat van zeven tienden tussen ons en McLaren. Het is eerder tussen \u00e9\u00e9n en drie tienden, zoals in alle sessies behalve Q3, waar we iets misten en de laatste ronde misten.<\/em> \"<\/p>\n<\/blockquote>\n\n\n\n<p>Fred Vasseur rekent er daarom op dat de race de zaken zal omdraaien. Hij wijst er ook op dat Ferrari een behoorlijk tempo liet zien tijdens de lange stints tijdens de vrije trainingen op vrijdag, wat hem hoop geeft, ook al zou de regen de situatie kunnen verstoren:<\/p>\n\n\n\n<blockquote class=\"wp-block-quote is-layout-flow wp-block-quote-is-layout-flow\"><svg aria-hidden=\"true\" focusable=\"false\" class=\"icon icon-quote\" width=\"48\" height=\"48\"><use xlink:href=\"#icon-quote\"><\/use><\/svg>\n<p>\" <em>Als je als zevende en achtste start, hoop je soms op een chaotische race en de regen kan daarbij helpen. Maar ik ben ervan overtuigd dat we zelfs in droge omstandigheden nog terrein kunnen goedmaken. We waren competitief in de lange stints.<\/em> \"<\/p>\n<\/blockquote>\n\n\n\n<h2 class=\"wp-block-heading\">Lewis Hamilton: \"Ik heb veel moeten aanpassen aan deze nieuwe auto\".<\/h2>\n\n\n\n<p><strong>Voor zijn komst naar Ferrari, <a href=\"https:\/\/www.italpassion.fr\/nl\/tag\/lewis-hamilton\/\">Lewis Hamilton<\/a> hoopte van start te gaan in haar eerste kwalificatiewedstrijd van het seizoen.<\/strong> Helaas bleek het leren rijden met de SF-25 ingewikkelder dan verwacht, zoals hij uitlegde aan de camera's van Sky Italia:<\/p>\n\n\n\n<blockquote class=\"wp-block-quote is-layout-flow wp-block-quote-is-layout-flow\"><svg aria-hidden=\"true\" focusable=\"false\" class=\"icon icon-quote\" width=\"48\" height=\"48\"><use xlink:href=\"#icon-quote\"><\/use><\/svg>\n<p>\" <em>Ik ben blij met de vooruitgang die we dit weekend hebben geboekt. We hebben de auto geoptimaliseerd en veel vooruitgang geboekt, maar ik was ver verwijderd van de koplopers omdat de auto zich heel anders gedraagt dan de Mercedes waar ik al jaren mee rijd. Het duurde even voordat ik me had aangepast en vertrouwen had gekregen.<\/em> \"<\/p>\n<\/blockquote>\n\n\n\n<p>De Engelsman wees in het bijzonder op de problemen bij het beheren van de balans van de SF-25 in de derde sector, waar Ferrari het bijzonder zwaar te verduren had:<\/p>\n\n\n\n<blockquote class=\"wp-block-quote is-layout-flow wp-block-quote-is-layout-flow\"><svg aria-hidden=\"true\" focusable=\"false\" class=\"icon icon-quote\" width=\"48\" height=\"48\"><use xlink:href=\"#icon-quote\"><\/use><\/svg>\n<p>\" <em>In Q3 had de bandentemperatuur een grote invloed. Bij de eerste poging, met versleten banden, ging alles goed tot aan de laatste bocht. Met nieuwe banden lag ik ook op schema, maar zodra de wind veranderde, daalde de temperatuur en veranderde de balans van de auto volledig.<\/em> \"<\/p>\n<\/blockquote>\n\n\n\n<p>Wat betreft de vooruitzichten voor de race blijft Lewis Hamilton vol vertrouwen:<\/p>\n\n\n\n<blockquote class=\"wp-block-quote is-layout-flow wp-block-quote-is-layout-flow\"><svg aria-hidden=\"true\" focusable=\"false\" class=\"icon icon-quote\" width=\"48\" height=\"48\"><use xlink:href=\"#icon-quote\"><\/use><\/svg>\n<p>\" <em>Voor morgen hebben we ruimte voor verbetering. Ik denk dat we beter kunnen presteren in raceomstandigheden en we zullen zien hoe het weer zich ontwikkelt.<\/em> \"<\/p>\n<\/blockquote>\n\n\n\n<h2 class=\"wp-block-heading\">Charles Leclerc: \"We wisten waarom we prestaties opofferden\".<\/h2>\n\n\n\n<p><strong>Al enkele seizoenen een grote hoop voor de Scuderia, <a href=\"https:\/\/www.italpassion.fr\/nl\/tag\/charles-leclerc\/\">Charles Leclerc<\/a> was een van de eersten die de SF-25 vrijdag liet schitteren.<\/strong> Maar de Monegask kwam in de slotfase van de kwalificatie in de problemen door een fout in zijn tweede run in Q3, waardoor hij zijn tijd niet kon verbeteren. Ondanks zijn teleurstelling benadrukt hij dat hij de redenen voor dit resultaat begrijpt:<\/p>\n\n\n\n<blockquote class=\"wp-block-quote is-layout-flow wp-block-quote-is-layout-flow\"><svg aria-hidden=\"true\" focusable=\"false\" class=\"icon icon-quote\" width=\"48\" height=\"48\"><use xlink:href=\"#icon-quote\"><\/use><\/svg>\n<p>\" <em>Over het algemeen hadden we niet dezelfde prestaties als gisteren. Ik denk dat ik weet waarom, maar je moet de gegevens analyseren. We hebben wat prestaties moeten inleveren. Dat is natuurlijk niet wat we willen, maar het was de juiste beslissing voor dit weekend.<\/em> \"<\/p>\n<\/blockquote>\n\n\n\n<p>Zou de regen die voor de race wordt voorspeld de sleutel kunnen zijn tot deze strategische keuze? Charles Leclerc zinspeelt hierop zonder al te veel te zeggen:<\/p>\n\n\n\n<blockquote class=\"wp-block-quote is-layout-flow wp-block-quote-is-layout-flow\"><svg aria-hidden=\"true\" focusable=\"false\" class=\"icon icon-quote\" width=\"48\" height=\"48\"><use xlink:href=\"#icon-quote\"><\/use><\/svg>\n<p>\" <em>De zevende en achtste zijn echt teleurstellend. Zelfs in het slechtste scenario had ik dat niet verwacht. Zoals ik al sinds het begin van het seizoen zeg, dit is slechts een startpunt, het is een lang seizoen. We moeten geen wonderen verwachten van de eerste race, maar eerder punten scoren en stap voor stap vooruitgang boeken. Ik ben ervan overtuigd dat deze auto potentie heeft, ook al zaten we vandaag niet in het juiste startvak.<\/em> \"<\/p>\n<\/blockquote>\n\n\n\n<p>Voor de race hoopt Leclerc, net als Vasseur en Hamilton, de trend te keren:<\/p>\n\n\n\n<blockquote class=\"wp-block-quote is-layout-flow wp-block-quote-is-layout-flow\"><svg aria-hidden=\"true\" focusable=\"false\" class=\"icon icon-quote\" width=\"48\" height=\"48\"><use xlink:href=\"#icon-quote\"><\/use><\/svg>\n<p>\" <em>Er zijn nogal wat onzekerheden voor morgen, maar ik ga zoals altijd alles geven. Ik zal proberen het best mogelijke resultaat te behalen.<\/em> \"<\/p>\n<\/blockquote>\n\n\n\n<h2 class=\"wp-block-heading\">Op weg naar een rematch in de race?<\/h2>\n\n\n\n<p><strong>Hoewel het Scuderia Ferrari-team erg teleurgesteld was over de matige kwalificatie, weigert het om op te geven.<\/strong> Met het onzekere weer, de vooruitgang die is geboekt tijdens de lange stints en de motivatie van de coureurs intact, heeft het team uit Maranello er alle vertrouwen in dat het terug zal komen in de race. De uitkomst van deze eerste Grand Prix van het seizoen belooft des te spannender te worden omdat McLaren een klap heeft uitgedeeld, wat bewijst dat de concurrentie het hele jaar zwaar zal zijn voor de Scuderia. Ferrari heeft daarom een tweeledige missie: zoveel mogelijk punten scoren en bewijzen dat de tegenslag in de kwalificatie slechts een incident was.<\/p>","protected":false},"excerpt":{"rendered":"","protected":false},"author":1,"featured_media":37221,"comment_status":"open","ping_status":"open","sticky":false,"template":"","format":"standard","meta":{"_acf_changed":false,"_sitemap_exclude":false,"_sitemap_priority":"","_sitemap_frequency":"","footnotes":""},"categories":[328,323],"tags":[346,397,370],"class_list":["post-37220","post","type-post","status-publish","format-standard","has-post-thumbnail","hentry","category-formule-1","category-competition","tag-charles-leclerc","tag-lewis-hamilton","tag-scuderia-ferrari","generate-columns","tablet-grid-50","mobile-grid-100","grid-parent","grid-33"],"acf":[],"yoast_head":"<!-- This site is optimized with the Yoast SEO plugin v25.8 - https:\/\/yoast.com\/wordpress\/plugins\/seo\/ -->\n<title>F1 : Fred, Charles et Lewis expliquent la qualification d\u00e9cevante de Ferrari - ItalPassion<\/title>\n<meta name=\"description\" content=\"Photo Ferrari Le d\u00e9but de la saison 2025 de Formule 1, sur le circuit de Melbourne, \u00e9tait tr\u00e8s attendu par la Scuderia Ferrari et ses pilotes Charles\" \/>\n<meta name=\"robots\" content=\"index, follow, max-snippet:-1, max-image-preview:large, max-video-preview:-1\" \/>\n<link rel=\"canonical\" href=\"https:\/\/www.italpassion.fr\/nl\/wedstrijd\/formule-1\/f1-fred-charles-en-lewis-verklaren-ferraris-teleurstellende-kwalificatie\/\" \/>\n<meta property=\"og:locale\" content=\"nl_NL\" \/>\n<meta property=\"og:type\" content=\"article\" \/>\n<meta property=\"og:title\" content=\"F1 : Fred, Charles et Lewis expliquent la qualification d\u00e9cevante de Ferrari - ItalPassion\" \/>\n<meta property=\"og:description\" content=\"Photo Ferrari Le d\u00e9but de la saison 2025 de Formule 1, sur le circuit de Melbourne, \u00e9tait tr\u00e8s attendu par la Scuderia Ferrari et ses pilotes Charles\" \/>\n<meta property=\"og:url\" content=\"https:\/\/www.italpassion.fr\/nl\/wedstrijd\/formule-1\/f1-fred-charles-en-lewis-verklaren-ferraris-teleurstellende-kwalificatie\/\" \/>\n<meta property=\"og:site_name\" content=\"ItalPassion\" \/>\n<meta property=\"article:publisher\" content=\"https:\/\/www.facebook.com\/italpassion\" \/>\n<meta property=\"article:published_time\" content=\"2025-03-15T13:44:04+00:00\" \/>\n<meta property=\"article:modified_time\" content=\"2025-03-15T13:44:06+00:00\" \/>\n<meta property=\"og:image\" content=\"https:\/\/www.italpassion.fr\/wp-content\/uploads\/2025\/03\/scuderia-ferrari-australie.jpg\" \/>\n\t<meta property=\"og:image:width\" content=\"1200\" \/>\n\t<meta property=\"og:image:height\" content=\"800\" \/>\n\t<meta property=\"og:image:type\" content=\"image\/jpeg\" \/>\n<meta name=\"author\" content=\"Alexandre Filluzeau\" \/>\n<meta name=\"twitter:card\" content=\"summary_large_image\" \/>\n<meta name=\"twitter:creator\" content=\"@italpassion\" \/>\n<meta name=\"twitter:site\" content=\"@italpassion\" \/>\n<script type=\"application\/ld+json\" class=\"yoast-schema-graph\">{\"@context\":\"https:\/\/schema.org\",\"@graph\":[{\"@type\":\"NewsArticle\",\"@id\":\"https:\/\/www.italpassion.fr\/nl\/competition\/formule-1\/f1-fred-charles-et-lewis-expliquent-la-qualification-decevante-de-ferrari\/#article\",\"isPartOf\":{\"@id\":\"https:\/\/www.italpassion.fr\/nl\/competition\/formule-1\/f1-fred-charles-et-lewis-expliquent-la-qualification-decevante-de-ferrari\/\"},\"author\":{\"name\":\"Alexandre Filluzeau\",\"@id\":\"https:\/\/www.italpassion.fr\/nl\/#\/schema\/person\/36f747b2a759ca202d847e85a9434ca0\"},\"headline\":\"F1 : Fred, Charles et Lewis expliquent la qualification d\u00e9cevante de Ferrari\",\"datePublished\":\"2025-03-15T13:44:04+00:00\",\"dateModified\":\"2025-03-15T13:44:06+00:00\",\"mainEntityOfPage\":{\"@id\":\"https:\/\/www.italpassion.fr\/nl\/competition\/formule-1\/f1-fred-charles-et-lewis-expliquent-la-qualification-decevante-de-ferrari\/\"},\"wordCount\":1066,\"commentCount\":1,\"publisher\":{\"@id\":\"https:\/\/www.italpassion.fr\/nl\/#organization\"},\"image\":{\"@id\":\"https:\/\/www.italpassion.fr\/nl\/competition\/formule-1\/f1-fred-charles-et-lewis-expliquent-la-qualification-decevante-de-ferrari\/#primaryimage\"},\"thumbnailUrl\":\"https:\/\/www.italpassion.fr\/wp-content\/uploads\/2025\/03\/scuderia-ferrari-australie.jpg\",\"keywords\":[\"Charles Leclerc\",\"Lewis Hamilton\",\"Scuderia Ferrari\"],\"articleSection\":[\"Formule 1\",\"Sport Auto\"],\"inLanguage\":\"nl-NL\",\"potentialAction\":[{\"@type\":\"CommentAction\",\"name\":\"Comment\",\"target\":[\"https:\/\/www.italpassion.fr\/nl\/competition\/formule-1\/f1-fred-charles-et-lewis-expliquent-la-qualification-decevante-de-ferrari\/#respond\"]}]},{\"@type\":\"WebPage\",\"@id\":\"https:\/\/www.italpassion.fr\/nl\/competition\/formule-1\/f1-fred-charles-et-lewis-expliquent-la-qualification-decevante-de-ferrari\/\",\"url\":\"https:\/\/www.italpassion.fr\/nl\/competition\/formule-1\/f1-fred-charles-et-lewis-expliquent-la-qualification-decevante-de-ferrari\/\",\"name\":\"F1 : Fred, Charles et Lewis expliquent la qualification d\u00e9cevante de Ferrari - ItalPassion\",\"isPartOf\":{\"@id\":\"https:\/\/www.italpassion.fr\/nl\/#website\"},\"primaryImageOfPage\":{\"@id\":\"https:\/\/www.italpassion.fr\/nl\/competition\/formule-1\/f1-fred-charles-et-lewis-expliquent-la-qualification-decevante-de-ferrari\/#primaryimage\"},\"image\":{\"@id\":\"https:\/\/www.italpassion.fr\/nl\/competition\/formule-1\/f1-fred-charles-et-lewis-expliquent-la-qualification-decevante-de-ferrari\/#primaryimage\"},\"thumbnailUrl\":\"https:\/\/www.italpassion.fr\/wp-content\/uploads\/2025\/03\/scuderia-ferrari-australie.jpg\",\"datePublished\":\"2025-03-15T13:44:04+00:00\",\"dateModified\":\"2025-03-15T13:44:06+00:00\",\"description\":\"Photo Ferrari Le d\u00e9but de la saison 2025 de Formule 1, sur le circuit de Melbourne, \u00e9tait tr\u00e8s attendu par la Scuderia Ferrari et ses pilotes Charles\",\"breadcrumb\":{\"@id\":\"https:\/\/www.italpassion.fr\/nl\/competition\/formule-1\/f1-fred-charles-et-lewis-expliquent-la-qualification-decevante-de-ferrari\/#breadcrumb\"},\"inLanguage\":\"nl-NL\",\"potentialAction\":[{\"@type\":\"ReadAction\",\"target\":[\"https:\/\/www.italpassion.fr\/nl\/competition\/formule-1\/f1-fred-charles-et-lewis-expliquent-la-qualification-decevante-de-ferrari\/\"]}]},{\"@type\":\"ImageObject\",\"inLanguage\":\"nl-NL\",\"@id\":\"https:\/\/www.italpassion.fr\/nl\/competition\/formule-1\/f1-fred-charles-et-lewis-expliquent-la-qualification-decevante-de-ferrari\/#primaryimage\",\"url\":\"https:\/\/www.italpassion.fr\/wp-content\/uploads\/2025\/03\/scuderia-ferrari-australie.jpg\",\"contentUrl\":\"https:\/\/www.italpassion.fr\/wp-content\/uploads\/2025\/03\/scuderia-ferrari-australie.jpg\",\"width\":1200,\"height\":800},{\"@type\":\"BreadcrumbList\",\"@id\":\"https:\/\/www.italpassion.fr\/nl\/competition\/formule-1\/f1-fred-charles-et-lewis-expliquent-la-qualification-decevante-de-ferrari\/#breadcrumb\",\"itemListElement\":[{\"@type\":\"ListItem\",\"position\":1,\"name\":\"Accueil\",\"item\":\"https:\/\/www.italpassion.fr\/nl\/\"},{\"@type\":\"ListItem\",\"position\":2,\"name\":\"F1 : Fred, Charles et Lewis expliquent la qualification d\u00e9cevante de Ferrari\"}]},{\"@type\":\"WebSite\",\"@id\":\"https:\/\/www.italpassion.fr\/nl\/#website\",\"url\":\"https:\/\/www.italpassion.fr\/nl\/\",\"name\":\"ItalPassion\",\"description\":\"Les Passionn\u00e9s d&#039;Automobiles Italiennes\",\"publisher\":{\"@id\":\"https:\/\/www.italpassion.fr\/nl\/#organization\"},\"potentialAction\":[{\"@type\":\"SearchAction\",\"target\":{\"@type\":\"EntryPoint\",\"urlTemplate\":\"https:\/\/www.italpassion.fr\/nl\/?s={search_term_string}\"},\"query-input\":{\"@type\":\"PropertyValueSpecification\",\"valueRequired\":true,\"valueName\":\"search_term_string\"}}],\"inLanguage\":\"nl-NL\"},{\"@type\":\"Organization\",\"@id\":\"https:\/\/www.italpassion.fr\/nl\/#organization\",\"name\":\"Italpassion\",\"url\":\"https:\/\/www.italpassion.fr\/nl\/\",\"logo\":{\"@type\":\"ImageObject\",\"inLanguage\":\"nl-NL\",\"@id\":\"https:\/\/www.italpassion.fr\/nl\/#\/schema\/logo\/image\/\",\"url\":\"https:\/\/www.italpassion.fr\/wp-content\/uploads\/2023\/07\/italpassion-yoast.jpg\",\"contentUrl\":\"https:\/\/www.italpassion.fr\/wp-content\/uploads\/2023\/07\/italpassion-yoast.jpg\",\"width\":696,\"height\":696,\"caption\":\"Italpassion\"},\"image\":{\"@id\":\"https:\/\/www.italpassion.fr\/nl\/#\/schema\/logo\/image\/\"},\"sameAs\":[\"https:\/\/www.facebook.com\/italpassion\",\"https:\/\/x.com\/italpassion\",\"https:\/\/www.instagram.com\/italpassionfr\/\",\"https:\/\/www.youtube.com\/channel\/UCleq-ByQaA42OjhopwevRjQ\",\"https:\/\/www.facebook.com\/italpassion.en\/\",\"https:\/\/www.facebook.com\/italpassion.it\/\",\"https:\/\/www.facebook.com\/italpassion.de\/\",\"https:\/\/www.facebook.com\/italpassion.ja\/\"]},{\"@type\":\"Person\",\"@id\":\"https:\/\/www.italpassion.fr\/nl\/#\/schema\/person\/36f747b2a759ca202d847e85a9434ca0\",\"name\":\"Alexandre Filluzeau\",\"image\":{\"@type\":\"ImageObject\",\"inLanguage\":\"nl-NL\",\"@id\":\"https:\/\/www.italpassion.fr\/nl\/#\/schema\/person\/image\/\",\"url\":\"https:\/\/www.italpassion.fr\/wp-content\/uploads\/2025\/04\/avatar-alexandre-160x160.jpg\",\"contentUrl\":\"https:\/\/www.italpassion.fr\/wp-content\/uploads\/2025\/04\/avatar-alexandre-160x160.jpg\",\"caption\":\"Alexandre Filluzeau\"},\"description\":\"Fondateur du site ItalPassion, passionn\u00e9 de voitures italiennes et de l'Italie en g\u00e9n\u00e9ral. J'apporte un regard critique et technique aux actualit\u00e9s des marques italiennes quand cela est possible. Propri\u00e9taire d'une Maserati GranTurismo, Alfa Romeo MiTo, Lancia Fulvia et Ducati 695. Ex-propri\u00e9taire d'une Alfa Romeo Giulia.\",\"sameAs\":[\"https:\/\/www.italpassion.fr\/\"],\"url\":\"https:\/\/www.italpassion.fr\/nl\/author\/alexandre\/\"}]}<\/script>\n<!-- \/ Yoast SEO plugin. -->","yoast_head_json":{"title":"F1: Fred, Charles en Lewis verklaren Ferrari's teleurstellende kwalificatie - ItalPassion","description":"Foto Ferrari Scuderia Ferrari en haar coureurs keken reikhalzend uit naar de start van het Formule 1-seizoen 2025 op het circuit van Melbourne.","robots":{"index":"index","follow":"follow","max-snippet":"max-snippet:-1","max-image-preview":"max-image-preview:large","max-video-preview":"max-video-preview:-1"},"canonical":"https:\/\/www.italpassion.fr\/nl\/wedstrijd\/formule-1\/f1-fred-charles-en-lewis-verklaren-ferraris-teleurstellende-kwalificatie\/","og_locale":"nl_NL","og_type":"article","og_title":"F1 : Fred, Charles et Lewis expliquent la qualification d\u00e9cevante de Ferrari - ItalPassion","og_description":"Photo Ferrari Le d\u00e9but de la saison 2025 de Formule 1, sur le circuit de Melbourne, \u00e9tait tr\u00e8s attendu par la Scuderia Ferrari et ses pilotes Charles","og_url":"https:\/\/www.italpassion.fr\/nl\/wedstrijd\/formule-1\/f1-fred-charles-en-lewis-verklaren-ferraris-teleurstellende-kwalificatie\/","og_site_name":"ItalPassion","article_publisher":"https:\/\/www.facebook.com\/italpassion","article_published_time":"2025-03-15T13:44:04+00:00","article_modified_time":"2025-03-15T13:44:06+00:00","og_image":[{"width":1200,"height":800,"url":"https:\/\/www.italpassion.fr\/wp-content\/uploads\/2025\/03\/scuderia-ferrari-australie.jpg","type":"image\/jpeg"}],"author":"Alexandre Filluzeau","twitter_card":"summary_large_image","twitter_creator":"@italpassion","twitter_site":"@italpassion","schema":{"@context":"https:\/\/schema.org","@graph":[{"@type":"NewsArticle","@id":"https:\/\/www.italpassion.fr\/nl\/competition\/formule-1\/f1-fred-charles-et-lewis-expliquent-la-qualification-decevante-de-ferrari\/#article","isPartOf":{"@id":"https:\/\/www.italpassion.fr\/nl\/competition\/formule-1\/f1-fred-charles-et-lewis-expliquent-la-qualification-decevante-de-ferrari\/"},"author":{"name":"Alexandre Filluzeau","@id":"https:\/\/www.italpassion.fr\/nl\/#\/schema\/person\/36f747b2a759ca202d847e85a9434ca0"},"headline":"F1 : Fred, Charles et Lewis expliquent la qualification d\u00e9cevante de Ferrari","datePublished":"2025-03-15T13:44:04+00:00","dateModified":"2025-03-15T13:44:06+00:00","mainEntityOfPage":{"@id":"https:\/\/www.italpassion.fr\/nl\/competition\/formule-1\/f1-fred-charles-et-lewis-expliquent-la-qualification-decevante-de-ferrari\/"},"wordCount":1066,"commentCount":1,"publisher":{"@id":"https:\/\/www.italpassion.fr\/nl\/#organization"},"image":{"@id":"https:\/\/www.italpassion.fr\/nl\/competition\/formule-1\/f1-fred-charles-et-lewis-expliquent-la-qualification-decevante-de-ferrari\/#primaryimage"},"thumbnailUrl":"https:\/\/www.italpassion.fr\/wp-content\/uploads\/2025\/03\/scuderia-ferrari-australie.jpg","keywords":["Charles Leclerc","Lewis Hamilton","Scuderia Ferrari"],"articleSection":["Formule 1","Sport Auto"],"inLanguage":"nl-NL","potentialAction":[{"@type":"CommentAction","name":"Comment","target":["https:\/\/www.italpassion.fr\/nl\/competition\/formule-1\/f1-fred-charles-et-lewis-expliquent-la-qualification-decevante-de-ferrari\/#respond"]}]},{"@type":"WebPage","@id":"https:\/\/www.italpassion.fr\/nl\/competition\/formule-1\/f1-fred-charles-et-lewis-expliquent-la-qualification-decevante-de-ferrari\/","url":"https:\/\/www.italpassion.fr\/nl\/competition\/formule-1\/f1-fred-charles-et-lewis-expliquent-la-qualification-decevante-de-ferrari\/","name":"F1: Fred, Charles en Lewis verklaren Ferrari's teleurstellende kwalificatie - ItalPassion","isPartOf":{"@id":"https:\/\/www.italpassion.fr\/nl\/#website"},"primaryImageOfPage":{"@id":"https:\/\/www.italpassion.fr\/nl\/competition\/formule-1\/f1-fred-charles-et-lewis-expliquent-la-qualification-decevante-de-ferrari\/#primaryimage"},"image":{"@id":"https:\/\/www.italpassion.fr\/nl\/competition\/formule-1\/f1-fred-charles-et-lewis-expliquent-la-qualification-decevante-de-ferrari\/#primaryimage"},"thumbnailUrl":"https:\/\/www.italpassion.fr\/wp-content\/uploads\/2025\/03\/scuderia-ferrari-australie.jpg","datePublished":"2025-03-15T13:44:04+00:00","dateModified":"2025-03-15T13:44:06+00:00","description":"Foto Ferrari Scuderia Ferrari en haar coureurs keken reikhalzend uit naar de start van het Formule 1-seizoen 2025 op het circuit van Melbourne.","breadcrumb":{"@id":"https:\/\/www.italpassion.fr\/nl\/competition\/formule-1\/f1-fred-charles-et-lewis-expliquent-la-qualification-decevante-de-ferrari\/#breadcrumb"},"inLanguage":"nl-NL","potentialAction":[{"@type":"ReadAction","target":["https:\/\/www.italpassion.fr\/nl\/competition\/formule-1\/f1-fred-charles-et-lewis-expliquent-la-qualification-decevante-de-ferrari\/"]}]},{"@type":"ImageObject","inLanguage":"nl-NL","@id":"https:\/\/www.italpassion.fr\/nl\/competition\/formule-1\/f1-fred-charles-et-lewis-expliquent-la-qualification-decevante-de-ferrari\/#primaryimage","url":"https:\/\/www.italpassion.fr\/wp-content\/uploads\/2025\/03\/scuderia-ferrari-australie.jpg","contentUrl":"https:\/\/www.italpassion.fr\/wp-content\/uploads\/2025\/03\/scuderia-ferrari-australie.jpg","width":1200,"height":800},{"@type":"BreadcrumbList","@id":"https:\/\/www.italpassion.fr\/nl\/competition\/formule-1\/f1-fred-charles-et-lewis-expliquent-la-qualification-decevante-de-ferrari\/#breadcrumb","itemListElement":[{"@type":"ListItem","position":1,"name":"Accueil","item":"https:\/\/www.italpassion.fr\/nl\/"},{"@type":"ListItem","position":2,"name":"F1 : Fred, Charles et Lewis expliquent la qualification d\u00e9cevante de Ferrari"}]},{"@type":"WebSite","@id":"https:\/\/www.italpassion.fr\/nl\/#website","url":"https:\/\/www.italpassion.fr\/nl\/","name":"ItalPassion","description":"Italiaanse autoliefhebbers","publisher":{"@id":"https:\/\/www.italpassion.fr\/nl\/#organization"},"potentialAction":[{"@type":"SearchAction","target":{"@type":"EntryPoint","urlTemplate":"https:\/\/www.italpassion.fr\/nl\/?s={search_term_string}"},"query-input":{"@type":"PropertyValueSpecification","valueRequired":true,"valueName":"search_term_string"}}],"inLanguage":"nl-NL"},{"@type":"Organization","@id":"https:\/\/www.italpassion.fr\/nl\/#organization","name":"Italpassion","url":"https:\/\/www.italpassion.fr\/nl\/","logo":{"@type":"ImageObject","inLanguage":"nl-NL","@id":"https:\/\/www.italpassion.fr\/nl\/#\/schema\/logo\/image\/","url":"https:\/\/www.italpassion.fr\/wp-content\/uploads\/2023\/07\/italpassion-yoast.jpg","contentUrl":"https:\/\/www.italpassion.fr\/wp-content\/uploads\/2023\/07\/italpassion-yoast.jpg","width":696,"height":696,"caption":"Italpassion"},"image":{"@id":"https:\/\/www.italpassion.fr\/nl\/#\/schema\/logo\/image\/"},"sameAs":["https:\/\/www.facebook.com\/italpassion","https:\/\/x.com\/italpassion","https:\/\/www.instagram.com\/italpassionfr\/","https:\/\/www.youtube.com\/channel\/UCleq-ByQaA42OjhopwevRjQ","https:\/\/www.facebook.com\/italpassion.en\/","https:\/\/www.facebook.com\/italpassion.it\/","https:\/\/www.facebook.com\/italpassion.de\/","https:\/\/www.facebook.com\/italpassion.ja\/"]},{"@type":"Person","@id":"https:\/\/www.italpassion.fr\/nl\/#\/schema\/person\/36f747b2a759ca202d847e85a9434ca0","name":"Alexandre Filluzeau","image":{"@type":"ImageObject","inLanguage":"nl-NL","@id":"https:\/\/www.italpassion.fr\/nl\/#\/schema\/person\/image\/","url":"https:\/\/www.italpassion.fr\/wp-content\/uploads\/2025\/04\/avatar-alexandre-160x160.jpg","contentUrl":"https:\/\/www.italpassion.fr\/wp-content\/uploads\/2025\/04\/avatar-alexandre-160x160.jpg","caption":"Alexandre Filluzeau"},"description":"Oprichter van de website ItalPassion, gepassioneerd door Italiaanse auto's en Itali\u00eb in het algemeen. Waar mogelijk breng ik een kritisch en technisch oog naar nieuws over Italiaanse merken. Eigenaar van een Maserati GranTurismo, Alfa Romeo MiTo, Lancia Fulvia en Ducati 695. Ex-eigenaar van een Alfa Romeo Giulia.","sameAs":["https:\/\/www.italpassion.fr\/"],"url":"https:\/\/www.italpassion.fr\/nl\/author\/alexandre\/"}]}},"_links":{"self":[{"href":"https:\/\/www.italpassion.fr\/nl\/wp-json\/wp\/v2\/posts\/37220","targetHints":{"allow":["GET"]}}],"collection":[{"href":"https:\/\/www.italpassion.fr\/nl\/wp-json\/wp\/v2\/posts"}],"about":[{"href":"https:\/\/www.italpassion.fr\/nl\/wp-json\/wp\/v2\/types\/post"}],"author":[{"embeddable":true,"href":"https:\/\/www.italpassion.fr\/nl\/wp-json\/wp\/v2\/users\/1"}],"replies":[{"embeddable":true,"href":"https:\/\/www.italpassion.fr\/nl\/wp-json\/wp\/v2\/comments?post=37220"}],"version-history":[{"count":2,"href":"https:\/\/www.italpassion.fr\/nl\/wp-json\/wp\/v2\/posts\/37220\/revisions"}],"predecessor-version":[{"id":37223,"href":"https:\/\/www.italpassion.fr\/nl\/wp-json\/wp\/v2\/posts\/37220\/revisions\/37223"}],"wp:featuredmedia":[{"embeddable":true,"href":"https:\/\/www.italpassion.fr\/nl\/wp-json\/wp\/v2\/media\/37221"}],"wp:attachment":[{"href":"https:\/\/www.italpassion.fr\/nl\/wp-json\/wp\/v2\/media?parent=37220"}],"wp:term":[{"taxonomy":"category","embeddable":true,"href":"https:\/\/www.italpassion.fr\/nl\/wp-json\/wp\/v2\/categories?post=37220"},{"taxonomy":"post_tag","embeddable":true,"href":"https:\/\/www.italpassion.fr\/nl\/wp-json\/wp\/v2\/tags?post=37220"}],"curies":[{"name":"wp","href":"https:\/\/api.w.org\/{rel}","templated":true}]}}