{"id":37123,"date":"2025-03-10T16:38:04","date_gmt":"2025-03-10T15:38:04","guid":{"rendered":"https:\/\/www.italpassion.fr\/?p=37123"},"modified":"2025-03-10T16:38:06","modified_gmt":"2025-03-10T15:38:06","slug":"f1-waar-beschuldigt-red-bull-ferrari-van-in-zijn-klacht-bij-de-fia-wat-riskeert-de-scuderia","status":"publish","type":"post","link":"https:\/\/www.italpassion.fr\/nl\/competition\/f1-que-reproche-red-bull-a-ferrari-dans-sa-plainte-aupres-de-la-fia-que-risque-la-scuderia\/","title":{"rendered":"F1: Waar beschuldigt Red Bull Ferrari van in zijn klacht bij de FIA? Wat riskeert de Scuderia?"},"content":{"rendered":"<figure class=\"wp-block-image size-large\"><img loading=\"lazy\" decoding=\"async\" width=\"1024\" height=\"683\" src=\"https:\/\/www.italpassion.fr\/wp-content\/uploads\/2025\/03\/sf-25-aileron-1024x683.jpg\" alt=\"\" class=\"wp-image-37124\" srcset=\"https:\/\/www.italpassion.fr\/wp-content\/uploads\/2025\/03\/sf-25-aileron-1024x683.jpg 1024w, https:\/\/www.italpassion.fr\/wp-content\/uploads\/2025\/03\/sf-25-aileron-300x200.jpg 300w, https:\/\/www.italpassion.fr\/wp-content\/uploads\/2025\/03\/sf-25-aileron-768x512.jpg 768w, https:\/\/www.italpassion.fr\/wp-content\/uploads\/2025\/03\/sf-25-aileron-18x12.jpg 18w, https:\/\/www.italpassion.fr\/wp-content\/uploads\/2025\/03\/sf-25-aileron-561x374.jpg 561w, https:\/\/www.italpassion.fr\/wp-content\/uploads\/2025\/03\/sf-25-aileron-1122x748.jpg 1122w, https:\/\/www.italpassion.fr\/wp-content\/uploads\/2025\/03\/sf-25-aileron-265x177.jpg 265w, https:\/\/www.italpassion.fr\/wp-content\/uploads\/2025\/03\/sf-25-aileron-531x354.jpg 531w, https:\/\/www.italpassion.fr\/wp-content\/uploads\/2025\/03\/sf-25-aileron-364x243.jpg 364w, https:\/\/www.italpassion.fr\/wp-content\/uploads\/2025\/03\/sf-25-aileron-728x485.jpg 728w, https:\/\/www.italpassion.fr\/wp-content\/uploads\/2025\/03\/sf-25-aileron-608x405.jpg 608w, https:\/\/www.italpassion.fr\/wp-content\/uploads\/2025\/03\/sf-25-aileron-758x505.jpg 758w, https:\/\/www.italpassion.fr\/wp-content\/uploads\/2025\/03\/sf-25-aileron-1152x768.jpg 1152w, https:\/\/www.italpassion.fr\/wp-content\/uploads\/2025\/03\/sf-25-aileron.jpg 1200w\" sizes=\"auto, (max-width: 1024px) 100vw, 1024px\" \/><\/figure>\n\n\n\n<p>De rivaliteit in <a href=\"https:\/\/www.italpassion.fr\/nl\/wedstrijd\/formule-1\/\">Formule 1<\/a> is nog nooit zo intens geweest en met het seizoen 2025 in aantocht lijken de spanningen tussen de teams goed op te lopen. Een paar dagen geleden hoorden we dat <a href=\"https:\/\/www.italpassion.fr\/nl\/wedstrijd\/f1-fia-gaat-fabriek-ferrari-en-sf-25-inspecteren-na-klacht-red-bull\/\">Red Bull lanceert nieuwe aanval op Scuderia<\/a>door een formele klacht in te dienen bij de FIA. <strong>De reden? Vermoedens van technische non-conformiteit met betrekking tot de SF-25, Ferrari's eenzitter voor het komende seizoen.<\/strong> Maar wat zijn precies de beschuldigingen van het Oostenrijkse team en wat zullen de gevolgen zijn voor Scuderia?<\/p>\n\n\n\n<h2 class=\"wp-block-heading\">De klacht van Red Bull: de dreiging van mini-DRS<\/h2>\n\n\n\n<p><strong>De klacht van Red Bull maakt deel uit van een lange reeks technische inspecties door het team van Christian Horner, <\/strong>wiens doel het is om eventuele mazen in de regelgeving bij zijn concurrenten op te sporen. Maar deze keer is de aanval gericht op de SF-25 en een fenomeen dat al in 2024 werd besproken: mini-DRS. Dit flexibele systeem zorgt ervoor dat de achtervleugel van de auto iets opengaat bij hoge snelheden, wat de luchtweerstand vermindert en een aerodynamisch voordeel biedt.<\/p>\n\n\n\n<p><strong>De mini-DRS werd voor het eerst opgemerkt tijdens de Grand Prix van Azerbeidzjan 2024,<\/strong> toen McLaren het gebruikte op de auto van Oscar Piastri. Dankzij deze technologie vervormde de achtervleugel van McLaren, waardoor de snelheid op rechte stukken aanzienlijk toenam. Hoewel McLaren na het onderzoek van de FIA aan de regels moest voldoen door de vleugel aan te passen, liet Pierre Wach\u00e9, technisch directeur van Red Bull, doorschemeren dat Ferrari en McLaren deze technologie blijven gebruiken, zij het in licht aangepaste vorm.<\/p>\n\n\n\n<h2 class=\"wp-block-heading\">FIA-inspectie in Maranello<\/h2>\n\n\n\n<p><strong>De ernst van de situatie mag niet worden onderschat. <\/strong>Na de klacht van Red Bull heeft de FIA besloten om een inspectie uit te voeren in Ferrari's fabriek in Maranello, een beslissing die een directe impact kan hebben op de voorbereidingen voor het seizoen 2025. De beslissing volgt op beschuldigingen van Pierre Wach\u00e9 dat Ferrari een soortgelijk systeem gebruikte op zijn SF-25. De FIA-inspecteurs zullen de Ferrari-fabriek bezoeken om de situatie op te helderen en te controleren of de praktijken van het team in strijd zijn met de huidige reglementen.<\/p>\n\n\n\n<h2 class=\"wp-block-heading\">Scuderia Ferrari is vol vertrouwen<\/h2>\n\n\n\n<p><strong>Geconfronteerd met deze nieuwe beschuldiging heeft de <a href=\"https:\/\/www.italpassion.fr\/nl\/tag\/scuderia-ferrari\/\">Scuderia Ferrari<\/a> houdt het hoofd koel en verdedigt zichzelf krachtig.<\/strong> Volgens bronnen dicht bij het team verzekeren officials van de Scuderia dat de SF-25 nauwgezet voldoet aan de technische regels. Ze zien de klacht van Red Bull als een poging om het team te destabiliseren en de voorbereidingen voor de start van het seizoen te verstoren. Desondanks is de druk voelbaar, vooral omdat de tifosi ongeduldig wachten tot Ferrari zich kan meten met giganten als Red Bull en McLaren, de titelhouders van respectievelijk 2023 en 2024.<\/p>\n\n\n\n<h2 class=\"wp-block-heading\">Wat zijn de gevolgen voor de Scuderia Ferrari?<\/h2>\n\n\n\n<p><strong>De gevolgen van deze klacht zijn onzeker.<\/strong> Als de FIA besluit dat de SF-25 niet voldoet aan de regels, kunnen er sancties worden opgelegd, vari\u00ebrend van eenvoudige boetes tot diskwalificatie, waardoor het ontwerp van de auto moet worden aangepast. Als Ferrari uiteindelijk wordt vrijgesproken, zal het niet meer dan een simpele poging zijn geweest om een tegenstander te destabiliseren. Dit is niet de eerste keer dat teams in de F1 met elkaar in conflict komen, niet alleen op het circuit, maar ook daarbuiten.<\/p>\n\n\n\n<p>De FIA zal nu snel een beslissing moeten nemen om te voorkomen dat deze controverses de voorbereidingen van de teams be\u00efnvloeden, slechts een paar dagen voor de start van het seizoen. <\/p>","protected":false},"excerpt":{"rendered":"","protected":false},"author":1,"featured_media":37124,"comment_status":"open","ping_status":"open","sticky":false,"template":"","format":"standard","meta":{"_acf_changed":false,"_sitemap_exclude":false,"_sitemap_priority":"","_sitemap_frequency":"","footnotes":""},"categories":[328,323],"tags":[370],"class_list":["post-37123","post","type-post","status-publish","format-standard","has-post-thumbnail","hentry","category-formule-1","category-competition","tag-scuderia-ferrari","generate-columns","tablet-grid-50","mobile-grid-100","grid-parent","grid-33"],"acf":[],"yoast_head":"<!-- This site is optimized with the Yoast SEO plugin v25.8 - https:\/\/yoast.com\/wordpress\/plugins\/seo\/ -->\n<title>F1 : que reproche Red Bull \u00e0 Ferrari dans sa plainte aupr\u00e8s de la FIA ? Que risque la Scuderia ? - ItalPassion<\/title>\n<meta name=\"description\" content=\"La rivalit\u00e9 en Formule 1 est toujours aussi intense, et alors que la saison 2025 approche \u00e0 grands pas, les tensions entre les \u00e9curies semble d\u00e9j\u00e0 bien\" \/>\n<meta name=\"robots\" content=\"index, follow, max-snippet:-1, max-image-preview:large, max-video-preview:-1\" \/>\n<link rel=\"canonical\" href=\"https:\/\/www.italpassion.fr\/nl\/wedstrijd\/f1-waar-beschuldigt-red-bull-ferrari-van-in-zijn-klacht-bij-de-fia-wat-riskeert-de-scuderia\/\" \/>\n<meta property=\"og:locale\" content=\"nl_NL\" \/>\n<meta property=\"og:type\" content=\"article\" \/>\n<meta property=\"og:title\" content=\"F1 : que reproche Red Bull \u00e0 Ferrari dans sa plainte aupr\u00e8s de la FIA ? Que risque la Scuderia ? - ItalPassion\" \/>\n<meta property=\"og:description\" content=\"La rivalit\u00e9 en Formule 1 est toujours aussi intense, et alors que la saison 2025 approche \u00e0 grands pas, les tensions entre les \u00e9curies semble d\u00e9j\u00e0 bien\" \/>\n<meta property=\"og:url\" content=\"https:\/\/www.italpassion.fr\/nl\/wedstrijd\/f1-waar-beschuldigt-red-bull-ferrari-van-in-zijn-klacht-bij-de-fia-wat-riskeert-de-scuderia\/\" \/>\n<meta property=\"og:site_name\" content=\"ItalPassion\" \/>\n<meta property=\"article:publisher\" content=\"https:\/\/www.facebook.com\/italpassion\" \/>\n<meta property=\"article:published_time\" content=\"2025-03-10T15:38:04+00:00\" \/>\n<meta property=\"article:modified_time\" content=\"2025-03-10T15:38:06+00:00\" \/>\n<meta property=\"og:image\" content=\"https:\/\/www.italpassion.fr\/wp-content\/uploads\/2025\/03\/sf-25-aileron.jpg\" \/>\n\t<meta property=\"og:image:width\" content=\"1200\" \/>\n\t<meta property=\"og:image:height\" content=\"800\" \/>\n\t<meta property=\"og:image:type\" content=\"image\/jpeg\" \/>\n<meta name=\"author\" content=\"Alexandre Filluzeau\" \/>\n<meta name=\"twitter:card\" content=\"summary_large_image\" \/>\n<meta name=\"twitter:creator\" content=\"@italpassion\" \/>\n<meta name=\"twitter:site\" content=\"@italpassion\" \/>\n<script type=\"application\/ld+json\" class=\"yoast-schema-graph\">{\"@context\":\"https:\/\/schema.org\",\"@graph\":[{\"@type\":\"NewsArticle\",\"@id\":\"https:\/\/www.italpassion.fr\/nl\/competition\/f1-que-reproche-red-bull-a-ferrari-dans-sa-plainte-aupres-de-la-fia-que-risque-la-scuderia\/#article\",\"isPartOf\":{\"@id\":\"https:\/\/www.italpassion.fr\/nl\/competition\/f1-que-reproche-red-bull-a-ferrari-dans-sa-plainte-aupres-de-la-fia-que-risque-la-scuderia\/\"},\"author\":{\"name\":\"Alexandre Filluzeau\",\"@id\":\"https:\/\/www.italpassion.fr\/nl\/#\/schema\/person\/36f747b2a759ca202d847e85a9434ca0\"},\"headline\":\"F1 : que reproche Red Bull \u00e0 Ferrari dans sa plainte aupr\u00e8s de la FIA ? Que risque la Scuderia ?\",\"datePublished\":\"2025-03-10T15:38:04+00:00\",\"dateModified\":\"2025-03-10T15:38:06+00:00\",\"mainEntityOfPage\":{\"@id\":\"https:\/\/www.italpassion.fr\/nl\/competition\/f1-que-reproche-red-bull-a-ferrari-dans-sa-plainte-aupres-de-la-fia-que-risque-la-scuderia\/\"},\"wordCount\":649,\"commentCount\":1,\"publisher\":{\"@id\":\"https:\/\/www.italpassion.fr\/nl\/#organization\"},\"image\":{\"@id\":\"https:\/\/www.italpassion.fr\/nl\/competition\/f1-que-reproche-red-bull-a-ferrari-dans-sa-plainte-aupres-de-la-fia-que-risque-la-scuderia\/#primaryimage\"},\"thumbnailUrl\":\"https:\/\/www.italpassion.fr\/wp-content\/uploads\/2025\/03\/sf-25-aileron.jpg\",\"keywords\":[\"Scuderia Ferrari\"],\"articleSection\":[\"Formule 1\",\"Sport Auto\"],\"inLanguage\":\"nl-NL\",\"potentialAction\":[{\"@type\":\"CommentAction\",\"name\":\"Comment\",\"target\":[\"https:\/\/www.italpassion.fr\/nl\/competition\/f1-que-reproche-red-bull-a-ferrari-dans-sa-plainte-aupres-de-la-fia-que-risque-la-scuderia\/#respond\"]}]},{\"@type\":\"WebPage\",\"@id\":\"https:\/\/www.italpassion.fr\/nl\/competition\/f1-que-reproche-red-bull-a-ferrari-dans-sa-plainte-aupres-de-la-fia-que-risque-la-scuderia\/\",\"url\":\"https:\/\/www.italpassion.fr\/nl\/competition\/f1-que-reproche-red-bull-a-ferrari-dans-sa-plainte-aupres-de-la-fia-que-risque-la-scuderia\/\",\"name\":\"F1 : que reproche Red Bull \u00e0 Ferrari dans sa plainte aupr\u00e8s de la FIA ? Que risque la Scuderia ? - ItalPassion\",\"isPartOf\":{\"@id\":\"https:\/\/www.italpassion.fr\/nl\/#website\"},\"primaryImageOfPage\":{\"@id\":\"https:\/\/www.italpassion.fr\/nl\/competition\/f1-que-reproche-red-bull-a-ferrari-dans-sa-plainte-aupres-de-la-fia-que-risque-la-scuderia\/#primaryimage\"},\"image\":{\"@id\":\"https:\/\/www.italpassion.fr\/nl\/competition\/f1-que-reproche-red-bull-a-ferrari-dans-sa-plainte-aupres-de-la-fia-que-risque-la-scuderia\/#primaryimage\"},\"thumbnailUrl\":\"https:\/\/www.italpassion.fr\/wp-content\/uploads\/2025\/03\/sf-25-aileron.jpg\",\"datePublished\":\"2025-03-10T15:38:04+00:00\",\"dateModified\":\"2025-03-10T15:38:06+00:00\",\"description\":\"La rivalit\u00e9 en Formule 1 est toujours aussi intense, et alors que la saison 2025 approche \u00e0 grands pas, les tensions entre les \u00e9curies semble d\u00e9j\u00e0 bien\",\"breadcrumb\":{\"@id\":\"https:\/\/www.italpassion.fr\/nl\/competition\/f1-que-reproche-red-bull-a-ferrari-dans-sa-plainte-aupres-de-la-fia-que-risque-la-scuderia\/#breadcrumb\"},\"inLanguage\":\"nl-NL\",\"potentialAction\":[{\"@type\":\"ReadAction\",\"target\":[\"https:\/\/www.italpassion.fr\/nl\/competition\/f1-que-reproche-red-bull-a-ferrari-dans-sa-plainte-aupres-de-la-fia-que-risque-la-scuderia\/\"]}]},{\"@type\":\"ImageObject\",\"inLanguage\":\"nl-NL\",\"@id\":\"https:\/\/www.italpassion.fr\/nl\/competition\/f1-que-reproche-red-bull-a-ferrari-dans-sa-plainte-aupres-de-la-fia-que-risque-la-scuderia\/#primaryimage\",\"url\":\"https:\/\/www.italpassion.fr\/wp-content\/uploads\/2025\/03\/sf-25-aileron.jpg\",\"contentUrl\":\"https:\/\/www.italpassion.fr\/wp-content\/uploads\/2025\/03\/sf-25-aileron.jpg\",\"width\":1200,\"height\":800},{\"@type\":\"BreadcrumbList\",\"@id\":\"https:\/\/www.italpassion.fr\/nl\/competition\/f1-que-reproche-red-bull-a-ferrari-dans-sa-plainte-aupres-de-la-fia-que-risque-la-scuderia\/#breadcrumb\",\"itemListElement\":[{\"@type\":\"ListItem\",\"position\":1,\"name\":\"Accueil\",\"item\":\"https:\/\/www.italpassion.fr\/nl\/\"},{\"@type\":\"ListItem\",\"position\":2,\"name\":\"F1 : que reproche Red Bull \u00e0 Ferrari dans sa plainte aupr\u00e8s de la FIA ? Que risque la Scuderia ?\"}]},{\"@type\":\"WebSite\",\"@id\":\"https:\/\/www.italpassion.fr\/nl\/#website\",\"url\":\"https:\/\/www.italpassion.fr\/nl\/\",\"name\":\"ItalPassion\",\"description\":\"Les Passionn\u00e9s d&#039;Automobiles Italiennes\",\"publisher\":{\"@id\":\"https:\/\/www.italpassion.fr\/nl\/#organization\"},\"potentialAction\":[{\"@type\":\"SearchAction\",\"target\":{\"@type\":\"EntryPoint\",\"urlTemplate\":\"https:\/\/www.italpassion.fr\/nl\/?s={search_term_string}\"},\"query-input\":{\"@type\":\"PropertyValueSpecification\",\"valueRequired\":true,\"valueName\":\"search_term_string\"}}],\"inLanguage\":\"nl-NL\"},{\"@type\":\"Organization\",\"@id\":\"https:\/\/www.italpassion.fr\/nl\/#organization\",\"name\":\"Italpassion\",\"url\":\"https:\/\/www.italpassion.fr\/nl\/\",\"logo\":{\"@type\":\"ImageObject\",\"inLanguage\":\"nl-NL\",\"@id\":\"https:\/\/www.italpassion.fr\/nl\/#\/schema\/logo\/image\/\",\"url\":\"https:\/\/www.italpassion.fr\/wp-content\/uploads\/2023\/07\/italpassion-yoast.jpg\",\"contentUrl\":\"https:\/\/www.italpassion.fr\/wp-content\/uploads\/2023\/07\/italpassion-yoast.jpg\",\"width\":696,\"height\":696,\"caption\":\"Italpassion\"},\"image\":{\"@id\":\"https:\/\/www.italpassion.fr\/nl\/#\/schema\/logo\/image\/\"},\"sameAs\":[\"https:\/\/www.facebook.com\/italpassion\",\"https:\/\/x.com\/italpassion\",\"https:\/\/www.instagram.com\/italpassionfr\/\",\"https:\/\/www.youtube.com\/channel\/UCleq-ByQaA42OjhopwevRjQ\",\"https:\/\/www.facebook.com\/italpassion.en\/\",\"https:\/\/www.facebook.com\/italpassion.it\/\",\"https:\/\/www.facebook.com\/italpassion.de\/\",\"https:\/\/www.facebook.com\/italpassion.ja\/\"]},{\"@type\":\"Person\",\"@id\":\"https:\/\/www.italpassion.fr\/nl\/#\/schema\/person\/36f747b2a759ca202d847e85a9434ca0\",\"name\":\"Alexandre Filluzeau\",\"image\":{\"@type\":\"ImageObject\",\"inLanguage\":\"nl-NL\",\"@id\":\"https:\/\/www.italpassion.fr\/nl\/#\/schema\/person\/image\/\",\"url\":\"https:\/\/www.italpassion.fr\/wp-content\/uploads\/2025\/04\/avatar-alexandre-160x160.jpg\",\"contentUrl\":\"https:\/\/www.italpassion.fr\/wp-content\/uploads\/2025\/04\/avatar-alexandre-160x160.jpg\",\"caption\":\"Alexandre Filluzeau\"},\"description\":\"Fondateur du site ItalPassion, passionn\u00e9 de voitures italiennes et de l'Italie en g\u00e9n\u00e9ral. J'apporte un regard critique et technique aux actualit\u00e9s des marques italiennes quand cela est possible. Propri\u00e9taire d'une Maserati GranTurismo, Alfa Romeo MiTo, Lancia Fulvia et Ducati 695. Ex-propri\u00e9taire d'une Alfa Romeo Giulia.\",\"sameAs\":[\"https:\/\/www.italpassion.fr\/\"],\"url\":\"https:\/\/www.italpassion.fr\/nl\/author\/alexandre\/\"}]}<\/script>\n<!-- \/ Yoast SEO plugin. -->","yoast_head_json":{"title":"F1: Waar beschuldigt Red Bull Ferrari van in zijn klacht bij de FIA? Wat riskeert de Scuderia? - ItalPassion","description":"De rivaliteit in de Formule 1 is nog nooit zo intens geweest en met het seizoen 2025 in aantocht lijken de spanningen tussen de teams nu al hoog op te lopen.","robots":{"index":"index","follow":"follow","max-snippet":"max-snippet:-1","max-image-preview":"max-image-preview:large","max-video-preview":"max-video-preview:-1"},"canonical":"https:\/\/www.italpassion.fr\/nl\/wedstrijd\/f1-waar-beschuldigt-red-bull-ferrari-van-in-zijn-klacht-bij-de-fia-wat-riskeert-de-scuderia\/","og_locale":"nl_NL","og_type":"article","og_title":"F1 : que reproche Red Bull \u00e0 Ferrari dans sa plainte aupr\u00e8s de la FIA ? Que risque la Scuderia ? - ItalPassion","og_description":"La rivalit\u00e9 en Formule 1 est toujours aussi intense, et alors que la saison 2025 approche \u00e0 grands pas, les tensions entre les \u00e9curies semble d\u00e9j\u00e0 bien","og_url":"https:\/\/www.italpassion.fr\/nl\/wedstrijd\/f1-waar-beschuldigt-red-bull-ferrari-van-in-zijn-klacht-bij-de-fia-wat-riskeert-de-scuderia\/","og_site_name":"ItalPassion","article_publisher":"https:\/\/www.facebook.com\/italpassion","article_published_time":"2025-03-10T15:38:04+00:00","article_modified_time":"2025-03-10T15:38:06+00:00","og_image":[{"width":1200,"height":800,"url":"https:\/\/www.italpassion.fr\/wp-content\/uploads\/2025\/03\/sf-25-aileron.jpg","type":"image\/jpeg"}],"author":"Alexandre Filluzeau","twitter_card":"summary_large_image","twitter_creator":"@italpassion","twitter_site":"@italpassion","schema":{"@context":"https:\/\/schema.org","@graph":[{"@type":"NewsArticle","@id":"https:\/\/www.italpassion.fr\/nl\/competition\/f1-que-reproche-red-bull-a-ferrari-dans-sa-plainte-aupres-de-la-fia-que-risque-la-scuderia\/#article","isPartOf":{"@id":"https:\/\/www.italpassion.fr\/nl\/competition\/f1-que-reproche-red-bull-a-ferrari-dans-sa-plainte-aupres-de-la-fia-que-risque-la-scuderia\/"},"author":{"name":"Alexandre Filluzeau","@id":"https:\/\/www.italpassion.fr\/nl\/#\/schema\/person\/36f747b2a759ca202d847e85a9434ca0"},"headline":"F1 : que reproche Red Bull \u00e0 Ferrari dans sa plainte aupr\u00e8s de la FIA ? Que risque la Scuderia ?","datePublished":"2025-03-10T15:38:04+00:00","dateModified":"2025-03-10T15:38:06+00:00","mainEntityOfPage":{"@id":"https:\/\/www.italpassion.fr\/nl\/competition\/f1-que-reproche-red-bull-a-ferrari-dans-sa-plainte-aupres-de-la-fia-que-risque-la-scuderia\/"},"wordCount":649,"commentCount":1,"publisher":{"@id":"https:\/\/www.italpassion.fr\/nl\/#organization"},"image":{"@id":"https:\/\/www.italpassion.fr\/nl\/competition\/f1-que-reproche-red-bull-a-ferrari-dans-sa-plainte-aupres-de-la-fia-que-risque-la-scuderia\/#primaryimage"},"thumbnailUrl":"https:\/\/www.italpassion.fr\/wp-content\/uploads\/2025\/03\/sf-25-aileron.jpg","keywords":["Scuderia Ferrari"],"articleSection":["Formule 1","Sport Auto"],"inLanguage":"nl-NL","potentialAction":[{"@type":"CommentAction","name":"Comment","target":["https:\/\/www.italpassion.fr\/nl\/competition\/f1-que-reproche-red-bull-a-ferrari-dans-sa-plainte-aupres-de-la-fia-que-risque-la-scuderia\/#respond"]}]},{"@type":"WebPage","@id":"https:\/\/www.italpassion.fr\/nl\/competition\/f1-que-reproche-red-bull-a-ferrari-dans-sa-plainte-aupres-de-la-fia-que-risque-la-scuderia\/","url":"https:\/\/www.italpassion.fr\/nl\/competition\/f1-que-reproche-red-bull-a-ferrari-dans-sa-plainte-aupres-de-la-fia-que-risque-la-scuderia\/","name":"F1: Waar beschuldigt Red Bull Ferrari van in zijn klacht bij de FIA? Wat riskeert de Scuderia? - ItalPassion","isPartOf":{"@id":"https:\/\/www.italpassion.fr\/nl\/#website"},"primaryImageOfPage":{"@id":"https:\/\/www.italpassion.fr\/nl\/competition\/f1-que-reproche-red-bull-a-ferrari-dans-sa-plainte-aupres-de-la-fia-que-risque-la-scuderia\/#primaryimage"},"image":{"@id":"https:\/\/www.italpassion.fr\/nl\/competition\/f1-que-reproche-red-bull-a-ferrari-dans-sa-plainte-aupres-de-la-fia-que-risque-la-scuderia\/#primaryimage"},"thumbnailUrl":"https:\/\/www.italpassion.fr\/wp-content\/uploads\/2025\/03\/sf-25-aileron.jpg","datePublished":"2025-03-10T15:38:04+00:00","dateModified":"2025-03-10T15:38:06+00:00","description":"De rivaliteit in de Formule 1 is nog nooit zo intens geweest en met het seizoen 2025 in aantocht lijken de spanningen tussen de teams nu al hoog op te lopen.","breadcrumb":{"@id":"https:\/\/www.italpassion.fr\/nl\/competition\/f1-que-reproche-red-bull-a-ferrari-dans-sa-plainte-aupres-de-la-fia-que-risque-la-scuderia\/#breadcrumb"},"inLanguage":"nl-NL","potentialAction":[{"@type":"ReadAction","target":["https:\/\/www.italpassion.fr\/nl\/competition\/f1-que-reproche-red-bull-a-ferrari-dans-sa-plainte-aupres-de-la-fia-que-risque-la-scuderia\/"]}]},{"@type":"ImageObject","inLanguage":"nl-NL","@id":"https:\/\/www.italpassion.fr\/nl\/competition\/f1-que-reproche-red-bull-a-ferrari-dans-sa-plainte-aupres-de-la-fia-que-risque-la-scuderia\/#primaryimage","url":"https:\/\/www.italpassion.fr\/wp-content\/uploads\/2025\/03\/sf-25-aileron.jpg","contentUrl":"https:\/\/www.italpassion.fr\/wp-content\/uploads\/2025\/03\/sf-25-aileron.jpg","width":1200,"height":800},{"@type":"BreadcrumbList","@id":"https:\/\/www.italpassion.fr\/nl\/competition\/f1-que-reproche-red-bull-a-ferrari-dans-sa-plainte-aupres-de-la-fia-que-risque-la-scuderia\/#breadcrumb","itemListElement":[{"@type":"ListItem","position":1,"name":"Accueil","item":"https:\/\/www.italpassion.fr\/nl\/"},{"@type":"ListItem","position":2,"name":"F1 : que reproche Red Bull \u00e0 Ferrari dans sa plainte aupr\u00e8s de la FIA ? Que risque la Scuderia ?"}]},{"@type":"WebSite","@id":"https:\/\/www.italpassion.fr\/nl\/#website","url":"https:\/\/www.italpassion.fr\/nl\/","name":"ItalPassion","description":"Italiaanse autoliefhebbers","publisher":{"@id":"https:\/\/www.italpassion.fr\/nl\/#organization"},"potentialAction":[{"@type":"SearchAction","target":{"@type":"EntryPoint","urlTemplate":"https:\/\/www.italpassion.fr\/nl\/?s={search_term_string}"},"query-input":{"@type":"PropertyValueSpecification","valueRequired":true,"valueName":"search_term_string"}}],"inLanguage":"nl-NL"},{"@type":"Organization","@id":"https:\/\/www.italpassion.fr\/nl\/#organization","name":"Italpassion","url":"https:\/\/www.italpassion.fr\/nl\/","logo":{"@type":"ImageObject","inLanguage":"nl-NL","@id":"https:\/\/www.italpassion.fr\/nl\/#\/schema\/logo\/image\/","url":"https:\/\/www.italpassion.fr\/wp-content\/uploads\/2023\/07\/italpassion-yoast.jpg","contentUrl":"https:\/\/www.italpassion.fr\/wp-content\/uploads\/2023\/07\/italpassion-yoast.jpg","width":696,"height":696,"caption":"Italpassion"},"image":{"@id":"https:\/\/www.italpassion.fr\/nl\/#\/schema\/logo\/image\/"},"sameAs":["https:\/\/www.facebook.com\/italpassion","https:\/\/x.com\/italpassion","https:\/\/www.instagram.com\/italpassionfr\/","https:\/\/www.youtube.com\/channel\/UCleq-ByQaA42OjhopwevRjQ","https:\/\/www.facebook.com\/italpassion.en\/","https:\/\/www.facebook.com\/italpassion.it\/","https:\/\/www.facebook.com\/italpassion.de\/","https:\/\/www.facebook.com\/italpassion.ja\/"]},{"@type":"Person","@id":"https:\/\/www.italpassion.fr\/nl\/#\/schema\/person\/36f747b2a759ca202d847e85a9434ca0","name":"Alexandre Filluzeau","image":{"@type":"ImageObject","inLanguage":"nl-NL","@id":"https:\/\/www.italpassion.fr\/nl\/#\/schema\/person\/image\/","url":"https:\/\/www.italpassion.fr\/wp-content\/uploads\/2025\/04\/avatar-alexandre-160x160.jpg","contentUrl":"https:\/\/www.italpassion.fr\/wp-content\/uploads\/2025\/04\/avatar-alexandre-160x160.jpg","caption":"Alexandre Filluzeau"},"description":"Oprichter van de website ItalPassion, gepassioneerd door Italiaanse auto's en Itali\u00eb in het algemeen. Waar mogelijk breng ik een kritisch en technisch oog naar nieuws over Italiaanse merken. Eigenaar van een Maserati GranTurismo, Alfa Romeo MiTo, Lancia Fulvia en Ducati 695. Ex-eigenaar van een Alfa Romeo Giulia.","sameAs":["https:\/\/www.italpassion.fr\/"],"url":"https:\/\/www.italpassion.fr\/nl\/author\/alexandre\/"}]}},"_links":{"self":[{"href":"https:\/\/www.italpassion.fr\/nl\/wp-json\/wp\/v2\/posts\/37123","targetHints":{"allow":["GET"]}}],"collection":[{"href":"https:\/\/www.italpassion.fr\/nl\/wp-json\/wp\/v2\/posts"}],"about":[{"href":"https:\/\/www.italpassion.fr\/nl\/wp-json\/wp\/v2\/types\/post"}],"author":[{"embeddable":true,"href":"https:\/\/www.italpassion.fr\/nl\/wp-json\/wp\/v2\/users\/1"}],"replies":[{"embeddable":true,"href":"https:\/\/www.italpassion.fr\/nl\/wp-json\/wp\/v2\/comments?post=37123"}],"version-history":[{"count":4,"href":"https:\/\/www.italpassion.fr\/nl\/wp-json\/wp\/v2\/posts\/37123\/revisions"}],"predecessor-version":[{"id":37144,"href":"https:\/\/www.italpassion.fr\/nl\/wp-json\/wp\/v2\/posts\/37123\/revisions\/37144"}],"wp:featuredmedia":[{"embeddable":true,"href":"https:\/\/www.italpassion.fr\/nl\/wp-json\/wp\/v2\/media\/37124"}],"wp:attachment":[{"href":"https:\/\/www.italpassion.fr\/nl\/wp-json\/wp\/v2\/media?parent=37123"}],"wp:term":[{"taxonomy":"category","embeddable":true,"href":"https:\/\/www.italpassion.fr\/nl\/wp-json\/wp\/v2\/categories?post=37123"},{"taxonomy":"post_tag","embeddable":true,"href":"https:\/\/www.italpassion.fr\/nl\/wp-json\/wp\/v2\/tags?post=37123"}],"curies":[{"name":"wp","href":"https:\/\/api.w.org\/{rel}","templated":true}]}}