{"id":37004,"date":"2025-03-04T11:38:07","date_gmt":"2025-03-04T10:38:07","guid":{"rendered":"https:\/\/www.italpassion.fr\/?p=37004"},"modified":"2025-03-04T11:42:03","modified_gmt":"2025-03-04T10:42:03","slug":"f1-ferrari-in-juridisch-gevecht-met-aston-martin-laurence-stroll-is-woedend","status":"publish","type":"post","link":"https:\/\/www.italpassion.fr\/nl\/competition\/f1-ferrari-en-bras-de-fer-juridique-avec-aston-martin-laurence-stroll-est-furieux\/","title":{"rendered":"F1: Ferrari in juridische strijd met Aston Martin, Lawrence Stroll is woedend!"},"content":{"rendered":"<figure class=\"wp-block-image size-large\"><img loading=\"lazy\" decoding=\"async\" width=\"1024\" height=\"683\" src=\"https:\/\/www.italpassion.fr\/wp-content\/uploads\/2025\/03\/bras-de-fer-ferrari-aston-martin-1024x683.jpg\" alt=\"\" class=\"wp-image-37006\" srcset=\"https:\/\/www.italpassion.fr\/wp-content\/uploads\/2025\/03\/bras-de-fer-ferrari-aston-martin-1024x683.jpg 1024w, https:\/\/www.italpassion.fr\/wp-content\/uploads\/2025\/03\/bras-de-fer-ferrari-aston-martin-300x200.jpg 300w, https:\/\/www.italpassion.fr\/wp-content\/uploads\/2025\/03\/bras-de-fer-ferrari-aston-martin-768x512.jpg 768w, https:\/\/www.italpassion.fr\/wp-content\/uploads\/2025\/03\/bras-de-fer-ferrari-aston-martin-18x12.jpg 18w, https:\/\/www.italpassion.fr\/wp-content\/uploads\/2025\/03\/bras-de-fer-ferrari-aston-martin-561x374.jpg 561w, https:\/\/www.italpassion.fr\/wp-content\/uploads\/2025\/03\/bras-de-fer-ferrari-aston-martin-1122x748.jpg 1122w, https:\/\/www.italpassion.fr\/wp-content\/uploads\/2025\/03\/bras-de-fer-ferrari-aston-martin-265x177.jpg 265w, https:\/\/www.italpassion.fr\/wp-content\/uploads\/2025\/03\/bras-de-fer-ferrari-aston-martin-531x354.jpg 531w, https:\/\/www.italpassion.fr\/wp-content\/uploads\/2025\/03\/bras-de-fer-ferrari-aston-martin-364x243.jpg 364w, https:\/\/www.italpassion.fr\/wp-content\/uploads\/2025\/03\/bras-de-fer-ferrari-aston-martin-728x485.jpg 728w, https:\/\/www.italpassion.fr\/wp-content\/uploads\/2025\/03\/bras-de-fer-ferrari-aston-martin-608x405.jpg 608w, https:\/\/www.italpassion.fr\/wp-content\/uploads\/2025\/03\/bras-de-fer-ferrari-aston-martin-758x505.jpg 758w, https:\/\/www.italpassion.fr\/wp-content\/uploads\/2025\/03\/bras-de-fer-ferrari-aston-martin-1152x768.jpg 1152w, https:\/\/www.italpassion.fr\/wp-content\/uploads\/2025\/03\/bras-de-fer-ferrari-aston-martin.jpg 1200w\" sizes=\"auto, (max-width: 1024px) 100vw, 1024px\" \/><figcaption class=\"wp-element-caption\">Fr\u00e9d\u00e9ric Vasseur in een armworsteling met Lawrence Stroll. Illustratie gegenereerd met AI door Italpassion.<\/figcaption><\/figure>\n\n\n\n<p><strong>De strijd tussen <a href=\"https:\/\/www.italpassion.fr\/nl\/tag\/scuderia-ferrari\/\">Scuderia Ferrari<\/a> en Aston Martin F1 neemt een onverwachte wending, <\/strong>en de Britse teameigenaar Lawrence Stroll is zichtbaar boos. De problemen beperken zich niet tot het circuit, waar Aston Martin al problemen heeft ondervonden tijdens de tests in Bahrein, maar strekken zich ook uit tot de juridische arena en het personeelsbeleid.<\/p>\n\n\n\n<p><strong>De eerste paar weken van het seizoen hebben de interne problemen van Aston Martin duidelijk gemaakt. <\/strong>Het team van <a href=\"https:\/\/www.italpassion.fr\/nl\/wedstrijd\/formule-1\/\">Formule 1<\/a> heeft tijdens de tests in Bahrein niet zoveel gereden als gehoopt en Fernando Alonso heeft er geen geheim van gemaakt dat hij zich zorgen maakt over het project in 2026. \"Als we in 2025 om het wereldkampioenschap strijden, is dat een ander verhaal. Maar als dat niet gebeurt, maakt het niet veel verschil om in een onstabiele situatie te zitten. Als het je geld kost voor 2026, zal dat heel pijnlijk zijn,\" legde hij uit, duidelijk bezorgd over de richting die het team opgaat.<\/p>\n\n\n\n<p>Pedro de la Rosa, de ambassadeur van het team, blijft gematigder, maar zijn commentaar weerspiegelt ook een zeker realisme. \"Ik ben liever realistisch en ik denk dat we hard moeten werken om beter te worden,\" vertelde hij aan Marca, terwijl hij erkende dat er in de nabije toekomst vooruitgang nodig is.<\/p>\n\n\n\n<h2 class=\"wp-block-heading\">Juridische strijd tussen Ferrari en Aston Martin<\/h2>\n\n\n\n<figure class=\"wp-block-image size-large\"><img loading=\"lazy\" decoding=\"async\" width=\"1024\" height=\"683\" src=\"https:\/\/www.italpassion.fr\/wp-content\/uploads\/2025\/03\/Enrico-Cardile-1024x683.jpg\" alt=\"\" class=\"wp-image-37009\" srcset=\"https:\/\/www.italpassion.fr\/wp-content\/uploads\/2025\/03\/Enrico-Cardile-1024x683.jpg 1024w, https:\/\/www.italpassion.fr\/wp-content\/uploads\/2025\/03\/Enrico-Cardile-300x200.jpg 300w, https:\/\/www.italpassion.fr\/wp-content\/uploads\/2025\/03\/Enrico-Cardile-768x512.jpg 768w, https:\/\/www.italpassion.fr\/wp-content\/uploads\/2025\/03\/Enrico-Cardile-18x12.jpg 18w, https:\/\/www.italpassion.fr\/wp-content\/uploads\/2025\/03\/Enrico-Cardile-561x374.jpg 561w, https:\/\/www.italpassion.fr\/wp-content\/uploads\/2025\/03\/Enrico-Cardile-1122x748.jpg 1122w, https:\/\/www.italpassion.fr\/wp-content\/uploads\/2025\/03\/Enrico-Cardile-265x177.jpg 265w, https:\/\/www.italpassion.fr\/wp-content\/uploads\/2025\/03\/Enrico-Cardile-531x354.jpg 531w, https:\/\/www.italpassion.fr\/wp-content\/uploads\/2025\/03\/Enrico-Cardile-364x243.jpg 364w, https:\/\/www.italpassion.fr\/wp-content\/uploads\/2025\/03\/Enrico-Cardile-728x485.jpg 728w, https:\/\/www.italpassion.fr\/wp-content\/uploads\/2025\/03\/Enrico-Cardile-608x405.jpg 608w, https:\/\/www.italpassion.fr\/wp-content\/uploads\/2025\/03\/Enrico-Cardile-758x505.jpg 758w, https:\/\/www.italpassion.fr\/wp-content\/uploads\/2025\/03\/Enrico-Cardile-1152x768.jpg 1152w, https:\/\/www.italpassion.fr\/wp-content\/uploads\/2025\/03\/Enrico-Cardile.jpg 1200w\" sizes=\"auto, (max-width: 1024px) 100vw, 1024px\" \/><figcaption class=\"wp-element-caption\">Enrico Cardile<\/figcaption><\/figure>\n\n\n\n<p><strong>De spanningen tussen de twee teams zijn toegenomen door een juridisch geschil waardoor Aston Martin zijn technische team niet kan versterken. Enrico Cardile,<\/strong> voormalig technisch directeur van Ferrari, zou bij Aston Martin gaan werken om toezicht te houden op de architectuur en het ontwerp van de auto voor 2026. Ferrari heeft zijn komst echter uitgesteld met het argument dat hij 'tuinierverlof' heeft genomen na zijn vertrek uit Maranello.<\/p>\n\n\n\n<p><strong>Op 3 maart werd de geplande startdatum voor Cardile bij Aston Martin uitgesteld na een beslissing van de rechtbank in Modena. <\/strong>Volgens de krant <em>Corriere dello Sport<\/em>Ferrari heeft een gerechtelijk bevel verkregen om te voorkomen dat Cardile voor 17 juli bij Aston Martin in dienst treedt. De rechtbank oordeelde dat Cardile zijn niet-concurrentiebeding met Ferrari had geschonden, tot woede van Aston Martin en de eigenaar, Lawrence Stroll.<\/p>\n\n\n\n<p>\"Eigenaar Lawrence Stroll is woedend. Aston Martin had zijn technische afdeling gereorganiseerd zodat Cardile de leiding zou krijgen over de architectuur en het ontwerp van de auto, maar op een cruciaal moment wordt deze sleutelfiguur geblokkeerd,\" zegt <em>Corriere dello Sport<\/em>. De situatie is des te meer gespannen door Cardile's vermeende niet-nakoming van zijn opzegging van vertrek, een overtreding die Ferrari vastbesloten lijkt te vervolgen via de rechter.<\/p>\n\n\n\n<figure class=\"wp-block-image size-large\"><img loading=\"lazy\" decoding=\"async\" width=\"1024\" height=\"683\" src=\"https:\/\/www.italpassion.fr\/wp-content\/uploads\/2025\/03\/aston-martin-F1-1024x683.jpg\" alt=\"\" class=\"wp-image-37005\" srcset=\"https:\/\/www.italpassion.fr\/wp-content\/uploads\/2025\/03\/aston-martin-F1-1024x683.jpg 1024w, https:\/\/www.italpassion.fr\/wp-content\/uploads\/2025\/03\/aston-martin-F1-300x200.jpg 300w, https:\/\/www.italpassion.fr\/wp-content\/uploads\/2025\/03\/aston-martin-F1-768x512.jpg 768w, https:\/\/www.italpassion.fr\/wp-content\/uploads\/2025\/03\/aston-martin-F1-18x12.jpg 18w, https:\/\/www.italpassion.fr\/wp-content\/uploads\/2025\/03\/aston-martin-F1-561x374.jpg 561w, https:\/\/www.italpassion.fr\/wp-content\/uploads\/2025\/03\/aston-martin-F1-1122x748.jpg 1122w, https:\/\/www.italpassion.fr\/wp-content\/uploads\/2025\/03\/aston-martin-F1-265x177.jpg 265w, https:\/\/www.italpassion.fr\/wp-content\/uploads\/2025\/03\/aston-martin-F1-531x354.jpg 531w, https:\/\/www.italpassion.fr\/wp-content\/uploads\/2025\/03\/aston-martin-F1-364x243.jpg 364w, https:\/\/www.italpassion.fr\/wp-content\/uploads\/2025\/03\/aston-martin-F1-728x485.jpg 728w, https:\/\/www.italpassion.fr\/wp-content\/uploads\/2025\/03\/aston-martin-F1-608x405.jpg 608w, https:\/\/www.italpassion.fr\/wp-content\/uploads\/2025\/03\/aston-martin-F1-758x505.jpg 758w, https:\/\/www.italpassion.fr\/wp-content\/uploads\/2025\/03\/aston-martin-F1-1152x768.jpg 1152w, https:\/\/www.italpassion.fr\/wp-content\/uploads\/2025\/03\/aston-martin-F1.jpg 1200w\" sizes=\"auto, (max-width: 1024px) 100vw, 1024px\" \/><\/figure>\n\n\n\n<p><strong>Ondanks deze complexe juridische situatie probeert Aston Martin positief te blijven. <\/strong>Adrian Newey is maandag eindelijk aan de slag gegaan bij het team. Deze komst, zij het laat, wordt gezien als een aanwinst voor het 2026-project, vooral met het oog op de ontwikkeling van de nieuwe auto. <strong>De spanning tussen Ferrari en Aston Martin blijft waarschijnlijk niet beperkt tot de juridische arena.<\/strong> Op het circuit kunnen de gevolgen van deze situatie invloed hebben op de prestaties van het Aston Martin-team. Ferrari wil van haar kant profiteren van deze situatie om haar rivaal op de lange termijn te hinderen.<\/p>","protected":false},"excerpt":{"rendered":"","protected":false},"author":1,"featured_media":37006,"comment_status":"open","ping_status":"open","sticky":false,"template":"","format":"standard","meta":{"_acf_changed":false,"_sitemap_exclude":false,"_sitemap_priority":"","_sitemap_frequency":"","footnotes":""},"categories":[328,323],"tags":[370],"class_list":["post-37004","post","type-post","status-publish","format-standard","has-post-thumbnail","hentry","category-formule-1","category-competition","tag-scuderia-ferrari","generate-columns","tablet-grid-50","mobile-grid-100","grid-parent","grid-33"],"acf":[],"yoast_head":"<!-- This site is optimized with the Yoast SEO plugin v25.8 - https:\/\/yoast.com\/wordpress\/plugins\/seo\/ -->\n<title>F1 : Ferrari en bras de fer juridique avec Aston Martin, Lawrence Stroll est furieux ! - ItalPassion<\/title>\n<meta name=\"description\" content=\"Fr\u00e9d\u00e9ric Vasseur en bras de fer avec Lawrence Stroll. Illustration g\u00e9n\u00e9r\u00e9e avec IA par Italpassion. La bataille entre la Scuderia Ferrari et Aston Martin\" \/>\n<meta name=\"robots\" content=\"index, follow, max-snippet:-1, max-image-preview:large, max-video-preview:-1\" \/>\n<link rel=\"canonical\" href=\"https:\/\/www.italpassion.fr\/nl\/wedstrijd\/f1-ferrari-in-juridisch-gevecht-met-aston-martin-laurence-stroll-is-woedend\/\" \/>\n<meta property=\"og:locale\" content=\"nl_NL\" \/>\n<meta property=\"og:type\" content=\"article\" \/>\n<meta property=\"og:title\" content=\"F1 : Ferrari en bras de fer juridique avec Aston Martin, Lawrence Stroll est furieux ! - ItalPassion\" \/>\n<meta property=\"og:description\" content=\"Fr\u00e9d\u00e9ric Vasseur en bras de fer avec Lawrence Stroll. Illustration g\u00e9n\u00e9r\u00e9e avec IA par Italpassion. La bataille entre la Scuderia Ferrari et Aston Martin\" \/>\n<meta property=\"og:url\" content=\"https:\/\/www.italpassion.fr\/nl\/wedstrijd\/f1-ferrari-in-juridisch-gevecht-met-aston-martin-laurence-stroll-is-woedend\/\" \/>\n<meta property=\"og:site_name\" content=\"ItalPassion\" \/>\n<meta property=\"article:publisher\" content=\"https:\/\/www.facebook.com\/italpassion\" \/>\n<meta property=\"article:published_time\" content=\"2025-03-04T10:38:07+00:00\" \/>\n<meta property=\"article:modified_time\" content=\"2025-03-04T10:42:03+00:00\" \/>\n<meta property=\"og:image\" content=\"https:\/\/www.italpassion.fr\/wp-content\/uploads\/2025\/03\/bras-de-fer-ferrari-aston-martin.jpg\" \/>\n\t<meta property=\"og:image:width\" content=\"1200\" \/>\n\t<meta property=\"og:image:height\" content=\"800\" \/>\n\t<meta property=\"og:image:type\" content=\"image\/jpeg\" \/>\n<meta name=\"author\" content=\"Alexandre Filluzeau\" \/>\n<meta name=\"twitter:card\" content=\"summary_large_image\" \/>\n<meta name=\"twitter:creator\" content=\"@italpassion\" \/>\n<meta name=\"twitter:site\" content=\"@italpassion\" \/>\n<script type=\"application\/ld+json\" class=\"yoast-schema-graph\">{\"@context\":\"https:\/\/schema.org\",\"@graph\":[{\"@type\":\"NewsArticle\",\"@id\":\"https:\/\/www.italpassion.fr\/nl\/competition\/f1-ferrari-en-bras-de-fer-juridique-avec-aston-martin-laurence-stroll-est-furieux\/#article\",\"isPartOf\":{\"@id\":\"https:\/\/www.italpassion.fr\/nl\/competition\/f1-ferrari-en-bras-de-fer-juridique-avec-aston-martin-laurence-stroll-est-furieux\/\"},\"author\":{\"name\":\"Alexandre Filluzeau\",\"@id\":\"https:\/\/www.italpassion.fr\/nl\/#\/schema\/person\/36f747b2a759ca202d847e85a9434ca0\"},\"headline\":\"F1 : Ferrari en bras de fer juridique avec Aston Martin, Lawrence Stroll est furieux !\",\"datePublished\":\"2025-03-04T10:38:07+00:00\",\"dateModified\":\"2025-03-04T10:42:03+00:00\",\"mainEntityOfPage\":{\"@id\":\"https:\/\/www.italpassion.fr\/nl\/competition\/f1-ferrari-en-bras-de-fer-juridique-avec-aston-martin-laurence-stroll-est-furieux\/\"},\"wordCount\":599,\"commentCount\":1,\"publisher\":{\"@id\":\"https:\/\/www.italpassion.fr\/nl\/#organization\"},\"image\":{\"@id\":\"https:\/\/www.italpassion.fr\/nl\/competition\/f1-ferrari-en-bras-de-fer-juridique-avec-aston-martin-laurence-stroll-est-furieux\/#primaryimage\"},\"thumbnailUrl\":\"https:\/\/www.italpassion.fr\/wp-content\/uploads\/2025\/03\/bras-de-fer-ferrari-aston-martin.jpg\",\"keywords\":[\"Scuderia Ferrari\"],\"articleSection\":[\"Formule 1\",\"Sport Auto\"],\"inLanguage\":\"nl-NL\",\"potentialAction\":[{\"@type\":\"CommentAction\",\"name\":\"Comment\",\"target\":[\"https:\/\/www.italpassion.fr\/nl\/competition\/f1-ferrari-en-bras-de-fer-juridique-avec-aston-martin-laurence-stroll-est-furieux\/#respond\"]}]},{\"@type\":\"WebPage\",\"@id\":\"https:\/\/www.italpassion.fr\/nl\/competition\/f1-ferrari-en-bras-de-fer-juridique-avec-aston-martin-laurence-stroll-est-furieux\/\",\"url\":\"https:\/\/www.italpassion.fr\/nl\/competition\/f1-ferrari-en-bras-de-fer-juridique-avec-aston-martin-laurence-stroll-est-furieux\/\",\"name\":\"F1 : Ferrari en bras de fer juridique avec Aston Martin, Lawrence Stroll est furieux ! - ItalPassion\",\"isPartOf\":{\"@id\":\"https:\/\/www.italpassion.fr\/nl\/#website\"},\"primaryImageOfPage\":{\"@id\":\"https:\/\/www.italpassion.fr\/nl\/competition\/f1-ferrari-en-bras-de-fer-juridique-avec-aston-martin-laurence-stroll-est-furieux\/#primaryimage\"},\"image\":{\"@id\":\"https:\/\/www.italpassion.fr\/nl\/competition\/f1-ferrari-en-bras-de-fer-juridique-avec-aston-martin-laurence-stroll-est-furieux\/#primaryimage\"},\"thumbnailUrl\":\"https:\/\/www.italpassion.fr\/wp-content\/uploads\/2025\/03\/bras-de-fer-ferrari-aston-martin.jpg\",\"datePublished\":\"2025-03-04T10:38:07+00:00\",\"dateModified\":\"2025-03-04T10:42:03+00:00\",\"description\":\"Fr\u00e9d\u00e9ric Vasseur en bras de fer avec Lawrence Stroll. Illustration g\u00e9n\u00e9r\u00e9e avec IA par Italpassion. La bataille entre la Scuderia Ferrari et Aston Martin\",\"breadcrumb\":{\"@id\":\"https:\/\/www.italpassion.fr\/nl\/competition\/f1-ferrari-en-bras-de-fer-juridique-avec-aston-martin-laurence-stroll-est-furieux\/#breadcrumb\"},\"inLanguage\":\"nl-NL\",\"potentialAction\":[{\"@type\":\"ReadAction\",\"target\":[\"https:\/\/www.italpassion.fr\/nl\/competition\/f1-ferrari-en-bras-de-fer-juridique-avec-aston-martin-laurence-stroll-est-furieux\/\"]}]},{\"@type\":\"ImageObject\",\"inLanguage\":\"nl-NL\",\"@id\":\"https:\/\/www.italpassion.fr\/nl\/competition\/f1-ferrari-en-bras-de-fer-juridique-avec-aston-martin-laurence-stroll-est-furieux\/#primaryimage\",\"url\":\"https:\/\/www.italpassion.fr\/wp-content\/uploads\/2025\/03\/bras-de-fer-ferrari-aston-martin.jpg\",\"contentUrl\":\"https:\/\/www.italpassion.fr\/wp-content\/uploads\/2025\/03\/bras-de-fer-ferrari-aston-martin.jpg\",\"width\":1200,\"height\":800},{\"@type\":\"BreadcrumbList\",\"@id\":\"https:\/\/www.italpassion.fr\/nl\/competition\/f1-ferrari-en-bras-de-fer-juridique-avec-aston-martin-laurence-stroll-est-furieux\/#breadcrumb\",\"itemListElement\":[{\"@type\":\"ListItem\",\"position\":1,\"name\":\"Accueil\",\"item\":\"https:\/\/www.italpassion.fr\/nl\/\"},{\"@type\":\"ListItem\",\"position\":2,\"name\":\"F1 : Ferrari en bras de fer juridique avec Aston Martin, Lawrence Stroll est furieux !\"}]},{\"@type\":\"WebSite\",\"@id\":\"https:\/\/www.italpassion.fr\/nl\/#website\",\"url\":\"https:\/\/www.italpassion.fr\/nl\/\",\"name\":\"ItalPassion\",\"description\":\"Les Passionn\u00e9s d&#039;Automobiles Italiennes\",\"publisher\":{\"@id\":\"https:\/\/www.italpassion.fr\/nl\/#organization\"},\"potentialAction\":[{\"@type\":\"SearchAction\",\"target\":{\"@type\":\"EntryPoint\",\"urlTemplate\":\"https:\/\/www.italpassion.fr\/nl\/?s={search_term_string}\"},\"query-input\":{\"@type\":\"PropertyValueSpecification\",\"valueRequired\":true,\"valueName\":\"search_term_string\"}}],\"inLanguage\":\"nl-NL\"},{\"@type\":\"Organization\",\"@id\":\"https:\/\/www.italpassion.fr\/nl\/#organization\",\"name\":\"Italpassion\",\"url\":\"https:\/\/www.italpassion.fr\/nl\/\",\"logo\":{\"@type\":\"ImageObject\",\"inLanguage\":\"nl-NL\",\"@id\":\"https:\/\/www.italpassion.fr\/nl\/#\/schema\/logo\/image\/\",\"url\":\"https:\/\/www.italpassion.fr\/wp-content\/uploads\/2023\/07\/italpassion-yoast.jpg\",\"contentUrl\":\"https:\/\/www.italpassion.fr\/wp-content\/uploads\/2023\/07\/italpassion-yoast.jpg\",\"width\":696,\"height\":696,\"caption\":\"Italpassion\"},\"image\":{\"@id\":\"https:\/\/www.italpassion.fr\/nl\/#\/schema\/logo\/image\/\"},\"sameAs\":[\"https:\/\/www.facebook.com\/italpassion\",\"https:\/\/x.com\/italpassion\",\"https:\/\/www.instagram.com\/italpassionfr\/\",\"https:\/\/www.youtube.com\/channel\/UCleq-ByQaA42OjhopwevRjQ\",\"https:\/\/www.facebook.com\/italpassion.en\/\",\"https:\/\/www.facebook.com\/italpassion.it\/\",\"https:\/\/www.facebook.com\/italpassion.de\/\",\"https:\/\/www.facebook.com\/italpassion.ja\/\"]},{\"@type\":\"Person\",\"@id\":\"https:\/\/www.italpassion.fr\/nl\/#\/schema\/person\/36f747b2a759ca202d847e85a9434ca0\",\"name\":\"Alexandre Filluzeau\",\"image\":{\"@type\":\"ImageObject\",\"inLanguage\":\"nl-NL\",\"@id\":\"https:\/\/www.italpassion.fr\/nl\/#\/schema\/person\/image\/\",\"url\":\"https:\/\/www.italpassion.fr\/wp-content\/uploads\/2025\/04\/avatar-alexandre-160x160.jpg\",\"contentUrl\":\"https:\/\/www.italpassion.fr\/wp-content\/uploads\/2025\/04\/avatar-alexandre-160x160.jpg\",\"caption\":\"Alexandre Filluzeau\"},\"description\":\"Fondateur du site ItalPassion, passionn\u00e9 de voitures italiennes et de l'Italie en g\u00e9n\u00e9ral. J'apporte un regard critique et technique aux actualit\u00e9s des marques italiennes quand cela est possible. Propri\u00e9taire d'une Maserati GranTurismo, Alfa Romeo MiTo, Lancia Fulvia et Ducati 695. Ex-propri\u00e9taire d'une Alfa Romeo Giulia.\",\"sameAs\":[\"https:\/\/www.italpassion.fr\/\"],\"url\":\"https:\/\/www.italpassion.fr\/nl\/author\/alexandre\/\"}]}<\/script>\n<!-- \/ Yoast SEO plugin. -->","yoast_head_json":{"title":"F1: Ferrari in juridische strijd met Aston Martin, Lawrence Stroll is woedend! - Itali\u00eb Passie","description":"Fr\u00e9d\u00e9ric Vasseur in een armworsteling met Lawrence Stroll. Illustratie gegenereerd met AI door Italpassion. De strijd tussen Scuderia Ferrari en Aston Martin","robots":{"index":"index","follow":"follow","max-snippet":"max-snippet:-1","max-image-preview":"max-image-preview:large","max-video-preview":"max-video-preview:-1"},"canonical":"https:\/\/www.italpassion.fr\/nl\/wedstrijd\/f1-ferrari-in-juridisch-gevecht-met-aston-martin-laurence-stroll-is-woedend\/","og_locale":"nl_NL","og_type":"article","og_title":"F1 : Ferrari en bras de fer juridique avec Aston Martin, Lawrence Stroll est furieux ! - ItalPassion","og_description":"Fr\u00e9d\u00e9ric Vasseur en bras de fer avec Lawrence Stroll. Illustration g\u00e9n\u00e9r\u00e9e avec IA par Italpassion. La bataille entre la Scuderia Ferrari et Aston Martin","og_url":"https:\/\/www.italpassion.fr\/nl\/wedstrijd\/f1-ferrari-in-juridisch-gevecht-met-aston-martin-laurence-stroll-is-woedend\/","og_site_name":"ItalPassion","article_publisher":"https:\/\/www.facebook.com\/italpassion","article_published_time":"2025-03-04T10:38:07+00:00","article_modified_time":"2025-03-04T10:42:03+00:00","og_image":[{"width":1200,"height":800,"url":"https:\/\/www.italpassion.fr\/wp-content\/uploads\/2025\/03\/bras-de-fer-ferrari-aston-martin.jpg","type":"image\/jpeg"}],"author":"Alexandre Filluzeau","twitter_card":"summary_large_image","twitter_creator":"@italpassion","twitter_site":"@italpassion","schema":{"@context":"https:\/\/schema.org","@graph":[{"@type":"NewsArticle","@id":"https:\/\/www.italpassion.fr\/nl\/competition\/f1-ferrari-en-bras-de-fer-juridique-avec-aston-martin-laurence-stroll-est-furieux\/#article","isPartOf":{"@id":"https:\/\/www.italpassion.fr\/nl\/competition\/f1-ferrari-en-bras-de-fer-juridique-avec-aston-martin-laurence-stroll-est-furieux\/"},"author":{"name":"Alexandre Filluzeau","@id":"https:\/\/www.italpassion.fr\/nl\/#\/schema\/person\/36f747b2a759ca202d847e85a9434ca0"},"headline":"F1 : Ferrari en bras de fer juridique avec Aston Martin, Lawrence Stroll est furieux !","datePublished":"2025-03-04T10:38:07+00:00","dateModified":"2025-03-04T10:42:03+00:00","mainEntityOfPage":{"@id":"https:\/\/www.italpassion.fr\/nl\/competition\/f1-ferrari-en-bras-de-fer-juridique-avec-aston-martin-laurence-stroll-est-furieux\/"},"wordCount":599,"commentCount":1,"publisher":{"@id":"https:\/\/www.italpassion.fr\/nl\/#organization"},"image":{"@id":"https:\/\/www.italpassion.fr\/nl\/competition\/f1-ferrari-en-bras-de-fer-juridique-avec-aston-martin-laurence-stroll-est-furieux\/#primaryimage"},"thumbnailUrl":"https:\/\/www.italpassion.fr\/wp-content\/uploads\/2025\/03\/bras-de-fer-ferrari-aston-martin.jpg","keywords":["Scuderia Ferrari"],"articleSection":["Formule 1","Sport Auto"],"inLanguage":"nl-NL","potentialAction":[{"@type":"CommentAction","name":"Comment","target":["https:\/\/www.italpassion.fr\/nl\/competition\/f1-ferrari-en-bras-de-fer-juridique-avec-aston-martin-laurence-stroll-est-furieux\/#respond"]}]},{"@type":"WebPage","@id":"https:\/\/www.italpassion.fr\/nl\/competition\/f1-ferrari-en-bras-de-fer-juridique-avec-aston-martin-laurence-stroll-est-furieux\/","url":"https:\/\/www.italpassion.fr\/nl\/competition\/f1-ferrari-en-bras-de-fer-juridique-avec-aston-martin-laurence-stroll-est-furieux\/","name":"F1: Ferrari in juridische strijd met Aston Martin, Lawrence Stroll is woedend! - Itali\u00eb Passie","isPartOf":{"@id":"https:\/\/www.italpassion.fr\/nl\/#website"},"primaryImageOfPage":{"@id":"https:\/\/www.italpassion.fr\/nl\/competition\/f1-ferrari-en-bras-de-fer-juridique-avec-aston-martin-laurence-stroll-est-furieux\/#primaryimage"},"image":{"@id":"https:\/\/www.italpassion.fr\/nl\/competition\/f1-ferrari-en-bras-de-fer-juridique-avec-aston-martin-laurence-stroll-est-furieux\/#primaryimage"},"thumbnailUrl":"https:\/\/www.italpassion.fr\/wp-content\/uploads\/2025\/03\/bras-de-fer-ferrari-aston-martin.jpg","datePublished":"2025-03-04T10:38:07+00:00","dateModified":"2025-03-04T10:42:03+00:00","description":"Fr\u00e9d\u00e9ric Vasseur in een armworsteling met Lawrence Stroll. Illustratie gegenereerd met AI door Italpassion. De strijd tussen Scuderia Ferrari en Aston Martin","breadcrumb":{"@id":"https:\/\/www.italpassion.fr\/nl\/competition\/f1-ferrari-en-bras-de-fer-juridique-avec-aston-martin-laurence-stroll-est-furieux\/#breadcrumb"},"inLanguage":"nl-NL","potentialAction":[{"@type":"ReadAction","target":["https:\/\/www.italpassion.fr\/nl\/competition\/f1-ferrari-en-bras-de-fer-juridique-avec-aston-martin-laurence-stroll-est-furieux\/"]}]},{"@type":"ImageObject","inLanguage":"nl-NL","@id":"https:\/\/www.italpassion.fr\/nl\/competition\/f1-ferrari-en-bras-de-fer-juridique-avec-aston-martin-laurence-stroll-est-furieux\/#primaryimage","url":"https:\/\/www.italpassion.fr\/wp-content\/uploads\/2025\/03\/bras-de-fer-ferrari-aston-martin.jpg","contentUrl":"https:\/\/www.italpassion.fr\/wp-content\/uploads\/2025\/03\/bras-de-fer-ferrari-aston-martin.jpg","width":1200,"height":800},{"@type":"BreadcrumbList","@id":"https:\/\/www.italpassion.fr\/nl\/competition\/f1-ferrari-en-bras-de-fer-juridique-avec-aston-martin-laurence-stroll-est-furieux\/#breadcrumb","itemListElement":[{"@type":"ListItem","position":1,"name":"Accueil","item":"https:\/\/www.italpassion.fr\/nl\/"},{"@type":"ListItem","position":2,"name":"F1 : Ferrari en bras de fer juridique avec Aston Martin, Lawrence Stroll est furieux !"}]},{"@type":"WebSite","@id":"https:\/\/www.italpassion.fr\/nl\/#website","url":"https:\/\/www.italpassion.fr\/nl\/","name":"ItalPassion","description":"Italiaanse autoliefhebbers","publisher":{"@id":"https:\/\/www.italpassion.fr\/nl\/#organization"},"potentialAction":[{"@type":"SearchAction","target":{"@type":"EntryPoint","urlTemplate":"https:\/\/www.italpassion.fr\/nl\/?s={search_term_string}"},"query-input":{"@type":"PropertyValueSpecification","valueRequired":true,"valueName":"search_term_string"}}],"inLanguage":"nl-NL"},{"@type":"Organization","@id":"https:\/\/www.italpassion.fr\/nl\/#organization","name":"Italpassion","url":"https:\/\/www.italpassion.fr\/nl\/","logo":{"@type":"ImageObject","inLanguage":"nl-NL","@id":"https:\/\/www.italpassion.fr\/nl\/#\/schema\/logo\/image\/","url":"https:\/\/www.italpassion.fr\/wp-content\/uploads\/2023\/07\/italpassion-yoast.jpg","contentUrl":"https:\/\/www.italpassion.fr\/wp-content\/uploads\/2023\/07\/italpassion-yoast.jpg","width":696,"height":696,"caption":"Italpassion"},"image":{"@id":"https:\/\/www.italpassion.fr\/nl\/#\/schema\/logo\/image\/"},"sameAs":["https:\/\/www.facebook.com\/italpassion","https:\/\/x.com\/italpassion","https:\/\/www.instagram.com\/italpassionfr\/","https:\/\/www.youtube.com\/channel\/UCleq-ByQaA42OjhopwevRjQ","https:\/\/www.facebook.com\/italpassion.en\/","https:\/\/www.facebook.com\/italpassion.it\/","https:\/\/www.facebook.com\/italpassion.de\/","https:\/\/www.facebook.com\/italpassion.ja\/"]},{"@type":"Person","@id":"https:\/\/www.italpassion.fr\/nl\/#\/schema\/person\/36f747b2a759ca202d847e85a9434ca0","name":"Alexandre Filluzeau","image":{"@type":"ImageObject","inLanguage":"nl-NL","@id":"https:\/\/www.italpassion.fr\/nl\/#\/schema\/person\/image\/","url":"https:\/\/www.italpassion.fr\/wp-content\/uploads\/2025\/04\/avatar-alexandre-160x160.jpg","contentUrl":"https:\/\/www.italpassion.fr\/wp-content\/uploads\/2025\/04\/avatar-alexandre-160x160.jpg","caption":"Alexandre Filluzeau"},"description":"Oprichter van de website ItalPassion, gepassioneerd door Italiaanse auto's en Itali\u00eb in het algemeen. Waar mogelijk breng ik een kritisch en technisch oog naar nieuws over Italiaanse merken. Eigenaar van een Maserati GranTurismo, Alfa Romeo MiTo, Lancia Fulvia en Ducati 695. Ex-eigenaar van een Alfa Romeo Giulia.","sameAs":["https:\/\/www.italpassion.fr\/"],"url":"https:\/\/www.italpassion.fr\/nl\/author\/alexandre\/"}]}},"_links":{"self":[{"href":"https:\/\/www.italpassion.fr\/nl\/wp-json\/wp\/v2\/posts\/37004","targetHints":{"allow":["GET"]}}],"collection":[{"href":"https:\/\/www.italpassion.fr\/nl\/wp-json\/wp\/v2\/posts"}],"about":[{"href":"https:\/\/www.italpassion.fr\/nl\/wp-json\/wp\/v2\/types\/post"}],"author":[{"embeddable":true,"href":"https:\/\/www.italpassion.fr\/nl\/wp-json\/wp\/v2\/users\/1"}],"replies":[{"embeddable":true,"href":"https:\/\/www.italpassion.fr\/nl\/wp-json\/wp\/v2\/comments?post=37004"}],"version-history":[{"count":5,"href":"https:\/\/www.italpassion.fr\/nl\/wp-json\/wp\/v2\/posts\/37004\/revisions"}],"predecessor-version":[{"id":37013,"href":"https:\/\/www.italpassion.fr\/nl\/wp-json\/wp\/v2\/posts\/37004\/revisions\/37013"}],"wp:featuredmedia":[{"embeddable":true,"href":"https:\/\/www.italpassion.fr\/nl\/wp-json\/wp\/v2\/media\/37006"}],"wp:attachment":[{"href":"https:\/\/www.italpassion.fr\/nl\/wp-json\/wp\/v2\/media?parent=37004"}],"wp:term":[{"taxonomy":"category","embeddable":true,"href":"https:\/\/www.italpassion.fr\/nl\/wp-json\/wp\/v2\/categories?post=37004"},{"taxonomy":"post_tag","embeddable":true,"href":"https:\/\/www.italpassion.fr\/nl\/wp-json\/wp\/v2\/tags?post=37004"}],"curies":[{"name":"wp","href":"https:\/\/api.w.org\/{rel}","templated":true}]}}