{"id":36882,"date":"2025-02-26T09:19:49","date_gmt":"2025-02-26T08:19:49","guid":{"rendered":"https:\/\/www.italpassion.fr\/?p=36882"},"modified":"2025-02-26T09:23:25","modified_gmt":"2025-02-26T08:23:25","slug":"stellantis-2024-cijfers-in-het-rood-onduidelijke-doelen-2025","status":"publish","type":"post","link":"https:\/\/www.italpassion.fr\/nl\/stellantis\/stellantis-des-chiffres-2024-dans-le-rouge-des-objectifs-2025-flous\/","title":{"rendered":"Stellantis: cijfers 2024 in het rood, doelstellingen 2025 onduidelijk"},"content":{"rendered":"<figure class=\"wp-block-image size-large\"><img loading=\"lazy\" decoding=\"async\" width=\"1024\" height=\"683\" src=\"https:\/\/www.italpassion.fr\/wp-content\/uploads\/2024\/12\/john-elkann-stellantis-1024x683.jpg\" alt=\"\" class=\"wp-image-35366\" srcset=\"https:\/\/www.italpassion.fr\/wp-content\/uploads\/2024\/12\/john-elkann-stellantis-1024x683.jpg 1024w, https:\/\/www.italpassion.fr\/wp-content\/uploads\/2024\/12\/john-elkann-stellantis-300x200.jpg 300w, https:\/\/www.italpassion.fr\/wp-content\/uploads\/2024\/12\/john-elkann-stellantis-768x512.jpg 768w, https:\/\/www.italpassion.fr\/wp-content\/uploads\/2024\/12\/john-elkann-stellantis-18x12.jpg 18w, https:\/\/www.italpassion.fr\/wp-content\/uploads\/2024\/12\/john-elkann-stellantis-561x374.jpg 561w, https:\/\/www.italpassion.fr\/wp-content\/uploads\/2024\/12\/john-elkann-stellantis-1122x748.jpg 1122w, https:\/\/www.italpassion.fr\/wp-content\/uploads\/2024\/12\/john-elkann-stellantis-265x177.jpg 265w, https:\/\/www.italpassion.fr\/wp-content\/uploads\/2024\/12\/john-elkann-stellantis-531x354.jpg 531w, https:\/\/www.italpassion.fr\/wp-content\/uploads\/2024\/12\/john-elkann-stellantis-364x243.jpg 364w, https:\/\/www.italpassion.fr\/wp-content\/uploads\/2024\/12\/john-elkann-stellantis-728x485.jpg 728w, https:\/\/www.italpassion.fr\/wp-content\/uploads\/2024\/12\/john-elkann-stellantis-608x405.jpg 608w, https:\/\/www.italpassion.fr\/wp-content\/uploads\/2024\/12\/john-elkann-stellantis-758x505.jpg 758w, https:\/\/www.italpassion.fr\/wp-content\/uploads\/2024\/12\/john-elkann-stellantis-1152x768.jpg 1152w, https:\/\/www.italpassion.fr\/wp-content\/uploads\/2024\/12\/john-elkann-stellantis.jpg 1200w\" sizes=\"auto, (max-width: 1024px) 100vw, 1024px\" \/><figcaption class=\"wp-element-caption\">John Elkann, voorzitter van Stellantis<\/figcaption><\/figure>\n\n\n\n<p>2024 zal een moeilijk jaar zijn geweest voor <a href=\"https:\/\/www.italpassion.fr\/nl\/stellantis\/\">Stellantis<\/a>. Hoewel de financi\u00eble resultaten van de Groep ver achterbleven bij de verwachtingen, is het de strategie van de Groep om te blijven groeien, <strong>met rode cijfers, en heeft ook zijn dividenduitkeringsbeleid ingeperkt<\/strong>. Hier volgt een overzicht van de resultaten van het jaar en de vooruitzichten voor 2025.<\/p>\n\n\n\n<h2 class=\"wp-block-heading\">Cijfers in vrije val<\/h2>\n\n\n\n<figure class=\"wp-block-image size-full\"><img loading=\"lazy\" decoding=\"async\" width=\"987\" height=\"221\" src=\"https:\/\/www.italpassion.fr\/wp-content\/uploads\/2025\/02\/stellantis-full-chiffres-2024.jpg\" alt=\"\" class=\"wp-image-36885\" srcset=\"https:\/\/www.italpassion.fr\/wp-content\/uploads\/2025\/02\/stellantis-full-chiffres-2024.jpg 987w, https:\/\/www.italpassion.fr\/wp-content\/uploads\/2025\/02\/stellantis-full-chiffres-2024-300x67.jpg 300w, https:\/\/www.italpassion.fr\/wp-content\/uploads\/2025\/02\/stellantis-full-chiffres-2024-768x172.jpg 768w, https:\/\/www.italpassion.fr\/wp-content\/uploads\/2025\/02\/stellantis-full-chiffres-2024-18x4.jpg 18w, https:\/\/www.italpassion.fr\/wp-content\/uploads\/2025\/02\/stellantis-full-chiffres-2024-561x126.jpg 561w, https:\/\/www.italpassion.fr\/wp-content\/uploads\/2025\/02\/stellantis-full-chiffres-2024-265x59.jpg 265w, https:\/\/www.italpassion.fr\/wp-content\/uploads\/2025\/02\/stellantis-full-chiffres-2024-531x119.jpg 531w, https:\/\/www.italpassion.fr\/wp-content\/uploads\/2025\/02\/stellantis-full-chiffres-2024-364x82.jpg 364w, https:\/\/www.italpassion.fr\/wp-content\/uploads\/2025\/02\/stellantis-full-chiffres-2024-728x163.jpg 728w, https:\/\/www.italpassion.fr\/wp-content\/uploads\/2025\/02\/stellantis-full-chiffres-2024-608x136.jpg 608w, https:\/\/www.italpassion.fr\/wp-content\/uploads\/2025\/02\/stellantis-full-chiffres-2024-758x170.jpg 758w\" sizes=\"auto, (max-width: 987px) 100vw, 987px\" \/><\/figure>\n\n\n\n<p><strong>Het jaar 2024 was bijzonder moeilijk voor Stellantis, <\/strong>met een duidelijke daling van de financi\u00eble prestaties. De netto-omzet van de Groep bedroeg <strong>156 miljard euro<\/strong>een val van <strong>18 %<\/strong> vergeleken met 2023. Deze daling is grotendeels toe te schrijven aan lagere verkopen en voorraadverminderende maatregelen. De Groep boekte een <strong>132 % van zendingsvolumes<\/strong>Deze daling werd geaccentueerd door de tijdelijke afwezigheid van bepaalde modellen uit het assortiment en een vermindering van de voorraden wereldwijd.<\/p>\n\n\n\n<p>Maar de meest spectaculaire daling was die van de winsten. Met <strong>een nettowinst van 5,5 miljard euro,<\/strong> Stellantis zag zijn resultaten dalen met <strong>70 %<\/strong> vergeleken met het voorgaande jaar, met een marge van <strong>5,5 %. <\/strong> De industri\u00eble vrije kasstroom was een ander donker punt. \u00c0 <strong>-6 miljard euro<\/strong>Het jaar werd gekenmerkt door een aanzienlijke verslechtering, waarbij productieaanpassingen en lagere inkomsten druk uitoefenden op de kaspositie van de Groep.<\/p>\n\n\n\n<figure class=\"wp-block-image size-full\"><img loading=\"lazy\" decoding=\"async\" width=\"848\" height=\"310\" src=\"https:\/\/www.italpassion.fr\/wp-content\/uploads\/2025\/02\/revenus-stellantis-par-region-2024.jpg\" alt=\"\" class=\"wp-image-36883\" srcset=\"https:\/\/www.italpassion.fr\/wp-content\/uploads\/2025\/02\/revenus-stellantis-par-region-2024.jpg 848w, https:\/\/www.italpassion.fr\/wp-content\/uploads\/2025\/02\/revenus-stellantis-par-region-2024-300x110.jpg 300w, https:\/\/www.italpassion.fr\/wp-content\/uploads\/2025\/02\/revenus-stellantis-par-region-2024-768x281.jpg 768w, https:\/\/www.italpassion.fr\/wp-content\/uploads\/2025\/02\/revenus-stellantis-par-region-2024-18x7.jpg 18w, https:\/\/www.italpassion.fr\/wp-content\/uploads\/2025\/02\/revenus-stellantis-par-region-2024-561x205.jpg 561w, https:\/\/www.italpassion.fr\/wp-content\/uploads\/2025\/02\/revenus-stellantis-par-region-2024-265x97.jpg 265w, https:\/\/www.italpassion.fr\/wp-content\/uploads\/2025\/02\/revenus-stellantis-par-region-2024-531x194.jpg 531w, https:\/\/www.italpassion.fr\/wp-content\/uploads\/2025\/02\/revenus-stellantis-par-region-2024-364x133.jpg 364w, https:\/\/www.italpassion.fr\/wp-content\/uploads\/2025\/02\/revenus-stellantis-par-region-2024-728x266.jpg 728w, https:\/\/www.italpassion.fr\/wp-content\/uploads\/2025\/02\/revenus-stellantis-par-region-2024-608x222.jpg 608w, https:\/\/www.italpassion.fr\/wp-content\/uploads\/2025\/02\/revenus-stellantis-par-region-2024-758x277.jpg 758w\" sizes=\"auto, (max-width: 848px) 100vw, 848px\" \/><figcaption class=\"wp-element-caption\">Bron italpassion<\/figcaption><\/figure>\n\n\n\n<h2 class=\"wp-block-heading\">Een verlaging van het dividend<\/h2>\n\n\n\n<p><strong>In het verleden heeft Stellantis recorddividenden uitgekeerd, <\/strong>heeft de Groep besloten dit bedrag voor 2025 te verlagen. Het dividend per aandeel, dat <strong>1,55 in 2024<\/strong>zal meer dan gehalveerd worden tot <strong>0,68 \u20ac<\/strong> per aandeel voor het volgende jaar, een daling van bijna <strong>56 %<\/strong>. Het doel van deze beslissing is om de liquiditeit van de Groep te versterken met het oog op 2024, een jaar dat gekenmerkt wordt door teleurstellende financi\u00eble resultaten en een dalende vrije kasstroom.<\/p>\n\n\n\n<p>Hoewel de dividendverlaging kan worden gezien als een voorzorgsmaatregel, staat deze toch symbool voor de wens van Stellantis om zich aan te passen en extra middelen te verschaffen voor de uitdagingen die voor ons liggen. <strong>Deze verlaging is zeker een signaal van voorzichtigheid, gericht op het garanderen van financi\u00eble soliditeit op de lange termijn,<\/strong> zelfs als het sommige aandeelhouders kan teleurstellen.<\/p>\n\n\n\n<h2 class=\"wp-block-heading\">2025: onduidelijke doelen<\/h2>\n\n\n\n<p>De vooruitzichten voor 2025 zijn net zo onzeker. Stellantis verwacht <strong>positieve omzetgroei<\/strong> en op een <strong>eencijferige huidige operationele marge<\/strong>maar zonder precieze cijfers. De Groep verwacht ook een terugkeer naar <strong>positieve industri\u00eble vrije kasstroom<\/strong>Dit lijkt essentieel om het vertrouwen in de markt een boost te geven na zo'n moeilijk jaar.<\/p>\n\n\n\n<p><strong>De doelstellingen blijven echter onduidelijk, <\/strong>en Stellantis zal voor de uitdaging staan om zijn ambities waar te maken in een steeds intensievere concurrentieomgeving, vooral met het oog op de groeiende macht van Chinese fabrikanten. Tegelijkertijd zet de overgang naar ge\u00eblektrificeerde modellen zich voort, met <strong>10 lanceringen verwacht tegen 2025 op STLA-platforms,<\/strong> maar de concrete resultaten van deze veranderingen moeten nog worden bewezen.<\/p>\n\n\n\n<p><strong>De zoektocht naar een nieuwe CEO, die in de eerste helft van 2025 moet worden benoemd, <\/strong>zou een nieuwe impuls kunnen geven aan de Groep, maar er blijft onzekerheid bestaan over de toekomstige richting van de Groep, vooral na het aftreden van Carlos Tavares in november 2024. <a href=\"https:\/\/www.italpassion.fr\/nl\/stellantis\/carlos-tavares-neemt-ontslag-een-durf-vooruit-2030-niet-langer-houdbaar-overzicht-van-de-cijfers\/\">De langetermijnstrategie Dare Forward 2030 van de Groep kan worden herzien<\/a>Veel waarnemers zijn benieuwd hoe de volgende leider deze groep van 14 merken nieuw leven kan inblazen.<\/p>","protected":false},"excerpt":{"rendered":"","protected":false},"author":1,"featured_media":35366,"comment_status":"open","ping_status":"open","sticky":false,"template":"","format":"standard","meta":{"_acf_changed":false,"_sitemap_exclude":false,"_sitemap_priority":"","_sitemap_frequency":"","footnotes":""},"categories":[29],"tags":[],"class_list":["post-36882","post","type-post","status-publish","format-standard","has-post-thumbnail","hentry","category-stellantis","generate-columns","tablet-grid-50","mobile-grid-100","grid-parent","grid-33"],"acf":[],"yoast_head":"<!-- This site is optimized with the Yoast SEO plugin v25.8 - https:\/\/yoast.com\/wordpress\/plugins\/seo\/ -->\n<title>Stellantis : des chiffres 2024 dans le rouge, des objectifs 2025 flous - ItalPassion<\/title>\n<meta name=\"description\" content=\"John Elkann, pr\u00e9sident de Stellantis L\u2019ann\u00e9e 2024 aura \u00e9t\u00e9 une ann\u00e9e difficile pour Stellantis. Si le groupe a enregistr\u00e9 des r\u00e9sultats financiers bien en\" \/>\n<meta name=\"robots\" content=\"index, follow, max-snippet:-1, max-image-preview:large, max-video-preview:-1\" \/>\n<link rel=\"canonical\" href=\"https:\/\/www.italpassion.fr\/nl\/stellantis\/stellantis-2024-cijfers-in-het-rood-onduidelijke-doelen-2025\/\" \/>\n<meta property=\"og:locale\" content=\"nl_NL\" \/>\n<meta property=\"og:type\" content=\"article\" \/>\n<meta property=\"og:title\" content=\"Stellantis : des chiffres 2024 dans le rouge, des objectifs 2025 flous - ItalPassion\" \/>\n<meta property=\"og:description\" content=\"John Elkann, pr\u00e9sident de Stellantis L\u2019ann\u00e9e 2024 aura \u00e9t\u00e9 une ann\u00e9e difficile pour Stellantis. Si le groupe a enregistr\u00e9 des r\u00e9sultats financiers bien en\" \/>\n<meta property=\"og:url\" content=\"https:\/\/www.italpassion.fr\/nl\/stellantis\/stellantis-2024-cijfers-in-het-rood-onduidelijke-doelen-2025\/\" \/>\n<meta property=\"og:site_name\" content=\"ItalPassion\" \/>\n<meta property=\"article:publisher\" content=\"https:\/\/www.facebook.com\/italpassion\" \/>\n<meta property=\"article:published_time\" content=\"2025-02-26T08:19:49+00:00\" \/>\n<meta property=\"article:modified_time\" content=\"2025-02-26T08:23:25+00:00\" \/>\n<meta property=\"og:image\" content=\"https:\/\/www.italpassion.fr\/wp-content\/uploads\/2024\/12\/john-elkann-stellantis.jpg\" \/>\n\t<meta property=\"og:image:width\" content=\"1200\" \/>\n\t<meta property=\"og:image:height\" content=\"800\" \/>\n\t<meta property=\"og:image:type\" content=\"image\/jpeg\" \/>\n<meta name=\"author\" content=\"Alexandre Filluzeau\" \/>\n<meta name=\"twitter:card\" content=\"summary_large_image\" \/>\n<meta name=\"twitter:creator\" content=\"@italpassion\" \/>\n<meta name=\"twitter:site\" content=\"@italpassion\" \/>\n<script type=\"application\/ld+json\" class=\"yoast-schema-graph\">{\"@context\":\"https:\/\/schema.org\",\"@graph\":[{\"@type\":\"NewsArticle\",\"@id\":\"https:\/\/www.italpassion.fr\/nl\/stellantis\/stellantis-des-chiffres-2024-dans-le-rouge-des-objectifs-2025-flous\/#article\",\"isPartOf\":{\"@id\":\"https:\/\/www.italpassion.fr\/nl\/stellantis\/stellantis-des-chiffres-2024-dans-le-rouge-des-objectifs-2025-flous\/\"},\"author\":{\"name\":\"Alexandre Filluzeau\",\"@id\":\"https:\/\/www.italpassion.fr\/nl\/#\/schema\/person\/36f747b2a759ca202d847e85a9434ca0\"},\"headline\":\"Stellantis : des chiffres 2024 dans le rouge, des objectifs 2025 flous\",\"datePublished\":\"2025-02-26T08:19:49+00:00\",\"dateModified\":\"2025-02-26T08:23:25+00:00\",\"mainEntityOfPage\":{\"@id\":\"https:\/\/www.italpassion.fr\/nl\/stellantis\/stellantis-des-chiffres-2024-dans-le-rouge-des-objectifs-2025-flous\/\"},\"wordCount\":622,\"commentCount\":1,\"publisher\":{\"@id\":\"https:\/\/www.italpassion.fr\/nl\/#organization\"},\"image\":{\"@id\":\"https:\/\/www.italpassion.fr\/nl\/stellantis\/stellantis-des-chiffres-2024-dans-le-rouge-des-objectifs-2025-flous\/#primaryimage\"},\"thumbnailUrl\":\"https:\/\/www.italpassion.fr\/wp-content\/uploads\/2024\/12\/john-elkann-stellantis.jpg\",\"articleSection\":[\"Stellantis\"],\"inLanguage\":\"nl-NL\",\"potentialAction\":[{\"@type\":\"CommentAction\",\"name\":\"Comment\",\"target\":[\"https:\/\/www.italpassion.fr\/nl\/stellantis\/stellantis-des-chiffres-2024-dans-le-rouge-des-objectifs-2025-flous\/#respond\"]}]},{\"@type\":\"WebPage\",\"@id\":\"https:\/\/www.italpassion.fr\/nl\/stellantis\/stellantis-des-chiffres-2024-dans-le-rouge-des-objectifs-2025-flous\/\",\"url\":\"https:\/\/www.italpassion.fr\/nl\/stellantis\/stellantis-des-chiffres-2024-dans-le-rouge-des-objectifs-2025-flous\/\",\"name\":\"Stellantis : des chiffres 2024 dans le rouge, des objectifs 2025 flous - ItalPassion\",\"isPartOf\":{\"@id\":\"https:\/\/www.italpassion.fr\/nl\/#website\"},\"primaryImageOfPage\":{\"@id\":\"https:\/\/www.italpassion.fr\/nl\/stellantis\/stellantis-des-chiffres-2024-dans-le-rouge-des-objectifs-2025-flous\/#primaryimage\"},\"image\":{\"@id\":\"https:\/\/www.italpassion.fr\/nl\/stellantis\/stellantis-des-chiffres-2024-dans-le-rouge-des-objectifs-2025-flous\/#primaryimage\"},\"thumbnailUrl\":\"https:\/\/www.italpassion.fr\/wp-content\/uploads\/2024\/12\/john-elkann-stellantis.jpg\",\"datePublished\":\"2025-02-26T08:19:49+00:00\",\"dateModified\":\"2025-02-26T08:23:25+00:00\",\"description\":\"John Elkann, pr\u00e9sident de Stellantis L\u2019ann\u00e9e 2024 aura \u00e9t\u00e9 une ann\u00e9e difficile pour Stellantis. Si le groupe a enregistr\u00e9 des r\u00e9sultats financiers bien en\",\"breadcrumb\":{\"@id\":\"https:\/\/www.italpassion.fr\/nl\/stellantis\/stellantis-des-chiffres-2024-dans-le-rouge-des-objectifs-2025-flous\/#breadcrumb\"},\"inLanguage\":\"nl-NL\",\"potentialAction\":[{\"@type\":\"ReadAction\",\"target\":[\"https:\/\/www.italpassion.fr\/nl\/stellantis\/stellantis-des-chiffres-2024-dans-le-rouge-des-objectifs-2025-flous\/\"]}]},{\"@type\":\"ImageObject\",\"inLanguage\":\"nl-NL\",\"@id\":\"https:\/\/www.italpassion.fr\/nl\/stellantis\/stellantis-des-chiffres-2024-dans-le-rouge-des-objectifs-2025-flous\/#primaryimage\",\"url\":\"https:\/\/www.italpassion.fr\/wp-content\/uploads\/2024\/12\/john-elkann-stellantis.jpg\",\"contentUrl\":\"https:\/\/www.italpassion.fr\/wp-content\/uploads\/2024\/12\/john-elkann-stellantis.jpg\",\"width\":1200,\"height\":800},{\"@type\":\"BreadcrumbList\",\"@id\":\"https:\/\/www.italpassion.fr\/nl\/stellantis\/stellantis-des-chiffres-2024-dans-le-rouge-des-objectifs-2025-flous\/#breadcrumb\",\"itemListElement\":[{\"@type\":\"ListItem\",\"position\":1,\"name\":\"Accueil\",\"item\":\"https:\/\/www.italpassion.fr\/nl\/\"},{\"@type\":\"ListItem\",\"position\":2,\"name\":\"Stellantis : des chiffres 2024 dans le rouge, des objectifs 2025 flous\"}]},{\"@type\":\"WebSite\",\"@id\":\"https:\/\/www.italpassion.fr\/nl\/#website\",\"url\":\"https:\/\/www.italpassion.fr\/nl\/\",\"name\":\"ItalPassion\",\"description\":\"Les Passionn\u00e9s d&#039;Automobiles Italiennes\",\"publisher\":{\"@id\":\"https:\/\/www.italpassion.fr\/nl\/#organization\"},\"potentialAction\":[{\"@type\":\"SearchAction\",\"target\":{\"@type\":\"EntryPoint\",\"urlTemplate\":\"https:\/\/www.italpassion.fr\/nl\/?s={search_term_string}\"},\"query-input\":{\"@type\":\"PropertyValueSpecification\",\"valueRequired\":true,\"valueName\":\"search_term_string\"}}],\"inLanguage\":\"nl-NL\"},{\"@type\":\"Organization\",\"@id\":\"https:\/\/www.italpassion.fr\/nl\/#organization\",\"name\":\"Italpassion\",\"url\":\"https:\/\/www.italpassion.fr\/nl\/\",\"logo\":{\"@type\":\"ImageObject\",\"inLanguage\":\"nl-NL\",\"@id\":\"https:\/\/www.italpassion.fr\/nl\/#\/schema\/logo\/image\/\",\"url\":\"https:\/\/www.italpassion.fr\/wp-content\/uploads\/2023\/07\/italpassion-yoast.jpg\",\"contentUrl\":\"https:\/\/www.italpassion.fr\/wp-content\/uploads\/2023\/07\/italpassion-yoast.jpg\",\"width\":696,\"height\":696,\"caption\":\"Italpassion\"},\"image\":{\"@id\":\"https:\/\/www.italpassion.fr\/nl\/#\/schema\/logo\/image\/\"},\"sameAs\":[\"https:\/\/www.facebook.com\/italpassion\",\"https:\/\/x.com\/italpassion\",\"https:\/\/www.instagram.com\/italpassionfr\/\",\"https:\/\/www.youtube.com\/channel\/UCleq-ByQaA42OjhopwevRjQ\",\"https:\/\/www.facebook.com\/italpassion.en\/\",\"https:\/\/www.facebook.com\/italpassion.it\/\",\"https:\/\/www.facebook.com\/italpassion.de\/\",\"https:\/\/www.facebook.com\/italpassion.ja\/\"]},{\"@type\":\"Person\",\"@id\":\"https:\/\/www.italpassion.fr\/nl\/#\/schema\/person\/36f747b2a759ca202d847e85a9434ca0\",\"name\":\"Alexandre Filluzeau\",\"image\":{\"@type\":\"ImageObject\",\"inLanguage\":\"nl-NL\",\"@id\":\"https:\/\/www.italpassion.fr\/nl\/#\/schema\/person\/image\/\",\"url\":\"https:\/\/www.italpassion.fr\/wp-content\/uploads\/2025\/04\/avatar-alexandre-160x160.jpg\",\"contentUrl\":\"https:\/\/www.italpassion.fr\/wp-content\/uploads\/2025\/04\/avatar-alexandre-160x160.jpg\",\"caption\":\"Alexandre Filluzeau\"},\"description\":\"Fondateur du site ItalPassion, passionn\u00e9 de voitures italiennes et de l'Italie en g\u00e9n\u00e9ral. J'apporte un regard critique et technique aux actualit\u00e9s des marques italiennes quand cela est possible. Propri\u00e9taire d'une Maserati GranTurismo, Alfa Romeo MiTo, Lancia Fulvia et Ducati 695. Ex-propri\u00e9taire d'une Alfa Romeo Giulia.\",\"sameAs\":[\"https:\/\/www.italpassion.fr\/\"],\"url\":\"https:\/\/www.italpassion.fr\/nl\/author\/alexandre\/\"}]}<\/script>\n<!-- \/ Yoast SEO plugin. -->","yoast_head_json":{"title":"Stellantis: cijfers 2024 in het rood, doelen 2025 onduidelijk - ItalPassion","description":"John Elkann, voorzitter van Stellantis 2024 was een moeilijk jaar voor Stellantis. Terwijl de financi\u00eble resultaten van de Groep ver onder de","robots":{"index":"index","follow":"follow","max-snippet":"max-snippet:-1","max-image-preview":"max-image-preview:large","max-video-preview":"max-video-preview:-1"},"canonical":"https:\/\/www.italpassion.fr\/nl\/stellantis\/stellantis-2024-cijfers-in-het-rood-onduidelijke-doelen-2025\/","og_locale":"nl_NL","og_type":"article","og_title":"Stellantis : des chiffres 2024 dans le rouge, des objectifs 2025 flous - ItalPassion","og_description":"John Elkann, pr\u00e9sident de Stellantis L\u2019ann\u00e9e 2024 aura \u00e9t\u00e9 une ann\u00e9e difficile pour Stellantis. Si le groupe a enregistr\u00e9 des r\u00e9sultats financiers bien en","og_url":"https:\/\/www.italpassion.fr\/nl\/stellantis\/stellantis-2024-cijfers-in-het-rood-onduidelijke-doelen-2025\/","og_site_name":"ItalPassion","article_publisher":"https:\/\/www.facebook.com\/italpassion","article_published_time":"2025-02-26T08:19:49+00:00","article_modified_time":"2025-02-26T08:23:25+00:00","og_image":[{"width":1200,"height":800,"url":"https:\/\/www.italpassion.fr\/wp-content\/uploads\/2024\/12\/john-elkann-stellantis.jpg","type":"image\/jpeg"}],"author":"Alexandre Filluzeau","twitter_card":"summary_large_image","twitter_creator":"@italpassion","twitter_site":"@italpassion","schema":{"@context":"https:\/\/schema.org","@graph":[{"@type":"NewsArticle","@id":"https:\/\/www.italpassion.fr\/nl\/stellantis\/stellantis-des-chiffres-2024-dans-le-rouge-des-objectifs-2025-flous\/#article","isPartOf":{"@id":"https:\/\/www.italpassion.fr\/nl\/stellantis\/stellantis-des-chiffres-2024-dans-le-rouge-des-objectifs-2025-flous\/"},"author":{"name":"Alexandre Filluzeau","@id":"https:\/\/www.italpassion.fr\/nl\/#\/schema\/person\/36f747b2a759ca202d847e85a9434ca0"},"headline":"Stellantis : des chiffres 2024 dans le rouge, des objectifs 2025 flous","datePublished":"2025-02-26T08:19:49+00:00","dateModified":"2025-02-26T08:23:25+00:00","mainEntityOfPage":{"@id":"https:\/\/www.italpassion.fr\/nl\/stellantis\/stellantis-des-chiffres-2024-dans-le-rouge-des-objectifs-2025-flous\/"},"wordCount":622,"commentCount":1,"publisher":{"@id":"https:\/\/www.italpassion.fr\/nl\/#organization"},"image":{"@id":"https:\/\/www.italpassion.fr\/nl\/stellantis\/stellantis-des-chiffres-2024-dans-le-rouge-des-objectifs-2025-flous\/#primaryimage"},"thumbnailUrl":"https:\/\/www.italpassion.fr\/wp-content\/uploads\/2024\/12\/john-elkann-stellantis.jpg","articleSection":["Stellantis"],"inLanguage":"nl-NL","potentialAction":[{"@type":"CommentAction","name":"Comment","target":["https:\/\/www.italpassion.fr\/nl\/stellantis\/stellantis-des-chiffres-2024-dans-le-rouge-des-objectifs-2025-flous\/#respond"]}]},{"@type":"WebPage","@id":"https:\/\/www.italpassion.fr\/nl\/stellantis\/stellantis-des-chiffres-2024-dans-le-rouge-des-objectifs-2025-flous\/","url":"https:\/\/www.italpassion.fr\/nl\/stellantis\/stellantis-des-chiffres-2024-dans-le-rouge-des-objectifs-2025-flous\/","name":"Stellantis: cijfers 2024 in het rood, doelen 2025 onduidelijk - ItalPassion","isPartOf":{"@id":"https:\/\/www.italpassion.fr\/nl\/#website"},"primaryImageOfPage":{"@id":"https:\/\/www.italpassion.fr\/nl\/stellantis\/stellantis-des-chiffres-2024-dans-le-rouge-des-objectifs-2025-flous\/#primaryimage"},"image":{"@id":"https:\/\/www.italpassion.fr\/nl\/stellantis\/stellantis-des-chiffres-2024-dans-le-rouge-des-objectifs-2025-flous\/#primaryimage"},"thumbnailUrl":"https:\/\/www.italpassion.fr\/wp-content\/uploads\/2024\/12\/john-elkann-stellantis.jpg","datePublished":"2025-02-26T08:19:49+00:00","dateModified":"2025-02-26T08:23:25+00:00","description":"John Elkann, voorzitter van Stellantis 2024 was een moeilijk jaar voor Stellantis. Terwijl de financi\u00eble resultaten van de Groep ver onder de","breadcrumb":{"@id":"https:\/\/www.italpassion.fr\/nl\/stellantis\/stellantis-des-chiffres-2024-dans-le-rouge-des-objectifs-2025-flous\/#breadcrumb"},"inLanguage":"nl-NL","potentialAction":[{"@type":"ReadAction","target":["https:\/\/www.italpassion.fr\/nl\/stellantis\/stellantis-des-chiffres-2024-dans-le-rouge-des-objectifs-2025-flous\/"]}]},{"@type":"ImageObject","inLanguage":"nl-NL","@id":"https:\/\/www.italpassion.fr\/nl\/stellantis\/stellantis-des-chiffres-2024-dans-le-rouge-des-objectifs-2025-flous\/#primaryimage","url":"https:\/\/www.italpassion.fr\/wp-content\/uploads\/2024\/12\/john-elkann-stellantis.jpg","contentUrl":"https:\/\/www.italpassion.fr\/wp-content\/uploads\/2024\/12\/john-elkann-stellantis.jpg","width":1200,"height":800},{"@type":"BreadcrumbList","@id":"https:\/\/www.italpassion.fr\/nl\/stellantis\/stellantis-des-chiffres-2024-dans-le-rouge-des-objectifs-2025-flous\/#breadcrumb","itemListElement":[{"@type":"ListItem","position":1,"name":"Accueil","item":"https:\/\/www.italpassion.fr\/nl\/"},{"@type":"ListItem","position":2,"name":"Stellantis : des chiffres 2024 dans le rouge, des objectifs 2025 flous"}]},{"@type":"WebSite","@id":"https:\/\/www.italpassion.fr\/nl\/#website","url":"https:\/\/www.italpassion.fr\/nl\/","name":"ItalPassion","description":"Italiaanse autoliefhebbers","publisher":{"@id":"https:\/\/www.italpassion.fr\/nl\/#organization"},"potentialAction":[{"@type":"SearchAction","target":{"@type":"EntryPoint","urlTemplate":"https:\/\/www.italpassion.fr\/nl\/?s={search_term_string}"},"query-input":{"@type":"PropertyValueSpecification","valueRequired":true,"valueName":"search_term_string"}}],"inLanguage":"nl-NL"},{"@type":"Organization","@id":"https:\/\/www.italpassion.fr\/nl\/#organization","name":"Italpassion","url":"https:\/\/www.italpassion.fr\/nl\/","logo":{"@type":"ImageObject","inLanguage":"nl-NL","@id":"https:\/\/www.italpassion.fr\/nl\/#\/schema\/logo\/image\/","url":"https:\/\/www.italpassion.fr\/wp-content\/uploads\/2023\/07\/italpassion-yoast.jpg","contentUrl":"https:\/\/www.italpassion.fr\/wp-content\/uploads\/2023\/07\/italpassion-yoast.jpg","width":696,"height":696,"caption":"Italpassion"},"image":{"@id":"https:\/\/www.italpassion.fr\/nl\/#\/schema\/logo\/image\/"},"sameAs":["https:\/\/www.facebook.com\/italpassion","https:\/\/x.com\/italpassion","https:\/\/www.instagram.com\/italpassionfr\/","https:\/\/www.youtube.com\/channel\/UCleq-ByQaA42OjhopwevRjQ","https:\/\/www.facebook.com\/italpassion.en\/","https:\/\/www.facebook.com\/italpassion.it\/","https:\/\/www.facebook.com\/italpassion.de\/","https:\/\/www.facebook.com\/italpassion.ja\/"]},{"@type":"Person","@id":"https:\/\/www.italpassion.fr\/nl\/#\/schema\/person\/36f747b2a759ca202d847e85a9434ca0","name":"Alexandre Filluzeau","image":{"@type":"ImageObject","inLanguage":"nl-NL","@id":"https:\/\/www.italpassion.fr\/nl\/#\/schema\/person\/image\/","url":"https:\/\/www.italpassion.fr\/wp-content\/uploads\/2025\/04\/avatar-alexandre-160x160.jpg","contentUrl":"https:\/\/www.italpassion.fr\/wp-content\/uploads\/2025\/04\/avatar-alexandre-160x160.jpg","caption":"Alexandre Filluzeau"},"description":"Oprichter van de website ItalPassion, gepassioneerd door Italiaanse auto's en Itali\u00eb in het algemeen. Waar mogelijk breng ik een kritisch en technisch oog naar nieuws over Italiaanse merken. Eigenaar van een Maserati GranTurismo, Alfa Romeo MiTo, Lancia Fulvia en Ducati 695. Ex-eigenaar van een Alfa Romeo Giulia.","sameAs":["https:\/\/www.italpassion.fr\/"],"url":"https:\/\/www.italpassion.fr\/nl\/author\/alexandre\/"}]}},"_links":{"self":[{"href":"https:\/\/www.italpassion.fr\/nl\/wp-json\/wp\/v2\/posts\/36882","targetHints":{"allow":["GET"]}}],"collection":[{"href":"https:\/\/www.italpassion.fr\/nl\/wp-json\/wp\/v2\/posts"}],"about":[{"href":"https:\/\/www.italpassion.fr\/nl\/wp-json\/wp\/v2\/types\/post"}],"author":[{"embeddable":true,"href":"https:\/\/www.italpassion.fr\/nl\/wp-json\/wp\/v2\/users\/1"}],"replies":[{"embeddable":true,"href":"https:\/\/www.italpassion.fr\/nl\/wp-json\/wp\/v2\/comments?post=36882"}],"version-history":[{"count":2,"href":"https:\/\/www.italpassion.fr\/nl\/wp-json\/wp\/v2\/posts\/36882\/revisions"}],"predecessor-version":[{"id":36888,"href":"https:\/\/www.italpassion.fr\/nl\/wp-json\/wp\/v2\/posts\/36882\/revisions\/36888"}],"wp:featuredmedia":[{"embeddable":true,"href":"https:\/\/www.italpassion.fr\/nl\/wp-json\/wp\/v2\/media\/35366"}],"wp:attachment":[{"href":"https:\/\/www.italpassion.fr\/nl\/wp-json\/wp\/v2\/media?parent=36882"}],"wp:term":[{"taxonomy":"category","embeddable":true,"href":"https:\/\/www.italpassion.fr\/nl\/wp-json\/wp\/v2\/categories?post=36882"},{"taxonomy":"post_tag","embeddable":true,"href":"https:\/\/www.italpassion.fr\/nl\/wp-json\/wp\/v2\/tags?post=36882"}],"curies":[{"name":"wp","href":"https:\/\/api.w.org\/{rel}","templated":true}]}}