{"id":36763,"date":"2025-02-19T11:21:49","date_gmt":"2025-02-19T10:21:49","guid":{"rendered":"https:\/\/www.italpassion.fr\/?p=36763"},"modified":"2025-02-19T11:21:55","modified_gmt":"2025-02-19T10:21:55","slug":"f1-ferrari-sf-25-hier-zijn-de-eerste-fotos-en-de-officiele-video-van-de-auto-op-het-circuit","status":"publish","type":"post","link":"https:\/\/www.italpassion.fr\/nl\/competition\/formule-1\/f1-ferrari-sf-25-voici-les-premieres-photos-et-la-video-officielle-de-la-voiture-en-piste\/","title":{"rendered":"F1 Ferrari SF-25: hier zijn de eerste foto's en de offici\u00eble video van de auto op het circuit!"},"content":{"rendered":"<figure class=\"wp-block-image size-large\"><img loading=\"lazy\" decoding=\"async\" width=\"1024\" height=\"683\" src=\"https:\/\/www.italpassion.fr\/wp-content\/uploads\/2025\/02\/ferrari-sf25-6-1024x683.jpg\" alt=\"\" class=\"wp-image-36765\" srcset=\"https:\/\/www.italpassion.fr\/wp-content\/uploads\/2025\/02\/ferrari-sf25-6-1024x683.jpg 1024w, https:\/\/www.italpassion.fr\/wp-content\/uploads\/2025\/02\/ferrari-sf25-6-300x200.jpg 300w, https:\/\/www.italpassion.fr\/wp-content\/uploads\/2025\/02\/ferrari-sf25-6-768x512.jpg 768w, https:\/\/www.italpassion.fr\/wp-content\/uploads\/2025\/02\/ferrari-sf25-6-18x12.jpg 18w, https:\/\/www.italpassion.fr\/wp-content\/uploads\/2025\/02\/ferrari-sf25-6-561x374.jpg 561w, https:\/\/www.italpassion.fr\/wp-content\/uploads\/2025\/02\/ferrari-sf25-6-1122x748.jpg 1122w, https:\/\/www.italpassion.fr\/wp-content\/uploads\/2025\/02\/ferrari-sf25-6-265x177.jpg 265w, https:\/\/www.italpassion.fr\/wp-content\/uploads\/2025\/02\/ferrari-sf25-6-531x354.jpg 531w, https:\/\/www.italpassion.fr\/wp-content\/uploads\/2025\/02\/ferrari-sf25-6-364x243.jpg 364w, https:\/\/www.italpassion.fr\/wp-content\/uploads\/2025\/02\/ferrari-sf25-6-728x485.jpg 728w, https:\/\/www.italpassion.fr\/wp-content\/uploads\/2025\/02\/ferrari-sf25-6-608x405.jpg 608w, https:\/\/www.italpassion.fr\/wp-content\/uploads\/2025\/02\/ferrari-sf25-6-758x505.jpg 758w, https:\/\/www.italpassion.fr\/wp-content\/uploads\/2025\/02\/ferrari-sf25-6-1152x768.jpg 1152w, https:\/\/www.italpassion.fr\/wp-content\/uploads\/2025\/02\/ferrari-sf25-6.jpg 1200w\" sizes=\"auto, (max-width: 1024px) 100vw, 1024px\" \/><\/figure>\n\n\n\n<p>Het langverwachte moment is eindelijk aangebroken: <strong>De Ferrari SF-25 gaat officieel voor het eerst het circuit op in Fiorano. <\/strong>Na maanden van ontwikkeling en speculatie is de <a href=\"https:\/\/www.italpassion.fr\/nl\/tag\/scuderia-ferrari\/\">Scuderia Ferrari<\/a> onthulde zijn nieuwe eenzitter in actie, met Charles Leclerc achter het stuur. Dit is een belangrijke mijlpaal in de voorbereidingen voor het seizoen 2025 van <a href=\"https:\/\/www.italpassion.fr\/nl\/wedstrijd\/formule-1\/\">Formule 1<\/a>en <strong>De offici\u00eble video, vergezeld van de eerste foto's, laat de SF-25 in actie zien.<\/strong><\/p>\n\n\n\n<h2 class=\"wp-block-heading\">Leclerc aan het stuur van de SF-25<\/h2>\n\n\n\n<p><strong>Het was op het historische Fiorano circuit, Ferrari's iconische testterrein, dat Charles Leclerc zijn eerste rit in de SF-25 maakte.<\/strong> De Monegaskische coureur had de eer om de nieuwe auto te testen, die Ferrari's hoop vertegenwoordigt om na enkele jaren van strijd weer aan de leiding te komen in de F1. Leclerc, die zijn talenten al heeft laten zien achter het stuur van eerdere Ferrari's, keek reikhalzend uit naar zijn eerste rondjes met de SF-25.<\/p>\n\n\n\n<figure class=\"wp-block-image size-large\"><img loading=\"lazy\" decoding=\"async\" width=\"1024\" height=\"683\" src=\"https:\/\/www.italpassion.fr\/wp-content\/uploads\/2025\/02\/ferrari-sf25-7-1024x683.jpg\" alt=\"\" class=\"wp-image-36764\" srcset=\"https:\/\/www.italpassion.fr\/wp-content\/uploads\/2025\/02\/ferrari-sf25-7-1024x683.jpg 1024w, https:\/\/www.italpassion.fr\/wp-content\/uploads\/2025\/02\/ferrari-sf25-7-300x200.jpg 300w, https:\/\/www.italpassion.fr\/wp-content\/uploads\/2025\/02\/ferrari-sf25-7-768x512.jpg 768w, https:\/\/www.italpassion.fr\/wp-content\/uploads\/2025\/02\/ferrari-sf25-7-18x12.jpg 18w, https:\/\/www.italpassion.fr\/wp-content\/uploads\/2025\/02\/ferrari-sf25-7-561x374.jpg 561w, https:\/\/www.italpassion.fr\/wp-content\/uploads\/2025\/02\/ferrari-sf25-7-1122x748.jpg 1122w, https:\/\/www.italpassion.fr\/wp-content\/uploads\/2025\/02\/ferrari-sf25-7-265x177.jpg 265w, https:\/\/www.italpassion.fr\/wp-content\/uploads\/2025\/02\/ferrari-sf25-7-531x354.jpg 531w, https:\/\/www.italpassion.fr\/wp-content\/uploads\/2025\/02\/ferrari-sf25-7-364x243.jpg 364w, https:\/\/www.italpassion.fr\/wp-content\/uploads\/2025\/02\/ferrari-sf25-7-728x485.jpg 728w, https:\/\/www.italpassion.fr\/wp-content\/uploads\/2025\/02\/ferrari-sf25-7-608x405.jpg 608w, https:\/\/www.italpassion.fr\/wp-content\/uploads\/2025\/02\/ferrari-sf25-7-758x505.jpg 758w, https:\/\/www.italpassion.fr\/wp-content\/uploads\/2025\/02\/ferrari-sf25-7-1152x768.jpg 1152w, https:\/\/www.italpassion.fr\/wp-content\/uploads\/2025\/02\/ferrari-sf25-7.jpg 1200w\" sizes=\"auto, (max-width: 1024px) 100vw, 1024px\" \/><\/figure>\n\n\n\n<p>De eerste foto's van het circuit bieden een opvallende blik op de SF-25 in actie. <strong>De esthetiek van de auto, met zijn matrode kleurstelling en witte accenten, <\/strong>onderscheidt zich door zijn agressieve, vloeiende uiterlijk. Op de foto's lijkt de auto het circuit van Fiorano perfect onder de knie te hebben, met strakke lijnen en aerodynamische aanpassingen die al zichtbaar zijn, vooral aan de zijkanten en de voorvleugel.<\/p>\n\n\n\n<figure class=\"wp-block-image size-large\"><img loading=\"lazy\" decoding=\"async\" width=\"1024\" height=\"683\" src=\"https:\/\/www.italpassion.fr\/wp-content\/uploads\/2025\/02\/ferrari-sf25-4-1024x683.jpg\" alt=\"\" class=\"wp-image-36766\" srcset=\"https:\/\/www.italpassion.fr\/wp-content\/uploads\/2025\/02\/ferrari-sf25-4-1024x683.jpg 1024w, https:\/\/www.italpassion.fr\/wp-content\/uploads\/2025\/02\/ferrari-sf25-4-300x200.jpg 300w, https:\/\/www.italpassion.fr\/wp-content\/uploads\/2025\/02\/ferrari-sf25-4-768x512.jpg 768w, https:\/\/www.italpassion.fr\/wp-content\/uploads\/2025\/02\/ferrari-sf25-4-18x12.jpg 18w, https:\/\/www.italpassion.fr\/wp-content\/uploads\/2025\/02\/ferrari-sf25-4-561x374.jpg 561w, https:\/\/www.italpassion.fr\/wp-content\/uploads\/2025\/02\/ferrari-sf25-4-1122x748.jpg 1122w, https:\/\/www.italpassion.fr\/wp-content\/uploads\/2025\/02\/ferrari-sf25-4-265x177.jpg 265w, https:\/\/www.italpassion.fr\/wp-content\/uploads\/2025\/02\/ferrari-sf25-4-531x354.jpg 531w, https:\/\/www.italpassion.fr\/wp-content\/uploads\/2025\/02\/ferrari-sf25-4-364x243.jpg 364w, https:\/\/www.italpassion.fr\/wp-content\/uploads\/2025\/02\/ferrari-sf25-4-728x485.jpg 728w, https:\/\/www.italpassion.fr\/wp-content\/uploads\/2025\/02\/ferrari-sf25-4-608x405.jpg 608w, https:\/\/www.italpassion.fr\/wp-content\/uploads\/2025\/02\/ferrari-sf25-4-758x505.jpg 758w, https:\/\/www.italpassion.fr\/wp-content\/uploads\/2025\/02\/ferrari-sf25-4-1152x768.jpg 1152w, https:\/\/www.italpassion.fr\/wp-content\/uploads\/2025\/02\/ferrari-sf25-4.jpg 1200w\" sizes=\"auto, (max-width: 1024px) 100vw, 1024px\" \/><\/figure>\n\n\n\n<figure class=\"wp-block-image size-large\"><img loading=\"lazy\" decoding=\"async\" width=\"1024\" height=\"683\" src=\"https:\/\/www.italpassion.fr\/wp-content\/uploads\/2025\/02\/ferrari-sf-25-1-1024x683.jpg\" alt=\"\" class=\"wp-image-36767\" srcset=\"https:\/\/www.italpassion.fr\/wp-content\/uploads\/2025\/02\/ferrari-sf-25-1-1024x683.jpg 1024w, https:\/\/www.italpassion.fr\/wp-content\/uploads\/2025\/02\/ferrari-sf-25-1-300x200.jpg 300w, https:\/\/www.italpassion.fr\/wp-content\/uploads\/2025\/02\/ferrari-sf-25-1-768x512.jpg 768w, https:\/\/www.italpassion.fr\/wp-content\/uploads\/2025\/02\/ferrari-sf-25-1-18x12.jpg 18w, https:\/\/www.italpassion.fr\/wp-content\/uploads\/2025\/02\/ferrari-sf-25-1-561x374.jpg 561w, https:\/\/www.italpassion.fr\/wp-content\/uploads\/2025\/02\/ferrari-sf-25-1-1122x748.jpg 1122w, https:\/\/www.italpassion.fr\/wp-content\/uploads\/2025\/02\/ferrari-sf-25-1-265x177.jpg 265w, https:\/\/www.italpassion.fr\/wp-content\/uploads\/2025\/02\/ferrari-sf-25-1-531x354.jpg 531w, https:\/\/www.italpassion.fr\/wp-content\/uploads\/2025\/02\/ferrari-sf-25-1-364x243.jpg 364w, https:\/\/www.italpassion.fr\/wp-content\/uploads\/2025\/02\/ferrari-sf-25-1-728x485.jpg 728w, https:\/\/www.italpassion.fr\/wp-content\/uploads\/2025\/02\/ferrari-sf-25-1-608x405.jpg 608w, https:\/\/www.italpassion.fr\/wp-content\/uploads\/2025\/02\/ferrari-sf-25-1-758x505.jpg 758w, https:\/\/www.italpassion.fr\/wp-content\/uploads\/2025\/02\/ferrari-sf-25-1-1152x768.jpg 1152w, https:\/\/www.italpassion.fr\/wp-content\/uploads\/2025\/02\/ferrari-sf-25-1.jpg 1200w\" sizes=\"auto, (max-width: 1024px) 100vw, 1024px\" \/><\/figure>\n\n\n\n<p><strong>De nieuwe trekstang voorwielophanging, <\/strong>een van de belangrijkste elementen van de SF-25, lijkt perfect te werken en biedt een goede stabiliteit. De beelden tonen ook de nauwgezette aerodynamica van de auto, met gebeeldhouwde sidepods die de lucht optimaal lijken op te vangen en zorgen voor een grote effici\u00ebntie op het circuit.<\/p>\n\n\n\n<figure class=\"wp-block-image size-large\"><img loading=\"lazy\" decoding=\"async\" width=\"1024\" height=\"683\" src=\"https:\/\/www.italpassion.fr\/wp-content\/uploads\/2025\/02\/ferrari-sf25-6-1-1024x683.jpg\" alt=\"\" class=\"wp-image-36768\" srcset=\"https:\/\/www.italpassion.fr\/wp-content\/uploads\/2025\/02\/ferrari-sf25-6-1-1024x683.jpg 1024w, https:\/\/www.italpassion.fr\/wp-content\/uploads\/2025\/02\/ferrari-sf25-6-1-300x200.jpg 300w, https:\/\/www.italpassion.fr\/wp-content\/uploads\/2025\/02\/ferrari-sf25-6-1-768x512.jpg 768w, https:\/\/www.italpassion.fr\/wp-content\/uploads\/2025\/02\/ferrari-sf25-6-1-18x12.jpg 18w, https:\/\/www.italpassion.fr\/wp-content\/uploads\/2025\/02\/ferrari-sf25-6-1-561x374.jpg 561w, https:\/\/www.italpassion.fr\/wp-content\/uploads\/2025\/02\/ferrari-sf25-6-1-1122x748.jpg 1122w, https:\/\/www.italpassion.fr\/wp-content\/uploads\/2025\/02\/ferrari-sf25-6-1-265x177.jpg 265w, https:\/\/www.italpassion.fr\/wp-content\/uploads\/2025\/02\/ferrari-sf25-6-1-531x354.jpg 531w, https:\/\/www.italpassion.fr\/wp-content\/uploads\/2025\/02\/ferrari-sf25-6-1-364x243.jpg 364w, https:\/\/www.italpassion.fr\/wp-content\/uploads\/2025\/02\/ferrari-sf25-6-1-728x485.jpg 728w, https:\/\/www.italpassion.fr\/wp-content\/uploads\/2025\/02\/ferrari-sf25-6-1-608x405.jpg 608w, https:\/\/www.italpassion.fr\/wp-content\/uploads\/2025\/02\/ferrari-sf25-6-1-758x505.jpg 758w, https:\/\/www.italpassion.fr\/wp-content\/uploads\/2025\/02\/ferrari-sf25-6-1-1152x768.jpg 1152w, https:\/\/www.italpassion.fr\/wp-content\/uploads\/2025\/02\/ferrari-sf25-6-1.jpg 1200w\" sizes=\"auto, (max-width: 1024px) 100vw, 1024px\" \/><\/figure>\n\n\n\n<h2 class=\"wp-block-heading\">De offici\u00eble video: Ferrari in actie<\/h2>\n\n\n\n<p><strong>De offici\u00eble video, gedeeld door Ferrari, toont de SF-25 in actie in de handen van Leclerc. <\/strong>De eerste paar ronden verlopen vloeiend, waarbij de coureur het reactievermogen van de auto in verschillende bochten test. Je kunt zien hoe goed de SF-25 in balans is.<\/p>\n\n\n\n<blockquote class=\"twitter-tweet\" data-media-max-width=\"560\"><p lang=\"en\" dir=\"ltr\">Voor het eerst de baan op \ud83d\udc4a <br><br>De SF-25 maakt zijn debuut in Fiorano! <a href=\"https:\/\/t.co\/Mnks5EcLrv\">pic.twitter.com\/Mnks5EcLrv<\/a><\/p>- Scuderia Ferrari HP (@ScuderiaFerrari) <a href=\"https:\/\/twitter.com\/ScuderiaFerrari\/status\/1892140691263725831?ref_src=twsrc%5Etfw\">19 februari 2025<\/a><\/blockquote> <script async src=\"https:\/\/platform.twitter.com\/widgets.js\" charset=\"utf-8\"><\/script>","protected":false},"excerpt":{"rendered":"","protected":false},"author":1,"featured_media":36768,"comment_status":"open","ping_status":"open","sticky":false,"template":"","format":"standard","meta":{"_acf_changed":false,"_sitemap_exclude":false,"_sitemap_priority":"","_sitemap_frequency":"","footnotes":""},"categories":[328,323],"tags":[370],"class_list":["post-36763","post","type-post","status-publish","format-standard","has-post-thumbnail","hentry","category-formule-1","category-competition","tag-scuderia-ferrari","generate-columns","tablet-grid-50","mobile-grid-100","grid-parent","grid-33"],"acf":[],"yoast_head":"<!-- This site is optimized with the Yoast SEO plugin v25.8 - https:\/\/yoast.com\/wordpress\/plugins\/seo\/ -->\n<title>F1 Ferrari SF-25 : voici les premi\u00e8res photos et la vid\u00e9o officielle de la voiture en piste ! - ItalPassion<\/title>\n<meta name=\"description\" content=\"Le moment tant attendu est enfin arriv\u00e9 : la Ferrari SF-25 prend officiellement la piste pour la premi\u00e8re fois \u00e0 Fiorano. Apr\u00e8s des mois de d\u00e9veloppement\" \/>\n<meta name=\"robots\" content=\"index, follow, max-snippet:-1, max-image-preview:large, max-video-preview:-1\" \/>\n<link rel=\"canonical\" href=\"https:\/\/www.italpassion.fr\/nl\/wedstrijd\/formule-1\/f1-ferrari-sf-25-hier-zijn-de-eerste-fotos-en-de-officiele-video-van-de-auto-op-het-circuit\/\" \/>\n<meta property=\"og:locale\" content=\"nl_NL\" \/>\n<meta property=\"og:type\" content=\"article\" \/>\n<meta property=\"og:title\" content=\"F1 Ferrari SF-25 : voici les premi\u00e8res photos et la vid\u00e9o officielle de la voiture en piste ! - ItalPassion\" \/>\n<meta property=\"og:description\" content=\"Le moment tant attendu est enfin arriv\u00e9 : la Ferrari SF-25 prend officiellement la piste pour la premi\u00e8re fois \u00e0 Fiorano. Apr\u00e8s des mois de d\u00e9veloppement\" \/>\n<meta property=\"og:url\" content=\"https:\/\/www.italpassion.fr\/nl\/wedstrijd\/formule-1\/f1-ferrari-sf-25-hier-zijn-de-eerste-fotos-en-de-officiele-video-van-de-auto-op-het-circuit\/\" \/>\n<meta property=\"og:site_name\" content=\"ItalPassion\" \/>\n<meta property=\"article:publisher\" content=\"https:\/\/www.facebook.com\/italpassion\" \/>\n<meta property=\"article:published_time\" content=\"2025-02-19T10:21:49+00:00\" \/>\n<meta property=\"article:modified_time\" content=\"2025-02-19T10:21:55+00:00\" \/>\n<meta property=\"og:image\" content=\"https:\/\/www.italpassion.fr\/wp-content\/uploads\/2025\/02\/ferrari-sf25-6-1.jpg\" \/>\n\t<meta property=\"og:image:width\" content=\"1200\" \/>\n\t<meta property=\"og:image:height\" content=\"800\" \/>\n\t<meta property=\"og:image:type\" content=\"image\/jpeg\" \/>\n<meta name=\"author\" content=\"Alexandre Filluzeau\" \/>\n<meta name=\"twitter:card\" content=\"summary_large_image\" \/>\n<meta name=\"twitter:creator\" content=\"@italpassion\" \/>\n<meta name=\"twitter:site\" content=\"@italpassion\" \/>\n<script type=\"application\/ld+json\" class=\"yoast-schema-graph\">{\"@context\":\"https:\/\/schema.org\",\"@graph\":[{\"@type\":\"NewsArticle\",\"@id\":\"https:\/\/www.italpassion.fr\/nl\/competition\/formule-1\/f1-ferrari-sf-25-voici-les-premieres-photos-et-la-video-officielle-de-la-voiture-en-piste\/#article\",\"isPartOf\":{\"@id\":\"https:\/\/www.italpassion.fr\/nl\/competition\/formule-1\/f1-ferrari-sf-25-voici-les-premieres-photos-et-la-video-officielle-de-la-voiture-en-piste\/\"},\"author\":{\"name\":\"Alexandre Filluzeau\",\"@id\":\"https:\/\/www.italpassion.fr\/nl\/#\/schema\/person\/36f747b2a759ca202d847e85a9434ca0\"},\"headline\":\"F1 Ferrari SF-25 : voici les premi\u00e8res photos et la vid\u00e9o officielle de la voiture en piste !\",\"datePublished\":\"2025-02-19T10:21:49+00:00\",\"dateModified\":\"2025-02-19T10:21:55+00:00\",\"mainEntityOfPage\":{\"@id\":\"https:\/\/www.italpassion.fr\/nl\/competition\/formule-1\/f1-ferrari-sf-25-voici-les-premieres-photos-et-la-video-officielle-de-la-voiture-en-piste\/\"},\"wordCount\":419,\"commentCount\":0,\"publisher\":{\"@id\":\"https:\/\/www.italpassion.fr\/nl\/#organization\"},\"image\":{\"@id\":\"https:\/\/www.italpassion.fr\/nl\/competition\/formule-1\/f1-ferrari-sf-25-voici-les-premieres-photos-et-la-video-officielle-de-la-voiture-en-piste\/#primaryimage\"},\"thumbnailUrl\":\"https:\/\/www.italpassion.fr\/wp-content\/uploads\/2025\/02\/ferrari-sf25-6-1.jpg\",\"keywords\":[\"Scuderia Ferrari\"],\"articleSection\":[\"Formule 1\",\"Sport Auto\"],\"inLanguage\":\"nl-NL\",\"potentialAction\":[{\"@type\":\"CommentAction\",\"name\":\"Comment\",\"target\":[\"https:\/\/www.italpassion.fr\/nl\/competition\/formule-1\/f1-ferrari-sf-25-voici-les-premieres-photos-et-la-video-officielle-de-la-voiture-en-piste\/#respond\"]}]},{\"@type\":\"WebPage\",\"@id\":\"https:\/\/www.italpassion.fr\/nl\/competition\/formule-1\/f1-ferrari-sf-25-voici-les-premieres-photos-et-la-video-officielle-de-la-voiture-en-piste\/\",\"url\":\"https:\/\/www.italpassion.fr\/nl\/competition\/formule-1\/f1-ferrari-sf-25-voici-les-premieres-photos-et-la-video-officielle-de-la-voiture-en-piste\/\",\"name\":\"F1 Ferrari SF-25 : voici les premi\u00e8res photos et la vid\u00e9o officielle de la voiture en piste ! - ItalPassion\",\"isPartOf\":{\"@id\":\"https:\/\/www.italpassion.fr\/nl\/#website\"},\"primaryImageOfPage\":{\"@id\":\"https:\/\/www.italpassion.fr\/nl\/competition\/formule-1\/f1-ferrari-sf-25-voici-les-premieres-photos-et-la-video-officielle-de-la-voiture-en-piste\/#primaryimage\"},\"image\":{\"@id\":\"https:\/\/www.italpassion.fr\/nl\/competition\/formule-1\/f1-ferrari-sf-25-voici-les-premieres-photos-et-la-video-officielle-de-la-voiture-en-piste\/#primaryimage\"},\"thumbnailUrl\":\"https:\/\/www.italpassion.fr\/wp-content\/uploads\/2025\/02\/ferrari-sf25-6-1.jpg\",\"datePublished\":\"2025-02-19T10:21:49+00:00\",\"dateModified\":\"2025-02-19T10:21:55+00:00\",\"description\":\"Le moment tant attendu est enfin arriv\u00e9 : la Ferrari SF-25 prend officiellement la piste pour la premi\u00e8re fois \u00e0 Fiorano. Apr\u00e8s des mois de d\u00e9veloppement\",\"breadcrumb\":{\"@id\":\"https:\/\/www.italpassion.fr\/nl\/competition\/formule-1\/f1-ferrari-sf-25-voici-les-premieres-photos-et-la-video-officielle-de-la-voiture-en-piste\/#breadcrumb\"},\"inLanguage\":\"nl-NL\",\"potentialAction\":[{\"@type\":\"ReadAction\",\"target\":[\"https:\/\/www.italpassion.fr\/nl\/competition\/formule-1\/f1-ferrari-sf-25-voici-les-premieres-photos-et-la-video-officielle-de-la-voiture-en-piste\/\"]}]},{\"@type\":\"ImageObject\",\"inLanguage\":\"nl-NL\",\"@id\":\"https:\/\/www.italpassion.fr\/nl\/competition\/formule-1\/f1-ferrari-sf-25-voici-les-premieres-photos-et-la-video-officielle-de-la-voiture-en-piste\/#primaryimage\",\"url\":\"https:\/\/www.italpassion.fr\/wp-content\/uploads\/2025\/02\/ferrari-sf25-6-1.jpg\",\"contentUrl\":\"https:\/\/www.italpassion.fr\/wp-content\/uploads\/2025\/02\/ferrari-sf25-6-1.jpg\",\"width\":1200,\"height\":800},{\"@type\":\"BreadcrumbList\",\"@id\":\"https:\/\/www.italpassion.fr\/nl\/competition\/formule-1\/f1-ferrari-sf-25-voici-les-premieres-photos-et-la-video-officielle-de-la-voiture-en-piste\/#breadcrumb\",\"itemListElement\":[{\"@type\":\"ListItem\",\"position\":1,\"name\":\"Accueil\",\"item\":\"https:\/\/www.italpassion.fr\/nl\/\"},{\"@type\":\"ListItem\",\"position\":2,\"name\":\"F1 Ferrari SF-25 : voici les premi\u00e8res photos et la vid\u00e9o officielle de la voiture en piste !\"}]},{\"@type\":\"WebSite\",\"@id\":\"https:\/\/www.italpassion.fr\/nl\/#website\",\"url\":\"https:\/\/www.italpassion.fr\/nl\/\",\"name\":\"ItalPassion\",\"description\":\"Les Passionn\u00e9s d&#039;Automobiles Italiennes\",\"publisher\":{\"@id\":\"https:\/\/www.italpassion.fr\/nl\/#organization\"},\"potentialAction\":[{\"@type\":\"SearchAction\",\"target\":{\"@type\":\"EntryPoint\",\"urlTemplate\":\"https:\/\/www.italpassion.fr\/nl\/?s={search_term_string}\"},\"query-input\":{\"@type\":\"PropertyValueSpecification\",\"valueRequired\":true,\"valueName\":\"search_term_string\"}}],\"inLanguage\":\"nl-NL\"},{\"@type\":\"Organization\",\"@id\":\"https:\/\/www.italpassion.fr\/nl\/#organization\",\"name\":\"Italpassion\",\"url\":\"https:\/\/www.italpassion.fr\/nl\/\",\"logo\":{\"@type\":\"ImageObject\",\"inLanguage\":\"nl-NL\",\"@id\":\"https:\/\/www.italpassion.fr\/nl\/#\/schema\/logo\/image\/\",\"url\":\"https:\/\/www.italpassion.fr\/wp-content\/uploads\/2023\/07\/italpassion-yoast.jpg\",\"contentUrl\":\"https:\/\/www.italpassion.fr\/wp-content\/uploads\/2023\/07\/italpassion-yoast.jpg\",\"width\":696,\"height\":696,\"caption\":\"Italpassion\"},\"image\":{\"@id\":\"https:\/\/www.italpassion.fr\/nl\/#\/schema\/logo\/image\/\"},\"sameAs\":[\"https:\/\/www.facebook.com\/italpassion\",\"https:\/\/x.com\/italpassion\",\"https:\/\/www.instagram.com\/italpassionfr\/\",\"https:\/\/www.youtube.com\/channel\/UCleq-ByQaA42OjhopwevRjQ\",\"https:\/\/www.facebook.com\/italpassion.en\/\",\"https:\/\/www.facebook.com\/italpassion.it\/\",\"https:\/\/www.facebook.com\/italpassion.de\/\",\"https:\/\/www.facebook.com\/italpassion.ja\/\"]},{\"@type\":\"Person\",\"@id\":\"https:\/\/www.italpassion.fr\/nl\/#\/schema\/person\/36f747b2a759ca202d847e85a9434ca0\",\"name\":\"Alexandre Filluzeau\",\"image\":{\"@type\":\"ImageObject\",\"inLanguage\":\"nl-NL\",\"@id\":\"https:\/\/www.italpassion.fr\/nl\/#\/schema\/person\/image\/\",\"url\":\"https:\/\/www.italpassion.fr\/wp-content\/uploads\/2025\/04\/avatar-alexandre-160x160.jpg\",\"contentUrl\":\"https:\/\/www.italpassion.fr\/wp-content\/uploads\/2025\/04\/avatar-alexandre-160x160.jpg\",\"caption\":\"Alexandre Filluzeau\"},\"description\":\"Fondateur du site ItalPassion, passionn\u00e9 de voitures italiennes et de l'Italie en g\u00e9n\u00e9ral. J'apporte un regard critique et technique aux actualit\u00e9s des marques italiennes quand cela est possible. Propri\u00e9taire d'une Maserati GranTurismo, Alfa Romeo MiTo, Lancia Fulvia et Ducati 695. Ex-propri\u00e9taire d'une Alfa Romeo Giulia.\",\"sameAs\":[\"https:\/\/www.italpassion.fr\/\"],\"url\":\"https:\/\/www.italpassion.fr\/nl\/author\/alexandre\/\"}]}<\/script>\n<!-- \/ Yoast SEO plugin. -->","yoast_head_json":{"title":"F1 Ferrari SF-25: hier zijn de eerste foto's en de offici\u00eble video van de auto op het circuit! - Itali\u00eb Passie","description":"Het langverwachte moment is eindelijk aangebroken: de Ferrari SF-25 gaat officieel voor het eerst het circuit op in Fiorano. Na maanden van ontwikkeling","robots":{"index":"index","follow":"follow","max-snippet":"max-snippet:-1","max-image-preview":"max-image-preview:large","max-video-preview":"max-video-preview:-1"},"canonical":"https:\/\/www.italpassion.fr\/nl\/wedstrijd\/formule-1\/f1-ferrari-sf-25-hier-zijn-de-eerste-fotos-en-de-officiele-video-van-de-auto-op-het-circuit\/","og_locale":"nl_NL","og_type":"article","og_title":"F1 Ferrari SF-25 : voici les premi\u00e8res photos et la vid\u00e9o officielle de la voiture en piste ! - ItalPassion","og_description":"Le moment tant attendu est enfin arriv\u00e9 : la Ferrari SF-25 prend officiellement la piste pour la premi\u00e8re fois \u00e0 Fiorano. Apr\u00e8s des mois de d\u00e9veloppement","og_url":"https:\/\/www.italpassion.fr\/nl\/wedstrijd\/formule-1\/f1-ferrari-sf-25-hier-zijn-de-eerste-fotos-en-de-officiele-video-van-de-auto-op-het-circuit\/","og_site_name":"ItalPassion","article_publisher":"https:\/\/www.facebook.com\/italpassion","article_published_time":"2025-02-19T10:21:49+00:00","article_modified_time":"2025-02-19T10:21:55+00:00","og_image":[{"width":1200,"height":800,"url":"https:\/\/www.italpassion.fr\/wp-content\/uploads\/2025\/02\/ferrari-sf25-6-1.jpg","type":"image\/jpeg"}],"author":"Alexandre Filluzeau","twitter_card":"summary_large_image","twitter_creator":"@italpassion","twitter_site":"@italpassion","schema":{"@context":"https:\/\/schema.org","@graph":[{"@type":"NewsArticle","@id":"https:\/\/www.italpassion.fr\/nl\/competition\/formule-1\/f1-ferrari-sf-25-voici-les-premieres-photos-et-la-video-officielle-de-la-voiture-en-piste\/#article","isPartOf":{"@id":"https:\/\/www.italpassion.fr\/nl\/competition\/formule-1\/f1-ferrari-sf-25-voici-les-premieres-photos-et-la-video-officielle-de-la-voiture-en-piste\/"},"author":{"name":"Alexandre Filluzeau","@id":"https:\/\/www.italpassion.fr\/nl\/#\/schema\/person\/36f747b2a759ca202d847e85a9434ca0"},"headline":"F1 Ferrari SF-25 : voici les premi\u00e8res photos et la vid\u00e9o officielle de la voiture en piste !","datePublished":"2025-02-19T10:21:49+00:00","dateModified":"2025-02-19T10:21:55+00:00","mainEntityOfPage":{"@id":"https:\/\/www.italpassion.fr\/nl\/competition\/formule-1\/f1-ferrari-sf-25-voici-les-premieres-photos-et-la-video-officielle-de-la-voiture-en-piste\/"},"wordCount":419,"commentCount":0,"publisher":{"@id":"https:\/\/www.italpassion.fr\/nl\/#organization"},"image":{"@id":"https:\/\/www.italpassion.fr\/nl\/competition\/formule-1\/f1-ferrari-sf-25-voici-les-premieres-photos-et-la-video-officielle-de-la-voiture-en-piste\/#primaryimage"},"thumbnailUrl":"https:\/\/www.italpassion.fr\/wp-content\/uploads\/2025\/02\/ferrari-sf25-6-1.jpg","keywords":["Scuderia Ferrari"],"articleSection":["Formule 1","Sport Auto"],"inLanguage":"nl-NL","potentialAction":[{"@type":"CommentAction","name":"Comment","target":["https:\/\/www.italpassion.fr\/nl\/competition\/formule-1\/f1-ferrari-sf-25-voici-les-premieres-photos-et-la-video-officielle-de-la-voiture-en-piste\/#respond"]}]},{"@type":"WebPage","@id":"https:\/\/www.italpassion.fr\/nl\/competition\/formule-1\/f1-ferrari-sf-25-voici-les-premieres-photos-et-la-video-officielle-de-la-voiture-en-piste\/","url":"https:\/\/www.italpassion.fr\/nl\/competition\/formule-1\/f1-ferrari-sf-25-voici-les-premieres-photos-et-la-video-officielle-de-la-voiture-en-piste\/","name":"F1 Ferrari SF-25: hier zijn de eerste foto's en de offici\u00eble video van de auto op het circuit! - Itali\u00eb Passie","isPartOf":{"@id":"https:\/\/www.italpassion.fr\/nl\/#website"},"primaryImageOfPage":{"@id":"https:\/\/www.italpassion.fr\/nl\/competition\/formule-1\/f1-ferrari-sf-25-voici-les-premieres-photos-et-la-video-officielle-de-la-voiture-en-piste\/#primaryimage"},"image":{"@id":"https:\/\/www.italpassion.fr\/nl\/competition\/formule-1\/f1-ferrari-sf-25-voici-les-premieres-photos-et-la-video-officielle-de-la-voiture-en-piste\/#primaryimage"},"thumbnailUrl":"https:\/\/www.italpassion.fr\/wp-content\/uploads\/2025\/02\/ferrari-sf25-6-1.jpg","datePublished":"2025-02-19T10:21:49+00:00","dateModified":"2025-02-19T10:21:55+00:00","description":"Het langverwachte moment is eindelijk aangebroken: de Ferrari SF-25 gaat officieel voor het eerst het circuit op in Fiorano. Na maanden van ontwikkeling","breadcrumb":{"@id":"https:\/\/www.italpassion.fr\/nl\/competition\/formule-1\/f1-ferrari-sf-25-voici-les-premieres-photos-et-la-video-officielle-de-la-voiture-en-piste\/#breadcrumb"},"inLanguage":"nl-NL","potentialAction":[{"@type":"ReadAction","target":["https:\/\/www.italpassion.fr\/nl\/competition\/formule-1\/f1-ferrari-sf-25-voici-les-premieres-photos-et-la-video-officielle-de-la-voiture-en-piste\/"]}]},{"@type":"ImageObject","inLanguage":"nl-NL","@id":"https:\/\/www.italpassion.fr\/nl\/competition\/formule-1\/f1-ferrari-sf-25-voici-les-premieres-photos-et-la-video-officielle-de-la-voiture-en-piste\/#primaryimage","url":"https:\/\/www.italpassion.fr\/wp-content\/uploads\/2025\/02\/ferrari-sf25-6-1.jpg","contentUrl":"https:\/\/www.italpassion.fr\/wp-content\/uploads\/2025\/02\/ferrari-sf25-6-1.jpg","width":1200,"height":800},{"@type":"BreadcrumbList","@id":"https:\/\/www.italpassion.fr\/nl\/competition\/formule-1\/f1-ferrari-sf-25-voici-les-premieres-photos-et-la-video-officielle-de-la-voiture-en-piste\/#breadcrumb","itemListElement":[{"@type":"ListItem","position":1,"name":"Accueil","item":"https:\/\/www.italpassion.fr\/nl\/"},{"@type":"ListItem","position":2,"name":"F1 Ferrari SF-25 : voici les premi\u00e8res photos et la vid\u00e9o officielle de la voiture en piste !"}]},{"@type":"WebSite","@id":"https:\/\/www.italpassion.fr\/nl\/#website","url":"https:\/\/www.italpassion.fr\/nl\/","name":"ItalPassion","description":"Italiaanse autoliefhebbers","publisher":{"@id":"https:\/\/www.italpassion.fr\/nl\/#organization"},"potentialAction":[{"@type":"SearchAction","target":{"@type":"EntryPoint","urlTemplate":"https:\/\/www.italpassion.fr\/nl\/?s={search_term_string}"},"query-input":{"@type":"PropertyValueSpecification","valueRequired":true,"valueName":"search_term_string"}}],"inLanguage":"nl-NL"},{"@type":"Organization","@id":"https:\/\/www.italpassion.fr\/nl\/#organization","name":"Italpassion","url":"https:\/\/www.italpassion.fr\/nl\/","logo":{"@type":"ImageObject","inLanguage":"nl-NL","@id":"https:\/\/www.italpassion.fr\/nl\/#\/schema\/logo\/image\/","url":"https:\/\/www.italpassion.fr\/wp-content\/uploads\/2023\/07\/italpassion-yoast.jpg","contentUrl":"https:\/\/www.italpassion.fr\/wp-content\/uploads\/2023\/07\/italpassion-yoast.jpg","width":696,"height":696,"caption":"Italpassion"},"image":{"@id":"https:\/\/www.italpassion.fr\/nl\/#\/schema\/logo\/image\/"},"sameAs":["https:\/\/www.facebook.com\/italpassion","https:\/\/x.com\/italpassion","https:\/\/www.instagram.com\/italpassionfr\/","https:\/\/www.youtube.com\/channel\/UCleq-ByQaA42OjhopwevRjQ","https:\/\/www.facebook.com\/italpassion.en\/","https:\/\/www.facebook.com\/italpassion.it\/","https:\/\/www.facebook.com\/italpassion.de\/","https:\/\/www.facebook.com\/italpassion.ja\/"]},{"@type":"Person","@id":"https:\/\/www.italpassion.fr\/nl\/#\/schema\/person\/36f747b2a759ca202d847e85a9434ca0","name":"Alexandre Filluzeau","image":{"@type":"ImageObject","inLanguage":"nl-NL","@id":"https:\/\/www.italpassion.fr\/nl\/#\/schema\/person\/image\/","url":"https:\/\/www.italpassion.fr\/wp-content\/uploads\/2025\/04\/avatar-alexandre-160x160.jpg","contentUrl":"https:\/\/www.italpassion.fr\/wp-content\/uploads\/2025\/04\/avatar-alexandre-160x160.jpg","caption":"Alexandre Filluzeau"},"description":"Oprichter van de website ItalPassion, gepassioneerd door Italiaanse auto's en Itali\u00eb in het algemeen. Waar mogelijk breng ik een kritisch en technisch oog naar nieuws over Italiaanse merken. Eigenaar van een Maserati GranTurismo, Alfa Romeo MiTo, Lancia Fulvia en Ducati 695. Ex-eigenaar van een Alfa Romeo Giulia.","sameAs":["https:\/\/www.italpassion.fr\/"],"url":"https:\/\/www.italpassion.fr\/nl\/author\/alexandre\/"}]}},"_links":{"self":[{"href":"https:\/\/www.italpassion.fr\/nl\/wp-json\/wp\/v2\/posts\/36763","targetHints":{"allow":["GET"]}}],"collection":[{"href":"https:\/\/www.italpassion.fr\/nl\/wp-json\/wp\/v2\/posts"}],"about":[{"href":"https:\/\/www.italpassion.fr\/nl\/wp-json\/wp\/v2\/types\/post"}],"author":[{"embeddable":true,"href":"https:\/\/www.italpassion.fr\/nl\/wp-json\/wp\/v2\/users\/1"}],"replies":[{"embeddable":true,"href":"https:\/\/www.italpassion.fr\/nl\/wp-json\/wp\/v2\/comments?post=36763"}],"version-history":[{"count":2,"href":"https:\/\/www.italpassion.fr\/nl\/wp-json\/wp\/v2\/posts\/36763\/revisions"}],"predecessor-version":[{"id":36770,"href":"https:\/\/www.italpassion.fr\/nl\/wp-json\/wp\/v2\/posts\/36763\/revisions\/36770"}],"wp:featuredmedia":[{"embeddable":true,"href":"https:\/\/www.italpassion.fr\/nl\/wp-json\/wp\/v2\/media\/36768"}],"wp:attachment":[{"href":"https:\/\/www.italpassion.fr\/nl\/wp-json\/wp\/v2\/media?parent=36763"}],"wp:term":[{"taxonomy":"category","embeddable":true,"href":"https:\/\/www.italpassion.fr\/nl\/wp-json\/wp\/v2\/categories?post=36763"},{"taxonomy":"post_tag","embeddable":true,"href":"https:\/\/www.italpassion.fr\/nl\/wp-json\/wp\/v2\/tags?post=36763"}],"curies":[{"name":"wp","href":"https:\/\/api.w.org\/{rel}","templated":true}]}}