{"id":36684,"date":"2025-02-17T12:01:36","date_gmt":"2025-02-17T11:01:36","guid":{"rendered":"https:\/\/www.italpassion.fr\/?p=36684"},"modified":"2025-02-17T12:02:50","modified_gmt":"2025-02-17T11:02:50","slug":"f1-deze-foto-laat-zien-hoe-de-ferrari-sf-25-eruit-zou-kunnen-zien-voor-zijn-officiele-presentatie","status":"publish","type":"post","link":"https:\/\/www.italpassion.fr\/nl\/competition\/formule-1\/f1-cette-photo-montre-a-quoi-la-ferrari-sf-25-pourrait-ressembler-avant-sa-presentation-officielle\/","title":{"rendered":"F1: deze foto laat zien hoe de Ferrari SF-25 eruit zou kunnen zien v\u00f3\u00f3r de offici\u00eble onthulling"},"content":{"rendered":"<figure class=\"wp-block-image size-large\"><img loading=\"lazy\" decoding=\"async\" width=\"1024\" height=\"683\" src=\"https:\/\/www.italpassion.fr\/wp-content\/uploads\/2025\/02\/ferrari-sf25-1024x683.jpg\" alt=\"\" class=\"wp-image-36685\" srcset=\"https:\/\/www.italpassion.fr\/wp-content\/uploads\/2025\/02\/ferrari-sf25-1024x683.jpg 1024w, https:\/\/www.italpassion.fr\/wp-content\/uploads\/2025\/02\/ferrari-sf25-300x200.jpg 300w, https:\/\/www.italpassion.fr\/wp-content\/uploads\/2025\/02\/ferrari-sf25-768x512.jpg 768w, https:\/\/www.italpassion.fr\/wp-content\/uploads\/2025\/02\/ferrari-sf25-18x12.jpg 18w, https:\/\/www.italpassion.fr\/wp-content\/uploads\/2025\/02\/ferrari-sf25-561x374.jpg 561w, https:\/\/www.italpassion.fr\/wp-content\/uploads\/2025\/02\/ferrari-sf25-1122x748.jpg 1122w, https:\/\/www.italpassion.fr\/wp-content\/uploads\/2025\/02\/ferrari-sf25-265x177.jpg 265w, https:\/\/www.italpassion.fr\/wp-content\/uploads\/2025\/02\/ferrari-sf25-531x354.jpg 531w, https:\/\/www.italpassion.fr\/wp-content\/uploads\/2025\/02\/ferrari-sf25-364x243.jpg 364w, https:\/\/www.italpassion.fr\/wp-content\/uploads\/2025\/02\/ferrari-sf25-728x485.jpg 728w, https:\/\/www.italpassion.fr\/wp-content\/uploads\/2025\/02\/ferrari-sf25-608x405.jpg 608w, https:\/\/www.italpassion.fr\/wp-content\/uploads\/2025\/02\/ferrari-sf25-758x505.jpg 758w, https:\/\/www.italpassion.fr\/wp-content\/uploads\/2025\/02\/ferrari-sf25-1152x768.jpg 1152w, https:\/\/www.italpassion.fr\/wp-content\/uploads\/2025\/02\/ferrari-sf25.jpg 1200w\" sizes=\"auto, (max-width: 1024px) 100vw, 1024px\" \/><\/figure>\n\n\n\n<p>La <a href=\"https:\/\/www.italpassion.fr\/nl\/tag\/scuderia-ferrari\/\">Scuderia Ferrari<\/a> had een paar weken geleden al bevestigd dat het zijn gloednieuwe F1 zou onthullen, bekend als de <strong>SF-25<\/strong> (of \"Project 677\"), <strong>tijdens een exclusief evenement op 19 februari 2025 in Maranello en Fiorano.<\/strong> Echter, aan de vooravond van dit langverwachte moment, een mysterieuze <strong>weergave<\/strong> van de toekomstige eenzitter circuleert op sociale netwerken en wekt nieuwsgierigheid (en controverse) op bij de tifosi en waarnemers van de sport. <a href=\"https:\/\/www.italpassion.fr\/nl\/wedstrijd\/formule-1\/\">Formule 1<\/a>.<\/p>\n\n\n\n<h2 class=\"wp-block-heading\">Een weergave die twijfel zaait<\/h2>\n\n\n\n<p>Volgens verschillende bronnen, waaronder de <strong>@robertofunoat<\/strong> op sociaal netwerk X, een foto met een vermeende livery van de <strong>Ferrari SF-25<\/strong> verscheen op het internet voordat het snel verdween. Het is op dit moment onmogelijk om te verifi\u00ebren of dit echt de definitieve kleurstelling is.<\/p>\n\n\n\n<blockquote class=\"twitter-tweet\" data-media-max-width=\"560\"><p lang=\"it\" dir=\"ltr\">Spero che cos\u00ec si comprenda che si tratta di un concept \ud83d\ude09 <a href=\"https:\/\/twitter.com\/hashtag\/F1?src=hash&amp;ref_src=twsrc%5Etfw\">#F1<\/a> <a href=\"https:\/\/twitter.com\/hashtag\/Ferrari?src=hash&amp;ref_src=twsrc%5Etfw\">#Ferrari<\/a> <a href=\"https:\/\/twitter.com\/hashtag\/Livery?src=hash&amp;ref_src=twsrc%5Etfw\">#Livery<\/a> <a href=\"https:\/\/twitter.com\/hashtag\/SF25?src=hash&amp;ref_src=twsrc%5Etfw\">#SF25<\/a> <a href=\"https:\/\/t.co\/ABHslxXn8c\">pic.twitter.com\/ABHslxXn8c<\/a><\/p>- RobertoF1 (@robertofunoat) <a href=\"https:\/\/twitter.com\/robertofunoat\/status\/1890916507288211941?ref_src=twsrc%5Etfw\">16 februari 2025<\/a><\/blockquote> <script async src=\"https:\/\/platform.twitter.com\/widgets.js\" charset=\"utf-8\"><\/script>\n\n\n\n<p>De afbeelding in kwestie toont een onderscheid tussen :<\/p>\n\n\n\n<ul class=\"wp-block-list\">\n<li><strong>Een witte streep<\/strong> op de motorkap, wat breekt met de volledig rode kleurstelling die Scuderia meestal kiest.<\/li>\n\n\n\n<li>A <strong>donkerder rood<\/strong>in lijn met onze <a href=\"https:\/\/www.italpassion.fr\/nl\/wedstrijd\/ferrari-f1-een-nieuwe-kleur-voor-de-2025-eenzitter-deze-aanwijzingen-suggereren\/\">Informatie over het nieuwe Ferrari-kleurenschema voor 2025<\/a>.<\/li>\n\n\n\n<li>De <strong>stickers van nieuwe sponsor Unicredit<\/strong>wiens samenwerking met Ferrari zojuist officieel is gemaakt.<\/li>\n<\/ul>\n\n\n\n<h2 class=\"wp-block-heading\">Presentatie in Londen en shakedown in Fiorano<\/h2>\n\n\n\n<p>De publicatie van dit rapport komt slechts een paar dagen voor twee belangrijke evenementen voor de Scuderia:<\/p>\n\n\n\n<ol class=\"wp-block-list\">\n<li><strong>Het evenement \"F1 75 Live at The O2\" in Londen (18 februari)<\/strong><br>Alle F1-teams en hun coureurs zullen hun nieuwe liveries onthullen voor een internationaal publiek. Ferrari heeft bevestigd dat het een SF-24 in 2025-kleuren zal tonen, maar nog niet de volledige SF-25 in al zijn details.<\/li>\n\n\n\n<li><strong>De offici\u00eble presentatie in Maranello\/Fiorano (19 februari)<\/strong><br>Tijdens dit besloten evenement onthult de Scuderia haar SF-25. Charles Leclerc en Lewis Hamilton, Ferrari's nieuwe rijderskoppel voor 2025, zullen achter het stuur plaatsnemen voor een <strong>shakedown<\/strong> op het priv\u00e9circuit van Fiorano. Met deze inaugurele run kan het team controleren of de eenzitter goed werkt voor de offici\u00eble pre-season tests in Bahrein.<\/li>\n<\/ol>\n\n\n\n<h2 class=\"wp-block-heading\">Een goed bewaard geheim<\/h2>\n\n\n\n<p>Ferrari staat erom bekend dat het zijn technische geheimen en definitieve ontwerp tot het allerlaatste moment angstvallig bewaakt. Volgens de berichten,<strong> is het onwaarschijnlijk dat de auto al op het circuit is geweest in zijn definitieve kleurstelling.<\/strong> Meestal gebruikt het Italiaanse team gecamoufleerde kleuren als er getest wordt voor de offici\u00eble presentatie. Volgens ons is dit een fotomontage van een goed ge\u00efnformeerd persoon.<\/p>\n\n\n\n<p>Maar als we afgaan op de uitgelekte foto.., <strong>Het is niet onmogelijk dat het onthulde ontwerp dicht in de buurt komt van het ontwerp dat we op 18 februari in Londen en op 19 februari in Maranello te zien krijgen, <\/strong>onder het oog van de pers en fans van over de hele wereld.<\/p>","protected":false},"excerpt":{"rendered":"","protected":false},"author":1,"featured_media":36685,"comment_status":"open","ping_status":"open","sticky":false,"template":"","format":"standard","meta":{"_acf_changed":false,"_sitemap_exclude":false,"_sitemap_priority":"","_sitemap_frequency":"","footnotes":""},"categories":[328,323],"tags":[370],"class_list":["post-36684","post","type-post","status-publish","format-standard","has-post-thumbnail","hentry","category-formule-1","category-competition","tag-scuderia-ferrari","generate-columns","tablet-grid-50","mobile-grid-100","grid-parent","grid-33"],"acf":[],"yoast_head":"<!-- This site is optimized with the Yoast SEO plugin v25.8 - https:\/\/yoast.com\/wordpress\/plugins\/seo\/ -->\n<title>F1 : cette photo montre \u00e0 quoi la Ferrari SF-25 pourrait ressembler avant sa pr\u00e9sentation officielle - ItalPassion<\/title>\n<meta name=\"description\" content=\"La Scuderia Ferrari avait d\u00e9j\u00e0 confirm\u00e9, il y a quelques semaines, qu\u2019elle d\u00e9voilerait sa toute nouvelle F1, connue sous le nom de SF-25 (ou \u00ab Project 677\" \/>\n<meta name=\"robots\" content=\"index, follow, max-snippet:-1, max-image-preview:large, max-video-preview:-1\" \/>\n<link rel=\"canonical\" href=\"https:\/\/www.italpassion.fr\/nl\/wedstrijd\/formule-1\/f1-deze-foto-laat-zien-hoe-de-ferrari-sf-25-eruit-zou-kunnen-zien-voor-zijn-officiele-presentatie\/\" \/>\n<meta property=\"og:locale\" content=\"nl_NL\" \/>\n<meta property=\"og:type\" content=\"article\" \/>\n<meta property=\"og:title\" content=\"F1 : cette photo montre \u00e0 quoi la Ferrari SF-25 pourrait ressembler avant sa pr\u00e9sentation officielle - ItalPassion\" \/>\n<meta property=\"og:description\" content=\"La Scuderia Ferrari avait d\u00e9j\u00e0 confirm\u00e9, il y a quelques semaines, qu\u2019elle d\u00e9voilerait sa toute nouvelle F1, connue sous le nom de SF-25 (ou \u00ab Project 677\" \/>\n<meta property=\"og:url\" content=\"https:\/\/www.italpassion.fr\/nl\/wedstrijd\/formule-1\/f1-deze-foto-laat-zien-hoe-de-ferrari-sf-25-eruit-zou-kunnen-zien-voor-zijn-officiele-presentatie\/\" \/>\n<meta property=\"og:site_name\" content=\"ItalPassion\" \/>\n<meta property=\"article:publisher\" content=\"https:\/\/www.facebook.com\/italpassion\" \/>\n<meta property=\"article:published_time\" content=\"2025-02-17T11:01:36+00:00\" \/>\n<meta property=\"article:modified_time\" content=\"2025-02-17T11:02:50+00:00\" \/>\n<meta property=\"og:image\" content=\"https:\/\/www.italpassion.fr\/wp-content\/uploads\/2025\/02\/ferrari-sf25.jpg\" \/>\n\t<meta property=\"og:image:width\" content=\"1200\" \/>\n\t<meta property=\"og:image:height\" content=\"800\" \/>\n\t<meta property=\"og:image:type\" content=\"image\/jpeg\" \/>\n<meta name=\"author\" content=\"Alexandre Filluzeau\" \/>\n<meta name=\"twitter:card\" content=\"summary_large_image\" \/>\n<meta name=\"twitter:creator\" content=\"@italpassion\" \/>\n<meta name=\"twitter:site\" content=\"@italpassion\" \/>\n<script type=\"application\/ld+json\" class=\"yoast-schema-graph\">{\"@context\":\"https:\/\/schema.org\",\"@graph\":[{\"@type\":\"NewsArticle\",\"@id\":\"https:\/\/www.italpassion.fr\/nl\/competition\/formule-1\/f1-cette-photo-montre-a-quoi-la-ferrari-sf-25-pourrait-ressembler-avant-sa-presentation-officielle\/#article\",\"isPartOf\":{\"@id\":\"https:\/\/www.italpassion.fr\/nl\/competition\/formule-1\/f1-cette-photo-montre-a-quoi-la-ferrari-sf-25-pourrait-ressembler-avant-sa-presentation-officielle\/\"},\"author\":{\"name\":\"Alexandre Filluzeau\",\"@id\":\"https:\/\/www.italpassion.fr\/nl\/#\/schema\/person\/36f747b2a759ca202d847e85a9434ca0\"},\"headline\":\"F1 : cette photo montre \u00e0 quoi la Ferrari SF-25 pourrait ressembler avant sa pr\u00e9sentation officielle\",\"datePublished\":\"2025-02-17T11:01:36+00:00\",\"dateModified\":\"2025-02-17T11:02:50+00:00\",\"mainEntityOfPage\":{\"@id\":\"https:\/\/www.italpassion.fr\/nl\/competition\/formule-1\/f1-cette-photo-montre-a-quoi-la-ferrari-sf-25-pourrait-ressembler-avant-sa-presentation-officielle\/\"},\"wordCount\":519,\"commentCount\":0,\"publisher\":{\"@id\":\"https:\/\/www.italpassion.fr\/nl\/#organization\"},\"image\":{\"@id\":\"https:\/\/www.italpassion.fr\/nl\/competition\/formule-1\/f1-cette-photo-montre-a-quoi-la-ferrari-sf-25-pourrait-ressembler-avant-sa-presentation-officielle\/#primaryimage\"},\"thumbnailUrl\":\"https:\/\/www.italpassion.fr\/wp-content\/uploads\/2025\/02\/ferrari-sf25.jpg\",\"keywords\":[\"Scuderia Ferrari\"],\"articleSection\":[\"Formule 1\",\"Sport Auto\"],\"inLanguage\":\"nl-NL\",\"potentialAction\":[{\"@type\":\"CommentAction\",\"name\":\"Comment\",\"target\":[\"https:\/\/www.italpassion.fr\/nl\/competition\/formule-1\/f1-cette-photo-montre-a-quoi-la-ferrari-sf-25-pourrait-ressembler-avant-sa-presentation-officielle\/#respond\"]}]},{\"@type\":\"WebPage\",\"@id\":\"https:\/\/www.italpassion.fr\/nl\/competition\/formule-1\/f1-cette-photo-montre-a-quoi-la-ferrari-sf-25-pourrait-ressembler-avant-sa-presentation-officielle\/\",\"url\":\"https:\/\/www.italpassion.fr\/nl\/competition\/formule-1\/f1-cette-photo-montre-a-quoi-la-ferrari-sf-25-pourrait-ressembler-avant-sa-presentation-officielle\/\",\"name\":\"F1 : cette photo montre \u00e0 quoi la Ferrari SF-25 pourrait ressembler avant sa pr\u00e9sentation officielle - ItalPassion\",\"isPartOf\":{\"@id\":\"https:\/\/www.italpassion.fr\/nl\/#website\"},\"primaryImageOfPage\":{\"@id\":\"https:\/\/www.italpassion.fr\/nl\/competition\/formule-1\/f1-cette-photo-montre-a-quoi-la-ferrari-sf-25-pourrait-ressembler-avant-sa-presentation-officielle\/#primaryimage\"},\"image\":{\"@id\":\"https:\/\/www.italpassion.fr\/nl\/competition\/formule-1\/f1-cette-photo-montre-a-quoi-la-ferrari-sf-25-pourrait-ressembler-avant-sa-presentation-officielle\/#primaryimage\"},\"thumbnailUrl\":\"https:\/\/www.italpassion.fr\/wp-content\/uploads\/2025\/02\/ferrari-sf25.jpg\",\"datePublished\":\"2025-02-17T11:01:36+00:00\",\"dateModified\":\"2025-02-17T11:02:50+00:00\",\"description\":\"La Scuderia Ferrari avait d\u00e9j\u00e0 confirm\u00e9, il y a quelques semaines, qu\u2019elle d\u00e9voilerait sa toute nouvelle F1, connue sous le nom de SF-25 (ou \u00ab Project 677\",\"breadcrumb\":{\"@id\":\"https:\/\/www.italpassion.fr\/nl\/competition\/formule-1\/f1-cette-photo-montre-a-quoi-la-ferrari-sf-25-pourrait-ressembler-avant-sa-presentation-officielle\/#breadcrumb\"},\"inLanguage\":\"nl-NL\",\"potentialAction\":[{\"@type\":\"ReadAction\",\"target\":[\"https:\/\/www.italpassion.fr\/nl\/competition\/formule-1\/f1-cette-photo-montre-a-quoi-la-ferrari-sf-25-pourrait-ressembler-avant-sa-presentation-officielle\/\"]}]},{\"@type\":\"ImageObject\",\"inLanguage\":\"nl-NL\",\"@id\":\"https:\/\/www.italpassion.fr\/nl\/competition\/formule-1\/f1-cette-photo-montre-a-quoi-la-ferrari-sf-25-pourrait-ressembler-avant-sa-presentation-officielle\/#primaryimage\",\"url\":\"https:\/\/www.italpassion.fr\/wp-content\/uploads\/2025\/02\/ferrari-sf25.jpg\",\"contentUrl\":\"https:\/\/www.italpassion.fr\/wp-content\/uploads\/2025\/02\/ferrari-sf25.jpg\",\"width\":1200,\"height\":800,\"caption\":\"ferrari sf25\"},{\"@type\":\"BreadcrumbList\",\"@id\":\"https:\/\/www.italpassion.fr\/nl\/competition\/formule-1\/f1-cette-photo-montre-a-quoi-la-ferrari-sf-25-pourrait-ressembler-avant-sa-presentation-officielle\/#breadcrumb\",\"itemListElement\":[{\"@type\":\"ListItem\",\"position\":1,\"name\":\"Accueil\",\"item\":\"https:\/\/www.italpassion.fr\/nl\/\"},{\"@type\":\"ListItem\",\"position\":2,\"name\":\"F1 : cette photo montre \u00e0 quoi la Ferrari SF-25 pourrait ressembler avant sa pr\u00e9sentation officielle\"}]},{\"@type\":\"WebSite\",\"@id\":\"https:\/\/www.italpassion.fr\/nl\/#website\",\"url\":\"https:\/\/www.italpassion.fr\/nl\/\",\"name\":\"ItalPassion\",\"description\":\"Les Passionn\u00e9s d&#039;Automobiles Italiennes\",\"publisher\":{\"@id\":\"https:\/\/www.italpassion.fr\/nl\/#organization\"},\"potentialAction\":[{\"@type\":\"SearchAction\",\"target\":{\"@type\":\"EntryPoint\",\"urlTemplate\":\"https:\/\/www.italpassion.fr\/nl\/?s={search_term_string}\"},\"query-input\":{\"@type\":\"PropertyValueSpecification\",\"valueRequired\":true,\"valueName\":\"search_term_string\"}}],\"inLanguage\":\"nl-NL\"},{\"@type\":\"Organization\",\"@id\":\"https:\/\/www.italpassion.fr\/nl\/#organization\",\"name\":\"Italpassion\",\"url\":\"https:\/\/www.italpassion.fr\/nl\/\",\"logo\":{\"@type\":\"ImageObject\",\"inLanguage\":\"nl-NL\",\"@id\":\"https:\/\/www.italpassion.fr\/nl\/#\/schema\/logo\/image\/\",\"url\":\"https:\/\/www.italpassion.fr\/wp-content\/uploads\/2023\/07\/italpassion-yoast.jpg\",\"contentUrl\":\"https:\/\/www.italpassion.fr\/wp-content\/uploads\/2023\/07\/italpassion-yoast.jpg\",\"width\":696,\"height\":696,\"caption\":\"Italpassion\"},\"image\":{\"@id\":\"https:\/\/www.italpassion.fr\/nl\/#\/schema\/logo\/image\/\"},\"sameAs\":[\"https:\/\/www.facebook.com\/italpassion\",\"https:\/\/x.com\/italpassion\",\"https:\/\/www.instagram.com\/italpassionfr\/\",\"https:\/\/www.youtube.com\/channel\/UCleq-ByQaA42OjhopwevRjQ\",\"https:\/\/www.facebook.com\/italpassion.en\/\",\"https:\/\/www.facebook.com\/italpassion.it\/\",\"https:\/\/www.facebook.com\/italpassion.de\/\",\"https:\/\/www.facebook.com\/italpassion.ja\/\"]},{\"@type\":\"Person\",\"@id\":\"https:\/\/www.italpassion.fr\/nl\/#\/schema\/person\/36f747b2a759ca202d847e85a9434ca0\",\"name\":\"Alexandre Filluzeau\",\"image\":{\"@type\":\"ImageObject\",\"inLanguage\":\"nl-NL\",\"@id\":\"https:\/\/www.italpassion.fr\/nl\/#\/schema\/person\/image\/\",\"url\":\"https:\/\/www.italpassion.fr\/wp-content\/uploads\/2025\/04\/avatar-alexandre-160x160.jpg\",\"contentUrl\":\"https:\/\/www.italpassion.fr\/wp-content\/uploads\/2025\/04\/avatar-alexandre-160x160.jpg\",\"caption\":\"Alexandre Filluzeau\"},\"description\":\"Fondateur du site ItalPassion, passionn\u00e9 de voitures italiennes et de l'Italie en g\u00e9n\u00e9ral. J'apporte un regard critique et technique aux actualit\u00e9s des marques italiennes quand cela est possible. Propri\u00e9taire d'une Maserati GranTurismo, Alfa Romeo MiTo, Lancia Fulvia et Ducati 695. Ex-propri\u00e9taire d'une Alfa Romeo Giulia.\",\"sameAs\":[\"https:\/\/www.italpassion.fr\/\"],\"url\":\"https:\/\/www.italpassion.fr\/nl\/author\/alexandre\/\"}]}<\/script>\n<!-- \/ Yoast SEO plugin. -->","yoast_head_json":{"title":"F1: Deze foto laat zien hoe de Ferrari SF-25 eruit zou kunnen zien voor de offici\u00eble onthulling - ItalPassion","description":"Een paar weken geleden had Scuderia Ferrari al bevestigd dat het zijn gloednieuwe F1-auto zou onthullen, die bekend staat als de SF-25 (of 'Project 677').","robots":{"index":"index","follow":"follow","max-snippet":"max-snippet:-1","max-image-preview":"max-image-preview:large","max-video-preview":"max-video-preview:-1"},"canonical":"https:\/\/www.italpassion.fr\/nl\/wedstrijd\/formule-1\/f1-deze-foto-laat-zien-hoe-de-ferrari-sf-25-eruit-zou-kunnen-zien-voor-zijn-officiele-presentatie\/","og_locale":"nl_NL","og_type":"article","og_title":"F1 : cette photo montre \u00e0 quoi la Ferrari SF-25 pourrait ressembler avant sa pr\u00e9sentation officielle - ItalPassion","og_description":"La Scuderia Ferrari avait d\u00e9j\u00e0 confirm\u00e9, il y a quelques semaines, qu\u2019elle d\u00e9voilerait sa toute nouvelle F1, connue sous le nom de SF-25 (ou \u00ab Project 677","og_url":"https:\/\/www.italpassion.fr\/nl\/wedstrijd\/formule-1\/f1-deze-foto-laat-zien-hoe-de-ferrari-sf-25-eruit-zou-kunnen-zien-voor-zijn-officiele-presentatie\/","og_site_name":"ItalPassion","article_publisher":"https:\/\/www.facebook.com\/italpassion","article_published_time":"2025-02-17T11:01:36+00:00","article_modified_time":"2025-02-17T11:02:50+00:00","og_image":[{"width":1200,"height":800,"url":"https:\/\/www.italpassion.fr\/wp-content\/uploads\/2025\/02\/ferrari-sf25.jpg","type":"image\/jpeg"}],"author":"Alexandre Filluzeau","twitter_card":"summary_large_image","twitter_creator":"@italpassion","twitter_site":"@italpassion","schema":{"@context":"https:\/\/schema.org","@graph":[{"@type":"NewsArticle","@id":"https:\/\/www.italpassion.fr\/nl\/competition\/formule-1\/f1-cette-photo-montre-a-quoi-la-ferrari-sf-25-pourrait-ressembler-avant-sa-presentation-officielle\/#article","isPartOf":{"@id":"https:\/\/www.italpassion.fr\/nl\/competition\/formule-1\/f1-cette-photo-montre-a-quoi-la-ferrari-sf-25-pourrait-ressembler-avant-sa-presentation-officielle\/"},"author":{"name":"Alexandre Filluzeau","@id":"https:\/\/www.italpassion.fr\/nl\/#\/schema\/person\/36f747b2a759ca202d847e85a9434ca0"},"headline":"F1 : cette photo montre \u00e0 quoi la Ferrari SF-25 pourrait ressembler avant sa pr\u00e9sentation officielle","datePublished":"2025-02-17T11:01:36+00:00","dateModified":"2025-02-17T11:02:50+00:00","mainEntityOfPage":{"@id":"https:\/\/www.italpassion.fr\/nl\/competition\/formule-1\/f1-cette-photo-montre-a-quoi-la-ferrari-sf-25-pourrait-ressembler-avant-sa-presentation-officielle\/"},"wordCount":519,"commentCount":0,"publisher":{"@id":"https:\/\/www.italpassion.fr\/nl\/#organization"},"image":{"@id":"https:\/\/www.italpassion.fr\/nl\/competition\/formule-1\/f1-cette-photo-montre-a-quoi-la-ferrari-sf-25-pourrait-ressembler-avant-sa-presentation-officielle\/#primaryimage"},"thumbnailUrl":"https:\/\/www.italpassion.fr\/wp-content\/uploads\/2025\/02\/ferrari-sf25.jpg","keywords":["Scuderia Ferrari"],"articleSection":["Formule 1","Sport Auto"],"inLanguage":"nl-NL","potentialAction":[{"@type":"CommentAction","name":"Comment","target":["https:\/\/www.italpassion.fr\/nl\/competition\/formule-1\/f1-cette-photo-montre-a-quoi-la-ferrari-sf-25-pourrait-ressembler-avant-sa-presentation-officielle\/#respond"]}]},{"@type":"WebPage","@id":"https:\/\/www.italpassion.fr\/nl\/competition\/formule-1\/f1-cette-photo-montre-a-quoi-la-ferrari-sf-25-pourrait-ressembler-avant-sa-presentation-officielle\/","url":"https:\/\/www.italpassion.fr\/nl\/competition\/formule-1\/f1-cette-photo-montre-a-quoi-la-ferrari-sf-25-pourrait-ressembler-avant-sa-presentation-officielle\/","name":"F1: Deze foto laat zien hoe de Ferrari SF-25 eruit zou kunnen zien voor de offici\u00eble onthulling - ItalPassion","isPartOf":{"@id":"https:\/\/www.italpassion.fr\/nl\/#website"},"primaryImageOfPage":{"@id":"https:\/\/www.italpassion.fr\/nl\/competition\/formule-1\/f1-cette-photo-montre-a-quoi-la-ferrari-sf-25-pourrait-ressembler-avant-sa-presentation-officielle\/#primaryimage"},"image":{"@id":"https:\/\/www.italpassion.fr\/nl\/competition\/formule-1\/f1-cette-photo-montre-a-quoi-la-ferrari-sf-25-pourrait-ressembler-avant-sa-presentation-officielle\/#primaryimage"},"thumbnailUrl":"https:\/\/www.italpassion.fr\/wp-content\/uploads\/2025\/02\/ferrari-sf25.jpg","datePublished":"2025-02-17T11:01:36+00:00","dateModified":"2025-02-17T11:02:50+00:00","description":"Een paar weken geleden had Scuderia Ferrari al bevestigd dat het zijn gloednieuwe F1-auto zou onthullen, die bekend staat als de SF-25 (of 'Project 677').","breadcrumb":{"@id":"https:\/\/www.italpassion.fr\/nl\/competition\/formule-1\/f1-cette-photo-montre-a-quoi-la-ferrari-sf-25-pourrait-ressembler-avant-sa-presentation-officielle\/#breadcrumb"},"inLanguage":"nl-NL","potentialAction":[{"@type":"ReadAction","target":["https:\/\/www.italpassion.fr\/nl\/competition\/formule-1\/f1-cette-photo-montre-a-quoi-la-ferrari-sf-25-pourrait-ressembler-avant-sa-presentation-officielle\/"]}]},{"@type":"ImageObject","inLanguage":"nl-NL","@id":"https:\/\/www.italpassion.fr\/nl\/competition\/formule-1\/f1-cette-photo-montre-a-quoi-la-ferrari-sf-25-pourrait-ressembler-avant-sa-presentation-officielle\/#primaryimage","url":"https:\/\/www.italpassion.fr\/wp-content\/uploads\/2025\/02\/ferrari-sf25.jpg","contentUrl":"https:\/\/www.italpassion.fr\/wp-content\/uploads\/2025\/02\/ferrari-sf25.jpg","width":1200,"height":800,"caption":"ferrari sf25"},{"@type":"BreadcrumbList","@id":"https:\/\/www.italpassion.fr\/nl\/competition\/formule-1\/f1-cette-photo-montre-a-quoi-la-ferrari-sf-25-pourrait-ressembler-avant-sa-presentation-officielle\/#breadcrumb","itemListElement":[{"@type":"ListItem","position":1,"name":"Accueil","item":"https:\/\/www.italpassion.fr\/nl\/"},{"@type":"ListItem","position":2,"name":"F1 : cette photo montre \u00e0 quoi la Ferrari SF-25 pourrait ressembler avant sa pr\u00e9sentation officielle"}]},{"@type":"WebSite","@id":"https:\/\/www.italpassion.fr\/nl\/#website","url":"https:\/\/www.italpassion.fr\/nl\/","name":"ItalPassion","description":"Italiaanse autoliefhebbers","publisher":{"@id":"https:\/\/www.italpassion.fr\/nl\/#organization"},"potentialAction":[{"@type":"SearchAction","target":{"@type":"EntryPoint","urlTemplate":"https:\/\/www.italpassion.fr\/nl\/?s={search_term_string}"},"query-input":{"@type":"PropertyValueSpecification","valueRequired":true,"valueName":"search_term_string"}}],"inLanguage":"nl-NL"},{"@type":"Organization","@id":"https:\/\/www.italpassion.fr\/nl\/#organization","name":"Italpassion","url":"https:\/\/www.italpassion.fr\/nl\/","logo":{"@type":"ImageObject","inLanguage":"nl-NL","@id":"https:\/\/www.italpassion.fr\/nl\/#\/schema\/logo\/image\/","url":"https:\/\/www.italpassion.fr\/wp-content\/uploads\/2023\/07\/italpassion-yoast.jpg","contentUrl":"https:\/\/www.italpassion.fr\/wp-content\/uploads\/2023\/07\/italpassion-yoast.jpg","width":696,"height":696,"caption":"Italpassion"},"image":{"@id":"https:\/\/www.italpassion.fr\/nl\/#\/schema\/logo\/image\/"},"sameAs":["https:\/\/www.facebook.com\/italpassion","https:\/\/x.com\/italpassion","https:\/\/www.instagram.com\/italpassionfr\/","https:\/\/www.youtube.com\/channel\/UCleq-ByQaA42OjhopwevRjQ","https:\/\/www.facebook.com\/italpassion.en\/","https:\/\/www.facebook.com\/italpassion.it\/","https:\/\/www.facebook.com\/italpassion.de\/","https:\/\/www.facebook.com\/italpassion.ja\/"]},{"@type":"Person","@id":"https:\/\/www.italpassion.fr\/nl\/#\/schema\/person\/36f747b2a759ca202d847e85a9434ca0","name":"Alexandre Filluzeau","image":{"@type":"ImageObject","inLanguage":"nl-NL","@id":"https:\/\/www.italpassion.fr\/nl\/#\/schema\/person\/image\/","url":"https:\/\/www.italpassion.fr\/wp-content\/uploads\/2025\/04\/avatar-alexandre-160x160.jpg","contentUrl":"https:\/\/www.italpassion.fr\/wp-content\/uploads\/2025\/04\/avatar-alexandre-160x160.jpg","caption":"Alexandre Filluzeau"},"description":"Oprichter van de website ItalPassion, gepassioneerd door Italiaanse auto's en Itali\u00eb in het algemeen. Waar mogelijk breng ik een kritisch en technisch oog naar nieuws over Italiaanse merken. Eigenaar van een Maserati GranTurismo, Alfa Romeo MiTo, Lancia Fulvia en Ducati 695. Ex-eigenaar van een Alfa Romeo Giulia.","sameAs":["https:\/\/www.italpassion.fr\/"],"url":"https:\/\/www.italpassion.fr\/nl\/author\/alexandre\/"}]}},"_links":{"self":[{"href":"https:\/\/www.italpassion.fr\/nl\/wp-json\/wp\/v2\/posts\/36684","targetHints":{"allow":["GET"]}}],"collection":[{"href":"https:\/\/www.italpassion.fr\/nl\/wp-json\/wp\/v2\/posts"}],"about":[{"href":"https:\/\/www.italpassion.fr\/nl\/wp-json\/wp\/v2\/types\/post"}],"author":[{"embeddable":true,"href":"https:\/\/www.italpassion.fr\/nl\/wp-json\/wp\/v2\/users\/1"}],"replies":[{"embeddable":true,"href":"https:\/\/www.italpassion.fr\/nl\/wp-json\/wp\/v2\/comments?post=36684"}],"version-history":[{"count":3,"href":"https:\/\/www.italpassion.fr\/nl\/wp-json\/wp\/v2\/posts\/36684\/revisions"}],"predecessor-version":[{"id":36688,"href":"https:\/\/www.italpassion.fr\/nl\/wp-json\/wp\/v2\/posts\/36684\/revisions\/36688"}],"wp:featuredmedia":[{"embeddable":true,"href":"https:\/\/www.italpassion.fr\/nl\/wp-json\/wp\/v2\/media\/36685"}],"wp:attachment":[{"href":"https:\/\/www.italpassion.fr\/nl\/wp-json\/wp\/v2\/media?parent=36684"}],"wp:term":[{"taxonomy":"category","embeddable":true,"href":"https:\/\/www.italpassion.fr\/nl\/wp-json\/wp\/v2\/categories?post=36684"},{"taxonomy":"post_tag","embeddable":true,"href":"https:\/\/www.italpassion.fr\/nl\/wp-json\/wp\/v2\/tags?post=36684"}],"curies":[{"name":"wp","href":"https:\/\/api.w.org\/{rel}","templated":true}]}}