{"id":36650,"date":"2025-02-17T09:27:38","date_gmt":"2025-02-17T08:27:38","guid":{"rendered":"https:\/\/www.italpassion.fr\/?p=36650"},"modified":"2025-02-17T09:27:40","modified_gmt":"2025-02-17T08:27:40","slug":"nieuwe-fiat-fastback-belangrijke-data-en-productielocatie-voor-de-toekomstige-suv","status":"publish","type":"post","link":"https:\/\/www.italpassion.fr\/nl\/fiat\/nouveau-fiat-fastback-infos-dates-cles-et-lieu-de-production-du-futur-suv\/","title":{"rendered":"Nieuwe Fiat Fastback: nieuws, belangrijke data en productielocatie voor de toekomstige SUV"},"content":{"rendered":"<figure class=\"wp-block-image size-large\"><img loading=\"lazy\" decoding=\"async\" width=\"1024\" height=\"683\" src=\"https:\/\/www.italpassion.fr\/wp-content\/uploads\/2025\/02\/fiat-fastback-concept-1024x683.jpg\" alt=\"\" class=\"wp-image-36655\" srcset=\"https:\/\/www.italpassion.fr\/wp-content\/uploads\/2025\/02\/fiat-fastback-concept-1024x683.jpg 1024w, https:\/\/www.italpassion.fr\/wp-content\/uploads\/2025\/02\/fiat-fastback-concept-300x200.jpg 300w, https:\/\/www.italpassion.fr\/wp-content\/uploads\/2025\/02\/fiat-fastback-concept-768x512.jpg 768w, https:\/\/www.italpassion.fr\/wp-content\/uploads\/2025\/02\/fiat-fastback-concept-18x12.jpg 18w, https:\/\/www.italpassion.fr\/wp-content\/uploads\/2025\/02\/fiat-fastback-concept-561x374.jpg 561w, https:\/\/www.italpassion.fr\/wp-content\/uploads\/2025\/02\/fiat-fastback-concept-1122x748.jpg 1122w, https:\/\/www.italpassion.fr\/wp-content\/uploads\/2025\/02\/fiat-fastback-concept-265x177.jpg 265w, https:\/\/www.italpassion.fr\/wp-content\/uploads\/2025\/02\/fiat-fastback-concept-531x354.jpg 531w, https:\/\/www.italpassion.fr\/wp-content\/uploads\/2025\/02\/fiat-fastback-concept-364x243.jpg 364w, https:\/\/www.italpassion.fr\/wp-content\/uploads\/2025\/02\/fiat-fastback-concept-728x485.jpg 728w, https:\/\/www.italpassion.fr\/wp-content\/uploads\/2025\/02\/fiat-fastback-concept-608x405.jpg 608w, https:\/\/www.italpassion.fr\/wp-content\/uploads\/2025\/02\/fiat-fastback-concept-758x505.jpg 758w, https:\/\/www.italpassion.fr\/wp-content\/uploads\/2025\/02\/fiat-fastback-concept-1152x768.jpg 1152w, https:\/\/www.italpassion.fr\/wp-content\/uploads\/2025\/02\/fiat-fastback-concept.jpg 1200w\" sizes=\"auto, (max-width: 1024px) 100vw, 1024px\" \/><figcaption class=\"wp-element-caption\">Fiat Fastback concept. Afbeelding Fiat<\/figcaption><\/figure>\n\n\n\n<p>De productie van de Grande Panda is net begonnen,<strong> de volgende SUV van <a href=\"https:\/\/www.italpassion.fr\/nl\/fiat\/\">Fiat<\/a>Fastback genoemd en intern bekend als F2X, zal binnenkort klaar zijn.<\/strong> Het volgt op de heropleving van het Italiaanse merk, ge\u00efnitieerd door de <a href=\"https:\/\/www.italpassion.fr\/nl\/autos\/fiat-grande-panda\/\">Grote Panda<\/a> die net in productie is gegaan in Servi\u00eb op het 'Smart Car'-platform. Deze keer wordt de Fastback echter geproduceerd in Brazili\u00eb voor de lokale markt en in Marokko voor Europa en Afrika. Voor de Marokkaanse fabriek, <strong>het is voorjaar 2026 om de productie op te starten<\/strong> in de Stellantis-fabriek in K\u00e9nitra. Deze fabriek, waar al de Peugeot e208 wordt geproduceerd, heeft geprofiteerd van een investering van meer dan 300 miljoen euro om de productiecapaciteit te verdubbelen en het beroemde \"Smart Car\"-platform te introduceren dat als basis zal dienen voor de toekomstige SUV.<\/p>\n\n\n\n<p><strong>Fiat zou de Fastback deze zomer al kunnen presenteren, in juli.<\/strong> Het is echter niet uitgesloten dat een eerste glimp iets eerder wordt onthuld, zoals het geval was bij de Grande Panda. Verwacht wordt dat de bestellingen voor de nieuwe SUV in september of oktober 2025 worden geopend, zodat er nog voldoende tijd overblijft voordat de productie in het voorjaar van het volgende jaar daadwerkelijk van start gaat. Opgemerkt moet worden dat<strong>het is niet onmogelijk dat het zijn andere Giga-Panda SUV op hetzelfde moment zal presenteren<\/strong> (<a href=\"https:\/\/www.italpassion.fr\/nl\/fiat\/fiat-er-komt-geen-giga-panda-of-multipla\/\">die niet zo zal heten<\/a>), met codenaam F2U, en gepland om een paar maanden later in productie te gaan, rond medio 2026.<\/p>\n\n\n\n<p><strong>Toekomstige F2U- en F2X-modellen worden gebaseerd op hetzelfde \"Smart Car\"-platform<\/strong> dan de Grande Panda, die speciaal is ontworpen voor zowel elektrische als hybride aandrijflijnen. Fiat zou een versie kunnen aanbieden met een 83 kW (113 pk) sterke elektromotor, gevoed door een 44 kWh accu, en een 136 pk sterke hybride benzineversie. Met de Fastback wil Fiat een gestroomlijnd SUV-ontwerp aanbieden dat meer weg heeft van een verhoogde coup\u00e9 dan van een conventionele SUV.<\/p>\n\n\n\n<p><strong>De keuze voor K\u00e9nitra om de Fastback te produceren is niet gering. <\/strong>Sinds de opening in 2019 heeft de Marokkaanse fabriek al de doelstellingen overtroffen die aanvankelijk in de industri\u00eble overeenkomst met de regering van het Koninkrijk waren vastgelegd. De ambitie is nu om de productie te verhogen tot 400.000 voertuigen per jaar, naast de Fiat Topolino, Citro\u00ebn Ami en Opel Rocks-e. Op deze manier hoopt Stellantis zijn marktaandeel in Afrika en het Midden-Oosten te vergroten, met een doelstelling van meer dan 22 % tegen 2030.<\/p>","protected":false},"excerpt":{"rendered":"","protected":false},"author":1,"featured_media":36655,"comment_status":"open","ping_status":"open","sticky":false,"template":"","format":"standard","meta":{"_acf_changed":false,"_sitemap_exclude":false,"_sitemap_priority":"","_sitemap_frequency":"","footnotes":""},"categories":[24],"tags":[419],"class_list":["post-36650","post","type-post","status-publish","format-standard","has-post-thumbnail","hentry","category-fiat","tag-fiat-fastback","generate-columns","tablet-grid-50","mobile-grid-100","grid-parent","grid-33"],"acf":[],"yoast_head":"<!-- This site is optimized with the Yoast SEO plugin v25.8 - https:\/\/yoast.com\/wordpress\/plugins\/seo\/ -->\n<title>Nouveau Fiat Fastback : infos, dates cl\u00e9s et lieu de production du futur SUV - ItalPassion<\/title>\n<meta name=\"description\" content=\"Fiat Fastback concept. Image Fiat Alors que la production de la Grande Panda d\u00e9marre juste, le prochain SUV de Fiat, baptis\u00e9 Fastback et connu en interne\" \/>\n<meta name=\"robots\" content=\"index, follow, max-snippet:-1, max-image-preview:large, max-video-preview:-1\" \/>\n<link rel=\"canonical\" href=\"https:\/\/www.italpassion.fr\/nl\/fiat\/nieuwe-fiat-fastback-belangrijke-data-en-productielocatie-voor-de-toekomstige-suv\/\" \/>\n<meta property=\"og:locale\" content=\"nl_NL\" \/>\n<meta property=\"og:type\" content=\"article\" \/>\n<meta property=\"og:title\" content=\"Nouveau Fiat Fastback : infos, dates cl\u00e9s et lieu de production du futur SUV - ItalPassion\" \/>\n<meta property=\"og:description\" content=\"Fiat Fastback concept. Image Fiat Alors que la production de la Grande Panda d\u00e9marre juste, le prochain SUV de Fiat, baptis\u00e9 Fastback et connu en interne\" \/>\n<meta property=\"og:url\" content=\"https:\/\/www.italpassion.fr\/nl\/fiat\/nieuwe-fiat-fastback-belangrijke-data-en-productielocatie-voor-de-toekomstige-suv\/\" \/>\n<meta property=\"og:site_name\" content=\"ItalPassion\" \/>\n<meta property=\"article:publisher\" content=\"https:\/\/www.facebook.com\/italpassion\" \/>\n<meta property=\"article:published_time\" content=\"2025-02-17T08:27:38+00:00\" \/>\n<meta property=\"article:modified_time\" content=\"2025-02-17T08:27:40+00:00\" \/>\n<meta property=\"og:image\" content=\"https:\/\/www.italpassion.fr\/wp-content\/uploads\/2025\/02\/fiat-fastback-concept.jpg\" \/>\n\t<meta property=\"og:image:width\" content=\"1200\" \/>\n\t<meta property=\"og:image:height\" content=\"800\" \/>\n\t<meta property=\"og:image:type\" content=\"image\/jpeg\" \/>\n<meta name=\"author\" content=\"Alexandre Filluzeau\" \/>\n<meta name=\"twitter:card\" content=\"summary_large_image\" \/>\n<meta name=\"twitter:creator\" content=\"@italpassion\" \/>\n<meta name=\"twitter:site\" content=\"@italpassion\" \/>\n<script type=\"application\/ld+json\" class=\"yoast-schema-graph\">{\"@context\":\"https:\/\/schema.org\",\"@graph\":[{\"@type\":\"NewsArticle\",\"@id\":\"https:\/\/www.italpassion.fr\/nl\/fiat\/nouveau-fiat-fastback-infos-dates-cles-et-lieu-de-production-du-futur-suv\/#article\",\"isPartOf\":{\"@id\":\"https:\/\/www.italpassion.fr\/nl\/fiat\/nouveau-fiat-fastback-infos-dates-cles-et-lieu-de-production-du-futur-suv\/\"},\"author\":{\"name\":\"Alexandre Filluzeau\",\"@id\":\"https:\/\/www.italpassion.fr\/nl\/#\/schema\/person\/36f747b2a759ca202d847e85a9434ca0\"},\"headline\":\"Nouveau Fiat Fastback : infos, dates cl\u00e9s et lieu de production du futur SUV\",\"datePublished\":\"2025-02-17T08:27:38+00:00\",\"dateModified\":\"2025-02-17T08:27:40+00:00\",\"mainEntityOfPage\":{\"@id\":\"https:\/\/www.italpassion.fr\/nl\/fiat\/nouveau-fiat-fastback-infos-dates-cles-et-lieu-de-production-du-futur-suv\/\"},\"wordCount\":477,\"commentCount\":1,\"publisher\":{\"@id\":\"https:\/\/www.italpassion.fr\/nl\/#organization\"},\"image\":{\"@id\":\"https:\/\/www.italpassion.fr\/nl\/fiat\/nouveau-fiat-fastback-infos-dates-cles-et-lieu-de-production-du-futur-suv\/#primaryimage\"},\"thumbnailUrl\":\"https:\/\/www.italpassion.fr\/wp-content\/uploads\/2025\/02\/fiat-fastback-concept.jpg\",\"keywords\":[\"Fiat Fastback\"],\"articleSection\":[\"Fiat\"],\"inLanguage\":\"nl-NL\",\"potentialAction\":[{\"@type\":\"CommentAction\",\"name\":\"Comment\",\"target\":[\"https:\/\/www.italpassion.fr\/nl\/fiat\/nouveau-fiat-fastback-infos-dates-cles-et-lieu-de-production-du-futur-suv\/#respond\"]}]},{\"@type\":\"WebPage\",\"@id\":\"https:\/\/www.italpassion.fr\/nl\/fiat\/nouveau-fiat-fastback-infos-dates-cles-et-lieu-de-production-du-futur-suv\/\",\"url\":\"https:\/\/www.italpassion.fr\/nl\/fiat\/nouveau-fiat-fastback-infos-dates-cles-et-lieu-de-production-du-futur-suv\/\",\"name\":\"Nouveau Fiat Fastback : infos, dates cl\u00e9s et lieu de production du futur SUV - ItalPassion\",\"isPartOf\":{\"@id\":\"https:\/\/www.italpassion.fr\/nl\/#website\"},\"primaryImageOfPage\":{\"@id\":\"https:\/\/www.italpassion.fr\/nl\/fiat\/nouveau-fiat-fastback-infos-dates-cles-et-lieu-de-production-du-futur-suv\/#primaryimage\"},\"image\":{\"@id\":\"https:\/\/www.italpassion.fr\/nl\/fiat\/nouveau-fiat-fastback-infos-dates-cles-et-lieu-de-production-du-futur-suv\/#primaryimage\"},\"thumbnailUrl\":\"https:\/\/www.italpassion.fr\/wp-content\/uploads\/2025\/02\/fiat-fastback-concept.jpg\",\"datePublished\":\"2025-02-17T08:27:38+00:00\",\"dateModified\":\"2025-02-17T08:27:40+00:00\",\"description\":\"Fiat Fastback concept. Image Fiat Alors que la production de la Grande Panda d\u00e9marre juste, le prochain SUV de Fiat, baptis\u00e9 Fastback et connu en interne\",\"breadcrumb\":{\"@id\":\"https:\/\/www.italpassion.fr\/nl\/fiat\/nouveau-fiat-fastback-infos-dates-cles-et-lieu-de-production-du-futur-suv\/#breadcrumb\"},\"inLanguage\":\"nl-NL\",\"potentialAction\":[{\"@type\":\"ReadAction\",\"target\":[\"https:\/\/www.italpassion.fr\/nl\/fiat\/nouveau-fiat-fastback-infos-dates-cles-et-lieu-de-production-du-futur-suv\/\"]}]},{\"@type\":\"ImageObject\",\"inLanguage\":\"nl-NL\",\"@id\":\"https:\/\/www.italpassion.fr\/nl\/fiat\/nouveau-fiat-fastback-infos-dates-cles-et-lieu-de-production-du-futur-suv\/#primaryimage\",\"url\":\"https:\/\/www.italpassion.fr\/wp-content\/uploads\/2025\/02\/fiat-fastback-concept.jpg\",\"contentUrl\":\"https:\/\/www.italpassion.fr\/wp-content\/uploads\/2025\/02\/fiat-fastback-concept.jpg\",\"width\":1200,\"height\":800,\"caption\":\"fiat fastback concept\"},{\"@type\":\"BreadcrumbList\",\"@id\":\"https:\/\/www.italpassion.fr\/nl\/fiat\/nouveau-fiat-fastback-infos-dates-cles-et-lieu-de-production-du-futur-suv\/#breadcrumb\",\"itemListElement\":[{\"@type\":\"ListItem\",\"position\":1,\"name\":\"Accueil\",\"item\":\"https:\/\/www.italpassion.fr\/nl\/\"},{\"@type\":\"ListItem\",\"position\":2,\"name\":\"Nouveau Fiat Fastback : infos, dates cl\u00e9s et lieu de production du futur SUV\"}]},{\"@type\":\"WebSite\",\"@id\":\"https:\/\/www.italpassion.fr\/nl\/#website\",\"url\":\"https:\/\/www.italpassion.fr\/nl\/\",\"name\":\"ItalPassion\",\"description\":\"Les Passionn\u00e9s d&#039;Automobiles Italiennes\",\"publisher\":{\"@id\":\"https:\/\/www.italpassion.fr\/nl\/#organization\"},\"potentialAction\":[{\"@type\":\"SearchAction\",\"target\":{\"@type\":\"EntryPoint\",\"urlTemplate\":\"https:\/\/www.italpassion.fr\/nl\/?s={search_term_string}\"},\"query-input\":{\"@type\":\"PropertyValueSpecification\",\"valueRequired\":true,\"valueName\":\"search_term_string\"}}],\"inLanguage\":\"nl-NL\"},{\"@type\":\"Organization\",\"@id\":\"https:\/\/www.italpassion.fr\/nl\/#organization\",\"name\":\"Italpassion\",\"url\":\"https:\/\/www.italpassion.fr\/nl\/\",\"logo\":{\"@type\":\"ImageObject\",\"inLanguage\":\"nl-NL\",\"@id\":\"https:\/\/www.italpassion.fr\/nl\/#\/schema\/logo\/image\/\",\"url\":\"https:\/\/www.italpassion.fr\/wp-content\/uploads\/2023\/07\/italpassion-yoast.jpg\",\"contentUrl\":\"https:\/\/www.italpassion.fr\/wp-content\/uploads\/2023\/07\/italpassion-yoast.jpg\",\"width\":696,\"height\":696,\"caption\":\"Italpassion\"},\"image\":{\"@id\":\"https:\/\/www.italpassion.fr\/nl\/#\/schema\/logo\/image\/\"},\"sameAs\":[\"https:\/\/www.facebook.com\/italpassion\",\"https:\/\/x.com\/italpassion\",\"https:\/\/www.instagram.com\/italpassionfr\/\",\"https:\/\/www.youtube.com\/channel\/UCleq-ByQaA42OjhopwevRjQ\",\"https:\/\/www.facebook.com\/italpassion.en\/\",\"https:\/\/www.facebook.com\/italpassion.it\/\",\"https:\/\/www.facebook.com\/italpassion.de\/\",\"https:\/\/www.facebook.com\/italpassion.ja\/\"]},{\"@type\":\"Person\",\"@id\":\"https:\/\/www.italpassion.fr\/nl\/#\/schema\/person\/36f747b2a759ca202d847e85a9434ca0\",\"name\":\"Alexandre Filluzeau\",\"image\":{\"@type\":\"ImageObject\",\"inLanguage\":\"nl-NL\",\"@id\":\"https:\/\/www.italpassion.fr\/nl\/#\/schema\/person\/image\/\",\"url\":\"https:\/\/www.italpassion.fr\/wp-content\/uploads\/2025\/04\/avatar-alexandre-160x160.jpg\",\"contentUrl\":\"https:\/\/www.italpassion.fr\/wp-content\/uploads\/2025\/04\/avatar-alexandre-160x160.jpg\",\"caption\":\"Alexandre Filluzeau\"},\"description\":\"Fondateur du site ItalPassion, passionn\u00e9 de voitures italiennes et de l'Italie en g\u00e9n\u00e9ral. J'apporte un regard critique et technique aux actualit\u00e9s des marques italiennes quand cela est possible. Propri\u00e9taire d'une Maserati GranTurismo, Alfa Romeo MiTo, Lancia Fulvia et Ducati 695. Ex-propri\u00e9taire d'une Alfa Romeo Giulia.\",\"sameAs\":[\"https:\/\/www.italpassion.fr\/\"],\"url\":\"https:\/\/www.italpassion.fr\/nl\/author\/alexandre\/\"}]}<\/script>\n<!-- \/ Yoast SEO plugin. -->","yoast_head_json":{"title":"Nieuwe Fiat Fastback: nieuws, belangrijke data en productielocatie van de toekomstige SUV - ItalPassion","description":"Fiat Fastback concept. Afbeelding Fiat Terwijl de productie van de Grande Panda net op gang is gekomen, wordt de volgende SUV van Fiat, Fastback genaamd en intern bekend als de \"Fiat Fastback Concept\", binnenkort onthuld.","robots":{"index":"index","follow":"follow","max-snippet":"max-snippet:-1","max-image-preview":"max-image-preview:large","max-video-preview":"max-video-preview:-1"},"canonical":"https:\/\/www.italpassion.fr\/nl\/fiat\/nieuwe-fiat-fastback-belangrijke-data-en-productielocatie-voor-de-toekomstige-suv\/","og_locale":"nl_NL","og_type":"article","og_title":"Nouveau Fiat Fastback : infos, dates cl\u00e9s et lieu de production du futur SUV - ItalPassion","og_description":"Fiat Fastback concept. Image Fiat Alors que la production de la Grande Panda d\u00e9marre juste, le prochain SUV de Fiat, baptis\u00e9 Fastback et connu en interne","og_url":"https:\/\/www.italpassion.fr\/nl\/fiat\/nieuwe-fiat-fastback-belangrijke-data-en-productielocatie-voor-de-toekomstige-suv\/","og_site_name":"ItalPassion","article_publisher":"https:\/\/www.facebook.com\/italpassion","article_published_time":"2025-02-17T08:27:38+00:00","article_modified_time":"2025-02-17T08:27:40+00:00","og_image":[{"width":1200,"height":800,"url":"https:\/\/www.italpassion.fr\/wp-content\/uploads\/2025\/02\/fiat-fastback-concept.jpg","type":"image\/jpeg"}],"author":"Alexandre Filluzeau","twitter_card":"summary_large_image","twitter_creator":"@italpassion","twitter_site":"@italpassion","schema":{"@context":"https:\/\/schema.org","@graph":[{"@type":"NewsArticle","@id":"https:\/\/www.italpassion.fr\/nl\/fiat\/nouveau-fiat-fastback-infos-dates-cles-et-lieu-de-production-du-futur-suv\/#article","isPartOf":{"@id":"https:\/\/www.italpassion.fr\/nl\/fiat\/nouveau-fiat-fastback-infos-dates-cles-et-lieu-de-production-du-futur-suv\/"},"author":{"name":"Alexandre Filluzeau","@id":"https:\/\/www.italpassion.fr\/nl\/#\/schema\/person\/36f747b2a759ca202d847e85a9434ca0"},"headline":"Nouveau Fiat Fastback : infos, dates cl\u00e9s et lieu de production du futur SUV","datePublished":"2025-02-17T08:27:38+00:00","dateModified":"2025-02-17T08:27:40+00:00","mainEntityOfPage":{"@id":"https:\/\/www.italpassion.fr\/nl\/fiat\/nouveau-fiat-fastback-infos-dates-cles-et-lieu-de-production-du-futur-suv\/"},"wordCount":477,"commentCount":1,"publisher":{"@id":"https:\/\/www.italpassion.fr\/nl\/#organization"},"image":{"@id":"https:\/\/www.italpassion.fr\/nl\/fiat\/nouveau-fiat-fastback-infos-dates-cles-et-lieu-de-production-du-futur-suv\/#primaryimage"},"thumbnailUrl":"https:\/\/www.italpassion.fr\/wp-content\/uploads\/2025\/02\/fiat-fastback-concept.jpg","keywords":["Fiat Fastback"],"articleSection":["Fiat"],"inLanguage":"nl-NL","potentialAction":[{"@type":"CommentAction","name":"Comment","target":["https:\/\/www.italpassion.fr\/nl\/fiat\/nouveau-fiat-fastback-infos-dates-cles-et-lieu-de-production-du-futur-suv\/#respond"]}]},{"@type":"WebPage","@id":"https:\/\/www.italpassion.fr\/nl\/fiat\/nouveau-fiat-fastback-infos-dates-cles-et-lieu-de-production-du-futur-suv\/","url":"https:\/\/www.italpassion.fr\/nl\/fiat\/nouveau-fiat-fastback-infos-dates-cles-et-lieu-de-production-du-futur-suv\/","name":"Nieuwe Fiat Fastback: nieuws, belangrijke data en productielocatie van de toekomstige SUV - ItalPassion","isPartOf":{"@id":"https:\/\/www.italpassion.fr\/nl\/#website"},"primaryImageOfPage":{"@id":"https:\/\/www.italpassion.fr\/nl\/fiat\/nouveau-fiat-fastback-infos-dates-cles-et-lieu-de-production-du-futur-suv\/#primaryimage"},"image":{"@id":"https:\/\/www.italpassion.fr\/nl\/fiat\/nouveau-fiat-fastback-infos-dates-cles-et-lieu-de-production-du-futur-suv\/#primaryimage"},"thumbnailUrl":"https:\/\/www.italpassion.fr\/wp-content\/uploads\/2025\/02\/fiat-fastback-concept.jpg","datePublished":"2025-02-17T08:27:38+00:00","dateModified":"2025-02-17T08:27:40+00:00","description":"Fiat Fastback concept. Afbeelding Fiat Terwijl de productie van de Grande Panda net op gang is gekomen, wordt de volgende SUV van Fiat, Fastback genaamd en intern bekend als de \"Fiat Fastback Concept\", binnenkort onthuld.","breadcrumb":{"@id":"https:\/\/www.italpassion.fr\/nl\/fiat\/nouveau-fiat-fastback-infos-dates-cles-et-lieu-de-production-du-futur-suv\/#breadcrumb"},"inLanguage":"nl-NL","potentialAction":[{"@type":"ReadAction","target":["https:\/\/www.italpassion.fr\/nl\/fiat\/nouveau-fiat-fastback-infos-dates-cles-et-lieu-de-production-du-futur-suv\/"]}]},{"@type":"ImageObject","inLanguage":"nl-NL","@id":"https:\/\/www.italpassion.fr\/nl\/fiat\/nouveau-fiat-fastback-infos-dates-cles-et-lieu-de-production-du-futur-suv\/#primaryimage","url":"https:\/\/www.italpassion.fr\/wp-content\/uploads\/2025\/02\/fiat-fastback-concept.jpg","contentUrl":"https:\/\/www.italpassion.fr\/wp-content\/uploads\/2025\/02\/fiat-fastback-concept.jpg","width":1200,"height":800,"caption":"fiat fastback concept"},{"@type":"BreadcrumbList","@id":"https:\/\/www.italpassion.fr\/nl\/fiat\/nouveau-fiat-fastback-infos-dates-cles-et-lieu-de-production-du-futur-suv\/#breadcrumb","itemListElement":[{"@type":"ListItem","position":1,"name":"Accueil","item":"https:\/\/www.italpassion.fr\/nl\/"},{"@type":"ListItem","position":2,"name":"Nouveau Fiat Fastback : infos, dates cl\u00e9s et lieu de production du futur SUV"}]},{"@type":"WebSite","@id":"https:\/\/www.italpassion.fr\/nl\/#website","url":"https:\/\/www.italpassion.fr\/nl\/","name":"ItalPassion","description":"Italiaanse autoliefhebbers","publisher":{"@id":"https:\/\/www.italpassion.fr\/nl\/#organization"},"potentialAction":[{"@type":"SearchAction","target":{"@type":"EntryPoint","urlTemplate":"https:\/\/www.italpassion.fr\/nl\/?s={search_term_string}"},"query-input":{"@type":"PropertyValueSpecification","valueRequired":true,"valueName":"search_term_string"}}],"inLanguage":"nl-NL"},{"@type":"Organization","@id":"https:\/\/www.italpassion.fr\/nl\/#organization","name":"Italpassion","url":"https:\/\/www.italpassion.fr\/nl\/","logo":{"@type":"ImageObject","inLanguage":"nl-NL","@id":"https:\/\/www.italpassion.fr\/nl\/#\/schema\/logo\/image\/","url":"https:\/\/www.italpassion.fr\/wp-content\/uploads\/2023\/07\/italpassion-yoast.jpg","contentUrl":"https:\/\/www.italpassion.fr\/wp-content\/uploads\/2023\/07\/italpassion-yoast.jpg","width":696,"height":696,"caption":"Italpassion"},"image":{"@id":"https:\/\/www.italpassion.fr\/nl\/#\/schema\/logo\/image\/"},"sameAs":["https:\/\/www.facebook.com\/italpassion","https:\/\/x.com\/italpassion","https:\/\/www.instagram.com\/italpassionfr\/","https:\/\/www.youtube.com\/channel\/UCleq-ByQaA42OjhopwevRjQ","https:\/\/www.facebook.com\/italpassion.en\/","https:\/\/www.facebook.com\/italpassion.it\/","https:\/\/www.facebook.com\/italpassion.de\/","https:\/\/www.facebook.com\/italpassion.ja\/"]},{"@type":"Person","@id":"https:\/\/www.italpassion.fr\/nl\/#\/schema\/person\/36f747b2a759ca202d847e85a9434ca0","name":"Alexandre Filluzeau","image":{"@type":"ImageObject","inLanguage":"nl-NL","@id":"https:\/\/www.italpassion.fr\/nl\/#\/schema\/person\/image\/","url":"https:\/\/www.italpassion.fr\/wp-content\/uploads\/2025\/04\/avatar-alexandre-160x160.jpg","contentUrl":"https:\/\/www.italpassion.fr\/wp-content\/uploads\/2025\/04\/avatar-alexandre-160x160.jpg","caption":"Alexandre Filluzeau"},"description":"Oprichter van de website ItalPassion, gepassioneerd door Italiaanse auto's en Itali\u00eb in het algemeen. Waar mogelijk breng ik een kritisch en technisch oog naar nieuws over Italiaanse merken. Eigenaar van een Maserati GranTurismo, Alfa Romeo MiTo, Lancia Fulvia en Ducati 695. Ex-eigenaar van een Alfa Romeo Giulia.","sameAs":["https:\/\/www.italpassion.fr\/"],"url":"https:\/\/www.italpassion.fr\/nl\/author\/alexandre\/"}]}},"_links":{"self":[{"href":"https:\/\/www.italpassion.fr\/nl\/wp-json\/wp\/v2\/posts\/36650","targetHints":{"allow":["GET"]}}],"collection":[{"href":"https:\/\/www.italpassion.fr\/nl\/wp-json\/wp\/v2\/posts"}],"about":[{"href":"https:\/\/www.italpassion.fr\/nl\/wp-json\/wp\/v2\/types\/post"}],"author":[{"embeddable":true,"href":"https:\/\/www.italpassion.fr\/nl\/wp-json\/wp\/v2\/users\/1"}],"replies":[{"embeddable":true,"href":"https:\/\/www.italpassion.fr\/nl\/wp-json\/wp\/v2\/comments?post=36650"}],"version-history":[{"count":3,"href":"https:\/\/www.italpassion.fr\/nl\/wp-json\/wp\/v2\/posts\/36650\/revisions"}],"predecessor-version":[{"id":36678,"href":"https:\/\/www.italpassion.fr\/nl\/wp-json\/wp\/v2\/posts\/36650\/revisions\/36678"}],"wp:featuredmedia":[{"embeddable":true,"href":"https:\/\/www.italpassion.fr\/nl\/wp-json\/wp\/v2\/media\/36655"}],"wp:attachment":[{"href":"https:\/\/www.italpassion.fr\/nl\/wp-json\/wp\/v2\/media?parent=36650"}],"wp:term":[{"taxonomy":"category","embeddable":true,"href":"https:\/\/www.italpassion.fr\/nl\/wp-json\/wp\/v2\/categories?post=36650"},{"taxonomy":"post_tag","embeddable":true,"href":"https:\/\/www.italpassion.fr\/nl\/wp-json\/wp\/v2\/tags?post=36650"}],"curies":[{"name":"wp","href":"https:\/\/api.w.org\/{rel}","templated":true}]}}