{"id":36087,"date":"2025-01-20T11:20:10","date_gmt":"2025-01-20T10:20:10","guid":{"rendered":"https:\/\/www.italpassion.fr\/?p=36087"},"modified":"2025-01-20T11:20:12","modified_gmt":"2025-01-20T10:20:12","slug":"tesla-made-in-italy-de-italiaanse-vakbond-die-meloni-vroeg-om-met-musk-te-praten","status":"publish","type":"post","link":"https:\/\/www.italpassion.fr\/nl\/voiture-electrique\/des-tesla-fabriquees-en-italie-ce-syndicat-italien-qui-demande-a-meloni-den-discuter-avec-musk\/","title":{"rendered":"Tesla-auto's gemaakt in Itali\u00eb: de Italiaanse vakbond vraagt Meloni om de zaak met Musk te bespreken"},"content":{"rendered":"<figure class=\"wp-block-image size-large\"><img loading=\"lazy\" decoding=\"async\" width=\"1024\" height=\"683\" src=\"https:\/\/www.italpassion.fr\/wp-content\/uploads\/2025\/01\/tesla-italie-1024x683.jpg\" alt=\"\" class=\"wp-image-36088\" srcset=\"https:\/\/www.italpassion.fr\/wp-content\/uploads\/2025\/01\/tesla-italie-1024x683.jpg 1024w, https:\/\/www.italpassion.fr\/wp-content\/uploads\/2025\/01\/tesla-italie-300x200.jpg 300w, https:\/\/www.italpassion.fr\/wp-content\/uploads\/2025\/01\/tesla-italie-768x512.jpg 768w, https:\/\/www.italpassion.fr\/wp-content\/uploads\/2025\/01\/tesla-italie-18x12.jpg 18w, https:\/\/www.italpassion.fr\/wp-content\/uploads\/2025\/01\/tesla-italie-561x374.jpg 561w, https:\/\/www.italpassion.fr\/wp-content\/uploads\/2025\/01\/tesla-italie-1122x748.jpg 1122w, https:\/\/www.italpassion.fr\/wp-content\/uploads\/2025\/01\/tesla-italie-265x177.jpg 265w, https:\/\/www.italpassion.fr\/wp-content\/uploads\/2025\/01\/tesla-italie-531x354.jpg 531w, https:\/\/www.italpassion.fr\/wp-content\/uploads\/2025\/01\/tesla-italie-364x243.jpg 364w, https:\/\/www.italpassion.fr\/wp-content\/uploads\/2025\/01\/tesla-italie-728x485.jpg 728w, https:\/\/www.italpassion.fr\/wp-content\/uploads\/2025\/01\/tesla-italie-608x405.jpg 608w, https:\/\/www.italpassion.fr\/wp-content\/uploads\/2025\/01\/tesla-italie-758x505.jpg 758w, https:\/\/www.italpassion.fr\/wp-content\/uploads\/2025\/01\/tesla-italie-1152x768.jpg 1152w, https:\/\/www.italpassion.fr\/wp-content\/uploads\/2025\/01\/tesla-italie.jpg 1200w\" sizes=\"auto, (max-width: 1024px) 100vw, 1024px\" \/><\/figure>\n\n\n\n<p>De Italiaanse auto-industrie verkeert in een crisis. In 2024 daalde de autoproductie in het land onder de 500.000 eenheden, een zorgwekkende situatie voor vakbonden en lokale overheden, die de buitensporige afhankelijkheid van Itali\u00eb van de auto-industrie betreuren. <a href=\"https:\/\/www.italpassion.fr\/nl\/stellantis\/\">Stellantis<\/a>. Deze autogigant, die de sector domineert, is niet in staat om voldoende tegemoet te komen aan de behoeften van werknemers en regio's, met name in Piemonte. <strong>Giorgio Airaudo, secretaris van CGIL Piemonte, heeft er genoeg van en heeft een moedige oproep gedaan aan de Italiaanse premier, Giorgia Meloni, om rechtstreeks met Elon Musk te gaan praten om Tesla te laten investeren in Itali\u00eb.<\/strong><\/p>\n\n\n\n<p>De situatie is des te zorgwekkender omdat de beloften van Stellantis, zoals het beroemde \"luxe cluster\" in Mirafiori, op niets lijken uit te lopen. Airaudo is vernietigend in zijn kritiek op de lokale autoriteiten en beschuldigt hen ervan te zijn \"beetgenomen\" door Stellantis, dat volgens hem zijn beloften op het gebied van industri\u00eble investeringen in Itali\u00eb niet nakomt. <a href=\"https:\/\/www.italpassion.fr\/nl\/maserati\/catastrofale-productiecijfers-van-maserati-voor-2024\/\">Maserati-productie<\/a>De productiecapaciteit van Stellantis blijft bijvoorbeeld ver achter bij de ambities, met in sommige maanden slechts drie geproduceerde auto's per dag. De vakbond roept op tot een radicale verandering en stelt voor dat de stad Turijn en de regio Piemonte hun partnerschap met Stellantis heroverwegen en hun politieke invloed aanwenden om andere investeerders aan te trekken.<\/p>\n\n\n\n<p><strong>Een concrete mogelijkheid is de komst van Tesla<\/strong>wiens zoektocht naar een nieuwe productielocatie in Europa bekend is. Begin 2024 kondigde Adolfo Urso, minister van Economie, aan dat er gesprekken gaande waren met verschillende fabrikanten, waaronder bedrijven in het Oosten en Westen van de wereld. Volgens Airaudo zou dit een gouden kans zijn voor de regio Piemonte om zijn strategische positie in Europa te benutten en Tesla naar Turijn te lokken.<\/p>\n\n\n\n<p><strong>De timing lijkt des te gunstiger dat Giorgia Meloni, die is uitgenodigd voor de inauguratie van president Donald Trump op 20 januari 2025<\/strong>zou de kans kunnen krijgen om met Musk te praten. Deze laatste, die zijn industri\u00eble imperium in Europa voortdurend uitbreidt, zou Itali\u00eb als een ideale bestemming kunnen zien voor zijn tweede Europese gigafabriek, een project dat hoop zou geven aan een hele regio die op zoek is naar nieuwe banen en investeringen.<\/p>","protected":false},"excerpt":{"rendered":"","protected":false},"author":1,"featured_media":36088,"comment_status":"open","ping_status":"open","sticky":false,"template":"","format":"standard","meta":{"_acf_changed":false,"_sitemap_exclude":false,"_sitemap_priority":"","_sitemap_frequency":"","footnotes":""},"categories":[371],"tags":[],"class_list":["post-36087","post","type-post","status-publish","format-standard","has-post-thumbnail","hentry","category-voiture-electrique","generate-columns","tablet-grid-50","mobile-grid-100","grid-parent","grid-33"],"acf":[],"yoast_head":"<!-- This site is optimized with the Yoast SEO plugin v25.8 - https:\/\/yoast.com\/wordpress\/plugins\/seo\/ -->\n<title>Des Tesla fabriqu\u00e9es en Italie : ce syndicat italien qui demande \u00e0 Meloni d&#039;en discuter avec Musk - ItalPassion<\/title>\n<meta name=\"description\" content=\"L\u2019industrie automobile italienne est en crise. En 2024, la production de voitures dans le pays a chut\u00e9 sous les 500 000 unit\u00e9s, une situation pr\u00e9occupante\" \/>\n<meta name=\"robots\" content=\"index, follow, max-snippet:-1, max-image-preview:large, max-video-preview:-1\" \/>\n<link rel=\"canonical\" href=\"https:\/\/www.italpassion.fr\/nl\/elektrische-auto\/tesla-made-in-italy-de-italiaanse-vakbond-die-meloni-vroeg-om-met-musk-te-praten\/\" \/>\n<meta property=\"og:locale\" content=\"nl_NL\" \/>\n<meta property=\"og:type\" content=\"article\" \/>\n<meta property=\"og:title\" content=\"Des Tesla fabriqu\u00e9es en Italie : ce syndicat italien qui demande \u00e0 Meloni d&#039;en discuter avec Musk - ItalPassion\" \/>\n<meta property=\"og:description\" content=\"L\u2019industrie automobile italienne est en crise. En 2024, la production de voitures dans le pays a chut\u00e9 sous les 500 000 unit\u00e9s, une situation pr\u00e9occupante\" \/>\n<meta property=\"og:url\" content=\"https:\/\/www.italpassion.fr\/nl\/elektrische-auto\/tesla-made-in-italy-de-italiaanse-vakbond-die-meloni-vroeg-om-met-musk-te-praten\/\" \/>\n<meta property=\"og:site_name\" content=\"ItalPassion\" \/>\n<meta property=\"article:publisher\" content=\"https:\/\/www.facebook.com\/italpassion\" \/>\n<meta property=\"article:published_time\" content=\"2025-01-20T10:20:10+00:00\" \/>\n<meta property=\"article:modified_time\" content=\"2025-01-20T10:20:12+00:00\" \/>\n<meta property=\"og:image\" content=\"https:\/\/www.italpassion.fr\/wp-content\/uploads\/2025\/01\/tesla-italie.jpg\" \/>\n\t<meta property=\"og:image:width\" content=\"1200\" \/>\n\t<meta property=\"og:image:height\" content=\"800\" \/>\n\t<meta property=\"og:image:type\" content=\"image\/jpeg\" \/>\n<meta name=\"author\" content=\"Alexandre Filluzeau\" \/>\n<meta name=\"twitter:card\" content=\"summary_large_image\" \/>\n<meta name=\"twitter:creator\" content=\"@italpassion\" \/>\n<meta name=\"twitter:site\" content=\"@italpassion\" \/>\n<script type=\"application\/ld+json\" class=\"yoast-schema-graph\">{\"@context\":\"https:\/\/schema.org\",\"@graph\":[{\"@type\":\"NewsArticle\",\"@id\":\"https:\/\/www.italpassion.fr\/nl\/voiture-electrique\/des-tesla-fabriquees-en-italie-ce-syndicat-italien-qui-demande-a-meloni-den-discuter-avec-musk\/#article\",\"isPartOf\":{\"@id\":\"https:\/\/www.italpassion.fr\/nl\/voiture-electrique\/des-tesla-fabriquees-en-italie-ce-syndicat-italien-qui-demande-a-meloni-den-discuter-avec-musk\/\"},\"author\":{\"name\":\"Alexandre Filluzeau\",\"@id\":\"https:\/\/www.italpassion.fr\/nl\/#\/schema\/person\/36f747b2a759ca202d847e85a9434ca0\"},\"headline\":\"Des Tesla fabriqu\u00e9es en Italie : ce syndicat italien qui demande \u00e0 Meloni d&rsquo;en discuter avec Musk\",\"datePublished\":\"2025-01-20T10:20:10+00:00\",\"dateModified\":\"2025-01-20T10:20:12+00:00\",\"mainEntityOfPage\":{\"@id\":\"https:\/\/www.italpassion.fr\/nl\/voiture-electrique\/des-tesla-fabriquees-en-italie-ce-syndicat-italien-qui-demande-a-meloni-den-discuter-avec-musk\/\"},\"wordCount\":426,\"commentCount\":3,\"publisher\":{\"@id\":\"https:\/\/www.italpassion.fr\/nl\/#organization\"},\"image\":{\"@id\":\"https:\/\/www.italpassion.fr\/nl\/voiture-electrique\/des-tesla-fabriquees-en-italie-ce-syndicat-italien-qui-demande-a-meloni-den-discuter-avec-musk\/#primaryimage\"},\"thumbnailUrl\":\"https:\/\/www.italpassion.fr\/wp-content\/uploads\/2025\/01\/tesla-italie.jpg\",\"articleSection\":[\"Voiture \u00e9lectrique\"],\"inLanguage\":\"nl-NL\",\"potentialAction\":[{\"@type\":\"CommentAction\",\"name\":\"Comment\",\"target\":[\"https:\/\/www.italpassion.fr\/nl\/voiture-electrique\/des-tesla-fabriquees-en-italie-ce-syndicat-italien-qui-demande-a-meloni-den-discuter-avec-musk\/#respond\"]}]},{\"@type\":\"WebPage\",\"@id\":\"https:\/\/www.italpassion.fr\/nl\/voiture-electrique\/des-tesla-fabriquees-en-italie-ce-syndicat-italien-qui-demande-a-meloni-den-discuter-avec-musk\/\",\"url\":\"https:\/\/www.italpassion.fr\/nl\/voiture-electrique\/des-tesla-fabriquees-en-italie-ce-syndicat-italien-qui-demande-a-meloni-den-discuter-avec-musk\/\",\"name\":\"Des Tesla fabriqu\u00e9es en Italie : ce syndicat italien qui demande \u00e0 Meloni d'en discuter avec Musk - ItalPassion\",\"isPartOf\":{\"@id\":\"https:\/\/www.italpassion.fr\/nl\/#website\"},\"primaryImageOfPage\":{\"@id\":\"https:\/\/www.italpassion.fr\/nl\/voiture-electrique\/des-tesla-fabriquees-en-italie-ce-syndicat-italien-qui-demande-a-meloni-den-discuter-avec-musk\/#primaryimage\"},\"image\":{\"@id\":\"https:\/\/www.italpassion.fr\/nl\/voiture-electrique\/des-tesla-fabriquees-en-italie-ce-syndicat-italien-qui-demande-a-meloni-den-discuter-avec-musk\/#primaryimage\"},\"thumbnailUrl\":\"https:\/\/www.italpassion.fr\/wp-content\/uploads\/2025\/01\/tesla-italie.jpg\",\"datePublished\":\"2025-01-20T10:20:10+00:00\",\"dateModified\":\"2025-01-20T10:20:12+00:00\",\"description\":\"L\u2019industrie automobile italienne est en crise. En 2024, la production de voitures dans le pays a chut\u00e9 sous les 500 000 unit\u00e9s, une situation pr\u00e9occupante\",\"breadcrumb\":{\"@id\":\"https:\/\/www.italpassion.fr\/nl\/voiture-electrique\/des-tesla-fabriquees-en-italie-ce-syndicat-italien-qui-demande-a-meloni-den-discuter-avec-musk\/#breadcrumb\"},\"inLanguage\":\"nl-NL\",\"potentialAction\":[{\"@type\":\"ReadAction\",\"target\":[\"https:\/\/www.italpassion.fr\/nl\/voiture-electrique\/des-tesla-fabriquees-en-italie-ce-syndicat-italien-qui-demande-a-meloni-den-discuter-avec-musk\/\"]}]},{\"@type\":\"ImageObject\",\"inLanguage\":\"nl-NL\",\"@id\":\"https:\/\/www.italpassion.fr\/nl\/voiture-electrique\/des-tesla-fabriquees-en-italie-ce-syndicat-italien-qui-demande-a-meloni-den-discuter-avec-musk\/#primaryimage\",\"url\":\"https:\/\/www.italpassion.fr\/wp-content\/uploads\/2025\/01\/tesla-italie.jpg\",\"contentUrl\":\"https:\/\/www.italpassion.fr\/wp-content\/uploads\/2025\/01\/tesla-italie.jpg\",\"width\":1200,\"height\":800},{\"@type\":\"BreadcrumbList\",\"@id\":\"https:\/\/www.italpassion.fr\/nl\/voiture-electrique\/des-tesla-fabriquees-en-italie-ce-syndicat-italien-qui-demande-a-meloni-den-discuter-avec-musk\/#breadcrumb\",\"itemListElement\":[{\"@type\":\"ListItem\",\"position\":1,\"name\":\"Accueil\",\"item\":\"https:\/\/www.italpassion.fr\/nl\/\"},{\"@type\":\"ListItem\",\"position\":2,\"name\":\"Des Tesla fabriqu\u00e9es en Italie : ce syndicat italien qui demande \u00e0 Meloni d&rsquo;en discuter avec Musk\"}]},{\"@type\":\"WebSite\",\"@id\":\"https:\/\/www.italpassion.fr\/nl\/#website\",\"url\":\"https:\/\/www.italpassion.fr\/nl\/\",\"name\":\"ItalPassion\",\"description\":\"Les Passionn\u00e9s d&#039;Automobiles Italiennes\",\"publisher\":{\"@id\":\"https:\/\/www.italpassion.fr\/nl\/#organization\"},\"potentialAction\":[{\"@type\":\"SearchAction\",\"target\":{\"@type\":\"EntryPoint\",\"urlTemplate\":\"https:\/\/www.italpassion.fr\/nl\/?s={search_term_string}\"},\"query-input\":{\"@type\":\"PropertyValueSpecification\",\"valueRequired\":true,\"valueName\":\"search_term_string\"}}],\"inLanguage\":\"nl-NL\"},{\"@type\":\"Organization\",\"@id\":\"https:\/\/www.italpassion.fr\/nl\/#organization\",\"name\":\"Italpassion\",\"url\":\"https:\/\/www.italpassion.fr\/nl\/\",\"logo\":{\"@type\":\"ImageObject\",\"inLanguage\":\"nl-NL\",\"@id\":\"https:\/\/www.italpassion.fr\/nl\/#\/schema\/logo\/image\/\",\"url\":\"https:\/\/www.italpassion.fr\/wp-content\/uploads\/2023\/07\/italpassion-yoast.jpg\",\"contentUrl\":\"https:\/\/www.italpassion.fr\/wp-content\/uploads\/2023\/07\/italpassion-yoast.jpg\",\"width\":696,\"height\":696,\"caption\":\"Italpassion\"},\"image\":{\"@id\":\"https:\/\/www.italpassion.fr\/nl\/#\/schema\/logo\/image\/\"},\"sameAs\":[\"https:\/\/www.facebook.com\/italpassion\",\"https:\/\/x.com\/italpassion\",\"https:\/\/www.instagram.com\/italpassionfr\/\",\"https:\/\/www.youtube.com\/channel\/UCleq-ByQaA42OjhopwevRjQ\",\"https:\/\/www.facebook.com\/italpassion.en\/\",\"https:\/\/www.facebook.com\/italpassion.it\/\",\"https:\/\/www.facebook.com\/italpassion.de\/\",\"https:\/\/www.facebook.com\/italpassion.ja\/\"]},{\"@type\":\"Person\",\"@id\":\"https:\/\/www.italpassion.fr\/nl\/#\/schema\/person\/36f747b2a759ca202d847e85a9434ca0\",\"name\":\"Alexandre Filluzeau\",\"image\":{\"@type\":\"ImageObject\",\"inLanguage\":\"nl-NL\",\"@id\":\"https:\/\/www.italpassion.fr\/nl\/#\/schema\/person\/image\/\",\"url\":\"https:\/\/www.italpassion.fr\/wp-content\/uploads\/2025\/04\/avatar-alexandre-160x160.jpg\",\"contentUrl\":\"https:\/\/www.italpassion.fr\/wp-content\/uploads\/2025\/04\/avatar-alexandre-160x160.jpg\",\"caption\":\"Alexandre Filluzeau\"},\"description\":\"Fondateur du site ItalPassion, passionn\u00e9 de voitures italiennes et de l'Italie en g\u00e9n\u00e9ral. J'apporte un regard critique et technique aux actualit\u00e9s des marques italiennes quand cela est possible. Propri\u00e9taire d'une Maserati GranTurismo, Alfa Romeo MiTo, Lancia Fulvia et Ducati 695. Ex-propri\u00e9taire d'une Alfa Romeo Giulia.\",\"sameAs\":[\"https:\/\/www.italpassion.fr\/\"],\"url\":\"https:\/\/www.italpassion.fr\/nl\/author\/alexandre\/\"}]}<\/script>\n<!-- \/ Yoast SEO plugin. -->","yoast_head_json":{"title":"Tesla made in Italy: Italiaanse vakbond vraagt Meloni om gesprek met Musk - ItalPassion","description":"De Italiaanse auto-industrie verkeert in een crisis. In 2024 daalde de autoproductie in het land onder de 500.000 eenheden, een zorgwekkende situatie.","robots":{"index":"index","follow":"follow","max-snippet":"max-snippet:-1","max-image-preview":"max-image-preview:large","max-video-preview":"max-video-preview:-1"},"canonical":"https:\/\/www.italpassion.fr\/nl\/elektrische-auto\/tesla-made-in-italy-de-italiaanse-vakbond-die-meloni-vroeg-om-met-musk-te-praten\/","og_locale":"nl_NL","og_type":"article","og_title":"Des Tesla fabriqu\u00e9es en Italie : ce syndicat italien qui demande \u00e0 Meloni d'en discuter avec Musk - ItalPassion","og_description":"L\u2019industrie automobile italienne est en crise. En 2024, la production de voitures dans le pays a chut\u00e9 sous les 500 000 unit\u00e9s, une situation pr\u00e9occupante","og_url":"https:\/\/www.italpassion.fr\/nl\/elektrische-auto\/tesla-made-in-italy-de-italiaanse-vakbond-die-meloni-vroeg-om-met-musk-te-praten\/","og_site_name":"ItalPassion","article_publisher":"https:\/\/www.facebook.com\/italpassion","article_published_time":"2025-01-20T10:20:10+00:00","article_modified_time":"2025-01-20T10:20:12+00:00","og_image":[{"width":1200,"height":800,"url":"https:\/\/www.italpassion.fr\/wp-content\/uploads\/2025\/01\/tesla-italie.jpg","type":"image\/jpeg"}],"author":"Alexandre Filluzeau","twitter_card":"summary_large_image","twitter_creator":"@italpassion","twitter_site":"@italpassion","schema":{"@context":"https:\/\/schema.org","@graph":[{"@type":"NewsArticle","@id":"https:\/\/www.italpassion.fr\/nl\/voiture-electrique\/des-tesla-fabriquees-en-italie-ce-syndicat-italien-qui-demande-a-meloni-den-discuter-avec-musk\/#article","isPartOf":{"@id":"https:\/\/www.italpassion.fr\/nl\/voiture-electrique\/des-tesla-fabriquees-en-italie-ce-syndicat-italien-qui-demande-a-meloni-den-discuter-avec-musk\/"},"author":{"name":"Alexandre Filluzeau","@id":"https:\/\/www.italpassion.fr\/nl\/#\/schema\/person\/36f747b2a759ca202d847e85a9434ca0"},"headline":"Des Tesla fabriqu\u00e9es en Italie : ce syndicat italien qui demande \u00e0 Meloni d&rsquo;en discuter avec Musk","datePublished":"2025-01-20T10:20:10+00:00","dateModified":"2025-01-20T10:20:12+00:00","mainEntityOfPage":{"@id":"https:\/\/www.italpassion.fr\/nl\/voiture-electrique\/des-tesla-fabriquees-en-italie-ce-syndicat-italien-qui-demande-a-meloni-den-discuter-avec-musk\/"},"wordCount":426,"commentCount":3,"publisher":{"@id":"https:\/\/www.italpassion.fr\/nl\/#organization"},"image":{"@id":"https:\/\/www.italpassion.fr\/nl\/voiture-electrique\/des-tesla-fabriquees-en-italie-ce-syndicat-italien-qui-demande-a-meloni-den-discuter-avec-musk\/#primaryimage"},"thumbnailUrl":"https:\/\/www.italpassion.fr\/wp-content\/uploads\/2025\/01\/tesla-italie.jpg","articleSection":["Voiture \u00e9lectrique"],"inLanguage":"nl-NL","potentialAction":[{"@type":"CommentAction","name":"Comment","target":["https:\/\/www.italpassion.fr\/nl\/voiture-electrique\/des-tesla-fabriquees-en-italie-ce-syndicat-italien-qui-demande-a-meloni-den-discuter-avec-musk\/#respond"]}]},{"@type":"WebPage","@id":"https:\/\/www.italpassion.fr\/nl\/voiture-electrique\/des-tesla-fabriquees-en-italie-ce-syndicat-italien-qui-demande-a-meloni-den-discuter-avec-musk\/","url":"https:\/\/www.italpassion.fr\/nl\/voiture-electrique\/des-tesla-fabriquees-en-italie-ce-syndicat-italien-qui-demande-a-meloni-den-discuter-avec-musk\/","name":"Tesla made in Italy: Italiaanse vakbond vraagt Meloni om gesprek met Musk - ItalPassion","isPartOf":{"@id":"https:\/\/www.italpassion.fr\/nl\/#website"},"primaryImageOfPage":{"@id":"https:\/\/www.italpassion.fr\/nl\/voiture-electrique\/des-tesla-fabriquees-en-italie-ce-syndicat-italien-qui-demande-a-meloni-den-discuter-avec-musk\/#primaryimage"},"image":{"@id":"https:\/\/www.italpassion.fr\/nl\/voiture-electrique\/des-tesla-fabriquees-en-italie-ce-syndicat-italien-qui-demande-a-meloni-den-discuter-avec-musk\/#primaryimage"},"thumbnailUrl":"https:\/\/www.italpassion.fr\/wp-content\/uploads\/2025\/01\/tesla-italie.jpg","datePublished":"2025-01-20T10:20:10+00:00","dateModified":"2025-01-20T10:20:12+00:00","description":"De Italiaanse auto-industrie verkeert in een crisis. In 2024 daalde de autoproductie in het land onder de 500.000 eenheden, een zorgwekkende situatie.","breadcrumb":{"@id":"https:\/\/www.italpassion.fr\/nl\/voiture-electrique\/des-tesla-fabriquees-en-italie-ce-syndicat-italien-qui-demande-a-meloni-den-discuter-avec-musk\/#breadcrumb"},"inLanguage":"nl-NL","potentialAction":[{"@type":"ReadAction","target":["https:\/\/www.italpassion.fr\/nl\/voiture-electrique\/des-tesla-fabriquees-en-italie-ce-syndicat-italien-qui-demande-a-meloni-den-discuter-avec-musk\/"]}]},{"@type":"ImageObject","inLanguage":"nl-NL","@id":"https:\/\/www.italpassion.fr\/nl\/voiture-electrique\/des-tesla-fabriquees-en-italie-ce-syndicat-italien-qui-demande-a-meloni-den-discuter-avec-musk\/#primaryimage","url":"https:\/\/www.italpassion.fr\/wp-content\/uploads\/2025\/01\/tesla-italie.jpg","contentUrl":"https:\/\/www.italpassion.fr\/wp-content\/uploads\/2025\/01\/tesla-italie.jpg","width":1200,"height":800},{"@type":"BreadcrumbList","@id":"https:\/\/www.italpassion.fr\/nl\/voiture-electrique\/des-tesla-fabriquees-en-italie-ce-syndicat-italien-qui-demande-a-meloni-den-discuter-avec-musk\/#breadcrumb","itemListElement":[{"@type":"ListItem","position":1,"name":"Accueil","item":"https:\/\/www.italpassion.fr\/nl\/"},{"@type":"ListItem","position":2,"name":"Des Tesla fabriqu\u00e9es en Italie : ce syndicat italien qui demande \u00e0 Meloni d&rsquo;en discuter avec Musk"}]},{"@type":"WebSite","@id":"https:\/\/www.italpassion.fr\/nl\/#website","url":"https:\/\/www.italpassion.fr\/nl\/","name":"ItalPassion","description":"Italiaanse autoliefhebbers","publisher":{"@id":"https:\/\/www.italpassion.fr\/nl\/#organization"},"potentialAction":[{"@type":"SearchAction","target":{"@type":"EntryPoint","urlTemplate":"https:\/\/www.italpassion.fr\/nl\/?s={search_term_string}"},"query-input":{"@type":"PropertyValueSpecification","valueRequired":true,"valueName":"search_term_string"}}],"inLanguage":"nl-NL"},{"@type":"Organization","@id":"https:\/\/www.italpassion.fr\/nl\/#organization","name":"Italpassion","url":"https:\/\/www.italpassion.fr\/nl\/","logo":{"@type":"ImageObject","inLanguage":"nl-NL","@id":"https:\/\/www.italpassion.fr\/nl\/#\/schema\/logo\/image\/","url":"https:\/\/www.italpassion.fr\/wp-content\/uploads\/2023\/07\/italpassion-yoast.jpg","contentUrl":"https:\/\/www.italpassion.fr\/wp-content\/uploads\/2023\/07\/italpassion-yoast.jpg","width":696,"height":696,"caption":"Italpassion"},"image":{"@id":"https:\/\/www.italpassion.fr\/nl\/#\/schema\/logo\/image\/"},"sameAs":["https:\/\/www.facebook.com\/italpassion","https:\/\/x.com\/italpassion","https:\/\/www.instagram.com\/italpassionfr\/","https:\/\/www.youtube.com\/channel\/UCleq-ByQaA42OjhopwevRjQ","https:\/\/www.facebook.com\/italpassion.en\/","https:\/\/www.facebook.com\/italpassion.it\/","https:\/\/www.facebook.com\/italpassion.de\/","https:\/\/www.facebook.com\/italpassion.ja\/"]},{"@type":"Person","@id":"https:\/\/www.italpassion.fr\/nl\/#\/schema\/person\/36f747b2a759ca202d847e85a9434ca0","name":"Alexandre Filluzeau","image":{"@type":"ImageObject","inLanguage":"nl-NL","@id":"https:\/\/www.italpassion.fr\/nl\/#\/schema\/person\/image\/","url":"https:\/\/www.italpassion.fr\/wp-content\/uploads\/2025\/04\/avatar-alexandre-160x160.jpg","contentUrl":"https:\/\/www.italpassion.fr\/wp-content\/uploads\/2025\/04\/avatar-alexandre-160x160.jpg","caption":"Alexandre Filluzeau"},"description":"Oprichter van de website ItalPassion, gepassioneerd door Italiaanse auto's en Itali\u00eb in het algemeen. Waar mogelijk breng ik een kritisch en technisch oog naar nieuws over Italiaanse merken. Eigenaar van een Maserati GranTurismo, Alfa Romeo MiTo, Lancia Fulvia en Ducati 695. Ex-eigenaar van een Alfa Romeo Giulia.","sameAs":["https:\/\/www.italpassion.fr\/"],"url":"https:\/\/www.italpassion.fr\/nl\/author\/alexandre\/"}]}},"_links":{"self":[{"href":"https:\/\/www.italpassion.fr\/nl\/wp-json\/wp\/v2\/posts\/36087","targetHints":{"allow":["GET"]}}],"collection":[{"href":"https:\/\/www.italpassion.fr\/nl\/wp-json\/wp\/v2\/posts"}],"about":[{"href":"https:\/\/www.italpassion.fr\/nl\/wp-json\/wp\/v2\/types\/post"}],"author":[{"embeddable":true,"href":"https:\/\/www.italpassion.fr\/nl\/wp-json\/wp\/v2\/users\/1"}],"replies":[{"embeddable":true,"href":"https:\/\/www.italpassion.fr\/nl\/wp-json\/wp\/v2\/comments?post=36087"}],"version-history":[{"count":1,"href":"https:\/\/www.italpassion.fr\/nl\/wp-json\/wp\/v2\/posts\/36087\/revisions"}],"predecessor-version":[{"id":36089,"href":"https:\/\/www.italpassion.fr\/nl\/wp-json\/wp\/v2\/posts\/36087\/revisions\/36089"}],"wp:featuredmedia":[{"embeddable":true,"href":"https:\/\/www.italpassion.fr\/nl\/wp-json\/wp\/v2\/media\/36088"}],"wp:attachment":[{"href":"https:\/\/www.italpassion.fr\/nl\/wp-json\/wp\/v2\/media?parent=36087"}],"wp:term":[{"taxonomy":"category","embeddable":true,"href":"https:\/\/www.italpassion.fr\/nl\/wp-json\/wp\/v2\/categories?post=36087"},{"taxonomy":"post_tag","embeddable":true,"href":"https:\/\/www.italpassion.fr\/nl\/wp-json\/wp\/v2\/tags?post=36087"}],"curies":[{"name":"wp","href":"https:\/\/api.w.org\/{rel}","templated":true}]}}