{"id":34035,"date":"2024-05-23T14:33:52","date_gmt":"2024-05-23T12:33:52","guid":{"rendered":"https:\/\/www.italpassion.fr\/?p=34035"},"modified":"2024-05-23T14:33:54","modified_gmt":"2024-05-23T12:33:54","slug":"italiaan-benoemd-tot-hoofd-design-bij-lancia","status":"publish","type":"post","link":"https:\/\/www.italpassion.fr\/nl\/lancia\/un-italien-nomme-a-la-tete-du-design-de-lancia\/","title":{"rendered":"Italiaan benoemd tot hoofd design Lancia"},"content":{"rendered":"<figure class=\"wp-block-image size-large\"><img loading=\"lazy\" decoding=\"async\" width=\"1024\" height=\"683\" src=\"https:\/\/www.italpassion.fr\/wp-content\/uploads\/2024\/05\/Gianni-Colonello-1024x683.jpg\" alt=\"\" class=\"wp-image-34036\" srcset=\"https:\/\/www.italpassion.fr\/wp-content\/uploads\/2024\/05\/Gianni-Colonello-1024x683.jpg 1024w, https:\/\/www.italpassion.fr\/wp-content\/uploads\/2024\/05\/Gianni-Colonello-300x200.jpg 300w, https:\/\/www.italpassion.fr\/wp-content\/uploads\/2024\/05\/Gianni-Colonello-768x512.jpg 768w, https:\/\/www.italpassion.fr\/wp-content\/uploads\/2024\/05\/Gianni-Colonello-18x12.jpg 18w, https:\/\/www.italpassion.fr\/wp-content\/uploads\/2024\/05\/Gianni-Colonello-561x374.jpg 561w, https:\/\/www.italpassion.fr\/wp-content\/uploads\/2024\/05\/Gianni-Colonello-1122x748.jpg 1122w, https:\/\/www.italpassion.fr\/wp-content\/uploads\/2024\/05\/Gianni-Colonello-265x177.jpg 265w, https:\/\/www.italpassion.fr\/wp-content\/uploads\/2024\/05\/Gianni-Colonello-531x354.jpg 531w, https:\/\/www.italpassion.fr\/wp-content\/uploads\/2024\/05\/Gianni-Colonello-364x243.jpg 364w, https:\/\/www.italpassion.fr\/wp-content\/uploads\/2024\/05\/Gianni-Colonello-728x485.jpg 728w, https:\/\/www.italpassion.fr\/wp-content\/uploads\/2024\/05\/Gianni-Colonello-608x405.jpg 608w, https:\/\/www.italpassion.fr\/wp-content\/uploads\/2024\/05\/Gianni-Colonello-758x505.jpg 758w, https:\/\/www.italpassion.fr\/wp-content\/uploads\/2024\/05\/Gianni-Colonello-1152x768.jpg 1152w, https:\/\/www.italpassion.fr\/wp-content\/uploads\/2024\/05\/Gianni-Colonello-600x400.jpg 600w, https:\/\/www.italpassion.fr\/wp-content\/uploads\/2024\/05\/Gianni-Colonello.jpg 1200w\" sizes=\"auto, (max-width: 1024px) 100vw, 1024px\" \/><\/figure>\n\n\n\n<p><strong><a href=\"https:\/\/www.italpassion.fr\/nl\/lancia\/\">Lancia<\/a> kondigt de benoeming aan van Gianni Colonello als Hoofd Design<\/strong>Jean-Pierre Plou\u00e9, Chief Design Officer van Stellantis. Deze benoeming markeert een belangrijke stap in de evolutie van het merk, dat ernaar streeft zijn imago te herdefini\u00ebren en zijn positie op de Europese automarkt te versterken.<\/p>\n\n\n\n<p>Gianni Colonello, een bekend figuur in de auto-industrie, is <strong>verantwoordelijk voor het interieurontwerp van Lancia van 2021 tot 2024.<\/strong> In deze periode speelde hij een rol bij het defini\u00ebren van de nieuwe designtaal van het merk. Zijn expertise was doorslaggevend bij de creatie van het interieur van de nieuwe Ypsilon, het Lancia Pu+Ra HPE concept en het hele nieuwe gamma van het Italiaanse merk.<\/p>\n\n\n\n<p>Voordat hij bij Lancia kwam, bekleedde Colonello de functie van <strong>Hoofd interieur bij Maserati van 2012 tot 2021<\/strong>. Tijdens deze periode hield hij toezicht op de ontwikkeling van concept- en productieauto's voor het merk Trident en droeg hij bij aan verschillende iconische Maserati-modellen.<\/p>\n\n\n\n<p>Colonello's carri\u00e8re wordt ook gekenmerkt door internationale ervaring. <strong>Van 2011 tot 2012 werkte hij in het Design Center van FCA North America.<\/strong> als Lead Designer, gevestigd in Metro Detroit, Michigan. Daarvoor begon hij zijn carri\u00e8re <strong>in 2002 bij Fiat Auto, <\/strong>waar hij verschillende functies bekleedde binnen het Design Center, opklom in de rangen en steeds belangrijkere verantwoordelijkheden kreeg.<\/p>\n\n\n\n<p>De aanstelling van Gianni Colonello komt op een strategisch moment voor Lancia, dat terug is met een nieuw gamma: de Ypsilon, die geleidelijk op de Europese markten zal verschijnen in 2024, de Ypsilon HF in 2025, de Gamma in 2026 en de Delta in 2028.<\/p>\n\n\n\n<p>Bron : auto&amp;design (bedankt Luc)<\/p>","protected":false},"excerpt":{"rendered":"","protected":false},"author":1,"featured_media":34037,"comment_status":"open","ping_status":"open","sticky":false,"template":"","format":"standard","meta":{"_acf_changed":false,"_sitemap_exclude":false,"_sitemap_priority":"","_sitemap_frequency":"","footnotes":""},"categories":[26],"tags":[],"class_list":["post-34035","post","type-post","status-publish","format-standard","has-post-thumbnail","hentry","category-lancia","generate-columns","tablet-grid-50","mobile-grid-100","grid-parent","grid-33"],"acf":[],"yoast_head":"<!-- This site is optimized with the Yoast SEO plugin v25.8 - https:\/\/yoast.com\/wordpress\/plugins\/seo\/ -->\n<title>Un Italien nomm\u00e9 \u00e0 la t\u00eate du design de Lancia - ItalPassion<\/title>\n<meta name=\"description\" content=\"Lancia annonce la nomination de Gianni Colonello au poste de Chef du Design, succ\u00e9dant \u00e0 Jean-Pierre Plou\u00e9, Chief Design Officer de Stellantis. Cette\" \/>\n<meta name=\"robots\" content=\"index, follow, max-snippet:-1, max-image-preview:large, max-video-preview:-1\" \/>\n<link rel=\"canonical\" href=\"https:\/\/www.italpassion.fr\/nl\/lancia\/italiaan-benoemd-tot-hoofd-design-bij-lancia\/\" \/>\n<meta property=\"og:locale\" content=\"nl_NL\" \/>\n<meta property=\"og:type\" content=\"article\" \/>\n<meta property=\"og:title\" content=\"Un Italien nomm\u00e9 \u00e0 la t\u00eate du design de Lancia - ItalPassion\" \/>\n<meta property=\"og:description\" content=\"Lancia annonce la nomination de Gianni Colonello au poste de Chef du Design, succ\u00e9dant \u00e0 Jean-Pierre Plou\u00e9, Chief Design Officer de Stellantis. Cette\" \/>\n<meta property=\"og:url\" content=\"https:\/\/www.italpassion.fr\/nl\/lancia\/italiaan-benoemd-tot-hoofd-design-bij-lancia\/\" \/>\n<meta property=\"og:site_name\" content=\"ItalPassion\" \/>\n<meta property=\"article:publisher\" content=\"https:\/\/www.facebook.com\/italpassion\" \/>\n<meta property=\"article:published_time\" content=\"2024-05-23T12:33:52+00:00\" \/>\n<meta property=\"article:modified_time\" content=\"2024-05-23T12:33:54+00:00\" \/>\n<meta property=\"og:image\" content=\"https:\/\/www.italpassion.fr\/wp-content\/uploads\/2024\/05\/Gianni-Colonello-1.jpg\" \/>\n\t<meta property=\"og:image:width\" content=\"1200\" \/>\n\t<meta property=\"og:image:height\" content=\"800\" \/>\n\t<meta property=\"og:image:type\" content=\"image\/jpeg\" \/>\n<meta name=\"author\" content=\"Alexandre Filluzeau\" \/>\n<meta name=\"twitter:card\" content=\"summary_large_image\" \/>\n<meta name=\"twitter:creator\" content=\"@italpassion\" \/>\n<meta name=\"twitter:site\" content=\"@italpassion\" \/>\n<script type=\"application\/ld+json\" class=\"yoast-schema-graph\">{\"@context\":\"https:\/\/schema.org\",\"@graph\":[{\"@type\":\"NewsArticle\",\"@id\":\"https:\/\/www.italpassion.fr\/nl\/lancia\/un-italien-nomme-a-la-tete-du-design-de-lancia\/#article\",\"isPartOf\":{\"@id\":\"https:\/\/www.italpassion.fr\/nl\/lancia\/un-italien-nomme-a-la-tete-du-design-de-lancia\/\"},\"author\":{\"name\":\"Alexandre Filluzeau\",\"@id\":\"https:\/\/www.italpassion.fr\/nl\/#\/schema\/person\/36f747b2a759ca202d847e85a9434ca0\"},\"headline\":\"Un Italien nomm\u00e9 \u00e0 la t\u00eate du design de Lancia\",\"datePublished\":\"2024-05-23T12:33:52+00:00\",\"dateModified\":\"2024-05-23T12:33:54+00:00\",\"mainEntityOfPage\":{\"@id\":\"https:\/\/www.italpassion.fr\/nl\/lancia\/un-italien-nomme-a-la-tete-du-design-de-lancia\/\"},\"wordCount\":312,\"commentCount\":1,\"publisher\":{\"@id\":\"https:\/\/www.italpassion.fr\/nl\/#organization\"},\"image\":{\"@id\":\"https:\/\/www.italpassion.fr\/nl\/lancia\/un-italien-nomme-a-la-tete-du-design-de-lancia\/#primaryimage\"},\"thumbnailUrl\":\"https:\/\/www.italpassion.fr\/wp-content\/uploads\/2024\/05\/Gianni-Colonello-1.jpg\",\"articleSection\":[\"Lancia\"],\"inLanguage\":\"nl-NL\",\"potentialAction\":[{\"@type\":\"CommentAction\",\"name\":\"Comment\",\"target\":[\"https:\/\/www.italpassion.fr\/nl\/lancia\/un-italien-nomme-a-la-tete-du-design-de-lancia\/#respond\"]}]},{\"@type\":\"WebPage\",\"@id\":\"https:\/\/www.italpassion.fr\/nl\/lancia\/un-italien-nomme-a-la-tete-du-design-de-lancia\/\",\"url\":\"https:\/\/www.italpassion.fr\/nl\/lancia\/un-italien-nomme-a-la-tete-du-design-de-lancia\/\",\"name\":\"Un Italien nomm\u00e9 \u00e0 la t\u00eate du design de Lancia - ItalPassion\",\"isPartOf\":{\"@id\":\"https:\/\/www.italpassion.fr\/nl\/#website\"},\"primaryImageOfPage\":{\"@id\":\"https:\/\/www.italpassion.fr\/nl\/lancia\/un-italien-nomme-a-la-tete-du-design-de-lancia\/#primaryimage\"},\"image\":{\"@id\":\"https:\/\/www.italpassion.fr\/nl\/lancia\/un-italien-nomme-a-la-tete-du-design-de-lancia\/#primaryimage\"},\"thumbnailUrl\":\"https:\/\/www.italpassion.fr\/wp-content\/uploads\/2024\/05\/Gianni-Colonello-1.jpg\",\"datePublished\":\"2024-05-23T12:33:52+00:00\",\"dateModified\":\"2024-05-23T12:33:54+00:00\",\"description\":\"Lancia annonce la nomination de Gianni Colonello au poste de Chef du Design, succ\u00e9dant \u00e0 Jean-Pierre Plou\u00e9, Chief Design Officer de Stellantis. Cette\",\"breadcrumb\":{\"@id\":\"https:\/\/www.italpassion.fr\/nl\/lancia\/un-italien-nomme-a-la-tete-du-design-de-lancia\/#breadcrumb\"},\"inLanguage\":\"nl-NL\",\"potentialAction\":[{\"@type\":\"ReadAction\",\"target\":[\"https:\/\/www.italpassion.fr\/nl\/lancia\/un-italien-nomme-a-la-tete-du-design-de-lancia\/\"]}]},{\"@type\":\"ImageObject\",\"inLanguage\":\"nl-NL\",\"@id\":\"https:\/\/www.italpassion.fr\/nl\/lancia\/un-italien-nomme-a-la-tete-du-design-de-lancia\/#primaryimage\",\"url\":\"https:\/\/www.italpassion.fr\/wp-content\/uploads\/2024\/05\/Gianni-Colonello-1.jpg\",\"contentUrl\":\"https:\/\/www.italpassion.fr\/wp-content\/uploads\/2024\/05\/Gianni-Colonello-1.jpg\",\"width\":1200,\"height\":800},{\"@type\":\"BreadcrumbList\",\"@id\":\"https:\/\/www.italpassion.fr\/nl\/lancia\/un-italien-nomme-a-la-tete-du-design-de-lancia\/#breadcrumb\",\"itemListElement\":[{\"@type\":\"ListItem\",\"position\":1,\"name\":\"Accueil\",\"item\":\"https:\/\/www.italpassion.fr\/nl\/\"},{\"@type\":\"ListItem\",\"position\":2,\"name\":\"Un Italien nomm\u00e9 \u00e0 la t\u00eate du design de Lancia\"}]},{\"@type\":\"WebSite\",\"@id\":\"https:\/\/www.italpassion.fr\/nl\/#website\",\"url\":\"https:\/\/www.italpassion.fr\/nl\/\",\"name\":\"ItalPassion\",\"description\":\"Les Passionn\u00e9s d&#039;Automobiles Italiennes\",\"publisher\":{\"@id\":\"https:\/\/www.italpassion.fr\/nl\/#organization\"},\"potentialAction\":[{\"@type\":\"SearchAction\",\"target\":{\"@type\":\"EntryPoint\",\"urlTemplate\":\"https:\/\/www.italpassion.fr\/nl\/?s={search_term_string}\"},\"query-input\":{\"@type\":\"PropertyValueSpecification\",\"valueRequired\":true,\"valueName\":\"search_term_string\"}}],\"inLanguage\":\"nl-NL\"},{\"@type\":\"Organization\",\"@id\":\"https:\/\/www.italpassion.fr\/nl\/#organization\",\"name\":\"Italpassion\",\"url\":\"https:\/\/www.italpassion.fr\/nl\/\",\"logo\":{\"@type\":\"ImageObject\",\"inLanguage\":\"nl-NL\",\"@id\":\"https:\/\/www.italpassion.fr\/nl\/#\/schema\/logo\/image\/\",\"url\":\"https:\/\/www.italpassion.fr\/wp-content\/uploads\/2023\/07\/italpassion-yoast.jpg\",\"contentUrl\":\"https:\/\/www.italpassion.fr\/wp-content\/uploads\/2023\/07\/italpassion-yoast.jpg\",\"width\":696,\"height\":696,\"caption\":\"Italpassion\"},\"image\":{\"@id\":\"https:\/\/www.italpassion.fr\/nl\/#\/schema\/logo\/image\/\"},\"sameAs\":[\"https:\/\/www.facebook.com\/italpassion\",\"https:\/\/x.com\/italpassion\",\"https:\/\/www.instagram.com\/italpassionfr\/\",\"https:\/\/www.youtube.com\/channel\/UCleq-ByQaA42OjhopwevRjQ\",\"https:\/\/www.facebook.com\/italpassion.en\/\",\"https:\/\/www.facebook.com\/italpassion.it\/\",\"https:\/\/www.facebook.com\/italpassion.de\/\",\"https:\/\/www.facebook.com\/italpassion.ja\/\"]},{\"@type\":\"Person\",\"@id\":\"https:\/\/www.italpassion.fr\/nl\/#\/schema\/person\/36f747b2a759ca202d847e85a9434ca0\",\"name\":\"Alexandre Filluzeau\",\"image\":{\"@type\":\"ImageObject\",\"inLanguage\":\"nl-NL\",\"@id\":\"https:\/\/www.italpassion.fr\/nl\/#\/schema\/person\/image\/\",\"url\":\"https:\/\/www.italpassion.fr\/wp-content\/uploads\/2025\/04\/avatar-alexandre-160x160.jpg\",\"contentUrl\":\"https:\/\/www.italpassion.fr\/wp-content\/uploads\/2025\/04\/avatar-alexandre-160x160.jpg\",\"caption\":\"Alexandre Filluzeau\"},\"description\":\"Fondateur du site ItalPassion, passionn\u00e9 de voitures italiennes et de l'Italie en g\u00e9n\u00e9ral. J'apporte un regard critique et technique aux actualit\u00e9s des marques italiennes quand cela est possible. Propri\u00e9taire d'une Maserati GranTurismo, Alfa Romeo MiTo, Lancia Fulvia et Ducati 695. Ex-propri\u00e9taire d'une Alfa Romeo Giulia.\",\"sameAs\":[\"https:\/\/www.italpassion.fr\/\"],\"url\":\"https:\/\/www.italpassion.fr\/nl\/author\/alexandre\/\"}]}<\/script>\n<!-- \/ Yoast SEO plugin. -->","yoast_head_json":{"title":"Italiaan benoemd tot hoofd Lancia design - ItalPassion","description":"Lancia kondigt de benoeming aan van Gianni Colonello als Hoofd Design, als opvolger van Jean-Pierre Plou\u00e9, Chief Design Officer van Stellantis. Deze","robots":{"index":"index","follow":"follow","max-snippet":"max-snippet:-1","max-image-preview":"max-image-preview:large","max-video-preview":"max-video-preview:-1"},"canonical":"https:\/\/www.italpassion.fr\/nl\/lancia\/italiaan-benoemd-tot-hoofd-design-bij-lancia\/","og_locale":"nl_NL","og_type":"article","og_title":"Un Italien nomm\u00e9 \u00e0 la t\u00eate du design de Lancia - ItalPassion","og_description":"Lancia annonce la nomination de Gianni Colonello au poste de Chef du Design, succ\u00e9dant \u00e0 Jean-Pierre Plou\u00e9, Chief Design Officer de Stellantis. Cette","og_url":"https:\/\/www.italpassion.fr\/nl\/lancia\/italiaan-benoemd-tot-hoofd-design-bij-lancia\/","og_site_name":"ItalPassion","article_publisher":"https:\/\/www.facebook.com\/italpassion","article_published_time":"2024-05-23T12:33:52+00:00","article_modified_time":"2024-05-23T12:33:54+00:00","og_image":[{"width":1200,"height":800,"url":"https:\/\/www.italpassion.fr\/wp-content\/uploads\/2024\/05\/Gianni-Colonello-1.jpg","type":"image\/jpeg"}],"author":"Alexandre Filluzeau","twitter_card":"summary_large_image","twitter_creator":"@italpassion","twitter_site":"@italpassion","schema":{"@context":"https:\/\/schema.org","@graph":[{"@type":"NewsArticle","@id":"https:\/\/www.italpassion.fr\/nl\/lancia\/un-italien-nomme-a-la-tete-du-design-de-lancia\/#article","isPartOf":{"@id":"https:\/\/www.italpassion.fr\/nl\/lancia\/un-italien-nomme-a-la-tete-du-design-de-lancia\/"},"author":{"name":"Alexandre Filluzeau","@id":"https:\/\/www.italpassion.fr\/nl\/#\/schema\/person\/36f747b2a759ca202d847e85a9434ca0"},"headline":"Un Italien nomm\u00e9 \u00e0 la t\u00eate du design de Lancia","datePublished":"2024-05-23T12:33:52+00:00","dateModified":"2024-05-23T12:33:54+00:00","mainEntityOfPage":{"@id":"https:\/\/www.italpassion.fr\/nl\/lancia\/un-italien-nomme-a-la-tete-du-design-de-lancia\/"},"wordCount":312,"commentCount":1,"publisher":{"@id":"https:\/\/www.italpassion.fr\/nl\/#organization"},"image":{"@id":"https:\/\/www.italpassion.fr\/nl\/lancia\/un-italien-nomme-a-la-tete-du-design-de-lancia\/#primaryimage"},"thumbnailUrl":"https:\/\/www.italpassion.fr\/wp-content\/uploads\/2024\/05\/Gianni-Colonello-1.jpg","articleSection":["Lancia"],"inLanguage":"nl-NL","potentialAction":[{"@type":"CommentAction","name":"Comment","target":["https:\/\/www.italpassion.fr\/nl\/lancia\/un-italien-nomme-a-la-tete-du-design-de-lancia\/#respond"]}]},{"@type":"WebPage","@id":"https:\/\/www.italpassion.fr\/nl\/lancia\/un-italien-nomme-a-la-tete-du-design-de-lancia\/","url":"https:\/\/www.italpassion.fr\/nl\/lancia\/un-italien-nomme-a-la-tete-du-design-de-lancia\/","name":"Italiaan benoemd tot hoofd Lancia design - ItalPassion","isPartOf":{"@id":"https:\/\/www.italpassion.fr\/nl\/#website"},"primaryImageOfPage":{"@id":"https:\/\/www.italpassion.fr\/nl\/lancia\/un-italien-nomme-a-la-tete-du-design-de-lancia\/#primaryimage"},"image":{"@id":"https:\/\/www.italpassion.fr\/nl\/lancia\/un-italien-nomme-a-la-tete-du-design-de-lancia\/#primaryimage"},"thumbnailUrl":"https:\/\/www.italpassion.fr\/wp-content\/uploads\/2024\/05\/Gianni-Colonello-1.jpg","datePublished":"2024-05-23T12:33:52+00:00","dateModified":"2024-05-23T12:33:54+00:00","description":"Lancia kondigt de benoeming aan van Gianni Colonello als Hoofd Design, als opvolger van Jean-Pierre Plou\u00e9, Chief Design Officer van Stellantis. Deze","breadcrumb":{"@id":"https:\/\/www.italpassion.fr\/nl\/lancia\/un-italien-nomme-a-la-tete-du-design-de-lancia\/#breadcrumb"},"inLanguage":"nl-NL","potentialAction":[{"@type":"ReadAction","target":["https:\/\/www.italpassion.fr\/nl\/lancia\/un-italien-nomme-a-la-tete-du-design-de-lancia\/"]}]},{"@type":"ImageObject","inLanguage":"nl-NL","@id":"https:\/\/www.italpassion.fr\/nl\/lancia\/un-italien-nomme-a-la-tete-du-design-de-lancia\/#primaryimage","url":"https:\/\/www.italpassion.fr\/wp-content\/uploads\/2024\/05\/Gianni-Colonello-1.jpg","contentUrl":"https:\/\/www.italpassion.fr\/wp-content\/uploads\/2024\/05\/Gianni-Colonello-1.jpg","width":1200,"height":800},{"@type":"BreadcrumbList","@id":"https:\/\/www.italpassion.fr\/nl\/lancia\/un-italien-nomme-a-la-tete-du-design-de-lancia\/#breadcrumb","itemListElement":[{"@type":"ListItem","position":1,"name":"Accueil","item":"https:\/\/www.italpassion.fr\/nl\/"},{"@type":"ListItem","position":2,"name":"Un Italien nomm\u00e9 \u00e0 la t\u00eate du design de Lancia"}]},{"@type":"WebSite","@id":"https:\/\/www.italpassion.fr\/nl\/#website","url":"https:\/\/www.italpassion.fr\/nl\/","name":"ItalPassion","description":"Italiaanse autoliefhebbers","publisher":{"@id":"https:\/\/www.italpassion.fr\/nl\/#organization"},"potentialAction":[{"@type":"SearchAction","target":{"@type":"EntryPoint","urlTemplate":"https:\/\/www.italpassion.fr\/nl\/?s={search_term_string}"},"query-input":{"@type":"PropertyValueSpecification","valueRequired":true,"valueName":"search_term_string"}}],"inLanguage":"nl-NL"},{"@type":"Organization","@id":"https:\/\/www.italpassion.fr\/nl\/#organization","name":"Italpassion","url":"https:\/\/www.italpassion.fr\/nl\/","logo":{"@type":"ImageObject","inLanguage":"nl-NL","@id":"https:\/\/www.italpassion.fr\/nl\/#\/schema\/logo\/image\/","url":"https:\/\/www.italpassion.fr\/wp-content\/uploads\/2023\/07\/italpassion-yoast.jpg","contentUrl":"https:\/\/www.italpassion.fr\/wp-content\/uploads\/2023\/07\/italpassion-yoast.jpg","width":696,"height":696,"caption":"Italpassion"},"image":{"@id":"https:\/\/www.italpassion.fr\/nl\/#\/schema\/logo\/image\/"},"sameAs":["https:\/\/www.facebook.com\/italpassion","https:\/\/x.com\/italpassion","https:\/\/www.instagram.com\/italpassionfr\/","https:\/\/www.youtube.com\/channel\/UCleq-ByQaA42OjhopwevRjQ","https:\/\/www.facebook.com\/italpassion.en\/","https:\/\/www.facebook.com\/italpassion.it\/","https:\/\/www.facebook.com\/italpassion.de\/","https:\/\/www.facebook.com\/italpassion.ja\/"]},{"@type":"Person","@id":"https:\/\/www.italpassion.fr\/nl\/#\/schema\/person\/36f747b2a759ca202d847e85a9434ca0","name":"Alexandre Filluzeau","image":{"@type":"ImageObject","inLanguage":"nl-NL","@id":"https:\/\/www.italpassion.fr\/nl\/#\/schema\/person\/image\/","url":"https:\/\/www.italpassion.fr\/wp-content\/uploads\/2025\/04\/avatar-alexandre-160x160.jpg","contentUrl":"https:\/\/www.italpassion.fr\/wp-content\/uploads\/2025\/04\/avatar-alexandre-160x160.jpg","caption":"Alexandre Filluzeau"},"description":"Oprichter van de website ItalPassion, gepassioneerd door Italiaanse auto's en Itali\u00eb in het algemeen. Waar mogelijk breng ik een kritisch en technisch oog naar nieuws over Italiaanse merken. Eigenaar van een Maserati GranTurismo, Alfa Romeo MiTo, Lancia Fulvia en Ducati 695. Ex-eigenaar van een Alfa Romeo Giulia.","sameAs":["https:\/\/www.italpassion.fr\/"],"url":"https:\/\/www.italpassion.fr\/nl\/author\/alexandre\/"}]}},"_links":{"self":[{"href":"https:\/\/www.italpassion.fr\/nl\/wp-json\/wp\/v2\/posts\/34035","targetHints":{"allow":["GET"]}}],"collection":[{"href":"https:\/\/www.italpassion.fr\/nl\/wp-json\/wp\/v2\/posts"}],"about":[{"href":"https:\/\/www.italpassion.fr\/nl\/wp-json\/wp\/v2\/types\/post"}],"author":[{"embeddable":true,"href":"https:\/\/www.italpassion.fr\/nl\/wp-json\/wp\/v2\/users\/1"}],"replies":[{"embeddable":true,"href":"https:\/\/www.italpassion.fr\/nl\/wp-json\/wp\/v2\/comments?post=34035"}],"version-history":[{"count":2,"href":"https:\/\/www.italpassion.fr\/nl\/wp-json\/wp\/v2\/posts\/34035\/revisions"}],"predecessor-version":[{"id":34039,"href":"https:\/\/www.italpassion.fr\/nl\/wp-json\/wp\/v2\/posts\/34035\/revisions\/34039"}],"wp:featuredmedia":[{"embeddable":true,"href":"https:\/\/www.italpassion.fr\/nl\/wp-json\/wp\/v2\/media\/34037"}],"wp:attachment":[{"href":"https:\/\/www.italpassion.fr\/nl\/wp-json\/wp\/v2\/media?parent=34035"}],"wp:term":[{"taxonomy":"category","embeddable":true,"href":"https:\/\/www.italpassion.fr\/nl\/wp-json\/wp\/v2\/categories?post=34035"},{"taxonomy":"post_tag","embeddable":true,"href":"https:\/\/www.italpassion.fr\/nl\/wp-json\/wp\/v2\/tags?post=34035"}],"curies":[{"name":"wp","href":"https:\/\/api.w.org\/{rel}","templated":true}]}}