{"id":33755,"date":"2024-04-16T17:30:26","date_gmt":"2024-04-16T15:30:26","guid":{"rendered":"https:\/\/www.italpassion.fr\/?p=33755"},"modified":"2024-04-16T17:30:29","modified_gmt":"2024-04-16T15:30:29","slug":"stellantis-ceo-bevestigt-terugkeer-van-dalfa-romeo-naar-competitie","status":"publish","type":"post","link":"https:\/\/www.italpassion.fr\/nl\/alfa-romeo\/le-pdg-de-stellantis-confirme-un-retour-dalfa-romeo-en-competition\/","title":{"rendered":"Stellantis CEO bevestigt Alfa Romeo's terugkeer naar de competitie"},"content":{"rendered":"<figure class=\"wp-block-image size-large\"><img loading=\"lazy\" decoding=\"async\" width=\"1024\" height=\"683\" src=\"https:\/\/www.italpassion.fr\/wp-content\/uploads\/2024\/04\/alfa-romeo-competition-1024x683.jpg\" alt=\"\" class=\"wp-image-33756\" srcset=\"https:\/\/www.italpassion.fr\/wp-content\/uploads\/2024\/04\/alfa-romeo-competition-1024x683.jpg 1024w, https:\/\/www.italpassion.fr\/wp-content\/uploads\/2024\/04\/alfa-romeo-competition-300x200.jpg 300w, https:\/\/www.italpassion.fr\/wp-content\/uploads\/2024\/04\/alfa-romeo-competition-768x512.jpg 768w, https:\/\/www.italpassion.fr\/wp-content\/uploads\/2024\/04\/alfa-romeo-competition-18x12.jpg 18w, https:\/\/www.italpassion.fr\/wp-content\/uploads\/2024\/04\/alfa-romeo-competition-561x374.jpg 561w, https:\/\/www.italpassion.fr\/wp-content\/uploads\/2024\/04\/alfa-romeo-competition-1122x748.jpg 1122w, https:\/\/www.italpassion.fr\/wp-content\/uploads\/2024\/04\/alfa-romeo-competition-265x177.jpg 265w, https:\/\/www.italpassion.fr\/wp-content\/uploads\/2024\/04\/alfa-romeo-competition-531x354.jpg 531w, https:\/\/www.italpassion.fr\/wp-content\/uploads\/2024\/04\/alfa-romeo-competition-364x243.jpg 364w, https:\/\/www.italpassion.fr\/wp-content\/uploads\/2024\/04\/alfa-romeo-competition-728x485.jpg 728w, https:\/\/www.italpassion.fr\/wp-content\/uploads\/2024\/04\/alfa-romeo-competition-608x405.jpg 608w, https:\/\/www.italpassion.fr\/wp-content\/uploads\/2024\/04\/alfa-romeo-competition-758x505.jpg 758w, https:\/\/www.italpassion.fr\/wp-content\/uploads\/2024\/04\/alfa-romeo-competition-1152x768.jpg 1152w, https:\/\/www.italpassion.fr\/wp-content\/uploads\/2024\/04\/alfa-romeo-competition-600x400.jpg 600w, https:\/\/www.italpassion.fr\/wp-content\/uploads\/2024\/04\/alfa-romeo-competition.jpg 1200w\" sizes=\"auto, (max-width: 1024px) 100vw, 1024px\" \/><figcaption class=\"wp-element-caption\">Alfa Romeo Formule 1. Afbeelding IA - Italpassion<\/figcaption><\/figure>\n\n\n\n<p>We hebben het <a href=\"https:\/\/www.italpassion.fr\/nl\/alfa-romeo\/alfa-romeo-vervangt-peugeot-in-wec-vanaf-2025-de-nieuwe-achterspoiler-in-kwestie\/\">een aprilgrap<\/a> en toch moet het uitkomen: Stellantis heeft de terugkeer aangekondigd van<a href=\"https:\/\/www.italpassion.fr\/nl\/alfa-romeo\/\">Alfa Romeo<\/a> in competitie. Tijdens een recente rondetafelconferentie in Misano, als onderdeel van een Formule E-evenement (waar Maserati als 9e en 12e eindigde), beantwoordde Carlos Tavares, CEO van Stellantis, vragen van journalisten over de toekomst van het merk Biscione in de autosport.<\/p>\n\n\n\n<p>\"\u00a0<strong>Alfa Romeo keert terug naar de autosport<\/strong>Het maakt deel uit van het DNA van het merk, het erfgoed. \"Het maakt deel uit van het DNA van het merk, van zijn erfgoed. Fans van het merk au Biscione kunnen zich dus verheugen: de aankondiging bevestigt niet alleen Alfa Romeo's toekomstige terugkeer naar de sportarena, maar onderstreept ook de toewijding van de Groep om het competitieve erfgoed van het merk te behouden en te versterken.<\/p>\n\n\n\n<p>Er zijn al gesprekken gaande over deze terugkeer, waarbij sleutelfiguren als Jean-Marc Finot, hoofd van Stellantis Motorsport, en Jean-Philippe Imparato, directeur van Alfa Romeo, betrokken zijn. Carlos Tavares benadrukt echter dat de uiteindelijke beslissing over <strong>de precieze timing van de terugkeer en de specifieke wedstrijden waaraan Alfa Romeo zal deelnemen, zijn nog niet vastgesteld<\/strong>. \"Het 'wanneer' moet nog worden bepaald,\" voegt hij eraan toe.<\/p>\n\n\n\n<p>In zijn verklaringen deelde Tavares ook zijn strategische visie op <strong>het ideale moment om aan een sport te beginnen of ernaar terug te keren.<\/strong> Volgens hem is het cruciaal om een concurrentiecyclus in te gaan op een moment dat de kosten redelijk zijn en het merk kan meegroeien met de discipline, waardoor het concurrentievermogen toeneemt. Het is een zorgvuldige berekening gericht op het maximaliseren van het rendement op marketinginvesteringen.<\/p>\n\n\n\n<p>De mogelijkheden voor Alfa Romeo's comeback zijn enorm. Competities zoals de Formule E, het World Endurance Championship (WEC) of zelfs een terugkeer naar de Formule 1 of toerwagenkampioenschappen worden overwogen. Tavares benadrukt echter <strong>hoe belangrijk het is om het juiste moment te kiezen om terug te komen, <\/strong>rekening houdend met de cycli en volatiliteit van de motorsportwereld.<\/p>\n\n\n\n<p>\"Ik kan je vertellen dat in alle motorsportdisciplines de cyclus altijd hetzelfde is: het begint langzaam, groeit, explodeert en daalt dan weer. Steeds weer opnieuw,\" legt Tavares uit. \"Het moment waarop we die cyclus ingaan is strategisch belangrijk voor wat we doen.\" <\/p>\n\n\n\n<p>Bovendien, enkele maanden geleden, <a href=\"https:\/\/www.italpassion.fr\/nl\/alfa-romeo\/alfa-romeo-geeft-nieuws-over-zijn-endurance-verbintenis\/\">Jean-Philippe Imparato had al nieuws gegeven over de terugkeer van het merk naar de competitie<\/a>We willen dit doen als eigenaar en niet alleen als sponsor.<\/p>\n\n\n\n<p>Hoewel de aankondiging niet vergezeld gaat van een precies tijdschema, bevestigt het de serieuze intentie van Stellantis om Alfa Romeo terug te brengen naar waar het volgens veel liefhebbers en fans van het merk thuishoort: op het circuit.<\/p>","protected":false},"excerpt":{"rendered":"","protected":false},"author":1,"featured_media":33756,"comment_status":"open","ping_status":"open","sticky":false,"template":"","format":"standard","meta":{"_acf_changed":false,"_sitemap_exclude":false,"_sitemap_priority":"","_sitemap_frequency":"","footnotes":""},"categories":[22],"tags":[],"class_list":["post-33755","post","type-post","status-publish","format-standard","has-post-thumbnail","hentry","category-alfa-romeo","generate-columns","tablet-grid-50","mobile-grid-100","grid-parent","grid-33"],"acf":[],"yoast_head":"<!-- This site is optimized with the Yoast SEO plugin v25.8 - https:\/\/yoast.com\/wordpress\/plugins\/seo\/ -->\n<title>Le PDG de Stellantis confirme un retour d&#039;Alfa Romeo en comp\u00e9tition - ItalPassion<\/title>\n<meta name=\"description\" content=\"Alfa Romeo Formule 1. Image illustration IA - Italpassion Nous en avions fait un poisson d&#039;avril et pourtant cela devrait bien se r\u00e9aliser : Stellantis\" \/>\n<meta name=\"robots\" content=\"index, follow, max-snippet:-1, max-image-preview:large, max-video-preview:-1\" \/>\n<link rel=\"canonical\" href=\"https:\/\/www.italpassion.fr\/nl\/alfa-romeo\/stellantis-ceo-bevestigt-terugkeer-van-dalfa-romeo-naar-competitie\/\" \/>\n<meta property=\"og:locale\" content=\"nl_NL\" \/>\n<meta property=\"og:type\" content=\"article\" \/>\n<meta property=\"og:title\" content=\"Le PDG de Stellantis confirme un retour d&#039;Alfa Romeo en comp\u00e9tition - ItalPassion\" \/>\n<meta property=\"og:description\" content=\"Alfa Romeo Formule 1. Image illustration IA - Italpassion Nous en avions fait un poisson d&#039;avril et pourtant cela devrait bien se r\u00e9aliser : Stellantis\" \/>\n<meta property=\"og:url\" content=\"https:\/\/www.italpassion.fr\/nl\/alfa-romeo\/stellantis-ceo-bevestigt-terugkeer-van-dalfa-romeo-naar-competitie\/\" \/>\n<meta property=\"og:site_name\" content=\"ItalPassion\" \/>\n<meta property=\"article:publisher\" content=\"https:\/\/www.facebook.com\/italpassion\" \/>\n<meta property=\"article:published_time\" content=\"2024-04-16T15:30:26+00:00\" \/>\n<meta property=\"article:modified_time\" content=\"2024-04-16T15:30:29+00:00\" \/>\n<meta property=\"og:image\" content=\"https:\/\/www.italpassion.fr\/wp-content\/uploads\/2024\/04\/alfa-romeo-competition.jpg\" \/>\n\t<meta property=\"og:image:width\" content=\"1200\" \/>\n\t<meta property=\"og:image:height\" content=\"800\" \/>\n\t<meta property=\"og:image:type\" content=\"image\/jpeg\" \/>\n<meta name=\"author\" content=\"Alexandre Filluzeau\" \/>\n<meta name=\"twitter:card\" content=\"summary_large_image\" \/>\n<meta name=\"twitter:creator\" content=\"@italpassion\" \/>\n<meta name=\"twitter:site\" content=\"@italpassion\" \/>\n<script type=\"application\/ld+json\" class=\"yoast-schema-graph\">{\"@context\":\"https:\/\/schema.org\",\"@graph\":[{\"@type\":\"NewsArticle\",\"@id\":\"https:\/\/www.italpassion.fr\/nl\/alfa-romeo\/le-pdg-de-stellantis-confirme-un-retour-dalfa-romeo-en-competition\/#article\",\"isPartOf\":{\"@id\":\"https:\/\/www.italpassion.fr\/nl\/alfa-romeo\/le-pdg-de-stellantis-confirme-un-retour-dalfa-romeo-en-competition\/\"},\"author\":{\"name\":\"Alexandre Filluzeau\",\"@id\":\"https:\/\/www.italpassion.fr\/nl\/#\/schema\/person\/36f747b2a759ca202d847e85a9434ca0\"},\"headline\":\"Le PDG de Stellantis confirme un retour d&rsquo;Alfa Romeo en comp\u00e9tition\",\"datePublished\":\"2024-04-16T15:30:26+00:00\",\"dateModified\":\"2024-04-16T15:30:29+00:00\",\"mainEntityOfPage\":{\"@id\":\"https:\/\/www.italpassion.fr\/nl\/alfa-romeo\/le-pdg-de-stellantis-confirme-un-retour-dalfa-romeo-en-competition\/\"},\"wordCount\":515,\"commentCount\":8,\"publisher\":{\"@id\":\"https:\/\/www.italpassion.fr\/nl\/#organization\"},\"image\":{\"@id\":\"https:\/\/www.italpassion.fr\/nl\/alfa-romeo\/le-pdg-de-stellantis-confirme-un-retour-dalfa-romeo-en-competition\/#primaryimage\"},\"thumbnailUrl\":\"https:\/\/www.italpassion.fr\/wp-content\/uploads\/2024\/04\/alfa-romeo-competition.jpg\",\"articleSection\":[\"Alfa Romeo\"],\"inLanguage\":\"nl-NL\",\"potentialAction\":[{\"@type\":\"CommentAction\",\"name\":\"Comment\",\"target\":[\"https:\/\/www.italpassion.fr\/nl\/alfa-romeo\/le-pdg-de-stellantis-confirme-un-retour-dalfa-romeo-en-competition\/#respond\"]}]},{\"@type\":\"WebPage\",\"@id\":\"https:\/\/www.italpassion.fr\/nl\/alfa-romeo\/le-pdg-de-stellantis-confirme-un-retour-dalfa-romeo-en-competition\/\",\"url\":\"https:\/\/www.italpassion.fr\/nl\/alfa-romeo\/le-pdg-de-stellantis-confirme-un-retour-dalfa-romeo-en-competition\/\",\"name\":\"Le PDG de Stellantis confirme un retour d'Alfa Romeo en comp\u00e9tition - ItalPassion\",\"isPartOf\":{\"@id\":\"https:\/\/www.italpassion.fr\/nl\/#website\"},\"primaryImageOfPage\":{\"@id\":\"https:\/\/www.italpassion.fr\/nl\/alfa-romeo\/le-pdg-de-stellantis-confirme-un-retour-dalfa-romeo-en-competition\/#primaryimage\"},\"image\":{\"@id\":\"https:\/\/www.italpassion.fr\/nl\/alfa-romeo\/le-pdg-de-stellantis-confirme-un-retour-dalfa-romeo-en-competition\/#primaryimage\"},\"thumbnailUrl\":\"https:\/\/www.italpassion.fr\/wp-content\/uploads\/2024\/04\/alfa-romeo-competition.jpg\",\"datePublished\":\"2024-04-16T15:30:26+00:00\",\"dateModified\":\"2024-04-16T15:30:29+00:00\",\"description\":\"Alfa Romeo Formule 1. Image illustration IA - Italpassion Nous en avions fait un poisson d'avril et pourtant cela devrait bien se r\u00e9aliser : Stellantis\",\"breadcrumb\":{\"@id\":\"https:\/\/www.italpassion.fr\/nl\/alfa-romeo\/le-pdg-de-stellantis-confirme-un-retour-dalfa-romeo-en-competition\/#breadcrumb\"},\"inLanguage\":\"nl-NL\",\"potentialAction\":[{\"@type\":\"ReadAction\",\"target\":[\"https:\/\/www.italpassion.fr\/nl\/alfa-romeo\/le-pdg-de-stellantis-confirme-un-retour-dalfa-romeo-en-competition\/\"]}]},{\"@type\":\"ImageObject\",\"inLanguage\":\"nl-NL\",\"@id\":\"https:\/\/www.italpassion.fr\/nl\/alfa-romeo\/le-pdg-de-stellantis-confirme-un-retour-dalfa-romeo-en-competition\/#primaryimage\",\"url\":\"https:\/\/www.italpassion.fr\/wp-content\/uploads\/2024\/04\/alfa-romeo-competition.jpg\",\"contentUrl\":\"https:\/\/www.italpassion.fr\/wp-content\/uploads\/2024\/04\/alfa-romeo-competition.jpg\",\"width\":1200,\"height\":800},{\"@type\":\"BreadcrumbList\",\"@id\":\"https:\/\/www.italpassion.fr\/nl\/alfa-romeo\/le-pdg-de-stellantis-confirme-un-retour-dalfa-romeo-en-competition\/#breadcrumb\",\"itemListElement\":[{\"@type\":\"ListItem\",\"position\":1,\"name\":\"Accueil\",\"item\":\"https:\/\/www.italpassion.fr\/nl\/\"},{\"@type\":\"ListItem\",\"position\":2,\"name\":\"Le PDG de Stellantis confirme un retour d&rsquo;Alfa Romeo en comp\u00e9tition\"}]},{\"@type\":\"WebSite\",\"@id\":\"https:\/\/www.italpassion.fr\/nl\/#website\",\"url\":\"https:\/\/www.italpassion.fr\/nl\/\",\"name\":\"ItalPassion\",\"description\":\"Les Passionn\u00e9s d&#039;Automobiles Italiennes\",\"publisher\":{\"@id\":\"https:\/\/www.italpassion.fr\/nl\/#organization\"},\"potentialAction\":[{\"@type\":\"SearchAction\",\"target\":{\"@type\":\"EntryPoint\",\"urlTemplate\":\"https:\/\/www.italpassion.fr\/nl\/?s={search_term_string}\"},\"query-input\":{\"@type\":\"PropertyValueSpecification\",\"valueRequired\":true,\"valueName\":\"search_term_string\"}}],\"inLanguage\":\"nl-NL\"},{\"@type\":\"Organization\",\"@id\":\"https:\/\/www.italpassion.fr\/nl\/#organization\",\"name\":\"Italpassion\",\"url\":\"https:\/\/www.italpassion.fr\/nl\/\",\"logo\":{\"@type\":\"ImageObject\",\"inLanguage\":\"nl-NL\",\"@id\":\"https:\/\/www.italpassion.fr\/nl\/#\/schema\/logo\/image\/\",\"url\":\"https:\/\/www.italpassion.fr\/wp-content\/uploads\/2023\/07\/italpassion-yoast.jpg\",\"contentUrl\":\"https:\/\/www.italpassion.fr\/wp-content\/uploads\/2023\/07\/italpassion-yoast.jpg\",\"width\":696,\"height\":696,\"caption\":\"Italpassion\"},\"image\":{\"@id\":\"https:\/\/www.italpassion.fr\/nl\/#\/schema\/logo\/image\/\"},\"sameAs\":[\"https:\/\/www.facebook.com\/italpassion\",\"https:\/\/x.com\/italpassion\",\"https:\/\/www.instagram.com\/italpassionfr\/\",\"https:\/\/www.youtube.com\/channel\/UCleq-ByQaA42OjhopwevRjQ\",\"https:\/\/www.facebook.com\/italpassion.en\/\",\"https:\/\/www.facebook.com\/italpassion.it\/\",\"https:\/\/www.facebook.com\/italpassion.de\/\",\"https:\/\/www.facebook.com\/italpassion.ja\/\"]},{\"@type\":\"Person\",\"@id\":\"https:\/\/www.italpassion.fr\/nl\/#\/schema\/person\/36f747b2a759ca202d847e85a9434ca0\",\"name\":\"Alexandre Filluzeau\",\"image\":{\"@type\":\"ImageObject\",\"inLanguage\":\"nl-NL\",\"@id\":\"https:\/\/www.italpassion.fr\/nl\/#\/schema\/person\/image\/\",\"url\":\"https:\/\/www.italpassion.fr\/wp-content\/uploads\/2025\/04\/avatar-alexandre-160x160.jpg\",\"contentUrl\":\"https:\/\/www.italpassion.fr\/wp-content\/uploads\/2025\/04\/avatar-alexandre-160x160.jpg\",\"caption\":\"Alexandre Filluzeau\"},\"description\":\"Fondateur du site ItalPassion, passionn\u00e9 de voitures italiennes et de l'Italie en g\u00e9n\u00e9ral. J'apporte un regard critique et technique aux actualit\u00e9s des marques italiennes quand cela est possible. Propri\u00e9taire d'une Maserati GranTurismo, Alfa Romeo MiTo, Lancia Fulvia et Ducati 695. Ex-propri\u00e9taire d'une Alfa Romeo Giulia.\",\"sameAs\":[\"https:\/\/www.italpassion.fr\/\"],\"url\":\"https:\/\/www.italpassion.fr\/nl\/author\/alexandre\/\"}]}<\/script>\n<!-- \/ Yoast SEO plugin. -->","yoast_head_json":{"title":"Stellantis CEO bevestigt Alfa Romeo's terugkeer in de racerij - ItalPassion","description":"Alfa Romeo Formule 1. Afbeelding illustratie IA - Italpassion We dachten dat het een aprilgrap was, maar het zou best eens uit kunnen komen: Stellantis","robots":{"index":"index","follow":"follow","max-snippet":"max-snippet:-1","max-image-preview":"max-image-preview:large","max-video-preview":"max-video-preview:-1"},"canonical":"https:\/\/www.italpassion.fr\/nl\/alfa-romeo\/stellantis-ceo-bevestigt-terugkeer-van-dalfa-romeo-naar-competitie\/","og_locale":"nl_NL","og_type":"article","og_title":"Le PDG de Stellantis confirme un retour d'Alfa Romeo en comp\u00e9tition - ItalPassion","og_description":"Alfa Romeo Formule 1. Image illustration IA - Italpassion Nous en avions fait un poisson d'avril et pourtant cela devrait bien se r\u00e9aliser : Stellantis","og_url":"https:\/\/www.italpassion.fr\/nl\/alfa-romeo\/stellantis-ceo-bevestigt-terugkeer-van-dalfa-romeo-naar-competitie\/","og_site_name":"ItalPassion","article_publisher":"https:\/\/www.facebook.com\/italpassion","article_published_time":"2024-04-16T15:30:26+00:00","article_modified_time":"2024-04-16T15:30:29+00:00","og_image":[{"width":1200,"height":800,"url":"https:\/\/www.italpassion.fr\/wp-content\/uploads\/2024\/04\/alfa-romeo-competition.jpg","type":"image\/jpeg"}],"author":"Alexandre Filluzeau","twitter_card":"summary_large_image","twitter_creator":"@italpassion","twitter_site":"@italpassion","schema":{"@context":"https:\/\/schema.org","@graph":[{"@type":"NewsArticle","@id":"https:\/\/www.italpassion.fr\/nl\/alfa-romeo\/le-pdg-de-stellantis-confirme-un-retour-dalfa-romeo-en-competition\/#article","isPartOf":{"@id":"https:\/\/www.italpassion.fr\/nl\/alfa-romeo\/le-pdg-de-stellantis-confirme-un-retour-dalfa-romeo-en-competition\/"},"author":{"name":"Alexandre Filluzeau","@id":"https:\/\/www.italpassion.fr\/nl\/#\/schema\/person\/36f747b2a759ca202d847e85a9434ca0"},"headline":"Le PDG de Stellantis confirme un retour d&rsquo;Alfa Romeo en comp\u00e9tition","datePublished":"2024-04-16T15:30:26+00:00","dateModified":"2024-04-16T15:30:29+00:00","mainEntityOfPage":{"@id":"https:\/\/www.italpassion.fr\/nl\/alfa-romeo\/le-pdg-de-stellantis-confirme-un-retour-dalfa-romeo-en-competition\/"},"wordCount":515,"commentCount":8,"publisher":{"@id":"https:\/\/www.italpassion.fr\/nl\/#organization"},"image":{"@id":"https:\/\/www.italpassion.fr\/nl\/alfa-romeo\/le-pdg-de-stellantis-confirme-un-retour-dalfa-romeo-en-competition\/#primaryimage"},"thumbnailUrl":"https:\/\/www.italpassion.fr\/wp-content\/uploads\/2024\/04\/alfa-romeo-competition.jpg","articleSection":["Alfa Romeo"],"inLanguage":"nl-NL","potentialAction":[{"@type":"CommentAction","name":"Comment","target":["https:\/\/www.italpassion.fr\/nl\/alfa-romeo\/le-pdg-de-stellantis-confirme-un-retour-dalfa-romeo-en-competition\/#respond"]}]},{"@type":"WebPage","@id":"https:\/\/www.italpassion.fr\/nl\/alfa-romeo\/le-pdg-de-stellantis-confirme-un-retour-dalfa-romeo-en-competition\/","url":"https:\/\/www.italpassion.fr\/nl\/alfa-romeo\/le-pdg-de-stellantis-confirme-un-retour-dalfa-romeo-en-competition\/","name":"Stellantis CEO bevestigt Alfa Romeo's terugkeer in de racerij - ItalPassion","isPartOf":{"@id":"https:\/\/www.italpassion.fr\/nl\/#website"},"primaryImageOfPage":{"@id":"https:\/\/www.italpassion.fr\/nl\/alfa-romeo\/le-pdg-de-stellantis-confirme-un-retour-dalfa-romeo-en-competition\/#primaryimage"},"image":{"@id":"https:\/\/www.italpassion.fr\/nl\/alfa-romeo\/le-pdg-de-stellantis-confirme-un-retour-dalfa-romeo-en-competition\/#primaryimage"},"thumbnailUrl":"https:\/\/www.italpassion.fr\/wp-content\/uploads\/2024\/04\/alfa-romeo-competition.jpg","datePublished":"2024-04-16T15:30:26+00:00","dateModified":"2024-04-16T15:30:29+00:00","description":"Alfa Romeo Formule 1. Afbeelding illustratie IA - Italpassion We dachten dat het een aprilgrap was, maar het zou best eens uit kunnen komen: Stellantis","breadcrumb":{"@id":"https:\/\/www.italpassion.fr\/nl\/alfa-romeo\/le-pdg-de-stellantis-confirme-un-retour-dalfa-romeo-en-competition\/#breadcrumb"},"inLanguage":"nl-NL","potentialAction":[{"@type":"ReadAction","target":["https:\/\/www.italpassion.fr\/nl\/alfa-romeo\/le-pdg-de-stellantis-confirme-un-retour-dalfa-romeo-en-competition\/"]}]},{"@type":"ImageObject","inLanguage":"nl-NL","@id":"https:\/\/www.italpassion.fr\/nl\/alfa-romeo\/le-pdg-de-stellantis-confirme-un-retour-dalfa-romeo-en-competition\/#primaryimage","url":"https:\/\/www.italpassion.fr\/wp-content\/uploads\/2024\/04\/alfa-romeo-competition.jpg","contentUrl":"https:\/\/www.italpassion.fr\/wp-content\/uploads\/2024\/04\/alfa-romeo-competition.jpg","width":1200,"height":800},{"@type":"BreadcrumbList","@id":"https:\/\/www.italpassion.fr\/nl\/alfa-romeo\/le-pdg-de-stellantis-confirme-un-retour-dalfa-romeo-en-competition\/#breadcrumb","itemListElement":[{"@type":"ListItem","position":1,"name":"Accueil","item":"https:\/\/www.italpassion.fr\/nl\/"},{"@type":"ListItem","position":2,"name":"Le PDG de Stellantis confirme un retour d&rsquo;Alfa Romeo en comp\u00e9tition"}]},{"@type":"WebSite","@id":"https:\/\/www.italpassion.fr\/nl\/#website","url":"https:\/\/www.italpassion.fr\/nl\/","name":"ItalPassion","description":"Italiaanse autoliefhebbers","publisher":{"@id":"https:\/\/www.italpassion.fr\/nl\/#organization"},"potentialAction":[{"@type":"SearchAction","target":{"@type":"EntryPoint","urlTemplate":"https:\/\/www.italpassion.fr\/nl\/?s={search_term_string}"},"query-input":{"@type":"PropertyValueSpecification","valueRequired":true,"valueName":"search_term_string"}}],"inLanguage":"nl-NL"},{"@type":"Organization","@id":"https:\/\/www.italpassion.fr\/nl\/#organization","name":"Italpassion","url":"https:\/\/www.italpassion.fr\/nl\/","logo":{"@type":"ImageObject","inLanguage":"nl-NL","@id":"https:\/\/www.italpassion.fr\/nl\/#\/schema\/logo\/image\/","url":"https:\/\/www.italpassion.fr\/wp-content\/uploads\/2023\/07\/italpassion-yoast.jpg","contentUrl":"https:\/\/www.italpassion.fr\/wp-content\/uploads\/2023\/07\/italpassion-yoast.jpg","width":696,"height":696,"caption":"Italpassion"},"image":{"@id":"https:\/\/www.italpassion.fr\/nl\/#\/schema\/logo\/image\/"},"sameAs":["https:\/\/www.facebook.com\/italpassion","https:\/\/x.com\/italpassion","https:\/\/www.instagram.com\/italpassionfr\/","https:\/\/www.youtube.com\/channel\/UCleq-ByQaA42OjhopwevRjQ","https:\/\/www.facebook.com\/italpassion.en\/","https:\/\/www.facebook.com\/italpassion.it\/","https:\/\/www.facebook.com\/italpassion.de\/","https:\/\/www.facebook.com\/italpassion.ja\/"]},{"@type":"Person","@id":"https:\/\/www.italpassion.fr\/nl\/#\/schema\/person\/36f747b2a759ca202d847e85a9434ca0","name":"Alexandre Filluzeau","image":{"@type":"ImageObject","inLanguage":"nl-NL","@id":"https:\/\/www.italpassion.fr\/nl\/#\/schema\/person\/image\/","url":"https:\/\/www.italpassion.fr\/wp-content\/uploads\/2025\/04\/avatar-alexandre-160x160.jpg","contentUrl":"https:\/\/www.italpassion.fr\/wp-content\/uploads\/2025\/04\/avatar-alexandre-160x160.jpg","caption":"Alexandre Filluzeau"},"description":"Oprichter van de website ItalPassion, gepassioneerd door Italiaanse auto's en Itali\u00eb in het algemeen. Waar mogelijk breng ik een kritisch en technisch oog naar nieuws over Italiaanse merken. Eigenaar van een Maserati GranTurismo, Alfa Romeo MiTo, Lancia Fulvia en Ducati 695. Ex-eigenaar van een Alfa Romeo Giulia.","sameAs":["https:\/\/www.italpassion.fr\/"],"url":"https:\/\/www.italpassion.fr\/nl\/author\/alexandre\/"}]}},"_links":{"self":[{"href":"https:\/\/www.italpassion.fr\/nl\/wp-json\/wp\/v2\/posts\/33755","targetHints":{"allow":["GET"]}}],"collection":[{"href":"https:\/\/www.italpassion.fr\/nl\/wp-json\/wp\/v2\/posts"}],"about":[{"href":"https:\/\/www.italpassion.fr\/nl\/wp-json\/wp\/v2\/types\/post"}],"author":[{"embeddable":true,"href":"https:\/\/www.italpassion.fr\/nl\/wp-json\/wp\/v2\/users\/1"}],"replies":[{"embeddable":true,"href":"https:\/\/www.italpassion.fr\/nl\/wp-json\/wp\/v2\/comments?post=33755"}],"version-history":[{"count":1,"href":"https:\/\/www.italpassion.fr\/nl\/wp-json\/wp\/v2\/posts\/33755\/revisions"}],"predecessor-version":[{"id":33757,"href":"https:\/\/www.italpassion.fr\/nl\/wp-json\/wp\/v2\/posts\/33755\/revisions\/33757"}],"wp:featuredmedia":[{"embeddable":true,"href":"https:\/\/www.italpassion.fr\/nl\/wp-json\/wp\/v2\/media\/33756"}],"wp:attachment":[{"href":"https:\/\/www.italpassion.fr\/nl\/wp-json\/wp\/v2\/media?parent=33755"}],"wp:term":[{"taxonomy":"category","embeddable":true,"href":"https:\/\/www.italpassion.fr\/nl\/wp-json\/wp\/v2\/categories?post=33755"},{"taxonomy":"post_tag","embeddable":true,"href":"https:\/\/www.italpassion.fr\/nl\/wp-json\/wp\/v2\/tags?post=33755"}],"curies":[{"name":"wp","href":"https:\/\/api.w.org\/{rel}","templated":true}]}}