{"id":33511,"date":"2024-03-13T21:19:24","date_gmt":"2024-03-13T20:19:24","guid":{"rendered":"https:\/\/www.italpassion.fr\/?p=33511"},"modified":"2024-03-13T21:19:26","modified_gmt":"2024-03-13T20:19:26","slug":"de-directeur-van-lancia-bevestigt-dat-hij-werkt-aan-een-comeback-van-het-merk-in-de-rallysport","status":"publish","type":"post","link":"https:\/\/www.italpassion.fr\/nl\/lancia\/lancia-son-directeur-confirme-travailler-a-un-retour-de-la-marque-en-rallye\/","title":{"rendered":"Lancia: de directeur bevestigt dat hij werkt aan een comeback van het merk in de rallysport"},"content":{"rendered":"<p>Lancia zou de harten van rallyliefhebbers weer op hol kunnen brengen. De recente aankondiging van Luca Napolitano, CEO van <a href=\"https:\/\/www.italpassion.fr\/nl\/lancia\/\">Lancia<\/a>De lancering van de film \"Race for Glory: Audi vs. Lancia\" heeft een nieuwe golf van enthousiasme ontketend:<strong> Lancia's terugkeer in de rallysport wordt niet alleen overwogen, maar ook actief nagestreefd.<\/strong><\/p>\n\n\n\n<figure class=\"wp-block-image size-large\"><img loading=\"lazy\" decoding=\"async\" width=\"1024\" height=\"683\" src=\"https:\/\/www.italpassion.fr\/wp-content\/uploads\/2024\/03\/lancia-HF-1024x683.jpg\" alt=\"\" class=\"wp-image-33512\" srcset=\"https:\/\/www.italpassion.fr\/wp-content\/uploads\/2024\/03\/lancia-HF-1024x683.jpg 1024w, https:\/\/www.italpassion.fr\/wp-content\/uploads\/2024\/03\/lancia-HF-300x200.jpg 300w, https:\/\/www.italpassion.fr\/wp-content\/uploads\/2024\/03\/lancia-HF-768x512.jpg 768w, https:\/\/www.italpassion.fr\/wp-content\/uploads\/2024\/03\/lancia-HF-18x12.jpg 18w, https:\/\/www.italpassion.fr\/wp-content\/uploads\/2024\/03\/lancia-HF-561x374.jpg 561w, https:\/\/www.italpassion.fr\/wp-content\/uploads\/2024\/03\/lancia-HF-1122x748.jpg 1122w, https:\/\/www.italpassion.fr\/wp-content\/uploads\/2024\/03\/lancia-HF-265x177.jpg 265w, https:\/\/www.italpassion.fr\/wp-content\/uploads\/2024\/03\/lancia-HF-531x354.jpg 531w, https:\/\/www.italpassion.fr\/wp-content\/uploads\/2024\/03\/lancia-HF-364x243.jpg 364w, https:\/\/www.italpassion.fr\/wp-content\/uploads\/2024\/03\/lancia-HF-728x485.jpg 728w, https:\/\/www.italpassion.fr\/wp-content\/uploads\/2024\/03\/lancia-HF-608x405.jpg 608w, https:\/\/www.italpassion.fr\/wp-content\/uploads\/2024\/03\/lancia-HF-758x505.jpg 758w, https:\/\/www.italpassion.fr\/wp-content\/uploads\/2024\/03\/lancia-HF-1152x768.jpg 1152w, https:\/\/www.italpassion.fr\/wp-content\/uploads\/2024\/03\/lancia-HF-600x400.jpg 600w, https:\/\/www.italpassion.fr\/wp-content\/uploads\/2024\/03\/lancia-HF.jpg 1200w\" sizes=\"auto, (max-width: 1024px) 100vw, 1024px\" \/><\/figure>\n\n\n\n<p>De kern van deze comeback is <strong>het nieuwe HF-wapen<\/strong>het symbool van Lancia's hoge prestaties, onthuld door het Centro Stile Lancia. Het logo is opnieuw ontworpen om te voldoen aan de hedendaagse esthetische eisen en behoudt zijn historische kleuren - wit, rood en zwart - terwijl de lijnen zijn vereenvoudigd. Deze kleuren weerspiegelen de kleuren van de Fulvia Coup\u00e9 uit 1966 en de ori\u00ebntatie van de letters op de Lancia Delta uit de jaren 90.<\/p>\n\n\n\n<p>Le<strong> HF-logo, Lancia's embleem van prestaties<\/strong>Hij werd voor het eerst ge\u00efntroduceerd in 1960. In de loop der decennia is Lancia synoniem geworden voor overwinning en innovatie, en heeft het de geschiedenis van de autosport gemarkeerd met legendarische modellen zoals de Fulvia Coup\u00e9 HF, de Stratos HF en natuurlijk de Delta HF Integrale. Deze voertuigen, die in het verleden rallycompetities hebben gedomineerd, blijven Lancia inspireren in haar zoektocht naar vernieuwing en uitmuntendheid.<\/p>\n\n\n\n<figure class=\"wp-block-embed is-type-video is-provider-youtube wp-block-embed-youtube wp-embed-aspect-16-9 wp-has-aspect-ratio\"><div class=\"wp-block-embed__wrapper\">\n<iframe loading=\"lazy\" title=\"Nieuw Lancia HF Logo\" width=\"1200\" height=\"675\" src=\"https:\/\/www.youtube-nocookie.com\/embed\/WGpVZO3J6aU?feature=oembed\" frameborder=\"0\" allow=\"accelerometer; autoplay; clipboard-write; encrypted-media; gyroscope; picture-in-picture; web-share\" referrerpolicy=\"strict-origin-when-cross-origin\" allowfullscreen><\/iframe>\n<\/div><\/figure>\n\n\n\n<p>Lancia's terugkeer in de rallysport omvat ook de <strong>toekomstige elektrische Lancia Ypsilon HF 100 %<\/strong>. Deze eerste elektrische auto met het prestigieuze HF-logo is gepland voor 2025 en belooft interessante prestaties: 240 pk onder de motorkap, een acceleratie van 0 naar 100 km\/u in 5,8 seconden, een verlaagd chassis en bredere spoorbreedte.<\/p>\n\n\n\n<p>De aankondiging van Luca Napolitano, CEO van Lancia, laat er geen twijfel over bestaan: Lancia is op weg terug naar de rally-arena. De beslissing maakt deel uit van het 'Rinascimento Lancia', een wereldwijd wedergeboorteproject voor het merk dat zijn sportieve wortels wil combineren met een toekomstvisie gericht op prestaties en innovatie. \"Een terugkeer naar de rallysport? Daar werken we aan\", aldus Napolitano, die rallyliefhebbers spannende dagen in het vooruitzicht belooft.<\/p>\n\n\n\n<p>Het valt nog te bezien, aangezien we <a href=\"https:\/\/www.italpassion.fr\/nl\/lancia\/stellantis-van-plan-lancia-terug-te-brengen-naar-wrc\/\">zoals we in ons andere artikel over dit onderwerp hebben vermeld<\/a>We zullen ook moeten beslissen of het een 100 % elektrische motor wordt of een verbrandingsmotor met de 1.2L Puretech.<\/p>\n\n\n\n<figure class=\"wp-block-image size-large\"><img loading=\"lazy\" decoding=\"async\" width=\"1024\" height=\"683\" src=\"https:\/\/www.italpassion.fr\/wp-content\/uploads\/2024\/01\/carlos-tavares-lancia-stratos-1024x683.jpg\" alt=\"carlos-tavares-lancia-stratos\" class=\"wp-image-32825\" srcset=\"https:\/\/www.italpassion.fr\/wp-content\/uploads\/2024\/01\/carlos-tavares-lancia-stratos-1024x683.jpg 1024w, https:\/\/www.italpassion.fr\/wp-content\/uploads\/2024\/01\/carlos-tavares-lancia-stratos-300x200.jpg 300w, https:\/\/www.italpassion.fr\/wp-content\/uploads\/2024\/01\/carlos-tavares-lancia-stratos-768x512.jpg 768w, https:\/\/www.italpassion.fr\/wp-content\/uploads\/2024\/01\/carlos-tavares-lancia-stratos-18x12.jpg 18w, https:\/\/www.italpassion.fr\/wp-content\/uploads\/2024\/01\/carlos-tavares-lancia-stratos-561x374.jpg 561w, https:\/\/www.italpassion.fr\/wp-content\/uploads\/2024\/01\/carlos-tavares-lancia-stratos-1122x748.jpg 1122w, https:\/\/www.italpassion.fr\/wp-content\/uploads\/2024\/01\/carlos-tavares-lancia-stratos-265x177.jpg 265w, https:\/\/www.italpassion.fr\/wp-content\/uploads\/2024\/01\/carlos-tavares-lancia-stratos-531x354.jpg 531w, https:\/\/www.italpassion.fr\/wp-content\/uploads\/2024\/01\/carlos-tavares-lancia-stratos-364x243.jpg 364w, https:\/\/www.italpassion.fr\/wp-content\/uploads\/2024\/01\/carlos-tavares-lancia-stratos-728x485.jpg 728w, https:\/\/www.italpassion.fr\/wp-content\/uploads\/2024\/01\/carlos-tavares-lancia-stratos-608x405.jpg 608w, https:\/\/www.italpassion.fr\/wp-content\/uploads\/2024\/01\/carlos-tavares-lancia-stratos-758x505.jpg 758w, https:\/\/www.italpassion.fr\/wp-content\/uploads\/2024\/01\/carlos-tavares-lancia-stratos-1152x768.jpg 1152w, https:\/\/www.italpassion.fr\/wp-content\/uploads\/2024\/01\/carlos-tavares-lancia-stratos-600x400.jpg 600w, https:\/\/www.italpassion.fr\/wp-content\/uploads\/2024\/01\/carlos-tavares-lancia-stratos.jpg 1200w\" sizes=\"auto, (max-width: 1024px) 100vw, 1024px\" \/><\/figure>","protected":false},"excerpt":{"rendered":"","protected":false},"author":1,"featured_media":33512,"comment_status":"open","ping_status":"open","sticky":false,"template":"","format":"standard","meta":{"_acf_changed":false,"_sitemap_exclude":false,"_sitemap_priority":"","_sitemap_frequency":"","footnotes":""},"categories":[26],"tags":[365],"class_list":["post-33511","post","type-post","status-publish","format-standard","has-post-thumbnail","hentry","category-lancia","tag-lancia-ypsilon","generate-columns","tablet-grid-50","mobile-grid-100","grid-parent","grid-33"],"acf":[],"yoast_head":"<!-- This site is optimized with the Yoast SEO plugin v25.8 - https:\/\/yoast.com\/wordpress\/plugins\/seo\/ -->\n<title>Lancia : son directeur confirme travailler \u00e0 un retour de la marque en Rallye - ItalPassion<\/title>\n<meta name=\"description\" content=\"Lancia pourrait refaire vibrer le c\u0153ur des passionn\u00e9s de rallye. L&#039;annonce r\u00e9cente par Luca Napolitano, le CEO de Lancia, \u00e0 l&#039;occasion de la sortie du\" \/>\n<meta name=\"robots\" content=\"index, follow, max-snippet:-1, max-image-preview:large, max-video-preview:-1\" \/>\n<link rel=\"canonical\" href=\"https:\/\/www.italpassion.fr\/nl\/lancia\/de-directeur-van-lancia-bevestigt-dat-hij-werkt-aan-een-comeback-van-het-merk-in-de-rallysport\/\" \/>\n<meta property=\"og:locale\" content=\"nl_NL\" \/>\n<meta property=\"og:type\" content=\"article\" \/>\n<meta property=\"og:title\" content=\"Lancia : son directeur confirme travailler \u00e0 un retour de la marque en Rallye - ItalPassion\" \/>\n<meta property=\"og:description\" content=\"Lancia pourrait refaire vibrer le c\u0153ur des passionn\u00e9s de rallye. L&#039;annonce r\u00e9cente par Luca Napolitano, le CEO de Lancia, \u00e0 l&#039;occasion de la sortie du\" \/>\n<meta property=\"og:url\" content=\"https:\/\/www.italpassion.fr\/nl\/lancia\/de-directeur-van-lancia-bevestigt-dat-hij-werkt-aan-een-comeback-van-het-merk-in-de-rallysport\/\" \/>\n<meta property=\"og:site_name\" content=\"ItalPassion\" \/>\n<meta property=\"article:publisher\" content=\"https:\/\/www.facebook.com\/italpassion\" \/>\n<meta property=\"article:published_time\" content=\"2024-03-13T20:19:24+00:00\" \/>\n<meta property=\"article:modified_time\" content=\"2024-03-13T20:19:26+00:00\" \/>\n<meta property=\"og:image\" content=\"https:\/\/www.italpassion.fr\/wp-content\/uploads\/2024\/03\/lancia-HF.jpg\" \/>\n\t<meta property=\"og:image:width\" content=\"1200\" \/>\n\t<meta property=\"og:image:height\" content=\"800\" \/>\n\t<meta property=\"og:image:type\" content=\"image\/jpeg\" \/>\n<meta name=\"author\" content=\"Alexandre Filluzeau\" \/>\n<meta name=\"twitter:card\" content=\"summary_large_image\" \/>\n<meta name=\"twitter:creator\" content=\"@italpassion\" \/>\n<meta name=\"twitter:site\" content=\"@italpassion\" \/>\n<script type=\"application\/ld+json\" class=\"yoast-schema-graph\">{\"@context\":\"https:\/\/schema.org\",\"@graph\":[{\"@type\":\"NewsArticle\",\"@id\":\"https:\/\/www.italpassion.fr\/nl\/lancia\/lancia-son-directeur-confirme-travailler-a-un-retour-de-la-marque-en-rallye\/#article\",\"isPartOf\":{\"@id\":\"https:\/\/www.italpassion.fr\/nl\/lancia\/lancia-son-directeur-confirme-travailler-a-un-retour-de-la-marque-en-rallye\/\"},\"author\":{\"name\":\"Alexandre Filluzeau\",\"@id\":\"https:\/\/www.italpassion.fr\/nl\/#\/schema\/person\/36f747b2a759ca202d847e85a9434ca0\"},\"headline\":\"Lancia : son directeur confirme travailler \u00e0 un retour de la marque en Rallye\",\"datePublished\":\"2024-03-13T20:19:24+00:00\",\"dateModified\":\"2024-03-13T20:19:26+00:00\",\"mainEntityOfPage\":{\"@id\":\"https:\/\/www.italpassion.fr\/nl\/lancia\/lancia-son-directeur-confirme-travailler-a-un-retour-de-la-marque-en-rallye\/\"},\"wordCount\":399,\"commentCount\":7,\"publisher\":{\"@id\":\"https:\/\/www.italpassion.fr\/nl\/#organization\"},\"image\":{\"@id\":\"https:\/\/www.italpassion.fr\/nl\/lancia\/lancia-son-directeur-confirme-travailler-a-un-retour-de-la-marque-en-rallye\/#primaryimage\"},\"thumbnailUrl\":\"https:\/\/www.italpassion.fr\/wp-content\/uploads\/2024\/03\/lancia-HF.jpg\",\"keywords\":[\"Lancia Ypsilon\"],\"articleSection\":[\"Lancia\"],\"inLanguage\":\"nl-NL\",\"potentialAction\":[{\"@type\":\"CommentAction\",\"name\":\"Comment\",\"target\":[\"https:\/\/www.italpassion.fr\/nl\/lancia\/lancia-son-directeur-confirme-travailler-a-un-retour-de-la-marque-en-rallye\/#respond\"]}]},{\"@type\":\"WebPage\",\"@id\":\"https:\/\/www.italpassion.fr\/nl\/lancia\/lancia-son-directeur-confirme-travailler-a-un-retour-de-la-marque-en-rallye\/\",\"url\":\"https:\/\/www.italpassion.fr\/nl\/lancia\/lancia-son-directeur-confirme-travailler-a-un-retour-de-la-marque-en-rallye\/\",\"name\":\"Lancia : son directeur confirme travailler \u00e0 un retour de la marque en Rallye - ItalPassion\",\"isPartOf\":{\"@id\":\"https:\/\/www.italpassion.fr\/nl\/#website\"},\"primaryImageOfPage\":{\"@id\":\"https:\/\/www.italpassion.fr\/nl\/lancia\/lancia-son-directeur-confirme-travailler-a-un-retour-de-la-marque-en-rallye\/#primaryimage\"},\"image\":{\"@id\":\"https:\/\/www.italpassion.fr\/nl\/lancia\/lancia-son-directeur-confirme-travailler-a-un-retour-de-la-marque-en-rallye\/#primaryimage\"},\"thumbnailUrl\":\"https:\/\/www.italpassion.fr\/wp-content\/uploads\/2024\/03\/lancia-HF.jpg\",\"datePublished\":\"2024-03-13T20:19:24+00:00\",\"dateModified\":\"2024-03-13T20:19:26+00:00\",\"description\":\"Lancia pourrait refaire vibrer le c\u0153ur des passionn\u00e9s de rallye. L'annonce r\u00e9cente par Luca Napolitano, le CEO de Lancia, \u00e0 l'occasion de la sortie du\",\"breadcrumb\":{\"@id\":\"https:\/\/www.italpassion.fr\/nl\/lancia\/lancia-son-directeur-confirme-travailler-a-un-retour-de-la-marque-en-rallye\/#breadcrumb\"},\"inLanguage\":\"nl-NL\",\"potentialAction\":[{\"@type\":\"ReadAction\",\"target\":[\"https:\/\/www.italpassion.fr\/nl\/lancia\/lancia-son-directeur-confirme-travailler-a-un-retour-de-la-marque-en-rallye\/\"]}]},{\"@type\":\"ImageObject\",\"inLanguage\":\"nl-NL\",\"@id\":\"https:\/\/www.italpassion.fr\/nl\/lancia\/lancia-son-directeur-confirme-travailler-a-un-retour-de-la-marque-en-rallye\/#primaryimage\",\"url\":\"https:\/\/www.italpassion.fr\/wp-content\/uploads\/2024\/03\/lancia-HF.jpg\",\"contentUrl\":\"https:\/\/www.italpassion.fr\/wp-content\/uploads\/2024\/03\/lancia-HF.jpg\",\"width\":1200,\"height\":800,\"caption\":\"lancia-HF\"},{\"@type\":\"BreadcrumbList\",\"@id\":\"https:\/\/www.italpassion.fr\/nl\/lancia\/lancia-son-directeur-confirme-travailler-a-un-retour-de-la-marque-en-rallye\/#breadcrumb\",\"itemListElement\":[{\"@type\":\"ListItem\",\"position\":1,\"name\":\"Accueil\",\"item\":\"https:\/\/www.italpassion.fr\/nl\/\"},{\"@type\":\"ListItem\",\"position\":2,\"name\":\"Lancia : son directeur confirme travailler \u00e0 un retour de la marque en Rallye\"}]},{\"@type\":\"WebSite\",\"@id\":\"https:\/\/www.italpassion.fr\/nl\/#website\",\"url\":\"https:\/\/www.italpassion.fr\/nl\/\",\"name\":\"ItalPassion\",\"description\":\"Les Passionn\u00e9s d&#039;Automobiles Italiennes\",\"publisher\":{\"@id\":\"https:\/\/www.italpassion.fr\/nl\/#organization\"},\"potentialAction\":[{\"@type\":\"SearchAction\",\"target\":{\"@type\":\"EntryPoint\",\"urlTemplate\":\"https:\/\/www.italpassion.fr\/nl\/?s={search_term_string}\"},\"query-input\":{\"@type\":\"PropertyValueSpecification\",\"valueRequired\":true,\"valueName\":\"search_term_string\"}}],\"inLanguage\":\"nl-NL\"},{\"@type\":\"Organization\",\"@id\":\"https:\/\/www.italpassion.fr\/nl\/#organization\",\"name\":\"Italpassion\",\"url\":\"https:\/\/www.italpassion.fr\/nl\/\",\"logo\":{\"@type\":\"ImageObject\",\"inLanguage\":\"nl-NL\",\"@id\":\"https:\/\/www.italpassion.fr\/nl\/#\/schema\/logo\/image\/\",\"url\":\"https:\/\/www.italpassion.fr\/wp-content\/uploads\/2023\/07\/italpassion-yoast.jpg\",\"contentUrl\":\"https:\/\/www.italpassion.fr\/wp-content\/uploads\/2023\/07\/italpassion-yoast.jpg\",\"width\":696,\"height\":696,\"caption\":\"Italpassion\"},\"image\":{\"@id\":\"https:\/\/www.italpassion.fr\/nl\/#\/schema\/logo\/image\/\"},\"sameAs\":[\"https:\/\/www.facebook.com\/italpassion\",\"https:\/\/x.com\/italpassion\",\"https:\/\/www.instagram.com\/italpassionfr\/\",\"https:\/\/www.youtube.com\/channel\/UCleq-ByQaA42OjhopwevRjQ\",\"https:\/\/www.facebook.com\/italpassion.en\/\",\"https:\/\/www.facebook.com\/italpassion.it\/\",\"https:\/\/www.facebook.com\/italpassion.de\/\",\"https:\/\/www.facebook.com\/italpassion.ja\/\"]},{\"@type\":\"Person\",\"@id\":\"https:\/\/www.italpassion.fr\/nl\/#\/schema\/person\/36f747b2a759ca202d847e85a9434ca0\",\"name\":\"Alexandre Filluzeau\",\"image\":{\"@type\":\"ImageObject\",\"inLanguage\":\"nl-NL\",\"@id\":\"https:\/\/www.italpassion.fr\/nl\/#\/schema\/person\/image\/\",\"url\":\"https:\/\/www.italpassion.fr\/wp-content\/uploads\/2025\/04\/avatar-alexandre-160x160.jpg\",\"contentUrl\":\"https:\/\/www.italpassion.fr\/wp-content\/uploads\/2025\/04\/avatar-alexandre-160x160.jpg\",\"caption\":\"Alexandre Filluzeau\"},\"description\":\"Fondateur du site ItalPassion, passionn\u00e9 de voitures italiennes et de l'Italie en g\u00e9n\u00e9ral. J'apporte un regard critique et technique aux actualit\u00e9s des marques italiennes quand cela est possible. Propri\u00e9taire d'une Maserati GranTurismo, Alfa Romeo MiTo, Lancia Fulvia et Ducati 695. Ex-propri\u00e9taire d'une Alfa Romeo Giulia.\",\"sameAs\":[\"https:\/\/www.italpassion.fr\/\"],\"url\":\"https:\/\/www.italpassion.fr\/nl\/author\/alexandre\/\"}]}<\/script>\n<!-- \/ Yoast SEO plugin. -->","yoast_head_json":{"title":"Lancia: CEO bevestigt plannen voor terugkeer van het merk in de rallysport - ItalPassion","description":"Lancia kan de harten van rallyliefhebbers sneller laten kloppen. De recente aankondiging van Luca Napolitano, CEO van Lancia, ter gelegenheid van de lancering van de","robots":{"index":"index","follow":"follow","max-snippet":"max-snippet:-1","max-image-preview":"max-image-preview:large","max-video-preview":"max-video-preview:-1"},"canonical":"https:\/\/www.italpassion.fr\/nl\/lancia\/de-directeur-van-lancia-bevestigt-dat-hij-werkt-aan-een-comeback-van-het-merk-in-de-rallysport\/","og_locale":"nl_NL","og_type":"article","og_title":"Lancia : son directeur confirme travailler \u00e0 un retour de la marque en Rallye - ItalPassion","og_description":"Lancia pourrait refaire vibrer le c\u0153ur des passionn\u00e9s de rallye. L'annonce r\u00e9cente par Luca Napolitano, le CEO de Lancia, \u00e0 l'occasion de la sortie du","og_url":"https:\/\/www.italpassion.fr\/nl\/lancia\/de-directeur-van-lancia-bevestigt-dat-hij-werkt-aan-een-comeback-van-het-merk-in-de-rallysport\/","og_site_name":"ItalPassion","article_publisher":"https:\/\/www.facebook.com\/italpassion","article_published_time":"2024-03-13T20:19:24+00:00","article_modified_time":"2024-03-13T20:19:26+00:00","og_image":[{"width":1200,"height":800,"url":"https:\/\/www.italpassion.fr\/wp-content\/uploads\/2024\/03\/lancia-HF.jpg","type":"image\/jpeg"}],"author":"Alexandre Filluzeau","twitter_card":"summary_large_image","twitter_creator":"@italpassion","twitter_site":"@italpassion","schema":{"@context":"https:\/\/schema.org","@graph":[{"@type":"NewsArticle","@id":"https:\/\/www.italpassion.fr\/nl\/lancia\/lancia-son-directeur-confirme-travailler-a-un-retour-de-la-marque-en-rallye\/#article","isPartOf":{"@id":"https:\/\/www.italpassion.fr\/nl\/lancia\/lancia-son-directeur-confirme-travailler-a-un-retour-de-la-marque-en-rallye\/"},"author":{"name":"Alexandre Filluzeau","@id":"https:\/\/www.italpassion.fr\/nl\/#\/schema\/person\/36f747b2a759ca202d847e85a9434ca0"},"headline":"Lancia : son directeur confirme travailler \u00e0 un retour de la marque en Rallye","datePublished":"2024-03-13T20:19:24+00:00","dateModified":"2024-03-13T20:19:26+00:00","mainEntityOfPage":{"@id":"https:\/\/www.italpassion.fr\/nl\/lancia\/lancia-son-directeur-confirme-travailler-a-un-retour-de-la-marque-en-rallye\/"},"wordCount":399,"commentCount":7,"publisher":{"@id":"https:\/\/www.italpassion.fr\/nl\/#organization"},"image":{"@id":"https:\/\/www.italpassion.fr\/nl\/lancia\/lancia-son-directeur-confirme-travailler-a-un-retour-de-la-marque-en-rallye\/#primaryimage"},"thumbnailUrl":"https:\/\/www.italpassion.fr\/wp-content\/uploads\/2024\/03\/lancia-HF.jpg","keywords":["Lancia Ypsilon"],"articleSection":["Lancia"],"inLanguage":"nl-NL","potentialAction":[{"@type":"CommentAction","name":"Comment","target":["https:\/\/www.italpassion.fr\/nl\/lancia\/lancia-son-directeur-confirme-travailler-a-un-retour-de-la-marque-en-rallye\/#respond"]}]},{"@type":"WebPage","@id":"https:\/\/www.italpassion.fr\/nl\/lancia\/lancia-son-directeur-confirme-travailler-a-un-retour-de-la-marque-en-rallye\/","url":"https:\/\/www.italpassion.fr\/nl\/lancia\/lancia-son-directeur-confirme-travailler-a-un-retour-de-la-marque-en-rallye\/","name":"Lancia: CEO bevestigt plannen voor terugkeer van het merk in de rallysport - ItalPassion","isPartOf":{"@id":"https:\/\/www.italpassion.fr\/nl\/#website"},"primaryImageOfPage":{"@id":"https:\/\/www.italpassion.fr\/nl\/lancia\/lancia-son-directeur-confirme-travailler-a-un-retour-de-la-marque-en-rallye\/#primaryimage"},"image":{"@id":"https:\/\/www.italpassion.fr\/nl\/lancia\/lancia-son-directeur-confirme-travailler-a-un-retour-de-la-marque-en-rallye\/#primaryimage"},"thumbnailUrl":"https:\/\/www.italpassion.fr\/wp-content\/uploads\/2024\/03\/lancia-HF.jpg","datePublished":"2024-03-13T20:19:24+00:00","dateModified":"2024-03-13T20:19:26+00:00","description":"Lancia kan de harten van rallyliefhebbers sneller laten kloppen. De recente aankondiging van Luca Napolitano, CEO van Lancia, ter gelegenheid van de lancering van de","breadcrumb":{"@id":"https:\/\/www.italpassion.fr\/nl\/lancia\/lancia-son-directeur-confirme-travailler-a-un-retour-de-la-marque-en-rallye\/#breadcrumb"},"inLanguage":"nl-NL","potentialAction":[{"@type":"ReadAction","target":["https:\/\/www.italpassion.fr\/nl\/lancia\/lancia-son-directeur-confirme-travailler-a-un-retour-de-la-marque-en-rallye\/"]}]},{"@type":"ImageObject","inLanguage":"nl-NL","@id":"https:\/\/www.italpassion.fr\/nl\/lancia\/lancia-son-directeur-confirme-travailler-a-un-retour-de-la-marque-en-rallye\/#primaryimage","url":"https:\/\/www.italpassion.fr\/wp-content\/uploads\/2024\/03\/lancia-HF.jpg","contentUrl":"https:\/\/www.italpassion.fr\/wp-content\/uploads\/2024\/03\/lancia-HF.jpg","width":1200,"height":800,"caption":"lancia-HF"},{"@type":"BreadcrumbList","@id":"https:\/\/www.italpassion.fr\/nl\/lancia\/lancia-son-directeur-confirme-travailler-a-un-retour-de-la-marque-en-rallye\/#breadcrumb","itemListElement":[{"@type":"ListItem","position":1,"name":"Accueil","item":"https:\/\/www.italpassion.fr\/nl\/"},{"@type":"ListItem","position":2,"name":"Lancia : son directeur confirme travailler \u00e0 un retour de la marque en Rallye"}]},{"@type":"WebSite","@id":"https:\/\/www.italpassion.fr\/nl\/#website","url":"https:\/\/www.italpassion.fr\/nl\/","name":"ItalPassion","description":"Italiaanse autoliefhebbers","publisher":{"@id":"https:\/\/www.italpassion.fr\/nl\/#organization"},"potentialAction":[{"@type":"SearchAction","target":{"@type":"EntryPoint","urlTemplate":"https:\/\/www.italpassion.fr\/nl\/?s={search_term_string}"},"query-input":{"@type":"PropertyValueSpecification","valueRequired":true,"valueName":"search_term_string"}}],"inLanguage":"nl-NL"},{"@type":"Organization","@id":"https:\/\/www.italpassion.fr\/nl\/#organization","name":"Italpassion","url":"https:\/\/www.italpassion.fr\/nl\/","logo":{"@type":"ImageObject","inLanguage":"nl-NL","@id":"https:\/\/www.italpassion.fr\/nl\/#\/schema\/logo\/image\/","url":"https:\/\/www.italpassion.fr\/wp-content\/uploads\/2023\/07\/italpassion-yoast.jpg","contentUrl":"https:\/\/www.italpassion.fr\/wp-content\/uploads\/2023\/07\/italpassion-yoast.jpg","width":696,"height":696,"caption":"Italpassion"},"image":{"@id":"https:\/\/www.italpassion.fr\/nl\/#\/schema\/logo\/image\/"},"sameAs":["https:\/\/www.facebook.com\/italpassion","https:\/\/x.com\/italpassion","https:\/\/www.instagram.com\/italpassionfr\/","https:\/\/www.youtube.com\/channel\/UCleq-ByQaA42OjhopwevRjQ","https:\/\/www.facebook.com\/italpassion.en\/","https:\/\/www.facebook.com\/italpassion.it\/","https:\/\/www.facebook.com\/italpassion.de\/","https:\/\/www.facebook.com\/italpassion.ja\/"]},{"@type":"Person","@id":"https:\/\/www.italpassion.fr\/nl\/#\/schema\/person\/36f747b2a759ca202d847e85a9434ca0","name":"Alexandre Filluzeau","image":{"@type":"ImageObject","inLanguage":"nl-NL","@id":"https:\/\/www.italpassion.fr\/nl\/#\/schema\/person\/image\/","url":"https:\/\/www.italpassion.fr\/wp-content\/uploads\/2025\/04\/avatar-alexandre-160x160.jpg","contentUrl":"https:\/\/www.italpassion.fr\/wp-content\/uploads\/2025\/04\/avatar-alexandre-160x160.jpg","caption":"Alexandre Filluzeau"},"description":"Oprichter van de website ItalPassion, gepassioneerd door Italiaanse auto's en Itali\u00eb in het algemeen. Waar mogelijk breng ik een kritisch en technisch oog naar nieuws over Italiaanse merken. Eigenaar van een Maserati GranTurismo, Alfa Romeo MiTo, Lancia Fulvia en Ducati 695. Ex-eigenaar van een Alfa Romeo Giulia.","sameAs":["https:\/\/www.italpassion.fr\/"],"url":"https:\/\/www.italpassion.fr\/nl\/author\/alexandre\/"}]}},"_links":{"self":[{"href":"https:\/\/www.italpassion.fr\/nl\/wp-json\/wp\/v2\/posts\/33511","targetHints":{"allow":["GET"]}}],"collection":[{"href":"https:\/\/www.italpassion.fr\/nl\/wp-json\/wp\/v2\/posts"}],"about":[{"href":"https:\/\/www.italpassion.fr\/nl\/wp-json\/wp\/v2\/types\/post"}],"author":[{"embeddable":true,"href":"https:\/\/www.italpassion.fr\/nl\/wp-json\/wp\/v2\/users\/1"}],"replies":[{"embeddable":true,"href":"https:\/\/www.italpassion.fr\/nl\/wp-json\/wp\/v2\/comments?post=33511"}],"version-history":[{"count":2,"href":"https:\/\/www.italpassion.fr\/nl\/wp-json\/wp\/v2\/posts\/33511\/revisions"}],"predecessor-version":[{"id":33514,"href":"https:\/\/www.italpassion.fr\/nl\/wp-json\/wp\/v2\/posts\/33511\/revisions\/33514"}],"wp:featuredmedia":[{"embeddable":true,"href":"https:\/\/www.italpassion.fr\/nl\/wp-json\/wp\/v2\/media\/33512"}],"wp:attachment":[{"href":"https:\/\/www.italpassion.fr\/nl\/wp-json\/wp\/v2\/media?parent=33511"}],"wp:term":[{"taxonomy":"category","embeddable":true,"href":"https:\/\/www.italpassion.fr\/nl\/wp-json\/wp\/v2\/categories?post=33511"},{"taxonomy":"post_tag","embeddable":true,"href":"https:\/\/www.italpassion.fr\/nl\/wp-json\/wp\/v2\/tags?post=33511"}],"curies":[{"name":"wp","href":"https:\/\/api.w.org\/{rel}","templated":true}]}}