{"id":33396,"date":"2024-02-24T14:14:00","date_gmt":"2024-02-24T13:14:00","guid":{"rendered":"https:\/\/www.italpassion.fr\/?p=33396"},"modified":"2024-02-24T14:14:04","modified_gmt":"2024-02-24T13:14:04","slug":"ferrari-kondigt-zijn-ambities-voor-het-wec-2024-kampioenschap-aan","status":"publish","type":"post","link":"https:\/\/www.italpassion.fr\/nl\/competition\/ferrari-annonce-ses-ambitions-pour-le-championnat-wec-2024\/","title":{"rendered":"Ferrari maakt zijn ambities voor het WEC-kampioenschap van 2024 bekend"},"content":{"rendered":"<figure class=\"wp-block-image size-large\"><img loading=\"lazy\" decoding=\"async\" width=\"1024\" height=\"683\" src=\"https:\/\/www.italpassion.fr\/wp-content\/uploads\/2024\/02\/ferrari-499p-equipage-1024x683.jpg\" alt=\"\" class=\"wp-image-33397\" srcset=\"https:\/\/www.italpassion.fr\/wp-content\/uploads\/2024\/02\/ferrari-499p-equipage-1024x683.jpg 1024w, https:\/\/www.italpassion.fr\/wp-content\/uploads\/2024\/02\/ferrari-499p-equipage-300x200.jpg 300w, https:\/\/www.italpassion.fr\/wp-content\/uploads\/2024\/02\/ferrari-499p-equipage-768x512.jpg 768w, https:\/\/www.italpassion.fr\/wp-content\/uploads\/2024\/02\/ferrari-499p-equipage-18x12.jpg 18w, https:\/\/www.italpassion.fr\/wp-content\/uploads\/2024\/02\/ferrari-499p-equipage-561x374.jpg 561w, https:\/\/www.italpassion.fr\/wp-content\/uploads\/2024\/02\/ferrari-499p-equipage-1122x748.jpg 1122w, https:\/\/www.italpassion.fr\/wp-content\/uploads\/2024\/02\/ferrari-499p-equipage-265x177.jpg 265w, https:\/\/www.italpassion.fr\/wp-content\/uploads\/2024\/02\/ferrari-499p-equipage-531x354.jpg 531w, https:\/\/www.italpassion.fr\/wp-content\/uploads\/2024\/02\/ferrari-499p-equipage-364x243.jpg 364w, https:\/\/www.italpassion.fr\/wp-content\/uploads\/2024\/02\/ferrari-499p-equipage-728x485.jpg 728w, https:\/\/www.italpassion.fr\/wp-content\/uploads\/2024\/02\/ferrari-499p-equipage-608x405.jpg 608w, https:\/\/www.italpassion.fr\/wp-content\/uploads\/2024\/02\/ferrari-499p-equipage-758x505.jpg 758w, https:\/\/www.italpassion.fr\/wp-content\/uploads\/2024\/02\/ferrari-499p-equipage-1152x768.jpg 1152w, https:\/\/www.italpassion.fr\/wp-content\/uploads\/2024\/02\/ferrari-499p-equipage-600x400.jpg 600w, https:\/\/www.italpassion.fr\/wp-content\/uploads\/2024\/02\/ferrari-499p-equipage.jpg 1200w\" sizes=\"auto, (max-width: 1024px) 100vw, 1024px\" \/><\/figure>\n\n\n\n<p>Nu het endurance-seizoen zich opmaakt om uitzonderlijk te worden, maakt het Ferrari - AF Corse-team zich op voor het grote evenement. <a href=\"https:\/\/www.italpassion.fr\/nl\/wedstrijd\/wec\/\">Wereldkampioenschap Endurance<\/a> van het FIA-kampioenschap 2024 na een succesvol seizoen 2023. De aftrap staat gepland op het Lusail International Circuit in Qatar, waar een ronde van het <strong>Wereldkampioenschap Endurance,<\/strong> alle ogen zijn gericht op de prestaties van de Ferrari 499P tijdens de 1812 km<strong> Qatar op zaterdag 2 maart.<\/strong><\/p>\n\n\n\n<p>Voortbouwend op de ervaring van vorig seizoen zal het team Hypercars inzetten die bestuurd worden door bemanningen die al een goede naam hebben: Antonio Fuoco, Miguel Molina en Nicklas Nielsen in auto nummer 50, terwijl de winnaars van de 24 Uur van het Eeuwfeest van Le Mans, Alessandro Pier Guidi, James Calado en Antonio Giovinazzi, achter het stuur van auto nummer 51 kruipen.<\/p>\n\n\n\n<p>Sinds 2023 zijn er geen ontwikkelmunten meer gebruikt, <strong>Ferrari heeft hoge ambities voor het nieuwe seizoen. <\/strong>De focus van de winter op testen en simulatie heeft het inzicht in en de prestaties van het technische pakket van vorig jaar verbeterd, wat het potentieel van het team voor 2024 onderstreept.<\/p>\n\n\n\n<p>Antonio Fuoco, bestuurder van de Ferrari 499P met nummer 50, kijkt terug op een succesvol seizoen 2023 en <strong>is enthousiast over de toekomst<\/strong> over de start van het nieuwe kampioenschap: \"We gaan voor de kampioenstitel en zijn vastbesloten om voor de overwinning te strijden in de beroemdste 24 uur ter wereld.<\/p>\n\n\n\n<p>Miguel Molina deelt dit <strong>ambitie<\/strong>onderstreept de rigoureuze wintervoorbereidingen van het team voor <strong>de al uitstekende resultaten overtreffen <\/strong>voor het seizoen 2023. Nicklas Nielsen praat ondertussen over de uitdaging die de komst van nieuwe fabrikanten in de Hypercar-categorie met zich meebrengt, terwijl hij bevestigt dat het team gemotiveerd is om vooruitgang te boeken.<\/p>\n\n\n\n<p>Alessandro Pier Guidi benadrukt de toevoeging van een extra race aan de kalender en biedt <strong>meer mogelijkheden<\/strong> om de ups en downs van de competitie te overwinnen. James Calado heeft de ambitie om met hard werken en een nauwgezette voorbereiding te strijden voor de wereldtitel na zijn overwinning in Le Mans in 2023.<\/p>\n\n\n\n<p>Antonio Giovinazzi herinnert ons eraan hoe belangrijk het is om ons op de toekomst te richten met<strong> ambitieuze doelstellingen voor 2024<\/strong>gericht op een nieuwe<strong> overwinning op Le Mans en de wereldtitel, <\/strong>wat een buitengewone prestatie zou zijn voor Ferrari.<\/p>\n\n\n\n<p>Antonello Coletta en Ferdinando Cannizzo benadrukten de vastberadenheid van het team om de successen van vorig jaar te herhalen, maar erkenden ook de grotere uitdagingen van het seizoen 2024, dat gekenmerkt zal worden door meer concurrentie.<\/p>\n\n\n\n<p>Ferrari gaat dus het WEC-kampioenschap van 2024 in met een <strong>een mix van nederigheid en vertrouwen,<\/strong> Gesterkt door de opgedane ervaring en de vastberadenheid om bij elke race te winnen. De ambities zijn duidelijk: <strong>het kampioenschap domineren<\/strong> en opnieuw naam maken in de mondiale endurancewereld.<\/p>","protected":false},"excerpt":{"rendered":"","protected":false},"author":1,"featured_media":33397,"comment_status":"open","ping_status":"open","sticky":false,"template":"","format":"standard","meta":{"_acf_changed":false,"_sitemap_exclude":false,"_sitemap_priority":"","_sitemap_frequency":"","footnotes":""},"categories":[323,327],"tags":[],"class_list":["post-33396","post","type-post","status-publish","format-standard","has-post-thumbnail","hentry","category-competition","category-wec","generate-columns","tablet-grid-50","mobile-grid-100","grid-parent","grid-33"],"acf":[],"yoast_head":"<!-- This site is optimized with the Yoast SEO plugin v25.8 - https:\/\/yoast.com\/wordpress\/plugins\/seo\/ -->\n<title>Ferrari annonce ses ambitions pour le championnat WEC 2024 - ItalPassion<\/title>\n<meta name=\"description\" content=\"Avec une saison d&#039;endurance qui s&#039;annonce exceptionnelle, l&#039;\u00e9quipe Ferrari \u2013 AF Corse se pr\u00e9pare au Championnat du Monde d&#039;Endurance de la FIA 2024 apr\u00e8s\" \/>\n<meta name=\"robots\" content=\"index, follow, max-snippet:-1, max-image-preview:large, max-video-preview:-1\" \/>\n<link rel=\"canonical\" href=\"https:\/\/www.italpassion.fr\/nl\/wedstrijd\/ferrari-kondigt-zijn-ambities-voor-het-wec-2024-kampioenschap-aan\/\" \/>\n<meta property=\"og:locale\" content=\"nl_NL\" \/>\n<meta property=\"og:type\" content=\"article\" \/>\n<meta property=\"og:title\" content=\"Ferrari annonce ses ambitions pour le championnat WEC 2024 - ItalPassion\" \/>\n<meta property=\"og:description\" content=\"Avec une saison d&#039;endurance qui s&#039;annonce exceptionnelle, l&#039;\u00e9quipe Ferrari \u2013 AF Corse se pr\u00e9pare au Championnat du Monde d&#039;Endurance de la FIA 2024 apr\u00e8s\" \/>\n<meta property=\"og:url\" content=\"https:\/\/www.italpassion.fr\/nl\/wedstrijd\/ferrari-kondigt-zijn-ambities-voor-het-wec-2024-kampioenschap-aan\/\" \/>\n<meta property=\"og:site_name\" content=\"ItalPassion\" \/>\n<meta property=\"article:publisher\" content=\"https:\/\/www.facebook.com\/italpassion\" \/>\n<meta property=\"article:published_time\" content=\"2024-02-24T13:14:00+00:00\" \/>\n<meta property=\"article:modified_time\" content=\"2024-02-24T13:14:04+00:00\" \/>\n<meta property=\"og:image\" content=\"https:\/\/www.italpassion.fr\/wp-content\/uploads\/2024\/02\/ferrari-499p-equipage.jpg\" \/>\n\t<meta property=\"og:image:width\" content=\"1200\" \/>\n\t<meta property=\"og:image:height\" content=\"800\" \/>\n\t<meta property=\"og:image:type\" content=\"image\/jpeg\" \/>\n<meta name=\"author\" content=\"Alexandre Filluzeau\" \/>\n<meta name=\"twitter:card\" content=\"summary_large_image\" \/>\n<meta name=\"twitter:creator\" content=\"@italpassion\" \/>\n<meta name=\"twitter:site\" content=\"@italpassion\" \/>\n<script type=\"application\/ld+json\" class=\"yoast-schema-graph\">{\"@context\":\"https:\/\/schema.org\",\"@graph\":[{\"@type\":\"NewsArticle\",\"@id\":\"https:\/\/www.italpassion.fr\/nl\/competition\/ferrari-annonce-ses-ambitions-pour-le-championnat-wec-2024\/#article\",\"isPartOf\":{\"@id\":\"https:\/\/www.italpassion.fr\/nl\/competition\/ferrari-annonce-ses-ambitions-pour-le-championnat-wec-2024\/\"},\"author\":{\"name\":\"Alexandre Filluzeau\",\"@id\":\"https:\/\/www.italpassion.fr\/nl\/#\/schema\/person\/36f747b2a759ca202d847e85a9434ca0\"},\"headline\":\"Ferrari annonce ses ambitions pour le championnat WEC 2024\",\"datePublished\":\"2024-02-24T13:14:00+00:00\",\"dateModified\":\"2024-02-24T13:14:04+00:00\",\"mainEntityOfPage\":{\"@id\":\"https:\/\/www.italpassion.fr\/nl\/competition\/ferrari-annonce-ses-ambitions-pour-le-championnat-wec-2024\/\"},\"wordCount\":498,\"commentCount\":1,\"publisher\":{\"@id\":\"https:\/\/www.italpassion.fr\/nl\/#organization\"},\"image\":{\"@id\":\"https:\/\/www.italpassion.fr\/nl\/competition\/ferrari-annonce-ses-ambitions-pour-le-championnat-wec-2024\/#primaryimage\"},\"thumbnailUrl\":\"https:\/\/www.italpassion.fr\/wp-content\/uploads\/2024\/02\/ferrari-499p-equipage.jpg\",\"articleSection\":[\"Sport Auto\",\"WEC\"],\"inLanguage\":\"nl-NL\",\"potentialAction\":[{\"@type\":\"CommentAction\",\"name\":\"Comment\",\"target\":[\"https:\/\/www.italpassion.fr\/nl\/competition\/ferrari-annonce-ses-ambitions-pour-le-championnat-wec-2024\/#respond\"]}]},{\"@type\":\"WebPage\",\"@id\":\"https:\/\/www.italpassion.fr\/nl\/competition\/ferrari-annonce-ses-ambitions-pour-le-championnat-wec-2024\/\",\"url\":\"https:\/\/www.italpassion.fr\/nl\/competition\/ferrari-annonce-ses-ambitions-pour-le-championnat-wec-2024\/\",\"name\":\"Ferrari annonce ses ambitions pour le championnat WEC 2024 - ItalPassion\",\"isPartOf\":{\"@id\":\"https:\/\/www.italpassion.fr\/nl\/#website\"},\"primaryImageOfPage\":{\"@id\":\"https:\/\/www.italpassion.fr\/nl\/competition\/ferrari-annonce-ses-ambitions-pour-le-championnat-wec-2024\/#primaryimage\"},\"image\":{\"@id\":\"https:\/\/www.italpassion.fr\/nl\/competition\/ferrari-annonce-ses-ambitions-pour-le-championnat-wec-2024\/#primaryimage\"},\"thumbnailUrl\":\"https:\/\/www.italpassion.fr\/wp-content\/uploads\/2024\/02\/ferrari-499p-equipage.jpg\",\"datePublished\":\"2024-02-24T13:14:00+00:00\",\"dateModified\":\"2024-02-24T13:14:04+00:00\",\"description\":\"Avec une saison d'endurance qui s'annonce exceptionnelle, l'\u00e9quipe Ferrari \u2013 AF Corse se pr\u00e9pare au Championnat du Monde d'Endurance de la FIA 2024 apr\u00e8s\",\"breadcrumb\":{\"@id\":\"https:\/\/www.italpassion.fr\/nl\/competition\/ferrari-annonce-ses-ambitions-pour-le-championnat-wec-2024\/#breadcrumb\"},\"inLanguage\":\"nl-NL\",\"potentialAction\":[{\"@type\":\"ReadAction\",\"target\":[\"https:\/\/www.italpassion.fr\/nl\/competition\/ferrari-annonce-ses-ambitions-pour-le-championnat-wec-2024\/\"]}]},{\"@type\":\"ImageObject\",\"inLanguage\":\"nl-NL\",\"@id\":\"https:\/\/www.italpassion.fr\/nl\/competition\/ferrari-annonce-ses-ambitions-pour-le-championnat-wec-2024\/#primaryimage\",\"url\":\"https:\/\/www.italpassion.fr\/wp-content\/uploads\/2024\/02\/ferrari-499p-equipage.jpg\",\"contentUrl\":\"https:\/\/www.italpassion.fr\/wp-content\/uploads\/2024\/02\/ferrari-499p-equipage.jpg\",\"width\":1200,\"height\":800,\"caption\":\"ferrari-499p-equipage\"},{\"@type\":\"BreadcrumbList\",\"@id\":\"https:\/\/www.italpassion.fr\/nl\/competition\/ferrari-annonce-ses-ambitions-pour-le-championnat-wec-2024\/#breadcrumb\",\"itemListElement\":[{\"@type\":\"ListItem\",\"position\":1,\"name\":\"Accueil\",\"item\":\"https:\/\/www.italpassion.fr\/nl\/\"},{\"@type\":\"ListItem\",\"position\":2,\"name\":\"Ferrari annonce ses ambitions pour le championnat WEC 2024\"}]},{\"@type\":\"WebSite\",\"@id\":\"https:\/\/www.italpassion.fr\/nl\/#website\",\"url\":\"https:\/\/www.italpassion.fr\/nl\/\",\"name\":\"ItalPassion\",\"description\":\"Les Passionn\u00e9s d&#039;Automobiles Italiennes\",\"publisher\":{\"@id\":\"https:\/\/www.italpassion.fr\/nl\/#organization\"},\"potentialAction\":[{\"@type\":\"SearchAction\",\"target\":{\"@type\":\"EntryPoint\",\"urlTemplate\":\"https:\/\/www.italpassion.fr\/nl\/?s={search_term_string}\"},\"query-input\":{\"@type\":\"PropertyValueSpecification\",\"valueRequired\":true,\"valueName\":\"search_term_string\"}}],\"inLanguage\":\"nl-NL\"},{\"@type\":\"Organization\",\"@id\":\"https:\/\/www.italpassion.fr\/nl\/#organization\",\"name\":\"Italpassion\",\"url\":\"https:\/\/www.italpassion.fr\/nl\/\",\"logo\":{\"@type\":\"ImageObject\",\"inLanguage\":\"nl-NL\",\"@id\":\"https:\/\/www.italpassion.fr\/nl\/#\/schema\/logo\/image\/\",\"url\":\"https:\/\/www.italpassion.fr\/wp-content\/uploads\/2023\/07\/italpassion-yoast.jpg\",\"contentUrl\":\"https:\/\/www.italpassion.fr\/wp-content\/uploads\/2023\/07\/italpassion-yoast.jpg\",\"width\":696,\"height\":696,\"caption\":\"Italpassion\"},\"image\":{\"@id\":\"https:\/\/www.italpassion.fr\/nl\/#\/schema\/logo\/image\/\"},\"sameAs\":[\"https:\/\/www.facebook.com\/italpassion\",\"https:\/\/x.com\/italpassion\",\"https:\/\/www.instagram.com\/italpassionfr\/\",\"https:\/\/www.youtube.com\/channel\/UCleq-ByQaA42OjhopwevRjQ\",\"https:\/\/www.facebook.com\/italpassion.en\/\",\"https:\/\/www.facebook.com\/italpassion.it\/\",\"https:\/\/www.facebook.com\/italpassion.de\/\",\"https:\/\/www.facebook.com\/italpassion.ja\/\"]},{\"@type\":\"Person\",\"@id\":\"https:\/\/www.italpassion.fr\/nl\/#\/schema\/person\/36f747b2a759ca202d847e85a9434ca0\",\"name\":\"Alexandre Filluzeau\",\"image\":{\"@type\":\"ImageObject\",\"inLanguage\":\"nl-NL\",\"@id\":\"https:\/\/www.italpassion.fr\/nl\/#\/schema\/person\/image\/\",\"url\":\"https:\/\/www.italpassion.fr\/wp-content\/uploads\/2025\/04\/avatar-alexandre-160x160.jpg\",\"contentUrl\":\"https:\/\/www.italpassion.fr\/wp-content\/uploads\/2025\/04\/avatar-alexandre-160x160.jpg\",\"caption\":\"Alexandre Filluzeau\"},\"description\":\"Fondateur du site ItalPassion, passionn\u00e9 de voitures italiennes et de l'Italie en g\u00e9n\u00e9ral. J'apporte un regard critique et technique aux actualit\u00e9s des marques italiennes quand cela est possible. Propri\u00e9taire d'une Maserati GranTurismo, Alfa Romeo MiTo, Lancia Fulvia et Ducati 695. Ex-propri\u00e9taire d'une Alfa Romeo Giulia.\",\"sameAs\":[\"https:\/\/www.italpassion.fr\/\"],\"url\":\"https:\/\/www.italpassion.fr\/nl\/author\/alexandre\/\"}]}<\/script>\n<!-- \/ Yoast SEO plugin. -->","yoast_head_json":{"title":"Ferrari maakt ambities voor WEC-kampioenschap 2024 bekend - ItalPassion","description":"Met een uitzonderlijk endurance-seizoen in het vooruitzicht bereidt het Ferrari - AF Corse team zich voor op het FIA World Endurance Championship 2024 na","robots":{"index":"index","follow":"follow","max-snippet":"max-snippet:-1","max-image-preview":"max-image-preview:large","max-video-preview":"max-video-preview:-1"},"canonical":"https:\/\/www.italpassion.fr\/nl\/wedstrijd\/ferrari-kondigt-zijn-ambities-voor-het-wec-2024-kampioenschap-aan\/","og_locale":"nl_NL","og_type":"article","og_title":"Ferrari annonce ses ambitions pour le championnat WEC 2024 - ItalPassion","og_description":"Avec une saison d'endurance qui s'annonce exceptionnelle, l'\u00e9quipe Ferrari \u2013 AF Corse se pr\u00e9pare au Championnat du Monde d'Endurance de la FIA 2024 apr\u00e8s","og_url":"https:\/\/www.italpassion.fr\/nl\/wedstrijd\/ferrari-kondigt-zijn-ambities-voor-het-wec-2024-kampioenschap-aan\/","og_site_name":"ItalPassion","article_publisher":"https:\/\/www.facebook.com\/italpassion","article_published_time":"2024-02-24T13:14:00+00:00","article_modified_time":"2024-02-24T13:14:04+00:00","og_image":[{"width":1200,"height":800,"url":"https:\/\/www.italpassion.fr\/wp-content\/uploads\/2024\/02\/ferrari-499p-equipage.jpg","type":"image\/jpeg"}],"author":"Alexandre Filluzeau","twitter_card":"summary_large_image","twitter_creator":"@italpassion","twitter_site":"@italpassion","schema":{"@context":"https:\/\/schema.org","@graph":[{"@type":"NewsArticle","@id":"https:\/\/www.italpassion.fr\/nl\/competition\/ferrari-annonce-ses-ambitions-pour-le-championnat-wec-2024\/#article","isPartOf":{"@id":"https:\/\/www.italpassion.fr\/nl\/competition\/ferrari-annonce-ses-ambitions-pour-le-championnat-wec-2024\/"},"author":{"name":"Alexandre Filluzeau","@id":"https:\/\/www.italpassion.fr\/nl\/#\/schema\/person\/36f747b2a759ca202d847e85a9434ca0"},"headline":"Ferrari annonce ses ambitions pour le championnat WEC 2024","datePublished":"2024-02-24T13:14:00+00:00","dateModified":"2024-02-24T13:14:04+00:00","mainEntityOfPage":{"@id":"https:\/\/www.italpassion.fr\/nl\/competition\/ferrari-annonce-ses-ambitions-pour-le-championnat-wec-2024\/"},"wordCount":498,"commentCount":1,"publisher":{"@id":"https:\/\/www.italpassion.fr\/nl\/#organization"},"image":{"@id":"https:\/\/www.italpassion.fr\/nl\/competition\/ferrari-annonce-ses-ambitions-pour-le-championnat-wec-2024\/#primaryimage"},"thumbnailUrl":"https:\/\/www.italpassion.fr\/wp-content\/uploads\/2024\/02\/ferrari-499p-equipage.jpg","articleSection":["Sport Auto","WEC"],"inLanguage":"nl-NL","potentialAction":[{"@type":"CommentAction","name":"Comment","target":["https:\/\/www.italpassion.fr\/nl\/competition\/ferrari-annonce-ses-ambitions-pour-le-championnat-wec-2024\/#respond"]}]},{"@type":"WebPage","@id":"https:\/\/www.italpassion.fr\/nl\/competition\/ferrari-annonce-ses-ambitions-pour-le-championnat-wec-2024\/","url":"https:\/\/www.italpassion.fr\/nl\/competition\/ferrari-annonce-ses-ambitions-pour-le-championnat-wec-2024\/","name":"Ferrari maakt ambities voor WEC-kampioenschap 2024 bekend - ItalPassion","isPartOf":{"@id":"https:\/\/www.italpassion.fr\/nl\/#website"},"primaryImageOfPage":{"@id":"https:\/\/www.italpassion.fr\/nl\/competition\/ferrari-annonce-ses-ambitions-pour-le-championnat-wec-2024\/#primaryimage"},"image":{"@id":"https:\/\/www.italpassion.fr\/nl\/competition\/ferrari-annonce-ses-ambitions-pour-le-championnat-wec-2024\/#primaryimage"},"thumbnailUrl":"https:\/\/www.italpassion.fr\/wp-content\/uploads\/2024\/02\/ferrari-499p-equipage.jpg","datePublished":"2024-02-24T13:14:00+00:00","dateModified":"2024-02-24T13:14:04+00:00","description":"Met een uitzonderlijk endurance-seizoen in het vooruitzicht bereidt het Ferrari - AF Corse team zich voor op het FIA World Endurance Championship 2024 na","breadcrumb":{"@id":"https:\/\/www.italpassion.fr\/nl\/competition\/ferrari-annonce-ses-ambitions-pour-le-championnat-wec-2024\/#breadcrumb"},"inLanguage":"nl-NL","potentialAction":[{"@type":"ReadAction","target":["https:\/\/www.italpassion.fr\/nl\/competition\/ferrari-annonce-ses-ambitions-pour-le-championnat-wec-2024\/"]}]},{"@type":"ImageObject","inLanguage":"nl-NL","@id":"https:\/\/www.italpassion.fr\/nl\/competition\/ferrari-annonce-ses-ambitions-pour-le-championnat-wec-2024\/#primaryimage","url":"https:\/\/www.italpassion.fr\/wp-content\/uploads\/2024\/02\/ferrari-499p-equipage.jpg","contentUrl":"https:\/\/www.italpassion.fr\/wp-content\/uploads\/2024\/02\/ferrari-499p-equipage.jpg","width":1200,"height":800,"caption":"ferrari-499p-equipage"},{"@type":"BreadcrumbList","@id":"https:\/\/www.italpassion.fr\/nl\/competition\/ferrari-annonce-ses-ambitions-pour-le-championnat-wec-2024\/#breadcrumb","itemListElement":[{"@type":"ListItem","position":1,"name":"Accueil","item":"https:\/\/www.italpassion.fr\/nl\/"},{"@type":"ListItem","position":2,"name":"Ferrari annonce ses ambitions pour le championnat WEC 2024"}]},{"@type":"WebSite","@id":"https:\/\/www.italpassion.fr\/nl\/#website","url":"https:\/\/www.italpassion.fr\/nl\/","name":"ItalPassion","description":"Italiaanse autoliefhebbers","publisher":{"@id":"https:\/\/www.italpassion.fr\/nl\/#organization"},"potentialAction":[{"@type":"SearchAction","target":{"@type":"EntryPoint","urlTemplate":"https:\/\/www.italpassion.fr\/nl\/?s={search_term_string}"},"query-input":{"@type":"PropertyValueSpecification","valueRequired":true,"valueName":"search_term_string"}}],"inLanguage":"nl-NL"},{"@type":"Organization","@id":"https:\/\/www.italpassion.fr\/nl\/#organization","name":"Italpassion","url":"https:\/\/www.italpassion.fr\/nl\/","logo":{"@type":"ImageObject","inLanguage":"nl-NL","@id":"https:\/\/www.italpassion.fr\/nl\/#\/schema\/logo\/image\/","url":"https:\/\/www.italpassion.fr\/wp-content\/uploads\/2023\/07\/italpassion-yoast.jpg","contentUrl":"https:\/\/www.italpassion.fr\/wp-content\/uploads\/2023\/07\/italpassion-yoast.jpg","width":696,"height":696,"caption":"Italpassion"},"image":{"@id":"https:\/\/www.italpassion.fr\/nl\/#\/schema\/logo\/image\/"},"sameAs":["https:\/\/www.facebook.com\/italpassion","https:\/\/x.com\/italpassion","https:\/\/www.instagram.com\/italpassionfr\/","https:\/\/www.youtube.com\/channel\/UCleq-ByQaA42OjhopwevRjQ","https:\/\/www.facebook.com\/italpassion.en\/","https:\/\/www.facebook.com\/italpassion.it\/","https:\/\/www.facebook.com\/italpassion.de\/","https:\/\/www.facebook.com\/italpassion.ja\/"]},{"@type":"Person","@id":"https:\/\/www.italpassion.fr\/nl\/#\/schema\/person\/36f747b2a759ca202d847e85a9434ca0","name":"Alexandre Filluzeau","image":{"@type":"ImageObject","inLanguage":"nl-NL","@id":"https:\/\/www.italpassion.fr\/nl\/#\/schema\/person\/image\/","url":"https:\/\/www.italpassion.fr\/wp-content\/uploads\/2025\/04\/avatar-alexandre-160x160.jpg","contentUrl":"https:\/\/www.italpassion.fr\/wp-content\/uploads\/2025\/04\/avatar-alexandre-160x160.jpg","caption":"Alexandre Filluzeau"},"description":"Oprichter van de website ItalPassion, gepassioneerd door Italiaanse auto's en Itali\u00eb in het algemeen. Waar mogelijk breng ik een kritisch en technisch oog naar nieuws over Italiaanse merken. Eigenaar van een Maserati GranTurismo, Alfa Romeo MiTo, Lancia Fulvia en Ducati 695. Ex-eigenaar van een Alfa Romeo Giulia.","sameAs":["https:\/\/www.italpassion.fr\/"],"url":"https:\/\/www.italpassion.fr\/nl\/author\/alexandre\/"}]}},"_links":{"self":[{"href":"https:\/\/www.italpassion.fr\/nl\/wp-json\/wp\/v2\/posts\/33396","targetHints":{"allow":["GET"]}}],"collection":[{"href":"https:\/\/www.italpassion.fr\/nl\/wp-json\/wp\/v2\/posts"}],"about":[{"href":"https:\/\/www.italpassion.fr\/nl\/wp-json\/wp\/v2\/types\/post"}],"author":[{"embeddable":true,"href":"https:\/\/www.italpassion.fr\/nl\/wp-json\/wp\/v2\/users\/1"}],"replies":[{"embeddable":true,"href":"https:\/\/www.italpassion.fr\/nl\/wp-json\/wp\/v2\/comments?post=33396"}],"version-history":[{"count":2,"href":"https:\/\/www.italpassion.fr\/nl\/wp-json\/wp\/v2\/posts\/33396\/revisions"}],"predecessor-version":[{"id":33399,"href":"https:\/\/www.italpassion.fr\/nl\/wp-json\/wp\/v2\/posts\/33396\/revisions\/33399"}],"wp:featuredmedia":[{"embeddable":true,"href":"https:\/\/www.italpassion.fr\/nl\/wp-json\/wp\/v2\/media\/33397"}],"wp:attachment":[{"href":"https:\/\/www.italpassion.fr\/nl\/wp-json\/wp\/v2\/media?parent=33396"}],"wp:term":[{"taxonomy":"category","embeddable":true,"href":"https:\/\/www.italpassion.fr\/nl\/wp-json\/wp\/v2\/categories?post=33396"},{"taxonomy":"post_tag","embeddable":true,"href":"https:\/\/www.italpassion.fr\/nl\/wp-json\/wp\/v2\/tags?post=33396"}],"curies":[{"name":"wp","href":"https:\/\/api.w.org\/{rel}","templated":true}]}}