{"id":33187,"date":"2024-02-12T15:50:26","date_gmt":"2024-02-12T14:50:26","guid":{"rendered":"https:\/\/www.italpassion.fr\/?p=33187"},"modified":"2024-02-12T15:50:28","modified_gmt":"2024-02-12T14:50:28","slug":"abarth-695-limited-edition-viert-75-jaar-merk-exclusief-in-italie","status":"publish","type":"post","link":"https:\/\/www.italpassion.fr\/nl\/abarth\/abarth-695-une-edition-limitee-pour-celebrer-les-75-ans-de-la-marque-exclusivement-en-italie\/","title":{"rendered":"Abarth 695: een gelimiteerde editie om de 75e verjaardag van het merk te vieren, exclusief in Itali\u00eb"},"content":{"rendered":"<figure class=\"wp-block-image size-large\"><img loading=\"lazy\" decoding=\"async\" width=\"1024\" height=\"683\" src=\"https:\/\/www.italpassion.fr\/wp-content\/uploads\/2024\/02\/abarth-695-0-1024x683.jpg\" alt=\"\" class=\"wp-image-33188\" srcset=\"https:\/\/www.italpassion.fr\/wp-content\/uploads\/2024\/02\/abarth-695-0-1024x683.jpg 1024w, https:\/\/www.italpassion.fr\/wp-content\/uploads\/2024\/02\/abarth-695-0-300x200.jpg 300w, https:\/\/www.italpassion.fr\/wp-content\/uploads\/2024\/02\/abarth-695-0-768x512.jpg 768w, https:\/\/www.italpassion.fr\/wp-content\/uploads\/2024\/02\/abarth-695-0-18x12.jpg 18w, https:\/\/www.italpassion.fr\/wp-content\/uploads\/2024\/02\/abarth-695-0-561x374.jpg 561w, https:\/\/www.italpassion.fr\/wp-content\/uploads\/2024\/02\/abarth-695-0-1122x748.jpg 1122w, https:\/\/www.italpassion.fr\/wp-content\/uploads\/2024\/02\/abarth-695-0-265x177.jpg 265w, https:\/\/www.italpassion.fr\/wp-content\/uploads\/2024\/02\/abarth-695-0-531x354.jpg 531w, https:\/\/www.italpassion.fr\/wp-content\/uploads\/2024\/02\/abarth-695-0-364x243.jpg 364w, https:\/\/www.italpassion.fr\/wp-content\/uploads\/2024\/02\/abarth-695-0-728x485.jpg 728w, https:\/\/www.italpassion.fr\/wp-content\/uploads\/2024\/02\/abarth-695-0-608x405.jpg 608w, https:\/\/www.italpassion.fr\/wp-content\/uploads\/2024\/02\/abarth-695-0-758x505.jpg 758w, https:\/\/www.italpassion.fr\/wp-content\/uploads\/2024\/02\/abarth-695-0-1152x768.jpg 1152w, https:\/\/www.italpassion.fr\/wp-content\/uploads\/2024\/02\/abarth-695-0-600x400.jpg 600w, https:\/\/www.italpassion.fr\/wp-content\/uploads\/2024\/02\/abarth-695-0.jpg 1200w\" sizes=\"auto, (max-width: 1024px) 100vw, 1024px\" \/><\/figure>\n\n\n\n<p>Terwijl<a href=\"https:\/\/www.italpassion.fr\/nl\/abarth\/\">Abarth<\/a> bereidt zich voor om zijn 75e verjaardag uit te blazen, onthult het merk Scorpion een leuke verrassing: <strong>de Abarth 695 75th Anniversary Edition.<\/strong> Een reeks <strong>beperkt tot slechts 1.368 eenheden,<\/strong> een knipoog naar de capaciteit van zijn legendarische 1.4 T-Jet motor. Een exclusiviteit die is voorbehouden aan Itali\u00eb, een vleugje spijt voor Franse liefhebbers?<\/p>\n\n\n\n<p>De Abarth 695 75th Anniversary Edition is veel meer dan zomaar een auto: het is een rollend eerbetoon aan de geschiedenis en het succes van een merk dat zijn stempel heeft gedrukt op de auto-industrie. <strong>De 1.4 T-Jet motor, supercharged door een Garrett GT 1446 turbocompressor.<\/strong>belooft adembenemende prestaties: <strong>180 c<\/strong>h, 250 Nm koppel en een acceleratie van <strong>0 tot 100 km\/u in slechts 6,7 seconden<\/strong>. Alles onder het emblematische geluid van <strong>Record Monza uitlaatsysteem<\/strong> met actieve klep.<\/p>\n\n\n\n<figure class=\"wp-block-image size-large\"><img loading=\"lazy\" decoding=\"async\" width=\"1024\" height=\"683\" src=\"https:\/\/www.italpassion.fr\/wp-content\/uploads\/2024\/02\/abarth-695-3-1024x683.jpg\" alt=\"\" class=\"wp-image-33189\" srcset=\"https:\/\/www.italpassion.fr\/wp-content\/uploads\/2024\/02\/abarth-695-3-1024x683.jpg 1024w, https:\/\/www.italpassion.fr\/wp-content\/uploads\/2024\/02\/abarth-695-3-300x200.jpg 300w, https:\/\/www.italpassion.fr\/wp-content\/uploads\/2024\/02\/abarth-695-3-768x512.jpg 768w, https:\/\/www.italpassion.fr\/wp-content\/uploads\/2024\/02\/abarth-695-3-18x12.jpg 18w, https:\/\/www.italpassion.fr\/wp-content\/uploads\/2024\/02\/abarth-695-3-561x374.jpg 561w, https:\/\/www.italpassion.fr\/wp-content\/uploads\/2024\/02\/abarth-695-3-1122x748.jpg 1122w, https:\/\/www.italpassion.fr\/wp-content\/uploads\/2024\/02\/abarth-695-3-265x177.jpg 265w, https:\/\/www.italpassion.fr\/wp-content\/uploads\/2024\/02\/abarth-695-3-531x354.jpg 531w, https:\/\/www.italpassion.fr\/wp-content\/uploads\/2024\/02\/abarth-695-3-364x243.jpg 364w, https:\/\/www.italpassion.fr\/wp-content\/uploads\/2024\/02\/abarth-695-3-728x485.jpg 728w, https:\/\/www.italpassion.fr\/wp-content\/uploads\/2024\/02\/abarth-695-3-608x405.jpg 608w, https:\/\/www.italpassion.fr\/wp-content\/uploads\/2024\/02\/abarth-695-3-758x505.jpg 758w, https:\/\/www.italpassion.fr\/wp-content\/uploads\/2024\/02\/abarth-695-3-1152x768.jpg 1152w, https:\/\/www.italpassion.fr\/wp-content\/uploads\/2024\/02\/abarth-695-3-600x400.jpg 600w, https:\/\/www.italpassion.fr\/wp-content\/uploads\/2024\/02\/abarth-695-3.jpg 1200w\" sizes=\"auto, (max-width: 1024px) 100vw, 1024px\" \/><\/figure>\n\n\n\n<figure class=\"wp-block-image size-large\"><img loading=\"lazy\" decoding=\"async\" width=\"1024\" height=\"624\" src=\"https:\/\/www.italpassion.fr\/wp-content\/uploads\/2024\/02\/abarth-695-4-1024x624.jpg\" alt=\"\" class=\"wp-image-33190\" srcset=\"https:\/\/www.italpassion.fr\/wp-content\/uploads\/2024\/02\/abarth-695-4-1024x624.jpg 1024w, https:\/\/www.italpassion.fr\/wp-content\/uploads\/2024\/02\/abarth-695-4-300x183.jpg 300w, https:\/\/www.italpassion.fr\/wp-content\/uploads\/2024\/02\/abarth-695-4-768x468.jpg 768w, https:\/\/www.italpassion.fr\/wp-content\/uploads\/2024\/02\/abarth-695-4-18x12.jpg 18w, https:\/\/www.italpassion.fr\/wp-content\/uploads\/2024\/02\/abarth-695-4-561x342.jpg 561w, https:\/\/www.italpassion.fr\/wp-content\/uploads\/2024\/02\/abarth-695-4-1122x683.jpg 1122w, https:\/\/www.italpassion.fr\/wp-content\/uploads\/2024\/02\/abarth-695-4-265x161.jpg 265w, https:\/\/www.italpassion.fr\/wp-content\/uploads\/2024\/02\/abarth-695-4-531x323.jpg 531w, https:\/\/www.italpassion.fr\/wp-content\/uploads\/2024\/02\/abarth-695-4-364x222.jpg 364w, https:\/\/www.italpassion.fr\/wp-content\/uploads\/2024\/02\/abarth-695-4-728x443.jpg 728w, https:\/\/www.italpassion.fr\/wp-content\/uploads\/2024\/02\/abarth-695-4-608x370.jpg 608w, https:\/\/www.italpassion.fr\/wp-content\/uploads\/2024\/02\/abarth-695-4-758x462.jpg 758w, https:\/\/www.italpassion.fr\/wp-content\/uploads\/2024\/02\/abarth-695-4-1152x702.jpg 1152w, https:\/\/www.italpassion.fr\/wp-content\/uploads\/2024\/02\/abarth-695-4-600x366.jpg 600w, https:\/\/www.italpassion.fr\/wp-content\/uploads\/2024\/02\/abarth-695-4.jpg 1200w\" sizes=\"auto, (max-width: 1024px) 100vw, 1024px\" \/><\/figure>\n\n\n\n<p>Qua design laat de Abarth 695 75th Anniversary niemand onverschillig. <strong>De gouden schorpioen op het dak,<\/strong> op een zwarte achtergrond, die de kracht en elegantie van het merk symboliseert. Exclusieve 17-inch goudkleurige lichtmetalen velgen, geventileerde en geboorde 305\u00d728 mm remschijven geklemd door Brembo remklauwen, getinte ruiten en goudkleurige logo's geven deze limited edition een uniek karakter.<\/p>\n\n\n\n<figure class=\"wp-block-image size-large\"><img loading=\"lazy\" decoding=\"async\" width=\"1024\" height=\"683\" src=\"https:\/\/www.italpassion.fr\/wp-content\/uploads\/2024\/02\/abarth-695-7-1024x683.jpg\" alt=\"\" class=\"wp-image-33191\" srcset=\"https:\/\/www.italpassion.fr\/wp-content\/uploads\/2024\/02\/abarth-695-7-1024x683.jpg 1024w, https:\/\/www.italpassion.fr\/wp-content\/uploads\/2024\/02\/abarth-695-7-300x200.jpg 300w, https:\/\/www.italpassion.fr\/wp-content\/uploads\/2024\/02\/abarth-695-7-768x512.jpg 768w, https:\/\/www.italpassion.fr\/wp-content\/uploads\/2024\/02\/abarth-695-7-18x12.jpg 18w, https:\/\/www.italpassion.fr\/wp-content\/uploads\/2024\/02\/abarth-695-7-561x374.jpg 561w, https:\/\/www.italpassion.fr\/wp-content\/uploads\/2024\/02\/abarth-695-7-1122x748.jpg 1122w, https:\/\/www.italpassion.fr\/wp-content\/uploads\/2024\/02\/abarth-695-7-265x177.jpg 265w, https:\/\/www.italpassion.fr\/wp-content\/uploads\/2024\/02\/abarth-695-7-531x354.jpg 531w, https:\/\/www.italpassion.fr\/wp-content\/uploads\/2024\/02\/abarth-695-7-364x243.jpg 364w, https:\/\/www.italpassion.fr\/wp-content\/uploads\/2024\/02\/abarth-695-7-728x485.jpg 728w, https:\/\/www.italpassion.fr\/wp-content\/uploads\/2024\/02\/abarth-695-7-608x405.jpg 608w, https:\/\/www.italpassion.fr\/wp-content\/uploads\/2024\/02\/abarth-695-7-758x505.jpg 758w, https:\/\/www.italpassion.fr\/wp-content\/uploads\/2024\/02\/abarth-695-7-1152x768.jpg 1152w, https:\/\/www.italpassion.fr\/wp-content\/uploads\/2024\/02\/abarth-695-7-600x400.jpg 600w, https:\/\/www.italpassion.fr\/wp-content\/uploads\/2024\/02\/abarth-695-7.jpg 1200w\" sizes=\"auto, (max-width: 1024px) 100vw, 1024px\" \/><\/figure>\n\n\n\n<p>Binnenin gaat de exclusiviteit verder met een <strong>Zwart Alcantara dashboard,<\/strong> van<strong> carbon zadels specifiek voor Sabelt<\/strong> en Alcantara-inzetstukken die een vleugje sportiviteit toevoegen. De ultramoderne uitrusting met 7\u2033 DAB-radio, 7\u2033 TFT digitaal display en CarPlay- en Android Auto-connectiviteit biedt een moderne rijervaring.<\/p>\n\n\n\n<p>Het is een beetje jammer dat dit wonder de Alpen niet zal oversteken om Franse liefhebbers te bereiken. Deze beslissing onderstreept de wens van Abarth France om zich te concentreren op elektrische modellen. Jammer voor degenen die ervan hadden gedroomd om deze gelimiteerde editie op de Franse wegen te zien.<\/p>\n\n\n\n<figure class=\"wp-block-image size-large\"><img loading=\"lazy\" decoding=\"async\" width=\"1024\" height=\"683\" src=\"https:\/\/www.italpassion.fr\/wp-content\/uploads\/2024\/02\/abarth-695-5-1024x683.jpg\" alt=\"\" class=\"wp-image-33192\" srcset=\"https:\/\/www.italpassion.fr\/wp-content\/uploads\/2024\/02\/abarth-695-5-1024x683.jpg 1024w, https:\/\/www.italpassion.fr\/wp-content\/uploads\/2024\/02\/abarth-695-5-300x200.jpg 300w, https:\/\/www.italpassion.fr\/wp-content\/uploads\/2024\/02\/abarth-695-5-768x512.jpg 768w, https:\/\/www.italpassion.fr\/wp-content\/uploads\/2024\/02\/abarth-695-5-18x12.jpg 18w, https:\/\/www.italpassion.fr\/wp-content\/uploads\/2024\/02\/abarth-695-5-561x374.jpg 561w, https:\/\/www.italpassion.fr\/wp-content\/uploads\/2024\/02\/abarth-695-5-1122x748.jpg 1122w, https:\/\/www.italpassion.fr\/wp-content\/uploads\/2024\/02\/abarth-695-5-265x177.jpg 265w, https:\/\/www.italpassion.fr\/wp-content\/uploads\/2024\/02\/abarth-695-5-531x354.jpg 531w, https:\/\/www.italpassion.fr\/wp-content\/uploads\/2024\/02\/abarth-695-5-364x243.jpg 364w, https:\/\/www.italpassion.fr\/wp-content\/uploads\/2024\/02\/abarth-695-5-728x485.jpg 728w, https:\/\/www.italpassion.fr\/wp-content\/uploads\/2024\/02\/abarth-695-5-608x405.jpg 608w, https:\/\/www.italpassion.fr\/wp-content\/uploads\/2024\/02\/abarth-695-5-758x505.jpg 758w, https:\/\/www.italpassion.fr\/wp-content\/uploads\/2024\/02\/abarth-695-5-1152x768.jpg 1152w, https:\/\/www.italpassion.fr\/wp-content\/uploads\/2024\/02\/abarth-695-5-600x400.jpg 600w, https:\/\/www.italpassion.fr\/wp-content\/uploads\/2024\/02\/abarth-695-5.jpg 1200w\" sizes=\"auto, (max-width: 1024px) 100vw, 1024px\" \/><\/figure>","protected":false},"excerpt":{"rendered":"","protected":false},"author":1,"featured_media":33188,"comment_status":"open","ping_status":"open","sticky":false,"template":"","format":"standard","meta":{"_acf_changed":false,"_sitemap_exclude":false,"_sitemap_priority":"","_sitemap_frequency":"","footnotes":""},"categories":[21],"tags":[],"class_list":["post-33187","post","type-post","status-publish","format-standard","has-post-thumbnail","hentry","category-abarth","generate-columns","tablet-grid-50","mobile-grid-100","grid-parent","grid-33"],"acf":[],"yoast_head":"<!-- This site is optimized with the Yoast SEO plugin v25.8 - https:\/\/yoast.com\/wordpress\/plugins\/seo\/ -->\n<title>Abarth 695 : une \u00e9dition limit\u00e9e pour c\u00e9l\u00e9brer les 75 ans de la marque, exclusivement en Italie - ItalPassion<\/title>\n<meta name=\"description\" content=\"Alors qu&#039;Abarth s&#039;appr\u00eate \u00e0 souffler ses 75 bougies, la marque au Scorpion nous d\u00e9voile une belle surprise : l&#039;Abarth 695 \u00e9dition 75\u00e8me anniversaire. Une\" \/>\n<meta name=\"robots\" content=\"index, follow, max-snippet:-1, max-image-preview:large, max-video-preview:-1\" \/>\n<link rel=\"canonical\" href=\"https:\/\/www.italpassion.fr\/nl\/abarth\/abarth-695-limited-edition-viert-75-jaar-merk-exclusief-in-italie\/\" \/>\n<meta property=\"og:locale\" content=\"nl_NL\" \/>\n<meta property=\"og:type\" content=\"article\" \/>\n<meta property=\"og:title\" content=\"Abarth 695 : une \u00e9dition limit\u00e9e pour c\u00e9l\u00e9brer les 75 ans de la marque, exclusivement en Italie - ItalPassion\" \/>\n<meta property=\"og:description\" content=\"Alors qu&#039;Abarth s&#039;appr\u00eate \u00e0 souffler ses 75 bougies, la marque au Scorpion nous d\u00e9voile une belle surprise : l&#039;Abarth 695 \u00e9dition 75\u00e8me anniversaire. Une\" \/>\n<meta property=\"og:url\" content=\"https:\/\/www.italpassion.fr\/nl\/abarth\/abarth-695-limited-edition-viert-75-jaar-merk-exclusief-in-italie\/\" \/>\n<meta property=\"og:site_name\" content=\"ItalPassion\" \/>\n<meta property=\"article:publisher\" content=\"https:\/\/www.facebook.com\/italpassion\" \/>\n<meta property=\"article:published_time\" content=\"2024-02-12T14:50:26+00:00\" \/>\n<meta property=\"article:modified_time\" content=\"2024-02-12T14:50:28+00:00\" \/>\n<meta property=\"og:image\" content=\"https:\/\/www.italpassion.fr\/wp-content\/uploads\/2024\/02\/abarth-695-0.jpg\" \/>\n\t<meta property=\"og:image:width\" content=\"1200\" \/>\n\t<meta property=\"og:image:height\" content=\"800\" \/>\n\t<meta property=\"og:image:type\" content=\"image\/jpeg\" \/>\n<meta name=\"author\" content=\"Alexandre Filluzeau\" \/>\n<meta name=\"twitter:card\" content=\"summary_large_image\" \/>\n<meta name=\"twitter:creator\" content=\"@italpassion\" \/>\n<meta name=\"twitter:site\" content=\"@italpassion\" \/>\n<script type=\"application\/ld+json\" class=\"yoast-schema-graph\">{\"@context\":\"https:\/\/schema.org\",\"@graph\":[{\"@type\":\"NewsArticle\",\"@id\":\"https:\/\/www.italpassion.fr\/nl\/abarth\/abarth-695-une-edition-limitee-pour-celebrer-les-75-ans-de-la-marque-exclusivement-en-italie\/#article\",\"isPartOf\":{\"@id\":\"https:\/\/www.italpassion.fr\/nl\/abarth\/abarth-695-une-edition-limitee-pour-celebrer-les-75-ans-de-la-marque-exclusivement-en-italie\/\"},\"author\":{\"name\":\"Alexandre Filluzeau\",\"@id\":\"https:\/\/www.italpassion.fr\/nl\/#\/schema\/person\/36f747b2a759ca202d847e85a9434ca0\"},\"headline\":\"Abarth 695 : une \u00e9dition limit\u00e9e pour c\u00e9l\u00e9brer les 75 ans de la marque, exclusivement en Italie\",\"datePublished\":\"2024-02-12T14:50:26+00:00\",\"dateModified\":\"2024-02-12T14:50:28+00:00\",\"mainEntityOfPage\":{\"@id\":\"https:\/\/www.italpassion.fr\/nl\/abarth\/abarth-695-une-edition-limitee-pour-celebrer-les-75-ans-de-la-marque-exclusivement-en-italie\/\"},\"wordCount\":357,\"commentCount\":18,\"publisher\":{\"@id\":\"https:\/\/www.italpassion.fr\/nl\/#organization\"},\"image\":{\"@id\":\"https:\/\/www.italpassion.fr\/nl\/abarth\/abarth-695-une-edition-limitee-pour-celebrer-les-75-ans-de-la-marque-exclusivement-en-italie\/#primaryimage\"},\"thumbnailUrl\":\"https:\/\/www.italpassion.fr\/wp-content\/uploads\/2024\/02\/abarth-695-0.jpg\",\"articleSection\":[\"Abarth\"],\"inLanguage\":\"nl-NL\",\"potentialAction\":[{\"@type\":\"CommentAction\",\"name\":\"Comment\",\"target\":[\"https:\/\/www.italpassion.fr\/nl\/abarth\/abarth-695-une-edition-limitee-pour-celebrer-les-75-ans-de-la-marque-exclusivement-en-italie\/#respond\"]}]},{\"@type\":\"WebPage\",\"@id\":\"https:\/\/www.italpassion.fr\/nl\/abarth\/abarth-695-une-edition-limitee-pour-celebrer-les-75-ans-de-la-marque-exclusivement-en-italie\/\",\"url\":\"https:\/\/www.italpassion.fr\/nl\/abarth\/abarth-695-une-edition-limitee-pour-celebrer-les-75-ans-de-la-marque-exclusivement-en-italie\/\",\"name\":\"Abarth 695 : une \u00e9dition limit\u00e9e pour c\u00e9l\u00e9brer les 75 ans de la marque, exclusivement en Italie - ItalPassion\",\"isPartOf\":{\"@id\":\"https:\/\/www.italpassion.fr\/nl\/#website\"},\"primaryImageOfPage\":{\"@id\":\"https:\/\/www.italpassion.fr\/nl\/abarth\/abarth-695-une-edition-limitee-pour-celebrer-les-75-ans-de-la-marque-exclusivement-en-italie\/#primaryimage\"},\"image\":{\"@id\":\"https:\/\/www.italpassion.fr\/nl\/abarth\/abarth-695-une-edition-limitee-pour-celebrer-les-75-ans-de-la-marque-exclusivement-en-italie\/#primaryimage\"},\"thumbnailUrl\":\"https:\/\/www.italpassion.fr\/wp-content\/uploads\/2024\/02\/abarth-695-0.jpg\",\"datePublished\":\"2024-02-12T14:50:26+00:00\",\"dateModified\":\"2024-02-12T14:50:28+00:00\",\"description\":\"Alors qu'Abarth s'appr\u00eate \u00e0 souffler ses 75 bougies, la marque au Scorpion nous d\u00e9voile une belle surprise : l'Abarth 695 \u00e9dition 75\u00e8me anniversaire. Une\",\"breadcrumb\":{\"@id\":\"https:\/\/www.italpassion.fr\/nl\/abarth\/abarth-695-une-edition-limitee-pour-celebrer-les-75-ans-de-la-marque-exclusivement-en-italie\/#breadcrumb\"},\"inLanguage\":\"nl-NL\",\"potentialAction\":[{\"@type\":\"ReadAction\",\"target\":[\"https:\/\/www.italpassion.fr\/nl\/abarth\/abarth-695-une-edition-limitee-pour-celebrer-les-75-ans-de-la-marque-exclusivement-en-italie\/\"]}]},{\"@type\":\"ImageObject\",\"inLanguage\":\"nl-NL\",\"@id\":\"https:\/\/www.italpassion.fr\/nl\/abarth\/abarth-695-une-edition-limitee-pour-celebrer-les-75-ans-de-la-marque-exclusivement-en-italie\/#primaryimage\",\"url\":\"https:\/\/www.italpassion.fr\/wp-content\/uploads\/2024\/02\/abarth-695-0.jpg\",\"contentUrl\":\"https:\/\/www.italpassion.fr\/wp-content\/uploads\/2024\/02\/abarth-695-0.jpg\",\"width\":1200,\"height\":800,\"caption\":\"abarth-695-0\"},{\"@type\":\"BreadcrumbList\",\"@id\":\"https:\/\/www.italpassion.fr\/nl\/abarth\/abarth-695-une-edition-limitee-pour-celebrer-les-75-ans-de-la-marque-exclusivement-en-italie\/#breadcrumb\",\"itemListElement\":[{\"@type\":\"ListItem\",\"position\":1,\"name\":\"Accueil\",\"item\":\"https:\/\/www.italpassion.fr\/nl\/\"},{\"@type\":\"ListItem\",\"position\":2,\"name\":\"Abarth 695 : une \u00e9dition limit\u00e9e pour c\u00e9l\u00e9brer les 75 ans de la marque, exclusivement en Italie\"}]},{\"@type\":\"WebSite\",\"@id\":\"https:\/\/www.italpassion.fr\/nl\/#website\",\"url\":\"https:\/\/www.italpassion.fr\/nl\/\",\"name\":\"ItalPassion\",\"description\":\"Les Passionn\u00e9s d&#039;Automobiles Italiennes\",\"publisher\":{\"@id\":\"https:\/\/www.italpassion.fr\/nl\/#organization\"},\"potentialAction\":[{\"@type\":\"SearchAction\",\"target\":{\"@type\":\"EntryPoint\",\"urlTemplate\":\"https:\/\/www.italpassion.fr\/nl\/?s={search_term_string}\"},\"query-input\":{\"@type\":\"PropertyValueSpecification\",\"valueRequired\":true,\"valueName\":\"search_term_string\"}}],\"inLanguage\":\"nl-NL\"},{\"@type\":\"Organization\",\"@id\":\"https:\/\/www.italpassion.fr\/nl\/#organization\",\"name\":\"Italpassion\",\"url\":\"https:\/\/www.italpassion.fr\/nl\/\",\"logo\":{\"@type\":\"ImageObject\",\"inLanguage\":\"nl-NL\",\"@id\":\"https:\/\/www.italpassion.fr\/nl\/#\/schema\/logo\/image\/\",\"url\":\"https:\/\/www.italpassion.fr\/wp-content\/uploads\/2023\/07\/italpassion-yoast.jpg\",\"contentUrl\":\"https:\/\/www.italpassion.fr\/wp-content\/uploads\/2023\/07\/italpassion-yoast.jpg\",\"width\":696,\"height\":696,\"caption\":\"Italpassion\"},\"image\":{\"@id\":\"https:\/\/www.italpassion.fr\/nl\/#\/schema\/logo\/image\/\"},\"sameAs\":[\"https:\/\/www.facebook.com\/italpassion\",\"https:\/\/x.com\/italpassion\",\"https:\/\/www.instagram.com\/italpassionfr\/\",\"https:\/\/www.youtube.com\/channel\/UCleq-ByQaA42OjhopwevRjQ\",\"https:\/\/www.facebook.com\/italpassion.en\/\",\"https:\/\/www.facebook.com\/italpassion.it\/\",\"https:\/\/www.facebook.com\/italpassion.de\/\",\"https:\/\/www.facebook.com\/italpassion.ja\/\"]},{\"@type\":\"Person\",\"@id\":\"https:\/\/www.italpassion.fr\/nl\/#\/schema\/person\/36f747b2a759ca202d847e85a9434ca0\",\"name\":\"Alexandre Filluzeau\",\"image\":{\"@type\":\"ImageObject\",\"inLanguage\":\"nl-NL\",\"@id\":\"https:\/\/www.italpassion.fr\/nl\/#\/schema\/person\/image\/\",\"url\":\"https:\/\/www.italpassion.fr\/wp-content\/uploads\/2025\/04\/avatar-alexandre-160x160.jpg\",\"contentUrl\":\"https:\/\/www.italpassion.fr\/wp-content\/uploads\/2025\/04\/avatar-alexandre-160x160.jpg\",\"caption\":\"Alexandre Filluzeau\"},\"description\":\"Fondateur du site ItalPassion, passionn\u00e9 de voitures italiennes et de l'Italie en g\u00e9n\u00e9ral. J'apporte un regard critique et technique aux actualit\u00e9s des marques italiennes quand cela est possible. Propri\u00e9taire d'une Maserati GranTurismo, Alfa Romeo MiTo, Lancia Fulvia et Ducati 695. Ex-propri\u00e9taire d'une Alfa Romeo Giulia.\",\"sameAs\":[\"https:\/\/www.italpassion.fr\/\"],\"url\":\"https:\/\/www.italpassion.fr\/nl\/author\/alexandre\/\"}]}<\/script>\n<!-- \/ Yoast SEO plugin. -->","yoast_head_json":{"title":"Abarth 695: een gelimiteerde editie om de 75e verjaardag van het merk te vieren, exclusief in Itali\u00eb - ItalPassion","description":"Nu Abarth zich opmaakt om zijn 75e verjaardag te vieren, onthult het merk met de schorpioen een verrassing: de Abarth 695 75th Anniversary Edition. A","robots":{"index":"index","follow":"follow","max-snippet":"max-snippet:-1","max-image-preview":"max-image-preview:large","max-video-preview":"max-video-preview:-1"},"canonical":"https:\/\/www.italpassion.fr\/nl\/abarth\/abarth-695-limited-edition-viert-75-jaar-merk-exclusief-in-italie\/","og_locale":"nl_NL","og_type":"article","og_title":"Abarth 695 : une \u00e9dition limit\u00e9e pour c\u00e9l\u00e9brer les 75 ans de la marque, exclusivement en Italie - ItalPassion","og_description":"Alors qu'Abarth s'appr\u00eate \u00e0 souffler ses 75 bougies, la marque au Scorpion nous d\u00e9voile une belle surprise : l'Abarth 695 \u00e9dition 75\u00e8me anniversaire. Une","og_url":"https:\/\/www.italpassion.fr\/nl\/abarth\/abarth-695-limited-edition-viert-75-jaar-merk-exclusief-in-italie\/","og_site_name":"ItalPassion","article_publisher":"https:\/\/www.facebook.com\/italpassion","article_published_time":"2024-02-12T14:50:26+00:00","article_modified_time":"2024-02-12T14:50:28+00:00","og_image":[{"width":1200,"height":800,"url":"https:\/\/www.italpassion.fr\/wp-content\/uploads\/2024\/02\/abarth-695-0.jpg","type":"image\/jpeg"}],"author":"Alexandre Filluzeau","twitter_card":"summary_large_image","twitter_creator":"@italpassion","twitter_site":"@italpassion","schema":{"@context":"https:\/\/schema.org","@graph":[{"@type":"NewsArticle","@id":"https:\/\/www.italpassion.fr\/nl\/abarth\/abarth-695-une-edition-limitee-pour-celebrer-les-75-ans-de-la-marque-exclusivement-en-italie\/#article","isPartOf":{"@id":"https:\/\/www.italpassion.fr\/nl\/abarth\/abarth-695-une-edition-limitee-pour-celebrer-les-75-ans-de-la-marque-exclusivement-en-italie\/"},"author":{"name":"Alexandre Filluzeau","@id":"https:\/\/www.italpassion.fr\/nl\/#\/schema\/person\/36f747b2a759ca202d847e85a9434ca0"},"headline":"Abarth 695 : une \u00e9dition limit\u00e9e pour c\u00e9l\u00e9brer les 75 ans de la marque, exclusivement en Italie","datePublished":"2024-02-12T14:50:26+00:00","dateModified":"2024-02-12T14:50:28+00:00","mainEntityOfPage":{"@id":"https:\/\/www.italpassion.fr\/nl\/abarth\/abarth-695-une-edition-limitee-pour-celebrer-les-75-ans-de-la-marque-exclusivement-en-italie\/"},"wordCount":357,"commentCount":18,"publisher":{"@id":"https:\/\/www.italpassion.fr\/nl\/#organization"},"image":{"@id":"https:\/\/www.italpassion.fr\/nl\/abarth\/abarth-695-une-edition-limitee-pour-celebrer-les-75-ans-de-la-marque-exclusivement-en-italie\/#primaryimage"},"thumbnailUrl":"https:\/\/www.italpassion.fr\/wp-content\/uploads\/2024\/02\/abarth-695-0.jpg","articleSection":["Abarth"],"inLanguage":"nl-NL","potentialAction":[{"@type":"CommentAction","name":"Comment","target":["https:\/\/www.italpassion.fr\/nl\/abarth\/abarth-695-une-edition-limitee-pour-celebrer-les-75-ans-de-la-marque-exclusivement-en-italie\/#respond"]}]},{"@type":"WebPage","@id":"https:\/\/www.italpassion.fr\/nl\/abarth\/abarth-695-une-edition-limitee-pour-celebrer-les-75-ans-de-la-marque-exclusivement-en-italie\/","url":"https:\/\/www.italpassion.fr\/nl\/abarth\/abarth-695-une-edition-limitee-pour-celebrer-les-75-ans-de-la-marque-exclusivement-en-italie\/","name":"Abarth 695: een gelimiteerde editie om de 75e verjaardag van het merk te vieren, exclusief in Itali\u00eb - ItalPassion","isPartOf":{"@id":"https:\/\/www.italpassion.fr\/nl\/#website"},"primaryImageOfPage":{"@id":"https:\/\/www.italpassion.fr\/nl\/abarth\/abarth-695-une-edition-limitee-pour-celebrer-les-75-ans-de-la-marque-exclusivement-en-italie\/#primaryimage"},"image":{"@id":"https:\/\/www.italpassion.fr\/nl\/abarth\/abarth-695-une-edition-limitee-pour-celebrer-les-75-ans-de-la-marque-exclusivement-en-italie\/#primaryimage"},"thumbnailUrl":"https:\/\/www.italpassion.fr\/wp-content\/uploads\/2024\/02\/abarth-695-0.jpg","datePublished":"2024-02-12T14:50:26+00:00","dateModified":"2024-02-12T14:50:28+00:00","description":"Nu Abarth zich opmaakt om zijn 75e verjaardag te vieren, onthult het merk met de schorpioen een verrassing: de Abarth 695 75th Anniversary Edition. A","breadcrumb":{"@id":"https:\/\/www.italpassion.fr\/nl\/abarth\/abarth-695-une-edition-limitee-pour-celebrer-les-75-ans-de-la-marque-exclusivement-en-italie\/#breadcrumb"},"inLanguage":"nl-NL","potentialAction":[{"@type":"ReadAction","target":["https:\/\/www.italpassion.fr\/nl\/abarth\/abarth-695-une-edition-limitee-pour-celebrer-les-75-ans-de-la-marque-exclusivement-en-italie\/"]}]},{"@type":"ImageObject","inLanguage":"nl-NL","@id":"https:\/\/www.italpassion.fr\/nl\/abarth\/abarth-695-une-edition-limitee-pour-celebrer-les-75-ans-de-la-marque-exclusivement-en-italie\/#primaryimage","url":"https:\/\/www.italpassion.fr\/wp-content\/uploads\/2024\/02\/abarth-695-0.jpg","contentUrl":"https:\/\/www.italpassion.fr\/wp-content\/uploads\/2024\/02\/abarth-695-0.jpg","width":1200,"height":800,"caption":"abarth-695-0"},{"@type":"BreadcrumbList","@id":"https:\/\/www.italpassion.fr\/nl\/abarth\/abarth-695-une-edition-limitee-pour-celebrer-les-75-ans-de-la-marque-exclusivement-en-italie\/#breadcrumb","itemListElement":[{"@type":"ListItem","position":1,"name":"Accueil","item":"https:\/\/www.italpassion.fr\/nl\/"},{"@type":"ListItem","position":2,"name":"Abarth 695 : une \u00e9dition limit\u00e9e pour c\u00e9l\u00e9brer les 75 ans de la marque, exclusivement en Italie"}]},{"@type":"WebSite","@id":"https:\/\/www.italpassion.fr\/nl\/#website","url":"https:\/\/www.italpassion.fr\/nl\/","name":"ItalPassion","description":"Italiaanse autoliefhebbers","publisher":{"@id":"https:\/\/www.italpassion.fr\/nl\/#organization"},"potentialAction":[{"@type":"SearchAction","target":{"@type":"EntryPoint","urlTemplate":"https:\/\/www.italpassion.fr\/nl\/?s={search_term_string}"},"query-input":{"@type":"PropertyValueSpecification","valueRequired":true,"valueName":"search_term_string"}}],"inLanguage":"nl-NL"},{"@type":"Organization","@id":"https:\/\/www.italpassion.fr\/nl\/#organization","name":"Italpassion","url":"https:\/\/www.italpassion.fr\/nl\/","logo":{"@type":"ImageObject","inLanguage":"nl-NL","@id":"https:\/\/www.italpassion.fr\/nl\/#\/schema\/logo\/image\/","url":"https:\/\/www.italpassion.fr\/wp-content\/uploads\/2023\/07\/italpassion-yoast.jpg","contentUrl":"https:\/\/www.italpassion.fr\/wp-content\/uploads\/2023\/07\/italpassion-yoast.jpg","width":696,"height":696,"caption":"Italpassion"},"image":{"@id":"https:\/\/www.italpassion.fr\/nl\/#\/schema\/logo\/image\/"},"sameAs":["https:\/\/www.facebook.com\/italpassion","https:\/\/x.com\/italpassion","https:\/\/www.instagram.com\/italpassionfr\/","https:\/\/www.youtube.com\/channel\/UCleq-ByQaA42OjhopwevRjQ","https:\/\/www.facebook.com\/italpassion.en\/","https:\/\/www.facebook.com\/italpassion.it\/","https:\/\/www.facebook.com\/italpassion.de\/","https:\/\/www.facebook.com\/italpassion.ja\/"]},{"@type":"Person","@id":"https:\/\/www.italpassion.fr\/nl\/#\/schema\/person\/36f747b2a759ca202d847e85a9434ca0","name":"Alexandre Filluzeau","image":{"@type":"ImageObject","inLanguage":"nl-NL","@id":"https:\/\/www.italpassion.fr\/nl\/#\/schema\/person\/image\/","url":"https:\/\/www.italpassion.fr\/wp-content\/uploads\/2025\/04\/avatar-alexandre-160x160.jpg","contentUrl":"https:\/\/www.italpassion.fr\/wp-content\/uploads\/2025\/04\/avatar-alexandre-160x160.jpg","caption":"Alexandre Filluzeau"},"description":"Oprichter van de website ItalPassion, gepassioneerd door Italiaanse auto's en Itali\u00eb in het algemeen. Waar mogelijk breng ik een kritisch en technisch oog naar nieuws over Italiaanse merken. Eigenaar van een Maserati GranTurismo, Alfa Romeo MiTo, Lancia Fulvia en Ducati 695. Ex-eigenaar van een Alfa Romeo Giulia.","sameAs":["https:\/\/www.italpassion.fr\/"],"url":"https:\/\/www.italpassion.fr\/nl\/author\/alexandre\/"}]}},"_links":{"self":[{"href":"https:\/\/www.italpassion.fr\/nl\/wp-json\/wp\/v2\/posts\/33187","targetHints":{"allow":["GET"]}}],"collection":[{"href":"https:\/\/www.italpassion.fr\/nl\/wp-json\/wp\/v2\/posts"}],"about":[{"href":"https:\/\/www.italpassion.fr\/nl\/wp-json\/wp\/v2\/types\/post"}],"author":[{"embeddable":true,"href":"https:\/\/www.italpassion.fr\/nl\/wp-json\/wp\/v2\/users\/1"}],"replies":[{"embeddable":true,"href":"https:\/\/www.italpassion.fr\/nl\/wp-json\/wp\/v2\/comments?post=33187"}],"version-history":[{"count":1,"href":"https:\/\/www.italpassion.fr\/nl\/wp-json\/wp\/v2\/posts\/33187\/revisions"}],"predecessor-version":[{"id":33193,"href":"https:\/\/www.italpassion.fr\/nl\/wp-json\/wp\/v2\/posts\/33187\/revisions\/33193"}],"wp:featuredmedia":[{"embeddable":true,"href":"https:\/\/www.italpassion.fr\/nl\/wp-json\/wp\/v2\/media\/33188"}],"wp:attachment":[{"href":"https:\/\/www.italpassion.fr\/nl\/wp-json\/wp\/v2\/media?parent=33187"}],"wp:term":[{"taxonomy":"category","embeddable":true,"href":"https:\/\/www.italpassion.fr\/nl\/wp-json\/wp\/v2\/categories?post=33187"},{"taxonomy":"post_tag","embeddable":true,"href":"https:\/\/www.italpassion.fr\/nl\/wp-json\/wp\/v2\/tags?post=33187"}],"curies":[{"name":"wp","href":"https:\/\/api.w.org\/{rel}","templated":true}]}}