{"id":33139,"date":"2024-02-06T14:47:34","date_gmt":"2024-02-06T13:47:34","guid":{"rendered":"https:\/\/www.italpassion.fr\/?p=33139"},"modified":"2024-02-06T14:51:09","modified_gmt":"2024-02-06T13:51:09","slug":"charles-leclerc-eindelijk-teleurgesteld-over-komst-van-dhamilton-naar-ferrari","status":"publish","type":"post","link":"https:\/\/www.italpassion.fr\/nl\/competition\/formule-1\/charles-leclerc-finalement-decu-de-larrivee-dhamilton-chez-ferrari\/","title":{"rendered":"Charles Leclerc eindelijk teleurgesteld door komst Hamilton naar Ferrari?"},"content":{"rendered":"<figure class=\"wp-block-image size-large\"><img loading=\"lazy\" decoding=\"async\" width=\"1024\" height=\"683\" src=\"https:\/\/www.italpassion.fr\/wp-content\/uploads\/2024\/02\/charles-leclerc-pas-content-1024x683.jpg\" alt=\"\" class=\"wp-image-33140\" srcset=\"https:\/\/www.italpassion.fr\/wp-content\/uploads\/2024\/02\/charles-leclerc-pas-content-1024x683.jpg 1024w, https:\/\/www.italpassion.fr\/wp-content\/uploads\/2024\/02\/charles-leclerc-pas-content-300x200.jpg 300w, https:\/\/www.italpassion.fr\/wp-content\/uploads\/2024\/02\/charles-leclerc-pas-content-768x512.jpg 768w, https:\/\/www.italpassion.fr\/wp-content\/uploads\/2024\/02\/charles-leclerc-pas-content-18x12.jpg 18w, https:\/\/www.italpassion.fr\/wp-content\/uploads\/2024\/02\/charles-leclerc-pas-content-561x374.jpg 561w, https:\/\/www.italpassion.fr\/wp-content\/uploads\/2024\/02\/charles-leclerc-pas-content-1122x749.jpg 1122w, https:\/\/www.italpassion.fr\/wp-content\/uploads\/2024\/02\/charles-leclerc-pas-content-265x177.jpg 265w, https:\/\/www.italpassion.fr\/wp-content\/uploads\/2024\/02\/charles-leclerc-pas-content-531x354.jpg 531w, https:\/\/www.italpassion.fr\/wp-content\/uploads\/2024\/02\/charles-leclerc-pas-content-364x243.jpg 364w, https:\/\/www.italpassion.fr\/wp-content\/uploads\/2024\/02\/charles-leclerc-pas-content-728x486.jpg 728w, https:\/\/www.italpassion.fr\/wp-content\/uploads\/2024\/02\/charles-leclerc-pas-content-608x406.jpg 608w, https:\/\/www.italpassion.fr\/wp-content\/uploads\/2024\/02\/charles-leclerc-pas-content-758x506.jpg 758w, https:\/\/www.italpassion.fr\/wp-content\/uploads\/2024\/02\/charles-leclerc-pas-content-1152x769.jpg 1152w, https:\/\/www.italpassion.fr\/wp-content\/uploads\/2024\/02\/charles-leclerc-pas-content-600x400.jpg 600w, https:\/\/www.italpassion.fr\/wp-content\/uploads\/2024\/02\/charles-leclerc-pas-content.jpg 1199w\" sizes=\"auto, (max-width: 1024px) 100vw, 1024px\" \/><figcaption class=\"wp-element-caption\">Charles Leclerc - Foto Ferrari<\/figcaption><\/figure>\n\n\n\n<p>Dit is de meest langverwachte transfer van de afgelopen jaren in <a href=\"https:\/\/www.italpassion.fr\/nl\/wedstrijd\/formule-1\/\">Formule 1<\/a> : <strong>Lewis Hamilton, de zevenvoudig wereldkampioen, <a href=\"https:\/\/www.italpassion.fr\/nl\/wedstrijd\/formule-1\/lewis-hamilton-bij-scuderia-ferrari-voor-het-seizoen-2025\/\">verlaat Mercedes om in 2025 bij Ferrari te gaan werken<\/a>.<\/strong> Het is een donderslag bij heldere hemel in de autosport en een die het machtsevenwicht tussen teams en coureurs zou kunnen verstoren. Maar wat vindt Charles Leclerc, het jonge Monegaskische wonderkind dat sinds 2019 voor de Scuderia rijdt? Volgens sommige bronnen is hij niet zo enthousiast als je zou denken.<\/p>\n\n\n\n<h2 class=\"wp-block-heading\">Contract verlengd, met een verrassing<\/h2>\n\n\n\n<p>Charles Leclerc, 26, is een van de meest getalenteerde en populaire coureurs van zijn generatie. Hij kwam in 2019 bij Ferrari na een opmerkelijk seizoen bij Sauber (nu Stake). In zijn eerste jaar bij de Reds maakte hij indruk met zijn snelheid, durf en volwassenheid.<\/p>\n\n\n\n<p>Geconfronteerd met de resultaten, <strong>Ferrari heeft niet geaarzeld om zijn contract te verlengen tot 2026<\/strong>Dit maakt hem de best betaalde coureur op de grid, met een geschat jaarsalaris van 40 miljoen euro. Een teken van vertrouwen en erkenning voor Leclerc, die zich altijd verbonden heeft getoond met het merk Prancing Horse. \"Ik ben erg blij dat ik bij Ferrari blijf. Het is een droom die uitkomt voor mij. Ik voel me hier thuis en ik wil bijdragen aan de geschiedenis van dit legendarische team\", verklaarde hij toen zijn verlenging werd aangekondigd.<\/p>\n\n\n\n<p>Maar een paar dagen later kwam er ander nieuws: Lewis Hamilton, de meest succesvolle coureur in de geschiedenis van de F1, zal in 2025 bij Ferrari gaan rijden, nadat hij zijn contract bij Mercedes heeft be\u00ebindigd. <strong>De transfer kwam als een verrassing voor iedereen, inclusief Leclerc, die naar verluidt niet op de hoogte was gebracht van de beslissing door zijn managers.<\/strong> Volgens de Italiaanse krant Corriere dello Sport is Leclerc ongelukkig achter de schermen bij Ferrari en voelt hij zich verraden en bedreigd door de komst van de Brit.<\/p>\n\n\n\n<h2 class=\"wp-block-heading\">Een grote uitdaging voor Leclerc<\/h2>\n\n\n\n<p>Lewis Hamilton, 39, is zonder twijfel de meest dominante coureur van zijn generatie. Hij heeft zeven wereldtitels gewonnen, waarvan zes met Mercedes. Hij wordt beschouwd als een van de beste coureurs aller tijden en is niet van plan om zijn helm binnenkort op te hangen. <strong>Hij tekende een tweejarig contract bij Mercedes in 2023, met een optie voor 2025, die hij uiteindelijk besloot niet uit te oefenen.<\/strong> Hij heeft gekozen voor een nieuwe uitdaging bij Ferrari, het meest prestigieuze en populaire F1-team, maar dat sinds 2008 geen titel meer heeft gewonnen.<\/p>\n\n\n\n<p>Hamilton legde de redenen voor zijn keuze uit in een interview met de BBC: \"Ik ben Mercedes erg dankbaar voor alles wat ze voor me hebben gedaan. Samen hebben we een ongelooflijke pagina in de F1-geschiedenis geschreven. Maar ik voelde dat ik een verandering nodig had, een nieuwe motivatie.<strong> Ferrari is een team dat me altijd heeft gefascineerd, al sinds ik een kind was. Het is een eer om deze kleuren te mogen dragen en de Ferrari-mythe voort te zetten.<\/strong> Ik kijk ernaar uit om samen te werken met Charles, die een uitzonderlijke coureur en een geweldige kerel is. Ik denk dat we een formidabel duo zullen vormen en dat we Ferrari terug naar de top kunnen brengen.\"<\/p>\n\n\n\n<p>Maar <strong>Wat een kans is voor Hamilton kan een risico zijn voor Leclerc<\/strong>. De Monegask zal namelijk te maken krijgen met een teamgenoot van zeer hoog niveau, die hem zou kunnen overschaduwen en zijn status als leider zou kunnen betwisten. Leclerc, die altijd gewend is geweest om zijn teamgenoten te domineren, of het nu Vettel of Sainz is, zal moeten vechten om zijn plaats en zijn reputatie te verdedigen. Hij zal ook<strong> omgaan met druk van de media <\/strong>die ongetwijfeld sterker zal zijn met Hamilton aan zijn zijde.<\/p>\n\n\n\n<p><strong>Leclerc reageerde diplomatiek op de aankondiging van Hamiltons transfer,<\/strong> Ik wil Lewis feliciteren met zijn moedige en ambitieuze keuze. Hij is een groot kampioen en ik ben verheugd dat ik het rijderszadel met hem kan delen bij Ferrari. Ik weet zeker dat we van elkaar zullen leren en zullen samenwerken in het belang van het team. Ik ben klaar om deze uitdaging aan te gaan en mezelf te meten met de besten.\"<\/p>\n\n\n\n<h2 class=\"wp-block-heading\">Een winnend duo voor Ferrari?<\/h2>\n\n\n\n<p><strong>Ferrari wrijft zich in de handen met deze historische transfer.<\/strong>wat het begin van een nieuw tijdperk voor het Italiaanse team zou kunnen betekenen. Na jaren van droogte lijkt Ferrari in 2023 weer competitief te zijn geworden, dankzij een nieuw managementteam onder leiding van Fr\u00e9d\u00e9ric Vasseur en een nieuwe eenzitter, de SF23, waarmee Leclerc en Sainz regelmatig voor podiumplaatsen en overwinningen kunnen strijden. Met Hamilton en Leclerc als coureurs hoopt Ferrari in 2025 mee te kunnen dingen naar de titel en te profiteren van de verandering in het reglement die gepland staat voor 2026, waardoor de kaarten in de teamhi\u00ebrarchie opnieuw geschud kunnen worden.<\/p>\n\n\n\n<p><strong>Ferrari-voorzitter John Elkann was blij met de komst van Hamilton, <\/strong>die hij beschouwt als \"de beste coureur ter wereld\". Hij voegde eraan toe: \"We zijn erg trots dat we op Lewis kunnen rekenen voor 2025. Hij is een uitzonderlijke coureur, maar ook een charismatische en toegewijde persoonlijkheid. Hij vertegenwoordigt de waarden van Ferrari perfect en hij zal in staat zijn om zijn ervaring en passie door te geven aan het hele team. Met hem en Charles hebben we het sterkste duo in de F1 en we zijn ervan overtuigd dat ze ons zullen helpen om terug te keren naar de glorie.\"<\/p>\n\n\n\n<p><strong>Piero Ferrari, de zoon van Enzo en de 10% eigenaar van Ferrari, verwelkomde de keuze ook.<\/strong> over Hamilton, die hij ziet als \"een erfgenaam van de Ferrari-mythe\". Hij zei: \"Lewis is een coureur die zijn stempel heeft gedrukt op de geschiedenis van de F1 en die altijd respect en bewondering heeft gehad voor Ferrari. We zijn vereerd om hem te verwelkomen in de Ferrari-familie en hem de kans te geven om zijn droom na te jagen. Ik weet zeker dat hij het goed zal kunnen vinden met Charles, die een toekomstig kampioen is. Ze zullen een formidabel paar vormen, een paar dat tifosi over de hele wereld in vervoering zal brengen.\"<\/p>","protected":false},"excerpt":{"rendered":"","protected":false},"author":1,"featured_media":33140,"comment_status":"open","ping_status":"open","sticky":false,"template":"","format":"standard","meta":{"_acf_changed":false,"_sitemap_exclude":false,"_sitemap_priority":"","_sitemap_frequency":"","footnotes":""},"categories":[328,323],"tags":[],"class_list":["post-33139","post","type-post","status-publish","format-standard","has-post-thumbnail","hentry","category-formule-1","category-competition","generate-columns","tablet-grid-50","mobile-grid-100","grid-parent","grid-33"],"acf":[],"yoast_head":"<!-- This site is optimized with the Yoast SEO plugin v25.8 - https:\/\/yoast.com\/wordpress\/plugins\/seo\/ -->\n<title>Charles Leclerc finalement d\u00e9\u00e7u de l&#039;arriv\u00e9e d&#039;Hamilton chez Ferrari ? - ItalPassion<\/title>\n<meta name=\"description\" content=\"Charles Leclerc - Photo Ferrari C\u2019est le transfert le plus attendu de ces derni\u00e8res ann\u00e9es en Formule 1 : Lewis Hamilton, le septuple champion du monde,\" \/>\n<meta name=\"robots\" content=\"index, follow, max-snippet:-1, max-image-preview:large, max-video-preview:-1\" \/>\n<link rel=\"canonical\" href=\"https:\/\/www.italpassion.fr\/nl\/wedstrijd\/formule-1\/charles-leclerc-eindelijk-teleurgesteld-over-komst-van-dhamilton-naar-ferrari\/\" \/>\n<meta property=\"og:locale\" content=\"nl_NL\" \/>\n<meta property=\"og:type\" content=\"article\" \/>\n<meta property=\"og:title\" content=\"Charles Leclerc finalement d\u00e9\u00e7u de l&#039;arriv\u00e9e d&#039;Hamilton chez Ferrari ? - ItalPassion\" \/>\n<meta property=\"og:description\" content=\"Charles Leclerc - Photo Ferrari C\u2019est le transfert le plus attendu de ces derni\u00e8res ann\u00e9es en Formule 1 : Lewis Hamilton, le septuple champion du monde,\" \/>\n<meta property=\"og:url\" content=\"https:\/\/www.italpassion.fr\/nl\/wedstrijd\/formule-1\/charles-leclerc-eindelijk-teleurgesteld-over-komst-van-dhamilton-naar-ferrari\/\" \/>\n<meta property=\"og:site_name\" content=\"ItalPassion\" \/>\n<meta property=\"article:publisher\" content=\"https:\/\/www.facebook.com\/italpassion\" \/>\n<meta property=\"article:published_time\" content=\"2024-02-06T13:47:34+00:00\" \/>\n<meta property=\"article:modified_time\" content=\"2024-02-06T13:51:09+00:00\" \/>\n<meta property=\"og:image\" content=\"https:\/\/www.italpassion.fr\/wp-content\/uploads\/2024\/02\/charles-leclerc-pas-content.jpg\" \/>\n\t<meta property=\"og:image:width\" content=\"1199\" \/>\n\t<meta property=\"og:image:height\" content=\"800\" \/>\n\t<meta property=\"og:image:type\" content=\"image\/jpeg\" \/>\n<meta name=\"author\" content=\"Alexandre Filluzeau\" \/>\n<meta name=\"twitter:card\" content=\"summary_large_image\" \/>\n<meta name=\"twitter:creator\" content=\"@italpassion\" \/>\n<meta name=\"twitter:site\" content=\"@italpassion\" \/>\n<script type=\"application\/ld+json\" class=\"yoast-schema-graph\">{\"@context\":\"https:\/\/schema.org\",\"@graph\":[{\"@type\":\"NewsArticle\",\"@id\":\"https:\/\/www.italpassion.fr\/nl\/competition\/formule-1\/charles-leclerc-finalement-decu-de-larrivee-dhamilton-chez-ferrari\/#article\",\"isPartOf\":{\"@id\":\"https:\/\/www.italpassion.fr\/nl\/competition\/formule-1\/charles-leclerc-finalement-decu-de-larrivee-dhamilton-chez-ferrari\/\"},\"author\":{\"name\":\"Alexandre Filluzeau\",\"@id\":\"https:\/\/www.italpassion.fr\/nl\/#\/schema\/person\/36f747b2a759ca202d847e85a9434ca0\"},\"headline\":\"Charles Leclerc finalement d\u00e9\u00e7u de l&rsquo;arriv\u00e9e d&rsquo;Hamilton chez Ferrari ?\",\"datePublished\":\"2024-02-06T13:47:34+00:00\",\"dateModified\":\"2024-02-06T13:51:09+00:00\",\"mainEntityOfPage\":{\"@id\":\"https:\/\/www.italpassion.fr\/nl\/competition\/formule-1\/charles-leclerc-finalement-decu-de-larrivee-dhamilton-chez-ferrari\/\"},\"wordCount\":1117,\"commentCount\":15,\"publisher\":{\"@id\":\"https:\/\/www.italpassion.fr\/nl\/#organization\"},\"image\":{\"@id\":\"https:\/\/www.italpassion.fr\/nl\/competition\/formule-1\/charles-leclerc-finalement-decu-de-larrivee-dhamilton-chez-ferrari\/#primaryimage\"},\"thumbnailUrl\":\"https:\/\/www.italpassion.fr\/wp-content\/uploads\/2024\/02\/charles-leclerc-pas-content.jpg\",\"articleSection\":[\"Formule 1\",\"Sport Auto\"],\"inLanguage\":\"nl-NL\",\"potentialAction\":[{\"@type\":\"CommentAction\",\"name\":\"Comment\",\"target\":[\"https:\/\/www.italpassion.fr\/nl\/competition\/formule-1\/charles-leclerc-finalement-decu-de-larrivee-dhamilton-chez-ferrari\/#respond\"]}]},{\"@type\":\"WebPage\",\"@id\":\"https:\/\/www.italpassion.fr\/nl\/competition\/formule-1\/charles-leclerc-finalement-decu-de-larrivee-dhamilton-chez-ferrari\/\",\"url\":\"https:\/\/www.italpassion.fr\/nl\/competition\/formule-1\/charles-leclerc-finalement-decu-de-larrivee-dhamilton-chez-ferrari\/\",\"name\":\"Charles Leclerc finalement d\u00e9\u00e7u de l'arriv\u00e9e d'Hamilton chez Ferrari ? - ItalPassion\",\"isPartOf\":{\"@id\":\"https:\/\/www.italpassion.fr\/nl\/#website\"},\"primaryImageOfPage\":{\"@id\":\"https:\/\/www.italpassion.fr\/nl\/competition\/formule-1\/charles-leclerc-finalement-decu-de-larrivee-dhamilton-chez-ferrari\/#primaryimage\"},\"image\":{\"@id\":\"https:\/\/www.italpassion.fr\/nl\/competition\/formule-1\/charles-leclerc-finalement-decu-de-larrivee-dhamilton-chez-ferrari\/#primaryimage\"},\"thumbnailUrl\":\"https:\/\/www.italpassion.fr\/wp-content\/uploads\/2024\/02\/charles-leclerc-pas-content.jpg\",\"datePublished\":\"2024-02-06T13:47:34+00:00\",\"dateModified\":\"2024-02-06T13:51:09+00:00\",\"description\":\"Charles Leclerc - Photo Ferrari C\u2019est le transfert le plus attendu de ces derni\u00e8res ann\u00e9es en Formule 1 : Lewis Hamilton, le septuple champion du monde,\",\"breadcrumb\":{\"@id\":\"https:\/\/www.italpassion.fr\/nl\/competition\/formule-1\/charles-leclerc-finalement-decu-de-larrivee-dhamilton-chez-ferrari\/#breadcrumb\"},\"inLanguage\":\"nl-NL\",\"potentialAction\":[{\"@type\":\"ReadAction\",\"target\":[\"https:\/\/www.italpassion.fr\/nl\/competition\/formule-1\/charles-leclerc-finalement-decu-de-larrivee-dhamilton-chez-ferrari\/\"]}]},{\"@type\":\"ImageObject\",\"inLanguage\":\"nl-NL\",\"@id\":\"https:\/\/www.italpassion.fr\/nl\/competition\/formule-1\/charles-leclerc-finalement-decu-de-larrivee-dhamilton-chez-ferrari\/#primaryimage\",\"url\":\"https:\/\/www.italpassion.fr\/wp-content\/uploads\/2024\/02\/charles-leclerc-pas-content.jpg\",\"contentUrl\":\"https:\/\/www.italpassion.fr\/wp-content\/uploads\/2024\/02\/charles-leclerc-pas-content.jpg\",\"width\":1199,\"height\":800,\"caption\":\"charles-leclerc-pas-content\"},{\"@type\":\"BreadcrumbList\",\"@id\":\"https:\/\/www.italpassion.fr\/nl\/competition\/formule-1\/charles-leclerc-finalement-decu-de-larrivee-dhamilton-chez-ferrari\/#breadcrumb\",\"itemListElement\":[{\"@type\":\"ListItem\",\"position\":1,\"name\":\"Accueil\",\"item\":\"https:\/\/www.italpassion.fr\/nl\/\"},{\"@type\":\"ListItem\",\"position\":2,\"name\":\"Charles Leclerc finalement d\u00e9\u00e7u de l&rsquo;arriv\u00e9e d&rsquo;Hamilton chez Ferrari ?\"}]},{\"@type\":\"WebSite\",\"@id\":\"https:\/\/www.italpassion.fr\/nl\/#website\",\"url\":\"https:\/\/www.italpassion.fr\/nl\/\",\"name\":\"ItalPassion\",\"description\":\"Les Passionn\u00e9s d&#039;Automobiles Italiennes\",\"publisher\":{\"@id\":\"https:\/\/www.italpassion.fr\/nl\/#organization\"},\"potentialAction\":[{\"@type\":\"SearchAction\",\"target\":{\"@type\":\"EntryPoint\",\"urlTemplate\":\"https:\/\/www.italpassion.fr\/nl\/?s={search_term_string}\"},\"query-input\":{\"@type\":\"PropertyValueSpecification\",\"valueRequired\":true,\"valueName\":\"search_term_string\"}}],\"inLanguage\":\"nl-NL\"},{\"@type\":\"Organization\",\"@id\":\"https:\/\/www.italpassion.fr\/nl\/#organization\",\"name\":\"Italpassion\",\"url\":\"https:\/\/www.italpassion.fr\/nl\/\",\"logo\":{\"@type\":\"ImageObject\",\"inLanguage\":\"nl-NL\",\"@id\":\"https:\/\/www.italpassion.fr\/nl\/#\/schema\/logo\/image\/\",\"url\":\"https:\/\/www.italpassion.fr\/wp-content\/uploads\/2023\/07\/italpassion-yoast.jpg\",\"contentUrl\":\"https:\/\/www.italpassion.fr\/wp-content\/uploads\/2023\/07\/italpassion-yoast.jpg\",\"width\":696,\"height\":696,\"caption\":\"Italpassion\"},\"image\":{\"@id\":\"https:\/\/www.italpassion.fr\/nl\/#\/schema\/logo\/image\/\"},\"sameAs\":[\"https:\/\/www.facebook.com\/italpassion\",\"https:\/\/x.com\/italpassion\",\"https:\/\/www.instagram.com\/italpassionfr\/\",\"https:\/\/www.youtube.com\/channel\/UCleq-ByQaA42OjhopwevRjQ\",\"https:\/\/www.facebook.com\/italpassion.en\/\",\"https:\/\/www.facebook.com\/italpassion.it\/\",\"https:\/\/www.facebook.com\/italpassion.de\/\",\"https:\/\/www.facebook.com\/italpassion.ja\/\"]},{\"@type\":\"Person\",\"@id\":\"https:\/\/www.italpassion.fr\/nl\/#\/schema\/person\/36f747b2a759ca202d847e85a9434ca0\",\"name\":\"Alexandre Filluzeau\",\"image\":{\"@type\":\"ImageObject\",\"inLanguage\":\"nl-NL\",\"@id\":\"https:\/\/www.italpassion.fr\/nl\/#\/schema\/person\/image\/\",\"url\":\"https:\/\/www.italpassion.fr\/wp-content\/uploads\/2025\/04\/avatar-alexandre-160x160.jpg\",\"contentUrl\":\"https:\/\/www.italpassion.fr\/wp-content\/uploads\/2025\/04\/avatar-alexandre-160x160.jpg\",\"caption\":\"Alexandre Filluzeau\"},\"description\":\"Fondateur du site ItalPassion, passionn\u00e9 de voitures italiennes et de l'Italie en g\u00e9n\u00e9ral. J'apporte un regard critique et technique aux actualit\u00e9s des marques italiennes quand cela est possible. Propri\u00e9taire d'une Maserati GranTurismo, Alfa Romeo MiTo, Lancia Fulvia et Ducati 695. Ex-propri\u00e9taire d'une Alfa Romeo Giulia.\",\"sameAs\":[\"https:\/\/www.italpassion.fr\/\"],\"url\":\"https:\/\/www.italpassion.fr\/nl\/author\/alexandre\/\"}]}<\/script>\n<!-- \/ Yoast SEO plugin. -->","yoast_head_json":{"title":"Charles Leclerc eindelijk teleurgesteld door komst Hamilton naar Ferrari? - Passie","description":"Charles Leclerc - Foto Ferrari Het is de meest verwachte transfer in de Formule 1 van de afgelopen jaren: Lewis Hamilton, de zevenvoudig wereldkampioen,","robots":{"index":"index","follow":"follow","max-snippet":"max-snippet:-1","max-image-preview":"max-image-preview:large","max-video-preview":"max-video-preview:-1"},"canonical":"https:\/\/www.italpassion.fr\/nl\/wedstrijd\/formule-1\/charles-leclerc-eindelijk-teleurgesteld-over-komst-van-dhamilton-naar-ferrari\/","og_locale":"nl_NL","og_type":"article","og_title":"Charles Leclerc finalement d\u00e9\u00e7u de l'arriv\u00e9e d'Hamilton chez Ferrari ? - ItalPassion","og_description":"Charles Leclerc - Photo Ferrari C\u2019est le transfert le plus attendu de ces derni\u00e8res ann\u00e9es en Formule 1 : Lewis Hamilton, le septuple champion du monde,","og_url":"https:\/\/www.italpassion.fr\/nl\/wedstrijd\/formule-1\/charles-leclerc-eindelijk-teleurgesteld-over-komst-van-dhamilton-naar-ferrari\/","og_site_name":"ItalPassion","article_publisher":"https:\/\/www.facebook.com\/italpassion","article_published_time":"2024-02-06T13:47:34+00:00","article_modified_time":"2024-02-06T13:51:09+00:00","og_image":[{"width":1199,"height":800,"url":"https:\/\/www.italpassion.fr\/wp-content\/uploads\/2024\/02\/charles-leclerc-pas-content.jpg","type":"image\/jpeg"}],"author":"Alexandre Filluzeau","twitter_card":"summary_large_image","twitter_creator":"@italpassion","twitter_site":"@italpassion","schema":{"@context":"https:\/\/schema.org","@graph":[{"@type":"NewsArticle","@id":"https:\/\/www.italpassion.fr\/nl\/competition\/formule-1\/charles-leclerc-finalement-decu-de-larrivee-dhamilton-chez-ferrari\/#article","isPartOf":{"@id":"https:\/\/www.italpassion.fr\/nl\/competition\/formule-1\/charles-leclerc-finalement-decu-de-larrivee-dhamilton-chez-ferrari\/"},"author":{"name":"Alexandre Filluzeau","@id":"https:\/\/www.italpassion.fr\/nl\/#\/schema\/person\/36f747b2a759ca202d847e85a9434ca0"},"headline":"Charles Leclerc finalement d\u00e9\u00e7u de l&rsquo;arriv\u00e9e d&rsquo;Hamilton chez Ferrari ?","datePublished":"2024-02-06T13:47:34+00:00","dateModified":"2024-02-06T13:51:09+00:00","mainEntityOfPage":{"@id":"https:\/\/www.italpassion.fr\/nl\/competition\/formule-1\/charles-leclerc-finalement-decu-de-larrivee-dhamilton-chez-ferrari\/"},"wordCount":1117,"commentCount":15,"publisher":{"@id":"https:\/\/www.italpassion.fr\/nl\/#organization"},"image":{"@id":"https:\/\/www.italpassion.fr\/nl\/competition\/formule-1\/charles-leclerc-finalement-decu-de-larrivee-dhamilton-chez-ferrari\/#primaryimage"},"thumbnailUrl":"https:\/\/www.italpassion.fr\/wp-content\/uploads\/2024\/02\/charles-leclerc-pas-content.jpg","articleSection":["Formule 1","Sport Auto"],"inLanguage":"nl-NL","potentialAction":[{"@type":"CommentAction","name":"Comment","target":["https:\/\/www.italpassion.fr\/nl\/competition\/formule-1\/charles-leclerc-finalement-decu-de-larrivee-dhamilton-chez-ferrari\/#respond"]}]},{"@type":"WebPage","@id":"https:\/\/www.italpassion.fr\/nl\/competition\/formule-1\/charles-leclerc-finalement-decu-de-larrivee-dhamilton-chez-ferrari\/","url":"https:\/\/www.italpassion.fr\/nl\/competition\/formule-1\/charles-leclerc-finalement-decu-de-larrivee-dhamilton-chez-ferrari\/","name":"Charles Leclerc eindelijk teleurgesteld door komst Hamilton naar Ferrari? - Passie","isPartOf":{"@id":"https:\/\/www.italpassion.fr\/nl\/#website"},"primaryImageOfPage":{"@id":"https:\/\/www.italpassion.fr\/nl\/competition\/formule-1\/charles-leclerc-finalement-decu-de-larrivee-dhamilton-chez-ferrari\/#primaryimage"},"image":{"@id":"https:\/\/www.italpassion.fr\/nl\/competition\/formule-1\/charles-leclerc-finalement-decu-de-larrivee-dhamilton-chez-ferrari\/#primaryimage"},"thumbnailUrl":"https:\/\/www.italpassion.fr\/wp-content\/uploads\/2024\/02\/charles-leclerc-pas-content.jpg","datePublished":"2024-02-06T13:47:34+00:00","dateModified":"2024-02-06T13:51:09+00:00","description":"Charles Leclerc - Foto Ferrari Het is de meest verwachte transfer in de Formule 1 van de afgelopen jaren: Lewis Hamilton, de zevenvoudig wereldkampioen,","breadcrumb":{"@id":"https:\/\/www.italpassion.fr\/nl\/competition\/formule-1\/charles-leclerc-finalement-decu-de-larrivee-dhamilton-chez-ferrari\/#breadcrumb"},"inLanguage":"nl-NL","potentialAction":[{"@type":"ReadAction","target":["https:\/\/www.italpassion.fr\/nl\/competition\/formule-1\/charles-leclerc-finalement-decu-de-larrivee-dhamilton-chez-ferrari\/"]}]},{"@type":"ImageObject","inLanguage":"nl-NL","@id":"https:\/\/www.italpassion.fr\/nl\/competition\/formule-1\/charles-leclerc-finalement-decu-de-larrivee-dhamilton-chez-ferrari\/#primaryimage","url":"https:\/\/www.italpassion.fr\/wp-content\/uploads\/2024\/02\/charles-leclerc-pas-content.jpg","contentUrl":"https:\/\/www.italpassion.fr\/wp-content\/uploads\/2024\/02\/charles-leclerc-pas-content.jpg","width":1199,"height":800,"caption":"charles-leclerc-pas-content"},{"@type":"BreadcrumbList","@id":"https:\/\/www.italpassion.fr\/nl\/competition\/formule-1\/charles-leclerc-finalement-decu-de-larrivee-dhamilton-chez-ferrari\/#breadcrumb","itemListElement":[{"@type":"ListItem","position":1,"name":"Accueil","item":"https:\/\/www.italpassion.fr\/nl\/"},{"@type":"ListItem","position":2,"name":"Charles Leclerc finalement d\u00e9\u00e7u de l&rsquo;arriv\u00e9e d&rsquo;Hamilton chez Ferrari ?"}]},{"@type":"WebSite","@id":"https:\/\/www.italpassion.fr\/nl\/#website","url":"https:\/\/www.italpassion.fr\/nl\/","name":"ItalPassion","description":"Italiaanse autoliefhebbers","publisher":{"@id":"https:\/\/www.italpassion.fr\/nl\/#organization"},"potentialAction":[{"@type":"SearchAction","target":{"@type":"EntryPoint","urlTemplate":"https:\/\/www.italpassion.fr\/nl\/?s={search_term_string}"},"query-input":{"@type":"PropertyValueSpecification","valueRequired":true,"valueName":"search_term_string"}}],"inLanguage":"nl-NL"},{"@type":"Organization","@id":"https:\/\/www.italpassion.fr\/nl\/#organization","name":"Italpassion","url":"https:\/\/www.italpassion.fr\/nl\/","logo":{"@type":"ImageObject","inLanguage":"nl-NL","@id":"https:\/\/www.italpassion.fr\/nl\/#\/schema\/logo\/image\/","url":"https:\/\/www.italpassion.fr\/wp-content\/uploads\/2023\/07\/italpassion-yoast.jpg","contentUrl":"https:\/\/www.italpassion.fr\/wp-content\/uploads\/2023\/07\/italpassion-yoast.jpg","width":696,"height":696,"caption":"Italpassion"},"image":{"@id":"https:\/\/www.italpassion.fr\/nl\/#\/schema\/logo\/image\/"},"sameAs":["https:\/\/www.facebook.com\/italpassion","https:\/\/x.com\/italpassion","https:\/\/www.instagram.com\/italpassionfr\/","https:\/\/www.youtube.com\/channel\/UCleq-ByQaA42OjhopwevRjQ","https:\/\/www.facebook.com\/italpassion.en\/","https:\/\/www.facebook.com\/italpassion.it\/","https:\/\/www.facebook.com\/italpassion.de\/","https:\/\/www.facebook.com\/italpassion.ja\/"]},{"@type":"Person","@id":"https:\/\/www.italpassion.fr\/nl\/#\/schema\/person\/36f747b2a759ca202d847e85a9434ca0","name":"Alexandre Filluzeau","image":{"@type":"ImageObject","inLanguage":"nl-NL","@id":"https:\/\/www.italpassion.fr\/nl\/#\/schema\/person\/image\/","url":"https:\/\/www.italpassion.fr\/wp-content\/uploads\/2025\/04\/avatar-alexandre-160x160.jpg","contentUrl":"https:\/\/www.italpassion.fr\/wp-content\/uploads\/2025\/04\/avatar-alexandre-160x160.jpg","caption":"Alexandre Filluzeau"},"description":"Oprichter van de website ItalPassion, gepassioneerd door Italiaanse auto's en Itali\u00eb in het algemeen. Waar mogelijk breng ik een kritisch en technisch oog naar nieuws over Italiaanse merken. Eigenaar van een Maserati GranTurismo, Alfa Romeo MiTo, Lancia Fulvia en Ducati 695. Ex-eigenaar van een Alfa Romeo Giulia.","sameAs":["https:\/\/www.italpassion.fr\/"],"url":"https:\/\/www.italpassion.fr\/nl\/author\/alexandre\/"}]}},"_links":{"self":[{"href":"https:\/\/www.italpassion.fr\/nl\/wp-json\/wp\/v2\/posts\/33139","targetHints":{"allow":["GET"]}}],"collection":[{"href":"https:\/\/www.italpassion.fr\/nl\/wp-json\/wp\/v2\/posts"}],"about":[{"href":"https:\/\/www.italpassion.fr\/nl\/wp-json\/wp\/v2\/types\/post"}],"author":[{"embeddable":true,"href":"https:\/\/www.italpassion.fr\/nl\/wp-json\/wp\/v2\/users\/1"}],"replies":[{"embeddable":true,"href":"https:\/\/www.italpassion.fr\/nl\/wp-json\/wp\/v2\/comments?post=33139"}],"version-history":[{"count":2,"href":"https:\/\/www.italpassion.fr\/nl\/wp-json\/wp\/v2\/posts\/33139\/revisions"}],"predecessor-version":[{"id":33143,"href":"https:\/\/www.italpassion.fr\/nl\/wp-json\/wp\/v2\/posts\/33139\/revisions\/33143"}],"wp:featuredmedia":[{"embeddable":true,"href":"https:\/\/www.italpassion.fr\/nl\/wp-json\/wp\/v2\/media\/33140"}],"wp:attachment":[{"href":"https:\/\/www.italpassion.fr\/nl\/wp-json\/wp\/v2\/media?parent=33139"}],"wp:term":[{"taxonomy":"category","embeddable":true,"href":"https:\/\/www.italpassion.fr\/nl\/wp-json\/wp\/v2\/categories?post=33139"},{"taxonomy":"post_tag","embeddable":true,"href":"https:\/\/www.italpassion.fr\/nl\/wp-json\/wp\/v2\/tags?post=33139"}],"curies":[{"name":"wp","href":"https:\/\/api.w.org\/{rel}","templated":true}]}}