{"id":32824,"date":"2024-01-08T20:54:40","date_gmt":"2024-01-08T19:54:40","guid":{"rendered":"https:\/\/www.italpassion.fr\/?p=32824"},"modified":"2024-01-08T20:54:42","modified_gmt":"2024-01-08T19:54:42","slug":"stellantis-van-plan-lancia-terug-te-brengen-naar-wrc","status":"publish","type":"post","link":"https:\/\/www.italpassion.fr\/nl\/lancia\/stellantis-envisage-bien-de-ramener-lancia-en-wrc\/","title":{"rendered":"Stellantis wil Lancia terugbrengen naar het WRC"},"content":{"rendered":"<p>Na een afwezigheid van meer dan 30 jaar is het legendarische merk <a href=\"https:\/\/www.italpassion.fr\/nl\/lancia\/\">Lancia<\/a>nu onder auspici\u00ebn van Stellantis, is klaar om een comeback te maken in de rallywereld. De aankondiging, hoewel onofficieel, heeft al een golf van opwinding veroorzaakt onder rallyliefhebbers, vooral in Itali\u00eb met het tijdschrift Autosprint.<\/p>\n\n\n\n<p>Carlos Tavares, CEO van Stellantis en zelf een fervent rallyfan, werd twee jaar geleden gespot terwijl hij een Lancia Stratos bestuurde tijdens de 24e Rally Montecarlo Historique. Dit symbolische gebaar had de geruchten en hoop op een terugkeer van Lancia in de rallycompetitie al aangewakkerd.<\/p>\n\n\n\n<figure class=\"wp-block-image size-large\"><img loading=\"lazy\" decoding=\"async\" width=\"1024\" height=\"683\" src=\"https:\/\/www.italpassion.fr\/wp-content\/uploads\/2024\/01\/carlos-tavares-lancia-stratos-1024x683.jpg\" alt=\"\" class=\"wp-image-32825\" srcset=\"https:\/\/www.italpassion.fr\/wp-content\/uploads\/2024\/01\/carlos-tavares-lancia-stratos-1024x683.jpg 1024w, https:\/\/www.italpassion.fr\/wp-content\/uploads\/2024\/01\/carlos-tavares-lancia-stratos-300x200.jpg 300w, https:\/\/www.italpassion.fr\/wp-content\/uploads\/2024\/01\/carlos-tavares-lancia-stratos-768x512.jpg 768w, https:\/\/www.italpassion.fr\/wp-content\/uploads\/2024\/01\/carlos-tavares-lancia-stratos-18x12.jpg 18w, https:\/\/www.italpassion.fr\/wp-content\/uploads\/2024\/01\/carlos-tavares-lancia-stratos-561x374.jpg 561w, https:\/\/www.italpassion.fr\/wp-content\/uploads\/2024\/01\/carlos-tavares-lancia-stratos-1122x748.jpg 1122w, https:\/\/www.italpassion.fr\/wp-content\/uploads\/2024\/01\/carlos-tavares-lancia-stratos-265x177.jpg 265w, https:\/\/www.italpassion.fr\/wp-content\/uploads\/2024\/01\/carlos-tavares-lancia-stratos-531x354.jpg 531w, https:\/\/www.italpassion.fr\/wp-content\/uploads\/2024\/01\/carlos-tavares-lancia-stratos-364x243.jpg 364w, https:\/\/www.italpassion.fr\/wp-content\/uploads\/2024\/01\/carlos-tavares-lancia-stratos-728x485.jpg 728w, https:\/\/www.italpassion.fr\/wp-content\/uploads\/2024\/01\/carlos-tavares-lancia-stratos-608x405.jpg 608w, https:\/\/www.italpassion.fr\/wp-content\/uploads\/2024\/01\/carlos-tavares-lancia-stratos-758x505.jpg 758w, https:\/\/www.italpassion.fr\/wp-content\/uploads\/2024\/01\/carlos-tavares-lancia-stratos-1152x768.jpg 1152w, https:\/\/www.italpassion.fr\/wp-content\/uploads\/2024\/01\/carlos-tavares-lancia-stratos-600x400.jpg 600w, https:\/\/www.italpassion.fr\/wp-content\/uploads\/2024\/01\/carlos-tavares-lancia-stratos.jpg 1200w\" sizes=\"auto, (max-width: 1024px) 100vw, 1024px\" \/><\/figure>\n\n\n\n<p>Deze hoop zou werkelijkheid kunnen worden en lijkt zich te richten op de toekomstige Lancia Ypsilon, die zou worden omgetoverd tot een rallyauto. <strong>Rally 2 specificatie<\/strong>. De ontwikkeling van dit project zou al in 2024 moeten beginnen, met als doel deelname in 2025, om het merk voor te bereiden op de overgang naar de nieuwe WRC-reglementen in 2027.<\/p>\n\n\n\n<p>Sinds 2023 is het mogelijk om deel te nemen aan Rally 2 met een verbrandingsmotor die is uitgerust met mild hybridetechnologie. En dat is maar goed ook, want de Ypsilon wordt leverbaar in elektrische versie en met de 1.2 PureTech Hybrid met 48V lichte elektrificatie.<\/p>\n\n\n\n<p>Luca Napolitano, CEO van Lancia, heeft zijn toewijding aan het merk herhaald<strong>Dit onderstreept de strategie om Lancia's betrokkenheid bij de autosport te vernieuwen. <\/strong>Deze inspanning is ook gekoppeld aan marketinginitiatieven, zoals blijkt uit de geplande lancering in februari van de nieuwe Ypsilon 2024, met een elektrische limited edition 100% als eerbetoon aan het jaar waarin het merk werd opgericht. De Lancia Ypsilon HF, een veel krachtigere elektrische versie, zal ook in 2025 worden gepresenteerd.<\/p>\n\n\n\n<p>Hoewel Stellantis nog geen offici\u00eble aankondiging heeft gedaan, laten Carlos Tavares' betrokkenheid en enthousiasme voor de rallysport weinig twijfel bestaan over de bedoelingen van de groep. Hij is al aanwezig in Rally 2 met de Citro\u00ebn C3 en zou in 2025 plaats kunnen maken voor de Ypsilon.<\/p>\n\n\n\n<p>De rallywereld is benieuwd hoe dit initiatief zal uitpakken en of Lancia, met zijn erfgoed en prestige, opnieuw zijn stempel zal kunnen drukken op het rallylandschap.<\/p>","protected":false},"excerpt":{"rendered":"","protected":false},"author":1,"featured_media":32825,"comment_status":"open","ping_status":"open","sticky":false,"template":"","format":"standard","meta":{"_acf_changed":false,"_sitemap_exclude":false,"_sitemap_priority":"","_sitemap_frequency":"","footnotes":""},"categories":[26],"tags":[],"class_list":["post-32824","post","type-post","status-publish","format-standard","has-post-thumbnail","hentry","category-lancia","generate-columns","tablet-grid-50","mobile-grid-100","grid-parent","grid-33"],"acf":[],"yoast_head":"<!-- This site is optimized with the Yoast SEO plugin v25.8 - https:\/\/yoast.com\/wordpress\/plugins\/seo\/ -->\n<title>Stellantis envisage bien de ramener Lancia en WRC - ItalPassion<\/title>\n<meta name=\"description\" content=\"Apr\u00e8s plus de 30 ans d&#039;absence, la l\u00e9gendaire marque Lancia, maintenant sous l&#039;\u00e9gide de Stellantis, est en passe de faire son retour dans le monde du\" \/>\n<meta name=\"robots\" content=\"index, follow, max-snippet:-1, max-image-preview:large, max-video-preview:-1\" \/>\n<link rel=\"canonical\" href=\"https:\/\/www.italpassion.fr\/nl\/lancia\/stellantis-van-plan-lancia-terug-te-brengen-naar-wrc\/\" \/>\n<meta property=\"og:locale\" content=\"nl_NL\" \/>\n<meta property=\"og:type\" content=\"article\" \/>\n<meta property=\"og:title\" content=\"Stellantis envisage bien de ramener Lancia en WRC - ItalPassion\" \/>\n<meta property=\"og:description\" content=\"Apr\u00e8s plus de 30 ans d&#039;absence, la l\u00e9gendaire marque Lancia, maintenant sous l&#039;\u00e9gide de Stellantis, est en passe de faire son retour dans le monde du\" \/>\n<meta property=\"og:url\" content=\"https:\/\/www.italpassion.fr\/nl\/lancia\/stellantis-van-plan-lancia-terug-te-brengen-naar-wrc\/\" \/>\n<meta property=\"og:site_name\" content=\"ItalPassion\" \/>\n<meta property=\"article:publisher\" content=\"https:\/\/www.facebook.com\/italpassion\" \/>\n<meta property=\"article:published_time\" content=\"2024-01-08T19:54:40+00:00\" \/>\n<meta property=\"article:modified_time\" content=\"2024-01-08T19:54:42+00:00\" \/>\n<meta property=\"og:image\" content=\"https:\/\/www.italpassion.fr\/wp-content\/uploads\/2024\/01\/carlos-tavares-lancia-stratos.jpg\" \/>\n\t<meta property=\"og:image:width\" content=\"1200\" \/>\n\t<meta property=\"og:image:height\" content=\"800\" \/>\n\t<meta property=\"og:image:type\" content=\"image\/jpeg\" \/>\n<meta name=\"author\" content=\"Alexandre Filluzeau\" \/>\n<meta name=\"twitter:card\" content=\"summary_large_image\" \/>\n<meta name=\"twitter:creator\" content=\"@italpassion\" \/>\n<meta name=\"twitter:site\" content=\"@italpassion\" \/>\n<script type=\"application\/ld+json\" class=\"yoast-schema-graph\">{\"@context\":\"https:\/\/schema.org\",\"@graph\":[{\"@type\":\"NewsArticle\",\"@id\":\"https:\/\/www.italpassion.fr\/nl\/lancia\/stellantis-envisage-bien-de-ramener-lancia-en-wrc\/#article\",\"isPartOf\":{\"@id\":\"https:\/\/www.italpassion.fr\/nl\/lancia\/stellantis-envisage-bien-de-ramener-lancia-en-wrc\/\"},\"author\":{\"name\":\"Alexandre Filluzeau\",\"@id\":\"https:\/\/www.italpassion.fr\/nl\/#\/schema\/person\/36f747b2a759ca202d847e85a9434ca0\"},\"headline\":\"Stellantis envisage bien de ramener Lancia en WRC\",\"datePublished\":\"2024-01-08T19:54:40+00:00\",\"dateModified\":\"2024-01-08T19:54:42+00:00\",\"mainEntityOfPage\":{\"@id\":\"https:\/\/www.italpassion.fr\/nl\/lancia\/stellantis-envisage-bien-de-ramener-lancia-en-wrc\/\"},\"wordCount\":405,\"commentCount\":5,\"publisher\":{\"@id\":\"https:\/\/www.italpassion.fr\/nl\/#organization\"},\"image\":{\"@id\":\"https:\/\/www.italpassion.fr\/nl\/lancia\/stellantis-envisage-bien-de-ramener-lancia-en-wrc\/#primaryimage\"},\"thumbnailUrl\":\"https:\/\/www.italpassion.fr\/wp-content\/uploads\/2024\/01\/carlos-tavares-lancia-stratos.jpg\",\"articleSection\":[\"Lancia\"],\"inLanguage\":\"nl-NL\",\"potentialAction\":[{\"@type\":\"CommentAction\",\"name\":\"Comment\",\"target\":[\"https:\/\/www.italpassion.fr\/nl\/lancia\/stellantis-envisage-bien-de-ramener-lancia-en-wrc\/#respond\"]}]},{\"@type\":\"WebPage\",\"@id\":\"https:\/\/www.italpassion.fr\/nl\/lancia\/stellantis-envisage-bien-de-ramener-lancia-en-wrc\/\",\"url\":\"https:\/\/www.italpassion.fr\/nl\/lancia\/stellantis-envisage-bien-de-ramener-lancia-en-wrc\/\",\"name\":\"Stellantis envisage bien de ramener Lancia en WRC - ItalPassion\",\"isPartOf\":{\"@id\":\"https:\/\/www.italpassion.fr\/nl\/#website\"},\"primaryImageOfPage\":{\"@id\":\"https:\/\/www.italpassion.fr\/nl\/lancia\/stellantis-envisage-bien-de-ramener-lancia-en-wrc\/#primaryimage\"},\"image\":{\"@id\":\"https:\/\/www.italpassion.fr\/nl\/lancia\/stellantis-envisage-bien-de-ramener-lancia-en-wrc\/#primaryimage\"},\"thumbnailUrl\":\"https:\/\/www.italpassion.fr\/wp-content\/uploads\/2024\/01\/carlos-tavares-lancia-stratos.jpg\",\"datePublished\":\"2024-01-08T19:54:40+00:00\",\"dateModified\":\"2024-01-08T19:54:42+00:00\",\"description\":\"Apr\u00e8s plus de 30 ans d'absence, la l\u00e9gendaire marque Lancia, maintenant sous l'\u00e9gide de Stellantis, est en passe de faire son retour dans le monde du\",\"breadcrumb\":{\"@id\":\"https:\/\/www.italpassion.fr\/nl\/lancia\/stellantis-envisage-bien-de-ramener-lancia-en-wrc\/#breadcrumb\"},\"inLanguage\":\"nl-NL\",\"potentialAction\":[{\"@type\":\"ReadAction\",\"target\":[\"https:\/\/www.italpassion.fr\/nl\/lancia\/stellantis-envisage-bien-de-ramener-lancia-en-wrc\/\"]}]},{\"@type\":\"ImageObject\",\"inLanguage\":\"nl-NL\",\"@id\":\"https:\/\/www.italpassion.fr\/nl\/lancia\/stellantis-envisage-bien-de-ramener-lancia-en-wrc\/#primaryimage\",\"url\":\"https:\/\/www.italpassion.fr\/wp-content\/uploads\/2024\/01\/carlos-tavares-lancia-stratos.jpg\",\"contentUrl\":\"https:\/\/www.italpassion.fr\/wp-content\/uploads\/2024\/01\/carlos-tavares-lancia-stratos.jpg\",\"width\":1200,\"height\":800,\"caption\":\"carlos-tavares-lancia-stratos\"},{\"@type\":\"BreadcrumbList\",\"@id\":\"https:\/\/www.italpassion.fr\/nl\/lancia\/stellantis-envisage-bien-de-ramener-lancia-en-wrc\/#breadcrumb\",\"itemListElement\":[{\"@type\":\"ListItem\",\"position\":1,\"name\":\"Accueil\",\"item\":\"https:\/\/www.italpassion.fr\/nl\/\"},{\"@type\":\"ListItem\",\"position\":2,\"name\":\"Stellantis envisage bien de ramener Lancia en WRC\"}]},{\"@type\":\"WebSite\",\"@id\":\"https:\/\/www.italpassion.fr\/nl\/#website\",\"url\":\"https:\/\/www.italpassion.fr\/nl\/\",\"name\":\"ItalPassion\",\"description\":\"Les Passionn\u00e9s d&#039;Automobiles Italiennes\",\"publisher\":{\"@id\":\"https:\/\/www.italpassion.fr\/nl\/#organization\"},\"potentialAction\":[{\"@type\":\"SearchAction\",\"target\":{\"@type\":\"EntryPoint\",\"urlTemplate\":\"https:\/\/www.italpassion.fr\/nl\/?s={search_term_string}\"},\"query-input\":{\"@type\":\"PropertyValueSpecification\",\"valueRequired\":true,\"valueName\":\"search_term_string\"}}],\"inLanguage\":\"nl-NL\"},{\"@type\":\"Organization\",\"@id\":\"https:\/\/www.italpassion.fr\/nl\/#organization\",\"name\":\"Italpassion\",\"url\":\"https:\/\/www.italpassion.fr\/nl\/\",\"logo\":{\"@type\":\"ImageObject\",\"inLanguage\":\"nl-NL\",\"@id\":\"https:\/\/www.italpassion.fr\/nl\/#\/schema\/logo\/image\/\",\"url\":\"https:\/\/www.italpassion.fr\/wp-content\/uploads\/2023\/07\/italpassion-yoast.jpg\",\"contentUrl\":\"https:\/\/www.italpassion.fr\/wp-content\/uploads\/2023\/07\/italpassion-yoast.jpg\",\"width\":696,\"height\":696,\"caption\":\"Italpassion\"},\"image\":{\"@id\":\"https:\/\/www.italpassion.fr\/nl\/#\/schema\/logo\/image\/\"},\"sameAs\":[\"https:\/\/www.facebook.com\/italpassion\",\"https:\/\/x.com\/italpassion\",\"https:\/\/www.instagram.com\/italpassionfr\/\",\"https:\/\/www.youtube.com\/channel\/UCleq-ByQaA42OjhopwevRjQ\",\"https:\/\/www.facebook.com\/italpassion.en\/\",\"https:\/\/www.facebook.com\/italpassion.it\/\",\"https:\/\/www.facebook.com\/italpassion.de\/\",\"https:\/\/www.facebook.com\/italpassion.ja\/\"]},{\"@type\":\"Person\",\"@id\":\"https:\/\/www.italpassion.fr\/nl\/#\/schema\/person\/36f747b2a759ca202d847e85a9434ca0\",\"name\":\"Alexandre Filluzeau\",\"image\":{\"@type\":\"ImageObject\",\"inLanguage\":\"nl-NL\",\"@id\":\"https:\/\/www.italpassion.fr\/nl\/#\/schema\/person\/image\/\",\"url\":\"https:\/\/www.italpassion.fr\/wp-content\/uploads\/2025\/04\/avatar-alexandre-160x160.jpg\",\"contentUrl\":\"https:\/\/www.italpassion.fr\/wp-content\/uploads\/2025\/04\/avatar-alexandre-160x160.jpg\",\"caption\":\"Alexandre Filluzeau\"},\"description\":\"Fondateur du site ItalPassion, passionn\u00e9 de voitures italiennes et de l'Italie en g\u00e9n\u00e9ral. J'apporte un regard critique et technique aux actualit\u00e9s des marques italiennes quand cela est possible. Propri\u00e9taire d'une Maserati GranTurismo, Alfa Romeo MiTo, Lancia Fulvia et Ducati 695. Ex-propri\u00e9taire d'une Alfa Romeo Giulia.\",\"sameAs\":[\"https:\/\/www.italpassion.fr\/\"],\"url\":\"https:\/\/www.italpassion.fr\/nl\/author\/alexandre\/\"}]}<\/script>\n<!-- \/ Yoast SEO plugin. -->","yoast_head_json":{"title":"Stellantis wil Lancia terugbrengen in het WRC - ItalPassion","description":"Na een afwezigheid van meer dan 30 jaar maakt het legendarische merk Lancia, nu onder auspici\u00ebn van Stellantis, een comeback in de wereld van de","robots":{"index":"index","follow":"follow","max-snippet":"max-snippet:-1","max-image-preview":"max-image-preview:large","max-video-preview":"max-video-preview:-1"},"canonical":"https:\/\/www.italpassion.fr\/nl\/lancia\/stellantis-van-plan-lancia-terug-te-brengen-naar-wrc\/","og_locale":"nl_NL","og_type":"article","og_title":"Stellantis envisage bien de ramener Lancia en WRC - ItalPassion","og_description":"Apr\u00e8s plus de 30 ans d'absence, la l\u00e9gendaire marque Lancia, maintenant sous l'\u00e9gide de Stellantis, est en passe de faire son retour dans le monde du","og_url":"https:\/\/www.italpassion.fr\/nl\/lancia\/stellantis-van-plan-lancia-terug-te-brengen-naar-wrc\/","og_site_name":"ItalPassion","article_publisher":"https:\/\/www.facebook.com\/italpassion","article_published_time":"2024-01-08T19:54:40+00:00","article_modified_time":"2024-01-08T19:54:42+00:00","og_image":[{"width":1200,"height":800,"url":"https:\/\/www.italpassion.fr\/wp-content\/uploads\/2024\/01\/carlos-tavares-lancia-stratos.jpg","type":"image\/jpeg"}],"author":"Alexandre Filluzeau","twitter_card":"summary_large_image","twitter_creator":"@italpassion","twitter_site":"@italpassion","schema":{"@context":"https:\/\/schema.org","@graph":[{"@type":"NewsArticle","@id":"https:\/\/www.italpassion.fr\/nl\/lancia\/stellantis-envisage-bien-de-ramener-lancia-en-wrc\/#article","isPartOf":{"@id":"https:\/\/www.italpassion.fr\/nl\/lancia\/stellantis-envisage-bien-de-ramener-lancia-en-wrc\/"},"author":{"name":"Alexandre Filluzeau","@id":"https:\/\/www.italpassion.fr\/nl\/#\/schema\/person\/36f747b2a759ca202d847e85a9434ca0"},"headline":"Stellantis envisage bien de ramener Lancia en WRC","datePublished":"2024-01-08T19:54:40+00:00","dateModified":"2024-01-08T19:54:42+00:00","mainEntityOfPage":{"@id":"https:\/\/www.italpassion.fr\/nl\/lancia\/stellantis-envisage-bien-de-ramener-lancia-en-wrc\/"},"wordCount":405,"commentCount":5,"publisher":{"@id":"https:\/\/www.italpassion.fr\/nl\/#organization"},"image":{"@id":"https:\/\/www.italpassion.fr\/nl\/lancia\/stellantis-envisage-bien-de-ramener-lancia-en-wrc\/#primaryimage"},"thumbnailUrl":"https:\/\/www.italpassion.fr\/wp-content\/uploads\/2024\/01\/carlos-tavares-lancia-stratos.jpg","articleSection":["Lancia"],"inLanguage":"nl-NL","potentialAction":[{"@type":"CommentAction","name":"Comment","target":["https:\/\/www.italpassion.fr\/nl\/lancia\/stellantis-envisage-bien-de-ramener-lancia-en-wrc\/#respond"]}]},{"@type":"WebPage","@id":"https:\/\/www.italpassion.fr\/nl\/lancia\/stellantis-envisage-bien-de-ramener-lancia-en-wrc\/","url":"https:\/\/www.italpassion.fr\/nl\/lancia\/stellantis-envisage-bien-de-ramener-lancia-en-wrc\/","name":"Stellantis wil Lancia terugbrengen in het WRC - ItalPassion","isPartOf":{"@id":"https:\/\/www.italpassion.fr\/nl\/#website"},"primaryImageOfPage":{"@id":"https:\/\/www.italpassion.fr\/nl\/lancia\/stellantis-envisage-bien-de-ramener-lancia-en-wrc\/#primaryimage"},"image":{"@id":"https:\/\/www.italpassion.fr\/nl\/lancia\/stellantis-envisage-bien-de-ramener-lancia-en-wrc\/#primaryimage"},"thumbnailUrl":"https:\/\/www.italpassion.fr\/wp-content\/uploads\/2024\/01\/carlos-tavares-lancia-stratos.jpg","datePublished":"2024-01-08T19:54:40+00:00","dateModified":"2024-01-08T19:54:42+00:00","description":"Na een afwezigheid van meer dan 30 jaar maakt het legendarische merk Lancia, nu onder auspici\u00ebn van Stellantis, een comeback in de wereld van de","breadcrumb":{"@id":"https:\/\/www.italpassion.fr\/nl\/lancia\/stellantis-envisage-bien-de-ramener-lancia-en-wrc\/#breadcrumb"},"inLanguage":"nl-NL","potentialAction":[{"@type":"ReadAction","target":["https:\/\/www.italpassion.fr\/nl\/lancia\/stellantis-envisage-bien-de-ramener-lancia-en-wrc\/"]}]},{"@type":"ImageObject","inLanguage":"nl-NL","@id":"https:\/\/www.italpassion.fr\/nl\/lancia\/stellantis-envisage-bien-de-ramener-lancia-en-wrc\/#primaryimage","url":"https:\/\/www.italpassion.fr\/wp-content\/uploads\/2024\/01\/carlos-tavares-lancia-stratos.jpg","contentUrl":"https:\/\/www.italpassion.fr\/wp-content\/uploads\/2024\/01\/carlos-tavares-lancia-stratos.jpg","width":1200,"height":800,"caption":"carlos-tavares-lancia-stratos"},{"@type":"BreadcrumbList","@id":"https:\/\/www.italpassion.fr\/nl\/lancia\/stellantis-envisage-bien-de-ramener-lancia-en-wrc\/#breadcrumb","itemListElement":[{"@type":"ListItem","position":1,"name":"Accueil","item":"https:\/\/www.italpassion.fr\/nl\/"},{"@type":"ListItem","position":2,"name":"Stellantis envisage bien de ramener Lancia en WRC"}]},{"@type":"WebSite","@id":"https:\/\/www.italpassion.fr\/nl\/#website","url":"https:\/\/www.italpassion.fr\/nl\/","name":"ItalPassion","description":"Italiaanse autoliefhebbers","publisher":{"@id":"https:\/\/www.italpassion.fr\/nl\/#organization"},"potentialAction":[{"@type":"SearchAction","target":{"@type":"EntryPoint","urlTemplate":"https:\/\/www.italpassion.fr\/nl\/?s={search_term_string}"},"query-input":{"@type":"PropertyValueSpecification","valueRequired":true,"valueName":"search_term_string"}}],"inLanguage":"nl-NL"},{"@type":"Organization","@id":"https:\/\/www.italpassion.fr\/nl\/#organization","name":"Italpassion","url":"https:\/\/www.italpassion.fr\/nl\/","logo":{"@type":"ImageObject","inLanguage":"nl-NL","@id":"https:\/\/www.italpassion.fr\/nl\/#\/schema\/logo\/image\/","url":"https:\/\/www.italpassion.fr\/wp-content\/uploads\/2023\/07\/italpassion-yoast.jpg","contentUrl":"https:\/\/www.italpassion.fr\/wp-content\/uploads\/2023\/07\/italpassion-yoast.jpg","width":696,"height":696,"caption":"Italpassion"},"image":{"@id":"https:\/\/www.italpassion.fr\/nl\/#\/schema\/logo\/image\/"},"sameAs":["https:\/\/www.facebook.com\/italpassion","https:\/\/x.com\/italpassion","https:\/\/www.instagram.com\/italpassionfr\/","https:\/\/www.youtube.com\/channel\/UCleq-ByQaA42OjhopwevRjQ","https:\/\/www.facebook.com\/italpassion.en\/","https:\/\/www.facebook.com\/italpassion.it\/","https:\/\/www.facebook.com\/italpassion.de\/","https:\/\/www.facebook.com\/italpassion.ja\/"]},{"@type":"Person","@id":"https:\/\/www.italpassion.fr\/nl\/#\/schema\/person\/36f747b2a759ca202d847e85a9434ca0","name":"Alexandre Filluzeau","image":{"@type":"ImageObject","inLanguage":"nl-NL","@id":"https:\/\/www.italpassion.fr\/nl\/#\/schema\/person\/image\/","url":"https:\/\/www.italpassion.fr\/wp-content\/uploads\/2025\/04\/avatar-alexandre-160x160.jpg","contentUrl":"https:\/\/www.italpassion.fr\/wp-content\/uploads\/2025\/04\/avatar-alexandre-160x160.jpg","caption":"Alexandre Filluzeau"},"description":"Oprichter van de website ItalPassion, gepassioneerd door Italiaanse auto's en Itali\u00eb in het algemeen. Waar mogelijk breng ik een kritisch en technisch oog naar nieuws over Italiaanse merken. Eigenaar van een Maserati GranTurismo, Alfa Romeo MiTo, Lancia Fulvia en Ducati 695. Ex-eigenaar van een Alfa Romeo Giulia.","sameAs":["https:\/\/www.italpassion.fr\/"],"url":"https:\/\/www.italpassion.fr\/nl\/author\/alexandre\/"}]}},"_links":{"self":[{"href":"https:\/\/www.italpassion.fr\/nl\/wp-json\/wp\/v2\/posts\/32824","targetHints":{"allow":["GET"]}}],"collection":[{"href":"https:\/\/www.italpassion.fr\/nl\/wp-json\/wp\/v2\/posts"}],"about":[{"href":"https:\/\/www.italpassion.fr\/nl\/wp-json\/wp\/v2\/types\/post"}],"author":[{"embeddable":true,"href":"https:\/\/www.italpassion.fr\/nl\/wp-json\/wp\/v2\/users\/1"}],"replies":[{"embeddable":true,"href":"https:\/\/www.italpassion.fr\/nl\/wp-json\/wp\/v2\/comments?post=32824"}],"version-history":[{"count":2,"href":"https:\/\/www.italpassion.fr\/nl\/wp-json\/wp\/v2\/posts\/32824\/revisions"}],"predecessor-version":[{"id":32827,"href":"https:\/\/www.italpassion.fr\/nl\/wp-json\/wp\/v2\/posts\/32824\/revisions\/32827"}],"wp:featuredmedia":[{"embeddable":true,"href":"https:\/\/www.italpassion.fr\/nl\/wp-json\/wp\/v2\/media\/32825"}],"wp:attachment":[{"href":"https:\/\/www.italpassion.fr\/nl\/wp-json\/wp\/v2\/media?parent=32824"}],"wp:term":[{"taxonomy":"category","embeddable":true,"href":"https:\/\/www.italpassion.fr\/nl\/wp-json\/wp\/v2\/categories?post=32824"},{"taxonomy":"post_tag","embeddable":true,"href":"https:\/\/www.italpassion.fr\/nl\/wp-json\/wp\/v2\/tags?post=32824"}],"curies":[{"name":"wp","href":"https:\/\/api.w.org\/{rel}","templated":true}]}}