{"id":32656,"date":"2023-11-27T16:25:34","date_gmt":"2023-11-27T15:25:34","guid":{"rendered":"https:\/\/www.italpassion.fr\/?p=32656"},"modified":"2023-11-27T16:25:37","modified_gmt":"2023-11-27T15:25:37","slug":"we-weten-eindelijk-waar-en-wanneer-de-nieuwe-lancia-ypsilon-wordt-onthuld","status":"publish","type":"post","link":"https:\/\/www.italpassion.fr\/nl\/lancia\/on-sait-enfin-ou-et-quand-sera-presentee-la-nouvelle-lancia-ypsilon\/","title":{"rendered":"We weten eindelijk waar en wanneer de nieuwe Lancia Ypsilon wordt onthuld"},"content":{"rendered":"<p>Ter gelegenheid van de 117e verjaardag van <a href=\"https:\/\/www.italpassion.fr\/nl\/lancia\/\">Lancia<\/a>Het Italiaanse merk heeft zojuist een belangrijke aankondiging gedaan: <strong>De datum en locatie voor de presentatie van de Lancia Ypsilon zijn bekendgemaakt. <\/strong><\/p>\n\n\n\n<p><strong>De langverwachte onthulling van de Lancia Ypsilon vindt plaats in Milaan in februari 2024.<\/strong>. Dit sleutelmoment in de geschiedenis van Lancia wordt gemarkeerd door de presentatie van de Lancia Ypsilon Edizione Limitata Cassina. Deze gelimiteerde editie van de Ypsilon, 100 % elektrisch, gemaakt in samenwerking met Cassina, zal worden geproduceerd in slechts 1906 genummerde en gecertificeerde exemplaren.<\/p>\n\n\n\n<p>De samenwerking tussen Lancia en Cassina, een merk van topklasse Italiaans meubilair, heeft al het beste van twee werelden geboden.<a href=\"https:\/\/www.italpassion.fr\/nl\/lancia\/lancia-pura-hpe-een-futuristisch-concept-dat-een-blik-werpt-op-de-volgende-3-lancias\/\">e Lancia Pu+Ra HPE concept<\/a>. Vandaag wordt deze samenwerking versterkt met de Ypsilon Cassina editie, die een fusie laat zien tussen autodesign en topklasse meubilair. <\/p>\n\n\n\n<figure class=\"wp-block-image size-large\"><img loading=\"lazy\" decoding=\"async\" width=\"1024\" height=\"683\" src=\"https:\/\/www.italpassion.fr\/wp-content\/uploads\/2023\/11\/lancia-teasing-1024x683.jpg\" alt=\"lancia-teasing\" class=\"wp-image-32657\" srcset=\"https:\/\/www.italpassion.fr\/wp-content\/uploads\/2023\/11\/lancia-teasing-1024x683.jpg 1024w, https:\/\/www.italpassion.fr\/wp-content\/uploads\/2023\/11\/lancia-teasing-300x200.jpg 300w, https:\/\/www.italpassion.fr\/wp-content\/uploads\/2023\/11\/lancia-teasing-768x512.jpg 768w, https:\/\/www.italpassion.fr\/wp-content\/uploads\/2023\/11\/lancia-teasing-18x12.jpg 18w, https:\/\/www.italpassion.fr\/wp-content\/uploads\/2023\/11\/lancia-teasing-561x374.jpg 561w, https:\/\/www.italpassion.fr\/wp-content\/uploads\/2023\/11\/lancia-teasing-1122x748.jpg 1122w, https:\/\/www.italpassion.fr\/wp-content\/uploads\/2023\/11\/lancia-teasing-265x177.jpg 265w, https:\/\/www.italpassion.fr\/wp-content\/uploads\/2023\/11\/lancia-teasing-531x354.jpg 531w, https:\/\/www.italpassion.fr\/wp-content\/uploads\/2023\/11\/lancia-teasing-364x243.jpg 364w, https:\/\/www.italpassion.fr\/wp-content\/uploads\/2023\/11\/lancia-teasing-728x485.jpg 728w, https:\/\/www.italpassion.fr\/wp-content\/uploads\/2023\/11\/lancia-teasing-608x405.jpg 608w, https:\/\/www.italpassion.fr\/wp-content\/uploads\/2023\/11\/lancia-teasing-758x505.jpg 758w, https:\/\/www.italpassion.fr\/wp-content\/uploads\/2023\/11\/lancia-teasing-1152x768.jpg 1152w, https:\/\/www.italpassion.fr\/wp-content\/uploads\/2023\/11\/lancia-teasing-600x400.jpg 600w, https:\/\/www.italpassion.fr\/wp-content\/uploads\/2023\/11\/lancia-teasing.jpg 1200w\" sizes=\"auto, (max-width: 1024px) 100vw, 1024px\" \/><\/figure>\n\n\n\n<p>Luca Napolitano, Managing Director van Lancia, deelde zijn enthousiasme over dit nieuwe tijdperk: \"Vandaag markeert de wedergeboorte van Lancia met het eerste beeld van de Lancia Ypsilon, de eerste van drie auto's in ons strategisch plan. We vieren dit moment met Cassina, een uitdrukking van Italiaans design\".<\/p>\n\n\n\n<p>Het model onderscheidt zich door een uniek designelement: de \"tavolino\" (tafel), die Lancia's filosofie belichaamt om in haar auto's een \"thuis-van-huis\" ervaring te cre\u00ebren. Deze benadering wordt weerspiegeld in de minutieuze aandacht voor details, materialen, kleuren en ruimtes.<\/p>\n\n\n\n<p>Luca Fuso, directeur van Cassina, onderstreepte het belang van deze samenwerking: \"Wij hebben een brede visie op wat design betekent. De samenwerking met Lancia heeft ons in staat gesteld onze expertise uit te breiden naar de automobielsector.<\/p>\n\n\n\n<p>De aankondiging van de Ypsilon is de eerste stap in Lancia's ambitieuze renaissancestrategie. De tweede stap is de productiestart in april 2024.<\/p>\n\n\n\n<p>Het merk waarschuwt dat er de komende weken meer informatie wordt vrijgegeven, in afwachting van februari 2024.<\/p>","protected":false},"excerpt":{"rendered":"","protected":false},"author":1,"featured_media":32657,"comment_status":"open","ping_status":"open","sticky":false,"template":"","format":"standard","meta":{"_acf_changed":false,"_sitemap_exclude":false,"_sitemap_priority":"","_sitemap_frequency":"","footnotes":""},"categories":[26],"tags":[],"class_list":["post-32656","post","type-post","status-publish","format-standard","has-post-thumbnail","hentry","category-lancia","generate-columns","tablet-grid-50","mobile-grid-100","grid-parent","grid-33"],"acf":[],"yoast_head":"<!-- This site is optimized with the Yoast SEO plugin v25.8 - https:\/\/yoast.com\/wordpress\/plugins\/seo\/ -->\n<title>On sait enfin o\u00f9 et quand sera pr\u00e9sent\u00e9e la nouvelle Lancia Ypsilon - ItalPassion<\/title>\n<meta name=\"description\" content=\"\u00c0 l&#039;occasion du 117e anniversaire de Lancia, un \u00e9v\u00e9nement marquant pour la marque italienne, une annonce importante vient de tomber : le lieu et la date\" \/>\n<meta name=\"robots\" content=\"index, follow, max-snippet:-1, max-image-preview:large, max-video-preview:-1\" \/>\n<link rel=\"canonical\" href=\"https:\/\/www.italpassion.fr\/nl\/lancia\/we-weten-eindelijk-waar-en-wanneer-de-nieuwe-lancia-ypsilon-wordt-onthuld\/\" \/>\n<meta property=\"og:locale\" content=\"nl_NL\" \/>\n<meta property=\"og:type\" content=\"article\" \/>\n<meta property=\"og:title\" content=\"On sait enfin o\u00f9 et quand sera pr\u00e9sent\u00e9e la nouvelle Lancia Ypsilon - ItalPassion\" \/>\n<meta property=\"og:description\" content=\"\u00c0 l&#039;occasion du 117e anniversaire de Lancia, un \u00e9v\u00e9nement marquant pour la marque italienne, une annonce importante vient de tomber : le lieu et la date\" \/>\n<meta property=\"og:url\" content=\"https:\/\/www.italpassion.fr\/nl\/lancia\/we-weten-eindelijk-waar-en-wanneer-de-nieuwe-lancia-ypsilon-wordt-onthuld\/\" \/>\n<meta property=\"og:site_name\" content=\"ItalPassion\" \/>\n<meta property=\"article:publisher\" content=\"https:\/\/www.facebook.com\/italpassion\" \/>\n<meta property=\"article:published_time\" content=\"2023-11-27T15:25:34+00:00\" \/>\n<meta property=\"article:modified_time\" content=\"2023-11-27T15:25:37+00:00\" \/>\n<meta property=\"og:image\" content=\"https:\/\/www.italpassion.fr\/wp-content\/uploads\/2023\/11\/lancia-teasing.jpg\" \/>\n\t<meta property=\"og:image:width\" content=\"1200\" \/>\n\t<meta property=\"og:image:height\" content=\"800\" \/>\n\t<meta property=\"og:image:type\" content=\"image\/jpeg\" \/>\n<meta name=\"author\" content=\"Alexandre Filluzeau\" \/>\n<meta name=\"twitter:card\" content=\"summary_large_image\" \/>\n<meta name=\"twitter:creator\" content=\"@italpassion\" \/>\n<meta name=\"twitter:site\" content=\"@italpassion\" \/>\n<script type=\"application\/ld+json\" class=\"yoast-schema-graph\">{\"@context\":\"https:\/\/schema.org\",\"@graph\":[{\"@type\":\"NewsArticle\",\"@id\":\"https:\/\/www.italpassion.fr\/nl\/lancia\/on-sait-enfin-ou-et-quand-sera-presentee-la-nouvelle-lancia-ypsilon\/#article\",\"isPartOf\":{\"@id\":\"https:\/\/www.italpassion.fr\/nl\/lancia\/on-sait-enfin-ou-et-quand-sera-presentee-la-nouvelle-lancia-ypsilon\/\"},\"author\":{\"name\":\"Alexandre Filluzeau\",\"@id\":\"https:\/\/www.italpassion.fr\/nl\/#\/schema\/person\/36f747b2a759ca202d847e85a9434ca0\"},\"headline\":\"On sait enfin o\u00f9 et quand sera pr\u00e9sent\u00e9e la nouvelle Lancia Ypsilon\",\"datePublished\":\"2023-11-27T15:25:34+00:00\",\"dateModified\":\"2023-11-27T15:25:37+00:00\",\"mainEntityOfPage\":{\"@id\":\"https:\/\/www.italpassion.fr\/nl\/lancia\/on-sait-enfin-ou-et-quand-sera-presentee-la-nouvelle-lancia-ypsilon\/\"},\"wordCount\":366,\"commentCount\":11,\"publisher\":{\"@id\":\"https:\/\/www.italpassion.fr\/nl\/#organization\"},\"image\":{\"@id\":\"https:\/\/www.italpassion.fr\/nl\/lancia\/on-sait-enfin-ou-et-quand-sera-presentee-la-nouvelle-lancia-ypsilon\/#primaryimage\"},\"thumbnailUrl\":\"https:\/\/www.italpassion.fr\/wp-content\/uploads\/2023\/11\/lancia-teasing.jpg\",\"articleSection\":[\"Lancia\"],\"inLanguage\":\"nl-NL\",\"potentialAction\":[{\"@type\":\"CommentAction\",\"name\":\"Comment\",\"target\":[\"https:\/\/www.italpassion.fr\/nl\/lancia\/on-sait-enfin-ou-et-quand-sera-presentee-la-nouvelle-lancia-ypsilon\/#respond\"]}]},{\"@type\":\"WebPage\",\"@id\":\"https:\/\/www.italpassion.fr\/nl\/lancia\/on-sait-enfin-ou-et-quand-sera-presentee-la-nouvelle-lancia-ypsilon\/\",\"url\":\"https:\/\/www.italpassion.fr\/nl\/lancia\/on-sait-enfin-ou-et-quand-sera-presentee-la-nouvelle-lancia-ypsilon\/\",\"name\":\"On sait enfin o\u00f9 et quand sera pr\u00e9sent\u00e9e la nouvelle Lancia Ypsilon - ItalPassion\",\"isPartOf\":{\"@id\":\"https:\/\/www.italpassion.fr\/nl\/#website\"},\"primaryImageOfPage\":{\"@id\":\"https:\/\/www.italpassion.fr\/nl\/lancia\/on-sait-enfin-ou-et-quand-sera-presentee-la-nouvelle-lancia-ypsilon\/#primaryimage\"},\"image\":{\"@id\":\"https:\/\/www.italpassion.fr\/nl\/lancia\/on-sait-enfin-ou-et-quand-sera-presentee-la-nouvelle-lancia-ypsilon\/#primaryimage\"},\"thumbnailUrl\":\"https:\/\/www.italpassion.fr\/wp-content\/uploads\/2023\/11\/lancia-teasing.jpg\",\"datePublished\":\"2023-11-27T15:25:34+00:00\",\"dateModified\":\"2023-11-27T15:25:37+00:00\",\"description\":\"\u00c0 l'occasion du 117e anniversaire de Lancia, un \u00e9v\u00e9nement marquant pour la marque italienne, une annonce importante vient de tomber : le lieu et la date\",\"breadcrumb\":{\"@id\":\"https:\/\/www.italpassion.fr\/nl\/lancia\/on-sait-enfin-ou-et-quand-sera-presentee-la-nouvelle-lancia-ypsilon\/#breadcrumb\"},\"inLanguage\":\"nl-NL\",\"potentialAction\":[{\"@type\":\"ReadAction\",\"target\":[\"https:\/\/www.italpassion.fr\/nl\/lancia\/on-sait-enfin-ou-et-quand-sera-presentee-la-nouvelle-lancia-ypsilon\/\"]}]},{\"@type\":\"ImageObject\",\"inLanguage\":\"nl-NL\",\"@id\":\"https:\/\/www.italpassion.fr\/nl\/lancia\/on-sait-enfin-ou-et-quand-sera-presentee-la-nouvelle-lancia-ypsilon\/#primaryimage\",\"url\":\"https:\/\/www.italpassion.fr\/wp-content\/uploads\/2023\/11\/lancia-teasing.jpg\",\"contentUrl\":\"https:\/\/www.italpassion.fr\/wp-content\/uploads\/2023\/11\/lancia-teasing.jpg\",\"width\":1200,\"height\":800,\"caption\":\"lancia-teasing\"},{\"@type\":\"BreadcrumbList\",\"@id\":\"https:\/\/www.italpassion.fr\/nl\/lancia\/on-sait-enfin-ou-et-quand-sera-presentee-la-nouvelle-lancia-ypsilon\/#breadcrumb\",\"itemListElement\":[{\"@type\":\"ListItem\",\"position\":1,\"name\":\"Accueil\",\"item\":\"https:\/\/www.italpassion.fr\/nl\/\"},{\"@type\":\"ListItem\",\"position\":2,\"name\":\"On sait enfin o\u00f9 et quand sera pr\u00e9sent\u00e9e la nouvelle Lancia Ypsilon\"}]},{\"@type\":\"WebSite\",\"@id\":\"https:\/\/www.italpassion.fr\/nl\/#website\",\"url\":\"https:\/\/www.italpassion.fr\/nl\/\",\"name\":\"ItalPassion\",\"description\":\"Les Passionn\u00e9s d&#039;Automobiles Italiennes\",\"publisher\":{\"@id\":\"https:\/\/www.italpassion.fr\/nl\/#organization\"},\"potentialAction\":[{\"@type\":\"SearchAction\",\"target\":{\"@type\":\"EntryPoint\",\"urlTemplate\":\"https:\/\/www.italpassion.fr\/nl\/?s={search_term_string}\"},\"query-input\":{\"@type\":\"PropertyValueSpecification\",\"valueRequired\":true,\"valueName\":\"search_term_string\"}}],\"inLanguage\":\"nl-NL\"},{\"@type\":\"Organization\",\"@id\":\"https:\/\/www.italpassion.fr\/nl\/#organization\",\"name\":\"Italpassion\",\"url\":\"https:\/\/www.italpassion.fr\/nl\/\",\"logo\":{\"@type\":\"ImageObject\",\"inLanguage\":\"nl-NL\",\"@id\":\"https:\/\/www.italpassion.fr\/nl\/#\/schema\/logo\/image\/\",\"url\":\"https:\/\/www.italpassion.fr\/wp-content\/uploads\/2023\/07\/italpassion-yoast.jpg\",\"contentUrl\":\"https:\/\/www.italpassion.fr\/wp-content\/uploads\/2023\/07\/italpassion-yoast.jpg\",\"width\":696,\"height\":696,\"caption\":\"Italpassion\"},\"image\":{\"@id\":\"https:\/\/www.italpassion.fr\/nl\/#\/schema\/logo\/image\/\"},\"sameAs\":[\"https:\/\/www.facebook.com\/italpassion\",\"https:\/\/x.com\/italpassion\",\"https:\/\/www.instagram.com\/italpassionfr\/\",\"https:\/\/www.youtube.com\/channel\/UCleq-ByQaA42OjhopwevRjQ\",\"https:\/\/www.facebook.com\/italpassion.en\/\",\"https:\/\/www.facebook.com\/italpassion.it\/\",\"https:\/\/www.facebook.com\/italpassion.de\/\",\"https:\/\/www.facebook.com\/italpassion.ja\/\"]},{\"@type\":\"Person\",\"@id\":\"https:\/\/www.italpassion.fr\/nl\/#\/schema\/person\/36f747b2a759ca202d847e85a9434ca0\",\"name\":\"Alexandre Filluzeau\",\"image\":{\"@type\":\"ImageObject\",\"inLanguage\":\"nl-NL\",\"@id\":\"https:\/\/www.italpassion.fr\/nl\/#\/schema\/person\/image\/\",\"url\":\"https:\/\/www.italpassion.fr\/wp-content\/uploads\/2025\/04\/avatar-alexandre-160x160.jpg\",\"contentUrl\":\"https:\/\/www.italpassion.fr\/wp-content\/uploads\/2025\/04\/avatar-alexandre-160x160.jpg\",\"caption\":\"Alexandre Filluzeau\"},\"description\":\"Fondateur du site ItalPassion, passionn\u00e9 de voitures italiennes et de l'Italie en g\u00e9n\u00e9ral. J'apporte un regard critique et technique aux actualit\u00e9s des marques italiennes quand cela est possible. Propri\u00e9taire d'une Maserati GranTurismo, Alfa Romeo MiTo, Lancia Fulvia et Ducati 695. Ex-propri\u00e9taire d'une Alfa Romeo Giulia.\",\"sameAs\":[\"https:\/\/www.italpassion.fr\/\"],\"url\":\"https:\/\/www.italpassion.fr\/nl\/author\/alexandre\/\"}]}<\/script>\n<!-- \/ Yoast SEO plugin. -->","yoast_head_json":{"title":"Eindelijk weten we waar en wanneer de nieuwe Lancia Ypsilon wordt onthuld - ItalPassion","description":"Ter gelegenheid van Lancia's 117e verjaardag, een mijlpaal voor het Italiaanse merk, is zojuist een belangrijke aankondiging gedaan: de plaats en datum","robots":{"index":"index","follow":"follow","max-snippet":"max-snippet:-1","max-image-preview":"max-image-preview:large","max-video-preview":"max-video-preview:-1"},"canonical":"https:\/\/www.italpassion.fr\/nl\/lancia\/we-weten-eindelijk-waar-en-wanneer-de-nieuwe-lancia-ypsilon-wordt-onthuld\/","og_locale":"nl_NL","og_type":"article","og_title":"On sait enfin o\u00f9 et quand sera pr\u00e9sent\u00e9e la nouvelle Lancia Ypsilon - ItalPassion","og_description":"\u00c0 l'occasion du 117e anniversaire de Lancia, un \u00e9v\u00e9nement marquant pour la marque italienne, une annonce importante vient de tomber : le lieu et la date","og_url":"https:\/\/www.italpassion.fr\/nl\/lancia\/we-weten-eindelijk-waar-en-wanneer-de-nieuwe-lancia-ypsilon-wordt-onthuld\/","og_site_name":"ItalPassion","article_publisher":"https:\/\/www.facebook.com\/italpassion","article_published_time":"2023-11-27T15:25:34+00:00","article_modified_time":"2023-11-27T15:25:37+00:00","og_image":[{"width":1200,"height":800,"url":"https:\/\/www.italpassion.fr\/wp-content\/uploads\/2023\/11\/lancia-teasing.jpg","type":"image\/jpeg"}],"author":"Alexandre Filluzeau","twitter_card":"summary_large_image","twitter_creator":"@italpassion","twitter_site":"@italpassion","schema":{"@context":"https:\/\/schema.org","@graph":[{"@type":"NewsArticle","@id":"https:\/\/www.italpassion.fr\/nl\/lancia\/on-sait-enfin-ou-et-quand-sera-presentee-la-nouvelle-lancia-ypsilon\/#article","isPartOf":{"@id":"https:\/\/www.italpassion.fr\/nl\/lancia\/on-sait-enfin-ou-et-quand-sera-presentee-la-nouvelle-lancia-ypsilon\/"},"author":{"name":"Alexandre Filluzeau","@id":"https:\/\/www.italpassion.fr\/nl\/#\/schema\/person\/36f747b2a759ca202d847e85a9434ca0"},"headline":"On sait enfin o\u00f9 et quand sera pr\u00e9sent\u00e9e la nouvelle Lancia Ypsilon","datePublished":"2023-11-27T15:25:34+00:00","dateModified":"2023-11-27T15:25:37+00:00","mainEntityOfPage":{"@id":"https:\/\/www.italpassion.fr\/nl\/lancia\/on-sait-enfin-ou-et-quand-sera-presentee-la-nouvelle-lancia-ypsilon\/"},"wordCount":366,"commentCount":11,"publisher":{"@id":"https:\/\/www.italpassion.fr\/nl\/#organization"},"image":{"@id":"https:\/\/www.italpassion.fr\/nl\/lancia\/on-sait-enfin-ou-et-quand-sera-presentee-la-nouvelle-lancia-ypsilon\/#primaryimage"},"thumbnailUrl":"https:\/\/www.italpassion.fr\/wp-content\/uploads\/2023\/11\/lancia-teasing.jpg","articleSection":["Lancia"],"inLanguage":"nl-NL","potentialAction":[{"@type":"CommentAction","name":"Comment","target":["https:\/\/www.italpassion.fr\/nl\/lancia\/on-sait-enfin-ou-et-quand-sera-presentee-la-nouvelle-lancia-ypsilon\/#respond"]}]},{"@type":"WebPage","@id":"https:\/\/www.italpassion.fr\/nl\/lancia\/on-sait-enfin-ou-et-quand-sera-presentee-la-nouvelle-lancia-ypsilon\/","url":"https:\/\/www.italpassion.fr\/nl\/lancia\/on-sait-enfin-ou-et-quand-sera-presentee-la-nouvelle-lancia-ypsilon\/","name":"Eindelijk weten we waar en wanneer de nieuwe Lancia Ypsilon wordt onthuld - ItalPassion","isPartOf":{"@id":"https:\/\/www.italpassion.fr\/nl\/#website"},"primaryImageOfPage":{"@id":"https:\/\/www.italpassion.fr\/nl\/lancia\/on-sait-enfin-ou-et-quand-sera-presentee-la-nouvelle-lancia-ypsilon\/#primaryimage"},"image":{"@id":"https:\/\/www.italpassion.fr\/nl\/lancia\/on-sait-enfin-ou-et-quand-sera-presentee-la-nouvelle-lancia-ypsilon\/#primaryimage"},"thumbnailUrl":"https:\/\/www.italpassion.fr\/wp-content\/uploads\/2023\/11\/lancia-teasing.jpg","datePublished":"2023-11-27T15:25:34+00:00","dateModified":"2023-11-27T15:25:37+00:00","description":"Ter gelegenheid van Lancia's 117e verjaardag, een mijlpaal voor het Italiaanse merk, is zojuist een belangrijke aankondiging gedaan: de plaats en datum","breadcrumb":{"@id":"https:\/\/www.italpassion.fr\/nl\/lancia\/on-sait-enfin-ou-et-quand-sera-presentee-la-nouvelle-lancia-ypsilon\/#breadcrumb"},"inLanguage":"nl-NL","potentialAction":[{"@type":"ReadAction","target":["https:\/\/www.italpassion.fr\/nl\/lancia\/on-sait-enfin-ou-et-quand-sera-presentee-la-nouvelle-lancia-ypsilon\/"]}]},{"@type":"ImageObject","inLanguage":"nl-NL","@id":"https:\/\/www.italpassion.fr\/nl\/lancia\/on-sait-enfin-ou-et-quand-sera-presentee-la-nouvelle-lancia-ypsilon\/#primaryimage","url":"https:\/\/www.italpassion.fr\/wp-content\/uploads\/2023\/11\/lancia-teasing.jpg","contentUrl":"https:\/\/www.italpassion.fr\/wp-content\/uploads\/2023\/11\/lancia-teasing.jpg","width":1200,"height":800,"caption":"lancia-teasing"},{"@type":"BreadcrumbList","@id":"https:\/\/www.italpassion.fr\/nl\/lancia\/on-sait-enfin-ou-et-quand-sera-presentee-la-nouvelle-lancia-ypsilon\/#breadcrumb","itemListElement":[{"@type":"ListItem","position":1,"name":"Accueil","item":"https:\/\/www.italpassion.fr\/nl\/"},{"@type":"ListItem","position":2,"name":"On sait enfin o\u00f9 et quand sera pr\u00e9sent\u00e9e la nouvelle Lancia Ypsilon"}]},{"@type":"WebSite","@id":"https:\/\/www.italpassion.fr\/nl\/#website","url":"https:\/\/www.italpassion.fr\/nl\/","name":"ItalPassion","description":"Italiaanse autoliefhebbers","publisher":{"@id":"https:\/\/www.italpassion.fr\/nl\/#organization"},"potentialAction":[{"@type":"SearchAction","target":{"@type":"EntryPoint","urlTemplate":"https:\/\/www.italpassion.fr\/nl\/?s={search_term_string}"},"query-input":{"@type":"PropertyValueSpecification","valueRequired":true,"valueName":"search_term_string"}}],"inLanguage":"nl-NL"},{"@type":"Organization","@id":"https:\/\/www.italpassion.fr\/nl\/#organization","name":"Italpassion","url":"https:\/\/www.italpassion.fr\/nl\/","logo":{"@type":"ImageObject","inLanguage":"nl-NL","@id":"https:\/\/www.italpassion.fr\/nl\/#\/schema\/logo\/image\/","url":"https:\/\/www.italpassion.fr\/wp-content\/uploads\/2023\/07\/italpassion-yoast.jpg","contentUrl":"https:\/\/www.italpassion.fr\/wp-content\/uploads\/2023\/07\/italpassion-yoast.jpg","width":696,"height":696,"caption":"Italpassion"},"image":{"@id":"https:\/\/www.italpassion.fr\/nl\/#\/schema\/logo\/image\/"},"sameAs":["https:\/\/www.facebook.com\/italpassion","https:\/\/x.com\/italpassion","https:\/\/www.instagram.com\/italpassionfr\/","https:\/\/www.youtube.com\/channel\/UCleq-ByQaA42OjhopwevRjQ","https:\/\/www.facebook.com\/italpassion.en\/","https:\/\/www.facebook.com\/italpassion.it\/","https:\/\/www.facebook.com\/italpassion.de\/","https:\/\/www.facebook.com\/italpassion.ja\/"]},{"@type":"Person","@id":"https:\/\/www.italpassion.fr\/nl\/#\/schema\/person\/36f747b2a759ca202d847e85a9434ca0","name":"Alexandre Filluzeau","image":{"@type":"ImageObject","inLanguage":"nl-NL","@id":"https:\/\/www.italpassion.fr\/nl\/#\/schema\/person\/image\/","url":"https:\/\/www.italpassion.fr\/wp-content\/uploads\/2025\/04\/avatar-alexandre-160x160.jpg","contentUrl":"https:\/\/www.italpassion.fr\/wp-content\/uploads\/2025\/04\/avatar-alexandre-160x160.jpg","caption":"Alexandre Filluzeau"},"description":"Oprichter van de website ItalPassion, gepassioneerd door Italiaanse auto's en Itali\u00eb in het algemeen. Waar mogelijk breng ik een kritisch en technisch oog naar nieuws over Italiaanse merken. Eigenaar van een Maserati GranTurismo, Alfa Romeo MiTo, Lancia Fulvia en Ducati 695. Ex-eigenaar van een Alfa Romeo Giulia.","sameAs":["https:\/\/www.italpassion.fr\/"],"url":"https:\/\/www.italpassion.fr\/nl\/author\/alexandre\/"}]}},"_links":{"self":[{"href":"https:\/\/www.italpassion.fr\/nl\/wp-json\/wp\/v2\/posts\/32656","targetHints":{"allow":["GET"]}}],"collection":[{"href":"https:\/\/www.italpassion.fr\/nl\/wp-json\/wp\/v2\/posts"}],"about":[{"href":"https:\/\/www.italpassion.fr\/nl\/wp-json\/wp\/v2\/types\/post"}],"author":[{"embeddable":true,"href":"https:\/\/www.italpassion.fr\/nl\/wp-json\/wp\/v2\/users\/1"}],"replies":[{"embeddable":true,"href":"https:\/\/www.italpassion.fr\/nl\/wp-json\/wp\/v2\/comments?post=32656"}],"version-history":[{"count":1,"href":"https:\/\/www.italpassion.fr\/nl\/wp-json\/wp\/v2\/posts\/32656\/revisions"}],"predecessor-version":[{"id":32658,"href":"https:\/\/www.italpassion.fr\/nl\/wp-json\/wp\/v2\/posts\/32656\/revisions\/32658"}],"wp:featuredmedia":[{"embeddable":true,"href":"https:\/\/www.italpassion.fr\/nl\/wp-json\/wp\/v2\/media\/32657"}],"wp:attachment":[{"href":"https:\/\/www.italpassion.fr\/nl\/wp-json\/wp\/v2\/media?parent=32656"}],"wp:term":[{"taxonomy":"category","embeddable":true,"href":"https:\/\/www.italpassion.fr\/nl\/wp-json\/wp\/v2\/categories?post=32656"},{"taxonomy":"post_tag","embeddable":true,"href":"https:\/\/www.italpassion.fr\/nl\/wp-json\/wp\/v2\/tags?post=32656"}],"curies":[{"name":"wp","href":"https:\/\/api.w.org\/{rel}","templated":true}]}}