{"id":32241,"date":"2023-10-09T21:15:52","date_gmt":"2023-10-09T19:15:52","guid":{"rendered":"https:\/\/www.italpassion.fr\/?p=32241"},"modified":"2023-10-09T21:17:43","modified_gmt":"2023-10-09T19:17:43","slug":"maserati-pakt-een-podiumplaats-bij-zijn-terugkeer-op-het-gt2-podium","status":"publish","type":"post","link":"https:\/\/www.italpassion.fr\/nl\/maserati\/maserati-realise-un-podium-pour-son-retour-sur-le-podium-en-gt2\/","title":{"rendered":"Maserati pakt podium bij terugkeer in GT2"},"content":{"rendered":"<figure class=\"wp-block-image size-large\"><img loading=\"lazy\" decoding=\"async\" width=\"1024\" height=\"614\" src=\"https:\/\/www.italpassion.fr\/wp-content\/uploads\/2023\/10\/MaseratiGT2-1024x614.jpg\" alt=\"Maserati GT2\" class=\"wp-image-32242\" srcset=\"https:\/\/www.italpassion.fr\/wp-content\/uploads\/2023\/10\/MaseratiGT2-1024x614.jpg 1024w, https:\/\/www.italpassion.fr\/wp-content\/uploads\/2023\/10\/MaseratiGT2-300x180.jpg 300w, https:\/\/www.italpassion.fr\/wp-content\/uploads\/2023\/10\/MaseratiGT2-768x461.jpg 768w, https:\/\/www.italpassion.fr\/wp-content\/uploads\/2023\/10\/MaseratiGT2-18x12.jpg 18w, https:\/\/www.italpassion.fr\/wp-content\/uploads\/2023\/10\/MaseratiGT2-561x337.jpg 561w, https:\/\/www.italpassion.fr\/wp-content\/uploads\/2023\/10\/MaseratiGT2-1122x673.jpg 1122w, https:\/\/www.italpassion.fr\/wp-content\/uploads\/2023\/10\/MaseratiGT2-265x159.jpg 265w, https:\/\/www.italpassion.fr\/wp-content\/uploads\/2023\/10\/MaseratiGT2-531x319.jpg 531w, https:\/\/www.italpassion.fr\/wp-content\/uploads\/2023\/10\/MaseratiGT2-364x218.jpg 364w, https:\/\/www.italpassion.fr\/wp-content\/uploads\/2023\/10\/MaseratiGT2-728x437.jpg 728w, https:\/\/www.italpassion.fr\/wp-content\/uploads\/2023\/10\/MaseratiGT2-608x365.jpg 608w, https:\/\/www.italpassion.fr\/wp-content\/uploads\/2023\/10\/MaseratiGT2-758x455.jpg 758w, https:\/\/www.italpassion.fr\/wp-content\/uploads\/2023\/10\/MaseratiGT2-1152x691.jpg 1152w, https:\/\/www.italpassion.fr\/wp-content\/uploads\/2023\/10\/MaseratiGT2-600x360.jpg 600w, https:\/\/www.italpassion.fr\/wp-content\/uploads\/2023\/10\/MaseratiGT2.jpg 1200w\" sizes=\"auto, (max-width: 1024px) 100vw, 1024px\" \/><\/figure>\n\n\n\n<p><a href=\"https:\/\/www.italpassion.fr\/nl\/maserati\/\">Maserati<\/a> baarde opzien bij zijn terugkeer in de GT-racerij op het circuit Paul Ricard in Frankrijk. <\/p>\n\n\n\n<p>De Maserati GT2, het nieuwe model voor circuitraces dat is afgeleid van de MC20, maakte met veel tamtam zijn debuut tijdens de laatste ronde van de Fanatec GT2 European Series 2023.<\/p>\n\n\n\n<p>Het LP Racing-team won <strong>pole position in de kwalificatie, daarna tweede plaats in de eerste race<\/strong> en de zevende plaats in de tweede race. <\/p>\n\n\n\n<p>Het was pas de laatste ronde van het kampioenschap, maar het belooft veel goeds voor het seizoen 2024, dat in april van start gaat op Circuit Paul Ricard.<\/p>\n\n\n\n<p><strong>Je kunt de herhalingen van de twee races hieronder bekijken.<\/strong><\/p>\n\n\n\n<figure class=\"wp-block-embed is-type-video is-provider-youtube wp-block-embed-youtube wp-embed-aspect-16-9 wp-has-aspect-ratio\"><div class=\"wp-block-embed__wrapper\">\n<iframe loading=\"lazy\" title=\"LIVE \/ RACE 1 \/ Fanatec GT2 European Series 2023 (Engels)\" width=\"1200\" height=\"675\" src=\"https:\/\/www.youtube-nocookie.com\/embed\/TCWMCJufzTA?feature=oembed\" frameborder=\"0\" allow=\"accelerometer; autoplay; clipboard-write; encrypted-media; gyroscope; picture-in-picture; web-share\" referrerpolicy=\"strict-origin-when-cross-origin\" allowfullscreen><\/iframe>\n<\/div><\/figure>\n\n\n\n<figure class=\"wp-block-embed is-type-video is-provider-youtube wp-block-embed-youtube wp-embed-aspect-16-9 wp-has-aspect-ratio\"><div class=\"wp-block-embed__wrapper\">\n<iframe loading=\"lazy\" title=\"LIVE \/ RACE 2 \/ Fanatec GT2 Europese Series 2023 (Engels)\" width=\"1200\" height=\"675\" src=\"https:\/\/www.youtube-nocookie.com\/embed\/qzroPZai5pw?feature=oembed\" frameborder=\"0\" allow=\"accelerometer; autoplay; clipboard-write; encrypted-media; gyroscope; picture-in-picture; web-share\" referrerpolicy=\"strict-origin-when-cross-origin\" allowfullscreen><\/iframe>\n<\/div><\/figure>\n\n\n\n<p><\/p>","protected":false},"excerpt":{"rendered":"","protected":false},"author":1,"featured_media":32242,"comment_status":"open","ping_status":"open","sticky":false,"template":"","format":"standard","meta":{"_acf_changed":false,"_sitemap_exclude":false,"_sitemap_priority":"","_sitemap_frequency":"","footnotes":""},"categories":[27],"tags":[],"class_list":["post-32241","post","type-post","status-publish","format-standard","has-post-thumbnail","hentry","category-maserati","generate-columns","tablet-grid-50","mobile-grid-100","grid-parent","grid-33"],"acf":[],"yoast_head":"<!-- This site is optimized with the Yoast SEO plugin v25.8 - https:\/\/yoast.com\/wordpress\/plugins\/seo\/ -->\n<title>Maserati r\u00e9alise un podium pour son retour en GT2 - ItalPassion<\/title>\n<meta name=\"description\" content=\"Maserati a fait sensation lors de son retour en comp\u00e9tition GT sur le circuit Paul Ricard, en France. La Maserati GT2, le nouveau mod\u00e8le d\u00e9di\u00e9 \u00e0 la course\" \/>\n<meta name=\"robots\" content=\"index, follow, max-snippet:-1, max-image-preview:large, max-video-preview:-1\" \/>\n<link rel=\"canonical\" href=\"https:\/\/www.italpassion.fr\/nl\/maserati\/maserati-pakt-een-podiumplaats-bij-zijn-terugkeer-op-het-gt2-podium\/\" \/>\n<meta property=\"og:locale\" content=\"nl_NL\" \/>\n<meta property=\"og:type\" content=\"article\" \/>\n<meta property=\"og:title\" content=\"Maserati r\u00e9alise un podium pour son retour en GT2 - ItalPassion\" \/>\n<meta property=\"og:description\" content=\"Maserati a fait sensation lors de son retour en comp\u00e9tition GT sur le circuit Paul Ricard, en France. La Maserati GT2, le nouveau mod\u00e8le d\u00e9di\u00e9 \u00e0 la course\" \/>\n<meta property=\"og:url\" content=\"https:\/\/www.italpassion.fr\/nl\/maserati\/maserati-pakt-een-podiumplaats-bij-zijn-terugkeer-op-het-gt2-podium\/\" \/>\n<meta property=\"og:site_name\" content=\"ItalPassion\" \/>\n<meta property=\"article:publisher\" content=\"https:\/\/www.facebook.com\/italpassion\" \/>\n<meta property=\"article:published_time\" content=\"2023-10-09T19:15:52+00:00\" \/>\n<meta property=\"article:modified_time\" content=\"2023-10-09T19:17:43+00:00\" \/>\n<meta property=\"og:image\" content=\"https:\/\/www.italpassion.fr\/wp-content\/uploads\/2023\/10\/MaseratiGT2.jpg\" \/>\n\t<meta property=\"og:image:width\" content=\"1200\" \/>\n\t<meta property=\"og:image:height\" content=\"720\" \/>\n\t<meta property=\"og:image:type\" content=\"image\/jpeg\" \/>\n<meta name=\"author\" content=\"Alexandre Filluzeau\" \/>\n<meta name=\"twitter:card\" content=\"summary_large_image\" \/>\n<meta name=\"twitter:creator\" content=\"@italpassion\" \/>\n<meta name=\"twitter:site\" content=\"@italpassion\" \/>\n<script type=\"application\/ld+json\" class=\"yoast-schema-graph\">{\"@context\":\"https:\/\/schema.org\",\"@graph\":[{\"@type\":\"NewsArticle\",\"@id\":\"https:\/\/www.italpassion.fr\/nl\/maserati\/maserati-realise-un-podium-pour-son-retour-sur-le-podium-en-gt2\/#article\",\"isPartOf\":{\"@id\":\"https:\/\/www.italpassion.fr\/nl\/maserati\/maserati-realise-un-podium-pour-son-retour-sur-le-podium-en-gt2\/\"},\"author\":{\"name\":\"Alexandre Filluzeau\",\"@id\":\"https:\/\/www.italpassion.fr\/nl\/#\/schema\/person\/36f747b2a759ca202d847e85a9434ca0\"},\"headline\":\"Maserati r\u00e9alise un podium pour son retour en GT2\",\"datePublished\":\"2023-10-09T19:15:52+00:00\",\"dateModified\":\"2023-10-09T19:17:43+00:00\",\"mainEntityOfPage\":{\"@id\":\"https:\/\/www.italpassion.fr\/nl\/maserati\/maserati-realise-un-podium-pour-son-retour-sur-le-podium-en-gt2\/\"},\"wordCount\":163,\"commentCount\":6,\"publisher\":{\"@id\":\"https:\/\/www.italpassion.fr\/nl\/#organization\"},\"image\":{\"@id\":\"https:\/\/www.italpassion.fr\/nl\/maserati\/maserati-realise-un-podium-pour-son-retour-sur-le-podium-en-gt2\/#primaryimage\"},\"thumbnailUrl\":\"https:\/\/www.italpassion.fr\/wp-content\/uploads\/2023\/10\/MaseratiGT2.jpg\",\"articleSection\":[\"Maserati\"],\"inLanguage\":\"nl-NL\",\"potentialAction\":[{\"@type\":\"CommentAction\",\"name\":\"Comment\",\"target\":[\"https:\/\/www.italpassion.fr\/nl\/maserati\/maserati-realise-un-podium-pour-son-retour-sur-le-podium-en-gt2\/#respond\"]}]},{\"@type\":\"WebPage\",\"@id\":\"https:\/\/www.italpassion.fr\/nl\/maserati\/maserati-realise-un-podium-pour-son-retour-sur-le-podium-en-gt2\/\",\"url\":\"https:\/\/www.italpassion.fr\/nl\/maserati\/maserati-realise-un-podium-pour-son-retour-sur-le-podium-en-gt2\/\",\"name\":\"Maserati r\u00e9alise un podium pour son retour en GT2 - ItalPassion\",\"isPartOf\":{\"@id\":\"https:\/\/www.italpassion.fr\/nl\/#website\"},\"primaryImageOfPage\":{\"@id\":\"https:\/\/www.italpassion.fr\/nl\/maserati\/maserati-realise-un-podium-pour-son-retour-sur-le-podium-en-gt2\/#primaryimage\"},\"image\":{\"@id\":\"https:\/\/www.italpassion.fr\/nl\/maserati\/maserati-realise-un-podium-pour-son-retour-sur-le-podium-en-gt2\/#primaryimage\"},\"thumbnailUrl\":\"https:\/\/www.italpassion.fr\/wp-content\/uploads\/2023\/10\/MaseratiGT2.jpg\",\"datePublished\":\"2023-10-09T19:15:52+00:00\",\"dateModified\":\"2023-10-09T19:17:43+00:00\",\"description\":\"Maserati a fait sensation lors de son retour en comp\u00e9tition GT sur le circuit Paul Ricard, en France. La Maserati GT2, le nouveau mod\u00e8le d\u00e9di\u00e9 \u00e0 la course\",\"breadcrumb\":{\"@id\":\"https:\/\/www.italpassion.fr\/nl\/maserati\/maserati-realise-un-podium-pour-son-retour-sur-le-podium-en-gt2\/#breadcrumb\"},\"inLanguage\":\"nl-NL\",\"potentialAction\":[{\"@type\":\"ReadAction\",\"target\":[\"https:\/\/www.italpassion.fr\/nl\/maserati\/maserati-realise-un-podium-pour-son-retour-sur-le-podium-en-gt2\/\"]}]},{\"@type\":\"ImageObject\",\"inLanguage\":\"nl-NL\",\"@id\":\"https:\/\/www.italpassion.fr\/nl\/maserati\/maserati-realise-un-podium-pour-son-retour-sur-le-podium-en-gt2\/#primaryimage\",\"url\":\"https:\/\/www.italpassion.fr\/wp-content\/uploads\/2023\/10\/MaseratiGT2.jpg\",\"contentUrl\":\"https:\/\/www.italpassion.fr\/wp-content\/uploads\/2023\/10\/MaseratiGT2.jpg\",\"width\":1200,\"height\":720,\"caption\":\"Maserati GT2\"},{\"@type\":\"BreadcrumbList\",\"@id\":\"https:\/\/www.italpassion.fr\/nl\/maserati\/maserati-realise-un-podium-pour-son-retour-sur-le-podium-en-gt2\/#breadcrumb\",\"itemListElement\":[{\"@type\":\"ListItem\",\"position\":1,\"name\":\"Accueil\",\"item\":\"https:\/\/www.italpassion.fr\/nl\/\"},{\"@type\":\"ListItem\",\"position\":2,\"name\":\"Maserati r\u00e9alise un podium pour son retour en GT2\"}]},{\"@type\":\"WebSite\",\"@id\":\"https:\/\/www.italpassion.fr\/nl\/#website\",\"url\":\"https:\/\/www.italpassion.fr\/nl\/\",\"name\":\"ItalPassion\",\"description\":\"Les Passionn\u00e9s d&#039;Automobiles Italiennes\",\"publisher\":{\"@id\":\"https:\/\/www.italpassion.fr\/nl\/#organization\"},\"potentialAction\":[{\"@type\":\"SearchAction\",\"target\":{\"@type\":\"EntryPoint\",\"urlTemplate\":\"https:\/\/www.italpassion.fr\/nl\/?s={search_term_string}\"},\"query-input\":{\"@type\":\"PropertyValueSpecification\",\"valueRequired\":true,\"valueName\":\"search_term_string\"}}],\"inLanguage\":\"nl-NL\"},{\"@type\":\"Organization\",\"@id\":\"https:\/\/www.italpassion.fr\/nl\/#organization\",\"name\":\"Italpassion\",\"url\":\"https:\/\/www.italpassion.fr\/nl\/\",\"logo\":{\"@type\":\"ImageObject\",\"inLanguage\":\"nl-NL\",\"@id\":\"https:\/\/www.italpassion.fr\/nl\/#\/schema\/logo\/image\/\",\"url\":\"https:\/\/www.italpassion.fr\/wp-content\/uploads\/2023\/07\/italpassion-yoast.jpg\",\"contentUrl\":\"https:\/\/www.italpassion.fr\/wp-content\/uploads\/2023\/07\/italpassion-yoast.jpg\",\"width\":696,\"height\":696,\"caption\":\"Italpassion\"},\"image\":{\"@id\":\"https:\/\/www.italpassion.fr\/nl\/#\/schema\/logo\/image\/\"},\"sameAs\":[\"https:\/\/www.facebook.com\/italpassion\",\"https:\/\/x.com\/italpassion\",\"https:\/\/www.instagram.com\/italpassionfr\/\",\"https:\/\/www.youtube.com\/channel\/UCleq-ByQaA42OjhopwevRjQ\",\"https:\/\/www.facebook.com\/italpassion.en\/\",\"https:\/\/www.facebook.com\/italpassion.it\/\",\"https:\/\/www.facebook.com\/italpassion.de\/\",\"https:\/\/www.facebook.com\/italpassion.ja\/\"]},{\"@type\":\"Person\",\"@id\":\"https:\/\/www.italpassion.fr\/nl\/#\/schema\/person\/36f747b2a759ca202d847e85a9434ca0\",\"name\":\"Alexandre Filluzeau\",\"image\":{\"@type\":\"ImageObject\",\"inLanguage\":\"nl-NL\",\"@id\":\"https:\/\/www.italpassion.fr\/nl\/#\/schema\/person\/image\/\",\"url\":\"https:\/\/www.italpassion.fr\/wp-content\/uploads\/2025\/04\/avatar-alexandre-160x160.jpg\",\"contentUrl\":\"https:\/\/www.italpassion.fr\/wp-content\/uploads\/2025\/04\/avatar-alexandre-160x160.jpg\",\"caption\":\"Alexandre Filluzeau\"},\"description\":\"Fondateur du site ItalPassion, passionn\u00e9 de voitures italiennes et de l'Italie en g\u00e9n\u00e9ral. J'apporte un regard critique et technique aux actualit\u00e9s des marques italiennes quand cela est possible. Propri\u00e9taire d'une Maserati GranTurismo, Alfa Romeo MiTo, Lancia Fulvia et Ducati 695. Ex-propri\u00e9taire d'une Alfa Romeo Giulia.\",\"sameAs\":[\"https:\/\/www.italpassion.fr\/\"],\"url\":\"https:\/\/www.italpassion.fr\/nl\/author\/alexandre\/\"}]}<\/script>\n<!-- \/ Yoast SEO plugin. -->","yoast_head_json":{"title":"Maserati pakt podium bij terugkeer in GT2 - ItalPassion","description":"Maserati baarde opzien met zijn terugkeer in de GT-racerij op het circuit Paul Ricard in Frankrijk. De Maserati GT2, het nieuwe model speciaal voor de racerij","robots":{"index":"index","follow":"follow","max-snippet":"max-snippet:-1","max-image-preview":"max-image-preview:large","max-video-preview":"max-video-preview:-1"},"canonical":"https:\/\/www.italpassion.fr\/nl\/maserati\/maserati-pakt-een-podiumplaats-bij-zijn-terugkeer-op-het-gt2-podium\/","og_locale":"nl_NL","og_type":"article","og_title":"Maserati r\u00e9alise un podium pour son retour en GT2 - ItalPassion","og_description":"Maserati a fait sensation lors de son retour en comp\u00e9tition GT sur le circuit Paul Ricard, en France. La Maserati GT2, le nouveau mod\u00e8le d\u00e9di\u00e9 \u00e0 la course","og_url":"https:\/\/www.italpassion.fr\/nl\/maserati\/maserati-pakt-een-podiumplaats-bij-zijn-terugkeer-op-het-gt2-podium\/","og_site_name":"ItalPassion","article_publisher":"https:\/\/www.facebook.com\/italpassion","article_published_time":"2023-10-09T19:15:52+00:00","article_modified_time":"2023-10-09T19:17:43+00:00","og_image":[{"width":1200,"height":720,"url":"https:\/\/www.italpassion.fr\/wp-content\/uploads\/2023\/10\/MaseratiGT2.jpg","type":"image\/jpeg"}],"author":"Alexandre Filluzeau","twitter_card":"summary_large_image","twitter_creator":"@italpassion","twitter_site":"@italpassion","schema":{"@context":"https:\/\/schema.org","@graph":[{"@type":"NewsArticle","@id":"https:\/\/www.italpassion.fr\/nl\/maserati\/maserati-realise-un-podium-pour-son-retour-sur-le-podium-en-gt2\/#article","isPartOf":{"@id":"https:\/\/www.italpassion.fr\/nl\/maserati\/maserati-realise-un-podium-pour-son-retour-sur-le-podium-en-gt2\/"},"author":{"name":"Alexandre Filluzeau","@id":"https:\/\/www.italpassion.fr\/nl\/#\/schema\/person\/36f747b2a759ca202d847e85a9434ca0"},"headline":"Maserati r\u00e9alise un podium pour son retour en GT2","datePublished":"2023-10-09T19:15:52+00:00","dateModified":"2023-10-09T19:17:43+00:00","mainEntityOfPage":{"@id":"https:\/\/www.italpassion.fr\/nl\/maserati\/maserati-realise-un-podium-pour-son-retour-sur-le-podium-en-gt2\/"},"wordCount":163,"commentCount":6,"publisher":{"@id":"https:\/\/www.italpassion.fr\/nl\/#organization"},"image":{"@id":"https:\/\/www.italpassion.fr\/nl\/maserati\/maserati-realise-un-podium-pour-son-retour-sur-le-podium-en-gt2\/#primaryimage"},"thumbnailUrl":"https:\/\/www.italpassion.fr\/wp-content\/uploads\/2023\/10\/MaseratiGT2.jpg","articleSection":["Maserati"],"inLanguage":"nl-NL","potentialAction":[{"@type":"CommentAction","name":"Comment","target":["https:\/\/www.italpassion.fr\/nl\/maserati\/maserati-realise-un-podium-pour-son-retour-sur-le-podium-en-gt2\/#respond"]}]},{"@type":"WebPage","@id":"https:\/\/www.italpassion.fr\/nl\/maserati\/maserati-realise-un-podium-pour-son-retour-sur-le-podium-en-gt2\/","url":"https:\/\/www.italpassion.fr\/nl\/maserati\/maserati-realise-un-podium-pour-son-retour-sur-le-podium-en-gt2\/","name":"Maserati pakt podium bij terugkeer in GT2 - ItalPassion","isPartOf":{"@id":"https:\/\/www.italpassion.fr\/nl\/#website"},"primaryImageOfPage":{"@id":"https:\/\/www.italpassion.fr\/nl\/maserati\/maserati-realise-un-podium-pour-son-retour-sur-le-podium-en-gt2\/#primaryimage"},"image":{"@id":"https:\/\/www.italpassion.fr\/nl\/maserati\/maserati-realise-un-podium-pour-son-retour-sur-le-podium-en-gt2\/#primaryimage"},"thumbnailUrl":"https:\/\/www.italpassion.fr\/wp-content\/uploads\/2023\/10\/MaseratiGT2.jpg","datePublished":"2023-10-09T19:15:52+00:00","dateModified":"2023-10-09T19:17:43+00:00","description":"Maserati baarde opzien met zijn terugkeer in de GT-racerij op het circuit Paul Ricard in Frankrijk. De Maserati GT2, het nieuwe model speciaal voor de racerij","breadcrumb":{"@id":"https:\/\/www.italpassion.fr\/nl\/maserati\/maserati-realise-un-podium-pour-son-retour-sur-le-podium-en-gt2\/#breadcrumb"},"inLanguage":"nl-NL","potentialAction":[{"@type":"ReadAction","target":["https:\/\/www.italpassion.fr\/nl\/maserati\/maserati-realise-un-podium-pour-son-retour-sur-le-podium-en-gt2\/"]}]},{"@type":"ImageObject","inLanguage":"nl-NL","@id":"https:\/\/www.italpassion.fr\/nl\/maserati\/maserati-realise-un-podium-pour-son-retour-sur-le-podium-en-gt2\/#primaryimage","url":"https:\/\/www.italpassion.fr\/wp-content\/uploads\/2023\/10\/MaseratiGT2.jpg","contentUrl":"https:\/\/www.italpassion.fr\/wp-content\/uploads\/2023\/10\/MaseratiGT2.jpg","width":1200,"height":720,"caption":"Maserati GT2"},{"@type":"BreadcrumbList","@id":"https:\/\/www.italpassion.fr\/nl\/maserati\/maserati-realise-un-podium-pour-son-retour-sur-le-podium-en-gt2\/#breadcrumb","itemListElement":[{"@type":"ListItem","position":1,"name":"Accueil","item":"https:\/\/www.italpassion.fr\/nl\/"},{"@type":"ListItem","position":2,"name":"Maserati r\u00e9alise un podium pour son retour en GT2"}]},{"@type":"WebSite","@id":"https:\/\/www.italpassion.fr\/nl\/#website","url":"https:\/\/www.italpassion.fr\/nl\/","name":"ItalPassion","description":"Italiaanse autoliefhebbers","publisher":{"@id":"https:\/\/www.italpassion.fr\/nl\/#organization"},"potentialAction":[{"@type":"SearchAction","target":{"@type":"EntryPoint","urlTemplate":"https:\/\/www.italpassion.fr\/nl\/?s={search_term_string}"},"query-input":{"@type":"PropertyValueSpecification","valueRequired":true,"valueName":"search_term_string"}}],"inLanguage":"nl-NL"},{"@type":"Organization","@id":"https:\/\/www.italpassion.fr\/nl\/#organization","name":"Italpassion","url":"https:\/\/www.italpassion.fr\/nl\/","logo":{"@type":"ImageObject","inLanguage":"nl-NL","@id":"https:\/\/www.italpassion.fr\/nl\/#\/schema\/logo\/image\/","url":"https:\/\/www.italpassion.fr\/wp-content\/uploads\/2023\/07\/italpassion-yoast.jpg","contentUrl":"https:\/\/www.italpassion.fr\/wp-content\/uploads\/2023\/07\/italpassion-yoast.jpg","width":696,"height":696,"caption":"Italpassion"},"image":{"@id":"https:\/\/www.italpassion.fr\/nl\/#\/schema\/logo\/image\/"},"sameAs":["https:\/\/www.facebook.com\/italpassion","https:\/\/x.com\/italpassion","https:\/\/www.instagram.com\/italpassionfr\/","https:\/\/www.youtube.com\/channel\/UCleq-ByQaA42OjhopwevRjQ","https:\/\/www.facebook.com\/italpassion.en\/","https:\/\/www.facebook.com\/italpassion.it\/","https:\/\/www.facebook.com\/italpassion.de\/","https:\/\/www.facebook.com\/italpassion.ja\/"]},{"@type":"Person","@id":"https:\/\/www.italpassion.fr\/nl\/#\/schema\/person\/36f747b2a759ca202d847e85a9434ca0","name":"Alexandre Filluzeau","image":{"@type":"ImageObject","inLanguage":"nl-NL","@id":"https:\/\/www.italpassion.fr\/nl\/#\/schema\/person\/image\/","url":"https:\/\/www.italpassion.fr\/wp-content\/uploads\/2025\/04\/avatar-alexandre-160x160.jpg","contentUrl":"https:\/\/www.italpassion.fr\/wp-content\/uploads\/2025\/04\/avatar-alexandre-160x160.jpg","caption":"Alexandre Filluzeau"},"description":"Oprichter van de website ItalPassion, gepassioneerd door Italiaanse auto's en Itali\u00eb in het algemeen. Waar mogelijk breng ik een kritisch en technisch oog naar nieuws over Italiaanse merken. Eigenaar van een Maserati GranTurismo, Alfa Romeo MiTo, Lancia Fulvia en Ducati 695. Ex-eigenaar van een Alfa Romeo Giulia.","sameAs":["https:\/\/www.italpassion.fr\/"],"url":"https:\/\/www.italpassion.fr\/nl\/author\/alexandre\/"}]}},"_links":{"self":[{"href":"https:\/\/www.italpassion.fr\/nl\/wp-json\/wp\/v2\/posts\/32241","targetHints":{"allow":["GET"]}}],"collection":[{"href":"https:\/\/www.italpassion.fr\/nl\/wp-json\/wp\/v2\/posts"}],"about":[{"href":"https:\/\/www.italpassion.fr\/nl\/wp-json\/wp\/v2\/types\/post"}],"author":[{"embeddable":true,"href":"https:\/\/www.italpassion.fr\/nl\/wp-json\/wp\/v2\/users\/1"}],"replies":[{"embeddable":true,"href":"https:\/\/www.italpassion.fr\/nl\/wp-json\/wp\/v2\/comments?post=32241"}],"version-history":[{"count":2,"href":"https:\/\/www.italpassion.fr\/nl\/wp-json\/wp\/v2\/posts\/32241\/revisions"}],"predecessor-version":[{"id":32244,"href":"https:\/\/www.italpassion.fr\/nl\/wp-json\/wp\/v2\/posts\/32241\/revisions\/32244"}],"wp:featuredmedia":[{"embeddable":true,"href":"https:\/\/www.italpassion.fr\/nl\/wp-json\/wp\/v2\/media\/32242"}],"wp:attachment":[{"href":"https:\/\/www.italpassion.fr\/nl\/wp-json\/wp\/v2\/media?parent=32241"}],"wp:term":[{"taxonomy":"category","embeddable":true,"href":"https:\/\/www.italpassion.fr\/nl\/wp-json\/wp\/v2\/categories?post=32241"},{"taxonomy":"post_tag","embeddable":true,"href":"https:\/\/www.italpassion.fr\/nl\/wp-json\/wp\/v2\/tags?post=32241"}],"curies":[{"name":"wp","href":"https:\/\/api.w.org\/{rel}","templated":true}]}}