{"id":31918,"date":"2023-09-04T14:12:01","date_gmt":"2023-09-04T12:12:01","guid":{"rendered":"https:\/\/www.italpassion.fr\/?p=31918"},"modified":"2023-09-04T14:13:29","modified_gmt":"2023-09-04T12:13:29","slug":"ferrari-coureur-carols-sainz-slachtoffer-van-poging-tot-beroving-na-monza-grand-prix-video","status":"publish","type":"post","link":"https:\/\/www.italpassion.fr\/nl\/competition\/le-pilote-ferrari-carols-sainz-victime-dune-tentative-de-vol-apres-le-grand-prix-de-monza-video\/","title":{"rendered":"Ferrari-coureur Carlos Sainz slachtoffer van poging tot beroving na Grand Prix van Monza (video)"},"content":{"rendered":"<figure class=\"wp-block-image size-large\"><img loading=\"lazy\" decoding=\"async\" width=\"1024\" height=\"597\" src=\"https:\/\/www.italpassion.fr\/wp-content\/uploads\/2023\/09\/sainz-montre-1024x597.jpg\" alt=\"\" class=\"wp-image-31919\" srcset=\"https:\/\/www.italpassion.fr\/wp-content\/uploads\/2023\/09\/sainz-montre-1024x597.jpg 1024w, https:\/\/www.italpassion.fr\/wp-content\/uploads\/2023\/09\/sainz-montre-300x175.jpg 300w, https:\/\/www.italpassion.fr\/wp-content\/uploads\/2023\/09\/sainz-montre-768x448.jpg 768w, https:\/\/www.italpassion.fr\/wp-content\/uploads\/2023\/09\/sainz-montre-561x327.jpg 561w, https:\/\/www.italpassion.fr\/wp-content\/uploads\/2023\/09\/sainz-montre-1122x655.jpg 1122w, https:\/\/www.italpassion.fr\/wp-content\/uploads\/2023\/09\/sainz-montre-265x155.jpg 265w, https:\/\/www.italpassion.fr\/wp-content\/uploads\/2023\/09\/sainz-montre-531x310.jpg 531w, https:\/\/www.italpassion.fr\/wp-content\/uploads\/2023\/09\/sainz-montre-364x212.jpg 364w, https:\/\/www.italpassion.fr\/wp-content\/uploads\/2023\/09\/sainz-montre-728x425.jpg 728w, https:\/\/www.italpassion.fr\/wp-content\/uploads\/2023\/09\/sainz-montre-608x355.jpg 608w, https:\/\/www.italpassion.fr\/wp-content\/uploads\/2023\/09\/sainz-montre-758x442.jpg 758w, https:\/\/www.italpassion.fr\/wp-content\/uploads\/2023\/09\/sainz-montre-1152x672.jpg 1152w, https:\/\/www.italpassion.fr\/wp-content\/uploads\/2023\/09\/sainz-montre-600x350.jpg 600w, https:\/\/www.italpassion.fr\/wp-content\/uploads\/2023\/09\/sainz-montre.jpg 1200w\" sizes=\"auto, (max-width: 1024px) 100vw, 1024px\" \/><\/figure>\n\n\n\n<p>In navolging van Charles Leclerc meer dan een jaar geleden, is het nu de beurt aan de coureur van <a href=\"https:\/\/www.italpassion.fr\/nl\/wedstrijd\/formule-1\/\">F1<\/a> <strong>Carlos Sainz was het slachtoffer van een poging tot diefstal van zijn horloge. <\/strong>De gebeurtenissen vonden plaats op zondagmiddag in Milaan, na de Grand Prix van Monza.<\/p>\n\n\n\n<p>Carlos Sainz bezit een Richard Mille horloge ter waarde van \u20ac500.000. Hij verlaat zijn Armani hotel aan het eind van de middag, <strong>twee aanvallers benaderden hem om zijn horloge te stelen<\/strong>.<\/p>\n\n\n\n<p>De bestuurder zette vervolgens de achtervolging in op de twee dieven, bijgestaan door zijn lijfwacht. Uiteindelijk werden ze in Via Montenapoleone aangehouden door de politie, die snel ingreep. <strong>Carlos Sainz kon zijn horloge terugvinden.<\/strong><\/p>\n\n\n\n<blockquote class=\"twitter-tweet\"><p lang=\"es\" dir=\"ltr\">Hier zijn enkele beelden van het incident, vastgelegd door <a href=\"https:\/\/twitter.com\/Adnkronos?ref_src=twsrc%5Etfw\">@Adnkronos<\/a>. <a href=\"https:\/\/t.co\/KPdod1RGui\">pic.twitter.com\/KPdod1RGui<\/a><\/p>- V\u00edctor Abad (@victorabadf1) <a href=\"https:\/\/twitter.com\/victorabadf1\/status\/1698440682686300512?ref_src=twsrc%5Etfw\">3 september 2023<\/a><\/blockquote> <script async src=\"https:\/\/platform.twitter.com\/widgets.js\" charset=\"utf-8\"><\/script>\n\n\n\n<p><strong>Een emotionele dag voor de F1-coureur<\/strong> die net een paar uur eerder de 3e plaats op het podium had behaald tijdens de Grand Prix van Monza!<\/p>\n\n\n\n<p>Carlos Sainz heeft opgeroepen tot meer veiligheid voor coureurs in de steden waar Grand Prix-races worden gehouden. In april 2022 werd het horloge van Charles Leclerc, ter waarde van \u20ac300.000, een paar dagen voor de Grand Prix van Imola gestolen.<\/p>","protected":false},"excerpt":{"rendered":"","protected":false},"author":1,"featured_media":31919,"comment_status":"open","ping_status":"open","sticky":false,"template":"","format":"standard","meta":{"_acf_changed":false,"_sitemap_exclude":false,"_sitemap_priority":"","_sitemap_frequency":"","footnotes":""},"categories":[328,323],"tags":[],"class_list":["post-31918","post","type-post","status-publish","format-standard","has-post-thumbnail","hentry","category-formule-1","category-competition","generate-columns","tablet-grid-50","mobile-grid-100","grid-parent","grid-33"],"acf":[],"yoast_head":"<!-- This site is optimized with the Yoast SEO plugin v25.8 - https:\/\/yoast.com\/wordpress\/plugins\/seo\/ -->\n<title>Le pilote Ferrari, Carlos Sainz, victime d&#039;une tentative de vol apr\u00e8s le Grand Prix de Monza (vid\u00e9o) - ItalPassion<\/title>\n<meta name=\"description\" content=\"Comme Charles Leclerc il y a plus d&#039;un an, c&#039;est au tour du pilote de F1 Carlos Sainz d&#039;\u00eatre victime d&#039;une tentative de vol de sa montre. Les faits se\" \/>\n<meta name=\"robots\" content=\"index, follow, max-snippet:-1, max-image-preview:large, max-video-preview:-1\" \/>\n<link rel=\"canonical\" href=\"https:\/\/www.italpassion.fr\/nl\/wedstrijd\/ferrari-coureur-carols-sainz-slachtoffer-van-poging-tot-beroving-na-monza-grand-prix-video\/\" \/>\n<meta property=\"og:locale\" content=\"nl_NL\" \/>\n<meta property=\"og:type\" content=\"article\" \/>\n<meta property=\"og:title\" content=\"Le pilote Ferrari, Carlos Sainz, victime d&#039;une tentative de vol apr\u00e8s le Grand Prix de Monza (vid\u00e9o) - ItalPassion\" \/>\n<meta property=\"og:description\" content=\"Comme Charles Leclerc il y a plus d&#039;un an, c&#039;est au tour du pilote de F1 Carlos Sainz d&#039;\u00eatre victime d&#039;une tentative de vol de sa montre. Les faits se\" \/>\n<meta property=\"og:url\" content=\"https:\/\/www.italpassion.fr\/nl\/wedstrijd\/ferrari-coureur-carols-sainz-slachtoffer-van-poging-tot-beroving-na-monza-grand-prix-video\/\" \/>\n<meta property=\"og:site_name\" content=\"ItalPassion\" \/>\n<meta property=\"article:publisher\" content=\"https:\/\/www.facebook.com\/italpassion\" \/>\n<meta property=\"article:published_time\" content=\"2023-09-04T12:12:01+00:00\" \/>\n<meta property=\"article:modified_time\" content=\"2023-09-04T12:13:29+00:00\" \/>\n<meta property=\"og:image\" content=\"https:\/\/www.italpassion.fr\/wp-content\/uploads\/2023\/09\/sainz-montre.jpg\" \/>\n\t<meta property=\"og:image:width\" content=\"1200\" \/>\n\t<meta property=\"og:image:height\" content=\"700\" \/>\n\t<meta property=\"og:image:type\" content=\"image\/jpeg\" \/>\n<meta name=\"author\" content=\"Alexandre Filluzeau\" \/>\n<meta name=\"twitter:card\" content=\"summary_large_image\" \/>\n<meta name=\"twitter:creator\" content=\"@italpassion\" \/>\n<meta name=\"twitter:site\" content=\"@italpassion\" \/>\n<script type=\"application\/ld+json\" class=\"yoast-schema-graph\">{\"@context\":\"https:\/\/schema.org\",\"@graph\":[{\"@type\":\"NewsArticle\",\"@id\":\"https:\/\/www.italpassion.fr\/nl\/competition\/le-pilote-ferrari-carols-sainz-victime-dune-tentative-de-vol-apres-le-grand-prix-de-monza-video\/#article\",\"isPartOf\":{\"@id\":\"https:\/\/www.italpassion.fr\/nl\/competition\/le-pilote-ferrari-carols-sainz-victime-dune-tentative-de-vol-apres-le-grand-prix-de-monza-video\/\"},\"author\":{\"name\":\"Alexandre Filluzeau\",\"@id\":\"https:\/\/www.italpassion.fr\/nl\/#\/schema\/person\/36f747b2a759ca202d847e85a9434ca0\"},\"headline\":\"Le pilote Ferrari, Carlos Sainz, victime d&rsquo;une tentative de vol apr\u00e8s le Grand Prix de Monza (vid\u00e9o)\",\"datePublished\":\"2023-09-04T12:12:01+00:00\",\"dateModified\":\"2023-09-04T12:13:29+00:00\",\"mainEntityOfPage\":{\"@id\":\"https:\/\/www.italpassion.fr\/nl\/competition\/le-pilote-ferrari-carols-sainz-victime-dune-tentative-de-vol-apres-le-grand-prix-de-monza-video\/\"},\"wordCount\":251,\"commentCount\":1,\"publisher\":{\"@id\":\"https:\/\/www.italpassion.fr\/nl\/#organization\"},\"image\":{\"@id\":\"https:\/\/www.italpassion.fr\/nl\/competition\/le-pilote-ferrari-carols-sainz-victime-dune-tentative-de-vol-apres-le-grand-prix-de-monza-video\/#primaryimage\"},\"thumbnailUrl\":\"https:\/\/www.italpassion.fr\/wp-content\/uploads\/2023\/09\/sainz-montre.jpg\",\"articleSection\":[\"Formule 1\",\"Sport Auto\"],\"inLanguage\":\"nl-NL\",\"potentialAction\":[{\"@type\":\"CommentAction\",\"name\":\"Comment\",\"target\":[\"https:\/\/www.italpassion.fr\/nl\/competition\/le-pilote-ferrari-carols-sainz-victime-dune-tentative-de-vol-apres-le-grand-prix-de-monza-video\/#respond\"]}]},{\"@type\":\"WebPage\",\"@id\":\"https:\/\/www.italpassion.fr\/nl\/competition\/le-pilote-ferrari-carols-sainz-victime-dune-tentative-de-vol-apres-le-grand-prix-de-monza-video\/\",\"url\":\"https:\/\/www.italpassion.fr\/nl\/competition\/le-pilote-ferrari-carols-sainz-victime-dune-tentative-de-vol-apres-le-grand-prix-de-monza-video\/\",\"name\":\"Le pilote Ferrari, Carlos Sainz, victime d'une tentative de vol apr\u00e8s le Grand Prix de Monza (vid\u00e9o) - ItalPassion\",\"isPartOf\":{\"@id\":\"https:\/\/www.italpassion.fr\/nl\/#website\"},\"primaryImageOfPage\":{\"@id\":\"https:\/\/www.italpassion.fr\/nl\/competition\/le-pilote-ferrari-carols-sainz-victime-dune-tentative-de-vol-apres-le-grand-prix-de-monza-video\/#primaryimage\"},\"image\":{\"@id\":\"https:\/\/www.italpassion.fr\/nl\/competition\/le-pilote-ferrari-carols-sainz-victime-dune-tentative-de-vol-apres-le-grand-prix-de-monza-video\/#primaryimage\"},\"thumbnailUrl\":\"https:\/\/www.italpassion.fr\/wp-content\/uploads\/2023\/09\/sainz-montre.jpg\",\"datePublished\":\"2023-09-04T12:12:01+00:00\",\"dateModified\":\"2023-09-04T12:13:29+00:00\",\"description\":\"Comme Charles Leclerc il y a plus d'un an, c'est au tour du pilote de F1 Carlos Sainz d'\u00eatre victime d'une tentative de vol de sa montre. Les faits se\",\"breadcrumb\":{\"@id\":\"https:\/\/www.italpassion.fr\/nl\/competition\/le-pilote-ferrari-carols-sainz-victime-dune-tentative-de-vol-apres-le-grand-prix-de-monza-video\/#breadcrumb\"},\"inLanguage\":\"nl-NL\",\"potentialAction\":[{\"@type\":\"ReadAction\",\"target\":[\"https:\/\/www.italpassion.fr\/nl\/competition\/le-pilote-ferrari-carols-sainz-victime-dune-tentative-de-vol-apres-le-grand-prix-de-monza-video\/\"]}]},{\"@type\":\"ImageObject\",\"inLanguage\":\"nl-NL\",\"@id\":\"https:\/\/www.italpassion.fr\/nl\/competition\/le-pilote-ferrari-carols-sainz-victime-dune-tentative-de-vol-apres-le-grand-prix-de-monza-video\/#primaryimage\",\"url\":\"https:\/\/www.italpassion.fr\/wp-content\/uploads\/2023\/09\/sainz-montre.jpg\",\"contentUrl\":\"https:\/\/www.italpassion.fr\/wp-content\/uploads\/2023\/09\/sainz-montre.jpg\",\"width\":1200,\"height\":700,\"caption\":\"sainz montre\"},{\"@type\":\"BreadcrumbList\",\"@id\":\"https:\/\/www.italpassion.fr\/nl\/competition\/le-pilote-ferrari-carols-sainz-victime-dune-tentative-de-vol-apres-le-grand-prix-de-monza-video\/#breadcrumb\",\"itemListElement\":[{\"@type\":\"ListItem\",\"position\":1,\"name\":\"Accueil\",\"item\":\"https:\/\/www.italpassion.fr\/nl\/\"},{\"@type\":\"ListItem\",\"position\":2,\"name\":\"Le pilote Ferrari, Carlos Sainz, victime d&rsquo;une tentative de vol apr\u00e8s le Grand Prix de Monza (vid\u00e9o)\"}]},{\"@type\":\"WebSite\",\"@id\":\"https:\/\/www.italpassion.fr\/nl\/#website\",\"url\":\"https:\/\/www.italpassion.fr\/nl\/\",\"name\":\"ItalPassion\",\"description\":\"Les Passionn\u00e9s d&#039;Automobiles Italiennes\",\"publisher\":{\"@id\":\"https:\/\/www.italpassion.fr\/nl\/#organization\"},\"potentialAction\":[{\"@type\":\"SearchAction\",\"target\":{\"@type\":\"EntryPoint\",\"urlTemplate\":\"https:\/\/www.italpassion.fr\/nl\/?s={search_term_string}\"},\"query-input\":{\"@type\":\"PropertyValueSpecification\",\"valueRequired\":true,\"valueName\":\"search_term_string\"}}],\"inLanguage\":\"nl-NL\"},{\"@type\":\"Organization\",\"@id\":\"https:\/\/www.italpassion.fr\/nl\/#organization\",\"name\":\"Italpassion\",\"url\":\"https:\/\/www.italpassion.fr\/nl\/\",\"logo\":{\"@type\":\"ImageObject\",\"inLanguage\":\"nl-NL\",\"@id\":\"https:\/\/www.italpassion.fr\/nl\/#\/schema\/logo\/image\/\",\"url\":\"https:\/\/www.italpassion.fr\/wp-content\/uploads\/2023\/07\/italpassion-yoast.jpg\",\"contentUrl\":\"https:\/\/www.italpassion.fr\/wp-content\/uploads\/2023\/07\/italpassion-yoast.jpg\",\"width\":696,\"height\":696,\"caption\":\"Italpassion\"},\"image\":{\"@id\":\"https:\/\/www.italpassion.fr\/nl\/#\/schema\/logo\/image\/\"},\"sameAs\":[\"https:\/\/www.facebook.com\/italpassion\",\"https:\/\/x.com\/italpassion\",\"https:\/\/www.instagram.com\/italpassionfr\/\",\"https:\/\/www.youtube.com\/channel\/UCleq-ByQaA42OjhopwevRjQ\",\"https:\/\/www.facebook.com\/italpassion.en\/\",\"https:\/\/www.facebook.com\/italpassion.it\/\",\"https:\/\/www.facebook.com\/italpassion.de\/\",\"https:\/\/www.facebook.com\/italpassion.ja\/\"]},{\"@type\":\"Person\",\"@id\":\"https:\/\/www.italpassion.fr\/nl\/#\/schema\/person\/36f747b2a759ca202d847e85a9434ca0\",\"name\":\"Alexandre Filluzeau\",\"image\":{\"@type\":\"ImageObject\",\"inLanguage\":\"nl-NL\",\"@id\":\"https:\/\/www.italpassion.fr\/nl\/#\/schema\/person\/image\/\",\"url\":\"https:\/\/www.italpassion.fr\/wp-content\/uploads\/2025\/04\/avatar-alexandre-160x160.jpg\",\"contentUrl\":\"https:\/\/www.italpassion.fr\/wp-content\/uploads\/2025\/04\/avatar-alexandre-160x160.jpg\",\"caption\":\"Alexandre Filluzeau\"},\"description\":\"Fondateur du site ItalPassion, passionn\u00e9 de voitures italiennes et de l'Italie en g\u00e9n\u00e9ral. J'apporte un regard critique et technique aux actualit\u00e9s des marques italiennes quand cela est possible. Propri\u00e9taire d'une Maserati GranTurismo, Alfa Romeo MiTo, Lancia Fulvia et Ducati 695. Ex-propri\u00e9taire d'une Alfa Romeo Giulia.\",\"sameAs\":[\"https:\/\/www.italpassion.fr\/\"],\"url\":\"https:\/\/www.italpassion.fr\/nl\/author\/alexandre\/\"}]}<\/script>\n<!-- \/ Yoast SEO plugin. -->","yoast_head_json":{"title":"Ferrari-coureur Carlos Sainz beroofd na Grand Prix van Monza (video) - ItalPassion","description":"Net als Charles Leclerc ruim een jaar geleden, is het nu de beurt aan F1-coureur Carlos Sainz om het slachtoffer te worden van een poging tot diefstal van zijn horloge. De feiten zijn","robots":{"index":"index","follow":"follow","max-snippet":"max-snippet:-1","max-image-preview":"max-image-preview:large","max-video-preview":"max-video-preview:-1"},"canonical":"https:\/\/www.italpassion.fr\/nl\/wedstrijd\/ferrari-coureur-carols-sainz-slachtoffer-van-poging-tot-beroving-na-monza-grand-prix-video\/","og_locale":"nl_NL","og_type":"article","og_title":"Le pilote Ferrari, Carlos Sainz, victime d'une tentative de vol apr\u00e8s le Grand Prix de Monza (vid\u00e9o) - ItalPassion","og_description":"Comme Charles Leclerc il y a plus d'un an, c'est au tour du pilote de F1 Carlos Sainz d'\u00eatre victime d'une tentative de vol de sa montre. Les faits se","og_url":"https:\/\/www.italpassion.fr\/nl\/wedstrijd\/ferrari-coureur-carols-sainz-slachtoffer-van-poging-tot-beroving-na-monza-grand-prix-video\/","og_site_name":"ItalPassion","article_publisher":"https:\/\/www.facebook.com\/italpassion","article_published_time":"2023-09-04T12:12:01+00:00","article_modified_time":"2023-09-04T12:13:29+00:00","og_image":[{"width":1200,"height":700,"url":"https:\/\/www.italpassion.fr\/wp-content\/uploads\/2023\/09\/sainz-montre.jpg","type":"image\/jpeg"}],"author":"Alexandre Filluzeau","twitter_card":"summary_large_image","twitter_creator":"@italpassion","twitter_site":"@italpassion","schema":{"@context":"https:\/\/schema.org","@graph":[{"@type":"NewsArticle","@id":"https:\/\/www.italpassion.fr\/nl\/competition\/le-pilote-ferrari-carols-sainz-victime-dune-tentative-de-vol-apres-le-grand-prix-de-monza-video\/#article","isPartOf":{"@id":"https:\/\/www.italpassion.fr\/nl\/competition\/le-pilote-ferrari-carols-sainz-victime-dune-tentative-de-vol-apres-le-grand-prix-de-monza-video\/"},"author":{"name":"Alexandre Filluzeau","@id":"https:\/\/www.italpassion.fr\/nl\/#\/schema\/person\/36f747b2a759ca202d847e85a9434ca0"},"headline":"Le pilote Ferrari, Carlos Sainz, victime d&rsquo;une tentative de vol apr\u00e8s le Grand Prix de Monza (vid\u00e9o)","datePublished":"2023-09-04T12:12:01+00:00","dateModified":"2023-09-04T12:13:29+00:00","mainEntityOfPage":{"@id":"https:\/\/www.italpassion.fr\/nl\/competition\/le-pilote-ferrari-carols-sainz-victime-dune-tentative-de-vol-apres-le-grand-prix-de-monza-video\/"},"wordCount":251,"commentCount":1,"publisher":{"@id":"https:\/\/www.italpassion.fr\/nl\/#organization"},"image":{"@id":"https:\/\/www.italpassion.fr\/nl\/competition\/le-pilote-ferrari-carols-sainz-victime-dune-tentative-de-vol-apres-le-grand-prix-de-monza-video\/#primaryimage"},"thumbnailUrl":"https:\/\/www.italpassion.fr\/wp-content\/uploads\/2023\/09\/sainz-montre.jpg","articleSection":["Formule 1","Sport Auto"],"inLanguage":"nl-NL","potentialAction":[{"@type":"CommentAction","name":"Comment","target":["https:\/\/www.italpassion.fr\/nl\/competition\/le-pilote-ferrari-carols-sainz-victime-dune-tentative-de-vol-apres-le-grand-prix-de-monza-video\/#respond"]}]},{"@type":"WebPage","@id":"https:\/\/www.italpassion.fr\/nl\/competition\/le-pilote-ferrari-carols-sainz-victime-dune-tentative-de-vol-apres-le-grand-prix-de-monza-video\/","url":"https:\/\/www.italpassion.fr\/nl\/competition\/le-pilote-ferrari-carols-sainz-victime-dune-tentative-de-vol-apres-le-grand-prix-de-monza-video\/","name":"Ferrari-coureur Carlos Sainz beroofd na Grand Prix van Monza (video) - ItalPassion","isPartOf":{"@id":"https:\/\/www.italpassion.fr\/nl\/#website"},"primaryImageOfPage":{"@id":"https:\/\/www.italpassion.fr\/nl\/competition\/le-pilote-ferrari-carols-sainz-victime-dune-tentative-de-vol-apres-le-grand-prix-de-monza-video\/#primaryimage"},"image":{"@id":"https:\/\/www.italpassion.fr\/nl\/competition\/le-pilote-ferrari-carols-sainz-victime-dune-tentative-de-vol-apres-le-grand-prix-de-monza-video\/#primaryimage"},"thumbnailUrl":"https:\/\/www.italpassion.fr\/wp-content\/uploads\/2023\/09\/sainz-montre.jpg","datePublished":"2023-09-04T12:12:01+00:00","dateModified":"2023-09-04T12:13:29+00:00","description":"Net als Charles Leclerc ruim een jaar geleden, is het nu de beurt aan F1-coureur Carlos Sainz om het slachtoffer te worden van een poging tot diefstal van zijn horloge. De feiten zijn","breadcrumb":{"@id":"https:\/\/www.italpassion.fr\/nl\/competition\/le-pilote-ferrari-carols-sainz-victime-dune-tentative-de-vol-apres-le-grand-prix-de-monza-video\/#breadcrumb"},"inLanguage":"nl-NL","potentialAction":[{"@type":"ReadAction","target":["https:\/\/www.italpassion.fr\/nl\/competition\/le-pilote-ferrari-carols-sainz-victime-dune-tentative-de-vol-apres-le-grand-prix-de-monza-video\/"]}]},{"@type":"ImageObject","inLanguage":"nl-NL","@id":"https:\/\/www.italpassion.fr\/nl\/competition\/le-pilote-ferrari-carols-sainz-victime-dune-tentative-de-vol-apres-le-grand-prix-de-monza-video\/#primaryimage","url":"https:\/\/www.italpassion.fr\/wp-content\/uploads\/2023\/09\/sainz-montre.jpg","contentUrl":"https:\/\/www.italpassion.fr\/wp-content\/uploads\/2023\/09\/sainz-montre.jpg","width":1200,"height":700,"caption":"sainz montre"},{"@type":"BreadcrumbList","@id":"https:\/\/www.italpassion.fr\/nl\/competition\/le-pilote-ferrari-carols-sainz-victime-dune-tentative-de-vol-apres-le-grand-prix-de-monza-video\/#breadcrumb","itemListElement":[{"@type":"ListItem","position":1,"name":"Accueil","item":"https:\/\/www.italpassion.fr\/nl\/"},{"@type":"ListItem","position":2,"name":"Le pilote Ferrari, Carlos Sainz, victime d&rsquo;une tentative de vol apr\u00e8s le Grand Prix de Monza (vid\u00e9o)"}]},{"@type":"WebSite","@id":"https:\/\/www.italpassion.fr\/nl\/#website","url":"https:\/\/www.italpassion.fr\/nl\/","name":"ItalPassion","description":"Italiaanse autoliefhebbers","publisher":{"@id":"https:\/\/www.italpassion.fr\/nl\/#organization"},"potentialAction":[{"@type":"SearchAction","target":{"@type":"EntryPoint","urlTemplate":"https:\/\/www.italpassion.fr\/nl\/?s={search_term_string}"},"query-input":{"@type":"PropertyValueSpecification","valueRequired":true,"valueName":"search_term_string"}}],"inLanguage":"nl-NL"},{"@type":"Organization","@id":"https:\/\/www.italpassion.fr\/nl\/#organization","name":"Italpassion","url":"https:\/\/www.italpassion.fr\/nl\/","logo":{"@type":"ImageObject","inLanguage":"nl-NL","@id":"https:\/\/www.italpassion.fr\/nl\/#\/schema\/logo\/image\/","url":"https:\/\/www.italpassion.fr\/wp-content\/uploads\/2023\/07\/italpassion-yoast.jpg","contentUrl":"https:\/\/www.italpassion.fr\/wp-content\/uploads\/2023\/07\/italpassion-yoast.jpg","width":696,"height":696,"caption":"Italpassion"},"image":{"@id":"https:\/\/www.italpassion.fr\/nl\/#\/schema\/logo\/image\/"},"sameAs":["https:\/\/www.facebook.com\/italpassion","https:\/\/x.com\/italpassion","https:\/\/www.instagram.com\/italpassionfr\/","https:\/\/www.youtube.com\/channel\/UCleq-ByQaA42OjhopwevRjQ","https:\/\/www.facebook.com\/italpassion.en\/","https:\/\/www.facebook.com\/italpassion.it\/","https:\/\/www.facebook.com\/italpassion.de\/","https:\/\/www.facebook.com\/italpassion.ja\/"]},{"@type":"Person","@id":"https:\/\/www.italpassion.fr\/nl\/#\/schema\/person\/36f747b2a759ca202d847e85a9434ca0","name":"Alexandre Filluzeau","image":{"@type":"ImageObject","inLanguage":"nl-NL","@id":"https:\/\/www.italpassion.fr\/nl\/#\/schema\/person\/image\/","url":"https:\/\/www.italpassion.fr\/wp-content\/uploads\/2025\/04\/avatar-alexandre-160x160.jpg","contentUrl":"https:\/\/www.italpassion.fr\/wp-content\/uploads\/2025\/04\/avatar-alexandre-160x160.jpg","caption":"Alexandre Filluzeau"},"description":"Oprichter van de website ItalPassion, gepassioneerd door Italiaanse auto's en Itali\u00eb in het algemeen. Waar mogelijk breng ik een kritisch en technisch oog naar nieuws over Italiaanse merken. Eigenaar van een Maserati GranTurismo, Alfa Romeo MiTo, Lancia Fulvia en Ducati 695. Ex-eigenaar van een Alfa Romeo Giulia.","sameAs":["https:\/\/www.italpassion.fr\/"],"url":"https:\/\/www.italpassion.fr\/nl\/author\/alexandre\/"}]}},"_links":{"self":[{"href":"https:\/\/www.italpassion.fr\/nl\/wp-json\/wp\/v2\/posts\/31918","targetHints":{"allow":["GET"]}}],"collection":[{"href":"https:\/\/www.italpassion.fr\/nl\/wp-json\/wp\/v2\/posts"}],"about":[{"href":"https:\/\/www.italpassion.fr\/nl\/wp-json\/wp\/v2\/types\/post"}],"author":[{"embeddable":true,"href":"https:\/\/www.italpassion.fr\/nl\/wp-json\/wp\/v2\/users\/1"}],"replies":[{"embeddable":true,"href":"https:\/\/www.italpassion.fr\/nl\/wp-json\/wp\/v2\/comments?post=31918"}],"version-history":[{"count":2,"href":"https:\/\/www.italpassion.fr\/nl\/wp-json\/wp\/v2\/posts\/31918\/revisions"}],"predecessor-version":[{"id":31921,"href":"https:\/\/www.italpassion.fr\/nl\/wp-json\/wp\/v2\/posts\/31918\/revisions\/31921"}],"wp:featuredmedia":[{"embeddable":true,"href":"https:\/\/www.italpassion.fr\/nl\/wp-json\/wp\/v2\/media\/31919"}],"wp:attachment":[{"href":"https:\/\/www.italpassion.fr\/nl\/wp-json\/wp\/v2\/media?parent=31918"}],"wp:term":[{"taxonomy":"category","embeddable":true,"href":"https:\/\/www.italpassion.fr\/nl\/wp-json\/wp\/v2\/categories?post=31918"},{"taxonomy":"post_tag","embeddable":true,"href":"https:\/\/www.italpassion.fr\/nl\/wp-json\/wp\/v2\/tags?post=31918"}],"curies":[{"name":"wp","href":"https:\/\/api.w.org\/{rel}","templated":true}]}}