{"id":31332,"date":"2023-03-16T22:38:21","date_gmt":"2023-03-16T21:38:21","guid":{"rendered":"https:\/\/www.italpassion.fr\/?p=31332"},"modified":"2023-03-16T22:38:24","modified_gmt":"2023-03-16T21:38:24","slug":"geruchten-destabiliseren-de-toekomst-charles-leclerc-praat-over-de-ferrari-situatie","status":"publish","type":"post","link":"https:\/\/www.italpassion.fr\/nl\/competition\/formule-1\/rumeurs-destabilisation-avenir-charles-leclerc-se-confie-sur-la-situation-de-ferrari\/","title":{"rendered":"Geruchten, destabilisatie, de toekomst: Charles Leclerc praat over de situatie bij Ferrari"},"content":{"rendered":"<figure class=\"wp-block-image size-large is-resized\"><img loading=\"lazy\" decoding=\"async\" src=\"https:\/\/www.italpassion.fr\/wp-content\/uploads\/2023\/03\/charles-leclerc-ferrari-rumeur-1024x683.jpg\" alt=\"\" class=\"wp-image-31333\" width=\"662\" height=\"441\" srcset=\"https:\/\/www.italpassion.fr\/wp-content\/uploads\/2023\/03\/charles-leclerc-ferrari-rumeur-1024x683.jpg 1024w, https:\/\/www.italpassion.fr\/wp-content\/uploads\/2023\/03\/charles-leclerc-ferrari-rumeur-300x200.jpg 300w, https:\/\/www.italpassion.fr\/wp-content\/uploads\/2023\/03\/charles-leclerc-ferrari-rumeur-768x512.jpg 768w, https:\/\/www.italpassion.fr\/wp-content\/uploads\/2023\/03\/charles-leclerc-ferrari-rumeur-18x12.jpg 18w, https:\/\/www.italpassion.fr\/wp-content\/uploads\/2023\/03\/charles-leclerc-ferrari-rumeur-561x374.jpg 561w, https:\/\/www.italpassion.fr\/wp-content\/uploads\/2023\/03\/charles-leclerc-ferrari-rumeur-1122x748.jpg 1122w, https:\/\/www.italpassion.fr\/wp-content\/uploads\/2023\/03\/charles-leclerc-ferrari-rumeur-265x177.jpg 265w, https:\/\/www.italpassion.fr\/wp-content\/uploads\/2023\/03\/charles-leclerc-ferrari-rumeur-531x354.jpg 531w, https:\/\/www.italpassion.fr\/wp-content\/uploads\/2023\/03\/charles-leclerc-ferrari-rumeur-364x243.jpg 364w, https:\/\/www.italpassion.fr\/wp-content\/uploads\/2023\/03\/charles-leclerc-ferrari-rumeur-728x485.jpg 728w, https:\/\/www.italpassion.fr\/wp-content\/uploads\/2023\/03\/charles-leclerc-ferrari-rumeur-608x405.jpg 608w, https:\/\/www.italpassion.fr\/wp-content\/uploads\/2023\/03\/charles-leclerc-ferrari-rumeur-758x505.jpg 758w, https:\/\/www.italpassion.fr\/wp-content\/uploads\/2023\/03\/charles-leclerc-ferrari-rumeur-1152x768.jpg 1152w, https:\/\/www.italpassion.fr\/wp-content\/uploads\/2023\/03\/charles-leclerc-ferrari-rumeur-600x400.jpg 600w, https:\/\/www.italpassion.fr\/wp-content\/uploads\/2023\/03\/charles-leclerc-ferrari-rumeur.jpg 1200w\" sizes=\"auto, (max-width: 662px) 100vw, 662px\" \/><figcaption class=\"wp-element-caption\"> Charles Leclerc - Foto Ferrari<\/figcaption><\/figure>\n\n\n\n<p>Charles Leclerc, de Scuderia Ferrari-coureur in <a href=\"https:\/\/www.italpassion.fr\/nl\/wedstrijd\/formule-1\/\">Formule 1<\/a>Hij ergerde zich aan de geruchten over zijn team en zijn toekomst. Aangekomen op het circuit van Jeddah,<strong> hij verklaarde dat 90 % van wat gezegd wordt onwaar is<\/strong> en zegt dat hij nooit heeft overwogen om de Scuderia te verlaten of van plaats te ruilen met Lewis Hamilton. <\/p>\n\n\n\n<p><strong>Hij hekelt een poging om Ferrari te destabiliseren<\/strong> van bepaalde media en concurrenten. Hij bevestigde zijn vertrouwen in zijn team en zijn wens om voor de titel te vechten.<\/p>\n\n\n\n<p>Ter herinnering,<strong> de belangrijkste geruchten van de afgelopen twee weken waren :<\/strong><\/p>\n\n\n\n<ul class=\"wp-block-list\">\n<li>Een ontmoeting tussen Charles Leclerc en Ferrari CEO John Elkann, op verzoek van de Monegaskische coureur, om zijn toekomst en die van het team te bespreken.<\/li>\n\n\n\n<li>Een mogelijke ruil tussen Charles Leclerc en Lewis Hamilton, de regerend wereldkampioen, die verleid zou worden door een uitdaging bij Ferrari.<\/li>\n\n\n\n<li>Een interne crisis bij Ferrari sinds het vertrek van Mattia Binotto en de komst van Fr\u00e9d\u00e9ric Vasseur aan het hoofd van het team.<\/li>\n<\/ul>\n\n\n\n<p><strong>Coureur Charles Leclerc heeft gereageerd op deze speculatie<\/strong> in interviews en op sociale netwerken:<\/p>\n\n\n\n<blockquote class=\"wp-block-quote is-layout-flow wp-block-quote-is-layout-flow\"><svg aria-hidden=\"true\" focusable=\"false\" class=\"icon icon-quote\" width=\"48\" height=\"48\"><use xlink:href=\"#icon-quote\"><\/use><\/svg>\n<p>\"Het is absoluut niet waar. Er zijn veel geruchten rond het team geweest en voor \u00e9\u00e9n keer zijn 90% daarvan onwaar. Ik heb nooit gevraagd om John Elkann persoonlijk te ontmoeten.\"<\/p>\n\n\n\n<p><br>\"Ik denk dat dit een poging is van bepaalde media of concurrenten om mij te destabiliseren. Ik ben erg gelukkig bij Ferrari en ik ben niet van plan om weg te gaan. Ik concentreer me op mijn werk en dat van het team.\"<\/p>\n\n\n\n<p><br>\"Ik begrijp niet waarom er zoveel ongegronde geruchten zijn over Ferrari. We zijn een hecht en gemotiveerd team dat hard werkt om terug te keren naar de top. We hebben vertrouwen in ons management en onze ingenieurs.<\/p>\n<cite>Charles Leclerc<\/cite><\/blockquote>\n\n\n\n<p>Deze geruchten kunnen een klimaat van wantrouwen cre\u00ebren tussen de Ferrari-coureurs, het management en de ingenieurs. Ze kunnen ook schadelijk zijn voor de motivatie en concentratie van de teamleden, die te maken hebben met kritiek en twijfels na het slechte resultaat tijdens de Grand Prix van Barhein.<\/p>\n\n\n\n<p>En dan hebben we het nog niet eens over het feit dat ze Ferrari in een kwaad daglicht stellen bij het publiek, de media en sponsors... <\/p>\n\n\n\n<p>Naar onze mening zou deze situatie een bron van motivatie moeten zijn voor Ferrari om haar kracht en solidariteit te tonen. Ze zullen het nodig hebben voor de Grand Prix van dit weekend in Jeddah, waar <a href=\"https:\/\/www.italpassion.fr\/nl\/wedstrijd\/formule-1\/leclerc-straft-een-grote-klap-voor-ferrari-in-saudi-arabie\/\">Charles Leclerc heeft al een straf van 10 plaatsen op de grid<\/a>.<\/p>","protected":false},"excerpt":{"rendered":"","protected":false},"author":1,"featured_media":31333,"comment_status":"open","ping_status":"open","sticky":false,"template":"","format":"standard","meta":{"_acf_changed":false,"_sitemap_exclude":false,"_sitemap_priority":"","_sitemap_frequency":"","footnotes":""},"categories":[23,328,323],"tags":[],"class_list":["post-31332","post","type-post","status-publish","format-standard","has-post-thumbnail","hentry","category-ferrari","category-formule-1","category-competition","generate-columns","tablet-grid-50","mobile-grid-100","grid-parent","grid-33"],"acf":[],"yoast_head":"<!-- This site is optimized with the Yoast SEO plugin v25.8 - https:\/\/yoast.com\/wordpress\/plugins\/seo\/ -->\n<title>Rumeurs, d\u00e9stabilisation, avenir : Charles Leclerc se confie sur la situation de Ferrari - ItalPassion<\/title>\n<meta name=\"description\" content=\"charles leclerc\" \/>\n<meta name=\"robots\" content=\"index, follow, max-snippet:-1, max-image-preview:large, max-video-preview:-1\" \/>\n<link rel=\"canonical\" href=\"https:\/\/www.italpassion.fr\/nl\/wedstrijd\/formule-1\/geruchten-destabiliseren-de-toekomst-charles-leclerc-praat-over-de-ferrari-situatie\/\" \/>\n<meta property=\"og:locale\" content=\"nl_NL\" \/>\n<meta property=\"og:type\" content=\"article\" \/>\n<meta property=\"og:title\" content=\"Rumeurs, d\u00e9stabilisation, avenir : Charles Leclerc se confie sur la situation de Ferrari - ItalPassion\" \/>\n<meta property=\"og:description\" content=\"charles leclerc\" \/>\n<meta property=\"og:url\" content=\"https:\/\/www.italpassion.fr\/nl\/wedstrijd\/formule-1\/geruchten-destabiliseren-de-toekomst-charles-leclerc-praat-over-de-ferrari-situatie\/\" \/>\n<meta property=\"og:site_name\" content=\"ItalPassion\" \/>\n<meta property=\"article:publisher\" content=\"https:\/\/www.facebook.com\/italpassion\" \/>\n<meta property=\"article:published_time\" content=\"2023-03-16T21:38:21+00:00\" \/>\n<meta property=\"article:modified_time\" content=\"2023-03-16T21:38:24+00:00\" \/>\n<meta property=\"og:image\" content=\"https:\/\/www.italpassion.fr\/wp-content\/uploads\/2023\/03\/charles-leclerc-ferrari-rumeur.jpg\" \/>\n\t<meta property=\"og:image:width\" content=\"1200\" \/>\n\t<meta property=\"og:image:height\" content=\"800\" \/>\n\t<meta property=\"og:image:type\" content=\"image\/jpeg\" \/>\n<meta name=\"author\" content=\"Alexandre Filluzeau\" \/>\n<meta name=\"twitter:card\" content=\"summary_large_image\" \/>\n<meta name=\"twitter:creator\" content=\"@italpassion\" \/>\n<meta name=\"twitter:site\" content=\"@italpassion\" \/>\n<script type=\"application\/ld+json\" class=\"yoast-schema-graph\">{\"@context\":\"https:\/\/schema.org\",\"@graph\":[{\"@type\":\"NewsArticle\",\"@id\":\"https:\/\/www.italpassion.fr\/nl\/competition\/formule-1\/rumeurs-destabilisation-avenir-charles-leclerc-se-confie-sur-la-situation-de-ferrari\/#article\",\"isPartOf\":{\"@id\":\"https:\/\/www.italpassion.fr\/nl\/competition\/formule-1\/rumeurs-destabilisation-avenir-charles-leclerc-se-confie-sur-la-situation-de-ferrari\/\"},\"author\":{\"name\":\"Alexandre Filluzeau\",\"@id\":\"https:\/\/www.italpassion.fr\/nl\/#\/schema\/person\/36f747b2a759ca202d847e85a9434ca0\"},\"headline\":\"Rumeurs, d\u00e9stabilisation, avenir : Charles Leclerc se confie sur la situation de Ferrari\",\"datePublished\":\"2023-03-16T21:38:21+00:00\",\"dateModified\":\"2023-03-16T21:38:24+00:00\",\"mainEntityOfPage\":{\"@id\":\"https:\/\/www.italpassion.fr\/nl\/competition\/formule-1\/rumeurs-destabilisation-avenir-charles-leclerc-se-confie-sur-la-situation-de-ferrari\/\"},\"wordCount\":485,\"commentCount\":2,\"publisher\":{\"@id\":\"https:\/\/www.italpassion.fr\/nl\/#organization\"},\"image\":{\"@id\":\"https:\/\/www.italpassion.fr\/nl\/competition\/formule-1\/rumeurs-destabilisation-avenir-charles-leclerc-se-confie-sur-la-situation-de-ferrari\/#primaryimage\"},\"thumbnailUrl\":\"https:\/\/www.italpassion.fr\/wp-content\/uploads\/2023\/03\/charles-leclerc-ferrari-rumeur.jpg\",\"articleSection\":[\"Ferrari\",\"Formule 1\",\"Sport Auto\"],\"inLanguage\":\"nl-NL\",\"potentialAction\":[{\"@type\":\"CommentAction\",\"name\":\"Comment\",\"target\":[\"https:\/\/www.italpassion.fr\/nl\/competition\/formule-1\/rumeurs-destabilisation-avenir-charles-leclerc-se-confie-sur-la-situation-de-ferrari\/#respond\"]}]},{\"@type\":\"WebPage\",\"@id\":\"https:\/\/www.italpassion.fr\/nl\/competition\/formule-1\/rumeurs-destabilisation-avenir-charles-leclerc-se-confie-sur-la-situation-de-ferrari\/\",\"url\":\"https:\/\/www.italpassion.fr\/nl\/competition\/formule-1\/rumeurs-destabilisation-avenir-charles-leclerc-se-confie-sur-la-situation-de-ferrari\/\",\"name\":\"Rumeurs, d\u00e9stabilisation, avenir : Charles Leclerc se confie sur la situation de Ferrari - ItalPassion\",\"isPartOf\":{\"@id\":\"https:\/\/www.italpassion.fr\/nl\/#website\"},\"primaryImageOfPage\":{\"@id\":\"https:\/\/www.italpassion.fr\/nl\/competition\/formule-1\/rumeurs-destabilisation-avenir-charles-leclerc-se-confie-sur-la-situation-de-ferrari\/#primaryimage\"},\"image\":{\"@id\":\"https:\/\/www.italpassion.fr\/nl\/competition\/formule-1\/rumeurs-destabilisation-avenir-charles-leclerc-se-confie-sur-la-situation-de-ferrari\/#primaryimage\"},\"thumbnailUrl\":\"https:\/\/www.italpassion.fr\/wp-content\/uploads\/2023\/03\/charles-leclerc-ferrari-rumeur.jpg\",\"datePublished\":\"2023-03-16T21:38:21+00:00\",\"dateModified\":\"2023-03-16T21:38:24+00:00\",\"description\":\"charles leclerc\",\"breadcrumb\":{\"@id\":\"https:\/\/www.italpassion.fr\/nl\/competition\/formule-1\/rumeurs-destabilisation-avenir-charles-leclerc-se-confie-sur-la-situation-de-ferrari\/#breadcrumb\"},\"inLanguage\":\"nl-NL\",\"potentialAction\":[{\"@type\":\"ReadAction\",\"target\":[\"https:\/\/www.italpassion.fr\/nl\/competition\/formule-1\/rumeurs-destabilisation-avenir-charles-leclerc-se-confie-sur-la-situation-de-ferrari\/\"]}]},{\"@type\":\"ImageObject\",\"inLanguage\":\"nl-NL\",\"@id\":\"https:\/\/www.italpassion.fr\/nl\/competition\/formule-1\/rumeurs-destabilisation-avenir-charles-leclerc-se-confie-sur-la-situation-de-ferrari\/#primaryimage\",\"url\":\"https:\/\/www.italpassion.fr\/wp-content\/uploads\/2023\/03\/charles-leclerc-ferrari-rumeur.jpg\",\"contentUrl\":\"https:\/\/www.italpassion.fr\/wp-content\/uploads\/2023\/03\/charles-leclerc-ferrari-rumeur.jpg\",\"width\":1200,\"height\":800,\"caption\":\"charles leclerc\"},{\"@type\":\"BreadcrumbList\",\"@id\":\"https:\/\/www.italpassion.fr\/nl\/competition\/formule-1\/rumeurs-destabilisation-avenir-charles-leclerc-se-confie-sur-la-situation-de-ferrari\/#breadcrumb\",\"itemListElement\":[{\"@type\":\"ListItem\",\"position\":1,\"name\":\"Accueil\",\"item\":\"https:\/\/www.italpassion.fr\/nl\/\"},{\"@type\":\"ListItem\",\"position\":2,\"name\":\"Rumeurs, d\u00e9stabilisation, avenir : Charles Leclerc se confie sur la situation de Ferrari\"}]},{\"@type\":\"WebSite\",\"@id\":\"https:\/\/www.italpassion.fr\/nl\/#website\",\"url\":\"https:\/\/www.italpassion.fr\/nl\/\",\"name\":\"ItalPassion\",\"description\":\"Les Passionn\u00e9s d&#039;Automobiles Italiennes\",\"publisher\":{\"@id\":\"https:\/\/www.italpassion.fr\/nl\/#organization\"},\"potentialAction\":[{\"@type\":\"SearchAction\",\"target\":{\"@type\":\"EntryPoint\",\"urlTemplate\":\"https:\/\/www.italpassion.fr\/nl\/?s={search_term_string}\"},\"query-input\":{\"@type\":\"PropertyValueSpecification\",\"valueRequired\":true,\"valueName\":\"search_term_string\"}}],\"inLanguage\":\"nl-NL\"},{\"@type\":\"Organization\",\"@id\":\"https:\/\/www.italpassion.fr\/nl\/#organization\",\"name\":\"Italpassion\",\"url\":\"https:\/\/www.italpassion.fr\/nl\/\",\"logo\":{\"@type\":\"ImageObject\",\"inLanguage\":\"nl-NL\",\"@id\":\"https:\/\/www.italpassion.fr\/nl\/#\/schema\/logo\/image\/\",\"url\":\"https:\/\/www.italpassion.fr\/wp-content\/uploads\/2023\/07\/italpassion-yoast.jpg\",\"contentUrl\":\"https:\/\/www.italpassion.fr\/wp-content\/uploads\/2023\/07\/italpassion-yoast.jpg\",\"width\":696,\"height\":696,\"caption\":\"Italpassion\"},\"image\":{\"@id\":\"https:\/\/www.italpassion.fr\/nl\/#\/schema\/logo\/image\/\"},\"sameAs\":[\"https:\/\/www.facebook.com\/italpassion\",\"https:\/\/x.com\/italpassion\",\"https:\/\/www.instagram.com\/italpassionfr\/\",\"https:\/\/www.youtube.com\/channel\/UCleq-ByQaA42OjhopwevRjQ\",\"https:\/\/www.facebook.com\/italpassion.en\/\",\"https:\/\/www.facebook.com\/italpassion.it\/\",\"https:\/\/www.facebook.com\/italpassion.de\/\",\"https:\/\/www.facebook.com\/italpassion.ja\/\"]},{\"@type\":\"Person\",\"@id\":\"https:\/\/www.italpassion.fr\/nl\/#\/schema\/person\/36f747b2a759ca202d847e85a9434ca0\",\"name\":\"Alexandre Filluzeau\",\"image\":{\"@type\":\"ImageObject\",\"inLanguage\":\"nl-NL\",\"@id\":\"https:\/\/www.italpassion.fr\/nl\/#\/schema\/person\/image\/\",\"url\":\"https:\/\/www.italpassion.fr\/wp-content\/uploads\/2025\/04\/avatar-alexandre-160x160.jpg\",\"contentUrl\":\"https:\/\/www.italpassion.fr\/wp-content\/uploads\/2025\/04\/avatar-alexandre-160x160.jpg\",\"caption\":\"Alexandre Filluzeau\"},\"description\":\"Fondateur du site ItalPassion, passionn\u00e9 de voitures italiennes et de l'Italie en g\u00e9n\u00e9ral. J'apporte un regard critique et technique aux actualit\u00e9s des marques italiennes quand cela est possible. Propri\u00e9taire d'une Maserati GranTurismo, Alfa Romeo MiTo, Lancia Fulvia et Ducati 695. Ex-propri\u00e9taire d'une Alfa Romeo Giulia.\",\"sameAs\":[\"https:\/\/www.italpassion.fr\/\"],\"url\":\"https:\/\/www.italpassion.fr\/nl\/author\/alexandre\/\"}]}<\/script>\n<!-- \/ Yoast SEO plugin. -->","yoast_head_json":{"title":"Geruchten, destabilisatie, de toekomst: Charles Leclerc praat over de situatie bij Ferrari - ItalPassion","description":"charles leclerc","robots":{"index":"index","follow":"follow","max-snippet":"max-snippet:-1","max-image-preview":"max-image-preview:large","max-video-preview":"max-video-preview:-1"},"canonical":"https:\/\/www.italpassion.fr\/nl\/wedstrijd\/formule-1\/geruchten-destabiliseren-de-toekomst-charles-leclerc-praat-over-de-ferrari-situatie\/","og_locale":"nl_NL","og_type":"article","og_title":"Rumeurs, d\u00e9stabilisation, avenir : Charles Leclerc se confie sur la situation de Ferrari - ItalPassion","og_description":"charles leclerc","og_url":"https:\/\/www.italpassion.fr\/nl\/wedstrijd\/formule-1\/geruchten-destabiliseren-de-toekomst-charles-leclerc-praat-over-de-ferrari-situatie\/","og_site_name":"ItalPassion","article_publisher":"https:\/\/www.facebook.com\/italpassion","article_published_time":"2023-03-16T21:38:21+00:00","article_modified_time":"2023-03-16T21:38:24+00:00","og_image":[{"width":1200,"height":800,"url":"https:\/\/www.italpassion.fr\/wp-content\/uploads\/2023\/03\/charles-leclerc-ferrari-rumeur.jpg","type":"image\/jpeg"}],"author":"Alexandre Filluzeau","twitter_card":"summary_large_image","twitter_creator":"@italpassion","twitter_site":"@italpassion","schema":{"@context":"https:\/\/schema.org","@graph":[{"@type":"NewsArticle","@id":"https:\/\/www.italpassion.fr\/nl\/competition\/formule-1\/rumeurs-destabilisation-avenir-charles-leclerc-se-confie-sur-la-situation-de-ferrari\/#article","isPartOf":{"@id":"https:\/\/www.italpassion.fr\/nl\/competition\/formule-1\/rumeurs-destabilisation-avenir-charles-leclerc-se-confie-sur-la-situation-de-ferrari\/"},"author":{"name":"Alexandre Filluzeau","@id":"https:\/\/www.italpassion.fr\/nl\/#\/schema\/person\/36f747b2a759ca202d847e85a9434ca0"},"headline":"Rumeurs, d\u00e9stabilisation, avenir : Charles Leclerc se confie sur la situation de Ferrari","datePublished":"2023-03-16T21:38:21+00:00","dateModified":"2023-03-16T21:38:24+00:00","mainEntityOfPage":{"@id":"https:\/\/www.italpassion.fr\/nl\/competition\/formule-1\/rumeurs-destabilisation-avenir-charles-leclerc-se-confie-sur-la-situation-de-ferrari\/"},"wordCount":485,"commentCount":2,"publisher":{"@id":"https:\/\/www.italpassion.fr\/nl\/#organization"},"image":{"@id":"https:\/\/www.italpassion.fr\/nl\/competition\/formule-1\/rumeurs-destabilisation-avenir-charles-leclerc-se-confie-sur-la-situation-de-ferrari\/#primaryimage"},"thumbnailUrl":"https:\/\/www.italpassion.fr\/wp-content\/uploads\/2023\/03\/charles-leclerc-ferrari-rumeur.jpg","articleSection":["Ferrari","Formule 1","Sport Auto"],"inLanguage":"nl-NL","potentialAction":[{"@type":"CommentAction","name":"Comment","target":["https:\/\/www.italpassion.fr\/nl\/competition\/formule-1\/rumeurs-destabilisation-avenir-charles-leclerc-se-confie-sur-la-situation-de-ferrari\/#respond"]}]},{"@type":"WebPage","@id":"https:\/\/www.italpassion.fr\/nl\/competition\/formule-1\/rumeurs-destabilisation-avenir-charles-leclerc-se-confie-sur-la-situation-de-ferrari\/","url":"https:\/\/www.italpassion.fr\/nl\/competition\/formule-1\/rumeurs-destabilisation-avenir-charles-leclerc-se-confie-sur-la-situation-de-ferrari\/","name":"Geruchten, destabilisatie, de toekomst: Charles Leclerc praat over de situatie bij Ferrari - ItalPassion","isPartOf":{"@id":"https:\/\/www.italpassion.fr\/nl\/#website"},"primaryImageOfPage":{"@id":"https:\/\/www.italpassion.fr\/nl\/competition\/formule-1\/rumeurs-destabilisation-avenir-charles-leclerc-se-confie-sur-la-situation-de-ferrari\/#primaryimage"},"image":{"@id":"https:\/\/www.italpassion.fr\/nl\/competition\/formule-1\/rumeurs-destabilisation-avenir-charles-leclerc-se-confie-sur-la-situation-de-ferrari\/#primaryimage"},"thumbnailUrl":"https:\/\/www.italpassion.fr\/wp-content\/uploads\/2023\/03\/charles-leclerc-ferrari-rumeur.jpg","datePublished":"2023-03-16T21:38:21+00:00","dateModified":"2023-03-16T21:38:24+00:00","description":"charles leclerc","breadcrumb":{"@id":"https:\/\/www.italpassion.fr\/nl\/competition\/formule-1\/rumeurs-destabilisation-avenir-charles-leclerc-se-confie-sur-la-situation-de-ferrari\/#breadcrumb"},"inLanguage":"nl-NL","potentialAction":[{"@type":"ReadAction","target":["https:\/\/www.italpassion.fr\/nl\/competition\/formule-1\/rumeurs-destabilisation-avenir-charles-leclerc-se-confie-sur-la-situation-de-ferrari\/"]}]},{"@type":"ImageObject","inLanguage":"nl-NL","@id":"https:\/\/www.italpassion.fr\/nl\/competition\/formule-1\/rumeurs-destabilisation-avenir-charles-leclerc-se-confie-sur-la-situation-de-ferrari\/#primaryimage","url":"https:\/\/www.italpassion.fr\/wp-content\/uploads\/2023\/03\/charles-leclerc-ferrari-rumeur.jpg","contentUrl":"https:\/\/www.italpassion.fr\/wp-content\/uploads\/2023\/03\/charles-leclerc-ferrari-rumeur.jpg","width":1200,"height":800,"caption":"charles leclerc"},{"@type":"BreadcrumbList","@id":"https:\/\/www.italpassion.fr\/nl\/competition\/formule-1\/rumeurs-destabilisation-avenir-charles-leclerc-se-confie-sur-la-situation-de-ferrari\/#breadcrumb","itemListElement":[{"@type":"ListItem","position":1,"name":"Accueil","item":"https:\/\/www.italpassion.fr\/nl\/"},{"@type":"ListItem","position":2,"name":"Rumeurs, d\u00e9stabilisation, avenir : Charles Leclerc se confie sur la situation de Ferrari"}]},{"@type":"WebSite","@id":"https:\/\/www.italpassion.fr\/nl\/#website","url":"https:\/\/www.italpassion.fr\/nl\/","name":"ItalPassion","description":"Italiaanse autoliefhebbers","publisher":{"@id":"https:\/\/www.italpassion.fr\/nl\/#organization"},"potentialAction":[{"@type":"SearchAction","target":{"@type":"EntryPoint","urlTemplate":"https:\/\/www.italpassion.fr\/nl\/?s={search_term_string}"},"query-input":{"@type":"PropertyValueSpecification","valueRequired":true,"valueName":"search_term_string"}}],"inLanguage":"nl-NL"},{"@type":"Organization","@id":"https:\/\/www.italpassion.fr\/nl\/#organization","name":"Italpassion","url":"https:\/\/www.italpassion.fr\/nl\/","logo":{"@type":"ImageObject","inLanguage":"nl-NL","@id":"https:\/\/www.italpassion.fr\/nl\/#\/schema\/logo\/image\/","url":"https:\/\/www.italpassion.fr\/wp-content\/uploads\/2023\/07\/italpassion-yoast.jpg","contentUrl":"https:\/\/www.italpassion.fr\/wp-content\/uploads\/2023\/07\/italpassion-yoast.jpg","width":696,"height":696,"caption":"Italpassion"},"image":{"@id":"https:\/\/www.italpassion.fr\/nl\/#\/schema\/logo\/image\/"},"sameAs":["https:\/\/www.facebook.com\/italpassion","https:\/\/x.com\/italpassion","https:\/\/www.instagram.com\/italpassionfr\/","https:\/\/www.youtube.com\/channel\/UCleq-ByQaA42OjhopwevRjQ","https:\/\/www.facebook.com\/italpassion.en\/","https:\/\/www.facebook.com\/italpassion.it\/","https:\/\/www.facebook.com\/italpassion.de\/","https:\/\/www.facebook.com\/italpassion.ja\/"]},{"@type":"Person","@id":"https:\/\/www.italpassion.fr\/nl\/#\/schema\/person\/36f747b2a759ca202d847e85a9434ca0","name":"Alexandre Filluzeau","image":{"@type":"ImageObject","inLanguage":"nl-NL","@id":"https:\/\/www.italpassion.fr\/nl\/#\/schema\/person\/image\/","url":"https:\/\/www.italpassion.fr\/wp-content\/uploads\/2025\/04\/avatar-alexandre-160x160.jpg","contentUrl":"https:\/\/www.italpassion.fr\/wp-content\/uploads\/2025\/04\/avatar-alexandre-160x160.jpg","caption":"Alexandre Filluzeau"},"description":"Oprichter van de website ItalPassion, gepassioneerd door Italiaanse auto's en Itali\u00eb in het algemeen. Waar mogelijk breng ik een kritisch en technisch oog naar nieuws over Italiaanse merken. Eigenaar van een Maserati GranTurismo, Alfa Romeo MiTo, Lancia Fulvia en Ducati 695. Ex-eigenaar van een Alfa Romeo Giulia.","sameAs":["https:\/\/www.italpassion.fr\/"],"url":"https:\/\/www.italpassion.fr\/nl\/author\/alexandre\/"}]}},"_links":{"self":[{"href":"https:\/\/www.italpassion.fr\/nl\/wp-json\/wp\/v2\/posts\/31332","targetHints":{"allow":["GET"]}}],"collection":[{"href":"https:\/\/www.italpassion.fr\/nl\/wp-json\/wp\/v2\/posts"}],"about":[{"href":"https:\/\/www.italpassion.fr\/nl\/wp-json\/wp\/v2\/types\/post"}],"author":[{"embeddable":true,"href":"https:\/\/www.italpassion.fr\/nl\/wp-json\/wp\/v2\/users\/1"}],"replies":[{"embeddable":true,"href":"https:\/\/www.italpassion.fr\/nl\/wp-json\/wp\/v2\/comments?post=31332"}],"version-history":[{"count":1,"href":"https:\/\/www.italpassion.fr\/nl\/wp-json\/wp\/v2\/posts\/31332\/revisions"}],"predecessor-version":[{"id":31334,"href":"https:\/\/www.italpassion.fr\/nl\/wp-json\/wp\/v2\/posts\/31332\/revisions\/31334"}],"wp:featuredmedia":[{"embeddable":true,"href":"https:\/\/www.italpassion.fr\/nl\/wp-json\/wp\/v2\/media\/31333"}],"wp:attachment":[{"href":"https:\/\/www.italpassion.fr\/nl\/wp-json\/wp\/v2\/media?parent=31332"}],"wp:term":[{"taxonomy":"category","embeddable":true,"href":"https:\/\/www.italpassion.fr\/nl\/wp-json\/wp\/v2\/categories?post=31332"},{"taxonomy":"post_tag","embeddable":true,"href":"https:\/\/www.italpassion.fr\/nl\/wp-json\/wp\/v2\/tags?post=31332"}],"curies":[{"name":"wp","href":"https:\/\/api.w.org\/{rel}","templated":true}]}}