{"id":31318,"date":"2023-03-15T23:50:53","date_gmt":"2023-03-15T22:50:53","guid":{"rendered":"https:\/\/www.italpassion.fr\/?p=31318"},"modified":"2023-03-15T23:50:55","modified_gmt":"2023-03-15T22:50:55","slug":"leclerc-straft-een-grote-klap-voor-ferrari-in-saudi-arabie","status":"publish","type":"post","link":"https:\/\/www.italpassion.fr\/nl\/competition\/formule-1\/leclerc-penalise-un-coup-dur-pour-ferrari-en-arabie-saoudite\/","title":{"rendered":"Leclerc bestraft: een klap voor Ferrari in Saoedi-Arabi\u00eb"},"content":{"rendered":"<figure class=\"wp-block-image size-large\"><img loading=\"lazy\" decoding=\"async\" width=\"1024\" height=\"683\" src=\"https:\/\/www.italpassion.fr\/wp-content\/uploads\/2023\/03\/charles-leclerc-ferrari-2-1024x683.jpg\" alt=\"charles leclerc ferrari\" class=\"wp-image-31320\" srcset=\"https:\/\/www.italpassion.fr\/wp-content\/uploads\/2023\/03\/charles-leclerc-ferrari-2-1024x683.jpg 1024w, https:\/\/www.italpassion.fr\/wp-content\/uploads\/2023\/03\/charles-leclerc-ferrari-2-300x200.jpg 300w, https:\/\/www.italpassion.fr\/wp-content\/uploads\/2023\/03\/charles-leclerc-ferrari-2-768x512.jpg 768w, https:\/\/www.italpassion.fr\/wp-content\/uploads\/2023\/03\/charles-leclerc-ferrari-2-18x12.jpg 18w, https:\/\/www.italpassion.fr\/wp-content\/uploads\/2023\/03\/charles-leclerc-ferrari-2-561x374.jpg 561w, https:\/\/www.italpassion.fr\/wp-content\/uploads\/2023\/03\/charles-leclerc-ferrari-2-1122x748.jpg 1122w, https:\/\/www.italpassion.fr\/wp-content\/uploads\/2023\/03\/charles-leclerc-ferrari-2-265x177.jpg 265w, https:\/\/www.italpassion.fr\/wp-content\/uploads\/2023\/03\/charles-leclerc-ferrari-2-531x354.jpg 531w, https:\/\/www.italpassion.fr\/wp-content\/uploads\/2023\/03\/charles-leclerc-ferrari-2-364x243.jpg 364w, https:\/\/www.italpassion.fr\/wp-content\/uploads\/2023\/03\/charles-leclerc-ferrari-2-728x485.jpg 728w, https:\/\/www.italpassion.fr\/wp-content\/uploads\/2023\/03\/charles-leclerc-ferrari-2-608x405.jpg 608w, https:\/\/www.italpassion.fr\/wp-content\/uploads\/2023\/03\/charles-leclerc-ferrari-2-758x505.jpg 758w, https:\/\/www.italpassion.fr\/wp-content\/uploads\/2023\/03\/charles-leclerc-ferrari-2-1152x768.jpg 1152w, https:\/\/www.italpassion.fr\/wp-content\/uploads\/2023\/03\/charles-leclerc-ferrari-2-600x400.jpg 600w, https:\/\/www.italpassion.fr\/wp-content\/uploads\/2023\/03\/charles-leclerc-ferrari-2.jpg 1200w\" sizes=\"auto, (max-width: 1024px) 100vw, 1024px\" \/><figcaption class=\"wp-element-caption\">Charles Leclerc \u00a9 Ferrari<\/figcaption><\/figure>\n\n\n\n<p>Charles Leclerc staat voor een grote uitdaging in de Grand Prix van Saoedi-Arabi\u00eb, de tweede ronde van het wereldkampioenschap rally. <a href=\"https:\/\/www.italpassion.fr\/nl\/wedstrijd\/formule-1\/\">Formule 1<\/a>. <strong>De Monegaskische coureur van Scuderia Ferrari start met een gridstraf van 10 plaatsen.<\/strong>na de vervanging van een essentieel onderdeel in zijn eenzitter. Wat was de oorzaak van deze straf? Wat zijn de gevolgen voor Leclerc en zijn team? Wat zijn de kenmerken van het circuit van Jeddah, waar voor de derde keer F1 wordt gereden?<\/p>\n\n\n\n<h2 class=\"wp-block-heading\">Wat is de oorzaak van deze straf?<\/h2>\n\n\n\n<p>De oorzaak van de straf van Charles Leclerc in Jeddah was een wijziging aan de elektronische regeleenheid (ECU) van zijn auto. <a href=\"https:\/\/www.italpassion.fr\/nl\/ferrari\/\">Ferrari<\/a>. Voor dit onderdeel geldt een jaarlijks quotum van de FIA en Leclerc heeft al twee boxen gebruikt uit de eerste race van het seizoen in Bahrein, waar hij uitviel door motorpech. <\/p>\n\n\n\n<p><strong>Hij gebruikt zijn 3e elektronische box in Jeddah<\/strong>Deze wijziging resulteert in een automatische straf van 10 plaatsen op de grid voor de Grand Prix van Saoedi-Arabi\u00eb.<\/p>\n\n\n\n<h2 class=\"wp-block-heading\">Wat zijn de gevolgen voor Leclerc en zijn team?<\/h2>\n\n\n\n<p>De gevolgen voor Leclerc en zijn Ferrari-team zijn aanzienlijk,<strong> omdat de straf van 10 plaatsen hem in het beste geval naar de 11e plaats op de grid zal degraderen, als hij zich als eerste kwalificeert.<\/strong> Dit zal zijn race en zijn kansen om punten te scoren bemoeilijken, vooral omdat het circuit van Jeddah erg snel en bochtig is, met weinig inhaalmogelijkheden. <\/p>\n\n\n\n<p>Ferrari zal daarom haar strategie moeten aanpassen om te proberen zo veel mogelijk terug te klimmen in het klassement en zo veel mogelijk punten te winnen.<\/p>\n\n\n\n<p>Leclerc reageerde positief en gemotiveerd op de straf. Hij laat zich niet klein krijgen door de situatie en zal vechten om zoveel mogelijk terug te komen op het veld.<\/p>\n\n\n\n<p>Ferrari-directeur Fr\u00e9d\u00e9ric Vasseur zei dat Jeddah een \"ander verhaal\" wordt dan Bahrein en dat hij vertrouwen heeft in het potentieel van de auto.<\/p>\n\n\n\n<h2 class=\"wp-block-heading\">Wat zijn de kenmerken van het Jeddah-circuit?<\/h2>\n\n\n\n<p>Het circuit van Jeddah is een stedelijk circuit gelegen op de corniche van de stad, aan de oevers van de Rode Zee. Het werd gebouwd in 2021 en zal voor de derde keer gastheer zijn van de Grand Prix van Saoedi-Arabi\u00eb. <\/p>\n\n\n\n<p>Het is het langste circuit op de kalender met 6,174 kilometer en het snelste met een gemiddelde snelheid van 250 km\/u, vergelijkbaar met het circuit van Monza.<\/p>\n\n\n\n<p>Het heeft 27 bochten, waarvan sommige erg krap en moeilijk. Het ronderecord staat op naam van Lewis Hamilton met 1 min 27 s 511 in 2021.<\/p>","protected":false},"excerpt":{"rendered":"","protected":false},"author":1,"featured_media":31320,"comment_status":"open","ping_status":"open","sticky":false,"template":"","format":"standard","meta":{"_acf_changed":false,"_sitemap_exclude":false,"_sitemap_priority":"","_sitemap_frequency":"","footnotes":""},"categories":[23,328,323],"tags":[],"class_list":["post-31318","post","type-post","status-publish","format-standard","has-post-thumbnail","hentry","category-ferrari","category-formule-1","category-competition","generate-columns","tablet-grid-50","mobile-grid-100","grid-parent","grid-33"],"acf":[],"yoast_head":"<!-- This site is optimized with the Yoast SEO plugin v25.8 - https:\/\/yoast.com\/wordpress\/plugins\/seo\/ -->\n<title>Leclerc p\u00e9nalis\u00e9 : un coup dur pour Ferrari en Arabie saoudite - ItalPassion<\/title>\n<meta name=\"description\" content=\"Charles Leclerc \u00a9 Ferrari Charles Leclerc va devoir relever un d\u00e9fi de taille lors du Grand Prix d\u2019Arabie saoudite, deuxi\u00e8me manche du championnat du\" \/>\n<meta name=\"robots\" content=\"index, follow, max-snippet:-1, max-image-preview:large, max-video-preview:-1\" \/>\n<link rel=\"canonical\" href=\"https:\/\/www.italpassion.fr\/nl\/wedstrijd\/formule-1\/leclerc-straft-een-grote-klap-voor-ferrari-in-saudi-arabie\/\" \/>\n<meta property=\"og:locale\" content=\"nl_NL\" \/>\n<meta property=\"og:type\" content=\"article\" \/>\n<meta property=\"og:title\" content=\"Leclerc p\u00e9nalis\u00e9 : un coup dur pour Ferrari en Arabie saoudite - ItalPassion\" \/>\n<meta property=\"og:description\" content=\"Charles Leclerc \u00a9 Ferrari Charles Leclerc va devoir relever un d\u00e9fi de taille lors du Grand Prix d\u2019Arabie saoudite, deuxi\u00e8me manche du championnat du\" \/>\n<meta property=\"og:url\" content=\"https:\/\/www.italpassion.fr\/nl\/wedstrijd\/formule-1\/leclerc-straft-een-grote-klap-voor-ferrari-in-saudi-arabie\/\" \/>\n<meta property=\"og:site_name\" content=\"ItalPassion\" \/>\n<meta property=\"article:publisher\" content=\"https:\/\/www.facebook.com\/italpassion\" \/>\n<meta property=\"article:published_time\" content=\"2023-03-15T22:50:53+00:00\" \/>\n<meta property=\"article:modified_time\" content=\"2023-03-15T22:50:55+00:00\" \/>\n<meta property=\"og:image\" content=\"https:\/\/www.italpassion.fr\/wp-content\/uploads\/2023\/03\/charles-leclerc-ferrari-2.jpg\" \/>\n\t<meta property=\"og:image:width\" content=\"1200\" \/>\n\t<meta property=\"og:image:height\" content=\"800\" \/>\n\t<meta property=\"og:image:type\" content=\"image\/jpeg\" \/>\n<meta name=\"author\" content=\"Alexandre Filluzeau\" \/>\n<meta name=\"twitter:card\" content=\"summary_large_image\" \/>\n<meta name=\"twitter:creator\" content=\"@italpassion\" \/>\n<meta name=\"twitter:site\" content=\"@italpassion\" \/>\n<script type=\"application\/ld+json\" class=\"yoast-schema-graph\">{\"@context\":\"https:\/\/schema.org\",\"@graph\":[{\"@type\":\"NewsArticle\",\"@id\":\"https:\/\/www.italpassion.fr\/nl\/competition\/formule-1\/leclerc-penalise-un-coup-dur-pour-ferrari-en-arabie-saoudite\/#article\",\"isPartOf\":{\"@id\":\"https:\/\/www.italpassion.fr\/nl\/competition\/formule-1\/leclerc-penalise-un-coup-dur-pour-ferrari-en-arabie-saoudite\/\"},\"author\":{\"name\":\"Alexandre Filluzeau\",\"@id\":\"https:\/\/www.italpassion.fr\/nl\/#\/schema\/person\/36f747b2a759ca202d847e85a9434ca0\"},\"headline\":\"Leclerc p\u00e9nalis\u00e9 : un coup dur pour Ferrari en Arabie saoudite\",\"datePublished\":\"2023-03-15T22:50:53+00:00\",\"dateModified\":\"2023-03-15T22:50:55+00:00\",\"mainEntityOfPage\":{\"@id\":\"https:\/\/www.italpassion.fr\/nl\/competition\/formule-1\/leclerc-penalise-un-coup-dur-pour-ferrari-en-arabie-saoudite\/\"},\"wordCount\":474,\"commentCount\":1,\"publisher\":{\"@id\":\"https:\/\/www.italpassion.fr\/nl\/#organization\"},\"image\":{\"@id\":\"https:\/\/www.italpassion.fr\/nl\/competition\/formule-1\/leclerc-penalise-un-coup-dur-pour-ferrari-en-arabie-saoudite\/#primaryimage\"},\"thumbnailUrl\":\"https:\/\/www.italpassion.fr\/wp-content\/uploads\/2023\/03\/charles-leclerc-ferrari-2.jpg\",\"articleSection\":[\"Ferrari\",\"Formule 1\",\"Sport Auto\"],\"inLanguage\":\"nl-NL\",\"potentialAction\":[{\"@type\":\"CommentAction\",\"name\":\"Comment\",\"target\":[\"https:\/\/www.italpassion.fr\/nl\/competition\/formule-1\/leclerc-penalise-un-coup-dur-pour-ferrari-en-arabie-saoudite\/#respond\"]}]},{\"@type\":\"WebPage\",\"@id\":\"https:\/\/www.italpassion.fr\/nl\/competition\/formule-1\/leclerc-penalise-un-coup-dur-pour-ferrari-en-arabie-saoudite\/\",\"url\":\"https:\/\/www.italpassion.fr\/nl\/competition\/formule-1\/leclerc-penalise-un-coup-dur-pour-ferrari-en-arabie-saoudite\/\",\"name\":\"Leclerc p\u00e9nalis\u00e9 : un coup dur pour Ferrari en Arabie saoudite - ItalPassion\",\"isPartOf\":{\"@id\":\"https:\/\/www.italpassion.fr\/nl\/#website\"},\"primaryImageOfPage\":{\"@id\":\"https:\/\/www.italpassion.fr\/nl\/competition\/formule-1\/leclerc-penalise-un-coup-dur-pour-ferrari-en-arabie-saoudite\/#primaryimage\"},\"image\":{\"@id\":\"https:\/\/www.italpassion.fr\/nl\/competition\/formule-1\/leclerc-penalise-un-coup-dur-pour-ferrari-en-arabie-saoudite\/#primaryimage\"},\"thumbnailUrl\":\"https:\/\/www.italpassion.fr\/wp-content\/uploads\/2023\/03\/charles-leclerc-ferrari-2.jpg\",\"datePublished\":\"2023-03-15T22:50:53+00:00\",\"dateModified\":\"2023-03-15T22:50:55+00:00\",\"description\":\"Charles Leclerc \u00a9 Ferrari Charles Leclerc va devoir relever un d\u00e9fi de taille lors du Grand Prix d\u2019Arabie saoudite, deuxi\u00e8me manche du championnat du\",\"breadcrumb\":{\"@id\":\"https:\/\/www.italpassion.fr\/nl\/competition\/formule-1\/leclerc-penalise-un-coup-dur-pour-ferrari-en-arabie-saoudite\/#breadcrumb\"},\"inLanguage\":\"nl-NL\",\"potentialAction\":[{\"@type\":\"ReadAction\",\"target\":[\"https:\/\/www.italpassion.fr\/nl\/competition\/formule-1\/leclerc-penalise-un-coup-dur-pour-ferrari-en-arabie-saoudite\/\"]}]},{\"@type\":\"ImageObject\",\"inLanguage\":\"nl-NL\",\"@id\":\"https:\/\/www.italpassion.fr\/nl\/competition\/formule-1\/leclerc-penalise-un-coup-dur-pour-ferrari-en-arabie-saoudite\/#primaryimage\",\"url\":\"https:\/\/www.italpassion.fr\/wp-content\/uploads\/2023\/03\/charles-leclerc-ferrari-2.jpg\",\"contentUrl\":\"https:\/\/www.italpassion.fr\/wp-content\/uploads\/2023\/03\/charles-leclerc-ferrari-2.jpg\",\"width\":1200,\"height\":800,\"caption\":\"charles leclerc ferrari\"},{\"@type\":\"BreadcrumbList\",\"@id\":\"https:\/\/www.italpassion.fr\/nl\/competition\/formule-1\/leclerc-penalise-un-coup-dur-pour-ferrari-en-arabie-saoudite\/#breadcrumb\",\"itemListElement\":[{\"@type\":\"ListItem\",\"position\":1,\"name\":\"Accueil\",\"item\":\"https:\/\/www.italpassion.fr\/nl\/\"},{\"@type\":\"ListItem\",\"position\":2,\"name\":\"Leclerc p\u00e9nalis\u00e9 : un coup dur pour Ferrari en Arabie saoudite\"}]},{\"@type\":\"WebSite\",\"@id\":\"https:\/\/www.italpassion.fr\/nl\/#website\",\"url\":\"https:\/\/www.italpassion.fr\/nl\/\",\"name\":\"ItalPassion\",\"description\":\"Les Passionn\u00e9s d&#039;Automobiles Italiennes\",\"publisher\":{\"@id\":\"https:\/\/www.italpassion.fr\/nl\/#organization\"},\"potentialAction\":[{\"@type\":\"SearchAction\",\"target\":{\"@type\":\"EntryPoint\",\"urlTemplate\":\"https:\/\/www.italpassion.fr\/nl\/?s={search_term_string}\"},\"query-input\":{\"@type\":\"PropertyValueSpecification\",\"valueRequired\":true,\"valueName\":\"search_term_string\"}}],\"inLanguage\":\"nl-NL\"},{\"@type\":\"Organization\",\"@id\":\"https:\/\/www.italpassion.fr\/nl\/#organization\",\"name\":\"Italpassion\",\"url\":\"https:\/\/www.italpassion.fr\/nl\/\",\"logo\":{\"@type\":\"ImageObject\",\"inLanguage\":\"nl-NL\",\"@id\":\"https:\/\/www.italpassion.fr\/nl\/#\/schema\/logo\/image\/\",\"url\":\"https:\/\/www.italpassion.fr\/wp-content\/uploads\/2023\/07\/italpassion-yoast.jpg\",\"contentUrl\":\"https:\/\/www.italpassion.fr\/wp-content\/uploads\/2023\/07\/italpassion-yoast.jpg\",\"width\":696,\"height\":696,\"caption\":\"Italpassion\"},\"image\":{\"@id\":\"https:\/\/www.italpassion.fr\/nl\/#\/schema\/logo\/image\/\"},\"sameAs\":[\"https:\/\/www.facebook.com\/italpassion\",\"https:\/\/x.com\/italpassion\",\"https:\/\/www.instagram.com\/italpassionfr\/\",\"https:\/\/www.youtube.com\/channel\/UCleq-ByQaA42OjhopwevRjQ\",\"https:\/\/www.facebook.com\/italpassion.en\/\",\"https:\/\/www.facebook.com\/italpassion.it\/\",\"https:\/\/www.facebook.com\/italpassion.de\/\",\"https:\/\/www.facebook.com\/italpassion.ja\/\"]},{\"@type\":\"Person\",\"@id\":\"https:\/\/www.italpassion.fr\/nl\/#\/schema\/person\/36f747b2a759ca202d847e85a9434ca0\",\"name\":\"Alexandre Filluzeau\",\"image\":{\"@type\":\"ImageObject\",\"inLanguage\":\"nl-NL\",\"@id\":\"https:\/\/www.italpassion.fr\/nl\/#\/schema\/person\/image\/\",\"url\":\"https:\/\/www.italpassion.fr\/wp-content\/uploads\/2025\/04\/avatar-alexandre-160x160.jpg\",\"contentUrl\":\"https:\/\/www.italpassion.fr\/wp-content\/uploads\/2025\/04\/avatar-alexandre-160x160.jpg\",\"caption\":\"Alexandre Filluzeau\"},\"description\":\"Fondateur du site ItalPassion, passionn\u00e9 de voitures italiennes et de l'Italie en g\u00e9n\u00e9ral. J'apporte un regard critique et technique aux actualit\u00e9s des marques italiennes quand cela est possible. Propri\u00e9taire d'une Maserati GranTurismo, Alfa Romeo MiTo, Lancia Fulvia et Ducati 695. Ex-propri\u00e9taire d'une Alfa Romeo Giulia.\",\"sameAs\":[\"https:\/\/www.italpassion.fr\/\"],\"url\":\"https:\/\/www.italpassion.fr\/nl\/author\/alexandre\/\"}]}<\/script>\n<!-- \/ Yoast SEO plugin. -->","yoast_head_json":{"title":"Leclerc bestraft: een klap voor Ferrari in Saoedi-Arabi\u00eb - Itali\u00ebPassie","description":"Charles Leclerc \u00a9 Ferrari Charles Leclerc staat voor een grote uitdaging tijdens de Grand Prix van Saoedi-Arabi\u00eb, de tweede ronde van het wereldkampioenschap rally.","robots":{"index":"index","follow":"follow","max-snippet":"max-snippet:-1","max-image-preview":"max-image-preview:large","max-video-preview":"max-video-preview:-1"},"canonical":"https:\/\/www.italpassion.fr\/nl\/wedstrijd\/formule-1\/leclerc-straft-een-grote-klap-voor-ferrari-in-saudi-arabie\/","og_locale":"nl_NL","og_type":"article","og_title":"Leclerc p\u00e9nalis\u00e9 : un coup dur pour Ferrari en Arabie saoudite - ItalPassion","og_description":"Charles Leclerc \u00a9 Ferrari Charles Leclerc va devoir relever un d\u00e9fi de taille lors du Grand Prix d\u2019Arabie saoudite, deuxi\u00e8me manche du championnat du","og_url":"https:\/\/www.italpassion.fr\/nl\/wedstrijd\/formule-1\/leclerc-straft-een-grote-klap-voor-ferrari-in-saudi-arabie\/","og_site_name":"ItalPassion","article_publisher":"https:\/\/www.facebook.com\/italpassion","article_published_time":"2023-03-15T22:50:53+00:00","article_modified_time":"2023-03-15T22:50:55+00:00","og_image":[{"width":1200,"height":800,"url":"https:\/\/www.italpassion.fr\/wp-content\/uploads\/2023\/03\/charles-leclerc-ferrari-2.jpg","type":"image\/jpeg"}],"author":"Alexandre Filluzeau","twitter_card":"summary_large_image","twitter_creator":"@italpassion","twitter_site":"@italpassion","schema":{"@context":"https:\/\/schema.org","@graph":[{"@type":"NewsArticle","@id":"https:\/\/www.italpassion.fr\/nl\/competition\/formule-1\/leclerc-penalise-un-coup-dur-pour-ferrari-en-arabie-saoudite\/#article","isPartOf":{"@id":"https:\/\/www.italpassion.fr\/nl\/competition\/formule-1\/leclerc-penalise-un-coup-dur-pour-ferrari-en-arabie-saoudite\/"},"author":{"name":"Alexandre Filluzeau","@id":"https:\/\/www.italpassion.fr\/nl\/#\/schema\/person\/36f747b2a759ca202d847e85a9434ca0"},"headline":"Leclerc p\u00e9nalis\u00e9 : un coup dur pour Ferrari en Arabie saoudite","datePublished":"2023-03-15T22:50:53+00:00","dateModified":"2023-03-15T22:50:55+00:00","mainEntityOfPage":{"@id":"https:\/\/www.italpassion.fr\/nl\/competition\/formule-1\/leclerc-penalise-un-coup-dur-pour-ferrari-en-arabie-saoudite\/"},"wordCount":474,"commentCount":1,"publisher":{"@id":"https:\/\/www.italpassion.fr\/nl\/#organization"},"image":{"@id":"https:\/\/www.italpassion.fr\/nl\/competition\/formule-1\/leclerc-penalise-un-coup-dur-pour-ferrari-en-arabie-saoudite\/#primaryimage"},"thumbnailUrl":"https:\/\/www.italpassion.fr\/wp-content\/uploads\/2023\/03\/charles-leclerc-ferrari-2.jpg","articleSection":["Ferrari","Formule 1","Sport Auto"],"inLanguage":"nl-NL","potentialAction":[{"@type":"CommentAction","name":"Comment","target":["https:\/\/www.italpassion.fr\/nl\/competition\/formule-1\/leclerc-penalise-un-coup-dur-pour-ferrari-en-arabie-saoudite\/#respond"]}]},{"@type":"WebPage","@id":"https:\/\/www.italpassion.fr\/nl\/competition\/formule-1\/leclerc-penalise-un-coup-dur-pour-ferrari-en-arabie-saoudite\/","url":"https:\/\/www.italpassion.fr\/nl\/competition\/formule-1\/leclerc-penalise-un-coup-dur-pour-ferrari-en-arabie-saoudite\/","name":"Leclerc bestraft: een klap voor Ferrari in Saoedi-Arabi\u00eb - Itali\u00ebPassie","isPartOf":{"@id":"https:\/\/www.italpassion.fr\/nl\/#website"},"primaryImageOfPage":{"@id":"https:\/\/www.italpassion.fr\/nl\/competition\/formule-1\/leclerc-penalise-un-coup-dur-pour-ferrari-en-arabie-saoudite\/#primaryimage"},"image":{"@id":"https:\/\/www.italpassion.fr\/nl\/competition\/formule-1\/leclerc-penalise-un-coup-dur-pour-ferrari-en-arabie-saoudite\/#primaryimage"},"thumbnailUrl":"https:\/\/www.italpassion.fr\/wp-content\/uploads\/2023\/03\/charles-leclerc-ferrari-2.jpg","datePublished":"2023-03-15T22:50:53+00:00","dateModified":"2023-03-15T22:50:55+00:00","description":"Charles Leclerc \u00a9 Ferrari Charles Leclerc staat voor een grote uitdaging tijdens de Grand Prix van Saoedi-Arabi\u00eb, de tweede ronde van het wereldkampioenschap rally.","breadcrumb":{"@id":"https:\/\/www.italpassion.fr\/nl\/competition\/formule-1\/leclerc-penalise-un-coup-dur-pour-ferrari-en-arabie-saoudite\/#breadcrumb"},"inLanguage":"nl-NL","potentialAction":[{"@type":"ReadAction","target":["https:\/\/www.italpassion.fr\/nl\/competition\/formule-1\/leclerc-penalise-un-coup-dur-pour-ferrari-en-arabie-saoudite\/"]}]},{"@type":"ImageObject","inLanguage":"nl-NL","@id":"https:\/\/www.italpassion.fr\/nl\/competition\/formule-1\/leclerc-penalise-un-coup-dur-pour-ferrari-en-arabie-saoudite\/#primaryimage","url":"https:\/\/www.italpassion.fr\/wp-content\/uploads\/2023\/03\/charles-leclerc-ferrari-2.jpg","contentUrl":"https:\/\/www.italpassion.fr\/wp-content\/uploads\/2023\/03\/charles-leclerc-ferrari-2.jpg","width":1200,"height":800,"caption":"charles leclerc ferrari"},{"@type":"BreadcrumbList","@id":"https:\/\/www.italpassion.fr\/nl\/competition\/formule-1\/leclerc-penalise-un-coup-dur-pour-ferrari-en-arabie-saoudite\/#breadcrumb","itemListElement":[{"@type":"ListItem","position":1,"name":"Accueil","item":"https:\/\/www.italpassion.fr\/nl\/"},{"@type":"ListItem","position":2,"name":"Leclerc p\u00e9nalis\u00e9 : un coup dur pour Ferrari en Arabie saoudite"}]},{"@type":"WebSite","@id":"https:\/\/www.italpassion.fr\/nl\/#website","url":"https:\/\/www.italpassion.fr\/nl\/","name":"ItalPassion","description":"Italiaanse autoliefhebbers","publisher":{"@id":"https:\/\/www.italpassion.fr\/nl\/#organization"},"potentialAction":[{"@type":"SearchAction","target":{"@type":"EntryPoint","urlTemplate":"https:\/\/www.italpassion.fr\/nl\/?s={search_term_string}"},"query-input":{"@type":"PropertyValueSpecification","valueRequired":true,"valueName":"search_term_string"}}],"inLanguage":"nl-NL"},{"@type":"Organization","@id":"https:\/\/www.italpassion.fr\/nl\/#organization","name":"Italpassion","url":"https:\/\/www.italpassion.fr\/nl\/","logo":{"@type":"ImageObject","inLanguage":"nl-NL","@id":"https:\/\/www.italpassion.fr\/nl\/#\/schema\/logo\/image\/","url":"https:\/\/www.italpassion.fr\/wp-content\/uploads\/2023\/07\/italpassion-yoast.jpg","contentUrl":"https:\/\/www.italpassion.fr\/wp-content\/uploads\/2023\/07\/italpassion-yoast.jpg","width":696,"height":696,"caption":"Italpassion"},"image":{"@id":"https:\/\/www.italpassion.fr\/nl\/#\/schema\/logo\/image\/"},"sameAs":["https:\/\/www.facebook.com\/italpassion","https:\/\/x.com\/italpassion","https:\/\/www.instagram.com\/italpassionfr\/","https:\/\/www.youtube.com\/channel\/UCleq-ByQaA42OjhopwevRjQ","https:\/\/www.facebook.com\/italpassion.en\/","https:\/\/www.facebook.com\/italpassion.it\/","https:\/\/www.facebook.com\/italpassion.de\/","https:\/\/www.facebook.com\/italpassion.ja\/"]},{"@type":"Person","@id":"https:\/\/www.italpassion.fr\/nl\/#\/schema\/person\/36f747b2a759ca202d847e85a9434ca0","name":"Alexandre Filluzeau","image":{"@type":"ImageObject","inLanguage":"nl-NL","@id":"https:\/\/www.italpassion.fr\/nl\/#\/schema\/person\/image\/","url":"https:\/\/www.italpassion.fr\/wp-content\/uploads\/2025\/04\/avatar-alexandre-160x160.jpg","contentUrl":"https:\/\/www.italpassion.fr\/wp-content\/uploads\/2025\/04\/avatar-alexandre-160x160.jpg","caption":"Alexandre Filluzeau"},"description":"Oprichter van de website ItalPassion, gepassioneerd door Italiaanse auto's en Itali\u00eb in het algemeen. Waar mogelijk breng ik een kritisch en technisch oog naar nieuws over Italiaanse merken. Eigenaar van een Maserati GranTurismo, Alfa Romeo MiTo, Lancia Fulvia en Ducati 695. Ex-eigenaar van een Alfa Romeo Giulia.","sameAs":["https:\/\/www.italpassion.fr\/"],"url":"https:\/\/www.italpassion.fr\/nl\/author\/alexandre\/"}]}},"_links":{"self":[{"href":"https:\/\/www.italpassion.fr\/nl\/wp-json\/wp\/v2\/posts\/31318","targetHints":{"allow":["GET"]}}],"collection":[{"href":"https:\/\/www.italpassion.fr\/nl\/wp-json\/wp\/v2\/posts"}],"about":[{"href":"https:\/\/www.italpassion.fr\/nl\/wp-json\/wp\/v2\/types\/post"}],"author":[{"embeddable":true,"href":"https:\/\/www.italpassion.fr\/nl\/wp-json\/wp\/v2\/users\/1"}],"replies":[{"embeddable":true,"href":"https:\/\/www.italpassion.fr\/nl\/wp-json\/wp\/v2\/comments?post=31318"}],"version-history":[{"count":1,"href":"https:\/\/www.italpassion.fr\/nl\/wp-json\/wp\/v2\/posts\/31318\/revisions"}],"predecessor-version":[{"id":31321,"href":"https:\/\/www.italpassion.fr\/nl\/wp-json\/wp\/v2\/posts\/31318\/revisions\/31321"}],"wp:featuredmedia":[{"embeddable":true,"href":"https:\/\/www.italpassion.fr\/nl\/wp-json\/wp\/v2\/media\/31320"}],"wp:attachment":[{"href":"https:\/\/www.italpassion.fr\/nl\/wp-json\/wp\/v2\/media?parent=31318"}],"wp:term":[{"taxonomy":"category","embeddable":true,"href":"https:\/\/www.italpassion.fr\/nl\/wp-json\/wp\/v2\/categories?post=31318"},{"taxonomy":"post_tag","embeddable":true,"href":"https:\/\/www.italpassion.fr\/nl\/wp-json\/wp\/v2\/tags?post=31318"}],"curies":[{"name":"wp","href":"https:\/\/api.w.org\/{rel}","templated":true}]}}