{"id":30671,"date":"2022-08-26T13:27:19","date_gmt":"2022-08-26T11:27:19","guid":{"rendered":"https:\/\/www.italpassion.fr\/?p=30671"},"modified":"2022-08-26T13:34:46","modified_gmt":"2022-08-26T11:34:46","slug":"alfa-romeo-beeindigt-samenwerking-met-sauber-f1-team-eind-2023","status":"publish","type":"post","link":"https:\/\/www.italpassion.fr\/nl\/alfa-romeo\/alfa-romeo-arretera-son-partenariat-avec-sauber-f1-team-fin-2023\/","title":{"rendered":"Alfa Romeo be\u00ebindigt samenwerking met Sauber F1 Team eind 2023"},"content":{"rendered":"<p>Het is een aankondiging die we al enkele maanden verwachten: <a href=\"https:\/\/www.italpassion.fr\/nl\/alfa-romeo\/\">Alfa Romeo<\/a> be\u00ebindigt haar samenwerking met Sauber F1 Team na de aankondiging van de overname van het Zwitserse team door het Duitse merk Audi op dezelfde dag.<\/p>\n\n\n\n<h2 class=\"wp-block-heading\">Het contract tussen Alfa Romeo en Sauber F1 Team<\/h2>\n\n\n\n<p>We gaan naar <strong>De korte geschiedenis van Sauber<\/strong> om uit te komen bij het Alfa Romeo partnerschap.<\/p>\n\n\n\n<p>Sauber F1 Team is een Zwitsers team dat bestaat sinds 1993. Na een onderbreking toen het in 2005 werd opgekocht door BMW. Sauber F1 Team keerde terug in 2011 na een buy-out door oprichter Peter Sauber, met Ferrari-motoren in de tas.<\/p>\n\n\n\n<p>Het is in <strong>2017 dat dingen veranderen<\/strong> met de komst van de Fransman Fr\u00e9d\u00e9ric Vasseur aan het hoofd van het team, en in 2018, onder leiding van Sergio Marchionne, destijds ex-CEO van FCA en Ferrari, dat <strong>Alfa Romeo wordt titelsponsor<\/strong> van het Zwitserse team, nog steeds met een Ferrari-motor en een Ferrari-coureur van de Charles Leclerc-coureursacademie.<\/p>\n\n\n\n<figure class=\"wp-block-image size-large\"><img loading=\"lazy\" decoding=\"async\" width=\"1024\" height=\"592\" src=\"https:\/\/www.italpassion.fr\/wp-content\/uploads\/2022\/08\/alfa-romeo-c37-1024x592.jpg\" alt=\"\" class=\"wp-image-30673\" srcset=\"https:\/\/www.italpassion.fr\/wp-content\/uploads\/2022\/08\/alfa-romeo-c37-1024x592.jpg 1024w, https:\/\/www.italpassion.fr\/wp-content\/uploads\/2022\/08\/alfa-romeo-c37-300x173.jpg 300w, https:\/\/www.italpassion.fr\/wp-content\/uploads\/2022\/08\/alfa-romeo-c37-768x444.jpg 768w, https:\/\/www.italpassion.fr\/wp-content\/uploads\/2022\/08\/alfa-romeo-c37-1536x888.jpg 1536w, https:\/\/www.italpassion.fr\/wp-content\/uploads\/2022\/08\/alfa-romeo-c37-18x10.jpg 18w, https:\/\/www.italpassion.fr\/wp-content\/uploads\/2022\/08\/alfa-romeo-c37-561x324.jpg 561w, https:\/\/www.italpassion.fr\/wp-content\/uploads\/2022\/08\/alfa-romeo-c37-1122x649.jpg 1122w, https:\/\/www.italpassion.fr\/wp-content\/uploads\/2022\/08\/alfa-romeo-c37-265x153.jpg 265w, https:\/\/www.italpassion.fr\/wp-content\/uploads\/2022\/08\/alfa-romeo-c37-531x307.jpg 531w, https:\/\/www.italpassion.fr\/wp-content\/uploads\/2022\/08\/alfa-romeo-c37-364x210.jpg 364w, https:\/\/www.italpassion.fr\/wp-content\/uploads\/2022\/08\/alfa-romeo-c37-728x421.jpg 728w, https:\/\/www.italpassion.fr\/wp-content\/uploads\/2022\/08\/alfa-romeo-c37-608x351.jpg 608w, https:\/\/www.italpassion.fr\/wp-content\/uploads\/2022\/08\/alfa-romeo-c37-758x438.jpg 758w, https:\/\/www.italpassion.fr\/wp-content\/uploads\/2022\/08\/alfa-romeo-c37-1152x666.jpg 1152w, https:\/\/www.italpassion.fr\/wp-content\/uploads\/2022\/08\/alfa-romeo-c37.jpg 1782w\" sizes=\"auto, (max-width: 1024px) 100vw, 1024px\" \/><\/figure>\n\n\n\n<p>In ruil voor zo'n 10 miljoen euro per jaar werd het team omgedoopt tot Alfa Romeo. Een Ferrari Driver Academy-coureur en een Ferrari-motor maken geen deel uit van het contract met Alfa Romeo, maar het is wel logisch voor de twee Italiaanse merken, die een gedeelde geschiedenis hebben in de F1.<\/p>\n\n\n\n<p>Dit contract werd ondertekend in 2017 en was geldig voor 5 jaar, d.w.z. tot 2022. <\/p>\n\n\n\n<p>De overeenkomst werd een jaar geleden verlengd voor 2023 (en officieus voor 3 jaar) omdat Jean-Philippe Imparato, de huidige CEO van het merk Alfa Romeo, aanvankelijk sceptisch was, <strong>zei dat \"F1 een uitstekend communicatiemiddel is<\/strong>&nbsp;voor&nbsp;<strong>meer bekendheid geven aan de sportiviteit van het merk Alfa Romeo<\/strong>&nbsp;over de hele wereld\". <\/p>\n\n\n\n<p>Fr\u00e9d\u00e9ric Vasseur zei bij de contractverlenging: \"Sauber en Alfa Romeo fuseren steeds meer en dit zal beide merken enorme voordelen opleveren, en binnenkort ook op het circuit.<\/p>\n\n\n\n<figure class=\"wp-block-image size-large\"><img loading=\"lazy\" decoding=\"async\" width=\"1024\" height=\"768\" src=\"https:\/\/www.italpassion.fr\/wp-content\/uploads\/2022\/08\/alfa-romeo-c42-1-1024x768.jpg\" alt=\"\" class=\"wp-image-30672\" srcset=\"https:\/\/www.italpassion.fr\/wp-content\/uploads\/2022\/08\/alfa-romeo-c42-1-1024x768.jpg 1024w, https:\/\/www.italpassion.fr\/wp-content\/uploads\/2022\/08\/alfa-romeo-c42-1-300x225.jpg 300w, https:\/\/www.italpassion.fr\/wp-content\/uploads\/2022\/08\/alfa-romeo-c42-1-768x576.jpg 768w, https:\/\/www.italpassion.fr\/wp-content\/uploads\/2022\/08\/alfa-romeo-c42-1-16x12.jpg 16w, https:\/\/www.italpassion.fr\/wp-content\/uploads\/2022\/08\/alfa-romeo-c42-1-192x144.jpg 192w, https:\/\/www.italpassion.fr\/wp-content\/uploads\/2022\/08\/alfa-romeo-c42-1-384x288.jpg 384w, https:\/\/www.italpassion.fr\/wp-content\/uploads\/2022\/08\/alfa-romeo-c42-1-90x67.jpg 90w, https:\/\/www.italpassion.fr\/wp-content\/uploads\/2022\/08\/alfa-romeo-c42-1-180x135.jpg 180w, https:\/\/www.italpassion.fr\/wp-content\/uploads\/2022\/08\/alfa-romeo-c42-1-561x421.jpg 561w, https:\/\/www.italpassion.fr\/wp-content\/uploads\/2022\/08\/alfa-romeo-c42-1-1122x842.jpg 1122w, https:\/\/www.italpassion.fr\/wp-content\/uploads\/2022\/08\/alfa-romeo-c42-1-265x199.jpg 265w, https:\/\/www.italpassion.fr\/wp-content\/uploads\/2022\/08\/alfa-romeo-c42-1-531x398.jpg 531w, https:\/\/www.italpassion.fr\/wp-content\/uploads\/2022\/08\/alfa-romeo-c42-1-364x273.jpg 364w, https:\/\/www.italpassion.fr\/wp-content\/uploads\/2022\/08\/alfa-romeo-c42-1-728x546.jpg 728w, https:\/\/www.italpassion.fr\/wp-content\/uploads\/2022\/08\/alfa-romeo-c42-1-608x456.jpg 608w, https:\/\/www.italpassion.fr\/wp-content\/uploads\/2022\/08\/alfa-romeo-c42-1-758x569.jpg 758w, https:\/\/www.italpassion.fr\/wp-content\/uploads\/2022\/08\/alfa-romeo-c42-1-1152x864.jpg 1152w, https:\/\/www.italpassion.fr\/wp-content\/uploads\/2022\/08\/alfa-romeo-c42-1.jpg 1200w\" sizes=\"auto, (max-width: 1024px) 100vw, 1024px\" \/><\/figure>\n\n\n\n<p>Kortom, Alfa Romeo en Sauber F1 Team, <strong>het contract had officieus tot 2025 moeten duren<\/strong>.<\/p>\n\n\n\n<h2 class=\"wp-block-heading\">De komst van Audi en Porsche verandert de plannen<\/h2>\n\n\n\n<p>Dat is een feit, <strong>F1 wordt wereldwijd steeds populairder<\/strong> en autofabrikanten tonen interesse. Het begon met Aston Martin. Vervolgens ging het gerucht al enkele maanden: de Duitse merken Audi en Porsche voor 2026 naar aanleiding van de nieuwe motorvoorschriften.<\/p>\n\n\n\n<p>Behalve dat terwijl Porsche toenadering zocht tot RedBull, Audi een team wilde kopen. Er waren gesprekken met McLaren, toen met Williams en uiteindelijk werd er een deal gesloten met het Sauber F1 Team. <strong>Audi koopt 75 %'s van Sauber<\/strong>Alfa Romeo was 'slechts' titelsponsor met een ticket ter waarde van 10 miljoen euro per jaar. <\/p>\n\n\n\n<figure class=\"wp-block-image size-large\"><img loading=\"lazy\" decoding=\"async\" width=\"1024\" height=\"683\" src=\"https:\/\/www.italpassion.fr\/wp-content\/uploads\/2022\/08\/audi-sauber-F1-1024x683.webp\" alt=\"\" class=\"wp-image-30674\" srcset=\"https:\/\/www.italpassion.fr\/wp-content\/uploads\/2022\/08\/audi-sauber-F1-1024x683.webp 1024w, https:\/\/www.italpassion.fr\/wp-content\/uploads\/2022\/08\/audi-sauber-F1-300x200.webp 300w, https:\/\/www.italpassion.fr\/wp-content\/uploads\/2022\/08\/audi-sauber-F1-768x512.webp 768w, https:\/\/www.italpassion.fr\/wp-content\/uploads\/2022\/08\/audi-sauber-F1-18x12.webp 18w, https:\/\/www.italpassion.fr\/wp-content\/uploads\/2022\/08\/audi-sauber-F1-561x374.webp 561w, https:\/\/www.italpassion.fr\/wp-content\/uploads\/2022\/08\/audi-sauber-F1-1122x748.webp 1122w, https:\/\/www.italpassion.fr\/wp-content\/uploads\/2022\/08\/audi-sauber-F1-265x177.webp 265w, https:\/\/www.italpassion.fr\/wp-content\/uploads\/2022\/08\/audi-sauber-F1-531x354.webp 531w, https:\/\/www.italpassion.fr\/wp-content\/uploads\/2022\/08\/audi-sauber-F1-364x243.webp 364w, https:\/\/www.italpassion.fr\/wp-content\/uploads\/2022\/08\/audi-sauber-F1-728x485.webp 728w, https:\/\/www.italpassion.fr\/wp-content\/uploads\/2022\/08\/audi-sauber-F1-608x405.webp 608w, https:\/\/www.italpassion.fr\/wp-content\/uploads\/2022\/08\/audi-sauber-F1-758x505.webp 758w, https:\/\/www.italpassion.fr\/wp-content\/uploads\/2022\/08\/audi-sauber-F1-1152x768.webp 1152w, https:\/\/www.italpassion.fr\/wp-content\/uploads\/2022\/08\/audi-sauber-F1.webp 1200w\" sizes=\"auto, (max-width: 1024px) 100vw, 1024px\" \/><\/figure>\n\n\n\n<p>Het einde van het huwelijk tussen Alfa Romeo en Sauber was te verwachten in 2025, maar het mocht niet zo zijn. <strong>waarom zo vroeg in 2023<\/strong> ? Simpelweg omdat het voor Alfa Romeo geen zin heeft om te wachten tot de laatste maand van het laatste levensjaar van het model. <strong>het bedrijf financieel en qua imago ondersteunen<\/strong> (het merk Alfa Romeo was aantrekkelijk om te rekruteren), een team dat het jaar daarop zou overstappen op de Duitse vlag. <\/p>\n\n\n\n<h2 class=\"wp-block-heading\">Blijft Alfa Romeo in de F1?<\/h2>\n\n\n\n<p>Nauwelijks was de offici\u00eble aankondiging van Audi's komst naar de F1 in 2026 door de overname van Sauber gedaan, toen Stellantis een paar minuten later een persbericht uitbracht waarin het einde van de samenwerking tussen Alfa Romeo en Sauber eind 2023 werd aangekondigd. <\/p>\n\n\n\n<p><strong>Stellantis verklaart:<\/strong> \"Aangezien de economische en industri\u00eble ommekeer van het merk in 2022 voltooid zal zijn, zal Alfa Romeo nu de vele mogelijkheden beoordelen die zich aandienen en beslissen welke de beste zijn om de strategie en positionering van het merk op lange termijn te ondersteunen.\"<\/p>\n\n\n\n<p>De eerste vraag is: hoe zit het met het Sauber-team in 2024 en 2025? Houden ze een Ferrari-motor? Zal Audi het vervangen als titelsponsor voordat het legaal Audi wordt in 2026? Hoe zit het met de huidige coureurs? Bottas is veilig, maar Zhou is een Ferrari-coureur...<\/p>\n\n\n\n<p><strong>Alfa Romeo heeft twee opties:<\/strong><\/p>\n\n\n\n<p><strong>Ofwel heeft F1 geen zin meer voor Alfa Romeo<\/strong> Vanaf 2024 zullen alle nieuwe modellen 100 % elektrisch zijn en in 2027 zal het Italiaanse merk een 100 % elektrisch gamma hebben. Zie ons artikel: <a href=\"https:\/\/www.italpassion.fr\/nl\/alfa-romeo\/een-alfa-romeo-100-elektrische-actieradius-welke-toekomst-voor-de-f1-stal\/\">Alfa Romeo's toekomst in F1<\/a>.<\/p>\n\n\n\n<p><strong>Alfa Romeo wordt titelsponsor van het Haas F1 Team<\/strong> dat, laten we dat niet vergeten, twee troeven achter de hand heeft: het is nog steeds op zoek naar een titelsponsor na de breuk met het Russische Uralkali, en het heeft een pand in Maranello, bij Ferrari...<\/p>","protected":false},"excerpt":{"rendered":"","protected":false},"author":1,"featured_media":30672,"comment_status":"open","ping_status":"open","sticky":false,"template":"","format":"standard","meta":{"_acf_changed":false,"_sitemap_exclude":false,"_sitemap_priority":"","_sitemap_frequency":"","footnotes":""},"categories":[22,323],"tags":[],"class_list":["post-30671","post","type-post","status-publish","format-standard","has-post-thumbnail","hentry","category-alfa-romeo","category-competition","generate-columns","tablet-grid-50","mobile-grid-100","grid-parent","grid-33"],"acf":[],"yoast_head":"<!-- This site is optimized with the Yoast SEO plugin v25.8 - https:\/\/yoast.com\/wordpress\/plugins\/seo\/ -->\n<title>Alfa Romeo arr\u00eatera son partenariat avec Sauber F1 Team fin 2023 - ItalPassion<\/title>\n<meta name=\"description\" content=\"C&#039;est une annonce \u00e0 laquelle on pouvait s&#039;attendre depuis quelques mois : Alfa Romeo arr\u00eate son partenariat avec Sauber F1 Team suite \u00e0 l&#039;annonce du\" \/>\n<meta name=\"robots\" content=\"index, follow, max-snippet:-1, max-image-preview:large, max-video-preview:-1\" \/>\n<link rel=\"canonical\" href=\"https:\/\/www.italpassion.fr\/nl\/alfa-romeo\/alfa-romeo-beeindigt-samenwerking-met-sauber-f1-team-eind-2023\/\" \/>\n<meta property=\"og:locale\" content=\"nl_NL\" \/>\n<meta property=\"og:type\" content=\"article\" \/>\n<meta property=\"og:title\" content=\"Alfa Romeo arr\u00eatera son partenariat avec Sauber F1 Team fin 2023 - ItalPassion\" \/>\n<meta property=\"og:description\" content=\"C&#039;est une annonce \u00e0 laquelle on pouvait s&#039;attendre depuis quelques mois : Alfa Romeo arr\u00eate son partenariat avec Sauber F1 Team suite \u00e0 l&#039;annonce du\" \/>\n<meta property=\"og:url\" content=\"https:\/\/www.italpassion.fr\/nl\/alfa-romeo\/alfa-romeo-beeindigt-samenwerking-met-sauber-f1-team-eind-2023\/\" \/>\n<meta property=\"og:site_name\" content=\"ItalPassion\" \/>\n<meta property=\"article:publisher\" content=\"https:\/\/www.facebook.com\/italpassion\" \/>\n<meta property=\"article:published_time\" content=\"2022-08-26T11:27:19+00:00\" \/>\n<meta property=\"article:modified_time\" content=\"2022-08-26T11:34:46+00:00\" \/>\n<meta property=\"og:image\" content=\"https:\/\/www.italpassion.fr\/wp-content\/uploads\/2022\/08\/alfa-romeo-c42-1.jpg\" \/>\n\t<meta property=\"og:image:width\" content=\"1200\" \/>\n\t<meta property=\"og:image:height\" content=\"900\" \/>\n\t<meta property=\"og:image:type\" content=\"image\/jpeg\" \/>\n<meta name=\"author\" content=\"Alexandre Filluzeau\" \/>\n<meta name=\"twitter:card\" content=\"summary_large_image\" \/>\n<meta name=\"twitter:creator\" content=\"@italpassion\" \/>\n<meta name=\"twitter:site\" content=\"@italpassion\" \/>\n<script type=\"application\/ld+json\" class=\"yoast-schema-graph\">{\"@context\":\"https:\/\/schema.org\",\"@graph\":[{\"@type\":\"NewsArticle\",\"@id\":\"https:\/\/www.italpassion.fr\/nl\/alfa-romeo\/alfa-romeo-arretera-son-partenariat-avec-sauber-f1-team-fin-2023\/#article\",\"isPartOf\":{\"@id\":\"https:\/\/www.italpassion.fr\/nl\/alfa-romeo\/alfa-romeo-arretera-son-partenariat-avec-sauber-f1-team-fin-2023\/\"},\"author\":{\"name\":\"Alexandre Filluzeau\",\"@id\":\"https:\/\/www.italpassion.fr\/nl\/#\/schema\/person\/36f747b2a759ca202d847e85a9434ca0\"},\"headline\":\"Alfa Romeo arr\u00eatera son partenariat avec Sauber F1 Team fin 2023\",\"datePublished\":\"2022-08-26T11:27:19+00:00\",\"dateModified\":\"2022-08-26T11:34:46+00:00\",\"mainEntityOfPage\":{\"@id\":\"https:\/\/www.italpassion.fr\/nl\/alfa-romeo\/alfa-romeo-arretera-son-partenariat-avec-sauber-f1-team-fin-2023\/\"},\"wordCount\":794,\"commentCount\":2,\"publisher\":{\"@id\":\"https:\/\/www.italpassion.fr\/nl\/#organization\"},\"image\":{\"@id\":\"https:\/\/www.italpassion.fr\/nl\/alfa-romeo\/alfa-romeo-arretera-son-partenariat-avec-sauber-f1-team-fin-2023\/#primaryimage\"},\"thumbnailUrl\":\"https:\/\/www.italpassion.fr\/wp-content\/uploads\/2022\/08\/alfa-romeo-c42-1.jpg\",\"articleSection\":[\"Alfa Romeo\",\"Sport Auto\"],\"inLanguage\":\"nl-NL\",\"potentialAction\":[{\"@type\":\"CommentAction\",\"name\":\"Comment\",\"target\":[\"https:\/\/www.italpassion.fr\/nl\/alfa-romeo\/alfa-romeo-arretera-son-partenariat-avec-sauber-f1-team-fin-2023\/#respond\"]}]},{\"@type\":\"WebPage\",\"@id\":\"https:\/\/www.italpassion.fr\/nl\/alfa-romeo\/alfa-romeo-arretera-son-partenariat-avec-sauber-f1-team-fin-2023\/\",\"url\":\"https:\/\/www.italpassion.fr\/nl\/alfa-romeo\/alfa-romeo-arretera-son-partenariat-avec-sauber-f1-team-fin-2023\/\",\"name\":\"Alfa Romeo arr\u00eatera son partenariat avec Sauber F1 Team fin 2023 - ItalPassion\",\"isPartOf\":{\"@id\":\"https:\/\/www.italpassion.fr\/nl\/#website\"},\"primaryImageOfPage\":{\"@id\":\"https:\/\/www.italpassion.fr\/nl\/alfa-romeo\/alfa-romeo-arretera-son-partenariat-avec-sauber-f1-team-fin-2023\/#primaryimage\"},\"image\":{\"@id\":\"https:\/\/www.italpassion.fr\/nl\/alfa-romeo\/alfa-romeo-arretera-son-partenariat-avec-sauber-f1-team-fin-2023\/#primaryimage\"},\"thumbnailUrl\":\"https:\/\/www.italpassion.fr\/wp-content\/uploads\/2022\/08\/alfa-romeo-c42-1.jpg\",\"datePublished\":\"2022-08-26T11:27:19+00:00\",\"dateModified\":\"2022-08-26T11:34:46+00:00\",\"description\":\"C'est une annonce \u00e0 laquelle on pouvait s'attendre depuis quelques mois : Alfa Romeo arr\u00eate son partenariat avec Sauber F1 Team suite \u00e0 l'annonce du\",\"breadcrumb\":{\"@id\":\"https:\/\/www.italpassion.fr\/nl\/alfa-romeo\/alfa-romeo-arretera-son-partenariat-avec-sauber-f1-team-fin-2023\/#breadcrumb\"},\"inLanguage\":\"nl-NL\",\"potentialAction\":[{\"@type\":\"ReadAction\",\"target\":[\"https:\/\/www.italpassion.fr\/nl\/alfa-romeo\/alfa-romeo-arretera-son-partenariat-avec-sauber-f1-team-fin-2023\/\"]}]},{\"@type\":\"ImageObject\",\"inLanguage\":\"nl-NL\",\"@id\":\"https:\/\/www.italpassion.fr\/nl\/alfa-romeo\/alfa-romeo-arretera-son-partenariat-avec-sauber-f1-team-fin-2023\/#primaryimage\",\"url\":\"https:\/\/www.italpassion.fr\/wp-content\/uploads\/2022\/08\/alfa-romeo-c42-1.jpg\",\"contentUrl\":\"https:\/\/www.italpassion.fr\/wp-content\/uploads\/2022\/08\/alfa-romeo-c42-1.jpg\",\"width\":1200,\"height\":900},{\"@type\":\"BreadcrumbList\",\"@id\":\"https:\/\/www.italpassion.fr\/nl\/alfa-romeo\/alfa-romeo-arretera-son-partenariat-avec-sauber-f1-team-fin-2023\/#breadcrumb\",\"itemListElement\":[{\"@type\":\"ListItem\",\"position\":1,\"name\":\"Accueil\",\"item\":\"https:\/\/www.italpassion.fr\/nl\/\"},{\"@type\":\"ListItem\",\"position\":2,\"name\":\"Alfa Romeo arr\u00eatera son partenariat avec Sauber F1 Team fin 2023\"}]},{\"@type\":\"WebSite\",\"@id\":\"https:\/\/www.italpassion.fr\/nl\/#website\",\"url\":\"https:\/\/www.italpassion.fr\/nl\/\",\"name\":\"ItalPassion\",\"description\":\"Les Passionn\u00e9s d&#039;Automobiles Italiennes\",\"publisher\":{\"@id\":\"https:\/\/www.italpassion.fr\/nl\/#organization\"},\"potentialAction\":[{\"@type\":\"SearchAction\",\"target\":{\"@type\":\"EntryPoint\",\"urlTemplate\":\"https:\/\/www.italpassion.fr\/nl\/?s={search_term_string}\"},\"query-input\":{\"@type\":\"PropertyValueSpecification\",\"valueRequired\":true,\"valueName\":\"search_term_string\"}}],\"inLanguage\":\"nl-NL\"},{\"@type\":\"Organization\",\"@id\":\"https:\/\/www.italpassion.fr\/nl\/#organization\",\"name\":\"Italpassion\",\"url\":\"https:\/\/www.italpassion.fr\/nl\/\",\"logo\":{\"@type\":\"ImageObject\",\"inLanguage\":\"nl-NL\",\"@id\":\"https:\/\/www.italpassion.fr\/nl\/#\/schema\/logo\/image\/\",\"url\":\"https:\/\/www.italpassion.fr\/wp-content\/uploads\/2023\/07\/italpassion-yoast.jpg\",\"contentUrl\":\"https:\/\/www.italpassion.fr\/wp-content\/uploads\/2023\/07\/italpassion-yoast.jpg\",\"width\":696,\"height\":696,\"caption\":\"Italpassion\"},\"image\":{\"@id\":\"https:\/\/www.italpassion.fr\/nl\/#\/schema\/logo\/image\/\"},\"sameAs\":[\"https:\/\/www.facebook.com\/italpassion\",\"https:\/\/x.com\/italpassion\",\"https:\/\/www.instagram.com\/italpassionfr\/\",\"https:\/\/www.youtube.com\/channel\/UCleq-ByQaA42OjhopwevRjQ\",\"https:\/\/www.facebook.com\/italpassion.en\/\",\"https:\/\/www.facebook.com\/italpassion.it\/\",\"https:\/\/www.facebook.com\/italpassion.de\/\",\"https:\/\/www.facebook.com\/italpassion.ja\/\"]},{\"@type\":\"Person\",\"@id\":\"https:\/\/www.italpassion.fr\/nl\/#\/schema\/person\/36f747b2a759ca202d847e85a9434ca0\",\"name\":\"Alexandre Filluzeau\",\"image\":{\"@type\":\"ImageObject\",\"inLanguage\":\"nl-NL\",\"@id\":\"https:\/\/www.italpassion.fr\/nl\/#\/schema\/person\/image\/\",\"url\":\"https:\/\/www.italpassion.fr\/wp-content\/uploads\/2025\/04\/avatar-alexandre-160x160.jpg\",\"contentUrl\":\"https:\/\/www.italpassion.fr\/wp-content\/uploads\/2025\/04\/avatar-alexandre-160x160.jpg\",\"caption\":\"Alexandre Filluzeau\"},\"description\":\"Fondateur du site ItalPassion, passionn\u00e9 de voitures italiennes et de l'Italie en g\u00e9n\u00e9ral. J'apporte un regard critique et technique aux actualit\u00e9s des marques italiennes quand cela est possible. Propri\u00e9taire d'une Maserati GranTurismo, Alfa Romeo MiTo, Lancia Fulvia et Ducati 695. Ex-propri\u00e9taire d'une Alfa Romeo Giulia.\",\"sameAs\":[\"https:\/\/www.italpassion.fr\/\"],\"url\":\"https:\/\/www.italpassion.fr\/nl\/author\/alexandre\/\"}]}<\/script>\n<!-- \/ Yoast SEO plugin. -->","yoast_head_json":{"title":"Alfa Romeo be\u00ebindigt samenwerking met Sauber F1 Team in 2023 - ItalPassion","description":"Het is een aankondiging die we al een paar maanden verwachtten: Alfa Romeo be\u00ebindigt zijn samenwerking met het Sauber F1 Team na de aankondiging van het","robots":{"index":"index","follow":"follow","max-snippet":"max-snippet:-1","max-image-preview":"max-image-preview:large","max-video-preview":"max-video-preview:-1"},"canonical":"https:\/\/www.italpassion.fr\/nl\/alfa-romeo\/alfa-romeo-beeindigt-samenwerking-met-sauber-f1-team-eind-2023\/","og_locale":"nl_NL","og_type":"article","og_title":"Alfa Romeo arr\u00eatera son partenariat avec Sauber F1 Team fin 2023 - ItalPassion","og_description":"C'est une annonce \u00e0 laquelle on pouvait s'attendre depuis quelques mois : Alfa Romeo arr\u00eate son partenariat avec Sauber F1 Team suite \u00e0 l'annonce du","og_url":"https:\/\/www.italpassion.fr\/nl\/alfa-romeo\/alfa-romeo-beeindigt-samenwerking-met-sauber-f1-team-eind-2023\/","og_site_name":"ItalPassion","article_publisher":"https:\/\/www.facebook.com\/italpassion","article_published_time":"2022-08-26T11:27:19+00:00","article_modified_time":"2022-08-26T11:34:46+00:00","og_image":[{"width":1200,"height":900,"url":"https:\/\/www.italpassion.fr\/wp-content\/uploads\/2022\/08\/alfa-romeo-c42-1.jpg","type":"image\/jpeg"}],"author":"Alexandre Filluzeau","twitter_card":"summary_large_image","twitter_creator":"@italpassion","twitter_site":"@italpassion","schema":{"@context":"https:\/\/schema.org","@graph":[{"@type":"NewsArticle","@id":"https:\/\/www.italpassion.fr\/nl\/alfa-romeo\/alfa-romeo-arretera-son-partenariat-avec-sauber-f1-team-fin-2023\/#article","isPartOf":{"@id":"https:\/\/www.italpassion.fr\/nl\/alfa-romeo\/alfa-romeo-arretera-son-partenariat-avec-sauber-f1-team-fin-2023\/"},"author":{"name":"Alexandre Filluzeau","@id":"https:\/\/www.italpassion.fr\/nl\/#\/schema\/person\/36f747b2a759ca202d847e85a9434ca0"},"headline":"Alfa Romeo arr\u00eatera son partenariat avec Sauber F1 Team fin 2023","datePublished":"2022-08-26T11:27:19+00:00","dateModified":"2022-08-26T11:34:46+00:00","mainEntityOfPage":{"@id":"https:\/\/www.italpassion.fr\/nl\/alfa-romeo\/alfa-romeo-arretera-son-partenariat-avec-sauber-f1-team-fin-2023\/"},"wordCount":794,"commentCount":2,"publisher":{"@id":"https:\/\/www.italpassion.fr\/nl\/#organization"},"image":{"@id":"https:\/\/www.italpassion.fr\/nl\/alfa-romeo\/alfa-romeo-arretera-son-partenariat-avec-sauber-f1-team-fin-2023\/#primaryimage"},"thumbnailUrl":"https:\/\/www.italpassion.fr\/wp-content\/uploads\/2022\/08\/alfa-romeo-c42-1.jpg","articleSection":["Alfa Romeo","Sport Auto"],"inLanguage":"nl-NL","potentialAction":[{"@type":"CommentAction","name":"Comment","target":["https:\/\/www.italpassion.fr\/nl\/alfa-romeo\/alfa-romeo-arretera-son-partenariat-avec-sauber-f1-team-fin-2023\/#respond"]}]},{"@type":"WebPage","@id":"https:\/\/www.italpassion.fr\/nl\/alfa-romeo\/alfa-romeo-arretera-son-partenariat-avec-sauber-f1-team-fin-2023\/","url":"https:\/\/www.italpassion.fr\/nl\/alfa-romeo\/alfa-romeo-arretera-son-partenariat-avec-sauber-f1-team-fin-2023\/","name":"Alfa Romeo be\u00ebindigt samenwerking met Sauber F1 Team in 2023 - ItalPassion","isPartOf":{"@id":"https:\/\/www.italpassion.fr\/nl\/#website"},"primaryImageOfPage":{"@id":"https:\/\/www.italpassion.fr\/nl\/alfa-romeo\/alfa-romeo-arretera-son-partenariat-avec-sauber-f1-team-fin-2023\/#primaryimage"},"image":{"@id":"https:\/\/www.italpassion.fr\/nl\/alfa-romeo\/alfa-romeo-arretera-son-partenariat-avec-sauber-f1-team-fin-2023\/#primaryimage"},"thumbnailUrl":"https:\/\/www.italpassion.fr\/wp-content\/uploads\/2022\/08\/alfa-romeo-c42-1.jpg","datePublished":"2022-08-26T11:27:19+00:00","dateModified":"2022-08-26T11:34:46+00:00","description":"Het is een aankondiging die we al een paar maanden verwachtten: Alfa Romeo be\u00ebindigt zijn samenwerking met het Sauber F1 Team na de aankondiging van het","breadcrumb":{"@id":"https:\/\/www.italpassion.fr\/nl\/alfa-romeo\/alfa-romeo-arretera-son-partenariat-avec-sauber-f1-team-fin-2023\/#breadcrumb"},"inLanguage":"nl-NL","potentialAction":[{"@type":"ReadAction","target":["https:\/\/www.italpassion.fr\/nl\/alfa-romeo\/alfa-romeo-arretera-son-partenariat-avec-sauber-f1-team-fin-2023\/"]}]},{"@type":"ImageObject","inLanguage":"nl-NL","@id":"https:\/\/www.italpassion.fr\/nl\/alfa-romeo\/alfa-romeo-arretera-son-partenariat-avec-sauber-f1-team-fin-2023\/#primaryimage","url":"https:\/\/www.italpassion.fr\/wp-content\/uploads\/2022\/08\/alfa-romeo-c42-1.jpg","contentUrl":"https:\/\/www.italpassion.fr\/wp-content\/uploads\/2022\/08\/alfa-romeo-c42-1.jpg","width":1200,"height":900},{"@type":"BreadcrumbList","@id":"https:\/\/www.italpassion.fr\/nl\/alfa-romeo\/alfa-romeo-arretera-son-partenariat-avec-sauber-f1-team-fin-2023\/#breadcrumb","itemListElement":[{"@type":"ListItem","position":1,"name":"Accueil","item":"https:\/\/www.italpassion.fr\/nl\/"},{"@type":"ListItem","position":2,"name":"Alfa Romeo arr\u00eatera son partenariat avec Sauber F1 Team fin 2023"}]},{"@type":"WebSite","@id":"https:\/\/www.italpassion.fr\/nl\/#website","url":"https:\/\/www.italpassion.fr\/nl\/","name":"ItalPassion","description":"Italiaanse autoliefhebbers","publisher":{"@id":"https:\/\/www.italpassion.fr\/nl\/#organization"},"potentialAction":[{"@type":"SearchAction","target":{"@type":"EntryPoint","urlTemplate":"https:\/\/www.italpassion.fr\/nl\/?s={search_term_string}"},"query-input":{"@type":"PropertyValueSpecification","valueRequired":true,"valueName":"search_term_string"}}],"inLanguage":"nl-NL"},{"@type":"Organization","@id":"https:\/\/www.italpassion.fr\/nl\/#organization","name":"Italpassion","url":"https:\/\/www.italpassion.fr\/nl\/","logo":{"@type":"ImageObject","inLanguage":"nl-NL","@id":"https:\/\/www.italpassion.fr\/nl\/#\/schema\/logo\/image\/","url":"https:\/\/www.italpassion.fr\/wp-content\/uploads\/2023\/07\/italpassion-yoast.jpg","contentUrl":"https:\/\/www.italpassion.fr\/wp-content\/uploads\/2023\/07\/italpassion-yoast.jpg","width":696,"height":696,"caption":"Italpassion"},"image":{"@id":"https:\/\/www.italpassion.fr\/nl\/#\/schema\/logo\/image\/"},"sameAs":["https:\/\/www.facebook.com\/italpassion","https:\/\/x.com\/italpassion","https:\/\/www.instagram.com\/italpassionfr\/","https:\/\/www.youtube.com\/channel\/UCleq-ByQaA42OjhopwevRjQ","https:\/\/www.facebook.com\/italpassion.en\/","https:\/\/www.facebook.com\/italpassion.it\/","https:\/\/www.facebook.com\/italpassion.de\/","https:\/\/www.facebook.com\/italpassion.ja\/"]},{"@type":"Person","@id":"https:\/\/www.italpassion.fr\/nl\/#\/schema\/person\/36f747b2a759ca202d847e85a9434ca0","name":"Alexandre Filluzeau","image":{"@type":"ImageObject","inLanguage":"nl-NL","@id":"https:\/\/www.italpassion.fr\/nl\/#\/schema\/person\/image\/","url":"https:\/\/www.italpassion.fr\/wp-content\/uploads\/2025\/04\/avatar-alexandre-160x160.jpg","contentUrl":"https:\/\/www.italpassion.fr\/wp-content\/uploads\/2025\/04\/avatar-alexandre-160x160.jpg","caption":"Alexandre Filluzeau"},"description":"Oprichter van de website ItalPassion, gepassioneerd door Italiaanse auto's en Itali\u00eb in het algemeen. Waar mogelijk breng ik een kritisch en technisch oog naar nieuws over Italiaanse merken. Eigenaar van een Maserati GranTurismo, Alfa Romeo MiTo, Lancia Fulvia en Ducati 695. Ex-eigenaar van een Alfa Romeo Giulia.","sameAs":["https:\/\/www.italpassion.fr\/"],"url":"https:\/\/www.italpassion.fr\/nl\/author\/alexandre\/"}]}},"_links":{"self":[{"href":"https:\/\/www.italpassion.fr\/nl\/wp-json\/wp\/v2\/posts\/30671","targetHints":{"allow":["GET"]}}],"collection":[{"href":"https:\/\/www.italpassion.fr\/nl\/wp-json\/wp\/v2\/posts"}],"about":[{"href":"https:\/\/www.italpassion.fr\/nl\/wp-json\/wp\/v2\/types\/post"}],"author":[{"embeddable":true,"href":"https:\/\/www.italpassion.fr\/nl\/wp-json\/wp\/v2\/users\/1"}],"replies":[{"embeddable":true,"href":"https:\/\/www.italpassion.fr\/nl\/wp-json\/wp\/v2\/comments?post=30671"}],"version-history":[{"count":3,"href":"https:\/\/www.italpassion.fr\/nl\/wp-json\/wp\/v2\/posts\/30671\/revisions"}],"predecessor-version":[{"id":30677,"href":"https:\/\/www.italpassion.fr\/nl\/wp-json\/wp\/v2\/posts\/30671\/revisions\/30677"}],"wp:featuredmedia":[{"embeddable":true,"href":"https:\/\/www.italpassion.fr\/nl\/wp-json\/wp\/v2\/media\/30672"}],"wp:attachment":[{"href":"https:\/\/www.italpassion.fr\/nl\/wp-json\/wp\/v2\/media?parent=30671"}],"wp:term":[{"taxonomy":"category","embeddable":true,"href":"https:\/\/www.italpassion.fr\/nl\/wp-json\/wp\/v2\/categories?post=30671"},{"taxonomy":"post_tag","embeddable":true,"href":"https:\/\/www.italpassion.fr\/nl\/wp-json\/wp\/v2\/tags?post=30671"}],"curies":[{"name":"wp","href":"https:\/\/api.w.org\/{rel}","templated":true}]}}