{"id":29687,"date":"2021-10-25T11:57:30","date_gmt":"2021-10-25T09:57:30","guid":{"rendered":"https:\/\/www.italpassion.fr\/?p=29687"},"modified":"2021-10-25T11:57:33","modified_gmt":"2021-10-25T09:57:33","slug":"de-maserati-grecale-uitgesteld-tot-voorjaar-2022","status":"publish","type":"post","link":"https:\/\/www.italpassion.fr\/nl\/maserati\/le-maserati-grecale-reporte-au-printemps-2022\/","title":{"rendered":"Maserati Grecale uitgesteld tot voorjaar 2022"},"content":{"rendered":"<p>De Italiaanse SUV <a href=\"https:\/\/www.italpassion.fr\/nl\/tag\/maserati-grecale\/\">Maserati grijs<\/a> wordt niet gepresenteerd in november, zoals het merk Trident een paar maanden geleden officieel aankondigde. <\/p>\n\n\n\n<figure class=\"wp-block-image size-full\"><img loading=\"lazy\" decoding=\"async\" width=\"828\" height=\"1004\" src=\"https:\/\/www.italpassion.fr\/wp-content\/uploads\/2021\/10\/maserati-grecale-printemps-2022.jpg\" alt=\"\" class=\"wp-image-29688\" srcset=\"https:\/\/www.italpassion.fr\/wp-content\/uploads\/2021\/10\/maserati-grecale-printemps-2022.jpg 828w, https:\/\/www.italpassion.fr\/wp-content\/uploads\/2021\/10\/maserati-grecale-printemps-2022-247x300.jpg 247w, https:\/\/www.italpassion.fr\/wp-content\/uploads\/2021\/10\/maserati-grecale-printemps-2022-768x931.jpg 768w, https:\/\/www.italpassion.fr\/wp-content\/uploads\/2021\/10\/maserati-grecale-printemps-2022-561x680.jpg 561w, https:\/\/www.italpassion.fr\/wp-content\/uploads\/2021\/10\/maserati-grecale-printemps-2022-265x321.jpg 265w, https:\/\/www.italpassion.fr\/wp-content\/uploads\/2021\/10\/maserati-grecale-printemps-2022-531x644.jpg 531w, https:\/\/www.italpassion.fr\/wp-content\/uploads\/2021\/10\/maserati-grecale-printemps-2022-364x441.jpg 364w, https:\/\/www.italpassion.fr\/wp-content\/uploads\/2021\/10\/maserati-grecale-printemps-2022-728x883.jpg 728w, https:\/\/www.italpassion.fr\/wp-content\/uploads\/2021\/10\/maserati-grecale-printemps-2022-608x737.jpg 608w, https:\/\/www.italpassion.fr\/wp-content\/uploads\/2021\/10\/maserati-grecale-printemps-2022-758x919.jpg 758w, https:\/\/www.italpassion.fr\/wp-content\/uploads\/2021\/10\/maserati-grecale-printemps-2022-600x728.jpg 600w\" sizes=\"auto, (max-width: 828px) 100vw, 828px\" \/><\/figure>\n\n\n\n<p>De aankondiging over het uitstel van de nieuwe D-SUV kwam de afgelopen dagen via een persbericht en zou te maken hebben met de chipcrisis. Volgens het persbericht dwong het tekort aan halfgeleiders <a href=\"https:\/\/www.italpassion.fr\/nl\/maserati\/\">Maserati<\/a> de presentatie en marktintroductie van Grecale uit te stellen. <strong>De nieuwe SUV wordt nu volgend voorjaar onthuld<\/strong> en komt de komende weken op de markt.<\/p>\n\n\n\n<p>De beslissing om de lancering van Grecale uit te stellen is ook <strong>een zware klap voor de fabriek in Cassino, Itali\u00eb<\/strong>. De productiesite van Stellantis rekende op de onmiddellijke opstart van de Grecale om de productie te stimuleren en een einde te maken aan de gedeeltelijke werkloosheid. Alles is nu enkele maanden uitgesteld.<\/p>\n\n\n\n<p>Is de deadline voor het indienen van de Grecale<strong> echt verbonden met de halfgeleidercrisis<\/strong> Of is het gewoon een goed excuus, zoals de Alfa Romeo Tonale of de Maserati MC20 (eindelijk geleverd 1 jaar na zijn presentatiedatum) waarvan de deadlines werden uitgesteld omwille van technische specificaties of afwerking door het nieuwe management van Stellantis? We zullen het niet weten, officieus dan...<\/p>","protected":false},"excerpt":{"rendered":"","protected":false},"author":1,"featured_media":29688,"comment_status":"open","ping_status":"open","sticky":false,"template":"","format":"standard","meta":{"_acf_changed":false,"_sitemap_exclude":false,"_sitemap_priority":"","_sitemap_frequency":"","footnotes":""},"categories":[27],"tags":[285],"class_list":["post-29687","post","type-post","status-publish","format-standard","has-post-thumbnail","hentry","category-maserati","tag-maserati-grecale","generate-columns","tablet-grid-50","mobile-grid-100","grid-parent","grid-33"],"acf":[],"yoast_head":"<!-- This site is optimized with the Yoast SEO plugin v25.8 - https:\/\/yoast.com\/wordpress\/plugins\/seo\/ -->\n<title>Le Maserati Grecale report\u00e9 au printemps 2022 - ItalPassion<\/title>\n<meta name=\"description\" content=\"Le SUV italien Maserati Grecale ne sera pas pr\u00e9sent\u00e9 en novembre, comme l&#039;avait annonc\u00e9 officiellement la marque au Trident il y a quelques mois.\" \/>\n<meta name=\"robots\" content=\"index, follow, max-snippet:-1, max-image-preview:large, max-video-preview:-1\" \/>\n<link rel=\"canonical\" href=\"https:\/\/www.italpassion.fr\/nl\/maserati\/de-maserati-grecale-uitgesteld-tot-voorjaar-2022\/\" \/>\n<meta property=\"og:locale\" content=\"nl_NL\" \/>\n<meta property=\"og:type\" content=\"article\" \/>\n<meta property=\"og:title\" content=\"Le Maserati Grecale report\u00e9 au printemps 2022 - ItalPassion\" \/>\n<meta property=\"og:description\" content=\"Le SUV italien Maserati Grecale ne sera pas pr\u00e9sent\u00e9 en novembre, comme l&#039;avait annonc\u00e9 officiellement la marque au Trident il y a quelques mois.\" \/>\n<meta property=\"og:url\" content=\"https:\/\/www.italpassion.fr\/nl\/maserati\/de-maserati-grecale-uitgesteld-tot-voorjaar-2022\/\" \/>\n<meta property=\"og:site_name\" content=\"ItalPassion\" \/>\n<meta property=\"article:publisher\" content=\"https:\/\/www.facebook.com\/italpassion\" \/>\n<meta property=\"article:published_time\" content=\"2021-10-25T09:57:30+00:00\" \/>\n<meta property=\"article:modified_time\" content=\"2021-10-25T09:57:33+00:00\" \/>\n<meta property=\"og:image\" content=\"https:\/\/www.italpassion.fr\/wp-content\/uploads\/2021\/10\/maserati-grecale-printemps-2022.jpg\" \/>\n\t<meta property=\"og:image:width\" content=\"828\" \/>\n\t<meta property=\"og:image:height\" content=\"1004\" \/>\n\t<meta property=\"og:image:type\" content=\"image\/jpeg\" \/>\n<meta name=\"author\" content=\"Alexandre Filluzeau\" \/>\n<meta name=\"twitter:card\" content=\"summary_large_image\" \/>\n<meta name=\"twitter:creator\" content=\"@italpassion\" \/>\n<meta name=\"twitter:site\" content=\"@italpassion\" \/>\n<script type=\"application\/ld+json\" class=\"yoast-schema-graph\">{\"@context\":\"https:\/\/schema.org\",\"@graph\":[{\"@type\":\"NewsArticle\",\"@id\":\"https:\/\/www.italpassion.fr\/nl\/maserati\/le-maserati-grecale-reporte-au-printemps-2022\/#article\",\"isPartOf\":{\"@id\":\"https:\/\/www.italpassion.fr\/nl\/maserati\/le-maserati-grecale-reporte-au-printemps-2022\/\"},\"author\":{\"name\":\"Alexandre Filluzeau\",\"@id\":\"https:\/\/www.italpassion.fr\/nl\/#\/schema\/person\/36f747b2a759ca202d847e85a9434ca0\"},\"headline\":\"Le Maserati Grecale report\u00e9 au printemps 2022\",\"datePublished\":\"2021-10-25T09:57:30+00:00\",\"dateModified\":\"2021-10-25T09:57:33+00:00\",\"mainEntityOfPage\":{\"@id\":\"https:\/\/www.italpassion.fr\/nl\/maserati\/le-maserati-grecale-reporte-au-printemps-2022\/\"},\"wordCount\":235,\"commentCount\":0,\"publisher\":{\"@id\":\"https:\/\/www.italpassion.fr\/nl\/#organization\"},\"image\":{\"@id\":\"https:\/\/www.italpassion.fr\/nl\/maserati\/le-maserati-grecale-reporte-au-printemps-2022\/#primaryimage\"},\"thumbnailUrl\":\"https:\/\/www.italpassion.fr\/wp-content\/uploads\/2021\/10\/maserati-grecale-printemps-2022.jpg\",\"keywords\":[\"Maserati Grecale\"],\"articleSection\":[\"Maserati\"],\"inLanguage\":\"nl-NL\",\"potentialAction\":[{\"@type\":\"CommentAction\",\"name\":\"Comment\",\"target\":[\"https:\/\/www.italpassion.fr\/nl\/maserati\/le-maserati-grecale-reporte-au-printemps-2022\/#respond\"]}]},{\"@type\":\"WebPage\",\"@id\":\"https:\/\/www.italpassion.fr\/nl\/maserati\/le-maserati-grecale-reporte-au-printemps-2022\/\",\"url\":\"https:\/\/www.italpassion.fr\/nl\/maserati\/le-maserati-grecale-reporte-au-printemps-2022\/\",\"name\":\"Le Maserati Grecale report\u00e9 au printemps 2022 - ItalPassion\",\"isPartOf\":{\"@id\":\"https:\/\/www.italpassion.fr\/nl\/#website\"},\"primaryImageOfPage\":{\"@id\":\"https:\/\/www.italpassion.fr\/nl\/maserati\/le-maserati-grecale-reporte-au-printemps-2022\/#primaryimage\"},\"image\":{\"@id\":\"https:\/\/www.italpassion.fr\/nl\/maserati\/le-maserati-grecale-reporte-au-printemps-2022\/#primaryimage\"},\"thumbnailUrl\":\"https:\/\/www.italpassion.fr\/wp-content\/uploads\/2021\/10\/maserati-grecale-printemps-2022.jpg\",\"datePublished\":\"2021-10-25T09:57:30+00:00\",\"dateModified\":\"2021-10-25T09:57:33+00:00\",\"description\":\"Le SUV italien Maserati Grecale ne sera pas pr\u00e9sent\u00e9 en novembre, comme l'avait annonc\u00e9 officiellement la marque au Trident il y a quelques mois.\",\"breadcrumb\":{\"@id\":\"https:\/\/www.italpassion.fr\/nl\/maserati\/le-maserati-grecale-reporte-au-printemps-2022\/#breadcrumb\"},\"inLanguage\":\"nl-NL\",\"potentialAction\":[{\"@type\":\"ReadAction\",\"target\":[\"https:\/\/www.italpassion.fr\/nl\/maserati\/le-maserati-grecale-reporte-au-printemps-2022\/\"]}]},{\"@type\":\"ImageObject\",\"inLanguage\":\"nl-NL\",\"@id\":\"https:\/\/www.italpassion.fr\/nl\/maserati\/le-maserati-grecale-reporte-au-printemps-2022\/#primaryimage\",\"url\":\"https:\/\/www.italpassion.fr\/wp-content\/uploads\/2021\/10\/maserati-grecale-printemps-2022.jpg\",\"contentUrl\":\"https:\/\/www.italpassion.fr\/wp-content\/uploads\/2021\/10\/maserati-grecale-printemps-2022.jpg\",\"width\":828,\"height\":1004},{\"@type\":\"BreadcrumbList\",\"@id\":\"https:\/\/www.italpassion.fr\/nl\/maserati\/le-maserati-grecale-reporte-au-printemps-2022\/#breadcrumb\",\"itemListElement\":[{\"@type\":\"ListItem\",\"position\":1,\"name\":\"Accueil\",\"item\":\"https:\/\/www.italpassion.fr\/nl\/\"},{\"@type\":\"ListItem\",\"position\":2,\"name\":\"Le Maserati Grecale report\u00e9 au printemps 2022\"}]},{\"@type\":\"WebSite\",\"@id\":\"https:\/\/www.italpassion.fr\/nl\/#website\",\"url\":\"https:\/\/www.italpassion.fr\/nl\/\",\"name\":\"ItalPassion\",\"description\":\"Les Passionn\u00e9s d&#039;Automobiles Italiennes\",\"publisher\":{\"@id\":\"https:\/\/www.italpassion.fr\/nl\/#organization\"},\"potentialAction\":[{\"@type\":\"SearchAction\",\"target\":{\"@type\":\"EntryPoint\",\"urlTemplate\":\"https:\/\/www.italpassion.fr\/nl\/?s={search_term_string}\"},\"query-input\":{\"@type\":\"PropertyValueSpecification\",\"valueRequired\":true,\"valueName\":\"search_term_string\"}}],\"inLanguage\":\"nl-NL\"},{\"@type\":\"Organization\",\"@id\":\"https:\/\/www.italpassion.fr\/nl\/#organization\",\"name\":\"Italpassion\",\"url\":\"https:\/\/www.italpassion.fr\/nl\/\",\"logo\":{\"@type\":\"ImageObject\",\"inLanguage\":\"nl-NL\",\"@id\":\"https:\/\/www.italpassion.fr\/nl\/#\/schema\/logo\/image\/\",\"url\":\"https:\/\/www.italpassion.fr\/wp-content\/uploads\/2023\/07\/italpassion-yoast.jpg\",\"contentUrl\":\"https:\/\/www.italpassion.fr\/wp-content\/uploads\/2023\/07\/italpassion-yoast.jpg\",\"width\":696,\"height\":696,\"caption\":\"Italpassion\"},\"image\":{\"@id\":\"https:\/\/www.italpassion.fr\/nl\/#\/schema\/logo\/image\/\"},\"sameAs\":[\"https:\/\/www.facebook.com\/italpassion\",\"https:\/\/x.com\/italpassion\",\"https:\/\/www.instagram.com\/italpassionfr\/\",\"https:\/\/www.youtube.com\/channel\/UCleq-ByQaA42OjhopwevRjQ\",\"https:\/\/www.facebook.com\/italpassion.en\/\",\"https:\/\/www.facebook.com\/italpassion.it\/\",\"https:\/\/www.facebook.com\/italpassion.de\/\",\"https:\/\/www.facebook.com\/italpassion.ja\/\"]},{\"@type\":\"Person\",\"@id\":\"https:\/\/www.italpassion.fr\/nl\/#\/schema\/person\/36f747b2a759ca202d847e85a9434ca0\",\"name\":\"Alexandre Filluzeau\",\"image\":{\"@type\":\"ImageObject\",\"inLanguage\":\"nl-NL\",\"@id\":\"https:\/\/www.italpassion.fr\/nl\/#\/schema\/person\/image\/\",\"url\":\"https:\/\/www.italpassion.fr\/wp-content\/uploads\/2025\/04\/avatar-alexandre-160x160.jpg\",\"contentUrl\":\"https:\/\/www.italpassion.fr\/wp-content\/uploads\/2025\/04\/avatar-alexandre-160x160.jpg\",\"caption\":\"Alexandre Filluzeau\"},\"description\":\"Fondateur du site ItalPassion, passionn\u00e9 de voitures italiennes et de l'Italie en g\u00e9n\u00e9ral. J'apporte un regard critique et technique aux actualit\u00e9s des marques italiennes quand cela est possible. Propri\u00e9taire d'une Maserati GranTurismo, Alfa Romeo MiTo, Lancia Fulvia et Ducati 695. Ex-propri\u00e9taire d'une Alfa Romeo Giulia.\",\"sameAs\":[\"https:\/\/www.italpassion.fr\/\"],\"url\":\"https:\/\/www.italpassion.fr\/nl\/author\/alexandre\/\"}]}<\/script>\n<!-- \/ Yoast SEO plugin. -->","yoast_head_json":{"title":"Maserati Grecale uitgesteld tot voorjaar 2022 - ItalPassion","description":"De Italiaanse SUV Maserati Grecale wordt niet in november gepresenteerd, zoals het merk enkele maanden geleden officieel aan de Drietand aankondigde.","robots":{"index":"index","follow":"follow","max-snippet":"max-snippet:-1","max-image-preview":"max-image-preview:large","max-video-preview":"max-video-preview:-1"},"canonical":"https:\/\/www.italpassion.fr\/nl\/maserati\/de-maserati-grecale-uitgesteld-tot-voorjaar-2022\/","og_locale":"nl_NL","og_type":"article","og_title":"Le Maserati Grecale report\u00e9 au printemps 2022 - ItalPassion","og_description":"Le SUV italien Maserati Grecale ne sera pas pr\u00e9sent\u00e9 en novembre, comme l'avait annonc\u00e9 officiellement la marque au Trident il y a quelques mois.","og_url":"https:\/\/www.italpassion.fr\/nl\/maserati\/de-maserati-grecale-uitgesteld-tot-voorjaar-2022\/","og_site_name":"ItalPassion","article_publisher":"https:\/\/www.facebook.com\/italpassion","article_published_time":"2021-10-25T09:57:30+00:00","article_modified_time":"2021-10-25T09:57:33+00:00","og_image":[{"width":828,"height":1004,"url":"https:\/\/www.italpassion.fr\/wp-content\/uploads\/2021\/10\/maserati-grecale-printemps-2022.jpg","type":"image\/jpeg"}],"author":"Alexandre Filluzeau","twitter_card":"summary_large_image","twitter_creator":"@italpassion","twitter_site":"@italpassion","schema":{"@context":"https:\/\/schema.org","@graph":[{"@type":"NewsArticle","@id":"https:\/\/www.italpassion.fr\/nl\/maserati\/le-maserati-grecale-reporte-au-printemps-2022\/#article","isPartOf":{"@id":"https:\/\/www.italpassion.fr\/nl\/maserati\/le-maserati-grecale-reporte-au-printemps-2022\/"},"author":{"name":"Alexandre Filluzeau","@id":"https:\/\/www.italpassion.fr\/nl\/#\/schema\/person\/36f747b2a759ca202d847e85a9434ca0"},"headline":"Le Maserati Grecale report\u00e9 au printemps 2022","datePublished":"2021-10-25T09:57:30+00:00","dateModified":"2021-10-25T09:57:33+00:00","mainEntityOfPage":{"@id":"https:\/\/www.italpassion.fr\/nl\/maserati\/le-maserati-grecale-reporte-au-printemps-2022\/"},"wordCount":235,"commentCount":0,"publisher":{"@id":"https:\/\/www.italpassion.fr\/nl\/#organization"},"image":{"@id":"https:\/\/www.italpassion.fr\/nl\/maserati\/le-maserati-grecale-reporte-au-printemps-2022\/#primaryimage"},"thumbnailUrl":"https:\/\/www.italpassion.fr\/wp-content\/uploads\/2021\/10\/maserati-grecale-printemps-2022.jpg","keywords":["Maserati Grecale"],"articleSection":["Maserati"],"inLanguage":"nl-NL","potentialAction":[{"@type":"CommentAction","name":"Comment","target":["https:\/\/www.italpassion.fr\/nl\/maserati\/le-maserati-grecale-reporte-au-printemps-2022\/#respond"]}]},{"@type":"WebPage","@id":"https:\/\/www.italpassion.fr\/nl\/maserati\/le-maserati-grecale-reporte-au-printemps-2022\/","url":"https:\/\/www.italpassion.fr\/nl\/maserati\/le-maserati-grecale-reporte-au-printemps-2022\/","name":"Maserati Grecale uitgesteld tot voorjaar 2022 - ItalPassion","isPartOf":{"@id":"https:\/\/www.italpassion.fr\/nl\/#website"},"primaryImageOfPage":{"@id":"https:\/\/www.italpassion.fr\/nl\/maserati\/le-maserati-grecale-reporte-au-printemps-2022\/#primaryimage"},"image":{"@id":"https:\/\/www.italpassion.fr\/nl\/maserati\/le-maserati-grecale-reporte-au-printemps-2022\/#primaryimage"},"thumbnailUrl":"https:\/\/www.italpassion.fr\/wp-content\/uploads\/2021\/10\/maserati-grecale-printemps-2022.jpg","datePublished":"2021-10-25T09:57:30+00:00","dateModified":"2021-10-25T09:57:33+00:00","description":"De Italiaanse SUV Maserati Grecale wordt niet in november gepresenteerd, zoals het merk enkele maanden geleden officieel aan de Drietand aankondigde.","breadcrumb":{"@id":"https:\/\/www.italpassion.fr\/nl\/maserati\/le-maserati-grecale-reporte-au-printemps-2022\/#breadcrumb"},"inLanguage":"nl-NL","potentialAction":[{"@type":"ReadAction","target":["https:\/\/www.italpassion.fr\/nl\/maserati\/le-maserati-grecale-reporte-au-printemps-2022\/"]}]},{"@type":"ImageObject","inLanguage":"nl-NL","@id":"https:\/\/www.italpassion.fr\/nl\/maserati\/le-maserati-grecale-reporte-au-printemps-2022\/#primaryimage","url":"https:\/\/www.italpassion.fr\/wp-content\/uploads\/2021\/10\/maserati-grecale-printemps-2022.jpg","contentUrl":"https:\/\/www.italpassion.fr\/wp-content\/uploads\/2021\/10\/maserati-grecale-printemps-2022.jpg","width":828,"height":1004},{"@type":"BreadcrumbList","@id":"https:\/\/www.italpassion.fr\/nl\/maserati\/le-maserati-grecale-reporte-au-printemps-2022\/#breadcrumb","itemListElement":[{"@type":"ListItem","position":1,"name":"Accueil","item":"https:\/\/www.italpassion.fr\/nl\/"},{"@type":"ListItem","position":2,"name":"Le Maserati Grecale report\u00e9 au printemps 2022"}]},{"@type":"WebSite","@id":"https:\/\/www.italpassion.fr\/nl\/#website","url":"https:\/\/www.italpassion.fr\/nl\/","name":"ItalPassion","description":"Italiaanse autoliefhebbers","publisher":{"@id":"https:\/\/www.italpassion.fr\/nl\/#organization"},"potentialAction":[{"@type":"SearchAction","target":{"@type":"EntryPoint","urlTemplate":"https:\/\/www.italpassion.fr\/nl\/?s={search_term_string}"},"query-input":{"@type":"PropertyValueSpecification","valueRequired":true,"valueName":"search_term_string"}}],"inLanguage":"nl-NL"},{"@type":"Organization","@id":"https:\/\/www.italpassion.fr\/nl\/#organization","name":"Italpassion","url":"https:\/\/www.italpassion.fr\/nl\/","logo":{"@type":"ImageObject","inLanguage":"nl-NL","@id":"https:\/\/www.italpassion.fr\/nl\/#\/schema\/logo\/image\/","url":"https:\/\/www.italpassion.fr\/wp-content\/uploads\/2023\/07\/italpassion-yoast.jpg","contentUrl":"https:\/\/www.italpassion.fr\/wp-content\/uploads\/2023\/07\/italpassion-yoast.jpg","width":696,"height":696,"caption":"Italpassion"},"image":{"@id":"https:\/\/www.italpassion.fr\/nl\/#\/schema\/logo\/image\/"},"sameAs":["https:\/\/www.facebook.com\/italpassion","https:\/\/x.com\/italpassion","https:\/\/www.instagram.com\/italpassionfr\/","https:\/\/www.youtube.com\/channel\/UCleq-ByQaA42OjhopwevRjQ","https:\/\/www.facebook.com\/italpassion.en\/","https:\/\/www.facebook.com\/italpassion.it\/","https:\/\/www.facebook.com\/italpassion.de\/","https:\/\/www.facebook.com\/italpassion.ja\/"]},{"@type":"Person","@id":"https:\/\/www.italpassion.fr\/nl\/#\/schema\/person\/36f747b2a759ca202d847e85a9434ca0","name":"Alexandre Filluzeau","image":{"@type":"ImageObject","inLanguage":"nl-NL","@id":"https:\/\/www.italpassion.fr\/nl\/#\/schema\/person\/image\/","url":"https:\/\/www.italpassion.fr\/wp-content\/uploads\/2025\/04\/avatar-alexandre-160x160.jpg","contentUrl":"https:\/\/www.italpassion.fr\/wp-content\/uploads\/2025\/04\/avatar-alexandre-160x160.jpg","caption":"Alexandre Filluzeau"},"description":"Oprichter van de website ItalPassion, gepassioneerd door Italiaanse auto's en Itali\u00eb in het algemeen. Waar mogelijk breng ik een kritisch en technisch oog naar nieuws over Italiaanse merken. Eigenaar van een Maserati GranTurismo, Alfa Romeo MiTo, Lancia Fulvia en Ducati 695. Ex-eigenaar van een Alfa Romeo Giulia.","sameAs":["https:\/\/www.italpassion.fr\/"],"url":"https:\/\/www.italpassion.fr\/nl\/author\/alexandre\/"}]}},"_links":{"self":[{"href":"https:\/\/www.italpassion.fr\/nl\/wp-json\/wp\/v2\/posts\/29687","targetHints":{"allow":["GET"]}}],"collection":[{"href":"https:\/\/www.italpassion.fr\/nl\/wp-json\/wp\/v2\/posts"}],"about":[{"href":"https:\/\/www.italpassion.fr\/nl\/wp-json\/wp\/v2\/types\/post"}],"author":[{"embeddable":true,"href":"https:\/\/www.italpassion.fr\/nl\/wp-json\/wp\/v2\/users\/1"}],"replies":[{"embeddable":true,"href":"https:\/\/www.italpassion.fr\/nl\/wp-json\/wp\/v2\/comments?post=29687"}],"version-history":[{"count":1,"href":"https:\/\/www.italpassion.fr\/nl\/wp-json\/wp\/v2\/posts\/29687\/revisions"}],"predecessor-version":[{"id":29689,"href":"https:\/\/www.italpassion.fr\/nl\/wp-json\/wp\/v2\/posts\/29687\/revisions\/29689"}],"wp:featuredmedia":[{"embeddable":true,"href":"https:\/\/www.italpassion.fr\/nl\/wp-json\/wp\/v2\/media\/29688"}],"wp:attachment":[{"href":"https:\/\/www.italpassion.fr\/nl\/wp-json\/wp\/v2\/media?parent=29687"}],"wp:term":[{"taxonomy":"category","embeddable":true,"href":"https:\/\/www.italpassion.fr\/nl\/wp-json\/wp\/v2\/categories?post=29687"},{"taxonomy":"post_tag","embeddable":true,"href":"https:\/\/www.italpassion.fr\/nl\/wp-json\/wp\/v2\/tags?post=29687"}],"curies":[{"name":"wp","href":"https:\/\/api.w.org\/{rel}","templated":true}]}}