{"id":29537,"date":"2021-08-05T10:30:14","date_gmt":"2021-08-05T08:30:14","guid":{"rendered":"https:\/\/www.italpassion.fr\/?p=29537"},"modified":"2022-08-18T20:47:35","modified_gmt":"2022-08-18T18:47:35","slug":"een-alfa-romeo-100-elektrische-actieradius-welke-toekomst-voor-de-f1-stal","status":"publish","type":"post","link":"https:\/\/www.italpassion.fr\/nl\/alfa-romeo\/une-gamme-alfa-romeo-100-electriques-quel-avenir-avec-lecurie-de-f1\/","title":{"rendered":"Een elektrische Alfa Romeo 100 %: welke toekomst voor het F1-team?"},"content":{"rendered":"<p>Terug in de F1 sinds 2018 dankzij een partnerschap met het Sauber-team, Jean-Philippe Imparato, de huidige CEO van het Italiaanse merk <a href=\"https:\/\/www.italpassion.fr\/nl\/alfa-romeo\/\">Alfa Romeo<\/a>heeft bevestigd dat het van plan is om door te gaan met het F1-programma. Maar wat is het nut met een elektrische 100 % actieradius in 2027?<\/p>\n\n\n\n<figure class=\"wp-block-image size-large\"><img loading=\"lazy\" decoding=\"async\" width=\"1024\" height=\"767\" src=\"https:\/\/www.italpassion.fr\/wp-content\/uploads\/2021\/08\/ARRO_2021_C41_Front-1800x1349-1-1024x767.jpg\" alt=\"\" class=\"wp-image-29542\" srcset=\"https:\/\/www.italpassion.fr\/wp-content\/uploads\/2021\/08\/ARRO_2021_C41_Front-1800x1349-1-1024x767.jpg 1024w, https:\/\/www.italpassion.fr\/wp-content\/uploads\/2021\/08\/ARRO_2021_C41_Front-1800x1349-1-300x225.jpg 300w, https:\/\/www.italpassion.fr\/wp-content\/uploads\/2021\/08\/ARRO_2021_C41_Front-1800x1349-1-768x576.jpg 768w, https:\/\/www.italpassion.fr\/wp-content\/uploads\/2021\/08\/ARRO_2021_C41_Front-1800x1349-1-1536x1151.jpg 1536w, https:\/\/www.italpassion.fr\/wp-content\/uploads\/2021\/08\/ARRO_2021_C41_Front-1800x1349-1-192x144.jpg 192w, https:\/\/www.italpassion.fr\/wp-content\/uploads\/2021\/08\/ARRO_2021_C41_Front-1800x1349-1-384x288.jpg 384w, https:\/\/www.italpassion.fr\/wp-content\/uploads\/2021\/08\/ARRO_2021_C41_Front-1800x1349-1-90x67.jpg 90w, https:\/\/www.italpassion.fr\/wp-content\/uploads\/2021\/08\/ARRO_2021_C41_Front-1800x1349-1-180x135.jpg 180w, https:\/\/www.italpassion.fr\/wp-content\/uploads\/2021\/08\/ARRO_2021_C41_Front-1800x1349-1-561x420.jpg 561w, https:\/\/www.italpassion.fr\/wp-content\/uploads\/2021\/08\/ARRO_2021_C41_Front-1800x1349-1-1122x841.jpg 1122w, https:\/\/www.italpassion.fr\/wp-content\/uploads\/2021\/08\/ARRO_2021_C41_Front-1800x1349-1-265x199.jpg 265w, https:\/\/www.italpassion.fr\/wp-content\/uploads\/2021\/08\/ARRO_2021_C41_Front-1800x1349-1-531x398.jpg 531w, https:\/\/www.italpassion.fr\/wp-content\/uploads\/2021\/08\/ARRO_2021_C41_Front-1800x1349-1-364x273.jpg 364w, https:\/\/www.italpassion.fr\/wp-content\/uploads\/2021\/08\/ARRO_2021_C41_Front-1800x1349-1-728x546.jpg 728w, https:\/\/www.italpassion.fr\/wp-content\/uploads\/2021\/08\/ARRO_2021_C41_Front-1800x1349-1-608x456.jpg 608w, https:\/\/www.italpassion.fr\/wp-content\/uploads\/2021\/08\/ARRO_2021_C41_Front-1800x1349-1-758x568.jpg 758w, https:\/\/www.italpassion.fr\/wp-content\/uploads\/2021\/08\/ARRO_2021_C41_Front-1800x1349-1-1152x863.jpg 1152w, https:\/\/www.italpassion.fr\/wp-content\/uploads\/2021\/08\/ARRO_2021_C41_Front-1800x1349-1-600x450.jpg 600w, https:\/\/www.italpassion.fr\/wp-content\/uploads\/2021\/08\/ARRO_2021_C41_Front-1800x1349-1.jpg 1800w\" sizes=\"auto, (max-width: 1024px) 100vw, 1024px\" \/><\/figure>\n\n\n\n<p><strong>Eerst sceptisch<\/strong> toen hij de leiding nam over het merk Biscione, verklaarde Jean-Philippe Imparato uiteindelijk dat de <strong>F1 is een uitstekend communicatiemiddel<\/strong> voor <strong>meer bekendheid geven aan de sportiviteit van het merk Alfa Romeo<\/strong> over de hele wereld. Het partnerschap tussen Alfa Romeo en Sauber is met een paar jaar verlengd, zonder verdere details (officieus zou het 3 jaar zijn en het contract zou elk jaar verbroken kunnen worden).<\/p>\n\n\n\n<p>De heer Imparato is hier zo van overtuigd dat hij Cristiano Fiorio heeft aangesteld als Alfa Romeo's nieuwe F1 Manager, wiens missie het is om de resultaten en het rendement op de investering te maximaliseren.<\/p>\n\n\n\n<figure class=\"wp-block-image size-large\"><img loading=\"lazy\" decoding=\"async\" width=\"1024\" height=\"562\" src=\"https:\/\/www.italpassion.fr\/wp-content\/uploads\/2021\/08\/cristiano-fiorio-1024x562.jpg\" alt=\"\" class=\"wp-image-29541\" srcset=\"https:\/\/www.italpassion.fr\/wp-content\/uploads\/2021\/08\/cristiano-fiorio-1024x562.jpg 1024w, https:\/\/www.italpassion.fr\/wp-content\/uploads\/2021\/08\/cristiano-fiorio-300x165.jpg 300w, https:\/\/www.italpassion.fr\/wp-content\/uploads\/2021\/08\/cristiano-fiorio-768x421.jpg 768w, https:\/\/www.italpassion.fr\/wp-content\/uploads\/2021\/08\/cristiano-fiorio-561x308.jpg 561w, https:\/\/www.italpassion.fr\/wp-content\/uploads\/2021\/08\/cristiano-fiorio-1122x616.jpg 1122w, https:\/\/www.italpassion.fr\/wp-content\/uploads\/2021\/08\/cristiano-fiorio-265x145.jpg 265w, https:\/\/www.italpassion.fr\/wp-content\/uploads\/2021\/08\/cristiano-fiorio-531x291.jpg 531w, https:\/\/www.italpassion.fr\/wp-content\/uploads\/2021\/08\/cristiano-fiorio-364x200.jpg 364w, https:\/\/www.italpassion.fr\/wp-content\/uploads\/2021\/08\/cristiano-fiorio-728x400.jpg 728w, https:\/\/www.italpassion.fr\/wp-content\/uploads\/2021\/08\/cristiano-fiorio-608x334.jpg 608w, https:\/\/www.italpassion.fr\/wp-content\/uploads\/2021\/08\/cristiano-fiorio-758x416.jpg 758w, https:\/\/www.italpassion.fr\/wp-content\/uploads\/2021\/08\/cristiano-fiorio-1152x632.jpg 1152w, https:\/\/www.italpassion.fr\/wp-content\/uploads\/2021\/08\/cristiano-fiorio-600x329.jpg 600w, https:\/\/www.italpassion.fr\/wp-content\/uploads\/2021\/08\/cristiano-fiorio.jpg 1445w\" sizes=\"auto, (max-width: 1024px) 100vw, 1024px\" \/><\/figure>\n\n\n\n<p>Aan de andere kant werd een paar dagen geleden aangekondigd dat de <a href=\"https:\/\/www.italpassion.fr\/nl\/alfa-romeo\/alfa-romeo-a-100-elektrisch-in-2027\/\">toekomstig Alfa Romeo-gamma 100 % elektrisch in 2027<\/a>. <strong>Waarom zou Alfa Romeo in de Formule 1 moeten blijven?<\/strong> Hier is een hint: het nieuwe F1 motorreglement, waarover momenteel wordt onderhandeld, zal in 2025 worden gewijzigd. Het zou echter nog steeds gaan om hybride verbrandingsmotoren.<\/p>\n\n\n\n<p>Alfa Romeo zou dan tot 2025 in de F1 kunnen blijven, totdat het nieuwe motorreglement van kracht wordt. En daarna? <\/p>\n\n\n\n<p>Waarom niet? <strong>plaats maken voor het merk Maserati<\/strong> (net zoals legitiem in de F1), die misschien nog hybride verbrandingsmotoren zullen aanbieden, en <strong>Alfa Romeo kijkt naar Formule E<\/strong>Een concurrentie die tegen die tijd ook ge\u00ebvolueerd zal zijn en waar Porsche, BMW, Audi, Mercedes, Jaguar en DS al aanwezig zijn? En bovendien zou DS, een zustermerk van de Stellantis groep, zijn plaats afstaan aan Alfa Romeo? Dit alles is zeker goed doordacht.<\/p>","protected":false},"excerpt":{"rendered":"","protected":false},"author":1,"featured_media":29542,"comment_status":"open","ping_status":"open","sticky":false,"template":"","format":"standard","meta":{"_acf_changed":false,"_sitemap_exclude":false,"_sitemap_priority":"","_sitemap_frequency":"","footnotes":""},"categories":[22],"tags":[],"class_list":["post-29537","post","type-post","status-publish","format-standard","has-post-thumbnail","hentry","category-alfa-romeo","generate-columns","tablet-grid-50","mobile-grid-100","grid-parent","grid-33"],"acf":[],"yoast_head":"<!-- This site is optimized with the Yoast SEO plugin v25.8 - https:\/\/yoast.com\/wordpress\/plugins\/seo\/ -->\n<title>Une gamme Alfa Romeo 100 % \u00e9lectriques : quel avenir avec l&#039;\u00e9curie de F1 ? - ItalPassion<\/title>\n<meta name=\"description\" content=\"De retour depuis 2018 en F1 gr\u00e2ce \u00e0 un partenariat avec l&#039;\u00e9curie Sauber, Jean-Philippe Imparato, actuel DG de la marque italienne Alfa Romeo, a confirm\u00e9\" \/>\n<meta name=\"robots\" content=\"index, follow, max-snippet:-1, max-image-preview:large, max-video-preview:-1\" \/>\n<link rel=\"canonical\" href=\"https:\/\/www.italpassion.fr\/nl\/alfa-romeo\/een-alfa-romeo-100-elektrische-actieradius-welke-toekomst-voor-de-f1-stal\/\" \/>\n<meta property=\"og:locale\" content=\"nl_NL\" \/>\n<meta property=\"og:type\" content=\"article\" \/>\n<meta property=\"og:title\" content=\"Une gamme Alfa Romeo 100 % \u00e9lectriques : quel avenir avec l&#039;\u00e9curie de F1 ? - ItalPassion\" \/>\n<meta property=\"og:description\" content=\"De retour depuis 2018 en F1 gr\u00e2ce \u00e0 un partenariat avec l&#039;\u00e9curie Sauber, Jean-Philippe Imparato, actuel DG de la marque italienne Alfa Romeo, a confirm\u00e9\" \/>\n<meta property=\"og:url\" content=\"https:\/\/www.italpassion.fr\/nl\/alfa-romeo\/een-alfa-romeo-100-elektrische-actieradius-welke-toekomst-voor-de-f1-stal\/\" \/>\n<meta property=\"og:site_name\" content=\"ItalPassion\" \/>\n<meta property=\"article:publisher\" content=\"https:\/\/www.facebook.com\/italpassion\" \/>\n<meta property=\"article:published_time\" content=\"2021-08-05T08:30:14+00:00\" \/>\n<meta property=\"article:modified_time\" content=\"2022-08-18T18:47:35+00:00\" \/>\n<meta property=\"og:image\" content=\"https:\/\/www.italpassion.fr\/wp-content\/uploads\/2021\/08\/ARRO_2021_C41_Front-1800x1349-1.jpg\" \/>\n\t<meta property=\"og:image:width\" content=\"1800\" \/>\n\t<meta property=\"og:image:height\" content=\"1349\" \/>\n\t<meta property=\"og:image:type\" content=\"image\/jpeg\" \/>\n<meta name=\"author\" content=\"Alexandre Filluzeau\" \/>\n<meta name=\"twitter:card\" content=\"summary_large_image\" \/>\n<meta name=\"twitter:creator\" content=\"@italpassion\" \/>\n<meta name=\"twitter:site\" content=\"@italpassion\" \/>\n<script type=\"application\/ld+json\" class=\"yoast-schema-graph\">{\"@context\":\"https:\/\/schema.org\",\"@graph\":[{\"@type\":\"NewsArticle\",\"@id\":\"https:\/\/www.italpassion.fr\/nl\/alfa-romeo\/une-gamme-alfa-romeo-100-electriques-quel-avenir-avec-lecurie-de-f1\/#article\",\"isPartOf\":{\"@id\":\"https:\/\/www.italpassion.fr\/nl\/alfa-romeo\/une-gamme-alfa-romeo-100-electriques-quel-avenir-avec-lecurie-de-f1\/\"},\"author\":{\"name\":\"Alexandre Filluzeau\",\"@id\":\"https:\/\/www.italpassion.fr\/nl\/#\/schema\/person\/36f747b2a759ca202d847e85a9434ca0\"},\"headline\":\"Une gamme Alfa Romeo 100 % \u00e9lectriques : quel avenir avec l&rsquo;\u00e9curie de F1 ?\",\"datePublished\":\"2021-08-05T08:30:14+00:00\",\"dateModified\":\"2022-08-18T18:47:35+00:00\",\"mainEntityOfPage\":{\"@id\":\"https:\/\/www.italpassion.fr\/nl\/alfa-romeo\/une-gamme-alfa-romeo-100-electriques-quel-avenir-avec-lecurie-de-f1\/\"},\"wordCount\":319,\"commentCount\":9,\"publisher\":{\"@id\":\"https:\/\/www.italpassion.fr\/nl\/#organization\"},\"image\":{\"@id\":\"https:\/\/www.italpassion.fr\/nl\/alfa-romeo\/une-gamme-alfa-romeo-100-electriques-quel-avenir-avec-lecurie-de-f1\/#primaryimage\"},\"thumbnailUrl\":\"https:\/\/www.italpassion.fr\/wp-content\/uploads\/2021\/08\/ARRO_2021_C41_Front-1800x1349-1.jpg\",\"articleSection\":[\"Alfa Romeo\"],\"inLanguage\":\"nl-NL\",\"potentialAction\":[{\"@type\":\"CommentAction\",\"name\":\"Comment\",\"target\":[\"https:\/\/www.italpassion.fr\/nl\/alfa-romeo\/une-gamme-alfa-romeo-100-electriques-quel-avenir-avec-lecurie-de-f1\/#respond\"]}]},{\"@type\":\"WebPage\",\"@id\":\"https:\/\/www.italpassion.fr\/nl\/alfa-romeo\/une-gamme-alfa-romeo-100-electriques-quel-avenir-avec-lecurie-de-f1\/\",\"url\":\"https:\/\/www.italpassion.fr\/nl\/alfa-romeo\/une-gamme-alfa-romeo-100-electriques-quel-avenir-avec-lecurie-de-f1\/\",\"name\":\"Une gamme Alfa Romeo 100 % \u00e9lectriques : quel avenir avec l'\u00e9curie de F1 ? - ItalPassion\",\"isPartOf\":{\"@id\":\"https:\/\/www.italpassion.fr\/nl\/#website\"},\"primaryImageOfPage\":{\"@id\":\"https:\/\/www.italpassion.fr\/nl\/alfa-romeo\/une-gamme-alfa-romeo-100-electriques-quel-avenir-avec-lecurie-de-f1\/#primaryimage\"},\"image\":{\"@id\":\"https:\/\/www.italpassion.fr\/nl\/alfa-romeo\/une-gamme-alfa-romeo-100-electriques-quel-avenir-avec-lecurie-de-f1\/#primaryimage\"},\"thumbnailUrl\":\"https:\/\/www.italpassion.fr\/wp-content\/uploads\/2021\/08\/ARRO_2021_C41_Front-1800x1349-1.jpg\",\"datePublished\":\"2021-08-05T08:30:14+00:00\",\"dateModified\":\"2022-08-18T18:47:35+00:00\",\"description\":\"De retour depuis 2018 en F1 gr\u00e2ce \u00e0 un partenariat avec l'\u00e9curie Sauber, Jean-Philippe Imparato, actuel DG de la marque italienne Alfa Romeo, a confirm\u00e9\",\"breadcrumb\":{\"@id\":\"https:\/\/www.italpassion.fr\/nl\/alfa-romeo\/une-gamme-alfa-romeo-100-electriques-quel-avenir-avec-lecurie-de-f1\/#breadcrumb\"},\"inLanguage\":\"nl-NL\",\"potentialAction\":[{\"@type\":\"ReadAction\",\"target\":[\"https:\/\/www.italpassion.fr\/nl\/alfa-romeo\/une-gamme-alfa-romeo-100-electriques-quel-avenir-avec-lecurie-de-f1\/\"]}]},{\"@type\":\"ImageObject\",\"inLanguage\":\"nl-NL\",\"@id\":\"https:\/\/www.italpassion.fr\/nl\/alfa-romeo\/une-gamme-alfa-romeo-100-electriques-quel-avenir-avec-lecurie-de-f1\/#primaryimage\",\"url\":\"https:\/\/www.italpassion.fr\/wp-content\/uploads\/2021\/08\/ARRO_2021_C41_Front-1800x1349-1.jpg\",\"contentUrl\":\"https:\/\/www.italpassion.fr\/wp-content\/uploads\/2021\/08\/ARRO_2021_C41_Front-1800x1349-1.jpg\",\"width\":1800,\"height\":1349},{\"@type\":\"BreadcrumbList\",\"@id\":\"https:\/\/www.italpassion.fr\/nl\/alfa-romeo\/une-gamme-alfa-romeo-100-electriques-quel-avenir-avec-lecurie-de-f1\/#breadcrumb\",\"itemListElement\":[{\"@type\":\"ListItem\",\"position\":1,\"name\":\"Accueil\",\"item\":\"https:\/\/www.italpassion.fr\/nl\/\"},{\"@type\":\"ListItem\",\"position\":2,\"name\":\"Une gamme Alfa Romeo 100 % \u00e9lectriques : quel avenir avec l&rsquo;\u00e9curie de F1 ?\"}]},{\"@type\":\"WebSite\",\"@id\":\"https:\/\/www.italpassion.fr\/nl\/#website\",\"url\":\"https:\/\/www.italpassion.fr\/nl\/\",\"name\":\"ItalPassion\",\"description\":\"Les Passionn\u00e9s d&#039;Automobiles Italiennes\",\"publisher\":{\"@id\":\"https:\/\/www.italpassion.fr\/nl\/#organization\"},\"potentialAction\":[{\"@type\":\"SearchAction\",\"target\":{\"@type\":\"EntryPoint\",\"urlTemplate\":\"https:\/\/www.italpassion.fr\/nl\/?s={search_term_string}\"},\"query-input\":{\"@type\":\"PropertyValueSpecification\",\"valueRequired\":true,\"valueName\":\"search_term_string\"}}],\"inLanguage\":\"nl-NL\"},{\"@type\":\"Organization\",\"@id\":\"https:\/\/www.italpassion.fr\/nl\/#organization\",\"name\":\"Italpassion\",\"url\":\"https:\/\/www.italpassion.fr\/nl\/\",\"logo\":{\"@type\":\"ImageObject\",\"inLanguage\":\"nl-NL\",\"@id\":\"https:\/\/www.italpassion.fr\/nl\/#\/schema\/logo\/image\/\",\"url\":\"https:\/\/www.italpassion.fr\/wp-content\/uploads\/2023\/07\/italpassion-yoast.jpg\",\"contentUrl\":\"https:\/\/www.italpassion.fr\/wp-content\/uploads\/2023\/07\/italpassion-yoast.jpg\",\"width\":696,\"height\":696,\"caption\":\"Italpassion\"},\"image\":{\"@id\":\"https:\/\/www.italpassion.fr\/nl\/#\/schema\/logo\/image\/\"},\"sameAs\":[\"https:\/\/www.facebook.com\/italpassion\",\"https:\/\/x.com\/italpassion\",\"https:\/\/www.instagram.com\/italpassionfr\/\",\"https:\/\/www.youtube.com\/channel\/UCleq-ByQaA42OjhopwevRjQ\",\"https:\/\/www.facebook.com\/italpassion.en\/\",\"https:\/\/www.facebook.com\/italpassion.it\/\",\"https:\/\/www.facebook.com\/italpassion.de\/\",\"https:\/\/www.facebook.com\/italpassion.ja\/\"]},{\"@type\":\"Person\",\"@id\":\"https:\/\/www.italpassion.fr\/nl\/#\/schema\/person\/36f747b2a759ca202d847e85a9434ca0\",\"name\":\"Alexandre Filluzeau\",\"image\":{\"@type\":\"ImageObject\",\"inLanguage\":\"nl-NL\",\"@id\":\"https:\/\/www.italpassion.fr\/nl\/#\/schema\/person\/image\/\",\"url\":\"https:\/\/www.italpassion.fr\/wp-content\/uploads\/2025\/04\/avatar-alexandre-160x160.jpg\",\"contentUrl\":\"https:\/\/www.italpassion.fr\/wp-content\/uploads\/2025\/04\/avatar-alexandre-160x160.jpg\",\"caption\":\"Alexandre Filluzeau\"},\"description\":\"Fondateur du site ItalPassion, passionn\u00e9 de voitures italiennes et de l'Italie en g\u00e9n\u00e9ral. J'apporte un regard critique et technique aux actualit\u00e9s des marques italiennes quand cela est possible. Propri\u00e9taire d'une Maserati GranTurismo, Alfa Romeo MiTo, Lancia Fulvia et Ducati 695. Ex-propri\u00e9taire d'une Alfa Romeo Giulia.\",\"sameAs\":[\"https:\/\/www.italpassion.fr\/\"],\"url\":\"https:\/\/www.italpassion.fr\/nl\/author\/alexandre\/\"}]}<\/script>\n<!-- \/ Yoast SEO plugin. -->","yoast_head_json":{"title":"Een elektrische Alfa Romeo 100 %: welke toekomst met het F1-team? - Itali\u00eb Passie","description":"Jean-Philippe Imparato, de huidige CEO van het Italiaanse merk Alfa Romeo, is sinds 2018 terug in de F1 dankzij een partnerschap met het Sauber-team.","robots":{"index":"index","follow":"follow","max-snippet":"max-snippet:-1","max-image-preview":"max-image-preview:large","max-video-preview":"max-video-preview:-1"},"canonical":"https:\/\/www.italpassion.fr\/nl\/alfa-romeo\/een-alfa-romeo-100-elektrische-actieradius-welke-toekomst-voor-de-f1-stal\/","og_locale":"nl_NL","og_type":"article","og_title":"Une gamme Alfa Romeo 100 % \u00e9lectriques : quel avenir avec l'\u00e9curie de F1 ? - ItalPassion","og_description":"De retour depuis 2018 en F1 gr\u00e2ce \u00e0 un partenariat avec l'\u00e9curie Sauber, Jean-Philippe Imparato, actuel DG de la marque italienne Alfa Romeo, a confirm\u00e9","og_url":"https:\/\/www.italpassion.fr\/nl\/alfa-romeo\/een-alfa-romeo-100-elektrische-actieradius-welke-toekomst-voor-de-f1-stal\/","og_site_name":"ItalPassion","article_publisher":"https:\/\/www.facebook.com\/italpassion","article_published_time":"2021-08-05T08:30:14+00:00","article_modified_time":"2022-08-18T18:47:35+00:00","og_image":[{"width":1800,"height":1349,"url":"https:\/\/www.italpassion.fr\/wp-content\/uploads\/2021\/08\/ARRO_2021_C41_Front-1800x1349-1.jpg","type":"image\/jpeg"}],"author":"Alexandre Filluzeau","twitter_card":"summary_large_image","twitter_creator":"@italpassion","twitter_site":"@italpassion","schema":{"@context":"https:\/\/schema.org","@graph":[{"@type":"NewsArticle","@id":"https:\/\/www.italpassion.fr\/nl\/alfa-romeo\/une-gamme-alfa-romeo-100-electriques-quel-avenir-avec-lecurie-de-f1\/#article","isPartOf":{"@id":"https:\/\/www.italpassion.fr\/nl\/alfa-romeo\/une-gamme-alfa-romeo-100-electriques-quel-avenir-avec-lecurie-de-f1\/"},"author":{"name":"Alexandre Filluzeau","@id":"https:\/\/www.italpassion.fr\/nl\/#\/schema\/person\/36f747b2a759ca202d847e85a9434ca0"},"headline":"Une gamme Alfa Romeo 100 % \u00e9lectriques : quel avenir avec l&rsquo;\u00e9curie de F1 ?","datePublished":"2021-08-05T08:30:14+00:00","dateModified":"2022-08-18T18:47:35+00:00","mainEntityOfPage":{"@id":"https:\/\/www.italpassion.fr\/nl\/alfa-romeo\/une-gamme-alfa-romeo-100-electriques-quel-avenir-avec-lecurie-de-f1\/"},"wordCount":319,"commentCount":9,"publisher":{"@id":"https:\/\/www.italpassion.fr\/nl\/#organization"},"image":{"@id":"https:\/\/www.italpassion.fr\/nl\/alfa-romeo\/une-gamme-alfa-romeo-100-electriques-quel-avenir-avec-lecurie-de-f1\/#primaryimage"},"thumbnailUrl":"https:\/\/www.italpassion.fr\/wp-content\/uploads\/2021\/08\/ARRO_2021_C41_Front-1800x1349-1.jpg","articleSection":["Alfa Romeo"],"inLanguage":"nl-NL","potentialAction":[{"@type":"CommentAction","name":"Comment","target":["https:\/\/www.italpassion.fr\/nl\/alfa-romeo\/une-gamme-alfa-romeo-100-electriques-quel-avenir-avec-lecurie-de-f1\/#respond"]}]},{"@type":"WebPage","@id":"https:\/\/www.italpassion.fr\/nl\/alfa-romeo\/une-gamme-alfa-romeo-100-electriques-quel-avenir-avec-lecurie-de-f1\/","url":"https:\/\/www.italpassion.fr\/nl\/alfa-romeo\/une-gamme-alfa-romeo-100-electriques-quel-avenir-avec-lecurie-de-f1\/","name":"Een elektrische Alfa Romeo 100 %: welke toekomst met het F1-team? - Itali\u00eb Passie","isPartOf":{"@id":"https:\/\/www.italpassion.fr\/nl\/#website"},"primaryImageOfPage":{"@id":"https:\/\/www.italpassion.fr\/nl\/alfa-romeo\/une-gamme-alfa-romeo-100-electriques-quel-avenir-avec-lecurie-de-f1\/#primaryimage"},"image":{"@id":"https:\/\/www.italpassion.fr\/nl\/alfa-romeo\/une-gamme-alfa-romeo-100-electriques-quel-avenir-avec-lecurie-de-f1\/#primaryimage"},"thumbnailUrl":"https:\/\/www.italpassion.fr\/wp-content\/uploads\/2021\/08\/ARRO_2021_C41_Front-1800x1349-1.jpg","datePublished":"2021-08-05T08:30:14+00:00","dateModified":"2022-08-18T18:47:35+00:00","description":"Jean-Philippe Imparato, de huidige CEO van het Italiaanse merk Alfa Romeo, is sinds 2018 terug in de F1 dankzij een partnerschap met het Sauber-team.","breadcrumb":{"@id":"https:\/\/www.italpassion.fr\/nl\/alfa-romeo\/une-gamme-alfa-romeo-100-electriques-quel-avenir-avec-lecurie-de-f1\/#breadcrumb"},"inLanguage":"nl-NL","potentialAction":[{"@type":"ReadAction","target":["https:\/\/www.italpassion.fr\/nl\/alfa-romeo\/une-gamme-alfa-romeo-100-electriques-quel-avenir-avec-lecurie-de-f1\/"]}]},{"@type":"ImageObject","inLanguage":"nl-NL","@id":"https:\/\/www.italpassion.fr\/nl\/alfa-romeo\/une-gamme-alfa-romeo-100-electriques-quel-avenir-avec-lecurie-de-f1\/#primaryimage","url":"https:\/\/www.italpassion.fr\/wp-content\/uploads\/2021\/08\/ARRO_2021_C41_Front-1800x1349-1.jpg","contentUrl":"https:\/\/www.italpassion.fr\/wp-content\/uploads\/2021\/08\/ARRO_2021_C41_Front-1800x1349-1.jpg","width":1800,"height":1349},{"@type":"BreadcrumbList","@id":"https:\/\/www.italpassion.fr\/nl\/alfa-romeo\/une-gamme-alfa-romeo-100-electriques-quel-avenir-avec-lecurie-de-f1\/#breadcrumb","itemListElement":[{"@type":"ListItem","position":1,"name":"Accueil","item":"https:\/\/www.italpassion.fr\/nl\/"},{"@type":"ListItem","position":2,"name":"Une gamme Alfa Romeo 100 % \u00e9lectriques : quel avenir avec l&rsquo;\u00e9curie de F1 ?"}]},{"@type":"WebSite","@id":"https:\/\/www.italpassion.fr\/nl\/#website","url":"https:\/\/www.italpassion.fr\/nl\/","name":"ItalPassion","description":"Italiaanse autoliefhebbers","publisher":{"@id":"https:\/\/www.italpassion.fr\/nl\/#organization"},"potentialAction":[{"@type":"SearchAction","target":{"@type":"EntryPoint","urlTemplate":"https:\/\/www.italpassion.fr\/nl\/?s={search_term_string}"},"query-input":{"@type":"PropertyValueSpecification","valueRequired":true,"valueName":"search_term_string"}}],"inLanguage":"nl-NL"},{"@type":"Organization","@id":"https:\/\/www.italpassion.fr\/nl\/#organization","name":"Italpassion","url":"https:\/\/www.italpassion.fr\/nl\/","logo":{"@type":"ImageObject","inLanguage":"nl-NL","@id":"https:\/\/www.italpassion.fr\/nl\/#\/schema\/logo\/image\/","url":"https:\/\/www.italpassion.fr\/wp-content\/uploads\/2023\/07\/italpassion-yoast.jpg","contentUrl":"https:\/\/www.italpassion.fr\/wp-content\/uploads\/2023\/07\/italpassion-yoast.jpg","width":696,"height":696,"caption":"Italpassion"},"image":{"@id":"https:\/\/www.italpassion.fr\/nl\/#\/schema\/logo\/image\/"},"sameAs":["https:\/\/www.facebook.com\/italpassion","https:\/\/x.com\/italpassion","https:\/\/www.instagram.com\/italpassionfr\/","https:\/\/www.youtube.com\/channel\/UCleq-ByQaA42OjhopwevRjQ","https:\/\/www.facebook.com\/italpassion.en\/","https:\/\/www.facebook.com\/italpassion.it\/","https:\/\/www.facebook.com\/italpassion.de\/","https:\/\/www.facebook.com\/italpassion.ja\/"]},{"@type":"Person","@id":"https:\/\/www.italpassion.fr\/nl\/#\/schema\/person\/36f747b2a759ca202d847e85a9434ca0","name":"Alexandre Filluzeau","image":{"@type":"ImageObject","inLanguage":"nl-NL","@id":"https:\/\/www.italpassion.fr\/nl\/#\/schema\/person\/image\/","url":"https:\/\/www.italpassion.fr\/wp-content\/uploads\/2025\/04\/avatar-alexandre-160x160.jpg","contentUrl":"https:\/\/www.italpassion.fr\/wp-content\/uploads\/2025\/04\/avatar-alexandre-160x160.jpg","caption":"Alexandre Filluzeau"},"description":"Oprichter van de website ItalPassion, gepassioneerd door Italiaanse auto's en Itali\u00eb in het algemeen. Waar mogelijk breng ik een kritisch en technisch oog naar nieuws over Italiaanse merken. Eigenaar van een Maserati GranTurismo, Alfa Romeo MiTo, Lancia Fulvia en Ducati 695. Ex-eigenaar van een Alfa Romeo Giulia.","sameAs":["https:\/\/www.italpassion.fr\/"],"url":"https:\/\/www.italpassion.fr\/nl\/author\/alexandre\/"}]}},"_links":{"self":[{"href":"https:\/\/www.italpassion.fr\/nl\/wp-json\/wp\/v2\/posts\/29537","targetHints":{"allow":["GET"]}}],"collection":[{"href":"https:\/\/www.italpassion.fr\/nl\/wp-json\/wp\/v2\/posts"}],"about":[{"href":"https:\/\/www.italpassion.fr\/nl\/wp-json\/wp\/v2\/types\/post"}],"author":[{"embeddable":true,"href":"https:\/\/www.italpassion.fr\/nl\/wp-json\/wp\/v2\/users\/1"}],"replies":[{"embeddable":true,"href":"https:\/\/www.italpassion.fr\/nl\/wp-json\/wp\/v2\/comments?post=29537"}],"version-history":[{"count":3,"href":"https:\/\/www.italpassion.fr\/nl\/wp-json\/wp\/v2\/posts\/29537\/revisions"}],"predecessor-version":[{"id":30642,"href":"https:\/\/www.italpassion.fr\/nl\/wp-json\/wp\/v2\/posts\/29537\/revisions\/30642"}],"wp:featuredmedia":[{"embeddable":true,"href":"https:\/\/www.italpassion.fr\/nl\/wp-json\/wp\/v2\/media\/29542"}],"wp:attachment":[{"href":"https:\/\/www.italpassion.fr\/nl\/wp-json\/wp\/v2\/media?parent=29537"}],"wp:term":[{"taxonomy":"category","embeddable":true,"href":"https:\/\/www.italpassion.fr\/nl\/wp-json\/wp\/v2\/categories?post=29537"},{"taxonomy":"post_tag","embeddable":true,"href":"https:\/\/www.italpassion.fr\/nl\/wp-json\/wp\/v2\/tags?post=29537"}],"curies":[{"name":"wp","href":"https:\/\/api.w.org\/{rel}","templated":true}]}}