{"id":29687,"date":"2021-10-25T11:57:30","date_gmt":"2021-10-25T09:57:30","guid":{"rendered":"https:\/\/www.italpassion.fr\/?p=29687"},"modified":"2021-10-25T11:57:33","modified_gmt":"2021-10-25T09:57:33","slug":"%e3%83%9e%e3%82%bb%e3%83%a9%e3%83%86%e3%82%a3%e7%b7%8f%e5%90%88%e5%a0%b1%e5%91%8a%e6%9b%b8-2022%e5%b9%b4%e6%98%a5%e7%89%88","status":"publish","type":"post","link":"https:\/\/www.italpassion.fr\/ja\/maserati\/le-maserati-grecale-reporte-au-printemps-2022\/","title":{"rendered":"\u30de\u30bb\u30e9\u30c6\u30a3\u30fb\u30b0\u30ec\u30ab\u30fc\u30ec\u30012022\u5e74\u6625\u306b\u767a\u58f2\u5ef6\u671f"},"content":{"rendered":"<p>\u30a4\u30bf\u30ea\u30a2\u306eSUV <a href=\"https:\/\/www.italpassion.fr\/ja\/%e3%82%bf%e3%82%b0\/%e3%83%9e%e3%82%bb%e3%83%a9%e3%83%86%e3%82%a3%e3%82%b0%e3%83%ac%e3%82%ab%e3%83%bc%e3%83%ac\/\">\u30de\u30bb\u30e9\u30c6\u30a3\u30fb\u30b0\u30ec\u30ab\u30fc\u30ec<\/a> \u306f\u3001\u6570\u30f6\u6708\u524d\u306bTrident\u30d6\u30e9\u30f3\u30c9\u304b\u3089\u516c\u5f0f\u306b\u767a\u8868\u3055\u308c\u305f\u3088\u3046\u306b\u300111\u6708\u306b\u767a\u8868\u3055\u308c\u308b\u3053\u3068\u306f\u306a\u3044\u3067\u3057\u3087\u3046\u3002 <\/p>\n\n\n\n<figure class=\"wp-block-image size-full\"><img loading=\"lazy\" decoding=\"async\" width=\"828\" height=\"1004\" src=\"https:\/\/www.italpassion.fr\/wp-content\/uploads\/2021\/10\/maserati-grecale-printemps-2022.jpg\" alt=\"\" class=\"wp-image-29688\" srcset=\"https:\/\/www.italpassion.fr\/wp-content\/uploads\/2021\/10\/maserati-grecale-printemps-2022.jpg 828w, https:\/\/www.italpassion.fr\/wp-content\/uploads\/2021\/10\/maserati-grecale-printemps-2022-247x300.jpg 247w, https:\/\/www.italpassion.fr\/wp-content\/uploads\/2021\/10\/maserati-grecale-printemps-2022-768x931.jpg 768w, https:\/\/www.italpassion.fr\/wp-content\/uploads\/2021\/10\/maserati-grecale-printemps-2022-561x680.jpg 561w, https:\/\/www.italpassion.fr\/wp-content\/uploads\/2021\/10\/maserati-grecale-printemps-2022-265x321.jpg 265w, https:\/\/www.italpassion.fr\/wp-content\/uploads\/2021\/10\/maserati-grecale-printemps-2022-531x644.jpg 531w, https:\/\/www.italpassion.fr\/wp-content\/uploads\/2021\/10\/maserati-grecale-printemps-2022-364x441.jpg 364w, https:\/\/www.italpassion.fr\/wp-content\/uploads\/2021\/10\/maserati-grecale-printemps-2022-728x883.jpg 728w, https:\/\/www.italpassion.fr\/wp-content\/uploads\/2021\/10\/maserati-grecale-printemps-2022-608x737.jpg 608w, https:\/\/www.italpassion.fr\/wp-content\/uploads\/2021\/10\/maserati-grecale-printemps-2022-758x919.jpg 758w, https:\/\/www.italpassion.fr\/wp-content\/uploads\/2021\/10\/maserati-grecale-printemps-2022-600x728.jpg 600w\" sizes=\"auto, (max-width: 828px) 100vw, 828px\" \/><\/figure>\n\n\n\n<p>\u65b0\u578bD-SUV\u306e\u9045\u308c\u306b\u3064\u3044\u3066\u306f\u3001\u3053\u3053\u6570\u65e5\u30d7\u30ec\u30b9\u30ea\u30ea\u30fc\u30b9\u3067\u767a\u8868\u3055\u308c\u3001\u30c1\u30c3\u30d7\u5371\u6a5f\u3068\u95a2\u4fc2\u304c\u3042\u308b\u3068\u8a00\u308f\u308c\u3066\u3044\u307e\u3059\u3002\u30d7\u30ec\u30b9\u30ea\u30ea\u30fc\u30b9\u306b\u3088\u308b\u3068\u3001\u534a\u5c0e\u4f53\u306e\u4e0d\u8db3\u306b\u3088\u308a <a href=\"https:\/\/www.italpassion.fr\/ja\/%e3%83%9e%e3%82%b5%e3%83%a9%e3%83%86%e3%82%a3%e3%83%bc\/\">\u30de\u30bb\u30e9\u30c6\u30a3<\/a> \u306e\u767a\u8868\u3068\u5e02\u5834\u6295\u5165\u3092\u5ef6\u671f\u3059\u308b\u3053\u3068\u306b\u3057\u307e\u3057\u305f\u3002 <strong>\u65b0\u578bSUV\u306e\u767a\u8868\u306f\u3001\u6765\u5e74\u6625\u306b\u6c7a\u5b9a\u3057\u307e\u3057\u305f<\/strong> \u3067\u3001\u6570\u9031\u9593\u5f8c\u306b\u5e02\u5834\u306b\u767b\u5834\u3059\u308b\u4e88\u5b9a\u3067\u3059\u3002<\/p>\n\n\n\n<p>\u30b0\u30ea\u30b1\u30fc\u30eb\u306e\u767a\u58f2\u5ef6\u671f\u3092\u6c7a\u5b9a\u3057\u305f\u306e\u3082 <strong>\u30ab\u30c3\u30b7\u30fc\u30ce\u306e\u30a4\u30bf\u30ea\u30a2\u5de5\u5834\u306b\u5927\u6253\u6483<\/strong>.\u30b9\u30c6\u30e9\u30f3\u30c6\u30a3\u30b9\u306e\u751f\u7523\u73fe\u5834\u306f\u3001\u300c\u30b0\u30ec\u30ab\u30fc\u30eb\u300d\u306e\u5373\u6642\u7a3c\u50cd\u3067\u751f\u7523\u91cf\u304c\u5897\u3048\u3001\u90e8\u5206\u7684\u306a\u5931\u696d\u306b\u6b6f\u6b62\u3081\u304c\u304b\u304b\u308b\u3068\u671f\u5f85\u3057\u3066\u3044\u305f\u3002\u73fe\u5728\u3001\u3059\u3079\u3066\u304c\u6570\u30ab\u6708\u5148\u9001\u308a\u306b\u306a\u3063\u3066\u3044\u307e\u3059\u3002<\/p>\n\n\n\n<p>\u30b0\u30ec\u30ab\u30ec\u306e\u63d0\u51fa\u671f\u9650\u306f\u3042\u308a\u307e\u3059\u304b\uff1f<strong> \u534a\u5c0e\u4f53\u5371\u6a5f\u3068\u672c\u5f53\u306b\u95a2\u4fc2\u304c\u3042\u308b<\/strong> \u305d\u308c\u3068\u3082\u3001\u30a2\u30eb\u30d5\u30a1\u30ed\u30e1\u30aa\u30fb\u30c8\u30ca\u30fc\u30ec\u3084\u30de\u30bb\u30e9\u30c6\u30a3MC20\uff08\u767a\u8868\u304b\u30891\u5e74\u5f8c\u306b\u3088\u3046\u3084\u304f\u7d0d\u8eca\uff09\u306e\u3088\u3046\u306b\u3001\u30b9\u30c6\u30e9\u30f3\u30c6\u30a3\u30b9\u306e\u65b0\u7d4c\u55b6\u9663\u304c\u6280\u8853\u7279\u6027\u3084\u4ed5\u4e0a\u3052\u306e\u90fd\u5408\u3067\u7d0d\u671f\u3092\u5ef6\u671f\u3057\u305f\u3053\u3068\u306b\u5bfe\u3059\u308b\u8a00\u3044\u8a33\u306a\u306e\u3060\u308d\u3046\u304b\u3002\u79c1\u305f\u3061\u306b\u306f\u308f\u304b\u3089\u306a\u3044\u3001\u3042\u308b\u3044\u306f\u975e\u516c\u5f0f\u306b......\u3002<\/p>","protected":false},"excerpt":{"rendered":"","protected":false},"author":1,"featured_media":29688,"comment_status":"open","ping_status":"open","sticky":false,"template":"","format":"standard","meta":{"_acf_changed":false,"_sitemap_exclude":false,"_sitemap_priority":"","_sitemap_frequency":"","footnotes":""},"categories":[27],"tags":[285],"class_list":["post-29687","post","type-post","status-publish","format-standard","has-post-thumbnail","hentry","category-maserati","tag-maserati-grecale","generate-columns","tablet-grid-50","mobile-grid-100","grid-parent","grid-33"],"acf":[],"yoast_head":"<!-- This site is optimized with the Yoast SEO plugin v25.8 - https:\/\/yoast.com\/wordpress\/plugins\/seo\/ -->\n<title>Le Maserati Grecale report\u00e9 au printemps 2022 - ItalPassion<\/title>\n<meta name=\"description\" content=\"Le SUV italien Maserati Grecale ne sera pas pr\u00e9sent\u00e9 en novembre, comme\" \/>\n<meta name=\"robots\" content=\"index, follow, max-snippet:-1, max-image-preview:large, max-video-preview:-1\" \/>\n<link rel=\"canonical\" href=\"https:\/\/www.italpassion.fr\/ja\/\u30de\u30b5\u30e9\u30c6\u30a3\u30fc\/\u30de\u30bb\u30e9\u30c6\u30a3\u7dcf\u5408\u5831\u544a\u66f8-2022\u5e74\u6625\u7248\/\" \/>\n<meta property=\"og:locale\" content=\"ja_JP\" \/>\n<meta property=\"og:type\" content=\"article\" \/>\n<meta property=\"og:title\" content=\"Le Maserati Grecale report\u00e9 au printemps 2022 - ItalPassion\" \/>\n<meta property=\"og:description\" content=\"Le SUV italien Maserati Grecale ne sera pas pr\u00e9sent\u00e9 en novembre, comme\" \/>\n<meta property=\"og:url\" content=\"https:\/\/www.italpassion.fr\/ja\/\u30de\u30b5\u30e9\u30c6\u30a3\u30fc\/\u30de\u30bb\u30e9\u30c6\u30a3\u7dcf\u5408\u5831\u544a\u66f8-2022\u5e74\u6625\u7248\/\" \/>\n<meta property=\"og:site_name\" content=\"ItalPassion\" \/>\n<meta property=\"article:publisher\" content=\"https:\/\/www.facebook.com\/italpassion\" \/>\n<meta property=\"article:published_time\" content=\"2021-10-25T09:57:30+00:00\" \/>\n<meta property=\"article:modified_time\" content=\"2021-10-25T09:57:33+00:00\" \/>\n<meta property=\"og:image\" content=\"https:\/\/www.italpassion.fr\/wp-content\/uploads\/2021\/10\/maserati-grecale-printemps-2022.jpg\" \/>\n\t<meta property=\"og:image:width\" content=\"828\" \/>\n\t<meta property=\"og:image:height\" content=\"1004\" \/>\n\t<meta property=\"og:image:type\" content=\"image\/jpeg\" \/>\n<meta name=\"author\" content=\"Alexandre Filluzeau\" \/>\n<meta name=\"twitter:card\" content=\"summary_large_image\" \/>\n<meta name=\"twitter:creator\" content=\"@italpassion\" \/>\n<meta name=\"twitter:site\" content=\"@italpassion\" \/>\n<script type=\"application\/ld+json\" class=\"yoast-schema-graph\">{\"@context\":\"https:\/\/schema.org\",\"@graph\":[{\"@type\":\"NewsArticle\",\"@id\":\"https:\/\/www.italpassion.fr\/ja\/maserati\/le-maserati-grecale-reporte-au-printemps-2022\/#article\",\"isPartOf\":{\"@id\":\"https:\/\/www.italpassion.fr\/ja\/maserati\/le-maserati-grecale-reporte-au-printemps-2022\/\"},\"author\":{\"name\":\"Alexandre Filluzeau\",\"@id\":\"https:\/\/www.italpassion.fr\/ja\/#\/schema\/person\/36f747b2a759ca202d847e85a9434ca0\"},\"headline\":\"Le Maserati Grecale report\u00e9 au printemps 2022\",\"datePublished\":\"2021-10-25T09:57:30+00:00\",\"dateModified\":\"2021-10-25T09:57:33+00:00\",\"mainEntityOfPage\":{\"@id\":\"https:\/\/www.italpassion.fr\/ja\/maserati\/le-maserati-grecale-reporte-au-printemps-2022\/\"},\"wordCount\":235,\"commentCount\":0,\"publisher\":{\"@id\":\"https:\/\/www.italpassion.fr\/ja\/#organization\"},\"image\":{\"@id\":\"https:\/\/www.italpassion.fr\/ja\/maserati\/le-maserati-grecale-reporte-au-printemps-2022\/#primaryimage\"},\"thumbnailUrl\":\"https:\/\/www.italpassion.fr\/wp-content\/uploads\/2021\/10\/maserati-grecale-printemps-2022.jpg\",\"keywords\":[\"Maserati Grecale\"],\"articleSection\":[\"Maserati\"],\"inLanguage\":\"ja\",\"potentialAction\":[{\"@type\":\"CommentAction\",\"name\":\"Comment\",\"target\":[\"https:\/\/www.italpassion.fr\/ja\/maserati\/le-maserati-grecale-reporte-au-printemps-2022\/#respond\"]}]},{\"@type\":\"WebPage\",\"@id\":\"https:\/\/www.italpassion.fr\/ja\/maserati\/le-maserati-grecale-reporte-au-printemps-2022\/\",\"url\":\"https:\/\/www.italpassion.fr\/ja\/maserati\/le-maserati-grecale-reporte-au-printemps-2022\/\",\"name\":\"Le Maserati Grecale report\u00e9 au printemps 2022 - ItalPassion\",\"isPartOf\":{\"@id\":\"https:\/\/www.italpassion.fr\/ja\/#website\"},\"primaryImageOfPage\":{\"@id\":\"https:\/\/www.italpassion.fr\/ja\/maserati\/le-maserati-grecale-reporte-au-printemps-2022\/#primaryimage\"},\"image\":{\"@id\":\"https:\/\/www.italpassion.fr\/ja\/maserati\/le-maserati-grecale-reporte-au-printemps-2022\/#primaryimage\"},\"thumbnailUrl\":\"https:\/\/www.italpassion.fr\/wp-content\/uploads\/2021\/10\/maserati-grecale-printemps-2022.jpg\",\"datePublished\":\"2021-10-25T09:57:30+00:00\",\"dateModified\":\"2021-10-25T09:57:33+00:00\",\"description\":\"Le SUV italien Maserati Grecale ne sera pas pr\u00e9sent\u00e9 en novembre, comme\",\"breadcrumb\":{\"@id\":\"https:\/\/www.italpassion.fr\/ja\/maserati\/le-maserati-grecale-reporte-au-printemps-2022\/#breadcrumb\"},\"inLanguage\":\"ja\",\"potentialAction\":[{\"@type\":\"ReadAction\",\"target\":[\"https:\/\/www.italpassion.fr\/ja\/maserati\/le-maserati-grecale-reporte-au-printemps-2022\/\"]}]},{\"@type\":\"ImageObject\",\"inLanguage\":\"ja\",\"@id\":\"https:\/\/www.italpassion.fr\/ja\/maserati\/le-maserati-grecale-reporte-au-printemps-2022\/#primaryimage\",\"url\":\"https:\/\/www.italpassion.fr\/wp-content\/uploads\/2021\/10\/maserati-grecale-printemps-2022.jpg\",\"contentUrl\":\"https:\/\/www.italpassion.fr\/wp-content\/uploads\/2021\/10\/maserati-grecale-printemps-2022.jpg\",\"width\":828,\"height\":1004},{\"@type\":\"BreadcrumbList\",\"@id\":\"https:\/\/www.italpassion.fr\/ja\/maserati\/le-maserati-grecale-reporte-au-printemps-2022\/#breadcrumb\",\"itemListElement\":[{\"@type\":\"ListItem\",\"position\":1,\"name\":\"Accueil\",\"item\":\"https:\/\/www.italpassion.fr\/ja\/\"},{\"@type\":\"ListItem\",\"position\":2,\"name\":\"Le Maserati Grecale report\u00e9 au printemps 2022\"}]},{\"@type\":\"WebSite\",\"@id\":\"https:\/\/www.italpassion.fr\/ja\/#website\",\"url\":\"https:\/\/www.italpassion.fr\/ja\/\",\"name\":\"ItalPassion\",\"description\":\"Les Passionn\u00e9s d&#039;Automobiles Italiennes\",\"publisher\":{\"@id\":\"https:\/\/www.italpassion.fr\/ja\/#organization\"},\"potentialAction\":[{\"@type\":\"SearchAction\",\"target\":{\"@type\":\"EntryPoint\",\"urlTemplate\":\"https:\/\/www.italpassion.fr\/ja\/?s={search_term_string}\"},\"query-input\":{\"@type\":\"PropertyValueSpecification\",\"valueRequired\":true,\"valueName\":\"search_term_string\"}}],\"inLanguage\":\"ja\"},{\"@type\":\"Organization\",\"@id\":\"https:\/\/www.italpassion.fr\/ja\/#organization\",\"name\":\"Italpassion\",\"url\":\"https:\/\/www.italpassion.fr\/ja\/\",\"logo\":{\"@type\":\"ImageObject\",\"inLanguage\":\"ja\",\"@id\":\"https:\/\/www.italpassion.fr\/ja\/#\/schema\/logo\/image\/\",\"url\":\"https:\/\/www.italpassion.fr\/wp-content\/uploads\/2023\/07\/italpassion-yoast.jpg\",\"contentUrl\":\"https:\/\/www.italpassion.fr\/wp-content\/uploads\/2023\/07\/italpassion-yoast.jpg\",\"width\":696,\"height\":696,\"caption\":\"Italpassion\"},\"image\":{\"@id\":\"https:\/\/www.italpassion.fr\/ja\/#\/schema\/logo\/image\/\"},\"sameAs\":[\"https:\/\/www.facebook.com\/italpassion\",\"https:\/\/x.com\/italpassion\",\"https:\/\/www.instagram.com\/italpassionfr\/\",\"https:\/\/www.youtube.com\/channel\/UCleq-ByQaA42OjhopwevRjQ\",\"https:\/\/www.facebook.com\/italpassion.en\/\",\"https:\/\/www.facebook.com\/italpassion.it\/\",\"https:\/\/www.facebook.com\/italpassion.de\/\",\"https:\/\/www.facebook.com\/italpassion.ja\/\"]},{\"@type\":\"Person\",\"@id\":\"https:\/\/www.italpassion.fr\/ja\/#\/schema\/person\/36f747b2a759ca202d847e85a9434ca0\",\"name\":\"Alexandre Filluzeau\",\"image\":{\"@type\":\"ImageObject\",\"inLanguage\":\"ja\",\"@id\":\"https:\/\/www.italpassion.fr\/ja\/#\/schema\/person\/image\/\",\"url\":\"https:\/\/www.italpassion.fr\/wp-content\/uploads\/2025\/04\/avatar-alexandre-160x160.jpg\",\"contentUrl\":\"https:\/\/www.italpassion.fr\/wp-content\/uploads\/2025\/04\/avatar-alexandre-160x160.jpg\",\"caption\":\"Alexandre Filluzeau\"},\"description\":\"Fondateur du site ItalPassion, passionn\u00e9 de voitures italiennes et de l'Italie en g\u00e9n\u00e9ral. J'apporte un regard critique et technique aux actualit\u00e9s des marques italiennes quand cela est possible. Propri\u00e9taire d'une Maserati GranTurismo, Alfa Romeo MiTo, Lancia Fulvia et Ducati 695. Ex-propri\u00e9taire d'une Alfa Romeo Giulia.\",\"sameAs\":[\"https:\/\/www.italpassion.fr\/\"],\"url\":\"https:\/\/www.italpassion.fr\/ja\/author\/alexandre\/\"}]}<\/script>\n<!-- \/ Yoast SEO plugin. -->","yoast_head_json":{"title":"\u30de\u30bb\u30e9\u30c6\u30a3\u30fb\u30b0\u30ec\u30ab\u30fc\u30ec\u30012022\u5e74\u6625\u306b\u5ef6\u671f - ItalPassion","description":"\u30a4\u30bf\u30ea\u30a2\u306e\u30de\u30bb\u30e9\u30c6\u30a3\u306eSUV\u300c\u30b0\u30ec\u30ab\u30fc\u30ec\u300d\u306f\u300111\u6708\u306b\u767a\u8868\u3055\u308c\u308b\u3053\u3068\u306f\u3042\u308a\u307e\u305b\u3093\u3002","robots":{"index":"index","follow":"follow","max-snippet":"max-snippet:-1","max-image-preview":"max-image-preview:large","max-video-preview":"max-video-preview:-1"},"canonical":"https:\/\/www.italpassion.fr\/ja\/\u30de\u30b5\u30e9\u30c6\u30a3\u30fc\/\u30de\u30bb\u30e9\u30c6\u30a3\u7dcf\u5408\u5831\u544a\u66f8-2022\u5e74\u6625\u7248\/","og_locale":"ja_JP","og_type":"article","og_title":"Le Maserati Grecale report\u00e9 au printemps 2022 - ItalPassion","og_description":"Le SUV italien Maserati Grecale ne sera pas pr\u00e9sent\u00e9 en novembre, comme","og_url":"https:\/\/www.italpassion.fr\/ja\/\u30de\u30b5\u30e9\u30c6\u30a3\u30fc\/\u30de\u30bb\u30e9\u30c6\u30a3\u7dcf\u5408\u5831\u544a\u66f8-2022\u5e74\u6625\u7248\/","og_site_name":"ItalPassion","article_publisher":"https:\/\/www.facebook.com\/italpassion","article_published_time":"2021-10-25T09:57:30+00:00","article_modified_time":"2021-10-25T09:57:33+00:00","og_image":[{"width":828,"height":1004,"url":"https:\/\/www.italpassion.fr\/wp-content\/uploads\/2021\/10\/maserati-grecale-printemps-2022.jpg","type":"image\/jpeg"}],"author":"Alexandre Filluzeau","twitter_card":"summary_large_image","twitter_creator":"@italpassion","twitter_site":"@italpassion","schema":{"@context":"https:\/\/schema.org","@graph":[{"@type":"NewsArticle","@id":"https:\/\/www.italpassion.fr\/ja\/maserati\/le-maserati-grecale-reporte-au-printemps-2022\/#article","isPartOf":{"@id":"https:\/\/www.italpassion.fr\/ja\/maserati\/le-maserati-grecale-reporte-au-printemps-2022\/"},"author":{"name":"Alexandre Filluzeau","@id":"https:\/\/www.italpassion.fr\/ja\/#\/schema\/person\/36f747b2a759ca202d847e85a9434ca0"},"headline":"Le Maserati Grecale report\u00e9 au printemps 2022","datePublished":"2021-10-25T09:57:30+00:00","dateModified":"2021-10-25T09:57:33+00:00","mainEntityOfPage":{"@id":"https:\/\/www.italpassion.fr\/ja\/maserati\/le-maserati-grecale-reporte-au-printemps-2022\/"},"wordCount":235,"commentCount":0,"publisher":{"@id":"https:\/\/www.italpassion.fr\/ja\/#organization"},"image":{"@id":"https:\/\/www.italpassion.fr\/ja\/maserati\/le-maserati-grecale-reporte-au-printemps-2022\/#primaryimage"},"thumbnailUrl":"https:\/\/www.italpassion.fr\/wp-content\/uploads\/2021\/10\/maserati-grecale-printemps-2022.jpg","keywords":["Maserati Grecale"],"articleSection":["Maserati"],"inLanguage":"ja","potentialAction":[{"@type":"CommentAction","name":"Comment","target":["https:\/\/www.italpassion.fr\/ja\/maserati\/le-maserati-grecale-reporte-au-printemps-2022\/#respond"]}]},{"@type":"WebPage","@id":"https:\/\/www.italpassion.fr\/ja\/maserati\/le-maserati-grecale-reporte-au-printemps-2022\/","url":"https:\/\/www.italpassion.fr\/ja\/maserati\/le-maserati-grecale-reporte-au-printemps-2022\/","name":"\u30de\u30bb\u30e9\u30c6\u30a3\u30fb\u30b0\u30ec\u30ab\u30fc\u30ec\u30012022\u5e74\u6625\u306b\u5ef6\u671f - ItalPassion","isPartOf":{"@id":"https:\/\/www.italpassion.fr\/ja\/#website"},"primaryImageOfPage":{"@id":"https:\/\/www.italpassion.fr\/ja\/maserati\/le-maserati-grecale-reporte-au-printemps-2022\/#primaryimage"},"image":{"@id":"https:\/\/www.italpassion.fr\/ja\/maserati\/le-maserati-grecale-reporte-au-printemps-2022\/#primaryimage"},"thumbnailUrl":"https:\/\/www.italpassion.fr\/wp-content\/uploads\/2021\/10\/maserati-grecale-printemps-2022.jpg","datePublished":"2021-10-25T09:57:30+00:00","dateModified":"2021-10-25T09:57:33+00:00","description":"\u30a4\u30bf\u30ea\u30a2\u306e\u30de\u30bb\u30e9\u30c6\u30a3\u306eSUV\u300c\u30b0\u30ec\u30ab\u30fc\u30ec\u300d\u306f\u300111\u6708\u306b\u767a\u8868\u3055\u308c\u308b\u3053\u3068\u306f\u3042\u308a\u307e\u305b\u3093\u3002","breadcrumb":{"@id":"https:\/\/www.italpassion.fr\/ja\/maserati\/le-maserati-grecale-reporte-au-printemps-2022\/#breadcrumb"},"inLanguage":"ja","potentialAction":[{"@type":"ReadAction","target":["https:\/\/www.italpassion.fr\/ja\/maserati\/le-maserati-grecale-reporte-au-printemps-2022\/"]}]},{"@type":"ImageObject","inLanguage":"ja","@id":"https:\/\/www.italpassion.fr\/ja\/maserati\/le-maserati-grecale-reporte-au-printemps-2022\/#primaryimage","url":"https:\/\/www.italpassion.fr\/wp-content\/uploads\/2021\/10\/maserati-grecale-printemps-2022.jpg","contentUrl":"https:\/\/www.italpassion.fr\/wp-content\/uploads\/2021\/10\/maserati-grecale-printemps-2022.jpg","width":828,"height":1004},{"@type":"BreadcrumbList","@id":"https:\/\/www.italpassion.fr\/ja\/maserati\/le-maserati-grecale-reporte-au-printemps-2022\/#breadcrumb","itemListElement":[{"@type":"ListItem","position":1,"name":"Accueil","item":"https:\/\/www.italpassion.fr\/ja\/"},{"@type":"ListItem","position":2,"name":"Le Maserati Grecale report\u00e9 au printemps 2022"}]},{"@type":"WebSite","@id":"https:\/\/www.italpassion.fr\/ja\/#website","url":"https:\/\/www.italpassion.fr\/ja\/","name":"\u30a4\u30bf\u30eb\u30d1\u30c3\u30b7\u30e7\u30f3","description":"\u30a4\u30bf\u30ea\u30a2\u8eca\u611b\u597d\u5bb6","publisher":{"@id":"https:\/\/www.italpassion.fr\/ja\/#organization"},"potentialAction":[{"@type":"SearchAction","target":{"@type":"EntryPoint","urlTemplate":"https:\/\/www.italpassion.fr\/ja\/?s={search_term_string}"},"query-input":{"@type":"PropertyValueSpecification","valueRequired":true,"valueName":"search_term_string"}}],"inLanguage":"ja"},{"@type":"Organization","@id":"https:\/\/www.italpassion.fr\/ja\/#organization","name":"\u30a4\u30bf\u30eb\u30d1\u30c3\u30b7\u30e7\u30f3","url":"https:\/\/www.italpassion.fr\/ja\/","logo":{"@type":"ImageObject","inLanguage":"ja","@id":"https:\/\/www.italpassion.fr\/ja\/#\/schema\/logo\/image\/","url":"https:\/\/www.italpassion.fr\/wp-content\/uploads\/2023\/07\/italpassion-yoast.jpg","contentUrl":"https:\/\/www.italpassion.fr\/wp-content\/uploads\/2023\/07\/italpassion-yoast.jpg","width":696,"height":696,"caption":"Italpassion"},"image":{"@id":"https:\/\/www.italpassion.fr\/ja\/#\/schema\/logo\/image\/"},"sameAs":["https:\/\/www.facebook.com\/italpassion","https:\/\/x.com\/italpassion","https:\/\/www.instagram.com\/italpassionfr\/","https:\/\/www.youtube.com\/channel\/UCleq-ByQaA42OjhopwevRjQ","https:\/\/www.facebook.com\/italpassion.en\/","https:\/\/www.facebook.com\/italpassion.it\/","https:\/\/www.facebook.com\/italpassion.de\/","https:\/\/www.facebook.com\/italpassion.ja\/"]},{"@type":"Person","@id":"https:\/\/www.italpassion.fr\/ja\/#\/schema\/person\/36f747b2a759ca202d847e85a9434ca0","name":"\u30a2\u30ec\u30af\u30b5\u30f3\u30c9\u30eb\u30fb\u30d5\u30a3\u30eb\u30be\u30fc","image":{"@type":"ImageObject","inLanguage":"ja","@id":"https:\/\/www.italpassion.fr\/ja\/#\/schema\/person\/image\/","url":"https:\/\/www.italpassion.fr\/wp-content\/uploads\/2025\/04\/avatar-alexandre-160x160.jpg","contentUrl":"https:\/\/www.italpassion.fr\/wp-content\/uploads\/2025\/04\/avatar-alexandre-160x160.jpg","caption":"Alexandre Filluzeau"},"description":"\u30a4\u30bf\u30ea\u30a2\u8eca\u3068\u30a4\u30bf\u30ea\u30a2\u5168\u822c\u3092\u3053\u3088\u306a\u304f\u611b\u3059\u308b\u30a6\u30a7\u30d6\u30b5\u30a4\u30c8ItalPassion\u306e\u5275\u8a2d\u8005\u3002\u30a4\u30bf\u30ea\u30a2\u30f3\u30d6\u30e9\u30f3\u30c9\u306e\u30cb\u30e5\u30fc\u30b9\u306b\u306f\u3001\u53ef\u80fd\u306a\u9650\u308a\u6279\u8a55\u7684\u30fb\u6280\u8853\u7684\u306a\u76ee\u3092\u5411\u3051\u3066\u3044\u307e\u3059\u3002Maserati GranTurismo\u3001Alfa Romeo MiTo\u3001Lancia Fulvia\u3001Ducati 695\u306e\u6240\u6709\u8005\u3002\u30a2\u30eb\u30d5\u30a1\u30ed\u30e1\u30aa\u30fb\u30b8\u30e5\u30ea\u30a2\u306e\u5143\u30aa\u30fc\u30ca\u30fc\u3002","sameAs":["https:\/\/www.italpassion.fr\/"],"url":"https:\/\/www.italpassion.fr\/ja\/author\/alexandre\/"}]}},"_links":{"self":[{"href":"https:\/\/www.italpassion.fr\/ja\/wp-json\/wp\/v2\/posts\/29687","targetHints":{"allow":["GET"]}}],"collection":[{"href":"https:\/\/www.italpassion.fr\/ja\/wp-json\/wp\/v2\/posts"}],"about":[{"href":"https:\/\/www.italpassion.fr\/ja\/wp-json\/wp\/v2\/types\/post"}],"author":[{"embeddable":true,"href":"https:\/\/www.italpassion.fr\/ja\/wp-json\/wp\/v2\/users\/1"}],"replies":[{"embeddable":true,"href":"https:\/\/www.italpassion.fr\/ja\/wp-json\/wp\/v2\/comments?post=29687"}],"version-history":[{"count":1,"href":"https:\/\/www.italpassion.fr\/ja\/wp-json\/wp\/v2\/posts\/29687\/revisions"}],"predecessor-version":[{"id":29689,"href":"https:\/\/www.italpassion.fr\/ja\/wp-json\/wp\/v2\/posts\/29687\/revisions\/29689"}],"wp:featuredmedia":[{"embeddable":true,"href":"https:\/\/www.italpassion.fr\/ja\/wp-json\/wp\/v2\/media\/29688"}],"wp:attachment":[{"href":"https:\/\/www.italpassion.fr\/ja\/wp-json\/wp\/v2\/media?parent=29687"}],"wp:term":[{"taxonomy":"category","embeddable":true,"href":"https:\/\/www.italpassion.fr\/ja\/wp-json\/wp\/v2\/categories?post=29687"},{"taxonomy":"post_tag","embeddable":true,"href":"https:\/\/www.italpassion.fr\/ja\/wp-json\/wp\/v2\/tags?post=29687"}],"curies":[{"name":"wp","href":"https:\/\/api.w.org\/{rel}","templated":true}]}}