{"id":29527,"date":"2021-08-04T09:10:05","date_gmt":"2021-08-04T07:10:05","guid":{"rendered":"https:\/\/www.italpassion.fr\/?p=29527"},"modified":"2022-08-18T20:22:37","modified_gmt":"2022-08-18T18:22:37","slug":"alfa-romeo-une-gamme-100-electrique-en-2027","status":"publish","type":"post","link":"https:\/\/www.italpassion.fr\/ja\/alfa-romeo\/alfa-romeo-une-gamme-100-electrique-en-2027\/","title":{"rendered":"\u30a2\u30eb\u30d5\u30a1\u30ed\u30e1\u30aa\uff1a2027\u5e74\u306b%\u306e\u96fb\u6c17\u30ec\u30f3\u30b8100\u53f0\u3092\u5b9f\u73fe"},"content":{"rendered":"<p>\u4e88\u60f3\u901a\u308a\u3067\u3057\u305f\u306d\uff5e\u3002\u6b27\u5dde\u3067\u306f2035\u5e74\u306b\u5185\u71c3\u6a5f\u95a2\u81ea\u52d5\u8eca\u306e\u8ca9\u58f2\u3092\u7981\u6b62\u3059\u308b\u3068\u767a\u8868\u3057\u3066\u304a\u308a\u3001\u30d5\u30a9\u30eb\u30af\u30b9\u30ef\u30fc\u30b2\u30f3\u3001\u30e1\u30eb\u30bb\u30c7\u30b9\u3001\u30b8\u30e3\u30ac\u30fc\u3001BMW\u3001\u30db\u30f3\u30c0\u3001\u30d5\u30a3\u30a2\u30c3\u30c8\u306a\u3069\u3001\u5404\u30e1\u30fc\u30ab\u30fc\u306f100 % electric\u306b\u3059\u308b\u3068\u767a\u8868\u3057\u3066\u3044\u308b\u3002  <\/p>\n\n\n\n<p>\u3053\u306e\u3088\u3046\u306b\u3001\u3053\u306e\u30d6\u30e9\u30f3\u30c9\u306f <a href=\"https:\/\/www.italpassion.fr\/ja\/%e3%82%a2%e3%83%ab%e3%83%95%e3%82%a1%e3%83%ad%e3%83%a1%e3%82%aa\/\">\u30a2\u30eb\u30d5\u30a1\u30ed\u30e1\u30aa<\/a> \u3092\u73fe\u5b9f\u7684\u306b\u8ffd\u53ca\u3057\u3066\u3044\u307e\u3059\u3002 <strong>\u30a2\u30eb\u30d5\u30a1\u30ed\u30e1\u30aa\u30012027\u5e74\u306b%\u306e\u96fb\u52d5\u30ec\u30f3\u30b8\u3092100\u53f0\u63d0\u4f9b\u3078<\/strong>.<\/p>\n\n\n\n<figure class=\"wp-block-image size-full\"><img loading=\"lazy\" decoding=\"async\" width=\"935\" height=\"493\" src=\"https:\/\/www.italpassion.fr\/wp-content\/uploads\/2021\/08\/alfa-romeo-BEV-2027.jpg\" alt=\"\" class=\"wp-image-29528\" srcset=\"https:\/\/www.italpassion.fr\/wp-content\/uploads\/2021\/08\/alfa-romeo-BEV-2027.jpg 935w, https:\/\/www.italpassion.fr\/wp-content\/uploads\/2021\/08\/alfa-romeo-BEV-2027-300x158.jpg 300w, https:\/\/www.italpassion.fr\/wp-content\/uploads\/2021\/08\/alfa-romeo-BEV-2027-768x405.jpg 768w, https:\/\/www.italpassion.fr\/wp-content\/uploads\/2021\/08\/alfa-romeo-BEV-2027-561x296.jpg 561w, https:\/\/www.italpassion.fr\/wp-content\/uploads\/2021\/08\/alfa-romeo-BEV-2027-265x140.jpg 265w, https:\/\/www.italpassion.fr\/wp-content\/uploads\/2021\/08\/alfa-romeo-BEV-2027-531x280.jpg 531w, https:\/\/www.italpassion.fr\/wp-content\/uploads\/2021\/08\/alfa-romeo-BEV-2027-364x192.jpg 364w, https:\/\/www.italpassion.fr\/wp-content\/uploads\/2021\/08\/alfa-romeo-BEV-2027-728x384.jpg 728w, https:\/\/www.italpassion.fr\/wp-content\/uploads\/2021\/08\/alfa-romeo-BEV-2027-608x321.jpg 608w, https:\/\/www.italpassion.fr\/wp-content\/uploads\/2021\/08\/alfa-romeo-BEV-2027-758x400.jpg 758w, https:\/\/www.italpassion.fr\/wp-content\/uploads\/2021\/08\/alfa-romeo-BEV-2027-600x316.jpg 600w\" sizes=\"auto, (max-width: 935px) 100vw, 935px\" \/><\/figure>\n\n\n\n<p>\u306e\u8a18\u4e8b\u3092\u66f4\u65b0\u3059\u308b\u4e88\u5b9a\u3067\u3059\u3002 <a href=\"https:\/\/www.italpassion.fr\/ja\/%e3%82%a2%e3%83%ab%e3%83%95%e3%82%a1%e3%83%ad%e3%83%a1%e3%82%aa\/%e3%82%a2%e3%83%ab%e3%83%95%e3%82%a1%e3%83%ad%e3%83%a1%e3%82%aa%e3%83%bb%e3%83%af%e3%83%83%e3%83%88%e3%83%ac%e3%83%b3%e3%82%b8%e3%83%bb%e3%83%95%e3%82%a9%e3%83%bc%e3%83%bb%e3%83%8d%e3%82%af%e3%82%b9\/\">\u5c06\u6765\u306e\u30a2\u30eb\u30d5\u30a1\u30ed\u30e1\u30aa\u30b7\u30ea\u30fc\u30ba<\/a> \u6570\u65e5\u5f8c\u3067\u3059\u304c\u3001\u4eca\u56de\u306e\u3088\u3046\u306a\u767a\u8868\u304c\u3042\u308b\u3068<strong> \u672a\u6765\u306e\u30ec\u30f3\u30b8\u3092\u4f5c\u308b\u306e\u306f\u5272\u3068\u7c21\u5358<\/strong>. <\/p>\n\n\n\n<p>\u3053\u3053\u6570\u30f6\u6708\u306e\u69d8\u3005\u306a\u767a\u8868\u3001\u30b9\u30c6\u30e9\u30f3\u30c6\u30a3\u30b9\u9280\u6cb3\u306e\u59c9\u59b9\u30d6\u30e9\u30f3\u30c9\u3068\u306a\u3063\u305fDS\u30b7\u30ea\u30fc\u30ba\u3001\u305d\u3057\u3066\u4eca\u5f8c\u306e\u96fb\u52d5\u5316\u30e2\u30c7\u30eb\u306fBEV\u3068PHEV\u306e\u307f\uff08\u3055\u3088\u306a\u3089MHEV\uff09\u30012023\u5e74\u306e\u524d\u534a\u306b\u306f\u30a2\u30eb\u30d5\u30a1\u30ed\u30e1\u30aa\u306e\u65b0\u30e2\u30c7\u30eb\u3068\u3057\u3066\u30c8\u30ca\u30fc\u30ec\u306e\u307f\u3068\u767a\u8868\u3057\u305f\u4ee5\u4e0b\u306e\u8868\u3092\u898b\u308c\u3070\u308f\u304b\u308b\u3060\u308d\u3046\u3002<\/p>\n\n\n\n<figure class=\"wp-block-image size-full\"><img loading=\"lazy\" decoding=\"async\" width=\"941\" height=\"101\" src=\"https:\/\/www.italpassion.fr\/wp-content\/uploads\/2021\/08\/alfa-romeo-2021-2023.jpg\" alt=\"\" class=\"wp-image-29529\" srcset=\"https:\/\/www.italpassion.fr\/wp-content\/uploads\/2021\/08\/alfa-romeo-2021-2023.jpg 941w, https:\/\/www.italpassion.fr\/wp-content\/uploads\/2021\/08\/alfa-romeo-2021-2023-300x32.jpg 300w, https:\/\/www.italpassion.fr\/wp-content\/uploads\/2021\/08\/alfa-romeo-2021-2023-768x82.jpg 768w, https:\/\/www.italpassion.fr\/wp-content\/uploads\/2021\/08\/alfa-romeo-2021-2023-561x60.jpg 561w, https:\/\/www.italpassion.fr\/wp-content\/uploads\/2021\/08\/alfa-romeo-2021-2023-265x28.jpg 265w, https:\/\/www.italpassion.fr\/wp-content\/uploads\/2021\/08\/alfa-romeo-2021-2023-531x57.jpg 531w, https:\/\/www.italpassion.fr\/wp-content\/uploads\/2021\/08\/alfa-romeo-2021-2023-364x39.jpg 364w, https:\/\/www.italpassion.fr\/wp-content\/uploads\/2021\/08\/alfa-romeo-2021-2023-728x78.jpg 728w, https:\/\/www.italpassion.fr\/wp-content\/uploads\/2021\/08\/alfa-romeo-2021-2023-608x65.jpg 608w, https:\/\/www.italpassion.fr\/wp-content\/uploads\/2021\/08\/alfa-romeo-2021-2023-758x81.jpg 758w, https:\/\/www.italpassion.fr\/wp-content\/uploads\/2021\/08\/alfa-romeo-2021-2023-600x64.jpg 600w\" sizes=\"auto, (max-width: 941px) 100vw, 941px\" \/><\/figure>\n\n\n\n<p>\u79c1\u305f\u3061\u306e\u610f\u898b\u3067\u306f\u30015\u5e74\u9593\u306e\u88fd\u54c1\u8a08\u753b\u3092\u767a\u8868\u3059\u308b\u4e88\u5b9a\u306e\u30b8\u30e3\u30f3-\u30d5\u30a3\u30ea\u30c3\u30d7\u30fb\u30a4\u30f3\u30d1\u30e9\u30fc\u30c8\u304c\u6e96\u5099\u3057\u3066\u3044\u308b\u306e\u306f\u3001\u3053\u306e\u30ec\u30f3\u30b8\u3060\u3068\u601d\u3044\u307e\u3059 <strong>\u30a2\u30eb\u30d5\u30a1\u30ed\u30e1\u30aa 2027<\/strong> :<\/p>\n\n\n\n<ul class=\"wp-block-list\"><li>100 % \u96fb\u6c17\u81ea\u52d5\u8eca\uff08\u65b0\u578bMiTo\u306e\u59c9\u59b9\u8ecae208\u30012025\u5e74\u307e\u305f\u306f2026\u5e74\uff5e\uff09\u3002<\/li><li>B-SUV 100 % \u96fb\u52d5\u5f0f\uff08\u30d6\u30ec\u30cd\u30ed 2023\u5e74\u5f8c\u534a\/2024\u5e74\u524d\u534a\uff09<\/li><li>C-SUV 100 % \u96fb\u6c17\u81ea\u52d5\u8eca\uff082022\u5e74\u306b\u30c8\u30ca\u30fc\u30ecPHEV\u5148\u884c\u3001\u305d\u306e\u5f8c\u30aa\u30fc\u30eb\u96fb\u5316\uff09<\/li><li>D-SUV 100 % electric (2025\u5e74Stelvio)<\/li><li>100 % \u96fb\u52d5\u30b5\u30eb\u30fc\u30f3\uff08\u30b8\u30e5\u30ea\u30a2e 2026\u5e74\u88fd\uff09<\/li><li>E-SUV 100 % \u96fb\u6c17\u81ea\u52d5\u8eca\uff08DS7\u30af\u30ed\u30b9\u30d0\u30c3\u30af\u59c9\u59b9\u30012027\u5e74\uff5e\uff09\u3002<\/li><li>\u5927\u578b100\u578b%\u96fb\u52d5\u30b5\u30eb\u30fc\u30f3\uff08DS9\u306e\u59c9\u59b9\u6a5f\u30012025\u5e74\u307e\u305f\u306f2026\u5e74\u304b\u3089\uff09<\/li><\/ul>\n\n\n\n<p>\u30d7\u30ec\u30df\u30a2\u30e0\uff0f\u30b9\u30dd\u30fc\u30c6\u30a3\u30d6\u30e9\u30f3\u30c9\u306eDNA\u3067\u3042\u308b\u300c\u8d70\u308b\u697d\u3057\u3055\u300d\u3092\u3001\u3044\u304b\u306b\u30aa\u30fc\u30eb\u96fb\u5316\u3067\u7dad\u6301\u3059\u308b\u304b\u3068\u3044\u3046\u3053\u3068\u3067\u3059\u3002 <\/p>\n\n\n\n<p>\u4eca\u5f8c\u6570\u5e74\u9593\u306f\u3001\u3059\u3079\u3066\u306e\u30e1\u30fc\u30ab\u30fc\u304c\u822a\u7d9a\u8ddd\u96e2\u3001\u96fb\u529b\u3001\u5145\u96fb\u6642\u9593\u306e\u6700\u9069\u306a\u7d44\u307f\u5408\u308f\u305b\u3092\u63d0\u4f9b\u3059\u308b\u305f\u3081\u306b\u7af6\u4e89\u3092\u7e70\u308a\u5e83\u3052\u308b\u3053\u3068\u306b\u306a\u308b\u3067\u3057\u3087\u3046\u3002<\/p>\n\n\n\n<p>\u6700\u5f8c\u306b\u3001\u30b9\u30c6\u30e9\u30f3\u30c6\u30a3\u30b9\u306f2026\u5e74\u306b\u96fb\u6c17\u81ea\u52d5\u8eca\u3092\u71b1\u81ea\u52d5\u8eca\u3068\u540c\u3058\u4fa1\u683c\u3067\u63d0\u4f9b\u3059\u308b\u5fc5\u8981\u304c\u3042\u308b\u3068\u767a\u8868\u3057\u3066\u3044\u305f\u3053\u3068\u306b\u6ce8\u76ee\u3057\u305f\u3044\u3002\u305d\u306e\u305f\u3081\u30012025\u5e74\/2026\u5e74\u304b\u3089\u30a2\u30eb\u30d5\u30a1\u30ed\u30e1\u30aa100 %\u306e\u96fb\u6c17\u81ea\u52d5\u8eca\u304c\u5927\u534a\u3092\u5360\u3081\u308b\u3053\u3068\u306b\u306a\u308b\u306f\u305a\u3067\u3059\u3002<\/p>","protected":false},"excerpt":{"rendered":"","protected":false},"author":1,"featured_media":29528,"comment_status":"open","ping_status":"open","sticky":false,"template":"","format":"standard","meta":{"_acf_changed":false,"_sitemap_exclude":false,"_sitemap_priority":"","_sitemap_frequency":"","footnotes":""},"categories":[22],"tags":[],"class_list":["post-29527","post","type-post","status-publish","format-standard","has-post-thumbnail","hentry","category-alfa-romeo","generate-columns","tablet-grid-50","mobile-grid-100","grid-parent","grid-33"],"acf":[],"yoast_head":"<!-- This site is optimized with the Yoast SEO plugin v25.8 - https:\/\/yoast.com\/wordpress\/plugins\/seo\/ -->\n<title>Alfa Romeo : une gamme 100 % \u00e9lectrique en 2027 - ItalPassion<\/title>\n<meta name=\"description\" content=\"Il fallait s&#039;y attendre ! Avec l&#039;Europe qui a annonc\u00e9 l&#039;interdiction de la\" \/>\n<meta name=\"robots\" content=\"index, follow, max-snippet:-1, max-image-preview:large, max-video-preview:-1\" \/>\n<link rel=\"canonical\" href=\"https:\/\/www.italpassion.fr\/ja\/\u30a2\u30eb\u30d5\u30a1\u30ed\u30e1\u30aa\/alfa-romeo-une-gamme-100-electrique-en-2027\/\" \/>\n<meta property=\"og:locale\" content=\"ja_JP\" \/>\n<meta property=\"og:type\" content=\"article\" \/>\n<meta property=\"og:title\" content=\"Alfa Romeo : une gamme 100 % \u00e9lectrique en 2027 - ItalPassion\" \/>\n<meta property=\"og:description\" content=\"Il fallait s&#039;y attendre ! Avec l&#039;Europe qui a annonc\u00e9 l&#039;interdiction de la\" \/>\n<meta property=\"og:url\" content=\"https:\/\/www.italpassion.fr\/ja\/\u30a2\u30eb\u30d5\u30a1\u30ed\u30e1\u30aa\/alfa-romeo-une-gamme-100-electrique-en-2027\/\" \/>\n<meta property=\"og:site_name\" content=\"ItalPassion\" \/>\n<meta property=\"article:publisher\" content=\"https:\/\/www.facebook.com\/italpassion\" \/>\n<meta property=\"article:published_time\" content=\"2021-08-04T07:10:05+00:00\" \/>\n<meta property=\"article:modified_time\" content=\"2022-08-18T18:22:37+00:00\" \/>\n<meta property=\"og:image\" content=\"https:\/\/www.italpassion.fr\/wp-content\/uploads\/2021\/08\/alfa-romeo-BEV-2027.jpg\" \/>\n\t<meta property=\"og:image:width\" content=\"935\" \/>\n\t<meta property=\"og:image:height\" content=\"493\" \/>\n\t<meta property=\"og:image:type\" content=\"image\/jpeg\" \/>\n<meta name=\"author\" content=\"Alexandre Filluzeau\" \/>\n<meta name=\"twitter:card\" content=\"summary_large_image\" \/>\n<meta name=\"twitter:creator\" content=\"@italpassion\" \/>\n<meta name=\"twitter:site\" content=\"@italpassion\" \/>\n<script type=\"application\/ld+json\" class=\"yoast-schema-graph\">{\"@context\":\"https:\/\/schema.org\",\"@graph\":[{\"@type\":\"NewsArticle\",\"@id\":\"https:\/\/www.italpassion.fr\/ja\/alfa-romeo\/alfa-romeo-une-gamme-100-electrique-en-2027\/#article\",\"isPartOf\":{\"@id\":\"https:\/\/www.italpassion.fr\/ja\/alfa-romeo\/alfa-romeo-une-gamme-100-electrique-en-2027\/\"},\"author\":{\"name\":\"Alexandre Filluzeau\",\"@id\":\"https:\/\/www.italpassion.fr\/ja\/#\/schema\/person\/36f747b2a759ca202d847e85a9434ca0\"},\"headline\":\"Alfa Romeo : une gamme 100 % \u00e9lectrique en 2027\",\"datePublished\":\"2021-08-04T07:10:05+00:00\",\"dateModified\":\"2022-08-18T18:22:37+00:00\",\"mainEntityOfPage\":{\"@id\":\"https:\/\/www.italpassion.fr\/ja\/alfa-romeo\/alfa-romeo-une-gamme-100-electrique-en-2027\/\"},\"wordCount\":322,\"commentCount\":2,\"publisher\":{\"@id\":\"https:\/\/www.italpassion.fr\/ja\/#organization\"},\"image\":{\"@id\":\"https:\/\/www.italpassion.fr\/ja\/alfa-romeo\/alfa-romeo-une-gamme-100-electrique-en-2027\/#primaryimage\"},\"thumbnailUrl\":\"https:\/\/www.italpassion.fr\/wp-content\/uploads\/2021\/08\/alfa-romeo-BEV-2027.jpg\",\"articleSection\":[\"Alfa Romeo\"],\"inLanguage\":\"ja\",\"potentialAction\":[{\"@type\":\"CommentAction\",\"name\":\"Comment\",\"target\":[\"https:\/\/www.italpassion.fr\/ja\/alfa-romeo\/alfa-romeo-une-gamme-100-electrique-en-2027\/#respond\"]}]},{\"@type\":\"WebPage\",\"@id\":\"https:\/\/www.italpassion.fr\/ja\/alfa-romeo\/alfa-romeo-une-gamme-100-electrique-en-2027\/\",\"url\":\"https:\/\/www.italpassion.fr\/ja\/alfa-romeo\/alfa-romeo-une-gamme-100-electrique-en-2027\/\",\"name\":\"Alfa Romeo : une gamme 100 % \u00e9lectrique en 2027 - ItalPassion\",\"isPartOf\":{\"@id\":\"https:\/\/www.italpassion.fr\/ja\/#website\"},\"primaryImageOfPage\":{\"@id\":\"https:\/\/www.italpassion.fr\/ja\/alfa-romeo\/alfa-romeo-une-gamme-100-electrique-en-2027\/#primaryimage\"},\"image\":{\"@id\":\"https:\/\/www.italpassion.fr\/ja\/alfa-romeo\/alfa-romeo-une-gamme-100-electrique-en-2027\/#primaryimage\"},\"thumbnailUrl\":\"https:\/\/www.italpassion.fr\/wp-content\/uploads\/2021\/08\/alfa-romeo-BEV-2027.jpg\",\"datePublished\":\"2021-08-04T07:10:05+00:00\",\"dateModified\":\"2022-08-18T18:22:37+00:00\",\"description\":\"Il fallait s'y attendre ! Avec l'Europe qui a annonc\u00e9 l'interdiction de la\",\"breadcrumb\":{\"@id\":\"https:\/\/www.italpassion.fr\/ja\/alfa-romeo\/alfa-romeo-une-gamme-100-electrique-en-2027\/#breadcrumb\"},\"inLanguage\":\"ja\",\"potentialAction\":[{\"@type\":\"ReadAction\",\"target\":[\"https:\/\/www.italpassion.fr\/ja\/alfa-romeo\/alfa-romeo-une-gamme-100-electrique-en-2027\/\"]}]},{\"@type\":\"ImageObject\",\"inLanguage\":\"ja\",\"@id\":\"https:\/\/www.italpassion.fr\/ja\/alfa-romeo\/alfa-romeo-une-gamme-100-electrique-en-2027\/#primaryimage\",\"url\":\"https:\/\/www.italpassion.fr\/wp-content\/uploads\/2021\/08\/alfa-romeo-BEV-2027.jpg\",\"contentUrl\":\"https:\/\/www.italpassion.fr\/wp-content\/uploads\/2021\/08\/alfa-romeo-BEV-2027.jpg\",\"width\":935,\"height\":493},{\"@type\":\"BreadcrumbList\",\"@id\":\"https:\/\/www.italpassion.fr\/ja\/alfa-romeo\/alfa-romeo-une-gamme-100-electrique-en-2027\/#breadcrumb\",\"itemListElement\":[{\"@type\":\"ListItem\",\"position\":1,\"name\":\"Accueil\",\"item\":\"https:\/\/www.italpassion.fr\/ja\/\"},{\"@type\":\"ListItem\",\"position\":2,\"name\":\"Alfa Romeo : une gamme 100 % \u00e9lectrique en 2027\"}]},{\"@type\":\"WebSite\",\"@id\":\"https:\/\/www.italpassion.fr\/ja\/#website\",\"url\":\"https:\/\/www.italpassion.fr\/ja\/\",\"name\":\"ItalPassion\",\"description\":\"Les Passionn\u00e9s d&#039;Automobiles Italiennes\",\"publisher\":{\"@id\":\"https:\/\/www.italpassion.fr\/ja\/#organization\"},\"potentialAction\":[{\"@type\":\"SearchAction\",\"target\":{\"@type\":\"EntryPoint\",\"urlTemplate\":\"https:\/\/www.italpassion.fr\/ja\/?s={search_term_string}\"},\"query-input\":{\"@type\":\"PropertyValueSpecification\",\"valueRequired\":true,\"valueName\":\"search_term_string\"}}],\"inLanguage\":\"ja\"},{\"@type\":\"Organization\",\"@id\":\"https:\/\/www.italpassion.fr\/ja\/#organization\",\"name\":\"Italpassion\",\"url\":\"https:\/\/www.italpassion.fr\/ja\/\",\"logo\":{\"@type\":\"ImageObject\",\"inLanguage\":\"ja\",\"@id\":\"https:\/\/www.italpassion.fr\/ja\/#\/schema\/logo\/image\/\",\"url\":\"https:\/\/www.italpassion.fr\/wp-content\/uploads\/2023\/07\/italpassion-yoast.jpg\",\"contentUrl\":\"https:\/\/www.italpassion.fr\/wp-content\/uploads\/2023\/07\/italpassion-yoast.jpg\",\"width\":696,\"height\":696,\"caption\":\"Italpassion\"},\"image\":{\"@id\":\"https:\/\/www.italpassion.fr\/ja\/#\/schema\/logo\/image\/\"},\"sameAs\":[\"https:\/\/www.facebook.com\/italpassion\",\"https:\/\/x.com\/italpassion\",\"https:\/\/www.instagram.com\/italpassionfr\/\",\"https:\/\/www.youtube.com\/channel\/UCleq-ByQaA42OjhopwevRjQ\",\"https:\/\/www.facebook.com\/italpassion.en\/\",\"https:\/\/www.facebook.com\/italpassion.it\/\",\"https:\/\/www.facebook.com\/italpassion.de\/\",\"https:\/\/www.facebook.com\/italpassion.ja\/\"]},{\"@type\":\"Person\",\"@id\":\"https:\/\/www.italpassion.fr\/ja\/#\/schema\/person\/36f747b2a759ca202d847e85a9434ca0\",\"name\":\"Alexandre Filluzeau\",\"image\":{\"@type\":\"ImageObject\",\"inLanguage\":\"ja\",\"@id\":\"https:\/\/www.italpassion.fr\/ja\/#\/schema\/person\/image\/\",\"url\":\"https:\/\/www.italpassion.fr\/wp-content\/uploads\/2025\/04\/avatar-alexandre-160x160.jpg\",\"contentUrl\":\"https:\/\/www.italpassion.fr\/wp-content\/uploads\/2025\/04\/avatar-alexandre-160x160.jpg\",\"caption\":\"Alexandre Filluzeau\"},\"description\":\"Fondateur du site ItalPassion, passionn\u00e9 de voitures italiennes et de l'Italie en g\u00e9n\u00e9ral. J'apporte un regard critique et technique aux actualit\u00e9s des marques italiennes quand cela est possible. Propri\u00e9taire d'une Maserati GranTurismo, Alfa Romeo MiTo, Lancia Fulvia et Ducati 695. Ex-propri\u00e9taire d'une Alfa Romeo Giulia.\",\"sameAs\":[\"https:\/\/www.italpassion.fr\/\"],\"url\":\"https:\/\/www.italpassion.fr\/ja\/author\/alexandre\/\"}]}<\/script>\n<!-- \/ Yoast SEO plugin. -->","yoast_head_json":{"title":"\u30a2\u30eb\u30d5\u30a1\u30ed\u30e1\u30aa\uff1a2027\u5e74\u306b%\u306e\u96fb\u52d5\u30ec\u30f3\u30b8\u3092100\u53f0\u5c0e\u5165 - ItalPassion","description":"\u3053\u308c\u306f\u4e88\u60f3\u3055\u308c\u305f\u3053\u3068\u3067\u3057\u305f\uff01\u30e8\u30fc\u30ed\u30c3\u30d1\u304c\u7981\u6b62\u3092\u767a\u8868\u3057\u305f\u3053\u3068\u3067","robots":{"index":"index","follow":"follow","max-snippet":"max-snippet:-1","max-image-preview":"max-image-preview:large","max-video-preview":"max-video-preview:-1"},"canonical":"https:\/\/www.italpassion.fr\/ja\/\u30a2\u30eb\u30d5\u30a1\u30ed\u30e1\u30aa\/alfa-romeo-une-gamme-100-electrique-en-2027\/","og_locale":"ja_JP","og_type":"article","og_title":"Alfa Romeo : une gamme 100 % \u00e9lectrique en 2027 - ItalPassion","og_description":"Il fallait s'y attendre ! Avec l'Europe qui a annonc\u00e9 l'interdiction de la","og_url":"https:\/\/www.italpassion.fr\/ja\/\u30a2\u30eb\u30d5\u30a1\u30ed\u30e1\u30aa\/alfa-romeo-une-gamme-100-electrique-en-2027\/","og_site_name":"ItalPassion","article_publisher":"https:\/\/www.facebook.com\/italpassion","article_published_time":"2021-08-04T07:10:05+00:00","article_modified_time":"2022-08-18T18:22:37+00:00","og_image":[{"width":935,"height":493,"url":"https:\/\/www.italpassion.fr\/wp-content\/uploads\/2021\/08\/alfa-romeo-BEV-2027.jpg","type":"image\/jpeg"}],"author":"Alexandre Filluzeau","twitter_card":"summary_large_image","twitter_creator":"@italpassion","twitter_site":"@italpassion","schema":{"@context":"https:\/\/schema.org","@graph":[{"@type":"NewsArticle","@id":"https:\/\/www.italpassion.fr\/ja\/alfa-romeo\/alfa-romeo-une-gamme-100-electrique-en-2027\/#article","isPartOf":{"@id":"https:\/\/www.italpassion.fr\/ja\/alfa-romeo\/alfa-romeo-une-gamme-100-electrique-en-2027\/"},"author":{"name":"Alexandre Filluzeau","@id":"https:\/\/www.italpassion.fr\/ja\/#\/schema\/person\/36f747b2a759ca202d847e85a9434ca0"},"headline":"Alfa Romeo : une gamme 100 % \u00e9lectrique en 2027","datePublished":"2021-08-04T07:10:05+00:00","dateModified":"2022-08-18T18:22:37+00:00","mainEntityOfPage":{"@id":"https:\/\/www.italpassion.fr\/ja\/alfa-romeo\/alfa-romeo-une-gamme-100-electrique-en-2027\/"},"wordCount":322,"commentCount":2,"publisher":{"@id":"https:\/\/www.italpassion.fr\/ja\/#organization"},"image":{"@id":"https:\/\/www.italpassion.fr\/ja\/alfa-romeo\/alfa-romeo-une-gamme-100-electrique-en-2027\/#primaryimage"},"thumbnailUrl":"https:\/\/www.italpassion.fr\/wp-content\/uploads\/2021\/08\/alfa-romeo-BEV-2027.jpg","articleSection":["Alfa Romeo"],"inLanguage":"ja","potentialAction":[{"@type":"CommentAction","name":"Comment","target":["https:\/\/www.italpassion.fr\/ja\/alfa-romeo\/alfa-romeo-une-gamme-100-electrique-en-2027\/#respond"]}]},{"@type":"WebPage","@id":"https:\/\/www.italpassion.fr\/ja\/alfa-romeo\/alfa-romeo-une-gamme-100-electrique-en-2027\/","url":"https:\/\/www.italpassion.fr\/ja\/alfa-romeo\/alfa-romeo-une-gamme-100-electrique-en-2027\/","name":"\u30a2\u30eb\u30d5\u30a1\u30ed\u30e1\u30aa\uff1a2027\u5e74\u306b%\u306e\u96fb\u52d5\u30ec\u30f3\u30b8\u3092100\u53f0\u5c0e\u5165 - ItalPassion","isPartOf":{"@id":"https:\/\/www.italpassion.fr\/ja\/#website"},"primaryImageOfPage":{"@id":"https:\/\/www.italpassion.fr\/ja\/alfa-romeo\/alfa-romeo-une-gamme-100-electrique-en-2027\/#primaryimage"},"image":{"@id":"https:\/\/www.italpassion.fr\/ja\/alfa-romeo\/alfa-romeo-une-gamme-100-electrique-en-2027\/#primaryimage"},"thumbnailUrl":"https:\/\/www.italpassion.fr\/wp-content\/uploads\/2021\/08\/alfa-romeo-BEV-2027.jpg","datePublished":"2021-08-04T07:10:05+00:00","dateModified":"2022-08-18T18:22:37+00:00","description":"\u3053\u308c\u306f\u4e88\u60f3\u3055\u308c\u305f\u3053\u3068\u3067\u3057\u305f\uff01\u30e8\u30fc\u30ed\u30c3\u30d1\u304c\u7981\u6b62\u3092\u767a\u8868\u3057\u305f\u3053\u3068\u3067","breadcrumb":{"@id":"https:\/\/www.italpassion.fr\/ja\/alfa-romeo\/alfa-romeo-une-gamme-100-electrique-en-2027\/#breadcrumb"},"inLanguage":"ja","potentialAction":[{"@type":"ReadAction","target":["https:\/\/www.italpassion.fr\/ja\/alfa-romeo\/alfa-romeo-une-gamme-100-electrique-en-2027\/"]}]},{"@type":"ImageObject","inLanguage":"ja","@id":"https:\/\/www.italpassion.fr\/ja\/alfa-romeo\/alfa-romeo-une-gamme-100-electrique-en-2027\/#primaryimage","url":"https:\/\/www.italpassion.fr\/wp-content\/uploads\/2021\/08\/alfa-romeo-BEV-2027.jpg","contentUrl":"https:\/\/www.italpassion.fr\/wp-content\/uploads\/2021\/08\/alfa-romeo-BEV-2027.jpg","width":935,"height":493},{"@type":"BreadcrumbList","@id":"https:\/\/www.italpassion.fr\/ja\/alfa-romeo\/alfa-romeo-une-gamme-100-electrique-en-2027\/#breadcrumb","itemListElement":[{"@type":"ListItem","position":1,"name":"Accueil","item":"https:\/\/www.italpassion.fr\/ja\/"},{"@type":"ListItem","position":2,"name":"Alfa Romeo : une gamme 100 % \u00e9lectrique en 2027"}]},{"@type":"WebSite","@id":"https:\/\/www.italpassion.fr\/ja\/#website","url":"https:\/\/www.italpassion.fr\/ja\/","name":"\u30a4\u30bf\u30eb\u30d1\u30c3\u30b7\u30e7\u30f3","description":"\u30a4\u30bf\u30ea\u30a2\u8eca\u611b\u597d\u5bb6","publisher":{"@id":"https:\/\/www.italpassion.fr\/ja\/#organization"},"potentialAction":[{"@type":"SearchAction","target":{"@type":"EntryPoint","urlTemplate":"https:\/\/www.italpassion.fr\/ja\/?s={search_term_string}"},"query-input":{"@type":"PropertyValueSpecification","valueRequired":true,"valueName":"search_term_string"}}],"inLanguage":"ja"},{"@type":"Organization","@id":"https:\/\/www.italpassion.fr\/ja\/#organization","name":"\u30a4\u30bf\u30eb\u30d1\u30c3\u30b7\u30e7\u30f3","url":"https:\/\/www.italpassion.fr\/ja\/","logo":{"@type":"ImageObject","inLanguage":"ja","@id":"https:\/\/www.italpassion.fr\/ja\/#\/schema\/logo\/image\/","url":"https:\/\/www.italpassion.fr\/wp-content\/uploads\/2023\/07\/italpassion-yoast.jpg","contentUrl":"https:\/\/www.italpassion.fr\/wp-content\/uploads\/2023\/07\/italpassion-yoast.jpg","width":696,"height":696,"caption":"Italpassion"},"image":{"@id":"https:\/\/www.italpassion.fr\/ja\/#\/schema\/logo\/image\/"},"sameAs":["https:\/\/www.facebook.com\/italpassion","https:\/\/x.com\/italpassion","https:\/\/www.instagram.com\/italpassionfr\/","https:\/\/www.youtube.com\/channel\/UCleq-ByQaA42OjhopwevRjQ","https:\/\/www.facebook.com\/italpassion.en\/","https:\/\/www.facebook.com\/italpassion.it\/","https:\/\/www.facebook.com\/italpassion.de\/","https:\/\/www.facebook.com\/italpassion.ja\/"]},{"@type":"Person","@id":"https:\/\/www.italpassion.fr\/ja\/#\/schema\/person\/36f747b2a759ca202d847e85a9434ca0","name":"\u30a2\u30ec\u30af\u30b5\u30f3\u30c9\u30eb\u30fb\u30d5\u30a3\u30eb\u30be\u30fc","image":{"@type":"ImageObject","inLanguage":"ja","@id":"https:\/\/www.italpassion.fr\/ja\/#\/schema\/person\/image\/","url":"https:\/\/www.italpassion.fr\/wp-content\/uploads\/2025\/04\/avatar-alexandre-160x160.jpg","contentUrl":"https:\/\/www.italpassion.fr\/wp-content\/uploads\/2025\/04\/avatar-alexandre-160x160.jpg","caption":"Alexandre Filluzeau"},"description":"\u30a4\u30bf\u30ea\u30a2\u8eca\u3068\u30a4\u30bf\u30ea\u30a2\u5168\u822c\u3092\u3053\u3088\u306a\u304f\u611b\u3059\u308b\u30a6\u30a7\u30d6\u30b5\u30a4\u30c8ItalPassion\u306e\u5275\u8a2d\u8005\u3002\u30a4\u30bf\u30ea\u30a2\u30f3\u30d6\u30e9\u30f3\u30c9\u306e\u30cb\u30e5\u30fc\u30b9\u306b\u306f\u3001\u53ef\u80fd\u306a\u9650\u308a\u6279\u8a55\u7684\u30fb\u6280\u8853\u7684\u306a\u76ee\u3092\u5411\u3051\u3066\u3044\u307e\u3059\u3002Maserati GranTurismo\u3001Alfa Romeo MiTo\u3001Lancia Fulvia\u3001Ducati 695\u306e\u6240\u6709\u8005\u3002\u30a2\u30eb\u30d5\u30a1\u30ed\u30e1\u30aa\u30fb\u30b8\u30e5\u30ea\u30a2\u306e\u5143\u30aa\u30fc\u30ca\u30fc\u3002","sameAs":["https:\/\/www.italpassion.fr\/"],"url":"https:\/\/www.italpassion.fr\/ja\/author\/alexandre\/"}]}},"_links":{"self":[{"href":"https:\/\/www.italpassion.fr\/ja\/wp-json\/wp\/v2\/posts\/29527","targetHints":{"allow":["GET"]}}],"collection":[{"href":"https:\/\/www.italpassion.fr\/ja\/wp-json\/wp\/v2\/posts"}],"about":[{"href":"https:\/\/www.italpassion.fr\/ja\/wp-json\/wp\/v2\/types\/post"}],"author":[{"embeddable":true,"href":"https:\/\/www.italpassion.fr\/ja\/wp-json\/wp\/v2\/users\/1"}],"replies":[{"embeddable":true,"href":"https:\/\/www.italpassion.fr\/ja\/wp-json\/wp\/v2\/comments?post=29527"}],"version-history":[{"count":5,"href":"https:\/\/www.italpassion.fr\/ja\/wp-json\/wp\/v2\/posts\/29527\/revisions"}],"predecessor-version":[{"id":30622,"href":"https:\/\/www.italpassion.fr\/ja\/wp-json\/wp\/v2\/posts\/29527\/revisions\/30622"}],"wp:featuredmedia":[{"embeddable":true,"href":"https:\/\/www.italpassion.fr\/ja\/wp-json\/wp\/v2\/media\/29528"}],"wp:attachment":[{"href":"https:\/\/www.italpassion.fr\/ja\/wp-json\/wp\/v2\/media?parent=29527"}],"wp:term":[{"taxonomy":"category","embeddable":true,"href":"https:\/\/www.italpassion.fr\/ja\/wp-json\/wp\/v2\/categories?post=29527"},{"taxonomy":"post_tag","embeddable":true,"href":"https:\/\/www.italpassion.fr\/ja\/wp-json\/wp\/v2\/tags?post=29527"}],"curies":[{"name":"wp","href":"https:\/\/api.w.org\/{rel}","templated":true}]}}